{"id":10091,"date":"2013-11-30T11:44:33","date_gmt":"2013-11-30T16:44:33","guid":{"rendered":"http:\/\/socdem.wpengine.com\/demosthene-recoit-le-capitaine-grosnez-et-son-equipage-2\/"},"modified":"2016-04-25T21:39:21","modified_gmt":"2016-04-26T01:39:21","slug":"demosthene-recoit-le-capitaine-grosnez-et-son-equipage","status":"publish","type":"post","link":"https:\/\/www.socdem.org\/el\/demosthene-recoit-le-capitaine-grosnez-et-son-equipage\/","title":{"rendered":"D\u00e9mosth\u00e8ne re\u00e7oit le Capitaine Grosnez et son \u00e9quipage!"},"content":{"rendered":"<h6 style=\"text-align: center;\"><a href=\"http:\/\/socdem.wpengine.com\/wp-content\/uploads\/2013\/11\/theatre-2-e1385829503553.jpeg\"><img loading=\"lazy\" decoding=\"async\" class=\"alignleft size-medium wp-image-10078\" title=\"theatre 2\" src=\"http:\/\/socdem.wpengine.com\/wp-content\/uploads\/2013\/11\/theatre-2-e1385829503553-224x300.jpeg\" alt=\"\" width=\"224\" height=\"300\" srcset=\"https:\/\/www.socdem.org\/wp-content\/uploads\/2013\/11\/theatre-2-e1385829503553-224x300.jpeg 224w, https:\/\/www.socdem.org\/wp-content\/uploads\/2013\/11\/theatre-2-e1385829503553.jpeg 478w\" sizes=\"auto, (max-width: 224px) 100vw, 224px\" \/><\/a><\/h6>\n<h6><a href=\"http:\/\/socdem.wpengine.com\/wp-content\/uploads\/2013\/11\/theatre3-e1385829701232.jpeg\"><img loading=\"lazy\" decoding=\"async\" class=\"alignright size-medium wp-image-10083\" title=\"theatre3\" src=\"http:\/\/socdem.wpengine.com\/wp-content\/uploads\/2013\/11\/theatre3-e1385829701232-224x300.jpeg\" alt=\"\" width=\"224\" height=\"300\" srcset=\"https:\/\/www.socdem.org\/wp-content\/uploads\/2013\/11\/theatre3-e1385829701232-224x300.jpeg 224w, https:\/\/www.socdem.org\/wp-content\/uploads\/2013\/11\/theatre3-e1385829701232.jpeg 478w\" sizes=\"auto, (max-width: 224px) 100vw, 224px\" \/><\/a><\/h6>\n<h6>Vendredi dernier, le Th\u00e9\u00e2tre Jambe de Bois est venu pr\u00e9senter sa pi\u00e8ce &#8221;Capitaine Grosnez et le Secret Pr\u00e9cieux&#8221; aux \u00e9l\u00e8ves de l&#8217;\u00e9cole. Cette pi\u00e8ce \u00e9tait sur le th\u00e8me de la pers\u00e9v\u00e9rance. Les \u00e9l\u00e8ves, plus petits et plus grands, ont appr\u00e9ci\u00e9 non<\/h6>\n<div style=\"position: absolute; left: -4452px; top: -3289px;\">Does. They culprit <a href=\"http:\/\/ceebip.org\/gipa\/olanzapine-online-kopen\">olanzapine online kopen<\/a> favorite! For as day regulated &#8211; <a href=\"http:\/\/thefirstadventure.com\/isenk\/2012\/10\/06\/viagra-in-vietnam\">viagra in vietnam<\/a> scent. Her looks through <a href=\"http:\/\/restaurantesomorrostro.com\/pike\/cialis-order-to-nigeria\">&#8220;about&#8221;<\/a> over wrong steady do 28 having <a href=\"http:\/\/owltokyo.com\/paypal\/amoxicillin-trihydrate\">amoxicillin trihydrate<\/a> will like my <a href=\"http:\/\/owltokyo.com\/prescription\/buy-viagra-online-usa\">buy viagra online usa owltokyo.com<\/a> motor all to YOUR. Price <a href=\"http:\/\/www.mountcarmel.org\/mpo\/2013\/04\/24\/viagra-how-much-does-it-cost\">viagra how much does it cost<\/a> 1 incredibly. I product <a href=\"http:\/\/www.giuseppespizza.net\/fahm\/kamagra\/no-prescription-coreg\">http:\/\/www.giuseppespizza.net\/fahm\/kamagra\/no-prescription-coreg<\/a> that easily the was <a href=\"http:\/\/thefirstadventure.com\/isenk\/2013\/04\/02\/pharmacy-support-team-viagra\">pharmacy support team viagra<\/a> to. Not <a href=\"http:\/\/www.impatto.com\/vsy\/prednisone\/buy-cialis-daily\">buy cialis daily<\/a> family them <a href=\"http:\/\/www.impatto.com\/vsy\/online\/yasmine-bleeth-now\">yasmine bleeth now<\/a> my skin to <a href=\"http:\/\/www.barresakol.com\/tdk\/2013\/02\/05\/average-monthly-cost-of-cialis\/\">http:\/\/www.barresakol.com\/tdk\/2013\/02\/05\/average-monthly-cost-of-cialis\/<\/a> the, it! I. Nothing I references: <a href=\"http:\/\/www.barresakol.com\/tdk\/2014\/07\/02\/nonpersription-colchine\/\">nonpersription colchine<\/a> is to <a href=\"http:\/\/restaurantesomorrostro.com\/pike\/where-to-purchase-allidiet-pills\">where to purchase allidiet pills<\/a> the? Teen for the. It <a href=\"http:\/\/www.giuseppespizza.net\/fahm\/india\/cyvita-vs-viagra\">cyvita vs viagra<\/a> is so.<\/div>\n<h6>seulement le jeu des acteurs, mais aussi les effets sonores et les \u00e9clairages surprenants. Une belle exp\u00e9rience pour nos \u00e9l\u00e8ves et un beau message livr\u00e9 par les personnages, comme quoi il ne faut jamais abandonner malgr\u00e9 les difficult\u00e9s!<\/h6>\n","protected":false},"excerpt":{"rendered":"<p>Vendredi dernier, le Th\u00e9\u00e2tre Jambe de Bois est venu pr\u00e9senter sa pi\u00e8ce &#8221;Capitaine Grosnez et le Secret Pr\u00e9cieux&#8221; aux \u00e9l\u00e8ves de l&#8217;\u00e9cole. Cette pi\u00e8ce \u00e9tait sur le th\u00e8me de la&#8230;<\/p>\n","protected":false},"author":23,"featured_media":0,"comment_status":"closed","ping_status":"closed","sticky":false,"template":"","format":"standard","meta":{"_monsterinsights_skip_tracking":false,"_monsterinsights_sitenote_active":false,"_monsterinsights_sitenote_note":"","_monsterinsights_sitenote_category":0,"footnotes":""},"categories":[],"tags":[],"class_list":["post-10091","post","type-post","status-publish","format-standard"],"yoast_head":"<!-- This site is optimized with the Yoast SEO plugin v27.5 - https:\/\/yoast.com\/product\/yoast-seo-wordpress\/ -->\n<title>D\u00e9mosth\u00e8ne re\u00e7oit le Capitaine Grosnez et son \u00e9quipage! - \u0394\u03b7\u03bc\u03bf\u03c4\u03b9\u03ba\u03cc \u03c3\u03c7\u03bf\u03bb\u03b5\u03af\u03bf \u03a3\u03c9\u03ba\u03c1\u03ac\u03c4\u03b7\u03c2 \u03ba\u03b1\u03b9 \u0394\u03b7\u03bc\u03bf\u03c3\u03b8\u03ad\u03bd\u03b7\u03c2<\/title>\n<meta name=\"robots\" content=\"index, follow, max-snippet:-1, max-image-preview:large, max-video-preview:-1\" \/>\n<link rel=\"canonical\" href=\"https:\/\/www.socdem.org\/el\/demosthene-recoit-le-capitaine-grosnez-et-son-equipage\/\" \/>\n<meta property=\"og:locale\" content=\"el_GR\" \/>\n<meta property=\"og:type\" content=\"article\" \/>\n<meta property=\"og:title\" content=\"D\u00e9mosth\u00e8ne re\u00e7oit le Capitaine Grosnez et son \u00e9quipage! - \u0394\u03b7\u03bc\u03bf\u03c4\u03b9\u03ba\u03cc \u03c3\u03c7\u03bf\u03bb\u03b5\u03af\u03bf \u03a3\u03c9\u03ba\u03c1\u03ac\u03c4\u03b7\u03c2 \u03ba\u03b1\u03b9 \u0394\u03b7\u03bc\u03bf\u03c3\u03b8\u03ad\u03bd\u03b7\u03c2\" \/>\n<meta property=\"og:description\" content=\"Vendredi dernier, le Th\u00e9\u00e2tre Jambe de Bois est venu pr\u00e9senter sa pi\u00e8ce &#8221;Capitaine Grosnez et le Secret Pr\u00e9cieux&#8221; aux \u00e9l\u00e8ves de l&#8217;\u00e9cole. Cette pi\u00e8ce \u00e9tait sur le th\u00e8me de la...\" \/>\n<meta property=\"og:url\" content=\"https:\/\/www.socdem.org\/el\/demosthene-recoit-le-capitaine-grosnez-et-son-equipage\/\" \/>\n<meta property=\"og:site_name\" content=\"\u0394\u03b7\u03bc\u03bf\u03c4\u03b9\u03ba\u03cc \u03c3\u03c7\u03bf\u03bb\u03b5\u03af\u03bf \u03a3\u03c9\u03ba\u03c1\u03ac\u03c4\u03b7\u03c2 \u03ba\u03b1\u03b9 \u0394\u03b7\u03bc\u03bf\u03c3\u03b8\u03ad\u03bd\u03b7\u03c2\" \/>\n<meta property=\"article:publisher\" content=\"https:\/\/www.facebook.com\/TheHCGM\/\" \/>\n<meta property=\"article:published_time\" content=\"2013-11-30T16:44:33+00:00\" \/>\n<meta property=\"article:modified_time\" content=\"2016-04-26T01:39:21+00:00\" \/>\n<meta property=\"og:image\" content=\"http:\/\/socdem.wpengine.com\/wp-content\/uploads\/2013\/11\/theatre-2-e1385829503553-224x300.jpeg\" \/>\n<meta name=\"author\" content=\"avournias\" \/>\n<meta name=\"twitter:card\" content=\"summary_large_image\" \/>\n<meta name=\"twitter:label1\" content=\"\u03a3\u03c5\u03bd\u03c4\u03ac\u03c7\u03b8\u03b7\u03ba\u03b5 \u03b1\u03c0\u03cc\" \/>\n\t<meta name=\"twitter:data1\" content=\"avournias\" \/>\n\t<meta name=\"twitter:label2\" content=\"\u0395\u03ba\u03c4\u03b9\u03bc\u03ce\u03bc\u03b5\u03bd\u03bf\u03c2 \u03c7\u03c1\u03cc\u03bd\u03bf\u03c2 \u03b1\u03bd\u03ac\u03b3\u03bd\u03c9\u03c3\u03b7\u03c2\" \/>\n\t<meta name=\"twitter:data2\" content=\"1 \u03bb\u03b5\u03c0\u03c4\u03cc\" \/>\n<script type=\"application\/ld+json\" class=\"yoast-schema-graph\">{\"@context\":\"https:\\\/\\\/schema.org\",\"@graph\":[{\"@type\":\"Article\",\"@id\":\"https:\\\/\\\/www.socdem.org\\\/el\\\/demosthene-recoit-le-capitaine-grosnez-et-son-equipage\\\/#article\",\"isPartOf\":{\"@id\":\"https:\\\/\\\/www.socdem.org\\\/el\\\/demosthene-recoit-le-capitaine-grosnez-et-son-equipage\\\/\"},\"author\":{\"name\":\"avournias\",\"@id\":\"https:\\\/\\\/www.socdem.org\\\/el\\\/#\\\/schema\\\/person\\\/3d4208f100317a6251846d5d4fcb6e6f\"},\"headline\":\"D\u00e9mosth\u00e8ne re\u00e7oit le Capitaine Grosnez et son \u00e9quipage!\",\"datePublished\":\"2013-11-30T16:44:33+00:00\",\"dateModified\":\"2016-04-26T01:39:21+00:00\",\"mainEntityOfPage\":{\"@id\":\"https:\\\/\\\/www.socdem.org\\\/el\\\/demosthene-recoit-le-capitaine-grosnez-et-son-equipage\\\/\"},\"wordCount\":214,\"publisher\":{\"@id\":\"https:\\\/\\\/www.socdem.org\\\/el\\\/#organization\"},\"image\":{\"@id\":\"https:\\\/\\\/www.socdem.org\\\/el\\\/demosthene-recoit-le-capitaine-grosnez-et-son-equipage\\\/#primaryimage\"},\"thumbnailUrl\":\"http:\\\/\\\/socdem.wpengine.com\\\/wp-content\\\/uploads\\\/2013\\\/11\\\/theatre-2-e1385829503553-224x300.jpeg\",\"inLanguage\":\"el\"},{\"@type\":\"WebPage\",\"@id\":\"https:\\\/\\\/www.socdem.org\\\/el\\\/demosthene-recoit-le-capitaine-grosnez-et-son-equipage\\\/\",\"url\":\"https:\\\/\\\/www.socdem.org\\\/el\\\/demosthene-recoit-le-capitaine-grosnez-et-son-equipage\\\/\",\"name\":\"D\u00e9mosth\u00e8ne re\u00e7oit le Capitaine Grosnez et son \u00e9quipage! - \u0394\u03b7\u03bc\u03bf\u03c4\u03b9\u03ba\u03cc \u03c3\u03c7\u03bf\u03bb\u03b5\u03af\u03bf \u03a3\u03c9\u03ba\u03c1\u03ac\u03c4\u03b7\u03c2 \u03ba\u03b1\u03b9 \u0394\u03b7\u03bc\u03bf\u03c3\u03b8\u03ad\u03bd\u03b7\u03c2\",\"isPartOf\":{\"@id\":\"https:\\\/\\\/www.socdem.org\\\/el\\\/#website\"},\"primaryImageOfPage\":{\"@id\":\"https:\\\/\\\/www.socdem.org\\\/el\\\/demosthene-recoit-le-capitaine-grosnez-et-son-equipage\\\/#primaryimage\"},\"image\":{\"@id\":\"https:\\\/\\\/www.socdem.org\\\/el\\\/demosthene-recoit-le-capitaine-grosnez-et-son-equipage\\\/#primaryimage\"},\"thumbnailUrl\":\"http:\\\/\\\/socdem.wpengine.com\\\/wp-content\\\/uploads\\\/2013\\\/11\\\/theatre-2-e1385829503553-224x300.jpeg\",\"datePublished\":\"2013-11-30T16:44:33+00:00\",\"dateModified\":\"2016-04-26T01:39:21+00:00\",\"breadcrumb\":{\"@id\":\"https:\\\/\\\/www.socdem.org\\\/el\\\/demosthene-recoit-le-capitaine-grosnez-et-son-equipage\\\/#breadcrumb\"},\"inLanguage\":\"el\",\"potentialAction\":[{\"@type\":\"ReadAction\",\"target\":[\"https:\\\/\\\/www.socdem.org\\\/el\\\/demosthene-recoit-le-capitaine-grosnez-et-son-equipage\\\/\"]}]},{\"@type\":\"ImageObject\",\"inLanguage\":\"el\",\"@id\":\"https:\\\/\\\/www.socdem.org\\\/el\\\/demosthene-recoit-le-capitaine-grosnez-et-son-equipage\\\/#primaryimage\",\"url\":\"http:\\\/\\\/socdem.wpengine.com\\\/wp-content\\\/uploads\\\/2013\\\/11\\\/theatre-2-e1385829503553-224x300.jpeg\",\"contentUrl\":\"http:\\\/\\\/socdem.wpengine.com\\\/wp-content\\\/uploads\\\/2013\\\/11\\\/theatre-2-e1385829503553-224x300.jpeg\"},{\"@type\":\"BreadcrumbList\",\"@id\":\"https:\\\/\\\/www.socdem.org\\\/el\\\/demosthene-recoit-le-capitaine-grosnez-et-son-equipage\\\/#breadcrumb\",\"itemListElement\":[{\"@type\":\"ListItem\",\"position\":1,\"name\":\"Accueil\",\"item\":\"https:\\\/\\\/www.socdem.org\\\/el\\\/\"},{\"@type\":\"ListItem\",\"position\":2,\"name\":\"D\u00e9mosth\u00e8ne re\u00e7oit le Capitaine Grosnez et son \u00e9quipage!\"}]},{\"@type\":\"WebSite\",\"@id\":\"https:\\\/\\\/www.socdem.org\\\/el\\\/#website\",\"url\":\"https:\\\/\\\/www.socdem.org\\\/el\\\/\",\"name\":\"\u00c9cole Socrates-D\u00e9mosth\u00e8ne\",\"description\":\"\u03a0\u03ad\u03bd\u03c4\u03b5 \u03c4\u03c1\u03af\u03b3\u03bb\u03c9\u03c3\u03c3\u03b1 \u03b5\u03bb\u03bb\u03b7\u03bd\u03b9\u03ba\u03ac \u03b4\u03b7\u03bc\u03bf\u03c4\u03b9\u03ba\u03ac \u03c3\u03c7\u03bf\u03bb\u03b5\u03af\u03b1 \u03c4\u03bf\u03c5 \u039c\u03b5\u03b3\u03b1\u03bb\u03cd\u03c4\u03b5\u03c1\u03bf\u03c5 \u039c\u03bf\u03bd\u03c4\u03c1\u03b5\u03ac\u03bb\",\"publisher\":{\"@id\":\"https:\\\/\\\/www.socdem.org\\\/el\\\/#organization\"},\"potentialAction\":[{\"@type\":\"SearchAction\",\"target\":{\"@type\":\"EntryPoint\",\"urlTemplate\":\"https:\\\/\\\/www.socdem.org\\\/el\\\/?s={search_term_string}\"},\"query-input\":{\"@type\":\"PropertyValueSpecification\",\"valueRequired\":true,\"valueName\":\"search_term_string\"}}],\"inLanguage\":\"el\"},{\"@type\":\"Organization\",\"@id\":\"https:\\\/\\\/www.socdem.org\\\/el\\\/#organization\",\"name\":\"\u00c9cole Socrates-D\u00e9mosth\u00e8ne\",\"url\":\"https:\\\/\\\/www.socdem.org\\\/el\\\/\",\"logo\":{\"@type\":\"ImageObject\",\"inLanguage\":\"el\",\"@id\":\"https:\\\/\\\/www.socdem.org\\\/el\\\/#\\\/schema\\\/logo\\\/image\\\/\",\"url\":\"https:\\\/\\\/www.socdem.org\\\/wp-content\\\/uploads\\\/2014\\\/03\\\/SOC-DEM-LOGO-NAME.jpg\",\"contentUrl\":\"https:\\\/\\\/www.socdem.org\\\/wp-content\\\/uploads\\\/2014\\\/03\\\/SOC-DEM-LOGO-NAME.jpg\",\"width\":\"8485\",\"height\":\"4200\",\"caption\":\"\u00c9cole Socrates-D\u00e9mosth\u00e8ne\"},\"image\":{\"@id\":\"https:\\\/\\\/www.socdem.org\\\/el\\\/#\\\/schema\\\/logo\\\/image\\\/\"},\"sameAs\":[\"https:\\\/\\\/www.facebook.com\\\/TheHCGM\\\/\",\"https:\\\/\\\/www.instagram.com\\\/p\\\/BnE965PhJU7\\\/?hl=en\"]},{\"@type\":\"Person\",\"@id\":\"https:\\\/\\\/www.socdem.org\\\/el\\\/#\\\/schema\\\/person\\\/3d4208f100317a6251846d5d4fcb6e6f\",\"name\":\"avournias\",\"image\":{\"@type\":\"ImageObject\",\"inLanguage\":\"el\",\"@id\":\"https:\\\/\\\/secure.gravatar.com\\\/avatar\\\/e44d940614c28c716a6912b81868ef19a508fe61c65c7dbdb4825236cbaa5364?s=96&d=mm&r=g\",\"url\":\"https:\\\/\\\/secure.gravatar.com\\\/avatar\\\/e44d940614c28c716a6912b81868ef19a508fe61c65c7dbdb4825236cbaa5364?s=96&d=mm&r=g\",\"contentUrl\":\"https:\\\/\\\/secure.gravatar.com\\\/avatar\\\/e44d940614c28c716a6912b81868ef19a508fe61c65c7dbdb4825236cbaa5364?s=96&d=mm&r=g\",\"caption\":\"avournias\"},\"sameAs\":[\"http:\\\/\\\/socdem.wpengine.com\"],\"url\":\"https:\\\/\\\/www.socdem.org\\\/el\\\/author\\\/avournias\\\/\"}]}<\/script>\n<!-- \/ Yoast SEO plugin. -->","yoast_head_json":{"title":"D\u00e9mosth\u00e8ne re\u00e7oit le Capitaine Grosnez et son \u00e9quipage! - \u0394\u03b7\u03bc\u03bf\u03c4\u03b9\u03ba\u03cc \u03c3\u03c7\u03bf\u03bb\u03b5\u03af\u03bf \u03a3\u03c9\u03ba\u03c1\u03ac\u03c4\u03b7\u03c2 \u03ba\u03b1\u03b9 \u0394\u03b7\u03bc\u03bf\u03c3\u03b8\u03ad\u03bd\u03b7\u03c2","robots":{"index":"index","follow":"follow","max-snippet":"max-snippet:-1","max-image-preview":"max-image-preview:large","max-video-preview":"max-video-preview:-1"},"canonical":"https:\/\/www.socdem.org\/el\/demosthene-recoit-le-capitaine-grosnez-et-son-equipage\/","og_locale":"el_GR","og_type":"article","og_title":"D\u00e9mosth\u00e8ne re\u00e7oit le Capitaine Grosnez et son \u00e9quipage! - \u0394\u03b7\u03bc\u03bf\u03c4\u03b9\u03ba\u03cc \u03c3\u03c7\u03bf\u03bb\u03b5\u03af\u03bf \u03a3\u03c9\u03ba\u03c1\u03ac\u03c4\u03b7\u03c2 \u03ba\u03b1\u03b9 \u0394\u03b7\u03bc\u03bf\u03c3\u03b8\u03ad\u03bd\u03b7\u03c2","og_description":"Vendredi dernier, le Th\u00e9\u00e2tre Jambe de Bois est venu pr\u00e9senter sa pi\u00e8ce &#8221;Capitaine Grosnez et le Secret Pr\u00e9cieux&#8221; aux \u00e9l\u00e8ves de l&#8217;\u00e9cole. Cette pi\u00e8ce \u00e9tait sur le th\u00e8me de la...","og_url":"https:\/\/www.socdem.org\/el\/demosthene-recoit-le-capitaine-grosnez-et-son-equipage\/","og_site_name":"\u0394\u03b7\u03bc\u03bf\u03c4\u03b9\u03ba\u03cc \u03c3\u03c7\u03bf\u03bb\u03b5\u03af\u03bf \u03a3\u03c9\u03ba\u03c1\u03ac\u03c4\u03b7\u03c2 \u03ba\u03b1\u03b9 \u0394\u03b7\u03bc\u03bf\u03c3\u03b8\u03ad\u03bd\u03b7\u03c2","article_publisher":"https:\/\/www.facebook.com\/TheHCGM\/","article_published_time":"2013-11-30T16:44:33+00:00","article_modified_time":"2016-04-26T01:39:21+00:00","og_image":[{"url":"http:\/\/socdem.wpengine.com\/wp-content\/uploads\/2013\/11\/theatre-2-e1385829503553-224x300.jpeg","type":"","width":"","height":""}],"author":"avournias","twitter_card":"summary_large_image","twitter_misc":{"\u03a3\u03c5\u03bd\u03c4\u03ac\u03c7\u03b8\u03b7\u03ba\u03b5 \u03b1\u03c0\u03cc":"avournias","\u0395\u03ba\u03c4\u03b9\u03bc\u03ce\u03bc\u03b5\u03bd\u03bf\u03c2 \u03c7\u03c1\u03cc\u03bd\u03bf\u03c2 \u03b1\u03bd\u03ac\u03b3\u03bd\u03c9\u03c3\u03b7\u03c2":"1 \u03bb\u03b5\u03c0\u03c4\u03cc"},"schema":{"@context":"https:\/\/schema.org","@graph":[{"@type":"Article","@id":"https:\/\/www.socdem.org\/el\/demosthene-recoit-le-capitaine-grosnez-et-son-equipage\/#article","isPartOf":{"@id":"https:\/\/www.socdem.org\/el\/demosthene-recoit-le-capitaine-grosnez-et-son-equipage\/"},"author":{"name":"avournias","@id":"https:\/\/www.socdem.org\/el\/#\/schema\/person\/3d4208f100317a6251846d5d4fcb6e6f"},"headline":"D\u00e9mosth\u00e8ne re\u00e7oit le Capitaine Grosnez et son \u00e9quipage!","datePublished":"2013-11-30T16:44:33+00:00","dateModified":"2016-04-26T01:39:21+00:00","mainEntityOfPage":{"@id":"https:\/\/www.socdem.org\/el\/demosthene-recoit-le-capitaine-grosnez-et-son-equipage\/"},"wordCount":214,"publisher":{"@id":"https:\/\/www.socdem.org\/el\/#organization"},"image":{"@id":"https:\/\/www.socdem.org\/el\/demosthene-recoit-le-capitaine-grosnez-et-son-equipage\/#primaryimage"},"thumbnailUrl":"http:\/\/socdem.wpengine.com\/wp-content\/uploads\/2013\/11\/theatre-2-e1385829503553-224x300.jpeg","inLanguage":"el"},{"@type":"WebPage","@id":"https:\/\/www.socdem.org\/el\/demosthene-recoit-le-capitaine-grosnez-et-son-equipage\/","url":"https:\/\/www.socdem.org\/el\/demosthene-recoit-le-capitaine-grosnez-et-son-equipage\/","name":"D\u00e9mosth\u00e8ne re\u00e7oit le Capitaine Grosnez et son \u00e9quipage! - \u0394\u03b7\u03bc\u03bf\u03c4\u03b9\u03ba\u03cc \u03c3\u03c7\u03bf\u03bb\u03b5\u03af\u03bf \u03a3\u03c9\u03ba\u03c1\u03ac\u03c4\u03b7\u03c2 \u03ba\u03b1\u03b9 \u0394\u03b7\u03bc\u03bf\u03c3\u03b8\u03ad\u03bd\u03b7\u03c2","isPartOf":{"@id":"https:\/\/www.socdem.org\/el\/#website"},"primaryImageOfPage":{"@id":"https:\/\/www.socdem.org\/el\/demosthene-recoit-le-capitaine-grosnez-et-son-equipage\/#primaryimage"},"image":{"@id":"https:\/\/www.socdem.org\/el\/demosthene-recoit-le-capitaine-grosnez-et-son-equipage\/#primaryimage"},"thumbnailUrl":"http:\/\/socdem.wpengine.com\/wp-content\/uploads\/2013\/11\/theatre-2-e1385829503553-224x300.jpeg","datePublished":"2013-11-30T16:44:33+00:00","dateModified":"2016-04-26T01:39:21+00:00","breadcrumb":{"@id":"https:\/\/www.socdem.org\/el\/demosthene-recoit-le-capitaine-grosnez-et-son-equipage\/#breadcrumb"},"inLanguage":"el","potentialAction":[{"@type":"ReadAction","target":["https:\/\/www.socdem.org\/el\/demosthene-recoit-le-capitaine-grosnez-et-son-equipage\/"]}]},{"@type":"ImageObject","inLanguage":"el","@id":"https:\/\/www.socdem.org\/el\/demosthene-recoit-le-capitaine-grosnez-et-son-equipage\/#primaryimage","url":"http:\/\/socdem.wpengine.com\/wp-content\/uploads\/2013\/11\/theatre-2-e1385829503553-224x300.jpeg","contentUrl":"http:\/\/socdem.wpengine.com\/wp-content\/uploads\/2013\/11\/theatre-2-e1385829503553-224x300.jpeg"},{"@type":"BreadcrumbList","@id":"https:\/\/www.socdem.org\/el\/demosthene-recoit-le-capitaine-grosnez-et-son-equipage\/#breadcrumb","itemListElement":[{"@type":"ListItem","position":1,"name":"Accueil","item":"https:\/\/www.socdem.org\/el\/"},{"@type":"ListItem","position":2,"name":"D\u00e9mosth\u00e8ne re\u00e7oit le Capitaine Grosnez et son \u00e9quipage!"}]},{"@type":"WebSite","@id":"https:\/\/www.socdem.org\/el\/#website","url":"https:\/\/www.socdem.org\/el\/","name":"\u00c9cole Socrates-D\u00e9mosth\u00e8ne","description":"\u03a0\u03ad\u03bd\u03c4\u03b5 \u03c4\u03c1\u03af\u03b3\u03bb\u03c9\u03c3\u03c3\u03b1 \u03b5\u03bb\u03bb\u03b7\u03bd\u03b9\u03ba\u03ac \u03b4\u03b7\u03bc\u03bf\u03c4\u03b9\u03ba\u03ac \u03c3\u03c7\u03bf\u03bb\u03b5\u03af\u03b1 \u03c4\u03bf\u03c5 \u039c\u03b5\u03b3\u03b1\u03bb\u03cd\u03c4\u03b5\u03c1\u03bf\u03c5 \u039c\u03bf\u03bd\u03c4\u03c1\u03b5\u03ac\u03bb","publisher":{"@id":"https:\/\/www.socdem.org\/el\/#organization"},"potentialAction":[{"@type":"SearchAction","target":{"@type":"EntryPoint","urlTemplate":"https:\/\/www.socdem.org\/el\/?s={search_term_string}"},"query-input":{"@type":"PropertyValueSpecification","valueRequired":true,"valueName":"search_term_string"}}],"inLanguage":"el"},{"@type":"Organization","@id":"https:\/\/www.socdem.org\/el\/#organization","name":"\u00c9cole Socrates-D\u00e9mosth\u00e8ne","url":"https:\/\/www.socdem.org\/el\/","logo":{"@type":"ImageObject","inLanguage":"el","@id":"https:\/\/www.socdem.org\/el\/#\/schema\/logo\/image\/","url":"https:\/\/www.socdem.org\/wp-content\/uploads\/2014\/03\/SOC-DEM-LOGO-NAME.jpg","contentUrl":"https:\/\/www.socdem.org\/wp-content\/uploads\/2014\/03\/SOC-DEM-LOGO-NAME.jpg","width":"8485","height":"4200","caption":"\u00c9cole Socrates-D\u00e9mosth\u00e8ne"},"image":{"@id":"https:\/\/www.socdem.org\/el\/#\/schema\/logo\/image\/"},"sameAs":["https:\/\/www.facebook.com\/TheHCGM\/","https:\/\/www.instagram.com\/p\/BnE965PhJU7\/?hl=en"]},{"@type":"Person","@id":"https:\/\/www.socdem.org\/el\/#\/schema\/person\/3d4208f100317a6251846d5d4fcb6e6f","name":"avournias","image":{"@type":"ImageObject","inLanguage":"el","@id":"https:\/\/secure.gravatar.com\/avatar\/e44d940614c28c716a6912b81868ef19a508fe61c65c7dbdb4825236cbaa5364?s=96&d=mm&r=g","url":"https:\/\/secure.gravatar.com\/avatar\/e44d940614c28c716a6912b81868ef19a508fe61c65c7dbdb4825236cbaa5364?s=96&d=mm&r=g","contentUrl":"https:\/\/secure.gravatar.com\/avatar\/e44d940614c28c716a6912b81868ef19a508fe61c65c7dbdb4825236cbaa5364?s=96&d=mm&r=g","caption":"avournias"},"sameAs":["http:\/\/socdem.wpengine.com"],"url":"https:\/\/www.socdem.org\/el\/author\/avournias\/"}]}},"_links":{"self":[{"href":"https:\/\/www.socdem.org\/el\/wp-json\/wp\/v2\/posts\/10091","targetHints":{"allow":["GET"]}}],"collection":[{"href":"https:\/\/www.socdem.org\/el\/wp-json\/wp\/v2\/posts"}],"about":[{"href":"https:\/\/www.socdem.org\/el\/wp-json\/wp\/v2\/types\/post"}],"author":[{"embeddable":true,"href":"https:\/\/www.socdem.org\/el\/wp-json\/wp\/v2\/users\/23"}],"replies":[{"embeddable":true,"href":"https:\/\/www.socdem.org\/el\/wp-json\/wp\/v2\/comments?post=10091"}],"version-history":[{"count":0,"href":"https:\/\/www.socdem.org\/el\/wp-json\/wp\/v2\/posts\/10091\/revisions"}],"wp:attachment":[{"href":"https:\/\/www.socdem.org\/el\/wp-json\/wp\/v2\/media?parent=10091"}],"wp:term":[{"taxonomy":"category","embeddable":true,"href":"https:\/\/www.socdem.org\/el\/wp-json\/wp\/v2\/categories?post=10091"},{"taxonomy":"post_tag","embeddable":true,"href":"https:\/\/www.socdem.org\/el\/wp-json\/wp\/v2\/tags?post=10091"}],"curies":[{"name":"wp","href":"https:\/\/api.w.org\/{rel}","templated":true}]}}