{"id":11788,"date":"2014-03-24T15:48:41","date_gmt":"2014-03-24T19:48:41","guid":{"rendered":"http:\/\/socdem.wpengine.com\/demosthene-aux-complexes-sportifs-de-terrebonne-2\/"},"modified":"2014-04-07T14:01:55","modified_gmt":"2014-04-07T18:01:55","slug":"demosthene-aux-complexes-sportifs-de-terrebonne","status":"publish","type":"post","link":"https:\/\/www.socdem.org\/el\/demosthene-aux-complexes-sportifs-de-terrebonne\/","title":{"rendered":"D\u00e9mosth\u00e8ne aux Complexes Sportifs de Terrebonne"},"content":{"rendered":"<p><a href=\"http:\/\/socdem.wpengine.com\/wp-content\/uploads\/2014\/03\/carnaval3.jpg\"><img loading=\"lazy\" decoding=\"async\" class=\"alignleft  wp-image-11789\" title=\"carnaval3\" src=\"http:\/\/socdem.wpengine.com\/wp-content\/uploads\/2014\/03\/carnaval3-225x300.jpg\" alt=\"\" width=\"135\" height=\"180\" srcset=\"https:\/\/www.socdem.org\/wp-content\/uploads\/2014\/03\/carnaval3-225x300.jpg 225w, https:\/\/www.socdem.org\/wp-content\/uploads\/2014\/03\/carnaval3-768x1024.jpg 768w\" sizes=\"auto, (max-width: 135px) 100vw, 135px\" \/><\/a><\/p>\n<p>&nbsp;<\/p>\n<p>&nbsp;<\/p>\n<p>Vendredi le 21 mars avait lieu la 2e \u00e9dition du &#8221;Carnaval printanier&#8221; de D\u00e9mosth\u00e8ne. Pour c\u00e9l\u00e9brer cette journ\u00e9e, tous les \u00e9l\u00e8ves de l&#8217;\u00e9cole se sont d&#8217;abord d\u00e9plac\u00e9s au Centre de soccer multifonctionnel, o\u00f9 plusieurs jeux\/ateliers avaient \u00e9t\u00e9 am\u00e9nag\u00e9s sur les grands terrains de soccer.<\/p>\n<div>\n<p>Ensuite, de fa\u00e7on alternative, les \u00e9l\u00e8ves qui voulaient patiner se d\u00e9pla\u00e7aient vers l&#8217;ar\u00e9na Multiglace pour patiner avec leurs amis et enseignants.<\/p>\n<p>&nbsp;<\/p>\n<p><img loading=\"lazy\" decoding=\"async\" class=\"alignleft size-medium wp-image-11791\" title=\"Carnaval sportif_M.\u00c9ric\" src=\"http:\/\/socdem.wpengine.com\/wp-content\/uploads\/2014\/03\/Carnaval-sportif_M.\u00c9ric-300x173.png\" alt=\"\" width=\"300\" height=\"173\" srcset=\"https:\/\/www.socdem.org\/wp-content\/uploads\/2014\/03\/Carnaval-sportif_M.\u00c9ric-300x173.png 300w, https:\/\/www.socdem.org\/wp-content\/uploads\/2014\/03\/Carnaval-sportif_M.\u00c9ric-1024x592.png 1024w, https:\/\/www.socdem.org\/wp-content\/uploads\/2014\/03\/Carnaval-sportif_M.\u00c9ric.png 1118w\" sizes=\"auto, (max-width: 300px) 100vw, 300px\" \/><\/p>\n<p>Pour terminer cette merveilleuse journ\u00e9e, tous les \u00e9l\u00e8ves se rendaient dans les gradins de l&#8217;ar\u00e9na pour une partie de hockey &#8221;parents-enfants&#8221;. En effet, nos joueurs de hockey de 5e et 6e ann\u00e9e, ainsi que quelques parents volontaires, ont offert toute une performance \u00e0 leurs spectateurs! L&#8217;\u00e9quipe des parents a rapidement pris les devants, pour ensuite se voir accorder plusieurs punitions et tirs de p\u00e9nalit\u00e9 contre eux. La partie s&#8217;est termin\u00e9e \u00e0 \u00e9galit\u00e9 apr\u00e8s quelques tirs de barrage.<\/p>\n<\/div>\n<div>\n<p>Ce fut une journ\u00e9e fantastique pour les petits et les grands!<\/p>\n<\/div>\n","protected":false},"excerpt":{"rendered":"<p>&nbsp; &nbsp; Vendredi le 21 mars avait lieu la 2e \u00e9dition du &#8221;Carnaval printanier&#8221; de D\u00e9mosth\u00e8ne. Pour c\u00e9l\u00e9brer cette journ\u00e9e, tous les \u00e9l\u00e8ves de l&#8217;\u00e9cole se sont d&#8217;abord d\u00e9plac\u00e9s au&#8230;<\/p>\n","protected":false},"author":23,"featured_media":11785,"comment_status":"closed","ping_status":"closed","sticky":false,"template":"","format":"standard","meta":{"_monsterinsights_skip_tracking":false,"_monsterinsights_sitenote_active":false,"_monsterinsights_sitenote_note":"","_monsterinsights_sitenote_category":0,"footnotes":""},"categories":[87],"tags":[],"class_list":{"0":"post-11788","1":"post","2":"type-post","3":"status-publish","4":"format-standard","5":"has-post-thumbnail","7":"category-news-and-activities-greek"},"yoast_head":"<!-- This site is optimized with the Yoast SEO plugin v27.5 - https:\/\/yoast.com\/product\/yoast-seo-wordpress\/ -->\n<title>D\u00e9mosth\u00e8ne aux Complexes Sportifs de Terrebonne - \u0394\u03b7\u03bc\u03bf\u03c4\u03b9\u03ba\u03cc \u03c3\u03c7\u03bf\u03bb\u03b5\u03af\u03bf \u03a3\u03c9\u03ba\u03c1\u03ac\u03c4\u03b7\u03c2 \u03ba\u03b1\u03b9 \u0394\u03b7\u03bc\u03bf\u03c3\u03b8\u03ad\u03bd\u03b7\u03c2<\/title>\n<meta name=\"robots\" content=\"index, follow, max-snippet:-1, max-image-preview:large, max-video-preview:-1\" \/>\n<link rel=\"canonical\" href=\"https:\/\/www.socdem.org\/el\/demosthene-aux-complexes-sportifs-de-terrebonne\/\" \/>\n<meta property=\"og:locale\" content=\"el_GR\" \/>\n<meta property=\"og:type\" content=\"article\" \/>\n<meta property=\"og:title\" content=\"D\u00e9mosth\u00e8ne aux Complexes Sportifs de Terrebonne - \u0394\u03b7\u03bc\u03bf\u03c4\u03b9\u03ba\u03cc \u03c3\u03c7\u03bf\u03bb\u03b5\u03af\u03bf \u03a3\u03c9\u03ba\u03c1\u03ac\u03c4\u03b7\u03c2 \u03ba\u03b1\u03b9 \u0394\u03b7\u03bc\u03bf\u03c3\u03b8\u03ad\u03bd\u03b7\u03c2\" \/>\n<meta property=\"og:description\" content=\"&nbsp; &nbsp; Vendredi le 21 mars avait lieu la 2e \u00e9dition du &#8221;Carnaval printanier&#8221; de D\u00e9mosth\u00e8ne. Pour c\u00e9l\u00e9brer cette journ\u00e9e, tous les \u00e9l\u00e8ves de l&#8217;\u00e9cole se sont d&#8217;abord d\u00e9plac\u00e9s au...\" \/>\n<meta property=\"og:url\" content=\"https:\/\/www.socdem.org\/el\/demosthene-aux-complexes-sportifs-de-terrebonne\/\" \/>\n<meta property=\"og:site_name\" content=\"\u0394\u03b7\u03bc\u03bf\u03c4\u03b9\u03ba\u03cc \u03c3\u03c7\u03bf\u03bb\u03b5\u03af\u03bf \u03a3\u03c9\u03ba\u03c1\u03ac\u03c4\u03b7\u03c2 \u03ba\u03b1\u03b9 \u0394\u03b7\u03bc\u03bf\u03c3\u03b8\u03ad\u03bd\u03b7\u03c2\" \/>\n<meta property=\"article:publisher\" content=\"https:\/\/www.facebook.com\/TheHCGM\/\" \/>\n<meta property=\"article:published_time\" content=\"2014-03-24T19:48:41+00:00\" \/>\n<meta property=\"article:modified_time\" content=\"2014-04-07T18:01:55+00:00\" \/>\n<meta property=\"og:image\" content=\"https:\/\/www.socdem.org\/wp-content\/uploads\/2014\/03\/carnaval1-1024x768.jpg\" \/>\n\t<meta property=\"og:image:width\" content=\"1024\" \/>\n\t<meta property=\"og:image:height\" content=\"768\" \/>\n\t<meta property=\"og:image:type\" content=\"image\/jpeg\" \/>\n<meta name=\"author\" content=\"avournias\" \/>\n<meta name=\"twitter:card\" content=\"summary_large_image\" \/>\n<meta name=\"twitter:label1\" content=\"\u03a3\u03c5\u03bd\u03c4\u03ac\u03c7\u03b8\u03b7\u03ba\u03b5 \u03b1\u03c0\u03cc\" \/>\n\t<meta name=\"twitter:data1\" content=\"avournias\" \/>\n\t<meta name=\"twitter:label2\" content=\"\u0395\u03ba\u03c4\u03b9\u03bc\u03ce\u03bc\u03b5\u03bd\u03bf\u03c2 \u03c7\u03c1\u03cc\u03bd\u03bf\u03c2 \u03b1\u03bd\u03ac\u03b3\u03bd\u03c9\u03c3\u03b7\u03c2\" \/>\n\t<meta name=\"twitter:data2\" content=\"1 \u03bb\u03b5\u03c0\u03c4\u03cc\" \/>\n<script type=\"application\/ld+json\" class=\"yoast-schema-graph\">{\"@context\":\"https:\\\/\\\/schema.org\",\"@graph\":[{\"@type\":\"Article\",\"@id\":\"https:\\\/\\\/www.socdem.org\\\/el\\\/demosthene-aux-complexes-sportifs-de-terrebonne\\\/#article\",\"isPartOf\":{\"@id\":\"https:\\\/\\\/www.socdem.org\\\/el\\\/demosthene-aux-complexes-sportifs-de-terrebonne\\\/\"},\"author\":{\"name\":\"avournias\",\"@id\":\"https:\\\/\\\/www.socdem.org\\\/el\\\/#\\\/schema\\\/person\\\/3d4208f100317a6251846d5d4fcb6e6f\"},\"headline\":\"D\u00e9mosth\u00e8ne aux Complexes Sportifs de Terrebonne\",\"datePublished\":\"2014-03-24T19:48:41+00:00\",\"dateModified\":\"2014-04-07T18:01:55+00:00\",\"mainEntityOfPage\":{\"@id\":\"https:\\\/\\\/www.socdem.org\\\/el\\\/demosthene-aux-complexes-sportifs-de-terrebonne\\\/\"},\"wordCount\":187,\"publisher\":{\"@id\":\"https:\\\/\\\/www.socdem.org\\\/el\\\/#organization\"},\"image\":{\"@id\":\"https:\\\/\\\/www.socdem.org\\\/el\\\/demosthene-aux-complexes-sportifs-de-terrebonne\\\/#primaryimage\"},\"thumbnailUrl\":\"https:\\\/\\\/www.socdem.org\\\/wp-content\\\/uploads\\\/2014\\\/03\\\/carnaval1.jpg\",\"articleSection\":[\"News and activities greek\"],\"inLanguage\":\"el\"},{\"@type\":\"WebPage\",\"@id\":\"https:\\\/\\\/www.socdem.org\\\/el\\\/demosthene-aux-complexes-sportifs-de-terrebonne\\\/\",\"url\":\"https:\\\/\\\/www.socdem.org\\\/el\\\/demosthene-aux-complexes-sportifs-de-terrebonne\\\/\",\"name\":\"D\u00e9mosth\u00e8ne aux Complexes Sportifs de Terrebonne - \u0394\u03b7\u03bc\u03bf\u03c4\u03b9\u03ba\u03cc \u03c3\u03c7\u03bf\u03bb\u03b5\u03af\u03bf \u03a3\u03c9\u03ba\u03c1\u03ac\u03c4\u03b7\u03c2 \u03ba\u03b1\u03b9 \u0394\u03b7\u03bc\u03bf\u03c3\u03b8\u03ad\u03bd\u03b7\u03c2\",\"isPartOf\":{\"@id\":\"https:\\\/\\\/www.socdem.org\\\/el\\\/#website\"},\"primaryImageOfPage\":{\"@id\":\"https:\\\/\\\/www.socdem.org\\\/el\\\/demosthene-aux-complexes-sportifs-de-terrebonne\\\/#primaryimage\"},\"image\":{\"@id\":\"https:\\\/\\\/www.socdem.org\\\/el\\\/demosthene-aux-complexes-sportifs-de-terrebonne\\\/#primaryimage\"},\"thumbnailUrl\":\"https:\\\/\\\/www.socdem.org\\\/wp-content\\\/uploads\\\/2014\\\/03\\\/carnaval1.jpg\",\"datePublished\":\"2014-03-24T19:48:41+00:00\",\"dateModified\":\"2014-04-07T18:01:55+00:00\",\"breadcrumb\":{\"@id\":\"https:\\\/\\\/www.socdem.org\\\/el\\\/demosthene-aux-complexes-sportifs-de-terrebonne\\\/#breadcrumb\"},\"inLanguage\":\"el\",\"potentialAction\":[{\"@type\":\"ReadAction\",\"target\":[\"https:\\\/\\\/www.socdem.org\\\/el\\\/demosthene-aux-complexes-sportifs-de-terrebonne\\\/\"]}]},{\"@type\":\"ImageObject\",\"inLanguage\":\"el\",\"@id\":\"https:\\\/\\\/www.socdem.org\\\/el\\\/demosthene-aux-complexes-sportifs-de-terrebonne\\\/#primaryimage\",\"url\":\"https:\\\/\\\/www.socdem.org\\\/wp-content\\\/uploads\\\/2014\\\/03\\\/carnaval1.jpg\",\"contentUrl\":\"https:\\\/\\\/www.socdem.org\\\/wp-content\\\/uploads\\\/2014\\\/03\\\/carnaval1.jpg\",\"width\":\"3264\",\"height\":\"2448\"},{\"@type\":\"BreadcrumbList\",\"@id\":\"https:\\\/\\\/www.socdem.org\\\/el\\\/demosthene-aux-complexes-sportifs-de-terrebonne\\\/#breadcrumb\",\"itemListElement\":[{\"@type\":\"ListItem\",\"position\":1,\"name\":\"Accueil\",\"item\":\"https:\\\/\\\/www.socdem.org\\\/el\\\/\"},{\"@type\":\"ListItem\",\"position\":2,\"name\":\"D\u00e9mosth\u00e8ne aux Complexes Sportifs de Terrebonne\"}]},{\"@type\":\"WebSite\",\"@id\":\"https:\\\/\\\/www.socdem.org\\\/el\\\/#website\",\"url\":\"https:\\\/\\\/www.socdem.org\\\/el\\\/\",\"name\":\"\u00c9cole Socrates-D\u00e9mosth\u00e8ne\",\"description\":\"\u03a0\u03ad\u03bd\u03c4\u03b5 \u03c4\u03c1\u03af\u03b3\u03bb\u03c9\u03c3\u03c3\u03b1 \u03b5\u03bb\u03bb\u03b7\u03bd\u03b9\u03ba\u03ac \u03b4\u03b7\u03bc\u03bf\u03c4\u03b9\u03ba\u03ac \u03c3\u03c7\u03bf\u03bb\u03b5\u03af\u03b1 \u03c4\u03bf\u03c5 \u039c\u03b5\u03b3\u03b1\u03bb\u03cd\u03c4\u03b5\u03c1\u03bf\u03c5 \u039c\u03bf\u03bd\u03c4\u03c1\u03b5\u03ac\u03bb\",\"publisher\":{\"@id\":\"https:\\\/\\\/www.socdem.org\\\/el\\\/#organization\"},\"potentialAction\":[{\"@type\":\"SearchAction\",\"target\":{\"@type\":\"EntryPoint\",\"urlTemplate\":\"https:\\\/\\\/www.socdem.org\\\/el\\\/?s={search_term_string}\"},\"query-input\":{\"@type\":\"PropertyValueSpecification\",\"valueRequired\":true,\"valueName\":\"search_term_string\"}}],\"inLanguage\":\"el\"},{\"@type\":\"Organization\",\"@id\":\"https:\\\/\\\/www.socdem.org\\\/el\\\/#organization\",\"name\":\"\u00c9cole Socrates-D\u00e9mosth\u00e8ne\",\"url\":\"https:\\\/\\\/www.socdem.org\\\/el\\\/\",\"logo\":{\"@type\":\"ImageObject\",\"inLanguage\":\"el\",\"@id\":\"https:\\\/\\\/www.socdem.org\\\/el\\\/#\\\/schema\\\/logo\\\/image\\\/\",\"url\":\"https:\\\/\\\/www.socdem.org\\\/wp-content\\\/uploads\\\/2014\\\/03\\\/SOC-DEM-LOGO-NAME.jpg\",\"contentUrl\":\"https:\\\/\\\/www.socdem.org\\\/wp-content\\\/uploads\\\/2014\\\/03\\\/SOC-DEM-LOGO-NAME.jpg\",\"width\":\"8485\",\"height\":\"4200\",\"caption\":\"\u00c9cole Socrates-D\u00e9mosth\u00e8ne\"},\"image\":{\"@id\":\"https:\\\/\\\/www.socdem.org\\\/el\\\/#\\\/schema\\\/logo\\\/image\\\/\"},\"sameAs\":[\"https:\\\/\\\/www.facebook.com\\\/TheHCGM\\\/\",\"https:\\\/\\\/www.instagram.com\\\/p\\\/BnE965PhJU7\\\/?hl=en\"]},{\"@type\":\"Person\",\"@id\":\"https:\\\/\\\/www.socdem.org\\\/el\\\/#\\\/schema\\\/person\\\/3d4208f100317a6251846d5d4fcb6e6f\",\"name\":\"avournias\",\"image\":{\"@type\":\"ImageObject\",\"inLanguage\":\"el\",\"@id\":\"https:\\\/\\\/secure.gravatar.com\\\/avatar\\\/e44d940614c28c716a6912b81868ef19a508fe61c65c7dbdb4825236cbaa5364?s=96&d=mm&r=g\",\"url\":\"https:\\\/\\\/secure.gravatar.com\\\/avatar\\\/e44d940614c28c716a6912b81868ef19a508fe61c65c7dbdb4825236cbaa5364?s=96&d=mm&r=g\",\"contentUrl\":\"https:\\\/\\\/secure.gravatar.com\\\/avatar\\\/e44d940614c28c716a6912b81868ef19a508fe61c65c7dbdb4825236cbaa5364?s=96&d=mm&r=g\",\"caption\":\"avournias\"},\"sameAs\":[\"http:\\\/\\\/socdem.wpengine.com\"],\"url\":\"https:\\\/\\\/www.socdem.org\\\/el\\\/author\\\/avournias\\\/\"}]}<\/script>\n<!-- \/ Yoast SEO plugin. -->","yoast_head_json":{"title":"D\u00e9mosth\u00e8ne aux Complexes Sportifs de Terrebonne - \u0394\u03b7\u03bc\u03bf\u03c4\u03b9\u03ba\u03cc \u03c3\u03c7\u03bf\u03bb\u03b5\u03af\u03bf \u03a3\u03c9\u03ba\u03c1\u03ac\u03c4\u03b7\u03c2 \u03ba\u03b1\u03b9 \u0394\u03b7\u03bc\u03bf\u03c3\u03b8\u03ad\u03bd\u03b7\u03c2","robots":{"index":"index","follow":"follow","max-snippet":"max-snippet:-1","max-image-preview":"max-image-preview:large","max-video-preview":"max-video-preview:-1"},"canonical":"https:\/\/www.socdem.org\/el\/demosthene-aux-complexes-sportifs-de-terrebonne\/","og_locale":"el_GR","og_type":"article","og_title":"D\u00e9mosth\u00e8ne aux Complexes Sportifs de Terrebonne - \u0394\u03b7\u03bc\u03bf\u03c4\u03b9\u03ba\u03cc \u03c3\u03c7\u03bf\u03bb\u03b5\u03af\u03bf \u03a3\u03c9\u03ba\u03c1\u03ac\u03c4\u03b7\u03c2 \u03ba\u03b1\u03b9 \u0394\u03b7\u03bc\u03bf\u03c3\u03b8\u03ad\u03bd\u03b7\u03c2","og_description":"&nbsp; &nbsp; Vendredi le 21 mars avait lieu la 2e \u00e9dition du &#8221;Carnaval printanier&#8221; de D\u00e9mosth\u00e8ne. Pour c\u00e9l\u00e9brer cette journ\u00e9e, tous les \u00e9l\u00e8ves de l&#8217;\u00e9cole se sont d&#8217;abord d\u00e9plac\u00e9s au...","og_url":"https:\/\/www.socdem.org\/el\/demosthene-aux-complexes-sportifs-de-terrebonne\/","og_site_name":"\u0394\u03b7\u03bc\u03bf\u03c4\u03b9\u03ba\u03cc \u03c3\u03c7\u03bf\u03bb\u03b5\u03af\u03bf \u03a3\u03c9\u03ba\u03c1\u03ac\u03c4\u03b7\u03c2 \u03ba\u03b1\u03b9 \u0394\u03b7\u03bc\u03bf\u03c3\u03b8\u03ad\u03bd\u03b7\u03c2","article_publisher":"https:\/\/www.facebook.com\/TheHCGM\/","article_published_time":"2014-03-24T19:48:41+00:00","article_modified_time":"2014-04-07T18:01:55+00:00","og_image":[{"width":1024,"height":768,"url":"https:\/\/www.socdem.org\/wp-content\/uploads\/2014\/03\/carnaval1-1024x768.jpg","type":"image\/jpeg"}],"author":"avournias","twitter_card":"summary_large_image","twitter_misc":{"\u03a3\u03c5\u03bd\u03c4\u03ac\u03c7\u03b8\u03b7\u03ba\u03b5 \u03b1\u03c0\u03cc":"avournias","\u0395\u03ba\u03c4\u03b9\u03bc\u03ce\u03bc\u03b5\u03bd\u03bf\u03c2 \u03c7\u03c1\u03cc\u03bd\u03bf\u03c2 \u03b1\u03bd\u03ac\u03b3\u03bd\u03c9\u03c3\u03b7\u03c2":"1 \u03bb\u03b5\u03c0\u03c4\u03cc"},"schema":{"@context":"https:\/\/schema.org","@graph":[{"@type":"Article","@id":"https:\/\/www.socdem.org\/el\/demosthene-aux-complexes-sportifs-de-terrebonne\/#article","isPartOf":{"@id":"https:\/\/www.socdem.org\/el\/demosthene-aux-complexes-sportifs-de-terrebonne\/"},"author":{"name":"avournias","@id":"https:\/\/www.socdem.org\/el\/#\/schema\/person\/3d4208f100317a6251846d5d4fcb6e6f"},"headline":"D\u00e9mosth\u00e8ne aux Complexes Sportifs de Terrebonne","datePublished":"2014-03-24T19:48:41+00:00","dateModified":"2014-04-07T18:01:55+00:00","mainEntityOfPage":{"@id":"https:\/\/www.socdem.org\/el\/demosthene-aux-complexes-sportifs-de-terrebonne\/"},"wordCount":187,"publisher":{"@id":"https:\/\/www.socdem.org\/el\/#organization"},"image":{"@id":"https:\/\/www.socdem.org\/el\/demosthene-aux-complexes-sportifs-de-terrebonne\/#primaryimage"},"thumbnailUrl":"https:\/\/www.socdem.org\/wp-content\/uploads\/2014\/03\/carnaval1.jpg","articleSection":["News and activities greek"],"inLanguage":"el"},{"@type":"WebPage","@id":"https:\/\/www.socdem.org\/el\/demosthene-aux-complexes-sportifs-de-terrebonne\/","url":"https:\/\/www.socdem.org\/el\/demosthene-aux-complexes-sportifs-de-terrebonne\/","name":"D\u00e9mosth\u00e8ne aux Complexes Sportifs de Terrebonne - \u0394\u03b7\u03bc\u03bf\u03c4\u03b9\u03ba\u03cc \u03c3\u03c7\u03bf\u03bb\u03b5\u03af\u03bf \u03a3\u03c9\u03ba\u03c1\u03ac\u03c4\u03b7\u03c2 \u03ba\u03b1\u03b9 \u0394\u03b7\u03bc\u03bf\u03c3\u03b8\u03ad\u03bd\u03b7\u03c2","isPartOf":{"@id":"https:\/\/www.socdem.org\/el\/#website"},"primaryImageOfPage":{"@id":"https:\/\/www.socdem.org\/el\/demosthene-aux-complexes-sportifs-de-terrebonne\/#primaryimage"},"image":{"@id":"https:\/\/www.socdem.org\/el\/demosthene-aux-complexes-sportifs-de-terrebonne\/#primaryimage"},"thumbnailUrl":"https:\/\/www.socdem.org\/wp-content\/uploads\/2014\/03\/carnaval1.jpg","datePublished":"2014-03-24T19:48:41+00:00","dateModified":"2014-04-07T18:01:55+00:00","breadcrumb":{"@id":"https:\/\/www.socdem.org\/el\/demosthene-aux-complexes-sportifs-de-terrebonne\/#breadcrumb"},"inLanguage":"el","potentialAction":[{"@type":"ReadAction","target":["https:\/\/www.socdem.org\/el\/demosthene-aux-complexes-sportifs-de-terrebonne\/"]}]},{"@type":"ImageObject","inLanguage":"el","@id":"https:\/\/www.socdem.org\/el\/demosthene-aux-complexes-sportifs-de-terrebonne\/#primaryimage","url":"https:\/\/www.socdem.org\/wp-content\/uploads\/2014\/03\/carnaval1.jpg","contentUrl":"https:\/\/www.socdem.org\/wp-content\/uploads\/2014\/03\/carnaval1.jpg","width":"3264","height":"2448"},{"@type":"BreadcrumbList","@id":"https:\/\/www.socdem.org\/el\/demosthene-aux-complexes-sportifs-de-terrebonne\/#breadcrumb","itemListElement":[{"@type":"ListItem","position":1,"name":"Accueil","item":"https:\/\/www.socdem.org\/el\/"},{"@type":"ListItem","position":2,"name":"D\u00e9mosth\u00e8ne aux Complexes Sportifs de Terrebonne"}]},{"@type":"WebSite","@id":"https:\/\/www.socdem.org\/el\/#website","url":"https:\/\/www.socdem.org\/el\/","name":"\u00c9cole Socrates-D\u00e9mosth\u00e8ne","description":"\u03a0\u03ad\u03bd\u03c4\u03b5 \u03c4\u03c1\u03af\u03b3\u03bb\u03c9\u03c3\u03c3\u03b1 \u03b5\u03bb\u03bb\u03b7\u03bd\u03b9\u03ba\u03ac \u03b4\u03b7\u03bc\u03bf\u03c4\u03b9\u03ba\u03ac \u03c3\u03c7\u03bf\u03bb\u03b5\u03af\u03b1 \u03c4\u03bf\u03c5 \u039c\u03b5\u03b3\u03b1\u03bb\u03cd\u03c4\u03b5\u03c1\u03bf\u03c5 \u039c\u03bf\u03bd\u03c4\u03c1\u03b5\u03ac\u03bb","publisher":{"@id":"https:\/\/www.socdem.org\/el\/#organization"},"potentialAction":[{"@type":"SearchAction","target":{"@type":"EntryPoint","urlTemplate":"https:\/\/www.socdem.org\/el\/?s={search_term_string}"},"query-input":{"@type":"PropertyValueSpecification","valueRequired":true,"valueName":"search_term_string"}}],"inLanguage":"el"},{"@type":"Organization","@id":"https:\/\/www.socdem.org\/el\/#organization","name":"\u00c9cole Socrates-D\u00e9mosth\u00e8ne","url":"https:\/\/www.socdem.org\/el\/","logo":{"@type":"ImageObject","inLanguage":"el","@id":"https:\/\/www.socdem.org\/el\/#\/schema\/logo\/image\/","url":"https:\/\/www.socdem.org\/wp-content\/uploads\/2014\/03\/SOC-DEM-LOGO-NAME.jpg","contentUrl":"https:\/\/www.socdem.org\/wp-content\/uploads\/2014\/03\/SOC-DEM-LOGO-NAME.jpg","width":"8485","height":"4200","caption":"\u00c9cole Socrates-D\u00e9mosth\u00e8ne"},"image":{"@id":"https:\/\/www.socdem.org\/el\/#\/schema\/logo\/image\/"},"sameAs":["https:\/\/www.facebook.com\/TheHCGM\/","https:\/\/www.instagram.com\/p\/BnE965PhJU7\/?hl=en"]},{"@type":"Person","@id":"https:\/\/www.socdem.org\/el\/#\/schema\/person\/3d4208f100317a6251846d5d4fcb6e6f","name":"avournias","image":{"@type":"ImageObject","inLanguage":"el","@id":"https:\/\/secure.gravatar.com\/avatar\/e44d940614c28c716a6912b81868ef19a508fe61c65c7dbdb4825236cbaa5364?s=96&d=mm&r=g","url":"https:\/\/secure.gravatar.com\/avatar\/e44d940614c28c716a6912b81868ef19a508fe61c65c7dbdb4825236cbaa5364?s=96&d=mm&r=g","contentUrl":"https:\/\/secure.gravatar.com\/avatar\/e44d940614c28c716a6912b81868ef19a508fe61c65c7dbdb4825236cbaa5364?s=96&d=mm&r=g","caption":"avournias"},"sameAs":["http:\/\/socdem.wpengine.com"],"url":"https:\/\/www.socdem.org\/el\/author\/avournias\/"}]}},"_links":{"self":[{"href":"https:\/\/www.socdem.org\/el\/wp-json\/wp\/v2\/posts\/11788","targetHints":{"allow":["GET"]}}],"collection":[{"href":"https:\/\/www.socdem.org\/el\/wp-json\/wp\/v2\/posts"}],"about":[{"href":"https:\/\/www.socdem.org\/el\/wp-json\/wp\/v2\/types\/post"}],"author":[{"embeddable":true,"href":"https:\/\/www.socdem.org\/el\/wp-json\/wp\/v2\/users\/23"}],"replies":[{"embeddable":true,"href":"https:\/\/www.socdem.org\/el\/wp-json\/wp\/v2\/comments?post=11788"}],"version-history":[{"count":0,"href":"https:\/\/www.socdem.org\/el\/wp-json\/wp\/v2\/posts\/11788\/revisions"}],"wp:featuredmedia":[{"embeddable":true,"href":"https:\/\/www.socdem.org\/el\/wp-json\/wp\/v2\/media\/11785"}],"wp:attachment":[{"href":"https:\/\/www.socdem.org\/el\/wp-json\/wp\/v2\/media?parent=11788"}],"wp:term":[{"taxonomy":"category","embeddable":true,"href":"https:\/\/www.socdem.org\/el\/wp-json\/wp\/v2\/categories?post=11788"},{"taxonomy":"post_tag","embeddable":true,"href":"https:\/\/www.socdem.org\/el\/wp-json\/wp\/v2\/tags?post=11788"}],"curies":[{"name":"wp","href":"https:\/\/api.w.org\/{rel}","templated":true}]}}