{"id":13179,"date":"2014-09-29T18:53:19","date_gmt":"2014-09-29T22:53:19","guid":{"rendered":"http:\/\/socdem.wpengine.com\/?p=13179"},"modified":"2014-09-29T18:58:30","modified_gmt":"2014-09-29T22:58:30","slug":"13179","status":"publish","type":"post","link":"https:\/\/www.socdem.org\/el\/13179\/","title":{"rendered":"\u039f \u03b1\u03b3\u1f60\u03bd\u03b1\u03c2 \u0391\u03bb\u03b5\u03c7\u1f00\u03bd\u03b4\u03c1\u03b9\u03b1! \u039c\u03b9\u03b1 \u03bc\u03b5\u03b3\u1f00\u03bb\u03b7 \u03b5\u03c0\u03b9\u03c4\u1f50\u03c7\u03b9\u03b1!"},"content":{"rendered":"<p><a href=\"http:\/\/socdem.wpengine.com\/wp-content\/uploads\/2014\/09\/alexandria-2014-a.jpg\"><img loading=\"lazy\" decoding=\"async\" class=\"alignleft size-large wp-image-13159\" title=\"alexandria 2014 a\" src=\"http:\/\/socdem.wpengine.com\/wp-content\/uploads\/2014\/09\/alexandria-2014-a-1024x560.jpg\" alt=\"\" width=\"980\" height=\"535\" srcset=\"https:\/\/www.socdem.org\/wp-content\/uploads\/2014\/09\/alexandria-2014-a-1024x560.jpg 1024w, https:\/\/www.socdem.org\/wp-content\/uploads\/2014\/09\/alexandria-2014-a-300x164.jpg 300w, https:\/\/www.socdem.org\/wp-content\/uploads\/2014\/09\/alexandria-2014-a.jpg 1150w\" sizes=\"auto, (max-width: 980px) 100vw, 980px\" \/><\/a><\/p>\n<h6>On Wednesday, September 24th, \u00a0foggy skies soon turned into a brilliant sunny day as nearly 1200 students with their teachers and parents gathered at the Centre de la nature in Laval for the third edition of the Socrates-D\u00e9mosth\u00e8ne Alexandria cross-country race. Harmony, smiles and sport spirit were present. \u00a0After an intense warm-up session, students from grade one to grade six of all five campuses ran their hearts out.<\/h6>\n<h6><a style=\"font-size: 0.75em;\" href=\"http:\/\/socdem.wpengine.com\/wp-content\/uploads\/2014\/09\/alexandria-2014-b.jpg\"><img loading=\"lazy\" decoding=\"async\" class=\"alignleft size-large wp-image-13160\" title=\"alexandria 2014 b\" src=\"http:\/\/socdem.wpengine.com\/wp-content\/uploads\/2014\/09\/alexandria-2014-b-1024x576.jpg\" alt=\"\" width=\"980\" height=\"551\" srcset=\"https:\/\/www.socdem.org\/wp-content\/uploads\/2014\/09\/alexandria-2014-b-1024x576.jpg 1024w, https:\/\/www.socdem.org\/wp-content\/uploads\/2014\/09\/alexandria-2014-b-300x168.jpg 300w, https:\/\/www.socdem.org\/wp-content\/uploads\/2014\/09\/alexandria-2014-b.jpg 1107w\" sizes=\"auto, (max-width: 980px) 100vw, 980px\" \/><\/a><\/h6>\n<h6><\/h6>\n<h6><\/h6>\n<h6><\/h6>\n<h6><\/h6>\n<h6><\/h6>\n<h6><\/h6>\n<h6><\/h6>\n<h6><\/h6>\n<h6><\/h6>\n<h6><\/h6>\n<h6><\/h6>\n<h6><\/h6>\n<h6><\/h6>\n<h6><\/h6>\n<h4><strong><span style=\"font-size: 0.75em;\">Students in diffrent levels ran distances ranging from 500 m to 2 km. \u00a0The organizers of this event whose main goal is to promote physical activity and a healthy lifestyle had planned every last minute of the day.<\/span><\/strong><\/h4>\n<h6>The winners of each race received medals at a charming end-of-the-day ceremony. All the students will receive an official certificate with their individual results.<\/h6>\n<h6>\u00a0<a href=\"http:\/\/socdem.wpengine.com\/wp-content\/uploads\/2014\/09\/alexandria-2014-c.jpg\"><img loading=\"lazy\" decoding=\"async\" class=\"alignleft size-large wp-image-13161\" title=\"alexandria 2014 c\" src=\"http:\/\/socdem.wpengine.com\/wp-content\/uploads\/2014\/09\/alexandria-2014-c-1024x449.jpg\" alt=\"\" width=\"980\" height=\"429\" srcset=\"https:\/\/www.socdem.org\/wp-content\/uploads\/2014\/09\/alexandria-2014-c-1024x449.jpg 1024w, https:\/\/www.socdem.org\/wp-content\/uploads\/2014\/09\/alexandria-2014-c-300x131.jpg 300w, https:\/\/www.socdem.org\/wp-content\/uploads\/2014\/09\/alexandria-2014-c.jpg 1164w\" sizes=\"auto, (max-width: 980px) 100vw, 980px\" \/><\/a><\/h6>\n<h6><\/h6>\n<h6><\/h6>\n<h6><\/h6>\n<h6><\/h6>\n<h6><\/h6>\n<h6><\/h6>\n<h6><\/h6>\n<h6><\/h6>\n<h6><\/h6>\n<h6><\/h6>\n<h6><\/h6>\n<h6><\/h6>\n<h6><\/h6>\n<h6><\/h6>\n<h6><\/h6>\n<h6><\/h6>\n<h6><\/h6>\n<h6><\/h6>\n<h6><\/h6>\n<h6><\/h6>\n<h6>\u00a0The day started with a prayer. \u00a0Under beautiful fall skies, the races took place while electronically being monitored to the nearest second. \u00a0There was a live DJ playing music to entertain the crowd. \u00a0It was a very memorable day.<\/h6>\n<h6><\/h6>\n<p><a href=\"http:\/\/socdem.wpengine.com\/wp-content\/uploads\/2014\/09\/alexandria-2014-d.jpg\"><img loading=\"lazy\" decoding=\"async\" class=\"alignleft size-large wp-image-13162\" title=\"alexandria 2014 d\" src=\"http:\/\/socdem.wpengine.com\/wp-content\/uploads\/2014\/09\/alexandria-2014-d-1024x936.jpg\" alt=\"\" width=\"980\" height=\"895\" srcset=\"https:\/\/www.socdem.org\/wp-content\/uploads\/2014\/09\/alexandria-2014-d-1024x936.jpg 1024w, https:\/\/www.socdem.org\/wp-content\/uploads\/2014\/09\/alexandria-2014-d-300x274.jpg 300w, https:\/\/www.socdem.org\/wp-content\/uploads\/2014\/09\/alexandria-2014-d.jpg 1036w\" sizes=\"auto, (max-width: 980px) 100vw, 980px\" \/><\/a><\/p>\n<h6><\/h6>\n<h6><\/h6>\n<h6><\/h6>\n<h6><\/h6>\n<h6><\/h6>\n<h6><\/h6>\n<h6><\/h6>\n<h6><\/h6>\n<h6><\/h6>\n<h6><\/h6>\n<h6><\/h6>\n<h6><\/h6>\n<h6><\/h6>\n<h6><\/h6>\n<h6><\/h6>\n<h6><\/h6>\n<h6><\/h6>\n<h6><\/h6>\n<h6><\/h6>\n<h6><\/h6>\n<h6><\/h6>\n<h6><\/h6>\n<h6><\/h6>\n<h6><\/h6>\n<h6><\/h6>\n<h6><\/h6>\n<h6>\u00a0Special thanks for the contribution of the Regional Council of Laval and \u00a0the Hellenic Community of greater Montreal in offering help and refreshments. Of course, none of this would have been possible without the dedication and efforts of our physical education teachers, volunteers and personnel of the schools.<\/h6>\n<h6>We would also like to mention the presence of Pater Zisis of St-Nicolas church who gave an inspirational and encouraging speech at the beginning of the day.<\/h6>\n<h6>On board their buses at the end of the day, certain students savoured their victories while others were already planning for next year but certainly all of them were contemplating the great day had by all.<\/h6>\n<h6>Congratulations to everyone!<\/h6>\n<h6>To consult the standings of the students, please follow the following link:<\/h6>\n<h6><\/h6>\n<p><a href=\"http:\/\/www.quidchrono.com\/index.php\/fr\/calendrier\/2014\/icalrepeat.detail\/2014\/09\/24\/759\/-\/cross-country-alexandria-laval-evenement-prive\" target=\"_blank\">http:\/\/www.quidchrono.com\/<wbr>index.php\/fr\/calendrier\/2014\/<wbr>icalrepeat.detail\/2014\/09\/24\/<wbr>759\/-\/cross-country-<wbr>alexandria-laval-evenement-<wbr>prive<\/wbr><\/wbr><\/wbr><\/wbr><\/wbr><\/a><\/p>\n<p><strong>\u00a0L&#8217;\u00c9cole Socrates-D\u00e9mosth\u00e8ne<\/strong><\/p>\n<p><a href=\"http:\/\/socdem.wpengine.com\/wp-content\/uploads\/2014\/09\/alexandria-2014-e.jpg\"><img loading=\"lazy\" decoding=\"async\" class=\"alignleft size-large wp-image-13163\" title=\"alexandria 2014 e\" src=\"http:\/\/socdem.wpengine.com\/wp-content\/uploads\/2014\/09\/alexandria-2014-e-1024x688.jpg\" alt=\"\" width=\"980\" height=\"658\" srcset=\"https:\/\/www.socdem.org\/wp-content\/uploads\/2014\/09\/alexandria-2014-e-1024x688.jpg 1024w, https:\/\/www.socdem.org\/wp-content\/uploads\/2014\/09\/alexandria-2014-e-300x201.jpg 300w, https:\/\/www.socdem.org\/wp-content\/uploads\/2014\/09\/alexandria-2014-e.jpg 1187w\" sizes=\"auto, (max-width: 980px) 100vw, 980px\" \/><\/a><\/p>\n","protected":false},"excerpt":{"rendered":"<p>On Wednesday, September 24th, \u00a0foggy skies soon turned into a brilliant sunny day as nearly 1200 students with their teachers and parents gathered at the Centre de la nature in&#8230;<\/p>\n","protected":false},"author":23,"featured_media":13165,"comment_status":"closed","ping_status":"closed","sticky":false,"template":"","format":"standard","meta":{"_monsterinsights_skip_tracking":false,"_monsterinsights_sitenote_active":false,"_monsterinsights_sitenote_note":"","_monsterinsights_sitenote_category":0,"footnotes":""},"categories":[],"tags":[],"class_list":["post-13179","post","type-post","status-publish","format-standard","has-post-thumbnail"],"yoast_head":"<!-- This site is optimized with the Yoast SEO plugin v27.5 - https:\/\/yoast.com\/product\/yoast-seo-wordpress\/ -->\n<title>\u039f \u03b1\u03b3\u1f60\u03bd\u03b1\u03c2 \u0391\u03bb\u03b5\u03c7\u1f00\u03bd\u03b4\u03c1\u03b9\u03b1! \u039c\u03b9\u03b1 \u03bc\u03b5\u03b3\u1f00\u03bb\u03b7 \u03b5\u03c0\u03b9\u03c4\u1f50\u03c7\u03b9\u03b1! - \u0394\u03b7\u03bc\u03bf\u03c4\u03b9\u03ba\u03cc \u03c3\u03c7\u03bf\u03bb\u03b5\u03af\u03bf \u03a3\u03c9\u03ba\u03c1\u03ac\u03c4\u03b7\u03c2 \u03ba\u03b1\u03b9 \u0394\u03b7\u03bc\u03bf\u03c3\u03b8\u03ad\u03bd\u03b7\u03c2<\/title>\n<meta name=\"robots\" content=\"index, follow, max-snippet:-1, max-image-preview:large, max-video-preview:-1\" \/>\n<link rel=\"canonical\" href=\"https:\/\/www.socdem.org\/el\/13179\/\" \/>\n<meta property=\"og:locale\" content=\"el_GR\" \/>\n<meta property=\"og:type\" content=\"article\" \/>\n<meta property=\"og:title\" content=\"\u039f \u03b1\u03b3\u1f60\u03bd\u03b1\u03c2 \u0391\u03bb\u03b5\u03c7\u1f00\u03bd\u03b4\u03c1\u03b9\u03b1! \u039c\u03b9\u03b1 \u03bc\u03b5\u03b3\u1f00\u03bb\u03b7 \u03b5\u03c0\u03b9\u03c4\u1f50\u03c7\u03b9\u03b1! - \u0394\u03b7\u03bc\u03bf\u03c4\u03b9\u03ba\u03cc \u03c3\u03c7\u03bf\u03bb\u03b5\u03af\u03bf \u03a3\u03c9\u03ba\u03c1\u03ac\u03c4\u03b7\u03c2 \u03ba\u03b1\u03b9 \u0394\u03b7\u03bc\u03bf\u03c3\u03b8\u03ad\u03bd\u03b7\u03c2\" \/>\n<meta property=\"og:description\" content=\"On Wednesday, September 24th, \u00a0foggy skies soon turned into a brilliant sunny day as nearly 1200 students with their teachers and parents gathered at the Centre de la nature in...\" \/>\n<meta property=\"og:url\" content=\"https:\/\/www.socdem.org\/el\/13179\/\" \/>\n<meta property=\"og:site_name\" content=\"\u0394\u03b7\u03bc\u03bf\u03c4\u03b9\u03ba\u03cc \u03c3\u03c7\u03bf\u03bb\u03b5\u03af\u03bf \u03a3\u03c9\u03ba\u03c1\u03ac\u03c4\u03b7\u03c2 \u03ba\u03b1\u03b9 \u0394\u03b7\u03bc\u03bf\u03c3\u03b8\u03ad\u03bd\u03b7\u03c2\" \/>\n<meta property=\"article:publisher\" content=\"https:\/\/www.facebook.com\/TheHCGM\/\" \/>\n<meta property=\"article:published_time\" content=\"2014-09-29T22:53:19+00:00\" \/>\n<meta property=\"article:modified_time\" content=\"2014-09-29T22:58:30+00:00\" \/>\n<meta property=\"og:image\" content=\"https:\/\/www.socdem.org\/wp-content\/uploads\/2014\/09\/alexf.png\" \/>\n\t<meta property=\"og:image:width\" content=\"260\" \/>\n\t<meta property=\"og:image:height\" content=\"184\" \/>\n\t<meta property=\"og:image:type\" content=\"image\/png\" \/>\n<meta name=\"author\" content=\"avournias\" \/>\n<meta name=\"twitter:card\" content=\"summary_large_image\" \/>\n<meta name=\"twitter:label1\" content=\"\u03a3\u03c5\u03bd\u03c4\u03ac\u03c7\u03b8\u03b7\u03ba\u03b5 \u03b1\u03c0\u03cc\" \/>\n\t<meta name=\"twitter:data1\" content=\"avournias\" \/>\n\t<meta name=\"twitter:label2\" content=\"\u0395\u03ba\u03c4\u03b9\u03bc\u03ce\u03bc\u03b5\u03bd\u03bf\u03c2 \u03c7\u03c1\u03cc\u03bd\u03bf\u03c2 \u03b1\u03bd\u03ac\u03b3\u03bd\u03c9\u03c3\u03b7\u03c2\" \/>\n\t<meta name=\"twitter:data2\" content=\"2 \u03bb\u03b5\u03c0\u03c4\u03ac\" \/>\n<script type=\"application\/ld+json\" class=\"yoast-schema-graph\">{\"@context\":\"https:\\\/\\\/schema.org\",\"@graph\":[{\"@type\":\"Article\",\"@id\":\"https:\\\/\\\/www.socdem.org\\\/el\\\/13179\\\/#article\",\"isPartOf\":{\"@id\":\"https:\\\/\\\/www.socdem.org\\\/el\\\/13179\\\/\"},\"author\":{\"name\":\"avournias\",\"@id\":\"https:\\\/\\\/www.socdem.org\\\/el\\\/#\\\/schema\\\/person\\\/3d4208f100317a6251846d5d4fcb6e6f\"},\"headline\":\"\u039f \u03b1\u03b3\u1f60\u03bd\u03b1\u03c2 \u0391\u03bb\u03b5\u03c7\u1f00\u03bd\u03b4\u03c1\u03b9\u03b1! \u039c\u03b9\u03b1 \u03bc\u03b5\u03b3\u1f00\u03bb\u03b7 \u03b5\u03c0\u03b9\u03c4\u1f50\u03c7\u03b9\u03b1!\",\"datePublished\":\"2014-09-29T22:53:19+00:00\",\"dateModified\":\"2014-09-29T22:58:30+00:00\",\"mainEntityOfPage\":{\"@id\":\"https:\\\/\\\/www.socdem.org\\\/el\\\/13179\\\/\"},\"wordCount\":311,\"publisher\":{\"@id\":\"https:\\\/\\\/www.socdem.org\\\/el\\\/#organization\"},\"image\":{\"@id\":\"https:\\\/\\\/www.socdem.org\\\/el\\\/13179\\\/#primaryimage\"},\"thumbnailUrl\":\"https:\\\/\\\/www.socdem.org\\\/wp-content\\\/uploads\\\/2014\\\/09\\\/alexf.png\",\"inLanguage\":\"el\"},{\"@type\":\"WebPage\",\"@id\":\"https:\\\/\\\/www.socdem.org\\\/el\\\/13179\\\/\",\"url\":\"https:\\\/\\\/www.socdem.org\\\/el\\\/13179\\\/\",\"name\":\"\u039f \u03b1\u03b3\u1f60\u03bd\u03b1\u03c2 \u0391\u03bb\u03b5\u03c7\u1f00\u03bd\u03b4\u03c1\u03b9\u03b1! \u039c\u03b9\u03b1 \u03bc\u03b5\u03b3\u1f00\u03bb\u03b7 \u03b5\u03c0\u03b9\u03c4\u1f50\u03c7\u03b9\u03b1! - \u0394\u03b7\u03bc\u03bf\u03c4\u03b9\u03ba\u03cc \u03c3\u03c7\u03bf\u03bb\u03b5\u03af\u03bf \u03a3\u03c9\u03ba\u03c1\u03ac\u03c4\u03b7\u03c2 \u03ba\u03b1\u03b9 \u0394\u03b7\u03bc\u03bf\u03c3\u03b8\u03ad\u03bd\u03b7\u03c2\",\"isPartOf\":{\"@id\":\"https:\\\/\\\/www.socdem.org\\\/el\\\/#website\"},\"primaryImageOfPage\":{\"@id\":\"https:\\\/\\\/www.socdem.org\\\/el\\\/13179\\\/#primaryimage\"},\"image\":{\"@id\":\"https:\\\/\\\/www.socdem.org\\\/el\\\/13179\\\/#primaryimage\"},\"thumbnailUrl\":\"https:\\\/\\\/www.socdem.org\\\/wp-content\\\/uploads\\\/2014\\\/09\\\/alexf.png\",\"datePublished\":\"2014-09-29T22:53:19+00:00\",\"dateModified\":\"2014-09-29T22:58:30+00:00\",\"breadcrumb\":{\"@id\":\"https:\\\/\\\/www.socdem.org\\\/el\\\/13179\\\/#breadcrumb\"},\"inLanguage\":\"el\",\"potentialAction\":[{\"@type\":\"ReadAction\",\"target\":[\"https:\\\/\\\/www.socdem.org\\\/el\\\/13179\\\/\"]}]},{\"@type\":\"ImageObject\",\"inLanguage\":\"el\",\"@id\":\"https:\\\/\\\/www.socdem.org\\\/el\\\/13179\\\/#primaryimage\",\"url\":\"https:\\\/\\\/www.socdem.org\\\/wp-content\\\/uploads\\\/2014\\\/09\\\/alexf.png\",\"contentUrl\":\"https:\\\/\\\/www.socdem.org\\\/wp-content\\\/uploads\\\/2014\\\/09\\\/alexf.png\",\"width\":\"260\",\"height\":\"184\"},{\"@type\":\"BreadcrumbList\",\"@id\":\"https:\\\/\\\/www.socdem.org\\\/el\\\/13179\\\/#breadcrumb\",\"itemListElement\":[{\"@type\":\"ListItem\",\"position\":1,\"name\":\"Accueil\",\"item\":\"https:\\\/\\\/www.socdem.org\\\/el\\\/\"},{\"@type\":\"ListItem\",\"position\":2,\"name\":\"\u039f \u03b1\u03b3\u1f60\u03bd\u03b1\u03c2 \u0391\u03bb\u03b5\u03c7\u1f00\u03bd\u03b4\u03c1\u03b9\u03b1! \u039c\u03b9\u03b1 \u03bc\u03b5\u03b3\u1f00\u03bb\u03b7 \u03b5\u03c0\u03b9\u03c4\u1f50\u03c7\u03b9\u03b1!\"}]},{\"@type\":\"WebSite\",\"@id\":\"https:\\\/\\\/www.socdem.org\\\/el\\\/#website\",\"url\":\"https:\\\/\\\/www.socdem.org\\\/el\\\/\",\"name\":\"\u00c9cole Socrates-D\u00e9mosth\u00e8ne\",\"description\":\"\u03a0\u03ad\u03bd\u03c4\u03b5 \u03c4\u03c1\u03af\u03b3\u03bb\u03c9\u03c3\u03c3\u03b1 \u03b5\u03bb\u03bb\u03b7\u03bd\u03b9\u03ba\u03ac \u03b4\u03b7\u03bc\u03bf\u03c4\u03b9\u03ba\u03ac \u03c3\u03c7\u03bf\u03bb\u03b5\u03af\u03b1 \u03c4\u03bf\u03c5 \u039c\u03b5\u03b3\u03b1\u03bb\u03cd\u03c4\u03b5\u03c1\u03bf\u03c5 \u039c\u03bf\u03bd\u03c4\u03c1\u03b5\u03ac\u03bb\",\"publisher\":{\"@id\":\"https:\\\/\\\/www.socdem.org\\\/el\\\/#organization\"},\"potentialAction\":[{\"@type\":\"SearchAction\",\"target\":{\"@type\":\"EntryPoint\",\"urlTemplate\":\"https:\\\/\\\/www.socdem.org\\\/el\\\/?s={search_term_string}\"},\"query-input\":{\"@type\":\"PropertyValueSpecification\",\"valueRequired\":true,\"valueName\":\"search_term_string\"}}],\"inLanguage\":\"el\"},{\"@type\":\"Organization\",\"@id\":\"https:\\\/\\\/www.socdem.org\\\/el\\\/#organization\",\"name\":\"\u00c9cole Socrates-D\u00e9mosth\u00e8ne\",\"url\":\"https:\\\/\\\/www.socdem.org\\\/el\\\/\",\"logo\":{\"@type\":\"ImageObject\",\"inLanguage\":\"el\",\"@id\":\"https:\\\/\\\/www.socdem.org\\\/el\\\/#\\\/schema\\\/logo\\\/image\\\/\",\"url\":\"https:\\\/\\\/www.socdem.org\\\/wp-content\\\/uploads\\\/2014\\\/03\\\/SOC-DEM-LOGO-NAME.jpg\",\"contentUrl\":\"https:\\\/\\\/www.socdem.org\\\/wp-content\\\/uploads\\\/2014\\\/03\\\/SOC-DEM-LOGO-NAME.jpg\",\"width\":\"8485\",\"height\":\"4200\",\"caption\":\"\u00c9cole Socrates-D\u00e9mosth\u00e8ne\"},\"image\":{\"@id\":\"https:\\\/\\\/www.socdem.org\\\/el\\\/#\\\/schema\\\/logo\\\/image\\\/\"},\"sameAs\":[\"https:\\\/\\\/www.facebook.com\\\/TheHCGM\\\/\",\"https:\\\/\\\/www.instagram.com\\\/p\\\/BnE965PhJU7\\\/?hl=en\"]},{\"@type\":\"Person\",\"@id\":\"https:\\\/\\\/www.socdem.org\\\/el\\\/#\\\/schema\\\/person\\\/3d4208f100317a6251846d5d4fcb6e6f\",\"name\":\"avournias\",\"image\":{\"@type\":\"ImageObject\",\"inLanguage\":\"el\",\"@id\":\"https:\\\/\\\/secure.gravatar.com\\\/avatar\\\/e44d940614c28c716a6912b81868ef19a508fe61c65c7dbdb4825236cbaa5364?s=96&d=mm&r=g\",\"url\":\"https:\\\/\\\/secure.gravatar.com\\\/avatar\\\/e44d940614c28c716a6912b81868ef19a508fe61c65c7dbdb4825236cbaa5364?s=96&d=mm&r=g\",\"contentUrl\":\"https:\\\/\\\/secure.gravatar.com\\\/avatar\\\/e44d940614c28c716a6912b81868ef19a508fe61c65c7dbdb4825236cbaa5364?s=96&d=mm&r=g\",\"caption\":\"avournias\"},\"sameAs\":[\"http:\\\/\\\/socdem.wpengine.com\"],\"url\":\"https:\\\/\\\/www.socdem.org\\\/el\\\/author\\\/avournias\\\/\"}]}<\/script>\n<!-- \/ Yoast SEO plugin. -->","yoast_head_json":{"title":"\u039f \u03b1\u03b3\u1f60\u03bd\u03b1\u03c2 \u0391\u03bb\u03b5\u03c7\u1f00\u03bd\u03b4\u03c1\u03b9\u03b1! \u039c\u03b9\u03b1 \u03bc\u03b5\u03b3\u1f00\u03bb\u03b7 \u03b5\u03c0\u03b9\u03c4\u1f50\u03c7\u03b9\u03b1! - \u0394\u03b7\u03bc\u03bf\u03c4\u03b9\u03ba\u03cc \u03c3\u03c7\u03bf\u03bb\u03b5\u03af\u03bf \u03a3\u03c9\u03ba\u03c1\u03ac\u03c4\u03b7\u03c2 \u03ba\u03b1\u03b9 \u0394\u03b7\u03bc\u03bf\u03c3\u03b8\u03ad\u03bd\u03b7\u03c2","robots":{"index":"index","follow":"follow","max-snippet":"max-snippet:-1","max-image-preview":"max-image-preview:large","max-video-preview":"max-video-preview:-1"},"canonical":"https:\/\/www.socdem.org\/el\/13179\/","og_locale":"el_GR","og_type":"article","og_title":"\u039f \u03b1\u03b3\u1f60\u03bd\u03b1\u03c2 \u0391\u03bb\u03b5\u03c7\u1f00\u03bd\u03b4\u03c1\u03b9\u03b1! \u039c\u03b9\u03b1 \u03bc\u03b5\u03b3\u1f00\u03bb\u03b7 \u03b5\u03c0\u03b9\u03c4\u1f50\u03c7\u03b9\u03b1! - \u0394\u03b7\u03bc\u03bf\u03c4\u03b9\u03ba\u03cc \u03c3\u03c7\u03bf\u03bb\u03b5\u03af\u03bf \u03a3\u03c9\u03ba\u03c1\u03ac\u03c4\u03b7\u03c2 \u03ba\u03b1\u03b9 \u0394\u03b7\u03bc\u03bf\u03c3\u03b8\u03ad\u03bd\u03b7\u03c2","og_description":"On Wednesday, September 24th, \u00a0foggy skies soon turned into a brilliant sunny day as nearly 1200 students with their teachers and parents gathered at the Centre de la nature in...","og_url":"https:\/\/www.socdem.org\/el\/13179\/","og_site_name":"\u0394\u03b7\u03bc\u03bf\u03c4\u03b9\u03ba\u03cc \u03c3\u03c7\u03bf\u03bb\u03b5\u03af\u03bf \u03a3\u03c9\u03ba\u03c1\u03ac\u03c4\u03b7\u03c2 \u03ba\u03b1\u03b9 \u0394\u03b7\u03bc\u03bf\u03c3\u03b8\u03ad\u03bd\u03b7\u03c2","article_publisher":"https:\/\/www.facebook.com\/TheHCGM\/","article_published_time":"2014-09-29T22:53:19+00:00","article_modified_time":"2014-09-29T22:58:30+00:00","og_image":[{"width":260,"height":184,"url":"https:\/\/www.socdem.org\/wp-content\/uploads\/2014\/09\/alexf.png","type":"image\/png"}],"author":"avournias","twitter_card":"summary_large_image","twitter_misc":{"\u03a3\u03c5\u03bd\u03c4\u03ac\u03c7\u03b8\u03b7\u03ba\u03b5 \u03b1\u03c0\u03cc":"avournias","\u0395\u03ba\u03c4\u03b9\u03bc\u03ce\u03bc\u03b5\u03bd\u03bf\u03c2 \u03c7\u03c1\u03cc\u03bd\u03bf\u03c2 \u03b1\u03bd\u03ac\u03b3\u03bd\u03c9\u03c3\u03b7\u03c2":"2 \u03bb\u03b5\u03c0\u03c4\u03ac"},"schema":{"@context":"https:\/\/schema.org","@graph":[{"@type":"Article","@id":"https:\/\/www.socdem.org\/el\/13179\/#article","isPartOf":{"@id":"https:\/\/www.socdem.org\/el\/13179\/"},"author":{"name":"avournias","@id":"https:\/\/www.socdem.org\/el\/#\/schema\/person\/3d4208f100317a6251846d5d4fcb6e6f"},"headline":"\u039f \u03b1\u03b3\u1f60\u03bd\u03b1\u03c2 \u0391\u03bb\u03b5\u03c7\u1f00\u03bd\u03b4\u03c1\u03b9\u03b1! \u039c\u03b9\u03b1 \u03bc\u03b5\u03b3\u1f00\u03bb\u03b7 \u03b5\u03c0\u03b9\u03c4\u1f50\u03c7\u03b9\u03b1!","datePublished":"2014-09-29T22:53:19+00:00","dateModified":"2014-09-29T22:58:30+00:00","mainEntityOfPage":{"@id":"https:\/\/www.socdem.org\/el\/13179\/"},"wordCount":311,"publisher":{"@id":"https:\/\/www.socdem.org\/el\/#organization"},"image":{"@id":"https:\/\/www.socdem.org\/el\/13179\/#primaryimage"},"thumbnailUrl":"https:\/\/www.socdem.org\/wp-content\/uploads\/2014\/09\/alexf.png","inLanguage":"el"},{"@type":"WebPage","@id":"https:\/\/www.socdem.org\/el\/13179\/","url":"https:\/\/www.socdem.org\/el\/13179\/","name":"\u039f \u03b1\u03b3\u1f60\u03bd\u03b1\u03c2 \u0391\u03bb\u03b5\u03c7\u1f00\u03bd\u03b4\u03c1\u03b9\u03b1! \u039c\u03b9\u03b1 \u03bc\u03b5\u03b3\u1f00\u03bb\u03b7 \u03b5\u03c0\u03b9\u03c4\u1f50\u03c7\u03b9\u03b1! - \u0394\u03b7\u03bc\u03bf\u03c4\u03b9\u03ba\u03cc \u03c3\u03c7\u03bf\u03bb\u03b5\u03af\u03bf \u03a3\u03c9\u03ba\u03c1\u03ac\u03c4\u03b7\u03c2 \u03ba\u03b1\u03b9 \u0394\u03b7\u03bc\u03bf\u03c3\u03b8\u03ad\u03bd\u03b7\u03c2","isPartOf":{"@id":"https:\/\/www.socdem.org\/el\/#website"},"primaryImageOfPage":{"@id":"https:\/\/www.socdem.org\/el\/13179\/#primaryimage"},"image":{"@id":"https:\/\/www.socdem.org\/el\/13179\/#primaryimage"},"thumbnailUrl":"https:\/\/www.socdem.org\/wp-content\/uploads\/2014\/09\/alexf.png","datePublished":"2014-09-29T22:53:19+00:00","dateModified":"2014-09-29T22:58:30+00:00","breadcrumb":{"@id":"https:\/\/www.socdem.org\/el\/13179\/#breadcrumb"},"inLanguage":"el","potentialAction":[{"@type":"ReadAction","target":["https:\/\/www.socdem.org\/el\/13179\/"]}]},{"@type":"ImageObject","inLanguage":"el","@id":"https:\/\/www.socdem.org\/el\/13179\/#primaryimage","url":"https:\/\/www.socdem.org\/wp-content\/uploads\/2014\/09\/alexf.png","contentUrl":"https:\/\/www.socdem.org\/wp-content\/uploads\/2014\/09\/alexf.png","width":"260","height":"184"},{"@type":"BreadcrumbList","@id":"https:\/\/www.socdem.org\/el\/13179\/#breadcrumb","itemListElement":[{"@type":"ListItem","position":1,"name":"Accueil","item":"https:\/\/www.socdem.org\/el\/"},{"@type":"ListItem","position":2,"name":"\u039f \u03b1\u03b3\u1f60\u03bd\u03b1\u03c2 \u0391\u03bb\u03b5\u03c7\u1f00\u03bd\u03b4\u03c1\u03b9\u03b1! \u039c\u03b9\u03b1 \u03bc\u03b5\u03b3\u1f00\u03bb\u03b7 \u03b5\u03c0\u03b9\u03c4\u1f50\u03c7\u03b9\u03b1!"}]},{"@type":"WebSite","@id":"https:\/\/www.socdem.org\/el\/#website","url":"https:\/\/www.socdem.org\/el\/","name":"\u00c9cole Socrates-D\u00e9mosth\u00e8ne","description":"\u03a0\u03ad\u03bd\u03c4\u03b5 \u03c4\u03c1\u03af\u03b3\u03bb\u03c9\u03c3\u03c3\u03b1 \u03b5\u03bb\u03bb\u03b7\u03bd\u03b9\u03ba\u03ac \u03b4\u03b7\u03bc\u03bf\u03c4\u03b9\u03ba\u03ac \u03c3\u03c7\u03bf\u03bb\u03b5\u03af\u03b1 \u03c4\u03bf\u03c5 \u039c\u03b5\u03b3\u03b1\u03bb\u03cd\u03c4\u03b5\u03c1\u03bf\u03c5 \u039c\u03bf\u03bd\u03c4\u03c1\u03b5\u03ac\u03bb","publisher":{"@id":"https:\/\/www.socdem.org\/el\/#organization"},"potentialAction":[{"@type":"SearchAction","target":{"@type":"EntryPoint","urlTemplate":"https:\/\/www.socdem.org\/el\/?s={search_term_string}"},"query-input":{"@type":"PropertyValueSpecification","valueRequired":true,"valueName":"search_term_string"}}],"inLanguage":"el"},{"@type":"Organization","@id":"https:\/\/www.socdem.org\/el\/#organization","name":"\u00c9cole Socrates-D\u00e9mosth\u00e8ne","url":"https:\/\/www.socdem.org\/el\/","logo":{"@type":"ImageObject","inLanguage":"el","@id":"https:\/\/www.socdem.org\/el\/#\/schema\/logo\/image\/","url":"https:\/\/www.socdem.org\/wp-content\/uploads\/2014\/03\/SOC-DEM-LOGO-NAME.jpg","contentUrl":"https:\/\/www.socdem.org\/wp-content\/uploads\/2014\/03\/SOC-DEM-LOGO-NAME.jpg","width":"8485","height":"4200","caption":"\u00c9cole Socrates-D\u00e9mosth\u00e8ne"},"image":{"@id":"https:\/\/www.socdem.org\/el\/#\/schema\/logo\/image\/"},"sameAs":["https:\/\/www.facebook.com\/TheHCGM\/","https:\/\/www.instagram.com\/p\/BnE965PhJU7\/?hl=en"]},{"@type":"Person","@id":"https:\/\/www.socdem.org\/el\/#\/schema\/person\/3d4208f100317a6251846d5d4fcb6e6f","name":"avournias","image":{"@type":"ImageObject","inLanguage":"el","@id":"https:\/\/secure.gravatar.com\/avatar\/e44d940614c28c716a6912b81868ef19a508fe61c65c7dbdb4825236cbaa5364?s=96&d=mm&r=g","url":"https:\/\/secure.gravatar.com\/avatar\/e44d940614c28c716a6912b81868ef19a508fe61c65c7dbdb4825236cbaa5364?s=96&d=mm&r=g","contentUrl":"https:\/\/secure.gravatar.com\/avatar\/e44d940614c28c716a6912b81868ef19a508fe61c65c7dbdb4825236cbaa5364?s=96&d=mm&r=g","caption":"avournias"},"sameAs":["http:\/\/socdem.wpengine.com"],"url":"https:\/\/www.socdem.org\/el\/author\/avournias\/"}]}},"_links":{"self":[{"href":"https:\/\/www.socdem.org\/el\/wp-json\/wp\/v2\/posts\/13179","targetHints":{"allow":["GET"]}}],"collection":[{"href":"https:\/\/www.socdem.org\/el\/wp-json\/wp\/v2\/posts"}],"about":[{"href":"https:\/\/www.socdem.org\/el\/wp-json\/wp\/v2\/types\/post"}],"author":[{"embeddable":true,"href":"https:\/\/www.socdem.org\/el\/wp-json\/wp\/v2\/users\/23"}],"replies":[{"embeddable":true,"href":"https:\/\/www.socdem.org\/el\/wp-json\/wp\/v2\/comments?post=13179"}],"version-history":[{"count":0,"href":"https:\/\/www.socdem.org\/el\/wp-json\/wp\/v2\/posts\/13179\/revisions"}],"wp:featuredmedia":[{"embeddable":true,"href":"https:\/\/www.socdem.org\/el\/wp-json\/wp\/v2\/media\/13165"}],"wp:attachment":[{"href":"https:\/\/www.socdem.org\/el\/wp-json\/wp\/v2\/media?parent=13179"}],"wp:term":[{"taxonomy":"category","embeddable":true,"href":"https:\/\/www.socdem.org\/el\/wp-json\/wp\/v2\/categories?post=13179"},{"taxonomy":"post_tag","embeddable":true,"href":"https:\/\/www.socdem.org\/el\/wp-json\/wp\/v2\/tags?post=13179"}],"curies":[{"name":"wp","href":"https:\/\/api.w.org\/{rel}","templated":true}]}}