{"id":14385,"date":"2015-03-17T13:37:36","date_gmt":"2015-03-17T17:37:36","guid":{"rendered":"http:\/\/socdem.wpengine.com\/le-temps-des-fleurs-le-temps-des-neiges-2\/"},"modified":"2015-04-14T16:32:07","modified_gmt":"2015-04-14T20:32:07","slug":"le-temps-des-fleurs-le-temps-des-neiges","status":"publish","type":"post","link":"https:\/\/www.socdem.org\/el\/le-temps-des-fleurs-le-temps-des-neiges\/","title":{"rendered":"\u039f\u03b9 \u03bc\u03b1\u03b8\u03b7\u03c4\u1f10\u03c2 \u03bc\u03b1\u03c2 \u03bb\u1f00\u03b2\u03b1\u03bd \u03bc\u1f10\u03c1\u03bf\u03c2 \u03c3\u03c4\u03bf &#8220;Le Temps des fleurs, le temps des neiges&#8221;"},"content":{"rendered":"<h6 style=\"text-align: center;\"><a href=\"http:\/\/socdem.wpengine.com\/wp-content\/uploads\/2015\/03\/1.jpg\"><img loading=\"lazy\" decoding=\"async\" class=\"alignleft size-large wp-image-14372\" title=\"1\" src=\"http:\/\/socdem.wpengine.com\/wp-content\/uploads\/2015\/03\/1-1024x682.jpg\" alt=\"\" width=\"980\" height=\"652\" srcset=\"https:\/\/www.socdem.org\/wp-content\/uploads\/2015\/03\/1-1024x682.jpg 1024w, https:\/\/www.socdem.org\/wp-content\/uploads\/2015\/03\/1-300x200.jpg 300w\" sizes=\"auto, (max-width: 980px) 100vw, 980px\" \/><\/a><\/h6>\n<h6><\/h6>\n<h6><\/h6>\n<h6><\/h6>\n<h6><\/h6>\n<h6><\/h6>\n<h6><\/h6>\n<h6><\/h6>\n<h6><\/h6>\n<h6><\/h6>\n<h6><\/h6>\n<h6><\/h6>\n<h6><\/h6>\n<h6><\/h6>\n<h6><\/h6>\n<h6><\/h6>\n<h6><\/h6>\n<h6>On February 24, 2015, at the Hellenic Community Centre Adrian Maris, a choir of 350 elementary students, including 33 students from <strong>\u00c9cole Socrates D\u00e9mosth\u00e8nes<\/strong> offered to the media and the public, a musical preview of <em>Le Temps des fleurs, le temps des neiges<\/em>, a retelling of the ancient Greek myth of the goddess Demeter, her daughter Persephone and how the seasons came to be.<\/h6>\n<h6><a href=\"http:\/\/socdem.wpengine.com\/wp-content\/uploads\/2015\/03\/2.jpg\"><img loading=\"lazy\" decoding=\"async\" class=\"aligncenter size-full wp-image-14373\" title=\"2\" src=\"http:\/\/socdem.wpengine.com\/wp-content\/uploads\/2015\/03\/2.jpg\" alt=\"\" width=\"791\" height=\"489\" srcset=\"https:\/\/www.socdem.org\/wp-content\/uploads\/2015\/03\/2.jpg 791w, https:\/\/www.socdem.org\/wp-content\/uploads\/2015\/03\/2-300x185.jpg 300w\" sizes=\"auto, (max-width: 791px) 100vw, 791px\" \/><\/a><\/h6>\n<h6>They were accompanied by 55 musicians of the Orchestre symphonique Pop de Montreal, an opportunity made possible through financial support from the Hellenic Congress of Quebec. \u00a0The author, Glen Huser, and the composer, Giannis Georgantelis were also present, along with many dignitaries, including Dimitrios Jim Beis, Borough Mayor for Pierrefonds-Roxboro and Mary Deros, Montreal City Councilor for Villeray-Saint-Michel-Parc-Extension.<\/h6>\n<h6><a href=\"http:\/\/socdem.wpengine.com\/wp-content\/uploads\/2015\/03\/3.jpg\"><img loading=\"lazy\" decoding=\"async\" class=\"aligncenter size-full wp-image-14374\" title=\"3\" src=\"http:\/\/socdem.wpengine.com\/wp-content\/uploads\/2015\/03\/3.jpg\" alt=\"\" width=\"730\" height=\"523\" srcset=\"https:\/\/www.socdem.org\/wp-content\/uploads\/2015\/03\/3.jpg 730w, https:\/\/www.socdem.org\/wp-content\/uploads\/2015\/03\/3-300x214.jpg 300w\" sizes=\"auto, (max-width: 730px) 100vw, 730px\" \/><\/a><\/h6>\n<h6><em>Le Temps des fleurs, le temps des neige<\/em> is scheduled to be launched in Autumn 2015. The book and CD is being produced by Chroma Musika (Dimitris Ilias and Maria Diamantis) and Panarmonia Atelier Musical, in collaboration with Quebec-based book publisher, Plan\u00e8te Rebelle.\u00a0 The Hellenic Community of Greater Montreal is an important partner in this project, providing space for auditions and rehearsals.<\/h6>\n<h6><a href=\"http:\/\/socdem.wpengine.com\/wp-content\/uploads\/2015\/03\/4.jpg\"><img loading=\"lazy\" decoding=\"async\" class=\"aligncenter size-full wp-image-14375\" title=\"4\" src=\"http:\/\/socdem.wpengine.com\/wp-content\/uploads\/2015\/03\/4.jpg\" alt=\"\" width=\"876\" height=\"584\" srcset=\"https:\/\/www.socdem.org\/wp-content\/uploads\/2015\/03\/4.jpg 876w, https:\/\/www.socdem.org\/wp-content\/uploads\/2015\/03\/4-300x200.jpg 300w\" sizes=\"auto, (max-width: 876px) 100vw, 876px\" \/><\/a><br \/>\nThis is our sixth musical collaboration with Chroma Musika. Students from \u00c9cole Socrates D\u00e9mosth\u00e8nes have been a part of every choir since they began producing children&#8217;s books and CDs in 2007.<\/h6>\n<h6><a href=\"http:\/\/socdem.wpengine.com\/wp-content\/uploads\/2015\/03\/5.jpg\"><img loading=\"lazy\" decoding=\"async\" class=\"aligncenter size-large wp-image-14376\" title=\"5\" src=\"http:\/\/socdem.wpengine.com\/wp-content\/uploads\/2015\/03\/5-1024x576.jpg\" alt=\"\" width=\"980\" height=\"551\" srcset=\"https:\/\/www.socdem.org\/wp-content\/uploads\/2015\/03\/5-1024x576.jpg 1024w, https:\/\/www.socdem.org\/wp-content\/uploads\/2015\/03\/5-300x168.jpg 300w, https:\/\/www.socdem.org\/wp-content\/uploads\/2015\/03\/5.jpg 1920w\" sizes=\"auto, (max-width: 980px) 100vw, 980px\" \/><\/a><\/h6>\n<p><strong>\u201cMusic gives a soul to the universe, wings to the mind, flight to the imagination and life to everything.\u201d<\/strong><\/p>\n<p><strong>&#8211; Plato<\/strong><\/p>\n<h6>Proceeds from the sale of the book and CD will be used by the participating schools to promote music education and creative writing. Planning is currently underway for several launch events, including the official launch at Montreal City Hall and a series of mini-concerts at the Quebec National Assembly, Ottawa Parliament at the Salon du Livre de Montr\u00e9al.<\/h6>\n<h6>Congratulations and many thanks to everybody who participated in this wonderful project.<\/h6>\n<p><a href=\"http:\/\/socdem.wpengine.com\/wp-content\/uploads\/2015\/03\/6.jpg\"><img loading=\"lazy\" decoding=\"async\" class=\"aligncenter size-full wp-image-14377\" title=\"6\" src=\"http:\/\/socdem.wpengine.com\/wp-content\/uploads\/2015\/03\/6.jpg\" alt=\"\" width=\"701\" height=\"1051\" srcset=\"https:\/\/www.socdem.org\/wp-content\/uploads\/2015\/03\/6.jpg 701w, https:\/\/www.socdem.org\/wp-content\/uploads\/2015\/03\/6-200x300.jpg 200w, https:\/\/www.socdem.org\/wp-content\/uploads\/2015\/03\/6-682x1024.jpg 682w\" sizes=\"auto, (max-width: 701px) 100vw, 701px\" \/><\/a><\/p>\n","protected":false},"excerpt":{"rendered":"<p>On February 24, 2015, at the Hellenic Community Centre Adrian Maris, a choir of 350 elementary students, including 33 students from \u00c9cole Socrates D\u00e9mosth\u00e8nes offered to the media and the&#8230;<\/p>\n","protected":false},"author":23,"featured_media":14379,"comment_status":"closed","ping_status":"closed","sticky":false,"template":"","format":"standard","meta":{"_monsterinsights_skip_tracking":false,"_monsterinsights_sitenote_active":false,"_monsterinsights_sitenote_note":"","_monsterinsights_sitenote_category":0,"footnotes":""},"categories":[93,94,95,96,97,87],"tags":[],"class_list":{"0":"post-14385","1":"post","2":"type-post","3":"status-publish","4":"format-standard","5":"has-post-thumbnail","7":"category-nea-2","8":"category-nea-3","9":"category-nea-4","10":"category-nea-5","11":"category-nea-demosthene","12":"category-news-and-activities-greek"},"yoast_head":"<!-- This site is optimized with the Yoast SEO plugin v27.5 - https:\/\/yoast.com\/product\/yoast-seo-wordpress\/ -->\n<title>\u039f\u03b9 \u03bc\u03b1\u03b8\u03b7\u03c4\u1f10\u03c2 \u03bc\u03b1\u03c2 \u03bb\u1f00\u03b2\u03b1\u03bd \u03bc\u1f10\u03c1\u03bf\u03c2 \u03c3\u03c4\u03bf &quot;Le Temps des fleurs, le temps des neiges&quot; - \u0394\u03b7\u03bc\u03bf\u03c4\u03b9\u03ba\u03cc \u03c3\u03c7\u03bf\u03bb\u03b5\u03af\u03bf \u03a3\u03c9\u03ba\u03c1\u03ac\u03c4\u03b7\u03c2 \u03ba\u03b1\u03b9 \u0394\u03b7\u03bc\u03bf\u03c3\u03b8\u03ad\u03bd\u03b7\u03c2<\/title>\n<meta name=\"robots\" content=\"index, follow, max-snippet:-1, max-image-preview:large, max-video-preview:-1\" \/>\n<link rel=\"canonical\" href=\"https:\/\/www.socdem.org\/el\/le-temps-des-fleurs-le-temps-des-neiges\/\" \/>\n<meta property=\"og:locale\" content=\"el_GR\" \/>\n<meta property=\"og:type\" content=\"article\" \/>\n<meta property=\"og:title\" content=\"\u039f\u03b9 \u03bc\u03b1\u03b8\u03b7\u03c4\u1f10\u03c2 \u03bc\u03b1\u03c2 \u03bb\u1f00\u03b2\u03b1\u03bd \u03bc\u1f10\u03c1\u03bf\u03c2 \u03c3\u03c4\u03bf &quot;Le Temps des fleurs, le temps des neiges&quot; - \u0394\u03b7\u03bc\u03bf\u03c4\u03b9\u03ba\u03cc \u03c3\u03c7\u03bf\u03bb\u03b5\u03af\u03bf \u03a3\u03c9\u03ba\u03c1\u03ac\u03c4\u03b7\u03c2 \u03ba\u03b1\u03b9 \u0394\u03b7\u03bc\u03bf\u03c3\u03b8\u03ad\u03bd\u03b7\u03c2\" \/>\n<meta property=\"og:description\" content=\"On February 24, 2015, at the Hellenic Community Centre Adrian Maris, a choir of 350 elementary students, including 33 students from \u00c9cole Socrates D\u00e9mosth\u00e8nes offered to the media and the...\" \/>\n<meta property=\"og:url\" content=\"https:\/\/www.socdem.org\/el\/le-temps-des-fleurs-le-temps-des-neiges\/\" \/>\n<meta property=\"og:site_name\" content=\"\u0394\u03b7\u03bc\u03bf\u03c4\u03b9\u03ba\u03cc \u03c3\u03c7\u03bf\u03bb\u03b5\u03af\u03bf \u03a3\u03c9\u03ba\u03c1\u03ac\u03c4\u03b7\u03c2 \u03ba\u03b1\u03b9 \u0394\u03b7\u03bc\u03bf\u03c3\u03b8\u03ad\u03bd\u03b7\u03c2\" \/>\n<meta property=\"article:publisher\" content=\"https:\/\/www.facebook.com\/TheHCGM\/\" \/>\n<meta property=\"article:published_time\" content=\"2015-03-17T17:37:36+00:00\" \/>\n<meta property=\"article:modified_time\" content=\"2015-04-14T20:32:07+00:00\" \/>\n<meta property=\"og:image\" content=\"https:\/\/www.socdem.org\/wp-content\/uploads\/2015\/03\/banni\u00e8re.jpg\" \/>\n\t<meta property=\"og:image:width\" content=\"185\" \/>\n\t<meta property=\"og:image:height\" content=\"419\" \/>\n\t<meta property=\"og:image:type\" content=\"image\/jpeg\" \/>\n<meta name=\"author\" content=\"avournias\" \/>\n<meta name=\"twitter:card\" content=\"summary_large_image\" \/>\n<meta name=\"twitter:label1\" content=\"\u03a3\u03c5\u03bd\u03c4\u03ac\u03c7\u03b8\u03b7\u03ba\u03b5 \u03b1\u03c0\u03cc\" \/>\n\t<meta name=\"twitter:data1\" content=\"avournias\" \/>\n\t<meta name=\"twitter:label2\" content=\"\u0395\u03ba\u03c4\u03b9\u03bc\u03ce\u03bc\u03b5\u03bd\u03bf\u03c2 \u03c7\u03c1\u03cc\u03bd\u03bf\u03c2 \u03b1\u03bd\u03ac\u03b3\u03bd\u03c9\u03c3\u03b7\u03c2\" \/>\n\t<meta name=\"twitter:data2\" content=\"2 \u03bb\u03b5\u03c0\u03c4\u03ac\" \/>\n<script type=\"application\/ld+json\" class=\"yoast-schema-graph\">{\"@context\":\"https:\\\/\\\/schema.org\",\"@graph\":[{\"@type\":\"Article\",\"@id\":\"https:\\\/\\\/www.socdem.org\\\/el\\\/le-temps-des-fleurs-le-temps-des-neiges\\\/#article\",\"isPartOf\":{\"@id\":\"https:\\\/\\\/www.socdem.org\\\/el\\\/le-temps-des-fleurs-le-temps-des-neiges\\\/\"},\"author\":{\"name\":\"avournias\",\"@id\":\"https:\\\/\\\/www.socdem.org\\\/el\\\/#\\\/schema\\\/person\\\/3d4208f100317a6251846d5d4fcb6e6f\"},\"headline\":\"\u039f\u03b9 \u03bc\u03b1\u03b8\u03b7\u03c4\u1f10\u03c2 \u03bc\u03b1\u03c2 \u03bb\u1f00\u03b2\u03b1\u03bd \u03bc\u1f10\u03c1\u03bf\u03c2 \u03c3\u03c4\u03bf &#8220;Le Temps des fleurs, le temps des neiges&#8221;\",\"datePublished\":\"2015-03-17T17:37:36+00:00\",\"dateModified\":\"2015-04-14T20:32:07+00:00\",\"mainEntityOfPage\":{\"@id\":\"https:\\\/\\\/www.socdem.org\\\/el\\\/le-temps-des-fleurs-le-temps-des-neiges\\\/\"},\"wordCount\":313,\"publisher\":{\"@id\":\"https:\\\/\\\/www.socdem.org\\\/el\\\/#organization\"},\"image\":{\"@id\":\"https:\\\/\\\/www.socdem.org\\\/el\\\/le-temps-des-fleurs-le-temps-des-neiges\\\/#primaryimage\"},\"thumbnailUrl\":\"https:\\\/\\\/www.socdem.org\\\/wp-content\\\/uploads\\\/2015\\\/03\\\/banni\u00e8re.jpg\",\"articleSection\":[\"Nea 2\",\"Nea 3\",\"Nea 4\",\"Nea 5\",\"Nea demosthene\",\"News and activities greek\"],\"inLanguage\":\"el\"},{\"@type\":\"WebPage\",\"@id\":\"https:\\\/\\\/www.socdem.org\\\/el\\\/le-temps-des-fleurs-le-temps-des-neiges\\\/\",\"url\":\"https:\\\/\\\/www.socdem.org\\\/el\\\/le-temps-des-fleurs-le-temps-des-neiges\\\/\",\"name\":\"\u039f\u03b9 \u03bc\u03b1\u03b8\u03b7\u03c4\u1f10\u03c2 \u03bc\u03b1\u03c2 \u03bb\u1f00\u03b2\u03b1\u03bd \u03bc\u1f10\u03c1\u03bf\u03c2 \u03c3\u03c4\u03bf \\\"Le Temps des fleurs, le temps des neiges\\\" - \u0394\u03b7\u03bc\u03bf\u03c4\u03b9\u03ba\u03cc \u03c3\u03c7\u03bf\u03bb\u03b5\u03af\u03bf \u03a3\u03c9\u03ba\u03c1\u03ac\u03c4\u03b7\u03c2 \u03ba\u03b1\u03b9 \u0394\u03b7\u03bc\u03bf\u03c3\u03b8\u03ad\u03bd\u03b7\u03c2\",\"isPartOf\":{\"@id\":\"https:\\\/\\\/www.socdem.org\\\/el\\\/#website\"},\"primaryImageOfPage\":{\"@id\":\"https:\\\/\\\/www.socdem.org\\\/el\\\/le-temps-des-fleurs-le-temps-des-neiges\\\/#primaryimage\"},\"image\":{\"@id\":\"https:\\\/\\\/www.socdem.org\\\/el\\\/le-temps-des-fleurs-le-temps-des-neiges\\\/#primaryimage\"},\"thumbnailUrl\":\"https:\\\/\\\/www.socdem.org\\\/wp-content\\\/uploads\\\/2015\\\/03\\\/banni\u00e8re.jpg\",\"datePublished\":\"2015-03-17T17:37:36+00:00\",\"dateModified\":\"2015-04-14T20:32:07+00:00\",\"breadcrumb\":{\"@id\":\"https:\\\/\\\/www.socdem.org\\\/el\\\/le-temps-des-fleurs-le-temps-des-neiges\\\/#breadcrumb\"},\"inLanguage\":\"el\",\"potentialAction\":[{\"@type\":\"ReadAction\",\"target\":[\"https:\\\/\\\/www.socdem.org\\\/el\\\/le-temps-des-fleurs-le-temps-des-neiges\\\/\"]}]},{\"@type\":\"ImageObject\",\"inLanguage\":\"el\",\"@id\":\"https:\\\/\\\/www.socdem.org\\\/el\\\/le-temps-des-fleurs-le-temps-des-neiges\\\/#primaryimage\",\"url\":\"https:\\\/\\\/www.socdem.org\\\/wp-content\\\/uploads\\\/2015\\\/03\\\/banni\u00e8re.jpg\",\"contentUrl\":\"https:\\\/\\\/www.socdem.org\\\/wp-content\\\/uploads\\\/2015\\\/03\\\/banni\u00e8re.jpg\",\"width\":\"185\",\"height\":\"419\"},{\"@type\":\"BreadcrumbList\",\"@id\":\"https:\\\/\\\/www.socdem.org\\\/el\\\/le-temps-des-fleurs-le-temps-des-neiges\\\/#breadcrumb\",\"itemListElement\":[{\"@type\":\"ListItem\",\"position\":1,\"name\":\"Accueil\",\"item\":\"https:\\\/\\\/www.socdem.org\\\/el\\\/\"},{\"@type\":\"ListItem\",\"position\":2,\"name\":\"\u039f\u03b9 \u03bc\u03b1\u03b8\u03b7\u03c4\u1f10\u03c2 \u03bc\u03b1\u03c2 \u03bb\u1f00\u03b2\u03b1\u03bd \u03bc\u1f10\u03c1\u03bf\u03c2 \u03c3\u03c4\u03bf &#8220;Le Temps des fleurs, le temps des neiges&#8221;\"}]},{\"@type\":\"WebSite\",\"@id\":\"https:\\\/\\\/www.socdem.org\\\/el\\\/#website\",\"url\":\"https:\\\/\\\/www.socdem.org\\\/el\\\/\",\"name\":\"\u00c9cole Socrates-D\u00e9mosth\u00e8ne\",\"description\":\"\u03a0\u03ad\u03bd\u03c4\u03b5 \u03c4\u03c1\u03af\u03b3\u03bb\u03c9\u03c3\u03c3\u03b1 \u03b5\u03bb\u03bb\u03b7\u03bd\u03b9\u03ba\u03ac \u03b4\u03b7\u03bc\u03bf\u03c4\u03b9\u03ba\u03ac \u03c3\u03c7\u03bf\u03bb\u03b5\u03af\u03b1 \u03c4\u03bf\u03c5 \u039c\u03b5\u03b3\u03b1\u03bb\u03cd\u03c4\u03b5\u03c1\u03bf\u03c5 \u039c\u03bf\u03bd\u03c4\u03c1\u03b5\u03ac\u03bb\",\"publisher\":{\"@id\":\"https:\\\/\\\/www.socdem.org\\\/el\\\/#organization\"},\"potentialAction\":[{\"@type\":\"SearchAction\",\"target\":{\"@type\":\"EntryPoint\",\"urlTemplate\":\"https:\\\/\\\/www.socdem.org\\\/el\\\/?s={search_term_string}\"},\"query-input\":{\"@type\":\"PropertyValueSpecification\",\"valueRequired\":true,\"valueName\":\"search_term_string\"}}],\"inLanguage\":\"el\"},{\"@type\":\"Organization\",\"@id\":\"https:\\\/\\\/www.socdem.org\\\/el\\\/#organization\",\"name\":\"\u00c9cole Socrates-D\u00e9mosth\u00e8ne\",\"url\":\"https:\\\/\\\/www.socdem.org\\\/el\\\/\",\"logo\":{\"@type\":\"ImageObject\",\"inLanguage\":\"el\",\"@id\":\"https:\\\/\\\/www.socdem.org\\\/el\\\/#\\\/schema\\\/logo\\\/image\\\/\",\"url\":\"https:\\\/\\\/www.socdem.org\\\/wp-content\\\/uploads\\\/2014\\\/03\\\/SOC-DEM-LOGO-NAME.jpg\",\"contentUrl\":\"https:\\\/\\\/www.socdem.org\\\/wp-content\\\/uploads\\\/2014\\\/03\\\/SOC-DEM-LOGO-NAME.jpg\",\"width\":\"8485\",\"height\":\"4200\",\"caption\":\"\u00c9cole Socrates-D\u00e9mosth\u00e8ne\"},\"image\":{\"@id\":\"https:\\\/\\\/www.socdem.org\\\/el\\\/#\\\/schema\\\/logo\\\/image\\\/\"},\"sameAs\":[\"https:\\\/\\\/www.facebook.com\\\/TheHCGM\\\/\",\"https:\\\/\\\/www.instagram.com\\\/p\\\/BnE965PhJU7\\\/?hl=en\"]},{\"@type\":\"Person\",\"@id\":\"https:\\\/\\\/www.socdem.org\\\/el\\\/#\\\/schema\\\/person\\\/3d4208f100317a6251846d5d4fcb6e6f\",\"name\":\"avournias\",\"image\":{\"@type\":\"ImageObject\",\"inLanguage\":\"el\",\"@id\":\"https:\\\/\\\/secure.gravatar.com\\\/avatar\\\/e44d940614c28c716a6912b81868ef19a508fe61c65c7dbdb4825236cbaa5364?s=96&d=mm&r=g\",\"url\":\"https:\\\/\\\/secure.gravatar.com\\\/avatar\\\/e44d940614c28c716a6912b81868ef19a508fe61c65c7dbdb4825236cbaa5364?s=96&d=mm&r=g\",\"contentUrl\":\"https:\\\/\\\/secure.gravatar.com\\\/avatar\\\/e44d940614c28c716a6912b81868ef19a508fe61c65c7dbdb4825236cbaa5364?s=96&d=mm&r=g\",\"caption\":\"avournias\"},\"sameAs\":[\"http:\\\/\\\/socdem.wpengine.com\"],\"url\":\"https:\\\/\\\/www.socdem.org\\\/el\\\/author\\\/avournias\\\/\"}]}<\/script>\n<!-- \/ Yoast SEO plugin. -->","yoast_head_json":{"title":"\u039f\u03b9 \u03bc\u03b1\u03b8\u03b7\u03c4\u1f10\u03c2 \u03bc\u03b1\u03c2 \u03bb\u1f00\u03b2\u03b1\u03bd \u03bc\u1f10\u03c1\u03bf\u03c2 \u03c3\u03c4\u03bf \"Le Temps des fleurs, le temps des neiges\" - \u0394\u03b7\u03bc\u03bf\u03c4\u03b9\u03ba\u03cc \u03c3\u03c7\u03bf\u03bb\u03b5\u03af\u03bf \u03a3\u03c9\u03ba\u03c1\u03ac\u03c4\u03b7\u03c2 \u03ba\u03b1\u03b9 \u0394\u03b7\u03bc\u03bf\u03c3\u03b8\u03ad\u03bd\u03b7\u03c2","robots":{"index":"index","follow":"follow","max-snippet":"max-snippet:-1","max-image-preview":"max-image-preview:large","max-video-preview":"max-video-preview:-1"},"canonical":"https:\/\/www.socdem.org\/el\/le-temps-des-fleurs-le-temps-des-neiges\/","og_locale":"el_GR","og_type":"article","og_title":"\u039f\u03b9 \u03bc\u03b1\u03b8\u03b7\u03c4\u1f10\u03c2 \u03bc\u03b1\u03c2 \u03bb\u1f00\u03b2\u03b1\u03bd \u03bc\u1f10\u03c1\u03bf\u03c2 \u03c3\u03c4\u03bf \"Le Temps des fleurs, le temps des neiges\" - \u0394\u03b7\u03bc\u03bf\u03c4\u03b9\u03ba\u03cc \u03c3\u03c7\u03bf\u03bb\u03b5\u03af\u03bf \u03a3\u03c9\u03ba\u03c1\u03ac\u03c4\u03b7\u03c2 \u03ba\u03b1\u03b9 \u0394\u03b7\u03bc\u03bf\u03c3\u03b8\u03ad\u03bd\u03b7\u03c2","og_description":"On February 24, 2015, at the Hellenic Community Centre Adrian Maris, a choir of 350 elementary students, including 33 students from \u00c9cole Socrates D\u00e9mosth\u00e8nes offered to the media and the...","og_url":"https:\/\/www.socdem.org\/el\/le-temps-des-fleurs-le-temps-des-neiges\/","og_site_name":"\u0394\u03b7\u03bc\u03bf\u03c4\u03b9\u03ba\u03cc \u03c3\u03c7\u03bf\u03bb\u03b5\u03af\u03bf \u03a3\u03c9\u03ba\u03c1\u03ac\u03c4\u03b7\u03c2 \u03ba\u03b1\u03b9 \u0394\u03b7\u03bc\u03bf\u03c3\u03b8\u03ad\u03bd\u03b7\u03c2","article_publisher":"https:\/\/www.facebook.com\/TheHCGM\/","article_published_time":"2015-03-17T17:37:36+00:00","article_modified_time":"2015-04-14T20:32:07+00:00","og_image":[{"width":185,"height":419,"url":"https:\/\/www.socdem.org\/wp-content\/uploads\/2015\/03\/banni\u00e8re.jpg","type":"image\/jpeg"}],"author":"avournias","twitter_card":"summary_large_image","twitter_misc":{"\u03a3\u03c5\u03bd\u03c4\u03ac\u03c7\u03b8\u03b7\u03ba\u03b5 \u03b1\u03c0\u03cc":"avournias","\u0395\u03ba\u03c4\u03b9\u03bc\u03ce\u03bc\u03b5\u03bd\u03bf\u03c2 \u03c7\u03c1\u03cc\u03bd\u03bf\u03c2 \u03b1\u03bd\u03ac\u03b3\u03bd\u03c9\u03c3\u03b7\u03c2":"2 \u03bb\u03b5\u03c0\u03c4\u03ac"},"schema":{"@context":"https:\/\/schema.org","@graph":[{"@type":"Article","@id":"https:\/\/www.socdem.org\/el\/le-temps-des-fleurs-le-temps-des-neiges\/#article","isPartOf":{"@id":"https:\/\/www.socdem.org\/el\/le-temps-des-fleurs-le-temps-des-neiges\/"},"author":{"name":"avournias","@id":"https:\/\/www.socdem.org\/el\/#\/schema\/person\/3d4208f100317a6251846d5d4fcb6e6f"},"headline":"\u039f\u03b9 \u03bc\u03b1\u03b8\u03b7\u03c4\u1f10\u03c2 \u03bc\u03b1\u03c2 \u03bb\u1f00\u03b2\u03b1\u03bd \u03bc\u1f10\u03c1\u03bf\u03c2 \u03c3\u03c4\u03bf &#8220;Le Temps des fleurs, le temps des neiges&#8221;","datePublished":"2015-03-17T17:37:36+00:00","dateModified":"2015-04-14T20:32:07+00:00","mainEntityOfPage":{"@id":"https:\/\/www.socdem.org\/el\/le-temps-des-fleurs-le-temps-des-neiges\/"},"wordCount":313,"publisher":{"@id":"https:\/\/www.socdem.org\/el\/#organization"},"image":{"@id":"https:\/\/www.socdem.org\/el\/le-temps-des-fleurs-le-temps-des-neiges\/#primaryimage"},"thumbnailUrl":"https:\/\/www.socdem.org\/wp-content\/uploads\/2015\/03\/banni\u00e8re.jpg","articleSection":["Nea 2","Nea 3","Nea 4","Nea 5","Nea demosthene","News and activities greek"],"inLanguage":"el"},{"@type":"WebPage","@id":"https:\/\/www.socdem.org\/el\/le-temps-des-fleurs-le-temps-des-neiges\/","url":"https:\/\/www.socdem.org\/el\/le-temps-des-fleurs-le-temps-des-neiges\/","name":"\u039f\u03b9 \u03bc\u03b1\u03b8\u03b7\u03c4\u1f10\u03c2 \u03bc\u03b1\u03c2 \u03bb\u1f00\u03b2\u03b1\u03bd \u03bc\u1f10\u03c1\u03bf\u03c2 \u03c3\u03c4\u03bf \"Le Temps des fleurs, le temps des neiges\" - \u0394\u03b7\u03bc\u03bf\u03c4\u03b9\u03ba\u03cc \u03c3\u03c7\u03bf\u03bb\u03b5\u03af\u03bf \u03a3\u03c9\u03ba\u03c1\u03ac\u03c4\u03b7\u03c2 \u03ba\u03b1\u03b9 \u0394\u03b7\u03bc\u03bf\u03c3\u03b8\u03ad\u03bd\u03b7\u03c2","isPartOf":{"@id":"https:\/\/www.socdem.org\/el\/#website"},"primaryImageOfPage":{"@id":"https:\/\/www.socdem.org\/el\/le-temps-des-fleurs-le-temps-des-neiges\/#primaryimage"},"image":{"@id":"https:\/\/www.socdem.org\/el\/le-temps-des-fleurs-le-temps-des-neiges\/#primaryimage"},"thumbnailUrl":"https:\/\/www.socdem.org\/wp-content\/uploads\/2015\/03\/banni\u00e8re.jpg","datePublished":"2015-03-17T17:37:36+00:00","dateModified":"2015-04-14T20:32:07+00:00","breadcrumb":{"@id":"https:\/\/www.socdem.org\/el\/le-temps-des-fleurs-le-temps-des-neiges\/#breadcrumb"},"inLanguage":"el","potentialAction":[{"@type":"ReadAction","target":["https:\/\/www.socdem.org\/el\/le-temps-des-fleurs-le-temps-des-neiges\/"]}]},{"@type":"ImageObject","inLanguage":"el","@id":"https:\/\/www.socdem.org\/el\/le-temps-des-fleurs-le-temps-des-neiges\/#primaryimage","url":"https:\/\/www.socdem.org\/wp-content\/uploads\/2015\/03\/banni\u00e8re.jpg","contentUrl":"https:\/\/www.socdem.org\/wp-content\/uploads\/2015\/03\/banni\u00e8re.jpg","width":"185","height":"419"},{"@type":"BreadcrumbList","@id":"https:\/\/www.socdem.org\/el\/le-temps-des-fleurs-le-temps-des-neiges\/#breadcrumb","itemListElement":[{"@type":"ListItem","position":1,"name":"Accueil","item":"https:\/\/www.socdem.org\/el\/"},{"@type":"ListItem","position":2,"name":"\u039f\u03b9 \u03bc\u03b1\u03b8\u03b7\u03c4\u1f10\u03c2 \u03bc\u03b1\u03c2 \u03bb\u1f00\u03b2\u03b1\u03bd \u03bc\u1f10\u03c1\u03bf\u03c2 \u03c3\u03c4\u03bf &#8220;Le Temps des fleurs, le temps des neiges&#8221;"}]},{"@type":"WebSite","@id":"https:\/\/www.socdem.org\/el\/#website","url":"https:\/\/www.socdem.org\/el\/","name":"\u00c9cole Socrates-D\u00e9mosth\u00e8ne","description":"\u03a0\u03ad\u03bd\u03c4\u03b5 \u03c4\u03c1\u03af\u03b3\u03bb\u03c9\u03c3\u03c3\u03b1 \u03b5\u03bb\u03bb\u03b7\u03bd\u03b9\u03ba\u03ac \u03b4\u03b7\u03bc\u03bf\u03c4\u03b9\u03ba\u03ac \u03c3\u03c7\u03bf\u03bb\u03b5\u03af\u03b1 \u03c4\u03bf\u03c5 \u039c\u03b5\u03b3\u03b1\u03bb\u03cd\u03c4\u03b5\u03c1\u03bf\u03c5 \u039c\u03bf\u03bd\u03c4\u03c1\u03b5\u03ac\u03bb","publisher":{"@id":"https:\/\/www.socdem.org\/el\/#organization"},"potentialAction":[{"@type":"SearchAction","target":{"@type":"EntryPoint","urlTemplate":"https:\/\/www.socdem.org\/el\/?s={search_term_string}"},"query-input":{"@type":"PropertyValueSpecification","valueRequired":true,"valueName":"search_term_string"}}],"inLanguage":"el"},{"@type":"Organization","@id":"https:\/\/www.socdem.org\/el\/#organization","name":"\u00c9cole Socrates-D\u00e9mosth\u00e8ne","url":"https:\/\/www.socdem.org\/el\/","logo":{"@type":"ImageObject","inLanguage":"el","@id":"https:\/\/www.socdem.org\/el\/#\/schema\/logo\/image\/","url":"https:\/\/www.socdem.org\/wp-content\/uploads\/2014\/03\/SOC-DEM-LOGO-NAME.jpg","contentUrl":"https:\/\/www.socdem.org\/wp-content\/uploads\/2014\/03\/SOC-DEM-LOGO-NAME.jpg","width":"8485","height":"4200","caption":"\u00c9cole Socrates-D\u00e9mosth\u00e8ne"},"image":{"@id":"https:\/\/www.socdem.org\/el\/#\/schema\/logo\/image\/"},"sameAs":["https:\/\/www.facebook.com\/TheHCGM\/","https:\/\/www.instagram.com\/p\/BnE965PhJU7\/?hl=en"]},{"@type":"Person","@id":"https:\/\/www.socdem.org\/el\/#\/schema\/person\/3d4208f100317a6251846d5d4fcb6e6f","name":"avournias","image":{"@type":"ImageObject","inLanguage":"el","@id":"https:\/\/secure.gravatar.com\/avatar\/e44d940614c28c716a6912b81868ef19a508fe61c65c7dbdb4825236cbaa5364?s=96&d=mm&r=g","url":"https:\/\/secure.gravatar.com\/avatar\/e44d940614c28c716a6912b81868ef19a508fe61c65c7dbdb4825236cbaa5364?s=96&d=mm&r=g","contentUrl":"https:\/\/secure.gravatar.com\/avatar\/e44d940614c28c716a6912b81868ef19a508fe61c65c7dbdb4825236cbaa5364?s=96&d=mm&r=g","caption":"avournias"},"sameAs":["http:\/\/socdem.wpengine.com"],"url":"https:\/\/www.socdem.org\/el\/author\/avournias\/"}]}},"_links":{"self":[{"href":"https:\/\/www.socdem.org\/el\/wp-json\/wp\/v2\/posts\/14385","targetHints":{"allow":["GET"]}}],"collection":[{"href":"https:\/\/www.socdem.org\/el\/wp-json\/wp\/v2\/posts"}],"about":[{"href":"https:\/\/www.socdem.org\/el\/wp-json\/wp\/v2\/types\/post"}],"author":[{"embeddable":true,"href":"https:\/\/www.socdem.org\/el\/wp-json\/wp\/v2\/users\/23"}],"replies":[{"embeddable":true,"href":"https:\/\/www.socdem.org\/el\/wp-json\/wp\/v2\/comments?post=14385"}],"version-history":[{"count":0,"href":"https:\/\/www.socdem.org\/el\/wp-json\/wp\/v2\/posts\/14385\/revisions"}],"wp:featuredmedia":[{"embeddable":true,"href":"https:\/\/www.socdem.org\/el\/wp-json\/wp\/v2\/media\/14379"}],"wp:attachment":[{"href":"https:\/\/www.socdem.org\/el\/wp-json\/wp\/v2\/media?parent=14385"}],"wp:term":[{"taxonomy":"category","embeddable":true,"href":"https:\/\/www.socdem.org\/el\/wp-json\/wp\/v2\/categories?post=14385"},{"taxonomy":"post_tag","embeddable":true,"href":"https:\/\/www.socdem.org\/el\/wp-json\/wp\/v2\/tags?post=14385"}],"curies":[{"name":"wp","href":"https:\/\/api.w.org\/{rel}","templated":true}]}}