{"id":17772,"date":"2016-03-17T10:19:16","date_gmt":"2016-03-17T14:19:16","guid":{"rendered":"http:\/\/socdem.wpengine.com\/le-succes-de-saveurs-et-tradition-2016-2\/"},"modified":"2016-03-17T10:22:03","modified_gmt":"2016-03-17T14:22:03","slug":"le-succes-de-saveurs-et-tradition-2016","status":"publish","type":"post","link":"https:\/\/www.socdem.org\/el\/le-succes-de-saveurs-et-tradition-2016\/","title":{"rendered":"Le succ\u00e8s de Saveurs et tradition 2016"},"content":{"rendered":"<p><a href=\"http:\/\/socdem.wpengine.com\/wp-content\/uploads\/2016\/03\/12.jpg\"><img loading=\"lazy\" decoding=\"async\" class=\"aligncenter size-full wp-image-17766\" title=\"1\" src=\"http:\/\/socdem.wpengine.com\/wp-content\/uploads\/2016\/03\/12.jpg\" alt=\"\" width=\"956\" height=\"233\" srcset=\"https:\/\/www.socdem.org\/wp-content\/uploads\/2016\/03\/12.jpg 956w, https:\/\/www.socdem.org\/wp-content\/uploads\/2016\/03\/12-300x73.jpg 300w\" sizes=\"auto, (max-width: 956px) 100vw, 956px\" \/><\/a><\/p>\n<p>Le 9 mars dernier, \u00a0le comit\u00e9 organisateur de Saveurs et tradition\u00a0a invit\u00e9 les m\u00e9dias \u00a0\u00e0 une conf\u00e9rence de presse pour faire le bilan de l&#8217;\u00e9v\u00e9nement\u00a0\u00a0Saveurs et tradition\u00a02016, qui s&#8217;est tenu le 7 f\u00e9vrier 2016. Extr\u00eamement bien organis\u00e9, cette aventure gastronomique avait\u00a0un but unique: recueillir des fonds pour r\u00e9pondre aux besoins de notre \u00c9cole pour garantir sa survie et celle de l&#8217;hell\u00e9nisme au Qu\u00e9bec.<\/p>\n<p>\u00c9taient pr\u00e9sents \u00e0 la conf\u00e9rence de presse: Tassos Xipolitakis, pr\u00e9sident du comit\u00e9 organisateur de l&#8217;\u00e9v\u00e9nement, Nicolas Sigalas, consul g\u00e9n\u00e9ral de Gr\u00e8ce \u00e0 Montr\u00e9al, Nicolas Pagonis, pr\u00e9sident de la Communaut\u00e9 hell\u00e9nique du Grand Montr\u00e9al (CHGM), Andy Crilis, son vice-pr\u00e9sident, Aliki Daher, la secr\u00e9taire \u00e0 l&#8217;\u00c9ducation compl\u00e9mentaire, Chris Adamopoulos, directeur g\u00e9n\u00e9ral de l&#8217;\u00c9cole Socrates-D\u00e9mosth\u00e8ne, Katherine Divolis et Afroditi Batsakis, respectivement directrice et secr\u00e9taire du campus D\u00e9mosth\u00e8ne et Gianni Bodo, orthop\u00e9dagogue et enseignant, repr\u00e9sentant le campus Socrates III et de nombreux parents de l&#8217;\u00c9cole.<\/p>\n<p><a href=\"http:\/\/socdem.wpengine.com\/wp-content\/uploads\/2016\/03\/23.jpg\"><img loading=\"lazy\" decoding=\"async\" class=\"aligncenter size-full wp-image-17767\" title=\"2\" src=\"http:\/\/socdem.wpengine.com\/wp-content\/uploads\/2016\/03\/23.jpg\" alt=\"\" width=\"765\" height=\"284\" srcset=\"https:\/\/www.socdem.org\/wp-content\/uploads\/2016\/03\/23.jpg 765w, https:\/\/www.socdem.org\/wp-content\/uploads\/2016\/03\/23-300x111.jpg 300w\" sizes=\"auto, (max-width: 765px) 100vw, 765px\" \/><\/a><\/p>\n<p>Tassos Xipolitakis et son comit\u00e9 ont officiellement offert un ch\u00e8que de 51 479,90 $ au Comit\u00e9 de collecte de fonds de la CHGM pour notre \u00c9cole, le r\u00e9sultat net de l&#8217;\u00e9v\u00e9nement Saveurs et tradition. Ce fut un moment tr\u00e8s \u00e9mouvant: tant de personnes avaient travaill\u00e9 avec tant de coeur pour en arriver l\u00e0!<\/p>\n<p><a href=\"http:\/\/socdem.wpengine.com\/wp-content\/uploads\/2016\/03\/32.jpg\"><img loading=\"lazy\" decoding=\"async\" class=\"aligncenter size-large wp-image-17768\" title=\"3\" src=\"http:\/\/socdem.wpengine.com\/wp-content\/uploads\/2016\/03\/32-1024x382.jpg\" alt=\"\" width=\"980\" height=\"365\" srcset=\"https:\/\/www.socdem.org\/wp-content\/uploads\/2016\/03\/32-1024x382.jpg 1024w, https:\/\/www.socdem.org\/wp-content\/uploads\/2016\/03\/32-300x111.jpg 300w, https:\/\/www.socdem.org\/wp-content\/uploads\/2016\/03\/32.jpg 1077w\" sizes=\"auto, (max-width: 980px) 100vw, 980px\" \/><\/a><\/p>\n<p>Devant un tel succ\u00e8s, il ne nous reste plus qu&#8217;\u00e0 dire un immense merci,\u00a0\u00e0 regarder vers l&#8217;avenir et \u00e0 se dire \u00e0 l&#8217;ann\u00e9e prochaine!<\/p>\n<p><strong>L&#8217;\u00c9cole Socrates-D\u00e9mosth\u00e8ne<\/strong><\/p>\n<p><a href=\"http:\/\/socdem.wpengine.com\/wp-content\/uploads\/2016\/03\/41.jpg\"><img loading=\"lazy\" decoding=\"async\" class=\"aligncenter size-full wp-image-17769\" title=\"4\" src=\"http:\/\/socdem.wpengine.com\/wp-content\/uploads\/2016\/03\/41.jpg\" alt=\"\" width=\"455\" height=\"252\" srcset=\"https:\/\/www.socdem.org\/wp-content\/uploads\/2016\/03\/41.jpg 455w, https:\/\/www.socdem.org\/wp-content\/uploads\/2016\/03\/41-300x166.jpg 300w\" sizes=\"auto, (max-width: 455px) 100vw, 455px\" \/><\/a><\/p>\n","protected":false},"excerpt":{"rendered":"<p>Le 9 mars dernier, \u00a0le comit\u00e9 organisateur de Saveurs et tradition\u00a0a invit\u00e9 les m\u00e9dias \u00a0\u00e0 une conf\u00e9rence de presse pour faire le bilan de l&#8217;\u00e9v\u00e9nement\u00a0\u00a0Saveurs et tradition\u00a02016, qui s&#8217;est tenu&#8230;<\/p>\n","protected":false},"author":23,"featured_media":17766,"comment_status":"closed","ping_status":"closed","sticky":false,"template":"","format":"standard","meta":{"_monsterinsights_skip_tracking":false,"_monsterinsights_sitenote_active":false,"_monsterinsights_sitenote_note":"","_monsterinsights_sitenote_category":0,"footnotes":""},"categories":[],"tags":[],"class_list":["post-17772","post","type-post","status-publish","format-standard","has-post-thumbnail"],"yoast_head":"<!-- This site is optimized with the Yoast SEO plugin v27.5 - https:\/\/yoast.com\/product\/yoast-seo-wordpress\/ -->\n<title>Le succ\u00e8s de Saveurs et tradition 2016 - \u0394\u03b7\u03bc\u03bf\u03c4\u03b9\u03ba\u03cc \u03c3\u03c7\u03bf\u03bb\u03b5\u03af\u03bf \u03a3\u03c9\u03ba\u03c1\u03ac\u03c4\u03b7\u03c2 \u03ba\u03b1\u03b9 \u0394\u03b7\u03bc\u03bf\u03c3\u03b8\u03ad\u03bd\u03b7\u03c2<\/title>\n<meta name=\"robots\" content=\"index, follow, max-snippet:-1, max-image-preview:large, max-video-preview:-1\" \/>\n<link rel=\"canonical\" href=\"https:\/\/www.socdem.org\/el\/le-succes-de-saveurs-et-tradition-2016\/\" \/>\n<meta property=\"og:locale\" content=\"el_GR\" \/>\n<meta property=\"og:type\" content=\"article\" \/>\n<meta property=\"og:title\" content=\"Le succ\u00e8s de Saveurs et tradition 2016 - \u0394\u03b7\u03bc\u03bf\u03c4\u03b9\u03ba\u03cc \u03c3\u03c7\u03bf\u03bb\u03b5\u03af\u03bf \u03a3\u03c9\u03ba\u03c1\u03ac\u03c4\u03b7\u03c2 \u03ba\u03b1\u03b9 \u0394\u03b7\u03bc\u03bf\u03c3\u03b8\u03ad\u03bd\u03b7\u03c2\" \/>\n<meta property=\"og:description\" content=\"Le 9 mars dernier, \u00a0le comit\u00e9 organisateur de Saveurs et tradition\u00a0a invit\u00e9 les m\u00e9dias \u00a0\u00e0 une conf\u00e9rence de presse pour faire le bilan de l&#8217;\u00e9v\u00e9nement\u00a0\u00a0Saveurs et tradition\u00a02016, qui s&#8217;est tenu...\" \/>\n<meta property=\"og:url\" content=\"https:\/\/www.socdem.org\/el\/le-succes-de-saveurs-et-tradition-2016\/\" \/>\n<meta property=\"og:site_name\" content=\"\u0394\u03b7\u03bc\u03bf\u03c4\u03b9\u03ba\u03cc \u03c3\u03c7\u03bf\u03bb\u03b5\u03af\u03bf \u03a3\u03c9\u03ba\u03c1\u03ac\u03c4\u03b7\u03c2 \u03ba\u03b1\u03b9 \u0394\u03b7\u03bc\u03bf\u03c3\u03b8\u03ad\u03bd\u03b7\u03c2\" \/>\n<meta property=\"article:publisher\" content=\"https:\/\/www.facebook.com\/TheHCGM\/\" \/>\n<meta property=\"article:published_time\" content=\"2016-03-17T14:19:16+00:00\" \/>\n<meta property=\"article:modified_time\" content=\"2016-03-17T14:22:03+00:00\" \/>\n<meta property=\"og:image\" content=\"https:\/\/www.socdem.org\/wp-content\/uploads\/2016\/03\/12.jpg\" \/>\n\t<meta property=\"og:image:width\" content=\"956\" \/>\n\t<meta property=\"og:image:height\" content=\"233\" \/>\n\t<meta property=\"og:image:type\" content=\"image\/jpeg\" \/>\n<meta name=\"author\" content=\"avournias\" \/>\n<meta name=\"twitter:card\" content=\"summary_large_image\" \/>\n<meta name=\"twitter:label1\" content=\"\u03a3\u03c5\u03bd\u03c4\u03ac\u03c7\u03b8\u03b7\u03ba\u03b5 \u03b1\u03c0\u03cc\" \/>\n\t<meta name=\"twitter:data1\" content=\"avournias\" \/>\n\t<meta name=\"twitter:label2\" content=\"\u0395\u03ba\u03c4\u03b9\u03bc\u03ce\u03bc\u03b5\u03bd\u03bf\u03c2 \u03c7\u03c1\u03cc\u03bd\u03bf\u03c2 \u03b1\u03bd\u03ac\u03b3\u03bd\u03c9\u03c3\u03b7\u03c2\" \/>\n\t<meta name=\"twitter:data2\" content=\"1 \u03bb\u03b5\u03c0\u03c4\u03cc\" \/>\n<script type=\"application\/ld+json\" class=\"yoast-schema-graph\">{\"@context\":\"https:\\\/\\\/schema.org\",\"@graph\":[{\"@type\":\"Article\",\"@id\":\"https:\\\/\\\/www.socdem.org\\\/el\\\/le-succes-de-saveurs-et-tradition-2016\\\/#article\",\"isPartOf\":{\"@id\":\"https:\\\/\\\/www.socdem.org\\\/el\\\/le-succes-de-saveurs-et-tradition-2016\\\/\"},\"author\":{\"name\":\"avournias\",\"@id\":\"https:\\\/\\\/www.socdem.org\\\/el\\\/#\\\/schema\\\/person\\\/3d4208f100317a6251846d5d4fcb6e6f\"},\"headline\":\"Le succ\u00e8s de Saveurs et tradition 2016\",\"datePublished\":\"2016-03-17T14:19:16+00:00\",\"dateModified\":\"2016-03-17T14:22:03+00:00\",\"mainEntityOfPage\":{\"@id\":\"https:\\\/\\\/www.socdem.org\\\/el\\\/le-succes-de-saveurs-et-tradition-2016\\\/\"},\"wordCount\":267,\"publisher\":{\"@id\":\"https:\\\/\\\/www.socdem.org\\\/el\\\/#organization\"},\"image\":{\"@id\":\"https:\\\/\\\/www.socdem.org\\\/el\\\/le-succes-de-saveurs-et-tradition-2016\\\/#primaryimage\"},\"thumbnailUrl\":\"https:\\\/\\\/www.socdem.org\\\/wp-content\\\/uploads\\\/2016\\\/03\\\/12.jpg\",\"inLanguage\":\"el\"},{\"@type\":\"WebPage\",\"@id\":\"https:\\\/\\\/www.socdem.org\\\/el\\\/le-succes-de-saveurs-et-tradition-2016\\\/\",\"url\":\"https:\\\/\\\/www.socdem.org\\\/el\\\/le-succes-de-saveurs-et-tradition-2016\\\/\",\"name\":\"Le succ\u00e8s de Saveurs et tradition 2016 - \u0394\u03b7\u03bc\u03bf\u03c4\u03b9\u03ba\u03cc \u03c3\u03c7\u03bf\u03bb\u03b5\u03af\u03bf \u03a3\u03c9\u03ba\u03c1\u03ac\u03c4\u03b7\u03c2 \u03ba\u03b1\u03b9 \u0394\u03b7\u03bc\u03bf\u03c3\u03b8\u03ad\u03bd\u03b7\u03c2\",\"isPartOf\":{\"@id\":\"https:\\\/\\\/www.socdem.org\\\/el\\\/#website\"},\"primaryImageOfPage\":{\"@id\":\"https:\\\/\\\/www.socdem.org\\\/el\\\/le-succes-de-saveurs-et-tradition-2016\\\/#primaryimage\"},\"image\":{\"@id\":\"https:\\\/\\\/www.socdem.org\\\/el\\\/le-succes-de-saveurs-et-tradition-2016\\\/#primaryimage\"},\"thumbnailUrl\":\"https:\\\/\\\/www.socdem.org\\\/wp-content\\\/uploads\\\/2016\\\/03\\\/12.jpg\",\"datePublished\":\"2016-03-17T14:19:16+00:00\",\"dateModified\":\"2016-03-17T14:22:03+00:00\",\"breadcrumb\":{\"@id\":\"https:\\\/\\\/www.socdem.org\\\/el\\\/le-succes-de-saveurs-et-tradition-2016\\\/#breadcrumb\"},\"inLanguage\":\"el\",\"potentialAction\":[{\"@type\":\"ReadAction\",\"target\":[\"https:\\\/\\\/www.socdem.org\\\/el\\\/le-succes-de-saveurs-et-tradition-2016\\\/\"]}]},{\"@type\":\"ImageObject\",\"inLanguage\":\"el\",\"@id\":\"https:\\\/\\\/www.socdem.org\\\/el\\\/le-succes-de-saveurs-et-tradition-2016\\\/#primaryimage\",\"url\":\"https:\\\/\\\/www.socdem.org\\\/wp-content\\\/uploads\\\/2016\\\/03\\\/12.jpg\",\"contentUrl\":\"https:\\\/\\\/www.socdem.org\\\/wp-content\\\/uploads\\\/2016\\\/03\\\/12.jpg\",\"width\":\"956\",\"height\":\"233\"},{\"@type\":\"BreadcrumbList\",\"@id\":\"https:\\\/\\\/www.socdem.org\\\/el\\\/le-succes-de-saveurs-et-tradition-2016\\\/#breadcrumb\",\"itemListElement\":[{\"@type\":\"ListItem\",\"position\":1,\"name\":\"Accueil\",\"item\":\"https:\\\/\\\/www.socdem.org\\\/el\\\/\"},{\"@type\":\"ListItem\",\"position\":2,\"name\":\"Le succ\u00e8s de Saveurs et tradition 2016\"}]},{\"@type\":\"WebSite\",\"@id\":\"https:\\\/\\\/www.socdem.org\\\/el\\\/#website\",\"url\":\"https:\\\/\\\/www.socdem.org\\\/el\\\/\",\"name\":\"\u00c9cole Socrates-D\u00e9mosth\u00e8ne\",\"description\":\"\u03a0\u03ad\u03bd\u03c4\u03b5 \u03c4\u03c1\u03af\u03b3\u03bb\u03c9\u03c3\u03c3\u03b1 \u03b5\u03bb\u03bb\u03b7\u03bd\u03b9\u03ba\u03ac \u03b4\u03b7\u03bc\u03bf\u03c4\u03b9\u03ba\u03ac \u03c3\u03c7\u03bf\u03bb\u03b5\u03af\u03b1 \u03c4\u03bf\u03c5 \u039c\u03b5\u03b3\u03b1\u03bb\u03cd\u03c4\u03b5\u03c1\u03bf\u03c5 \u039c\u03bf\u03bd\u03c4\u03c1\u03b5\u03ac\u03bb\",\"publisher\":{\"@id\":\"https:\\\/\\\/www.socdem.org\\\/el\\\/#organization\"},\"potentialAction\":[{\"@type\":\"SearchAction\",\"target\":{\"@type\":\"EntryPoint\",\"urlTemplate\":\"https:\\\/\\\/www.socdem.org\\\/el\\\/?s={search_term_string}\"},\"query-input\":{\"@type\":\"PropertyValueSpecification\",\"valueRequired\":true,\"valueName\":\"search_term_string\"}}],\"inLanguage\":\"el\"},{\"@type\":\"Organization\",\"@id\":\"https:\\\/\\\/www.socdem.org\\\/el\\\/#organization\",\"name\":\"\u00c9cole Socrates-D\u00e9mosth\u00e8ne\",\"url\":\"https:\\\/\\\/www.socdem.org\\\/el\\\/\",\"logo\":{\"@type\":\"ImageObject\",\"inLanguage\":\"el\",\"@id\":\"https:\\\/\\\/www.socdem.org\\\/el\\\/#\\\/schema\\\/logo\\\/image\\\/\",\"url\":\"https:\\\/\\\/www.socdem.org\\\/wp-content\\\/uploads\\\/2014\\\/03\\\/SOC-DEM-LOGO-NAME.jpg\",\"contentUrl\":\"https:\\\/\\\/www.socdem.org\\\/wp-content\\\/uploads\\\/2014\\\/03\\\/SOC-DEM-LOGO-NAME.jpg\",\"width\":\"8485\",\"height\":\"4200\",\"caption\":\"\u00c9cole Socrates-D\u00e9mosth\u00e8ne\"},\"image\":{\"@id\":\"https:\\\/\\\/www.socdem.org\\\/el\\\/#\\\/schema\\\/logo\\\/image\\\/\"},\"sameAs\":[\"https:\\\/\\\/www.facebook.com\\\/TheHCGM\\\/\",\"https:\\\/\\\/www.instagram.com\\\/p\\\/BnE965PhJU7\\\/?hl=en\"]},{\"@type\":\"Person\",\"@id\":\"https:\\\/\\\/www.socdem.org\\\/el\\\/#\\\/schema\\\/person\\\/3d4208f100317a6251846d5d4fcb6e6f\",\"name\":\"avournias\",\"image\":{\"@type\":\"ImageObject\",\"inLanguage\":\"el\",\"@id\":\"https:\\\/\\\/secure.gravatar.com\\\/avatar\\\/e44d940614c28c716a6912b81868ef19a508fe61c65c7dbdb4825236cbaa5364?s=96&d=mm&r=g\",\"url\":\"https:\\\/\\\/secure.gravatar.com\\\/avatar\\\/e44d940614c28c716a6912b81868ef19a508fe61c65c7dbdb4825236cbaa5364?s=96&d=mm&r=g\",\"contentUrl\":\"https:\\\/\\\/secure.gravatar.com\\\/avatar\\\/e44d940614c28c716a6912b81868ef19a508fe61c65c7dbdb4825236cbaa5364?s=96&d=mm&r=g\",\"caption\":\"avournias\"},\"sameAs\":[\"http:\\\/\\\/socdem.wpengine.com\"],\"url\":\"https:\\\/\\\/www.socdem.org\\\/el\\\/author\\\/avournias\\\/\"}]}<\/script>\n<!-- \/ Yoast SEO plugin. -->","yoast_head_json":{"title":"Le succ\u00e8s de Saveurs et tradition 2016 - \u0394\u03b7\u03bc\u03bf\u03c4\u03b9\u03ba\u03cc \u03c3\u03c7\u03bf\u03bb\u03b5\u03af\u03bf \u03a3\u03c9\u03ba\u03c1\u03ac\u03c4\u03b7\u03c2 \u03ba\u03b1\u03b9 \u0394\u03b7\u03bc\u03bf\u03c3\u03b8\u03ad\u03bd\u03b7\u03c2","robots":{"index":"index","follow":"follow","max-snippet":"max-snippet:-1","max-image-preview":"max-image-preview:large","max-video-preview":"max-video-preview:-1"},"canonical":"https:\/\/www.socdem.org\/el\/le-succes-de-saveurs-et-tradition-2016\/","og_locale":"el_GR","og_type":"article","og_title":"Le succ\u00e8s de Saveurs et tradition 2016 - \u0394\u03b7\u03bc\u03bf\u03c4\u03b9\u03ba\u03cc \u03c3\u03c7\u03bf\u03bb\u03b5\u03af\u03bf \u03a3\u03c9\u03ba\u03c1\u03ac\u03c4\u03b7\u03c2 \u03ba\u03b1\u03b9 \u0394\u03b7\u03bc\u03bf\u03c3\u03b8\u03ad\u03bd\u03b7\u03c2","og_description":"Le 9 mars dernier, \u00a0le comit\u00e9 organisateur de Saveurs et tradition\u00a0a invit\u00e9 les m\u00e9dias \u00a0\u00e0 une conf\u00e9rence de presse pour faire le bilan de l&#8217;\u00e9v\u00e9nement\u00a0\u00a0Saveurs et tradition\u00a02016, qui s&#8217;est tenu...","og_url":"https:\/\/www.socdem.org\/el\/le-succes-de-saveurs-et-tradition-2016\/","og_site_name":"\u0394\u03b7\u03bc\u03bf\u03c4\u03b9\u03ba\u03cc \u03c3\u03c7\u03bf\u03bb\u03b5\u03af\u03bf \u03a3\u03c9\u03ba\u03c1\u03ac\u03c4\u03b7\u03c2 \u03ba\u03b1\u03b9 \u0394\u03b7\u03bc\u03bf\u03c3\u03b8\u03ad\u03bd\u03b7\u03c2","article_publisher":"https:\/\/www.facebook.com\/TheHCGM\/","article_published_time":"2016-03-17T14:19:16+00:00","article_modified_time":"2016-03-17T14:22:03+00:00","og_image":[{"width":956,"height":233,"url":"https:\/\/www.socdem.org\/wp-content\/uploads\/2016\/03\/12.jpg","type":"image\/jpeg"}],"author":"avournias","twitter_card":"summary_large_image","twitter_misc":{"\u03a3\u03c5\u03bd\u03c4\u03ac\u03c7\u03b8\u03b7\u03ba\u03b5 \u03b1\u03c0\u03cc":"avournias","\u0395\u03ba\u03c4\u03b9\u03bc\u03ce\u03bc\u03b5\u03bd\u03bf\u03c2 \u03c7\u03c1\u03cc\u03bd\u03bf\u03c2 \u03b1\u03bd\u03ac\u03b3\u03bd\u03c9\u03c3\u03b7\u03c2":"1 \u03bb\u03b5\u03c0\u03c4\u03cc"},"schema":{"@context":"https:\/\/schema.org","@graph":[{"@type":"Article","@id":"https:\/\/www.socdem.org\/el\/le-succes-de-saveurs-et-tradition-2016\/#article","isPartOf":{"@id":"https:\/\/www.socdem.org\/el\/le-succes-de-saveurs-et-tradition-2016\/"},"author":{"name":"avournias","@id":"https:\/\/www.socdem.org\/el\/#\/schema\/person\/3d4208f100317a6251846d5d4fcb6e6f"},"headline":"Le succ\u00e8s de Saveurs et tradition 2016","datePublished":"2016-03-17T14:19:16+00:00","dateModified":"2016-03-17T14:22:03+00:00","mainEntityOfPage":{"@id":"https:\/\/www.socdem.org\/el\/le-succes-de-saveurs-et-tradition-2016\/"},"wordCount":267,"publisher":{"@id":"https:\/\/www.socdem.org\/el\/#organization"},"image":{"@id":"https:\/\/www.socdem.org\/el\/le-succes-de-saveurs-et-tradition-2016\/#primaryimage"},"thumbnailUrl":"https:\/\/www.socdem.org\/wp-content\/uploads\/2016\/03\/12.jpg","inLanguage":"el"},{"@type":"WebPage","@id":"https:\/\/www.socdem.org\/el\/le-succes-de-saveurs-et-tradition-2016\/","url":"https:\/\/www.socdem.org\/el\/le-succes-de-saveurs-et-tradition-2016\/","name":"Le succ\u00e8s de Saveurs et tradition 2016 - \u0394\u03b7\u03bc\u03bf\u03c4\u03b9\u03ba\u03cc \u03c3\u03c7\u03bf\u03bb\u03b5\u03af\u03bf \u03a3\u03c9\u03ba\u03c1\u03ac\u03c4\u03b7\u03c2 \u03ba\u03b1\u03b9 \u0394\u03b7\u03bc\u03bf\u03c3\u03b8\u03ad\u03bd\u03b7\u03c2","isPartOf":{"@id":"https:\/\/www.socdem.org\/el\/#website"},"primaryImageOfPage":{"@id":"https:\/\/www.socdem.org\/el\/le-succes-de-saveurs-et-tradition-2016\/#primaryimage"},"image":{"@id":"https:\/\/www.socdem.org\/el\/le-succes-de-saveurs-et-tradition-2016\/#primaryimage"},"thumbnailUrl":"https:\/\/www.socdem.org\/wp-content\/uploads\/2016\/03\/12.jpg","datePublished":"2016-03-17T14:19:16+00:00","dateModified":"2016-03-17T14:22:03+00:00","breadcrumb":{"@id":"https:\/\/www.socdem.org\/el\/le-succes-de-saveurs-et-tradition-2016\/#breadcrumb"},"inLanguage":"el","potentialAction":[{"@type":"ReadAction","target":["https:\/\/www.socdem.org\/el\/le-succes-de-saveurs-et-tradition-2016\/"]}]},{"@type":"ImageObject","inLanguage":"el","@id":"https:\/\/www.socdem.org\/el\/le-succes-de-saveurs-et-tradition-2016\/#primaryimage","url":"https:\/\/www.socdem.org\/wp-content\/uploads\/2016\/03\/12.jpg","contentUrl":"https:\/\/www.socdem.org\/wp-content\/uploads\/2016\/03\/12.jpg","width":"956","height":"233"},{"@type":"BreadcrumbList","@id":"https:\/\/www.socdem.org\/el\/le-succes-de-saveurs-et-tradition-2016\/#breadcrumb","itemListElement":[{"@type":"ListItem","position":1,"name":"Accueil","item":"https:\/\/www.socdem.org\/el\/"},{"@type":"ListItem","position":2,"name":"Le succ\u00e8s de Saveurs et tradition 2016"}]},{"@type":"WebSite","@id":"https:\/\/www.socdem.org\/el\/#website","url":"https:\/\/www.socdem.org\/el\/","name":"\u00c9cole Socrates-D\u00e9mosth\u00e8ne","description":"\u03a0\u03ad\u03bd\u03c4\u03b5 \u03c4\u03c1\u03af\u03b3\u03bb\u03c9\u03c3\u03c3\u03b1 \u03b5\u03bb\u03bb\u03b7\u03bd\u03b9\u03ba\u03ac \u03b4\u03b7\u03bc\u03bf\u03c4\u03b9\u03ba\u03ac \u03c3\u03c7\u03bf\u03bb\u03b5\u03af\u03b1 \u03c4\u03bf\u03c5 \u039c\u03b5\u03b3\u03b1\u03bb\u03cd\u03c4\u03b5\u03c1\u03bf\u03c5 \u039c\u03bf\u03bd\u03c4\u03c1\u03b5\u03ac\u03bb","publisher":{"@id":"https:\/\/www.socdem.org\/el\/#organization"},"potentialAction":[{"@type":"SearchAction","target":{"@type":"EntryPoint","urlTemplate":"https:\/\/www.socdem.org\/el\/?s={search_term_string}"},"query-input":{"@type":"PropertyValueSpecification","valueRequired":true,"valueName":"search_term_string"}}],"inLanguage":"el"},{"@type":"Organization","@id":"https:\/\/www.socdem.org\/el\/#organization","name":"\u00c9cole Socrates-D\u00e9mosth\u00e8ne","url":"https:\/\/www.socdem.org\/el\/","logo":{"@type":"ImageObject","inLanguage":"el","@id":"https:\/\/www.socdem.org\/el\/#\/schema\/logo\/image\/","url":"https:\/\/www.socdem.org\/wp-content\/uploads\/2014\/03\/SOC-DEM-LOGO-NAME.jpg","contentUrl":"https:\/\/www.socdem.org\/wp-content\/uploads\/2014\/03\/SOC-DEM-LOGO-NAME.jpg","width":"8485","height":"4200","caption":"\u00c9cole Socrates-D\u00e9mosth\u00e8ne"},"image":{"@id":"https:\/\/www.socdem.org\/el\/#\/schema\/logo\/image\/"},"sameAs":["https:\/\/www.facebook.com\/TheHCGM\/","https:\/\/www.instagram.com\/p\/BnE965PhJU7\/?hl=en"]},{"@type":"Person","@id":"https:\/\/www.socdem.org\/el\/#\/schema\/person\/3d4208f100317a6251846d5d4fcb6e6f","name":"avournias","image":{"@type":"ImageObject","inLanguage":"el","@id":"https:\/\/secure.gravatar.com\/avatar\/e44d940614c28c716a6912b81868ef19a508fe61c65c7dbdb4825236cbaa5364?s=96&d=mm&r=g","url":"https:\/\/secure.gravatar.com\/avatar\/e44d940614c28c716a6912b81868ef19a508fe61c65c7dbdb4825236cbaa5364?s=96&d=mm&r=g","contentUrl":"https:\/\/secure.gravatar.com\/avatar\/e44d940614c28c716a6912b81868ef19a508fe61c65c7dbdb4825236cbaa5364?s=96&d=mm&r=g","caption":"avournias"},"sameAs":["http:\/\/socdem.wpengine.com"],"url":"https:\/\/www.socdem.org\/el\/author\/avournias\/"}]}},"_links":{"self":[{"href":"https:\/\/www.socdem.org\/el\/wp-json\/wp\/v2\/posts\/17772","targetHints":{"allow":["GET"]}}],"collection":[{"href":"https:\/\/www.socdem.org\/el\/wp-json\/wp\/v2\/posts"}],"about":[{"href":"https:\/\/www.socdem.org\/el\/wp-json\/wp\/v2\/types\/post"}],"author":[{"embeddable":true,"href":"https:\/\/www.socdem.org\/el\/wp-json\/wp\/v2\/users\/23"}],"replies":[{"embeddable":true,"href":"https:\/\/www.socdem.org\/el\/wp-json\/wp\/v2\/comments?post=17772"}],"version-history":[{"count":0,"href":"https:\/\/www.socdem.org\/el\/wp-json\/wp\/v2\/posts\/17772\/revisions"}],"wp:featuredmedia":[{"embeddable":true,"href":"https:\/\/www.socdem.org\/el\/wp-json\/wp\/v2\/media\/17766"}],"wp:attachment":[{"href":"https:\/\/www.socdem.org\/el\/wp-json\/wp\/v2\/media?parent=17772"}],"wp:term":[{"taxonomy":"category","embeddable":true,"href":"https:\/\/www.socdem.org\/el\/wp-json\/wp\/v2\/categories?post=17772"},{"taxonomy":"post_tag","embeddable":true,"href":"https:\/\/www.socdem.org\/el\/wp-json\/wp\/v2\/tags?post=17772"}],"curies":[{"name":"wp","href":"https:\/\/api.w.org\/{rel}","templated":true}]}}