{"id":17952,"date":"2016-03-26T09:40:59","date_gmt":"2016-03-26T13:40:59","guid":{"rendered":"http:\/\/socdem.wpengine.com\/?p=17952"},"modified":"2016-06-22T10:19:58","modified_gmt":"2016-06-22T14:19:58","slug":"dun-simple-croquis-a-la-realisation-dun-reve-notre-char-allegorique","status":"publish","type":"post","link":"https:\/\/www.socdem.org\/el\/dun-simple-croquis-a-la-realisation-dun-reve-notre-char-allegorique\/","title":{"rendered":"\u0391\u03c0\u03cc \u03c7\u03b1\u03c1\u03c4\u03af \u03c3\u03b5 \u03c5\u03bb\u03bf\u03c0\u03bf\u03af\u03b7\u03c3\u03b7"},"content":{"rendered":"<h6 align=\"center\"><strong>Le char all\u00e9gorique de notre \u00c9cole d\u00e9voil\u00e9<\/strong><\/h6>\n<h6><\/h6>\n<h6 align=\"center\"><\/h6>\n<h6 align=\"center\"><a href=\"http:\/\/socdem.wpengine.com\/wp-content\/uploads\/2016\/03\/p1.jpg\"><img loading=\"lazy\" decoding=\"async\" class=\"aligncenter size-full wp-image-17941\" title=\"p1\" src=\"http:\/\/socdem.wpengine.com\/wp-content\/uploads\/2016\/03\/p1.jpg\" alt=\"\" width=\"793\" height=\"383\" srcset=\"https:\/\/www.socdem.org\/wp-content\/uploads\/2016\/03\/p1.jpg 793w, https:\/\/www.socdem.org\/wp-content\/uploads\/2016\/03\/p1-300x144.jpg 300w\" sizes=\"auto, (max-width: 793px) 100vw, 793px\" \/><\/a><\/h6>\n<h6>Ce qui a commenc\u00e9 comme une id\u00e9e folle s\u2019est mat\u00e9rialis\u00e9 dimanche dernier au d\u00e9fil\u00e9 de la St-Patrick devant pr\u00e8s d&#8217;un million de spectateurs. En fait, toute id\u00e9e peut \u00eatre r\u00e9alis\u00e9e aussi longtemps qu\u2019il y a un plan en place et de l&#8217;engagement \u00e0 l&#8217;effort. Le char de l&#8217;\u00c9cole Socrates-D\u00e9mosth\u00e8ne, qui a \u00e9t\u00e9 d\u00e9voil\u00e9 au d\u00e9fil\u00e9 de la St-Patrick dimanche dernier \u00e9tait tout simplement une id\u00e9e farfelue qui avait beaucoup de sens pour nous. La difficult\u00e9 \u00e9tait de travailler sur les d\u00e9tails sans fin de la logistique et de recueillir les fonds n\u00e9cessaires. Une par une, chaque \u00e9tape a conduit \u00e0 la suivante et lentement le char all\u00e9gorique de notre \u00c9cole est devenu une r\u00e9alit\u00e9.<\/h6>\n\n\t\t<style type=\"text\/css\">\n\t\t\t#gallery-1 {\n\t\t\t\tmargin: auto;\n\t\t\t}\n\t\t\t#gallery-1 .gallery-item {\n\t\t\t\tfloat: left;\n\t\t\t\tmargin-top: 10px;\n\t\t\t\ttext-align: center;\n\t\t\t\twidth: 20%;\n\t\t\t}\n\t\t\t#gallery-1 img {\n\t\t\t\tborder: 2px solid #cfcfcf;\n\t\t\t}\n\t\t\t#gallery-1 .gallery-caption {\n\t\t\t\tmargin-left: 0;\n\t\t\t}\n\t\t\t\/* see gallery_shortcode() in wp-includes\/media.php *\/\n\t\t<\/style>\n\t\t<div id='gallery-1' class='gallery galleryid-17952 gallery-columns-5 gallery-size-thumbnail'><dl class='gallery-item'>\n\t\t\t<dt class='gallery-icon landscape'>\n\t\t\t\t<a href='https:\/\/www.socdem.org\/wp-content\/uploads\/2016\/03\/p8.jpg'><img loading=\"lazy\" decoding=\"async\" width=\"150\" height=\"150\" src=\"https:\/\/www.socdem.org\/wp-content\/uploads\/2016\/03\/p8-150x150.jpg\" class=\"attachment-thumbnail size-thumbnail\" alt=\"\" \/><\/a>\n\t\t\t<\/dt><\/dl><dl class='gallery-item'>\n\t\t\t<dt class='gallery-icon portrait'>\n\t\t\t\t<a href='https:\/\/www.socdem.org\/wp-content\/uploads\/2016\/03\/p7.jpg'><img loading=\"lazy\" decoding=\"async\" width=\"150\" height=\"150\" src=\"https:\/\/www.socdem.org\/wp-content\/uploads\/2016\/03\/p7-150x150.jpg\" class=\"attachment-thumbnail size-thumbnail\" alt=\"\" \/><\/a>\n\t\t\t<\/dt><\/dl><dl class='gallery-item'>\n\t\t\t<dt class='gallery-icon landscape'>\n\t\t\t\t<a href='https:\/\/www.socdem.org\/wp-content\/uploads\/2016\/03\/p6.jpg'><img loading=\"lazy\" decoding=\"async\" width=\"150\" height=\"150\" src=\"https:\/\/www.socdem.org\/wp-content\/uploads\/2016\/03\/p6-150x150.jpg\" class=\"attachment-thumbnail size-thumbnail\" alt=\"\" \/><\/a>\n\t\t\t<\/dt><\/dl><dl class='gallery-item'>\n\t\t\t<dt class='gallery-icon landscape'>\n\t\t\t\t<a href='https:\/\/www.socdem.org\/wp-content\/uploads\/2016\/03\/p5.jpg'><img loading=\"lazy\" decoding=\"async\" width=\"150\" height=\"150\" src=\"https:\/\/www.socdem.org\/wp-content\/uploads\/2016\/03\/p5-150x150.jpg\" class=\"attachment-thumbnail size-thumbnail\" alt=\"\" \/><\/a>\n\t\t\t<\/dt><\/dl><dl class='gallery-item'>\n\t\t\t<dt class='gallery-icon portrait'>\n\t\t\t\t<a href='https:\/\/www.socdem.org\/wp-content\/uploads\/2016\/03\/p4.jpg'><img loading=\"lazy\" decoding=\"async\" width=\"150\" height=\"150\" src=\"https:\/\/www.socdem.org\/wp-content\/uploads\/2016\/03\/p4-150x150.jpg\" class=\"attachment-thumbnail size-thumbnail\" alt=\"\" \/><\/a>\n\t\t\t<\/dt><\/dl><br style=\"clear: both\" \/><dl class='gallery-item'>\n\t\t\t<dt class='gallery-icon landscape'>\n\t\t\t\t<a href='https:\/\/www.socdem.org\/wp-content\/uploads\/2016\/03\/p3.jpg'><img loading=\"lazy\" decoding=\"async\" width=\"150\" height=\"150\" src=\"https:\/\/www.socdem.org\/wp-content\/uploads\/2016\/03\/p3-150x150.jpg\" class=\"attachment-thumbnail size-thumbnail\" alt=\"\" \/><\/a>\n\t\t\t<\/dt><\/dl><dl class='gallery-item'>\n\t\t\t<dt class='gallery-icon landscape'>\n\t\t\t\t<a href='https:\/\/www.socdem.org\/wp-content\/uploads\/2016\/03\/p2.jpg'><img loading=\"lazy\" decoding=\"async\" width=\"150\" height=\"150\" src=\"https:\/\/www.socdem.org\/wp-content\/uploads\/2016\/03\/p2-150x150.jpg\" class=\"attachment-thumbnail size-thumbnail\" alt=\"\" \/><\/a>\n\t\t\t<\/dt><\/dl><dl class='gallery-item'>\n\t\t\t<dt class='gallery-icon landscape'>\n\t\t\t\t<a href='https:\/\/www.socdem.org\/wp-content\/uploads\/2016\/03\/p1.jpg'><img loading=\"lazy\" decoding=\"async\" width=\"150\" height=\"150\" src=\"https:\/\/www.socdem.org\/wp-content\/uploads\/2016\/03\/p1-150x150.jpg\" class=\"attachment-thumbnail size-thumbnail\" alt=\"\" srcset=\"https:\/\/www.socdem.org\/wp-content\/uploads\/2016\/03\/p1-150x150.jpg 150w, https:\/\/www.socdem.org\/wp-content\/uploads\/2016\/03\/p1-266x266.jpg 266w, https:\/\/www.socdem.org\/wp-content\/uploads\/2016\/03\/p1-60x60.jpg 60w\" sizes=\"auto, (max-width: 150px) 100vw, 150px\" \/><\/a>\n\t\t\t<\/dt><\/dl>\n\t\t\t<br style='clear: both' \/>\n\t\t<\/div>\n\n<h6>Quand nous avons contact\u00e9 Guy Pelletier de la soci\u00e9t\u00e9 de char all\u00e9gorique Au Pays des G\u00e9ants, avec nos croquis et nos id\u00e9es, tout a commenc\u00e9 \u00e0 prendre forme. Guy Pelletier a rapidement pris nos pens\u00e9es et nos croquis pour cr\u00e9er une conception initiale qui n\u2019a \u00e9t\u00e9 que l\u00e9g\u00e8rement modifi\u00e9e pour en arriver au produit final. Les directions de campuses,\u00a0Katherine Divolis, Chris Filandrianos, Ghislaine Langlois, Steeve Lessard et Georgia Tsakalis, tout comme notre directeur g\u00e9n\u00e9ral, Chris Adamopoulos, ont travaill\u00e9 avec\u00a0passion pour donner au projet forme et vie.<\/h6>\n<h6>Notre char all\u00e9gorique humanitaire, illustrant l&#8217;effort du peuple grec pour aider les r\u00e9fugi\u00e9s, avait besoin de quelque chose d\u2019authentique. Nous avons contact\u00e9 le maire de Mitilini, \u00e0 Lesbos, et il nous a exp\u00e9di\u00e9 des gilets de sauvetage r\u00e9els, utilis\u00e9s dans les efforts de sauvetage. En fait, les gilets que nous avons re\u00e7us, o\u00f9 encore un peu humide. Pendant ce temps, trouver des commanditaires et des donateurs est devenu notre priorit\u00e9, afin de couvrir les d\u00e9penses. De nombreux individus ont gracieusement r\u00e9pondu \u00e0 l\u2019appel pour nous aider \u00e0 r\u00e9aliser notre r\u00eave. Enfin, toute l&#8217;id\u00e9e a d\u00fb \u00eatre chor\u00e9graphi\u00e9e, pour lui donner vie, avec nos \u00e9l\u00e8ves qui ont eu plusieurs r\u00e9p\u00e9titions avec accessoires, etc.<\/h6>\n<h6>Nous aimerions profiter de cette occasion pour en premier lieu f\u00e9liciter les \u00e9l\u00e8ves qui ont brav\u00e9 les \u00e9l\u00e9ments et se sont engag\u00e9s dans cette aventure. Nous tenons \u00e0 remercier leurs parents de prendre le temps d&#8217;assister aux s\u00e9ances de r\u00e9p\u00e9tition et tout ce qui s\u2019en suit. Nous tenons \u00e0 remercier les \u00e9ducatrices et les administratrices derri\u00e8re le projet, Eirini Tourkomanolis, Nelli Vlahandreas et\u00a0Maria Roussis. Nous voulons \u00e9galement exprimer notre gratitude \u00e0 Pelagia Adamidis et Eleni Sarridou, de la CHGM qui ont travaill\u00e9 avec nous pour assurer ce succ\u00e8s.<\/h6>\n<h6>Enfin, l&#8217;\u00c9cole Socrates-D\u00e9mosth\u00e8ne veut vous remercier tous ceux qui ont soutenu le char all\u00e9gorique par le biais de commanditaires, de dons et de contributions vari\u00e9es, notamment:<\/h6>\n<h6>Evan Kioussis, PDG Rogers Plan\u00e8te Mobile<br \/>\nTony Lofredda, vice-pr\u00e9sident Qu\u00e9bec de la Banque Royale du Canada<br \/>\nRagal (Tuc Tuc)<br \/>\nLa famille Minitsos G &amp; N Transport<br \/>\nLes \u00c9ditions Vaudreuil<br \/>\nK-Litho Design &amp; Printing<br \/>\nL\u2019arrondissement de St-Laurent<br \/>\nL\u2019arrondissement Villeray &#8211; St-Michel \u2013 Parc-Extension (la conseill\u00e8re Mary Deros et la mairesse Anie Samson)<br \/>\nL&#8217;Assembl\u00e9e nationale du Qu\u00e9bec: Gerry Sklavounos (d\u00e9put\u00e9 de Laurier-Dorion); Guy Ouellette (d\u00e9put\u00e9 de Chomedey); Pierre Arcand (d\u00e9put\u00e9 de Mont-Royal et ministre de l&#8217;\u00c9nergie et des Ressources naturelles); Carlos Leit\u00e3o (d\u00e9put\u00e9 de Robert-Baldwin et ministre des Finances); Martin Coiteux (d\u00e9put\u00e9 de Nelligan et ministre des Affaires municipales et de l&#8217;Occupation du territoire)<\/h6>\n<h6>Nous voulons aussi remercier tous nos familles qui ont particip\u00e9 \u00e0 la Journ\u00e9e tenue libre en bleu et blanc et en collaboration avec nos commanditaires et donateurs ont fait de ce projet une r\u00e9alit\u00e9.<\/h6>\n<h6>Notre char all\u00e9gorique scolaire sera, bien s\u00fbr, au d\u00e9fil\u00e9 c\u00e9l\u00e9brant l\u2019ind\u00e9pendance grecque le 3 avril prochain et ce sera une autre occasion fabuleuse de voir de pr\u00e8s cette cr\u00e9ation spectaculaire.<\/h6>\n<h6 align=\"center\"><\/h6>\n<hr align=\"center\" size=\"2\" width=\"100%\" \/>\n<h6 align=\"center\"><\/h6>\n","protected":false},"excerpt":{"rendered":"<p>Le char all\u00e9gorique de notre \u00c9cole d\u00e9voil\u00e9 Ce qui a commenc\u00e9 comme une id\u00e9e folle s\u2019est mat\u00e9rialis\u00e9 dimanche dernier au d\u00e9fil\u00e9 de la St-Patrick devant pr\u00e8s d&#8217;un million de spectateurs&#8230;.<\/p>\n","protected":false},"author":23,"featured_media":18779,"comment_status":"closed","ping_status":"closed","sticky":false,"template":"","format":"standard","meta":{"_monsterinsights_skip_tracking":false,"_monsterinsights_sitenote_active":false,"_monsterinsights_sitenote_note":"","_monsterinsights_sitenote_category":0,"footnotes":""},"categories":[93,94,95,96,97,87],"tags":[],"class_list":{"0":"post-17952","1":"post","2":"type-post","3":"status-publish","4":"format-standard","5":"has-post-thumbnail","7":"category-nea-2","8":"category-nea-3","9":"category-nea-4","10":"category-nea-5","11":"category-nea-demosthene","12":"category-news-and-activities-greek"},"yoast_head":"<!-- This site is optimized with the Yoast SEO plugin v27.4 - https:\/\/yoast.com\/product\/yoast-seo-wordpress\/ -->\n<title>\u0391\u03c0\u03cc \u03c7\u03b1\u03c1\u03c4\u03af \u03c3\u03b5 \u03c5\u03bb\u03bf\u03c0\u03bf\u03af\u03b7\u03c3\u03b7 - \u0394\u03b7\u03bc\u03bf\u03c4\u03b9\u03ba\u03cc \u03c3\u03c7\u03bf\u03bb\u03b5\u03af\u03bf \u03a3\u03c9\u03ba\u03c1\u03ac\u03c4\u03b7\u03c2 \u03ba\u03b1\u03b9 \u0394\u03b7\u03bc\u03bf\u03c3\u03b8\u03ad\u03bd\u03b7\u03c2<\/title>\n<meta name=\"robots\" content=\"index, follow, max-snippet:-1, max-image-preview:large, max-video-preview:-1\" \/>\n<link rel=\"canonical\" href=\"https:\/\/www.socdem.org\/el\/dun-simple-croquis-a-la-realisation-dun-reve-notre-char-allegorique\/\" \/>\n<meta property=\"og:locale\" content=\"el_GR\" \/>\n<meta property=\"og:type\" content=\"article\" \/>\n<meta property=\"og:title\" content=\"\u0391\u03c0\u03cc \u03c7\u03b1\u03c1\u03c4\u03af \u03c3\u03b5 \u03c5\u03bb\u03bf\u03c0\u03bf\u03af\u03b7\u03c3\u03b7 - \u0394\u03b7\u03bc\u03bf\u03c4\u03b9\u03ba\u03cc \u03c3\u03c7\u03bf\u03bb\u03b5\u03af\u03bf \u03a3\u03c9\u03ba\u03c1\u03ac\u03c4\u03b7\u03c2 \u03ba\u03b1\u03b9 \u0394\u03b7\u03bc\u03bf\u03c3\u03b8\u03ad\u03bd\u03b7\u03c2\" \/>\n<meta property=\"og:description\" content=\"Le char all\u00e9gorique de notre \u00c9cole d\u00e9voil\u00e9 Ce qui a commenc\u00e9 comme une id\u00e9e folle s\u2019est mat\u00e9rialis\u00e9 dimanche dernier au d\u00e9fil\u00e9 de la St-Patrick devant pr\u00e8s d&#8217;un million de spectateurs....\" \/>\n<meta property=\"og:url\" content=\"https:\/\/www.socdem.org\/el\/dun-simple-croquis-a-la-realisation-dun-reve-notre-char-allegorique\/\" \/>\n<meta property=\"og:site_name\" content=\"\u0394\u03b7\u03bc\u03bf\u03c4\u03b9\u03ba\u03cc \u03c3\u03c7\u03bf\u03bb\u03b5\u03af\u03bf \u03a3\u03c9\u03ba\u03c1\u03ac\u03c4\u03b7\u03c2 \u03ba\u03b1\u03b9 \u0394\u03b7\u03bc\u03bf\u03c3\u03b8\u03ad\u03bd\u03b7\u03c2\" \/>\n<meta property=\"article:publisher\" content=\"https:\/\/www.facebook.com\/TheHCGM\/\" \/>\n<meta property=\"article:published_time\" content=\"2016-03-26T13:40:59+00:00\" \/>\n<meta property=\"article:modified_time\" content=\"2016-06-22T14:19:58+00:00\" \/>\n<meta property=\"og:image\" content=\"https:\/\/www.socdem.org\/wp-content\/uploads\/2016\/03\/p1.jpg\" \/>\n\t<meta property=\"og:image:width\" content=\"793\" \/>\n\t<meta property=\"og:image:height\" content=\"383\" \/>\n\t<meta property=\"og:image:type\" content=\"image\/jpeg\" \/>\n<meta name=\"author\" content=\"avournias\" \/>\n<meta name=\"twitter:card\" content=\"summary_large_image\" \/>\n<meta name=\"twitter:label1\" content=\"\u03a3\u03c5\u03bd\u03c4\u03ac\u03c7\u03b8\u03b7\u03ba\u03b5 \u03b1\u03c0\u03cc\" \/>\n\t<meta name=\"twitter:data1\" content=\"avournias\" \/>\n\t<meta name=\"twitter:label2\" content=\"\u0395\u03ba\u03c4\u03b9\u03bc\u03ce\u03bc\u03b5\u03bd\u03bf\u03c2 \u03c7\u03c1\u03cc\u03bd\u03bf\u03c2 \u03b1\u03bd\u03ac\u03b3\u03bd\u03c9\u03c3\u03b7\u03c2\" \/>\n\t<meta name=\"twitter:data2\" content=\"3 \u03bb\u03b5\u03c0\u03c4\u03ac\" \/>\n<script type=\"application\/ld+json\" class=\"yoast-schema-graph\">{\"@context\":\"https:\\\/\\\/schema.org\",\"@graph\":[{\"@type\":\"Article\",\"@id\":\"https:\\\/\\\/www.socdem.org\\\/el\\\/dun-simple-croquis-a-la-realisation-dun-reve-notre-char-allegorique\\\/#article\",\"isPartOf\":{\"@id\":\"https:\\\/\\\/www.socdem.org\\\/el\\\/dun-simple-croquis-a-la-realisation-dun-reve-notre-char-allegorique\\\/\"},\"author\":{\"name\":\"avournias\",\"@id\":\"https:\\\/\\\/www.socdem.org\\\/el\\\/#\\\/schema\\\/person\\\/3d4208f100317a6251846d5d4fcb6e6f\"},\"headline\":\"\u0391\u03c0\u03cc \u03c7\u03b1\u03c1\u03c4\u03af \u03c3\u03b5 \u03c5\u03bb\u03bf\u03c0\u03bf\u03af\u03b7\u03c3\u03b7\",\"datePublished\":\"2016-03-26T13:40:59+00:00\",\"dateModified\":\"2016-06-22T14:19:58+00:00\",\"mainEntityOfPage\":{\"@id\":\"https:\\\/\\\/www.socdem.org\\\/el\\\/dun-simple-croquis-a-la-realisation-dun-reve-notre-char-allegorique\\\/\"},\"wordCount\":689,\"publisher\":{\"@id\":\"https:\\\/\\\/www.socdem.org\\\/el\\\/#organization\"},\"image\":{\"@id\":\"https:\\\/\\\/www.socdem.org\\\/el\\\/dun-simple-croquis-a-la-realisation-dun-reve-notre-char-allegorique\\\/#primaryimage\"},\"thumbnailUrl\":\"https:\\\/\\\/www.socdem.org\\\/wp-content\\\/uploads\\\/2016\\\/03\\\/p1.jpg\",\"articleSection\":[\"Nea 2\",\"Nea 3\",\"Nea 4\",\"Nea 5\",\"Nea demosthene\",\"News and activities greek\"],\"inLanguage\":\"el\"},{\"@type\":\"WebPage\",\"@id\":\"https:\\\/\\\/www.socdem.org\\\/el\\\/dun-simple-croquis-a-la-realisation-dun-reve-notre-char-allegorique\\\/\",\"url\":\"https:\\\/\\\/www.socdem.org\\\/el\\\/dun-simple-croquis-a-la-realisation-dun-reve-notre-char-allegorique\\\/\",\"name\":\"\u0391\u03c0\u03cc \u03c7\u03b1\u03c1\u03c4\u03af \u03c3\u03b5 \u03c5\u03bb\u03bf\u03c0\u03bf\u03af\u03b7\u03c3\u03b7 - \u0394\u03b7\u03bc\u03bf\u03c4\u03b9\u03ba\u03cc \u03c3\u03c7\u03bf\u03bb\u03b5\u03af\u03bf \u03a3\u03c9\u03ba\u03c1\u03ac\u03c4\u03b7\u03c2 \u03ba\u03b1\u03b9 \u0394\u03b7\u03bc\u03bf\u03c3\u03b8\u03ad\u03bd\u03b7\u03c2\",\"isPartOf\":{\"@id\":\"https:\\\/\\\/www.socdem.org\\\/el\\\/#website\"},\"primaryImageOfPage\":{\"@id\":\"https:\\\/\\\/www.socdem.org\\\/el\\\/dun-simple-croquis-a-la-realisation-dun-reve-notre-char-allegorique\\\/#primaryimage\"},\"image\":{\"@id\":\"https:\\\/\\\/www.socdem.org\\\/el\\\/dun-simple-croquis-a-la-realisation-dun-reve-notre-char-allegorique\\\/#primaryimage\"},\"thumbnailUrl\":\"https:\\\/\\\/www.socdem.org\\\/wp-content\\\/uploads\\\/2016\\\/03\\\/p1.jpg\",\"datePublished\":\"2016-03-26T13:40:59+00:00\",\"dateModified\":\"2016-06-22T14:19:58+00:00\",\"breadcrumb\":{\"@id\":\"https:\\\/\\\/www.socdem.org\\\/el\\\/dun-simple-croquis-a-la-realisation-dun-reve-notre-char-allegorique\\\/#breadcrumb\"},\"inLanguage\":\"el\",\"potentialAction\":[{\"@type\":\"ReadAction\",\"target\":[\"https:\\\/\\\/www.socdem.org\\\/el\\\/dun-simple-croquis-a-la-realisation-dun-reve-notre-char-allegorique\\\/\"]}]},{\"@type\":\"ImageObject\",\"inLanguage\":\"el\",\"@id\":\"https:\\\/\\\/www.socdem.org\\\/el\\\/dun-simple-croquis-a-la-realisation-dun-reve-notre-char-allegorique\\\/#primaryimage\",\"url\":\"https:\\\/\\\/www.socdem.org\\\/wp-content\\\/uploads\\\/2016\\\/03\\\/p1.jpg\",\"contentUrl\":\"https:\\\/\\\/www.socdem.org\\\/wp-content\\\/uploads\\\/2016\\\/03\\\/p1.jpg\",\"width\":\"793\",\"height\":\"383\"},{\"@type\":\"BreadcrumbList\",\"@id\":\"https:\\\/\\\/www.socdem.org\\\/el\\\/dun-simple-croquis-a-la-realisation-dun-reve-notre-char-allegorique\\\/#breadcrumb\",\"itemListElement\":[{\"@type\":\"ListItem\",\"position\":1,\"name\":\"Accueil\",\"item\":\"https:\\\/\\\/www.socdem.org\\\/el\\\/\"},{\"@type\":\"ListItem\",\"position\":2,\"name\":\"\u0391\u03c0\u03cc \u03c7\u03b1\u03c1\u03c4\u03af \u03c3\u03b5 \u03c5\u03bb\u03bf\u03c0\u03bf\u03af\u03b7\u03c3\u03b7\"}]},{\"@type\":\"WebSite\",\"@id\":\"https:\\\/\\\/www.socdem.org\\\/el\\\/#website\",\"url\":\"https:\\\/\\\/www.socdem.org\\\/el\\\/\",\"name\":\"\u00c9cole Socrates-D\u00e9mosth\u00e8ne\",\"description\":\"\u03a0\u03ad\u03bd\u03c4\u03b5 \u03c4\u03c1\u03af\u03b3\u03bb\u03c9\u03c3\u03c3\u03b1 \u03b5\u03bb\u03bb\u03b7\u03bd\u03b9\u03ba\u03ac \u03b4\u03b7\u03bc\u03bf\u03c4\u03b9\u03ba\u03ac \u03c3\u03c7\u03bf\u03bb\u03b5\u03af\u03b1 \u03c4\u03bf\u03c5 \u039c\u03b5\u03b3\u03b1\u03bb\u03cd\u03c4\u03b5\u03c1\u03bf\u03c5 \u039c\u03bf\u03bd\u03c4\u03c1\u03b5\u03ac\u03bb\",\"publisher\":{\"@id\":\"https:\\\/\\\/www.socdem.org\\\/el\\\/#organization\"},\"potentialAction\":[{\"@type\":\"SearchAction\",\"target\":{\"@type\":\"EntryPoint\",\"urlTemplate\":\"https:\\\/\\\/www.socdem.org\\\/el\\\/?s={search_term_string}\"},\"query-input\":{\"@type\":\"PropertyValueSpecification\",\"valueRequired\":true,\"valueName\":\"search_term_string\"}}],\"inLanguage\":\"el\"},{\"@type\":\"Organization\",\"@id\":\"https:\\\/\\\/www.socdem.org\\\/el\\\/#organization\",\"name\":\"\u00c9cole Socrates-D\u00e9mosth\u00e8ne\",\"url\":\"https:\\\/\\\/www.socdem.org\\\/el\\\/\",\"logo\":{\"@type\":\"ImageObject\",\"inLanguage\":\"el\",\"@id\":\"https:\\\/\\\/www.socdem.org\\\/el\\\/#\\\/schema\\\/logo\\\/image\\\/\",\"url\":\"https:\\\/\\\/www.socdem.org\\\/wp-content\\\/uploads\\\/2014\\\/03\\\/SOC-DEM-LOGO-NAME.jpg\",\"contentUrl\":\"https:\\\/\\\/www.socdem.org\\\/wp-content\\\/uploads\\\/2014\\\/03\\\/SOC-DEM-LOGO-NAME.jpg\",\"width\":\"8485\",\"height\":\"4200\",\"caption\":\"\u00c9cole Socrates-D\u00e9mosth\u00e8ne\"},\"image\":{\"@id\":\"https:\\\/\\\/www.socdem.org\\\/el\\\/#\\\/schema\\\/logo\\\/image\\\/\"},\"sameAs\":[\"https:\\\/\\\/www.facebook.com\\\/TheHCGM\\\/\",\"https:\\\/\\\/www.instagram.com\\\/p\\\/BnE965PhJU7\\\/?hl=en\"]},{\"@type\":\"Person\",\"@id\":\"https:\\\/\\\/www.socdem.org\\\/el\\\/#\\\/schema\\\/person\\\/3d4208f100317a6251846d5d4fcb6e6f\",\"name\":\"avournias\",\"image\":{\"@type\":\"ImageObject\",\"inLanguage\":\"el\",\"@id\":\"https:\\\/\\\/secure.gravatar.com\\\/avatar\\\/e44d940614c28c716a6912b81868ef19a508fe61c65c7dbdb4825236cbaa5364?s=96&d=mm&r=g\",\"url\":\"https:\\\/\\\/secure.gravatar.com\\\/avatar\\\/e44d940614c28c716a6912b81868ef19a508fe61c65c7dbdb4825236cbaa5364?s=96&d=mm&r=g\",\"contentUrl\":\"https:\\\/\\\/secure.gravatar.com\\\/avatar\\\/e44d940614c28c716a6912b81868ef19a508fe61c65c7dbdb4825236cbaa5364?s=96&d=mm&r=g\",\"caption\":\"avournias\"},\"sameAs\":[\"http:\\\/\\\/socdem.wpengine.com\"],\"url\":\"https:\\\/\\\/www.socdem.org\\\/el\\\/author\\\/avournias\\\/\"}]}<\/script>\n<!-- \/ Yoast SEO plugin. -->","yoast_head_json":{"title":"\u0391\u03c0\u03cc \u03c7\u03b1\u03c1\u03c4\u03af \u03c3\u03b5 \u03c5\u03bb\u03bf\u03c0\u03bf\u03af\u03b7\u03c3\u03b7 - \u0394\u03b7\u03bc\u03bf\u03c4\u03b9\u03ba\u03cc \u03c3\u03c7\u03bf\u03bb\u03b5\u03af\u03bf \u03a3\u03c9\u03ba\u03c1\u03ac\u03c4\u03b7\u03c2 \u03ba\u03b1\u03b9 \u0394\u03b7\u03bc\u03bf\u03c3\u03b8\u03ad\u03bd\u03b7\u03c2","robots":{"index":"index","follow":"follow","max-snippet":"max-snippet:-1","max-image-preview":"max-image-preview:large","max-video-preview":"max-video-preview:-1"},"canonical":"https:\/\/www.socdem.org\/el\/dun-simple-croquis-a-la-realisation-dun-reve-notre-char-allegorique\/","og_locale":"el_GR","og_type":"article","og_title":"\u0391\u03c0\u03cc \u03c7\u03b1\u03c1\u03c4\u03af \u03c3\u03b5 \u03c5\u03bb\u03bf\u03c0\u03bf\u03af\u03b7\u03c3\u03b7 - \u0394\u03b7\u03bc\u03bf\u03c4\u03b9\u03ba\u03cc \u03c3\u03c7\u03bf\u03bb\u03b5\u03af\u03bf \u03a3\u03c9\u03ba\u03c1\u03ac\u03c4\u03b7\u03c2 \u03ba\u03b1\u03b9 \u0394\u03b7\u03bc\u03bf\u03c3\u03b8\u03ad\u03bd\u03b7\u03c2","og_description":"Le char all\u00e9gorique de notre \u00c9cole d\u00e9voil\u00e9 Ce qui a commenc\u00e9 comme une id\u00e9e folle s\u2019est mat\u00e9rialis\u00e9 dimanche dernier au d\u00e9fil\u00e9 de la St-Patrick devant pr\u00e8s d&#8217;un million de spectateurs....","og_url":"https:\/\/www.socdem.org\/el\/dun-simple-croquis-a-la-realisation-dun-reve-notre-char-allegorique\/","og_site_name":"\u0394\u03b7\u03bc\u03bf\u03c4\u03b9\u03ba\u03cc \u03c3\u03c7\u03bf\u03bb\u03b5\u03af\u03bf \u03a3\u03c9\u03ba\u03c1\u03ac\u03c4\u03b7\u03c2 \u03ba\u03b1\u03b9 \u0394\u03b7\u03bc\u03bf\u03c3\u03b8\u03ad\u03bd\u03b7\u03c2","article_publisher":"https:\/\/www.facebook.com\/TheHCGM\/","article_published_time":"2016-03-26T13:40:59+00:00","article_modified_time":"2016-06-22T14:19:58+00:00","og_image":[{"width":793,"height":383,"url":"https:\/\/www.socdem.org\/wp-content\/uploads\/2016\/03\/p1.jpg","type":"image\/jpeg"}],"author":"avournias","twitter_card":"summary_large_image","twitter_misc":{"\u03a3\u03c5\u03bd\u03c4\u03ac\u03c7\u03b8\u03b7\u03ba\u03b5 \u03b1\u03c0\u03cc":"avournias","\u0395\u03ba\u03c4\u03b9\u03bc\u03ce\u03bc\u03b5\u03bd\u03bf\u03c2 \u03c7\u03c1\u03cc\u03bd\u03bf\u03c2 \u03b1\u03bd\u03ac\u03b3\u03bd\u03c9\u03c3\u03b7\u03c2":"3 \u03bb\u03b5\u03c0\u03c4\u03ac"},"schema":{"@context":"https:\/\/schema.org","@graph":[{"@type":"Article","@id":"https:\/\/www.socdem.org\/el\/dun-simple-croquis-a-la-realisation-dun-reve-notre-char-allegorique\/#article","isPartOf":{"@id":"https:\/\/www.socdem.org\/el\/dun-simple-croquis-a-la-realisation-dun-reve-notre-char-allegorique\/"},"author":{"name":"avournias","@id":"https:\/\/www.socdem.org\/el\/#\/schema\/person\/3d4208f100317a6251846d5d4fcb6e6f"},"headline":"\u0391\u03c0\u03cc \u03c7\u03b1\u03c1\u03c4\u03af \u03c3\u03b5 \u03c5\u03bb\u03bf\u03c0\u03bf\u03af\u03b7\u03c3\u03b7","datePublished":"2016-03-26T13:40:59+00:00","dateModified":"2016-06-22T14:19:58+00:00","mainEntityOfPage":{"@id":"https:\/\/www.socdem.org\/el\/dun-simple-croquis-a-la-realisation-dun-reve-notre-char-allegorique\/"},"wordCount":689,"publisher":{"@id":"https:\/\/www.socdem.org\/el\/#organization"},"image":{"@id":"https:\/\/www.socdem.org\/el\/dun-simple-croquis-a-la-realisation-dun-reve-notre-char-allegorique\/#primaryimage"},"thumbnailUrl":"https:\/\/www.socdem.org\/wp-content\/uploads\/2016\/03\/p1.jpg","articleSection":["Nea 2","Nea 3","Nea 4","Nea 5","Nea demosthene","News and activities greek"],"inLanguage":"el"},{"@type":"WebPage","@id":"https:\/\/www.socdem.org\/el\/dun-simple-croquis-a-la-realisation-dun-reve-notre-char-allegorique\/","url":"https:\/\/www.socdem.org\/el\/dun-simple-croquis-a-la-realisation-dun-reve-notre-char-allegorique\/","name":"\u0391\u03c0\u03cc \u03c7\u03b1\u03c1\u03c4\u03af \u03c3\u03b5 \u03c5\u03bb\u03bf\u03c0\u03bf\u03af\u03b7\u03c3\u03b7 - \u0394\u03b7\u03bc\u03bf\u03c4\u03b9\u03ba\u03cc \u03c3\u03c7\u03bf\u03bb\u03b5\u03af\u03bf \u03a3\u03c9\u03ba\u03c1\u03ac\u03c4\u03b7\u03c2 \u03ba\u03b1\u03b9 \u0394\u03b7\u03bc\u03bf\u03c3\u03b8\u03ad\u03bd\u03b7\u03c2","isPartOf":{"@id":"https:\/\/www.socdem.org\/el\/#website"},"primaryImageOfPage":{"@id":"https:\/\/www.socdem.org\/el\/dun-simple-croquis-a-la-realisation-dun-reve-notre-char-allegorique\/#primaryimage"},"image":{"@id":"https:\/\/www.socdem.org\/el\/dun-simple-croquis-a-la-realisation-dun-reve-notre-char-allegorique\/#primaryimage"},"thumbnailUrl":"https:\/\/www.socdem.org\/wp-content\/uploads\/2016\/03\/p1.jpg","datePublished":"2016-03-26T13:40:59+00:00","dateModified":"2016-06-22T14:19:58+00:00","breadcrumb":{"@id":"https:\/\/www.socdem.org\/el\/dun-simple-croquis-a-la-realisation-dun-reve-notre-char-allegorique\/#breadcrumb"},"inLanguage":"el","potentialAction":[{"@type":"ReadAction","target":["https:\/\/www.socdem.org\/el\/dun-simple-croquis-a-la-realisation-dun-reve-notre-char-allegorique\/"]}]},{"@type":"ImageObject","inLanguage":"el","@id":"https:\/\/www.socdem.org\/el\/dun-simple-croquis-a-la-realisation-dun-reve-notre-char-allegorique\/#primaryimage","url":"https:\/\/www.socdem.org\/wp-content\/uploads\/2016\/03\/p1.jpg","contentUrl":"https:\/\/www.socdem.org\/wp-content\/uploads\/2016\/03\/p1.jpg","width":"793","height":"383"},{"@type":"BreadcrumbList","@id":"https:\/\/www.socdem.org\/el\/dun-simple-croquis-a-la-realisation-dun-reve-notre-char-allegorique\/#breadcrumb","itemListElement":[{"@type":"ListItem","position":1,"name":"Accueil","item":"https:\/\/www.socdem.org\/el\/"},{"@type":"ListItem","position":2,"name":"\u0391\u03c0\u03cc \u03c7\u03b1\u03c1\u03c4\u03af \u03c3\u03b5 \u03c5\u03bb\u03bf\u03c0\u03bf\u03af\u03b7\u03c3\u03b7"}]},{"@type":"WebSite","@id":"https:\/\/www.socdem.org\/el\/#website","url":"https:\/\/www.socdem.org\/el\/","name":"\u00c9cole Socrates-D\u00e9mosth\u00e8ne","description":"\u03a0\u03ad\u03bd\u03c4\u03b5 \u03c4\u03c1\u03af\u03b3\u03bb\u03c9\u03c3\u03c3\u03b1 \u03b5\u03bb\u03bb\u03b7\u03bd\u03b9\u03ba\u03ac \u03b4\u03b7\u03bc\u03bf\u03c4\u03b9\u03ba\u03ac \u03c3\u03c7\u03bf\u03bb\u03b5\u03af\u03b1 \u03c4\u03bf\u03c5 \u039c\u03b5\u03b3\u03b1\u03bb\u03cd\u03c4\u03b5\u03c1\u03bf\u03c5 \u039c\u03bf\u03bd\u03c4\u03c1\u03b5\u03ac\u03bb","publisher":{"@id":"https:\/\/www.socdem.org\/el\/#organization"},"potentialAction":[{"@type":"SearchAction","target":{"@type":"EntryPoint","urlTemplate":"https:\/\/www.socdem.org\/el\/?s={search_term_string}"},"query-input":{"@type":"PropertyValueSpecification","valueRequired":true,"valueName":"search_term_string"}}],"inLanguage":"el"},{"@type":"Organization","@id":"https:\/\/www.socdem.org\/el\/#organization","name":"\u00c9cole Socrates-D\u00e9mosth\u00e8ne","url":"https:\/\/www.socdem.org\/el\/","logo":{"@type":"ImageObject","inLanguage":"el","@id":"https:\/\/www.socdem.org\/el\/#\/schema\/logo\/image\/","url":"https:\/\/www.socdem.org\/wp-content\/uploads\/2014\/03\/SOC-DEM-LOGO-NAME.jpg","contentUrl":"https:\/\/www.socdem.org\/wp-content\/uploads\/2014\/03\/SOC-DEM-LOGO-NAME.jpg","width":"8485","height":"4200","caption":"\u00c9cole Socrates-D\u00e9mosth\u00e8ne"},"image":{"@id":"https:\/\/www.socdem.org\/el\/#\/schema\/logo\/image\/"},"sameAs":["https:\/\/www.facebook.com\/TheHCGM\/","https:\/\/www.instagram.com\/p\/BnE965PhJU7\/?hl=en"]},{"@type":"Person","@id":"https:\/\/www.socdem.org\/el\/#\/schema\/person\/3d4208f100317a6251846d5d4fcb6e6f","name":"avournias","image":{"@type":"ImageObject","inLanguage":"el","@id":"https:\/\/secure.gravatar.com\/avatar\/e44d940614c28c716a6912b81868ef19a508fe61c65c7dbdb4825236cbaa5364?s=96&d=mm&r=g","url":"https:\/\/secure.gravatar.com\/avatar\/e44d940614c28c716a6912b81868ef19a508fe61c65c7dbdb4825236cbaa5364?s=96&d=mm&r=g","contentUrl":"https:\/\/secure.gravatar.com\/avatar\/e44d940614c28c716a6912b81868ef19a508fe61c65c7dbdb4825236cbaa5364?s=96&d=mm&r=g","caption":"avournias"},"sameAs":["http:\/\/socdem.wpengine.com"],"url":"https:\/\/www.socdem.org\/el\/author\/avournias\/"}]}},"_links":{"self":[{"href":"https:\/\/www.socdem.org\/el\/wp-json\/wp\/v2\/posts\/17952","targetHints":{"allow":["GET"]}}],"collection":[{"href":"https:\/\/www.socdem.org\/el\/wp-json\/wp\/v2\/posts"}],"about":[{"href":"https:\/\/www.socdem.org\/el\/wp-json\/wp\/v2\/types\/post"}],"author":[{"embeddable":true,"href":"https:\/\/www.socdem.org\/el\/wp-json\/wp\/v2\/users\/23"}],"replies":[{"embeddable":true,"href":"https:\/\/www.socdem.org\/el\/wp-json\/wp\/v2\/comments?post=17952"}],"version-history":[{"count":0,"href":"https:\/\/www.socdem.org\/el\/wp-json\/wp\/v2\/posts\/17952\/revisions"}],"wp:featuredmedia":[{"embeddable":true,"href":"https:\/\/www.socdem.org\/el\/wp-json\/wp\/v2\/media\/18779"}],"wp:attachment":[{"href":"https:\/\/www.socdem.org\/el\/wp-json\/wp\/v2\/media?parent=17952"}],"wp:term":[{"taxonomy":"category","embeddable":true,"href":"https:\/\/www.socdem.org\/el\/wp-json\/wp\/v2\/categories?post=17952"},{"taxonomy":"post_tag","embeddable":true,"href":"https:\/\/www.socdem.org\/el\/wp-json\/wp\/v2\/tags?post=17952"}],"curies":[{"name":"wp","href":"https:\/\/api.w.org\/{rel}","templated":true}]}}