{"id":18379,"date":"2016-06-03T14:48:22","date_gmt":"2016-06-03T18:48:22","guid":{"rendered":"https:\/\/www.socdem.org\/el\/soiree-benefice-avec-les-vedettes-de-brousko\/"},"modified":"2016-06-22T09:59:57","modified_gmt":"2016-06-22T13:59:57","slug":"soiree-benefice-avec-les-vedettes-de-brousko","status":"publish","type":"post","link":"https:\/\/www.socdem.org\/el\/soiree-benefice-avec-les-vedettes-de-brousko\/","title":{"rendered":"\u0388\u03c1\u03b1\u03bd\u03bf \u03bc\u03b5 \u03c4\u03b1 \u03b1\u03c3\u03c4\u03ad\u03c1\u03b9\u03b1 \u03c4\u03bf\u03c5 \u03a0\u03bc\u03c1\u03bf\u03c5\u03c3\u03ba\u03bf"},"content":{"rendered":"<div><strong><em>Brousko <\/em>\u00e0 Montr\u00e9al<\/strong><\/div>\n<div>\n<p>Deux s\u00e9duisantes vedettes de la tr\u00e8s populaire s\u00e9rie de la t\u00e9l\u00e9vision grecque <em>Brousko, <\/em>Andreas Georgiou et Koulis Nikolaou<em>\u00a0<\/em>ont accept\u00e9 de prendre la sc\u00e8ne le 24 juin prochain au profit de l&#8217;\u00c9cole Socrates-D\u00e9mosth\u00e8ne.<\/p>\n<p>Nous vous invitons \u00e0 venir participer \u00e0 cette soir\u00e9e unique en son genre \u00e0 18 h au Centre Embassy Plaza. La soir\u00e9e comprend le repas et\u00a0de la musique, incluant\u00a0une splendide interpr\u00e9tation du th\u00e8me de <em>Brousko<\/em> par la chorale de l&#8217;\u00c9cole. Cependant, le clou de la soir\u00e9e sera sans contredit une sc\u00e9ance d&#8217;improvisation avec les deux acteurs et des gens du public.<\/p>\n<p>Les billets d&#8217;entr\u00e9e sont 65 $ pour les adultes et 35 $ pour les moins de 12 ans.\u00a0Pour vous procurer des billets ou pour de plus de renseignements, n&#8217;h\u00e9sitez pas \u00e0 communiquer avec les productions Omega au 514-272-2634 ou \u00e0 la Communaut\u00e9 hell\u00e9nique du Grand Montr\u00e9al au 514-738-2421.<\/p>\n<p><img loading=\"lazy\" decoding=\"async\" class=\"aligncenter size-large wp-image-18374\" src=\"https:\/\/www.socdem.org\/wp-content\/uploads\/2016\/06\/Brousko-668x1024.jpg\" alt=\"Brousko\" width=\"668\" height=\"1024\" srcset=\"https:\/\/www.socdem.org\/wp-content\/uploads\/2016\/06\/Brousko-668x1024.jpg 668w, https:\/\/www.socdem.org\/wp-content\/uploads\/2016\/06\/Brousko-196x300.jpg 196w, https:\/\/www.socdem.org\/wp-content\/uploads\/2016\/06\/Brousko.jpg 1000w\" sizes=\"auto, (max-width: 668px) 100vw, 668px\" \/><\/p>\n<\/div>\n","protected":false},"excerpt":{"rendered":"<p>Brousko \u00e0 Montr\u00e9al Deux s\u00e9duisantes vedettes de la tr\u00e8s populaire s\u00e9rie de la t\u00e9l\u00e9vision grecque Brousko, Andreas Georgiou et Koulis Nikolaou\u00a0ont accept\u00e9 de prendre la sc\u00e8ne le 24 juin prochain&#8230;<\/p>\n","protected":false},"author":23,"featured_media":18382,"comment_status":"closed","ping_status":"closed","sticky":false,"template":"","format":"standard","meta":{"_monsterinsights_skip_tracking":false,"_monsterinsights_sitenote_active":false,"_monsterinsights_sitenote_note":"","_monsterinsights_sitenote_category":0,"footnotes":""},"categories":[93,94,95,97],"tags":[],"class_list":{"0":"post-18379","1":"post","2":"type-post","3":"status-publish","4":"format-standard","5":"has-post-thumbnail","7":"category-nea-2","8":"category-nea-3","9":"category-nea-4","10":"category-nea-demosthene"},"yoast_head":"<!-- This site is optimized with the Yoast SEO plugin v27.5 - https:\/\/yoast.com\/product\/yoast-seo-wordpress\/ -->\n<title>\u0388\u03c1\u03b1\u03bd\u03bf \u03bc\u03b5 \u03c4\u03b1 \u03b1\u03c3\u03c4\u03ad\u03c1\u03b9\u03b1 \u03c4\u03bf\u03c5 \u03a0\u03bc\u03c1\u03bf\u03c5\u03c3\u03ba\u03bf - \u0394\u03b7\u03bc\u03bf\u03c4\u03b9\u03ba\u03cc \u03c3\u03c7\u03bf\u03bb\u03b5\u03af\u03bf \u03a3\u03c9\u03ba\u03c1\u03ac\u03c4\u03b7\u03c2 \u03ba\u03b1\u03b9 \u0394\u03b7\u03bc\u03bf\u03c3\u03b8\u03ad\u03bd\u03b7\u03c2<\/title>\n<meta name=\"robots\" content=\"index, follow, max-snippet:-1, max-image-preview:large, max-video-preview:-1\" \/>\n<link rel=\"canonical\" href=\"https:\/\/www.socdem.org\/el\/soiree-benefice-avec-les-vedettes-de-brousko\/\" \/>\n<meta property=\"og:locale\" content=\"el_GR\" \/>\n<meta property=\"og:type\" content=\"article\" \/>\n<meta property=\"og:title\" content=\"\u0388\u03c1\u03b1\u03bd\u03bf \u03bc\u03b5 \u03c4\u03b1 \u03b1\u03c3\u03c4\u03ad\u03c1\u03b9\u03b1 \u03c4\u03bf\u03c5 \u03a0\u03bc\u03c1\u03bf\u03c5\u03c3\u03ba\u03bf - \u0394\u03b7\u03bc\u03bf\u03c4\u03b9\u03ba\u03cc \u03c3\u03c7\u03bf\u03bb\u03b5\u03af\u03bf \u03a3\u03c9\u03ba\u03c1\u03ac\u03c4\u03b7\u03c2 \u03ba\u03b1\u03b9 \u0394\u03b7\u03bc\u03bf\u03c3\u03b8\u03ad\u03bd\u03b7\u03c2\" \/>\n<meta property=\"og:description\" content=\"Brousko \u00e0 Montr\u00e9al Deux s\u00e9duisantes vedettes de la tr\u00e8s populaire s\u00e9rie de la t\u00e9l\u00e9vision grecque Brousko, Andreas Georgiou et Koulis Nikolaou\u00a0ont accept\u00e9 de prendre la sc\u00e8ne le 24 juin prochain...\" \/>\n<meta property=\"og:url\" content=\"https:\/\/www.socdem.org\/el\/soiree-benefice-avec-les-vedettes-de-brousko\/\" \/>\n<meta property=\"og:site_name\" content=\"\u0394\u03b7\u03bc\u03bf\u03c4\u03b9\u03ba\u03cc \u03c3\u03c7\u03bf\u03bb\u03b5\u03af\u03bf \u03a3\u03c9\u03ba\u03c1\u03ac\u03c4\u03b7\u03c2 \u03ba\u03b1\u03b9 \u0394\u03b7\u03bc\u03bf\u03c3\u03b8\u03ad\u03bd\u03b7\u03c2\" \/>\n<meta property=\"article:publisher\" content=\"https:\/\/www.facebook.com\/TheHCGM\/\" \/>\n<meta property=\"article:published_time\" content=\"2016-06-03T18:48:22+00:00\" \/>\n<meta property=\"article:modified_time\" content=\"2016-06-22T13:59:57+00:00\" \/>\n<meta property=\"og:image\" content=\"https:\/\/www.socdem.org\/wp-content\/uploads\/2016\/06\/G.jpg\" \/>\n\t<meta property=\"og:image:width\" content=\"636\" \/>\n\t<meta property=\"og:image:height\" content=\"826\" \/>\n\t<meta property=\"og:image:type\" content=\"image\/jpeg\" \/>\n<meta name=\"author\" content=\"avournias\" \/>\n<meta name=\"twitter:card\" content=\"summary_large_image\" \/>\n<meta name=\"twitter:label1\" content=\"\u03a3\u03c5\u03bd\u03c4\u03ac\u03c7\u03b8\u03b7\u03ba\u03b5 \u03b1\u03c0\u03cc\" \/>\n\t<meta name=\"twitter:data1\" content=\"avournias\" \/>\n\t<meta name=\"twitter:label2\" content=\"\u0395\u03ba\u03c4\u03b9\u03bc\u03ce\u03bc\u03b5\u03bd\u03bf\u03c2 \u03c7\u03c1\u03cc\u03bd\u03bf\u03c2 \u03b1\u03bd\u03ac\u03b3\u03bd\u03c9\u03c3\u03b7\u03c2\" \/>\n\t<meta name=\"twitter:data2\" content=\"1 \u03bb\u03b5\u03c0\u03c4\u03cc\" \/>\n<script type=\"application\/ld+json\" class=\"yoast-schema-graph\">{\"@context\":\"https:\\\/\\\/schema.org\",\"@graph\":[{\"@type\":\"Article\",\"@id\":\"https:\\\/\\\/www.socdem.org\\\/el\\\/soiree-benefice-avec-les-vedettes-de-brousko\\\/#article\",\"isPartOf\":{\"@id\":\"https:\\\/\\\/www.socdem.org\\\/el\\\/soiree-benefice-avec-les-vedettes-de-brousko\\\/\"},\"author\":{\"name\":\"avournias\",\"@id\":\"https:\\\/\\\/www.socdem.org\\\/el\\\/#\\\/schema\\\/person\\\/3d4208f100317a6251846d5d4fcb6e6f\"},\"headline\":\"\u0388\u03c1\u03b1\u03bd\u03bf \u03bc\u03b5 \u03c4\u03b1 \u03b1\u03c3\u03c4\u03ad\u03c1\u03b9\u03b1 \u03c4\u03bf\u03c5 \u03a0\u03bc\u03c1\u03bf\u03c5\u03c3\u03ba\u03bf\",\"datePublished\":\"2016-06-03T18:48:22+00:00\",\"dateModified\":\"2016-06-22T13:59:57+00:00\",\"mainEntityOfPage\":{\"@id\":\"https:\\\/\\\/www.socdem.org\\\/el\\\/soiree-benefice-avec-les-vedettes-de-brousko\\\/\"},\"wordCount\":158,\"publisher\":{\"@id\":\"https:\\\/\\\/www.socdem.org\\\/el\\\/#organization\"},\"image\":{\"@id\":\"https:\\\/\\\/www.socdem.org\\\/el\\\/soiree-benefice-avec-les-vedettes-de-brousko\\\/#primaryimage\"},\"thumbnailUrl\":\"https:\\\/\\\/www.socdem.org\\\/wp-content\\\/uploads\\\/2016\\\/06\\\/G.jpg\",\"articleSection\":[\"Nea 2\",\"Nea 3\",\"Nea 4\",\"Nea demosthene\"],\"inLanguage\":\"el\"},{\"@type\":\"WebPage\",\"@id\":\"https:\\\/\\\/www.socdem.org\\\/el\\\/soiree-benefice-avec-les-vedettes-de-brousko\\\/\",\"url\":\"https:\\\/\\\/www.socdem.org\\\/el\\\/soiree-benefice-avec-les-vedettes-de-brousko\\\/\",\"name\":\"\u0388\u03c1\u03b1\u03bd\u03bf \u03bc\u03b5 \u03c4\u03b1 \u03b1\u03c3\u03c4\u03ad\u03c1\u03b9\u03b1 \u03c4\u03bf\u03c5 \u03a0\u03bc\u03c1\u03bf\u03c5\u03c3\u03ba\u03bf - \u0394\u03b7\u03bc\u03bf\u03c4\u03b9\u03ba\u03cc \u03c3\u03c7\u03bf\u03bb\u03b5\u03af\u03bf \u03a3\u03c9\u03ba\u03c1\u03ac\u03c4\u03b7\u03c2 \u03ba\u03b1\u03b9 \u0394\u03b7\u03bc\u03bf\u03c3\u03b8\u03ad\u03bd\u03b7\u03c2\",\"isPartOf\":{\"@id\":\"https:\\\/\\\/www.socdem.org\\\/el\\\/#website\"},\"primaryImageOfPage\":{\"@id\":\"https:\\\/\\\/www.socdem.org\\\/el\\\/soiree-benefice-avec-les-vedettes-de-brousko\\\/#primaryimage\"},\"image\":{\"@id\":\"https:\\\/\\\/www.socdem.org\\\/el\\\/soiree-benefice-avec-les-vedettes-de-brousko\\\/#primaryimage\"},\"thumbnailUrl\":\"https:\\\/\\\/www.socdem.org\\\/wp-content\\\/uploads\\\/2016\\\/06\\\/G.jpg\",\"datePublished\":\"2016-06-03T18:48:22+00:00\",\"dateModified\":\"2016-06-22T13:59:57+00:00\",\"breadcrumb\":{\"@id\":\"https:\\\/\\\/www.socdem.org\\\/el\\\/soiree-benefice-avec-les-vedettes-de-brousko\\\/#breadcrumb\"},\"inLanguage\":\"el\",\"potentialAction\":[{\"@type\":\"ReadAction\",\"target\":[\"https:\\\/\\\/www.socdem.org\\\/el\\\/soiree-benefice-avec-les-vedettes-de-brousko\\\/\"]}]},{\"@type\":\"ImageObject\",\"inLanguage\":\"el\",\"@id\":\"https:\\\/\\\/www.socdem.org\\\/el\\\/soiree-benefice-avec-les-vedettes-de-brousko\\\/#primaryimage\",\"url\":\"https:\\\/\\\/www.socdem.org\\\/wp-content\\\/uploads\\\/2016\\\/06\\\/G.jpg\",\"contentUrl\":\"https:\\\/\\\/www.socdem.org\\\/wp-content\\\/uploads\\\/2016\\\/06\\\/G.jpg\",\"width\":636,\"height\":826},{\"@type\":\"BreadcrumbList\",\"@id\":\"https:\\\/\\\/www.socdem.org\\\/el\\\/soiree-benefice-avec-les-vedettes-de-brousko\\\/#breadcrumb\",\"itemListElement\":[{\"@type\":\"ListItem\",\"position\":1,\"name\":\"Accueil\",\"item\":\"https:\\\/\\\/www.socdem.org\\\/el\\\/\"},{\"@type\":\"ListItem\",\"position\":2,\"name\":\"\u0388\u03c1\u03b1\u03bd\u03bf \u03bc\u03b5 \u03c4\u03b1 \u03b1\u03c3\u03c4\u03ad\u03c1\u03b9\u03b1 \u03c4\u03bf\u03c5 \u03a0\u03bc\u03c1\u03bf\u03c5\u03c3\u03ba\u03bf\"}]},{\"@type\":\"WebSite\",\"@id\":\"https:\\\/\\\/www.socdem.org\\\/el\\\/#website\",\"url\":\"https:\\\/\\\/www.socdem.org\\\/el\\\/\",\"name\":\"\u00c9cole Socrates-D\u00e9mosth\u00e8ne\",\"description\":\"\u03a0\u03ad\u03bd\u03c4\u03b5 \u03c4\u03c1\u03af\u03b3\u03bb\u03c9\u03c3\u03c3\u03b1 \u03b5\u03bb\u03bb\u03b7\u03bd\u03b9\u03ba\u03ac \u03b4\u03b7\u03bc\u03bf\u03c4\u03b9\u03ba\u03ac \u03c3\u03c7\u03bf\u03bb\u03b5\u03af\u03b1 \u03c4\u03bf\u03c5 \u039c\u03b5\u03b3\u03b1\u03bb\u03cd\u03c4\u03b5\u03c1\u03bf\u03c5 \u039c\u03bf\u03bd\u03c4\u03c1\u03b5\u03ac\u03bb\",\"publisher\":{\"@id\":\"https:\\\/\\\/www.socdem.org\\\/el\\\/#organization\"},\"potentialAction\":[{\"@type\":\"SearchAction\",\"target\":{\"@type\":\"EntryPoint\",\"urlTemplate\":\"https:\\\/\\\/www.socdem.org\\\/el\\\/?s={search_term_string}\"},\"query-input\":{\"@type\":\"PropertyValueSpecification\",\"valueRequired\":true,\"valueName\":\"search_term_string\"}}],\"inLanguage\":\"el\"},{\"@type\":\"Organization\",\"@id\":\"https:\\\/\\\/www.socdem.org\\\/el\\\/#organization\",\"name\":\"\u00c9cole Socrates-D\u00e9mosth\u00e8ne\",\"url\":\"https:\\\/\\\/www.socdem.org\\\/el\\\/\",\"logo\":{\"@type\":\"ImageObject\",\"inLanguage\":\"el\",\"@id\":\"https:\\\/\\\/www.socdem.org\\\/el\\\/#\\\/schema\\\/logo\\\/image\\\/\",\"url\":\"https:\\\/\\\/www.socdem.org\\\/wp-content\\\/uploads\\\/2014\\\/03\\\/SOC-DEM-LOGO-NAME.jpg\",\"contentUrl\":\"https:\\\/\\\/www.socdem.org\\\/wp-content\\\/uploads\\\/2014\\\/03\\\/SOC-DEM-LOGO-NAME.jpg\",\"width\":\"8485\",\"height\":\"4200\",\"caption\":\"\u00c9cole Socrates-D\u00e9mosth\u00e8ne\"},\"image\":{\"@id\":\"https:\\\/\\\/www.socdem.org\\\/el\\\/#\\\/schema\\\/logo\\\/image\\\/\"},\"sameAs\":[\"https:\\\/\\\/www.facebook.com\\\/TheHCGM\\\/\",\"https:\\\/\\\/www.instagram.com\\\/p\\\/BnE965PhJU7\\\/?hl=en\"]},{\"@type\":\"Person\",\"@id\":\"https:\\\/\\\/www.socdem.org\\\/el\\\/#\\\/schema\\\/person\\\/3d4208f100317a6251846d5d4fcb6e6f\",\"name\":\"avournias\",\"image\":{\"@type\":\"ImageObject\",\"inLanguage\":\"el\",\"@id\":\"https:\\\/\\\/secure.gravatar.com\\\/avatar\\\/e44d940614c28c716a6912b81868ef19a508fe61c65c7dbdb4825236cbaa5364?s=96&d=mm&r=g\",\"url\":\"https:\\\/\\\/secure.gravatar.com\\\/avatar\\\/e44d940614c28c716a6912b81868ef19a508fe61c65c7dbdb4825236cbaa5364?s=96&d=mm&r=g\",\"contentUrl\":\"https:\\\/\\\/secure.gravatar.com\\\/avatar\\\/e44d940614c28c716a6912b81868ef19a508fe61c65c7dbdb4825236cbaa5364?s=96&d=mm&r=g\",\"caption\":\"avournias\"},\"sameAs\":[\"http:\\\/\\\/socdem.wpengine.com\"],\"url\":\"https:\\\/\\\/www.socdem.org\\\/el\\\/author\\\/avournias\\\/\"}]}<\/script>\n<!-- \/ Yoast SEO plugin. -->","yoast_head_json":{"title":"\u0388\u03c1\u03b1\u03bd\u03bf \u03bc\u03b5 \u03c4\u03b1 \u03b1\u03c3\u03c4\u03ad\u03c1\u03b9\u03b1 \u03c4\u03bf\u03c5 \u03a0\u03bc\u03c1\u03bf\u03c5\u03c3\u03ba\u03bf - \u0394\u03b7\u03bc\u03bf\u03c4\u03b9\u03ba\u03cc \u03c3\u03c7\u03bf\u03bb\u03b5\u03af\u03bf \u03a3\u03c9\u03ba\u03c1\u03ac\u03c4\u03b7\u03c2 \u03ba\u03b1\u03b9 \u0394\u03b7\u03bc\u03bf\u03c3\u03b8\u03ad\u03bd\u03b7\u03c2","robots":{"index":"index","follow":"follow","max-snippet":"max-snippet:-1","max-image-preview":"max-image-preview:large","max-video-preview":"max-video-preview:-1"},"canonical":"https:\/\/www.socdem.org\/el\/soiree-benefice-avec-les-vedettes-de-brousko\/","og_locale":"el_GR","og_type":"article","og_title":"\u0388\u03c1\u03b1\u03bd\u03bf \u03bc\u03b5 \u03c4\u03b1 \u03b1\u03c3\u03c4\u03ad\u03c1\u03b9\u03b1 \u03c4\u03bf\u03c5 \u03a0\u03bc\u03c1\u03bf\u03c5\u03c3\u03ba\u03bf - \u0394\u03b7\u03bc\u03bf\u03c4\u03b9\u03ba\u03cc \u03c3\u03c7\u03bf\u03bb\u03b5\u03af\u03bf \u03a3\u03c9\u03ba\u03c1\u03ac\u03c4\u03b7\u03c2 \u03ba\u03b1\u03b9 \u0394\u03b7\u03bc\u03bf\u03c3\u03b8\u03ad\u03bd\u03b7\u03c2","og_description":"Brousko \u00e0 Montr\u00e9al Deux s\u00e9duisantes vedettes de la tr\u00e8s populaire s\u00e9rie de la t\u00e9l\u00e9vision grecque Brousko, Andreas Georgiou et Koulis Nikolaou\u00a0ont accept\u00e9 de prendre la sc\u00e8ne le 24 juin prochain...","og_url":"https:\/\/www.socdem.org\/el\/soiree-benefice-avec-les-vedettes-de-brousko\/","og_site_name":"\u0394\u03b7\u03bc\u03bf\u03c4\u03b9\u03ba\u03cc \u03c3\u03c7\u03bf\u03bb\u03b5\u03af\u03bf \u03a3\u03c9\u03ba\u03c1\u03ac\u03c4\u03b7\u03c2 \u03ba\u03b1\u03b9 \u0394\u03b7\u03bc\u03bf\u03c3\u03b8\u03ad\u03bd\u03b7\u03c2","article_publisher":"https:\/\/www.facebook.com\/TheHCGM\/","article_published_time":"2016-06-03T18:48:22+00:00","article_modified_time":"2016-06-22T13:59:57+00:00","og_image":[{"width":636,"height":826,"url":"https:\/\/www.socdem.org\/wp-content\/uploads\/2016\/06\/G.jpg","type":"image\/jpeg"}],"author":"avournias","twitter_card":"summary_large_image","twitter_misc":{"\u03a3\u03c5\u03bd\u03c4\u03ac\u03c7\u03b8\u03b7\u03ba\u03b5 \u03b1\u03c0\u03cc":"avournias","\u0395\u03ba\u03c4\u03b9\u03bc\u03ce\u03bc\u03b5\u03bd\u03bf\u03c2 \u03c7\u03c1\u03cc\u03bd\u03bf\u03c2 \u03b1\u03bd\u03ac\u03b3\u03bd\u03c9\u03c3\u03b7\u03c2":"1 \u03bb\u03b5\u03c0\u03c4\u03cc"},"schema":{"@context":"https:\/\/schema.org","@graph":[{"@type":"Article","@id":"https:\/\/www.socdem.org\/el\/soiree-benefice-avec-les-vedettes-de-brousko\/#article","isPartOf":{"@id":"https:\/\/www.socdem.org\/el\/soiree-benefice-avec-les-vedettes-de-brousko\/"},"author":{"name":"avournias","@id":"https:\/\/www.socdem.org\/el\/#\/schema\/person\/3d4208f100317a6251846d5d4fcb6e6f"},"headline":"\u0388\u03c1\u03b1\u03bd\u03bf \u03bc\u03b5 \u03c4\u03b1 \u03b1\u03c3\u03c4\u03ad\u03c1\u03b9\u03b1 \u03c4\u03bf\u03c5 \u03a0\u03bc\u03c1\u03bf\u03c5\u03c3\u03ba\u03bf","datePublished":"2016-06-03T18:48:22+00:00","dateModified":"2016-06-22T13:59:57+00:00","mainEntityOfPage":{"@id":"https:\/\/www.socdem.org\/el\/soiree-benefice-avec-les-vedettes-de-brousko\/"},"wordCount":158,"publisher":{"@id":"https:\/\/www.socdem.org\/el\/#organization"},"image":{"@id":"https:\/\/www.socdem.org\/el\/soiree-benefice-avec-les-vedettes-de-brousko\/#primaryimage"},"thumbnailUrl":"https:\/\/www.socdem.org\/wp-content\/uploads\/2016\/06\/G.jpg","articleSection":["Nea 2","Nea 3","Nea 4","Nea demosthene"],"inLanguage":"el"},{"@type":"WebPage","@id":"https:\/\/www.socdem.org\/el\/soiree-benefice-avec-les-vedettes-de-brousko\/","url":"https:\/\/www.socdem.org\/el\/soiree-benefice-avec-les-vedettes-de-brousko\/","name":"\u0388\u03c1\u03b1\u03bd\u03bf \u03bc\u03b5 \u03c4\u03b1 \u03b1\u03c3\u03c4\u03ad\u03c1\u03b9\u03b1 \u03c4\u03bf\u03c5 \u03a0\u03bc\u03c1\u03bf\u03c5\u03c3\u03ba\u03bf - \u0394\u03b7\u03bc\u03bf\u03c4\u03b9\u03ba\u03cc \u03c3\u03c7\u03bf\u03bb\u03b5\u03af\u03bf \u03a3\u03c9\u03ba\u03c1\u03ac\u03c4\u03b7\u03c2 \u03ba\u03b1\u03b9 \u0394\u03b7\u03bc\u03bf\u03c3\u03b8\u03ad\u03bd\u03b7\u03c2","isPartOf":{"@id":"https:\/\/www.socdem.org\/el\/#website"},"primaryImageOfPage":{"@id":"https:\/\/www.socdem.org\/el\/soiree-benefice-avec-les-vedettes-de-brousko\/#primaryimage"},"image":{"@id":"https:\/\/www.socdem.org\/el\/soiree-benefice-avec-les-vedettes-de-brousko\/#primaryimage"},"thumbnailUrl":"https:\/\/www.socdem.org\/wp-content\/uploads\/2016\/06\/G.jpg","datePublished":"2016-06-03T18:48:22+00:00","dateModified":"2016-06-22T13:59:57+00:00","breadcrumb":{"@id":"https:\/\/www.socdem.org\/el\/soiree-benefice-avec-les-vedettes-de-brousko\/#breadcrumb"},"inLanguage":"el","potentialAction":[{"@type":"ReadAction","target":["https:\/\/www.socdem.org\/el\/soiree-benefice-avec-les-vedettes-de-brousko\/"]}]},{"@type":"ImageObject","inLanguage":"el","@id":"https:\/\/www.socdem.org\/el\/soiree-benefice-avec-les-vedettes-de-brousko\/#primaryimage","url":"https:\/\/www.socdem.org\/wp-content\/uploads\/2016\/06\/G.jpg","contentUrl":"https:\/\/www.socdem.org\/wp-content\/uploads\/2016\/06\/G.jpg","width":636,"height":826},{"@type":"BreadcrumbList","@id":"https:\/\/www.socdem.org\/el\/soiree-benefice-avec-les-vedettes-de-brousko\/#breadcrumb","itemListElement":[{"@type":"ListItem","position":1,"name":"Accueil","item":"https:\/\/www.socdem.org\/el\/"},{"@type":"ListItem","position":2,"name":"\u0388\u03c1\u03b1\u03bd\u03bf \u03bc\u03b5 \u03c4\u03b1 \u03b1\u03c3\u03c4\u03ad\u03c1\u03b9\u03b1 \u03c4\u03bf\u03c5 \u03a0\u03bc\u03c1\u03bf\u03c5\u03c3\u03ba\u03bf"}]},{"@type":"WebSite","@id":"https:\/\/www.socdem.org\/el\/#website","url":"https:\/\/www.socdem.org\/el\/","name":"\u00c9cole Socrates-D\u00e9mosth\u00e8ne","description":"\u03a0\u03ad\u03bd\u03c4\u03b5 \u03c4\u03c1\u03af\u03b3\u03bb\u03c9\u03c3\u03c3\u03b1 \u03b5\u03bb\u03bb\u03b7\u03bd\u03b9\u03ba\u03ac \u03b4\u03b7\u03bc\u03bf\u03c4\u03b9\u03ba\u03ac \u03c3\u03c7\u03bf\u03bb\u03b5\u03af\u03b1 \u03c4\u03bf\u03c5 \u039c\u03b5\u03b3\u03b1\u03bb\u03cd\u03c4\u03b5\u03c1\u03bf\u03c5 \u039c\u03bf\u03bd\u03c4\u03c1\u03b5\u03ac\u03bb","publisher":{"@id":"https:\/\/www.socdem.org\/el\/#organization"},"potentialAction":[{"@type":"SearchAction","target":{"@type":"EntryPoint","urlTemplate":"https:\/\/www.socdem.org\/el\/?s={search_term_string}"},"query-input":{"@type":"PropertyValueSpecification","valueRequired":true,"valueName":"search_term_string"}}],"inLanguage":"el"},{"@type":"Organization","@id":"https:\/\/www.socdem.org\/el\/#organization","name":"\u00c9cole Socrates-D\u00e9mosth\u00e8ne","url":"https:\/\/www.socdem.org\/el\/","logo":{"@type":"ImageObject","inLanguage":"el","@id":"https:\/\/www.socdem.org\/el\/#\/schema\/logo\/image\/","url":"https:\/\/www.socdem.org\/wp-content\/uploads\/2014\/03\/SOC-DEM-LOGO-NAME.jpg","contentUrl":"https:\/\/www.socdem.org\/wp-content\/uploads\/2014\/03\/SOC-DEM-LOGO-NAME.jpg","width":"8485","height":"4200","caption":"\u00c9cole Socrates-D\u00e9mosth\u00e8ne"},"image":{"@id":"https:\/\/www.socdem.org\/el\/#\/schema\/logo\/image\/"},"sameAs":["https:\/\/www.facebook.com\/TheHCGM\/","https:\/\/www.instagram.com\/p\/BnE965PhJU7\/?hl=en"]},{"@type":"Person","@id":"https:\/\/www.socdem.org\/el\/#\/schema\/person\/3d4208f100317a6251846d5d4fcb6e6f","name":"avournias","image":{"@type":"ImageObject","inLanguage":"el","@id":"https:\/\/secure.gravatar.com\/avatar\/e44d940614c28c716a6912b81868ef19a508fe61c65c7dbdb4825236cbaa5364?s=96&d=mm&r=g","url":"https:\/\/secure.gravatar.com\/avatar\/e44d940614c28c716a6912b81868ef19a508fe61c65c7dbdb4825236cbaa5364?s=96&d=mm&r=g","contentUrl":"https:\/\/secure.gravatar.com\/avatar\/e44d940614c28c716a6912b81868ef19a508fe61c65c7dbdb4825236cbaa5364?s=96&d=mm&r=g","caption":"avournias"},"sameAs":["http:\/\/socdem.wpengine.com"],"url":"https:\/\/www.socdem.org\/el\/author\/avournias\/"}]}},"_links":{"self":[{"href":"https:\/\/www.socdem.org\/el\/wp-json\/wp\/v2\/posts\/18379","targetHints":{"allow":["GET"]}}],"collection":[{"href":"https:\/\/www.socdem.org\/el\/wp-json\/wp\/v2\/posts"}],"about":[{"href":"https:\/\/www.socdem.org\/el\/wp-json\/wp\/v2\/types\/post"}],"author":[{"embeddable":true,"href":"https:\/\/www.socdem.org\/el\/wp-json\/wp\/v2\/users\/23"}],"replies":[{"embeddable":true,"href":"https:\/\/www.socdem.org\/el\/wp-json\/wp\/v2\/comments?post=18379"}],"version-history":[{"count":0,"href":"https:\/\/www.socdem.org\/el\/wp-json\/wp\/v2\/posts\/18379\/revisions"}],"wp:featuredmedia":[{"embeddable":true,"href":"https:\/\/www.socdem.org\/el\/wp-json\/wp\/v2\/media\/18382"}],"wp:attachment":[{"href":"https:\/\/www.socdem.org\/el\/wp-json\/wp\/v2\/media?parent=18379"}],"wp:term":[{"taxonomy":"category","embeddable":true,"href":"https:\/\/www.socdem.org\/el\/wp-json\/wp\/v2\/categories?post=18379"},{"taxonomy":"post_tag","embeddable":true,"href":"https:\/\/www.socdem.org\/el\/wp-json\/wp\/v2\/tags?post=18379"}],"curies":[{"name":"wp","href":"https:\/\/api.w.org\/{rel}","templated":true}]}}