{"id":18959,"date":"2016-07-31T22:44:54","date_gmt":"2016-08-01T02:44:54","guid":{"rendered":"https:\/\/www.socdem.org\/el\/le-fabuleux-voyage-de-nos-eleves-en-terre-hellene\/"},"modified":"2016-07-31T23:38:15","modified_gmt":"2016-08-01T03:38:15","slug":"le-fabuleux-voyage-de-nos-eleves-en-terre-hellene","status":"publish","type":"post","link":"https:\/\/www.socdem.org\/el\/le-fabuleux-voyage-de-nos-eleves-en-terre-hellene\/","title":{"rendered":"\u03a4\u03bf \u03ba\u03b1\u03c4\u03b1\u03c0\u03bb\u03b7\u03ba\u03c4\u03b9\u03ba\u03cc \u03c4\u03b1\u03be\u03af\u03b4\u03b9 \u03c4\u03c9\u03bd \u03bc\u03b1\u03b8\u03b7\u03c4\u03ce\u03bd \u03bc\u03b1\u03c2 \u03c3\u03b5 \u03b5\u03bb\u03bb\u03b7\u03bd\u03b9\u03ba\u03ae \u03b3\u03b7"},"content":{"rendered":"<h5> <img loading=\"lazy\" decoding=\"async\" class=\"aligncenter wp-image-18955 size-large\" src=\"https:\/\/www.socdem.org\/wp-content\/uploads\/2016\/07\/unnamed-1024x576.jpg\" alt=\"unnamed\" width=\"980\" height=\"551\" srcset=\"https:\/\/www.socdem.org\/wp-content\/uploads\/2016\/07\/unnamed-1024x576.jpg 1024w, https:\/\/www.socdem.org\/wp-content\/uploads\/2016\/07\/unnamed-300x169.jpg 300w, https:\/\/www.socdem.org\/wp-content\/uploads\/2016\/07\/unnamed.jpg 1366w\" sizes=\"auto, (max-width: 980px) 100vw, 980px\" \/><\/p>\n<p>Apr\u00e8s avoir foul\u00e9 le sol grec, nos voyageurs ont pris l&#8217;autobus pour se rendre \u00e0 Monemvasia. Une pause bien m\u00e9rit\u00e9e et tr\u00e8s appr\u00e9ci\u00e9e \u00e0 la plage s&#8217;est impos\u00e9e d\u00e8s leur arriv\u00e9e.<br \/>\nLa chaleur \u00e9tait au rendez-vous<\/p>\n<p>Les installations \u00e9taient tr\u00e8s confortables, certains \u00e9l\u00e8ves avaient m\u00eame une vue superbe de la mer, du balcon de leur chambre.<\/p>\n<p><img loading=\"lazy\" decoding=\"async\" class=\"aligncenter wp-image-18952 size-large\" src=\"https:\/\/www.socdem.org\/wp-content\/uploads\/2016\/07\/unnamed-1-1024x763.jpg\" alt=\"unnamed (1)\" width=\"980\" height=\"730\" srcset=\"https:\/\/www.socdem.org\/wp-content\/uploads\/2016\/07\/unnamed-1-1024x763.jpg 1024w, https:\/\/www.socdem.org\/wp-content\/uploads\/2016\/07\/unnamed-1-300x224.jpg 300w, https:\/\/www.socdem.org\/wp-content\/uploads\/2016\/07\/unnamed-1.jpg 1315w\" sizes=\"auto, (max-width: 980px) 100vw, 980px\" \/><\/p>\n<p>Pour leur premi\u00e8re journ\u00e9e, les activit\u00e9s \u00e9taient nombreuses avec des visites, entre autres, de l&#8217;isthme de Corinthe et de la maison du po\u00e8te Yannis Ritsos, la fiert\u00e9 de Monemvasia.<\/p>\n<p><img loading=\"lazy\" decoding=\"async\" class=\"aligncenter wp-image-18949 size-large\" src=\"https:\/\/www.socdem.org\/wp-content\/uploads\/2016\/07\/unnamed-2-768x1024.jpg\" alt=\"unnamed (2)\" width=\"768\" height=\"1024\" srcset=\"https:\/\/www.socdem.org\/wp-content\/uploads\/2016\/07\/unnamed-2.jpg 768w, https:\/\/www.socdem.org\/wp-content\/uploads\/2016\/07\/unnamed-2-225x300.jpg 225w\" sizes=\"auto, (max-width: 768px) 100vw, 768px\" \/><\/p>\n<p><img loading=\"lazy\" decoding=\"async\" class=\"aligncenter wp-image-18946 size-large\" src=\"https:\/\/www.socdem.org\/wp-content\/uploads\/2016\/07\/unnamed-3-768x1024.jpg\" alt=\"unnamed (3)\" width=\"768\" height=\"1024\" srcset=\"https:\/\/www.socdem.org\/wp-content\/uploads\/2016\/07\/unnamed-3.jpg 768w, https:\/\/www.socdem.org\/wp-content\/uploads\/2016\/07\/unnamed-3-225x300.jpg 225w\" sizes=\"auto, (max-width: 768px) 100vw, 768px\" \/><\/p>\n<p>Les enfants ont \u00e9t\u00e9 tr\u00e8s impressionn\u00e9s par la beaut\u00e9 et la richesse de la r\u00e9gion.<\/p>\n<p><img loading=\"lazy\" decoding=\"async\" class=\"aligncenter wp-image-18943 size-large\" src=\"https:\/\/www.socdem.org\/wp-content\/uploads\/2016\/07\/unnamed-4-1024x576.jpg\" alt=\"unnamed (4)\" width=\"980\" height=\"551\" srcset=\"https:\/\/www.socdem.org\/wp-content\/uploads\/2016\/07\/unnamed-4-1024x576.jpg 1024w, https:\/\/www.socdem.org\/wp-content\/uploads\/2016\/07\/unnamed-4-300x169.jpg 300w, https:\/\/www.socdem.org\/wp-content\/uploads\/2016\/07\/unnamed-4.jpg 1366w\" sizes=\"auto, (max-width: 980px) 100vw, 980px\" \/><\/p>\n<p>Les uns derri\u00e8re les autres, nos voyageurs se sont aussi dirig\u00e9s aux portes de la ville avec Maria, Fotini et Nektarios, leurs guides. Malgr\u00e9 leur fatigue, les enfants ont su demeurer attentifs pendant les pr\u00e9sentations de ceux-ci.<\/p>\n<p><img loading=\"lazy\" decoding=\"async\" class=\"aligncenter wp-image-18937 size-large\" src=\"https:\/\/www.socdem.org\/wp-content\/uploads\/2016\/07\/unnamed-5-1024x576.jpg\" alt=\"unnamed (5)\" width=\"980\" height=\"551\" srcset=\"https:\/\/www.socdem.org\/wp-content\/uploads\/2016\/07\/unnamed-5-1024x576.jpg 1024w, https:\/\/www.socdem.org\/wp-content\/uploads\/2016\/07\/unnamed-5-300x169.jpg 300w, https:\/\/www.socdem.org\/wp-content\/uploads\/2016\/07\/unnamed-5.jpg 1366w\" sizes=\"auto, (max-width: 980px) 100vw, 980px\" \/><\/p>\n<p>Un d\u00e9licieux souper bien m\u00e9rit\u00e9 a couronn\u00e9 cette premi\u00e8re journ\u00e9e bien remplie Il est temps pour eux d&#8217;aller dormir&#8230;<\/p>\n<p><img loading=\"lazy\" decoding=\"async\" class=\"aligncenter wp-image-18940 size-large\" src=\"https:\/\/www.socdem.org\/wp-content\/uploads\/2016\/07\/unnamed-6-1024x576.jpg\" alt=\"unnamed (6)\" width=\"980\" height=\"551\" srcset=\"https:\/\/www.socdem.org\/wp-content\/uploads\/2016\/07\/unnamed-6-1024x576.jpg 1024w, https:\/\/www.socdem.org\/wp-content\/uploads\/2016\/07\/unnamed-6-300x169.jpg 300w, https:\/\/www.socdem.org\/wp-content\/uploads\/2016\/07\/unnamed-6.jpg 1366w\" sizes=\"auto, (max-width: 980px) 100vw, 980px\" \/><\/p>\n<p>Apr\u00e8s une bonne nuit de sommeil, les jeunes ont pris la route de Mola\u00ef pour la visite d&#8217;un site naturel et de son \u00e9cosyst\u00e8me. Ils ont pu y d\u00e9couvrir plusieurs richesses naturelles de la r\u00e9gion telles que des plantes et des insectes. Ils y ont trouv\u00e9 des merveilles.<\/p>\n<p><img loading=\"lazy\" decoding=\"async\" class=\"aligncenter wp-image-18934 size-full\" src=\"https:\/\/www.socdem.org\/wp-content\/uploads\/2016\/07\/unnamed-7.jpg\" alt=\"unnamed (7)\" width=\"840\" height=\"460\" srcset=\"https:\/\/www.socdem.org\/wp-content\/uploads\/2016\/07\/unnamed-7.jpg 840w, https:\/\/www.socdem.org\/wp-content\/uploads\/2016\/07\/unnamed-7-300x164.jpg 300w\" sizes=\"auto, (max-width: 840px) 100vw, 840px\" \/><\/p>\n<p>Ils ont ensuite visit\u00e9 Kinsterna, un ancien ch\u00e2teau r\u00e9nov\u00e9 en h\u00f4tel luxueux o\u00f9 l&#8217;architecture d&#8217;origine a \u00e9t\u00e9 conserv\u00e9e. Ils ont re\u00e7u un accueil formidable. Plusieurs enfants veulent y revenir&#8230;<\/p>\n<p><img loading=\"lazy\" decoding=\"async\" class=\"aligncenter wp-image-18931 size-large\" src=\"https:\/\/www.socdem.org\/wp-content\/uploads\/2016\/07\/unnamed-8-1024x576.jpg\" alt=\"unnamed (8)\" width=\"980\" height=\"551\" srcset=\"https:\/\/www.socdem.org\/wp-content\/uploads\/2016\/07\/unnamed-8-1024x576.jpg 1024w, https:\/\/www.socdem.org\/wp-content\/uploads\/2016\/07\/unnamed-8-300x169.jpg 300w, https:\/\/www.socdem.org\/wp-content\/uploads\/2016\/07\/unnamed-8.jpg 1366w\" sizes=\"auto, (max-width: 980px) 100vw, 980px\" \/><\/p>\n<p>Les enfants ont pu vivre l&#8217;exp\u00e9rience d&#8217;\u00eatre un arch\u00e9ologue en faisant des recherches sur le site arch\u00e9ologique de l&#8217;ancienne Asopos (ville submerg\u00e9e sous l&#8217;eau depuis des milliers d&#8217;ann\u00e9es). Ils ont recueilli des restes d&#8217;objets utilis\u00e9s \u00e0 l&#8217;\u00e9poque par la population. Petro, l&#8217;un des voyageurs de Roxboro, a aussi d\u00e9couvert une \u00e9toile de mer!<\/p>\n<p><img loading=\"lazy\" decoding=\"async\" class=\"aligncenter wp-image-18928 size-large\" src=\"https:\/\/www.socdem.org\/wp-content\/uploads\/2016\/07\/unnamed-9-1024x768.jpg\" alt=\"unnamed (9)\" width=\"980\" height=\"735\" srcset=\"https:\/\/www.socdem.org\/wp-content\/uploads\/2016\/07\/unnamed-9.jpg 1024w, https:\/\/www.socdem.org\/wp-content\/uploads\/2016\/07\/unnamed-9-300x225.jpg 300w\" sizes=\"auto, (max-width: 980px) 100vw, 980px\" \/><\/p>\n<p>Le lendemain, nos voyageurs ont fait la visite du ch\u00e2teau de Monemvasia avec ses beaut\u00e9s du pass\u00e9. Ils ont eu un acc\u00e8s privil\u00e9gi\u00e9 \u00e0 la toute derni\u00e8re d\u00e9couverte arch\u00e9ologique sur ce site, qui venait de rouvrir ap\u00e8s deux sans acc\u00e8s au public. Nos \u00e9l\u00e8ves ont eu beaucoup de chance: ils sont arriv\u00e9s au bon moment pour voir leur nouvelles trouvailles. Le vieux phare r\u00e9nov\u00e9 a aussi beaucoup fascin\u00e9.<\/p>\n<p><img loading=\"lazy\" decoding=\"async\" class=\"aligncenter wp-image-18925 size-large\" src=\"https:\/\/www.socdem.org\/wp-content\/uploads\/2016\/07\/unnamed-10-1024x768.jpg\" alt=\"unnamed (10)\" width=\"980\" height=\"735\" srcset=\"https:\/\/www.socdem.org\/wp-content\/uploads\/2016\/07\/unnamed-10-1024x768.jpg 1024w, https:\/\/www.socdem.org\/wp-content\/uploads\/2016\/07\/unnamed-10-300x225.jpg 300w, https:\/\/www.socdem.org\/wp-content\/uploads\/2016\/07\/unnamed-10.jpg 1280w\" sizes=\"auto, (max-width: 980px) 100vw, 980px\" \/><\/p>\n<p>\u00c0 l&#8217;\u00e9glise Elkomenos Christos derni\u00e8re visite \u00e0 Monemvasia, avec activit\u00e9s artistiques et historiques \u00e0 l&#8217;appui. Un bateau repr\u00e9sente les \u00e9l\u00e8ves de Socrates-Demosth\u00e8ne et l&#8217;autre Monemvasia. Les \u00e9l\u00e8ves ont \u00e9crit ce qu&#8217;ils ont retenu du voyage et les sentiments qu&#8217;ils ont ressenti lors des activit\u00e9s et \u00e0 la fin de leur s\u00e9jour.<\/p>\n<p><img loading=\"lazy\" decoding=\"async\" class=\"aligncenter wp-image-18922 size-large\" src=\"https:\/\/www.socdem.org\/wp-content\/uploads\/2016\/07\/unnamed-11-1024x829.jpg\" alt=\"unnamed (11)\" width=\"980\" height=\"793\" srcset=\"https:\/\/www.socdem.org\/wp-content\/uploads\/2016\/07\/unnamed-11-1024x829.jpg 1024w, https:\/\/www.socdem.org\/wp-content\/uploads\/2016\/07\/unnamed-11-300x243.jpg 300w, https:\/\/www.socdem.org\/wp-content\/uploads\/2016\/07\/unnamed-11.jpg 1129w\" sizes=\"auto, (max-width: 980px) 100vw, 980px\" \/><\/p>\n<p><img loading=\"lazy\" decoding=\"async\" class=\"aligncenter wp-image-18919 size-large\" src=\"https:\/\/www.socdem.org\/wp-content\/uploads\/2016\/07\/unnamed-12-1020x1024.jpg\" alt=\"unnamed (12)\" width=\"980\" height=\"984\" srcset=\"https:\/\/www.socdem.org\/wp-content\/uploads\/2016\/07\/unnamed-12-1020x1024.jpg 1020w, https:\/\/www.socdem.org\/wp-content\/uploads\/2016\/07\/unnamed-12-150x150.jpg 150w, https:\/\/www.socdem.org\/wp-content\/uploads\/2016\/07\/unnamed-12-300x300.jpg 300w, https:\/\/www.socdem.org\/wp-content\/uploads\/2016\/07\/unnamed-12.jpg 1117w\" sizes=\"auto, (max-width: 980px) 100vw, 980px\" \/><\/p>\n<p>La M\u00e9diterran\u00e9e joue un r\u00f4le vital et \u00e9ternel aupr\u00e8s de la Gr\u00e8ce, de ses habitants et&#8230; de tous ses jeunes visiteurs qui ont eu l&#8217;agr\u00e9able surprise de se voir offrir une promenade en bateau pour aller sur une plage priv\u00e9e, y faire de la plong\u00e9e en apn\u00e9e et avoir une visite guid\u00e9e de l&#8217;\u00eele gr\u00e2ce \u00e0 la g\u00e9n\u00e9rosit\u00e9 des propri\u00e9taires de la compagnie Proti Cruises qui ont offert gracieusement ce magnifique cadeau.<\/p>\n<p>Arriv\u00e9s \u00e0 la plage priv\u00e9e, les jeunes ont particip\u00e9 \u00e0 une course amicale de nage. Chez les filles, Chlo\u00e9 a gagn\u00e9 et chez les gar\u00e7ons Billy fut le plus rapide. Comme r\u00e9compense ils ont \u00e9t\u00e9 nomm\u00e9s capitaines du jour et ont su mener leurs coll\u00e8gues \u00e0 bon port. Bravo \u00e0 nos deux rapides poissons. Les enfants ont pu explorer en apn\u00e9e une \u00e9pave de bateau. Ils ont aussi d\u00e9couvert un fond marin riche en petites cr\u00e9atures.<\/p>\n<p><img loading=\"lazy\" decoding=\"async\" class=\"aligncenter wp-image-18916 size-large\" src=\"https:\/\/www.socdem.org\/wp-content\/uploads\/2016\/07\/unnamed-13-1024x768.jpg\" alt=\"unnamed (13)\" width=\"980\" height=\"735\" srcset=\"https:\/\/www.socdem.org\/wp-content\/uploads\/2016\/07\/unnamed-13.jpg 1024w, https:\/\/www.socdem.org\/wp-content\/uploads\/2016\/07\/unnamed-13-300x225.jpg 300w\" sizes=\"auto, (max-width: 980px) 100vw, 980px\" \/><\/p>\n<p>Le site d&#8217;Olympie r\u00e9servait des surprises \u00e0 nos intr\u00e9pides aventuriers.<\/p>\n<p><img loading=\"lazy\" decoding=\"async\" class=\"aligncenter wp-image-18913 size-large\" src=\"https:\/\/www.socdem.org\/wp-content\/uploads\/2016\/07\/unnamed-14-1024x576.jpg\" alt=\"unnamed (14)\" width=\"980\" height=\"551\" srcset=\"https:\/\/www.socdem.org\/wp-content\/uploads\/2016\/07\/unnamed-14-1024x576.jpg 1024w, https:\/\/www.socdem.org\/wp-content\/uploads\/2016\/07\/unnamed-14-300x169.jpg 300w, https:\/\/www.socdem.org\/wp-content\/uploads\/2016\/07\/unnamed-14.jpg 1366w\" sizes=\"auto, (max-width: 980px) 100vw, 980px\" \/><\/p>\n<p>Ils ont eu droit a de petites courses olympiques, ce qui leur a permis de couronner de lauriers leurs propres dieux du stade. La piscine a par la suite fait un bien fou \u00e0 tout le monde.<\/p>\n<p><img loading=\"lazy\" decoding=\"async\" class=\"aligncenter wp-image-18907 size-large\" src=\"https:\/\/www.socdem.org\/wp-content\/uploads\/2016\/07\/unnamed-15-1024x576.jpg\" alt=\"unnamed (15)\" width=\"980\" height=\"551\" srcset=\"https:\/\/www.socdem.org\/wp-content\/uploads\/2016\/07\/unnamed-15-1024x576.jpg 1024w, https:\/\/www.socdem.org\/wp-content\/uploads\/2016\/07\/unnamed-15-300x169.jpg 300w, https:\/\/www.socdem.org\/wp-content\/uploads\/2016\/07\/unnamed-15.jpg 1366w\" sizes=\"auto, (max-width: 980px) 100vw, 980px\" \/><\/p>\n<p>La visite du site de Myc\u00e8ne, cit\u00e9 antique pr\u00e9hell\u00e9nique a permis aux jeunes de r\u00e9aliser que, m\u00eame avant les Grecs, il y avait d&#8217;autres civilisation sur cette terre mill\u00e9naire.<\/p>\n<p><img loading=\"lazy\" decoding=\"async\" class=\"aligncenter wp-image-18910 size-large\" src=\"https:\/\/www.socdem.org\/wp-content\/uploads\/2016\/07\/unnamed-16-1024x576.jpg\" alt=\"unnamed (16)\" width=\"980\" height=\"551\" srcset=\"https:\/\/www.socdem.org\/wp-content\/uploads\/2016\/07\/unnamed-16-1024x576.jpg 1024w, https:\/\/www.socdem.org\/wp-content\/uploads\/2016\/07\/unnamed-16-300x169.jpg 300w, https:\/\/www.socdem.org\/wp-content\/uploads\/2016\/07\/unnamed-16.jpg 1366w\" sizes=\"auto, (max-width: 980px) 100vw, 980px\" \/><\/p>\n<p>Visite en apr\u00e8s-midi de Nafplio avec sa prison, son ch\u00e2teau et ses nombreuses petites rues d\u00e9cor\u00e9es de fleurs&#8230; et son excellente cr\u00e8me glac\u00e9e.<\/p>\n<p><img loading=\"lazy\" decoding=\"async\" class=\"aligncenter wp-image-18904 size-large\" src=\"https:\/\/www.socdem.org\/wp-content\/uploads\/2016\/07\/unnamed-17-1024x768.jpg\" alt=\"unnamed (17)\" width=\"980\" height=\"735\" srcset=\"https:\/\/www.socdem.org\/wp-content\/uploads\/2016\/07\/unnamed-17-1024x768.jpg 1024w, https:\/\/www.socdem.org\/wp-content\/uploads\/2016\/07\/unnamed-17-300x225.jpg 300w\" sizes=\"auto, (max-width: 980px) 100vw, 980px\" \/><\/p>\n<p>Au th\u00e9\u00e2tre d&#8217;\u00c9pidaure, les enfants ont pu tester sur place l&#8217;acoustique g\u00e9niale du lieu.<\/p>\n<p><img loading=\"lazy\" decoding=\"async\" class=\"aligncenter wp-image-18901 size-large\" src=\"https:\/\/www.socdem.org\/wp-content\/uploads\/2016\/07\/unnamed-18-1024x576.jpg\" alt=\"unnamed (18)\" width=\"980\" height=\"551\" srcset=\"https:\/\/www.socdem.org\/wp-content\/uploads\/2016\/07\/unnamed-18-1024x576.jpg 1024w, https:\/\/www.socdem.org\/wp-content\/uploads\/2016\/07\/unnamed-18-300x169.jpg 300w, https:\/\/www.socdem.org\/wp-content\/uploads\/2016\/07\/unnamed-18.jpg 1366w\" sizes=\"auto, (max-width: 980px) 100vw, 980px\" \/><\/p>\n<p>La derni\u00e8re journ\u00e9e du voyage a \u00e9t\u00e9 consacr\u00e9e \u00e0 l&#8217;exploration de la splendeur d&#8217;Ath\u00e8ne&#8230;<\/p>\n<p><img loading=\"lazy\" decoding=\"async\" class=\"aligncenter wp-image-18898 size-full\" src=\"https:\/\/www.socdem.org\/wp-content\/uploads\/2016\/07\/unnamed-19.jpg\" alt=\"unnamed (19)\" width=\"994\" height=\"647\" srcset=\"https:\/\/www.socdem.org\/wp-content\/uploads\/2016\/07\/unnamed-19.jpg 994w, https:\/\/www.socdem.org\/wp-content\/uploads\/2016\/07\/unnamed-19-300x195.jpg 300w\" sizes=\"auto, (max-width: 994px) 100vw, 994px\" \/><\/p>\n<p>&#8230; et \u00e0 savourer une derni\u00e8re fois l&#8217;excellente cuisine locale.<\/p>\n<p><img loading=\"lazy\" decoding=\"async\" class=\"aligncenter wp-image-18895 size-full\" src=\"https:\/\/www.socdem.org\/wp-content\/uploads\/2016\/07\/unnamed-20.jpg\" alt=\"unnamed (20)\" width=\"816\" height=\"612\" \/><\/p>\n<p>Nous tenons d\u2019abord et avant tout \u00e0 exprimer notre immense reconnaissance \u00e0 Lison Thibault et Chris Filandrianos, enseignante et directeur de campus \u00e0 l\u2019in\u00e9puisable \u00e9nergie. Ils ont su guider et prendre soin de vos enfants avec autant d\u2019amiti\u00e9 que de fermet\u00e9, encadrant ainsi la plus belle exp\u00e9rience de voyage de leurs jeunes vies.<\/p>\n<p>Nous remercions chaleureusement toute l\u2019\u00e9quipe du centre d&#8217;\u00e9ducation environnementale de Molaoi, en particulier Maria Milona et le directeur du centre, Nikolaos Papadakis. Ils ont chaleureusement accueilli nos \u00e9l\u00e8ves et ont su \u00eatre pour eux aussi p\u00e9dagogiques qu&#8217;amusants.<\/p>\n<p>Notre reconnaissance va aussi \u00e0 \u00c9lodie Mac\u00e9 et \u00e0 l&#8217;agence de voyages Objectif Terre. Leur travail, comme de coutume, est all\u00e9 au-del\u00e0 de nos esp\u00e9rances. Enfin, merci au minist\u00e8re de l&#8217;\u00c9ducation de Gr\u00e8ce qui a d\u00e9p\u00each\u00e9 d\u2019excellents guides \u00e0 Molai.<\/p>\n<p>Deux m\u00e8res de voyageuses nous ont donn\u00e9 la permission de vous transmettre leurs impressions enthousiastes de toute cette aventure. Merci, Mesdames:<\/p>\n<p>Wow &#8211; talk about an amazing journey my daughter Julia was full of stories about the history she learned while on the trip &#8211; so many beautiful memories were made that she will treasure always &#8211; I wondered often with the 497 pictures sent (I know the full count because I was at walmart scrambling after the last batch yesterday to print them all to make her a collage for her room and put the rest in an album &#8211; what beautiful pictures) why the kids were often not smiling and worried perhaps she wasn&#8217;t having fun. When I asked her today why she wasn&#8217;t smiling she said mom I was listening to them talk about the history it was so interesting we learned so many things. It&#8217;s obvious to me that the trip&#8217;s full intention of the kids learning while having fun was more than accomplished. In Julia&#8217;s words &#8220;mom this was the best trip of my life&#8221;.<\/p>\n<p>Thank you and all those that made this incredible journey possible for my daughter and all the kids.<\/p>\n<p>Sincerely<br \/>\nKimberly Godon<\/p>\n<p>____________<\/p>\n<p>My daughter is left still miles away but I have spent over an hour on the phone talking with her and telling me how much she loved this trip. She can not stop thanking her father and myself for allowing to be part of this experience. I just want to say thank you for making it easy for us parents who stayed behind. Your pictures your updates was much appreciated.<\/p>\n<p>Have a wonderful summer<\/p>\n<p>Denise Eleftheratos<\/p>\n<p>____________<\/p>\n<p>\u00c0 l&#8217;ann\u00e9e prochaine!<\/p>\n<p>L&#8217;\u00c9cole Socrates-D\u00e9mosth\u00e8ne<\/p>\n<p><img loading=\"lazy\" decoding=\"async\" class=\"aligncenter wp-image-18892 size-large\" src=\"https:\/\/www.socdem.org\/wp-content\/uploads\/2016\/07\/unnamed-21-1024x768.jpg\" alt=\"unnamed (21)\" width=\"980\" height=\"735\" srcset=\"https:\/\/www.socdem.org\/wp-content\/uploads\/2016\/07\/unnamed-21-1024x768.jpg 1024w, https:\/\/www.socdem.org\/wp-content\/uploads\/2016\/07\/unnamed-21-300x225.jpg 300w\" sizes=\"auto, (max-width: 980px) 100vw, 980px\" \/> <\/h5>\n","protected":false},"excerpt":{"rendered":"<p>Apr\u00e8s avoir foul\u00e9 le sol grec, nos voyageurs ont pris l&#8217;autobus pour se rendre \u00e0 Monemvasia. Une pause bien m\u00e9rit\u00e9e et tr\u00e8s appr\u00e9ci\u00e9e \u00e0 la plage s&#8217;est impos\u00e9e d\u00e8s leur&#8230;<\/p>\n","protected":false},"author":2,"featured_media":18894,"comment_status":"closed","ping_status":"closed","sticky":false,"template":"","format":"standard","meta":{"_monsterinsights_skip_tracking":false,"_monsterinsights_sitenote_active":false,"_monsterinsights_sitenote_note":"","_monsterinsights_sitenote_category":0,"footnotes":""},"categories":[],"tags":[],"class_list":["post-18959","post","type-post","status-publish","format-standard","has-post-thumbnail"],"yoast_head":"<!-- This site is optimized with the Yoast SEO plugin v27.5 - https:\/\/yoast.com\/product\/yoast-seo-wordpress\/ -->\n<title>\u03a4\u03bf \u03ba\u03b1\u03c4\u03b1\u03c0\u03bb\u03b7\u03ba\u03c4\u03b9\u03ba\u03cc \u03c4\u03b1\u03be\u03af\u03b4\u03b9 \u03c4\u03c9\u03bd \u03bc\u03b1\u03b8\u03b7\u03c4\u03ce\u03bd \u03bc\u03b1\u03c2 \u03c3\u03b5 \u03b5\u03bb\u03bb\u03b7\u03bd\u03b9\u03ba\u03ae \u03b3\u03b7 - \u0394\u03b7\u03bc\u03bf\u03c4\u03b9\u03ba\u03cc \u03c3\u03c7\u03bf\u03bb\u03b5\u03af\u03bf \u03a3\u03c9\u03ba\u03c1\u03ac\u03c4\u03b7\u03c2 \u03ba\u03b1\u03b9 \u0394\u03b7\u03bc\u03bf\u03c3\u03b8\u03ad\u03bd\u03b7\u03c2<\/title>\n<meta name=\"robots\" content=\"index, follow, max-snippet:-1, max-image-preview:large, max-video-preview:-1\" \/>\n<link rel=\"canonical\" href=\"https:\/\/www.socdem.org\/el\/le-fabuleux-voyage-de-nos-eleves-en-terre-hellene\/\" \/>\n<meta property=\"og:locale\" content=\"el_GR\" \/>\n<meta property=\"og:type\" content=\"article\" \/>\n<meta property=\"og:title\" content=\"\u03a4\u03bf \u03ba\u03b1\u03c4\u03b1\u03c0\u03bb\u03b7\u03ba\u03c4\u03b9\u03ba\u03cc \u03c4\u03b1\u03be\u03af\u03b4\u03b9 \u03c4\u03c9\u03bd \u03bc\u03b1\u03b8\u03b7\u03c4\u03ce\u03bd \u03bc\u03b1\u03c2 \u03c3\u03b5 \u03b5\u03bb\u03bb\u03b7\u03bd\u03b9\u03ba\u03ae \u03b3\u03b7 - \u0394\u03b7\u03bc\u03bf\u03c4\u03b9\u03ba\u03cc \u03c3\u03c7\u03bf\u03bb\u03b5\u03af\u03bf \u03a3\u03c9\u03ba\u03c1\u03ac\u03c4\u03b7\u03c2 \u03ba\u03b1\u03b9 \u0394\u03b7\u03bc\u03bf\u03c3\u03b8\u03ad\u03bd\u03b7\u03c2\" \/>\n<meta property=\"og:description\" content=\"Apr\u00e8s avoir foul\u00e9 le sol grec, nos voyageurs ont pris l&#8217;autobus pour se rendre \u00e0 Monemvasia. Une pause bien m\u00e9rit\u00e9e et tr\u00e8s appr\u00e9ci\u00e9e \u00e0 la plage s&#8217;est impos\u00e9e d\u00e8s leur...\" \/>\n<meta property=\"og:url\" content=\"https:\/\/www.socdem.org\/el\/le-fabuleux-voyage-de-nos-eleves-en-terre-hellene\/\" \/>\n<meta property=\"og:site_name\" content=\"\u0394\u03b7\u03bc\u03bf\u03c4\u03b9\u03ba\u03cc \u03c3\u03c7\u03bf\u03bb\u03b5\u03af\u03bf \u03a3\u03c9\u03ba\u03c1\u03ac\u03c4\u03b7\u03c2 \u03ba\u03b1\u03b9 \u0394\u03b7\u03bc\u03bf\u03c3\u03b8\u03ad\u03bd\u03b7\u03c2\" \/>\n<meta property=\"article:publisher\" content=\"https:\/\/www.facebook.com\/TheHCGM\/\" \/>\n<meta property=\"article:published_time\" content=\"2016-08-01T02:44:54+00:00\" \/>\n<meta property=\"article:modified_time\" content=\"2016-08-01T03:38:15+00:00\" \/>\n<meta property=\"og:image\" content=\"https:\/\/www.socdem.org\/wp-content\/uploads\/2016\/07\/unnamed-21.jpg\" \/>\n\t<meta property=\"og:image:width\" content=\"3264\" \/>\n\t<meta property=\"og:image:height\" content=\"2448\" \/>\n\t<meta property=\"og:image:type\" content=\"image\/jpeg\" \/>\n<meta name=\"author\" content=\"nkaloshi\" \/>\n<meta name=\"twitter:card\" content=\"summary_large_image\" \/>\n<meta name=\"twitter:label1\" content=\"\u03a3\u03c5\u03bd\u03c4\u03ac\u03c7\u03b8\u03b7\u03ba\u03b5 \u03b1\u03c0\u03cc\" \/>\n\t<meta name=\"twitter:data1\" content=\"nkaloshi\" \/>\n\t<meta name=\"twitter:label2\" content=\"\u0395\u03ba\u03c4\u03b9\u03bc\u03ce\u03bc\u03b5\u03bd\u03bf\u03c2 \u03c7\u03c1\u03cc\u03bd\u03bf\u03c2 \u03b1\u03bd\u03ac\u03b3\u03bd\u03c9\u03c3\u03b7\u03c2\" \/>\n\t<meta name=\"twitter:data2\" content=\"6 \u03bb\u03b5\u03c0\u03c4\u03ac\" \/>\n<script type=\"application\/ld+json\" class=\"yoast-schema-graph\">{\"@context\":\"https:\\\/\\\/schema.org\",\"@graph\":[{\"@type\":\"Article\",\"@id\":\"https:\\\/\\\/www.socdem.org\\\/el\\\/le-fabuleux-voyage-de-nos-eleves-en-terre-hellene\\\/#article\",\"isPartOf\":{\"@id\":\"https:\\\/\\\/www.socdem.org\\\/el\\\/le-fabuleux-voyage-de-nos-eleves-en-terre-hellene\\\/\"},\"author\":{\"name\":\"nkaloshi\",\"@id\":\"https:\\\/\\\/www.socdem.org\\\/el\\\/#\\\/schema\\\/person\\\/e69849edb3600544f803fb1129b95fbb\"},\"headline\":\"\u03a4\u03bf \u03ba\u03b1\u03c4\u03b1\u03c0\u03bb\u03b7\u03ba\u03c4\u03b9\u03ba\u03cc \u03c4\u03b1\u03be\u03af\u03b4\u03b9 \u03c4\u03c9\u03bd \u03bc\u03b1\u03b8\u03b7\u03c4\u03ce\u03bd \u03bc\u03b1\u03c2 \u03c3\u03b5 \u03b5\u03bb\u03bb\u03b7\u03bd\u03b9\u03ba\u03ae \u03b3\u03b7\",\"datePublished\":\"2016-08-01T02:44:54+00:00\",\"dateModified\":\"2016-08-01T03:38:15+00:00\",\"mainEntityOfPage\":{\"@id\":\"https:\\\/\\\/www.socdem.org\\\/el\\\/le-fabuleux-voyage-de-nos-eleves-en-terre-hellene\\\/\"},\"wordCount\":1208,\"publisher\":{\"@id\":\"https:\\\/\\\/www.socdem.org\\\/el\\\/#organization\"},\"image\":{\"@id\":\"https:\\\/\\\/www.socdem.org\\\/el\\\/le-fabuleux-voyage-de-nos-eleves-en-terre-hellene\\\/#primaryimage\"},\"thumbnailUrl\":\"https:\\\/\\\/www.socdem.org\\\/wp-content\\\/uploads\\\/2016\\\/07\\\/unnamed-21.jpg\",\"inLanguage\":\"el\"},{\"@type\":\"WebPage\",\"@id\":\"https:\\\/\\\/www.socdem.org\\\/el\\\/le-fabuleux-voyage-de-nos-eleves-en-terre-hellene\\\/\",\"url\":\"https:\\\/\\\/www.socdem.org\\\/el\\\/le-fabuleux-voyage-de-nos-eleves-en-terre-hellene\\\/\",\"name\":\"\u03a4\u03bf \u03ba\u03b1\u03c4\u03b1\u03c0\u03bb\u03b7\u03ba\u03c4\u03b9\u03ba\u03cc \u03c4\u03b1\u03be\u03af\u03b4\u03b9 \u03c4\u03c9\u03bd \u03bc\u03b1\u03b8\u03b7\u03c4\u03ce\u03bd \u03bc\u03b1\u03c2 \u03c3\u03b5 \u03b5\u03bb\u03bb\u03b7\u03bd\u03b9\u03ba\u03ae \u03b3\u03b7 - \u0394\u03b7\u03bc\u03bf\u03c4\u03b9\u03ba\u03cc \u03c3\u03c7\u03bf\u03bb\u03b5\u03af\u03bf \u03a3\u03c9\u03ba\u03c1\u03ac\u03c4\u03b7\u03c2 \u03ba\u03b1\u03b9 \u0394\u03b7\u03bc\u03bf\u03c3\u03b8\u03ad\u03bd\u03b7\u03c2\",\"isPartOf\":{\"@id\":\"https:\\\/\\\/www.socdem.org\\\/el\\\/#website\"},\"primaryImageOfPage\":{\"@id\":\"https:\\\/\\\/www.socdem.org\\\/el\\\/le-fabuleux-voyage-de-nos-eleves-en-terre-hellene\\\/#primaryimage\"},\"image\":{\"@id\":\"https:\\\/\\\/www.socdem.org\\\/el\\\/le-fabuleux-voyage-de-nos-eleves-en-terre-hellene\\\/#primaryimage\"},\"thumbnailUrl\":\"https:\\\/\\\/www.socdem.org\\\/wp-content\\\/uploads\\\/2016\\\/07\\\/unnamed-21.jpg\",\"datePublished\":\"2016-08-01T02:44:54+00:00\",\"dateModified\":\"2016-08-01T03:38:15+00:00\",\"breadcrumb\":{\"@id\":\"https:\\\/\\\/www.socdem.org\\\/el\\\/le-fabuleux-voyage-de-nos-eleves-en-terre-hellene\\\/#breadcrumb\"},\"inLanguage\":\"el\",\"potentialAction\":[{\"@type\":\"ReadAction\",\"target\":[\"https:\\\/\\\/www.socdem.org\\\/el\\\/le-fabuleux-voyage-de-nos-eleves-en-terre-hellene\\\/\"]}]},{\"@type\":\"ImageObject\",\"inLanguage\":\"el\",\"@id\":\"https:\\\/\\\/www.socdem.org\\\/el\\\/le-fabuleux-voyage-de-nos-eleves-en-terre-hellene\\\/#primaryimage\",\"url\":\"https:\\\/\\\/www.socdem.org\\\/wp-content\\\/uploads\\\/2016\\\/07\\\/unnamed-21.jpg\",\"contentUrl\":\"https:\\\/\\\/www.socdem.org\\\/wp-content\\\/uploads\\\/2016\\\/07\\\/unnamed-21.jpg\",\"width\":3264,\"height\":2448},{\"@type\":\"BreadcrumbList\",\"@id\":\"https:\\\/\\\/www.socdem.org\\\/el\\\/le-fabuleux-voyage-de-nos-eleves-en-terre-hellene\\\/#breadcrumb\",\"itemListElement\":[{\"@type\":\"ListItem\",\"position\":1,\"name\":\"Accueil\",\"item\":\"https:\\\/\\\/www.socdem.org\\\/el\\\/\"},{\"@type\":\"ListItem\",\"position\":2,\"name\":\"\u03a4\u03bf \u03ba\u03b1\u03c4\u03b1\u03c0\u03bb\u03b7\u03ba\u03c4\u03b9\u03ba\u03cc \u03c4\u03b1\u03be\u03af\u03b4\u03b9 \u03c4\u03c9\u03bd \u03bc\u03b1\u03b8\u03b7\u03c4\u03ce\u03bd \u03bc\u03b1\u03c2 \u03c3\u03b5 \u03b5\u03bb\u03bb\u03b7\u03bd\u03b9\u03ba\u03ae \u03b3\u03b7\"}]},{\"@type\":\"WebSite\",\"@id\":\"https:\\\/\\\/www.socdem.org\\\/el\\\/#website\",\"url\":\"https:\\\/\\\/www.socdem.org\\\/el\\\/\",\"name\":\"\u00c9cole Socrates-D\u00e9mosth\u00e8ne\",\"description\":\"\u03a0\u03ad\u03bd\u03c4\u03b5 \u03c4\u03c1\u03af\u03b3\u03bb\u03c9\u03c3\u03c3\u03b1 \u03b5\u03bb\u03bb\u03b7\u03bd\u03b9\u03ba\u03ac \u03b4\u03b7\u03bc\u03bf\u03c4\u03b9\u03ba\u03ac \u03c3\u03c7\u03bf\u03bb\u03b5\u03af\u03b1 \u03c4\u03bf\u03c5 \u039c\u03b5\u03b3\u03b1\u03bb\u03cd\u03c4\u03b5\u03c1\u03bf\u03c5 \u039c\u03bf\u03bd\u03c4\u03c1\u03b5\u03ac\u03bb\",\"publisher\":{\"@id\":\"https:\\\/\\\/www.socdem.org\\\/el\\\/#organization\"},\"potentialAction\":[{\"@type\":\"SearchAction\",\"target\":{\"@type\":\"EntryPoint\",\"urlTemplate\":\"https:\\\/\\\/www.socdem.org\\\/el\\\/?s={search_term_string}\"},\"query-input\":{\"@type\":\"PropertyValueSpecification\",\"valueRequired\":true,\"valueName\":\"search_term_string\"}}],\"inLanguage\":\"el\"},{\"@type\":\"Organization\",\"@id\":\"https:\\\/\\\/www.socdem.org\\\/el\\\/#organization\",\"name\":\"\u00c9cole Socrates-D\u00e9mosth\u00e8ne\",\"url\":\"https:\\\/\\\/www.socdem.org\\\/el\\\/\",\"logo\":{\"@type\":\"ImageObject\",\"inLanguage\":\"el\",\"@id\":\"https:\\\/\\\/www.socdem.org\\\/el\\\/#\\\/schema\\\/logo\\\/image\\\/\",\"url\":\"https:\\\/\\\/www.socdem.org\\\/wp-content\\\/uploads\\\/2014\\\/03\\\/SOC-DEM-LOGO-NAME.jpg\",\"contentUrl\":\"https:\\\/\\\/www.socdem.org\\\/wp-content\\\/uploads\\\/2014\\\/03\\\/SOC-DEM-LOGO-NAME.jpg\",\"width\":\"8485\",\"height\":\"4200\",\"caption\":\"\u00c9cole Socrates-D\u00e9mosth\u00e8ne\"},\"image\":{\"@id\":\"https:\\\/\\\/www.socdem.org\\\/el\\\/#\\\/schema\\\/logo\\\/image\\\/\"},\"sameAs\":[\"https:\\\/\\\/www.facebook.com\\\/TheHCGM\\\/\",\"https:\\\/\\\/www.instagram.com\\\/p\\\/BnE965PhJU7\\\/?hl=en\"]},{\"@type\":\"Person\",\"@id\":\"https:\\\/\\\/www.socdem.org\\\/el\\\/#\\\/schema\\\/person\\\/e69849edb3600544f803fb1129b95fbb\",\"name\":\"nkaloshi\",\"image\":{\"@type\":\"ImageObject\",\"inLanguage\":\"el\",\"@id\":\"https:\\\/\\\/secure.gravatar.com\\\/avatar\\\/29ebca3f7511cc0733a304fab2c7cb2af8f5f68714e1207d6b77a4724961e806?s=96&d=mm&r=g\",\"url\":\"https:\\\/\\\/secure.gravatar.com\\\/avatar\\\/29ebca3f7511cc0733a304fab2c7cb2af8f5f68714e1207d6b77a4724961e806?s=96&d=mm&r=g\",\"contentUrl\":\"https:\\\/\\\/secure.gravatar.com\\\/avatar\\\/29ebca3f7511cc0733a304fab2c7cb2af8f5f68714e1207d6b77a4724961e806?s=96&d=mm&r=g\",\"caption\":\"nkaloshi\"},\"url\":\"https:\\\/\\\/www.socdem.org\\\/el\\\/author\\\/nkaloshi\\\/\"}]}<\/script>\n<!-- \/ Yoast SEO plugin. -->","yoast_head_json":{"title":"\u03a4\u03bf \u03ba\u03b1\u03c4\u03b1\u03c0\u03bb\u03b7\u03ba\u03c4\u03b9\u03ba\u03cc \u03c4\u03b1\u03be\u03af\u03b4\u03b9 \u03c4\u03c9\u03bd \u03bc\u03b1\u03b8\u03b7\u03c4\u03ce\u03bd \u03bc\u03b1\u03c2 \u03c3\u03b5 \u03b5\u03bb\u03bb\u03b7\u03bd\u03b9\u03ba\u03ae \u03b3\u03b7 - \u0394\u03b7\u03bc\u03bf\u03c4\u03b9\u03ba\u03cc \u03c3\u03c7\u03bf\u03bb\u03b5\u03af\u03bf \u03a3\u03c9\u03ba\u03c1\u03ac\u03c4\u03b7\u03c2 \u03ba\u03b1\u03b9 \u0394\u03b7\u03bc\u03bf\u03c3\u03b8\u03ad\u03bd\u03b7\u03c2","robots":{"index":"index","follow":"follow","max-snippet":"max-snippet:-1","max-image-preview":"max-image-preview:large","max-video-preview":"max-video-preview:-1"},"canonical":"https:\/\/www.socdem.org\/el\/le-fabuleux-voyage-de-nos-eleves-en-terre-hellene\/","og_locale":"el_GR","og_type":"article","og_title":"\u03a4\u03bf \u03ba\u03b1\u03c4\u03b1\u03c0\u03bb\u03b7\u03ba\u03c4\u03b9\u03ba\u03cc \u03c4\u03b1\u03be\u03af\u03b4\u03b9 \u03c4\u03c9\u03bd \u03bc\u03b1\u03b8\u03b7\u03c4\u03ce\u03bd \u03bc\u03b1\u03c2 \u03c3\u03b5 \u03b5\u03bb\u03bb\u03b7\u03bd\u03b9\u03ba\u03ae \u03b3\u03b7 - \u0394\u03b7\u03bc\u03bf\u03c4\u03b9\u03ba\u03cc \u03c3\u03c7\u03bf\u03bb\u03b5\u03af\u03bf \u03a3\u03c9\u03ba\u03c1\u03ac\u03c4\u03b7\u03c2 \u03ba\u03b1\u03b9 \u0394\u03b7\u03bc\u03bf\u03c3\u03b8\u03ad\u03bd\u03b7\u03c2","og_description":"Apr\u00e8s avoir foul\u00e9 le sol grec, nos voyageurs ont pris l&#8217;autobus pour se rendre \u00e0 Monemvasia. Une pause bien m\u00e9rit\u00e9e et tr\u00e8s appr\u00e9ci\u00e9e \u00e0 la plage s&#8217;est impos\u00e9e d\u00e8s leur...","og_url":"https:\/\/www.socdem.org\/el\/le-fabuleux-voyage-de-nos-eleves-en-terre-hellene\/","og_site_name":"\u0394\u03b7\u03bc\u03bf\u03c4\u03b9\u03ba\u03cc \u03c3\u03c7\u03bf\u03bb\u03b5\u03af\u03bf \u03a3\u03c9\u03ba\u03c1\u03ac\u03c4\u03b7\u03c2 \u03ba\u03b1\u03b9 \u0394\u03b7\u03bc\u03bf\u03c3\u03b8\u03ad\u03bd\u03b7\u03c2","article_publisher":"https:\/\/www.facebook.com\/TheHCGM\/","article_published_time":"2016-08-01T02:44:54+00:00","article_modified_time":"2016-08-01T03:38:15+00:00","og_image":[{"width":3264,"height":2448,"url":"https:\/\/www.socdem.org\/wp-content\/uploads\/2016\/07\/unnamed-21.jpg","type":"image\/jpeg"}],"author":"nkaloshi","twitter_card":"summary_large_image","twitter_misc":{"\u03a3\u03c5\u03bd\u03c4\u03ac\u03c7\u03b8\u03b7\u03ba\u03b5 \u03b1\u03c0\u03cc":"nkaloshi","\u0395\u03ba\u03c4\u03b9\u03bc\u03ce\u03bc\u03b5\u03bd\u03bf\u03c2 \u03c7\u03c1\u03cc\u03bd\u03bf\u03c2 \u03b1\u03bd\u03ac\u03b3\u03bd\u03c9\u03c3\u03b7\u03c2":"6 \u03bb\u03b5\u03c0\u03c4\u03ac"},"schema":{"@context":"https:\/\/schema.org","@graph":[{"@type":"Article","@id":"https:\/\/www.socdem.org\/el\/le-fabuleux-voyage-de-nos-eleves-en-terre-hellene\/#article","isPartOf":{"@id":"https:\/\/www.socdem.org\/el\/le-fabuleux-voyage-de-nos-eleves-en-terre-hellene\/"},"author":{"name":"nkaloshi","@id":"https:\/\/www.socdem.org\/el\/#\/schema\/person\/e69849edb3600544f803fb1129b95fbb"},"headline":"\u03a4\u03bf \u03ba\u03b1\u03c4\u03b1\u03c0\u03bb\u03b7\u03ba\u03c4\u03b9\u03ba\u03cc \u03c4\u03b1\u03be\u03af\u03b4\u03b9 \u03c4\u03c9\u03bd \u03bc\u03b1\u03b8\u03b7\u03c4\u03ce\u03bd \u03bc\u03b1\u03c2 \u03c3\u03b5 \u03b5\u03bb\u03bb\u03b7\u03bd\u03b9\u03ba\u03ae \u03b3\u03b7","datePublished":"2016-08-01T02:44:54+00:00","dateModified":"2016-08-01T03:38:15+00:00","mainEntityOfPage":{"@id":"https:\/\/www.socdem.org\/el\/le-fabuleux-voyage-de-nos-eleves-en-terre-hellene\/"},"wordCount":1208,"publisher":{"@id":"https:\/\/www.socdem.org\/el\/#organization"},"image":{"@id":"https:\/\/www.socdem.org\/el\/le-fabuleux-voyage-de-nos-eleves-en-terre-hellene\/#primaryimage"},"thumbnailUrl":"https:\/\/www.socdem.org\/wp-content\/uploads\/2016\/07\/unnamed-21.jpg","inLanguage":"el"},{"@type":"WebPage","@id":"https:\/\/www.socdem.org\/el\/le-fabuleux-voyage-de-nos-eleves-en-terre-hellene\/","url":"https:\/\/www.socdem.org\/el\/le-fabuleux-voyage-de-nos-eleves-en-terre-hellene\/","name":"\u03a4\u03bf \u03ba\u03b1\u03c4\u03b1\u03c0\u03bb\u03b7\u03ba\u03c4\u03b9\u03ba\u03cc \u03c4\u03b1\u03be\u03af\u03b4\u03b9 \u03c4\u03c9\u03bd \u03bc\u03b1\u03b8\u03b7\u03c4\u03ce\u03bd \u03bc\u03b1\u03c2 \u03c3\u03b5 \u03b5\u03bb\u03bb\u03b7\u03bd\u03b9\u03ba\u03ae \u03b3\u03b7 - \u0394\u03b7\u03bc\u03bf\u03c4\u03b9\u03ba\u03cc \u03c3\u03c7\u03bf\u03bb\u03b5\u03af\u03bf \u03a3\u03c9\u03ba\u03c1\u03ac\u03c4\u03b7\u03c2 \u03ba\u03b1\u03b9 \u0394\u03b7\u03bc\u03bf\u03c3\u03b8\u03ad\u03bd\u03b7\u03c2","isPartOf":{"@id":"https:\/\/www.socdem.org\/el\/#website"},"primaryImageOfPage":{"@id":"https:\/\/www.socdem.org\/el\/le-fabuleux-voyage-de-nos-eleves-en-terre-hellene\/#primaryimage"},"image":{"@id":"https:\/\/www.socdem.org\/el\/le-fabuleux-voyage-de-nos-eleves-en-terre-hellene\/#primaryimage"},"thumbnailUrl":"https:\/\/www.socdem.org\/wp-content\/uploads\/2016\/07\/unnamed-21.jpg","datePublished":"2016-08-01T02:44:54+00:00","dateModified":"2016-08-01T03:38:15+00:00","breadcrumb":{"@id":"https:\/\/www.socdem.org\/el\/le-fabuleux-voyage-de-nos-eleves-en-terre-hellene\/#breadcrumb"},"inLanguage":"el","potentialAction":[{"@type":"ReadAction","target":["https:\/\/www.socdem.org\/el\/le-fabuleux-voyage-de-nos-eleves-en-terre-hellene\/"]}]},{"@type":"ImageObject","inLanguage":"el","@id":"https:\/\/www.socdem.org\/el\/le-fabuleux-voyage-de-nos-eleves-en-terre-hellene\/#primaryimage","url":"https:\/\/www.socdem.org\/wp-content\/uploads\/2016\/07\/unnamed-21.jpg","contentUrl":"https:\/\/www.socdem.org\/wp-content\/uploads\/2016\/07\/unnamed-21.jpg","width":3264,"height":2448},{"@type":"BreadcrumbList","@id":"https:\/\/www.socdem.org\/el\/le-fabuleux-voyage-de-nos-eleves-en-terre-hellene\/#breadcrumb","itemListElement":[{"@type":"ListItem","position":1,"name":"Accueil","item":"https:\/\/www.socdem.org\/el\/"},{"@type":"ListItem","position":2,"name":"\u03a4\u03bf \u03ba\u03b1\u03c4\u03b1\u03c0\u03bb\u03b7\u03ba\u03c4\u03b9\u03ba\u03cc \u03c4\u03b1\u03be\u03af\u03b4\u03b9 \u03c4\u03c9\u03bd \u03bc\u03b1\u03b8\u03b7\u03c4\u03ce\u03bd \u03bc\u03b1\u03c2 \u03c3\u03b5 \u03b5\u03bb\u03bb\u03b7\u03bd\u03b9\u03ba\u03ae \u03b3\u03b7"}]},{"@type":"WebSite","@id":"https:\/\/www.socdem.org\/el\/#website","url":"https:\/\/www.socdem.org\/el\/","name":"\u00c9cole Socrates-D\u00e9mosth\u00e8ne","description":"\u03a0\u03ad\u03bd\u03c4\u03b5 \u03c4\u03c1\u03af\u03b3\u03bb\u03c9\u03c3\u03c3\u03b1 \u03b5\u03bb\u03bb\u03b7\u03bd\u03b9\u03ba\u03ac \u03b4\u03b7\u03bc\u03bf\u03c4\u03b9\u03ba\u03ac \u03c3\u03c7\u03bf\u03bb\u03b5\u03af\u03b1 \u03c4\u03bf\u03c5 \u039c\u03b5\u03b3\u03b1\u03bb\u03cd\u03c4\u03b5\u03c1\u03bf\u03c5 \u039c\u03bf\u03bd\u03c4\u03c1\u03b5\u03ac\u03bb","publisher":{"@id":"https:\/\/www.socdem.org\/el\/#organization"},"potentialAction":[{"@type":"SearchAction","target":{"@type":"EntryPoint","urlTemplate":"https:\/\/www.socdem.org\/el\/?s={search_term_string}"},"query-input":{"@type":"PropertyValueSpecification","valueRequired":true,"valueName":"search_term_string"}}],"inLanguage":"el"},{"@type":"Organization","@id":"https:\/\/www.socdem.org\/el\/#organization","name":"\u00c9cole Socrates-D\u00e9mosth\u00e8ne","url":"https:\/\/www.socdem.org\/el\/","logo":{"@type":"ImageObject","inLanguage":"el","@id":"https:\/\/www.socdem.org\/el\/#\/schema\/logo\/image\/","url":"https:\/\/www.socdem.org\/wp-content\/uploads\/2014\/03\/SOC-DEM-LOGO-NAME.jpg","contentUrl":"https:\/\/www.socdem.org\/wp-content\/uploads\/2014\/03\/SOC-DEM-LOGO-NAME.jpg","width":"8485","height":"4200","caption":"\u00c9cole Socrates-D\u00e9mosth\u00e8ne"},"image":{"@id":"https:\/\/www.socdem.org\/el\/#\/schema\/logo\/image\/"},"sameAs":["https:\/\/www.facebook.com\/TheHCGM\/","https:\/\/www.instagram.com\/p\/BnE965PhJU7\/?hl=en"]},{"@type":"Person","@id":"https:\/\/www.socdem.org\/el\/#\/schema\/person\/e69849edb3600544f803fb1129b95fbb","name":"nkaloshi","image":{"@type":"ImageObject","inLanguage":"el","@id":"https:\/\/secure.gravatar.com\/avatar\/29ebca3f7511cc0733a304fab2c7cb2af8f5f68714e1207d6b77a4724961e806?s=96&d=mm&r=g","url":"https:\/\/secure.gravatar.com\/avatar\/29ebca3f7511cc0733a304fab2c7cb2af8f5f68714e1207d6b77a4724961e806?s=96&d=mm&r=g","contentUrl":"https:\/\/secure.gravatar.com\/avatar\/29ebca3f7511cc0733a304fab2c7cb2af8f5f68714e1207d6b77a4724961e806?s=96&d=mm&r=g","caption":"nkaloshi"},"url":"https:\/\/www.socdem.org\/el\/author\/nkaloshi\/"}]}},"_links":{"self":[{"href":"https:\/\/www.socdem.org\/el\/wp-json\/wp\/v2\/posts\/18959","targetHints":{"allow":["GET"]}}],"collection":[{"href":"https:\/\/www.socdem.org\/el\/wp-json\/wp\/v2\/posts"}],"about":[{"href":"https:\/\/www.socdem.org\/el\/wp-json\/wp\/v2\/types\/post"}],"author":[{"embeddable":true,"href":"https:\/\/www.socdem.org\/el\/wp-json\/wp\/v2\/users\/2"}],"replies":[{"embeddable":true,"href":"https:\/\/www.socdem.org\/el\/wp-json\/wp\/v2\/comments?post=18959"}],"version-history":[{"count":0,"href":"https:\/\/www.socdem.org\/el\/wp-json\/wp\/v2\/posts\/18959\/revisions"}],"wp:featuredmedia":[{"embeddable":true,"href":"https:\/\/www.socdem.org\/el\/wp-json\/wp\/v2\/media\/18894"}],"wp:attachment":[{"href":"https:\/\/www.socdem.org\/el\/wp-json\/wp\/v2\/media?parent=18959"}],"wp:term":[{"taxonomy":"category","embeddable":true,"href":"https:\/\/www.socdem.org\/el\/wp-json\/wp\/v2\/categories?post=18959"},{"taxonomy":"post_tag","embeddable":true,"href":"https:\/\/www.socdem.org\/el\/wp-json\/wp\/v2\/tags?post=18959"}],"curies":[{"name":"wp","href":"https:\/\/api.w.org\/{rel}","templated":true}]}}