{"id":19130,"date":"2016-09-14T00:52:51","date_gmt":"2016-09-14T04:52:51","guid":{"rendered":"https:\/\/www.socdem.org\/el\/inauguration-historique-de-lecole-secondaire-socrates-demosthene-de-la-chgm\/"},"modified":"2016-09-14T00:55:41","modified_gmt":"2016-09-14T04:55:41","slug":"inauguration-historique-de-lecole-secondaire-socrates-demosthene-de-la-chgm","status":"publish","type":"post","link":"https:\/\/www.socdem.org\/el\/inauguration-historique-de-lecole-secondaire-socrates-demosthene-de-la-chgm\/","title":{"rendered":"\u03a4\u03b1 \u03b9\u03c3\u03c4\u03bf\u03c1\u03b9\u03ba\u03ac \u03b5\u03b3\u03ba\u03b1\u03af\u03bd\u03b9\u03b1 \u03c4\u03bf\u03c5 \u03c3\u03c7\u03bf\u03bb\u03b5\u03af\u03bf\u03c5 \u03b4\u03b5\u03c5\u03c4\u03b5\u03c1\u03bf\u03b2\u03ac\u03b8\u03bc\u03b9\u03b1\u03c2 \u03b5\u03ba\u03c0\u03b1\u03af\u03b4\u03b5\u03c5\u03c3\u03b7\u03c2 \u03c4\u03bf\u03c5 \u03a3\u03c7\u03bf\u03bb\u03b5\u03af\u03bf\u03c5 \u03a3\u03c9\u03ba\u03c1\u03ac\u03c4\u03b7\u03c2-\u0394\u03b7\u03bc\u03bf\u03c3\u03b8\u03ad\u03bd\u03b7\u03c2 \u03c4\u03b7\u03c2 \u0395\u039a\u039c\u039c"},"content":{"rendered":"<p><img loading=\"lazy\" decoding=\"async\" class=\"aligncenter wp-image-19126 size-full\" src=\"https:\/\/www.socdem.org\/wp-content\/uploads\/2016\/09\/unnamed-9.jpg\" alt=\"unnamed\" width=\"909\" height=\"603\" srcset=\"https:\/\/www.socdem.org\/wp-content\/uploads\/2016\/09\/unnamed-9.jpg 909w, https:\/\/www.socdem.org\/wp-content\/uploads\/2016\/09\/unnamed-9-300x199.jpg 300w\" sizes=\"auto, (max-width: 909px) 100vw, 909px\" \/><\/p>\n<p>Le vendredi 26 ao\u00fbt dernier a eu lieu l&#8217;inauguration\u00a0de\u00a0la\u00a0toute premi\u00e8re \u00e9cole secondaire\u00a0\u00e0 temps plein de la Communaut\u00e9 hell\u00e9nique \u00a0du Grand Montr\u00e9al au campus Socrates II.<\/p>\n<p>Pour souligner cet \u00e9v\u00e9nement historique, plusieurs membres du monde politique\u00a0local\u00a0ainsi que celui de la\u00a0Gr\u00e8ce, se sont joints aux tout premiers \u00e9tudiants pour inaugurer notre \u00e9tablissement secondaire.<\/p>\n<p>Nous \u00e9tions fiers de compter parmi les invit\u00e9s, M.\u00a0Nicolas\u00a0Sigalas, le consul g\u00e9n\u00e9ral de Gr\u00e8ce, M.\u00a0Adonis\u00a0Georgiadis,\u00a0d\u00e9put\u00e9\u00a0et vice-pr\u00e9sident du \u00a0parti de la \u00a0Nouvelle \u00a0D\u00e9mocratie de Gr\u00e8ce, M. Gerry Sklavounos, d\u00e9put\u00e9 de Laurier-Dorion, Mme Mary Deros,\u00a0suppl\u00e9ante au maire de Montr\u00e9al\u00a0et conseill\u00e8re du district de Parc-Extension, M.\u00a0Jim Beis, maire de l&#8217;arrondissement Pierrefonds-Roxboro,\u00a0Mme Magda Popeanu, conseill\u00e8re municipale de C\u00f4te-des-Neiges, M.\u00a0John Theodosopoulos, pr\u00e9sident du\u00a0Congr\u00e8s hell\u00e9nique du Qu\u00e9bec, M.\u00a0Dimitrios Manolakos, pr\u00e9sident \u00a0d&#8217;honneur de la CHGM, \u00a0l\u2019honorable Eleni Bakopanos, plusieurs autres dignitaires, le personnel de la CHGM, des coll\u00e8gues de Socrates-D\u00e9mosth\u00e8ne et bien s\u00fbr, les futurs \u00e9tudiants, accompagn\u00e9s\u00a0de leurs parents.<\/p>\n<p><img loading=\"lazy\" decoding=\"async\" class=\"aligncenter wp-image-19123 size-full\" src=\"https:\/\/www.socdem.org\/wp-content\/uploads\/2016\/09\/unnamed-1.jpg\" alt=\"unnamed-1\" width=\"945\" height=\"613\" srcset=\"https:\/\/www.socdem.org\/wp-content\/uploads\/2016\/09\/unnamed-1.jpg 945w, https:\/\/www.socdem.org\/wp-content\/uploads\/2016\/09\/unnamed-1-300x195.jpg 300w\" sizes=\"auto, (max-width: 945px) 100vw, 945px\" \/><\/p>\n<p>L&#8217;inauguration\u00a0a commenc\u00e9 avec les Tr\u00e8s \u00a0R\u00e9v\u00e9rends \u00a0Nectarios Mostratos et Dimitrios Antonopoulos, ainsi que des R\u00e9v\u00e9rends Panagiotis Salatellis et Zisis Nterekas, qui ont b\u00e9ni notre nouvelle \u00e9cole secondaire, selon notre tradition grecque orthodoxe.<\/p>\n<p><img loading=\"lazy\" decoding=\"async\" class=\"aligncenter wp-image-19120 size-large\" src=\"https:\/\/www.socdem.org\/wp-content\/uploads\/2016\/09\/unnamed-2-1-1024x576.jpg\" alt=\"unnamed-2\" width=\"980\" height=\"551\" srcset=\"https:\/\/www.socdem.org\/wp-content\/uploads\/2016\/09\/unnamed-2-1-1024x576.jpg 1024w, https:\/\/www.socdem.org\/wp-content\/uploads\/2016\/09\/unnamed-2-1-300x169.jpg 300w, https:\/\/www.socdem.org\/wp-content\/uploads\/2016\/09\/unnamed-2-1.jpg 1366w\" sizes=\"auto, (max-width: 980px) 100vw, 980px\" \/><\/p>\n<p>Ensuite, nous avons eu le plaisir d&#8217;\u00e9couter les discours du consul g\u00e9n\u00e9ral, de M.\u00a0Georgiadis et M.\u00a0Sklavounos.\u00a0M.\u00a0Chris\u00a0Adamopoulos, le directeur g\u00e9n\u00e9ral de l&#8217;\u00c9cole Socrates-D\u00e9mosth\u00e8ne, a \u00e9galement pris la parole en s&#8217;adressant aux futurs \u00e9tudiants\u00a0:\u00a0\u00ab\u00a0Dans une centaine d&#8217;ann\u00e9es, lorsque nous c\u00e9l\u00e9brons le centenaire de l&#8217;\u00e9cole secondaire, vos noms, en tant que pionniers, seront sur le haut de la liste de ce que retiendra l\u2019Histoire.\u00a0\u00bb\u00a0Vous trouverez l\u2019enti\u00e8ret\u00e9 du discours de M.\u00a0Adamopoulos \u00e0 la fin de cet article.<\/p>\n<p><img loading=\"lazy\" decoding=\"async\" class=\"aligncenter wp-image-19117 size-full\" src=\"https:\/\/www.socdem.org\/wp-content\/uploads\/2016\/09\/unnamed-3-1.jpg\" alt=\"unnamed-3\" width=\"933\" height=\"598\" srcset=\"https:\/\/www.socdem.org\/wp-content\/uploads\/2016\/09\/unnamed-3-1.jpg 933w, https:\/\/www.socdem.org\/wp-content\/uploads\/2016\/09\/unnamed-3-1-300x192.jpg 300w\" sizes=\"auto, (max-width: 933px) 100vw, 933px\" \/><\/p>\n<p>Le pr\u00e9sident de la Communaut\u00e9 hell\u00e9nique du Grand Montr\u00e9al, M.\u00a0Nicholas Pagonis, a \u00e9mu les invit\u00e9s par son discours touchant\u00a0o\u00f9\u00a0il a affirm\u00e9 combien\u00a0l&#8217;ouverture de cette premi\u00e8re \u00e9cole secondaire lui tient \u00e0 coeur.\u00a0Il a adress\u00e9 son discours \u00e9mouvant aux premiers \u00e9tudiants de l&#8217;\u00e9cole secondaire.<\/p>\n<p><img loading=\"lazy\" decoding=\"async\" class=\"aligncenter wp-image-19114 size-full\" src=\"https:\/\/www.socdem.org\/wp-content\/uploads\/2016\/09\/unnamed-4-1.jpg\" alt=\"unnamed-4\" width=\"958\" height=\"560\" srcset=\"https:\/\/www.socdem.org\/wp-content\/uploads\/2016\/09\/unnamed-4-1.jpg 958w, https:\/\/www.socdem.org\/wp-content\/uploads\/2016\/09\/unnamed-4-1-300x175.jpg 300w\" sizes=\"auto, (max-width: 958px) 100vw, 958px\" \/><br \/>\nUne\u00a0reconnaissance\u00a0marqu\u00e9e a \u00e9t\u00e9 attribu\u00e9e au comit\u00e9 de collecte de fonds de la CHGM et son pr\u00e9sident, M.\u00a0Tasso Xipolotakis, pour leur\u00a0contribution au laboratoire de sciences de l&#8217;\u00e9cole secondaire, financ\u00e9 gr\u00e2ce aux profits de l&#8217;\u00e9v\u00e9nement Saveurs et Traditions. Par la suite, il y a eu le d\u00e9voilement de la plaque de gratitude.<\/p>\n<p><img loading=\"lazy\" decoding=\"async\" class=\"aligncenter wp-image-19111 size-large\" src=\"https:\/\/www.socdem.org\/wp-content\/uploads\/2016\/09\/unnamed-5-1-1024x576.jpg\" alt=\"unnamed-5\" width=\"980\" height=\"551\" srcset=\"https:\/\/www.socdem.org\/wp-content\/uploads\/2016\/09\/unnamed-5-1-1024x576.jpg 1024w, https:\/\/www.socdem.org\/wp-content\/uploads\/2016\/09\/unnamed-5-1-300x169.jpg 300w, https:\/\/www.socdem.org\/wp-content\/uploads\/2016\/09\/unnamed-5-1.jpg 1366w\" sizes=\"auto, (max-width: 980px) 100vw, 980px\" \/><\/p>\n<p>L&#8217;\u00e9v\u00e9nement\u00a0a \u00e9t\u00e9 conclu par la c\u00e9r\u00e9monie du ruban. Par la suite, une tourn\u00e9e bien guid\u00e9e des locaux de l&#8217;\u00e9cole secondaire a \u00e9t\u00e9 anim\u00e9e par le directeur g\u00e9n\u00e9ral.<\/p>\n<p><img loading=\"lazy\" decoding=\"async\" class=\"aligncenter wp-image-19108 size-full\" src=\"https:\/\/www.socdem.org\/wp-content\/uploads\/2016\/09\/unnamed-6-1.jpg\" alt=\"unnamed-6\" width=\"750\" height=\"422\" srcset=\"https:\/\/www.socdem.org\/wp-content\/uploads\/2016\/09\/unnamed-6-1.jpg 750w, https:\/\/www.socdem.org\/wp-content\/uploads\/2016\/09\/unnamed-6-1-300x169.jpg 300w\" sizes=\"auto, (max-width: 750px) 100vw, 750px\" \/><\/p>\n<p>Nous tenons \u00e0 remercier nos tr\u00e8s pr\u00e9cieux commanditaires pour cet \u00e9v\u00e9nement\u00a0: Fouli Tsatoumas de Ilios Traiteur, George Spiliadis de Cava Spiliadis,\u00a0Jennifer Roman de Agea Media\u00a0\u00a0et George Batkis, de Baktis Entertainment.<\/p>\n<p><img loading=\"lazy\" decoding=\"async\" class=\"aligncenter wp-image-19105 size-large\" src=\"https:\/\/www.socdem.org\/wp-content\/uploads\/2016\/09\/unnamed-7-1024x576.jpg\" alt=\"unnamed-7\" width=\"980\" height=\"551\" srcset=\"https:\/\/www.socdem.org\/wp-content\/uploads\/2016\/09\/unnamed-7-1024x576.jpg 1024w, https:\/\/www.socdem.org\/wp-content\/uploads\/2016\/09\/unnamed-7-300x169.jpg 300w, https:\/\/www.socdem.org\/wp-content\/uploads\/2016\/09\/unnamed-7.jpg 1366w\" sizes=\"auto, (max-width: 980px) 100vw, 980px\" \/><\/p>\n<p>La plupart des photos que vous voyez ici viennent du site du <em>Montreal\u00a0Greek Times. <\/em>Si vous d\u00e9sirez voir toutes les images ainsi qu&#8217;une vid\u00e9o de l&#8217;\u00e9v\u00e9nement, <a href=\"http:\/\/hcgm.us5.list-manage1.com\/track\/click?u=a2a5cd6716c4aae4b0d1133b9&amp;id=bef63ee999&amp;e=6012965008\" data-saferedirecturl=\"https:\/\/www.google.com\/url?hl=el&amp;q=http:\/\/hcgm.us5.list-manage1.com\/track\/click?u%3Da2a5cd6716c4aae4b0d1133b9%26id%3Dbef63ee999%26e%3D6012965008&amp;source=gmail&amp;ust=1473912987568000&amp;usg=AFQjCNFOWC3UUWEZm4b-G2Fq-Q90tym8MQ\">cliquez ici<\/a> et rendez-vous au bas de la page. Une autre vid\u00e9o se trouve en suivant <a href=\"http:\/\/hcgm.us5.list-manage1.com\/track\/click?u=a2a5cd6716c4aae4b0d1133b9&amp;id=78b05f32a0&amp;e=6012965008\" data-saferedirecturl=\"https:\/\/www.google.com\/url?hl=el&amp;q=http:\/\/hcgm.us5.list-manage1.com\/track\/click?u%3Da2a5cd6716c4aae4b0d1133b9%26id%3D78b05f32a0%26e%3D6012965008&amp;source=gmail&amp;ust=1473912987568000&amp;usg=AFQjCNEhAy5zruU7y5IPUZ0gEPVDfnJ7Gw\">ce lien<\/a>\u00a0, et vous pouvez aussi lire l&#8217;article en grec de <a href=\"http:\/\/hcgm.us5.list-manage.com\/track\/click?u=a2a5cd6716c4aae4b0d1133b9&amp;id=3701307a9a&amp;e=6012965008\" data-saferedirecturl=\"https:\/\/www.google.com\/url?hl=el&amp;q=http:\/\/hcgm.us5.list-manage.com\/track\/click?u%3Da2a5cd6716c4aae4b0d1133b9%26id%3D3701307a9a%26e%3D6012965008&amp;source=gmail&amp;ust=1473912987568000&amp;usg=AFQjCNE7ZNLO7VHWWbgnfi5CHCnhsyFg-Q\"><em>Greek Vision<\/em> ici<\/a>.<\/p>\n<p><strong>L&#8217;\u00c9cole Socrates-D\u00e9mosth\u00e8ne\u00a0<\/strong><\/p>\n<p><img loading=\"lazy\" decoding=\"async\" class=\"aligncenter wp-image-19102 size-large\" src=\"https:\/\/www.socdem.org\/wp-content\/uploads\/2016\/09\/unnamed-8-1024x576.jpg\" alt=\"unnamed-8\" width=\"980\" height=\"551\" srcset=\"https:\/\/www.socdem.org\/wp-content\/uploads\/2016\/09\/unnamed-8-1024x576.jpg 1024w, https:\/\/www.socdem.org\/wp-content\/uploads\/2016\/09\/unnamed-8-300x169.jpg 300w, https:\/\/www.socdem.org\/wp-content\/uploads\/2016\/09\/unnamed-8.jpg 1366w\" sizes=\"auto, (max-width: 980px) 100vw, 980px\" \/><\/p>\n<p>&nbsp;<br \/>\n<strong>Voici le texte int\u00e9gral du discours du directeur g\u00e9n\u00e9ral, M. Chris Adamopoulos:<\/strong><\/p>\n<p>Chers invit\u00e9s distingu\u00e9s, chers coll\u00e8gues, chers parents et, surtout, chers \u00e9l\u00e8ves,<\/p>\n<p>C&#8217;est avec un immense plaisir que nous vous accueillons aujourd&#8217;hui pour l&#8217;inauguration\u00a0de cette nouvelle \u00e9cole secondaire.<\/p>\n<p>Vous savez combien ce projet \u00e9tait important pour la communaut\u00e9 hell\u00e9nique, car ouvrir une \u00e9cole est toujours un acte essentiel pour la vie des familles et de leurs enfants.\u00a0En effet, les services de niveaux pr\u00e9scolaire et primaire sont les \u00e9tapes fondatrices du d\u00e9veloppement des enfants. D&#8217;o\u00f9 notre volont\u00e9 de poursuivre le travail en leur offrant une \u00e9cole secondaire de qualit\u00e9, moderne, dynamique, adapt\u00e9e \u00e0 notre \u00e9poque et ouverte au monde d&#8217;aujourd&#8217;hui.<\/p>\n<p>\u00c0 travers ce projet, nous avions \u00e0 la fois le souci de r\u00e9pondre aux besoins des \u00e9l\u00e8ves et des enseignants et aux attentes nombreuses des parents qui pensent que l&#8217;\u00e9cole doit \u00eatre celle de la r\u00e9ussite. Nous avons ainsi cr\u00e9\u00e9 pour nos enfants un lieu accueillant, agr\u00e9able, convivial et lumineux qui donne envie de venir et d&#8217;apprendre.<\/p>\n<p>It might be a little difficult at this point in time to envision the impact \u00c9cole Socrates-D\u00e9mosth\u00e8ne\u2019s new high school will have on the future of sustaining Hellenism in Quebec but let there be no doubt that it will play a major role.<br \/>\nOver a hundred years ago, in 1909, when the Greek community established its first ever regular full-day elementary school with a handful of children, no-one ever imagined that little class would evolve into a massive trilingual state-of-the-art school system with five campuses that has provided a renowned education to thousands upon thousands of Greek youths.<\/p>\n<p>There are many people who worked tirelessly in developing this project, too numerous to mention all here but we need to express our gratitude publicly to at least the following:<br \/>\nThe Board of Directors of the Hellenic Community of Greater Montreal, including the President. Mr. Nicolas Pagonis, and the Secretaries of Education, Mrs. Zoi Batsis and Mrs. Aliki Daher, that led the way.<br \/>\nWe must thank the Quebec Government and the Minister of Education that granted us the high school permit and that has entrusted our School to provide this new academic service to our students.<\/p>\n<p>Not enough can be said about MNA Gerry Sklavounos, an honorary graduate of Socrates-D\u00e9mosth\u00e8ne, who was instrumental on the political side in assuring that our Community would be granted the permit that had eluded us for generations.<\/p>\n<p>\u0395\u03c0\u03af\u03c3\u03b7\u03c2 \u00a0\u03b8\u03b1 \u03c0\u03c1\u03ad\u03c0\u03b5\u03b9 \u03bd\u03b1 \u03b5\u03c5\u03c7\u03b1\u03c1\u03b9\u03c3\u03c4\u03ae\u03c3\u03bf\u03c5\u03bc\u03b5 \u03c4\u03bf\u03bd \u0393\u03b5\u03bd\u03b9\u03ba\u03cc \u03a0\u03c1\u03cc\u03be\u03b5\u03bd\u03bf \u03ba. \u039d\u03b9\u03ba\u03cc\u03bb\u03b1\u03bf \u03a3\u03b9\u03b3\u03ac\u03bb\u03b1, \u03c0\u03bf\u03c5 \u03ad\u03c7\u03b5\u03b9 \u03c3\u03c4\u03b1\u03b8\u03b5\u03af \u03c3\u03c4\u03bf \u03c0\u03bb\u03b5\u03c5\u03c1\u03cc \u03c4\u03bf\u03c5 \u03a3\u03c7\u03bf\u03bb\u03b5\u03af\u03bf\u03c5 \u03b1\u03c0\u03cc \u03c4\u03b7\u03bd \u03c0\u03c1\u03ce\u03c4\u03b7 \u03bc\u03ad\u03c1\u03b1 \u03ba\u03b1\u03b9 \u03ad\u03c7\u03b5\u03b9 \u03b3\u03af\u03bd\u03b5\u03b9 \u03ad\u03bd\u03b1\u03c2 \u03b1\u03c0\u03cc \u03c4\u03bf\u03c5\u03c2 \u03c0\u03b9\u03bf \u03b5\u03b9\u03bb\u03b9\u03ba\u03c1\u03b9\u03bd\u03b5\u03af\u03c2 \u03c5\u03c0\u03bf\u03c3\u03c4\u03b7\u03c1\u03b9\u03ba\u03c4\u03ad\u03c2 \u03bc\u03b1\u03c2 \u03c3\u03b5 \u03cc\u03bb\u03b7 \u03c4\u03b7 \u03b4\u03b9\u03ac\u03c1\u03ba\u03b5\u03b9\u03b1 \u03b1\u03c5\u03c4\u03ae\u03c2 \u03c4\u03b7\u03c2 \u03b4\u03b9\u03b1\u03b4\u03b9\u03b4\u03ba\u03b1\u03c3\u03af\u03b1\u03c2.<\/p>\n<p>\u039b\u03af\u03b3\u03b1 \u03c7\u03c1\u03cc\u03bd\u03b9\u03b1 \u03c0\u03c1\u03b9\u03bd, \u03cc\u03c4\u03b1\u03bd \u03bf \u03ba. \u0386\u03b4\u03c9\u03bd\u03b7\u03c2 \u0393\u03b5\u03c9\u03c1\u03b3\u03b9\u03ac\u03b4\u03b7\u03c2, \u03b5\u03ba\u03c0\u03c1\u03bf\u03c3\u03c9\u03c0\u03ce\u03bd\u03c4\u03b1\u03c2 \u03c4\u03b7\u03bd \u0395\u03bb\u03bb\u03b7\u03bd\u03b9\u03ba\u03ae \u039a\u03c5\u03b2\u03ad\u03c1\u03bd\u03b7\u03c3\u03b7, \u03b5\u03c0\u03b9\u03c3\u03ba\u03ad\u03c6\u03b8\u03b7\u03ba\u03b5 \u03b3\u03b9\u03b1 \u03c0\u03c1\u03ce\u03c4\u03b7 \u03c6\u03bf\u03c1\u03ac \u03b1\u03c5\u03c4\u03cc \u03b5\u03b4\u03ce \u03c4\u03bf \u03c3\u03c7\u03bf\u03bb\u03b5\u03af\u03bf, \u03c4\u03bf\u03c5 \u03c6\u03ac\u03bd\u03b7\u03ba\u03b5 \u03c4\u03cc\u03c3\u03bf \u03c0\u03b1\u03c1\u03ac\u03be\u03b5\u03bd\u03bf \u03c0\u03bf\u03c5 \u03ad\u03bd\u03b1 \u03c4\u03cc\u03c3\u03bf \u03bc\u03b5\u03b3\u03ac\u03bb\u03bf \u03b5\u03ba\u03c0\u03b1\u03b9\u03b4\u03b5\u03c5\u03c4\u03b9\u03ba\u03cc \u03c3\u03cd\u03c3\u03c4\u03b7\u03bc\u03b1 \u03b4\u03b5\u03bd \u03b5\u03af\u03c7\u03b5 \u03ad\u03bd\u03b1 \u03b3\u03c5\u03bc\u03bd\u03ac\u03c3\u03b9\u03bf.\u00a0 \u039b\u03bf\u03b9\u03c0\u03cc\u03bd, \u03ba. \u0393\u03b5\u03c9\u03c1\u03b3\u03b9\u03ac\u03b4\u03b7, \u03cc\u03bb\u03b1 \u03b1\u03c5\u03c4\u03ac \u03ad\u03c7\u03bf\u03c5\u03bd \u03b1\u03bb\u03bb\u03ac\u03be\u03b5\u03b9. \u0398\u03b5\u03c9\u03c1\u03bf\u03cd\u03bc\u03b5 \u03b5\u03be\u03b1\u03b9\u03c1\u03b5\u03c4\u03b9\u03ba\u03ae \u03c4\u03b9\u03bc\u03ae \u03c4\u03b7\u03bd \u03b5\u03b4\u03ce \u03c0\u03b1\u03c1\u03bf\u03c5\u03c3\u03af\u03b1 \u03c3\u03b1\u03c2 \u03c3\u03ae\u03bc\u03b5\u03c1\u03b1!<\/p>\n<p>\u039c\u03b9\u03b1 \u03c4\u03ad\u03c4\u03bf\u03b9\u03b1 \u03c0\u03c1\u03bf\u03c3\u03c0\u03ac\u03b8\u03b5\u03b9\u03b1 \u03b1\u03c3\u03c6\u03b1\u03bb\u03ce\u03c2 \u03ba\u03bf\u03c3\u03c4\u03af\u03b6\u03b5\u03b9 \u03c7\u03c1\u03ae\u03bc\u03b1\u03c4\u03b1. \u0398\u03b1 \u03b8\u03ad\u03bb\u03b1\u03bc\u03b5 \u03bd\u03b1 \u03b5\u03ba\u03c6\u03c1\u03ac\u03c3\u03bf\u03c5\u03bc\u03b5 \u03c4\u03b7\u03bd \u03b5\u03b9\u03bb\u03b9\u03ba\u03c1\u03b9\u03bd\u03ae \u03bc\u03b1\u03c2 \u03b5\u03c5\u03b3\u03bd\u03c9\u03bc\u03bf\u03c3\u03cd\u03bd\u03b7 \u03c3\u03c4\u03bf\u03bd \u03a0\u03c1\u03cc\u03b5\u03b4\u03c1\u03bf \u03c4\u03b7\u03c2 \u0395\u03c1\u03b1\u03bd\u03b9\u03ba\u03ae\u03c2 \u0395\u03c0\u03b9\u03c4\u03c1\u03bf\u03c0\u03ae\u03c2 \u03c4\u03b7\u03c2 \u039a\u03bf\u03b9\u03bd\u03cc\u03c4\u03b7\u03c4\u03ac\u03c2 \u03bc\u03b1\u03c2 \u03ba. \u03a4\u03ac\u03c3\u03bf \u039e\u03c5\u03c0\u03bf\u03bb\u03b9\u03c4\u03ac\u03ba\u03b7, \u03c3\u03b5 \u03cc\u03bb\u03bf\u03c5\u03c2 \u03c4\u03bf\u03c5\u03c2 \u0395\u03bb\u03bb\u03b7\u03bd\u03b9\u03ba\u03bf\u03cd\u03c2 \u03a3\u03c5\u03bb\u03bb\u03cc\u03b3\u03bf\u03c5\u03c2, \u03c3\u03c4\u03bf\u03c5\u03c2 \u03c7\u03bf\u03c1\u03b7\u03b3\u03bf\u03cd\u03c2 \u03ba\u03b1\u03b9 \u03c3\u03b5 \u03cc\u03bb\u03bf\u03c5\u03c2 \u03b5\u03ba\u03b5\u03af\u03bd\u03bf\u03c5\u03c2 \u03c0\u03bf\u03c5 \u03c0\u03c1\u03cc\u03c3\u03c6\u03b5\u03c1\u03b1\u03bd \u03c4\u03b7\u03bd \u03c5\u03c0\u03bf\u03c3\u03c4\u03ae\u03c1\u03b9\u03be\u03ae \u03c4\u03bf\u03c5\u03c2 \u03bc\u03b5 \u03b4\u03b9\u03ac\u03c6\u03bf\u03c1\u03b5\u03c2 \u03b5\u03c1\u03b1\u03bd\u03b9\u03ba\u03ad\u03c2 \u03b4\u03c1\u03b1\u03c3\u03c4\u03b7\u03c1\u03b9\u03cc\u03c4\u03b7\u03c4\u03b5\u03c2, \u03bc\u03b5\u03c4\u03b1\u03be\u03cd \u03c4\u03c9\u03bd \u03bf\u03c0\u03bf\u03af\u03c9\u03bd \u03ae\u03c4\u03b1\u03bd \u03ba\u03b1\u03b9 \u03b7 \u03b5\u03ba\u03b4\u03ae\u03bb\u03c9\u03c3\u03b7 \u00ab\u0393\u03b5\u03cd\u03c3\u03b7 \u03ba\u03b1\u03b9 \u03a0\u03b1\u03c1\u03ac\u03b4\u03bf\u03c3\u03b7\u00bb, \u03c0\u03bf\u03c5 \u03c3\u03c5\u03bd\u03b5\u03c4\u03ad\u03bb\u03b5\u03c3\u03b1\u03bd \u03ce\u03c3\u03c4\u03b5 \u03bd\u03b1 \u03b5\u03be\u03b1\u03c3\u03c6\u03b1\u03bb\u03b9\u03c3\u03c4\u03bf\u03cd\u03bd \u03c4\u03b1 \u03b1\u03c0\u03b1\u03b9\u03c4\u03bf\u03cd\u03bc\u03b5\u03bd\u03b1 \u03c7\u03c1\u03ae\u03bc\u03b1\u03c4\u03b1.<\/p>\n<p>\u0398\u03ad\u03bb\u03bf\u03c5\u03bc\u03b5 \u03b5\u03c0\u03af\u03c3\u03b7\u03c2 \u03bd\u03b1 \u03b5\u03c5\u03c7\u03b1\u03c1\u03b9\u03c3\u03c4\u03ae\u03c3\u03bf\u03c5\u03bc\u03b5 \u03cc\u03bb\u03b1 \u03c4\u03b1 \u03bc\u03ad\u03c3\u03b1 \u03bc\u03b1\u03b6\u03b9\u03ba\u03ae\u03c2 \u03b5\u03bd\u03b7\u03bc\u03ad\u03c1\u03c9\u03c3\u03b7\u03c2 \u03c0\u03bf\u03c5 \u03b2\u03c1\u03af\u03c3\u03ba\u03bf\u03bd\u03c4\u03b1\u03b9 \u03b5\u03b4\u03ce \u03c3\u03ae\u03bc\u03b5\u03c1\u03b1, \u03ba\u03b1\u03b8\u03ce\u03c2 \u03ba\u03b1\u03b9 \u03b5\u03ba\u03b5\u03af\u03bd\u03b1 \u03c0\u03bf\u03c5 \u03b8\u03b1 \u03ba\u03b1\u03bb\u03cd\u03c8\u03bf\u03c5\u03bd \u03c4\u03b7\u03bd \u03c0\u03bf\u03bb\u03cd \u03b5\u03b9\u03b4\u03b9\u03ba\u03ae \u03b1\u03c5\u03c4\u03ae \u03b5\u03ba\u03b4\u03ae\u03bb\u03c9\u03c3\u03b7.<\/p>\n<p>Et puis il y a tous nos coll\u00e8gues de la CHGM qui ont travaill\u00e9 sans rel\u00e2che, la plupart du temps dans les coulisses, pour assurer que ce r\u00eave devienne une r\u00e9alit\u00e9. Nous tenons \u00e0 remercier la directrice ex\u00e9cutive, Pelagia Adamidis, la directrice de l\u2019immobilier et de l\u2019approvisionnement, Eleni Sarridis, ainsi que Fotis Komborozos, Lemonia Strapatsas, George Anagnostou, Katie Kyriakidis, Maria Roussis, Monique Aura, Audrey Kounga, Maria Nanas, Dimitri Georgantas, Dimitra Gotsinas, Angie Purcell, la famille Kormas, ainsi que le reste de nos coll\u00e8gues du si\u00e8ge social de la Communaut\u00e9.<\/p>\n<p>Nous tenons \u00e9galement \u00e0 remercier les directions de nos campus pour leur soutien pr\u00e9cieux sans lequel rien de tout cela n\u2019aurait \u00e9t\u00e9 possible: Steeve Lessard, Katherine Divolis\u00a0(notre merveilleuse ma\u00eetresse de c\u00e9r\u00e9monie), Ghislaine Langlois, Christos Filandrianos, et Georgia Tsakalis. Cette derni\u00e8re est la directrice de la nouvelle \u00e9cole secondaire. Un grand merci aussi \u00e0 tout son personnel, y compris les enseignants du secondaire qui marquent ainsi l&#8217;histoire\u00a0: Eric Lousteau, Eirini Tourkomanolis, Nelli Vlahandreas et Katerina Tassis.<br \/>\nEnsuite, il y a les premiers \u00e9tudiants\u00a0(Elliot Bakis, Georgia Nterekas, Panagioti Kamitsis et George Kolokithias) qui seront pr\u00e9sents \u00e0 l\u2019\u00e9cole secondaire, et leurs familles. Dans une centaine d&#8217;ann\u00e9es, lorsque nous c\u00e9l\u00e9brerons le centenaire de l&#8217;\u00e9cole secondaire, vos noms, en tant que pionniers, figureront sur le haut de la liste de ce que retiendra l\u2019Histoire. Nous vous remercions d&#8217;avoir confi\u00e9 \u00e0 notre \u00c9cole l&#8217;\u00e9ducation de niveau secondaire de vos enfants.<br \/>\nEnfin, nous voulons remercier nos chers invit\u00e9s d\u2019avoir accept\u00e9 de venir partager avec nous cette\u00a0inauguration\u00a0historique.<\/p>\n<p>Cette \u00e9cole est le symbole du dynamisme de notre communaut\u00e9, de son d\u00e9veloppement, de sa jeunesse et de sa foi dans l&#8217;avenir.<\/p>\n<p>Ce n\u2019est qu\u2019un autre d\u00e9but!<\/p>\n","protected":false},"excerpt":{"rendered":"<p>Le vendredi 26 ao\u00fbt dernier a eu lieu l&#8217;inauguration\u00a0de\u00a0la\u00a0toute premi\u00e8re \u00e9cole secondaire\u00a0\u00e0 temps plein de la Communaut\u00e9 hell\u00e9nique \u00a0du Grand Montr\u00e9al au campus Socrates II. Pour souligner cet \u00e9v\u00e9nement historique,&#8230;<\/p>\n","protected":false},"author":2,"featured_media":19133,"comment_status":"closed","ping_status":"closed","sticky":false,"template":"","format":"standard","meta":{"_monsterinsights_skip_tracking":false,"_monsterinsights_sitenote_active":false,"_monsterinsights_sitenote_note":"","_monsterinsights_sitenote_category":0,"footnotes":""},"categories":[126,97,87],"tags":[],"class_list":{"0":"post-19130","1":"post","2":"type-post","3":"status-publish","4":"format-standard","5":"has-post-thumbnail","7":"category-blog-el","8":"category-nea-demosthene","9":"category-news-and-activities-greek"},"yoast_head":"<!-- This site is optimized with the Yoast SEO plugin v27.5 - https:\/\/yoast.com\/product\/yoast-seo-wordpress\/ -->\n<title>\u03a4\u03b1 \u03b9\u03c3\u03c4\u03bf\u03c1\u03b9\u03ba\u03ac \u03b5\u03b3\u03ba\u03b1\u03af\u03bd\u03b9\u03b1 \u03c4\u03bf\u03c5 \u03c3\u03c7\u03bf\u03bb\u03b5\u03af\u03bf\u03c5 \u03b4\u03b5\u03c5\u03c4\u03b5\u03c1\u03bf\u03b2\u03ac\u03b8\u03bc\u03b9\u03b1\u03c2 \u03b5\u03ba\u03c0\u03b1\u03af\u03b4\u03b5\u03c5\u03c3\u03b7\u03c2 \u03c4\u03bf\u03c5 \u03a3\u03c7\u03bf\u03bb\u03b5\u03af\u03bf\u03c5 \u03a3\u03c9\u03ba\u03c1\u03ac\u03c4\u03b7\u03c2-\u0394\u03b7\u03bc\u03bf\u03c3\u03b8\u03ad\u03bd\u03b7\u03c2 \u03c4\u03b7\u03c2 \u0395\u039a\u039c\u039c - \u0394\u03b7\u03bc\u03bf\u03c4\u03b9\u03ba\u03cc \u03c3\u03c7\u03bf\u03bb\u03b5\u03af\u03bf \u03a3\u03c9\u03ba\u03c1\u03ac\u03c4\u03b7\u03c2 \u03ba\u03b1\u03b9 \u0394\u03b7\u03bc\u03bf\u03c3\u03b8\u03ad\u03bd\u03b7\u03c2<\/title>\n<meta name=\"robots\" content=\"index, follow, max-snippet:-1, max-image-preview:large, max-video-preview:-1\" \/>\n<link rel=\"canonical\" href=\"https:\/\/www.socdem.org\/el\/inauguration-historique-de-lecole-secondaire-socrates-demosthene-de-la-chgm\/\" \/>\n<meta property=\"og:locale\" content=\"el_GR\" \/>\n<meta property=\"og:type\" content=\"article\" \/>\n<meta property=\"og:title\" content=\"\u03a4\u03b1 \u03b9\u03c3\u03c4\u03bf\u03c1\u03b9\u03ba\u03ac \u03b5\u03b3\u03ba\u03b1\u03af\u03bd\u03b9\u03b1 \u03c4\u03bf\u03c5 \u03c3\u03c7\u03bf\u03bb\u03b5\u03af\u03bf\u03c5 \u03b4\u03b5\u03c5\u03c4\u03b5\u03c1\u03bf\u03b2\u03ac\u03b8\u03bc\u03b9\u03b1\u03c2 \u03b5\u03ba\u03c0\u03b1\u03af\u03b4\u03b5\u03c5\u03c3\u03b7\u03c2 \u03c4\u03bf\u03c5 \u03a3\u03c7\u03bf\u03bb\u03b5\u03af\u03bf\u03c5 \u03a3\u03c9\u03ba\u03c1\u03ac\u03c4\u03b7\u03c2-\u0394\u03b7\u03bc\u03bf\u03c3\u03b8\u03ad\u03bd\u03b7\u03c2 \u03c4\u03b7\u03c2 \u0395\u039a\u039c\u039c - \u0394\u03b7\u03bc\u03bf\u03c4\u03b9\u03ba\u03cc \u03c3\u03c7\u03bf\u03bb\u03b5\u03af\u03bf \u03a3\u03c9\u03ba\u03c1\u03ac\u03c4\u03b7\u03c2 \u03ba\u03b1\u03b9 \u0394\u03b7\u03bc\u03bf\u03c3\u03b8\u03ad\u03bd\u03b7\u03c2\" \/>\n<meta property=\"og:description\" content=\"Le vendredi 26 ao\u00fbt dernier a eu lieu l&#8217;inauguration\u00a0de\u00a0la\u00a0toute premi\u00e8re \u00e9cole secondaire\u00a0\u00e0 temps plein de la Communaut\u00e9 hell\u00e9nique \u00a0du Grand Montr\u00e9al au campus Socrates II. Pour souligner cet \u00e9v\u00e9nement historique,...\" \/>\n<meta property=\"og:url\" content=\"https:\/\/www.socdem.org\/el\/inauguration-historique-de-lecole-secondaire-socrates-demosthene-de-la-chgm\/\" \/>\n<meta property=\"og:site_name\" content=\"\u0394\u03b7\u03bc\u03bf\u03c4\u03b9\u03ba\u03cc \u03c3\u03c7\u03bf\u03bb\u03b5\u03af\u03bf \u03a3\u03c9\u03ba\u03c1\u03ac\u03c4\u03b7\u03c2 \u03ba\u03b1\u03b9 \u0394\u03b7\u03bc\u03bf\u03c3\u03b8\u03ad\u03bd\u03b7\u03c2\" \/>\n<meta property=\"article:publisher\" content=\"https:\/\/www.facebook.com\/TheHCGM\/\" \/>\n<meta property=\"article:published_time\" content=\"2016-09-14T04:52:51+00:00\" \/>\n<meta property=\"article:modified_time\" content=\"2016-09-14T04:55:41+00:00\" \/>\n<meta property=\"og:image\" content=\"https:\/\/www.socdem.org\/wp-content\/uploads\/2016\/09\/kionas.png\" \/>\n\t<meta property=\"og:image:width\" content=\"165\" \/>\n\t<meta property=\"og:image:height\" content=\"123\" \/>\n\t<meta property=\"og:image:type\" content=\"image\/png\" \/>\n<meta name=\"author\" content=\"nkaloshi\" \/>\n<meta name=\"twitter:card\" content=\"summary_large_image\" \/>\n<meta name=\"twitter:label1\" content=\"\u03a3\u03c5\u03bd\u03c4\u03ac\u03c7\u03b8\u03b7\u03ba\u03b5 \u03b1\u03c0\u03cc\" \/>\n\t<meta name=\"twitter:data1\" content=\"nkaloshi\" \/>\n\t<meta name=\"twitter:label2\" content=\"\u0395\u03ba\u03c4\u03b9\u03bc\u03ce\u03bc\u03b5\u03bd\u03bf\u03c2 \u03c7\u03c1\u03cc\u03bd\u03bf\u03c2 \u03b1\u03bd\u03ac\u03b3\u03bd\u03c9\u03c3\u03b7\u03c2\" \/>\n\t<meta name=\"twitter:data2\" content=\"7 \u03bb\u03b5\u03c0\u03c4\u03ac\" \/>\n<script type=\"application\/ld+json\" class=\"yoast-schema-graph\">{\"@context\":\"https:\\\/\\\/schema.org\",\"@graph\":[{\"@type\":\"Article\",\"@id\":\"https:\\\/\\\/www.socdem.org\\\/el\\\/inauguration-historique-de-lecole-secondaire-socrates-demosthene-de-la-chgm\\\/#article\",\"isPartOf\":{\"@id\":\"https:\\\/\\\/www.socdem.org\\\/el\\\/inauguration-historique-de-lecole-secondaire-socrates-demosthene-de-la-chgm\\\/\"},\"author\":{\"name\":\"nkaloshi\",\"@id\":\"https:\\\/\\\/www.socdem.org\\\/el\\\/#\\\/schema\\\/person\\\/e69849edb3600544f803fb1129b95fbb\"},\"headline\":\"\u03a4\u03b1 \u03b9\u03c3\u03c4\u03bf\u03c1\u03b9\u03ba\u03ac \u03b5\u03b3\u03ba\u03b1\u03af\u03bd\u03b9\u03b1 \u03c4\u03bf\u03c5 \u03c3\u03c7\u03bf\u03bb\u03b5\u03af\u03bf\u03c5 \u03b4\u03b5\u03c5\u03c4\u03b5\u03c1\u03bf\u03b2\u03ac\u03b8\u03bc\u03b9\u03b1\u03c2 \u03b5\u03ba\u03c0\u03b1\u03af\u03b4\u03b5\u03c5\u03c3\u03b7\u03c2 \u03c4\u03bf\u03c5 \u03a3\u03c7\u03bf\u03bb\u03b5\u03af\u03bf\u03c5 \u03a3\u03c9\u03ba\u03c1\u03ac\u03c4\u03b7\u03c2-\u0394\u03b7\u03bc\u03bf\u03c3\u03b8\u03ad\u03bd\u03b7\u03c2 \u03c4\u03b7\u03c2 \u0395\u039a\u039c\u039c\",\"datePublished\":\"2016-09-14T04:52:51+00:00\",\"dateModified\":\"2016-09-14T04:55:41+00:00\",\"mainEntityOfPage\":{\"@id\":\"https:\\\/\\\/www.socdem.org\\\/el\\\/inauguration-historique-de-lecole-secondaire-socrates-demosthene-de-la-chgm\\\/\"},\"wordCount\":1302,\"publisher\":{\"@id\":\"https:\\\/\\\/www.socdem.org\\\/el\\\/#organization\"},\"image\":{\"@id\":\"https:\\\/\\\/www.socdem.org\\\/el\\\/inauguration-historique-de-lecole-secondaire-socrates-demosthene-de-la-chgm\\\/#primaryimage\"},\"thumbnailUrl\":\"https:\\\/\\\/www.socdem.org\\\/wp-content\\\/uploads\\\/2016\\\/09\\\/kionas.png\",\"articleSection\":[\"blog\",\"Nea demosthene\",\"News and activities greek\"],\"inLanguage\":\"el\"},{\"@type\":\"WebPage\",\"@id\":\"https:\\\/\\\/www.socdem.org\\\/el\\\/inauguration-historique-de-lecole-secondaire-socrates-demosthene-de-la-chgm\\\/\",\"url\":\"https:\\\/\\\/www.socdem.org\\\/el\\\/inauguration-historique-de-lecole-secondaire-socrates-demosthene-de-la-chgm\\\/\",\"name\":\"\u03a4\u03b1 \u03b9\u03c3\u03c4\u03bf\u03c1\u03b9\u03ba\u03ac \u03b5\u03b3\u03ba\u03b1\u03af\u03bd\u03b9\u03b1 \u03c4\u03bf\u03c5 \u03c3\u03c7\u03bf\u03bb\u03b5\u03af\u03bf\u03c5 \u03b4\u03b5\u03c5\u03c4\u03b5\u03c1\u03bf\u03b2\u03ac\u03b8\u03bc\u03b9\u03b1\u03c2 \u03b5\u03ba\u03c0\u03b1\u03af\u03b4\u03b5\u03c5\u03c3\u03b7\u03c2 \u03c4\u03bf\u03c5 \u03a3\u03c7\u03bf\u03bb\u03b5\u03af\u03bf\u03c5 \u03a3\u03c9\u03ba\u03c1\u03ac\u03c4\u03b7\u03c2-\u0394\u03b7\u03bc\u03bf\u03c3\u03b8\u03ad\u03bd\u03b7\u03c2 \u03c4\u03b7\u03c2 \u0395\u039a\u039c\u039c - \u0394\u03b7\u03bc\u03bf\u03c4\u03b9\u03ba\u03cc \u03c3\u03c7\u03bf\u03bb\u03b5\u03af\u03bf \u03a3\u03c9\u03ba\u03c1\u03ac\u03c4\u03b7\u03c2 \u03ba\u03b1\u03b9 \u0394\u03b7\u03bc\u03bf\u03c3\u03b8\u03ad\u03bd\u03b7\u03c2\",\"isPartOf\":{\"@id\":\"https:\\\/\\\/www.socdem.org\\\/el\\\/#website\"},\"primaryImageOfPage\":{\"@id\":\"https:\\\/\\\/www.socdem.org\\\/el\\\/inauguration-historique-de-lecole-secondaire-socrates-demosthene-de-la-chgm\\\/#primaryimage\"},\"image\":{\"@id\":\"https:\\\/\\\/www.socdem.org\\\/el\\\/inauguration-historique-de-lecole-secondaire-socrates-demosthene-de-la-chgm\\\/#primaryimage\"},\"thumbnailUrl\":\"https:\\\/\\\/www.socdem.org\\\/wp-content\\\/uploads\\\/2016\\\/09\\\/kionas.png\",\"datePublished\":\"2016-09-14T04:52:51+00:00\",\"dateModified\":\"2016-09-14T04:55:41+00:00\",\"breadcrumb\":{\"@id\":\"https:\\\/\\\/www.socdem.org\\\/el\\\/inauguration-historique-de-lecole-secondaire-socrates-demosthene-de-la-chgm\\\/#breadcrumb\"},\"inLanguage\":\"el\",\"potentialAction\":[{\"@type\":\"ReadAction\",\"target\":[\"https:\\\/\\\/www.socdem.org\\\/el\\\/inauguration-historique-de-lecole-secondaire-socrates-demosthene-de-la-chgm\\\/\"]}]},{\"@type\":\"ImageObject\",\"inLanguage\":\"el\",\"@id\":\"https:\\\/\\\/www.socdem.org\\\/el\\\/inauguration-historique-de-lecole-secondaire-socrates-demosthene-de-la-chgm\\\/#primaryimage\",\"url\":\"https:\\\/\\\/www.socdem.org\\\/wp-content\\\/uploads\\\/2016\\\/09\\\/kionas.png\",\"contentUrl\":\"https:\\\/\\\/www.socdem.org\\\/wp-content\\\/uploads\\\/2016\\\/09\\\/kionas.png\",\"width\":165,\"height\":123},{\"@type\":\"BreadcrumbList\",\"@id\":\"https:\\\/\\\/www.socdem.org\\\/el\\\/inauguration-historique-de-lecole-secondaire-socrates-demosthene-de-la-chgm\\\/#breadcrumb\",\"itemListElement\":[{\"@type\":\"ListItem\",\"position\":1,\"name\":\"Accueil\",\"item\":\"https:\\\/\\\/www.socdem.org\\\/el\\\/\"},{\"@type\":\"ListItem\",\"position\":2,\"name\":\"\u03a4\u03b1 \u03b9\u03c3\u03c4\u03bf\u03c1\u03b9\u03ba\u03ac \u03b5\u03b3\u03ba\u03b1\u03af\u03bd\u03b9\u03b1 \u03c4\u03bf\u03c5 \u03c3\u03c7\u03bf\u03bb\u03b5\u03af\u03bf\u03c5 \u03b4\u03b5\u03c5\u03c4\u03b5\u03c1\u03bf\u03b2\u03ac\u03b8\u03bc\u03b9\u03b1\u03c2 \u03b5\u03ba\u03c0\u03b1\u03af\u03b4\u03b5\u03c5\u03c3\u03b7\u03c2 \u03c4\u03bf\u03c5 \u03a3\u03c7\u03bf\u03bb\u03b5\u03af\u03bf\u03c5 \u03a3\u03c9\u03ba\u03c1\u03ac\u03c4\u03b7\u03c2-\u0394\u03b7\u03bc\u03bf\u03c3\u03b8\u03ad\u03bd\u03b7\u03c2 \u03c4\u03b7\u03c2 \u0395\u039a\u039c\u039c\"}]},{\"@type\":\"WebSite\",\"@id\":\"https:\\\/\\\/www.socdem.org\\\/el\\\/#website\",\"url\":\"https:\\\/\\\/www.socdem.org\\\/el\\\/\",\"name\":\"\u00c9cole Socrates-D\u00e9mosth\u00e8ne\",\"description\":\"\u03a0\u03ad\u03bd\u03c4\u03b5 \u03c4\u03c1\u03af\u03b3\u03bb\u03c9\u03c3\u03c3\u03b1 \u03b5\u03bb\u03bb\u03b7\u03bd\u03b9\u03ba\u03ac \u03b4\u03b7\u03bc\u03bf\u03c4\u03b9\u03ba\u03ac \u03c3\u03c7\u03bf\u03bb\u03b5\u03af\u03b1 \u03c4\u03bf\u03c5 \u039c\u03b5\u03b3\u03b1\u03bb\u03cd\u03c4\u03b5\u03c1\u03bf\u03c5 \u039c\u03bf\u03bd\u03c4\u03c1\u03b5\u03ac\u03bb\",\"publisher\":{\"@id\":\"https:\\\/\\\/www.socdem.org\\\/el\\\/#organization\"},\"potentialAction\":[{\"@type\":\"SearchAction\",\"target\":{\"@type\":\"EntryPoint\",\"urlTemplate\":\"https:\\\/\\\/www.socdem.org\\\/el\\\/?s={search_term_string}\"},\"query-input\":{\"@type\":\"PropertyValueSpecification\",\"valueRequired\":true,\"valueName\":\"search_term_string\"}}],\"inLanguage\":\"el\"},{\"@type\":\"Organization\",\"@id\":\"https:\\\/\\\/www.socdem.org\\\/el\\\/#organization\",\"name\":\"\u00c9cole Socrates-D\u00e9mosth\u00e8ne\",\"url\":\"https:\\\/\\\/www.socdem.org\\\/el\\\/\",\"logo\":{\"@type\":\"ImageObject\",\"inLanguage\":\"el\",\"@id\":\"https:\\\/\\\/www.socdem.org\\\/el\\\/#\\\/schema\\\/logo\\\/image\\\/\",\"url\":\"https:\\\/\\\/www.socdem.org\\\/wp-content\\\/uploads\\\/2014\\\/03\\\/SOC-DEM-LOGO-NAME.jpg\",\"contentUrl\":\"https:\\\/\\\/www.socdem.org\\\/wp-content\\\/uploads\\\/2014\\\/03\\\/SOC-DEM-LOGO-NAME.jpg\",\"width\":\"8485\",\"height\":\"4200\",\"caption\":\"\u00c9cole Socrates-D\u00e9mosth\u00e8ne\"},\"image\":{\"@id\":\"https:\\\/\\\/www.socdem.org\\\/el\\\/#\\\/schema\\\/logo\\\/image\\\/\"},\"sameAs\":[\"https:\\\/\\\/www.facebook.com\\\/TheHCGM\\\/\",\"https:\\\/\\\/www.instagram.com\\\/p\\\/BnE965PhJU7\\\/?hl=en\"]},{\"@type\":\"Person\",\"@id\":\"https:\\\/\\\/www.socdem.org\\\/el\\\/#\\\/schema\\\/person\\\/e69849edb3600544f803fb1129b95fbb\",\"name\":\"nkaloshi\",\"image\":{\"@type\":\"ImageObject\",\"inLanguage\":\"el\",\"@id\":\"https:\\\/\\\/secure.gravatar.com\\\/avatar\\\/29ebca3f7511cc0733a304fab2c7cb2af8f5f68714e1207d6b77a4724961e806?s=96&d=mm&r=g\",\"url\":\"https:\\\/\\\/secure.gravatar.com\\\/avatar\\\/29ebca3f7511cc0733a304fab2c7cb2af8f5f68714e1207d6b77a4724961e806?s=96&d=mm&r=g\",\"contentUrl\":\"https:\\\/\\\/secure.gravatar.com\\\/avatar\\\/29ebca3f7511cc0733a304fab2c7cb2af8f5f68714e1207d6b77a4724961e806?s=96&d=mm&r=g\",\"caption\":\"nkaloshi\"},\"url\":\"https:\\\/\\\/www.socdem.org\\\/el\\\/author\\\/nkaloshi\\\/\"}]}<\/script>\n<!-- \/ Yoast SEO plugin. -->","yoast_head_json":{"title":"\u03a4\u03b1 \u03b9\u03c3\u03c4\u03bf\u03c1\u03b9\u03ba\u03ac \u03b5\u03b3\u03ba\u03b1\u03af\u03bd\u03b9\u03b1 \u03c4\u03bf\u03c5 \u03c3\u03c7\u03bf\u03bb\u03b5\u03af\u03bf\u03c5 \u03b4\u03b5\u03c5\u03c4\u03b5\u03c1\u03bf\u03b2\u03ac\u03b8\u03bc\u03b9\u03b1\u03c2 \u03b5\u03ba\u03c0\u03b1\u03af\u03b4\u03b5\u03c5\u03c3\u03b7\u03c2 \u03c4\u03bf\u03c5 \u03a3\u03c7\u03bf\u03bb\u03b5\u03af\u03bf\u03c5 \u03a3\u03c9\u03ba\u03c1\u03ac\u03c4\u03b7\u03c2-\u0394\u03b7\u03bc\u03bf\u03c3\u03b8\u03ad\u03bd\u03b7\u03c2 \u03c4\u03b7\u03c2 \u0395\u039a\u039c\u039c - \u0394\u03b7\u03bc\u03bf\u03c4\u03b9\u03ba\u03cc \u03c3\u03c7\u03bf\u03bb\u03b5\u03af\u03bf \u03a3\u03c9\u03ba\u03c1\u03ac\u03c4\u03b7\u03c2 \u03ba\u03b1\u03b9 \u0394\u03b7\u03bc\u03bf\u03c3\u03b8\u03ad\u03bd\u03b7\u03c2","robots":{"index":"index","follow":"follow","max-snippet":"max-snippet:-1","max-image-preview":"max-image-preview:large","max-video-preview":"max-video-preview:-1"},"canonical":"https:\/\/www.socdem.org\/el\/inauguration-historique-de-lecole-secondaire-socrates-demosthene-de-la-chgm\/","og_locale":"el_GR","og_type":"article","og_title":"\u03a4\u03b1 \u03b9\u03c3\u03c4\u03bf\u03c1\u03b9\u03ba\u03ac \u03b5\u03b3\u03ba\u03b1\u03af\u03bd\u03b9\u03b1 \u03c4\u03bf\u03c5 \u03c3\u03c7\u03bf\u03bb\u03b5\u03af\u03bf\u03c5 \u03b4\u03b5\u03c5\u03c4\u03b5\u03c1\u03bf\u03b2\u03ac\u03b8\u03bc\u03b9\u03b1\u03c2 \u03b5\u03ba\u03c0\u03b1\u03af\u03b4\u03b5\u03c5\u03c3\u03b7\u03c2 \u03c4\u03bf\u03c5 \u03a3\u03c7\u03bf\u03bb\u03b5\u03af\u03bf\u03c5 \u03a3\u03c9\u03ba\u03c1\u03ac\u03c4\u03b7\u03c2-\u0394\u03b7\u03bc\u03bf\u03c3\u03b8\u03ad\u03bd\u03b7\u03c2 \u03c4\u03b7\u03c2 \u0395\u039a\u039c\u039c - \u0394\u03b7\u03bc\u03bf\u03c4\u03b9\u03ba\u03cc \u03c3\u03c7\u03bf\u03bb\u03b5\u03af\u03bf \u03a3\u03c9\u03ba\u03c1\u03ac\u03c4\u03b7\u03c2 \u03ba\u03b1\u03b9 \u0394\u03b7\u03bc\u03bf\u03c3\u03b8\u03ad\u03bd\u03b7\u03c2","og_description":"Le vendredi 26 ao\u00fbt dernier a eu lieu l&#8217;inauguration\u00a0de\u00a0la\u00a0toute premi\u00e8re \u00e9cole secondaire\u00a0\u00e0 temps plein de la Communaut\u00e9 hell\u00e9nique \u00a0du Grand Montr\u00e9al au campus Socrates II. Pour souligner cet \u00e9v\u00e9nement historique,...","og_url":"https:\/\/www.socdem.org\/el\/inauguration-historique-de-lecole-secondaire-socrates-demosthene-de-la-chgm\/","og_site_name":"\u0394\u03b7\u03bc\u03bf\u03c4\u03b9\u03ba\u03cc \u03c3\u03c7\u03bf\u03bb\u03b5\u03af\u03bf \u03a3\u03c9\u03ba\u03c1\u03ac\u03c4\u03b7\u03c2 \u03ba\u03b1\u03b9 \u0394\u03b7\u03bc\u03bf\u03c3\u03b8\u03ad\u03bd\u03b7\u03c2","article_publisher":"https:\/\/www.facebook.com\/TheHCGM\/","article_published_time":"2016-09-14T04:52:51+00:00","article_modified_time":"2016-09-14T04:55:41+00:00","og_image":[{"width":165,"height":123,"url":"https:\/\/www.socdem.org\/wp-content\/uploads\/2016\/09\/kionas.png","type":"image\/png"}],"author":"nkaloshi","twitter_card":"summary_large_image","twitter_misc":{"\u03a3\u03c5\u03bd\u03c4\u03ac\u03c7\u03b8\u03b7\u03ba\u03b5 \u03b1\u03c0\u03cc":"nkaloshi","\u0395\u03ba\u03c4\u03b9\u03bc\u03ce\u03bc\u03b5\u03bd\u03bf\u03c2 \u03c7\u03c1\u03cc\u03bd\u03bf\u03c2 \u03b1\u03bd\u03ac\u03b3\u03bd\u03c9\u03c3\u03b7\u03c2":"7 \u03bb\u03b5\u03c0\u03c4\u03ac"},"schema":{"@context":"https:\/\/schema.org","@graph":[{"@type":"Article","@id":"https:\/\/www.socdem.org\/el\/inauguration-historique-de-lecole-secondaire-socrates-demosthene-de-la-chgm\/#article","isPartOf":{"@id":"https:\/\/www.socdem.org\/el\/inauguration-historique-de-lecole-secondaire-socrates-demosthene-de-la-chgm\/"},"author":{"name":"nkaloshi","@id":"https:\/\/www.socdem.org\/el\/#\/schema\/person\/e69849edb3600544f803fb1129b95fbb"},"headline":"\u03a4\u03b1 \u03b9\u03c3\u03c4\u03bf\u03c1\u03b9\u03ba\u03ac \u03b5\u03b3\u03ba\u03b1\u03af\u03bd\u03b9\u03b1 \u03c4\u03bf\u03c5 \u03c3\u03c7\u03bf\u03bb\u03b5\u03af\u03bf\u03c5 \u03b4\u03b5\u03c5\u03c4\u03b5\u03c1\u03bf\u03b2\u03ac\u03b8\u03bc\u03b9\u03b1\u03c2 \u03b5\u03ba\u03c0\u03b1\u03af\u03b4\u03b5\u03c5\u03c3\u03b7\u03c2 \u03c4\u03bf\u03c5 \u03a3\u03c7\u03bf\u03bb\u03b5\u03af\u03bf\u03c5 \u03a3\u03c9\u03ba\u03c1\u03ac\u03c4\u03b7\u03c2-\u0394\u03b7\u03bc\u03bf\u03c3\u03b8\u03ad\u03bd\u03b7\u03c2 \u03c4\u03b7\u03c2 \u0395\u039a\u039c\u039c","datePublished":"2016-09-14T04:52:51+00:00","dateModified":"2016-09-14T04:55:41+00:00","mainEntityOfPage":{"@id":"https:\/\/www.socdem.org\/el\/inauguration-historique-de-lecole-secondaire-socrates-demosthene-de-la-chgm\/"},"wordCount":1302,"publisher":{"@id":"https:\/\/www.socdem.org\/el\/#organization"},"image":{"@id":"https:\/\/www.socdem.org\/el\/inauguration-historique-de-lecole-secondaire-socrates-demosthene-de-la-chgm\/#primaryimage"},"thumbnailUrl":"https:\/\/www.socdem.org\/wp-content\/uploads\/2016\/09\/kionas.png","articleSection":["blog","Nea demosthene","News and activities greek"],"inLanguage":"el"},{"@type":"WebPage","@id":"https:\/\/www.socdem.org\/el\/inauguration-historique-de-lecole-secondaire-socrates-demosthene-de-la-chgm\/","url":"https:\/\/www.socdem.org\/el\/inauguration-historique-de-lecole-secondaire-socrates-demosthene-de-la-chgm\/","name":"\u03a4\u03b1 \u03b9\u03c3\u03c4\u03bf\u03c1\u03b9\u03ba\u03ac \u03b5\u03b3\u03ba\u03b1\u03af\u03bd\u03b9\u03b1 \u03c4\u03bf\u03c5 \u03c3\u03c7\u03bf\u03bb\u03b5\u03af\u03bf\u03c5 \u03b4\u03b5\u03c5\u03c4\u03b5\u03c1\u03bf\u03b2\u03ac\u03b8\u03bc\u03b9\u03b1\u03c2 \u03b5\u03ba\u03c0\u03b1\u03af\u03b4\u03b5\u03c5\u03c3\u03b7\u03c2 \u03c4\u03bf\u03c5 \u03a3\u03c7\u03bf\u03bb\u03b5\u03af\u03bf\u03c5 \u03a3\u03c9\u03ba\u03c1\u03ac\u03c4\u03b7\u03c2-\u0394\u03b7\u03bc\u03bf\u03c3\u03b8\u03ad\u03bd\u03b7\u03c2 \u03c4\u03b7\u03c2 \u0395\u039a\u039c\u039c - \u0394\u03b7\u03bc\u03bf\u03c4\u03b9\u03ba\u03cc \u03c3\u03c7\u03bf\u03bb\u03b5\u03af\u03bf \u03a3\u03c9\u03ba\u03c1\u03ac\u03c4\u03b7\u03c2 \u03ba\u03b1\u03b9 \u0394\u03b7\u03bc\u03bf\u03c3\u03b8\u03ad\u03bd\u03b7\u03c2","isPartOf":{"@id":"https:\/\/www.socdem.org\/el\/#website"},"primaryImageOfPage":{"@id":"https:\/\/www.socdem.org\/el\/inauguration-historique-de-lecole-secondaire-socrates-demosthene-de-la-chgm\/#primaryimage"},"image":{"@id":"https:\/\/www.socdem.org\/el\/inauguration-historique-de-lecole-secondaire-socrates-demosthene-de-la-chgm\/#primaryimage"},"thumbnailUrl":"https:\/\/www.socdem.org\/wp-content\/uploads\/2016\/09\/kionas.png","datePublished":"2016-09-14T04:52:51+00:00","dateModified":"2016-09-14T04:55:41+00:00","breadcrumb":{"@id":"https:\/\/www.socdem.org\/el\/inauguration-historique-de-lecole-secondaire-socrates-demosthene-de-la-chgm\/#breadcrumb"},"inLanguage":"el","potentialAction":[{"@type":"ReadAction","target":["https:\/\/www.socdem.org\/el\/inauguration-historique-de-lecole-secondaire-socrates-demosthene-de-la-chgm\/"]}]},{"@type":"ImageObject","inLanguage":"el","@id":"https:\/\/www.socdem.org\/el\/inauguration-historique-de-lecole-secondaire-socrates-demosthene-de-la-chgm\/#primaryimage","url":"https:\/\/www.socdem.org\/wp-content\/uploads\/2016\/09\/kionas.png","contentUrl":"https:\/\/www.socdem.org\/wp-content\/uploads\/2016\/09\/kionas.png","width":165,"height":123},{"@type":"BreadcrumbList","@id":"https:\/\/www.socdem.org\/el\/inauguration-historique-de-lecole-secondaire-socrates-demosthene-de-la-chgm\/#breadcrumb","itemListElement":[{"@type":"ListItem","position":1,"name":"Accueil","item":"https:\/\/www.socdem.org\/el\/"},{"@type":"ListItem","position":2,"name":"\u03a4\u03b1 \u03b9\u03c3\u03c4\u03bf\u03c1\u03b9\u03ba\u03ac \u03b5\u03b3\u03ba\u03b1\u03af\u03bd\u03b9\u03b1 \u03c4\u03bf\u03c5 \u03c3\u03c7\u03bf\u03bb\u03b5\u03af\u03bf\u03c5 \u03b4\u03b5\u03c5\u03c4\u03b5\u03c1\u03bf\u03b2\u03ac\u03b8\u03bc\u03b9\u03b1\u03c2 \u03b5\u03ba\u03c0\u03b1\u03af\u03b4\u03b5\u03c5\u03c3\u03b7\u03c2 \u03c4\u03bf\u03c5 \u03a3\u03c7\u03bf\u03bb\u03b5\u03af\u03bf\u03c5 \u03a3\u03c9\u03ba\u03c1\u03ac\u03c4\u03b7\u03c2-\u0394\u03b7\u03bc\u03bf\u03c3\u03b8\u03ad\u03bd\u03b7\u03c2 \u03c4\u03b7\u03c2 \u0395\u039a\u039c\u039c"}]},{"@type":"WebSite","@id":"https:\/\/www.socdem.org\/el\/#website","url":"https:\/\/www.socdem.org\/el\/","name":"\u00c9cole Socrates-D\u00e9mosth\u00e8ne","description":"\u03a0\u03ad\u03bd\u03c4\u03b5 \u03c4\u03c1\u03af\u03b3\u03bb\u03c9\u03c3\u03c3\u03b1 \u03b5\u03bb\u03bb\u03b7\u03bd\u03b9\u03ba\u03ac \u03b4\u03b7\u03bc\u03bf\u03c4\u03b9\u03ba\u03ac \u03c3\u03c7\u03bf\u03bb\u03b5\u03af\u03b1 \u03c4\u03bf\u03c5 \u039c\u03b5\u03b3\u03b1\u03bb\u03cd\u03c4\u03b5\u03c1\u03bf\u03c5 \u039c\u03bf\u03bd\u03c4\u03c1\u03b5\u03ac\u03bb","publisher":{"@id":"https:\/\/www.socdem.org\/el\/#organization"},"potentialAction":[{"@type":"SearchAction","target":{"@type":"EntryPoint","urlTemplate":"https:\/\/www.socdem.org\/el\/?s={search_term_string}"},"query-input":{"@type":"PropertyValueSpecification","valueRequired":true,"valueName":"search_term_string"}}],"inLanguage":"el"},{"@type":"Organization","@id":"https:\/\/www.socdem.org\/el\/#organization","name":"\u00c9cole Socrates-D\u00e9mosth\u00e8ne","url":"https:\/\/www.socdem.org\/el\/","logo":{"@type":"ImageObject","inLanguage":"el","@id":"https:\/\/www.socdem.org\/el\/#\/schema\/logo\/image\/","url":"https:\/\/www.socdem.org\/wp-content\/uploads\/2014\/03\/SOC-DEM-LOGO-NAME.jpg","contentUrl":"https:\/\/www.socdem.org\/wp-content\/uploads\/2014\/03\/SOC-DEM-LOGO-NAME.jpg","width":"8485","height":"4200","caption":"\u00c9cole Socrates-D\u00e9mosth\u00e8ne"},"image":{"@id":"https:\/\/www.socdem.org\/el\/#\/schema\/logo\/image\/"},"sameAs":["https:\/\/www.facebook.com\/TheHCGM\/","https:\/\/www.instagram.com\/p\/BnE965PhJU7\/?hl=en"]},{"@type":"Person","@id":"https:\/\/www.socdem.org\/el\/#\/schema\/person\/e69849edb3600544f803fb1129b95fbb","name":"nkaloshi","image":{"@type":"ImageObject","inLanguage":"el","@id":"https:\/\/secure.gravatar.com\/avatar\/29ebca3f7511cc0733a304fab2c7cb2af8f5f68714e1207d6b77a4724961e806?s=96&d=mm&r=g","url":"https:\/\/secure.gravatar.com\/avatar\/29ebca3f7511cc0733a304fab2c7cb2af8f5f68714e1207d6b77a4724961e806?s=96&d=mm&r=g","contentUrl":"https:\/\/secure.gravatar.com\/avatar\/29ebca3f7511cc0733a304fab2c7cb2af8f5f68714e1207d6b77a4724961e806?s=96&d=mm&r=g","caption":"nkaloshi"},"url":"https:\/\/www.socdem.org\/el\/author\/nkaloshi\/"}]}},"_links":{"self":[{"href":"https:\/\/www.socdem.org\/el\/wp-json\/wp\/v2\/posts\/19130","targetHints":{"allow":["GET"]}}],"collection":[{"href":"https:\/\/www.socdem.org\/el\/wp-json\/wp\/v2\/posts"}],"about":[{"href":"https:\/\/www.socdem.org\/el\/wp-json\/wp\/v2\/types\/post"}],"author":[{"embeddable":true,"href":"https:\/\/www.socdem.org\/el\/wp-json\/wp\/v2\/users\/2"}],"replies":[{"embeddable":true,"href":"https:\/\/www.socdem.org\/el\/wp-json\/wp\/v2\/comments?post=19130"}],"version-history":[{"count":0,"href":"https:\/\/www.socdem.org\/el\/wp-json\/wp\/v2\/posts\/19130\/revisions"}],"wp:featuredmedia":[{"embeddable":true,"href":"https:\/\/www.socdem.org\/el\/wp-json\/wp\/v2\/media\/19133"}],"wp:attachment":[{"href":"https:\/\/www.socdem.org\/el\/wp-json\/wp\/v2\/media?parent=19130"}],"wp:term":[{"taxonomy":"category","embeddable":true,"href":"https:\/\/www.socdem.org\/el\/wp-json\/wp\/v2\/categories?post=19130"},{"taxonomy":"post_tag","embeddable":true,"href":"https:\/\/www.socdem.org\/el\/wp-json\/wp\/v2\/tags?post=19130"}],"curies":[{"name":"wp","href":"https:\/\/api.w.org\/{rel}","templated":true}]}}