{"id":23323,"date":"2018-06-04T15:50:50","date_gmt":"2018-06-04T19:50:50","guid":{"rendered":"https:\/\/www.socdem.org\/?p=23323\/"},"modified":"2018-06-04T15:50:50","modified_gmt":"2018-06-04T19:50:50","slug":"%cf%84%ce%bf-%ce%ad%cf%81%ce%b3%ce%bf-immigrec","status":"publish","type":"post","link":"https:\/\/www.socdem.org\/el\/%cf%84%ce%bf-%ce%ad%cf%81%ce%b3%ce%bf-immigrec\/","title":{"rendered":"\u03a4\u03bf \u03ad\u03c1\u03b3\u03bf Immigrec"},"content":{"rendered":"<h5>The Immigrec project fascinated our yiayias and papous.<\/h5>\n<p><strong><img loading=\"lazy\" decoding=\"async\" class=\"CToWUd a6T\" tabindex=\"0\" src=\"https:\/\/ci5.googleusercontent.com\/proxy\/UWBnOTE8_Bc8kfiItnWwD3W8ZM5YOSF3QjiFLztbso_uH3EWZbvegyrTNM2XhnjECsTv8QyXyEOree-tcRne9KhIEOh2MNNX5eLeJ6HrDMHqLYfYLGnm0lyS3T-aXD4xMxqzEvPjs4hZ_YVbQ1K3wImRqe5OWrXu5ZfSx-s=s0-d-e1-ft#https:\/\/gallery.mailchimp.com\/a2a5cd6716c4aae4b0d1133b9\/images\/dd60685d-bba0-41ce-b46f-0f8073e31d54.jpg\" width=\"888\" height=\"877\" \/><\/strong><\/p>\n<h6>The May 24th presentation of the Immigrec project will undoubtedly go down in history as one of the most important and moving activities ever organized by the Socrates-Demosthenes School for the Hellenic Community of Greater Montreal. The organization of the event was impeccable and our students dazzled us. What we saw was priceless: young people aware of their direct history and their place in the general history of this country.<br \/>\nThe Immigrec project details the wave of Greek immigrants from the 1940s to the 1970s, the journey of our parents and grandparents, their economic and political challenges, their childhoods lived in Greece, and the unknown that Montreal represented at the beginning of their new life. It was a Homeric epic that continues today: it is now also a heartfelt for the students and their teachers at the Socrates-Demosthenes School &#8230; and their grandparents, as illustrated here. below.<\/h6>\n<h6><img loading=\"lazy\" decoding=\"async\" class=\"CToWUd a6T\" style=\"font-size: 16px;\" tabindex=\"0\" src=\"https:\/\/ci5.googleusercontent.com\/proxy\/Ze6zGbbFvUFo00p2fVCgvhELEQW_qJuvetMK5JfWO9Dv5NE0owoTt-NkaVsjDE85pPBQgdU3UTnfOC-TLaE9AOriVhZLXM1_MTBho_a-aDd4wB0JfjTkHPdJrj1gyacFtBx8w-S8dvmUFrJWunp_z4hPomaRlBdLTd00npw=s0-d-e1-ft#https:\/\/gallery.mailchimp.com\/a2a5cd6716c4aae4b0d1133b9\/images\/bcec8d3f-682f-44d5-b9db-656568e55293.jpg\" width=\"980\" height=\"835\" \/><\/h6>\n<h6>In collaboration with McGill University, our Greek teachers encouraged their students to explore the story of their grandparents and their immigration to Canada.<br \/>\n<img loading=\"lazy\" decoding=\"async\" class=\"CToWUd a6T\" tabindex=\"0\" src=\"https:\/\/ci5.googleusercontent.com\/proxy\/5-TfgeZNeFpHBVZnmRBN2T0O_Uic37-In4A2HnRKkdE77TrqraZmygaRDrQkuN955WWvtwgPHJZavccMNJtRyFNf5N5SPEr8bj7QA29Y9ug2FqrcUPNr4Jvxjx57NrKPn3YGi2Gh3UFySqLJGMFHRPRcfY-2-j5BEwwmecfjMl7kXQ8=s0-d-e1-ft#https:\/\/gallery.mailchimp.com\/a2a5cd6716c4aae4b0d1133b9\/_compresseds\/0f09027a-740b-47ed-b8f2-697ab0ef88e4.jpg\" width=\"1111\" height=\"888\" \/><\/h6>\n<h6>McGill&#8217;s students, teachers and distinguished collaborators shared their impressions of their work during this exceptional project.<br \/>\n<img loading=\"lazy\" decoding=\"async\" class=\"CToWUd a6T\" tabindex=\"0\" src=\"https:\/\/ci6.googleusercontent.com\/proxy\/cmjR_SGjUzrXahE7jER4JqA8sPC-FEAkKKzCVoxP4HzePIwDJ_MX3CcC0dCHpT4sFV4IBoAQTpWIFPHuMFowtPJANjndqUaMkgceTVZu4ddsJCVXy0Mt5HpCwbYHgu1UKqGhqGp8KqzmqEet9xGf4jp3DVTEKoZROIMvfiIhYba6FB0=s0-d-e1-ft#https:\/\/gallery.mailchimp.com\/a2a5cd6716c4aae4b0d1133b9\/_compresseds\/5a19132b-9c07-441d-95ec-0b0c983f41f1.jpg\" width=\"1000\" height=\"800\" \/><br \/>\nThrough their captivating lyrics, songs, dances, and theater, students in Grades 5 and 6 of each Socrates-Demosthenes campus interpreted what their grandparents&#8217; journey meant to them: hope, fear, love, and life in Canada.<\/h6>\n<h6><img loading=\"lazy\" decoding=\"async\" class=\"CToWUd a6T\" tabindex=\"0\" src=\"https:\/\/ci6.googleusercontent.com\/proxy\/drThzcx5rMrFe0aZiPkkG6hYF_CNzyGDbXieywa26XprmAJEdt5lSs9McrzIDpiv_rPGgRLZFMiEK0KECmIuxyzJLCglo8OTdW6C9laCtrtAWatx_PZMV_hTkrg3qx0pxuCC0HiXhbkPnNOjp6kRTRio_PdWjFPQlUHlEZlFKBAdueA=s0-d-e1-ft#https:\/\/gallery.mailchimp.com\/a2a5cd6716c4aae4b0d1133b9\/_compresseds\/9e7e1d27-daed-4bed-ae29-dfcb636461e4.jpg\" width=\"1000\" height=\"772\" \/><br \/>\nIn the Qu\u00e9bec Room of the Adrian-Maris Hellenic Community Center, there were objects from the past: passports, identity cards, suitcases, photos, boarding passes, dolls&#8230; Detailed accounts of travel from all parts of Greece to Halifax and then to Montreal were displayed in every corner of the room.<\/h6>\n<p><img loading=\"lazy\" decoding=\"async\" class=\"CToWUd a6T\" tabindex=\"0\" src=\"https:\/\/ci3.googleusercontent.com\/proxy\/evelJmi23PAGMTQ6gVzEHwV_NgPbjLvfk9OPv2C929xMYbjf5JnSc1ZF5TRR5JhKaeuh6N1hcOJpI-gNC7FetwUj7pNoCy_V4FldWzekaLscF6KFGcB2YhquYEosFHeBiSVHBFuAocb9TkP5UQV5Z55Aq-vNTc7gr7Mpklc=s0-d-e1-ft#https:\/\/gallery.mailchimp.com\/a2a5cd6716c4aae4b0d1133b9\/images\/a3d33902-5929-4517-88f9-66763bd9f656.jpg\" width=\"999\" height=\"663\" \/><\/p>\n<h6>What was obvious was that, by boat or plane, our grandparents and parents persevered through turbulent times to come and make a living for themselves and for us here in Montreal.<\/h6>\n<div><img loading=\"lazy\" decoding=\"async\" class=\"CToWUd a6T\" tabindex=\"0\" src=\"https:\/\/ci4.googleusercontent.com\/proxy\/btCEwB_CTowNmIvuWHbkde2yGO_I_bVBAO7X5mArMrjgmiTTOEFNzuAesZmpYLxNlAVB-KfyuNBHyT-aifswpVzZUmIbyRrz-uIjWtsFIfAs79Uyv1WTgzKcipo6JO6kqbCbs4akmXgTfb9sbM7E38N7-R_fNZdsnU3qdqQ=s0-d-e1-ft#https:\/\/gallery.mailchimp.com\/a2a5cd6716c4aae4b0d1133b9\/images\/5ca45ca0-b28e-4c0c-b212-38cdcadef53c.jpg\" width=\"990\" height=\"765\" \/><\/div>\n<h6>The President of the Hellenic Community of Greater Montreal took the floor to thank and congratulate the students, loudly explaining how much he admired what he had seen and appreciated its importance. Also present were the campus directorates, Zoi Batsis, CHGM Secretary of Education, Aliki Daher, CHGM Secretary of Complementary Education, Tassos Xipolitakis, Chair of the CHGM Fundraising Committee and Mary Deros, advisor to the City of Montreal.<img loading=\"lazy\" decoding=\"async\" class=\"CToWUd a6T\" style=\"font-size: 16px;\" tabindex=\"0\" src=\"https:\/\/ci3.googleusercontent.com\/proxy\/0rgIXiCboBmN8xEVWBdKCILF0gwBverj9QDLR27clET-X7jFr9oh1Xjd7B4IVQpPe1FvkbwfgIlzx6UdKTFNC49EC7mGdh5iA7b-f82mc98UEeWuDOuSX3tRqOTfEjxqHtBE00-XgEs87SiSyZPXsiKOKg1TlZF_ro274f8=s0-d-e1-ft#https:\/\/gallery.mailchimp.com\/a2a5cd6716c4aae4b0d1133b9\/images\/84279a05-1164-4451-85c4-863d25290a82.jpg\" width=\"1000\" height=\"1000\" \/><\/h6>\n<h6>We owe all we have as a community to these people and we have all been privileged to honor them in this way!<\/h6>\n<p><img loading=\"lazy\" decoding=\"async\" class=\"CToWUd a6T\" tabindex=\"0\" src=\"https:\/\/ci6.googleusercontent.com\/proxy\/ywTcETZjeo24zVLLFoHKbttEn0HcUO0m6l4UZJaI8HOQDi1iZSvrpK3EH4qgBrxQeegpqmYawo0vtOBRodnTCLD62MVhohAW38botrcjYLJT42HtHYksTXvJQk3woNXj6pWrP3gz1kzZPioJbTe0gy0LT5XXOKwiBvudJSo=s0-d-e1-ft#https:\/\/gallery.mailchimp.com\/a2a5cd6716c4aae4b0d1133b9\/images\/360602a1-1788-4891-adc2-cdd8c2af3b70.jpg\" width=\"1286\" height=\"474\" \/><\/p>\n<h6>This project required the collaboration of a crowd of people whom we wish to warmly thank:<\/h6>\n<h6>First and foremost, our students and their generous grandparents who got involved body and soul in this adventure.<\/h6>\n<h6>The Greek teachers of the Socrates-Demosthenes School: led by Evagelia Tsalkidou in collaboration with Eirini Tourkomanoli, Emilia Kriparakou, Theodosia Vaxevani, Frances Liontaris, Dimitris Ntomatas, Eleni Dracopoulou, Ilias Bardouniotis and Eleni Tourkochoriti.<\/h6>\n<p><img loading=\"lazy\" decoding=\"async\" class=\"CToWUd a6T\" tabindex=\"0\" src=\"https:\/\/ci3.googleusercontent.com\/proxy\/YPj-ZLARuNZ1NPgARqAxgtjefCiQsyvFHeFTiqH6TcZD34zChWiUcPFtYOb9Hw7FK_Cuig--r3i8GnHQ0cDyy7Dihkz5GjFGIUzmImoBtLaLaZJgRTjzGOXBYb4TAGgzKQ3W1VSNhEvx2Ee5KlySAglj1lN1PfNuMYO-gLg=s0-d-e1-ft#https:\/\/gallery.mailchimp.com\/a2a5cd6716c4aae4b0d1133b9\/images\/f59c7bd3-f1c2-4ef5-af8b-d8364a9cc54f.jpg\" width=\"1142\" height=\"639\" \/><\/p>\n<h6>The team from McGill University, including Tassos Anastassiadis, Alexandra Siotou and Caroline Boreham. The latter also acted as mistress of ceremonies during the event.<\/h6>\n<h6>School directors: Georgia Tsakalis, Chris Filandrianos, Diane Trudel, Ghislaine Langlois and Chris Katiforis.<\/h6>\n<h6>The artists: Peter Plarinos, pianist, Kosta Kalavriziotis video producer, Mediterannean Music, as well as our favorite photographer, Harry Babaroutsis.<\/h6>\n<h6>And, to conclude, our computer expert, Jean-Fran\u00e7ois Brunet and the conductor of the event: Maria Roussis.<\/h6>\n<hr \/>\n<h6><img loading=\"lazy\" decoding=\"async\" class=\"CToWUd a6T\" tabindex=\"0\" src=\"https:\/\/ci5.googleusercontent.com\/proxy\/FbtCOBs4_7FOIBrR21c9xb6SmBak2GtvvD-Dalx2tM0taK1xvsewiQCWlftthNUCovw73eOP0rT9DtjhZyYcgMGhYeZd61-2qM6_lBy8NnEEpA4yd-0FUMqTYuClQlcPw8BH7sDiGQN9WzLw1yUjSXM-q24Pka-0wDkRg3M=s0-d-e1-ft#https:\/\/gallery.mailchimp.com\/a2a5cd6716c4aae4b0d1133b9\/images\/8fc2ee52-9fbf-41b8-9b59-adb241b8033b.jpg\" width=\"988\" height=\"477\" \/><\/h6>\n<div>\n<hr \/>\n<div><strong>The Director General&#8217;s speech<\/strong><\/div>\n<div><\/div>\n<div><img loading=\"lazy\" decoding=\"async\" class=\"CToWUd a6T\" tabindex=\"0\" src=\"https:\/\/ci6.googleusercontent.com\/proxy\/hebHMwWBBspxcxKc70vbP3yZvItKTWevUsEVF4zvyR22vUnoX4WHR6eKzuwYq5om4nk9c9svLBi6yfMUtki-AwbBK5ShabKx36GzuH0U82Yr4CgIStN5pYH-daQjKlEJXRNZFM4aS3gQpNBxMsZprOJAtBhfje9diWp0jb8zxzare_E=s0-d-e1-ft#https:\/\/gallery.mailchimp.com\/a2a5cd6716c4aae4b0d1133b9\/_compresseds\/1ebe4552-06ee-467b-bcc4-92aa83ef36df.jpg\" width=\"777\" height=\"516\" \/><\/div>\n<div><\/div>\n<div>\n<h6>The Director General of the Socrates-Demosthenes School opened the evening with a well-felt speech that we reproduce here:<\/h6>\n<h6><em>Chers invit\u00e9s distingu\u00e9s, chers amis, chers coll\u00e8gues et, surtout, chers \u00e9l\u00e8ves.<\/em><\/h6>\n<\/div>\n<h6><em>Bienvenue \u00e0 la pr\u00e9sentation du projet Immigrec, une r\u00e9alisation tout \u00e0 fait sp\u00e9ciale de l\u2019\u00c9cole Socrates-D\u00e9mosth\u00e8ne de la Communaut\u00e9 hell\u00e9nique du Grand Montr\u00e9al et de l\u2019Universit\u00e9 McGill.<\/em><\/h6>\n<p>\u03a5\u03c0\u03ac\u03c1\u03c7\u03b5\u03b9 \u03ad\u03bd\u03b1 \u03c1\u03b7\u03c4\u03cc \u03c0\u03bf\u03c5 \u03bb\u03ad\u03b5\u03b9: \u00ab \u0393\u03b9\u03b1 \u03bd\u03b1 \u03c0\u03ac\u03b5\u03b9 \u03ba\u03ac\u03c0\u03bf\u03b9\u03bf\u03c2 \u03bc\u03c0\u03c1\u03bf\u03c3\u03c4\u03ac \u03c0\u03c1\u03ad\u03c0\u03b5\u03b9 \u03bd\u03b1 \u03be\u03ad\u03c1\u03b5\u03b9 \u03b1\u03c0\u03cc \u03c0\u03bf\u03c5 \u03c0\u03c1\u03bf\u03ad\u03c1\u03c7\u03b5\u03c4\u03b1\u03b9 \u00bb.<\/p>\n<h6><em>The collaborative effort involving our third-generation students and their grandparents, under the guidance and leadership of McGill University\u2019s Greek Studies Department exemplifies this principle.<\/em><\/h6>\n<h6>Aristote a un jour dit : \u00ab \u00a0Savoir, c\u2019est se souvenir. \u00bb L\u2019\u00c9cole Socrates-D\u00e9mosth\u00e8ne existe pour semer et faire cro\u00eetre le savoir dans la vie de ses \u00e9l\u00e8ves. Immigrec a permis \u00e0 ceux-ci d\u2019acqu\u00e9rir un autre savoir par les souvenirs de leurs yiayias et de leurs papous. Les enfants ont ainsi d\u00e9couvert avec fascination comment l\u2019Histoire du monde commence, \u00e0 la base, par l\u2019histoire des individus formant leurs familles.<\/h6>\n<h6>L\u2019\u00c9cole et le projet se sont compl\u00e9t\u00e9s \u00e0 merveille, mettant en lumi\u00e8re l\u2019importance de l\u2019histoire de toutes ces personnes immigrantes qui ont jou\u00e9 un r\u00f4le notable dans la vie de la communaut\u00e9 grecque et dans l\u2019\u00e9volution de Montr\u00e9al et du Qu\u00e9bec.<\/h6>\n<h6>C\u2019est dans cet esprit que nous avons d\u00e9cid\u00e9 de modifier d\u00e8s que possible notre programme grec de 5e ann\u00e9e afin d\u2019y inclure un volet sur l\u2019histoire des immigrants grecs au Qu\u00e9bec. Il s\u2019agit l\u00e0 de l\u2019un des nombreux r\u00e9sultats d\u2019un projet comme Immigrec.<\/h6>\n<h6>As a result of this project, our Greek Program will forever be enriched as it will include Greek History in Qu\u00e9bec. And Greek History in Qu\u00e9bec will finally be archived for future generations to appreciate.<\/h6>\n<h6>Et maintenant, place aux jeunes!<\/h6>\n<p><img loading=\"lazy\" decoding=\"async\" class=\"CToWUd a6T\" tabindex=\"0\" src=\"https:\/\/ci3.googleusercontent.com\/proxy\/BJxUvll8RfNR15IXKWpwDLrzDYnuPXcEbX6e0BaFSbMkpYVFweRehFkb7JptWjnmSqHlBLHqIL_nvhRADQI4c5y0pLwYNoVpk4Z-0clT2LWucCE-70N9Pg9840RzKB6jDpeh1YKMgg4mcMk77tcDBZ4wnp1ZJHFVfB0ShR4=s0-d-e1-ft#https:\/\/gallery.mailchimp.com\/a2a5cd6716c4aae4b0d1133b9\/images\/85bfe7d5-048b-4c0f-8da7-c04bd3b6fd16.jpg\" width=\"999\" height=\"407\" \/><\/p>\n<\/div>\n","protected":false},"excerpt":{"rendered":"<p>The Immigrec project fascinated our yiayias and papous. The May 24th presentation of the Immigrec project will undoubtedly go down in history as one of the most important and moving&#8230;<\/p>\n","protected":false},"author":23,"featured_media":23316,"comment_status":"closed","ping_status":"closed","sticky":false,"template":"","format":"standard","meta":{"_monsterinsights_skip_tracking":false,"_monsterinsights_sitenote_active":false,"_monsterinsights_sitenote_note":"","_monsterinsights_sitenote_category":0,"footnotes":""},"categories":[93,94,95,96,97,87],"tags":[],"class_list":{"0":"post-23323","1":"post","2":"type-post","3":"status-publish","4":"format-standard","5":"has-post-thumbnail","7":"category-nea-2","8":"category-nea-3","9":"category-nea-4","10":"category-nea-5","11":"category-nea-demosthene","12":"category-news-and-activities-greek"},"yoast_head":"<!-- This site is optimized with the Yoast SEO plugin v27.5 - https:\/\/yoast.com\/product\/yoast-seo-wordpress\/ -->\n<title>\u03a4\u03bf \u03ad\u03c1\u03b3\u03bf Immigrec - \u0394\u03b7\u03bc\u03bf\u03c4\u03b9\u03ba\u03cc \u03c3\u03c7\u03bf\u03bb\u03b5\u03af\u03bf \u03a3\u03c9\u03ba\u03c1\u03ac\u03c4\u03b7\u03c2 \u03ba\u03b1\u03b9 \u0394\u03b7\u03bc\u03bf\u03c3\u03b8\u03ad\u03bd\u03b7\u03c2<\/title>\n<meta name=\"robots\" content=\"index, follow, max-snippet:-1, max-image-preview:large, max-video-preview:-1\" \/>\n<link rel=\"canonical\" href=\"https:\/\/www.socdem.org\/el\/\u03c4\u03bf-\u03ad\u03c1\u03b3\u03bf-immigrec\/\" \/>\n<meta property=\"og:locale\" content=\"el_GR\" \/>\n<meta property=\"og:type\" content=\"article\" \/>\n<meta property=\"og:title\" content=\"\u03a4\u03bf \u03ad\u03c1\u03b3\u03bf Immigrec - \u0394\u03b7\u03bc\u03bf\u03c4\u03b9\u03ba\u03cc \u03c3\u03c7\u03bf\u03bb\u03b5\u03af\u03bf \u03a3\u03c9\u03ba\u03c1\u03ac\u03c4\u03b7\u03c2 \u03ba\u03b1\u03b9 \u0394\u03b7\u03bc\u03bf\u03c3\u03b8\u03ad\u03bd\u03b7\u03c2\" \/>\n<meta property=\"og:description\" content=\"The Immigrec project fascinated our yiayias and papous. The May 24th presentation of the Immigrec project will undoubtedly go down in history as one of the most important and moving...\" \/>\n<meta property=\"og:url\" content=\"https:\/\/www.socdem.org\/el\/\u03c4\u03bf-\u03ad\u03c1\u03b3\u03bf-immigrec\/\" \/>\n<meta property=\"og:site_name\" content=\"\u0394\u03b7\u03bc\u03bf\u03c4\u03b9\u03ba\u03cc \u03c3\u03c7\u03bf\u03bb\u03b5\u03af\u03bf \u03a3\u03c9\u03ba\u03c1\u03ac\u03c4\u03b7\u03c2 \u03ba\u03b1\u03b9 \u0394\u03b7\u03bc\u03bf\u03c3\u03b8\u03ad\u03bd\u03b7\u03c2\" \/>\n<meta property=\"article:publisher\" content=\"https:\/\/www.facebook.com\/TheHCGM\/\" \/>\n<meta property=\"article:published_time\" content=\"2018-06-04T19:50:50+00:00\" \/>\n<meta property=\"og:image\" content=\"https:\/\/www.socdem.org\/wp-content\/uploads\/2018\/06\/immigrec-2018.jpg\" \/>\n\t<meta property=\"og:image:width\" content=\"1119\" \/>\n\t<meta property=\"og:image:height\" content=\"1106\" \/>\n\t<meta property=\"og:image:type\" content=\"image\/jpeg\" \/>\n<meta name=\"author\" content=\"avournias\" \/>\n<meta name=\"twitter:card\" content=\"summary_large_image\" \/>\n<meta name=\"twitter:label1\" content=\"\u03a3\u03c5\u03bd\u03c4\u03ac\u03c7\u03b8\u03b7\u03ba\u03b5 \u03b1\u03c0\u03cc\" \/>\n\t<meta name=\"twitter:data1\" content=\"avournias\" \/>\n\t<meta name=\"twitter:label2\" content=\"\u0395\u03ba\u03c4\u03b9\u03bc\u03ce\u03bc\u03b5\u03bd\u03bf\u03c2 \u03c7\u03c1\u03cc\u03bd\u03bf\u03c2 \u03b1\u03bd\u03ac\u03b3\u03bd\u03c9\u03c3\u03b7\u03c2\" \/>\n\t<meta name=\"twitter:data2\" content=\"4 \u03bb\u03b5\u03c0\u03c4\u03ac\" \/>\n<script type=\"application\/ld+json\" class=\"yoast-schema-graph\">{\"@context\":\"https:\\\/\\\/schema.org\",\"@graph\":[{\"@type\":\"Article\",\"@id\":\"https:\\\/\\\/www.socdem.org\\\/el\\\/%cf%84%ce%bf-%ce%ad%cf%81%ce%b3%ce%bf-immigrec\\\/#article\",\"isPartOf\":{\"@id\":\"https:\\\/\\\/www.socdem.org\\\/el\\\/%cf%84%ce%bf-%ce%ad%cf%81%ce%b3%ce%bf-immigrec\\\/\"},\"author\":{\"name\":\"avournias\",\"@id\":\"https:\\\/\\\/www.socdem.org\\\/el\\\/#\\\/schema\\\/person\\\/3d4208f100317a6251846d5d4fcb6e6f\"},\"headline\":\"\u03a4\u03bf \u03ad\u03c1\u03b3\u03bf Immigrec\",\"datePublished\":\"2018-06-04T19:50:50+00:00\",\"mainEntityOfPage\":{\"@id\":\"https:\\\/\\\/www.socdem.org\\\/el\\\/%cf%84%ce%bf-%ce%ad%cf%81%ce%b3%ce%bf-immigrec\\\/\"},\"wordCount\":850,\"publisher\":{\"@id\":\"https:\\\/\\\/www.socdem.org\\\/el\\\/#organization\"},\"image\":{\"@id\":\"https:\\\/\\\/www.socdem.org\\\/el\\\/%cf%84%ce%bf-%ce%ad%cf%81%ce%b3%ce%bf-immigrec\\\/#primaryimage\"},\"thumbnailUrl\":\"https:\\\/\\\/www.socdem.org\\\/wp-content\\\/uploads\\\/2018\\\/06\\\/immigrec-2018.jpg\",\"articleSection\":[\"Nea 2\",\"Nea 3\",\"Nea 4\",\"Nea 5\",\"Nea demosthene\",\"News and activities greek\"],\"inLanguage\":\"el\"},{\"@type\":\"WebPage\",\"@id\":\"https:\\\/\\\/www.socdem.org\\\/el\\\/%cf%84%ce%bf-%ce%ad%cf%81%ce%b3%ce%bf-immigrec\\\/\",\"url\":\"https:\\\/\\\/www.socdem.org\\\/el\\\/%cf%84%ce%bf-%ce%ad%cf%81%ce%b3%ce%bf-immigrec\\\/\",\"name\":\"\u03a4\u03bf \u03ad\u03c1\u03b3\u03bf Immigrec - \u0394\u03b7\u03bc\u03bf\u03c4\u03b9\u03ba\u03cc \u03c3\u03c7\u03bf\u03bb\u03b5\u03af\u03bf \u03a3\u03c9\u03ba\u03c1\u03ac\u03c4\u03b7\u03c2 \u03ba\u03b1\u03b9 \u0394\u03b7\u03bc\u03bf\u03c3\u03b8\u03ad\u03bd\u03b7\u03c2\",\"isPartOf\":{\"@id\":\"https:\\\/\\\/www.socdem.org\\\/el\\\/#website\"},\"primaryImageOfPage\":{\"@id\":\"https:\\\/\\\/www.socdem.org\\\/el\\\/%cf%84%ce%bf-%ce%ad%cf%81%ce%b3%ce%bf-immigrec\\\/#primaryimage\"},\"image\":{\"@id\":\"https:\\\/\\\/www.socdem.org\\\/el\\\/%cf%84%ce%bf-%ce%ad%cf%81%ce%b3%ce%bf-immigrec\\\/#primaryimage\"},\"thumbnailUrl\":\"https:\\\/\\\/www.socdem.org\\\/wp-content\\\/uploads\\\/2018\\\/06\\\/immigrec-2018.jpg\",\"datePublished\":\"2018-06-04T19:50:50+00:00\",\"breadcrumb\":{\"@id\":\"https:\\\/\\\/www.socdem.org\\\/el\\\/%cf%84%ce%bf-%ce%ad%cf%81%ce%b3%ce%bf-immigrec\\\/#breadcrumb\"},\"inLanguage\":\"el\",\"potentialAction\":[{\"@type\":\"ReadAction\",\"target\":[\"https:\\\/\\\/www.socdem.org\\\/el\\\/%cf%84%ce%bf-%ce%ad%cf%81%ce%b3%ce%bf-immigrec\\\/\"]}]},{\"@type\":\"ImageObject\",\"inLanguage\":\"el\",\"@id\":\"https:\\\/\\\/www.socdem.org\\\/el\\\/%cf%84%ce%bf-%ce%ad%cf%81%ce%b3%ce%bf-immigrec\\\/#primaryimage\",\"url\":\"https:\\\/\\\/www.socdem.org\\\/wp-content\\\/uploads\\\/2018\\\/06\\\/immigrec-2018.jpg\",\"contentUrl\":\"https:\\\/\\\/www.socdem.org\\\/wp-content\\\/uploads\\\/2018\\\/06\\\/immigrec-2018.jpg\",\"width\":1119,\"height\":1106},{\"@type\":\"BreadcrumbList\",\"@id\":\"https:\\\/\\\/www.socdem.org\\\/el\\\/%cf%84%ce%bf-%ce%ad%cf%81%ce%b3%ce%bf-immigrec\\\/#breadcrumb\",\"itemListElement\":[{\"@type\":\"ListItem\",\"position\":1,\"name\":\"Accueil\",\"item\":\"https:\\\/\\\/www.socdem.org\\\/el\\\/\"},{\"@type\":\"ListItem\",\"position\":2,\"name\":\"\u03a4\u03bf \u03ad\u03c1\u03b3\u03bf Immigrec\"}]},{\"@type\":\"WebSite\",\"@id\":\"https:\\\/\\\/www.socdem.org\\\/el\\\/#website\",\"url\":\"https:\\\/\\\/www.socdem.org\\\/el\\\/\",\"name\":\"\u00c9cole Socrates-D\u00e9mosth\u00e8ne\",\"description\":\"\u03a0\u03ad\u03bd\u03c4\u03b5 \u03c4\u03c1\u03af\u03b3\u03bb\u03c9\u03c3\u03c3\u03b1 \u03b5\u03bb\u03bb\u03b7\u03bd\u03b9\u03ba\u03ac \u03b4\u03b7\u03bc\u03bf\u03c4\u03b9\u03ba\u03ac \u03c3\u03c7\u03bf\u03bb\u03b5\u03af\u03b1 \u03c4\u03bf\u03c5 \u039c\u03b5\u03b3\u03b1\u03bb\u03cd\u03c4\u03b5\u03c1\u03bf\u03c5 \u039c\u03bf\u03bd\u03c4\u03c1\u03b5\u03ac\u03bb\",\"publisher\":{\"@id\":\"https:\\\/\\\/www.socdem.org\\\/el\\\/#organization\"},\"potentialAction\":[{\"@type\":\"SearchAction\",\"target\":{\"@type\":\"EntryPoint\",\"urlTemplate\":\"https:\\\/\\\/www.socdem.org\\\/el\\\/?s={search_term_string}\"},\"query-input\":{\"@type\":\"PropertyValueSpecification\",\"valueRequired\":true,\"valueName\":\"search_term_string\"}}],\"inLanguage\":\"el\"},{\"@type\":\"Organization\",\"@id\":\"https:\\\/\\\/www.socdem.org\\\/el\\\/#organization\",\"name\":\"\u00c9cole Socrates-D\u00e9mosth\u00e8ne\",\"url\":\"https:\\\/\\\/www.socdem.org\\\/el\\\/\",\"logo\":{\"@type\":\"ImageObject\",\"inLanguage\":\"el\",\"@id\":\"https:\\\/\\\/www.socdem.org\\\/el\\\/#\\\/schema\\\/logo\\\/image\\\/\",\"url\":\"https:\\\/\\\/www.socdem.org\\\/wp-content\\\/uploads\\\/2014\\\/03\\\/SOC-DEM-LOGO-NAME.jpg\",\"contentUrl\":\"https:\\\/\\\/www.socdem.org\\\/wp-content\\\/uploads\\\/2014\\\/03\\\/SOC-DEM-LOGO-NAME.jpg\",\"width\":\"8485\",\"height\":\"4200\",\"caption\":\"\u00c9cole Socrates-D\u00e9mosth\u00e8ne\"},\"image\":{\"@id\":\"https:\\\/\\\/www.socdem.org\\\/el\\\/#\\\/schema\\\/logo\\\/image\\\/\"},\"sameAs\":[\"https:\\\/\\\/www.facebook.com\\\/TheHCGM\\\/\",\"https:\\\/\\\/www.instagram.com\\\/p\\\/BnE965PhJU7\\\/?hl=en\"]},{\"@type\":\"Person\",\"@id\":\"https:\\\/\\\/www.socdem.org\\\/el\\\/#\\\/schema\\\/person\\\/3d4208f100317a6251846d5d4fcb6e6f\",\"name\":\"avournias\",\"image\":{\"@type\":\"ImageObject\",\"inLanguage\":\"el\",\"@id\":\"https:\\\/\\\/secure.gravatar.com\\\/avatar\\\/e44d940614c28c716a6912b81868ef19a508fe61c65c7dbdb4825236cbaa5364?s=96&d=mm&r=g\",\"url\":\"https:\\\/\\\/secure.gravatar.com\\\/avatar\\\/e44d940614c28c716a6912b81868ef19a508fe61c65c7dbdb4825236cbaa5364?s=96&d=mm&r=g\",\"contentUrl\":\"https:\\\/\\\/secure.gravatar.com\\\/avatar\\\/e44d940614c28c716a6912b81868ef19a508fe61c65c7dbdb4825236cbaa5364?s=96&d=mm&r=g\",\"caption\":\"avournias\"},\"sameAs\":[\"http:\\\/\\\/socdem.wpengine.com\"],\"url\":\"https:\\\/\\\/www.socdem.org\\\/el\\\/author\\\/avournias\\\/\"}]}<\/script>\n<!-- \/ Yoast SEO plugin. -->","yoast_head_json":{"title":"\u03a4\u03bf \u03ad\u03c1\u03b3\u03bf Immigrec - \u0394\u03b7\u03bc\u03bf\u03c4\u03b9\u03ba\u03cc \u03c3\u03c7\u03bf\u03bb\u03b5\u03af\u03bf \u03a3\u03c9\u03ba\u03c1\u03ac\u03c4\u03b7\u03c2 \u03ba\u03b1\u03b9 \u0394\u03b7\u03bc\u03bf\u03c3\u03b8\u03ad\u03bd\u03b7\u03c2","robots":{"index":"index","follow":"follow","max-snippet":"max-snippet:-1","max-image-preview":"max-image-preview:large","max-video-preview":"max-video-preview:-1"},"canonical":"https:\/\/www.socdem.org\/el\/\u03c4\u03bf-\u03ad\u03c1\u03b3\u03bf-immigrec\/","og_locale":"el_GR","og_type":"article","og_title":"\u03a4\u03bf \u03ad\u03c1\u03b3\u03bf Immigrec - \u0394\u03b7\u03bc\u03bf\u03c4\u03b9\u03ba\u03cc \u03c3\u03c7\u03bf\u03bb\u03b5\u03af\u03bf \u03a3\u03c9\u03ba\u03c1\u03ac\u03c4\u03b7\u03c2 \u03ba\u03b1\u03b9 \u0394\u03b7\u03bc\u03bf\u03c3\u03b8\u03ad\u03bd\u03b7\u03c2","og_description":"The Immigrec project fascinated our yiayias and papous. The May 24th presentation of the Immigrec project will undoubtedly go down in history as one of the most important and moving...","og_url":"https:\/\/www.socdem.org\/el\/\u03c4\u03bf-\u03ad\u03c1\u03b3\u03bf-immigrec\/","og_site_name":"\u0394\u03b7\u03bc\u03bf\u03c4\u03b9\u03ba\u03cc \u03c3\u03c7\u03bf\u03bb\u03b5\u03af\u03bf \u03a3\u03c9\u03ba\u03c1\u03ac\u03c4\u03b7\u03c2 \u03ba\u03b1\u03b9 \u0394\u03b7\u03bc\u03bf\u03c3\u03b8\u03ad\u03bd\u03b7\u03c2","article_publisher":"https:\/\/www.facebook.com\/TheHCGM\/","article_published_time":"2018-06-04T19:50:50+00:00","og_image":[{"width":1119,"height":1106,"url":"https:\/\/www.socdem.org\/wp-content\/uploads\/2018\/06\/immigrec-2018.jpg","type":"image\/jpeg"}],"author":"avournias","twitter_card":"summary_large_image","twitter_misc":{"\u03a3\u03c5\u03bd\u03c4\u03ac\u03c7\u03b8\u03b7\u03ba\u03b5 \u03b1\u03c0\u03cc":"avournias","\u0395\u03ba\u03c4\u03b9\u03bc\u03ce\u03bc\u03b5\u03bd\u03bf\u03c2 \u03c7\u03c1\u03cc\u03bd\u03bf\u03c2 \u03b1\u03bd\u03ac\u03b3\u03bd\u03c9\u03c3\u03b7\u03c2":"4 \u03bb\u03b5\u03c0\u03c4\u03ac"},"schema":{"@context":"https:\/\/schema.org","@graph":[{"@type":"Article","@id":"https:\/\/www.socdem.org\/el\/%cf%84%ce%bf-%ce%ad%cf%81%ce%b3%ce%bf-immigrec\/#article","isPartOf":{"@id":"https:\/\/www.socdem.org\/el\/%cf%84%ce%bf-%ce%ad%cf%81%ce%b3%ce%bf-immigrec\/"},"author":{"name":"avournias","@id":"https:\/\/www.socdem.org\/el\/#\/schema\/person\/3d4208f100317a6251846d5d4fcb6e6f"},"headline":"\u03a4\u03bf \u03ad\u03c1\u03b3\u03bf Immigrec","datePublished":"2018-06-04T19:50:50+00:00","mainEntityOfPage":{"@id":"https:\/\/www.socdem.org\/el\/%cf%84%ce%bf-%ce%ad%cf%81%ce%b3%ce%bf-immigrec\/"},"wordCount":850,"publisher":{"@id":"https:\/\/www.socdem.org\/el\/#organization"},"image":{"@id":"https:\/\/www.socdem.org\/el\/%cf%84%ce%bf-%ce%ad%cf%81%ce%b3%ce%bf-immigrec\/#primaryimage"},"thumbnailUrl":"https:\/\/www.socdem.org\/wp-content\/uploads\/2018\/06\/immigrec-2018.jpg","articleSection":["Nea 2","Nea 3","Nea 4","Nea 5","Nea demosthene","News and activities greek"],"inLanguage":"el"},{"@type":"WebPage","@id":"https:\/\/www.socdem.org\/el\/%cf%84%ce%bf-%ce%ad%cf%81%ce%b3%ce%bf-immigrec\/","url":"https:\/\/www.socdem.org\/el\/%cf%84%ce%bf-%ce%ad%cf%81%ce%b3%ce%bf-immigrec\/","name":"\u03a4\u03bf \u03ad\u03c1\u03b3\u03bf Immigrec - \u0394\u03b7\u03bc\u03bf\u03c4\u03b9\u03ba\u03cc \u03c3\u03c7\u03bf\u03bb\u03b5\u03af\u03bf \u03a3\u03c9\u03ba\u03c1\u03ac\u03c4\u03b7\u03c2 \u03ba\u03b1\u03b9 \u0394\u03b7\u03bc\u03bf\u03c3\u03b8\u03ad\u03bd\u03b7\u03c2","isPartOf":{"@id":"https:\/\/www.socdem.org\/el\/#website"},"primaryImageOfPage":{"@id":"https:\/\/www.socdem.org\/el\/%cf%84%ce%bf-%ce%ad%cf%81%ce%b3%ce%bf-immigrec\/#primaryimage"},"image":{"@id":"https:\/\/www.socdem.org\/el\/%cf%84%ce%bf-%ce%ad%cf%81%ce%b3%ce%bf-immigrec\/#primaryimage"},"thumbnailUrl":"https:\/\/www.socdem.org\/wp-content\/uploads\/2018\/06\/immigrec-2018.jpg","datePublished":"2018-06-04T19:50:50+00:00","breadcrumb":{"@id":"https:\/\/www.socdem.org\/el\/%cf%84%ce%bf-%ce%ad%cf%81%ce%b3%ce%bf-immigrec\/#breadcrumb"},"inLanguage":"el","potentialAction":[{"@type":"ReadAction","target":["https:\/\/www.socdem.org\/el\/%cf%84%ce%bf-%ce%ad%cf%81%ce%b3%ce%bf-immigrec\/"]}]},{"@type":"ImageObject","inLanguage":"el","@id":"https:\/\/www.socdem.org\/el\/%cf%84%ce%bf-%ce%ad%cf%81%ce%b3%ce%bf-immigrec\/#primaryimage","url":"https:\/\/www.socdem.org\/wp-content\/uploads\/2018\/06\/immigrec-2018.jpg","contentUrl":"https:\/\/www.socdem.org\/wp-content\/uploads\/2018\/06\/immigrec-2018.jpg","width":1119,"height":1106},{"@type":"BreadcrumbList","@id":"https:\/\/www.socdem.org\/el\/%cf%84%ce%bf-%ce%ad%cf%81%ce%b3%ce%bf-immigrec\/#breadcrumb","itemListElement":[{"@type":"ListItem","position":1,"name":"Accueil","item":"https:\/\/www.socdem.org\/el\/"},{"@type":"ListItem","position":2,"name":"\u03a4\u03bf \u03ad\u03c1\u03b3\u03bf Immigrec"}]},{"@type":"WebSite","@id":"https:\/\/www.socdem.org\/el\/#website","url":"https:\/\/www.socdem.org\/el\/","name":"\u00c9cole Socrates-D\u00e9mosth\u00e8ne","description":"\u03a0\u03ad\u03bd\u03c4\u03b5 \u03c4\u03c1\u03af\u03b3\u03bb\u03c9\u03c3\u03c3\u03b1 \u03b5\u03bb\u03bb\u03b7\u03bd\u03b9\u03ba\u03ac \u03b4\u03b7\u03bc\u03bf\u03c4\u03b9\u03ba\u03ac \u03c3\u03c7\u03bf\u03bb\u03b5\u03af\u03b1 \u03c4\u03bf\u03c5 \u039c\u03b5\u03b3\u03b1\u03bb\u03cd\u03c4\u03b5\u03c1\u03bf\u03c5 \u039c\u03bf\u03bd\u03c4\u03c1\u03b5\u03ac\u03bb","publisher":{"@id":"https:\/\/www.socdem.org\/el\/#organization"},"potentialAction":[{"@type":"SearchAction","target":{"@type":"EntryPoint","urlTemplate":"https:\/\/www.socdem.org\/el\/?s={search_term_string}"},"query-input":{"@type":"PropertyValueSpecification","valueRequired":true,"valueName":"search_term_string"}}],"inLanguage":"el"},{"@type":"Organization","@id":"https:\/\/www.socdem.org\/el\/#organization","name":"\u00c9cole Socrates-D\u00e9mosth\u00e8ne","url":"https:\/\/www.socdem.org\/el\/","logo":{"@type":"ImageObject","inLanguage":"el","@id":"https:\/\/www.socdem.org\/el\/#\/schema\/logo\/image\/","url":"https:\/\/www.socdem.org\/wp-content\/uploads\/2014\/03\/SOC-DEM-LOGO-NAME.jpg","contentUrl":"https:\/\/www.socdem.org\/wp-content\/uploads\/2014\/03\/SOC-DEM-LOGO-NAME.jpg","width":"8485","height":"4200","caption":"\u00c9cole Socrates-D\u00e9mosth\u00e8ne"},"image":{"@id":"https:\/\/www.socdem.org\/el\/#\/schema\/logo\/image\/"},"sameAs":["https:\/\/www.facebook.com\/TheHCGM\/","https:\/\/www.instagram.com\/p\/BnE965PhJU7\/?hl=en"]},{"@type":"Person","@id":"https:\/\/www.socdem.org\/el\/#\/schema\/person\/3d4208f100317a6251846d5d4fcb6e6f","name":"avournias","image":{"@type":"ImageObject","inLanguage":"el","@id":"https:\/\/secure.gravatar.com\/avatar\/e44d940614c28c716a6912b81868ef19a508fe61c65c7dbdb4825236cbaa5364?s=96&d=mm&r=g","url":"https:\/\/secure.gravatar.com\/avatar\/e44d940614c28c716a6912b81868ef19a508fe61c65c7dbdb4825236cbaa5364?s=96&d=mm&r=g","contentUrl":"https:\/\/secure.gravatar.com\/avatar\/e44d940614c28c716a6912b81868ef19a508fe61c65c7dbdb4825236cbaa5364?s=96&d=mm&r=g","caption":"avournias"},"sameAs":["http:\/\/socdem.wpengine.com"],"url":"https:\/\/www.socdem.org\/el\/author\/avournias\/"}]}},"_links":{"self":[{"href":"https:\/\/www.socdem.org\/el\/wp-json\/wp\/v2\/posts\/23323","targetHints":{"allow":["GET"]}}],"collection":[{"href":"https:\/\/www.socdem.org\/el\/wp-json\/wp\/v2\/posts"}],"about":[{"href":"https:\/\/www.socdem.org\/el\/wp-json\/wp\/v2\/types\/post"}],"author":[{"embeddable":true,"href":"https:\/\/www.socdem.org\/el\/wp-json\/wp\/v2\/users\/23"}],"replies":[{"embeddable":true,"href":"https:\/\/www.socdem.org\/el\/wp-json\/wp\/v2\/comments?post=23323"}],"version-history":[{"count":0,"href":"https:\/\/www.socdem.org\/el\/wp-json\/wp\/v2\/posts\/23323\/revisions"}],"wp:featuredmedia":[{"embeddable":true,"href":"https:\/\/www.socdem.org\/el\/wp-json\/wp\/v2\/media\/23316"}],"wp:attachment":[{"href":"https:\/\/www.socdem.org\/el\/wp-json\/wp\/v2\/media?parent=23323"}],"wp:term":[{"taxonomy":"category","embeddable":true,"href":"https:\/\/www.socdem.org\/el\/wp-json\/wp\/v2\/categories?post=23323"},{"taxonomy":"post_tag","embeddable":true,"href":"https:\/\/www.socdem.org\/el\/wp-json\/wp\/v2\/tags?post=23323"}],"curies":[{"name":"wp","href":"https:\/\/api.w.org\/{rel}","templated":true}]}}