{"id":32466,"date":"2022-06-30T11:07:01","date_gmt":"2022-06-30T15:07:01","guid":{"rendered":"https:\/\/www.socdem.org\/?p=32466"},"modified":"2022-06-30T11:07:01","modified_gmt":"2022-06-30T15:07:01","slug":"%ce%bc%ce%b9%ce%b1-%cf%85%cf%80%ce%ad%cf%81%ce%bf%cf%87%ce%b7-%cf%84%ce%b5%ce%bb%ce%b5%cf%84%ce%ae-%ce%b1%cf%80%ce%bf%cf%86%ce%bf%ce%af%cf%84%ce%b7%cf%83%ce%b7%cf%82-2022","status":"publish","type":"post","link":"https:\/\/www.socdem.org\/el\/%ce%bc%ce%b9%ce%b1-%cf%85%cf%80%ce%ad%cf%81%ce%bf%cf%87%ce%b7-%cf%84%ce%b5%ce%bb%ce%b5%cf%84%ce%ae-%ce%b1%cf%80%ce%bf%cf%86%ce%bf%ce%af%cf%84%ce%b7%cf%83%ce%b7%cf%82-2022\/","title":{"rendered":"\u039c\u03b9\u03b1 \u03c5\u03c0\u03ad\u03c1\u03bf\u03c7\u03b7 \u03c4\u03b5\u03bb\u03b5\u03c4\u03ae \u03b1\u03c0\u03bf\u03c6\u03bf\u03af\u03c4\u03b7\u03c3\u03b7\u03c2 2022!"},"content":{"rendered":"<div>\n<p>On Thursday, June 16th, 2022, the graduation ceremony of the \u00c9cole Socrates-D\u00e9mosth\u00e8ne of the Hellenic Community of Greater Montreal (HCGM) took place at the Centre des Congr\u00e8s Palace in Laval. The graduates concluded an important milestone in their young lives by receiving their diplomas during a moving ceremony that they will remember for a long time.<\/p>\n<p>We would like to congratulate them all, and wish them the best of luck in secondary school, where we are certain that they will be excellent ambassadors for Socrates-D\u00e9mosth\u00e8ne.<\/p>\n<\/div>\n<div><img loading=\"lazy\" decoding=\"async\" class=\"CToWUd a6T\" tabindex=\"0\" src=\"https:\/\/ci4.googleusercontent.com\/proxy\/jhqle3d6XXy4kU5DQ7NgU9YMMb0MGLIDiRB6BIuNFbM9j_ZalIYdX8HFgGcUR35DF9qZJaX5YsQwC9Fsozp-xeNxMheLW0Ub_FM5G4RXgW3lp0bdWOMjYZL4BNeixuURStMMuMy4v2pJKHkdRuFa5x4n9w6rww=s0-d-e1-ft#https:\/\/mcusercontent.com\/a2a5cd6716c4aae4b0d1133b9\/images\/d294206e-333b-2fc7-f335-d23627fb3902.jpg\" width=\"1551\" height=\"800\" \/><\/div>\n<div>\n<p>It was an emotional event, a celebration of the knowledge, efforts and achievements of \u00c9cole Socrates-D\u00e9mosth\u00e8ne&#8217;s 150 remarkable students and their dedicated teachers. Our proud students wearing their blue gowns walked the stage to receive their diplomas. More than 1000 people, parents, grandparents, friends and family, were there to support them and honor their success.<\/p>\n<p>The event began with a prayer from Bishop Iakovos. Then the excellent master of ceremonies, Christos Filandrianos (director of Socrates III), presented in turn the secretary for education of the HCGM, Tassia Tsaousis, the director general, Chris Adamopoulos as well as the directors of the campuses: Georgia Tsakalis of Socrates II, Genevi\u00e8ve Cloutier and Diane Trudel of Socrates IV, Lison Thibault of Socrates V, Mary Kanellopoulos and Sophie Boucher of Demosthenes.<\/p>\n<p>Then followed the reading of the compositions by Evangelia Polyhronopoulos of Socrates II in French and Elias Voutselas of Socrates III who did the same in Greek.<\/p>\n<\/div>\n<div><img loading=\"lazy\" decoding=\"async\" class=\"CToWUd a6T\" tabindex=\"0\" src=\"https:\/\/ci6.googleusercontent.com\/proxy\/APECPxplSGzq9a_Kw-8-gw8TwfmsnCPfTcXxpXVxG4ZzfKB9itwmsTVNAbPG0n0vIePpkrWT7iz9pyE3JaGVYfN1Xc7VVgFwtNf4Cc_1CctRKJjWv_mEhDTVCwpHsAL9i983cYccFpK93NxHvFvW2mc2N5XB6ZImQ0YTfA=s0-d-e1-ft#https:\/\/mcusercontent.com\/a2a5cd6716c4aae4b0d1133b9\/_compresseds\/0c7f827e-b3bf-5416-ca62-9ff4297ca871.jpg\" width=\"1423\" height=\"800\" \/><\/div>\n<div>\n<div><\/div>\n<div>In addition to their diplomas, several of our remarkable students received awards for excellence in the various subjects covered during the school year. Click <a href=\"https:\/\/hcgm.us5.list-manage.com\/track\/click?u=a2a5cd6716c4aae4b0d1133b9&amp;id=24d0487a9a&amp;e=7537e7a572\">here<\/a> to see the list of different prizes.<\/div>\n<div><\/div>\n<div>\n<div><img loading=\"lazy\" decoding=\"async\" class=\"CToWUd a6T\" tabindex=\"0\" src=\"https:\/\/ci4.googleusercontent.com\/proxy\/Wgo9_P2Jqxx-n7e1QihQTxdlY3cbt9jATzwoyMihrApezW7GyZLS9G2Px6zqoztd_iD1BgT1dJ4WKcxoS3wyop-diQXQVO6AWRBnGnlrhCIG8mIb7SC7uoaChPsThp-HLKg6N70geXU0IMuBons6jT7xv4oRcyWXkfQuvEU=s0-d-e1-ft#https:\/\/mcusercontent.com\/a2a5cd6716c4aae4b0d1133b9\/_compresseds\/a571d3b0-9eb0-9283-2f85-c990d109a08d.jpeg\" width=\"1200\" height=\"800\" \/><\/div>\n<div><img loading=\"lazy\" decoding=\"async\" class=\"CToWUd a6T\" tabindex=\"0\" src=\"https:\/\/ci6.googleusercontent.com\/proxy\/e4a6_aT476oEkIR7MTkRmedrSloNQAuu3mAOjoY8cKbmtVmmiYR-EtKihi0_baIAZLC6uAmUTED5oIqHV2qFTQe0K73yAvMQ0fOgA9IZBapXWRxOkyXjSQDVvZLP9bqSdGTSAxyIrcrjndRTTtiTeWCIukSxEGg2LNZCIOQ=s0-d-e1-ft#https:\/\/mcusercontent.com\/a2a5cd6716c4aae4b0d1133b9\/_compresseds\/5f66df14-4e14-51f5-8c58-ecbc69839f5b.jpeg\" width=\"1200\" height=\"800\" \/><\/div>\n<p>The honorary diploma of the Socrates-Demosthenes School, awarded annually to a person who has distinguished himself by the excellence of his work in the interest of our School, was presented this year by the Director General to Michalis Gavriilidis, Consul Outgoing General of Greece in Montreal.<\/p>\n<div><span style=\"color: #000000;\"><img loading=\"lazy\" decoding=\"async\" class=\"CToWUd a6T\" tabindex=\"0\" src=\"https:\/\/ci4.googleusercontent.com\/proxy\/oTMn3WoOLKAiVA2IOf2W2DLhHXGU-viNMUgL3qXo7yLffGr7mxdHhADo10a_jxXeZ3ZNPtrmLJ80oS_vW7TYfYJguW5qgYKVhtKmJJUnJBF9fKpXsq8A5HhgNF1qtzKKEiP_EuCWm7tpRruHYUTogwILp8ObuVsw73e59Q=s0-d-e1-ft#https:\/\/mcusercontent.com\/a2a5cd6716c4aae4b0d1133b9\/_compresseds\/31f5fc79-582d-fb42-1afe-08fdf3887d2b.jpg\" width=\"1423\" height=\"800\" \/><\/span><\/div>\n<p>Plaques and flowers of recognition were presented to the three wonderful people who are retiring after having collectively influenced generations of children at Socrates-Demosthenes School with passion and devotion: Eleni Dracopoulou, Frances Fotini Liontaris and Afrodite Batsakis.<\/p>\n<\/div>\n<div><img loading=\"lazy\" decoding=\"async\" class=\"CToWUd a6T\" tabindex=\"0\" src=\"https:\/\/ci4.googleusercontent.com\/proxy\/r1_t5JmbywpXXWnxHgIrsOL4tiOLF7rKARtqNr2TXg3MbZxTEBCrrwwJF9lGKf-eepziPX1T23zNEu-rSBiHSyUXk4ehoQdJ3UAMoSH_JIDeckwjKX17sw50oE6n_bdwL27zwIQe_rsJIGBIja6tnFGWVdBeIJCcpGx2Lv0=s0-d-e1-ft#https:\/\/mcusercontent.com\/a2a5cd6716c4aae4b0d1133b9\/_compresseds\/2afe435c-7463-eb98-4072-d4da6578e477.jpeg\" width=\"1200\" height=\"800\" \/><\/div>\n<div>\n<div>The General Manager also made a speech which you can read it <a href=\"https:\/\/hcgm.us5.list-manage.com\/track\/click?u=a2a5cd6716c4aae4b0d1133b9&amp;id=d86bdacaa1&amp;e=7537e7a572\">here<\/a>.<\/div>\n<p>HCGM President, Andy Crilis, gave a glowing speech to our community. We take this opportunity to express our gratitude to him for all the extraordinary efforts he has devoted to our School as President of the HCGM and as an individual.<\/p>\n<p>Our students also sang, under the direction of Dimitris Ilias, our unparalleled choir director, a piece that could not be more appropriate for the occasion, &#8220;Le chant des adieux&#8221;.<\/p>\n<\/div>\n<div>\u00a0<img loading=\"lazy\" decoding=\"async\" class=\"CToWUd a6T\" tabindex=\"0\" src=\"https:\/\/ci3.googleusercontent.com\/proxy\/ulqRcNwjvTo3ue_qb5456gdlpPT8u0UHCnJ9FkMY2TJ8nsLNGUizozGaP5Mu4X8Tp53YCOGNjbDI14M5VGjvnvdmHS6ZiFCcLFiSo6EBflql2i3axMquVsA0TK_7xZXaxM-BVSOGQcsJ2EMaKSaVVYLBjGGydUl4cI_CBA=s0-d-e1-ft#https:\/\/mcusercontent.com\/a2a5cd6716c4aae4b0d1133b9\/_compresseds\/19ba3c53-d16c-9953-258c-91cf640cecba.jpg\" width=\"1423\" height=\"800\" \/><\/div>\n<div><\/div>\n<div>\n<p>The students wowed the audience with perfectly executed Greek dances. We thank their dance teachers Denise Eleftheratos Acheson, Adriana Theophanous, Athena Sita, and Eleni Tourkohoriti for their excellent work with our students.<\/p>\n<p>The evening continued late into the night, with lots of dancing where everyone was able to channel their excess energy.<\/p>\n<p><img loading=\"lazy\" decoding=\"async\" class=\"CToWUd a6T\" tabindex=\"0\" src=\"https:\/\/ci4.googleusercontent.com\/proxy\/iMfPNH7PEtTw6tgh9Df40YWQScY_BYX8lEvjyl1eAR2UfPDY_83OqdciIBJf-lAfrJl7xXwk1abDmKx_I6sy7INuYASWtdCOjoPQD1I2ejSLkmqdbRQLZRnnLvI-lJVprslABK5a2AJ59KaVigQ7bMf1Utt1WBnp7xRhXrI=s0-d-e1-ft#https:\/\/mcusercontent.com\/a2a5cd6716c4aae4b0d1133b9\/_compresseds\/fc2beca5-14d8-8256-4fb3-a4faef270abe.jpeg\" width=\"1200\" height=\"800\" \/><\/p>\n<\/div>\n<div>We would like to thank everyone who participated directly or indirectly in this wonderful event: the students themselves, the school teams, the parent committees and our loyal sponsors.<br \/>\n<a href=\"https:\/\/hcgm.us5.list-manage.com\/track\/click?u=a2a5cd6716c4aae4b0d1133b9&amp;id=56033c8d34&amp;e=7537e7a572\" target=\"_blank\" rel=\"noopener\" data-saferedirecturl=\"https:\/\/www.google.com\/url?q=https:\/\/hcgm.us5.list-manage.com\/track\/click?u%3Da2a5cd6716c4aae4b0d1133b9%26id%3D56033c8d34%26e%3D7537e7a572&amp;source=gmail&amp;ust=1656683822317000&amp;usg=AOvVaw019qdV__Plwzx2T7rAM73t\">Please click here to view the entire ceremony.<\/a>Congratulations to all and see you next year!<\/p>\n<\/div>\n<\/div>\n<div><\/div>\n","protected":false},"excerpt":{"rendered":"<p>On Thursday, June 16th, 2022, the graduation ceremony of the \u00c9cole Socrates-D\u00e9mosth\u00e8ne of the Hellenic Community of Greater Montreal (HCGM) took place at the Centre des Congr\u00e8s Palace in Laval&#8230;.<\/p>\n","protected":false},"author":23,"featured_media":32460,"comment_status":"closed","ping_status":"closed","sticky":false,"template":"","format":"standard","meta":{"_monsterinsights_skip_tracking":false,"_monsterinsights_sitenote_active":false,"_monsterinsights_sitenote_note":"","_monsterinsights_sitenote_category":0,"footnotes":""},"categories":[93,94,95,96,97,87,186,187],"tags":[],"class_list":{"0":"post-32466","1":"post","2":"type-post","3":"status-publish","4":"format-standard","5":"has-post-thumbnail","7":"category-nea-2","8":"category-nea-3","9":"category-nea-4","10":"category-nea-5","11":"category-nea-demosthene","12":"category-news-and-activities-greek","13":"category-uncategorized-el","14":"category-uncategorized-el-2"},"yoast_head":"<!-- This site is optimized with the Yoast SEO plugin v27.4 - https:\/\/yoast.com\/product\/yoast-seo-wordpress\/ -->\n<title>\u039c\u03b9\u03b1 \u03c5\u03c0\u03ad\u03c1\u03bf\u03c7\u03b7 \u03c4\u03b5\u03bb\u03b5\u03c4\u03ae \u03b1\u03c0\u03bf\u03c6\u03bf\u03af\u03c4\u03b7\u03c3\u03b7\u03c2 2022! - \u0394\u03b7\u03bc\u03bf\u03c4\u03b9\u03ba\u03cc \u03c3\u03c7\u03bf\u03bb\u03b5\u03af\u03bf \u03a3\u03c9\u03ba\u03c1\u03ac\u03c4\u03b7\u03c2 \u03ba\u03b1\u03b9 \u0394\u03b7\u03bc\u03bf\u03c3\u03b8\u03ad\u03bd\u03b7\u03c2<\/title>\n<meta name=\"robots\" content=\"index, follow, max-snippet:-1, max-image-preview:large, max-video-preview:-1\" \/>\n<link rel=\"canonical\" href=\"https:\/\/www.socdem.org\/el\/\u03bc\u03b9\u03b1-\u03c5\u03c0\u03ad\u03c1\u03bf\u03c7\u03b7-\u03c4\u03b5\u03bb\u03b5\u03c4\u03ae-\u03b1\u03c0\u03bf\u03c6\u03bf\u03af\u03c4\u03b7\u03c3\u03b7\u03c2-2022\/\" \/>\n<meta property=\"og:locale\" content=\"el_GR\" \/>\n<meta property=\"og:type\" content=\"article\" \/>\n<meta property=\"og:title\" content=\"\u039c\u03b9\u03b1 \u03c5\u03c0\u03ad\u03c1\u03bf\u03c7\u03b7 \u03c4\u03b5\u03bb\u03b5\u03c4\u03ae \u03b1\u03c0\u03bf\u03c6\u03bf\u03af\u03c4\u03b7\u03c3\u03b7\u03c2 2022! - \u0394\u03b7\u03bc\u03bf\u03c4\u03b9\u03ba\u03cc \u03c3\u03c7\u03bf\u03bb\u03b5\u03af\u03bf \u03a3\u03c9\u03ba\u03c1\u03ac\u03c4\u03b7\u03c2 \u03ba\u03b1\u03b9 \u0394\u03b7\u03bc\u03bf\u03c3\u03b8\u03ad\u03bd\u03b7\u03c2\" \/>\n<meta property=\"og:description\" content=\"On Thursday, June 16th, 2022, the graduation ceremony of the \u00c9cole Socrates-D\u00e9mosth\u00e8ne of the Hellenic Community of Greater Montreal (HCGM) took place at the Centre des Congr\u00e8s Palace in Laval....\" \/>\n<meta property=\"og:url\" content=\"https:\/\/www.socdem.org\/el\/\u03bc\u03b9\u03b1-\u03c5\u03c0\u03ad\u03c1\u03bf\u03c7\u03b7-\u03c4\u03b5\u03bb\u03b5\u03c4\u03ae-\u03b1\u03c0\u03bf\u03c6\u03bf\u03af\u03c4\u03b7\u03c3\u03b7\u03c2-2022\/\" \/>\n<meta property=\"og:site_name\" content=\"\u0394\u03b7\u03bc\u03bf\u03c4\u03b9\u03ba\u03cc \u03c3\u03c7\u03bf\u03bb\u03b5\u03af\u03bf \u03a3\u03c9\u03ba\u03c1\u03ac\u03c4\u03b7\u03c2 \u03ba\u03b1\u03b9 \u0394\u03b7\u03bc\u03bf\u03c3\u03b8\u03ad\u03bd\u03b7\u03c2\" \/>\n<meta property=\"article:publisher\" content=\"https:\/\/www.facebook.com\/TheHCGM\/\" \/>\n<meta property=\"article:published_time\" content=\"2022-06-30T15:07:01+00:00\" \/>\n<meta property=\"og:image\" content=\"https:\/\/www.socdem.org\/wp-content\/uploads\/2022\/06\/dipl.jpg\" \/>\n\t<meta property=\"og:image:width\" content=\"640\" \/>\n\t<meta property=\"og:image:height\" content=\"303\" \/>\n\t<meta property=\"og:image:type\" content=\"image\/jpeg\" \/>\n<meta name=\"author\" content=\"avournias\" \/>\n<meta name=\"twitter:card\" content=\"summary_large_image\" \/>\n<meta name=\"twitter:label1\" content=\"\u03a3\u03c5\u03bd\u03c4\u03ac\u03c7\u03b8\u03b7\u03ba\u03b5 \u03b1\u03c0\u03cc\" \/>\n\t<meta name=\"twitter:data1\" content=\"avournias\" \/>\n\t<meta name=\"twitter:label2\" content=\"\u0395\u03ba\u03c4\u03b9\u03bc\u03ce\u03bc\u03b5\u03bd\u03bf\u03c2 \u03c7\u03c1\u03cc\u03bd\u03bf\u03c2 \u03b1\u03bd\u03ac\u03b3\u03bd\u03c9\u03c3\u03b7\u03c2\" \/>\n\t<meta name=\"twitter:data2\" content=\"4 \u03bb\u03b5\u03c0\u03c4\u03ac\" \/>\n<script type=\"application\/ld+json\" class=\"yoast-schema-graph\">{\"@context\":\"https:\\\/\\\/schema.org\",\"@graph\":[{\"@type\":\"Article\",\"@id\":\"https:\\\/\\\/www.socdem.org\\\/el\\\/%ce%bc%ce%b9%ce%b1-%cf%85%cf%80%ce%ad%cf%81%ce%bf%cf%87%ce%b7-%cf%84%ce%b5%ce%bb%ce%b5%cf%84%ce%ae-%ce%b1%cf%80%ce%bf%cf%86%ce%bf%ce%af%cf%84%ce%b7%cf%83%ce%b7%cf%82-2022\\\/#article\",\"isPartOf\":{\"@id\":\"https:\\\/\\\/www.socdem.org\\\/el\\\/%ce%bc%ce%b9%ce%b1-%cf%85%cf%80%ce%ad%cf%81%ce%bf%cf%87%ce%b7-%cf%84%ce%b5%ce%bb%ce%b5%cf%84%ce%ae-%ce%b1%cf%80%ce%bf%cf%86%ce%bf%ce%af%cf%84%ce%b7%cf%83%ce%b7%cf%82-2022\\\/\"},\"author\":{\"name\":\"avournias\",\"@id\":\"https:\\\/\\\/www.socdem.org\\\/el\\\/#\\\/schema\\\/person\\\/3d4208f100317a6251846d5d4fcb6e6f\"},\"headline\":\"\u039c\u03b9\u03b1 \u03c5\u03c0\u03ad\u03c1\u03bf\u03c7\u03b7 \u03c4\u03b5\u03bb\u03b5\u03c4\u03ae \u03b1\u03c0\u03bf\u03c6\u03bf\u03af\u03c4\u03b7\u03c3\u03b7\u03c2 2022!\",\"datePublished\":\"2022-06-30T15:07:01+00:00\",\"mainEntityOfPage\":{\"@id\":\"https:\\\/\\\/www.socdem.org\\\/el\\\/%ce%bc%ce%b9%ce%b1-%cf%85%cf%80%ce%ad%cf%81%ce%bf%cf%87%ce%b7-%cf%84%ce%b5%ce%bb%ce%b5%cf%84%ce%ae-%ce%b1%cf%80%ce%bf%cf%86%ce%bf%ce%af%cf%84%ce%b7%cf%83%ce%b7%cf%82-2022\\\/\"},\"wordCount\":537,\"publisher\":{\"@id\":\"https:\\\/\\\/www.socdem.org\\\/el\\\/#organization\"},\"image\":{\"@id\":\"https:\\\/\\\/www.socdem.org\\\/el\\\/%ce%bc%ce%b9%ce%b1-%cf%85%cf%80%ce%ad%cf%81%ce%bf%cf%87%ce%b7-%cf%84%ce%b5%ce%bb%ce%b5%cf%84%ce%ae-%ce%b1%cf%80%ce%bf%cf%86%ce%bf%ce%af%cf%84%ce%b7%cf%83%ce%b7%cf%82-2022\\\/#primaryimage\"},\"thumbnailUrl\":\"https:\\\/\\\/www.socdem.org\\\/wp-content\\\/uploads\\\/2022\\\/06\\\/dipl.jpg\",\"articleSection\":[\"Nea 2\",\"Nea 3\",\"Nea 4\",\"Nea 5\",\"Nea demosthene\",\"News and activities greek\",\"Uncategorized\",\"Uncategorized\"],\"inLanguage\":\"el\"},{\"@type\":\"WebPage\",\"@id\":\"https:\\\/\\\/www.socdem.org\\\/el\\\/%ce%bc%ce%b9%ce%b1-%cf%85%cf%80%ce%ad%cf%81%ce%bf%cf%87%ce%b7-%cf%84%ce%b5%ce%bb%ce%b5%cf%84%ce%ae-%ce%b1%cf%80%ce%bf%cf%86%ce%bf%ce%af%cf%84%ce%b7%cf%83%ce%b7%cf%82-2022\\\/\",\"url\":\"https:\\\/\\\/www.socdem.org\\\/el\\\/%ce%bc%ce%b9%ce%b1-%cf%85%cf%80%ce%ad%cf%81%ce%bf%cf%87%ce%b7-%cf%84%ce%b5%ce%bb%ce%b5%cf%84%ce%ae-%ce%b1%cf%80%ce%bf%cf%86%ce%bf%ce%af%cf%84%ce%b7%cf%83%ce%b7%cf%82-2022\\\/\",\"name\":\"\u039c\u03b9\u03b1 \u03c5\u03c0\u03ad\u03c1\u03bf\u03c7\u03b7 \u03c4\u03b5\u03bb\u03b5\u03c4\u03ae \u03b1\u03c0\u03bf\u03c6\u03bf\u03af\u03c4\u03b7\u03c3\u03b7\u03c2 2022! - \u0394\u03b7\u03bc\u03bf\u03c4\u03b9\u03ba\u03cc \u03c3\u03c7\u03bf\u03bb\u03b5\u03af\u03bf \u03a3\u03c9\u03ba\u03c1\u03ac\u03c4\u03b7\u03c2 \u03ba\u03b1\u03b9 \u0394\u03b7\u03bc\u03bf\u03c3\u03b8\u03ad\u03bd\u03b7\u03c2\",\"isPartOf\":{\"@id\":\"https:\\\/\\\/www.socdem.org\\\/el\\\/#website\"},\"primaryImageOfPage\":{\"@id\":\"https:\\\/\\\/www.socdem.org\\\/el\\\/%ce%bc%ce%b9%ce%b1-%cf%85%cf%80%ce%ad%cf%81%ce%bf%cf%87%ce%b7-%cf%84%ce%b5%ce%bb%ce%b5%cf%84%ce%ae-%ce%b1%cf%80%ce%bf%cf%86%ce%bf%ce%af%cf%84%ce%b7%cf%83%ce%b7%cf%82-2022\\\/#primaryimage\"},\"image\":{\"@id\":\"https:\\\/\\\/www.socdem.org\\\/el\\\/%ce%bc%ce%b9%ce%b1-%cf%85%cf%80%ce%ad%cf%81%ce%bf%cf%87%ce%b7-%cf%84%ce%b5%ce%bb%ce%b5%cf%84%ce%ae-%ce%b1%cf%80%ce%bf%cf%86%ce%bf%ce%af%cf%84%ce%b7%cf%83%ce%b7%cf%82-2022\\\/#primaryimage\"},\"thumbnailUrl\":\"https:\\\/\\\/www.socdem.org\\\/wp-content\\\/uploads\\\/2022\\\/06\\\/dipl.jpg\",\"datePublished\":\"2022-06-30T15:07:01+00:00\",\"breadcrumb\":{\"@id\":\"https:\\\/\\\/www.socdem.org\\\/el\\\/%ce%bc%ce%b9%ce%b1-%cf%85%cf%80%ce%ad%cf%81%ce%bf%cf%87%ce%b7-%cf%84%ce%b5%ce%bb%ce%b5%cf%84%ce%ae-%ce%b1%cf%80%ce%bf%cf%86%ce%bf%ce%af%cf%84%ce%b7%cf%83%ce%b7%cf%82-2022\\\/#breadcrumb\"},\"inLanguage\":\"el\",\"potentialAction\":[{\"@type\":\"ReadAction\",\"target\":[\"https:\\\/\\\/www.socdem.org\\\/el\\\/%ce%bc%ce%b9%ce%b1-%cf%85%cf%80%ce%ad%cf%81%ce%bf%cf%87%ce%b7-%cf%84%ce%b5%ce%bb%ce%b5%cf%84%ce%ae-%ce%b1%cf%80%ce%bf%cf%86%ce%bf%ce%af%cf%84%ce%b7%cf%83%ce%b7%cf%82-2022\\\/\"]}]},{\"@type\":\"ImageObject\",\"inLanguage\":\"el\",\"@id\":\"https:\\\/\\\/www.socdem.org\\\/el\\\/%ce%bc%ce%b9%ce%b1-%cf%85%cf%80%ce%ad%cf%81%ce%bf%cf%87%ce%b7-%cf%84%ce%b5%ce%bb%ce%b5%cf%84%ce%ae-%ce%b1%cf%80%ce%bf%cf%86%ce%bf%ce%af%cf%84%ce%b7%cf%83%ce%b7%cf%82-2022\\\/#primaryimage\",\"url\":\"https:\\\/\\\/www.socdem.org\\\/wp-content\\\/uploads\\\/2022\\\/06\\\/dipl.jpg\",\"contentUrl\":\"https:\\\/\\\/www.socdem.org\\\/wp-content\\\/uploads\\\/2022\\\/06\\\/dipl.jpg\",\"width\":640,\"height\":303},{\"@type\":\"BreadcrumbList\",\"@id\":\"https:\\\/\\\/www.socdem.org\\\/el\\\/%ce%bc%ce%b9%ce%b1-%cf%85%cf%80%ce%ad%cf%81%ce%bf%cf%87%ce%b7-%cf%84%ce%b5%ce%bb%ce%b5%cf%84%ce%ae-%ce%b1%cf%80%ce%bf%cf%86%ce%bf%ce%af%cf%84%ce%b7%cf%83%ce%b7%cf%82-2022\\\/#breadcrumb\",\"itemListElement\":[{\"@type\":\"ListItem\",\"position\":1,\"name\":\"Accueil\",\"item\":\"https:\\\/\\\/www.socdem.org\\\/el\\\/\"},{\"@type\":\"ListItem\",\"position\":2,\"name\":\"\u039c\u03b9\u03b1 \u03c5\u03c0\u03ad\u03c1\u03bf\u03c7\u03b7 \u03c4\u03b5\u03bb\u03b5\u03c4\u03ae \u03b1\u03c0\u03bf\u03c6\u03bf\u03af\u03c4\u03b7\u03c3\u03b7\u03c2 2022!\"}]},{\"@type\":\"WebSite\",\"@id\":\"https:\\\/\\\/www.socdem.org\\\/el\\\/#website\",\"url\":\"https:\\\/\\\/www.socdem.org\\\/el\\\/\",\"name\":\"\u00c9cole Socrates-D\u00e9mosth\u00e8ne\",\"description\":\"\u03a0\u03ad\u03bd\u03c4\u03b5 \u03c4\u03c1\u03af\u03b3\u03bb\u03c9\u03c3\u03c3\u03b1 \u03b5\u03bb\u03bb\u03b7\u03bd\u03b9\u03ba\u03ac \u03b4\u03b7\u03bc\u03bf\u03c4\u03b9\u03ba\u03ac \u03c3\u03c7\u03bf\u03bb\u03b5\u03af\u03b1 \u03c4\u03bf\u03c5 \u039c\u03b5\u03b3\u03b1\u03bb\u03cd\u03c4\u03b5\u03c1\u03bf\u03c5 \u039c\u03bf\u03bd\u03c4\u03c1\u03b5\u03ac\u03bb\",\"publisher\":{\"@id\":\"https:\\\/\\\/www.socdem.org\\\/el\\\/#organization\"},\"potentialAction\":[{\"@type\":\"SearchAction\",\"target\":{\"@type\":\"EntryPoint\",\"urlTemplate\":\"https:\\\/\\\/www.socdem.org\\\/el\\\/?s={search_term_string}\"},\"query-input\":{\"@type\":\"PropertyValueSpecification\",\"valueRequired\":true,\"valueName\":\"search_term_string\"}}],\"inLanguage\":\"el\"},{\"@type\":\"Organization\",\"@id\":\"https:\\\/\\\/www.socdem.org\\\/el\\\/#organization\",\"name\":\"\u00c9cole Socrates-D\u00e9mosth\u00e8ne\",\"url\":\"https:\\\/\\\/www.socdem.org\\\/el\\\/\",\"logo\":{\"@type\":\"ImageObject\",\"inLanguage\":\"el\",\"@id\":\"https:\\\/\\\/www.socdem.org\\\/el\\\/#\\\/schema\\\/logo\\\/image\\\/\",\"url\":\"https:\\\/\\\/www.socdem.org\\\/wp-content\\\/uploads\\\/2014\\\/03\\\/SOC-DEM-LOGO-NAME.jpg\",\"contentUrl\":\"https:\\\/\\\/www.socdem.org\\\/wp-content\\\/uploads\\\/2014\\\/03\\\/SOC-DEM-LOGO-NAME.jpg\",\"width\":\"8485\",\"height\":\"4200\",\"caption\":\"\u00c9cole Socrates-D\u00e9mosth\u00e8ne\"},\"image\":{\"@id\":\"https:\\\/\\\/www.socdem.org\\\/el\\\/#\\\/schema\\\/logo\\\/image\\\/\"},\"sameAs\":[\"https:\\\/\\\/www.facebook.com\\\/TheHCGM\\\/\",\"https:\\\/\\\/www.instagram.com\\\/p\\\/BnE965PhJU7\\\/?hl=en\"]},{\"@type\":\"Person\",\"@id\":\"https:\\\/\\\/www.socdem.org\\\/el\\\/#\\\/schema\\\/person\\\/3d4208f100317a6251846d5d4fcb6e6f\",\"name\":\"avournias\",\"image\":{\"@type\":\"ImageObject\",\"inLanguage\":\"el\",\"@id\":\"https:\\\/\\\/secure.gravatar.com\\\/avatar\\\/e44d940614c28c716a6912b81868ef19a508fe61c65c7dbdb4825236cbaa5364?s=96&d=mm&r=g\",\"url\":\"https:\\\/\\\/secure.gravatar.com\\\/avatar\\\/e44d940614c28c716a6912b81868ef19a508fe61c65c7dbdb4825236cbaa5364?s=96&d=mm&r=g\",\"contentUrl\":\"https:\\\/\\\/secure.gravatar.com\\\/avatar\\\/e44d940614c28c716a6912b81868ef19a508fe61c65c7dbdb4825236cbaa5364?s=96&d=mm&r=g\",\"caption\":\"avournias\"},\"sameAs\":[\"http:\\\/\\\/socdem.wpengine.com\"],\"url\":\"https:\\\/\\\/www.socdem.org\\\/el\\\/author\\\/avournias\\\/\"}]}<\/script>\n<!-- \/ Yoast SEO plugin. -->","yoast_head_json":{"title":"\u039c\u03b9\u03b1 \u03c5\u03c0\u03ad\u03c1\u03bf\u03c7\u03b7 \u03c4\u03b5\u03bb\u03b5\u03c4\u03ae \u03b1\u03c0\u03bf\u03c6\u03bf\u03af\u03c4\u03b7\u03c3\u03b7\u03c2 2022! - \u0394\u03b7\u03bc\u03bf\u03c4\u03b9\u03ba\u03cc \u03c3\u03c7\u03bf\u03bb\u03b5\u03af\u03bf \u03a3\u03c9\u03ba\u03c1\u03ac\u03c4\u03b7\u03c2 \u03ba\u03b1\u03b9 \u0394\u03b7\u03bc\u03bf\u03c3\u03b8\u03ad\u03bd\u03b7\u03c2","robots":{"index":"index","follow":"follow","max-snippet":"max-snippet:-1","max-image-preview":"max-image-preview:large","max-video-preview":"max-video-preview:-1"},"canonical":"https:\/\/www.socdem.org\/el\/\u03bc\u03b9\u03b1-\u03c5\u03c0\u03ad\u03c1\u03bf\u03c7\u03b7-\u03c4\u03b5\u03bb\u03b5\u03c4\u03ae-\u03b1\u03c0\u03bf\u03c6\u03bf\u03af\u03c4\u03b7\u03c3\u03b7\u03c2-2022\/","og_locale":"el_GR","og_type":"article","og_title":"\u039c\u03b9\u03b1 \u03c5\u03c0\u03ad\u03c1\u03bf\u03c7\u03b7 \u03c4\u03b5\u03bb\u03b5\u03c4\u03ae \u03b1\u03c0\u03bf\u03c6\u03bf\u03af\u03c4\u03b7\u03c3\u03b7\u03c2 2022! - \u0394\u03b7\u03bc\u03bf\u03c4\u03b9\u03ba\u03cc \u03c3\u03c7\u03bf\u03bb\u03b5\u03af\u03bf \u03a3\u03c9\u03ba\u03c1\u03ac\u03c4\u03b7\u03c2 \u03ba\u03b1\u03b9 \u0394\u03b7\u03bc\u03bf\u03c3\u03b8\u03ad\u03bd\u03b7\u03c2","og_description":"On Thursday, June 16th, 2022, the graduation ceremony of the \u00c9cole Socrates-D\u00e9mosth\u00e8ne of the Hellenic Community of Greater Montreal (HCGM) took place at the Centre des Congr\u00e8s Palace in Laval....","og_url":"https:\/\/www.socdem.org\/el\/\u03bc\u03b9\u03b1-\u03c5\u03c0\u03ad\u03c1\u03bf\u03c7\u03b7-\u03c4\u03b5\u03bb\u03b5\u03c4\u03ae-\u03b1\u03c0\u03bf\u03c6\u03bf\u03af\u03c4\u03b7\u03c3\u03b7\u03c2-2022\/","og_site_name":"\u0394\u03b7\u03bc\u03bf\u03c4\u03b9\u03ba\u03cc \u03c3\u03c7\u03bf\u03bb\u03b5\u03af\u03bf \u03a3\u03c9\u03ba\u03c1\u03ac\u03c4\u03b7\u03c2 \u03ba\u03b1\u03b9 \u0394\u03b7\u03bc\u03bf\u03c3\u03b8\u03ad\u03bd\u03b7\u03c2","article_publisher":"https:\/\/www.facebook.com\/TheHCGM\/","article_published_time":"2022-06-30T15:07:01+00:00","og_image":[{"width":640,"height":303,"url":"https:\/\/www.socdem.org\/wp-content\/uploads\/2022\/06\/dipl.jpg","type":"image\/jpeg"}],"author":"avournias","twitter_card":"summary_large_image","twitter_misc":{"\u03a3\u03c5\u03bd\u03c4\u03ac\u03c7\u03b8\u03b7\u03ba\u03b5 \u03b1\u03c0\u03cc":"avournias","\u0395\u03ba\u03c4\u03b9\u03bc\u03ce\u03bc\u03b5\u03bd\u03bf\u03c2 \u03c7\u03c1\u03cc\u03bd\u03bf\u03c2 \u03b1\u03bd\u03ac\u03b3\u03bd\u03c9\u03c3\u03b7\u03c2":"4 \u03bb\u03b5\u03c0\u03c4\u03ac"},"schema":{"@context":"https:\/\/schema.org","@graph":[{"@type":"Article","@id":"https:\/\/www.socdem.org\/el\/%ce%bc%ce%b9%ce%b1-%cf%85%cf%80%ce%ad%cf%81%ce%bf%cf%87%ce%b7-%cf%84%ce%b5%ce%bb%ce%b5%cf%84%ce%ae-%ce%b1%cf%80%ce%bf%cf%86%ce%bf%ce%af%cf%84%ce%b7%cf%83%ce%b7%cf%82-2022\/#article","isPartOf":{"@id":"https:\/\/www.socdem.org\/el\/%ce%bc%ce%b9%ce%b1-%cf%85%cf%80%ce%ad%cf%81%ce%bf%cf%87%ce%b7-%cf%84%ce%b5%ce%bb%ce%b5%cf%84%ce%ae-%ce%b1%cf%80%ce%bf%cf%86%ce%bf%ce%af%cf%84%ce%b7%cf%83%ce%b7%cf%82-2022\/"},"author":{"name":"avournias","@id":"https:\/\/www.socdem.org\/el\/#\/schema\/person\/3d4208f100317a6251846d5d4fcb6e6f"},"headline":"\u039c\u03b9\u03b1 \u03c5\u03c0\u03ad\u03c1\u03bf\u03c7\u03b7 \u03c4\u03b5\u03bb\u03b5\u03c4\u03ae \u03b1\u03c0\u03bf\u03c6\u03bf\u03af\u03c4\u03b7\u03c3\u03b7\u03c2 2022!","datePublished":"2022-06-30T15:07:01+00:00","mainEntityOfPage":{"@id":"https:\/\/www.socdem.org\/el\/%ce%bc%ce%b9%ce%b1-%cf%85%cf%80%ce%ad%cf%81%ce%bf%cf%87%ce%b7-%cf%84%ce%b5%ce%bb%ce%b5%cf%84%ce%ae-%ce%b1%cf%80%ce%bf%cf%86%ce%bf%ce%af%cf%84%ce%b7%cf%83%ce%b7%cf%82-2022\/"},"wordCount":537,"publisher":{"@id":"https:\/\/www.socdem.org\/el\/#organization"},"image":{"@id":"https:\/\/www.socdem.org\/el\/%ce%bc%ce%b9%ce%b1-%cf%85%cf%80%ce%ad%cf%81%ce%bf%cf%87%ce%b7-%cf%84%ce%b5%ce%bb%ce%b5%cf%84%ce%ae-%ce%b1%cf%80%ce%bf%cf%86%ce%bf%ce%af%cf%84%ce%b7%cf%83%ce%b7%cf%82-2022\/#primaryimage"},"thumbnailUrl":"https:\/\/www.socdem.org\/wp-content\/uploads\/2022\/06\/dipl.jpg","articleSection":["Nea 2","Nea 3","Nea 4","Nea 5","Nea demosthene","News and activities greek","Uncategorized","Uncategorized"],"inLanguage":"el"},{"@type":"WebPage","@id":"https:\/\/www.socdem.org\/el\/%ce%bc%ce%b9%ce%b1-%cf%85%cf%80%ce%ad%cf%81%ce%bf%cf%87%ce%b7-%cf%84%ce%b5%ce%bb%ce%b5%cf%84%ce%ae-%ce%b1%cf%80%ce%bf%cf%86%ce%bf%ce%af%cf%84%ce%b7%cf%83%ce%b7%cf%82-2022\/","url":"https:\/\/www.socdem.org\/el\/%ce%bc%ce%b9%ce%b1-%cf%85%cf%80%ce%ad%cf%81%ce%bf%cf%87%ce%b7-%cf%84%ce%b5%ce%bb%ce%b5%cf%84%ce%ae-%ce%b1%cf%80%ce%bf%cf%86%ce%bf%ce%af%cf%84%ce%b7%cf%83%ce%b7%cf%82-2022\/","name":"\u039c\u03b9\u03b1 \u03c5\u03c0\u03ad\u03c1\u03bf\u03c7\u03b7 \u03c4\u03b5\u03bb\u03b5\u03c4\u03ae \u03b1\u03c0\u03bf\u03c6\u03bf\u03af\u03c4\u03b7\u03c3\u03b7\u03c2 2022! - \u0394\u03b7\u03bc\u03bf\u03c4\u03b9\u03ba\u03cc \u03c3\u03c7\u03bf\u03bb\u03b5\u03af\u03bf \u03a3\u03c9\u03ba\u03c1\u03ac\u03c4\u03b7\u03c2 \u03ba\u03b1\u03b9 \u0394\u03b7\u03bc\u03bf\u03c3\u03b8\u03ad\u03bd\u03b7\u03c2","isPartOf":{"@id":"https:\/\/www.socdem.org\/el\/#website"},"primaryImageOfPage":{"@id":"https:\/\/www.socdem.org\/el\/%ce%bc%ce%b9%ce%b1-%cf%85%cf%80%ce%ad%cf%81%ce%bf%cf%87%ce%b7-%cf%84%ce%b5%ce%bb%ce%b5%cf%84%ce%ae-%ce%b1%cf%80%ce%bf%cf%86%ce%bf%ce%af%cf%84%ce%b7%cf%83%ce%b7%cf%82-2022\/#primaryimage"},"image":{"@id":"https:\/\/www.socdem.org\/el\/%ce%bc%ce%b9%ce%b1-%cf%85%cf%80%ce%ad%cf%81%ce%bf%cf%87%ce%b7-%cf%84%ce%b5%ce%bb%ce%b5%cf%84%ce%ae-%ce%b1%cf%80%ce%bf%cf%86%ce%bf%ce%af%cf%84%ce%b7%cf%83%ce%b7%cf%82-2022\/#primaryimage"},"thumbnailUrl":"https:\/\/www.socdem.org\/wp-content\/uploads\/2022\/06\/dipl.jpg","datePublished":"2022-06-30T15:07:01+00:00","breadcrumb":{"@id":"https:\/\/www.socdem.org\/el\/%ce%bc%ce%b9%ce%b1-%cf%85%cf%80%ce%ad%cf%81%ce%bf%cf%87%ce%b7-%cf%84%ce%b5%ce%bb%ce%b5%cf%84%ce%ae-%ce%b1%cf%80%ce%bf%cf%86%ce%bf%ce%af%cf%84%ce%b7%cf%83%ce%b7%cf%82-2022\/#breadcrumb"},"inLanguage":"el","potentialAction":[{"@type":"ReadAction","target":["https:\/\/www.socdem.org\/el\/%ce%bc%ce%b9%ce%b1-%cf%85%cf%80%ce%ad%cf%81%ce%bf%cf%87%ce%b7-%cf%84%ce%b5%ce%bb%ce%b5%cf%84%ce%ae-%ce%b1%cf%80%ce%bf%cf%86%ce%bf%ce%af%cf%84%ce%b7%cf%83%ce%b7%cf%82-2022\/"]}]},{"@type":"ImageObject","inLanguage":"el","@id":"https:\/\/www.socdem.org\/el\/%ce%bc%ce%b9%ce%b1-%cf%85%cf%80%ce%ad%cf%81%ce%bf%cf%87%ce%b7-%cf%84%ce%b5%ce%bb%ce%b5%cf%84%ce%ae-%ce%b1%cf%80%ce%bf%cf%86%ce%bf%ce%af%cf%84%ce%b7%cf%83%ce%b7%cf%82-2022\/#primaryimage","url":"https:\/\/www.socdem.org\/wp-content\/uploads\/2022\/06\/dipl.jpg","contentUrl":"https:\/\/www.socdem.org\/wp-content\/uploads\/2022\/06\/dipl.jpg","width":640,"height":303},{"@type":"BreadcrumbList","@id":"https:\/\/www.socdem.org\/el\/%ce%bc%ce%b9%ce%b1-%cf%85%cf%80%ce%ad%cf%81%ce%bf%cf%87%ce%b7-%cf%84%ce%b5%ce%bb%ce%b5%cf%84%ce%ae-%ce%b1%cf%80%ce%bf%cf%86%ce%bf%ce%af%cf%84%ce%b7%cf%83%ce%b7%cf%82-2022\/#breadcrumb","itemListElement":[{"@type":"ListItem","position":1,"name":"Accueil","item":"https:\/\/www.socdem.org\/el\/"},{"@type":"ListItem","position":2,"name":"\u039c\u03b9\u03b1 \u03c5\u03c0\u03ad\u03c1\u03bf\u03c7\u03b7 \u03c4\u03b5\u03bb\u03b5\u03c4\u03ae \u03b1\u03c0\u03bf\u03c6\u03bf\u03af\u03c4\u03b7\u03c3\u03b7\u03c2 2022!"}]},{"@type":"WebSite","@id":"https:\/\/www.socdem.org\/el\/#website","url":"https:\/\/www.socdem.org\/el\/","name":"\u00c9cole Socrates-D\u00e9mosth\u00e8ne","description":"\u03a0\u03ad\u03bd\u03c4\u03b5 \u03c4\u03c1\u03af\u03b3\u03bb\u03c9\u03c3\u03c3\u03b1 \u03b5\u03bb\u03bb\u03b7\u03bd\u03b9\u03ba\u03ac \u03b4\u03b7\u03bc\u03bf\u03c4\u03b9\u03ba\u03ac \u03c3\u03c7\u03bf\u03bb\u03b5\u03af\u03b1 \u03c4\u03bf\u03c5 \u039c\u03b5\u03b3\u03b1\u03bb\u03cd\u03c4\u03b5\u03c1\u03bf\u03c5 \u039c\u03bf\u03bd\u03c4\u03c1\u03b5\u03ac\u03bb","publisher":{"@id":"https:\/\/www.socdem.org\/el\/#organization"},"potentialAction":[{"@type":"SearchAction","target":{"@type":"EntryPoint","urlTemplate":"https:\/\/www.socdem.org\/el\/?s={search_term_string}"},"query-input":{"@type":"PropertyValueSpecification","valueRequired":true,"valueName":"search_term_string"}}],"inLanguage":"el"},{"@type":"Organization","@id":"https:\/\/www.socdem.org\/el\/#organization","name":"\u00c9cole Socrates-D\u00e9mosth\u00e8ne","url":"https:\/\/www.socdem.org\/el\/","logo":{"@type":"ImageObject","inLanguage":"el","@id":"https:\/\/www.socdem.org\/el\/#\/schema\/logo\/image\/","url":"https:\/\/www.socdem.org\/wp-content\/uploads\/2014\/03\/SOC-DEM-LOGO-NAME.jpg","contentUrl":"https:\/\/www.socdem.org\/wp-content\/uploads\/2014\/03\/SOC-DEM-LOGO-NAME.jpg","width":"8485","height":"4200","caption":"\u00c9cole Socrates-D\u00e9mosth\u00e8ne"},"image":{"@id":"https:\/\/www.socdem.org\/el\/#\/schema\/logo\/image\/"},"sameAs":["https:\/\/www.facebook.com\/TheHCGM\/","https:\/\/www.instagram.com\/p\/BnE965PhJU7\/?hl=en"]},{"@type":"Person","@id":"https:\/\/www.socdem.org\/el\/#\/schema\/person\/3d4208f100317a6251846d5d4fcb6e6f","name":"avournias","image":{"@type":"ImageObject","inLanguage":"el","@id":"https:\/\/secure.gravatar.com\/avatar\/e44d940614c28c716a6912b81868ef19a508fe61c65c7dbdb4825236cbaa5364?s=96&d=mm&r=g","url":"https:\/\/secure.gravatar.com\/avatar\/e44d940614c28c716a6912b81868ef19a508fe61c65c7dbdb4825236cbaa5364?s=96&d=mm&r=g","contentUrl":"https:\/\/secure.gravatar.com\/avatar\/e44d940614c28c716a6912b81868ef19a508fe61c65c7dbdb4825236cbaa5364?s=96&d=mm&r=g","caption":"avournias"},"sameAs":["http:\/\/socdem.wpengine.com"],"url":"https:\/\/www.socdem.org\/el\/author\/avournias\/"}]}},"_links":{"self":[{"href":"https:\/\/www.socdem.org\/el\/wp-json\/wp\/v2\/posts\/32466","targetHints":{"allow":["GET"]}}],"collection":[{"href":"https:\/\/www.socdem.org\/el\/wp-json\/wp\/v2\/posts"}],"about":[{"href":"https:\/\/www.socdem.org\/el\/wp-json\/wp\/v2\/types\/post"}],"author":[{"embeddable":true,"href":"https:\/\/www.socdem.org\/el\/wp-json\/wp\/v2\/users\/23"}],"replies":[{"embeddable":true,"href":"https:\/\/www.socdem.org\/el\/wp-json\/wp\/v2\/comments?post=32466"}],"version-history":[{"count":3,"href":"https:\/\/www.socdem.org\/el\/wp-json\/wp\/v2\/posts\/32466\/revisions"}],"predecessor-version":[{"id":32469,"href":"https:\/\/www.socdem.org\/el\/wp-json\/wp\/v2\/posts\/32466\/revisions\/32469"}],"wp:featuredmedia":[{"embeddable":true,"href":"https:\/\/www.socdem.org\/el\/wp-json\/wp\/v2\/media\/32460"}],"wp:attachment":[{"href":"https:\/\/www.socdem.org\/el\/wp-json\/wp\/v2\/media?parent=32466"}],"wp:term":[{"taxonomy":"category","embeddable":true,"href":"https:\/\/www.socdem.org\/el\/wp-json\/wp\/v2\/categories?post=32466"},{"taxonomy":"post_tag","embeddable":true,"href":"https:\/\/www.socdem.org\/el\/wp-json\/wp\/v2\/tags?post=32466"}],"curies":[{"name":"wp","href":"https:\/\/api.w.org\/{rel}","templated":true}]}}