{"id":35844,"date":"2024-03-28T12:39:12","date_gmt":"2024-03-28T16:39:12","guid":{"rendered":"https:\/\/www.socdem.org\/entrevue-mois-de-avril-genevieve-cloutier-directrice-du-campus-socrates-iv-saint-hubert-de-lecole-socrates-demosthene\/"},"modified":"2024-03-28T15:05:12","modified_gmt":"2024-03-28T19:05:12","slug":"entrevue-mois-de-avril-genevieve-cloutier-directrice-du-campus-socrates-iv-saint-hubert-de-lecole-socrates-demosthene","status":"publish","type":"post","link":"https:\/\/www.socdem.org\/el\/entrevue-mois-de-avril-genevieve-cloutier-directrice-du-campus-socrates-iv-saint-hubert-de-lecole-socrates-demosthene\/","title":{"rendered":"Entrevue mois de avril &#8211; Genevi\u00e8ve Cloutier, directrice du campus Socrates IV &#8211; Saint-Hubert de l\u2019\u00c9cole Socrates-D\u00e9mosth\u00e8ne"},"content":{"rendered":"[vc_row type=&#8221;full_width_background&#8221; full_screen_row_position=&#8221;middle&#8221; column_margin=&#8221;none&#8221; equal_height=&#8221;yes&#8221; content_placement=&#8221;middle&#8221; column_direction=&#8221;default&#8221; column_direction_tablet=&#8221;default&#8221; column_direction_phone=&#8221;default&#8221; scene_position=&#8221;center&#8221; top_padding=&#8221;6%&#8221; bottom_padding=&#8221;6%&#8221; text_color=&#8221;dark&#8221; text_align=&#8221;left&#8221; row_border_radius=&#8221;none&#8221; row_border_radius_applies=&#8221;bg&#8221; overlay_strength=&#8221;0.3&#8243; gradient_direction=&#8221;left_to_right&#8221; shape_divider_position=&#8221;bottom&#8221; bg_image_animation=&#8221;none&#8221; shape_type=&#8221;&#8221;][vc_column column_padding=&#8221;no-extra-padding&#8221; column_padding_tablet=&#8221;inherit&#8221; column_padding_phone=&#8221;inherit&#8221; column_padding_position=&#8221;all&#8221; background_color_opacity=&#8221;1&#8243; background_hover_color_opacity=&#8221;1&#8243; column_shadow=&#8221;none&#8221; column_border_radius=&#8221;none&#8221; column_link_target=&#8221;_self&#8221; gradient_direction=&#8221;left_to_right&#8221; overlay_strength=&#8221;0.3&#8243; width=&#8221;5\/12&#8243; tablet_width_inherit=&#8221;default&#8221; tablet_text_alignment=&#8221;default&#8221; phone_text_alignment=&#8221;default&#8221; column_border_width=&#8221;none&#8221; column_border_style=&#8221;solid&#8221; bg_image_animation=&#8221;none&#8221;][vc_row_inner column_margin=&#8221;default&#8221; column_direction=&#8221;default&#8221; column_direction_tablet=&#8221;default&#8221; column_direction_phone=&#8221;default&#8221; text_align=&#8221;left&#8221;][vc_column_inner column_padding=&#8221;no-extra-padding&#8221; column_padding_tablet=&#8221;inherit&#8221; column_padding_phone=&#8221;inherit&#8221; column_padding_position=&#8221;all&#8221; background_color_opacity=&#8221;1&#8243; background_hover_color_opacity=&#8221;1&#8243; column_shadow=&#8221;none&#8221; column_border_radius=&#8221;none&#8221; column_link_target=&#8221;_self&#8221; gradient_direction=&#8221;left_to_right&#8221; overlay_strength=&#8221;0.3&#8243; width=&#8221;1\/1&#8243; tablet_width_inherit=&#8221;default&#8221; column_border_width=&#8221;none&#8221; column_border_style=&#8221;solid&#8221; bg_image_animation=&#8221;none&#8221;][image_with_animation image_url=&#8221;35849&#8243; animation=&#8221;Grow In&#8221; hover_animation=&#8221;zoom-crop&#8221; alignment=&#8221;&#8221; border_radius=&#8221;none&#8221; box_shadow=&#8221;none&#8221; image_loading=&#8221;default&#8221; max_width=&#8221;110%&#8221; max_width_mobile=&#8221;default&#8221;][\/vc_column_inner][\/vc_row_inner][\/vc_column][vc_column column_padding=&#8221;padding-12-percent&#8221; column_padding_tablet=&#8221;inherit&#8221; column_padding_phone=&#8221;inherit&#8221; column_padding_position=&#8221;all&#8221; background_color=&#8221;#eaecff&#8221; background_color_opacity=&#8221;1&#8243; background_hover_color_opacity=&#8221;1&#8243; column_shadow=&#8221;none&#8221; column_border_radius=&#8221;none&#8221; column_link_target=&#8221;_self&#8221; gradient_direction=&#8221;left_to_right&#8221; overlay_strength=&#8221;0.3&#8243; width=&#8221;7\/12&#8243; tablet_width_inherit=&#8221;default&#8221; tablet_text_alignment=&#8221;default&#8221; phone_text_alignment=&#8221;default&#8221; column_border_width=&#8221;none&#8221; column_border_style=&#8221;solid&#8221; bg_image_animation=&#8221;none&#8221;][vc_row_inner column_margin=&#8221;default&#8221; column_direction=&#8221;default&#8221; column_direction_tablet=&#8221;default&#8221; column_direction_phone=&#8221;default&#8221; text_align=&#8221;left&#8221;][vc_column_inner column_padding=&#8221;no-extra-padding&#8221; column_padding_tablet=&#8221;inherit&#8221; column_padding_phone=&#8221;inherit&#8221; column_padding_position=&#8221;all&#8221; background_color_opacity=&#8221;1&#8243; background_hover_color_opacity=&#8221;1&#8243; column_shadow=&#8221;none&#8221; column_border_radius=&#8221;none&#8221; column_link_target=&#8221;_self&#8221; gradient_direction=&#8221;left_to_right&#8221; overlay_strength=&#8221;0.3&#8243; width=&#8221;1\/12&#8243; tablet_width_inherit=&#8221;default&#8221; column_border_width=&#8221;none&#8221; column_border_style=&#8221;solid&#8221; bg_image_animation=&#8221;none&#8221; offset=&#8221;vc_col-lg-offset-0 vc_col-md-offset-0 vc_hidden-sm vc_hidden-xs&#8221;][\/vc_column_inner][vc_column_inner column_padding=&#8221;no-extra-padding&#8221; column_padding_tablet=&#8221;inherit&#8221; column_padding_phone=&#8221;inherit&#8221; column_padding_position=&#8221;all&#8221; background_color_opacity=&#8221;1&#8243; background_hover_color_opacity=&#8221;1&#8243; column_shadow=&#8221;none&#8221; column_border_radius=&#8221;none&#8221; column_link_target=&#8221;_self&#8221; gradient_direction=&#8221;left_to_right&#8221; overlay_strength=&#8221;0.3&#8243; width=&#8221;11\/12&#8243; tablet_width_inherit=&#8221;default&#8221; column_border_width=&#8221;none&#8221; column_border_style=&#8221;solid&#8221; bg_image_animation=&#8221;none&#8221; enable_animation=&#8221;true&#8221; animation=&#8221;fade-in-from-bottom&#8221; offset=&#8221;vc_col-xs-12&#8243;][vc_column_text css=&#8221;.vc_custom_1711643785140{padding-right: 10% !important;}&#8221;]<i><span style=\"font-weight: 400;\">La direction g\u00e9n\u00e9rale de l\u2019\u00c9cole Socrates-D\u00e9mosth\u00e8ne en ce mois d\u2019avril, a rencontr\u00e9 Mme Genevi\u00e8ve Cloutier, directrice du campus Socrates IV &#8211; Saint-Hubert afin d\u2019en savoir plus sur son parcours, l\u2019organisation de ses activit\u00e9s et ses d\u00e9fis, etc.<\/span><\/i><\/p>\n<p><i><span style=\"font-weight: 400;\">Nous vous invitons \u00e0 lire ci-dessous cette entrevue.<\/span><\/i>[\/vc_column_text][\/vc_column_inner][\/vc_row_inner][\/vc_column][\/vc_row][vc_row type=&#8221;in_container&#8221; full_screen_row_position=&#8221;middle&#8221; column_margin=&#8221;default&#8221; column_direction=&#8221;default&#8221; column_direction_tablet=&#8221;default&#8221; column_direction_phone=&#8221;default&#8221; scene_position=&#8221;center&#8221; text_color=&#8221;dark&#8221; text_align=&#8221;left&#8221; row_border_radius=&#8221;none&#8221; row_border_radius_applies=&#8221;bg&#8221; overlay_strength=&#8221;0.3&#8243; gradient_direction=&#8221;left_to_right&#8221; shape_divider_position=&#8221;bottom&#8221; bg_image_animation=&#8221;none&#8221;][vc_column column_padding=&#8221;no-extra-padding&#8221; column_padding_tablet=&#8221;inherit&#8221; column_padding_phone=&#8221;inherit&#8221; column_padding_position=&#8221;all&#8221; background_color_opacity=&#8221;1&#8243; background_hover_color_opacity=&#8221;1&#8243; column_shadow=&#8221;none&#8221; column_border_radius=&#8221;none&#8221; column_link_target=&#8221;_self&#8221; gradient_direction=&#8221;left_to_right&#8221; overlay_strength=&#8221;0.3&#8243; width=&#8221;1\/1&#8243; tablet_width_inherit=&#8221;default&#8221; tablet_text_alignment=&#8221;default&#8221; phone_text_alignment=&#8221;default&#8221; column_border_width=&#8221;none&#8221; column_border_style=&#8221;solid&#8221; bg_image_animation=&#8221;none&#8221;][vc_column_text]\n<ul>\n<li aria-level=\"1\"><b>Pouvez-vous vous pr\u00e9senter ?\u00a0<\/b><\/li>\n<\/ul>\n<p><span style=\"font-weight: 400;\">Passionn\u00e9e par l&#8217;\u00e9ducation, j&#8217;ai su tr\u00e8s t\u00f4t que je voulais travailler dans le monde de l&#8217;enseignement et m&#8217;entourer d&#8217;enfants. J&#8217;ai toujours \u00e9t\u00e9 fascin\u00e9 par leur spontan\u00e9it\u00e9, leur curiosit\u00e9 et leur soif d&#8217;apprendre.\u00a0<\/span><\/p>\n<p><span style=\"font-weight: 400;\">Mes \u00e9tudes en adaptation scolaire et sociale m\u2019ont permis d&#8217;entamer une carri\u00e8re professionnelle passionnante. Apr\u00e8s avoir travaill\u00e9 \u00e0 l\u2019\u00c9cole Socrates-D\u00e9mosth\u00e8ne au campus de Montr\u00e9al pendant plusieurs ann\u00e9es, je suis arriv\u00e9e au campus de la rive-sud en 2007. Au fil du temps, j\u2019ai eu l&#8217;occasion d&#8217;enseigner \u00e0 tous les cycles du primaire et d&#8217;\u00eatre titulaire de classes jumel\u00e9es et plus r\u00e9cemment, j&#8217;ai fait la d\u00e9couverte du monde absolument magique du pr\u00e9scolaire et ce, tout en assurant la direction du campus.\u00a0<\/span><\/p>\n<p>&nbsp;<\/p>\n<ul>\n<li aria-level=\"1\"><b>Vous \u00eates enseignante et directrice d\u2019\u00e9cole depuis plusieurs ann\u00e9es, pouvez-vous nous parler de votre exp\u00e9rience en tant qu&#8217;enseignante et directrice d\u2019\u00e9cole ?<\/b><\/li>\n<\/ul>\n<p><span style=\"font-weight: 400;\">Apr\u00e8s mes \u00e9tudes, j&#8217;ai d&#8217;abord travaill\u00e9 en orthop\u00e9dagogie en d\u00e9nombrement flottant aupr\u00e8s d&#8217;\u00e9l\u00e8ves \u00e9prouvant des difficult\u00e9s d&#8217;apprentissage.\u00a0 Le fait de travailler avec les enfants en sous groupe permet de les outiller afin qu&#8217;ils puissent d\u00e9velopper des strat\u00e9gies pour d\u00e9velopper leurs comp\u00e9tences. Les petits yeux qui s\u2019illuminent quand la compr\u00e9hension d&#8217;un concept plus ardu est finalement acquise, c&#8217;est le plus beau cadeau pour moi. D&#8217;ailleurs, c&#8217;est ce qui a de plus merveilleux. Encore aujourd&#8217;hui, apr\u00e8s plus de vingt ans, je suis habit\u00e9e par une joie immense lorsque je vois \u00e9voluer les \u00e9l\u00e8ves. Le fait de les accueillir \u00e0 4 ou 5 ans et de les accompagner jusqu&#8217;\u00e0 la graduation en sixi\u00e8me ann\u00e9e est une chance incroyable.\u00a0<\/span><\/p>\n<p><span style=\"font-weight: 400;\">La direction d&#8217;une \u00e9quipe exceptionnelle est une exp\u00e9rience professionnelle qui m&#8217;est possible de vivre depuis maintenant 6 ans. Travailler avec des coll\u00e8gues d\u00e9vou\u00e9s et donner le meilleur de nous afin d&#8217;enrichir le quotidien des \u00e9l\u00e8ves qui nous sont confi\u00e9s, quel privil\u00e8ge. Consciente du r\u00f4le important qui m&#8217;est attribu\u00e9 et ce, autant sur le plan de la vie \u00e9ducative que sur le plan des relations \u00e9troites que nous entretenons avec les parents, je tente de donner le meilleur de moi-m\u00eame et de parfaire mes connaissances par la formation continue. L\u2019\u00c9cole Socrates-D\u00e9mosth\u00e8ne est membre de la f\u00e9d\u00e9ration des \u00e9coles priv\u00e9es, nous avons donc la chance de pouvoir faire appel \u00e0 des sp\u00e9cialistes pour nous assurer de r\u00e9pondre aux plus hauts standards en mati\u00e8re d&#8217;\u00e9ducation.\u00a0 Nos approches \u00e9ducatives se peaufinent afin de pouvoir r\u00e9pondre aux besoins des apprenants qui ne cessent de changer. La soci\u00e9t\u00e9 \u00e9volue et nos approches se doivent d&#8217;\u00eatre actuelles.\u00a0<\/span><b><\/b><\/p>\n<p>&nbsp;<\/p>\n<ul>\n<li aria-level=\"1\"><b>Quelle est la vision \u00e9ducative de votre campus et comment cette vision guide-t-elle les d\u00e9cisions p\u00e9dagogiques et administratives ?\u00a0<\/b><\/li>\n<\/ul>\n<p><span style=\"font-weight: 400;\">Ma vision: Faire aimer l&#8217;\u00e9cole et donner le go\u00fbt\u00a0 d&#8217;apprendre, de d\u00e9couvrir, cela est primordial pour moi. Comme adulte \u0153uvrant en \u00e9ducation, je pense que nous avons le devoir et la responsabilit\u00e9 d\u2019allumer les passions.\u00a0<\/span><\/p>\n<p><span style=\"font-weight: 400;\">Selon moi, plus les \u00e9l\u00e8ves ont la chance d\u2019explorer, plus ils pourront d\u00e9couvrir des int\u00e9r\u00eats insoup\u00e7onn\u00e9s. Les d\u00e9cisions p\u00e9dagogiques et administratives vont donc dans ce sens : varier autant que possible les activit\u00e9s parascolaires, les sorties et les th\u00e8mes abord\u00e9s afin de s&#8217;ouvrir vers le monde. Il y a tant \u00e0 d\u00e9couvrir! Initier \u00e0 diff\u00e9rents styles litt\u00e9raires, faire des exp\u00e9riences scientifiques, \u00e9couter les grands chansonniers qu\u00e9b\u00e9cois, introduire \u00e0 la musique classique et aux diff\u00e9rents instruments ou types de danses, faire\u00a0 du yoga ou de la cuisine, mettre un peu de magie dans les apprentissages du quotidien. Pour moi, il n&#8217;y a pas de limites, juste de nouvelles id\u00e9es \u00e0 explorer. Rendre les apprentissages significatifs pour les enfants, les relier \u00e0 la vie de tous les jours pour leur donner un sens tangible.<\/span><\/p>\n<p><span style=\"font-weight: 400;\">Cr\u00e9er une \u00e9cole qui devient une deuxi\u00e8me maison, c&#8217;est aussi une vision \u00e0 laquelle je crois. Vivre des relations saines o\u00f9 les valeurs d&#8217;entraide et de respect sont \u00e0 la base de la vie scolaire, c&#8217;est un objectif de tous les jours.\u00a0 Des programmes \u00e9ducatifs tel Moozoom, des journ\u00e9es pour c\u00e9l\u00e9brer l&#8217;ouverture vers les autres comme la journ\u00e9e nationale de la v\u00e9rit\u00e9 et de la r\u00e9conciliation, la journ\u00e9e nationale contre l&#8217;intimidation mieux connue sous le nom de la journ\u00e9e du chandail rose, organiser des carnavals durant lesquels les plus grands animent les plus petits, tels sont quelques exemples pour enrichir les relations et faire de notre \u00e9cole un milieu o\u00f9 il fait bon \u00e9voluer.<\/span><\/p>\n<p><span style=\"font-weight: 400;\">Si les enfants sont soutenus et stimul\u00e9s dans leurs apprentissages et qu&#8217;ils se sentent \u00e0 la fois aim\u00e9s et respect\u00e9s dans ce qu&#8217;ils sont, la chance de r\u00e9ussite est augment\u00e9e. Les recherches d\u00e9montrent que l&#8217;apprentissage a un volet \u00e9motionnel important, j&#8217;y crois fermement. Vivre dans un milieu respectueux nous enseigne le respect. Vivre en ayant des m\u00e9thodes de travail efficaces am\u00e8ne le go\u00fbt de se d\u00e9passer,du travail bien fait. Inculquer l&#8217;importance de mesurer notre r\u00e9ussite par rapport \u00e0 son propre potentiel, et non \u00e0 celui des autres, ce sont des messages importants \u00e0 v\u00e9hiculer. En soulignant les efforts et le travail acharn\u00e9, en acceptant que parfois les r\u00e9sultats ne sont pas au rendez-vous\u2026on enseigne la pers\u00e9v\u00e9rance!<\/span><\/p>\n<p>&nbsp;<\/p>\n<ul>\n<li aria-level=\"1\"><b>Quelles initiatives ou \u00e9v\u00e9nements communautaires votre \u00e9cole organise-t-elle pour maintenir les liens culturels et promouvoir la culture hell\u00e9nique parmi ses \u00e9l\u00e8ves ?\u00a0<\/b><\/li>\n<\/ul>\n<p><span style=\"font-weight: 400;\">\u00c0 ce sujet, nous venons tout juste de c\u00e9l\u00e9brer le 203 \u00e8me anniversaire de l&#8217;ind\u00e9pendance de la Gr\u00e8ce. Nous avons pr\u00e9sent\u00e9 notre spectacle vendredi dernier et les parents et membres de la communaut\u00e9 \u00e9taient r\u00e9unis pour admirer le talent des enfants. Chants, po\u00e8mes et danses, c&#8217;est une fiert\u00e9 de voir la transmission des valeurs et des traditions. Les enseignants de grec ont fait un travail remarquable et c&#8217;\u00e9tait extr\u00eamement touchant de voir l&#8217;histoire racont\u00e9e ainsi. Au cours de la fin de semaine, nous avons bien s\u00fbr particip\u00e9 au d\u00e9p\u00f4t des couronnes, \u00e0 la doxologie et au d\u00e9fil\u00e9. C&#8217;\u00e9tait un plaisir de voir les enfants porter fi\u00e8rement leur drapeau.\u00a0<\/span><\/p>\n<p><span style=\"font-weight: 400;\">Les enseignants de grec font un travail colossal en ce qui concerne l&#8217;apprentissage de la langue. Ils sont d&#8217;ailleurs en contact direct avec des enseignants de la Gr\u00e8ce, lors de rencontres virtuelles, afin d\u2019\u00e9changer en temps r\u00e9el. C&#8217;est l&#8217;occasion pour les \u00e9l\u00e8ves d\u2019\u00e9tablir des liens entre le grec ancien et les mots du grec moderne tout en comprenant leurs significations et leurs origines.\u00a0<\/span><\/p>\n<p><span style=\"font-weight: 400;\">Les valeurs hell\u00e9niques sont bien vivantes et on ne manque pas\u00a0 de souligner chaque \u00e9v\u00e9nement. La f\u00eate des trois hi\u00e9rarques, la c\u00e9l\u00e9bration du OXI, le d\u00e9but du car\u00eame avec la soupe fakes en sont que quelques exemples.\u00a0<\/span><\/p>\n<p><span style=\"font-weight: 400;\">Nous sommes privil\u00e9gi\u00e9s d&#8217;\u00e9voluer dans un milieu bienveillant et il est important que nous puissions contribuer en redonnant \u00e0 notre soci\u00e9t\u00e9. Des initiatives comme notre participation \u00e0 la journ\u00e9e Terry Fox, la lev\u00e9e de fonds pour op\u00e9ration enfants soleil ou encore les paniers de No\u00ebl nous permettent d&#8217;apprendre \u00e0 nos \u00e9l\u00e8ves \u00e0 devenir des citoyens engag\u00e9s et responsables. \u00c0 plus petite \u00e9chelle, les plus jeunes encouragent les finissants lors de leurs lev\u00e9es de fonds.\u00a0<\/span><\/p>\n<p>&nbsp;<\/p>\n<ul>\n<li aria-level=\"1\"><b>Comment l&#8217;\u00e9cole encourage-t-elle la participation et l\u2019engagement des parents dans la vie scolaire et la r\u00e9ussite acad\u00e9mique de leurs enfants ?\u00a0<\/b><\/li>\n<\/ul>\n<p><span style=\"font-weight: 400;\">La communication et les \u00e9changes entre l\u2019\u00e9quipe \u00e9cole et les parents sont une priorit\u00e9. Ces derniers sont invit\u00e9s d\u00e8s le d\u00e9but de l&#8217;ann\u00e9e afin de rencontrer l&#8217;\u00e9quipe \u00e9cole et de visiter les lieux o\u00f9 vont \u00e9voluer leurs enfants. Toutes les classes sont ouvertes et les informations n\u00e9cessaires \u00e0 l&#8217;accompagnement des \u00e9l\u00e8ves sont communiqu\u00e9es. Bien s\u00fbr, des suivis p\u00e9riodiques sont pr\u00e9vus afin de renseigner les parents sur le cheminement de leur enfant. Le Socralendrier est publi\u00e9 afin de renseigner les parents sur les \u00e9v\u00e9nements pr\u00e9vus pour le mois.<\/span><\/p>\n<p><span style=\"font-weight: 400;\">La grande f\u00eate du d\u00e9but de l&#8217;ann\u00e9e organis\u00e9e par notre comit\u00e9 de parents d\u00e9vou\u00e9 permet\u00a0 d&#8217;accueillir les nouvelles familles et de cr\u00e9er des liens. \u00c0 plusieurs reprises, les parents contribuent \u00e0 la vie scolaire et leur soutien est d&#8217;une grande valeur pour nous. Que ce soit lors des ventes de p\u00e2tisseries, ou lors de leur participation \u00e0 nos diff\u00e9rents \u00e9v\u00e9nements, pour la d\u00e9coration \u00e0 l\u2019Halloween, \u00e0 No\u00ebl ou lors de spectacles, ils sont engag\u00e9s et notre reconnaissance est bien r\u00e9elle.\u00a0<\/span><\/p>\n<p>&nbsp;<\/p>\n<ul>\n<li aria-level=\"1\"><b>Comment votre campus s&#8217;assure-t-il de maintenir un environnement d&#8217;apprentissage s\u00fbr et inclusif pour tous les \u00e9l\u00e8ves?<\/b><\/li>\n<\/ul>\n<p><span style=\"font-weight: 400;\">Notre campus est fr\u00e9quent\u00e9 par plusieurs enfants d&#8217;anciens \u00e9l\u00e8ves qui ont des souvenirs positifs de leur parcours \u00e0 notre \u00e9cole. Ceux-ci savent \u00e0 quel point nous tenons \u00e0 ce que tous et toutes se sentent \u00e0 l&#8217;aise d&#8217;y \u00e9voluer. Le fait de nous choisir et de nous confier ce qu&#8217;ils ont de plus pr\u00e9cieux, leur enfant,\u00a0 t\u00e9moigne de la confiance qu&#8217;ils ont en notre milieu.\u00a0<\/span><\/p>\n<p><span style=\"font-weight: 400;\">Depuis maintenant plusieurs ann\u00e9es, nous accueillons aussi des familles non grecques qui choisissent notre \u00e9cole justement parce que les valeurs de respect des diff\u00e9rences est au centre de qui nous sommes et des valeurs v\u00e9hicul\u00e9es.\u00a0<\/span><\/p>\n<p><span style=\"font-weight: 400;\">Toutes ces familles ont un point en commun, elles souhaitent un environnement stimulant, inclusif et respectueux et elles le retrouvent \u00e0 notre \u00e9cole.\u00a0<\/span><br \/>\n<b><\/b><\/p>\n<p>&nbsp;<\/p>\n<ul>\n<li aria-level=\"1\"><b>Quelles ressources p\u00e9dagogiques et technologiques sont mises \u00e0 disposition pour soutenir l&#8217;apprentissage des \u00e9l\u00e8ves ?<\/b><\/li>\n<\/ul>\n<p><span style=\"font-weight: 400;\">Nous avons la chance de pouvoir offrir de l&#8217;orthop\u00e9dagogie \u00e0 certains enfants qui n\u00e9cessitent ce petit coup de pouce suppl\u00e9mentaire pour les aider dans leur cheminement. Comme mentionn\u00e9 plus t\u00f4t, la diff\u00e9renciation p\u00e9dagogique est au c\u0153ur de nos pratiques.\u00a0<\/span><\/p>\n<p><span style=\"font-weight: 400;\">Depuis quelques ann\u00e9es, nous avons un programme de robotique pour les \u00e9l\u00e8ves du deuxi\u00e8me et troisi\u00e8me cycles et le volet num\u00e9rique est un incontournable afin de bien pr\u00e9parer les \u00e9l\u00e8ves \u00e0 la r\u00e9alit\u00e9 des \u00e9tudes sup\u00e9rieures et ultimement, au march\u00e9 du travail. D\u00e8s le pr\u00e9scolaire les \u00e9l\u00e8ves sont initi\u00e9s \u00e0 l&#8217;usage des Chromebook.\u00a0<\/span><\/p>\n<p><span style=\"font-weight: 400;\">Aussi, chaque classe dispose de la technologie Smart tv. Cet \u00e9cran tactile permet aux enseignants de pr\u00e9senter les notions\u00a0 et les fonctionnalit\u00e9s sont fascinantes et tr\u00e8s utiles pour les apprenants.\u00a0<\/span><\/p>\n<p>&nbsp;<\/p>\n<ul>\n<li aria-level=\"1\"><b>Quels sont vos d\u00e9fis sp\u00e9cifiques en tant que directrice d\u2019\u00e9cole, et comment faites-vous pour les relever ?<\/b><\/li>\n<\/ul>\n<p><span style=\"font-weight: 400;\">\u00c9tant \u00e0 la fois titulaire de classe du pr\u00e9scolaire et directrice, je dois bien s\u00fbr avouer que de conjuguer avec les deux positions peut \u00eatre essoufflant. Par contre, le fait d&#8217;\u00eatre entour\u00e9e d&#8217;une \u00e9quipe exceptionnelle et de compter sur la collaboration constante des parents rend mon travail vraiment plus facile. J&#8217;ai la chance unique de faire un m\u00e9tier que j&#8217;adore et l&#8217;\u00e9nergie des enfants me donne toujours le go\u00fbt de me d\u00e9passer. Il est primordial de rester bien renseign\u00e9e\u00a0 quant aux programmes d&#8217;\u00e9tudes, aux \u00e9valuations minist\u00e9rielles et aux nouvelles pratiques dans le monde de l&#8217;\u00e9ducation. C&#8217;est pourquoi je crois qu&#8217;il est important de parfaire mes connaissances et la formation continue est essentielle.\u00a0<\/span><\/p>\n<p>&nbsp;<\/p>\n<ul>\n<li aria-level=\"1\"><b>Y a-t-il quelque chose que vous aimeriez partager avec la communaut\u00e9 de parents de l\u2019\u00c9cole Socrates-D\u00e9mosth\u00e8ne ?<\/b><\/li>\n<\/ul>\n<p><span style=\"font-weight: 400;\">J&#8217;aimerais vous dire que n&#8217;\u00e9tant pas d&#8217;origine grecque, mon arriv\u00e9e \u00e0 l&#8217;\u2019\u00c9cole Socrates il y a plus de vingt ans maintenant, m&#8217;a fait d\u00e9couvrir un environnement inconnu. Rapidement, je me suis sentie accueillie et au fil des ann\u00e9es, j&#8217;ai eu la chance de c\u00f4toyer des gens incroyables qui \u00e9taient anim\u00e9s par une passion commune : l&#8217;\u00e9ducation. J&#8217;ai assur\u00e9ment eu un coup de c\u0153ur pour cette communaut\u00e9, pour cette \u00e9cole unique offrant une \u00e9ducation trilingue de qualit\u00e9 exceptionnelle.\u00a0<\/span><\/p>\n<p><span style=\"font-weight: 400;\">Au fil des ann\u00e9es, j&#8217;ai appris \u00e0 honorer l&#8217;ardeur avec laquelle les traditions sont transmises et l\u2019ouverture sur le monde de notre \u00e9cole et maintenant, je me plais \u00e0 dire que j&#8217;ai le c\u0153ur grec\u2026 J&#8217;ai la chance de me sentir \u00e0 la maison dans mon environnement de travail, c&#8217;est v\u00e9ritablement ma deuxi\u00e8me maison, ma famille d&#8217;adoption!\u00a0<\/span><\/p>\n<p><span style=\"font-weight: 400;\">J&#8217;invite donc tous ceux et celles qui, comme moi, ont la vive conviction que notre \u00e9cole est remarquable, \u00e0 la faire d\u00e9couvrir \u00e0 ceux qui, comme moi il y a plus de vingt ans, ne soup\u00e7onnent peut-\u00eatre pas son existence.<\/span><\/p>\n<p>&nbsp;<\/p>\n<p><b>Merci Madame Genevi\u00e8ve Cloutier pour cette entrevue !<\/b>[\/vc_column_text][\/vc_column][\/vc_row]\n","protected":false},"excerpt":{"rendered":"<p>[vc_row type=&#8221;full_width_background&#8221; full_screen_row_position=&#8221;middle&#8221; column_margin=&#8221;none&#8221; equal_height=&#8221;yes&#8221; content_placement=&#8221;middle&#8221; column_direction=&#8221;default&#8221; column_direction_tablet=&#8221;default&#8221; column_direction_phone=&#8221;default&#8221; scene_position=&#8221;center&#8221; top_padding=&#8221;6%&#8221; bottom_padding=&#8221;6%&#8221; text_color=&#8221;dark&#8221; text_align=&#8221;left&#8221; row_border_radius=&#8221;none&#8221; row_border_radius_applies=&#8221;bg&#8221; overlay_strength=&#8221;0.3&#8243; gradient_direction=&#8221;left_to_right&#8221; shape_divider_position=&#8221;bottom&#8221; bg_image_animation=&#8221;none&#8221; shape_type=&#8221;&#8221;][vc_column column_padding=&#8221;no-extra-padding&#8221; column_padding_tablet=&#8221;inherit&#8221; column_padding_phone=&#8221;inherit&#8221; column_padding_position=&#8221;all&#8221; background_color_opacity=&#8221;1&#8243; background_hover_color_opacity=&#8221;1&#8243; column_shadow=&#8221;none&#8221; column_border_radius=&#8221;none&#8221; column_link_target=&#8221;_self&#8221;&#8230;<\/p>\n","protected":false},"author":35,"featured_media":35725,"comment_status":"closed","ping_status":"closed","sticky":false,"template":"","format":"standard","meta":{"_monsterinsights_skip_tracking":false,"_monsterinsights_sitenote_active":false,"_monsterinsights_sitenote_note":"","_monsterinsights_sitenote_category":0,"footnotes":""},"categories":[93,94,95,96,97,87,193,210,186,196,194,187,197,195],"tags":[],"class_list":{"0":"post-35844","1":"post","2":"type-post","3":"status-publish","4":"format-standard","5":"has-post-thumbnail","7":"category-nea-2","8":"category-nea-3","9":"category-nea-4","10":"category-nea-5","11":"category-nea-demosthene","12":"category-news-and-activities-greek","13":"category-uncategorized-el-3","14":"category-uncategorized-el-9","15":"category-uncategorized-el","16":"category-uncategorized-el-6","17":"category-uncategorized-el-4","18":"category-uncategorized-el-2","19":"category-uncategorized-el-7","20":"category-uncategorized-el-5"},"yoast_head":"<!-- This site is optimized with the Yoast SEO plugin v27.5 - https:\/\/yoast.com\/product\/yoast-seo-wordpress\/ -->\n<title>Entrevue mois de avril - Genevi\u00e8ve Cloutier, directrice du campus Socrates IV - Saint-Hubert de l\u2019\u00c9cole Socrates-D\u00e9mosth\u00e8ne - \u0394\u03b7\u03bc\u03bf\u03c4\u03b9\u03ba\u03cc \u03c3\u03c7\u03bf\u03bb\u03b5\u03af\u03bf \u03a3\u03c9\u03ba\u03c1\u03ac\u03c4\u03b7\u03c2 \u03ba\u03b1\u03b9 \u0394\u03b7\u03bc\u03bf\u03c3\u03b8\u03ad\u03bd\u03b7\u03c2<\/title>\n<meta name=\"robots\" content=\"index, follow, max-snippet:-1, max-image-preview:large, max-video-preview:-1\" \/>\n<link rel=\"canonical\" href=\"https:\/\/www.socdem.org\/el\/entrevue-mois-de-avril-genevieve-cloutier-directrice-du-campus-socrates-iv-saint-hubert-de-lecole-socrates-demosthene\/\" \/>\n<meta property=\"og:locale\" content=\"el_GR\" \/>\n<meta property=\"og:type\" content=\"article\" \/>\n<meta property=\"og:title\" content=\"Entrevue mois de avril - Genevi\u00e8ve Cloutier, directrice du campus Socrates IV - Saint-Hubert de l\u2019\u00c9cole Socrates-D\u00e9mosth\u00e8ne - \u0394\u03b7\u03bc\u03bf\u03c4\u03b9\u03ba\u03cc \u03c3\u03c7\u03bf\u03bb\u03b5\u03af\u03bf \u03a3\u03c9\u03ba\u03c1\u03ac\u03c4\u03b7\u03c2 \u03ba\u03b1\u03b9 \u0394\u03b7\u03bc\u03bf\u03c3\u03b8\u03ad\u03bd\u03b7\u03c2\" \/>\n<meta property=\"og:description\" content=\"[vc_row type=&#8221;full_width_background&#8221; full_screen_row_position=&#8221;middle&#8221; column_margin=&#8221;none&#8221; equal_height=&#8221;yes&#8221; content_placement=&#8221;middle&#8221; column_direction=&#8221;default&#8221; column_direction_tablet=&#8221;default&#8221; column_direction_phone=&#8221;default&#8221; scene_position=&#8221;center&#8221; top_padding=&#8221;6%&#8221; bottom_padding=&#8221;6%&#8221; text_color=&#8221;dark&#8221; text_align=&#8221;left&#8221; row_border_radius=&#8221;none&#8221; row_border_radius_applies=&#8221;bg&#8221; overlay_strength=&#8221;0.3&#8243; gradient_direction=&#8221;left_to_right&#8221; shape_divider_position=&#8221;bottom&#8221; bg_image_animation=&#8221;none&#8221; shape_type=&#8221;&#8221;][vc_column column_padding=&#8221;no-extra-padding&#8221; column_padding_tablet=&#8221;inherit&#8221; column_padding_phone=&#8221;inherit&#8221; column_padding_position=&#8221;all&#8221; background_color_opacity=&#8221;1&#8243; background_hover_color_opacity=&#8221;1&#8243; column_shadow=&#8221;none&#8221; column_border_radius=&#8221;none&#8221; column_link_target=&#8221;_self&#8221;...\" \/>\n<meta property=\"og:url\" content=\"https:\/\/www.socdem.org\/el\/entrevue-mois-de-avril-genevieve-cloutier-directrice-du-campus-socrates-iv-saint-hubert-de-lecole-socrates-demosthene\/\" \/>\n<meta property=\"og:site_name\" content=\"\u0394\u03b7\u03bc\u03bf\u03c4\u03b9\u03ba\u03cc \u03c3\u03c7\u03bf\u03bb\u03b5\u03af\u03bf \u03a3\u03c9\u03ba\u03c1\u03ac\u03c4\u03b7\u03c2 \u03ba\u03b1\u03b9 \u0394\u03b7\u03bc\u03bf\u03c3\u03b8\u03ad\u03bd\u03b7\u03c2\" \/>\n<meta property=\"article:publisher\" content=\"https:\/\/www.facebook.com\/TheHCGM\/\" \/>\n<meta property=\"article:published_time\" content=\"2024-03-28T16:39:12+00:00\" \/>\n<meta property=\"article:modified_time\" content=\"2024-03-28T19:05:12+00:00\" \/>\n<meta property=\"og:image\" content=\"https:\/\/www.socdem.org\/wp-content\/uploads\/2024\/01\/Copie-de-Cloutier-Genevieve.jpg\" \/>\n\t<meta property=\"og:image:width\" content=\"800\" \/>\n\t<meta property=\"og:image:height\" content=\"1120\" \/>\n\t<meta property=\"og:image:type\" content=\"image\/jpeg\" \/>\n<meta name=\"author\" content=\"Socrates-Demosthenes School\" \/>\n<meta name=\"twitter:card\" content=\"summary_large_image\" \/>\n<meta name=\"twitter:label1\" content=\"\u03a3\u03c5\u03bd\u03c4\u03ac\u03c7\u03b8\u03b7\u03ba\u03b5 \u03b1\u03c0\u03cc\" \/>\n\t<meta name=\"twitter:data1\" content=\"Socrates-Demosthenes School\" \/>\n\t<meta name=\"twitter:label2\" content=\"\u0395\u03ba\u03c4\u03b9\u03bc\u03ce\u03bc\u03b5\u03bd\u03bf\u03c2 \u03c7\u03c1\u03cc\u03bd\u03bf\u03c2 \u03b1\u03bd\u03ac\u03b3\u03bd\u03c9\u03c3\u03b7\u03c2\" \/>\n\t<meta name=\"twitter:data2\" content=\"10 \u03bb\u03b5\u03c0\u03c4\u03ac\" \/>\n<script type=\"application\/ld+json\" class=\"yoast-schema-graph\">{\"@context\":\"https:\\\/\\\/schema.org\",\"@graph\":[{\"@type\":\"Article\",\"@id\":\"https:\\\/\\\/www.socdem.org\\\/el\\\/entrevue-mois-de-avril-genevieve-cloutier-directrice-du-campus-socrates-iv-saint-hubert-de-lecole-socrates-demosthene\\\/#article\",\"isPartOf\":{\"@id\":\"https:\\\/\\\/www.socdem.org\\\/el\\\/entrevue-mois-de-avril-genevieve-cloutier-directrice-du-campus-socrates-iv-saint-hubert-de-lecole-socrates-demosthene\\\/\"},\"author\":{\"name\":\"Socrates-Demosthenes School\",\"@id\":\"https:\\\/\\\/www.socdem.org\\\/el\\\/#\\\/schema\\\/person\\\/c8c5cb63ab912088b0d2a568e17e0af0\"},\"headline\":\"Entrevue mois de avril &#8211; Genevi\u00e8ve Cloutier, directrice du campus Socrates IV &#8211; Saint-Hubert de l\u2019\u00c9cole Socrates-D\u00e9mosth\u00e8ne\",\"datePublished\":\"2024-03-28T16:39:12+00:00\",\"dateModified\":\"2024-03-28T19:05:12+00:00\",\"mainEntityOfPage\":{\"@id\":\"https:\\\/\\\/www.socdem.org\\\/el\\\/entrevue-mois-de-avril-genevieve-cloutier-directrice-du-campus-socrates-iv-saint-hubert-de-lecole-socrates-demosthene\\\/\"},\"wordCount\":2842,\"publisher\":{\"@id\":\"https:\\\/\\\/www.socdem.org\\\/el\\\/#organization\"},\"image\":{\"@id\":\"https:\\\/\\\/www.socdem.org\\\/el\\\/entrevue-mois-de-avril-genevieve-cloutier-directrice-du-campus-socrates-iv-saint-hubert-de-lecole-socrates-demosthene\\\/#primaryimage\"},\"thumbnailUrl\":\"https:\\\/\\\/www.socdem.org\\\/wp-content\\\/uploads\\\/2024\\\/01\\\/Copie-de-Cloutier-Genevieve.jpg\",\"articleSection\":[\"Nea 2\",\"Nea 3\",\"Nea 4\",\"Nea 5\",\"Nea demosthene\",\"News and activities greek\",\"Uncategorized\",\"Uncategorized\",\"Uncategorized\",\"Uncategorized\",\"Uncategorized\",\"Uncategorized\",\"Uncategorized\",\"Uncategorized\"],\"inLanguage\":\"el\"},{\"@type\":\"WebPage\",\"@id\":\"https:\\\/\\\/www.socdem.org\\\/el\\\/entrevue-mois-de-avril-genevieve-cloutier-directrice-du-campus-socrates-iv-saint-hubert-de-lecole-socrates-demosthene\\\/\",\"url\":\"https:\\\/\\\/www.socdem.org\\\/el\\\/entrevue-mois-de-avril-genevieve-cloutier-directrice-du-campus-socrates-iv-saint-hubert-de-lecole-socrates-demosthene\\\/\",\"name\":\"Entrevue mois de avril - Genevi\u00e8ve Cloutier, directrice du campus Socrates IV - Saint-Hubert de l\u2019\u00c9cole Socrates-D\u00e9mosth\u00e8ne - \u0394\u03b7\u03bc\u03bf\u03c4\u03b9\u03ba\u03cc \u03c3\u03c7\u03bf\u03bb\u03b5\u03af\u03bf \u03a3\u03c9\u03ba\u03c1\u03ac\u03c4\u03b7\u03c2 \u03ba\u03b1\u03b9 \u0394\u03b7\u03bc\u03bf\u03c3\u03b8\u03ad\u03bd\u03b7\u03c2\",\"isPartOf\":{\"@id\":\"https:\\\/\\\/www.socdem.org\\\/el\\\/#website\"},\"primaryImageOfPage\":{\"@id\":\"https:\\\/\\\/www.socdem.org\\\/el\\\/entrevue-mois-de-avril-genevieve-cloutier-directrice-du-campus-socrates-iv-saint-hubert-de-lecole-socrates-demosthene\\\/#primaryimage\"},\"image\":{\"@id\":\"https:\\\/\\\/www.socdem.org\\\/el\\\/entrevue-mois-de-avril-genevieve-cloutier-directrice-du-campus-socrates-iv-saint-hubert-de-lecole-socrates-demosthene\\\/#primaryimage\"},\"thumbnailUrl\":\"https:\\\/\\\/www.socdem.org\\\/wp-content\\\/uploads\\\/2024\\\/01\\\/Copie-de-Cloutier-Genevieve.jpg\",\"datePublished\":\"2024-03-28T16:39:12+00:00\",\"dateModified\":\"2024-03-28T19:05:12+00:00\",\"breadcrumb\":{\"@id\":\"https:\\\/\\\/www.socdem.org\\\/el\\\/entrevue-mois-de-avril-genevieve-cloutier-directrice-du-campus-socrates-iv-saint-hubert-de-lecole-socrates-demosthene\\\/#breadcrumb\"},\"inLanguage\":\"el\",\"potentialAction\":[{\"@type\":\"ReadAction\",\"target\":[\"https:\\\/\\\/www.socdem.org\\\/el\\\/entrevue-mois-de-avril-genevieve-cloutier-directrice-du-campus-socrates-iv-saint-hubert-de-lecole-socrates-demosthene\\\/\"]}]},{\"@type\":\"ImageObject\",\"inLanguage\":\"el\",\"@id\":\"https:\\\/\\\/www.socdem.org\\\/el\\\/entrevue-mois-de-avril-genevieve-cloutier-directrice-du-campus-socrates-iv-saint-hubert-de-lecole-socrates-demosthene\\\/#primaryimage\",\"url\":\"https:\\\/\\\/www.socdem.org\\\/wp-content\\\/uploads\\\/2024\\\/01\\\/Copie-de-Cloutier-Genevieve.jpg\",\"contentUrl\":\"https:\\\/\\\/www.socdem.org\\\/wp-content\\\/uploads\\\/2024\\\/01\\\/Copie-de-Cloutier-Genevieve.jpg\",\"width\":800,\"height\":1120},{\"@type\":\"BreadcrumbList\",\"@id\":\"https:\\\/\\\/www.socdem.org\\\/el\\\/entrevue-mois-de-avril-genevieve-cloutier-directrice-du-campus-socrates-iv-saint-hubert-de-lecole-socrates-demosthene\\\/#breadcrumb\",\"itemListElement\":[{\"@type\":\"ListItem\",\"position\":1,\"name\":\"Accueil\",\"item\":\"https:\\\/\\\/www.socdem.org\\\/el\\\/\"},{\"@type\":\"ListItem\",\"position\":2,\"name\":\"Entrevue mois de avril &#8211; Genevi\u00e8ve Cloutier, directrice du campus Socrates IV &#8211; Saint-Hubert de l\u2019\u00c9cole Socrates-D\u00e9mosth\u00e8ne\"}]},{\"@type\":\"WebSite\",\"@id\":\"https:\\\/\\\/www.socdem.org\\\/el\\\/#website\",\"url\":\"https:\\\/\\\/www.socdem.org\\\/el\\\/\",\"name\":\"\u00c9cole Socrates-D\u00e9mosth\u00e8ne\",\"description\":\"\u03a0\u03ad\u03bd\u03c4\u03b5 \u03c4\u03c1\u03af\u03b3\u03bb\u03c9\u03c3\u03c3\u03b1 \u03b5\u03bb\u03bb\u03b7\u03bd\u03b9\u03ba\u03ac \u03b4\u03b7\u03bc\u03bf\u03c4\u03b9\u03ba\u03ac \u03c3\u03c7\u03bf\u03bb\u03b5\u03af\u03b1 \u03c4\u03bf\u03c5 \u039c\u03b5\u03b3\u03b1\u03bb\u03cd\u03c4\u03b5\u03c1\u03bf\u03c5 \u039c\u03bf\u03bd\u03c4\u03c1\u03b5\u03ac\u03bb\",\"publisher\":{\"@id\":\"https:\\\/\\\/www.socdem.org\\\/el\\\/#organization\"},\"potentialAction\":[{\"@type\":\"SearchAction\",\"target\":{\"@type\":\"EntryPoint\",\"urlTemplate\":\"https:\\\/\\\/www.socdem.org\\\/el\\\/?s={search_term_string}\"},\"query-input\":{\"@type\":\"PropertyValueSpecification\",\"valueRequired\":true,\"valueName\":\"search_term_string\"}}],\"inLanguage\":\"el\"},{\"@type\":\"Organization\",\"@id\":\"https:\\\/\\\/www.socdem.org\\\/el\\\/#organization\",\"name\":\"\u00c9cole Socrates-D\u00e9mosth\u00e8ne\",\"url\":\"https:\\\/\\\/www.socdem.org\\\/el\\\/\",\"logo\":{\"@type\":\"ImageObject\",\"inLanguage\":\"el\",\"@id\":\"https:\\\/\\\/www.socdem.org\\\/el\\\/#\\\/schema\\\/logo\\\/image\\\/\",\"url\":\"https:\\\/\\\/www.socdem.org\\\/wp-content\\\/uploads\\\/2014\\\/03\\\/SOC-DEM-LOGO-NAME.jpg\",\"contentUrl\":\"https:\\\/\\\/www.socdem.org\\\/wp-content\\\/uploads\\\/2014\\\/03\\\/SOC-DEM-LOGO-NAME.jpg\",\"width\":\"8485\",\"height\":\"4200\",\"caption\":\"\u00c9cole Socrates-D\u00e9mosth\u00e8ne\"},\"image\":{\"@id\":\"https:\\\/\\\/www.socdem.org\\\/el\\\/#\\\/schema\\\/logo\\\/image\\\/\"},\"sameAs\":[\"https:\\\/\\\/www.facebook.com\\\/TheHCGM\\\/\",\"https:\\\/\\\/www.instagram.com\\\/p\\\/BnE965PhJU7\\\/?hl=en\"]},{\"@type\":\"Person\",\"@id\":\"https:\\\/\\\/www.socdem.org\\\/el\\\/#\\\/schema\\\/person\\\/c8c5cb63ab912088b0d2a568e17e0af0\",\"name\":\"Socrates-Demosthenes School\",\"image\":{\"@type\":\"ImageObject\",\"inLanguage\":\"el\",\"@id\":\"https:\\\/\\\/secure.gravatar.com\\\/avatar\\\/1a27f30d02006e9fb076599a6486443881ffdd9cbdfd270e895401c4027cd91b?s=96&d=mm&r=g\",\"url\":\"https:\\\/\\\/secure.gravatar.com\\\/avatar\\\/1a27f30d02006e9fb076599a6486443881ffdd9cbdfd270e895401c4027cd91b?s=96&d=mm&r=g\",\"contentUrl\":\"https:\\\/\\\/secure.gravatar.com\\\/avatar\\\/1a27f30d02006e9fb076599a6486443881ffdd9cbdfd270e895401c4027cd91b?s=96&d=mm&r=g\",\"caption\":\"Socrates-Demosthenes School\"},\"sameAs\":[\"http:\\\/\\\/socdem.org\"],\"url\":\"https:\\\/\\\/www.socdem.org\\\/el\\\/author\\\/afiorani\\\/\"}]}<\/script>\n<!-- \/ Yoast SEO plugin. -->","yoast_head_json":{"title":"Entrevue mois de avril - Genevi\u00e8ve Cloutier, directrice du campus Socrates IV - Saint-Hubert de l\u2019\u00c9cole Socrates-D\u00e9mosth\u00e8ne - \u0394\u03b7\u03bc\u03bf\u03c4\u03b9\u03ba\u03cc \u03c3\u03c7\u03bf\u03bb\u03b5\u03af\u03bf \u03a3\u03c9\u03ba\u03c1\u03ac\u03c4\u03b7\u03c2 \u03ba\u03b1\u03b9 \u0394\u03b7\u03bc\u03bf\u03c3\u03b8\u03ad\u03bd\u03b7\u03c2","robots":{"index":"index","follow":"follow","max-snippet":"max-snippet:-1","max-image-preview":"max-image-preview:large","max-video-preview":"max-video-preview:-1"},"canonical":"https:\/\/www.socdem.org\/el\/entrevue-mois-de-avril-genevieve-cloutier-directrice-du-campus-socrates-iv-saint-hubert-de-lecole-socrates-demosthene\/","og_locale":"el_GR","og_type":"article","og_title":"Entrevue mois de avril - Genevi\u00e8ve Cloutier, directrice du campus Socrates IV - Saint-Hubert de l\u2019\u00c9cole Socrates-D\u00e9mosth\u00e8ne - \u0394\u03b7\u03bc\u03bf\u03c4\u03b9\u03ba\u03cc \u03c3\u03c7\u03bf\u03bb\u03b5\u03af\u03bf \u03a3\u03c9\u03ba\u03c1\u03ac\u03c4\u03b7\u03c2 \u03ba\u03b1\u03b9 \u0394\u03b7\u03bc\u03bf\u03c3\u03b8\u03ad\u03bd\u03b7\u03c2","og_description":"[vc_row type=&#8221;full_width_background&#8221; full_screen_row_position=&#8221;middle&#8221; column_margin=&#8221;none&#8221; equal_height=&#8221;yes&#8221; content_placement=&#8221;middle&#8221; column_direction=&#8221;default&#8221; column_direction_tablet=&#8221;default&#8221; column_direction_phone=&#8221;default&#8221; scene_position=&#8221;center&#8221; top_padding=&#8221;6%&#8221; bottom_padding=&#8221;6%&#8221; text_color=&#8221;dark&#8221; text_align=&#8221;left&#8221; row_border_radius=&#8221;none&#8221; row_border_radius_applies=&#8221;bg&#8221; overlay_strength=&#8221;0.3&#8243; gradient_direction=&#8221;left_to_right&#8221; shape_divider_position=&#8221;bottom&#8221; bg_image_animation=&#8221;none&#8221; shape_type=&#8221;&#8221;][vc_column column_padding=&#8221;no-extra-padding&#8221; column_padding_tablet=&#8221;inherit&#8221; column_padding_phone=&#8221;inherit&#8221; column_padding_position=&#8221;all&#8221; background_color_opacity=&#8221;1&#8243; background_hover_color_opacity=&#8221;1&#8243; column_shadow=&#8221;none&#8221; column_border_radius=&#8221;none&#8221; column_link_target=&#8221;_self&#8221;...","og_url":"https:\/\/www.socdem.org\/el\/entrevue-mois-de-avril-genevieve-cloutier-directrice-du-campus-socrates-iv-saint-hubert-de-lecole-socrates-demosthene\/","og_site_name":"\u0394\u03b7\u03bc\u03bf\u03c4\u03b9\u03ba\u03cc \u03c3\u03c7\u03bf\u03bb\u03b5\u03af\u03bf \u03a3\u03c9\u03ba\u03c1\u03ac\u03c4\u03b7\u03c2 \u03ba\u03b1\u03b9 \u0394\u03b7\u03bc\u03bf\u03c3\u03b8\u03ad\u03bd\u03b7\u03c2","article_publisher":"https:\/\/www.facebook.com\/TheHCGM\/","article_published_time":"2024-03-28T16:39:12+00:00","article_modified_time":"2024-03-28T19:05:12+00:00","og_image":[{"width":800,"height":1120,"url":"https:\/\/www.socdem.org\/wp-content\/uploads\/2024\/01\/Copie-de-Cloutier-Genevieve.jpg","type":"image\/jpeg"}],"author":"Socrates-Demosthenes School","twitter_card":"summary_large_image","twitter_misc":{"\u03a3\u03c5\u03bd\u03c4\u03ac\u03c7\u03b8\u03b7\u03ba\u03b5 \u03b1\u03c0\u03cc":"Socrates-Demosthenes School","\u0395\u03ba\u03c4\u03b9\u03bc\u03ce\u03bc\u03b5\u03bd\u03bf\u03c2 \u03c7\u03c1\u03cc\u03bd\u03bf\u03c2 \u03b1\u03bd\u03ac\u03b3\u03bd\u03c9\u03c3\u03b7\u03c2":"10 \u03bb\u03b5\u03c0\u03c4\u03ac"},"schema":{"@context":"https:\/\/schema.org","@graph":[{"@type":"Article","@id":"https:\/\/www.socdem.org\/el\/entrevue-mois-de-avril-genevieve-cloutier-directrice-du-campus-socrates-iv-saint-hubert-de-lecole-socrates-demosthene\/#article","isPartOf":{"@id":"https:\/\/www.socdem.org\/el\/entrevue-mois-de-avril-genevieve-cloutier-directrice-du-campus-socrates-iv-saint-hubert-de-lecole-socrates-demosthene\/"},"author":{"name":"Socrates-Demosthenes School","@id":"https:\/\/www.socdem.org\/el\/#\/schema\/person\/c8c5cb63ab912088b0d2a568e17e0af0"},"headline":"Entrevue mois de avril &#8211; Genevi\u00e8ve Cloutier, directrice du campus Socrates IV &#8211; Saint-Hubert de l\u2019\u00c9cole Socrates-D\u00e9mosth\u00e8ne","datePublished":"2024-03-28T16:39:12+00:00","dateModified":"2024-03-28T19:05:12+00:00","mainEntityOfPage":{"@id":"https:\/\/www.socdem.org\/el\/entrevue-mois-de-avril-genevieve-cloutier-directrice-du-campus-socrates-iv-saint-hubert-de-lecole-socrates-demosthene\/"},"wordCount":2842,"publisher":{"@id":"https:\/\/www.socdem.org\/el\/#organization"},"image":{"@id":"https:\/\/www.socdem.org\/el\/entrevue-mois-de-avril-genevieve-cloutier-directrice-du-campus-socrates-iv-saint-hubert-de-lecole-socrates-demosthene\/#primaryimage"},"thumbnailUrl":"https:\/\/www.socdem.org\/wp-content\/uploads\/2024\/01\/Copie-de-Cloutier-Genevieve.jpg","articleSection":["Nea 2","Nea 3","Nea 4","Nea 5","Nea demosthene","News and activities greek","Uncategorized","Uncategorized","Uncategorized","Uncategorized","Uncategorized","Uncategorized","Uncategorized","Uncategorized"],"inLanguage":"el"},{"@type":"WebPage","@id":"https:\/\/www.socdem.org\/el\/entrevue-mois-de-avril-genevieve-cloutier-directrice-du-campus-socrates-iv-saint-hubert-de-lecole-socrates-demosthene\/","url":"https:\/\/www.socdem.org\/el\/entrevue-mois-de-avril-genevieve-cloutier-directrice-du-campus-socrates-iv-saint-hubert-de-lecole-socrates-demosthene\/","name":"Entrevue mois de avril - Genevi\u00e8ve Cloutier, directrice du campus Socrates IV - Saint-Hubert de l\u2019\u00c9cole Socrates-D\u00e9mosth\u00e8ne - \u0394\u03b7\u03bc\u03bf\u03c4\u03b9\u03ba\u03cc \u03c3\u03c7\u03bf\u03bb\u03b5\u03af\u03bf \u03a3\u03c9\u03ba\u03c1\u03ac\u03c4\u03b7\u03c2 \u03ba\u03b1\u03b9 \u0394\u03b7\u03bc\u03bf\u03c3\u03b8\u03ad\u03bd\u03b7\u03c2","isPartOf":{"@id":"https:\/\/www.socdem.org\/el\/#website"},"primaryImageOfPage":{"@id":"https:\/\/www.socdem.org\/el\/entrevue-mois-de-avril-genevieve-cloutier-directrice-du-campus-socrates-iv-saint-hubert-de-lecole-socrates-demosthene\/#primaryimage"},"image":{"@id":"https:\/\/www.socdem.org\/el\/entrevue-mois-de-avril-genevieve-cloutier-directrice-du-campus-socrates-iv-saint-hubert-de-lecole-socrates-demosthene\/#primaryimage"},"thumbnailUrl":"https:\/\/www.socdem.org\/wp-content\/uploads\/2024\/01\/Copie-de-Cloutier-Genevieve.jpg","datePublished":"2024-03-28T16:39:12+00:00","dateModified":"2024-03-28T19:05:12+00:00","breadcrumb":{"@id":"https:\/\/www.socdem.org\/el\/entrevue-mois-de-avril-genevieve-cloutier-directrice-du-campus-socrates-iv-saint-hubert-de-lecole-socrates-demosthene\/#breadcrumb"},"inLanguage":"el","potentialAction":[{"@type":"ReadAction","target":["https:\/\/www.socdem.org\/el\/entrevue-mois-de-avril-genevieve-cloutier-directrice-du-campus-socrates-iv-saint-hubert-de-lecole-socrates-demosthene\/"]}]},{"@type":"ImageObject","inLanguage":"el","@id":"https:\/\/www.socdem.org\/el\/entrevue-mois-de-avril-genevieve-cloutier-directrice-du-campus-socrates-iv-saint-hubert-de-lecole-socrates-demosthene\/#primaryimage","url":"https:\/\/www.socdem.org\/wp-content\/uploads\/2024\/01\/Copie-de-Cloutier-Genevieve.jpg","contentUrl":"https:\/\/www.socdem.org\/wp-content\/uploads\/2024\/01\/Copie-de-Cloutier-Genevieve.jpg","width":800,"height":1120},{"@type":"BreadcrumbList","@id":"https:\/\/www.socdem.org\/el\/entrevue-mois-de-avril-genevieve-cloutier-directrice-du-campus-socrates-iv-saint-hubert-de-lecole-socrates-demosthene\/#breadcrumb","itemListElement":[{"@type":"ListItem","position":1,"name":"Accueil","item":"https:\/\/www.socdem.org\/el\/"},{"@type":"ListItem","position":2,"name":"Entrevue mois de avril &#8211; Genevi\u00e8ve Cloutier, directrice du campus Socrates IV &#8211; Saint-Hubert de l\u2019\u00c9cole Socrates-D\u00e9mosth\u00e8ne"}]},{"@type":"WebSite","@id":"https:\/\/www.socdem.org\/el\/#website","url":"https:\/\/www.socdem.org\/el\/","name":"\u00c9cole Socrates-D\u00e9mosth\u00e8ne","description":"\u03a0\u03ad\u03bd\u03c4\u03b5 \u03c4\u03c1\u03af\u03b3\u03bb\u03c9\u03c3\u03c3\u03b1 \u03b5\u03bb\u03bb\u03b7\u03bd\u03b9\u03ba\u03ac \u03b4\u03b7\u03bc\u03bf\u03c4\u03b9\u03ba\u03ac \u03c3\u03c7\u03bf\u03bb\u03b5\u03af\u03b1 \u03c4\u03bf\u03c5 \u039c\u03b5\u03b3\u03b1\u03bb\u03cd\u03c4\u03b5\u03c1\u03bf\u03c5 \u039c\u03bf\u03bd\u03c4\u03c1\u03b5\u03ac\u03bb","publisher":{"@id":"https:\/\/www.socdem.org\/el\/#organization"},"potentialAction":[{"@type":"SearchAction","target":{"@type":"EntryPoint","urlTemplate":"https:\/\/www.socdem.org\/el\/?s={search_term_string}"},"query-input":{"@type":"PropertyValueSpecification","valueRequired":true,"valueName":"search_term_string"}}],"inLanguage":"el"},{"@type":"Organization","@id":"https:\/\/www.socdem.org\/el\/#organization","name":"\u00c9cole Socrates-D\u00e9mosth\u00e8ne","url":"https:\/\/www.socdem.org\/el\/","logo":{"@type":"ImageObject","inLanguage":"el","@id":"https:\/\/www.socdem.org\/el\/#\/schema\/logo\/image\/","url":"https:\/\/www.socdem.org\/wp-content\/uploads\/2014\/03\/SOC-DEM-LOGO-NAME.jpg","contentUrl":"https:\/\/www.socdem.org\/wp-content\/uploads\/2014\/03\/SOC-DEM-LOGO-NAME.jpg","width":"8485","height":"4200","caption":"\u00c9cole Socrates-D\u00e9mosth\u00e8ne"},"image":{"@id":"https:\/\/www.socdem.org\/el\/#\/schema\/logo\/image\/"},"sameAs":["https:\/\/www.facebook.com\/TheHCGM\/","https:\/\/www.instagram.com\/p\/BnE965PhJU7\/?hl=en"]},{"@type":"Person","@id":"https:\/\/www.socdem.org\/el\/#\/schema\/person\/c8c5cb63ab912088b0d2a568e17e0af0","name":"Socrates-Demosthenes School","image":{"@type":"ImageObject","inLanguage":"el","@id":"https:\/\/secure.gravatar.com\/avatar\/1a27f30d02006e9fb076599a6486443881ffdd9cbdfd270e895401c4027cd91b?s=96&d=mm&r=g","url":"https:\/\/secure.gravatar.com\/avatar\/1a27f30d02006e9fb076599a6486443881ffdd9cbdfd270e895401c4027cd91b?s=96&d=mm&r=g","contentUrl":"https:\/\/secure.gravatar.com\/avatar\/1a27f30d02006e9fb076599a6486443881ffdd9cbdfd270e895401c4027cd91b?s=96&d=mm&r=g","caption":"Socrates-Demosthenes School"},"sameAs":["http:\/\/socdem.org"],"url":"https:\/\/www.socdem.org\/el\/author\/afiorani\/"}]}},"_links":{"self":[{"href":"https:\/\/www.socdem.org\/el\/wp-json\/wp\/v2\/posts\/35844","targetHints":{"allow":["GET"]}}],"collection":[{"href":"https:\/\/www.socdem.org\/el\/wp-json\/wp\/v2\/posts"}],"about":[{"href":"https:\/\/www.socdem.org\/el\/wp-json\/wp\/v2\/types\/post"}],"author":[{"embeddable":true,"href":"https:\/\/www.socdem.org\/el\/wp-json\/wp\/v2\/users\/35"}],"replies":[{"embeddable":true,"href":"https:\/\/www.socdem.org\/el\/wp-json\/wp\/v2\/comments?post=35844"}],"version-history":[{"count":2,"href":"https:\/\/www.socdem.org\/el\/wp-json\/wp\/v2\/posts\/35844\/revisions"}],"predecessor-version":[{"id":35851,"href":"https:\/\/www.socdem.org\/el\/wp-json\/wp\/v2\/posts\/35844\/revisions\/35851"}],"wp:featuredmedia":[{"embeddable":true,"href":"https:\/\/www.socdem.org\/el\/wp-json\/wp\/v2\/media\/35725"}],"wp:attachment":[{"href":"https:\/\/www.socdem.org\/el\/wp-json\/wp\/v2\/media?parent=35844"}],"wp:term":[{"taxonomy":"category","embeddable":true,"href":"https:\/\/www.socdem.org\/el\/wp-json\/wp\/v2\/categories?post=35844"},{"taxonomy":"post_tag","embeddable":true,"href":"https:\/\/www.socdem.org\/el\/wp-json\/wp\/v2\/tags?post=35844"}],"curies":[{"name":"wp","href":"https:\/\/api.w.org\/{rel}","templated":true}]}}