{"id":37439,"date":"2024-09-18T11:37:10","date_gmt":"2024-09-18T15:37:10","guid":{"rendered":"https:\/\/www.socdem.org\/un-cours-de-premiers-soins\/"},"modified":"2024-09-18T11:42:08","modified_gmt":"2024-09-18T15:42:08","slug":"un-cours-de-premiers-soins","status":"publish","type":"post","link":"https:\/\/www.socdem.org\/el\/un-cours-de-premiers-soins\/","title":{"rendered":"Les \u00e9l\u00e8ves de 6e ann\u00e9e du campus V de l&#8217;\u00e9cole Socrates-D\u00e9mosth\u00e8ne ont particip\u00e9 \u00e0 un cours de premiers soins, une initiative importante pour sensibiliser et pr\u00e9parer les jeunes \u00e0 r\u00e9agir efficacement en cas d&#8217;urgence."},"content":{"rendered":"[vc_row type=&#8221;in_container&#8221; full_screen_row_position=&#8221;middle&#8221; column_margin=&#8221;default&#8221; column_direction=&#8221;default&#8221; column_direction_tablet=&#8221;default&#8221; column_direction_phone=&#8221;default&#8221; scene_position=&#8221;center&#8221; text_color=&#8221;dark&#8221; text_align=&#8221;left&#8221; row_border_radius=&#8221;none&#8221; row_border_radius_applies=&#8221;bg&#8221; overlay_strength=&#8221;0.3&#8243; gradient_direction=&#8221;left_to_right&#8221; shape_divider_position=&#8221;bottom&#8221; bg_image_animation=&#8221;none&#8221;][vc_column column_padding=&#8221;no-extra-padding&#8221; column_padding_tablet=&#8221;inherit&#8221; column_padding_phone=&#8221;inherit&#8221; column_padding_position=&#8221;all&#8221; background_color_opacity=&#8221;1&#8243; background_hover_color_opacity=&#8221;1&#8243; column_shadow=&#8221;none&#8221; column_border_radius=&#8221;none&#8221; column_link_target=&#8221;_self&#8221; gradient_direction=&#8221;left_to_right&#8221; overlay_strength=&#8221;0.3&#8243; width=&#8221;1\/1&#8243; tablet_width_inherit=&#8221;default&#8221; tablet_text_alignment=&#8221;default&#8221; phone_text_alignment=&#8221;default&#8221; column_border_width=&#8221;none&#8221; column_border_style=&#8221;solid&#8221; bg_image_animation=&#8221;none&#8221;][vc_column_text]\n<div class=\"xdj266r x11i5rnm xat24cr x1mh8g0r x1vvkbs x126k92a\">\n<div dir=\"auto\"><span class=\"html-span xexx8yu x4uap5 x18d9i69 xkhd6sd x1hl2dhg x16tdsg8 x1vvkbs x3nfvp2 x1j61x8r x1fcty0u xdj266r xat24cr xgzva0m xhhsvwb xxymvpz xlup9mm x1kky2od\"><b>Les \u00e9l\u00e8ves de 6e ann\u00e9e du campus V de l&#8217;\u00e9cole Socrates-D\u00e9mosth\u00e8ne ont particip\u00e9 \u00e0 un cours de premiers soins, une initiative importante pour sensibiliser et pr\u00e9parer les jeunes \u00e0 r\u00e9agir efficacement en cas d&#8217;urgence. <\/b><img loading=\"lazy\" decoding=\"async\" class=\"xz74otr\" src=\"https:\/\/static.xx.fbcdn.net\/images\/emoji.php\/v9\/t45\/1\/16\/1f6a8.png\" alt=\"\" width=\"16\" height=\"16\" \/><\/span><span class=\"html-span xexx8yu x4uap5 x18d9i69 xkhd6sd x1hl2dhg x16tdsg8 x1vvkbs x3nfvp2 x1j61x8r x1fcty0u xdj266r xat24cr xgzva0m xhhsvwb xxymvpz xlup9mm x1kky2od\"><img loading=\"lazy\" decoding=\"async\" class=\"xz74otr\" src=\"https:\/\/static.xx.fbcdn.net\/images\/emoji.php\/v9\/ta\/1\/16\/2764_200d_1fa79.png\" alt=\"&#x2764;&#xfe0f;&#x200d;\" width=\"16\" height=\"16\" \/><br \/>\n<\/span><\/div>\n<div dir=\"auto\"><\/div>\n<\/div>\n<div class=\"x11i5rnm xat24cr x1mh8g0r x1vvkbs xtlvy1s x126k92a\">\n<div dir=\"auto\">Ce programme couvre les \u00e9tapes essentielles \u00e0 suivre lors d&#8217;\u00e9v\u00e9nements impr\u00e9vus tels que des accidents, des malaises ou toute situation pouvant mettre en danger la vie d&#8217;une personne. Les \u00e9l\u00e8ves ont appris les techniques de premiers soins, notamment la r\u00e9animation cardiorespiratoire (RCR), l\u2019utilisation d\u2019un d\u00e9fibrillateur externe automatis\u00e9 (DEA) et la gestion des allergies s\u00e9v\u00e8res, renfor\u00e7ant ainsi leur capacit\u00e9 \u00e0 intervenir en toute s\u00e9curit\u00e9 et rapidement en cas d&#8217;urgence. Nous tenons \u00e0 remercier Mme Kelly Angelakis pour cette judicieuse formation et pour son g\u00e9n\u00e9reux don de 610$ au comit\u00e9 de graduation de notre \u00e9cole.<\/div>\n<\/div>\n[\/vc_column_text][\/vc_column][\/vc_row][vc_row type=&#8221;full_width_background&#8221; full_screen_row_position=&#8221;middle&#8221; column_margin=&#8221;default&#8221; column_direction=&#8221;default&#8221; column_direction_tablet=&#8221;default&#8221; column_direction_phone=&#8221;default&#8221; scene_position=&#8221;center&#8221; bottom_padding=&#8221;8%&#8221; text_color=&#8221;dark&#8221; text_align=&#8221;left&#8221; row_border_radius=&#8221;none&#8221; row_border_radius_applies=&#8221;bg&#8221; overlay_strength=&#8221;0.3&#8243; gradient_direction=&#8221;left_to_right&#8221; shape_divider_position=&#8221;bottom&#8221; bg_image_animation=&#8221;none&#8221; shape_type=&#8221;&#8221;][vc_column column_padding=&#8221;no-extra-padding&#8221; column_padding_tablet=&#8221;inherit&#8221; column_padding_phone=&#8221;inherit&#8221; column_padding_position=&#8221;all&#8221; background_color_opacity=&#8221;1&#8243; background_hover_color_opacity=&#8221;1&#8243; column_shadow=&#8221;none&#8221; column_border_radius=&#8221;none&#8221; column_link_target=&#8221;_self&#8221; gradient_direction=&#8221;left_to_right&#8221; overlay_strength=&#8221;0.3&#8243; width=&#8221;1\/1&#8243; tablet_width_inherit=&#8221;default&#8221; tablet_text_alignment=&#8221;default&#8221; phone_text_alignment=&#8221;default&#8221; column_border_width=&#8221;none&#8221; column_border_style=&#8221;solid&#8221; bg_image_animation=&#8221;none&#8221;][vc_gallery type=&#8221;flickity_static_height_style&#8221; images=&#8221;37409,37412,37415,37418,37421,37424,37427,37430,37433&#8243; flickity_spacing=&#8221;10px&#8221; flickity_controls=&#8221;touch_total&#8221; flickity_overflow=&#8221;visible&#8221; flickity_wrap_around=&#8221;no-wrap&#8221; flickity_box_shadow=&#8221;none&#8221; image_loading=&#8221;lazy-load&#8221; onclick=&#8221;link_no&#8221; flickity_img_height=&#8221;500&#8243;][\/vc_column][\/vc_row]\n","protected":false},"excerpt":{"rendered":"<p>[vc_row type=&#8221;in_container&#8221; full_screen_row_position=&#8221;middle&#8221; column_margin=&#8221;default&#8221; column_direction=&#8221;default&#8221; column_direction_tablet=&#8221;default&#8221; column_direction_phone=&#8221;default&#8221; scene_position=&#8221;center&#8221; text_color=&#8221;dark&#8221; text_align=&#8221;left&#8221; row_border_radius=&#8221;none&#8221; row_border_radius_applies=&#8221;bg&#8221; overlay_strength=&#8221;0.3&#8243; gradient_direction=&#8221;left_to_right&#8221; shape_divider_position=&#8221;bottom&#8221; bg_image_animation=&#8221;none&#8221;][vc_column column_padding=&#8221;no-extra-padding&#8221; column_padding_tablet=&#8221;inherit&#8221; column_padding_phone=&#8221;inherit&#8221; column_padding_position=&#8221;all&#8221; background_color_opacity=&#8221;1&#8243; background_hover_color_opacity=&#8221;1&#8243; column_shadow=&#8221;none&#8221; column_border_radius=&#8221;none&#8221; column_link_target=&#8221;_self&#8221; gradient_direction=&#8221;left_to_right&#8221; overlay_strength=&#8221;0.3&#8243; width=&#8221;1\/1&#8243; tablet_width_inherit=&#8221;default&#8221; tablet_text_alignment=&#8221;default&#8221;&#8230;<\/p>\n","protected":false},"author":35,"featured_media":37411,"comment_status":"closed","ping_status":"closed","sticky":false,"template":"","format":"standard","meta":{"_monsterinsights_skip_tracking":false,"_monsterinsights_sitenote_active":false,"_monsterinsights_sitenote_note":"","_monsterinsights_sitenote_category":0,"footnotes":""},"categories":[93,94,95,96,97,87,195,193,186,196,194,187,197],"tags":[],"class_list":{"0":"post-37439","1":"post","2":"type-post","3":"status-publish","4":"format-standard","5":"has-post-thumbnail","7":"category-nea-2","8":"category-nea-3","9":"category-nea-4","10":"category-nea-5","11":"category-nea-demosthene","12":"category-news-and-activities-greek","13":"category-uncategorized-el-5","14":"category-uncategorized-el-3","15":"category-uncategorized-el","16":"category-uncategorized-el-6","17":"category-uncategorized-el-4","18":"category-uncategorized-el-2","19":"category-uncategorized-el-7"},"yoast_head":"<!-- This site is optimized with the Yoast SEO plugin v27.5 - https:\/\/yoast.com\/product\/yoast-seo-wordpress\/ -->\n<title>Les \u00e9l\u00e8ves de 6e ann\u00e9e du campus V de l&#039;\u00e9cole Socrates-D\u00e9mosth\u00e8ne ont particip\u00e9 \u00e0 un cours de premiers soins, une initiative importante pour sensibiliser et pr\u00e9parer les jeunes \u00e0 r\u00e9agir efficacement en cas d&#039;urgence. - \u0394\u03b7\u03bc\u03bf\u03c4\u03b9\u03ba\u03cc \u03c3\u03c7\u03bf\u03bb\u03b5\u03af\u03bf \u03a3\u03c9\u03ba\u03c1\u03ac\u03c4\u03b7\u03c2 \u03ba\u03b1\u03b9 \u0394\u03b7\u03bc\u03bf\u03c3\u03b8\u03ad\u03bd\u03b7\u03c2<\/title>\n<meta name=\"description\" content=\"Les \u00e9l\u00e8ves de 6e ann\u00e9e du campus V de l&#039;\u00e9cole Socrates-D\u00e9mosth\u00e8ne ont particip\u00e9 \u00e0 un cours de premiers soins, une initiative importante pour sensibiliser et pr\u00e9parer les jeunes \u00e0 r\u00e9agir efficacement en cas d&#039;urgence.\" \/>\n<meta name=\"robots\" content=\"index, follow, max-snippet:-1, max-image-preview:large, max-video-preview:-1\" \/>\n<link rel=\"canonical\" href=\"https:\/\/www.socdem.org\/el\/un-cours-de-premiers-soins\/\" \/>\n<meta property=\"og:locale\" content=\"el_GR\" \/>\n<meta property=\"og:type\" content=\"article\" \/>\n<meta property=\"og:title\" content=\"Les \u00e9l\u00e8ves de 6e ann\u00e9e du campus V de l&#039;\u00e9cole Socrates-D\u00e9mosth\u00e8ne ont particip\u00e9 \u00e0 un cours de premiers soins, une initiative importante pour sensibiliser et pr\u00e9parer les jeunes \u00e0 r\u00e9agir efficacement en cas d&#039;urgence. - \u0394\u03b7\u03bc\u03bf\u03c4\u03b9\u03ba\u03cc \u03c3\u03c7\u03bf\u03bb\u03b5\u03af\u03bf \u03a3\u03c9\u03ba\u03c1\u03ac\u03c4\u03b7\u03c2 \u03ba\u03b1\u03b9 \u0394\u03b7\u03bc\u03bf\u03c3\u03b8\u03ad\u03bd\u03b7\u03c2\" \/>\n<meta property=\"og:description\" content=\"Les \u00e9l\u00e8ves de 6e ann\u00e9e du campus V de l&#039;\u00e9cole Socrates-D\u00e9mosth\u00e8ne ont particip\u00e9 \u00e0 un cours de premiers soins, une initiative importante pour sensibiliser et pr\u00e9parer les jeunes \u00e0 r\u00e9agir efficacement en cas d&#039;urgence.\" \/>\n<meta property=\"og:url\" content=\"https:\/\/www.socdem.org\/el\/un-cours-de-premiers-soins\/\" \/>\n<meta property=\"og:site_name\" content=\"\u0394\u03b7\u03bc\u03bf\u03c4\u03b9\u03ba\u03cc \u03c3\u03c7\u03bf\u03bb\u03b5\u03af\u03bf \u03a3\u03c9\u03ba\u03c1\u03ac\u03c4\u03b7\u03c2 \u03ba\u03b1\u03b9 \u0394\u03b7\u03bc\u03bf\u03c3\u03b8\u03ad\u03bd\u03b7\u03c2\" \/>\n<meta property=\"article:publisher\" content=\"https:\/\/www.facebook.com\/TheHCGM\/\" \/>\n<meta property=\"article:published_time\" content=\"2024-09-18T15:37:10+00:00\" \/>\n<meta property=\"article:modified_time\" content=\"2024-09-18T15:42:08+00:00\" \/>\n<meta property=\"og:image\" content=\"https:\/\/www.socdem.org\/wp-content\/uploads\/2024\/09\/IMG_8786.jpg\" \/>\n\t<meta property=\"og:image:width\" content=\"1512\" \/>\n\t<meta property=\"og:image:height\" content=\"1134\" \/>\n\t<meta property=\"og:image:type\" content=\"image\/jpeg\" \/>\n<meta name=\"author\" content=\"Socrates-Demosthenes School\" \/>\n<meta name=\"twitter:card\" content=\"summary_large_image\" \/>\n<meta name=\"twitter:label1\" content=\"\u03a3\u03c5\u03bd\u03c4\u03ac\u03c7\u03b8\u03b7\u03ba\u03b5 \u03b1\u03c0\u03cc\" \/>\n\t<meta name=\"twitter:data1\" content=\"Socrates-Demosthenes School\" \/>\n\t<meta name=\"twitter:label2\" content=\"\u0395\u03ba\u03c4\u03b9\u03bc\u03ce\u03bc\u03b5\u03bd\u03bf\u03c2 \u03c7\u03c1\u03cc\u03bd\u03bf\u03c2 \u03b1\u03bd\u03ac\u03b3\u03bd\u03c9\u03c3\u03b7\u03c2\" \/>\n\t<meta name=\"twitter:data2\" content=\"2 \u03bb\u03b5\u03c0\u03c4\u03ac\" \/>\n<script type=\"application\/ld+json\" class=\"yoast-schema-graph\">{\"@context\":\"https:\\\/\\\/schema.org\",\"@graph\":[{\"@type\":\"Article\",\"@id\":\"https:\\\/\\\/www.socdem.org\\\/el\\\/un-cours-de-premiers-soins\\\/#article\",\"isPartOf\":{\"@id\":\"https:\\\/\\\/www.socdem.org\\\/el\\\/un-cours-de-premiers-soins\\\/\"},\"author\":{\"name\":\"Socrates-Demosthenes School\",\"@id\":\"https:\\\/\\\/www.socdem.org\\\/el\\\/#\\\/schema\\\/person\\\/c8c5cb63ab912088b0d2a568e17e0af0\"},\"headline\":\"Les \u00e9l\u00e8ves de 6e ann\u00e9e du campus V de l&#8217;\u00e9cole Socrates-D\u00e9mosth\u00e8ne ont particip\u00e9 \u00e0 un cours de premiers soins, une initiative importante pour sensibiliser et pr\u00e9parer les jeunes \u00e0 r\u00e9agir efficacement en cas d&#8217;urgence.\",\"datePublished\":\"2024-09-18T15:37:10+00:00\",\"dateModified\":\"2024-09-18T15:42:08+00:00\",\"mainEntityOfPage\":{\"@id\":\"https:\\\/\\\/www.socdem.org\\\/el\\\/un-cours-de-premiers-soins\\\/\"},\"wordCount\":483,\"publisher\":{\"@id\":\"https:\\\/\\\/www.socdem.org\\\/el\\\/#organization\"},\"image\":{\"@id\":\"https:\\\/\\\/www.socdem.org\\\/el\\\/un-cours-de-premiers-soins\\\/#primaryimage\"},\"thumbnailUrl\":\"https:\\\/\\\/www.socdem.org\\\/wp-content\\\/uploads\\\/2024\\\/09\\\/IMG_8786.jpg\",\"articleSection\":[\"Nea 2\",\"Nea 3\",\"Nea 4\",\"Nea 5\",\"Nea demosthene\",\"News and activities greek\",\"Uncategorized\",\"Uncategorized\",\"Uncategorized\",\"Uncategorized\",\"Uncategorized\",\"Uncategorized\",\"Uncategorized\"],\"inLanguage\":\"el\"},{\"@type\":\"WebPage\",\"@id\":\"https:\\\/\\\/www.socdem.org\\\/el\\\/un-cours-de-premiers-soins\\\/\",\"url\":\"https:\\\/\\\/www.socdem.org\\\/el\\\/un-cours-de-premiers-soins\\\/\",\"name\":\"Les \u00e9l\u00e8ves de 6e ann\u00e9e du campus V de l'\u00e9cole Socrates-D\u00e9mosth\u00e8ne ont particip\u00e9 \u00e0 un cours de premiers soins, une initiative importante pour sensibiliser et pr\u00e9parer les jeunes \u00e0 r\u00e9agir efficacement en cas d'urgence. - \u0394\u03b7\u03bc\u03bf\u03c4\u03b9\u03ba\u03cc \u03c3\u03c7\u03bf\u03bb\u03b5\u03af\u03bf \u03a3\u03c9\u03ba\u03c1\u03ac\u03c4\u03b7\u03c2 \u03ba\u03b1\u03b9 \u0394\u03b7\u03bc\u03bf\u03c3\u03b8\u03ad\u03bd\u03b7\u03c2\",\"isPartOf\":{\"@id\":\"https:\\\/\\\/www.socdem.org\\\/el\\\/#website\"},\"primaryImageOfPage\":{\"@id\":\"https:\\\/\\\/www.socdem.org\\\/el\\\/un-cours-de-premiers-soins\\\/#primaryimage\"},\"image\":{\"@id\":\"https:\\\/\\\/www.socdem.org\\\/el\\\/un-cours-de-premiers-soins\\\/#primaryimage\"},\"thumbnailUrl\":\"https:\\\/\\\/www.socdem.org\\\/wp-content\\\/uploads\\\/2024\\\/09\\\/IMG_8786.jpg\",\"datePublished\":\"2024-09-18T15:37:10+00:00\",\"dateModified\":\"2024-09-18T15:42:08+00:00\",\"description\":\"Les \u00e9l\u00e8ves de 6e ann\u00e9e du campus V de l'\u00e9cole Socrates-D\u00e9mosth\u00e8ne ont particip\u00e9 \u00e0 un cours de premiers soins, une initiative importante pour sensibiliser et pr\u00e9parer les jeunes \u00e0 r\u00e9agir efficacement en cas d'urgence.\",\"breadcrumb\":{\"@id\":\"https:\\\/\\\/www.socdem.org\\\/el\\\/un-cours-de-premiers-soins\\\/#breadcrumb\"},\"inLanguage\":\"el\",\"potentialAction\":[{\"@type\":\"ReadAction\",\"target\":[\"https:\\\/\\\/www.socdem.org\\\/el\\\/un-cours-de-premiers-soins\\\/\"]}]},{\"@type\":\"ImageObject\",\"inLanguage\":\"el\",\"@id\":\"https:\\\/\\\/www.socdem.org\\\/el\\\/un-cours-de-premiers-soins\\\/#primaryimage\",\"url\":\"https:\\\/\\\/www.socdem.org\\\/wp-content\\\/uploads\\\/2024\\\/09\\\/IMG_8786.jpg\",\"contentUrl\":\"https:\\\/\\\/www.socdem.org\\\/wp-content\\\/uploads\\\/2024\\\/09\\\/IMG_8786.jpg\",\"width\":1512,\"height\":1134},{\"@type\":\"BreadcrumbList\",\"@id\":\"https:\\\/\\\/www.socdem.org\\\/el\\\/un-cours-de-premiers-soins\\\/#breadcrumb\",\"itemListElement\":[{\"@type\":\"ListItem\",\"position\":1,\"name\":\"Accueil\",\"item\":\"https:\\\/\\\/www.socdem.org\\\/el\\\/\"},{\"@type\":\"ListItem\",\"position\":2,\"name\":\"Les \u00e9l\u00e8ves de 6e ann\u00e9e du campus V de l&#8217;\u00e9cole Socrates-D\u00e9mosth\u00e8ne ont particip\u00e9 \u00e0 un cours de premiers soins, une initiative importante pour sensibiliser et pr\u00e9parer les jeunes \u00e0 r\u00e9agir efficacement en cas d&#8217;urgence.\"}]},{\"@type\":\"WebSite\",\"@id\":\"https:\\\/\\\/www.socdem.org\\\/el\\\/#website\",\"url\":\"https:\\\/\\\/www.socdem.org\\\/el\\\/\",\"name\":\"\u00c9cole Socrates-D\u00e9mosth\u00e8ne\",\"description\":\"\u03a0\u03ad\u03bd\u03c4\u03b5 \u03c4\u03c1\u03af\u03b3\u03bb\u03c9\u03c3\u03c3\u03b1 \u03b5\u03bb\u03bb\u03b7\u03bd\u03b9\u03ba\u03ac \u03b4\u03b7\u03bc\u03bf\u03c4\u03b9\u03ba\u03ac \u03c3\u03c7\u03bf\u03bb\u03b5\u03af\u03b1 \u03c4\u03bf\u03c5 \u039c\u03b5\u03b3\u03b1\u03bb\u03cd\u03c4\u03b5\u03c1\u03bf\u03c5 \u039c\u03bf\u03bd\u03c4\u03c1\u03b5\u03ac\u03bb\",\"publisher\":{\"@id\":\"https:\\\/\\\/www.socdem.org\\\/el\\\/#organization\"},\"potentialAction\":[{\"@type\":\"SearchAction\",\"target\":{\"@type\":\"EntryPoint\",\"urlTemplate\":\"https:\\\/\\\/www.socdem.org\\\/el\\\/?s={search_term_string}\"},\"query-input\":{\"@type\":\"PropertyValueSpecification\",\"valueRequired\":true,\"valueName\":\"search_term_string\"}}],\"inLanguage\":\"el\"},{\"@type\":\"Organization\",\"@id\":\"https:\\\/\\\/www.socdem.org\\\/el\\\/#organization\",\"name\":\"\u00c9cole Socrates-D\u00e9mosth\u00e8ne\",\"url\":\"https:\\\/\\\/www.socdem.org\\\/el\\\/\",\"logo\":{\"@type\":\"ImageObject\",\"inLanguage\":\"el\",\"@id\":\"https:\\\/\\\/www.socdem.org\\\/el\\\/#\\\/schema\\\/logo\\\/image\\\/\",\"url\":\"https:\\\/\\\/www.socdem.org\\\/wp-content\\\/uploads\\\/2014\\\/03\\\/SOC-DEM-LOGO-NAME.jpg\",\"contentUrl\":\"https:\\\/\\\/www.socdem.org\\\/wp-content\\\/uploads\\\/2014\\\/03\\\/SOC-DEM-LOGO-NAME.jpg\",\"width\":\"8485\",\"height\":\"4200\",\"caption\":\"\u00c9cole Socrates-D\u00e9mosth\u00e8ne\"},\"image\":{\"@id\":\"https:\\\/\\\/www.socdem.org\\\/el\\\/#\\\/schema\\\/logo\\\/image\\\/\"},\"sameAs\":[\"https:\\\/\\\/www.facebook.com\\\/TheHCGM\\\/\",\"https:\\\/\\\/www.instagram.com\\\/p\\\/BnE965PhJU7\\\/?hl=en\"]},{\"@type\":\"Person\",\"@id\":\"https:\\\/\\\/www.socdem.org\\\/el\\\/#\\\/schema\\\/person\\\/c8c5cb63ab912088b0d2a568e17e0af0\",\"name\":\"Socrates-Demosthenes School\",\"image\":{\"@type\":\"ImageObject\",\"inLanguage\":\"el\",\"@id\":\"https:\\\/\\\/secure.gravatar.com\\\/avatar\\\/1a27f30d02006e9fb076599a6486443881ffdd9cbdfd270e895401c4027cd91b?s=96&d=mm&r=g\",\"url\":\"https:\\\/\\\/secure.gravatar.com\\\/avatar\\\/1a27f30d02006e9fb076599a6486443881ffdd9cbdfd270e895401c4027cd91b?s=96&d=mm&r=g\",\"contentUrl\":\"https:\\\/\\\/secure.gravatar.com\\\/avatar\\\/1a27f30d02006e9fb076599a6486443881ffdd9cbdfd270e895401c4027cd91b?s=96&d=mm&r=g\",\"caption\":\"Socrates-Demosthenes School\"},\"sameAs\":[\"http:\\\/\\\/socdem.org\"],\"url\":\"https:\\\/\\\/www.socdem.org\\\/el\\\/author\\\/afiorani\\\/\"}]}<\/script>\n<!-- \/ Yoast SEO plugin. -->","yoast_head_json":{"title":"Les \u00e9l\u00e8ves de 6e ann\u00e9e du campus V de l'\u00e9cole Socrates-D\u00e9mosth\u00e8ne ont particip\u00e9 \u00e0 un cours de premiers soins, une initiative importante pour sensibiliser et pr\u00e9parer les jeunes \u00e0 r\u00e9agir efficacement en cas d'urgence. - \u0394\u03b7\u03bc\u03bf\u03c4\u03b9\u03ba\u03cc \u03c3\u03c7\u03bf\u03bb\u03b5\u03af\u03bf \u03a3\u03c9\u03ba\u03c1\u03ac\u03c4\u03b7\u03c2 \u03ba\u03b1\u03b9 \u0394\u03b7\u03bc\u03bf\u03c3\u03b8\u03ad\u03bd\u03b7\u03c2","description":"Les \u00e9l\u00e8ves de 6e ann\u00e9e du campus V de l'\u00e9cole Socrates-D\u00e9mosth\u00e8ne ont particip\u00e9 \u00e0 un cours de premiers soins, une initiative importante pour sensibiliser et pr\u00e9parer les jeunes \u00e0 r\u00e9agir efficacement en cas d'urgence.","robots":{"index":"index","follow":"follow","max-snippet":"max-snippet:-1","max-image-preview":"max-image-preview:large","max-video-preview":"max-video-preview:-1"},"canonical":"https:\/\/www.socdem.org\/el\/un-cours-de-premiers-soins\/","og_locale":"el_GR","og_type":"article","og_title":"Les \u00e9l\u00e8ves de 6e ann\u00e9e du campus V de l'\u00e9cole Socrates-D\u00e9mosth\u00e8ne ont particip\u00e9 \u00e0 un cours de premiers soins, une initiative importante pour sensibiliser et pr\u00e9parer les jeunes \u00e0 r\u00e9agir efficacement en cas d'urgence. - \u0394\u03b7\u03bc\u03bf\u03c4\u03b9\u03ba\u03cc \u03c3\u03c7\u03bf\u03bb\u03b5\u03af\u03bf \u03a3\u03c9\u03ba\u03c1\u03ac\u03c4\u03b7\u03c2 \u03ba\u03b1\u03b9 \u0394\u03b7\u03bc\u03bf\u03c3\u03b8\u03ad\u03bd\u03b7\u03c2","og_description":"Les \u00e9l\u00e8ves de 6e ann\u00e9e du campus V de l'\u00e9cole Socrates-D\u00e9mosth\u00e8ne ont particip\u00e9 \u00e0 un cours de premiers soins, une initiative importante pour sensibiliser et pr\u00e9parer les jeunes \u00e0 r\u00e9agir efficacement en cas d'urgence.","og_url":"https:\/\/www.socdem.org\/el\/un-cours-de-premiers-soins\/","og_site_name":"\u0394\u03b7\u03bc\u03bf\u03c4\u03b9\u03ba\u03cc \u03c3\u03c7\u03bf\u03bb\u03b5\u03af\u03bf \u03a3\u03c9\u03ba\u03c1\u03ac\u03c4\u03b7\u03c2 \u03ba\u03b1\u03b9 \u0394\u03b7\u03bc\u03bf\u03c3\u03b8\u03ad\u03bd\u03b7\u03c2","article_publisher":"https:\/\/www.facebook.com\/TheHCGM\/","article_published_time":"2024-09-18T15:37:10+00:00","article_modified_time":"2024-09-18T15:42:08+00:00","og_image":[{"width":1512,"height":1134,"url":"https:\/\/www.socdem.org\/wp-content\/uploads\/2024\/09\/IMG_8786.jpg","type":"image\/jpeg"}],"author":"Socrates-Demosthenes School","twitter_card":"summary_large_image","twitter_misc":{"\u03a3\u03c5\u03bd\u03c4\u03ac\u03c7\u03b8\u03b7\u03ba\u03b5 \u03b1\u03c0\u03cc":"Socrates-Demosthenes School","\u0395\u03ba\u03c4\u03b9\u03bc\u03ce\u03bc\u03b5\u03bd\u03bf\u03c2 \u03c7\u03c1\u03cc\u03bd\u03bf\u03c2 \u03b1\u03bd\u03ac\u03b3\u03bd\u03c9\u03c3\u03b7\u03c2":"2 \u03bb\u03b5\u03c0\u03c4\u03ac"},"schema":{"@context":"https:\/\/schema.org","@graph":[{"@type":"Article","@id":"https:\/\/www.socdem.org\/el\/un-cours-de-premiers-soins\/#article","isPartOf":{"@id":"https:\/\/www.socdem.org\/el\/un-cours-de-premiers-soins\/"},"author":{"name":"Socrates-Demosthenes School","@id":"https:\/\/www.socdem.org\/el\/#\/schema\/person\/c8c5cb63ab912088b0d2a568e17e0af0"},"headline":"Les \u00e9l\u00e8ves de 6e ann\u00e9e du campus V de l&#8217;\u00e9cole Socrates-D\u00e9mosth\u00e8ne ont particip\u00e9 \u00e0 un cours de premiers soins, une initiative importante pour sensibiliser et pr\u00e9parer les jeunes \u00e0 r\u00e9agir efficacement en cas d&#8217;urgence.","datePublished":"2024-09-18T15:37:10+00:00","dateModified":"2024-09-18T15:42:08+00:00","mainEntityOfPage":{"@id":"https:\/\/www.socdem.org\/el\/un-cours-de-premiers-soins\/"},"wordCount":483,"publisher":{"@id":"https:\/\/www.socdem.org\/el\/#organization"},"image":{"@id":"https:\/\/www.socdem.org\/el\/un-cours-de-premiers-soins\/#primaryimage"},"thumbnailUrl":"https:\/\/www.socdem.org\/wp-content\/uploads\/2024\/09\/IMG_8786.jpg","articleSection":["Nea 2","Nea 3","Nea 4","Nea 5","Nea demosthene","News and activities greek","Uncategorized","Uncategorized","Uncategorized","Uncategorized","Uncategorized","Uncategorized","Uncategorized"],"inLanguage":"el"},{"@type":"WebPage","@id":"https:\/\/www.socdem.org\/el\/un-cours-de-premiers-soins\/","url":"https:\/\/www.socdem.org\/el\/un-cours-de-premiers-soins\/","name":"Les \u00e9l\u00e8ves de 6e ann\u00e9e du campus V de l'\u00e9cole Socrates-D\u00e9mosth\u00e8ne ont particip\u00e9 \u00e0 un cours de premiers soins, une initiative importante pour sensibiliser et pr\u00e9parer les jeunes \u00e0 r\u00e9agir efficacement en cas d'urgence. - \u0394\u03b7\u03bc\u03bf\u03c4\u03b9\u03ba\u03cc \u03c3\u03c7\u03bf\u03bb\u03b5\u03af\u03bf \u03a3\u03c9\u03ba\u03c1\u03ac\u03c4\u03b7\u03c2 \u03ba\u03b1\u03b9 \u0394\u03b7\u03bc\u03bf\u03c3\u03b8\u03ad\u03bd\u03b7\u03c2","isPartOf":{"@id":"https:\/\/www.socdem.org\/el\/#website"},"primaryImageOfPage":{"@id":"https:\/\/www.socdem.org\/el\/un-cours-de-premiers-soins\/#primaryimage"},"image":{"@id":"https:\/\/www.socdem.org\/el\/un-cours-de-premiers-soins\/#primaryimage"},"thumbnailUrl":"https:\/\/www.socdem.org\/wp-content\/uploads\/2024\/09\/IMG_8786.jpg","datePublished":"2024-09-18T15:37:10+00:00","dateModified":"2024-09-18T15:42:08+00:00","description":"Les \u00e9l\u00e8ves de 6e ann\u00e9e du campus V de l'\u00e9cole Socrates-D\u00e9mosth\u00e8ne ont particip\u00e9 \u00e0 un cours de premiers soins, une initiative importante pour sensibiliser et pr\u00e9parer les jeunes \u00e0 r\u00e9agir efficacement en cas d'urgence.","breadcrumb":{"@id":"https:\/\/www.socdem.org\/el\/un-cours-de-premiers-soins\/#breadcrumb"},"inLanguage":"el","potentialAction":[{"@type":"ReadAction","target":["https:\/\/www.socdem.org\/el\/un-cours-de-premiers-soins\/"]}]},{"@type":"ImageObject","inLanguage":"el","@id":"https:\/\/www.socdem.org\/el\/un-cours-de-premiers-soins\/#primaryimage","url":"https:\/\/www.socdem.org\/wp-content\/uploads\/2024\/09\/IMG_8786.jpg","contentUrl":"https:\/\/www.socdem.org\/wp-content\/uploads\/2024\/09\/IMG_8786.jpg","width":1512,"height":1134},{"@type":"BreadcrumbList","@id":"https:\/\/www.socdem.org\/el\/un-cours-de-premiers-soins\/#breadcrumb","itemListElement":[{"@type":"ListItem","position":1,"name":"Accueil","item":"https:\/\/www.socdem.org\/el\/"},{"@type":"ListItem","position":2,"name":"Les \u00e9l\u00e8ves de 6e ann\u00e9e du campus V de l&#8217;\u00e9cole Socrates-D\u00e9mosth\u00e8ne ont particip\u00e9 \u00e0 un cours de premiers soins, une initiative importante pour sensibiliser et pr\u00e9parer les jeunes \u00e0 r\u00e9agir efficacement en cas d&#8217;urgence."}]},{"@type":"WebSite","@id":"https:\/\/www.socdem.org\/el\/#website","url":"https:\/\/www.socdem.org\/el\/","name":"\u00c9cole Socrates-D\u00e9mosth\u00e8ne","description":"\u03a0\u03ad\u03bd\u03c4\u03b5 \u03c4\u03c1\u03af\u03b3\u03bb\u03c9\u03c3\u03c3\u03b1 \u03b5\u03bb\u03bb\u03b7\u03bd\u03b9\u03ba\u03ac \u03b4\u03b7\u03bc\u03bf\u03c4\u03b9\u03ba\u03ac \u03c3\u03c7\u03bf\u03bb\u03b5\u03af\u03b1 \u03c4\u03bf\u03c5 \u039c\u03b5\u03b3\u03b1\u03bb\u03cd\u03c4\u03b5\u03c1\u03bf\u03c5 \u039c\u03bf\u03bd\u03c4\u03c1\u03b5\u03ac\u03bb","publisher":{"@id":"https:\/\/www.socdem.org\/el\/#organization"},"potentialAction":[{"@type":"SearchAction","target":{"@type":"EntryPoint","urlTemplate":"https:\/\/www.socdem.org\/el\/?s={search_term_string}"},"query-input":{"@type":"PropertyValueSpecification","valueRequired":true,"valueName":"search_term_string"}}],"inLanguage":"el"},{"@type":"Organization","@id":"https:\/\/www.socdem.org\/el\/#organization","name":"\u00c9cole Socrates-D\u00e9mosth\u00e8ne","url":"https:\/\/www.socdem.org\/el\/","logo":{"@type":"ImageObject","inLanguage":"el","@id":"https:\/\/www.socdem.org\/el\/#\/schema\/logo\/image\/","url":"https:\/\/www.socdem.org\/wp-content\/uploads\/2014\/03\/SOC-DEM-LOGO-NAME.jpg","contentUrl":"https:\/\/www.socdem.org\/wp-content\/uploads\/2014\/03\/SOC-DEM-LOGO-NAME.jpg","width":"8485","height":"4200","caption":"\u00c9cole Socrates-D\u00e9mosth\u00e8ne"},"image":{"@id":"https:\/\/www.socdem.org\/el\/#\/schema\/logo\/image\/"},"sameAs":["https:\/\/www.facebook.com\/TheHCGM\/","https:\/\/www.instagram.com\/p\/BnE965PhJU7\/?hl=en"]},{"@type":"Person","@id":"https:\/\/www.socdem.org\/el\/#\/schema\/person\/c8c5cb63ab912088b0d2a568e17e0af0","name":"Socrates-Demosthenes School","image":{"@type":"ImageObject","inLanguage":"el","@id":"https:\/\/secure.gravatar.com\/avatar\/1a27f30d02006e9fb076599a6486443881ffdd9cbdfd270e895401c4027cd91b?s=96&d=mm&r=g","url":"https:\/\/secure.gravatar.com\/avatar\/1a27f30d02006e9fb076599a6486443881ffdd9cbdfd270e895401c4027cd91b?s=96&d=mm&r=g","contentUrl":"https:\/\/secure.gravatar.com\/avatar\/1a27f30d02006e9fb076599a6486443881ffdd9cbdfd270e895401c4027cd91b?s=96&d=mm&r=g","caption":"Socrates-Demosthenes School"},"sameAs":["http:\/\/socdem.org"],"url":"https:\/\/www.socdem.org\/el\/author\/afiorani\/"}]}},"_links":{"self":[{"href":"https:\/\/www.socdem.org\/el\/wp-json\/wp\/v2\/posts\/37439","targetHints":{"allow":["GET"]}}],"collection":[{"href":"https:\/\/www.socdem.org\/el\/wp-json\/wp\/v2\/posts"}],"about":[{"href":"https:\/\/www.socdem.org\/el\/wp-json\/wp\/v2\/types\/post"}],"author":[{"embeddable":true,"href":"https:\/\/www.socdem.org\/el\/wp-json\/wp\/v2\/users\/35"}],"replies":[{"embeddable":true,"href":"https:\/\/www.socdem.org\/el\/wp-json\/wp\/v2\/comments?post=37439"}],"version-history":[{"count":2,"href":"https:\/\/www.socdem.org\/el\/wp-json\/wp\/v2\/posts\/37439\/revisions"}],"predecessor-version":[{"id":37443,"href":"https:\/\/www.socdem.org\/el\/wp-json\/wp\/v2\/posts\/37439\/revisions\/37443"}],"wp:featuredmedia":[{"embeddable":true,"href":"https:\/\/www.socdem.org\/el\/wp-json\/wp\/v2\/media\/37411"}],"wp:attachment":[{"href":"https:\/\/www.socdem.org\/el\/wp-json\/wp\/v2\/media?parent=37439"}],"wp:term":[{"taxonomy":"category","embeddable":true,"href":"https:\/\/www.socdem.org\/el\/wp-json\/wp\/v2\/categories?post=37439"},{"taxonomy":"post_tag","embeddable":true,"href":"https:\/\/www.socdem.org\/el\/wp-json\/wp\/v2\/tags?post=37439"}],"curies":[{"name":"wp","href":"https:\/\/api.w.org\/{rel}","templated":true}]}}