{"id":37962,"date":"2024-12-11T10:32:15","date_gmt":"2024-12-11T15:32:15","guid":{"rendered":"https:\/\/www.socdem.org\/?p=37962"},"modified":"2024-12-11T10:35:40","modified_gmt":"2024-12-11T15:35:40","slug":"hommage-aux-heros-greco-canadiens-unis-dans-le-souvenir-et-la-reconnaissance","status":"publish","type":"post","link":"https:\/\/www.socdem.org\/el\/hommage-aux-heros-greco-canadiens-unis-dans-le-souvenir-et-la-reconnaissance\/","title":{"rendered":"Hommage aux H\u00e9ros Gr\u00e9co-Canadiens : Unis dans le Souvenir et la Reconnaissance"},"content":{"rendered":"<p>Merci aux \u00e9l\u00e8ves de D\u00e9mosth\u00e8ne et Socrate II de l\u2019\u00c9cole Socrates-D\u00e9mosth\u00e8ne, ainsi qu\u2019\u00e0 leurs parents qui sont venus rendre hommage aux 37 h\u00e9ros gr\u00e9co-canadiens reposant en honneur au cimeti\u00e8re National Field of Honour dans l\u2019Ouest-de-l\u2019\u00cele. <span class=\"html-span xexx8yu x4uap5 x18d9i69 xkhd6sd x1hl2dhg x16tdsg8 x1vvkbs x3nfvp2 x1j61x8r x1fcty0u xdj266r xat24cr xgzva0m xhhsvwb xxymvpz xlup9mm x1kky2od\"><img loading=\"lazy\" decoding=\"async\" class=\"xz74otr\" src=\"https:\/\/static.xx.fbcdn.net\/images\/emoji.php\/v9\/taa\/1\/16\/1f1e8_1f1e6.png\" alt=\"&#x1f1e8;&#x1f1e6;\" width=\"16\" height=\"16\" \/><\/span> <span class=\"html-span xexx8yu x4uap5 x18d9i69 xkhd6sd x1hl2dhg x16tdsg8 x1vvkbs x3nfvp2 x1j61x8r x1fcty0u xdj266r xat24cr xgzva0m xhhsvwb xxymvpz xlup9mm x1kky2od\"><img loading=\"lazy\" decoding=\"async\" class=\"xz74otr\" src=\"https:\/\/static.xx.fbcdn.net\/images\/emoji.php\/v9\/t35\/1\/16\/1f1ec_1f1f7.png\" alt=\"&#x1f1ec;&#x1f1f7;\" width=\"16\" height=\"16\" \/><\/span> Votre pr\u00e9sence a \u00e9t\u00e9 inestimable et t\u00e9moigne de votre engagement communautaire. Merci \u00e9galement \u00e0 notre d\u00e9put\u00e9e f\u00e9d\u00e9rale, Mme Annie Koutrakis, pour son invitation chaleureuse.<\/p>\n<p><img loading=\"lazy\" decoding=\"async\" class=\"alignnone wp-image-37963\" src=\"https:\/\/www.socdem.org\/wp-content\/uploads\/2024\/12\/IMG_5725-300x225.jpeg\" alt=\"\" width=\"639\" height=\"479\" srcset=\"https:\/\/www.socdem.org\/wp-content\/uploads\/2024\/12\/IMG_5725-300x225.jpeg 300w, https:\/\/www.socdem.org\/wp-content\/uploads\/2024\/12\/IMG_5725-1024x768.jpeg 1024w, https:\/\/www.socdem.org\/wp-content\/uploads\/2024\/12\/IMG_5725-1536x1152.jpeg 1536w, https:\/\/www.socdem.org\/wp-content\/uploads\/2024\/12\/IMG_5725-2048x1536.jpeg 2048w\" sizes=\"auto, (max-width: 639px) 100vw, 639px\" \/> <img loading=\"lazy\" decoding=\"async\" class=\"alignnone wp-image-37966\" src=\"https:\/\/www.socdem.org\/wp-content\/uploads\/2024\/12\/IMG_5724-300x225.jpeg\" alt=\"\" width=\"640\" height=\"480\" srcset=\"https:\/\/www.socdem.org\/wp-content\/uploads\/2024\/12\/IMG_5724-300x225.jpeg 300w, https:\/\/www.socdem.org\/wp-content\/uploads\/2024\/12\/IMG_5724-1024x768.jpeg 1024w, https:\/\/www.socdem.org\/wp-content\/uploads\/2024\/12\/IMG_5724-1536x1152.jpeg 1536w, https:\/\/www.socdem.org\/wp-content\/uploads\/2024\/12\/IMG_5724-2048x1536.jpeg 2048w\" sizes=\"auto, (max-width: 640px) 100vw, 640px\" \/><\/p>\n","protected":false},"excerpt":{"rendered":"<p>Merci aux \u00e9l\u00e8ves de D\u00e9mosth\u00e8ne et Socrate II de l\u2019\u00c9cole Socrates-D\u00e9mosth\u00e8ne, ainsi qu\u2019\u00e0 leurs parents qui sont venus rendre hommage aux 37 h\u00e9ros gr\u00e9co-canadiens reposant en honneur au cimeti\u00e8re National&#8230;<\/p>\n","protected":false},"author":35,"featured_media":37966,"comment_status":"closed","ping_status":"closed","sticky":false,"template":"","format":"standard","meta":{"_monsterinsights_skip_tracking":false,"_monsterinsights_sitenote_active":false,"_monsterinsights_sitenote_note":"","_monsterinsights_sitenote_category":0,"footnotes":""},"categories":[93,94,95,96,97,87],"tags":[],"class_list":{"0":"post-37962","1":"post","2":"type-post","3":"status-publish","4":"format-standard","5":"has-post-thumbnail","7":"category-nea-2","8":"category-nea-3","9":"category-nea-4","10":"category-nea-5","11":"category-nea-demosthene","12":"category-news-and-activities-greek"},"yoast_head":"<!-- This site is optimized with the Yoast SEO plugin v27.5 - https:\/\/yoast.com\/product\/yoast-seo-wordpress\/ -->\n<title>Hommage aux H\u00e9ros Gr\u00e9co-Canadiens : Unis dans le Souvenir et la Reconnaissance - \u0394\u03b7\u03bc\u03bf\u03c4\u03b9\u03ba\u03cc \u03c3\u03c7\u03bf\u03bb\u03b5\u03af\u03bf \u03a3\u03c9\u03ba\u03c1\u03ac\u03c4\u03b7\u03c2 \u03ba\u03b1\u03b9 \u0394\u03b7\u03bc\u03bf\u03c3\u03b8\u03ad\u03bd\u03b7\u03c2<\/title>\n<meta name=\"robots\" content=\"index, follow, max-snippet:-1, max-image-preview:large, max-video-preview:-1\" \/>\n<link rel=\"canonical\" href=\"https:\/\/www.socdem.org\/el\/hommage-aux-heros-greco-canadiens-unis-dans-le-souvenir-et-la-reconnaissance\/\" \/>\n<meta property=\"og:locale\" content=\"el_GR\" \/>\n<meta property=\"og:type\" content=\"article\" \/>\n<meta property=\"og:title\" content=\"Hommage aux H\u00e9ros Gr\u00e9co-Canadiens : Unis dans le Souvenir et la Reconnaissance - \u0394\u03b7\u03bc\u03bf\u03c4\u03b9\u03ba\u03cc \u03c3\u03c7\u03bf\u03bb\u03b5\u03af\u03bf \u03a3\u03c9\u03ba\u03c1\u03ac\u03c4\u03b7\u03c2 \u03ba\u03b1\u03b9 \u0394\u03b7\u03bc\u03bf\u03c3\u03b8\u03ad\u03bd\u03b7\u03c2\" \/>\n<meta property=\"og:description\" content=\"Merci aux \u00e9l\u00e8ves de D\u00e9mosth\u00e8ne et Socrate II de l\u2019\u00c9cole Socrates-D\u00e9mosth\u00e8ne, ainsi qu\u2019\u00e0 leurs parents qui sont venus rendre hommage aux 37 h\u00e9ros gr\u00e9co-canadiens reposant en honneur au cimeti\u00e8re National...\" \/>\n<meta property=\"og:url\" content=\"https:\/\/www.socdem.org\/el\/hommage-aux-heros-greco-canadiens-unis-dans-le-souvenir-et-la-reconnaissance\/\" \/>\n<meta property=\"og:site_name\" content=\"\u0394\u03b7\u03bc\u03bf\u03c4\u03b9\u03ba\u03cc \u03c3\u03c7\u03bf\u03bb\u03b5\u03af\u03bf \u03a3\u03c9\u03ba\u03c1\u03ac\u03c4\u03b7\u03c2 \u03ba\u03b1\u03b9 \u0394\u03b7\u03bc\u03bf\u03c3\u03b8\u03ad\u03bd\u03b7\u03c2\" \/>\n<meta property=\"article:publisher\" content=\"https:\/\/www.facebook.com\/TheHCGM\/\" \/>\n<meta property=\"article:published_time\" content=\"2024-12-11T15:32:15+00:00\" \/>\n<meta property=\"article:modified_time\" content=\"2024-12-11T15:35:40+00:00\" \/>\n<meta property=\"og:image\" content=\"https:\/\/www.socdem.org\/wp-content\/uploads\/2024\/12\/IMG_5724-scaled.jpeg\" \/>\n\t<meta property=\"og:image:width\" content=\"2560\" \/>\n\t<meta property=\"og:image:height\" content=\"1920\" \/>\n\t<meta property=\"og:image:type\" content=\"image\/jpeg\" \/>\n<meta name=\"author\" content=\"Socrates-Demosthenes School\" \/>\n<meta name=\"twitter:card\" content=\"summary_large_image\" \/>\n<meta name=\"twitter:label1\" content=\"\u03a3\u03c5\u03bd\u03c4\u03ac\u03c7\u03b8\u03b7\u03ba\u03b5 \u03b1\u03c0\u03cc\" \/>\n\t<meta name=\"twitter:data1\" content=\"Socrates-Demosthenes School\" \/>\n\t<meta name=\"twitter:label2\" content=\"\u0395\u03ba\u03c4\u03b9\u03bc\u03ce\u03bc\u03b5\u03bd\u03bf\u03c2 \u03c7\u03c1\u03cc\u03bd\u03bf\u03c2 \u03b1\u03bd\u03ac\u03b3\u03bd\u03c9\u03c3\u03b7\u03c2\" \/>\n\t<meta name=\"twitter:data2\" content=\"2 \u03bb\u03b5\u03c0\u03c4\u03ac\" \/>\n<script type=\"application\/ld+json\" class=\"yoast-schema-graph\">{\"@context\":\"https:\\\/\\\/schema.org\",\"@graph\":[{\"@type\":\"Article\",\"@id\":\"https:\\\/\\\/www.socdem.org\\\/el\\\/hommage-aux-heros-greco-canadiens-unis-dans-le-souvenir-et-la-reconnaissance\\\/#article\",\"isPartOf\":{\"@id\":\"https:\\\/\\\/www.socdem.org\\\/el\\\/hommage-aux-heros-greco-canadiens-unis-dans-le-souvenir-et-la-reconnaissance\\\/\"},\"author\":{\"name\":\"Socrates-Demosthenes School\",\"@id\":\"https:\\\/\\\/www.socdem.org\\\/el\\\/#\\\/schema\\\/person\\\/c8c5cb63ab912088b0d2a568e17e0af0\"},\"headline\":\"Hommage aux H\u00e9ros Gr\u00e9co-Canadiens : Unis dans le Souvenir et la Reconnaissance\",\"datePublished\":\"2024-12-11T15:32:15+00:00\",\"dateModified\":\"2024-12-11T15:35:40+00:00\",\"mainEntityOfPage\":{\"@id\":\"https:\\\/\\\/www.socdem.org\\\/el\\\/hommage-aux-heros-greco-canadiens-unis-dans-le-souvenir-et-la-reconnaissance\\\/\"},\"wordCount\":87,\"publisher\":{\"@id\":\"https:\\\/\\\/www.socdem.org\\\/el\\\/#organization\"},\"image\":{\"@id\":\"https:\\\/\\\/www.socdem.org\\\/el\\\/hommage-aux-heros-greco-canadiens-unis-dans-le-souvenir-et-la-reconnaissance\\\/#primaryimage\"},\"thumbnailUrl\":\"https:\\\/\\\/www.socdem.org\\\/wp-content\\\/uploads\\\/2024\\\/12\\\/IMG_5724-scaled.jpeg\",\"articleSection\":[\"Nea 2\",\"Nea 3\",\"Nea 4\",\"Nea 5\",\"Nea demosthene\",\"News and activities greek\"],\"inLanguage\":\"el\"},{\"@type\":\"WebPage\",\"@id\":\"https:\\\/\\\/www.socdem.org\\\/el\\\/hommage-aux-heros-greco-canadiens-unis-dans-le-souvenir-et-la-reconnaissance\\\/\",\"url\":\"https:\\\/\\\/www.socdem.org\\\/el\\\/hommage-aux-heros-greco-canadiens-unis-dans-le-souvenir-et-la-reconnaissance\\\/\",\"name\":\"Hommage aux H\u00e9ros Gr\u00e9co-Canadiens : Unis dans le Souvenir et la Reconnaissance - \u0394\u03b7\u03bc\u03bf\u03c4\u03b9\u03ba\u03cc \u03c3\u03c7\u03bf\u03bb\u03b5\u03af\u03bf \u03a3\u03c9\u03ba\u03c1\u03ac\u03c4\u03b7\u03c2 \u03ba\u03b1\u03b9 \u0394\u03b7\u03bc\u03bf\u03c3\u03b8\u03ad\u03bd\u03b7\u03c2\",\"isPartOf\":{\"@id\":\"https:\\\/\\\/www.socdem.org\\\/el\\\/#website\"},\"primaryImageOfPage\":{\"@id\":\"https:\\\/\\\/www.socdem.org\\\/el\\\/hommage-aux-heros-greco-canadiens-unis-dans-le-souvenir-et-la-reconnaissance\\\/#primaryimage\"},\"image\":{\"@id\":\"https:\\\/\\\/www.socdem.org\\\/el\\\/hommage-aux-heros-greco-canadiens-unis-dans-le-souvenir-et-la-reconnaissance\\\/#primaryimage\"},\"thumbnailUrl\":\"https:\\\/\\\/www.socdem.org\\\/wp-content\\\/uploads\\\/2024\\\/12\\\/IMG_5724-scaled.jpeg\",\"datePublished\":\"2024-12-11T15:32:15+00:00\",\"dateModified\":\"2024-12-11T15:35:40+00:00\",\"breadcrumb\":{\"@id\":\"https:\\\/\\\/www.socdem.org\\\/el\\\/hommage-aux-heros-greco-canadiens-unis-dans-le-souvenir-et-la-reconnaissance\\\/#breadcrumb\"},\"inLanguage\":\"el\",\"potentialAction\":[{\"@type\":\"ReadAction\",\"target\":[\"https:\\\/\\\/www.socdem.org\\\/el\\\/hommage-aux-heros-greco-canadiens-unis-dans-le-souvenir-et-la-reconnaissance\\\/\"]}]},{\"@type\":\"ImageObject\",\"inLanguage\":\"el\",\"@id\":\"https:\\\/\\\/www.socdem.org\\\/el\\\/hommage-aux-heros-greco-canadiens-unis-dans-le-souvenir-et-la-reconnaissance\\\/#primaryimage\",\"url\":\"https:\\\/\\\/www.socdem.org\\\/wp-content\\\/uploads\\\/2024\\\/12\\\/IMG_5724-scaled.jpeg\",\"contentUrl\":\"https:\\\/\\\/www.socdem.org\\\/wp-content\\\/uploads\\\/2024\\\/12\\\/IMG_5724-scaled.jpeg\",\"width\":2560,\"height\":1920},{\"@type\":\"BreadcrumbList\",\"@id\":\"https:\\\/\\\/www.socdem.org\\\/el\\\/hommage-aux-heros-greco-canadiens-unis-dans-le-souvenir-et-la-reconnaissance\\\/#breadcrumb\",\"itemListElement\":[{\"@type\":\"ListItem\",\"position\":1,\"name\":\"Accueil\",\"item\":\"https:\\\/\\\/www.socdem.org\\\/el\\\/\"},{\"@type\":\"ListItem\",\"position\":2,\"name\":\"Hommage aux H\u00e9ros Gr\u00e9co-Canadiens : Unis dans le Souvenir et la Reconnaissance\"}]},{\"@type\":\"WebSite\",\"@id\":\"https:\\\/\\\/www.socdem.org\\\/el\\\/#website\",\"url\":\"https:\\\/\\\/www.socdem.org\\\/el\\\/\",\"name\":\"\u00c9cole Socrates-D\u00e9mosth\u00e8ne\",\"description\":\"\u03a0\u03ad\u03bd\u03c4\u03b5 \u03c4\u03c1\u03af\u03b3\u03bb\u03c9\u03c3\u03c3\u03b1 \u03b5\u03bb\u03bb\u03b7\u03bd\u03b9\u03ba\u03ac \u03b4\u03b7\u03bc\u03bf\u03c4\u03b9\u03ba\u03ac \u03c3\u03c7\u03bf\u03bb\u03b5\u03af\u03b1 \u03c4\u03bf\u03c5 \u039c\u03b5\u03b3\u03b1\u03bb\u03cd\u03c4\u03b5\u03c1\u03bf\u03c5 \u039c\u03bf\u03bd\u03c4\u03c1\u03b5\u03ac\u03bb\",\"publisher\":{\"@id\":\"https:\\\/\\\/www.socdem.org\\\/el\\\/#organization\"},\"potentialAction\":[{\"@type\":\"SearchAction\",\"target\":{\"@type\":\"EntryPoint\",\"urlTemplate\":\"https:\\\/\\\/www.socdem.org\\\/el\\\/?s={search_term_string}\"},\"query-input\":{\"@type\":\"PropertyValueSpecification\",\"valueRequired\":true,\"valueName\":\"search_term_string\"}}],\"inLanguage\":\"el\"},{\"@type\":\"Organization\",\"@id\":\"https:\\\/\\\/www.socdem.org\\\/el\\\/#organization\",\"name\":\"\u00c9cole Socrates-D\u00e9mosth\u00e8ne\",\"url\":\"https:\\\/\\\/www.socdem.org\\\/el\\\/\",\"logo\":{\"@type\":\"ImageObject\",\"inLanguage\":\"el\",\"@id\":\"https:\\\/\\\/www.socdem.org\\\/el\\\/#\\\/schema\\\/logo\\\/image\\\/\",\"url\":\"https:\\\/\\\/www.socdem.org\\\/wp-content\\\/uploads\\\/2014\\\/03\\\/SOC-DEM-LOGO-NAME.jpg\",\"contentUrl\":\"https:\\\/\\\/www.socdem.org\\\/wp-content\\\/uploads\\\/2014\\\/03\\\/SOC-DEM-LOGO-NAME.jpg\",\"width\":\"8485\",\"height\":\"4200\",\"caption\":\"\u00c9cole Socrates-D\u00e9mosth\u00e8ne\"},\"image\":{\"@id\":\"https:\\\/\\\/www.socdem.org\\\/el\\\/#\\\/schema\\\/logo\\\/image\\\/\"},\"sameAs\":[\"https:\\\/\\\/www.facebook.com\\\/TheHCGM\\\/\",\"https:\\\/\\\/www.instagram.com\\\/p\\\/BnE965PhJU7\\\/?hl=en\"]},{\"@type\":\"Person\",\"@id\":\"https:\\\/\\\/www.socdem.org\\\/el\\\/#\\\/schema\\\/person\\\/c8c5cb63ab912088b0d2a568e17e0af0\",\"name\":\"Socrates-Demosthenes School\",\"image\":{\"@type\":\"ImageObject\",\"inLanguage\":\"el\",\"@id\":\"https:\\\/\\\/secure.gravatar.com\\\/avatar\\\/1a27f30d02006e9fb076599a6486443881ffdd9cbdfd270e895401c4027cd91b?s=96&d=mm&r=g\",\"url\":\"https:\\\/\\\/secure.gravatar.com\\\/avatar\\\/1a27f30d02006e9fb076599a6486443881ffdd9cbdfd270e895401c4027cd91b?s=96&d=mm&r=g\",\"contentUrl\":\"https:\\\/\\\/secure.gravatar.com\\\/avatar\\\/1a27f30d02006e9fb076599a6486443881ffdd9cbdfd270e895401c4027cd91b?s=96&d=mm&r=g\",\"caption\":\"Socrates-Demosthenes School\"},\"sameAs\":[\"http:\\\/\\\/socdem.org\"],\"url\":\"https:\\\/\\\/www.socdem.org\\\/el\\\/author\\\/afiorani\\\/\"}]}<\/script>\n<!-- \/ Yoast SEO plugin. -->","yoast_head_json":{"title":"Hommage aux H\u00e9ros Gr\u00e9co-Canadiens : Unis dans le Souvenir et la Reconnaissance - \u0394\u03b7\u03bc\u03bf\u03c4\u03b9\u03ba\u03cc \u03c3\u03c7\u03bf\u03bb\u03b5\u03af\u03bf \u03a3\u03c9\u03ba\u03c1\u03ac\u03c4\u03b7\u03c2 \u03ba\u03b1\u03b9 \u0394\u03b7\u03bc\u03bf\u03c3\u03b8\u03ad\u03bd\u03b7\u03c2","robots":{"index":"index","follow":"follow","max-snippet":"max-snippet:-1","max-image-preview":"max-image-preview:large","max-video-preview":"max-video-preview:-1"},"canonical":"https:\/\/www.socdem.org\/el\/hommage-aux-heros-greco-canadiens-unis-dans-le-souvenir-et-la-reconnaissance\/","og_locale":"el_GR","og_type":"article","og_title":"Hommage aux H\u00e9ros Gr\u00e9co-Canadiens : Unis dans le Souvenir et la Reconnaissance - \u0394\u03b7\u03bc\u03bf\u03c4\u03b9\u03ba\u03cc \u03c3\u03c7\u03bf\u03bb\u03b5\u03af\u03bf \u03a3\u03c9\u03ba\u03c1\u03ac\u03c4\u03b7\u03c2 \u03ba\u03b1\u03b9 \u0394\u03b7\u03bc\u03bf\u03c3\u03b8\u03ad\u03bd\u03b7\u03c2","og_description":"Merci aux \u00e9l\u00e8ves de D\u00e9mosth\u00e8ne et Socrate II de l\u2019\u00c9cole Socrates-D\u00e9mosth\u00e8ne, ainsi qu\u2019\u00e0 leurs parents qui sont venus rendre hommage aux 37 h\u00e9ros gr\u00e9co-canadiens reposant en honneur au cimeti\u00e8re National...","og_url":"https:\/\/www.socdem.org\/el\/hommage-aux-heros-greco-canadiens-unis-dans-le-souvenir-et-la-reconnaissance\/","og_site_name":"\u0394\u03b7\u03bc\u03bf\u03c4\u03b9\u03ba\u03cc \u03c3\u03c7\u03bf\u03bb\u03b5\u03af\u03bf \u03a3\u03c9\u03ba\u03c1\u03ac\u03c4\u03b7\u03c2 \u03ba\u03b1\u03b9 \u0394\u03b7\u03bc\u03bf\u03c3\u03b8\u03ad\u03bd\u03b7\u03c2","article_publisher":"https:\/\/www.facebook.com\/TheHCGM\/","article_published_time":"2024-12-11T15:32:15+00:00","article_modified_time":"2024-12-11T15:35:40+00:00","og_image":[{"width":2560,"height":1920,"url":"https:\/\/www.socdem.org\/wp-content\/uploads\/2024\/12\/IMG_5724-scaled.jpeg","type":"image\/jpeg"}],"author":"Socrates-Demosthenes School","twitter_card":"summary_large_image","twitter_misc":{"\u03a3\u03c5\u03bd\u03c4\u03ac\u03c7\u03b8\u03b7\u03ba\u03b5 \u03b1\u03c0\u03cc":"Socrates-Demosthenes School","\u0395\u03ba\u03c4\u03b9\u03bc\u03ce\u03bc\u03b5\u03bd\u03bf\u03c2 \u03c7\u03c1\u03cc\u03bd\u03bf\u03c2 \u03b1\u03bd\u03ac\u03b3\u03bd\u03c9\u03c3\u03b7\u03c2":"2 \u03bb\u03b5\u03c0\u03c4\u03ac"},"schema":{"@context":"https:\/\/schema.org","@graph":[{"@type":"Article","@id":"https:\/\/www.socdem.org\/el\/hommage-aux-heros-greco-canadiens-unis-dans-le-souvenir-et-la-reconnaissance\/#article","isPartOf":{"@id":"https:\/\/www.socdem.org\/el\/hommage-aux-heros-greco-canadiens-unis-dans-le-souvenir-et-la-reconnaissance\/"},"author":{"name":"Socrates-Demosthenes School","@id":"https:\/\/www.socdem.org\/el\/#\/schema\/person\/c8c5cb63ab912088b0d2a568e17e0af0"},"headline":"Hommage aux H\u00e9ros Gr\u00e9co-Canadiens : Unis dans le Souvenir et la Reconnaissance","datePublished":"2024-12-11T15:32:15+00:00","dateModified":"2024-12-11T15:35:40+00:00","mainEntityOfPage":{"@id":"https:\/\/www.socdem.org\/el\/hommage-aux-heros-greco-canadiens-unis-dans-le-souvenir-et-la-reconnaissance\/"},"wordCount":87,"publisher":{"@id":"https:\/\/www.socdem.org\/el\/#organization"},"image":{"@id":"https:\/\/www.socdem.org\/el\/hommage-aux-heros-greco-canadiens-unis-dans-le-souvenir-et-la-reconnaissance\/#primaryimage"},"thumbnailUrl":"https:\/\/www.socdem.org\/wp-content\/uploads\/2024\/12\/IMG_5724-scaled.jpeg","articleSection":["Nea 2","Nea 3","Nea 4","Nea 5","Nea demosthene","News and activities greek"],"inLanguage":"el"},{"@type":"WebPage","@id":"https:\/\/www.socdem.org\/el\/hommage-aux-heros-greco-canadiens-unis-dans-le-souvenir-et-la-reconnaissance\/","url":"https:\/\/www.socdem.org\/el\/hommage-aux-heros-greco-canadiens-unis-dans-le-souvenir-et-la-reconnaissance\/","name":"Hommage aux H\u00e9ros Gr\u00e9co-Canadiens : Unis dans le Souvenir et la Reconnaissance - \u0394\u03b7\u03bc\u03bf\u03c4\u03b9\u03ba\u03cc \u03c3\u03c7\u03bf\u03bb\u03b5\u03af\u03bf \u03a3\u03c9\u03ba\u03c1\u03ac\u03c4\u03b7\u03c2 \u03ba\u03b1\u03b9 \u0394\u03b7\u03bc\u03bf\u03c3\u03b8\u03ad\u03bd\u03b7\u03c2","isPartOf":{"@id":"https:\/\/www.socdem.org\/el\/#website"},"primaryImageOfPage":{"@id":"https:\/\/www.socdem.org\/el\/hommage-aux-heros-greco-canadiens-unis-dans-le-souvenir-et-la-reconnaissance\/#primaryimage"},"image":{"@id":"https:\/\/www.socdem.org\/el\/hommage-aux-heros-greco-canadiens-unis-dans-le-souvenir-et-la-reconnaissance\/#primaryimage"},"thumbnailUrl":"https:\/\/www.socdem.org\/wp-content\/uploads\/2024\/12\/IMG_5724-scaled.jpeg","datePublished":"2024-12-11T15:32:15+00:00","dateModified":"2024-12-11T15:35:40+00:00","breadcrumb":{"@id":"https:\/\/www.socdem.org\/el\/hommage-aux-heros-greco-canadiens-unis-dans-le-souvenir-et-la-reconnaissance\/#breadcrumb"},"inLanguage":"el","potentialAction":[{"@type":"ReadAction","target":["https:\/\/www.socdem.org\/el\/hommage-aux-heros-greco-canadiens-unis-dans-le-souvenir-et-la-reconnaissance\/"]}]},{"@type":"ImageObject","inLanguage":"el","@id":"https:\/\/www.socdem.org\/el\/hommage-aux-heros-greco-canadiens-unis-dans-le-souvenir-et-la-reconnaissance\/#primaryimage","url":"https:\/\/www.socdem.org\/wp-content\/uploads\/2024\/12\/IMG_5724-scaled.jpeg","contentUrl":"https:\/\/www.socdem.org\/wp-content\/uploads\/2024\/12\/IMG_5724-scaled.jpeg","width":2560,"height":1920},{"@type":"BreadcrumbList","@id":"https:\/\/www.socdem.org\/el\/hommage-aux-heros-greco-canadiens-unis-dans-le-souvenir-et-la-reconnaissance\/#breadcrumb","itemListElement":[{"@type":"ListItem","position":1,"name":"Accueil","item":"https:\/\/www.socdem.org\/el\/"},{"@type":"ListItem","position":2,"name":"Hommage aux H\u00e9ros Gr\u00e9co-Canadiens : Unis dans le Souvenir et la Reconnaissance"}]},{"@type":"WebSite","@id":"https:\/\/www.socdem.org\/el\/#website","url":"https:\/\/www.socdem.org\/el\/","name":"\u00c9cole Socrates-D\u00e9mosth\u00e8ne","description":"\u03a0\u03ad\u03bd\u03c4\u03b5 \u03c4\u03c1\u03af\u03b3\u03bb\u03c9\u03c3\u03c3\u03b1 \u03b5\u03bb\u03bb\u03b7\u03bd\u03b9\u03ba\u03ac \u03b4\u03b7\u03bc\u03bf\u03c4\u03b9\u03ba\u03ac \u03c3\u03c7\u03bf\u03bb\u03b5\u03af\u03b1 \u03c4\u03bf\u03c5 \u039c\u03b5\u03b3\u03b1\u03bb\u03cd\u03c4\u03b5\u03c1\u03bf\u03c5 \u039c\u03bf\u03bd\u03c4\u03c1\u03b5\u03ac\u03bb","publisher":{"@id":"https:\/\/www.socdem.org\/el\/#organization"},"potentialAction":[{"@type":"SearchAction","target":{"@type":"EntryPoint","urlTemplate":"https:\/\/www.socdem.org\/el\/?s={search_term_string}"},"query-input":{"@type":"PropertyValueSpecification","valueRequired":true,"valueName":"search_term_string"}}],"inLanguage":"el"},{"@type":"Organization","@id":"https:\/\/www.socdem.org\/el\/#organization","name":"\u00c9cole Socrates-D\u00e9mosth\u00e8ne","url":"https:\/\/www.socdem.org\/el\/","logo":{"@type":"ImageObject","inLanguage":"el","@id":"https:\/\/www.socdem.org\/el\/#\/schema\/logo\/image\/","url":"https:\/\/www.socdem.org\/wp-content\/uploads\/2014\/03\/SOC-DEM-LOGO-NAME.jpg","contentUrl":"https:\/\/www.socdem.org\/wp-content\/uploads\/2014\/03\/SOC-DEM-LOGO-NAME.jpg","width":"8485","height":"4200","caption":"\u00c9cole Socrates-D\u00e9mosth\u00e8ne"},"image":{"@id":"https:\/\/www.socdem.org\/el\/#\/schema\/logo\/image\/"},"sameAs":["https:\/\/www.facebook.com\/TheHCGM\/","https:\/\/www.instagram.com\/p\/BnE965PhJU7\/?hl=en"]},{"@type":"Person","@id":"https:\/\/www.socdem.org\/el\/#\/schema\/person\/c8c5cb63ab912088b0d2a568e17e0af0","name":"Socrates-Demosthenes School","image":{"@type":"ImageObject","inLanguage":"el","@id":"https:\/\/secure.gravatar.com\/avatar\/1a27f30d02006e9fb076599a6486443881ffdd9cbdfd270e895401c4027cd91b?s=96&d=mm&r=g","url":"https:\/\/secure.gravatar.com\/avatar\/1a27f30d02006e9fb076599a6486443881ffdd9cbdfd270e895401c4027cd91b?s=96&d=mm&r=g","contentUrl":"https:\/\/secure.gravatar.com\/avatar\/1a27f30d02006e9fb076599a6486443881ffdd9cbdfd270e895401c4027cd91b?s=96&d=mm&r=g","caption":"Socrates-Demosthenes School"},"sameAs":["http:\/\/socdem.org"],"url":"https:\/\/www.socdem.org\/el\/author\/afiorani\/"}]}},"_links":{"self":[{"href":"https:\/\/www.socdem.org\/el\/wp-json\/wp\/v2\/posts\/37962","targetHints":{"allow":["GET"]}}],"collection":[{"href":"https:\/\/www.socdem.org\/el\/wp-json\/wp\/v2\/posts"}],"about":[{"href":"https:\/\/www.socdem.org\/el\/wp-json\/wp\/v2\/types\/post"}],"author":[{"embeddable":true,"href":"https:\/\/www.socdem.org\/el\/wp-json\/wp\/v2\/users\/35"}],"replies":[{"embeddable":true,"href":"https:\/\/www.socdem.org\/el\/wp-json\/wp\/v2\/comments?post=37962"}],"version-history":[{"count":1,"href":"https:\/\/www.socdem.org\/el\/wp-json\/wp\/v2\/posts\/37962\/revisions"}],"predecessor-version":[{"id":37969,"href":"https:\/\/www.socdem.org\/el\/wp-json\/wp\/v2\/posts\/37962\/revisions\/37969"}],"wp:featuredmedia":[{"embeddable":true,"href":"https:\/\/www.socdem.org\/el\/wp-json\/wp\/v2\/media\/37966"}],"wp:attachment":[{"href":"https:\/\/www.socdem.org\/el\/wp-json\/wp\/v2\/media?parent=37962"}],"wp:term":[{"taxonomy":"category","embeddable":true,"href":"https:\/\/www.socdem.org\/el\/wp-json\/wp\/v2\/categories?post=37962"},{"taxonomy":"post_tag","embeddable":true,"href":"https:\/\/www.socdem.org\/el\/wp-json\/wp\/v2\/tags?post=37962"}],"curies":[{"name":"wp","href":"https:\/\/api.w.org\/{rel}","templated":true}]}}