{"id":38675,"date":"2025-02-05T13:24:06","date_gmt":"2025-02-05T18:24:06","guid":{"rendered":"https:\/\/www.socdem.org\/reussites-de-nos-finissantes-questionnaire\/"},"modified":"2025-02-05T13:25:51","modified_gmt":"2025-02-05T18:25:51","slug":"reussites-de-nos-finissantes-questionnaire","status":"publish","type":"post","link":"https:\/\/www.socdem.org\/el\/reussites-de-nos-finissantes-questionnaire\/","title":{"rendered":"R\u00e9ussites de nos finissant(es) &#8211; Questionnaire"},"content":{"rendered":"[vc_row type=&#8221;in_container&#8221; full_screen_row_position=&#8221;middle&#8221; column_margin=&#8221;default&#8221; column_direction=&#8221;default&#8221; column_direction_tablet=&#8221;default&#8221; column_direction_phone=&#8221;default&#8221; scene_position=&#8221;center&#8221; text_color=&#8221;dark&#8221; text_align=&#8221;left&#8221; row_border_radius=&#8221;none&#8221; row_border_radius_applies=&#8221;bg&#8221; overlay_strength=&#8221;0.3&#8243; gradient_direction=&#8221;left_to_right&#8221; shape_divider_position=&#8221;bottom&#8221; bg_image_animation=&#8221;none&#8221;][vc_column column_padding=&#8221;no-extra-padding&#8221; column_padding_tablet=&#8221;inherit&#8221; column_padding_phone=&#8221;inherit&#8221; column_padding_position=&#8221;all&#8221; background_color_opacity=&#8221;1&#8243; background_hover_color_opacity=&#8221;1&#8243; column_shadow=&#8221;none&#8221; column_border_radius=&#8221;none&#8221; column_link_target=&#8221;_self&#8221; gradient_direction=&#8221;left_to_right&#8221; overlay_strength=&#8221;0.3&#8243; width=&#8221;1\/2&#8243; tablet_width_inherit=&#8221;default&#8221; tablet_text_alignment=&#8221;default&#8221; phone_text_alignment=&#8221;default&#8221; column_border_width=&#8221;none&#8221; column_border_style=&#8221;solid&#8221; bg_image_animation=&#8221;none&#8221;][vc_column_text]\n<table>\n<tbody>\n<tr>\n<td><b><i>Nom<\/i><\/b><span style=\"font-weight: 400;\"> : Stevia Andreou\u00a0<\/span><\/p>\n<p><b><i>Ann\u00e9e de dipl\u00f4me \u00e0 l&#8217;\u00c9cole Socrates-D\u00e9mosth\u00e8ne<\/i><\/b><span style=\"font-weight: 400;\"> : 2016<\/span><\/p>\n<p><b><i>Campus fr\u00e9quent\u00e9<\/i><\/b><span style=\"font-weight: 400;\">\u00a0: \u00c9cole Socrates III<\/span><\/p>\n<p><b><i>\u00c9tudes secondaires et sup\u00e9rieures<\/i><\/b><span style=\"font-weight: 400;\">\u00a0 : Coll\u00e8ge Marianopolis\u00a0: Sciences de la nature, profil enrichi. Universit\u00e9 de Montr\u00e9al\u00a0: Doctorat de 1<\/span><span style=\"font-weight: 400;\">er<\/span><span style=\"font-weight: 400;\"> cycle en m\u00e9decine<\/span><\/p>\n<p><b><i>Situation actuelle<\/i><\/b><span style=\"font-weight: 400;\"> : \u00c9tudiante en premi\u00e8re ann\u00e9e du pr\u00e9clinique \u2013 Facult\u00e9 de m\u00e9decine de l\u2019Universit\u00e9 de Montr\u00e9al<\/span><\/td>\n<\/tr>\n<\/tbody>\n<\/table>\n[\/vc_column_text][\/vc_column][vc_column column_padding=&#8221;no-extra-padding&#8221; column_padding_tablet=&#8221;inherit&#8221; column_padding_phone=&#8221;inherit&#8221; column_padding_position=&#8221;all&#8221; background_color_opacity=&#8221;1&#8243; background_hover_color_opacity=&#8221;1&#8243; column_shadow=&#8221;none&#8221; column_border_radius=&#8221;none&#8221; column_link_target=&#8221;_self&#8221; gradient_direction=&#8221;left_to_right&#8221; overlay_strength=&#8221;0.3&#8243; width=&#8221;1\/2&#8243; tablet_width_inherit=&#8221;default&#8221; tablet_text_alignment=&#8221;default&#8221; phone_text_alignment=&#8221;default&#8221; column_border_width=&#8221;none&#8221; column_border_style=&#8221;solid&#8221; bg_image_animation=&#8221;none&#8221;][image_with_animation image_url=&#8221;38670&#8243; animation=&#8221;Fade In&#8221; hover_animation=&#8221;none&#8221; alignment=&#8221;&#8221; border_radius=&#8221;none&#8221; box_shadow=&#8221;none&#8221; image_loading=&#8221;default&#8221; max_width=&#8221;100%&#8221; max_width_mobile=&#8221;default&#8221;][\/vc_column][\/vc_row][vc_row type=&#8221;in_container&#8221; full_screen_row_position=&#8221;middle&#8221; column_margin=&#8221;default&#8221; column_direction=&#8221;default&#8221; column_direction_tablet=&#8221;default&#8221; column_direction_phone=&#8221;default&#8221; scene_position=&#8221;center&#8221; text_color=&#8221;dark&#8221; text_align=&#8221;left&#8221; row_border_radius=&#8221;none&#8221; row_border_radius_applies=&#8221;bg&#8221; overlay_strength=&#8221;0.3&#8243; gradient_direction=&#8221;left_to_right&#8221; shape_divider_position=&#8221;bottom&#8221; bg_image_animation=&#8221;none&#8221;][vc_column column_padding=&#8221;no-extra-padding&#8221; column_padding_tablet=&#8221;inherit&#8221; column_padding_phone=&#8221;inherit&#8221; column_padding_position=&#8221;all&#8221; background_color_opacity=&#8221;1&#8243; background_hover_color_opacity=&#8221;1&#8243; column_shadow=&#8221;none&#8221; column_border_radius=&#8221;none&#8221; column_link_target=&#8221;_self&#8221; gradient_direction=&#8221;left_to_right&#8221; overlay_strength=&#8221;0.3&#8243; width=&#8221;1\/1&#8243; tablet_width_inherit=&#8221;default&#8221; tablet_text_alignment=&#8221;default&#8221; phone_text_alignment=&#8221;default&#8221; column_border_width=&#8221;none&#8221; column_border_style=&#8221;solid&#8221; bg_image_animation=&#8221;none&#8221;][vc_column_text]<b><i>1. Parlez-nous de votre parcours acad\u00e9mique apr\u00e8s avoir quitt\u00e9 l&#8217;\u00c9cole Socrates-D\u00e9mosth\u00e8ne. Quelles \u00e9tudes sup\u00e9rieures avez-vous suivies ?<\/i><\/b><\/p>\n<p><span style=\"font-weight: 400;\">Apr\u00e8s avoir quitt\u00e9 l\u2019\u00c9cole Socrates III, j\u2019ai poursuivi mon parcours au Coll\u00e8ge Laval, o\u00f9 j\u2019ai pris pleinement conscience de l\u2019impact profond de mon \u00e9cole primaire sur mon d\u00e9veloppement acad\u00e9mique. Gr\u00e2ce aux bases solides et aux valeurs qu\u2019elle m\u2019a inculqu\u00e9es, j\u2019ai pu exceller dans mes \u00e9tudes, ce qui m\u2019a notamment valu le Prix du Gouverneur g\u00e9n\u00e9ral du Canada \u00e0 la fin de mon secondaire. Par la suite, j\u2019ai poursuivi un programme enrichi au Coll\u00e8ge Marianopolis pendant deux ans, et je suis aujourd\u2019hui \u00e9tudiante en m\u00e9decine \u00e0 l\u2019Universit\u00e9 de Montr\u00e9al.<\/span><\/p>\n<p>&nbsp;<\/p>\n<p><b><i>2. Pourriez-vous partager un souvenir qui, au moment de votre temps \u00e0 l&#8217;\u00c9cole Socrates-D\u00e9mosth\u00e8ne, ne semblait pas tr\u00e8s significatif, mais qui a pris de l\u2019importance au fil du temps ?<\/i><\/b><\/p>\n<p><span style=\"font-weight: 400;\">Je me souviens des moments o\u00f9 nous \u00e9coutions des chansons grecques en classe et les chantions fi\u00e8rement lors des spectacles de No\u00ebl et ceux du 25 mars. \u00c0 l\u2019\u00e9poque, c\u2019\u00e9tait une activit\u00e9 parmi tant d\u2019autres, mais aujourd\u2019hui, je r\u00e9alise \u00e0 quel point ces m\u00e9lodies portaient en elles l\u2019\u00e2me de ma culture. Elles m\u2019ont transmis un lien profond avec mes racines et m\u2019ont appris la richesse d\u2019une identit\u00e9 grecque. Aujourd\u2019hui, ces souvenirs ont une valeur particuli\u00e8re, car ils repr\u00e9sentent un pont entre mon \u00e9ducation et mon h\u00e9ritage.<br \/>\n<\/span><br \/>\n<b><i><\/i><\/b><b><i>3. Dans quelle mesure pensez-vous que l&#8217;\u00c9cole Socrates-D\u00e9mosth\u00e8ne a contribu\u00e9 \u00e0 votre r\u00e9ussite actuelle ?<\/i><\/b><\/p>\n<p><span style=\"font-weight: 400;\">L\u2019\u00c9cole Socrates-D\u00e9mosth\u00e8ne m\u2019a offert bien plus qu\u2019un apprentissage acad\u00e9mique trilingue : elle m\u2019a transmis une rigueur intellectuelle, un amour pour la culture grecque et une ouverture sur le monde. C\u2019est dans ses murs que j\u2019ai appris \u00e0 conjuguer discipline et curiosit\u00e9, deux qualit\u00e9s qui m\u2019accompagnent aujourd\u2019hui en m\u00e9decine. Ce qui me touche particuli\u00e8rement, c\u2019est l\u2019importance que l\u2019\u00e9cole accorde \u00e0 <\/span><span style=\"font-weight: 400;\">la culture et \u00e0 l\u2019identit\u00e9<\/span><span style=\"font-weight: 400;\">, me montrant qu\u2019il est possible de rester profond\u00e9ment ancr\u00e9 dans ses racines tout en poursuivant ses r\u00eaves.<\/span><\/p>\n<p>&nbsp;<\/p>\n<p><b><i>4. De nombreux \u00e9l\u00e8ves \u00e9voquent les amiti\u00e9s pr\u00e9cieuses qu&#8217;ils ont nou\u00e9es au primaire. Pouvez-vous partager une anecdote sp\u00e9cifique sur une de ces amiti\u00e9s et nous dire si vous \u00eates rest\u00e9 en contact avec cet ami ou cette amie au fil des ann\u00e9es ?<\/i><\/b><\/p>\n<p><span style=\"font-weight: 400;\">Je garde un souvenir particuli\u00e8rement pr\u00e9cieux des sorties scolaires, comme celles \u00e0 Qu\u00e9bec, \u00e0 Ottawa ou au Camp Rouge. Ces moments pass\u00e9s avec mes amis \u00e9taient remplis de rires et de d\u00e9couvertes. Je me souviens d\u2019une soir\u00e9e au Camp Rouge o\u00f9, assis autour d\u2019un feu de camp, nous regardions les \u00e9toiles, tous \u00e9merveill\u00e9s par les points brillants. Ces instants simples, ont renforc\u00e9 des liens d\u2019amiti\u00e9 qui me sont rest\u00e9s chers. M\u00eame si nos chemins se sont s\u00e9par\u00e9s apr\u00e8s le primaire, je garde un souvenir chaleureux de ces moments.<\/span><\/p>\n<p>&nbsp;<\/p>\n<p><b><i>5. Pouvez-vous nous parler d\u2019un(e) enseignant(e) que vous avez particuli\u00e8rement aim\u00e9 \u00e0 l&#8217;\u00c9cole Socrates-D\u00e9mosth\u00e8ne et expliquer en quoi il ou elle vous a marqu\u00e9 ?<\/i><\/b><span style=\"font-weight: 400;\">\u00a0<\/span><\/p>\n<p><span style=\"font-weight: 400;\">Il m\u2019est impossible de nommer un seul enseignant ou une seule enseignante, car chacun(e), de la pr\u00e9maternelle \u00e0 la 6\u1d49 ann\u00e9e, a jou\u00e9 un r\u00f4le unique et pr\u00e9cieux dans mon parcours. Chaque enseignant(e) apportait quelque chose de sp\u00e9cial : une passion pour leur mati\u00e8re, une capacit\u00e9 \u00e0 rendre les le\u00e7ons captivantes ou encore un soutien bienveillant dans les moments de doute. Ils ont su \u00e9veiller ma curiosit\u00e9, cultiver mon amour pour l\u2019apprentissage et m\u2019inculquer des valeurs essentielles qui me guident encore aujourd\u2019hui. Leur d\u00e9vouement collectif a cr\u00e9\u00e9 un environnement o\u00f9 je me suis sentie \u00e9cout\u00e9e, encourag\u00e9e et inspir\u00e9e, et c\u2019est gr\u00e2ce \u00e0 eux que j\u2019ai pu b\u00e2tir une base solide pour tout ce que j\u2019ai accompli par la suite.<\/span><\/p>\n<p>&nbsp;<\/p>\n<p><b><i>6. Quels conseils donneriez-vous aux \u00e9l\u00e8ves actuels de l&#8217;\u00c9cole Socrates-D\u00e9mosth\u00e8ne pour maximiser leur exp\u00e9rience \u00e9ducative ?<\/i><\/b><\/p>\n<p><span style=\"font-weight: 400;\">Soyez curieux et ouverts d\u2019esprit. N\u2019h\u00e9sitez pas \u00e0 poser des questions, \u00e0 explorer de nouvelles id\u00e9es et \u00e0 sortir de votre zone de confort. Les ann\u00e9es pass\u00e9es \u00e0 Socrates-D\u00e9mosth\u00e8ne ne sont pas seulement une pr\u00e9paration pour l\u2019avenir, mais aussi une occasion de grandir en tant que personne. Profitez-en pleinement, car ce sont des moments qui resteront avec vous pour toujours.<\/span><\/p>\n<p>&nbsp;<\/p>\n<p><b><i>7. Avez-vous d&#8217;autres commentaires, suggestions ou r\u00e9flexions que vous aimeriez partager avec nous ?<\/i><\/b><\/p>\n<p><span style=\"font-weight: 400;\">L\u2019\u00c9cole Socrates-D\u00e9mosth\u00e8ne occupe une place sp\u00e9ciale dans mon c\u0153ur. Je r\u00eave un jour d\u2019y envoyer mes propres enfants, afin qu\u2019ils puissent, eux aussi, grandir dans un environnement qui allie excellence acad\u00e9mique, culture et humanit\u00e9. Je suis convaincue qu\u2019elle continue d\u2019inspirer et de pr\u00e9parer les g\u00e9n\u00e9rations futures \u00e0 accomplir de grandes choses.<\/span><\/p>\n<p>&nbsp;<\/p>\n<p><b><i>Merci infiniment d&#8217;avoir pris le temps de partager votre exp\u00e9rience. Vos t\u00e9moignages sont pr\u00e9cieux et contribuent \u00e0 inspirer les g\u00e9n\u00e9rations futures de l&#8217;\u00c9cole Socrates-D\u00e9mosth\u00e8ne.<\/i><\/b>[\/vc_column_text][\/vc_column][\/vc_row]\n","protected":false},"excerpt":{"rendered":"<p>[vc_row type=&#8221;in_container&#8221; full_screen_row_position=&#8221;middle&#8221; column_margin=&#8221;default&#8221; column_direction=&#8221;default&#8221; column_direction_tablet=&#8221;default&#8221; column_direction_phone=&#8221;default&#8221; scene_position=&#8221;center&#8221; text_color=&#8221;dark&#8221; text_align=&#8221;left&#8221; row_border_radius=&#8221;none&#8221; row_border_radius_applies=&#8221;bg&#8221; overlay_strength=&#8221;0.3&#8243; gradient_direction=&#8221;left_to_right&#8221; shape_divider_position=&#8221;bottom&#8221; bg_image_animation=&#8221;none&#8221;][vc_column column_padding=&#8221;no-extra-padding&#8221; column_padding_tablet=&#8221;inherit&#8221; column_padding_phone=&#8221;inherit&#8221; column_padding_position=&#8221;all&#8221; background_color_opacity=&#8221;1&#8243; background_hover_color_opacity=&#8221;1&#8243; column_shadow=&#8221;none&#8221; column_border_radius=&#8221;none&#8221; column_link_target=&#8221;_self&#8221; gradient_direction=&#8221;left_to_right&#8221; overlay_strength=&#8221;0.3&#8243; width=&#8221;1\/2&#8243; tablet_width_inherit=&#8221;default&#8221; tablet_text_alignment=&#8221;default&#8221;&#8230;<\/p>\n","protected":false},"author":35,"featured_media":38672,"comment_status":"closed","ping_status":"closed","sticky":false,"template":"","format":"standard","meta":{"_monsterinsights_skip_tracking":false,"_monsterinsights_sitenote_active":false,"_monsterinsights_sitenote_note":"","_monsterinsights_sitenote_category":0,"footnotes":""},"categories":[93,94,95,96,97,87,193,186,196,194,187,197,195],"tags":[],"class_list":{"0":"post-38675","1":"post","2":"type-post","3":"status-publish","4":"format-standard","5":"has-post-thumbnail","7":"category-nea-2","8":"category-nea-3","9":"category-nea-4","10":"category-nea-5","11":"category-nea-demosthene","12":"category-news-and-activities-greek","13":"category-uncategorized-el-3","14":"category-uncategorized-el","15":"category-uncategorized-el-6","16":"category-uncategorized-el-4","17":"category-uncategorized-el-2","18":"category-uncategorized-el-7","19":"category-uncategorized-el-5"},"yoast_head":"<!-- This site is optimized with the Yoast SEO plugin v27.5 - https:\/\/yoast.com\/product\/yoast-seo-wordpress\/ -->\n<title>R\u00e9ussites de nos finissant(es) - Questionnaire - \u0394\u03b7\u03bc\u03bf\u03c4\u03b9\u03ba\u03cc \u03c3\u03c7\u03bf\u03bb\u03b5\u03af\u03bf \u03a3\u03c9\u03ba\u03c1\u03ac\u03c4\u03b7\u03c2 \u03ba\u03b1\u03b9 \u0394\u03b7\u03bc\u03bf\u03c3\u03b8\u03ad\u03bd\u03b7\u03c2<\/title>\n<meta name=\"robots\" content=\"index, follow, max-snippet:-1, max-image-preview:large, max-video-preview:-1\" \/>\n<link rel=\"canonical\" href=\"https:\/\/www.socdem.org\/el\/reussites-de-nos-finissantes-questionnaire\/\" \/>\n<meta property=\"og:locale\" content=\"el_GR\" \/>\n<meta property=\"og:type\" content=\"article\" \/>\n<meta property=\"og:title\" content=\"R\u00e9ussites de nos finissant(es) - Questionnaire - \u0394\u03b7\u03bc\u03bf\u03c4\u03b9\u03ba\u03cc \u03c3\u03c7\u03bf\u03bb\u03b5\u03af\u03bf \u03a3\u03c9\u03ba\u03c1\u03ac\u03c4\u03b7\u03c2 \u03ba\u03b1\u03b9 \u0394\u03b7\u03bc\u03bf\u03c3\u03b8\u03ad\u03bd\u03b7\u03c2\" \/>\n<meta property=\"og:description\" content=\"[vc_row type=&#8221;in_container&#8221; full_screen_row_position=&#8221;middle&#8221; column_margin=&#8221;default&#8221; column_direction=&#8221;default&#8221; column_direction_tablet=&#8221;default&#8221; column_direction_phone=&#8221;default&#8221; scene_position=&#8221;center&#8221; text_color=&#8221;dark&#8221; text_align=&#8221;left&#8221; row_border_radius=&#8221;none&#8221; row_border_radius_applies=&#8221;bg&#8221; overlay_strength=&#8221;0.3&#8243; gradient_direction=&#8221;left_to_right&#8221; shape_divider_position=&#8221;bottom&#8221; bg_image_animation=&#8221;none&#8221;][vc_column column_padding=&#8221;no-extra-padding&#8221; column_padding_tablet=&#8221;inherit&#8221; column_padding_phone=&#8221;inherit&#8221; column_padding_position=&#8221;all&#8221; background_color_opacity=&#8221;1&#8243; background_hover_color_opacity=&#8221;1&#8243; column_shadow=&#8221;none&#8221; column_border_radius=&#8221;none&#8221; column_link_target=&#8221;_self&#8221; gradient_direction=&#8221;left_to_right&#8221; overlay_strength=&#8221;0.3&#8243; width=&#8221;1\/2&#8243; tablet_width_inherit=&#8221;default&#8221; tablet_text_alignment=&#8221;default&#8221;...\" \/>\n<meta property=\"og:url\" content=\"https:\/\/www.socdem.org\/el\/reussites-de-nos-finissantes-questionnaire\/\" \/>\n<meta property=\"og:site_name\" content=\"\u0394\u03b7\u03bc\u03bf\u03c4\u03b9\u03ba\u03cc \u03c3\u03c7\u03bf\u03bb\u03b5\u03af\u03bf \u03a3\u03c9\u03ba\u03c1\u03ac\u03c4\u03b7\u03c2 \u03ba\u03b1\u03b9 \u0394\u03b7\u03bc\u03bf\u03c3\u03b8\u03ad\u03bd\u03b7\u03c2\" \/>\n<meta property=\"article:publisher\" content=\"https:\/\/www.facebook.com\/TheHCGM\/\" \/>\n<meta property=\"article:published_time\" content=\"2025-02-05T18:24:06+00:00\" \/>\n<meta property=\"article:modified_time\" content=\"2025-02-05T18:25:51+00:00\" \/>\n<meta property=\"og:image\" content=\"https:\/\/www.socdem.org\/wp-content\/uploads\/2025\/02\/TEMOIGNAGE-STEVIA-ANDREOU.docx-page-001.jpg\" \/>\n\t<meta property=\"og:image:width\" content=\"771\" \/>\n\t<meta property=\"og:image:height\" content=\"733\" \/>\n\t<meta property=\"og:image:type\" content=\"image\/jpeg\" \/>\n<meta name=\"author\" content=\"Socrates-Demosthenes School\" \/>\n<meta name=\"twitter:card\" content=\"summary_large_image\" \/>\n<meta name=\"twitter:label1\" content=\"\u03a3\u03c5\u03bd\u03c4\u03ac\u03c7\u03b8\u03b7\u03ba\u03b5 \u03b1\u03c0\u03cc\" \/>\n\t<meta name=\"twitter:data1\" content=\"Socrates-Demosthenes School\" \/>\n\t<meta name=\"twitter:label2\" content=\"\u0395\u03ba\u03c4\u03b9\u03bc\u03ce\u03bc\u03b5\u03bd\u03bf\u03c2 \u03c7\u03c1\u03cc\u03bd\u03bf\u03c2 \u03b1\u03bd\u03ac\u03b3\u03bd\u03c9\u03c3\u03b7\u03c2\" \/>\n\t<meta name=\"twitter:data2\" content=\"5 \u03bb\u03b5\u03c0\u03c4\u03ac\" \/>\n<script type=\"application\/ld+json\" class=\"yoast-schema-graph\">{\"@context\":\"https:\\\/\\\/schema.org\",\"@graph\":[{\"@type\":\"Article\",\"@id\":\"https:\\\/\\\/www.socdem.org\\\/el\\\/reussites-de-nos-finissantes-questionnaire\\\/#article\",\"isPartOf\":{\"@id\":\"https:\\\/\\\/www.socdem.org\\\/el\\\/reussites-de-nos-finissantes-questionnaire\\\/\"},\"author\":{\"name\":\"Socrates-Demosthenes School\",\"@id\":\"https:\\\/\\\/www.socdem.org\\\/el\\\/#\\\/schema\\\/person\\\/c8c5cb63ab912088b0d2a568e17e0af0\"},\"headline\":\"R\u00e9ussites de nos finissant(es) &#8211; Questionnaire\",\"datePublished\":\"2025-02-05T18:24:06+00:00\",\"dateModified\":\"2025-02-05T18:25:51+00:00\",\"mainEntityOfPage\":{\"@id\":\"https:\\\/\\\/www.socdem.org\\\/el\\\/reussites-de-nos-finissantes-questionnaire\\\/\"},\"wordCount\":1324,\"publisher\":{\"@id\":\"https:\\\/\\\/www.socdem.org\\\/el\\\/#organization\"},\"image\":{\"@id\":\"https:\\\/\\\/www.socdem.org\\\/el\\\/reussites-de-nos-finissantes-questionnaire\\\/#primaryimage\"},\"thumbnailUrl\":\"https:\\\/\\\/www.socdem.org\\\/wp-content\\\/uploads\\\/2025\\\/02\\\/TEMOIGNAGE-STEVIA-ANDREOU.docx-page-001.jpg\",\"articleSection\":[\"Nea 2\",\"Nea 3\",\"Nea 4\",\"Nea 5\",\"Nea demosthene\",\"News and activities greek\",\"Uncategorized\",\"Uncategorized\",\"Uncategorized\",\"Uncategorized\",\"Uncategorized\",\"Uncategorized\",\"Uncategorized\"],\"inLanguage\":\"el\"},{\"@type\":\"WebPage\",\"@id\":\"https:\\\/\\\/www.socdem.org\\\/el\\\/reussites-de-nos-finissantes-questionnaire\\\/\",\"url\":\"https:\\\/\\\/www.socdem.org\\\/el\\\/reussites-de-nos-finissantes-questionnaire\\\/\",\"name\":\"R\u00e9ussites de nos finissant(es) - Questionnaire - \u0394\u03b7\u03bc\u03bf\u03c4\u03b9\u03ba\u03cc \u03c3\u03c7\u03bf\u03bb\u03b5\u03af\u03bf \u03a3\u03c9\u03ba\u03c1\u03ac\u03c4\u03b7\u03c2 \u03ba\u03b1\u03b9 \u0394\u03b7\u03bc\u03bf\u03c3\u03b8\u03ad\u03bd\u03b7\u03c2\",\"isPartOf\":{\"@id\":\"https:\\\/\\\/www.socdem.org\\\/el\\\/#website\"},\"primaryImageOfPage\":{\"@id\":\"https:\\\/\\\/www.socdem.org\\\/el\\\/reussites-de-nos-finissantes-questionnaire\\\/#primaryimage\"},\"image\":{\"@id\":\"https:\\\/\\\/www.socdem.org\\\/el\\\/reussites-de-nos-finissantes-questionnaire\\\/#primaryimage\"},\"thumbnailUrl\":\"https:\\\/\\\/www.socdem.org\\\/wp-content\\\/uploads\\\/2025\\\/02\\\/TEMOIGNAGE-STEVIA-ANDREOU.docx-page-001.jpg\",\"datePublished\":\"2025-02-05T18:24:06+00:00\",\"dateModified\":\"2025-02-05T18:25:51+00:00\",\"breadcrumb\":{\"@id\":\"https:\\\/\\\/www.socdem.org\\\/el\\\/reussites-de-nos-finissantes-questionnaire\\\/#breadcrumb\"},\"inLanguage\":\"el\",\"potentialAction\":[{\"@type\":\"ReadAction\",\"target\":[\"https:\\\/\\\/www.socdem.org\\\/el\\\/reussites-de-nos-finissantes-questionnaire\\\/\"]}]},{\"@type\":\"ImageObject\",\"inLanguage\":\"el\",\"@id\":\"https:\\\/\\\/www.socdem.org\\\/el\\\/reussites-de-nos-finissantes-questionnaire\\\/#primaryimage\",\"url\":\"https:\\\/\\\/www.socdem.org\\\/wp-content\\\/uploads\\\/2025\\\/02\\\/TEMOIGNAGE-STEVIA-ANDREOU.docx-page-001.jpg\",\"contentUrl\":\"https:\\\/\\\/www.socdem.org\\\/wp-content\\\/uploads\\\/2025\\\/02\\\/TEMOIGNAGE-STEVIA-ANDREOU.docx-page-001.jpg\",\"width\":771,\"height\":733},{\"@type\":\"BreadcrumbList\",\"@id\":\"https:\\\/\\\/www.socdem.org\\\/el\\\/reussites-de-nos-finissantes-questionnaire\\\/#breadcrumb\",\"itemListElement\":[{\"@type\":\"ListItem\",\"position\":1,\"name\":\"Accueil\",\"item\":\"https:\\\/\\\/www.socdem.org\\\/el\\\/\"},{\"@type\":\"ListItem\",\"position\":2,\"name\":\"R\u00e9ussites de nos finissant(es) &#8211; Questionnaire\"}]},{\"@type\":\"WebSite\",\"@id\":\"https:\\\/\\\/www.socdem.org\\\/el\\\/#website\",\"url\":\"https:\\\/\\\/www.socdem.org\\\/el\\\/\",\"name\":\"\u00c9cole Socrates-D\u00e9mosth\u00e8ne\",\"description\":\"\u03a0\u03ad\u03bd\u03c4\u03b5 \u03c4\u03c1\u03af\u03b3\u03bb\u03c9\u03c3\u03c3\u03b1 \u03b5\u03bb\u03bb\u03b7\u03bd\u03b9\u03ba\u03ac \u03b4\u03b7\u03bc\u03bf\u03c4\u03b9\u03ba\u03ac \u03c3\u03c7\u03bf\u03bb\u03b5\u03af\u03b1 \u03c4\u03bf\u03c5 \u039c\u03b5\u03b3\u03b1\u03bb\u03cd\u03c4\u03b5\u03c1\u03bf\u03c5 \u039c\u03bf\u03bd\u03c4\u03c1\u03b5\u03ac\u03bb\",\"publisher\":{\"@id\":\"https:\\\/\\\/www.socdem.org\\\/el\\\/#organization\"},\"potentialAction\":[{\"@type\":\"SearchAction\",\"target\":{\"@type\":\"EntryPoint\",\"urlTemplate\":\"https:\\\/\\\/www.socdem.org\\\/el\\\/?s={search_term_string}\"},\"query-input\":{\"@type\":\"PropertyValueSpecification\",\"valueRequired\":true,\"valueName\":\"search_term_string\"}}],\"inLanguage\":\"el\"},{\"@type\":\"Organization\",\"@id\":\"https:\\\/\\\/www.socdem.org\\\/el\\\/#organization\",\"name\":\"\u00c9cole Socrates-D\u00e9mosth\u00e8ne\",\"url\":\"https:\\\/\\\/www.socdem.org\\\/el\\\/\",\"logo\":{\"@type\":\"ImageObject\",\"inLanguage\":\"el\",\"@id\":\"https:\\\/\\\/www.socdem.org\\\/el\\\/#\\\/schema\\\/logo\\\/image\\\/\",\"url\":\"https:\\\/\\\/www.socdem.org\\\/wp-content\\\/uploads\\\/2014\\\/03\\\/SOC-DEM-LOGO-NAME.jpg\",\"contentUrl\":\"https:\\\/\\\/www.socdem.org\\\/wp-content\\\/uploads\\\/2014\\\/03\\\/SOC-DEM-LOGO-NAME.jpg\",\"width\":\"8485\",\"height\":\"4200\",\"caption\":\"\u00c9cole Socrates-D\u00e9mosth\u00e8ne\"},\"image\":{\"@id\":\"https:\\\/\\\/www.socdem.org\\\/el\\\/#\\\/schema\\\/logo\\\/image\\\/\"},\"sameAs\":[\"https:\\\/\\\/www.facebook.com\\\/TheHCGM\\\/\",\"https:\\\/\\\/www.instagram.com\\\/p\\\/BnE965PhJU7\\\/?hl=en\"]},{\"@type\":\"Person\",\"@id\":\"https:\\\/\\\/www.socdem.org\\\/el\\\/#\\\/schema\\\/person\\\/c8c5cb63ab912088b0d2a568e17e0af0\",\"name\":\"Socrates-Demosthenes School\",\"image\":{\"@type\":\"ImageObject\",\"inLanguage\":\"el\",\"@id\":\"https:\\\/\\\/secure.gravatar.com\\\/avatar\\\/1a27f30d02006e9fb076599a6486443881ffdd9cbdfd270e895401c4027cd91b?s=96&d=mm&r=g\",\"url\":\"https:\\\/\\\/secure.gravatar.com\\\/avatar\\\/1a27f30d02006e9fb076599a6486443881ffdd9cbdfd270e895401c4027cd91b?s=96&d=mm&r=g\",\"contentUrl\":\"https:\\\/\\\/secure.gravatar.com\\\/avatar\\\/1a27f30d02006e9fb076599a6486443881ffdd9cbdfd270e895401c4027cd91b?s=96&d=mm&r=g\",\"caption\":\"Socrates-Demosthenes School\"},\"sameAs\":[\"http:\\\/\\\/socdem.org\"],\"url\":\"https:\\\/\\\/www.socdem.org\\\/el\\\/author\\\/afiorani\\\/\"}]}<\/script>\n<!-- \/ Yoast SEO plugin. -->","yoast_head_json":{"title":"R\u00e9ussites de nos finissant(es) - Questionnaire - \u0394\u03b7\u03bc\u03bf\u03c4\u03b9\u03ba\u03cc \u03c3\u03c7\u03bf\u03bb\u03b5\u03af\u03bf \u03a3\u03c9\u03ba\u03c1\u03ac\u03c4\u03b7\u03c2 \u03ba\u03b1\u03b9 \u0394\u03b7\u03bc\u03bf\u03c3\u03b8\u03ad\u03bd\u03b7\u03c2","robots":{"index":"index","follow":"follow","max-snippet":"max-snippet:-1","max-image-preview":"max-image-preview:large","max-video-preview":"max-video-preview:-1"},"canonical":"https:\/\/www.socdem.org\/el\/reussites-de-nos-finissantes-questionnaire\/","og_locale":"el_GR","og_type":"article","og_title":"R\u00e9ussites de nos finissant(es) - Questionnaire - \u0394\u03b7\u03bc\u03bf\u03c4\u03b9\u03ba\u03cc \u03c3\u03c7\u03bf\u03bb\u03b5\u03af\u03bf \u03a3\u03c9\u03ba\u03c1\u03ac\u03c4\u03b7\u03c2 \u03ba\u03b1\u03b9 \u0394\u03b7\u03bc\u03bf\u03c3\u03b8\u03ad\u03bd\u03b7\u03c2","og_description":"[vc_row type=&#8221;in_container&#8221; full_screen_row_position=&#8221;middle&#8221; column_margin=&#8221;default&#8221; column_direction=&#8221;default&#8221; column_direction_tablet=&#8221;default&#8221; column_direction_phone=&#8221;default&#8221; scene_position=&#8221;center&#8221; text_color=&#8221;dark&#8221; text_align=&#8221;left&#8221; row_border_radius=&#8221;none&#8221; row_border_radius_applies=&#8221;bg&#8221; overlay_strength=&#8221;0.3&#8243; gradient_direction=&#8221;left_to_right&#8221; shape_divider_position=&#8221;bottom&#8221; bg_image_animation=&#8221;none&#8221;][vc_column column_padding=&#8221;no-extra-padding&#8221; column_padding_tablet=&#8221;inherit&#8221; column_padding_phone=&#8221;inherit&#8221; column_padding_position=&#8221;all&#8221; background_color_opacity=&#8221;1&#8243; background_hover_color_opacity=&#8221;1&#8243; column_shadow=&#8221;none&#8221; column_border_radius=&#8221;none&#8221; column_link_target=&#8221;_self&#8221; gradient_direction=&#8221;left_to_right&#8221; overlay_strength=&#8221;0.3&#8243; width=&#8221;1\/2&#8243; tablet_width_inherit=&#8221;default&#8221; tablet_text_alignment=&#8221;default&#8221;...","og_url":"https:\/\/www.socdem.org\/el\/reussites-de-nos-finissantes-questionnaire\/","og_site_name":"\u0394\u03b7\u03bc\u03bf\u03c4\u03b9\u03ba\u03cc \u03c3\u03c7\u03bf\u03bb\u03b5\u03af\u03bf \u03a3\u03c9\u03ba\u03c1\u03ac\u03c4\u03b7\u03c2 \u03ba\u03b1\u03b9 \u0394\u03b7\u03bc\u03bf\u03c3\u03b8\u03ad\u03bd\u03b7\u03c2","article_publisher":"https:\/\/www.facebook.com\/TheHCGM\/","article_published_time":"2025-02-05T18:24:06+00:00","article_modified_time":"2025-02-05T18:25:51+00:00","og_image":[{"width":771,"height":733,"url":"https:\/\/www.socdem.org\/wp-content\/uploads\/2025\/02\/TEMOIGNAGE-STEVIA-ANDREOU.docx-page-001.jpg","type":"image\/jpeg"}],"author":"Socrates-Demosthenes School","twitter_card":"summary_large_image","twitter_misc":{"\u03a3\u03c5\u03bd\u03c4\u03ac\u03c7\u03b8\u03b7\u03ba\u03b5 \u03b1\u03c0\u03cc":"Socrates-Demosthenes School","\u0395\u03ba\u03c4\u03b9\u03bc\u03ce\u03bc\u03b5\u03bd\u03bf\u03c2 \u03c7\u03c1\u03cc\u03bd\u03bf\u03c2 \u03b1\u03bd\u03ac\u03b3\u03bd\u03c9\u03c3\u03b7\u03c2":"5 \u03bb\u03b5\u03c0\u03c4\u03ac"},"schema":{"@context":"https:\/\/schema.org","@graph":[{"@type":"Article","@id":"https:\/\/www.socdem.org\/el\/reussites-de-nos-finissantes-questionnaire\/#article","isPartOf":{"@id":"https:\/\/www.socdem.org\/el\/reussites-de-nos-finissantes-questionnaire\/"},"author":{"name":"Socrates-Demosthenes School","@id":"https:\/\/www.socdem.org\/el\/#\/schema\/person\/c8c5cb63ab912088b0d2a568e17e0af0"},"headline":"R\u00e9ussites de nos finissant(es) &#8211; Questionnaire","datePublished":"2025-02-05T18:24:06+00:00","dateModified":"2025-02-05T18:25:51+00:00","mainEntityOfPage":{"@id":"https:\/\/www.socdem.org\/el\/reussites-de-nos-finissantes-questionnaire\/"},"wordCount":1324,"publisher":{"@id":"https:\/\/www.socdem.org\/el\/#organization"},"image":{"@id":"https:\/\/www.socdem.org\/el\/reussites-de-nos-finissantes-questionnaire\/#primaryimage"},"thumbnailUrl":"https:\/\/www.socdem.org\/wp-content\/uploads\/2025\/02\/TEMOIGNAGE-STEVIA-ANDREOU.docx-page-001.jpg","articleSection":["Nea 2","Nea 3","Nea 4","Nea 5","Nea demosthene","News and activities greek","Uncategorized","Uncategorized","Uncategorized","Uncategorized","Uncategorized","Uncategorized","Uncategorized"],"inLanguage":"el"},{"@type":"WebPage","@id":"https:\/\/www.socdem.org\/el\/reussites-de-nos-finissantes-questionnaire\/","url":"https:\/\/www.socdem.org\/el\/reussites-de-nos-finissantes-questionnaire\/","name":"R\u00e9ussites de nos finissant(es) - Questionnaire - \u0394\u03b7\u03bc\u03bf\u03c4\u03b9\u03ba\u03cc \u03c3\u03c7\u03bf\u03bb\u03b5\u03af\u03bf \u03a3\u03c9\u03ba\u03c1\u03ac\u03c4\u03b7\u03c2 \u03ba\u03b1\u03b9 \u0394\u03b7\u03bc\u03bf\u03c3\u03b8\u03ad\u03bd\u03b7\u03c2","isPartOf":{"@id":"https:\/\/www.socdem.org\/el\/#website"},"primaryImageOfPage":{"@id":"https:\/\/www.socdem.org\/el\/reussites-de-nos-finissantes-questionnaire\/#primaryimage"},"image":{"@id":"https:\/\/www.socdem.org\/el\/reussites-de-nos-finissantes-questionnaire\/#primaryimage"},"thumbnailUrl":"https:\/\/www.socdem.org\/wp-content\/uploads\/2025\/02\/TEMOIGNAGE-STEVIA-ANDREOU.docx-page-001.jpg","datePublished":"2025-02-05T18:24:06+00:00","dateModified":"2025-02-05T18:25:51+00:00","breadcrumb":{"@id":"https:\/\/www.socdem.org\/el\/reussites-de-nos-finissantes-questionnaire\/#breadcrumb"},"inLanguage":"el","potentialAction":[{"@type":"ReadAction","target":["https:\/\/www.socdem.org\/el\/reussites-de-nos-finissantes-questionnaire\/"]}]},{"@type":"ImageObject","inLanguage":"el","@id":"https:\/\/www.socdem.org\/el\/reussites-de-nos-finissantes-questionnaire\/#primaryimage","url":"https:\/\/www.socdem.org\/wp-content\/uploads\/2025\/02\/TEMOIGNAGE-STEVIA-ANDREOU.docx-page-001.jpg","contentUrl":"https:\/\/www.socdem.org\/wp-content\/uploads\/2025\/02\/TEMOIGNAGE-STEVIA-ANDREOU.docx-page-001.jpg","width":771,"height":733},{"@type":"BreadcrumbList","@id":"https:\/\/www.socdem.org\/el\/reussites-de-nos-finissantes-questionnaire\/#breadcrumb","itemListElement":[{"@type":"ListItem","position":1,"name":"Accueil","item":"https:\/\/www.socdem.org\/el\/"},{"@type":"ListItem","position":2,"name":"R\u00e9ussites de nos finissant(es) &#8211; Questionnaire"}]},{"@type":"WebSite","@id":"https:\/\/www.socdem.org\/el\/#website","url":"https:\/\/www.socdem.org\/el\/","name":"\u00c9cole Socrates-D\u00e9mosth\u00e8ne","description":"\u03a0\u03ad\u03bd\u03c4\u03b5 \u03c4\u03c1\u03af\u03b3\u03bb\u03c9\u03c3\u03c3\u03b1 \u03b5\u03bb\u03bb\u03b7\u03bd\u03b9\u03ba\u03ac \u03b4\u03b7\u03bc\u03bf\u03c4\u03b9\u03ba\u03ac \u03c3\u03c7\u03bf\u03bb\u03b5\u03af\u03b1 \u03c4\u03bf\u03c5 \u039c\u03b5\u03b3\u03b1\u03bb\u03cd\u03c4\u03b5\u03c1\u03bf\u03c5 \u039c\u03bf\u03bd\u03c4\u03c1\u03b5\u03ac\u03bb","publisher":{"@id":"https:\/\/www.socdem.org\/el\/#organization"},"potentialAction":[{"@type":"SearchAction","target":{"@type":"EntryPoint","urlTemplate":"https:\/\/www.socdem.org\/el\/?s={search_term_string}"},"query-input":{"@type":"PropertyValueSpecification","valueRequired":true,"valueName":"search_term_string"}}],"inLanguage":"el"},{"@type":"Organization","@id":"https:\/\/www.socdem.org\/el\/#organization","name":"\u00c9cole Socrates-D\u00e9mosth\u00e8ne","url":"https:\/\/www.socdem.org\/el\/","logo":{"@type":"ImageObject","inLanguage":"el","@id":"https:\/\/www.socdem.org\/el\/#\/schema\/logo\/image\/","url":"https:\/\/www.socdem.org\/wp-content\/uploads\/2014\/03\/SOC-DEM-LOGO-NAME.jpg","contentUrl":"https:\/\/www.socdem.org\/wp-content\/uploads\/2014\/03\/SOC-DEM-LOGO-NAME.jpg","width":"8485","height":"4200","caption":"\u00c9cole Socrates-D\u00e9mosth\u00e8ne"},"image":{"@id":"https:\/\/www.socdem.org\/el\/#\/schema\/logo\/image\/"},"sameAs":["https:\/\/www.facebook.com\/TheHCGM\/","https:\/\/www.instagram.com\/p\/BnE965PhJU7\/?hl=en"]},{"@type":"Person","@id":"https:\/\/www.socdem.org\/el\/#\/schema\/person\/c8c5cb63ab912088b0d2a568e17e0af0","name":"Socrates-Demosthenes School","image":{"@type":"ImageObject","inLanguage":"el","@id":"https:\/\/secure.gravatar.com\/avatar\/1a27f30d02006e9fb076599a6486443881ffdd9cbdfd270e895401c4027cd91b?s=96&d=mm&r=g","url":"https:\/\/secure.gravatar.com\/avatar\/1a27f30d02006e9fb076599a6486443881ffdd9cbdfd270e895401c4027cd91b?s=96&d=mm&r=g","contentUrl":"https:\/\/secure.gravatar.com\/avatar\/1a27f30d02006e9fb076599a6486443881ffdd9cbdfd270e895401c4027cd91b?s=96&d=mm&r=g","caption":"Socrates-Demosthenes School"},"sameAs":["http:\/\/socdem.org"],"url":"https:\/\/www.socdem.org\/el\/author\/afiorani\/"}]}},"_links":{"self":[{"href":"https:\/\/www.socdem.org\/el\/wp-json\/wp\/v2\/posts\/38675","targetHints":{"allow":["GET"]}}],"collection":[{"href":"https:\/\/www.socdem.org\/el\/wp-json\/wp\/v2\/posts"}],"about":[{"href":"https:\/\/www.socdem.org\/el\/wp-json\/wp\/v2\/types\/post"}],"author":[{"embeddable":true,"href":"https:\/\/www.socdem.org\/el\/wp-json\/wp\/v2\/users\/35"}],"replies":[{"embeddable":true,"href":"https:\/\/www.socdem.org\/el\/wp-json\/wp\/v2\/comments?post=38675"}],"version-history":[{"count":1,"href":"https:\/\/www.socdem.org\/el\/wp-json\/wp\/v2\/posts\/38675\/revisions"}],"predecessor-version":[{"id":38676,"href":"https:\/\/www.socdem.org\/el\/wp-json\/wp\/v2\/posts\/38675\/revisions\/38676"}],"wp:featuredmedia":[{"embeddable":true,"href":"https:\/\/www.socdem.org\/el\/wp-json\/wp\/v2\/media\/38672"}],"wp:attachment":[{"href":"https:\/\/www.socdem.org\/el\/wp-json\/wp\/v2\/media?parent=38675"}],"wp:term":[{"taxonomy":"category","embeddable":true,"href":"https:\/\/www.socdem.org\/el\/wp-json\/wp\/v2\/categories?post=38675"},{"taxonomy":"post_tag","embeddable":true,"href":"https:\/\/www.socdem.org\/el\/wp-json\/wp\/v2\/tags?post=38675"}],"curies":[{"name":"wp","href":"https:\/\/api.w.org\/{rel}","templated":true}]}}