{"id":11890,"date":"2014-03-26T13:44:45","date_gmt":"2014-03-26T17:44:45","guid":{"rendered":"http:\/\/socdem.wpengine.com\/concours-coccinelle-epelle-a-lecole-socrates-de-laval-2\/"},"modified":"2016-04-26T09:30:42","modified_gmt":"2016-04-26T13:30:42","slug":"concours-coccinelle-epelle-a-lecole-socrates-de-laval","status":"publish","type":"post","link":"https:\/\/www.socdem.org\/en\/concours-coccinelle-epelle-a-lecole-socrates-de-laval\/","title":{"rendered":"Concours coccinelle \u00e9pelle \u00e0 l&#8217;\u00e9cole Socrates de Laval"},"content":{"rendered":"<p>Les \u00e9l\u00e8ves de l&#8217;\u00e9cole Socrates de Laval ont particip\u00e9 au concours annuel de coccinelle \u00e9pelle. F\u00e9licitations aux 45 finalistes qui se sont qualifi\u00e9s dans leur classe et qui se sont rendus \u00e0 la grande finale du champion de l&#8217;\u00e9pellation. Voici les noms des grands gagnants:<\/p>\n<p>Premi\u00e8re ann\u00e9e: Alexamder Axais et Charles Xenos<\/p>\n<p>Deuxi\u00e8me ann\u00e9e: Vassiliki Koutsoukos, Kamil Abboud et Maria Roumeliotis<\/p>\n<p>Troisi\u00e8me ann\u00e9e: Stiliana Papadakis<\/p>\n<p>Quatri\u00e8me ann\u00e9e: Violetta Moutzouridis<\/p>\n<p>Cinqui\u00e8me ann\u00e9e: Vassilios Stamkopoulos<\/p>\n<p>Sixi\u00e8me ann\u00e9e: Maria-St\u00e9phanie Menegas<\/p>\n<p>Bravo!<\/p>\n<p>&nbsp;<\/p>\n<p><a href=\"http:\/\/socdem.wpengine.com\/wp-content\/uploads\/2014\/03\/IMG_5284.jpg\"><img loading=\"lazy\" decoding=\"async\" class=\"alignleft size-thumbnail wp-image-11815\" title=\"1\u00e8re ann\u00e9e\" src=\"http:\/\/socdem.wpengine.com\/wp-content\/uploads\/2014\/03\/IMG_5284-150x150.jpg\" alt=\"\" width=\"150\" height=\"150\" \/><\/a><\/p>\n<p><a href=\"http:\/\/socdem.wpengine.com\/wp-content\/uploads\/2014\/03\/IMG_5285.jpg\"><img loading=\"lazy\" decoding=\"async\" class=\"alignleft size-thumbnail wp-image-11816\" title=\"2e ann\u00e9e\" src=\"http:\/\/socdem.wpengine.com\/wp-content\/uploads\/2014\/03\/IMG_5285-150x150.jpg\" alt=\"\" width=\"150\" height=\"150\" \/><\/a><\/p>\n<p><a href=\"http:\/\/socdem.wpengine.com\/wp-content\/uploads\/2014\/03\/IMG_5282.jpg\"><img loading=\"lazy\" decoding=\"async\" class=\"alignleft size-thumbnail wp-image-11817\" title=\"IMG_5282\" src=\"http:\/\/socdem.wpengine.com\/wp-content\/uploads\/2014\/03\/IMG_5282-150x150.jpg\" alt=\"\" width=\"150\" height=\"150\" \/><\/a><\/p>\n<p>&nbsp;<\/p>\n<p><a href=\"http:\/\/socdem.wpengine.com\/wp-content\/uploads\/2014\/03\/IMG_5287.jpg\"><img loading=\"lazy\" decoding=\"async\" class=\"alignleft size-thumbnail wp-image-11819\" title=\"IMG_5287\" src=\"http:\/\/socdem.wpengine.com\/wp-content\/uploads\/2014\/03\/IMG_5287-150x150.jpg\" alt=\"\" width=\"150\" height=\"150\" \/><\/a><\/p>\n<p><a href=\"http:\/\/socdem.wpengine.com\/wp-content\/uploads\/2014\/03\/IMG_5288.jpg\"><img loading=\"lazy\" decoding=\"async\" class=\"alignleft size-thumbnail wp-image-11820\" title=\"IMG_5288\" src=\"http:\/\/socdem.wpengine.com\/wp-content\/uploads\/2014\/03\/IMG_5288-150x150.jpg\" alt=\"\" width=\"150\" height=\"150\" \/><\/a><\/p>\n<p><a href=\"http:\/\/socdem.wpengine.com\/wp-content\/uploads\/2014\/03\/IMG_5289.jpg\"><img loading=\"lazy\" decoding=\"async\" class=\"alignleft size-thumbnail wp-image-11821\" title=\"IMG_5289\" src=\"http:\/\/socdem.wpengine.com\/wp-content\/uploads\/2014\/03\/IMG_5289-150x150.jpg\" alt=\"\" width=\"150\" height=\"150\" \/><\/a><\/p>\n<p>&nbsp;<\/p>\n","protected":false},"excerpt":{"rendered":"<p>Les \u00e9l\u00e8ves de l&#8217;\u00e9cole Socrates de Laval ont particip\u00e9 au concours annuel de coccinelle \u00e9pelle. F\u00e9licitations aux 45 finalistes qui se sont qualifi\u00e9s dans leur classe et qui se sont&#8230;<\/p>\n","protected":false},"author":23,"featured_media":11822,"comment_status":"closed","ping_status":"closed","sticky":false,"template":"","format":"standard","meta":{"_monsterinsights_skip_tracking":false,"_monsterinsights_sitenote_active":false,"_monsterinsights_sitenote_note":"","_monsterinsights_sitenote_category":0,"footnotes":""},"categories":[91],"tags":[],"class_list":{"0":"post-11890","1":"post","2":"type-post","3":"status-publish","4":"format-standard","5":"has-post-thumbnail","7":"category-news-5"},"yoast_head":"<!-- This site is optimized with the Yoast SEO plugin v27.5 - https:\/\/yoast.com\/product\/yoast-seo-wordpress\/ -->\n<title>Concours coccinelle \u00e9pelle \u00e0 l&#039;\u00e9cole Socrates de Laval - Primary School Socrates and Demosthenes<\/title>\n<meta name=\"robots\" content=\"index, follow, max-snippet:-1, max-image-preview:large, max-video-preview:-1\" \/>\n<link rel=\"canonical\" href=\"https:\/\/www.socdem.org\/en\/concours-coccinelle-epelle-a-lecole-socrates-de-laval\/\" \/>\n<meta property=\"og:locale\" content=\"en_US\" \/>\n<meta property=\"og:type\" content=\"article\" \/>\n<meta property=\"og:title\" content=\"Concours coccinelle \u00e9pelle \u00e0 l&#039;\u00e9cole Socrates de Laval - Primary School Socrates and Demosthenes\" \/>\n<meta property=\"og:description\" content=\"Les \u00e9l\u00e8ves de l&#8217;\u00e9cole Socrates de Laval ont particip\u00e9 au concours annuel de coccinelle \u00e9pelle. F\u00e9licitations aux 45 finalistes qui se sont qualifi\u00e9s dans leur classe et qui se sont...\" \/>\n<meta property=\"og:url\" content=\"https:\/\/www.socdem.org\/en\/concours-coccinelle-epelle-a-lecole-socrates-de-laval\/\" \/>\n<meta property=\"og:site_name\" content=\"Primary School Socrates and Demosthenes\" \/>\n<meta property=\"article:publisher\" content=\"https:\/\/www.facebook.com\/TheHCGM\/\" \/>\n<meta property=\"article:published_time\" content=\"2014-03-26T17:44:45+00:00\" \/>\n<meta property=\"article:modified_time\" content=\"2016-04-26T13:30:42+00:00\" \/>\n<meta property=\"og:image\" content=\"https:\/\/www.socdem.org\/wp-content\/uploads\/2014\/03\/IMG_5274.jpg\" \/>\n\t<meta property=\"og:image:width\" content=\"4000\" \/>\n\t<meta property=\"og:image:height\" content=\"3000\" \/>\n\t<meta property=\"og:image:type\" content=\"image\/jpeg\" \/>\n<meta name=\"author\" content=\"avournias\" \/>\n<meta name=\"twitter:card\" content=\"summary_large_image\" \/>\n<meta name=\"twitter:label1\" content=\"Written by\" \/>\n\t<meta name=\"twitter:data1\" content=\"avournias\" \/>\n<script type=\"application\/ld+json\" class=\"yoast-schema-graph\">{\"@context\":\"https:\\\/\\\/schema.org\",\"@graph\":[{\"@type\":\"Article\",\"@id\":\"https:\\\/\\\/www.socdem.org\\\/en\\\/concours-coccinelle-epelle-a-lecole-socrates-de-laval\\\/#article\",\"isPartOf\":{\"@id\":\"https:\\\/\\\/www.socdem.org\\\/en\\\/concours-coccinelle-epelle-a-lecole-socrates-de-laval\\\/\"},\"author\":{\"name\":\"avournias\",\"@id\":\"https:\\\/\\\/www.socdem.org\\\/en\\\/#\\\/schema\\\/person\\\/3d4208f100317a6251846d5d4fcb6e6f\"},\"headline\":\"Concours coccinelle \u00e9pelle \u00e0 l&#8217;\u00e9cole Socrates de Laval\",\"datePublished\":\"2014-03-26T17:44:45+00:00\",\"dateModified\":\"2016-04-26T13:30:42+00:00\",\"mainEntityOfPage\":{\"@id\":\"https:\\\/\\\/www.socdem.org\\\/en\\\/concours-coccinelle-epelle-a-lecole-socrates-de-laval\\\/\"},\"wordCount\":105,\"publisher\":{\"@id\":\"https:\\\/\\\/www.socdem.org\\\/en\\\/#organization\"},\"image\":{\"@id\":\"https:\\\/\\\/www.socdem.org\\\/en\\\/concours-coccinelle-epelle-a-lecole-socrates-de-laval\\\/#primaryimage\"},\"thumbnailUrl\":\"https:\\\/\\\/www.socdem.org\\\/wp-content\\\/uploads\\\/2014\\\/03\\\/IMG_5274.jpg\",\"articleSection\":[\"News 5\"],\"inLanguage\":\"en-US\"},{\"@type\":\"WebPage\",\"@id\":\"https:\\\/\\\/www.socdem.org\\\/en\\\/concours-coccinelle-epelle-a-lecole-socrates-de-laval\\\/\",\"url\":\"https:\\\/\\\/www.socdem.org\\\/en\\\/concours-coccinelle-epelle-a-lecole-socrates-de-laval\\\/\",\"name\":\"Concours coccinelle \u00e9pelle \u00e0 l'\u00e9cole Socrates de Laval - Primary School Socrates and Demosthenes\",\"isPartOf\":{\"@id\":\"https:\\\/\\\/www.socdem.org\\\/en\\\/#website\"},\"primaryImageOfPage\":{\"@id\":\"https:\\\/\\\/www.socdem.org\\\/en\\\/concours-coccinelle-epelle-a-lecole-socrates-de-laval\\\/#primaryimage\"},\"image\":{\"@id\":\"https:\\\/\\\/www.socdem.org\\\/en\\\/concours-coccinelle-epelle-a-lecole-socrates-de-laval\\\/#primaryimage\"},\"thumbnailUrl\":\"https:\\\/\\\/www.socdem.org\\\/wp-content\\\/uploads\\\/2014\\\/03\\\/IMG_5274.jpg\",\"datePublished\":\"2014-03-26T17:44:45+00:00\",\"dateModified\":\"2016-04-26T13:30:42+00:00\",\"breadcrumb\":{\"@id\":\"https:\\\/\\\/www.socdem.org\\\/en\\\/concours-coccinelle-epelle-a-lecole-socrates-de-laval\\\/#breadcrumb\"},\"inLanguage\":\"en-US\",\"potentialAction\":[{\"@type\":\"ReadAction\",\"target\":[\"https:\\\/\\\/www.socdem.org\\\/en\\\/concours-coccinelle-epelle-a-lecole-socrates-de-laval\\\/\"]}]},{\"@type\":\"ImageObject\",\"inLanguage\":\"en-US\",\"@id\":\"https:\\\/\\\/www.socdem.org\\\/en\\\/concours-coccinelle-epelle-a-lecole-socrates-de-laval\\\/#primaryimage\",\"url\":\"https:\\\/\\\/www.socdem.org\\\/wp-content\\\/uploads\\\/2014\\\/03\\\/IMG_5274.jpg\",\"contentUrl\":\"https:\\\/\\\/www.socdem.org\\\/wp-content\\\/uploads\\\/2014\\\/03\\\/IMG_5274.jpg\",\"width\":\"4000\",\"height\":\"3000\"},{\"@type\":\"BreadcrumbList\",\"@id\":\"https:\\\/\\\/www.socdem.org\\\/en\\\/concours-coccinelle-epelle-a-lecole-socrates-de-laval\\\/#breadcrumb\",\"itemListElement\":[{\"@type\":\"ListItem\",\"position\":1,\"name\":\"Accueil\",\"item\":\"https:\\\/\\\/www.socdem.org\\\/en\\\/\"},{\"@type\":\"ListItem\",\"position\":2,\"name\":\"Concours coccinelle \u00e9pelle \u00e0 l&#8217;\u00e9cole Socrates de Laval\"}]},{\"@type\":\"WebSite\",\"@id\":\"https:\\\/\\\/www.socdem.org\\\/en\\\/#website\",\"url\":\"https:\\\/\\\/www.socdem.org\\\/en\\\/\",\"name\":\"\u00c9cole Socrates-D\u00e9mosth\u00e8ne\",\"description\":\"Five trilingual greek primary schools of Greater Montreal.\",\"publisher\":{\"@id\":\"https:\\\/\\\/www.socdem.org\\\/en\\\/#organization\"},\"potentialAction\":[{\"@type\":\"SearchAction\",\"target\":{\"@type\":\"EntryPoint\",\"urlTemplate\":\"https:\\\/\\\/www.socdem.org\\\/en\\\/?s={search_term_string}\"},\"query-input\":{\"@type\":\"PropertyValueSpecification\",\"valueRequired\":true,\"valueName\":\"search_term_string\"}}],\"inLanguage\":\"en-US\"},{\"@type\":\"Organization\",\"@id\":\"https:\\\/\\\/www.socdem.org\\\/en\\\/#organization\",\"name\":\"\u00c9cole Socrates-D\u00e9mosth\u00e8ne\",\"url\":\"https:\\\/\\\/www.socdem.org\\\/en\\\/\",\"logo\":{\"@type\":\"ImageObject\",\"inLanguage\":\"en-US\",\"@id\":\"https:\\\/\\\/www.socdem.org\\\/en\\\/#\\\/schema\\\/logo\\\/image\\\/\",\"url\":\"https:\\\/\\\/www.socdem.org\\\/wp-content\\\/uploads\\\/2014\\\/03\\\/SOC-DEM-LOGO-NAME.jpg\",\"contentUrl\":\"https:\\\/\\\/www.socdem.org\\\/wp-content\\\/uploads\\\/2014\\\/03\\\/SOC-DEM-LOGO-NAME.jpg\",\"width\":\"8485\",\"height\":\"4200\",\"caption\":\"\u00c9cole Socrates-D\u00e9mosth\u00e8ne\"},\"image\":{\"@id\":\"https:\\\/\\\/www.socdem.org\\\/en\\\/#\\\/schema\\\/logo\\\/image\\\/\"},\"sameAs\":[\"https:\\\/\\\/www.facebook.com\\\/TheHCGM\\\/\",\"https:\\\/\\\/www.instagram.com\\\/p\\\/BnE965PhJU7\\\/?hl=en\"]},{\"@type\":\"Person\",\"@id\":\"https:\\\/\\\/www.socdem.org\\\/en\\\/#\\\/schema\\\/person\\\/3d4208f100317a6251846d5d4fcb6e6f\",\"name\":\"avournias\",\"image\":{\"@type\":\"ImageObject\",\"inLanguage\":\"en-US\",\"@id\":\"https:\\\/\\\/secure.gravatar.com\\\/avatar\\\/e44d940614c28c716a6912b81868ef19a508fe61c65c7dbdb4825236cbaa5364?s=96&d=mm&r=g\",\"url\":\"https:\\\/\\\/secure.gravatar.com\\\/avatar\\\/e44d940614c28c716a6912b81868ef19a508fe61c65c7dbdb4825236cbaa5364?s=96&d=mm&r=g\",\"contentUrl\":\"https:\\\/\\\/secure.gravatar.com\\\/avatar\\\/e44d940614c28c716a6912b81868ef19a508fe61c65c7dbdb4825236cbaa5364?s=96&d=mm&r=g\",\"caption\":\"avournias\"},\"sameAs\":[\"http:\\\/\\\/socdem.wpengine.com\"],\"url\":\"https:\\\/\\\/www.socdem.org\\\/en\\\/author\\\/avournias\\\/\"}]}<\/script>\n<!-- \/ Yoast SEO plugin. -->","yoast_head_json":{"title":"Concours coccinelle \u00e9pelle \u00e0 l'\u00e9cole Socrates de Laval - Primary School Socrates and Demosthenes","robots":{"index":"index","follow":"follow","max-snippet":"max-snippet:-1","max-image-preview":"max-image-preview:large","max-video-preview":"max-video-preview:-1"},"canonical":"https:\/\/www.socdem.org\/en\/concours-coccinelle-epelle-a-lecole-socrates-de-laval\/","og_locale":"en_US","og_type":"article","og_title":"Concours coccinelle \u00e9pelle \u00e0 l'\u00e9cole Socrates de Laval - Primary School Socrates and Demosthenes","og_description":"Les \u00e9l\u00e8ves de l&#8217;\u00e9cole Socrates de Laval ont particip\u00e9 au concours annuel de coccinelle \u00e9pelle. F\u00e9licitations aux 45 finalistes qui se sont qualifi\u00e9s dans leur classe et qui se sont...","og_url":"https:\/\/www.socdem.org\/en\/concours-coccinelle-epelle-a-lecole-socrates-de-laval\/","og_site_name":"Primary School Socrates and Demosthenes","article_publisher":"https:\/\/www.facebook.com\/TheHCGM\/","article_published_time":"2014-03-26T17:44:45+00:00","article_modified_time":"2016-04-26T13:30:42+00:00","og_image":[{"width":4000,"height":3000,"url":"https:\/\/www.socdem.org\/wp-content\/uploads\/2014\/03\/IMG_5274.jpg","type":"image\/jpeg"}],"author":"avournias","twitter_card":"summary_large_image","twitter_misc":{"Written by":"avournias"},"schema":{"@context":"https:\/\/schema.org","@graph":[{"@type":"Article","@id":"https:\/\/www.socdem.org\/en\/concours-coccinelle-epelle-a-lecole-socrates-de-laval\/#article","isPartOf":{"@id":"https:\/\/www.socdem.org\/en\/concours-coccinelle-epelle-a-lecole-socrates-de-laval\/"},"author":{"name":"avournias","@id":"https:\/\/www.socdem.org\/en\/#\/schema\/person\/3d4208f100317a6251846d5d4fcb6e6f"},"headline":"Concours coccinelle \u00e9pelle \u00e0 l&#8217;\u00e9cole Socrates de Laval","datePublished":"2014-03-26T17:44:45+00:00","dateModified":"2016-04-26T13:30:42+00:00","mainEntityOfPage":{"@id":"https:\/\/www.socdem.org\/en\/concours-coccinelle-epelle-a-lecole-socrates-de-laval\/"},"wordCount":105,"publisher":{"@id":"https:\/\/www.socdem.org\/en\/#organization"},"image":{"@id":"https:\/\/www.socdem.org\/en\/concours-coccinelle-epelle-a-lecole-socrates-de-laval\/#primaryimage"},"thumbnailUrl":"https:\/\/www.socdem.org\/wp-content\/uploads\/2014\/03\/IMG_5274.jpg","articleSection":["News 5"],"inLanguage":"en-US"},{"@type":"WebPage","@id":"https:\/\/www.socdem.org\/en\/concours-coccinelle-epelle-a-lecole-socrates-de-laval\/","url":"https:\/\/www.socdem.org\/en\/concours-coccinelle-epelle-a-lecole-socrates-de-laval\/","name":"Concours coccinelle \u00e9pelle \u00e0 l'\u00e9cole Socrates de Laval - Primary School Socrates and Demosthenes","isPartOf":{"@id":"https:\/\/www.socdem.org\/en\/#website"},"primaryImageOfPage":{"@id":"https:\/\/www.socdem.org\/en\/concours-coccinelle-epelle-a-lecole-socrates-de-laval\/#primaryimage"},"image":{"@id":"https:\/\/www.socdem.org\/en\/concours-coccinelle-epelle-a-lecole-socrates-de-laval\/#primaryimage"},"thumbnailUrl":"https:\/\/www.socdem.org\/wp-content\/uploads\/2014\/03\/IMG_5274.jpg","datePublished":"2014-03-26T17:44:45+00:00","dateModified":"2016-04-26T13:30:42+00:00","breadcrumb":{"@id":"https:\/\/www.socdem.org\/en\/concours-coccinelle-epelle-a-lecole-socrates-de-laval\/#breadcrumb"},"inLanguage":"en-US","potentialAction":[{"@type":"ReadAction","target":["https:\/\/www.socdem.org\/en\/concours-coccinelle-epelle-a-lecole-socrates-de-laval\/"]}]},{"@type":"ImageObject","inLanguage":"en-US","@id":"https:\/\/www.socdem.org\/en\/concours-coccinelle-epelle-a-lecole-socrates-de-laval\/#primaryimage","url":"https:\/\/www.socdem.org\/wp-content\/uploads\/2014\/03\/IMG_5274.jpg","contentUrl":"https:\/\/www.socdem.org\/wp-content\/uploads\/2014\/03\/IMG_5274.jpg","width":"4000","height":"3000"},{"@type":"BreadcrumbList","@id":"https:\/\/www.socdem.org\/en\/concours-coccinelle-epelle-a-lecole-socrates-de-laval\/#breadcrumb","itemListElement":[{"@type":"ListItem","position":1,"name":"Accueil","item":"https:\/\/www.socdem.org\/en\/"},{"@type":"ListItem","position":2,"name":"Concours coccinelle \u00e9pelle \u00e0 l&#8217;\u00e9cole Socrates de Laval"}]},{"@type":"WebSite","@id":"https:\/\/www.socdem.org\/en\/#website","url":"https:\/\/www.socdem.org\/en\/","name":"\u00c9cole Socrates-D\u00e9mosth\u00e8ne","description":"Five trilingual greek primary schools of Greater Montreal.","publisher":{"@id":"https:\/\/www.socdem.org\/en\/#organization"},"potentialAction":[{"@type":"SearchAction","target":{"@type":"EntryPoint","urlTemplate":"https:\/\/www.socdem.org\/en\/?s={search_term_string}"},"query-input":{"@type":"PropertyValueSpecification","valueRequired":true,"valueName":"search_term_string"}}],"inLanguage":"en-US"},{"@type":"Organization","@id":"https:\/\/www.socdem.org\/en\/#organization","name":"\u00c9cole Socrates-D\u00e9mosth\u00e8ne","url":"https:\/\/www.socdem.org\/en\/","logo":{"@type":"ImageObject","inLanguage":"en-US","@id":"https:\/\/www.socdem.org\/en\/#\/schema\/logo\/image\/","url":"https:\/\/www.socdem.org\/wp-content\/uploads\/2014\/03\/SOC-DEM-LOGO-NAME.jpg","contentUrl":"https:\/\/www.socdem.org\/wp-content\/uploads\/2014\/03\/SOC-DEM-LOGO-NAME.jpg","width":"8485","height":"4200","caption":"\u00c9cole Socrates-D\u00e9mosth\u00e8ne"},"image":{"@id":"https:\/\/www.socdem.org\/en\/#\/schema\/logo\/image\/"},"sameAs":["https:\/\/www.facebook.com\/TheHCGM\/","https:\/\/www.instagram.com\/p\/BnE965PhJU7\/?hl=en"]},{"@type":"Person","@id":"https:\/\/www.socdem.org\/en\/#\/schema\/person\/3d4208f100317a6251846d5d4fcb6e6f","name":"avournias","image":{"@type":"ImageObject","inLanguage":"en-US","@id":"https:\/\/secure.gravatar.com\/avatar\/e44d940614c28c716a6912b81868ef19a508fe61c65c7dbdb4825236cbaa5364?s=96&d=mm&r=g","url":"https:\/\/secure.gravatar.com\/avatar\/e44d940614c28c716a6912b81868ef19a508fe61c65c7dbdb4825236cbaa5364?s=96&d=mm&r=g","contentUrl":"https:\/\/secure.gravatar.com\/avatar\/e44d940614c28c716a6912b81868ef19a508fe61c65c7dbdb4825236cbaa5364?s=96&d=mm&r=g","caption":"avournias"},"sameAs":["http:\/\/socdem.wpengine.com"],"url":"https:\/\/www.socdem.org\/en\/author\/avournias\/"}]}},"_links":{"self":[{"href":"https:\/\/www.socdem.org\/en\/wp-json\/wp\/v2\/posts\/11890","targetHints":{"allow":["GET"]}}],"collection":[{"href":"https:\/\/www.socdem.org\/en\/wp-json\/wp\/v2\/posts"}],"about":[{"href":"https:\/\/www.socdem.org\/en\/wp-json\/wp\/v2\/types\/post"}],"author":[{"embeddable":true,"href":"https:\/\/www.socdem.org\/en\/wp-json\/wp\/v2\/users\/23"}],"replies":[{"embeddable":true,"href":"https:\/\/www.socdem.org\/en\/wp-json\/wp\/v2\/comments?post=11890"}],"version-history":[{"count":0,"href":"https:\/\/www.socdem.org\/en\/wp-json\/wp\/v2\/posts\/11890\/revisions"}],"wp:featuredmedia":[{"embeddable":true,"href":"https:\/\/www.socdem.org\/en\/wp-json\/wp\/v2\/media\/11822"}],"wp:attachment":[{"href":"https:\/\/www.socdem.org\/en\/wp-json\/wp\/v2\/media?parent=11890"}],"wp:term":[{"taxonomy":"category","embeddable":true,"href":"https:\/\/www.socdem.org\/en\/wp-json\/wp\/v2\/categories?post=11890"},{"taxonomy":"post_tag","embeddable":true,"href":"https:\/\/www.socdem.org\/en\/wp-json\/wp\/v2\/tags?post=11890"}],"curies":[{"name":"wp","href":"https:\/\/api.w.org\/{rel}","templated":true}]}}