{"id":12170,"date":"2014-04-04T11:19:14","date_gmt":"2014-04-04T15:19:14","guid":{"rendered":"http:\/\/socdem.wpengine.com\/les-eleves-de-socrates-iv-sont-des-artistes-2\/"},"modified":"2016-04-26T09:33:58","modified_gmt":"2016-04-26T13:33:58","slug":"les-eleves-de-socrates-iv-sont-des-artistes","status":"publish","type":"post","link":"https:\/\/www.socdem.org\/en\/les-eleves-de-socrates-iv-sont-des-artistes\/","title":{"rendered":"Les \u00e9l\u00e8ves de Socrates IV sont des artistes"},"content":{"rendered":"<p><a href=\"http:\/\/socdem.wpengine.com\/wp-content\/uploads\/2014\/04\/Mosa\u00efque-SOC-IV2.jpg\"><img loading=\"lazy\" decoding=\"async\" class=\"alignleft size-full wp-image-12166\" title=\"Mosa\u00efque SOC IV2\" src=\"http:\/\/socdem.wpengine.com\/wp-content\/uploads\/2014\/04\/Mosa\u00efque-SOC-IV2.jpg\" alt=\"\" width=\"1071\" height=\"753\" srcset=\"https:\/\/www.socdem.org\/wp-content\/uploads\/2014\/04\/Mosa\u00efque-SOC-IV2.jpg 1071w, https:\/\/www.socdem.org\/wp-content\/uploads\/2014\/04\/Mosa\u00efque-SOC-IV2-300x210.jpg 300w, https:\/\/www.socdem.org\/wp-content\/uploads\/2014\/04\/Mosa\u00efque-SOC-IV2-1024x719.jpg 1024w\" sizes=\"auto, (max-width: 1071px) 100vw, 1071px\" \/><\/a><\/p>\n<p>\u00c0 Socrates IV, sous l\u2019inspirante direction de l\u2019un des professeurs, Monsieur Mathieu Boivin, le projet Mosa\u00efque a \u00e9t\u00e9 mis sur pied avec les \u00e9l\u00e8ves de l&#8217;\u00e9cole,\u00a0en lien avec le programme <em>La culture \u00e0 l&#8217;\u00e9cole<\/em>, du minist\u00e8re de l&#8217;\u00c9ducation.<\/p>\n<p>Au pr\u00e9alable, il y a eu un concours de dessin aupr\u00e8s des \u00e9l\u00e8ves de la maternelle \u00e0 la 6e ann\u00e9e; le th\u00e8me \u00e9tait: une journ\u00e9e \u00e0 Socrates IV, c&#8217;est&#8230;<\/p>\n<p>Un dessin gagnant par classe a \u00e9t\u00e9 s\u00e9lectionn\u00e9. Monsieur\u00a0 Boivin a ensuite envoy\u00e9 les dessins \u00e0 une artiste, Madame Laurence Petit, qui en a choisi deux:<\/p>\n<p><em>Le match de soccer<\/em> de\u00a0Rapha\u00ebl Joseph,\u00a06<sup>e<\/sup>\u00a0ann\u00e9e<\/p>\n<p><em>Le spectacle<\/em> de\u00a0Eva Papadopoulos,\u00a02<sup>e<\/sup>\u00a0ann\u00e9e<\/p>\n<p>Madame Petit a reproduit, sur des panneaux de bois, les dessins gagnants. Pendant trois jours, l\u2019artiste a travaill\u00e9 avec les enfants de chaque groupe, qui ont particip\u00e9 pendant une heure \u00e0 la mosa\u00efque collective. Cette derni\u00e8re est faite de c\u00e9ramique.<\/p>\n<p><a href=\"http:\/\/socdem.wpengine.com\/wp-content\/uploads\/2014\/04\/Mosa\u00efque-SOC-IV.jpg\"><img loading=\"lazy\" decoding=\"async\" class=\"alignleft size-full wp-image-12167\" title=\"Mosa\u00efque SOC IV\" src=\"http:\/\/socdem.wpengine.com\/wp-content\/uploads\/2014\/04\/Mosa\u00efque-SOC-IV.jpg\" alt=\"\" width=\"943\" height=\"731\" srcset=\"https:\/\/www.socdem.org\/wp-content\/uploads\/2014\/04\/Mosa\u00efque-SOC-IV.jpg 943w, https:\/\/www.socdem.org\/wp-content\/uploads\/2014\/04\/Mosa\u00efque-SOC-IV-300x232.jpg 300w\" sizes=\"auto, (max-width: 943px) 100vw, 943px\" \/><\/a><\/p>\n<p>&nbsp;<\/p>\n<p>Le but de cette activit\u00e9 \u00e9tait \u00e9videmment de cr\u00e9er un sentiment d&#8217;appartenance \u00e0 l&#8217;\u00e9cole et aussi pour l&#8217;embellir. Ces splendides r\u00e9alisations seront install\u00e9es dans les escaliers de Socrates IV.<\/p>\n<p>&nbsp;<\/p>\n<p>&nbsp;<\/p>\n","protected":false},"excerpt":{"rendered":"<p>\u00c0 Socrates IV, sous l\u2019inspirante direction de l\u2019un des professeurs, Monsieur Mathieu Boivin, le projet Mosa\u00efque a \u00e9t\u00e9 mis sur pied avec les \u00e9l\u00e8ves de l&#8217;\u00e9cole,\u00a0en lien avec le programme&#8230;<\/p>\n","protected":false},"author":23,"featured_media":12166,"comment_status":"closed","ping_status":"closed","sticky":false,"template":"","format":"standard","meta":{"_monsterinsights_skip_tracking":false,"_monsterinsights_sitenote_active":false,"_monsterinsights_sitenote_note":"","_monsterinsights_sitenote_category":0,"footnotes":""},"categories":[86],"tags":[],"class_list":{"0":"post-12170","1":"post","2":"type-post","3":"status-publish","4":"format-standard","5":"has-post-thumbnail","7":"category-news-and-activities-english"},"yoast_head":"<!-- This site is optimized with the Yoast SEO plugin v27.5 - https:\/\/yoast.com\/product\/yoast-seo-wordpress\/ -->\n<title>Les \u00e9l\u00e8ves de Socrates IV sont des artistes - Primary School Socrates and Demosthenes<\/title>\n<meta name=\"robots\" content=\"index, follow, max-snippet:-1, max-image-preview:large, max-video-preview:-1\" \/>\n<link rel=\"canonical\" href=\"https:\/\/www.socdem.org\/en\/les-eleves-de-socrates-iv-sont-des-artistes\/\" \/>\n<meta property=\"og:locale\" content=\"en_US\" \/>\n<meta property=\"og:type\" content=\"article\" \/>\n<meta property=\"og:title\" content=\"Les \u00e9l\u00e8ves de Socrates IV sont des artistes - Primary School Socrates and Demosthenes\" \/>\n<meta property=\"og:description\" content=\"\u00c0 Socrates IV, sous l\u2019inspirante direction de l\u2019un des professeurs, Monsieur Mathieu Boivin, le projet Mosa\u00efque a \u00e9t\u00e9 mis sur pied avec les \u00e9l\u00e8ves de l&#8217;\u00e9cole,\u00a0en lien avec le programme...\" \/>\n<meta property=\"og:url\" content=\"https:\/\/www.socdem.org\/en\/les-eleves-de-socrates-iv-sont-des-artistes\/\" \/>\n<meta property=\"og:site_name\" content=\"Primary School Socrates and Demosthenes\" \/>\n<meta property=\"article:publisher\" content=\"https:\/\/www.facebook.com\/TheHCGM\/\" \/>\n<meta property=\"article:published_time\" content=\"2014-04-04T15:19:14+00:00\" \/>\n<meta property=\"article:modified_time\" content=\"2016-04-26T13:33:58+00:00\" \/>\n<meta property=\"og:image\" content=\"https:\/\/www.socdem.org\/wp-content\/uploads\/2014\/04\/Mosa\u00efque-SOC-IV2.jpg\" \/>\n\t<meta property=\"og:image:width\" content=\"1071\" \/>\n\t<meta property=\"og:image:height\" content=\"753\" \/>\n\t<meta property=\"og:image:type\" content=\"image\/jpeg\" \/>\n<meta name=\"author\" content=\"avournias\" \/>\n<meta name=\"twitter:card\" content=\"summary_large_image\" \/>\n<meta name=\"twitter:label1\" content=\"Written by\" \/>\n\t<meta name=\"twitter:data1\" content=\"avournias\" \/>\n\t<meta name=\"twitter:label2\" content=\"Est. reading time\" \/>\n\t<meta name=\"twitter:data2\" content=\"1 minute\" \/>\n<script type=\"application\/ld+json\" class=\"yoast-schema-graph\">{\"@context\":\"https:\\\/\\\/schema.org\",\"@graph\":[{\"@type\":\"Article\",\"@id\":\"https:\\\/\\\/www.socdem.org\\\/en\\\/les-eleves-de-socrates-iv-sont-des-artistes\\\/#article\",\"isPartOf\":{\"@id\":\"https:\\\/\\\/www.socdem.org\\\/en\\\/les-eleves-de-socrates-iv-sont-des-artistes\\\/\"},\"author\":{\"name\":\"avournias\",\"@id\":\"https:\\\/\\\/www.socdem.org\\\/en\\\/#\\\/schema\\\/person\\\/3d4208f100317a6251846d5d4fcb6e6f\"},\"headline\":\"Les \u00e9l\u00e8ves de Socrates IV sont des artistes\",\"datePublished\":\"2014-04-04T15:19:14+00:00\",\"dateModified\":\"2016-04-26T13:33:58+00:00\",\"mainEntityOfPage\":{\"@id\":\"https:\\\/\\\/www.socdem.org\\\/en\\\/les-eleves-de-socrates-iv-sont-des-artistes\\\/\"},\"wordCount\":210,\"publisher\":{\"@id\":\"https:\\\/\\\/www.socdem.org\\\/en\\\/#organization\"},\"image\":{\"@id\":\"https:\\\/\\\/www.socdem.org\\\/en\\\/les-eleves-de-socrates-iv-sont-des-artistes\\\/#primaryimage\"},\"thumbnailUrl\":\"https:\\\/\\\/www.socdem.org\\\/wp-content\\\/uploads\\\/2014\\\/04\\\/Mosa\u00efque-SOC-IV2.jpg\",\"articleSection\":[\"News and Activities english\"],\"inLanguage\":\"en-US\"},{\"@type\":\"WebPage\",\"@id\":\"https:\\\/\\\/www.socdem.org\\\/en\\\/les-eleves-de-socrates-iv-sont-des-artistes\\\/\",\"url\":\"https:\\\/\\\/www.socdem.org\\\/en\\\/les-eleves-de-socrates-iv-sont-des-artistes\\\/\",\"name\":\"Les \u00e9l\u00e8ves de Socrates IV sont des artistes - Primary School Socrates and Demosthenes\",\"isPartOf\":{\"@id\":\"https:\\\/\\\/www.socdem.org\\\/en\\\/#website\"},\"primaryImageOfPage\":{\"@id\":\"https:\\\/\\\/www.socdem.org\\\/en\\\/les-eleves-de-socrates-iv-sont-des-artistes\\\/#primaryimage\"},\"image\":{\"@id\":\"https:\\\/\\\/www.socdem.org\\\/en\\\/les-eleves-de-socrates-iv-sont-des-artistes\\\/#primaryimage\"},\"thumbnailUrl\":\"https:\\\/\\\/www.socdem.org\\\/wp-content\\\/uploads\\\/2014\\\/04\\\/Mosa\u00efque-SOC-IV2.jpg\",\"datePublished\":\"2014-04-04T15:19:14+00:00\",\"dateModified\":\"2016-04-26T13:33:58+00:00\",\"breadcrumb\":{\"@id\":\"https:\\\/\\\/www.socdem.org\\\/en\\\/les-eleves-de-socrates-iv-sont-des-artistes\\\/#breadcrumb\"},\"inLanguage\":\"en-US\",\"potentialAction\":[{\"@type\":\"ReadAction\",\"target\":[\"https:\\\/\\\/www.socdem.org\\\/en\\\/les-eleves-de-socrates-iv-sont-des-artistes\\\/\"]}]},{\"@type\":\"ImageObject\",\"inLanguage\":\"en-US\",\"@id\":\"https:\\\/\\\/www.socdem.org\\\/en\\\/les-eleves-de-socrates-iv-sont-des-artistes\\\/#primaryimage\",\"url\":\"https:\\\/\\\/www.socdem.org\\\/wp-content\\\/uploads\\\/2014\\\/04\\\/Mosa\u00efque-SOC-IV2.jpg\",\"contentUrl\":\"https:\\\/\\\/www.socdem.org\\\/wp-content\\\/uploads\\\/2014\\\/04\\\/Mosa\u00efque-SOC-IV2.jpg\",\"width\":\"1071\",\"height\":\"753\"},{\"@type\":\"BreadcrumbList\",\"@id\":\"https:\\\/\\\/www.socdem.org\\\/en\\\/les-eleves-de-socrates-iv-sont-des-artistes\\\/#breadcrumb\",\"itemListElement\":[{\"@type\":\"ListItem\",\"position\":1,\"name\":\"Accueil\",\"item\":\"https:\\\/\\\/www.socdem.org\\\/en\\\/\"},{\"@type\":\"ListItem\",\"position\":2,\"name\":\"Les \u00e9l\u00e8ves de Socrates IV sont des artistes\"}]},{\"@type\":\"WebSite\",\"@id\":\"https:\\\/\\\/www.socdem.org\\\/en\\\/#website\",\"url\":\"https:\\\/\\\/www.socdem.org\\\/en\\\/\",\"name\":\"\u00c9cole Socrates-D\u00e9mosth\u00e8ne\",\"description\":\"Five trilingual greek primary schools of Greater Montreal.\",\"publisher\":{\"@id\":\"https:\\\/\\\/www.socdem.org\\\/en\\\/#organization\"},\"potentialAction\":[{\"@type\":\"SearchAction\",\"target\":{\"@type\":\"EntryPoint\",\"urlTemplate\":\"https:\\\/\\\/www.socdem.org\\\/en\\\/?s={search_term_string}\"},\"query-input\":{\"@type\":\"PropertyValueSpecification\",\"valueRequired\":true,\"valueName\":\"search_term_string\"}}],\"inLanguage\":\"en-US\"},{\"@type\":\"Organization\",\"@id\":\"https:\\\/\\\/www.socdem.org\\\/en\\\/#organization\",\"name\":\"\u00c9cole Socrates-D\u00e9mosth\u00e8ne\",\"url\":\"https:\\\/\\\/www.socdem.org\\\/en\\\/\",\"logo\":{\"@type\":\"ImageObject\",\"inLanguage\":\"en-US\",\"@id\":\"https:\\\/\\\/www.socdem.org\\\/en\\\/#\\\/schema\\\/logo\\\/image\\\/\",\"url\":\"https:\\\/\\\/www.socdem.org\\\/wp-content\\\/uploads\\\/2014\\\/03\\\/SOC-DEM-LOGO-NAME.jpg\",\"contentUrl\":\"https:\\\/\\\/www.socdem.org\\\/wp-content\\\/uploads\\\/2014\\\/03\\\/SOC-DEM-LOGO-NAME.jpg\",\"width\":\"8485\",\"height\":\"4200\",\"caption\":\"\u00c9cole Socrates-D\u00e9mosth\u00e8ne\"},\"image\":{\"@id\":\"https:\\\/\\\/www.socdem.org\\\/en\\\/#\\\/schema\\\/logo\\\/image\\\/\"},\"sameAs\":[\"https:\\\/\\\/www.facebook.com\\\/TheHCGM\\\/\",\"https:\\\/\\\/www.instagram.com\\\/p\\\/BnE965PhJU7\\\/?hl=en\"]},{\"@type\":\"Person\",\"@id\":\"https:\\\/\\\/www.socdem.org\\\/en\\\/#\\\/schema\\\/person\\\/3d4208f100317a6251846d5d4fcb6e6f\",\"name\":\"avournias\",\"image\":{\"@type\":\"ImageObject\",\"inLanguage\":\"en-US\",\"@id\":\"https:\\\/\\\/secure.gravatar.com\\\/avatar\\\/e44d940614c28c716a6912b81868ef19a508fe61c65c7dbdb4825236cbaa5364?s=96&d=mm&r=g\",\"url\":\"https:\\\/\\\/secure.gravatar.com\\\/avatar\\\/e44d940614c28c716a6912b81868ef19a508fe61c65c7dbdb4825236cbaa5364?s=96&d=mm&r=g\",\"contentUrl\":\"https:\\\/\\\/secure.gravatar.com\\\/avatar\\\/e44d940614c28c716a6912b81868ef19a508fe61c65c7dbdb4825236cbaa5364?s=96&d=mm&r=g\",\"caption\":\"avournias\"},\"sameAs\":[\"http:\\\/\\\/socdem.wpengine.com\"],\"url\":\"https:\\\/\\\/www.socdem.org\\\/en\\\/author\\\/avournias\\\/\"}]}<\/script>\n<!-- \/ Yoast SEO plugin. -->","yoast_head_json":{"title":"Les \u00e9l\u00e8ves de Socrates IV sont des artistes - Primary School Socrates and Demosthenes","robots":{"index":"index","follow":"follow","max-snippet":"max-snippet:-1","max-image-preview":"max-image-preview:large","max-video-preview":"max-video-preview:-1"},"canonical":"https:\/\/www.socdem.org\/en\/les-eleves-de-socrates-iv-sont-des-artistes\/","og_locale":"en_US","og_type":"article","og_title":"Les \u00e9l\u00e8ves de Socrates IV sont des artistes - Primary School Socrates and Demosthenes","og_description":"\u00c0 Socrates IV, sous l\u2019inspirante direction de l\u2019un des professeurs, Monsieur Mathieu Boivin, le projet Mosa\u00efque a \u00e9t\u00e9 mis sur pied avec les \u00e9l\u00e8ves de l&#8217;\u00e9cole,\u00a0en lien avec le programme...","og_url":"https:\/\/www.socdem.org\/en\/les-eleves-de-socrates-iv-sont-des-artistes\/","og_site_name":"Primary School Socrates and Demosthenes","article_publisher":"https:\/\/www.facebook.com\/TheHCGM\/","article_published_time":"2014-04-04T15:19:14+00:00","article_modified_time":"2016-04-26T13:33:58+00:00","og_image":[{"width":1071,"height":753,"url":"https:\/\/www.socdem.org\/wp-content\/uploads\/2014\/04\/Mosa\u00efque-SOC-IV2.jpg","type":"image\/jpeg"}],"author":"avournias","twitter_card":"summary_large_image","twitter_misc":{"Written by":"avournias","Est. reading time":"1 minute"},"schema":{"@context":"https:\/\/schema.org","@graph":[{"@type":"Article","@id":"https:\/\/www.socdem.org\/en\/les-eleves-de-socrates-iv-sont-des-artistes\/#article","isPartOf":{"@id":"https:\/\/www.socdem.org\/en\/les-eleves-de-socrates-iv-sont-des-artistes\/"},"author":{"name":"avournias","@id":"https:\/\/www.socdem.org\/en\/#\/schema\/person\/3d4208f100317a6251846d5d4fcb6e6f"},"headline":"Les \u00e9l\u00e8ves de Socrates IV sont des artistes","datePublished":"2014-04-04T15:19:14+00:00","dateModified":"2016-04-26T13:33:58+00:00","mainEntityOfPage":{"@id":"https:\/\/www.socdem.org\/en\/les-eleves-de-socrates-iv-sont-des-artistes\/"},"wordCount":210,"publisher":{"@id":"https:\/\/www.socdem.org\/en\/#organization"},"image":{"@id":"https:\/\/www.socdem.org\/en\/les-eleves-de-socrates-iv-sont-des-artistes\/#primaryimage"},"thumbnailUrl":"https:\/\/www.socdem.org\/wp-content\/uploads\/2014\/04\/Mosa\u00efque-SOC-IV2.jpg","articleSection":["News and Activities english"],"inLanguage":"en-US"},{"@type":"WebPage","@id":"https:\/\/www.socdem.org\/en\/les-eleves-de-socrates-iv-sont-des-artistes\/","url":"https:\/\/www.socdem.org\/en\/les-eleves-de-socrates-iv-sont-des-artistes\/","name":"Les \u00e9l\u00e8ves de Socrates IV sont des artistes - Primary School Socrates and Demosthenes","isPartOf":{"@id":"https:\/\/www.socdem.org\/en\/#website"},"primaryImageOfPage":{"@id":"https:\/\/www.socdem.org\/en\/les-eleves-de-socrates-iv-sont-des-artistes\/#primaryimage"},"image":{"@id":"https:\/\/www.socdem.org\/en\/les-eleves-de-socrates-iv-sont-des-artistes\/#primaryimage"},"thumbnailUrl":"https:\/\/www.socdem.org\/wp-content\/uploads\/2014\/04\/Mosa\u00efque-SOC-IV2.jpg","datePublished":"2014-04-04T15:19:14+00:00","dateModified":"2016-04-26T13:33:58+00:00","breadcrumb":{"@id":"https:\/\/www.socdem.org\/en\/les-eleves-de-socrates-iv-sont-des-artistes\/#breadcrumb"},"inLanguage":"en-US","potentialAction":[{"@type":"ReadAction","target":["https:\/\/www.socdem.org\/en\/les-eleves-de-socrates-iv-sont-des-artistes\/"]}]},{"@type":"ImageObject","inLanguage":"en-US","@id":"https:\/\/www.socdem.org\/en\/les-eleves-de-socrates-iv-sont-des-artistes\/#primaryimage","url":"https:\/\/www.socdem.org\/wp-content\/uploads\/2014\/04\/Mosa\u00efque-SOC-IV2.jpg","contentUrl":"https:\/\/www.socdem.org\/wp-content\/uploads\/2014\/04\/Mosa\u00efque-SOC-IV2.jpg","width":"1071","height":"753"},{"@type":"BreadcrumbList","@id":"https:\/\/www.socdem.org\/en\/les-eleves-de-socrates-iv-sont-des-artistes\/#breadcrumb","itemListElement":[{"@type":"ListItem","position":1,"name":"Accueil","item":"https:\/\/www.socdem.org\/en\/"},{"@type":"ListItem","position":2,"name":"Les \u00e9l\u00e8ves de Socrates IV sont des artistes"}]},{"@type":"WebSite","@id":"https:\/\/www.socdem.org\/en\/#website","url":"https:\/\/www.socdem.org\/en\/","name":"\u00c9cole Socrates-D\u00e9mosth\u00e8ne","description":"Five trilingual greek primary schools of Greater Montreal.","publisher":{"@id":"https:\/\/www.socdem.org\/en\/#organization"},"potentialAction":[{"@type":"SearchAction","target":{"@type":"EntryPoint","urlTemplate":"https:\/\/www.socdem.org\/en\/?s={search_term_string}"},"query-input":{"@type":"PropertyValueSpecification","valueRequired":true,"valueName":"search_term_string"}}],"inLanguage":"en-US"},{"@type":"Organization","@id":"https:\/\/www.socdem.org\/en\/#organization","name":"\u00c9cole Socrates-D\u00e9mosth\u00e8ne","url":"https:\/\/www.socdem.org\/en\/","logo":{"@type":"ImageObject","inLanguage":"en-US","@id":"https:\/\/www.socdem.org\/en\/#\/schema\/logo\/image\/","url":"https:\/\/www.socdem.org\/wp-content\/uploads\/2014\/03\/SOC-DEM-LOGO-NAME.jpg","contentUrl":"https:\/\/www.socdem.org\/wp-content\/uploads\/2014\/03\/SOC-DEM-LOGO-NAME.jpg","width":"8485","height":"4200","caption":"\u00c9cole Socrates-D\u00e9mosth\u00e8ne"},"image":{"@id":"https:\/\/www.socdem.org\/en\/#\/schema\/logo\/image\/"},"sameAs":["https:\/\/www.facebook.com\/TheHCGM\/","https:\/\/www.instagram.com\/p\/BnE965PhJU7\/?hl=en"]},{"@type":"Person","@id":"https:\/\/www.socdem.org\/en\/#\/schema\/person\/3d4208f100317a6251846d5d4fcb6e6f","name":"avournias","image":{"@type":"ImageObject","inLanguage":"en-US","@id":"https:\/\/secure.gravatar.com\/avatar\/e44d940614c28c716a6912b81868ef19a508fe61c65c7dbdb4825236cbaa5364?s=96&d=mm&r=g","url":"https:\/\/secure.gravatar.com\/avatar\/e44d940614c28c716a6912b81868ef19a508fe61c65c7dbdb4825236cbaa5364?s=96&d=mm&r=g","contentUrl":"https:\/\/secure.gravatar.com\/avatar\/e44d940614c28c716a6912b81868ef19a508fe61c65c7dbdb4825236cbaa5364?s=96&d=mm&r=g","caption":"avournias"},"sameAs":["http:\/\/socdem.wpengine.com"],"url":"https:\/\/www.socdem.org\/en\/author\/avournias\/"}]}},"_links":{"self":[{"href":"https:\/\/www.socdem.org\/en\/wp-json\/wp\/v2\/posts\/12170","targetHints":{"allow":["GET"]}}],"collection":[{"href":"https:\/\/www.socdem.org\/en\/wp-json\/wp\/v2\/posts"}],"about":[{"href":"https:\/\/www.socdem.org\/en\/wp-json\/wp\/v2\/types\/post"}],"author":[{"embeddable":true,"href":"https:\/\/www.socdem.org\/en\/wp-json\/wp\/v2\/users\/23"}],"replies":[{"embeddable":true,"href":"https:\/\/www.socdem.org\/en\/wp-json\/wp\/v2\/comments?post=12170"}],"version-history":[{"count":0,"href":"https:\/\/www.socdem.org\/en\/wp-json\/wp\/v2\/posts\/12170\/revisions"}],"wp:featuredmedia":[{"embeddable":true,"href":"https:\/\/www.socdem.org\/en\/wp-json\/wp\/v2\/media\/12166"}],"wp:attachment":[{"href":"https:\/\/www.socdem.org\/en\/wp-json\/wp\/v2\/media?parent=12170"}],"wp:term":[{"taxonomy":"category","embeddable":true,"href":"https:\/\/www.socdem.org\/en\/wp-json\/wp\/v2\/categories?post=12170"},{"taxonomy":"post_tag","embeddable":true,"href":"https:\/\/www.socdem.org\/en\/wp-json\/wp\/v2\/tags?post=12170"}],"curies":[{"name":"wp","href":"https:\/\/api.w.org\/{rel}","templated":true}]}}