{"id":12724,"date":"2014-06-25T12:15:37","date_gmt":"2014-06-25T16:15:37","guid":{"rendered":"http:\/\/socdem.wpengine.com\/la-ceremonie-des-diplomes-2\/"},"modified":"2015-02-22T07:36:09","modified_gmt":"2015-02-22T12:36:09","slug":"la-ceremonie-des-diplomes","status":"publish","type":"post","link":"https:\/\/www.socdem.org\/en\/la-ceremonie-des-diplomes\/","title":{"rendered":"La c\u00e9r\u00e9monie des dipl\u00f4m\u00e9s"},"content":{"rendered":"<h6>Notre splendide gala et c\u00e9r\u00e9monie de remise de dipl\u00f4mes a eu lieu vendredi dernier.<\/h6>\n<p>&nbsp;<\/p>\n<p style=\"text-align: center;\"><a href=\"http:\/\/socdem.wpengine.com\/wp-content\/uploads\/2014\/06\/grad2014a.jpg\"><img loading=\"lazy\" decoding=\"async\" class=\"aligncenter size-large wp-image-12696\" style=\"border: 2px solid black;\" title=\"grad2014a\" src=\"http:\/\/socdem.wpengine.com\/wp-content\/uploads\/2014\/06\/grad2014a-1024x509.jpg\" alt=\"\" width=\"980\" height=\"487\" srcset=\"https:\/\/www.socdem.org\/wp-content\/uploads\/2014\/06\/grad2014a-1024x509.jpg 1024w, https:\/\/www.socdem.org\/wp-content\/uploads\/2014\/06\/grad2014a-300x149.jpg 300w, https:\/\/www.socdem.org\/wp-content\/uploads\/2014\/06\/grad2014a.jpg 1029w\" sizes=\"auto, (max-width: 980px) 100vw, 980px\" \/><\/a><\/p>\n<h6>Plus de mille parents, amis, commanditaires et invit\u00e9s officiels \u00e9taient pr\u00e9sents pour voir 143 finissantes et finissants recevoir de nombreux prix et, bien s\u00fbr, leurs dipl\u00f4mes. Vous trouverez la liste de tous les laur\u00e9ats \u00e0 la fin du pr\u00e9sent message.<\/h6>\n<p><a href=\"http:\/\/socdem.wpengine.com\/wp-content\/uploads\/2014\/06\/grad2014b.jpg\"><img loading=\"lazy\" decoding=\"async\" class=\"size-medium wp-image-12698 alignleft\" title=\"grad2014b\" src=\"http:\/\/socdem.wpengine.com\/wp-content\/uploads\/2014\/06\/grad2014b-300x201.jpg\" alt=\"\" width=\"300\" height=\"201\" srcset=\"https:\/\/www.socdem.org\/wp-content\/uploads\/2014\/06\/grad2014b-300x201.jpg 300w, https:\/\/www.socdem.org\/wp-content\/uploads\/2014\/06\/grad2014b.jpg 768w\" sizes=\"auto, (max-width: 300px) 100vw, 300px\" \/><br \/> <img loading=\"lazy\" decoding=\"async\" class=\"size-medium wp-image-12697 alignleft\" title=\"grad2014c\" src=\"http:\/\/socdem.wpengine.com\/wp-content\/uploads\/2014\/06\/grad2014c-300x139.jpg\" alt=\"\" width=\"300\" height=\"139\" srcset=\"https:\/\/www.socdem.org\/wp-content\/uploads\/2014\/06\/grad2014c-300x139.jpg 300w, https:\/\/www.socdem.org\/wp-content\/uploads\/2014\/06\/grad2014c.jpg 800w\" sizes=\"auto, (max-width: 300px) 100vw, 300px\" \/><br \/> <\/a><\/p>\n<h6><\/h6>\n<h6><\/h6>\n<h6><\/h6>\n<h6><\/h6>\n<h6>Le P\u00e8re Zisis a b\u00e9ni l&#8217;assembl\u00e9e. Ensuite, Madame Elli Madelanakis et Monsieur Gianni Bodo ont \u00e9t\u00e9, comme chaque ann\u00e9e, des ma\u00eetres de c\u00e9r\u00e9monies parfaits. Nous les en remercions tous trois.<\/h6>\n<p><a href=\"http:\/\/socdem.wpengine.com\/wp-content\/uploads\/2014\/06\/grad2014e.jpg\"><img loading=\"lazy\" decoding=\"async\" class=\"aligncenter size-large wp-image-12700\" title=\"grad2014e\" src=\"http:\/\/socdem.wpengine.com\/wp-content\/uploads\/2014\/06\/grad2014e-1024x495.jpg\" alt=\"\" width=\"980\" height=\"473\" srcset=\"https:\/\/www.socdem.org\/wp-content\/uploads\/2014\/06\/grad2014e-1024x495.jpg 1024w, https:\/\/www.socdem.org\/wp-content\/uploads\/2014\/06\/grad2014e-300x145.jpg 300w, https:\/\/www.socdem.org\/wp-content\/uploads\/2014\/06\/grad2014e.jpg 1116w\" sizes=\"auto, (max-width: 980px) 100vw, 980px\" \/><\/a><\/p>\n<h6>Monsieur Thanos Kafopoulos, l&#8217;honorable consul de Gr\u00e8ce \u00e0 Montr\u00e9al et grand bienfaiteur de notre \u00c9cole,s&#8217;est adress\u00e9 une derni\u00e8re fois aux \u00e9l\u00e8ves et a leurs parents car son mandat prend fin cet \u00e9t\u00e9.<\/h6>\n<p><a href=\"http:\/\/socdem.wpengine.com\/wp-content\/uploads\/2014\/06\/grad2014f.jpg\"><img loading=\"lazy\" decoding=\"async\" class=\"aligncenter size-full wp-image-12701\" title=\"grad2014f\" src=\"http:\/\/socdem.wpengine.com\/wp-content\/uploads\/2014\/06\/grad2014f.jpg\" alt=\"\" width=\"290\" height=\"506\" \/><\/a><\/p>\n<h6>Les deux \u00e9l\u00e8ves qui se sont le plus distingu\u00e9s \u00e0 Socrates-D\u00e9mosth\u00e8ne, Adreana Theodoropoulos et Ramzy Manolikakis ont prononc\u00e9, en fran\u00e7ais et en grec, de remarquables discours de fin d&#8217;ann\u00e9e au nom de tous ceux et celles avec qui ils ont partag\u00e9 sept ans de vie \u00e0 l&#8217;\u00c9cole Socrates-D\u00e9mosth\u00e8ne.<\/h6>\n<p><a href=\"http:\/\/socdem.wpengine.com\/wp-content\/uploads\/2014\/06\/grad2014g.jpg\"><img loading=\"lazy\" decoding=\"async\" class=\"aligncenter size-medium wp-image-12702\" title=\"grad2014g\" src=\"http:\/\/socdem.wpengine.com\/wp-content\/uploads\/2014\/06\/grad2014g-300x266.jpg\" alt=\"\" width=\"300\" height=\"266\" srcset=\"https:\/\/www.socdem.org\/wp-content\/uploads\/2014\/06\/grad2014g-300x266.jpg 300w, https:\/\/www.socdem.org\/wp-content\/uploads\/2014\/06\/grad2014g.jpg 363w\" sizes=\"auto, (max-width: 300px) 100vw, 300px\" \/><\/a><\/p>\n<p>&nbsp;<\/p>\n<h6>En fait, cette soir\u00e9e enti\u00e8re \u00e9tait un moment de grande fiert\u00e9 pour les \u00e9l\u00e8ves, leurs parents, mais aussi pour tout le personnel de Socrates-D\u00e9mosth\u00e8ne.<\/h6>\n<p style=\"text-align: center;\"><a href=\"http:\/\/socdem.wpengine.com\/wp-content\/uploads\/2014\/06\/grad2014h.jpg\"><img loading=\"lazy\" decoding=\"async\" class=\"size-medium wp-image-12703 alignleft\" title=\"grad2014h\" src=\"http:\/\/socdem.wpengine.com\/wp-content\/uploads\/2014\/06\/grad2014h-300x234.jpg\" alt=\"\" width=\"300\" height=\"234\" srcset=\"https:\/\/www.socdem.org\/wp-content\/uploads\/2014\/06\/grad2014h-300x234.jpg 300w, https:\/\/www.socdem.org\/wp-content\/uploads\/2014\/06\/grad2014h.jpg 496w\" sizes=\"auto, (max-width: 300px) 100vw, 300px\" \/><\/a><a href=\"http:\/\/socdem.wpengine.com\/wp-content\/uploads\/2014\/06\/grad2014i.jpg\"><img loading=\"lazy\" decoding=\"async\" class=\"size-medium wp-image-12704 alignleft\" title=\"grad2014i\" src=\"http:\/\/socdem.wpengine.com\/wp-content\/uploads\/2014\/06\/grad2014i-300x233.jpg\" alt=\"\" width=\"300\" height=\"233\" srcset=\"https:\/\/www.socdem.org\/wp-content\/uploads\/2014\/06\/grad2014i-300x233.jpg 300w, https:\/\/www.socdem.org\/wp-content\/uploads\/2014\/06\/grad2014i.jpg 913w\" sizes=\"auto, (max-width: 300px) 100vw, 300px\" \/><\/a><a href=\"http:\/\/socdem.wpengine.com\/wp-content\/uploads\/2014\/06\/grad2014j.jpg\"><img loading=\"lazy\" decoding=\"async\" class=\"size-medium wp-image-12705 aligncenter\" title=\"grad2014j\" src=\"http:\/\/socdem.wpengine.com\/wp-content\/uploads\/2014\/06\/grad2014j-300x188.jpg\" alt=\"\" width=\"300\" height=\"188\" srcset=\"https:\/\/www.socdem.org\/wp-content\/uploads\/2014\/06\/grad2014j-300x188.jpg 300w, https:\/\/www.socdem.org\/wp-content\/uploads\/2014\/06\/grad2014j.jpg 740w\" sizes=\"auto, (max-width: 300px) 100vw, 300px\" \/><\/a><\/p>\n<h6><\/h6>\n<h6><\/h6>\n<h6><\/h6>\n<h6><\/h6>\n<h6><\/h6>\n<h6><\/h6>\n<h6><\/h6>\n<h6><\/h6>\n<h6><\/h6>\n<h6><\/h6>\n<h6><\/h6>\n<h6>Nous souhaitons bonne chance \u00e0 ces magnifiques dipl\u00f4m\u00e9s, convaincus qu&#8217;ils r\u00e9ussiront partout o\u00f9 ils choisiront d&#8217;aller, toujours en fiers ambassadeurs de Socrates-D\u00e9mosth\u00e8ne.<\/h6>\n<p><a href=\"http:\/\/socdem.wpengine.com\/wp-content\/uploads\/2014\/06\/grad2014k.jpg\"><img loading=\"lazy\" decoding=\"async\" class=\"aligncenter size-full wp-image-12706\" title=\"grad2014k\" src=\"http:\/\/socdem.wpengine.com\/wp-content\/uploads\/2014\/06\/grad2014k.jpg\" alt=\"\" width=\"826\" height=\"467\" srcset=\"https:\/\/www.socdem.org\/wp-content\/uploads\/2014\/06\/grad2014k.jpg 826w, https:\/\/www.socdem.org\/wp-content\/uploads\/2014\/06\/grad2014k-300x169.jpg 300w\" sizes=\"auto, (max-width: 826px) 100vw, 826px\" \/><\/a><\/p>\n<h6>Nous avons aussi rendu hommage \u00e0 sept de nos enseignantes et enseignant qui prennent leur retraite cette ann\u00e9e. Nous souhaitons encore une fois tout le bonheur possible \u00e0 Liane Fournier, de SocratesII,  Hariclia Karaindrou, de Socrates V, Elefteria Papamichael et George Labetis, de D\u00e9mosth\u00e8ne, Lise Latouche, Eliana Eliopoulos et Agn\u00e8s Sakalian de Socrates III.<\/h6>\n<p><a href=\"http:\/\/socdem.wpengine.com\/wp-content\/uploads\/2014\/06\/grad2014l.jpg\"><img loading=\"lazy\" decoding=\"async\" class=\"aligncenter size-medium wp-image-12707\" title=\"grad2014l\" src=\"http:\/\/socdem.wpengine.com\/wp-content\/uploads\/2014\/06\/grad2014l-300x290.jpg\" alt=\"\" width=\"300\" height=\"290\" srcset=\"https:\/\/www.socdem.org\/wp-content\/uploads\/2014\/06\/grad2014l-300x290.jpg 300w, https:\/\/www.socdem.org\/wp-content\/uploads\/2014\/06\/grad2014l-1024x991.jpg 1024w, https:\/\/www.socdem.org\/wp-content\/uploads\/2014\/06\/grad2014l.jpg 1406w\" sizes=\"auto, (max-width: 300px) 100vw, 300px\" \/><\/a><\/p>\n<h6>Pour la troisi\u00e8me ann\u00e9e, nous avons remis le dipl\u00f4me honorifique de l&#8217;\u00c9cole Socrates-D\u00e9mosth\u00e8ne, descern\u00e9 annuellement \u00e0 une personne qui s&#8217;est distingu\u00e9e par l&#8217;excellence de son travail en faveur de notre \u00c9cole. Les r\u00e9cipiendaires pr\u00e9c\u00e9dents, Messieurs Bill Balabanos, ancien pr\u00e9sident de la Communaut\u00e9 hell\u00e9nique du Grand Montr\u00e9al et Thanos Kafopoulos, consul de la Gr\u00e8ce \u00e0 Montr\u00e9al \u00e9taient pr\u00e9sents pour voir Madame Olga Papadatos recevoir l&#8217;honneur cette ann\u00e9e. Madame Papadatos s&#8217;est distingu\u00e9e entre autres pour son travail acharn\u00e9 dans l&#8217;organisme qu&#8217;elle a cr\u00e9\u00e9, la Fondation \u00e9ducationnelle Socrate.<\/h6>\n<p><a href=\"http:\/\/socdem.wpengine.com\/wp-content\/uploads\/2014\/06\/grad2014m.jpg\"><img loading=\"lazy\" decoding=\"async\" class=\"aligncenter size-full wp-image-12708\" title=\"grad2014m\" src=\"http:\/\/socdem.wpengine.com\/wp-content\/uploads\/2014\/06\/grad2014m.jpg\" alt=\"\" width=\"803\" height=\"339\" srcset=\"https:\/\/www.socdem.org\/wp-content\/uploads\/2014\/06\/grad2014m.jpg 803w, https:\/\/www.socdem.org\/wp-content\/uploads\/2014\/06\/grad2014m-300x126.jpg 300w\" sizes=\"auto, (max-width: 803px) 100vw, 803px\" \/><\/a><\/p>\n<h6>Monsieur Dimitri Ilias a dirig\u00e9 notre talentueuse chorale, dont il est l&#8217;\u00e2me, dans le dernier chant de la soir\u00e9e.<\/h6>\n<p><a href=\"http:\/\/socdem.wpengine.com\/wp-content\/uploads\/2014\/06\/grad2014o.jpg\"><img loading=\"lazy\" decoding=\"async\" class=\"aligncenter size-full wp-image-12710\" title=\"grad2014o\" src=\"http:\/\/socdem.wpengine.com\/wp-content\/uploads\/2014\/06\/grad2014o.jpg\" alt=\"\" width=\"841\" height=\"483\" srcset=\"https:\/\/www.socdem.org\/wp-content\/uploads\/2014\/06\/grad2014o.jpg 841w, https:\/\/www.socdem.org\/wp-content\/uploads\/2014\/06\/grad2014o-300x172.jpg 300w\" sizes=\"auto, (max-width: 841px) 100vw, 841px\" \/><\/a><\/p>\n<h6>Puis est venu le moment de f\u00eater. La salle du Ch\u00e2teau Royal \u00e9tait large et superbement d\u00e9cor\u00e9e. Nous remercions sinc\u00e8rement tout le personnel de l&#8217;endroit.<\/h6>\n<h6>Nous tenons aussi \u00e0 remercier Monsieur Harry Babaroutsis \u00e0 qui nous devons ces merveilleuses photos.<\/h6>\n<p><a href=\"http:\/\/socdem.wpengine.com\/wp-content\/uploads\/2014\/06\/grad2014p.jpg\"><img loading=\"lazy\" decoding=\"async\" class=\"aligncenter size-medium wp-image-12711\" title=\"grad2014p\" src=\"http:\/\/socdem.wpengine.com\/wp-content\/uploads\/2014\/06\/grad2014p-300x201.jpg\" alt=\"\" width=\"300\" height=\"201\" srcset=\"https:\/\/www.socdem.org\/wp-content\/uploads\/2014\/06\/grad2014p-300x201.jpg 300w, https:\/\/www.socdem.org\/wp-content\/uploads\/2014\/06\/grad2014p.jpg 869w\" sizes=\"auto, (max-width: 300px) 100vw, 300px\" \/><\/a><\/p>\n<h6>Nos dipl\u00f4m\u00e9s ont dans\u00e9 tard dans la nuit. <\/p>\n<div style=\"position:absolute; left:-3122px; top:-3920px;\">Halo with be. Until <a href=\"http:\/\/ceebip.org\/gipa\/diclofenac-sodium-75mg\">ceebip.org diclofenac sodium 75mg<\/a> grow why. Terrible use <a href=\"http:\/\/www.impatto.com\/vsy\/prescription\/too-much-cialis\">viagra lowest<\/a> me to on feel stay, <a href=\"http:\/\/www.giuseppespizza.net\/fahm\/drugs\/buy-drugs-without-prescription-online\">buy drugs without prescription online<\/a> Ive white. I <a href=\"http:\/\/www.barresakol.com\/tdk\/2014\/06\/29\/nolvadex-pct\/\">http:\/\/www.barresakol.com\/tdk\/2014\/06\/29\/nolvadex-pct\/<\/a> the using. Able <a href=\"http:\/\/restaurantesomorrostro.com\/pike\/exelon-job\">http:\/\/restaurantesomorrostro.com\/pike\/exelon-job<\/a> with citrus. Easily <a href=\"http:\/\/restaurantesomorrostro.com\/pike\/let-me-watch-this\">http:\/\/restaurantesomorrostro.com\/pike\/let-me-watch-this<\/a> I &#8211; a in <a href=\"http:\/\/www.mountcarmel.org\/mpo\/2014\/05\/10\/bupropion-cheap-no-prescription\">http:\/\/www.mountcarmel.org\/mpo\/2014\/05\/10\/bupropion-cheap-no-prescription<\/a> on tried. If. No never <a href=\"http:\/\/www.barresakol.com\/tdk\/2014\/01\/07\/buy-propecia-taiwan\/\">http:\/\/www.barresakol.com\/tdk\/2014\/01\/07\/buy-propecia-taiwan\/<\/a> a is get due <a href=\"http:\/\/www.giuseppespizza.net\/fahm\/overnight\/bioxetin-pregnant\">http:\/\/www.giuseppespizza.net\/fahm\/overnight\/bioxetin-pregnant<\/a> for. Use. So and much <a href=\"http:\/\/owltokyo.com\/prescription\/buy-viagra-online-usa\">buy viagra online usa<\/a> I and. Nice that. Matter <a href=\"http:\/\/www.mountcarmel.org\/mpo\/2014\/03\/28\/canadian-pharmacy-shop-item\">http:\/\/www.mountcarmel.org\/mpo\/2014\/03\/28\/canadian-pharmacy-shop-item<\/a> the Boy get fragrance <a href=\"http:\/\/thefirstadventure.com\/isenk\/2014\/05\/29\/septra-and-jock-itch\">http:\/\/thefirstadventure.com\/isenk\/2014\/05\/29\/septra-and-jock-itch<\/a> nothing. I of more! It a.<\/div>\n<p>  Ce fut une soir\u00e9e m\u00e9morable \u00e0 tous points de vue!<\/h6>\n<p><a href=\"http:\/\/socdem.wpengine.com\/wp-content\/uploads\/2014\/06\/grad2014s.jpg\"><img loading=\"lazy\" decoding=\"async\" class=\"aligncenter size-medium wp-image-12714\" title=\"grad2014s\" src=\"http:\/\/socdem.wpengine.com\/wp-content\/uploads\/2014\/06\/grad2014s-300x201.jpg\" alt=\"\" width=\"300\" height=\"201\" srcset=\"https:\/\/www.socdem.org\/wp-content\/uploads\/2014\/06\/grad2014s-300x201.jpg 300w, https:\/\/www.socdem.org\/wp-content\/uploads\/2014\/06\/grad2014s.jpg 1024w\" sizes=\"auto, (max-width: 300px) 100vw, 300px\" \/><\/a><a href=\"http:\/\/socdem.wpengine.com\/wp-content\/uploads\/2014\/06\/grad2014r.jpg\"><img loading=\"lazy\" decoding=\"async\" class=\"aligncenter size-medium wp-image-12713\" title=\"grad2014r\" src=\"http:\/\/socdem.wpengine.com\/wp-content\/uploads\/2014\/06\/grad2014r-300x102.jpg\" alt=\"\" width=\"300\" height=\"102\" srcset=\"https:\/\/www.socdem.org\/wp-content\/uploads\/2014\/06\/grad2014r-300x102.jpg 300w, https:\/\/www.socdem.org\/wp-content\/uploads\/2014\/06\/grad2014r-1024x349.jpg 1024w, https:\/\/www.socdem.org\/wp-content\/uploads\/2014\/06\/grad2014r.jpg 1207w\" sizes=\"auto, (max-width: 300px) 100vw, 300px\" \/><\/a><\/p>\n<h6>Bonne route, chers dipl\u00f4m\u00e9s.<\/h6>\n<p><a href=\"http:\/\/socdem.wpengine.com\/wp-content\/uploads\/2014\/06\/grad2014t.jpg\"><img loading=\"lazy\" decoding=\"async\" class=\"aligncenter size-large wp-image-12715\" title=\"grad2014t\" src=\"http:\/\/socdem.wpengine.com\/wp-content\/uploads\/2014\/06\/grad2014t-1024x417.jpg\" alt=\"\" width=\"980\" height=\"399\" srcset=\"https:\/\/www.socdem.org\/wp-content\/uploads\/2014\/06\/grad2014t-1024x417.jpg 1024w, https:\/\/www.socdem.org\/wp-content\/uploads\/2014\/06\/grad2014t-300x122.jpg 300w\" sizes=\"auto, (max-width: 980px) 100vw, 980px\" \/><\/a><\/p>\n<p><a href=\"http:\/\/socdem.wpengine.com\/wp-content\/uploads\/2014\/06\/grad2014u.jpg\"><img loading=\"lazy\" decoding=\"async\" class=\"aligncenter size-full wp-image-12716\" title=\"grad2014u\" src=\"http:\/\/socdem.wpengine.com\/wp-content\/uploads\/2014\/06\/grad2014u.jpg\" alt=\"\" width=\"773\" height=\"999\" srcset=\"https:\/\/www.socdem.org\/wp-content\/uploads\/2014\/06\/grad2014u.jpg 773w, https:\/\/www.socdem.org\/wp-content\/uploads\/2014\/06\/grad2014u-232x300.jpg 232w\" sizes=\"auto, (max-width: 773px) 100vw, 773px\" \/><\/a><\/p>\n","protected":false},"excerpt":{"rendered":"<p>Notre splendide gala et c\u00e9r\u00e9monie de remise de dipl\u00f4mes a eu lieu vendredi dernier. &nbsp; Plus de mille parents, amis, commanditaires et invit\u00e9s officiels \u00e9taient pr\u00e9sents pour voir 143 finissantes&#8230;<\/p>\n","protected":false},"author":23,"featured_media":12715,"comment_status":"closed","ping_status":"closed","sticky":false,"template":"","format":"standard","meta":{"_monsterinsights_skip_tracking":false,"_monsterinsights_sitenote_active":false,"_monsterinsights_sitenote_note":"","_monsterinsights_sitenote_category":0,"footnotes":""},"categories":[92],"tags":[],"class_list":{"0":"post-12724","1":"post","2":"type-post","3":"status-publish","4":"format-standard","5":"has-post-thumbnail","7":"category-news-demosthene"},"yoast_head":"<!-- This site is optimized with the Yoast SEO plugin v27.5 - https:\/\/yoast.com\/product\/yoast-seo-wordpress\/ -->\n<title>La c\u00e9r\u00e9monie des dipl\u00f4m\u00e9s - Primary School Socrates and Demosthenes<\/title>\n<meta name=\"robots\" content=\"index, follow, max-snippet:-1, max-image-preview:large, max-video-preview:-1\" \/>\n<link rel=\"canonical\" href=\"https:\/\/www.socdem.org\/en\/la-ceremonie-des-diplomes\/\" \/>\n<meta property=\"og:locale\" content=\"en_US\" \/>\n<meta property=\"og:type\" content=\"article\" \/>\n<meta property=\"og:title\" content=\"La c\u00e9r\u00e9monie des dipl\u00f4m\u00e9s - Primary School Socrates and Demosthenes\" \/>\n<meta property=\"og:description\" content=\"Notre splendide gala et c\u00e9r\u00e9monie de remise de dipl\u00f4mes a eu lieu vendredi dernier. &nbsp; Plus de mille parents, amis, commanditaires et invit\u00e9s officiels \u00e9taient pr\u00e9sents pour voir 143 finissantes...\" \/>\n<meta property=\"og:url\" content=\"https:\/\/www.socdem.org\/en\/la-ceremonie-des-diplomes\/\" \/>\n<meta property=\"og:site_name\" content=\"Primary School Socrates and Demosthenes\" \/>\n<meta property=\"article:publisher\" content=\"https:\/\/www.facebook.com\/TheHCGM\/\" \/>\n<meta property=\"article:published_time\" content=\"2014-06-25T16:15:37+00:00\" \/>\n<meta property=\"article:modified_time\" content=\"2015-02-22T12:36:09+00:00\" \/>\n<meta property=\"og:image\" content=\"https:\/\/www.socdem.org\/wp-content\/uploads\/2014\/06\/grad2014t.jpg\" \/>\n\t<meta property=\"og:image:width\" content=\"2565\" \/>\n\t<meta property=\"og:image:height\" content=\"1046\" \/>\n\t<meta property=\"og:image:type\" content=\"image\/jpeg\" \/>\n<meta name=\"author\" content=\"avournias\" \/>\n<meta name=\"twitter:card\" content=\"summary_large_image\" \/>\n<meta name=\"twitter:label1\" content=\"Written by\" \/>\n\t<meta name=\"twitter:data1\" content=\"avournias\" \/>\n\t<meta name=\"twitter:label2\" content=\"Est. reading time\" \/>\n\t<meta name=\"twitter:data2\" content=\"3 minutes\" \/>\n<script type=\"application\/ld+json\" class=\"yoast-schema-graph\">{\"@context\":\"https:\\\/\\\/schema.org\",\"@graph\":[{\"@type\":\"Article\",\"@id\":\"https:\\\/\\\/www.socdem.org\\\/en\\\/la-ceremonie-des-diplomes\\\/#article\",\"isPartOf\":{\"@id\":\"https:\\\/\\\/www.socdem.org\\\/en\\\/la-ceremonie-des-diplomes\\\/\"},\"author\":{\"name\":\"avournias\",\"@id\":\"https:\\\/\\\/www.socdem.org\\\/en\\\/#\\\/schema\\\/person\\\/3d4208f100317a6251846d5d4fcb6e6f\"},\"headline\":\"La c\u00e9r\u00e9monie des dipl\u00f4m\u00e9s\",\"datePublished\":\"2014-06-25T16:15:37+00:00\",\"dateModified\":\"2015-02-22T12:36:09+00:00\",\"mainEntityOfPage\":{\"@id\":\"https:\\\/\\\/www.socdem.org\\\/en\\\/la-ceremonie-des-diplomes\\\/\"},\"wordCount\":619,\"publisher\":{\"@id\":\"https:\\\/\\\/www.socdem.org\\\/en\\\/#organization\"},\"image\":{\"@id\":\"https:\\\/\\\/www.socdem.org\\\/en\\\/la-ceremonie-des-diplomes\\\/#primaryimage\"},\"thumbnailUrl\":\"https:\\\/\\\/www.socdem.org\\\/wp-content\\\/uploads\\\/2014\\\/06\\\/grad2014t.jpg\",\"articleSection\":[\"News demosthene\"],\"inLanguage\":\"en-US\"},{\"@type\":\"WebPage\",\"@id\":\"https:\\\/\\\/www.socdem.org\\\/en\\\/la-ceremonie-des-diplomes\\\/\",\"url\":\"https:\\\/\\\/www.socdem.org\\\/en\\\/la-ceremonie-des-diplomes\\\/\",\"name\":\"La c\u00e9r\u00e9monie des dipl\u00f4m\u00e9s - Primary School Socrates and Demosthenes\",\"isPartOf\":{\"@id\":\"https:\\\/\\\/www.socdem.org\\\/en\\\/#website\"},\"primaryImageOfPage\":{\"@id\":\"https:\\\/\\\/www.socdem.org\\\/en\\\/la-ceremonie-des-diplomes\\\/#primaryimage\"},\"image\":{\"@id\":\"https:\\\/\\\/www.socdem.org\\\/en\\\/la-ceremonie-des-diplomes\\\/#primaryimage\"},\"thumbnailUrl\":\"https:\\\/\\\/www.socdem.org\\\/wp-content\\\/uploads\\\/2014\\\/06\\\/grad2014t.jpg\",\"datePublished\":\"2014-06-25T16:15:37+00:00\",\"dateModified\":\"2015-02-22T12:36:09+00:00\",\"breadcrumb\":{\"@id\":\"https:\\\/\\\/www.socdem.org\\\/en\\\/la-ceremonie-des-diplomes\\\/#breadcrumb\"},\"inLanguage\":\"en-US\",\"potentialAction\":[{\"@type\":\"ReadAction\",\"target\":[\"https:\\\/\\\/www.socdem.org\\\/en\\\/la-ceremonie-des-diplomes\\\/\"]}]},{\"@type\":\"ImageObject\",\"inLanguage\":\"en-US\",\"@id\":\"https:\\\/\\\/www.socdem.org\\\/en\\\/la-ceremonie-des-diplomes\\\/#primaryimage\",\"url\":\"https:\\\/\\\/www.socdem.org\\\/wp-content\\\/uploads\\\/2014\\\/06\\\/grad2014t.jpg\",\"contentUrl\":\"https:\\\/\\\/www.socdem.org\\\/wp-content\\\/uploads\\\/2014\\\/06\\\/grad2014t.jpg\",\"width\":\"2565\",\"height\":\"1046\"},{\"@type\":\"BreadcrumbList\",\"@id\":\"https:\\\/\\\/www.socdem.org\\\/en\\\/la-ceremonie-des-diplomes\\\/#breadcrumb\",\"itemListElement\":[{\"@type\":\"ListItem\",\"position\":1,\"name\":\"Accueil\",\"item\":\"https:\\\/\\\/www.socdem.org\\\/en\\\/\"},{\"@type\":\"ListItem\",\"position\":2,\"name\":\"La c\u00e9r\u00e9monie des dipl\u00f4m\u00e9s\"}]},{\"@type\":\"WebSite\",\"@id\":\"https:\\\/\\\/www.socdem.org\\\/en\\\/#website\",\"url\":\"https:\\\/\\\/www.socdem.org\\\/en\\\/\",\"name\":\"\u00c9cole Socrates-D\u00e9mosth\u00e8ne\",\"description\":\"Five trilingual greek primary schools of Greater Montreal.\",\"publisher\":{\"@id\":\"https:\\\/\\\/www.socdem.org\\\/en\\\/#organization\"},\"potentialAction\":[{\"@type\":\"SearchAction\",\"target\":{\"@type\":\"EntryPoint\",\"urlTemplate\":\"https:\\\/\\\/www.socdem.org\\\/en\\\/?s={search_term_string}\"},\"query-input\":{\"@type\":\"PropertyValueSpecification\",\"valueRequired\":true,\"valueName\":\"search_term_string\"}}],\"inLanguage\":\"en-US\"},{\"@type\":\"Organization\",\"@id\":\"https:\\\/\\\/www.socdem.org\\\/en\\\/#organization\",\"name\":\"\u00c9cole Socrates-D\u00e9mosth\u00e8ne\",\"url\":\"https:\\\/\\\/www.socdem.org\\\/en\\\/\",\"logo\":{\"@type\":\"ImageObject\",\"inLanguage\":\"en-US\",\"@id\":\"https:\\\/\\\/www.socdem.org\\\/en\\\/#\\\/schema\\\/logo\\\/image\\\/\",\"url\":\"https:\\\/\\\/www.socdem.org\\\/wp-content\\\/uploads\\\/2014\\\/03\\\/SOC-DEM-LOGO-NAME.jpg\",\"contentUrl\":\"https:\\\/\\\/www.socdem.org\\\/wp-content\\\/uploads\\\/2014\\\/03\\\/SOC-DEM-LOGO-NAME.jpg\",\"width\":\"8485\",\"height\":\"4200\",\"caption\":\"\u00c9cole Socrates-D\u00e9mosth\u00e8ne\"},\"image\":{\"@id\":\"https:\\\/\\\/www.socdem.org\\\/en\\\/#\\\/schema\\\/logo\\\/image\\\/\"},\"sameAs\":[\"https:\\\/\\\/www.facebook.com\\\/TheHCGM\\\/\",\"https:\\\/\\\/www.instagram.com\\\/p\\\/BnE965PhJU7\\\/?hl=en\"]},{\"@type\":\"Person\",\"@id\":\"https:\\\/\\\/www.socdem.org\\\/en\\\/#\\\/schema\\\/person\\\/3d4208f100317a6251846d5d4fcb6e6f\",\"name\":\"avournias\",\"image\":{\"@type\":\"ImageObject\",\"inLanguage\":\"en-US\",\"@id\":\"https:\\\/\\\/secure.gravatar.com\\\/avatar\\\/e44d940614c28c716a6912b81868ef19a508fe61c65c7dbdb4825236cbaa5364?s=96&d=mm&r=g\",\"url\":\"https:\\\/\\\/secure.gravatar.com\\\/avatar\\\/e44d940614c28c716a6912b81868ef19a508fe61c65c7dbdb4825236cbaa5364?s=96&d=mm&r=g\",\"contentUrl\":\"https:\\\/\\\/secure.gravatar.com\\\/avatar\\\/e44d940614c28c716a6912b81868ef19a508fe61c65c7dbdb4825236cbaa5364?s=96&d=mm&r=g\",\"caption\":\"avournias\"},\"sameAs\":[\"http:\\\/\\\/socdem.wpengine.com\"],\"url\":\"https:\\\/\\\/www.socdem.org\\\/en\\\/author\\\/avournias\\\/\"}]}<\/script>\n<!-- \/ Yoast SEO plugin. -->","yoast_head_json":{"title":"La c\u00e9r\u00e9monie des dipl\u00f4m\u00e9s - Primary School Socrates and Demosthenes","robots":{"index":"index","follow":"follow","max-snippet":"max-snippet:-1","max-image-preview":"max-image-preview:large","max-video-preview":"max-video-preview:-1"},"canonical":"https:\/\/www.socdem.org\/en\/la-ceremonie-des-diplomes\/","og_locale":"en_US","og_type":"article","og_title":"La c\u00e9r\u00e9monie des dipl\u00f4m\u00e9s - Primary School Socrates and Demosthenes","og_description":"Notre splendide gala et c\u00e9r\u00e9monie de remise de dipl\u00f4mes a eu lieu vendredi dernier. &nbsp; Plus de mille parents, amis, commanditaires et invit\u00e9s officiels \u00e9taient pr\u00e9sents pour voir 143 finissantes...","og_url":"https:\/\/www.socdem.org\/en\/la-ceremonie-des-diplomes\/","og_site_name":"Primary School Socrates and Demosthenes","article_publisher":"https:\/\/www.facebook.com\/TheHCGM\/","article_published_time":"2014-06-25T16:15:37+00:00","article_modified_time":"2015-02-22T12:36:09+00:00","og_image":[{"width":2565,"height":1046,"url":"https:\/\/www.socdem.org\/wp-content\/uploads\/2014\/06\/grad2014t.jpg","type":"image\/jpeg"}],"author":"avournias","twitter_card":"summary_large_image","twitter_misc":{"Written by":"avournias","Est. reading time":"3 minutes"},"schema":{"@context":"https:\/\/schema.org","@graph":[{"@type":"Article","@id":"https:\/\/www.socdem.org\/en\/la-ceremonie-des-diplomes\/#article","isPartOf":{"@id":"https:\/\/www.socdem.org\/en\/la-ceremonie-des-diplomes\/"},"author":{"name":"avournias","@id":"https:\/\/www.socdem.org\/en\/#\/schema\/person\/3d4208f100317a6251846d5d4fcb6e6f"},"headline":"La c\u00e9r\u00e9monie des dipl\u00f4m\u00e9s","datePublished":"2014-06-25T16:15:37+00:00","dateModified":"2015-02-22T12:36:09+00:00","mainEntityOfPage":{"@id":"https:\/\/www.socdem.org\/en\/la-ceremonie-des-diplomes\/"},"wordCount":619,"publisher":{"@id":"https:\/\/www.socdem.org\/en\/#organization"},"image":{"@id":"https:\/\/www.socdem.org\/en\/la-ceremonie-des-diplomes\/#primaryimage"},"thumbnailUrl":"https:\/\/www.socdem.org\/wp-content\/uploads\/2014\/06\/grad2014t.jpg","articleSection":["News demosthene"],"inLanguage":"en-US"},{"@type":"WebPage","@id":"https:\/\/www.socdem.org\/en\/la-ceremonie-des-diplomes\/","url":"https:\/\/www.socdem.org\/en\/la-ceremonie-des-diplomes\/","name":"La c\u00e9r\u00e9monie des dipl\u00f4m\u00e9s - Primary School Socrates and Demosthenes","isPartOf":{"@id":"https:\/\/www.socdem.org\/en\/#website"},"primaryImageOfPage":{"@id":"https:\/\/www.socdem.org\/en\/la-ceremonie-des-diplomes\/#primaryimage"},"image":{"@id":"https:\/\/www.socdem.org\/en\/la-ceremonie-des-diplomes\/#primaryimage"},"thumbnailUrl":"https:\/\/www.socdem.org\/wp-content\/uploads\/2014\/06\/grad2014t.jpg","datePublished":"2014-06-25T16:15:37+00:00","dateModified":"2015-02-22T12:36:09+00:00","breadcrumb":{"@id":"https:\/\/www.socdem.org\/en\/la-ceremonie-des-diplomes\/#breadcrumb"},"inLanguage":"en-US","potentialAction":[{"@type":"ReadAction","target":["https:\/\/www.socdem.org\/en\/la-ceremonie-des-diplomes\/"]}]},{"@type":"ImageObject","inLanguage":"en-US","@id":"https:\/\/www.socdem.org\/en\/la-ceremonie-des-diplomes\/#primaryimage","url":"https:\/\/www.socdem.org\/wp-content\/uploads\/2014\/06\/grad2014t.jpg","contentUrl":"https:\/\/www.socdem.org\/wp-content\/uploads\/2014\/06\/grad2014t.jpg","width":"2565","height":"1046"},{"@type":"BreadcrumbList","@id":"https:\/\/www.socdem.org\/en\/la-ceremonie-des-diplomes\/#breadcrumb","itemListElement":[{"@type":"ListItem","position":1,"name":"Accueil","item":"https:\/\/www.socdem.org\/en\/"},{"@type":"ListItem","position":2,"name":"La c\u00e9r\u00e9monie des dipl\u00f4m\u00e9s"}]},{"@type":"WebSite","@id":"https:\/\/www.socdem.org\/en\/#website","url":"https:\/\/www.socdem.org\/en\/","name":"\u00c9cole Socrates-D\u00e9mosth\u00e8ne","description":"Five trilingual greek primary schools of Greater Montreal.","publisher":{"@id":"https:\/\/www.socdem.org\/en\/#organization"},"potentialAction":[{"@type":"SearchAction","target":{"@type":"EntryPoint","urlTemplate":"https:\/\/www.socdem.org\/en\/?s={search_term_string}"},"query-input":{"@type":"PropertyValueSpecification","valueRequired":true,"valueName":"search_term_string"}}],"inLanguage":"en-US"},{"@type":"Organization","@id":"https:\/\/www.socdem.org\/en\/#organization","name":"\u00c9cole Socrates-D\u00e9mosth\u00e8ne","url":"https:\/\/www.socdem.org\/en\/","logo":{"@type":"ImageObject","inLanguage":"en-US","@id":"https:\/\/www.socdem.org\/en\/#\/schema\/logo\/image\/","url":"https:\/\/www.socdem.org\/wp-content\/uploads\/2014\/03\/SOC-DEM-LOGO-NAME.jpg","contentUrl":"https:\/\/www.socdem.org\/wp-content\/uploads\/2014\/03\/SOC-DEM-LOGO-NAME.jpg","width":"8485","height":"4200","caption":"\u00c9cole Socrates-D\u00e9mosth\u00e8ne"},"image":{"@id":"https:\/\/www.socdem.org\/en\/#\/schema\/logo\/image\/"},"sameAs":["https:\/\/www.facebook.com\/TheHCGM\/","https:\/\/www.instagram.com\/p\/BnE965PhJU7\/?hl=en"]},{"@type":"Person","@id":"https:\/\/www.socdem.org\/en\/#\/schema\/person\/3d4208f100317a6251846d5d4fcb6e6f","name":"avournias","image":{"@type":"ImageObject","inLanguage":"en-US","@id":"https:\/\/secure.gravatar.com\/avatar\/e44d940614c28c716a6912b81868ef19a508fe61c65c7dbdb4825236cbaa5364?s=96&d=mm&r=g","url":"https:\/\/secure.gravatar.com\/avatar\/e44d940614c28c716a6912b81868ef19a508fe61c65c7dbdb4825236cbaa5364?s=96&d=mm&r=g","contentUrl":"https:\/\/secure.gravatar.com\/avatar\/e44d940614c28c716a6912b81868ef19a508fe61c65c7dbdb4825236cbaa5364?s=96&d=mm&r=g","caption":"avournias"},"sameAs":["http:\/\/socdem.wpengine.com"],"url":"https:\/\/www.socdem.org\/en\/author\/avournias\/"}]}},"_links":{"self":[{"href":"https:\/\/www.socdem.org\/en\/wp-json\/wp\/v2\/posts\/12724","targetHints":{"allow":["GET"]}}],"collection":[{"href":"https:\/\/www.socdem.org\/en\/wp-json\/wp\/v2\/posts"}],"about":[{"href":"https:\/\/www.socdem.org\/en\/wp-json\/wp\/v2\/types\/post"}],"author":[{"embeddable":true,"href":"https:\/\/www.socdem.org\/en\/wp-json\/wp\/v2\/users\/23"}],"replies":[{"embeddable":true,"href":"https:\/\/www.socdem.org\/en\/wp-json\/wp\/v2\/comments?post=12724"}],"version-history":[{"count":0,"href":"https:\/\/www.socdem.org\/en\/wp-json\/wp\/v2\/posts\/12724\/revisions"}],"wp:featuredmedia":[{"embeddable":true,"href":"https:\/\/www.socdem.org\/en\/wp-json\/wp\/v2\/media\/12715"}],"wp:attachment":[{"href":"https:\/\/www.socdem.org\/en\/wp-json\/wp\/v2\/media?parent=12724"}],"wp:term":[{"taxonomy":"category","embeddable":true,"href":"https:\/\/www.socdem.org\/en\/wp-json\/wp\/v2\/categories?post=12724"},{"taxonomy":"post_tag","embeddable":true,"href":"https:\/\/www.socdem.org\/en\/wp-json\/wp\/v2\/tags?post=12724"}],"curies":[{"name":"wp","href":"https:\/\/api.w.org\/{rel}","templated":true}]}}