{"id":15908,"date":"2015-09-25T14:07:53","date_gmt":"2015-09-25T18:07:53","guid":{"rendered":"http:\/\/socdem.wpengine.com\/faire-parler-de-notre-ecole-2\/"},"modified":"2015-09-25T14:10:33","modified_gmt":"2015-09-25T18:10:33","slug":"faire-parler-de-notre-ecole","status":"publish","type":"post","link":"https:\/\/www.socdem.org\/en\/faire-parler-de-notre-ecole\/","title":{"rendered":"Faire parler de notre \u00c9cole"},"content":{"rendered":"<p><a href=\"http:\/\/socdem.wpengine.com\/wp-content\/uploads\/2015\/09\/La-foule.jpg\"><img loading=\"lazy\" decoding=\"async\" class=\"alignnone size-large wp-image-15900\" title=\"La foule\" src=\"http:\/\/socdem.wpengine.com\/wp-content\/uploads\/2015\/09\/La-foule-1024x682.jpg\" alt=\"\" width=\"980\" height=\"652\" srcset=\"https:\/\/www.socdem.org\/wp-content\/uploads\/2015\/09\/La-foule-1024x682.jpg 1024w, https:\/\/www.socdem.org\/wp-content\/uploads\/2015\/09\/La-foule-300x200.jpg 300w, https:\/\/www.socdem.org\/wp-content\/uploads\/2015\/09\/La-foule.jpg 1296w\" sizes=\"auto, (max-width: 980px) 100vw, 980px\" \/><\/a><\/p>\n<p>L&#8217;\u00c9cole Socrates-D\u00e9mosth\u00e8ne a particip\u00e9 \u00e0 deux salons sur les \u00e9coles priv\u00e9es, l&#8217;un au Montreal Private School Expo et l&#8217;autre au Montreal Families Education Fair.<\/p>\n<p><a href=\"http:\/\/socdem.wpengine.com\/wp-content\/uploads\/2015\/09\/Le-kio1.jpg\"><img loading=\"lazy\" decoding=\"async\" class=\"alignnone size-large wp-image-15902\" title=\"Le kio\" src=\"http:\/\/socdem.wpengine.com\/wp-content\/uploads\/2015\/09\/Le-kio1-1024x682.jpg\" alt=\"\" width=\"980\" height=\"652\" srcset=\"https:\/\/www.socdem.org\/wp-content\/uploads\/2015\/09\/Le-kio1-1024x682.jpg 1024w, https:\/\/www.socdem.org\/wp-content\/uploads\/2015\/09\/Le-kio1-300x199.jpg 300w, https:\/\/www.socdem.org\/wp-content\/uploads\/2015\/09\/Le-kio1.jpg 1037w\" sizes=\"auto, (max-width: 980px) 100vw, 980px\" \/><\/a><br \/>\nNotre kiosque avait fi\u00e8re allure.<\/p>\n<p><a href=\"http:\/\/socdem.wpengine.com\/wp-content\/uploads\/2015\/09\/lustres.jpg\"><img loading=\"lazy\" decoding=\"async\" class=\"alignnone size-large wp-image-15903\" title=\"lustres\" src=\"http:\/\/socdem.wpengine.com\/wp-content\/uploads\/2015\/09\/lustres-1024x682.jpg\" alt=\"\" width=\"980\" height=\"652\" srcset=\"https:\/\/www.socdem.org\/wp-content\/uploads\/2015\/09\/lustres-1024x682.jpg 1024w, https:\/\/www.socdem.org\/wp-content\/uploads\/2015\/09\/lustres-300x199.jpg 300w, https:\/\/www.socdem.org\/wp-content\/uploads\/2015\/09\/lustres.jpg 1037w\" sizes=\"auto, (max-width: 980px) 100vw, 980px\" \/><\/a><\/p>\n<p>Nous y avons rencontr\u00e9 de nombreuses familles avec des enfants de tous les \u00e2ges, vraiment int\u00e9ress\u00e9es par ce que nous avions \u00e0 offrir, ce qui nous donne grand espoir pour l&#8217;avenir.<\/p>\n<p><a href=\"http:\/\/socdem.wpengine.com\/wp-content\/uploads\/2015\/09\/entr\u00e9e.jpg\"><img loading=\"lazy\" decoding=\"async\" class=\"alignnone size-large wp-image-15904\" title=\"entr\u00e9e\" src=\"http:\/\/socdem.wpengine.com\/wp-content\/uploads\/2015\/09\/entr\u00e9e-1024x662.jpg\" alt=\"\" width=\"980\" height=\"633\" srcset=\"https:\/\/www.socdem.org\/wp-content\/uploads\/2015\/09\/entr\u00e9e-1024x662.jpg 1024w, https:\/\/www.socdem.org\/wp-content\/uploads\/2015\/09\/entr\u00e9e-300x194.jpg 300w, https:\/\/www.socdem.org\/wp-content\/uploads\/2015\/09\/entr\u00e9e.jpg 1154w\" sizes=\"auto, (max-width: 980px) 100vw, 980px\" \/><\/a><\/p>\n<p>Les jeunes formaient le plus enjou\u00e9 des comit\u00e9s d&#8217;accueil.<\/p>\n<p><a href=\"http:\/\/socdem.wpengine.com\/wp-content\/uploads\/2015\/09\/IMG_2680.jpg\"><img loading=\"lazy\" decoding=\"async\" class=\"alignnone size-large wp-image-15905\" title=\"IMG_2680\" src=\"http:\/\/socdem.wpengine.com\/wp-content\/uploads\/2015\/09\/IMG_2680-1024x682.jpg\" alt=\"\" width=\"980\" height=\"652\" srcset=\"https:\/\/www.socdem.org\/wp-content\/uploads\/2015\/09\/IMG_2680-1024x682.jpg 1024w, https:\/\/www.socdem.org\/wp-content\/uploads\/2015\/09\/IMG_2680-300x200.jpg 300w\" sizes=\"auto, (max-width: 980px) 100vw, 980px\" \/><\/a><\/p>\n<p>Les directions des campus ont par\u00e9 avec beaucoup d&#8217;\u00e9nergie, ci-dessous, de gauche \u00e0 droite, Steeve Lessard, de Socrates IV, Georgia Tsakalis, de Socrates II et Christos Filandrianos, de Socrates III.<\/p>\n<p><a href=\"http:\/\/socdem.wpengine.com\/wp-content\/uploads\/2015\/09\/Katherine-et-fille.jpg\"><img loading=\"lazy\" decoding=\"async\" class=\"alignnone size-full wp-image-15906\" title=\"Katherine et fille\" src=\"http:\/\/socdem.wpengine.com\/wp-content\/uploads\/2015\/09\/Katherine-et-fille.jpg\" alt=\"\" width=\"997\" height=\"656\" srcset=\"https:\/\/www.socdem.org\/wp-content\/uploads\/2015\/09\/Katherine-et-fille.jpg 997w, https:\/\/www.socdem.org\/wp-content\/uploads\/2015\/09\/Katherine-et-fille-300x197.jpg 300w\" sizes=\"auto, (max-width: 997px) 100vw, 997px\" \/><\/a><\/p>\n<p>La directrice de D\u00e9mosth\u00e8ne, Katherine Divolis, a m\u00eame eu l&#8217;aide de sa fille Anastasia, fi\u00e8re \u00e9l\u00e8ve de notre \u00c9cole.<\/p>\n<p>Bref, l&#8217;exp\u00e9rience fut plus que satisfaisante et nous remercions tous ceux et celles qui se sont d\u00e9plac\u00e9s pour venir nous voir.<\/p>\n<p>&nbsp;<\/p>\n","protected":false},"excerpt":{"rendered":"<p>L&#8217;\u00c9cole Socrates-D\u00e9mosth\u00e8ne a particip\u00e9 \u00e0 deux salons sur les \u00e9coles priv\u00e9es, l&#8217;un au Montreal Private School Expo et l&#8217;autre au Montreal Families Education Fair. Notre kiosque avait fi\u00e8re allure. Nous&#8230;<\/p>\n","protected":false},"author":23,"featured_media":15904,"comment_status":"closed","ping_status":"closed","sticky":false,"template":"","format":"standard","meta":{"_monsterinsights_skip_tracking":false,"_monsterinsights_sitenote_active":false,"_monsterinsights_sitenote_note":"","_monsterinsights_sitenote_category":0,"footnotes":""},"categories":[86],"tags":[],"class_list":{"0":"post-15908","1":"post","2":"type-post","3":"status-publish","4":"format-standard","5":"has-post-thumbnail","7":"category-news-and-activities-english"},"yoast_head":"<!-- This site is optimized with the Yoast SEO plugin v27.5 - https:\/\/yoast.com\/product\/yoast-seo-wordpress\/ -->\n<title>Faire parler de notre \u00c9cole - Primary School Socrates and Demosthenes<\/title>\n<meta name=\"robots\" content=\"index, follow, max-snippet:-1, max-image-preview:large, max-video-preview:-1\" \/>\n<link rel=\"canonical\" href=\"https:\/\/www.socdem.org\/en\/faire-parler-de-notre-ecole\/\" \/>\n<meta property=\"og:locale\" content=\"en_US\" \/>\n<meta property=\"og:type\" content=\"article\" \/>\n<meta property=\"og:title\" content=\"Faire parler de notre \u00c9cole - Primary School Socrates and Demosthenes\" \/>\n<meta property=\"og:description\" content=\"L&#8217;\u00c9cole Socrates-D\u00e9mosth\u00e8ne a particip\u00e9 \u00e0 deux salons sur les \u00e9coles priv\u00e9es, l&#8217;un au Montreal Private School Expo et l&#8217;autre au Montreal Families Education Fair. Notre kiosque avait fi\u00e8re allure. Nous...\" \/>\n<meta property=\"og:url\" content=\"https:\/\/www.socdem.org\/en\/faire-parler-de-notre-ecole\/\" \/>\n<meta property=\"og:site_name\" content=\"Primary School Socrates and Demosthenes\" \/>\n<meta property=\"article:publisher\" content=\"https:\/\/www.facebook.com\/TheHCGM\/\" \/>\n<meta property=\"article:published_time\" content=\"2015-09-25T18:07:53+00:00\" \/>\n<meta property=\"article:modified_time\" content=\"2015-09-25T18:10:33+00:00\" \/>\n<meta property=\"og:image\" content=\"https:\/\/www.socdem.org\/wp-content\/uploads\/2015\/09\/entr\u00e9e.jpg\" \/>\n\t<meta property=\"og:image:width\" content=\"1154\" \/>\n\t<meta property=\"og:image:height\" content=\"747\" \/>\n\t<meta property=\"og:image:type\" content=\"image\/jpeg\" \/>\n<meta name=\"author\" content=\"avournias\" \/>\n<meta name=\"twitter:card\" content=\"summary_large_image\" \/>\n<meta name=\"twitter:label1\" content=\"Written by\" \/>\n\t<meta name=\"twitter:data1\" content=\"avournias\" \/>\n\t<meta name=\"twitter:label2\" content=\"Est. reading time\" \/>\n\t<meta name=\"twitter:data2\" content=\"1 minute\" \/>\n<script type=\"application\/ld+json\" class=\"yoast-schema-graph\">{\"@context\":\"https:\\\/\\\/schema.org\",\"@graph\":[{\"@type\":\"Article\",\"@id\":\"https:\\\/\\\/www.socdem.org\\\/en\\\/faire-parler-de-notre-ecole\\\/#article\",\"isPartOf\":{\"@id\":\"https:\\\/\\\/www.socdem.org\\\/en\\\/faire-parler-de-notre-ecole\\\/\"},\"author\":{\"name\":\"avournias\",\"@id\":\"https:\\\/\\\/www.socdem.org\\\/en\\\/#\\\/schema\\\/person\\\/3d4208f100317a6251846d5d4fcb6e6f\"},\"headline\":\"Faire parler de notre \u00c9cole\",\"datePublished\":\"2015-09-25T18:07:53+00:00\",\"dateModified\":\"2015-09-25T18:10:33+00:00\",\"mainEntityOfPage\":{\"@id\":\"https:\\\/\\\/www.socdem.org\\\/en\\\/faire-parler-de-notre-ecole\\\/\"},\"wordCount\":159,\"publisher\":{\"@id\":\"https:\\\/\\\/www.socdem.org\\\/en\\\/#organization\"},\"image\":{\"@id\":\"https:\\\/\\\/www.socdem.org\\\/en\\\/faire-parler-de-notre-ecole\\\/#primaryimage\"},\"thumbnailUrl\":\"https:\\\/\\\/www.socdem.org\\\/wp-content\\\/uploads\\\/2015\\\/09\\\/entr\u00e9e.jpg\",\"articleSection\":[\"News and Activities english\"],\"inLanguage\":\"en-US\"},{\"@type\":\"WebPage\",\"@id\":\"https:\\\/\\\/www.socdem.org\\\/en\\\/faire-parler-de-notre-ecole\\\/\",\"url\":\"https:\\\/\\\/www.socdem.org\\\/en\\\/faire-parler-de-notre-ecole\\\/\",\"name\":\"Faire parler de notre \u00c9cole - Primary School Socrates and Demosthenes\",\"isPartOf\":{\"@id\":\"https:\\\/\\\/www.socdem.org\\\/en\\\/#website\"},\"primaryImageOfPage\":{\"@id\":\"https:\\\/\\\/www.socdem.org\\\/en\\\/faire-parler-de-notre-ecole\\\/#primaryimage\"},\"image\":{\"@id\":\"https:\\\/\\\/www.socdem.org\\\/en\\\/faire-parler-de-notre-ecole\\\/#primaryimage\"},\"thumbnailUrl\":\"https:\\\/\\\/www.socdem.org\\\/wp-content\\\/uploads\\\/2015\\\/09\\\/entr\u00e9e.jpg\",\"datePublished\":\"2015-09-25T18:07:53+00:00\",\"dateModified\":\"2015-09-25T18:10:33+00:00\",\"breadcrumb\":{\"@id\":\"https:\\\/\\\/www.socdem.org\\\/en\\\/faire-parler-de-notre-ecole\\\/#breadcrumb\"},\"inLanguage\":\"en-US\",\"potentialAction\":[{\"@type\":\"ReadAction\",\"target\":[\"https:\\\/\\\/www.socdem.org\\\/en\\\/faire-parler-de-notre-ecole\\\/\"]}]},{\"@type\":\"ImageObject\",\"inLanguage\":\"en-US\",\"@id\":\"https:\\\/\\\/www.socdem.org\\\/en\\\/faire-parler-de-notre-ecole\\\/#primaryimage\",\"url\":\"https:\\\/\\\/www.socdem.org\\\/wp-content\\\/uploads\\\/2015\\\/09\\\/entr\u00e9e.jpg\",\"contentUrl\":\"https:\\\/\\\/www.socdem.org\\\/wp-content\\\/uploads\\\/2015\\\/09\\\/entr\u00e9e.jpg\",\"width\":\"1154\",\"height\":\"747\"},{\"@type\":\"BreadcrumbList\",\"@id\":\"https:\\\/\\\/www.socdem.org\\\/en\\\/faire-parler-de-notre-ecole\\\/#breadcrumb\",\"itemListElement\":[{\"@type\":\"ListItem\",\"position\":1,\"name\":\"Accueil\",\"item\":\"https:\\\/\\\/www.socdem.org\\\/en\\\/\"},{\"@type\":\"ListItem\",\"position\":2,\"name\":\"Faire parler de notre \u00c9cole\"}]},{\"@type\":\"WebSite\",\"@id\":\"https:\\\/\\\/www.socdem.org\\\/en\\\/#website\",\"url\":\"https:\\\/\\\/www.socdem.org\\\/en\\\/\",\"name\":\"\u00c9cole Socrates-D\u00e9mosth\u00e8ne\",\"description\":\"Five trilingual greek primary schools of Greater Montreal.\",\"publisher\":{\"@id\":\"https:\\\/\\\/www.socdem.org\\\/en\\\/#organization\"},\"potentialAction\":[{\"@type\":\"SearchAction\",\"target\":{\"@type\":\"EntryPoint\",\"urlTemplate\":\"https:\\\/\\\/www.socdem.org\\\/en\\\/?s={search_term_string}\"},\"query-input\":{\"@type\":\"PropertyValueSpecification\",\"valueRequired\":true,\"valueName\":\"search_term_string\"}}],\"inLanguage\":\"en-US\"},{\"@type\":\"Organization\",\"@id\":\"https:\\\/\\\/www.socdem.org\\\/en\\\/#organization\",\"name\":\"\u00c9cole Socrates-D\u00e9mosth\u00e8ne\",\"url\":\"https:\\\/\\\/www.socdem.org\\\/en\\\/\",\"logo\":{\"@type\":\"ImageObject\",\"inLanguage\":\"en-US\",\"@id\":\"https:\\\/\\\/www.socdem.org\\\/en\\\/#\\\/schema\\\/logo\\\/image\\\/\",\"url\":\"https:\\\/\\\/www.socdem.org\\\/wp-content\\\/uploads\\\/2014\\\/03\\\/SOC-DEM-LOGO-NAME.jpg\",\"contentUrl\":\"https:\\\/\\\/www.socdem.org\\\/wp-content\\\/uploads\\\/2014\\\/03\\\/SOC-DEM-LOGO-NAME.jpg\",\"width\":\"8485\",\"height\":\"4200\",\"caption\":\"\u00c9cole Socrates-D\u00e9mosth\u00e8ne\"},\"image\":{\"@id\":\"https:\\\/\\\/www.socdem.org\\\/en\\\/#\\\/schema\\\/logo\\\/image\\\/\"},\"sameAs\":[\"https:\\\/\\\/www.facebook.com\\\/TheHCGM\\\/\",\"https:\\\/\\\/www.instagram.com\\\/p\\\/BnE965PhJU7\\\/?hl=en\"]},{\"@type\":\"Person\",\"@id\":\"https:\\\/\\\/www.socdem.org\\\/en\\\/#\\\/schema\\\/person\\\/3d4208f100317a6251846d5d4fcb6e6f\",\"name\":\"avournias\",\"image\":{\"@type\":\"ImageObject\",\"inLanguage\":\"en-US\",\"@id\":\"https:\\\/\\\/secure.gravatar.com\\\/avatar\\\/e44d940614c28c716a6912b81868ef19a508fe61c65c7dbdb4825236cbaa5364?s=96&d=mm&r=g\",\"url\":\"https:\\\/\\\/secure.gravatar.com\\\/avatar\\\/e44d940614c28c716a6912b81868ef19a508fe61c65c7dbdb4825236cbaa5364?s=96&d=mm&r=g\",\"contentUrl\":\"https:\\\/\\\/secure.gravatar.com\\\/avatar\\\/e44d940614c28c716a6912b81868ef19a508fe61c65c7dbdb4825236cbaa5364?s=96&d=mm&r=g\",\"caption\":\"avournias\"},\"sameAs\":[\"http:\\\/\\\/socdem.wpengine.com\"],\"url\":\"https:\\\/\\\/www.socdem.org\\\/en\\\/author\\\/avournias\\\/\"}]}<\/script>\n<!-- \/ Yoast SEO plugin. -->","yoast_head_json":{"title":"Faire parler de notre \u00c9cole - Primary School Socrates and Demosthenes","robots":{"index":"index","follow":"follow","max-snippet":"max-snippet:-1","max-image-preview":"max-image-preview:large","max-video-preview":"max-video-preview:-1"},"canonical":"https:\/\/www.socdem.org\/en\/faire-parler-de-notre-ecole\/","og_locale":"en_US","og_type":"article","og_title":"Faire parler de notre \u00c9cole - Primary School Socrates and Demosthenes","og_description":"L&#8217;\u00c9cole Socrates-D\u00e9mosth\u00e8ne a particip\u00e9 \u00e0 deux salons sur les \u00e9coles priv\u00e9es, l&#8217;un au Montreal Private School Expo et l&#8217;autre au Montreal Families Education Fair. Notre kiosque avait fi\u00e8re allure. Nous...","og_url":"https:\/\/www.socdem.org\/en\/faire-parler-de-notre-ecole\/","og_site_name":"Primary School Socrates and Demosthenes","article_publisher":"https:\/\/www.facebook.com\/TheHCGM\/","article_published_time":"2015-09-25T18:07:53+00:00","article_modified_time":"2015-09-25T18:10:33+00:00","og_image":[{"width":1154,"height":747,"url":"https:\/\/www.socdem.org\/wp-content\/uploads\/2015\/09\/entr\u00e9e.jpg","type":"image\/jpeg"}],"author":"avournias","twitter_card":"summary_large_image","twitter_misc":{"Written by":"avournias","Est. reading time":"1 minute"},"schema":{"@context":"https:\/\/schema.org","@graph":[{"@type":"Article","@id":"https:\/\/www.socdem.org\/en\/faire-parler-de-notre-ecole\/#article","isPartOf":{"@id":"https:\/\/www.socdem.org\/en\/faire-parler-de-notre-ecole\/"},"author":{"name":"avournias","@id":"https:\/\/www.socdem.org\/en\/#\/schema\/person\/3d4208f100317a6251846d5d4fcb6e6f"},"headline":"Faire parler de notre \u00c9cole","datePublished":"2015-09-25T18:07:53+00:00","dateModified":"2015-09-25T18:10:33+00:00","mainEntityOfPage":{"@id":"https:\/\/www.socdem.org\/en\/faire-parler-de-notre-ecole\/"},"wordCount":159,"publisher":{"@id":"https:\/\/www.socdem.org\/en\/#organization"},"image":{"@id":"https:\/\/www.socdem.org\/en\/faire-parler-de-notre-ecole\/#primaryimage"},"thumbnailUrl":"https:\/\/www.socdem.org\/wp-content\/uploads\/2015\/09\/entr\u00e9e.jpg","articleSection":["News and Activities english"],"inLanguage":"en-US"},{"@type":"WebPage","@id":"https:\/\/www.socdem.org\/en\/faire-parler-de-notre-ecole\/","url":"https:\/\/www.socdem.org\/en\/faire-parler-de-notre-ecole\/","name":"Faire parler de notre \u00c9cole - Primary School Socrates and Demosthenes","isPartOf":{"@id":"https:\/\/www.socdem.org\/en\/#website"},"primaryImageOfPage":{"@id":"https:\/\/www.socdem.org\/en\/faire-parler-de-notre-ecole\/#primaryimage"},"image":{"@id":"https:\/\/www.socdem.org\/en\/faire-parler-de-notre-ecole\/#primaryimage"},"thumbnailUrl":"https:\/\/www.socdem.org\/wp-content\/uploads\/2015\/09\/entr\u00e9e.jpg","datePublished":"2015-09-25T18:07:53+00:00","dateModified":"2015-09-25T18:10:33+00:00","breadcrumb":{"@id":"https:\/\/www.socdem.org\/en\/faire-parler-de-notre-ecole\/#breadcrumb"},"inLanguage":"en-US","potentialAction":[{"@type":"ReadAction","target":["https:\/\/www.socdem.org\/en\/faire-parler-de-notre-ecole\/"]}]},{"@type":"ImageObject","inLanguage":"en-US","@id":"https:\/\/www.socdem.org\/en\/faire-parler-de-notre-ecole\/#primaryimage","url":"https:\/\/www.socdem.org\/wp-content\/uploads\/2015\/09\/entr\u00e9e.jpg","contentUrl":"https:\/\/www.socdem.org\/wp-content\/uploads\/2015\/09\/entr\u00e9e.jpg","width":"1154","height":"747"},{"@type":"BreadcrumbList","@id":"https:\/\/www.socdem.org\/en\/faire-parler-de-notre-ecole\/#breadcrumb","itemListElement":[{"@type":"ListItem","position":1,"name":"Accueil","item":"https:\/\/www.socdem.org\/en\/"},{"@type":"ListItem","position":2,"name":"Faire parler de notre \u00c9cole"}]},{"@type":"WebSite","@id":"https:\/\/www.socdem.org\/en\/#website","url":"https:\/\/www.socdem.org\/en\/","name":"\u00c9cole Socrates-D\u00e9mosth\u00e8ne","description":"Five trilingual greek primary schools of Greater Montreal.","publisher":{"@id":"https:\/\/www.socdem.org\/en\/#organization"},"potentialAction":[{"@type":"SearchAction","target":{"@type":"EntryPoint","urlTemplate":"https:\/\/www.socdem.org\/en\/?s={search_term_string}"},"query-input":{"@type":"PropertyValueSpecification","valueRequired":true,"valueName":"search_term_string"}}],"inLanguage":"en-US"},{"@type":"Organization","@id":"https:\/\/www.socdem.org\/en\/#organization","name":"\u00c9cole Socrates-D\u00e9mosth\u00e8ne","url":"https:\/\/www.socdem.org\/en\/","logo":{"@type":"ImageObject","inLanguage":"en-US","@id":"https:\/\/www.socdem.org\/en\/#\/schema\/logo\/image\/","url":"https:\/\/www.socdem.org\/wp-content\/uploads\/2014\/03\/SOC-DEM-LOGO-NAME.jpg","contentUrl":"https:\/\/www.socdem.org\/wp-content\/uploads\/2014\/03\/SOC-DEM-LOGO-NAME.jpg","width":"8485","height":"4200","caption":"\u00c9cole Socrates-D\u00e9mosth\u00e8ne"},"image":{"@id":"https:\/\/www.socdem.org\/en\/#\/schema\/logo\/image\/"},"sameAs":["https:\/\/www.facebook.com\/TheHCGM\/","https:\/\/www.instagram.com\/p\/BnE965PhJU7\/?hl=en"]},{"@type":"Person","@id":"https:\/\/www.socdem.org\/en\/#\/schema\/person\/3d4208f100317a6251846d5d4fcb6e6f","name":"avournias","image":{"@type":"ImageObject","inLanguage":"en-US","@id":"https:\/\/secure.gravatar.com\/avatar\/e44d940614c28c716a6912b81868ef19a508fe61c65c7dbdb4825236cbaa5364?s=96&d=mm&r=g","url":"https:\/\/secure.gravatar.com\/avatar\/e44d940614c28c716a6912b81868ef19a508fe61c65c7dbdb4825236cbaa5364?s=96&d=mm&r=g","contentUrl":"https:\/\/secure.gravatar.com\/avatar\/e44d940614c28c716a6912b81868ef19a508fe61c65c7dbdb4825236cbaa5364?s=96&d=mm&r=g","caption":"avournias"},"sameAs":["http:\/\/socdem.wpengine.com"],"url":"https:\/\/www.socdem.org\/en\/author\/avournias\/"}]}},"_links":{"self":[{"href":"https:\/\/www.socdem.org\/en\/wp-json\/wp\/v2\/posts\/15908","targetHints":{"allow":["GET"]}}],"collection":[{"href":"https:\/\/www.socdem.org\/en\/wp-json\/wp\/v2\/posts"}],"about":[{"href":"https:\/\/www.socdem.org\/en\/wp-json\/wp\/v2\/types\/post"}],"author":[{"embeddable":true,"href":"https:\/\/www.socdem.org\/en\/wp-json\/wp\/v2\/users\/23"}],"replies":[{"embeddable":true,"href":"https:\/\/www.socdem.org\/en\/wp-json\/wp\/v2\/comments?post=15908"}],"version-history":[{"count":0,"href":"https:\/\/www.socdem.org\/en\/wp-json\/wp\/v2\/posts\/15908\/revisions"}],"wp:featuredmedia":[{"embeddable":true,"href":"https:\/\/www.socdem.org\/en\/wp-json\/wp\/v2\/media\/15904"}],"wp:attachment":[{"href":"https:\/\/www.socdem.org\/en\/wp-json\/wp\/v2\/media?parent=15908"}],"wp:term":[{"taxonomy":"category","embeddable":true,"href":"https:\/\/www.socdem.org\/en\/wp-json\/wp\/v2\/categories?post=15908"},{"taxonomy":"post_tag","embeddable":true,"href":"https:\/\/www.socdem.org\/en\/wp-json\/wp\/v2\/tags?post=15908"}],"curies":[{"name":"wp","href":"https:\/\/api.w.org\/{rel}","templated":true}]}}