{"id":16448,"date":"2015-11-15T21:29:08","date_gmt":"2015-11-16T02:29:08","guid":{"rendered":"http:\/\/socdem.wpengine.com\/?p=16448"},"modified":"2015-11-15T21:29:08","modified_gmt":"2015-11-16T02:29:08","slug":"socrates-iii-students-at-a-fall-camp","status":"publish","type":"post","link":"https:\/\/www.socdem.org\/en\/socrates-iii-students-at-a-fall-camp\/","title":{"rendered":"Socrates III students at a Fall camp."},"content":{"rendered":"<div>\n<p><img loading=\"lazy\" decoding=\"async\" src=\"https:\/\/ci3.googleusercontent.com\/proxy\/SHUa5wxTUfK4QfWDIb6u_s0jF0aSFr5vgYe26jLj0iXLlGqoA1P42kjUgqdDSlDZRZDGaloxhZDhNRw1nDow45N1RYR0U6tSK4fH4QD_LeuflZKRKqLimVwYunztn5gUrpJUvmMqisvTgFBzk-1Pusf0NKcNoSpI-FG23pQ=s0-d-e1-ft#https:\/\/gallery.mailchimp.com\/a2a5cd6716c4aae4b0d1133b9\/images\/499a1938-fea9-48c5-b830-78b73fe40c68.jpg\" alt=\"\" width=\"1024\" height=\"768\" align=\"none\" \/><\/p>\n<\/div>\n<h6>Students in 4th, 5th and 6th grades of the \u00a0Socrates III campus spent two unforgettable days and one night at Le P&#8217;tit Bonheur Camp at Cattail Lake, near Ste-Agathe. The outdoor center is surrounded by forest with a \u00a0view of \u00a0mountains reflected in the waters of several lakes.<\/h6>\n<p><img loading=\"lazy\" decoding=\"async\" src=\"https:\/\/ci4.googleusercontent.com\/proxy\/9Ah67WFhOiudvBuXxZ2JmLNeFGHak39xutSbOPk1Z3jzwoYFNXiFsROeOjJJG-HslIJ53QFPAGnJkHZW6iG2F3Zy7Ttzc0nqyYPj31lCRFykTxegTCnHVV8L-aMwzBtb60szWdKd57_q7bQdOhPtxgUGTrG0E2bvSFP6hmE=s0-d-e1-ft#https:\/\/gallery.mailchimp.com\/a2a5cd6716c4aae4b0d1133b9\/images\/daf787a7-d41f-41d7-a504-5d757f1fbd55.jpg\" alt=\"\" width=\"1280\" height=\"960\" align=\"none\" \/><\/p>\n<h6>Accompanied by their teachers, students rode the rabaska, a bark canoe, and participated in several activities where they used their knowledge of life in the forest.<\/h6>\n<p><img loading=\"lazy\" decoding=\"async\" src=\"https:\/\/ci3.googleusercontent.com\/proxy\/dXQG_p9ypNhhhPmJSH06o76_TOlodRz3v7MSLTeJ_4PJ9sLqqAQ_Me_05NdWhlNrmH2GBxSDigUQ5JTEGl79TEafPIIbJY8840fhxmzC4WtVg0hNbfxIvdph_IMrUVaggltxqSr-QxKpkmQfC7Y57-Id0LmE3uBjmZkT_eo=s0-d-e1-ft#https:\/\/gallery.mailchimp.com\/a2a5cd6716c4aae4b0d1133b9\/images\/e9d892ec-765e-4367-bf69-12ee0880389f.jpg\" alt=\"\" width=\"1366\" height=\"768\" align=\"none\" \/><\/p>\n<h6>In a nice cafeteria with views of the lake, the chef prepared delicious and nutritious meals for our hungry youth after a day of hard physical activity.<\/h6>\n<p><img loading=\"lazy\" decoding=\"async\" src=\"https:\/\/ci5.googleusercontent.com\/proxy\/F8S8CnC3gEB0JU9_SZY8MTLrtA_CP_y532YuW3lHYKlH-qkMwz8B7WoeV18YAvyk7dl2oFYx-7taFs3kxlLIsTKa0tjT2yRyT4HffsoxcuiqeITLiWIVhsT9nIV_UnrpbHxMUECEMQKZaOcWqtkxBKkNut1ZBffOL9aIIpA=s0-d-e1-ft#https:\/\/gallery.mailchimp.com\/a2a5cd6716c4aae4b0d1133b9\/images\/493031d2-e232-4dc6-a1c0-38dafd08cec9.jpg\" alt=\"\" width=\"1000\" height=\"562\" align=\"none\" \/><\/p>\n<h6>A camp fire in the evening filled everyone with joy.<\/h6>\n<p><img loading=\"lazy\" decoding=\"async\" src=\"https:\/\/ci3.googleusercontent.com\/proxy\/9RgJdIMokEoqfclEuoriJhGxWihW-U439ZRJqFfTe-gb-dAiahXGG4yBEsfFQB_DsBomsUAAPWctBDoim_mkn-jOZJIdd7uNQGrR3L34Daldf9EDjBmEnf9sA1_y76vsZhWRYito-jhwpQ4PZIfOd73M8b9DAGUFSXxvpDw=s0-d-e1-ft#https:\/\/gallery.mailchimp.com\/a2a5cd6716c4aae4b0d1133b9\/images\/7887e407-fc55-43eb-877a-52059398a860.jpg\" alt=\"\" width=\"1005\" height=\"2000\" align=\"none\" \/><\/p>\n<h6>The children had great fun and a bond of friendship was strengthened.<\/h6>\n<p><img loading=\"lazy\" decoding=\"async\" src=\"https:\/\/ci5.googleusercontent.com\/proxy\/GXYWKHZtOcV9JDCubt4bs8FzA4_CfPwH9pvbwbQpSkvQQfwXyXhA2_ogSJj_zUMB6f7y7N_zaM4wzzEsxdgrOnFZnaTDTZ8G5cX58pr51BTh0CtF70G9-Vh2ZUPAqoyrZqcPOfovOh3RGs1U8eEs8P-7kTyPf-iSAdT0Ir4=s0-d-e1-ft#https:\/\/gallery.mailchimp.com\/a2a5cd6716c4aae4b0d1133b9\/images\/f611df43-e4cb-4077-92f4-3d35a05e8849.jpg\" alt=\"\" width=\"1280\" height=\"960\" align=\"none\" \/><\/p>\n<p><img loading=\"lazy\" decoding=\"async\" src=\"https:\/\/ci4.googleusercontent.com\/proxy\/6K_f6Rp8enRokPBoE1wE52SqMT2qBZXfT5peHVH7K-uHBaeE7-2hYm5AnhyllFG_z242MhIHExhLj_RXAKeuwYagwMeHa8Ir2QPoaIN7YEl8e3xMWq1u2VyC4q9AQTvIdkFGswag6rO0YCcJacJhCitQI-etLL92Gm7gwHg=s0-d-e1-ft#https:\/\/gallery.mailchimp.com\/a2a5cd6716c4aae4b0d1133b9\/images\/b6fe2c68-1758-4836-a698-783dfea8daf0.jpg\" alt=\"\" width=\"1280\" height=\"960\" align=\"none\" \/><\/p>\n","protected":false},"excerpt":{"rendered":"<p>Students in 4th, 5th and 6th grades of the \u00a0Socrates III campus spent two unforgettable days and one night at Le P&#8217;tit Bonheur Camp at Cattail Lake, near Ste-Agathe. The&#8230;<\/p>\n","protected":false},"author":23,"featured_media":16446,"comment_status":"closed","ping_status":"closed","sticky":false,"template":"","format":"standard","meta":{"_monsterinsights_skip_tracking":false,"_monsterinsights_sitenote_active":false,"_monsterinsights_sitenote_note":"","_monsterinsights_sitenote_category":0,"footnotes":""},"categories":[89,86],"tags":[],"class_list":{"0":"post-16448","1":"post","2":"type-post","3":"status-publish","4":"format-standard","5":"has-post-thumbnail","7":"category-news-3","8":"category-news-and-activities-english"},"yoast_head":"<!-- This site is optimized with the Yoast SEO plugin v27.5 - https:\/\/yoast.com\/product\/yoast-seo-wordpress\/ -->\n<title>Socrates III students at a Fall camp. - Primary School Socrates and Demosthenes<\/title>\n<meta name=\"robots\" content=\"index, follow, max-snippet:-1, max-image-preview:large, max-video-preview:-1\" \/>\n<link rel=\"canonical\" href=\"https:\/\/www.socdem.org\/en\/socrates-iii-students-at-a-fall-camp\/\" \/>\n<meta property=\"og:locale\" content=\"en_US\" \/>\n<meta property=\"og:type\" content=\"article\" \/>\n<meta property=\"og:title\" content=\"Socrates III students at a Fall camp. - Primary School Socrates and Demosthenes\" \/>\n<meta property=\"og:description\" content=\"Students in 4th, 5th and 6th grades of the \u00a0Socrates III campus spent two unforgettable days and one night at Le P&#8217;tit Bonheur Camp at Cattail Lake, near Ste-Agathe. The...\" \/>\n<meta property=\"og:url\" content=\"https:\/\/www.socdem.org\/en\/socrates-iii-students-at-a-fall-camp\/\" \/>\n<meta property=\"og:site_name\" content=\"Primary School Socrates and Demosthenes\" \/>\n<meta property=\"article:publisher\" content=\"https:\/\/www.facebook.com\/TheHCGM\/\" \/>\n<meta property=\"article:published_time\" content=\"2015-11-16T02:29:08+00:00\" \/>\n<meta property=\"og:image\" content=\"https:\/\/www.socdem.org\/wp-content\/uploads\/2015\/11\/classe-rouge-151.jpg\" \/>\n\t<meta property=\"og:image:width\" content=\"1024\" \/>\n\t<meta property=\"og:image:height\" content=\"768\" \/>\n\t<meta property=\"og:image:type\" content=\"image\/jpeg\" \/>\n<meta name=\"author\" content=\"avournias\" \/>\n<meta name=\"twitter:card\" content=\"summary_large_image\" \/>\n<meta name=\"twitter:label1\" content=\"Written by\" \/>\n\t<meta name=\"twitter:data1\" content=\"avournias\" \/>\n\t<meta name=\"twitter:label2\" content=\"Est. reading time\" \/>\n\t<meta name=\"twitter:data2\" content=\"1 minute\" \/>\n<script type=\"application\/ld+json\" class=\"yoast-schema-graph\">{\"@context\":\"https:\\\/\\\/schema.org\",\"@graph\":[{\"@type\":\"Article\",\"@id\":\"https:\\\/\\\/www.socdem.org\\\/en\\\/socrates-iii-students-at-a-fall-camp\\\/#article\",\"isPartOf\":{\"@id\":\"https:\\\/\\\/www.socdem.org\\\/en\\\/socrates-iii-students-at-a-fall-camp\\\/\"},\"author\":{\"name\":\"avournias\",\"@id\":\"https:\\\/\\\/www.socdem.org\\\/en\\\/#\\\/schema\\\/person\\\/3d4208f100317a6251846d5d4fcb6e6f\"},\"headline\":\"Socrates III students at a Fall camp.\",\"datePublished\":\"2015-11-16T02:29:08+00:00\",\"mainEntityOfPage\":{\"@id\":\"https:\\\/\\\/www.socdem.org\\\/en\\\/socrates-iii-students-at-a-fall-camp\\\/\"},\"wordCount\":130,\"publisher\":{\"@id\":\"https:\\\/\\\/www.socdem.org\\\/en\\\/#organization\"},\"image\":{\"@id\":\"https:\\\/\\\/www.socdem.org\\\/en\\\/socrates-iii-students-at-a-fall-camp\\\/#primaryimage\"},\"thumbnailUrl\":\"https:\\\/\\\/www.socdem.org\\\/wp-content\\\/uploads\\\/2015\\\/11\\\/classe-rouge-151.jpg\",\"articleSection\":[\"News 3\",\"News and Activities english\"],\"inLanguage\":\"en-US\"},{\"@type\":\"WebPage\",\"@id\":\"https:\\\/\\\/www.socdem.org\\\/en\\\/socrates-iii-students-at-a-fall-camp\\\/\",\"url\":\"https:\\\/\\\/www.socdem.org\\\/en\\\/socrates-iii-students-at-a-fall-camp\\\/\",\"name\":\"Socrates III students at a Fall camp. - Primary School Socrates and Demosthenes\",\"isPartOf\":{\"@id\":\"https:\\\/\\\/www.socdem.org\\\/en\\\/#website\"},\"primaryImageOfPage\":{\"@id\":\"https:\\\/\\\/www.socdem.org\\\/en\\\/socrates-iii-students-at-a-fall-camp\\\/#primaryimage\"},\"image\":{\"@id\":\"https:\\\/\\\/www.socdem.org\\\/en\\\/socrates-iii-students-at-a-fall-camp\\\/#primaryimage\"},\"thumbnailUrl\":\"https:\\\/\\\/www.socdem.org\\\/wp-content\\\/uploads\\\/2015\\\/11\\\/classe-rouge-151.jpg\",\"datePublished\":\"2015-11-16T02:29:08+00:00\",\"breadcrumb\":{\"@id\":\"https:\\\/\\\/www.socdem.org\\\/en\\\/socrates-iii-students-at-a-fall-camp\\\/#breadcrumb\"},\"inLanguage\":\"en-US\",\"potentialAction\":[{\"@type\":\"ReadAction\",\"target\":[\"https:\\\/\\\/www.socdem.org\\\/en\\\/socrates-iii-students-at-a-fall-camp\\\/\"]}]},{\"@type\":\"ImageObject\",\"inLanguage\":\"en-US\",\"@id\":\"https:\\\/\\\/www.socdem.org\\\/en\\\/socrates-iii-students-at-a-fall-camp\\\/#primaryimage\",\"url\":\"https:\\\/\\\/www.socdem.org\\\/wp-content\\\/uploads\\\/2015\\\/11\\\/classe-rouge-151.jpg\",\"contentUrl\":\"https:\\\/\\\/www.socdem.org\\\/wp-content\\\/uploads\\\/2015\\\/11\\\/classe-rouge-151.jpg\",\"width\":\"1024\",\"height\":\"768\"},{\"@type\":\"BreadcrumbList\",\"@id\":\"https:\\\/\\\/www.socdem.org\\\/en\\\/socrates-iii-students-at-a-fall-camp\\\/#breadcrumb\",\"itemListElement\":[{\"@type\":\"ListItem\",\"position\":1,\"name\":\"Accueil\",\"item\":\"https:\\\/\\\/www.socdem.org\\\/en\\\/\"},{\"@type\":\"ListItem\",\"position\":2,\"name\":\"Socrates III students at a Fall camp.\"}]},{\"@type\":\"WebSite\",\"@id\":\"https:\\\/\\\/www.socdem.org\\\/en\\\/#website\",\"url\":\"https:\\\/\\\/www.socdem.org\\\/en\\\/\",\"name\":\"\u00c9cole Socrates-D\u00e9mosth\u00e8ne\",\"description\":\"Five trilingual greek primary schools of Greater Montreal.\",\"publisher\":{\"@id\":\"https:\\\/\\\/www.socdem.org\\\/en\\\/#organization\"},\"potentialAction\":[{\"@type\":\"SearchAction\",\"target\":{\"@type\":\"EntryPoint\",\"urlTemplate\":\"https:\\\/\\\/www.socdem.org\\\/en\\\/?s={search_term_string}\"},\"query-input\":{\"@type\":\"PropertyValueSpecification\",\"valueRequired\":true,\"valueName\":\"search_term_string\"}}],\"inLanguage\":\"en-US\"},{\"@type\":\"Organization\",\"@id\":\"https:\\\/\\\/www.socdem.org\\\/en\\\/#organization\",\"name\":\"\u00c9cole Socrates-D\u00e9mosth\u00e8ne\",\"url\":\"https:\\\/\\\/www.socdem.org\\\/en\\\/\",\"logo\":{\"@type\":\"ImageObject\",\"inLanguage\":\"en-US\",\"@id\":\"https:\\\/\\\/www.socdem.org\\\/en\\\/#\\\/schema\\\/logo\\\/image\\\/\",\"url\":\"https:\\\/\\\/www.socdem.org\\\/wp-content\\\/uploads\\\/2014\\\/03\\\/SOC-DEM-LOGO-NAME.jpg\",\"contentUrl\":\"https:\\\/\\\/www.socdem.org\\\/wp-content\\\/uploads\\\/2014\\\/03\\\/SOC-DEM-LOGO-NAME.jpg\",\"width\":\"8485\",\"height\":\"4200\",\"caption\":\"\u00c9cole Socrates-D\u00e9mosth\u00e8ne\"},\"image\":{\"@id\":\"https:\\\/\\\/www.socdem.org\\\/en\\\/#\\\/schema\\\/logo\\\/image\\\/\"},\"sameAs\":[\"https:\\\/\\\/www.facebook.com\\\/TheHCGM\\\/\",\"https:\\\/\\\/www.instagram.com\\\/p\\\/BnE965PhJU7\\\/?hl=en\"]},{\"@type\":\"Person\",\"@id\":\"https:\\\/\\\/www.socdem.org\\\/en\\\/#\\\/schema\\\/person\\\/3d4208f100317a6251846d5d4fcb6e6f\",\"name\":\"avournias\",\"image\":{\"@type\":\"ImageObject\",\"inLanguage\":\"en-US\",\"@id\":\"https:\\\/\\\/secure.gravatar.com\\\/avatar\\\/e44d940614c28c716a6912b81868ef19a508fe61c65c7dbdb4825236cbaa5364?s=96&d=mm&r=g\",\"url\":\"https:\\\/\\\/secure.gravatar.com\\\/avatar\\\/e44d940614c28c716a6912b81868ef19a508fe61c65c7dbdb4825236cbaa5364?s=96&d=mm&r=g\",\"contentUrl\":\"https:\\\/\\\/secure.gravatar.com\\\/avatar\\\/e44d940614c28c716a6912b81868ef19a508fe61c65c7dbdb4825236cbaa5364?s=96&d=mm&r=g\",\"caption\":\"avournias\"},\"sameAs\":[\"http:\\\/\\\/socdem.wpengine.com\"],\"url\":\"https:\\\/\\\/www.socdem.org\\\/en\\\/author\\\/avournias\\\/\"}]}<\/script>\n<!-- \/ Yoast SEO plugin. -->","yoast_head_json":{"title":"Socrates III students at a Fall camp. - Primary School Socrates and Demosthenes","robots":{"index":"index","follow":"follow","max-snippet":"max-snippet:-1","max-image-preview":"max-image-preview:large","max-video-preview":"max-video-preview:-1"},"canonical":"https:\/\/www.socdem.org\/en\/socrates-iii-students-at-a-fall-camp\/","og_locale":"en_US","og_type":"article","og_title":"Socrates III students at a Fall camp. - Primary School Socrates and Demosthenes","og_description":"Students in 4th, 5th and 6th grades of the \u00a0Socrates III campus spent two unforgettable days and one night at Le P&#8217;tit Bonheur Camp at Cattail Lake, near Ste-Agathe. The...","og_url":"https:\/\/www.socdem.org\/en\/socrates-iii-students-at-a-fall-camp\/","og_site_name":"Primary School Socrates and Demosthenes","article_publisher":"https:\/\/www.facebook.com\/TheHCGM\/","article_published_time":"2015-11-16T02:29:08+00:00","og_image":[{"width":1024,"height":768,"url":"https:\/\/www.socdem.org\/wp-content\/uploads\/2015\/11\/classe-rouge-151.jpg","type":"image\/jpeg"}],"author":"avournias","twitter_card":"summary_large_image","twitter_misc":{"Written by":"avournias","Est. reading time":"1 minute"},"schema":{"@context":"https:\/\/schema.org","@graph":[{"@type":"Article","@id":"https:\/\/www.socdem.org\/en\/socrates-iii-students-at-a-fall-camp\/#article","isPartOf":{"@id":"https:\/\/www.socdem.org\/en\/socrates-iii-students-at-a-fall-camp\/"},"author":{"name":"avournias","@id":"https:\/\/www.socdem.org\/en\/#\/schema\/person\/3d4208f100317a6251846d5d4fcb6e6f"},"headline":"Socrates III students at a Fall camp.","datePublished":"2015-11-16T02:29:08+00:00","mainEntityOfPage":{"@id":"https:\/\/www.socdem.org\/en\/socrates-iii-students-at-a-fall-camp\/"},"wordCount":130,"publisher":{"@id":"https:\/\/www.socdem.org\/en\/#organization"},"image":{"@id":"https:\/\/www.socdem.org\/en\/socrates-iii-students-at-a-fall-camp\/#primaryimage"},"thumbnailUrl":"https:\/\/www.socdem.org\/wp-content\/uploads\/2015\/11\/classe-rouge-151.jpg","articleSection":["News 3","News and Activities english"],"inLanguage":"en-US"},{"@type":"WebPage","@id":"https:\/\/www.socdem.org\/en\/socrates-iii-students-at-a-fall-camp\/","url":"https:\/\/www.socdem.org\/en\/socrates-iii-students-at-a-fall-camp\/","name":"Socrates III students at a Fall camp. - Primary School Socrates and Demosthenes","isPartOf":{"@id":"https:\/\/www.socdem.org\/en\/#website"},"primaryImageOfPage":{"@id":"https:\/\/www.socdem.org\/en\/socrates-iii-students-at-a-fall-camp\/#primaryimage"},"image":{"@id":"https:\/\/www.socdem.org\/en\/socrates-iii-students-at-a-fall-camp\/#primaryimage"},"thumbnailUrl":"https:\/\/www.socdem.org\/wp-content\/uploads\/2015\/11\/classe-rouge-151.jpg","datePublished":"2015-11-16T02:29:08+00:00","breadcrumb":{"@id":"https:\/\/www.socdem.org\/en\/socrates-iii-students-at-a-fall-camp\/#breadcrumb"},"inLanguage":"en-US","potentialAction":[{"@type":"ReadAction","target":["https:\/\/www.socdem.org\/en\/socrates-iii-students-at-a-fall-camp\/"]}]},{"@type":"ImageObject","inLanguage":"en-US","@id":"https:\/\/www.socdem.org\/en\/socrates-iii-students-at-a-fall-camp\/#primaryimage","url":"https:\/\/www.socdem.org\/wp-content\/uploads\/2015\/11\/classe-rouge-151.jpg","contentUrl":"https:\/\/www.socdem.org\/wp-content\/uploads\/2015\/11\/classe-rouge-151.jpg","width":"1024","height":"768"},{"@type":"BreadcrumbList","@id":"https:\/\/www.socdem.org\/en\/socrates-iii-students-at-a-fall-camp\/#breadcrumb","itemListElement":[{"@type":"ListItem","position":1,"name":"Accueil","item":"https:\/\/www.socdem.org\/en\/"},{"@type":"ListItem","position":2,"name":"Socrates III students at a Fall camp."}]},{"@type":"WebSite","@id":"https:\/\/www.socdem.org\/en\/#website","url":"https:\/\/www.socdem.org\/en\/","name":"\u00c9cole Socrates-D\u00e9mosth\u00e8ne","description":"Five trilingual greek primary schools of Greater Montreal.","publisher":{"@id":"https:\/\/www.socdem.org\/en\/#organization"},"potentialAction":[{"@type":"SearchAction","target":{"@type":"EntryPoint","urlTemplate":"https:\/\/www.socdem.org\/en\/?s={search_term_string}"},"query-input":{"@type":"PropertyValueSpecification","valueRequired":true,"valueName":"search_term_string"}}],"inLanguage":"en-US"},{"@type":"Organization","@id":"https:\/\/www.socdem.org\/en\/#organization","name":"\u00c9cole Socrates-D\u00e9mosth\u00e8ne","url":"https:\/\/www.socdem.org\/en\/","logo":{"@type":"ImageObject","inLanguage":"en-US","@id":"https:\/\/www.socdem.org\/en\/#\/schema\/logo\/image\/","url":"https:\/\/www.socdem.org\/wp-content\/uploads\/2014\/03\/SOC-DEM-LOGO-NAME.jpg","contentUrl":"https:\/\/www.socdem.org\/wp-content\/uploads\/2014\/03\/SOC-DEM-LOGO-NAME.jpg","width":"8485","height":"4200","caption":"\u00c9cole Socrates-D\u00e9mosth\u00e8ne"},"image":{"@id":"https:\/\/www.socdem.org\/en\/#\/schema\/logo\/image\/"},"sameAs":["https:\/\/www.facebook.com\/TheHCGM\/","https:\/\/www.instagram.com\/p\/BnE965PhJU7\/?hl=en"]},{"@type":"Person","@id":"https:\/\/www.socdem.org\/en\/#\/schema\/person\/3d4208f100317a6251846d5d4fcb6e6f","name":"avournias","image":{"@type":"ImageObject","inLanguage":"en-US","@id":"https:\/\/secure.gravatar.com\/avatar\/e44d940614c28c716a6912b81868ef19a508fe61c65c7dbdb4825236cbaa5364?s=96&d=mm&r=g","url":"https:\/\/secure.gravatar.com\/avatar\/e44d940614c28c716a6912b81868ef19a508fe61c65c7dbdb4825236cbaa5364?s=96&d=mm&r=g","contentUrl":"https:\/\/secure.gravatar.com\/avatar\/e44d940614c28c716a6912b81868ef19a508fe61c65c7dbdb4825236cbaa5364?s=96&d=mm&r=g","caption":"avournias"},"sameAs":["http:\/\/socdem.wpengine.com"],"url":"https:\/\/www.socdem.org\/en\/author\/avournias\/"}]}},"_links":{"self":[{"href":"https:\/\/www.socdem.org\/en\/wp-json\/wp\/v2\/posts\/16448","targetHints":{"allow":["GET"]}}],"collection":[{"href":"https:\/\/www.socdem.org\/en\/wp-json\/wp\/v2\/posts"}],"about":[{"href":"https:\/\/www.socdem.org\/en\/wp-json\/wp\/v2\/types\/post"}],"author":[{"embeddable":true,"href":"https:\/\/www.socdem.org\/en\/wp-json\/wp\/v2\/users\/23"}],"replies":[{"embeddable":true,"href":"https:\/\/www.socdem.org\/en\/wp-json\/wp\/v2\/comments?post=16448"}],"version-history":[{"count":0,"href":"https:\/\/www.socdem.org\/en\/wp-json\/wp\/v2\/posts\/16448\/revisions"}],"wp:featuredmedia":[{"embeddable":true,"href":"https:\/\/www.socdem.org\/en\/wp-json\/wp\/v2\/media\/16446"}],"wp:attachment":[{"href":"https:\/\/www.socdem.org\/en\/wp-json\/wp\/v2\/media?parent=16448"}],"wp:term":[{"taxonomy":"category","embeddable":true,"href":"https:\/\/www.socdem.org\/en\/wp-json\/wp\/v2\/categories?post=16448"},{"taxonomy":"post_tag","embeddable":true,"href":"https:\/\/www.socdem.org\/en\/wp-json\/wp\/v2\/tags?post=16448"}],"curies":[{"name":"wp","href":"https:\/\/api.w.org\/{rel}","templated":true}]}}