{"id":16766,"date":"2015-11-20T11:41:06","date_gmt":"2015-11-20T16:41:06","guid":{"rendered":"http:\/\/socdem.wpengine.com\/?p=16766"},"modified":"2015-11-20T11:47:58","modified_gmt":"2015-11-20T16:47:58","slug":"planning-for-the-2016-trip-to-greece-for-graduates-has-started","status":"publish","type":"post","link":"https:\/\/www.socdem.org\/en\/planning-for-the-2016-trip-to-greece-for-graduates-has-started\/","title":{"rendered":"Planning for the 2016 trip to Greece for graduates has started!"},"content":{"rendered":"<div><strong><img loading=\"lazy\" decoding=\"async\" src=\"https:\/\/ci5.googleusercontent.com\/proxy\/4cpWenLCm7yNv_IM5DCCtAJceQEkXzft-DThCRuh8WZr39RY7izv9YDrYya5PHQMrncWMQb3rF53kq6zr_ZUi_HMC69DhA_InpExs0FSRo9_owYiPR69ydrDZbK-LiEfHnL3VpSHKP8kB4cRjxuaN0JRRwEmBxHw5PCJzgc=s0-d-e1-ft#https:\/\/gallery.mailchimp.com\/a2a5cd6716c4aae4b0d1133b9\/images\/5a38613d-7df7-4776-9b41-4f055f854570.jpg\" alt=\"\" width=\"900\" height=\"675\" align=\"none\" \/><\/strong><\/div>\n<h6>Dear grade six Parents,<\/h6>\n<h6>After the incredible success of our School\u2019s three first Ultimate Educational Trips to Greece, we are extremely pleased to announce that there will be a 4<sup>th<\/sup>\u00a0edition of the trip next June, for the graduating class of 2016. This trip will take place after the graduation, scheduled for June 17<sup>th<\/sup>. Regular classes will be available for grade-sixers that will not participate on the trip.<\/h6>\n<h6>The trip has three basic components. For the first four days the children will stay at a hotel in Molai-Monemvasia where the local Educational and Environmental Center educators will put together an enriched program for our students that will include visits to numerous historic sites in the surrounding area. Sleeping accommodation and three meals a day are being provided. Continuing their trip they will spend another 2 days in Olympia with guided tours in the surrounding area. For the last two days the children will be accommodated at the Mantas Hotel in Loutraki, a hotel a few steps from the beach. From there the children will be offered a guided tour of Athens, Acropolis, Epidaurus and many more places. They will be accompanied by teachers and directors (ratio1 to 10).<\/h6>\n<p><img loading=\"lazy\" decoding=\"async\" src=\"https:\/\/ci6.googleusercontent.com\/proxy\/TueZu3hJoitLK5R-NBPk2MotdKMgGnKAOYe459GFJ9iZKyBh1NVPhQAT6f0xEEVTYd-GLO74hLgXGXsRUD_SKWmoesF6YvRT9SJ6TL-CFOhE-SQcoJRvJKyiUVMxUOvXsXWeXjBASTiiwGmQLIBfDDyC5zrWuC7_ONNk5O8=s0-d-e1-ft#https:\/\/gallery.mailchimp.com\/a2a5cd6716c4aae4b0d1133b9\/images\/289c1970-d4cd-4b76-9be4-c50093ec34f0.jpg\" alt=\"\" width=\"900\" height=\"675\" align=\"none\" \/><\/p>\n<h6>The dates of the trip are from the 19<sup>th<\/sup>\u00a0to the 27<sup>th<\/sup>\u00a0of June.\u00a0 The price is $2100.00 per student. In order to facilitate the booking process and better accommodate our families without financially overburdening them, please take note of the following payment schedule (by certified cheque or cash):<\/h6>\n<ul>\n<li>\n<h6>The 1<sup>st<\/sup>\u00a0payment ($600.00) must be made by December 14<sup>th\u00a0<\/sup>2015<\/h6>\n<\/li>\n<li>\n<h6>The 2<sup>nd<\/sup>\u00a0payment ($500.00) must be made by January 29<sup>th<\/sup>\u00a02016<\/h6>\n<\/li>\n<li>\n<h6>The 3<sup>rd<\/sup>\u00a0payment ($500.00) must be made by February 24<sup>th<\/sup>\u00a02016<\/h6>\n<\/li>\n<li>\n<h6>The 4<sup>th<\/sup>\u00a0payment ($500.00) must be made by March 29<sup>th<\/sup>\u00a02016<\/h6>\n<\/li>\n<\/ul>\n<h6>This unique educational experience will include the following:<\/h6>\n<ul>\n<li>\n<h6>Round-trip non-stop flight with Air Transat to Athens (departure Sunday June 19<sup>th<\/sup>\u00a0and return on\u00a0 Monday June 27<sup>th<\/sup>)<\/h6>\n<\/li>\n<li>\n<h6>For the first four days and three nights: accommodation at a hotel in Molai-Monemvasia<\/h6>\n<\/li>\n<li>\n<h6>The following 2 days and 2 nights: accommodation at a hotel in Olympia<\/h6>\n<\/li>\n<li>\n<h6>Accommodation for the last two days will be at Hotel Mantas in\u00a0 and will include breakfast and supper<\/h6>\n<\/li>\n<li>\n<h6>On Saturday the 25<sup>th<\/sup>\u00a0after leaving the hotel in the morning, the students will visit Epidaurus Theater, have lunch at Nafplio, and visit the Mycenae site<\/h6>\n<\/li>\n<li>\n<h6>On Sunday the 26<sup>th<\/sup>\u00a0the students will be given a professionally guided tour of Athens including a climb up the Acropolis and will have lunch in Plaka<\/h6>\n<\/li>\n<li>\n<h6>All local transportation will be via an air-conditioned tour bus<\/h6>\n<\/li>\n<li>\n<h6>Full medical and cancellation insurance is included<\/h6>\n<\/li>\n<li>\n<h6>Emergency 24-hour assistance from the tour operator Voyages Objectif Terre is also included<\/h6>\n<\/li>\n<\/ul>\n<h6>No other fees will be required by the parents. The children can be given some spending money for such things as small souvenirs. A valid Canadian passport is of course a prerequisite. In the event that we do not have sufficient confirmations, the School reserves the right to cancel the trip. All fees will be fully reimbursed. The School also has the right to refuse any child for behavioural or medical reasons. Furthermore, if the Greek Government withdraws its support for this project, all sums will be reimbursed.<\/h6>\n<h6>Our School acknowledges that this is a major venture and that parents might have safety and security concerns. For many it might be the first time their children are travelling abroad without their parents for an extended period of time. We want to assure you that all necessary precautions (health and welfare) have been taken into consideration in order to ensure your child has a wonderful experience. Finally, the School is open to the possibility of leaving a child with family in Greece for an extended vacation should the family so desire. Additional fees may be applicable should such a request be made.<\/h6>\n<h6><img loading=\"lazy\" decoding=\"async\" src=\"https:\/\/ci6.googleusercontent.com\/proxy\/xJoCkYoxP5DCJM4O_CzcPOoy4-odjKXmTiKjTI3Z5E0yfIBi-a8YHofGGH-eclUYWH6I0BDcvdR-YdnV719J_Tx9uTw-yK0zRbu3N4gejWAF0ZQks2fBV-dR5cFFLn1_eUYPZH_ZEO4b5-BBQlIxLqZpseIpmZjehHh5oEA=s0-d-e1-ft#https:\/\/gallery.mailchimp.com\/a2a5cd6716c4aae4b0d1133b9\/images\/7be930af-8441-426a-8d63-fa4e2e79803b.jpg\" alt=\"\" width=\"900\" height=\"675\" align=\"none\" \/><\/h6>\n<h6>Please note that a meeting is scheduled for December 3rd at 7:00 pm at the Head office of HCGM, 5777 Wilderton Avenue, in the conference room 101. Please refer to the enclosed application form. We request you submit the form completed, with applicable fee, no later than December 11th, 2015.<\/h6>\n<h6>This is an exclusive, once-in-a lifetime, opportunity for our Socrates-D\u00e9mosth\u00e8ne graduates. We foresee this trip to Greece as a wonderful, enriching and unforgettable experience. We hope you will too!<\/h6>\n<h6>Le directeur g\u00e9n\u00e9ral<br \/>\nChris Adamopoulos<\/h6>\n<h6><wbr><img loading=\"lazy\" decoding=\"async\" style=\"font-size: 0.75em;\" src=\"https:\/\/ci4.googleusercontent.com\/proxy\/CRDACYqTNcOKdOvR13BSK-Mf2ktzRWCEGUyI-lAzhFCHSplknBWgNjV_ZO92rQL-YU435xJ8J-rMqR-n3f9dzJGzzA9O5WyVQfovQJ40zvGX1-seY7Abnur7tkRUOAT3O_0xR3Zl4bwmMrmMXvAjNnI2lDsL3GH8jCcI0Jg=s0-d-e1-ft#https:\/\/gallery.mailchimp.com\/a2a5cd6716c4aae4b0d1133b9\/images\/e76b6535-d1be-405c-b951-935c167bb649.jpg\" alt=\"\" width=\"1024\" height=\"768\" align=\"none\" \/>&nbsp;<\/p>\n<p><\/wbr><\/h6>\n<p><img decoding=\"async\" src=\"https:\/\/ci4.googleusercontent.com\/proxy\/lJDm4I_8kHQKZGlwCfMr4JuUc4Ybgsm0Z-rcne7sWsdbvK57eks8mKvJcNZQRkpKZ2n7pFgLuMPm7-BysffYeacgGRLB0wWnZvR_3ZamB7g1mevky5OyXLPFQA2Dl1Jgi4PX4rmDPizLYTiumKAWxGt8EEVzPCP_v5C-eOw=s0-d-e1-ft#https:\/\/gallery.mailchimp.com\/a2a5cd6716c4aae4b0d1133b9\/images\/30ce24c9-a6ec-487e-9eca-2fa81439f6da.jpg\" alt=\"\" \/><\/p>\n<h6>VOYAGE EN GR\u00c8CE<\/h6>\n<h6>FICHE D\u2019INSCRIPTION DU PARTICIPANT<\/h6>\n<h6><strong>8 jours et 7 nuits<\/strong><br \/>\n<strong>Du 19 au 27 juin 2016<\/strong><\/h6>\n<h6>Nom du groupe participant\u00a0:\u00a0<strong>\u00c9cole Socrates-D\u00e9mosth\u00e8ne<\/strong><\/h6>\n<h6>Information personnelle du participant\u00a0:<\/h6>\n<h6>Nom\u00a0: ______________________________<wbr>_________<br \/>\nPr\u00e9nom\u00a0: ______________________________<wbr>_<\/wbr><\/wbr><\/h6>\n<h6>Classe\u00a0: __________________________<br \/>\nCampus\u00a0: ______________________________<wbr>___________<\/wbr><\/h6>\n<h6>Date de naissance\u00a0:\u00a0\u00a0 ______________________________<wbr>__________\u00a0\u00a0\u00a0\u00a0 \u00a0\u00a0\u00a0\u00a0\u00a0 Sexe\u00a0:\u00a0\u00a0 M______\u00a0\u00a0 F______<\/wbr><\/h6>\n<h6>T\u00e9l\u00e9phone au domicile\u00a0: ______________________<br \/>\nT\u00e9l\u00e9phone mobile\u00a0: ________________________<\/h6>\n<h6>Courriel\u00a0: ______________________________<wbr>______________________________<wbr>_________________<\/wbr><\/wbr><\/h6>\n<h6>Nom et pr\u00e9nom du p\u00e8re\u00a0: ______________________________<wbr>______________________________<wbr>____<\/wbr><\/wbr><\/h6>\n<h6>Nom et pr\u00e9nom de la m\u00e8re : ______________________________<wbr>______________________________<wbr>_<\/wbr><\/wbr><\/h6>\n<h6>******************************<wbr>******************************<wbr>*<\/wbr><\/wbr><\/h6>\n<h6>Conditions de paiements:<\/h6>\n<h6>600,00\u00a0$ par participant\u00a0\u00e0 l\u2019inscription, jusqu&#8217;au 14 d\u00e9cembre 2015.<\/h6>\n<h6>500,00\u00a0$ par participant,\u00a02<sup>e<\/sup>\u00a0versement jusqu&#8217;au 29 janvier 2016.<\/h6>\n<h6>500,00\u00a0$ par participant, 3<sup>e<\/sup>\u00a0versement jusqu&#8217;au 24 f\u00e9vrier 2016.<\/h6>\n<h6>500,00\u00a0$ par participant, 4<sup>e<\/sup>\u00a0versement jusqu&#8217;au 29 mars 2016.<\/h6>\n<h6>Les paiements seront au nom de l\u2019\u00c9cole Socrates-D\u00e9mosth\u00e8ne (CHGM).<\/h6>\n<h6>Je d\u00e9sire que mon enfant participe au voyage en Gr\u00e8ce ___________.<\/h6>\n<h6>J\u2019ai lu, compris et accept\u00e9\u00a0 les conditions g\u00e9n\u00e9rales de vente.<\/h6>\n<h6>Nom et pr\u00e9nom du parent\u00a0: ______________________________<\/h6>\n<h6><\/h6>\n<h6>______________________________<\/h6>\n<p><wbr><\/p>\n<h6>___<\/h6>\n<h6><\/h6>\n<h6>Signature\u00a0: ______________________________<\/h6>\n<p><wbr><\/p>\n<h6>______________________________<\/h6>\n<p><wbr><\/p>\n<h6>________<\/h6>\n<h6>Date\u00a0: ______________________________<wbr>______________________________<wbr>________<\/wbr><\/wbr><\/h6>\n<h6><strong><em>Dans ce document, le genre masculin est utilis\u00e9 comme g\u00e9n\u00e9rique, dans le seul but de ne pas alourdir le texte.<\/em><\/strong><\/h6>\n<h6><strong>Les conditions g\u00e9n\u00e9rales de vente<\/strong><\/h6>\n<h6><strong>Voyages Objectif Terre,\u00a0<\/strong>titulaire d\u2019un permis du Qu\u00e9bec (No 702111), vous conseille de lire attentivement les conditions g\u00e9n\u00e9rales de vente avant d\u2019effectuer votre r\u00e9servation.<\/h6>\n<h6><strong>Inscription<\/strong><\/h6>\n<h6>En r\u00e9ponse \u00e0 votre demande de voyage, vous recevez un document d\u00e9crivant l\u2019itin\u00e9raire choisi, un devis, un contrat et les conditions g\u00e9n\u00e9rales de vente.\u00a0<strong>Voyages Objectif Terre<\/strong>\u00a0se r\u00e9serve le droit, avant la conclusion d\u00e9finitive du contrat, de modifier l\u2019organisation du circuit selon la disponibilit\u00e9 des billets d\u2019avion, de train, d\u2019autocar, de traversier et d\u2019h\u00e9bergement aux dates du voyage. L\u2019identit\u00e9 compl\u00e8te (nom et premier pr\u00e9nom) de chaque participant doit \u00eatre re\u00e7ue au plus tard soixante (60) jours avant la date de d\u00e9part.<\/h6>\n<h6><strong>Tarifs<\/strong><\/h6>\n<h6><strong>Voyages Objectif Terre<\/strong>\u00a0vous fait parvenir un devis personnalis\u00e9 indiquant le prix exact par personne, selon vos dates de d\u00e9part, les prestations fournies et celles demeurant \u00e0 la charge du groupe. Les prix sont \u00e9tablis en fonction des conditions \u00e9conomiques en vigueur au moment de l\u2019\u00e9tablissement du devis. Toute modification, attribuable \u00e0 une fluctuation des taux de change, des tarifs de transports, des redevances et des taxes aff\u00e9rentes aux prestations offertes, entra\u00eenera un changement de prix dont nous vous informerons au plus t\u00f4t et plus de 30 jours avant le d\u00e9part. Ce changement de prix ne pourra exc\u00e9der 7% d\u2019augmentation du co\u00fbt du forfait sans obtenir votre autorisation. Voyages Objectif Terre se r\u00e9serve le droit d\u2019ajuster la tarification du voyage advenant une fluctuation majeure du taux de change (plus de 8%) entre l\u2019inscription et la remise de la liste finale de participants (60 jours avant le d\u00e9part).<\/h6>\n<h6><strong>Organisation du voyage<\/strong><\/h6>\n<h6><strong>Voyages Objectif Terre<\/strong>\u00a0est garant de l\u2019organisation du s\u00e9jour et responsable de sa bonne ex\u00e9cution, sauf en cas d\u2019un \u00e9v\u00e9nement de force majeure, tel que conflit, guerre, activit\u00e9 terroriste, catastrophe naturelle, gr\u00e8ve, changement d\u2019horaire, de lieu d\u2019h\u00e9bergement ou de mode de transport attribuable \u00e0 des \u00e9v\u00e9nements impr\u00e9visibles ou si le fait est imputable \u00e0 l\u2019acheteur.\u00a0<strong>Voyages Objectif Terre<\/strong>\u00a0se d\u00e9gage de toute responsabilit\u00e9 dans le cas o\u00f9 un retard serait attribuable \u00e0 une compagnie a\u00e9rienne.<\/h6>\n<h6><strong>Voyages Objectif Terre<\/strong>, l\u2019organisateur et\/ou leurs prestataires proc\u00e8dent \u00e0 toutes les r\u00e9servations pour le transport, l\u2019h\u00e9bergement, les restaurants, les visites, et sont soumis aux conditions impos\u00e9es par les grossistes et\/ou les prestataires. L\u2019organisateur, au seul titre d\u2019agent de voyages, ne peut \u00eatre tenu responsable de la qualit\u00e9 des services offerts dans les lieux d\u2019h\u00e9bergement ou \u00e0 bord des v\u00e9hicules de transport utilis\u00e9s ni dans tout autre \u00e9tablissement visit\u00e9 au cours du voyage. Il ne peut \u00eatre tenu responsable des frais, d\u00e9penses, dommages, contretemps, d\u00e9ceptions, frustrations, anxi\u00e9t\u00e9s, souffrances physiques ou morales qui pourraient r\u00e9sulter d\u2019un cas de force majeure (un \u00e9v\u00e8nement impr\u00e9visible et irr\u00e9sistible auquel il est impossible d\u2019\u00e9chapper); acte de gr\u00e8ve, guerre, conditions climatiques, maladie, quarantaine, retard, correspondance manqu\u00e9e, accident, blessure, d\u00e9c\u00e8s, retard pour livraison de bagages ou tout inconv\u00e9nient caus\u00e9 pendant le voyage ou tout autre acte qui survient au-del\u00e0 du contr\u00f4le de\u00a0<strong>Voyages Objectif Terre<\/strong>.<\/h6>\n<h6><strong>Voyages Objectif Terre<\/strong>\u00a0se r\u00e9serve le droit \u00e0 sa seule discr\u00e9tion d\u2019annuler ou de modifier le programme en tout ou en partie, \u00e0 quelque moment que ce soit. Le passager a la responsabilit\u00e9 d\u2019\u00eatre suffisamment en sant\u00e9 et autonome pour entreprendre le voyage. Dans le cas o\u00f9 un passager aurait une conduite pr\u00e9judiciable aux autres voyageurs et\/ou aux accompagnateurs et\/ou aux prestataires de services, le passager pourra \u00eatre expuls\u00e9 du groupe par le responsable du groupe et devra assumer seul tous les frais occasionn\u00e9s par sa conduite, y compris tous les frais suppl\u00e9mentaires que le passager devra d\u00e9bourser pour son transport, son h\u00e9bergement et son s\u00e9jour. Lorsqu\u2019apr\u00e8s le d\u00e9part du groupe, l\u2019un des \u00e9l\u00e9ments essentiels du contrat ne peut \u00eatre ex\u00e9cut\u00e9, Voyages Objectif Terre s\u2019engage \u00e0 proposer des prestations de remplacement de valeur \u00e9gale ou \u00e0 rembourser la diff\u00e9rence de prix entre les prestations pr\u00e9vues et celles qui ont \u00e9t\u00e9 fournies.<\/h6>\n<h6><strong>Annulation, remboursement<\/strong><\/h6>\n<h6>En cas d\u2019annulation de la totalit\u00e9 des participants,\u00a0<strong>Voyages Objectif Terre<\/strong>\u00a0remboursera les sommes non engag\u00e9es aupr\u00e8s des prestataires de services, en y d\u00e9duisant des frais administratifs de 100\u00a0$ par personne. Si le voyage doit \u00eatre annul\u00e9 par\u00a0<strong>Voyages Objectif Terre<\/strong>, la totalit\u00e9 des sommes vers\u00e9es par le groupe est restitu\u00e9e. Toute modification ou correction aux dispositions d\u00e9j\u00e0 prises (changement de dates, de destination ou d\u2019\u00e9pellation de noms), sera sujette \u00e0 la disponibilit\u00e9 et entra\u00eenera des frais.<\/h6>\n<h6><strong>En cas d\u2019annulation individuelle, quelque soit la raison\u00a0:\u00a0<\/strong><br \/>\n&#8211; du moment de l\u2019inscription \u00e0 60 jours avant le d\u00e9part: retenues de 30\u00a0% du forfait terrestre;<br \/>\n&#8211; entre 59 et 30 jours avant le d\u00e9part\u00a0: 60\u00a0% du forfait terrestre;<br \/>\n&#8211; moins de 30 jours du d\u00e9part\u00a0: 100\u00a0% du forfait terrestre.<br \/>\nDans le cas de la portion transport a\u00e9rien, les conditions de remboursement des compagnies a\u00e9riennes s\u2019appliquent. SVP noter qu\u2019\u00e0 moins de 60 jours du d\u00e9part, il est rare d\u2019obtenir un remboursement pour le billet d\u2019avion.<br \/>\nIl est important de noter que les remboursements ne peuvent avoir lieu que si le nombre minimum de participants sur lequel a \u00e9t\u00e9 fix\u00e9 le prix du forfait reste atteint.<br \/>\nL\u2019assurance annulation est votre seule protection financi\u00e8re dans le cas d\u2019un \u00e9v\u00e8nement impr\u00e9vu et important\u00a0qui n\u00e9cessite l\u2019annulation du voyage (maladie, accident, d\u00e9c\u00e8s dans la famille, etc.).<br \/>\nAucun remboursement ne peut \u00eatre exig\u00e9 pour tout service non utilis\u00e9 pendant le voyage.<\/h6>\n<h6><strong>D\u00e9sistement, rapatriement\u00a0<\/strong><\/h6>\n<h6>En cas d\u2019expulsion d\u2019un passager par le responsable du groupe ou de retour anticip\u00e9 pour des raisons personnelles,\u00a0<strong>Voyages Objectif Terre<\/strong>\u00a0ne sera responsable envers ce passager d\u2019aucun remboursement et\/ou d\u00e9dommagement, quelle que soit la nature.\u00a0<strong>Voyages Objectif Terre<\/strong>\u00a0se r\u00e9serve le droit de refuser l\u2019inscription d\u2019un passager qui ant\u00e9rieurement aurait nui au bien-\u00eatre d\u2019un groupe avec lequel il a voyag\u00e9.<\/h6>\n<h6><strong>Publicit\u00e9<\/strong><\/h6>\n<h6>Chaque participant consent \u00e0 ce que\u00a0<strong>Voyages Objectif Terre<\/strong>\u00a0utilise \u00e0 des fins de publicit\u00e9 et de promotion son image vid\u00e9o ou sa photographie, pourvu qu\u2019il s\u2019agisse d\u2019une prise de vue d\u2019un groupe (pas de photo individuelle), sous quelque forme que ce soit et dans quelque m\u00e9dium que ce soit et ce, \u00e0 perp\u00e9tuit\u00e9 et sans compensation.<\/h6>\n<h6><strong>Assurance, assistance<\/strong><\/h6>\n<h6><strong>Voyages Objectif Terre\u00a0<\/strong>souscrira sur demande \u00e0 une assurance voyage compl\u00e8te pour chacun des participants. Nous vous sugg\u00e9rons la protection du forfait Croix Bleue, qui couvre les frais m\u00e9dicaux \u00e0 l\u2019\u00e9tranger, l\u2019assurance annulation, l\u2019assurance accident et l\u2019assurance bagage. L\u2019assurance annulation est votre seule protection dans le cas d\u2019un \u00e9v\u00e8nement hors de contr\u00f4le comme un d\u00e9sastre naturel (volcan) ou une crise politique (\u00c9gypte). Une liste d\u00e9taill\u00e9e de ce qui est couvert vous sera remise avec votre devis. En signant ce contrat, le client admet du m\u00eame coup que l\u2019assurance lui a \u00e9t\u00e9 propos\u00e9e.\u00a0<strong>Voyages Objectif Terre<\/strong>\u00a0ne peut donc \u00eatre tenu responsable pour les pertes occasionn\u00e9es si des participants ne souscrivent pas \u00e0 l\u2019assurance que nous proposons.<\/h6>\n<h6><strong>R\u00e9clamation<\/strong><\/h6>\n<h6>Dans le cas o\u00f9 le responsable du groupe veut saisir\u00a0<strong>Voyages Objectif Terre<\/strong>\u00a0d\u2019une r\u00e9clamation pour inex\u00e9cution ou mauvaise ex\u00e9cution de contrat, il doit en informer\u00a0<strong>Voyages Objectif Terre<\/strong>\u00a0par lettre recommand\u00e9e dans un d\u00e9lai de 30 jours suivant le voyage et fournir toutes les pi\u00e8ces justificatives permettant d\u2019\u00e9tablir la r\u00e9alit\u00e9 du pr\u00e9judice all\u00e9gu\u00e9. Apr\u00e8s ce d\u00e9lai, nous ne prendrons en consid\u00e9ration aucune r\u00e9clamation.<\/h6>\n<h6><strong>Formalit\u00e9s administratives<\/strong><\/h6>\n<h6>Le passager doit s&#8217;informer des formalit\u00e9s administratives et\/ou sanitaires n\u00e9cessaires \u00e0 l&#8217;ex\u00e9cution du voyage. Il appartient au passager d&#8217;en prendre connaissance. L&#8217;accomplissement et les frais r\u00e9sultants de ces formalit\u00e9s de police, douane et sant\u00e9 exig\u00e9es pour votre voyage, tel que passeport, carte de r\u00e9sident permanent, autorisation parentale, visa, certificat m\u00e9dical, carnet de vaccinations incombent au passager. Nous attirons votre attention sur le fait que la r\u00e9glementation impose une validit\u00e9 des passeports sup\u00e9rieure \u00e0 6 mois suivant la date du retour. Par ailleurs, les enfants mineurs doivent \u00eatre imp\u00e9rativement en possession de papiers d&#8217;identit\u00e9 \u00e0 leur nom. Si notamment du fait du non-respect de ces formalit\u00e9s administratives et sanitaires, le passager se trouvait dans l&#8217;impossibilit\u00e9 de prendre le d\u00e9part \u00e0 la date indiqu\u00e9e, le prix pay\u00e9 ne pourrait en aucun cas \u00eatre rembours\u00e9.<\/h6>\n<p>&nbsp;<\/p>\n<p><\/wbr><\/wbr><\/wbr><\/p>\n","protected":false},"excerpt":{"rendered":"<p>Dear grade six Parents, After the incredible success of our School\u2019s three first Ultimate Educational Trips to Greece, we are extremely pleased to announce that there will be a 4th\u00a0edition&#8230;<\/p>\n","protected":false},"author":23,"featured_media":16764,"comment_status":"closed","ping_status":"closed","sticky":false,"template":"","format":"standard","meta":{"_monsterinsights_skip_tracking":false,"_monsterinsights_sitenote_active":false,"_monsterinsights_sitenote_note":"","_monsterinsights_sitenote_category":0,"footnotes":""},"categories":[88,89,90,91,86,92],"tags":[],"class_list":{"0":"post-16766","1":"post","2":"type-post","3":"status-publish","4":"format-standard","5":"has-post-thumbnail","7":"category-news-2","8":"category-news-3","9":"category-news-4","10":"category-news-5","11":"category-news-and-activities-english","12":"category-news-demosthene"},"yoast_head":"<!-- This site is optimized with the Yoast SEO plugin v27.4 - https:\/\/yoast.com\/product\/yoast-seo-wordpress\/ -->\n<title>Planning for the 2016 trip to Greece for graduates has started! - Primary School Socrates and Demosthenes<\/title>\n<meta name=\"robots\" content=\"index, follow, max-snippet:-1, max-image-preview:large, max-video-preview:-1\" \/>\n<link rel=\"canonical\" href=\"https:\/\/www.socdem.org\/en\/planning-for-the-2016-trip-to-greece-for-graduates-has-started\/\" \/>\n<meta property=\"og:locale\" content=\"en_US\" \/>\n<meta property=\"og:type\" content=\"article\" \/>\n<meta property=\"og:title\" content=\"Planning for the 2016 trip to Greece for graduates has started! - Primary School Socrates and Demosthenes\" \/>\n<meta property=\"og:description\" content=\"Dear grade six Parents, After the incredible success of our School\u2019s three first Ultimate Educational Trips to Greece, we are extremely pleased to announce that there will be a 4th\u00a0edition...\" \/>\n<meta property=\"og:url\" content=\"https:\/\/www.socdem.org\/en\/planning-for-the-2016-trip-to-greece-for-graduates-has-started\/\" \/>\n<meta property=\"og:site_name\" content=\"Primary School Socrates and Demosthenes\" \/>\n<meta property=\"article:publisher\" content=\"https:\/\/www.facebook.com\/TheHCGM\/\" \/>\n<meta property=\"article:published_time\" content=\"2015-11-20T16:41:06+00:00\" \/>\n<meta property=\"article:modified_time\" content=\"2015-11-20T16:47:58+00:00\" \/>\n<meta property=\"og:image\" content=\"https:\/\/www.socdem.org\/wp-content\/uploads\/2015\/11\/unnamed1.jpg\" \/>\n\t<meta property=\"og:image:width\" content=\"1280\" \/>\n\t<meta property=\"og:image:height\" content=\"960\" \/>\n\t<meta property=\"og:image:type\" content=\"image\/jpeg\" \/>\n<meta name=\"author\" content=\"avournias\" \/>\n<meta name=\"twitter:card\" content=\"summary_large_image\" \/>\n<meta name=\"twitter:label1\" content=\"Written by\" \/>\n\t<meta name=\"twitter:data1\" content=\"avournias\" \/>\n\t<meta name=\"twitter:label2\" content=\"Est. reading time\" \/>\n\t<meta name=\"twitter:data2\" content=\"12 minutes\" \/>\n<script type=\"application\/ld+json\" class=\"yoast-schema-graph\">{\"@context\":\"https:\\\/\\\/schema.org\",\"@graph\":[{\"@type\":\"Article\",\"@id\":\"https:\\\/\\\/www.socdem.org\\\/en\\\/planning-for-the-2016-trip-to-greece-for-graduates-has-started\\\/#article\",\"isPartOf\":{\"@id\":\"https:\\\/\\\/www.socdem.org\\\/en\\\/planning-for-the-2016-trip-to-greece-for-graduates-has-started\\\/\"},\"author\":{\"name\":\"avournias\",\"@id\":\"https:\\\/\\\/www.socdem.org\\\/en\\\/#\\\/schema\\\/person\\\/3d4208f100317a6251846d5d4fcb6e6f\"},\"headline\":\"Planning for the 2016 trip to Greece for graduates has started!\",\"datePublished\":\"2015-11-20T16:41:06+00:00\",\"dateModified\":\"2015-11-20T16:47:58+00:00\",\"mainEntityOfPage\":{\"@id\":\"https:\\\/\\\/www.socdem.org\\\/en\\\/planning-for-the-2016-trip-to-greece-for-graduates-has-started\\\/\"},\"wordCount\":2348,\"publisher\":{\"@id\":\"https:\\\/\\\/www.socdem.org\\\/en\\\/#organization\"},\"image\":{\"@id\":\"https:\\\/\\\/www.socdem.org\\\/en\\\/planning-for-the-2016-trip-to-greece-for-graduates-has-started\\\/#primaryimage\"},\"thumbnailUrl\":\"https:\\\/\\\/www.socdem.org\\\/wp-content\\\/uploads\\\/2015\\\/11\\\/unnamed1.jpg\",\"articleSection\":[\"News 2\",\"News 3\",\"News 4\",\"News 5\",\"News and Activities english\",\"News demosthene\"],\"inLanguage\":\"en-US\"},{\"@type\":\"WebPage\",\"@id\":\"https:\\\/\\\/www.socdem.org\\\/en\\\/planning-for-the-2016-trip-to-greece-for-graduates-has-started\\\/\",\"url\":\"https:\\\/\\\/www.socdem.org\\\/en\\\/planning-for-the-2016-trip-to-greece-for-graduates-has-started\\\/\",\"name\":\"Planning for the 2016 trip to Greece for graduates has started! - Primary School Socrates and Demosthenes\",\"isPartOf\":{\"@id\":\"https:\\\/\\\/www.socdem.org\\\/en\\\/#website\"},\"primaryImageOfPage\":{\"@id\":\"https:\\\/\\\/www.socdem.org\\\/en\\\/planning-for-the-2016-trip-to-greece-for-graduates-has-started\\\/#primaryimage\"},\"image\":{\"@id\":\"https:\\\/\\\/www.socdem.org\\\/en\\\/planning-for-the-2016-trip-to-greece-for-graduates-has-started\\\/#primaryimage\"},\"thumbnailUrl\":\"https:\\\/\\\/www.socdem.org\\\/wp-content\\\/uploads\\\/2015\\\/11\\\/unnamed1.jpg\",\"datePublished\":\"2015-11-20T16:41:06+00:00\",\"dateModified\":\"2015-11-20T16:47:58+00:00\",\"breadcrumb\":{\"@id\":\"https:\\\/\\\/www.socdem.org\\\/en\\\/planning-for-the-2016-trip-to-greece-for-graduates-has-started\\\/#breadcrumb\"},\"inLanguage\":\"en-US\",\"potentialAction\":[{\"@type\":\"ReadAction\",\"target\":[\"https:\\\/\\\/www.socdem.org\\\/en\\\/planning-for-the-2016-trip-to-greece-for-graduates-has-started\\\/\"]}]},{\"@type\":\"ImageObject\",\"inLanguage\":\"en-US\",\"@id\":\"https:\\\/\\\/www.socdem.org\\\/en\\\/planning-for-the-2016-trip-to-greece-for-graduates-has-started\\\/#primaryimage\",\"url\":\"https:\\\/\\\/www.socdem.org\\\/wp-content\\\/uploads\\\/2015\\\/11\\\/unnamed1.jpg\",\"contentUrl\":\"https:\\\/\\\/www.socdem.org\\\/wp-content\\\/uploads\\\/2015\\\/11\\\/unnamed1.jpg\",\"width\":\"1280\",\"height\":\"960\"},{\"@type\":\"BreadcrumbList\",\"@id\":\"https:\\\/\\\/www.socdem.org\\\/en\\\/planning-for-the-2016-trip-to-greece-for-graduates-has-started\\\/#breadcrumb\",\"itemListElement\":[{\"@type\":\"ListItem\",\"position\":1,\"name\":\"Accueil\",\"item\":\"https:\\\/\\\/www.socdem.org\\\/en\\\/\"},{\"@type\":\"ListItem\",\"position\":2,\"name\":\"Planning for the 2016 trip to Greece for graduates has started!\"}]},{\"@type\":\"WebSite\",\"@id\":\"https:\\\/\\\/www.socdem.org\\\/en\\\/#website\",\"url\":\"https:\\\/\\\/www.socdem.org\\\/en\\\/\",\"name\":\"\u00c9cole Socrates-D\u00e9mosth\u00e8ne\",\"description\":\"Five trilingual greek primary schools of Greater Montreal.\",\"publisher\":{\"@id\":\"https:\\\/\\\/www.socdem.org\\\/en\\\/#organization\"},\"potentialAction\":[{\"@type\":\"SearchAction\",\"target\":{\"@type\":\"EntryPoint\",\"urlTemplate\":\"https:\\\/\\\/www.socdem.org\\\/en\\\/?s={search_term_string}\"},\"query-input\":{\"@type\":\"PropertyValueSpecification\",\"valueRequired\":true,\"valueName\":\"search_term_string\"}}],\"inLanguage\":\"en-US\"},{\"@type\":\"Organization\",\"@id\":\"https:\\\/\\\/www.socdem.org\\\/en\\\/#organization\",\"name\":\"\u00c9cole Socrates-D\u00e9mosth\u00e8ne\",\"url\":\"https:\\\/\\\/www.socdem.org\\\/en\\\/\",\"logo\":{\"@type\":\"ImageObject\",\"inLanguage\":\"en-US\",\"@id\":\"https:\\\/\\\/www.socdem.org\\\/en\\\/#\\\/schema\\\/logo\\\/image\\\/\",\"url\":\"https:\\\/\\\/www.socdem.org\\\/wp-content\\\/uploads\\\/2014\\\/03\\\/SOC-DEM-LOGO-NAME.jpg\",\"contentUrl\":\"https:\\\/\\\/www.socdem.org\\\/wp-content\\\/uploads\\\/2014\\\/03\\\/SOC-DEM-LOGO-NAME.jpg\",\"width\":\"8485\",\"height\":\"4200\",\"caption\":\"\u00c9cole Socrates-D\u00e9mosth\u00e8ne\"},\"image\":{\"@id\":\"https:\\\/\\\/www.socdem.org\\\/en\\\/#\\\/schema\\\/logo\\\/image\\\/\"},\"sameAs\":[\"https:\\\/\\\/www.facebook.com\\\/TheHCGM\\\/\",\"https:\\\/\\\/www.instagram.com\\\/p\\\/BnE965PhJU7\\\/?hl=en\"]},{\"@type\":\"Person\",\"@id\":\"https:\\\/\\\/www.socdem.org\\\/en\\\/#\\\/schema\\\/person\\\/3d4208f100317a6251846d5d4fcb6e6f\",\"name\":\"avournias\",\"image\":{\"@type\":\"ImageObject\",\"inLanguage\":\"en-US\",\"@id\":\"https:\\\/\\\/secure.gravatar.com\\\/avatar\\\/e44d940614c28c716a6912b81868ef19a508fe61c65c7dbdb4825236cbaa5364?s=96&d=mm&r=g\",\"url\":\"https:\\\/\\\/secure.gravatar.com\\\/avatar\\\/e44d940614c28c716a6912b81868ef19a508fe61c65c7dbdb4825236cbaa5364?s=96&d=mm&r=g\",\"contentUrl\":\"https:\\\/\\\/secure.gravatar.com\\\/avatar\\\/e44d940614c28c716a6912b81868ef19a508fe61c65c7dbdb4825236cbaa5364?s=96&d=mm&r=g\",\"caption\":\"avournias\"},\"sameAs\":[\"http:\\\/\\\/socdem.wpengine.com\"],\"url\":\"https:\\\/\\\/www.socdem.org\\\/en\\\/author\\\/avournias\\\/\"}]}<\/script>\n<!-- \/ Yoast SEO plugin. -->","yoast_head_json":{"title":"Planning for the 2016 trip to Greece for graduates has started! - Primary School Socrates and Demosthenes","robots":{"index":"index","follow":"follow","max-snippet":"max-snippet:-1","max-image-preview":"max-image-preview:large","max-video-preview":"max-video-preview:-1"},"canonical":"https:\/\/www.socdem.org\/en\/planning-for-the-2016-trip-to-greece-for-graduates-has-started\/","og_locale":"en_US","og_type":"article","og_title":"Planning for the 2016 trip to Greece for graduates has started! - Primary School Socrates and Demosthenes","og_description":"Dear grade six Parents, After the incredible success of our School\u2019s three first Ultimate Educational Trips to Greece, we are extremely pleased to announce that there will be a 4th\u00a0edition...","og_url":"https:\/\/www.socdem.org\/en\/planning-for-the-2016-trip-to-greece-for-graduates-has-started\/","og_site_name":"Primary School Socrates and Demosthenes","article_publisher":"https:\/\/www.facebook.com\/TheHCGM\/","article_published_time":"2015-11-20T16:41:06+00:00","article_modified_time":"2015-11-20T16:47:58+00:00","og_image":[{"width":1280,"height":960,"url":"https:\/\/www.socdem.org\/wp-content\/uploads\/2015\/11\/unnamed1.jpg","type":"image\/jpeg"}],"author":"avournias","twitter_card":"summary_large_image","twitter_misc":{"Written by":"avournias","Est. reading time":"12 minutes"},"schema":{"@context":"https:\/\/schema.org","@graph":[{"@type":"Article","@id":"https:\/\/www.socdem.org\/en\/planning-for-the-2016-trip-to-greece-for-graduates-has-started\/#article","isPartOf":{"@id":"https:\/\/www.socdem.org\/en\/planning-for-the-2016-trip-to-greece-for-graduates-has-started\/"},"author":{"name":"avournias","@id":"https:\/\/www.socdem.org\/en\/#\/schema\/person\/3d4208f100317a6251846d5d4fcb6e6f"},"headline":"Planning for the 2016 trip to Greece for graduates has started!","datePublished":"2015-11-20T16:41:06+00:00","dateModified":"2015-11-20T16:47:58+00:00","mainEntityOfPage":{"@id":"https:\/\/www.socdem.org\/en\/planning-for-the-2016-trip-to-greece-for-graduates-has-started\/"},"wordCount":2348,"publisher":{"@id":"https:\/\/www.socdem.org\/en\/#organization"},"image":{"@id":"https:\/\/www.socdem.org\/en\/planning-for-the-2016-trip-to-greece-for-graduates-has-started\/#primaryimage"},"thumbnailUrl":"https:\/\/www.socdem.org\/wp-content\/uploads\/2015\/11\/unnamed1.jpg","articleSection":["News 2","News 3","News 4","News 5","News and Activities english","News demosthene"],"inLanguage":"en-US"},{"@type":"WebPage","@id":"https:\/\/www.socdem.org\/en\/planning-for-the-2016-trip-to-greece-for-graduates-has-started\/","url":"https:\/\/www.socdem.org\/en\/planning-for-the-2016-trip-to-greece-for-graduates-has-started\/","name":"Planning for the 2016 trip to Greece for graduates has started! - Primary School Socrates and Demosthenes","isPartOf":{"@id":"https:\/\/www.socdem.org\/en\/#website"},"primaryImageOfPage":{"@id":"https:\/\/www.socdem.org\/en\/planning-for-the-2016-trip-to-greece-for-graduates-has-started\/#primaryimage"},"image":{"@id":"https:\/\/www.socdem.org\/en\/planning-for-the-2016-trip-to-greece-for-graduates-has-started\/#primaryimage"},"thumbnailUrl":"https:\/\/www.socdem.org\/wp-content\/uploads\/2015\/11\/unnamed1.jpg","datePublished":"2015-11-20T16:41:06+00:00","dateModified":"2015-11-20T16:47:58+00:00","breadcrumb":{"@id":"https:\/\/www.socdem.org\/en\/planning-for-the-2016-trip-to-greece-for-graduates-has-started\/#breadcrumb"},"inLanguage":"en-US","potentialAction":[{"@type":"ReadAction","target":["https:\/\/www.socdem.org\/en\/planning-for-the-2016-trip-to-greece-for-graduates-has-started\/"]}]},{"@type":"ImageObject","inLanguage":"en-US","@id":"https:\/\/www.socdem.org\/en\/planning-for-the-2016-trip-to-greece-for-graduates-has-started\/#primaryimage","url":"https:\/\/www.socdem.org\/wp-content\/uploads\/2015\/11\/unnamed1.jpg","contentUrl":"https:\/\/www.socdem.org\/wp-content\/uploads\/2015\/11\/unnamed1.jpg","width":"1280","height":"960"},{"@type":"BreadcrumbList","@id":"https:\/\/www.socdem.org\/en\/planning-for-the-2016-trip-to-greece-for-graduates-has-started\/#breadcrumb","itemListElement":[{"@type":"ListItem","position":1,"name":"Accueil","item":"https:\/\/www.socdem.org\/en\/"},{"@type":"ListItem","position":2,"name":"Planning for the 2016 trip to Greece for graduates has started!"}]},{"@type":"WebSite","@id":"https:\/\/www.socdem.org\/en\/#website","url":"https:\/\/www.socdem.org\/en\/","name":"\u00c9cole Socrates-D\u00e9mosth\u00e8ne","description":"Five trilingual greek primary schools of Greater Montreal.","publisher":{"@id":"https:\/\/www.socdem.org\/en\/#organization"},"potentialAction":[{"@type":"SearchAction","target":{"@type":"EntryPoint","urlTemplate":"https:\/\/www.socdem.org\/en\/?s={search_term_string}"},"query-input":{"@type":"PropertyValueSpecification","valueRequired":true,"valueName":"search_term_string"}}],"inLanguage":"en-US"},{"@type":"Organization","@id":"https:\/\/www.socdem.org\/en\/#organization","name":"\u00c9cole Socrates-D\u00e9mosth\u00e8ne","url":"https:\/\/www.socdem.org\/en\/","logo":{"@type":"ImageObject","inLanguage":"en-US","@id":"https:\/\/www.socdem.org\/en\/#\/schema\/logo\/image\/","url":"https:\/\/www.socdem.org\/wp-content\/uploads\/2014\/03\/SOC-DEM-LOGO-NAME.jpg","contentUrl":"https:\/\/www.socdem.org\/wp-content\/uploads\/2014\/03\/SOC-DEM-LOGO-NAME.jpg","width":"8485","height":"4200","caption":"\u00c9cole Socrates-D\u00e9mosth\u00e8ne"},"image":{"@id":"https:\/\/www.socdem.org\/en\/#\/schema\/logo\/image\/"},"sameAs":["https:\/\/www.facebook.com\/TheHCGM\/","https:\/\/www.instagram.com\/p\/BnE965PhJU7\/?hl=en"]},{"@type":"Person","@id":"https:\/\/www.socdem.org\/en\/#\/schema\/person\/3d4208f100317a6251846d5d4fcb6e6f","name":"avournias","image":{"@type":"ImageObject","inLanguage":"en-US","@id":"https:\/\/secure.gravatar.com\/avatar\/e44d940614c28c716a6912b81868ef19a508fe61c65c7dbdb4825236cbaa5364?s=96&d=mm&r=g","url":"https:\/\/secure.gravatar.com\/avatar\/e44d940614c28c716a6912b81868ef19a508fe61c65c7dbdb4825236cbaa5364?s=96&d=mm&r=g","contentUrl":"https:\/\/secure.gravatar.com\/avatar\/e44d940614c28c716a6912b81868ef19a508fe61c65c7dbdb4825236cbaa5364?s=96&d=mm&r=g","caption":"avournias"},"sameAs":["http:\/\/socdem.wpengine.com"],"url":"https:\/\/www.socdem.org\/en\/author\/avournias\/"}]}},"_links":{"self":[{"href":"https:\/\/www.socdem.org\/en\/wp-json\/wp\/v2\/posts\/16766","targetHints":{"allow":["GET"]}}],"collection":[{"href":"https:\/\/www.socdem.org\/en\/wp-json\/wp\/v2\/posts"}],"about":[{"href":"https:\/\/www.socdem.org\/en\/wp-json\/wp\/v2\/types\/post"}],"author":[{"embeddable":true,"href":"https:\/\/www.socdem.org\/en\/wp-json\/wp\/v2\/users\/23"}],"replies":[{"embeddable":true,"href":"https:\/\/www.socdem.org\/en\/wp-json\/wp\/v2\/comments?post=16766"}],"version-history":[{"count":0,"href":"https:\/\/www.socdem.org\/en\/wp-json\/wp\/v2\/posts\/16766\/revisions"}],"wp:featuredmedia":[{"embeddable":true,"href":"https:\/\/www.socdem.org\/en\/wp-json\/wp\/v2\/media\/16764"}],"wp:attachment":[{"href":"https:\/\/www.socdem.org\/en\/wp-json\/wp\/v2\/media?parent=16766"}],"wp:term":[{"taxonomy":"category","embeddable":true,"href":"https:\/\/www.socdem.org\/en\/wp-json\/wp\/v2\/categories?post=16766"},{"taxonomy":"post_tag","embeddable":true,"href":"https:\/\/www.socdem.org\/en\/wp-json\/wp\/v2\/tags?post=16766"}],"curies":[{"name":"wp","href":"https:\/\/api.w.org\/{rel}","templated":true}]}}