{"id":17544,"date":"2016-03-01T12:55:28","date_gmt":"2016-03-01T17:55:28","guid":{"rendered":"http:\/\/socdem.wpengine.com\/le-defile-des-tout-petits-2\/"},"modified":"2016-03-10T15:43:32","modified_gmt":"2016-03-10T20:43:32","slug":"le-defile-des-tout-petits","status":"publish","type":"post","link":"https:\/\/www.socdem.org\/en\/le-defile-des-tout-petits\/","title":{"rendered":"A Fashion Show for Little Ones"},"content":{"rendered":"<h1><\/h1>\n<h1><a href=\"http:\/\/socdem.wpengine.com\/wp-content\/uploads\/2016\/03\/1.jpg\"><img loading=\"lazy\" decoding=\"async\" class=\"aligncenter size-large wp-image-17536\" title=\"1\" src=\"http:\/\/socdem.wpengine.com\/wp-content\/uploads\/2016\/03\/1-1024x575.jpg\" alt=\"\" width=\"980\" height=\"550\" srcset=\"https:\/\/www.socdem.org\/wp-content\/uploads\/2016\/03\/1-1024x575.jpg 1024w, https:\/\/www.socdem.org\/wp-content\/uploads\/2016\/03\/1-300x168.jpg 300w, https:\/\/www.socdem.org\/wp-content\/uploads\/2016\/03\/1.jpg 1366w\" sizes=\"auto, (max-width: 980px) 100vw, 980px\" \/><\/a><\/h1>\n<h6>The spring-summer fashion show of children&#8217;s clothing from Ragal, representing international brand Tuc Tuc, was held on February 21 in the Palace reception hall in Laval. It was a great success, extremely well organized, with over a thousand people applauding enthusiastically young children who owned the stage.<\/h6>\n<h6><a href=\"http:\/\/socdem.wpengine.com\/wp-content\/uploads\/2016\/03\/2.jpg\"><img loading=\"lazy\" decoding=\"async\" class=\"aligncenter size-large wp-image-17535\" title=\"2\" src=\"http:\/\/socdem.wpengine.com\/wp-content\/uploads\/2016\/03\/2-1024x1024.jpg\" alt=\"\" width=\"980\" height=\"980\" srcset=\"https:\/\/www.socdem.org\/wp-content\/uploads\/2016\/03\/2-1024x1024.jpg 1024w, https:\/\/www.socdem.org\/wp-content\/uploads\/2016\/03\/2-150x150.jpg 150w, https:\/\/www.socdem.org\/wp-content\/uploads\/2016\/03\/2-300x300.jpg 300w, https:\/\/www.socdem.org\/wp-content\/uploads\/2016\/03\/2-266x266.jpg 266w, https:\/\/www.socdem.org\/wp-content\/uploads\/2016\/03\/2-60x60.jpg 60w, https:\/\/www.socdem.org\/wp-content\/uploads\/2016\/03\/2.jpg 2000w\" sizes=\"auto, (max-width: 980px) 100vw, 980px\" \/><\/a><\/h6>\n<h6>The atmosphere was festive and playful, the audience quickly falling under the spell of children playing at being small models. Radio personality Orla Johannes hosted the evening with style and panache.<\/h6>\n<h6><a href=\"http:\/\/socdem.wpengine.com\/wp-content\/uploads\/2016\/03\/3.jpg\"><img loading=\"lazy\" decoding=\"async\" class=\"aligncenter size-large wp-image-17534\" title=\"3\" src=\"http:\/\/socdem.wpengine.com\/wp-content\/uploads\/2016\/03\/3-1024x575.jpg\" alt=\"\" width=\"980\" height=\"550\" srcset=\"https:\/\/www.socdem.org\/wp-content\/uploads\/2016\/03\/3-1024x575.jpg 1024w, https:\/\/www.socdem.org\/wp-content\/uploads\/2016\/03\/3-300x168.jpg 300w, https:\/\/www.socdem.org\/wp-content\/uploads\/2016\/03\/3.jpg 1366w\" sizes=\"auto, (max-width: 980px) 100vw, 980px\" \/><\/a><\/h6>\n<h6>All profits from the sale of event tickets went to \u00c9cole Socrates-D\u00e9mosth\u00e8ne, thanks to the generosity of the organizers of the event, Mr. Konstantinos Douligeris and his son Gabriel, who presented a giant check for $ 3,000 to Messrs Chris Adamopoulos, General Director of the School, and Andy Crilis, Vice President of the Hellenic Community of Greater Montreal at the end of the evening. Mrs. Aliki Daher, Secretary of Complementary Education at the HCGM was present and delighted with these wonderful results.<\/h6>\n<h6><a href=\"http:\/\/socdem.wpengine.com\/wp-content\/uploads\/2016\/03\/4.jpg\"><img loading=\"lazy\" decoding=\"async\" class=\"aligncenter size-large wp-image-17539\" title=\"4\" src=\"http:\/\/socdem.wpengine.com\/wp-content\/uploads\/2016\/03\/4-1024x575.jpg\" alt=\"\" width=\"980\" height=\"550\" srcset=\"https:\/\/www.socdem.org\/wp-content\/uploads\/2016\/03\/4-1024x575.jpg 1024w, https:\/\/www.socdem.org\/wp-content\/uploads\/2016\/03\/4-300x168.jpg 300w, https:\/\/www.socdem.org\/wp-content\/uploads\/2016\/03\/4.jpg 1366w\" sizes=\"auto, (max-width: 980px) 100vw, 980px\" \/><\/a><\/h6>\n<h6>We salute with gratitude the sponsors of the show, Mrs. Koula Kontopoulos, owner of <em>Le bonheur de l&#8217;enfant<\/em> and <em>Le bonheur des poupons<\/em> daycares, Cachemere Cupcakes, Interfusion Coiffure and PA Supermarket.<\/h6>\n<h6><a href=\"http:\/\/socdem.wpengine.com\/wp-content\/uploads\/2016\/03\/5.jpg\"><img loading=\"lazy\" decoding=\"async\" class=\"aligncenter size-large wp-image-17538\" title=\"5\" src=\"http:\/\/socdem.wpengine.com\/wp-content\/uploads\/2016\/03\/5-1024x575.jpg\" alt=\"\" width=\"980\" height=\"550\" srcset=\"https:\/\/www.socdem.org\/wp-content\/uploads\/2016\/03\/5-1024x575.jpg 1024w, https:\/\/www.socdem.org\/wp-content\/uploads\/2016\/03\/5-300x168.jpg 300w, https:\/\/www.socdem.org\/wp-content\/uploads\/2016\/03\/5.jpg 1366w\" sizes=\"auto, (max-width: 980px) 100vw, 980px\" \/><\/a><\/h6>\n<h6>A warm thank you to all those who participated and contributed enthusiastically to the event and, at the same time, helped \u00c9cole Socrates-D\u00e9mosth\u00e8ne to pursue its mission.<span style=\"font-size: 0.75em;\">\u00a0<\/span><\/h6>\n<h6>Here is a short video of 2.5 minutes summarizing the event.<\/h6>\n<h6>To view, please click on this link:<\/h6>\n<h6><a title=\"mode\" href=\"https:\/\/vimeo.com\/156910080\">https:\/\/vimeo.com\/156910080<\/a><\/h6>\n<h6>then use the password vibes1.<\/h6>\n","protected":false},"excerpt":{"rendered":"<p>The spring-summer fashion show of children&#8217;s clothing from Ragal, representing international brand Tuc Tuc, was held on February 21 in the Palace reception hall in Laval. It was a great&#8230;<\/p>\n","protected":false},"author":23,"featured_media":17535,"comment_status":"closed","ping_status":"closed","sticky":false,"template":"","format":"standard","meta":{"_monsterinsights_skip_tracking":false,"_monsterinsights_sitenote_active":false,"_monsterinsights_sitenote_note":"","_monsterinsights_sitenote_category":0,"footnotes":""},"categories":[88,89,90,91,86,92],"tags":[],"class_list":{"0":"post-17544","1":"post","2":"type-post","3":"status-publish","4":"format-standard","5":"has-post-thumbnail","7":"category-news-2","8":"category-news-3","9":"category-news-4","10":"category-news-5","11":"category-news-and-activities-english","12":"category-news-demosthene"},"yoast_head":"<!-- This site is optimized with the Yoast SEO plugin v27.5 - https:\/\/yoast.com\/product\/yoast-seo-wordpress\/ -->\n<title>A Fashion Show for Little Ones - Primary School Socrates and Demosthenes<\/title>\n<meta name=\"robots\" content=\"index, follow, max-snippet:-1, max-image-preview:large, max-video-preview:-1\" \/>\n<link rel=\"canonical\" href=\"https:\/\/www.socdem.org\/en\/le-defile-des-tout-petits\/\" \/>\n<meta property=\"og:locale\" content=\"en_US\" \/>\n<meta property=\"og:type\" content=\"article\" \/>\n<meta property=\"og:title\" content=\"A Fashion Show for Little Ones - Primary School Socrates and Demosthenes\" \/>\n<meta property=\"og:description\" content=\"The spring-summer fashion show of children&#8217;s clothing from Ragal, representing international brand Tuc Tuc, was held on February 21 in the Palace reception hall in Laval. It was a great...\" \/>\n<meta property=\"og:url\" content=\"https:\/\/www.socdem.org\/en\/le-defile-des-tout-petits\/\" \/>\n<meta property=\"og:site_name\" content=\"Primary School Socrates and Demosthenes\" \/>\n<meta property=\"article:publisher\" content=\"https:\/\/www.facebook.com\/TheHCGM\/\" \/>\n<meta property=\"article:published_time\" content=\"2016-03-01T17:55:28+00:00\" \/>\n<meta property=\"article:modified_time\" content=\"2016-03-10T20:43:32+00:00\" \/>\n<meta property=\"og:image\" content=\"https:\/\/www.socdem.org\/wp-content\/uploads\/2016\/03\/2.jpg\" \/>\n\t<meta property=\"og:image:width\" content=\"2000\" \/>\n\t<meta property=\"og:image:height\" content=\"2000\" \/>\n\t<meta property=\"og:image:type\" content=\"image\/jpeg\" \/>\n<meta name=\"author\" content=\"avournias\" \/>\n<meta name=\"twitter:card\" content=\"summary_large_image\" \/>\n<meta name=\"twitter:label1\" content=\"Written by\" \/>\n\t<meta name=\"twitter:data1\" content=\"avournias\" \/>\n\t<meta name=\"twitter:label2\" content=\"Est. reading time\" \/>\n\t<meta name=\"twitter:data2\" content=\"1 minute\" \/>\n<script type=\"application\/ld+json\" class=\"yoast-schema-graph\">{\"@context\":\"https:\\\/\\\/schema.org\",\"@graph\":[{\"@type\":\"Article\",\"@id\":\"https:\\\/\\\/www.socdem.org\\\/en\\\/le-defile-des-tout-petits\\\/#article\",\"isPartOf\":{\"@id\":\"https:\\\/\\\/www.socdem.org\\\/en\\\/le-defile-des-tout-petits\\\/\"},\"author\":{\"name\":\"avournias\",\"@id\":\"https:\\\/\\\/www.socdem.org\\\/en\\\/#\\\/schema\\\/person\\\/3d4208f100317a6251846d5d4fcb6e6f\"},\"headline\":\"A Fashion Show for Little Ones\",\"datePublished\":\"2016-03-01T17:55:28+00:00\",\"dateModified\":\"2016-03-10T20:43:32+00:00\",\"mainEntityOfPage\":{\"@id\":\"https:\\\/\\\/www.socdem.org\\\/en\\\/le-defile-des-tout-petits\\\/\"},\"wordCount\":250,\"publisher\":{\"@id\":\"https:\\\/\\\/www.socdem.org\\\/en\\\/#organization\"},\"image\":{\"@id\":\"https:\\\/\\\/www.socdem.org\\\/en\\\/le-defile-des-tout-petits\\\/#primaryimage\"},\"thumbnailUrl\":\"https:\\\/\\\/www.socdem.org\\\/wp-content\\\/uploads\\\/2016\\\/03\\\/2.jpg\",\"articleSection\":[\"News 2\",\"News 3\",\"News 4\",\"News 5\",\"News and Activities english\",\"News demosthene\"],\"inLanguage\":\"en-US\"},{\"@type\":\"WebPage\",\"@id\":\"https:\\\/\\\/www.socdem.org\\\/en\\\/le-defile-des-tout-petits\\\/\",\"url\":\"https:\\\/\\\/www.socdem.org\\\/en\\\/le-defile-des-tout-petits\\\/\",\"name\":\"A Fashion Show for Little Ones - Primary School Socrates and Demosthenes\",\"isPartOf\":{\"@id\":\"https:\\\/\\\/www.socdem.org\\\/en\\\/#website\"},\"primaryImageOfPage\":{\"@id\":\"https:\\\/\\\/www.socdem.org\\\/en\\\/le-defile-des-tout-petits\\\/#primaryimage\"},\"image\":{\"@id\":\"https:\\\/\\\/www.socdem.org\\\/en\\\/le-defile-des-tout-petits\\\/#primaryimage\"},\"thumbnailUrl\":\"https:\\\/\\\/www.socdem.org\\\/wp-content\\\/uploads\\\/2016\\\/03\\\/2.jpg\",\"datePublished\":\"2016-03-01T17:55:28+00:00\",\"dateModified\":\"2016-03-10T20:43:32+00:00\",\"breadcrumb\":{\"@id\":\"https:\\\/\\\/www.socdem.org\\\/en\\\/le-defile-des-tout-petits\\\/#breadcrumb\"},\"inLanguage\":\"en-US\",\"potentialAction\":[{\"@type\":\"ReadAction\",\"target\":[\"https:\\\/\\\/www.socdem.org\\\/en\\\/le-defile-des-tout-petits\\\/\"]}]},{\"@type\":\"ImageObject\",\"inLanguage\":\"en-US\",\"@id\":\"https:\\\/\\\/www.socdem.org\\\/en\\\/le-defile-des-tout-petits\\\/#primaryimage\",\"url\":\"https:\\\/\\\/www.socdem.org\\\/wp-content\\\/uploads\\\/2016\\\/03\\\/2.jpg\",\"contentUrl\":\"https:\\\/\\\/www.socdem.org\\\/wp-content\\\/uploads\\\/2016\\\/03\\\/2.jpg\",\"width\":\"2000\",\"height\":\"2000\"},{\"@type\":\"BreadcrumbList\",\"@id\":\"https:\\\/\\\/www.socdem.org\\\/en\\\/le-defile-des-tout-petits\\\/#breadcrumb\",\"itemListElement\":[{\"@type\":\"ListItem\",\"position\":1,\"name\":\"Accueil\",\"item\":\"https:\\\/\\\/www.socdem.org\\\/en\\\/\"},{\"@type\":\"ListItem\",\"position\":2,\"name\":\"A Fashion Show for Little Ones\"}]},{\"@type\":\"WebSite\",\"@id\":\"https:\\\/\\\/www.socdem.org\\\/en\\\/#website\",\"url\":\"https:\\\/\\\/www.socdem.org\\\/en\\\/\",\"name\":\"\u00c9cole Socrates-D\u00e9mosth\u00e8ne\",\"description\":\"Five trilingual greek primary schools of Greater Montreal.\",\"publisher\":{\"@id\":\"https:\\\/\\\/www.socdem.org\\\/en\\\/#organization\"},\"potentialAction\":[{\"@type\":\"SearchAction\",\"target\":{\"@type\":\"EntryPoint\",\"urlTemplate\":\"https:\\\/\\\/www.socdem.org\\\/en\\\/?s={search_term_string}\"},\"query-input\":{\"@type\":\"PropertyValueSpecification\",\"valueRequired\":true,\"valueName\":\"search_term_string\"}}],\"inLanguage\":\"en-US\"},{\"@type\":\"Organization\",\"@id\":\"https:\\\/\\\/www.socdem.org\\\/en\\\/#organization\",\"name\":\"\u00c9cole Socrates-D\u00e9mosth\u00e8ne\",\"url\":\"https:\\\/\\\/www.socdem.org\\\/en\\\/\",\"logo\":{\"@type\":\"ImageObject\",\"inLanguage\":\"en-US\",\"@id\":\"https:\\\/\\\/www.socdem.org\\\/en\\\/#\\\/schema\\\/logo\\\/image\\\/\",\"url\":\"https:\\\/\\\/www.socdem.org\\\/wp-content\\\/uploads\\\/2014\\\/03\\\/SOC-DEM-LOGO-NAME.jpg\",\"contentUrl\":\"https:\\\/\\\/www.socdem.org\\\/wp-content\\\/uploads\\\/2014\\\/03\\\/SOC-DEM-LOGO-NAME.jpg\",\"width\":\"8485\",\"height\":\"4200\",\"caption\":\"\u00c9cole Socrates-D\u00e9mosth\u00e8ne\"},\"image\":{\"@id\":\"https:\\\/\\\/www.socdem.org\\\/en\\\/#\\\/schema\\\/logo\\\/image\\\/\"},\"sameAs\":[\"https:\\\/\\\/www.facebook.com\\\/TheHCGM\\\/\",\"https:\\\/\\\/www.instagram.com\\\/p\\\/BnE965PhJU7\\\/?hl=en\"]},{\"@type\":\"Person\",\"@id\":\"https:\\\/\\\/www.socdem.org\\\/en\\\/#\\\/schema\\\/person\\\/3d4208f100317a6251846d5d4fcb6e6f\",\"name\":\"avournias\",\"image\":{\"@type\":\"ImageObject\",\"inLanguage\":\"en-US\",\"@id\":\"https:\\\/\\\/secure.gravatar.com\\\/avatar\\\/e44d940614c28c716a6912b81868ef19a508fe61c65c7dbdb4825236cbaa5364?s=96&d=mm&r=g\",\"url\":\"https:\\\/\\\/secure.gravatar.com\\\/avatar\\\/e44d940614c28c716a6912b81868ef19a508fe61c65c7dbdb4825236cbaa5364?s=96&d=mm&r=g\",\"contentUrl\":\"https:\\\/\\\/secure.gravatar.com\\\/avatar\\\/e44d940614c28c716a6912b81868ef19a508fe61c65c7dbdb4825236cbaa5364?s=96&d=mm&r=g\",\"caption\":\"avournias\"},\"sameAs\":[\"http:\\\/\\\/socdem.wpengine.com\"],\"url\":\"https:\\\/\\\/www.socdem.org\\\/en\\\/author\\\/avournias\\\/\"}]}<\/script>\n<!-- \/ Yoast SEO plugin. -->","yoast_head_json":{"title":"A Fashion Show for Little Ones - Primary School Socrates and Demosthenes","robots":{"index":"index","follow":"follow","max-snippet":"max-snippet:-1","max-image-preview":"max-image-preview:large","max-video-preview":"max-video-preview:-1"},"canonical":"https:\/\/www.socdem.org\/en\/le-defile-des-tout-petits\/","og_locale":"en_US","og_type":"article","og_title":"A Fashion Show for Little Ones - Primary School Socrates and Demosthenes","og_description":"The spring-summer fashion show of children&#8217;s clothing from Ragal, representing international brand Tuc Tuc, was held on February 21 in the Palace reception hall in Laval. It was a great...","og_url":"https:\/\/www.socdem.org\/en\/le-defile-des-tout-petits\/","og_site_name":"Primary School Socrates and Demosthenes","article_publisher":"https:\/\/www.facebook.com\/TheHCGM\/","article_published_time":"2016-03-01T17:55:28+00:00","article_modified_time":"2016-03-10T20:43:32+00:00","og_image":[{"width":2000,"height":2000,"url":"https:\/\/www.socdem.org\/wp-content\/uploads\/2016\/03\/2.jpg","type":"image\/jpeg"}],"author":"avournias","twitter_card":"summary_large_image","twitter_misc":{"Written by":"avournias","Est. reading time":"1 minute"},"schema":{"@context":"https:\/\/schema.org","@graph":[{"@type":"Article","@id":"https:\/\/www.socdem.org\/en\/le-defile-des-tout-petits\/#article","isPartOf":{"@id":"https:\/\/www.socdem.org\/en\/le-defile-des-tout-petits\/"},"author":{"name":"avournias","@id":"https:\/\/www.socdem.org\/en\/#\/schema\/person\/3d4208f100317a6251846d5d4fcb6e6f"},"headline":"A Fashion Show for Little Ones","datePublished":"2016-03-01T17:55:28+00:00","dateModified":"2016-03-10T20:43:32+00:00","mainEntityOfPage":{"@id":"https:\/\/www.socdem.org\/en\/le-defile-des-tout-petits\/"},"wordCount":250,"publisher":{"@id":"https:\/\/www.socdem.org\/en\/#organization"},"image":{"@id":"https:\/\/www.socdem.org\/en\/le-defile-des-tout-petits\/#primaryimage"},"thumbnailUrl":"https:\/\/www.socdem.org\/wp-content\/uploads\/2016\/03\/2.jpg","articleSection":["News 2","News 3","News 4","News 5","News and Activities english","News demosthene"],"inLanguage":"en-US"},{"@type":"WebPage","@id":"https:\/\/www.socdem.org\/en\/le-defile-des-tout-petits\/","url":"https:\/\/www.socdem.org\/en\/le-defile-des-tout-petits\/","name":"A Fashion Show for Little Ones - Primary School Socrates and Demosthenes","isPartOf":{"@id":"https:\/\/www.socdem.org\/en\/#website"},"primaryImageOfPage":{"@id":"https:\/\/www.socdem.org\/en\/le-defile-des-tout-petits\/#primaryimage"},"image":{"@id":"https:\/\/www.socdem.org\/en\/le-defile-des-tout-petits\/#primaryimage"},"thumbnailUrl":"https:\/\/www.socdem.org\/wp-content\/uploads\/2016\/03\/2.jpg","datePublished":"2016-03-01T17:55:28+00:00","dateModified":"2016-03-10T20:43:32+00:00","breadcrumb":{"@id":"https:\/\/www.socdem.org\/en\/le-defile-des-tout-petits\/#breadcrumb"},"inLanguage":"en-US","potentialAction":[{"@type":"ReadAction","target":["https:\/\/www.socdem.org\/en\/le-defile-des-tout-petits\/"]}]},{"@type":"ImageObject","inLanguage":"en-US","@id":"https:\/\/www.socdem.org\/en\/le-defile-des-tout-petits\/#primaryimage","url":"https:\/\/www.socdem.org\/wp-content\/uploads\/2016\/03\/2.jpg","contentUrl":"https:\/\/www.socdem.org\/wp-content\/uploads\/2016\/03\/2.jpg","width":"2000","height":"2000"},{"@type":"BreadcrumbList","@id":"https:\/\/www.socdem.org\/en\/le-defile-des-tout-petits\/#breadcrumb","itemListElement":[{"@type":"ListItem","position":1,"name":"Accueil","item":"https:\/\/www.socdem.org\/en\/"},{"@type":"ListItem","position":2,"name":"A Fashion Show for Little Ones"}]},{"@type":"WebSite","@id":"https:\/\/www.socdem.org\/en\/#website","url":"https:\/\/www.socdem.org\/en\/","name":"\u00c9cole Socrates-D\u00e9mosth\u00e8ne","description":"Five trilingual greek primary schools of Greater Montreal.","publisher":{"@id":"https:\/\/www.socdem.org\/en\/#organization"},"potentialAction":[{"@type":"SearchAction","target":{"@type":"EntryPoint","urlTemplate":"https:\/\/www.socdem.org\/en\/?s={search_term_string}"},"query-input":{"@type":"PropertyValueSpecification","valueRequired":true,"valueName":"search_term_string"}}],"inLanguage":"en-US"},{"@type":"Organization","@id":"https:\/\/www.socdem.org\/en\/#organization","name":"\u00c9cole Socrates-D\u00e9mosth\u00e8ne","url":"https:\/\/www.socdem.org\/en\/","logo":{"@type":"ImageObject","inLanguage":"en-US","@id":"https:\/\/www.socdem.org\/en\/#\/schema\/logo\/image\/","url":"https:\/\/www.socdem.org\/wp-content\/uploads\/2014\/03\/SOC-DEM-LOGO-NAME.jpg","contentUrl":"https:\/\/www.socdem.org\/wp-content\/uploads\/2014\/03\/SOC-DEM-LOGO-NAME.jpg","width":"8485","height":"4200","caption":"\u00c9cole Socrates-D\u00e9mosth\u00e8ne"},"image":{"@id":"https:\/\/www.socdem.org\/en\/#\/schema\/logo\/image\/"},"sameAs":["https:\/\/www.facebook.com\/TheHCGM\/","https:\/\/www.instagram.com\/p\/BnE965PhJU7\/?hl=en"]},{"@type":"Person","@id":"https:\/\/www.socdem.org\/en\/#\/schema\/person\/3d4208f100317a6251846d5d4fcb6e6f","name":"avournias","image":{"@type":"ImageObject","inLanguage":"en-US","@id":"https:\/\/secure.gravatar.com\/avatar\/e44d940614c28c716a6912b81868ef19a508fe61c65c7dbdb4825236cbaa5364?s=96&d=mm&r=g","url":"https:\/\/secure.gravatar.com\/avatar\/e44d940614c28c716a6912b81868ef19a508fe61c65c7dbdb4825236cbaa5364?s=96&d=mm&r=g","contentUrl":"https:\/\/secure.gravatar.com\/avatar\/e44d940614c28c716a6912b81868ef19a508fe61c65c7dbdb4825236cbaa5364?s=96&d=mm&r=g","caption":"avournias"},"sameAs":["http:\/\/socdem.wpengine.com"],"url":"https:\/\/www.socdem.org\/en\/author\/avournias\/"}]}},"_links":{"self":[{"href":"https:\/\/www.socdem.org\/en\/wp-json\/wp\/v2\/posts\/17544","targetHints":{"allow":["GET"]}}],"collection":[{"href":"https:\/\/www.socdem.org\/en\/wp-json\/wp\/v2\/posts"}],"about":[{"href":"https:\/\/www.socdem.org\/en\/wp-json\/wp\/v2\/types\/post"}],"author":[{"embeddable":true,"href":"https:\/\/www.socdem.org\/en\/wp-json\/wp\/v2\/users\/23"}],"replies":[{"embeddable":true,"href":"https:\/\/www.socdem.org\/en\/wp-json\/wp\/v2\/comments?post=17544"}],"version-history":[{"count":0,"href":"https:\/\/www.socdem.org\/en\/wp-json\/wp\/v2\/posts\/17544\/revisions"}],"wp:featuredmedia":[{"embeddable":true,"href":"https:\/\/www.socdem.org\/en\/wp-json\/wp\/v2\/media\/17535"}],"wp:attachment":[{"href":"https:\/\/www.socdem.org\/en\/wp-json\/wp\/v2\/media?parent=17544"}],"wp:term":[{"taxonomy":"category","embeddable":true,"href":"https:\/\/www.socdem.org\/en\/wp-json\/wp\/v2\/categories?post=17544"},{"taxonomy":"post_tag","embeddable":true,"href":"https:\/\/www.socdem.org\/en\/wp-json\/wp\/v2\/tags?post=17544"}],"curies":[{"name":"wp","href":"https:\/\/api.w.org\/{rel}","templated":true}]}}