{"id":17701,"date":"2016-03-11T10:19:58","date_gmt":"2016-03-11T15:19:58","guid":{"rendered":"http:\/\/socdem.wpengine.com\/lecons-de-vie-a-socrates-ii-2\/"},"modified":"2016-03-11T10:21:45","modified_gmt":"2016-03-11T15:21:45","slug":"lecons-de-vie-a-socrates-ii","status":"publish","type":"post","link":"https:\/\/www.socdem.org\/en\/lecons-de-vie-a-socrates-ii\/","title":{"rendered":"LE\u00c7ONS DE VIE \u00c0 SOCRATES II"},"content":{"rendered":"<p><a href=\"http:\/\/socdem.wpengine.com\/wp-content\/uploads\/2016\/03\/unnamed.jpg\"><img loading=\"lazy\" decoding=\"async\" class=\"aligncenter size-full wp-image-17699\" title=\"unnamed\" src=\"http:\/\/socdem.wpengine.com\/wp-content\/uploads\/2016\/03\/unnamed.jpg\" alt=\"\" width=\"364\" height=\"647\" srcset=\"https:\/\/www.socdem.org\/wp-content\/uploads\/2016\/03\/unnamed.jpg 364w, https:\/\/www.socdem.org\/wp-content\/uploads\/2016\/03\/unnamed-168x300.jpg 168w\" sizes=\"auto, (max-width: 364px) 100vw, 364px\" \/><\/a><\/p>\n<p>&nbsp;<\/p>\n<h6>Le campus II de Socrates-D\u00e9mosth\u00e8ne a eu le plaisir d&#8217;accueillir CBC News dans l&#8217;une de leurs salles de classe aujourd&#8217;hui. Le groupe 331 de Madame Katherina Papachristos a eu droit \u00e0 une le\u00e7on impromptue d&#8217;humanit\u00e9 aujourd&#8217;hui. Travaillant avec le maire de Mytiline, \u00e0 Lesvos, la directrice du campus, Madame Georgia Tsakalis a r\u00e9ussi \u00e0 obtenir livraison de deux authentiques gilets de sauvetage de r\u00e9fugi\u00e9s qui ont abouti sur les rives de la mer \u00c9g\u00e9e.<\/h6>\n<p>Un rappel amer de la vie et la mort, les gilets us\u00e9s dont arriv\u00e9s \u00e0 Socrates II lundi, apr\u00e8s un long voyage depuis Lesvos, l&#8217;\u00eele s\u00e9lectionn\u00e9e au prix Nobel de la paix. Kyria Eirini Tourkomanoli, notre enseignante de grec, a longtemps expliqu\u00e9 \u00e0 la classe la situation de Lesvos, qui accueille encore des milliers de r\u00e9fugi\u00e9s sur ses c\u00f4tes. Certains d\u2019entre eux ont eu de la chance, d\u2019autres pas. Les chanceux ont re\u00e7u l&#8217;hospitalit\u00e9 incroyablement chaleureuse des insulaires de Lesvos et, au cours des derniers jours, de Grecs de partout dans le pays.<\/p>\n<p>Restant fid\u00e8les au vieil adage, \u00ab\u00a0ceux qui ont le moins donnent le\u00a0plus\u00a0\u00bb, nous assistons \u00e0 une merveilleuse illustration du mot grec\u00a0<em>Filotimo<\/em>, du port du Pir\u00e9e jusqu\u2019\u00e0 la ville frontali\u00e8re de Eidomeni, les habitants ouvrent leurs maisons pour les r\u00e9fugi\u00e9s. Ils lavent des v\u00eatements, fournissent des abris, pr\u00e9parent des aliments et offrent une touche chaleureuse et douce d&#8217;humanit\u00e9 \u00e0 toutes les malheureuses victimes d\u2019agitation civile et de guerre.<\/p>\n<p>Nous saluons tous ces citoyens g\u00e9n\u00e9reux et d\u00e9sint\u00e9ress\u00e9s, d&#8217;un bout de la Gr\u00e8ce \u00e0 l&#8217;autre, qui, dans le respect des valeurs et de la morale qui nous ont \u00e9t\u00e9 inculqu\u00e9es depuis des g\u00e9n\u00e9rations, sont un v\u00e9ritable exemple humain \u00e0 suivre pour le monde entier.<\/p>\n<p>Pour voir le reportage de CBC News, veuillez\u00a0<a href=\"http:\/\/hcgm.us5.list-manage1.com\/track\/click?u=a2a5cd6716c4aae4b0d1133b9&amp;id=7833723dae&amp;e=6012965008\" target=\"_blank\">cliquer sur ce lien<\/a>.<\/p>\n<p><strong>L&#8217;\u00c9cole Socrates-D\u00e9mosth\u00e8ne<\/strong><\/p>\n","protected":false},"excerpt":{"rendered":"<p>&nbsp; Le campus II de Socrates-D\u00e9mosth\u00e8ne a eu le plaisir d&#8217;accueillir CBC News dans l&#8217;une de leurs salles de classe aujourd&#8217;hui. Le groupe 331 de Madame Katherina Papachristos a eu&#8230;<\/p>\n","protected":false},"author":23,"featured_media":17699,"comment_status":"closed","ping_status":"closed","sticky":false,"template":"","format":"standard","meta":{"_monsterinsights_skip_tracking":false,"_monsterinsights_sitenote_active":false,"_monsterinsights_sitenote_note":"","_monsterinsights_sitenote_category":0,"footnotes":""},"categories":[92],"tags":[],"class_list":{"0":"post-17701","1":"post","2":"type-post","3":"status-publish","4":"format-standard","5":"has-post-thumbnail","7":"category-news-demosthene"},"yoast_head":"<!-- This site is optimized with the Yoast SEO plugin v27.5 - https:\/\/yoast.com\/product\/yoast-seo-wordpress\/ -->\n<title>LE\u00c7ONS DE VIE \u00c0 SOCRATES II - Primary School Socrates and Demosthenes<\/title>\n<meta name=\"robots\" content=\"index, follow, max-snippet:-1, max-image-preview:large, max-video-preview:-1\" \/>\n<link rel=\"canonical\" href=\"https:\/\/www.socdem.org\/en\/lecons-de-vie-a-socrates-ii\/\" \/>\n<meta property=\"og:locale\" content=\"en_US\" \/>\n<meta property=\"og:type\" content=\"article\" \/>\n<meta property=\"og:title\" content=\"LE\u00c7ONS DE VIE \u00c0 SOCRATES II - Primary School Socrates and Demosthenes\" \/>\n<meta property=\"og:description\" content=\"&nbsp; Le campus II de Socrates-D\u00e9mosth\u00e8ne a eu le plaisir d&#8217;accueillir CBC News dans l&#8217;une de leurs salles de classe aujourd&#8217;hui. Le groupe 331 de Madame Katherina Papachristos a eu...\" \/>\n<meta property=\"og:url\" content=\"https:\/\/www.socdem.org\/en\/lecons-de-vie-a-socrates-ii\/\" \/>\n<meta property=\"og:site_name\" content=\"Primary School Socrates and Demosthenes\" \/>\n<meta property=\"article:publisher\" content=\"https:\/\/www.facebook.com\/TheHCGM\/\" \/>\n<meta property=\"article:published_time\" content=\"2016-03-11T15:19:58+00:00\" \/>\n<meta property=\"article:modified_time\" content=\"2016-03-11T15:21:45+00:00\" \/>\n<meta property=\"og:image\" content=\"https:\/\/www.socdem.org\/wp-content\/uploads\/2016\/03\/unnamed.jpg\" \/>\n\t<meta property=\"og:image:width\" content=\"364\" \/>\n\t<meta property=\"og:image:height\" content=\"647\" \/>\n\t<meta property=\"og:image:type\" content=\"image\/jpeg\" \/>\n<meta name=\"author\" content=\"avournias\" \/>\n<meta name=\"twitter:card\" content=\"summary_large_image\" \/>\n<meta name=\"twitter:label1\" content=\"Written by\" \/>\n\t<meta name=\"twitter:data1\" content=\"avournias\" \/>\n\t<meta name=\"twitter:label2\" content=\"Est. reading time\" \/>\n\t<meta name=\"twitter:data2\" content=\"2 minutes\" \/>\n<script type=\"application\/ld+json\" class=\"yoast-schema-graph\">{\"@context\":\"https:\\\/\\\/schema.org\",\"@graph\":[{\"@type\":\"Article\",\"@id\":\"https:\\\/\\\/www.socdem.org\\\/en\\\/lecons-de-vie-a-socrates-ii\\\/#article\",\"isPartOf\":{\"@id\":\"https:\\\/\\\/www.socdem.org\\\/en\\\/lecons-de-vie-a-socrates-ii\\\/\"},\"author\":{\"name\":\"avournias\",\"@id\":\"https:\\\/\\\/www.socdem.org\\\/en\\\/#\\\/schema\\\/person\\\/3d4208f100317a6251846d5d4fcb6e6f\"},\"headline\":\"LE\u00c7ONS DE VIE \u00c0 SOCRATES II\",\"datePublished\":\"2016-03-11T15:19:58+00:00\",\"dateModified\":\"2016-03-11T15:21:45+00:00\",\"mainEntityOfPage\":{\"@id\":\"https:\\\/\\\/www.socdem.org\\\/en\\\/lecons-de-vie-a-socrates-ii\\\/\"},\"wordCount\":331,\"publisher\":{\"@id\":\"https:\\\/\\\/www.socdem.org\\\/en\\\/#organization\"},\"image\":{\"@id\":\"https:\\\/\\\/www.socdem.org\\\/en\\\/lecons-de-vie-a-socrates-ii\\\/#primaryimage\"},\"thumbnailUrl\":\"https:\\\/\\\/www.socdem.org\\\/wp-content\\\/uploads\\\/2016\\\/03\\\/unnamed.jpg\",\"articleSection\":[\"News demosthene\"],\"inLanguage\":\"en-US\"},{\"@type\":\"WebPage\",\"@id\":\"https:\\\/\\\/www.socdem.org\\\/en\\\/lecons-de-vie-a-socrates-ii\\\/\",\"url\":\"https:\\\/\\\/www.socdem.org\\\/en\\\/lecons-de-vie-a-socrates-ii\\\/\",\"name\":\"LE\u00c7ONS DE VIE \u00c0 SOCRATES II - Primary School Socrates and Demosthenes\",\"isPartOf\":{\"@id\":\"https:\\\/\\\/www.socdem.org\\\/en\\\/#website\"},\"primaryImageOfPage\":{\"@id\":\"https:\\\/\\\/www.socdem.org\\\/en\\\/lecons-de-vie-a-socrates-ii\\\/#primaryimage\"},\"image\":{\"@id\":\"https:\\\/\\\/www.socdem.org\\\/en\\\/lecons-de-vie-a-socrates-ii\\\/#primaryimage\"},\"thumbnailUrl\":\"https:\\\/\\\/www.socdem.org\\\/wp-content\\\/uploads\\\/2016\\\/03\\\/unnamed.jpg\",\"datePublished\":\"2016-03-11T15:19:58+00:00\",\"dateModified\":\"2016-03-11T15:21:45+00:00\",\"breadcrumb\":{\"@id\":\"https:\\\/\\\/www.socdem.org\\\/en\\\/lecons-de-vie-a-socrates-ii\\\/#breadcrumb\"},\"inLanguage\":\"en-US\",\"potentialAction\":[{\"@type\":\"ReadAction\",\"target\":[\"https:\\\/\\\/www.socdem.org\\\/en\\\/lecons-de-vie-a-socrates-ii\\\/\"]}]},{\"@type\":\"ImageObject\",\"inLanguage\":\"en-US\",\"@id\":\"https:\\\/\\\/www.socdem.org\\\/en\\\/lecons-de-vie-a-socrates-ii\\\/#primaryimage\",\"url\":\"https:\\\/\\\/www.socdem.org\\\/wp-content\\\/uploads\\\/2016\\\/03\\\/unnamed.jpg\",\"contentUrl\":\"https:\\\/\\\/www.socdem.org\\\/wp-content\\\/uploads\\\/2016\\\/03\\\/unnamed.jpg\",\"width\":\"364\",\"height\":\"647\"},{\"@type\":\"BreadcrumbList\",\"@id\":\"https:\\\/\\\/www.socdem.org\\\/en\\\/lecons-de-vie-a-socrates-ii\\\/#breadcrumb\",\"itemListElement\":[{\"@type\":\"ListItem\",\"position\":1,\"name\":\"Accueil\",\"item\":\"https:\\\/\\\/www.socdem.org\\\/en\\\/\"},{\"@type\":\"ListItem\",\"position\":2,\"name\":\"LE\u00c7ONS DE VIE \u00c0 SOCRATES II\"}]},{\"@type\":\"WebSite\",\"@id\":\"https:\\\/\\\/www.socdem.org\\\/en\\\/#website\",\"url\":\"https:\\\/\\\/www.socdem.org\\\/en\\\/\",\"name\":\"\u00c9cole Socrates-D\u00e9mosth\u00e8ne\",\"description\":\"Five trilingual greek primary schools of Greater Montreal.\",\"publisher\":{\"@id\":\"https:\\\/\\\/www.socdem.org\\\/en\\\/#organization\"},\"potentialAction\":[{\"@type\":\"SearchAction\",\"target\":{\"@type\":\"EntryPoint\",\"urlTemplate\":\"https:\\\/\\\/www.socdem.org\\\/en\\\/?s={search_term_string}\"},\"query-input\":{\"@type\":\"PropertyValueSpecification\",\"valueRequired\":true,\"valueName\":\"search_term_string\"}}],\"inLanguage\":\"en-US\"},{\"@type\":\"Organization\",\"@id\":\"https:\\\/\\\/www.socdem.org\\\/en\\\/#organization\",\"name\":\"\u00c9cole Socrates-D\u00e9mosth\u00e8ne\",\"url\":\"https:\\\/\\\/www.socdem.org\\\/en\\\/\",\"logo\":{\"@type\":\"ImageObject\",\"inLanguage\":\"en-US\",\"@id\":\"https:\\\/\\\/www.socdem.org\\\/en\\\/#\\\/schema\\\/logo\\\/image\\\/\",\"url\":\"https:\\\/\\\/www.socdem.org\\\/wp-content\\\/uploads\\\/2014\\\/03\\\/SOC-DEM-LOGO-NAME.jpg\",\"contentUrl\":\"https:\\\/\\\/www.socdem.org\\\/wp-content\\\/uploads\\\/2014\\\/03\\\/SOC-DEM-LOGO-NAME.jpg\",\"width\":\"8485\",\"height\":\"4200\",\"caption\":\"\u00c9cole Socrates-D\u00e9mosth\u00e8ne\"},\"image\":{\"@id\":\"https:\\\/\\\/www.socdem.org\\\/en\\\/#\\\/schema\\\/logo\\\/image\\\/\"},\"sameAs\":[\"https:\\\/\\\/www.facebook.com\\\/TheHCGM\\\/\",\"https:\\\/\\\/www.instagram.com\\\/p\\\/BnE965PhJU7\\\/?hl=en\"]},{\"@type\":\"Person\",\"@id\":\"https:\\\/\\\/www.socdem.org\\\/en\\\/#\\\/schema\\\/person\\\/3d4208f100317a6251846d5d4fcb6e6f\",\"name\":\"avournias\",\"image\":{\"@type\":\"ImageObject\",\"inLanguage\":\"en-US\",\"@id\":\"https:\\\/\\\/secure.gravatar.com\\\/avatar\\\/e44d940614c28c716a6912b81868ef19a508fe61c65c7dbdb4825236cbaa5364?s=96&d=mm&r=g\",\"url\":\"https:\\\/\\\/secure.gravatar.com\\\/avatar\\\/e44d940614c28c716a6912b81868ef19a508fe61c65c7dbdb4825236cbaa5364?s=96&d=mm&r=g\",\"contentUrl\":\"https:\\\/\\\/secure.gravatar.com\\\/avatar\\\/e44d940614c28c716a6912b81868ef19a508fe61c65c7dbdb4825236cbaa5364?s=96&d=mm&r=g\",\"caption\":\"avournias\"},\"sameAs\":[\"http:\\\/\\\/socdem.wpengine.com\"],\"url\":\"https:\\\/\\\/www.socdem.org\\\/en\\\/author\\\/avournias\\\/\"}]}<\/script>\n<!-- \/ Yoast SEO plugin. -->","yoast_head_json":{"title":"LE\u00c7ONS DE VIE \u00c0 SOCRATES II - Primary School Socrates and Demosthenes","robots":{"index":"index","follow":"follow","max-snippet":"max-snippet:-1","max-image-preview":"max-image-preview:large","max-video-preview":"max-video-preview:-1"},"canonical":"https:\/\/www.socdem.org\/en\/lecons-de-vie-a-socrates-ii\/","og_locale":"en_US","og_type":"article","og_title":"LE\u00c7ONS DE VIE \u00c0 SOCRATES II - Primary School Socrates and Demosthenes","og_description":"&nbsp; Le campus II de Socrates-D\u00e9mosth\u00e8ne a eu le plaisir d&#8217;accueillir CBC News dans l&#8217;une de leurs salles de classe aujourd&#8217;hui. Le groupe 331 de Madame Katherina Papachristos a eu...","og_url":"https:\/\/www.socdem.org\/en\/lecons-de-vie-a-socrates-ii\/","og_site_name":"Primary School Socrates and Demosthenes","article_publisher":"https:\/\/www.facebook.com\/TheHCGM\/","article_published_time":"2016-03-11T15:19:58+00:00","article_modified_time":"2016-03-11T15:21:45+00:00","og_image":[{"width":364,"height":647,"url":"https:\/\/www.socdem.org\/wp-content\/uploads\/2016\/03\/unnamed.jpg","type":"image\/jpeg"}],"author":"avournias","twitter_card":"summary_large_image","twitter_misc":{"Written by":"avournias","Est. reading time":"2 minutes"},"schema":{"@context":"https:\/\/schema.org","@graph":[{"@type":"Article","@id":"https:\/\/www.socdem.org\/en\/lecons-de-vie-a-socrates-ii\/#article","isPartOf":{"@id":"https:\/\/www.socdem.org\/en\/lecons-de-vie-a-socrates-ii\/"},"author":{"name":"avournias","@id":"https:\/\/www.socdem.org\/en\/#\/schema\/person\/3d4208f100317a6251846d5d4fcb6e6f"},"headline":"LE\u00c7ONS DE VIE \u00c0 SOCRATES II","datePublished":"2016-03-11T15:19:58+00:00","dateModified":"2016-03-11T15:21:45+00:00","mainEntityOfPage":{"@id":"https:\/\/www.socdem.org\/en\/lecons-de-vie-a-socrates-ii\/"},"wordCount":331,"publisher":{"@id":"https:\/\/www.socdem.org\/en\/#organization"},"image":{"@id":"https:\/\/www.socdem.org\/en\/lecons-de-vie-a-socrates-ii\/#primaryimage"},"thumbnailUrl":"https:\/\/www.socdem.org\/wp-content\/uploads\/2016\/03\/unnamed.jpg","articleSection":["News demosthene"],"inLanguage":"en-US"},{"@type":"WebPage","@id":"https:\/\/www.socdem.org\/en\/lecons-de-vie-a-socrates-ii\/","url":"https:\/\/www.socdem.org\/en\/lecons-de-vie-a-socrates-ii\/","name":"LE\u00c7ONS DE VIE \u00c0 SOCRATES II - Primary School Socrates and Demosthenes","isPartOf":{"@id":"https:\/\/www.socdem.org\/en\/#website"},"primaryImageOfPage":{"@id":"https:\/\/www.socdem.org\/en\/lecons-de-vie-a-socrates-ii\/#primaryimage"},"image":{"@id":"https:\/\/www.socdem.org\/en\/lecons-de-vie-a-socrates-ii\/#primaryimage"},"thumbnailUrl":"https:\/\/www.socdem.org\/wp-content\/uploads\/2016\/03\/unnamed.jpg","datePublished":"2016-03-11T15:19:58+00:00","dateModified":"2016-03-11T15:21:45+00:00","breadcrumb":{"@id":"https:\/\/www.socdem.org\/en\/lecons-de-vie-a-socrates-ii\/#breadcrumb"},"inLanguage":"en-US","potentialAction":[{"@type":"ReadAction","target":["https:\/\/www.socdem.org\/en\/lecons-de-vie-a-socrates-ii\/"]}]},{"@type":"ImageObject","inLanguage":"en-US","@id":"https:\/\/www.socdem.org\/en\/lecons-de-vie-a-socrates-ii\/#primaryimage","url":"https:\/\/www.socdem.org\/wp-content\/uploads\/2016\/03\/unnamed.jpg","contentUrl":"https:\/\/www.socdem.org\/wp-content\/uploads\/2016\/03\/unnamed.jpg","width":"364","height":"647"},{"@type":"BreadcrumbList","@id":"https:\/\/www.socdem.org\/en\/lecons-de-vie-a-socrates-ii\/#breadcrumb","itemListElement":[{"@type":"ListItem","position":1,"name":"Accueil","item":"https:\/\/www.socdem.org\/en\/"},{"@type":"ListItem","position":2,"name":"LE\u00c7ONS DE VIE \u00c0 SOCRATES II"}]},{"@type":"WebSite","@id":"https:\/\/www.socdem.org\/en\/#website","url":"https:\/\/www.socdem.org\/en\/","name":"\u00c9cole Socrates-D\u00e9mosth\u00e8ne","description":"Five trilingual greek primary schools of Greater Montreal.","publisher":{"@id":"https:\/\/www.socdem.org\/en\/#organization"},"potentialAction":[{"@type":"SearchAction","target":{"@type":"EntryPoint","urlTemplate":"https:\/\/www.socdem.org\/en\/?s={search_term_string}"},"query-input":{"@type":"PropertyValueSpecification","valueRequired":true,"valueName":"search_term_string"}}],"inLanguage":"en-US"},{"@type":"Organization","@id":"https:\/\/www.socdem.org\/en\/#organization","name":"\u00c9cole Socrates-D\u00e9mosth\u00e8ne","url":"https:\/\/www.socdem.org\/en\/","logo":{"@type":"ImageObject","inLanguage":"en-US","@id":"https:\/\/www.socdem.org\/en\/#\/schema\/logo\/image\/","url":"https:\/\/www.socdem.org\/wp-content\/uploads\/2014\/03\/SOC-DEM-LOGO-NAME.jpg","contentUrl":"https:\/\/www.socdem.org\/wp-content\/uploads\/2014\/03\/SOC-DEM-LOGO-NAME.jpg","width":"8485","height":"4200","caption":"\u00c9cole Socrates-D\u00e9mosth\u00e8ne"},"image":{"@id":"https:\/\/www.socdem.org\/en\/#\/schema\/logo\/image\/"},"sameAs":["https:\/\/www.facebook.com\/TheHCGM\/","https:\/\/www.instagram.com\/p\/BnE965PhJU7\/?hl=en"]},{"@type":"Person","@id":"https:\/\/www.socdem.org\/en\/#\/schema\/person\/3d4208f100317a6251846d5d4fcb6e6f","name":"avournias","image":{"@type":"ImageObject","inLanguage":"en-US","@id":"https:\/\/secure.gravatar.com\/avatar\/e44d940614c28c716a6912b81868ef19a508fe61c65c7dbdb4825236cbaa5364?s=96&d=mm&r=g","url":"https:\/\/secure.gravatar.com\/avatar\/e44d940614c28c716a6912b81868ef19a508fe61c65c7dbdb4825236cbaa5364?s=96&d=mm&r=g","contentUrl":"https:\/\/secure.gravatar.com\/avatar\/e44d940614c28c716a6912b81868ef19a508fe61c65c7dbdb4825236cbaa5364?s=96&d=mm&r=g","caption":"avournias"},"sameAs":["http:\/\/socdem.wpengine.com"],"url":"https:\/\/www.socdem.org\/en\/author\/avournias\/"}]}},"_links":{"self":[{"href":"https:\/\/www.socdem.org\/en\/wp-json\/wp\/v2\/posts\/17701","targetHints":{"allow":["GET"]}}],"collection":[{"href":"https:\/\/www.socdem.org\/en\/wp-json\/wp\/v2\/posts"}],"about":[{"href":"https:\/\/www.socdem.org\/en\/wp-json\/wp\/v2\/types\/post"}],"author":[{"embeddable":true,"href":"https:\/\/www.socdem.org\/en\/wp-json\/wp\/v2\/users\/23"}],"replies":[{"embeddable":true,"href":"https:\/\/www.socdem.org\/en\/wp-json\/wp\/v2\/comments?post=17701"}],"version-history":[{"count":0,"href":"https:\/\/www.socdem.org\/en\/wp-json\/wp\/v2\/posts\/17701\/revisions"}],"wp:featuredmedia":[{"embeddable":true,"href":"https:\/\/www.socdem.org\/en\/wp-json\/wp\/v2\/media\/17699"}],"wp:attachment":[{"href":"https:\/\/www.socdem.org\/en\/wp-json\/wp\/v2\/media?parent=17701"}],"wp:term":[{"taxonomy":"category","embeddable":true,"href":"https:\/\/www.socdem.org\/en\/wp-json\/wp\/v2\/categories?post=17701"},{"taxonomy":"post_tag","embeddable":true,"href":"https:\/\/www.socdem.org\/en\/wp-json\/wp\/v2\/tags?post=17701"}],"curies":[{"name":"wp","href":"https:\/\/api.w.org\/{rel}","templated":true}]}}