{"id":19225,"date":"2016-10-07T11:29:28","date_gmt":"2016-10-07T15:29:28","guid":{"rendered":"https:\/\/www.socdem.org\/en\/?p=19225"},"modified":"2016-10-07T11:29:47","modified_gmt":"2016-10-07T15:29:47","slug":"socrates-demosthenes-at-the-educational-fair","status":"publish","type":"post","link":"https:\/\/www.socdem.org\/en\/socrates-demosthenes-at-the-educational-fair\/","title":{"rendered":"Socrates-Demosthenes at the educational fair"},"content":{"rendered":"<h6><img decoding=\"async\" src=\"https:\/\/ci5.googleusercontent.com\/proxy\/Ol-cXhJ1ELog2bfcxLBgjpw16B3QY2lD6F7Xv2Box8LclRopPwNAYNbRz9S3F6wITiNknAcdGinFczXtwLhgDRfKfKI-qtnThxdad5j8MzV3pU2FQPBE6aQdBMyDKqXPtE3SQf8ea1GO2hwXuvpsQOSfdaeiwesaz_RCAMo=s0-d-e1-ft#https:\/\/gallery.mailchimp.com\/a2a5cd6716c4aae4b0d1133b9\/images\/0c4cd10e-7caf-4c13-9a4e-adfd2e9767d1.jpg\" alt=\"Displaying \" \/>The Montreal Families educational fair allows parents to meet and ask questions to the representatives of prospective schools they might choose to send their 0children. Our Socrates-Demosthenes School had a superb kiosk at the fair that was held on September 25th, 2016.<img loading=\"lazy\" decoding=\"async\" class=\"CToWUd a6T\" tabindex=\"0\" src=\"https:\/\/ci3.googleusercontent.com\/proxy\/SBZD_ykLuMQ5BUSIWxZc2Qbg-8YHfVhtVnjHh-wTj0RLtgOv-nDe3vDPVLD-PI9zoD4V5t9AwzJH8nL5ZDluEZiiYVlheprs6AnLeS6cyROeZZMAlCtBXuXwh8XeHMyolIPAGfUg7PPXoE9eXaCxhQPTYuq2mOAMfVwRrhI=s0-d-e1-ft#https:\/\/gallery.mailchimp.com\/a2a5cd6716c4aae4b0d1133b9\/images\/3e6e0590-0c46-4707-a13d-b73b9fc5a7f8.jpg\" width=\"974\" height=\"662\" align=\"none\" \/><\/h6>\n<h6>Our school was represented by several teachers and directors, including, Georgia Tsakalis, \u00c9ric Loustau, Chris Filandrianos, Katherine Divolis, Christina Chrysovalantou and\u00a0Chris Adamopoulos. \u00a0Those who had not heard of our school were very impressed by what our school had to offer. \u00a0Everyone is invited to our open house which will be held from the 5th to the 9th of November in all our campuses.<\/h6>\n<p><img loading=\"lazy\" decoding=\"async\" class=\"CToWUd a6T\" tabindex=\"0\" src=\"https:\/\/ci5.googleusercontent.com\/proxy\/jkyiJWH2qCgLqDLn9gNV3uBmhp8gIyV_drLZlTUPZJSHP1uIZzR2abVXQkuatR0yK4-m_pY48OSefFBPFUQDjeNJNRjTlOxhUFwwoE0j_6HvGGSvKgWSfZX9zMuJ8nE4WaTSTxECvZp5IHECE_RAP-KvvoiTDzRkb0luVHg=s0-d-e1-ft#https:\/\/gallery.mailchimp.com\/a2a5cd6716c4aae4b0d1133b9\/images\/7a9ccb67-3a37-4f53-a27e-da6ad031ebb5.jpg\" width=\"1000\" height=\"681\" align=\"none\" \/><\/p>\n<h6>This certainly was an event to participate in again.<\/h6>\n<p><img loading=\"lazy\" decoding=\"async\" class=\"CToWUd a6T\" tabindex=\"0\" src=\"https:\/\/ci6.googleusercontent.com\/proxy\/yR_swrlAL8b2Q-6ADev7vS2kOOpIl5IAjlV83tkMa-FzLxUz_WVuggsJdXZRUB9i0bvOpLUDOXVmp3w-fpxnlngnTklt-gOIXgZ--ZDyjKtgW6vZA47tE22Nf9mz15aypcKraF9PKhPESlajmMx-7kud80VkygXaUxB8pCE=s0-d-e1-ft#https:\/\/gallery.mailchimp.com\/a2a5cd6716c4aae4b0d1133b9\/images\/14b6d86b-6d8e-4b0a-b241-3d805c876c4d.jpg\" width=\"1037\" height=\"691\" align=\"none\" \/><\/p>\n","protected":false},"excerpt":{"rendered":"<p>The Montreal Families educational fair allows parents to meet and ask questions to the representatives of prospective schools they might choose to send their 0children. Our Socrates-Demosthenes School had a&#8230;<\/p>\n","protected":false},"author":23,"featured_media":19223,"comment_status":"closed","ping_status":"closed","sticky":false,"template":"","format":"standard","meta":{"_monsterinsights_skip_tracking":false,"_monsterinsights_sitenote_active":false,"_monsterinsights_sitenote_note":"","_monsterinsights_sitenote_category":0,"footnotes":""},"categories":[88,89,90,91,86,92],"tags":[],"class_list":{"0":"post-19225","1":"post","2":"type-post","3":"status-publish","4":"format-standard","5":"has-post-thumbnail","7":"category-news-2","8":"category-news-3","9":"category-news-4","10":"category-news-5","11":"category-news-and-activities-english","12":"category-news-demosthene"},"yoast_head":"<!-- This site is optimized with the Yoast SEO plugin v27.5 - https:\/\/yoast.com\/product\/yoast-seo-wordpress\/ -->\n<title>Socrates-Demosthenes at the educational fair - Primary School Socrates and Demosthenes<\/title>\n<meta name=\"robots\" content=\"index, follow, max-snippet:-1, max-image-preview:large, max-video-preview:-1\" \/>\n<link rel=\"canonical\" href=\"https:\/\/www.socdem.org\/en\/socrates-demosthenes-at-the-educational-fair\/\" \/>\n<meta property=\"og:locale\" content=\"en_US\" \/>\n<meta property=\"og:type\" content=\"article\" \/>\n<meta property=\"og:title\" content=\"Socrates-Demosthenes at the educational fair - Primary School Socrates and Demosthenes\" \/>\n<meta property=\"og:description\" content=\"The Montreal Families educational fair allows parents to meet and ask questions to the representatives of prospective schools they might choose to send their 0children. Our Socrates-Demosthenes School had a...\" \/>\n<meta property=\"og:url\" content=\"https:\/\/www.socdem.org\/en\/socrates-demosthenes-at-the-educational-fair\/\" \/>\n<meta property=\"og:site_name\" content=\"Primary School Socrates and Demosthenes\" \/>\n<meta property=\"article:publisher\" content=\"https:\/\/www.facebook.com\/TheHCGM\/\" \/>\n<meta property=\"article:published_time\" content=\"2016-10-07T15:29:28+00:00\" \/>\n<meta property=\"article:modified_time\" content=\"2016-10-07T15:29:47+00:00\" \/>\n<meta property=\"og:image\" content=\"https:\/\/www.socdem.org\/wp-content\/uploads\/2016\/10\/foire-2016.jpg\" \/>\n\t<meta property=\"og:image:width\" content=\"1037\" \/>\n\t<meta property=\"og:image:height\" content=\"691\" \/>\n\t<meta property=\"og:image:type\" content=\"image\/jpeg\" \/>\n<meta name=\"author\" content=\"avournias\" \/>\n<meta name=\"twitter:card\" content=\"summary_large_image\" \/>\n<meta name=\"twitter:label1\" content=\"Written by\" \/>\n\t<meta name=\"twitter:data1\" content=\"avournias\" \/>\n\t<meta name=\"twitter:label2\" content=\"Est. reading time\" \/>\n\t<meta name=\"twitter:data2\" content=\"1 minute\" \/>\n<script type=\"application\/ld+json\" class=\"yoast-schema-graph\">{\"@context\":\"https:\\\/\\\/schema.org\",\"@graph\":[{\"@type\":\"Article\",\"@id\":\"https:\\\/\\\/www.socdem.org\\\/en\\\/socrates-demosthenes-at-the-educational-fair\\\/#article\",\"isPartOf\":{\"@id\":\"https:\\\/\\\/www.socdem.org\\\/en\\\/socrates-demosthenes-at-the-educational-fair\\\/\"},\"author\":{\"name\":\"avournias\",\"@id\":\"https:\\\/\\\/www.socdem.org\\\/en\\\/#\\\/schema\\\/person\\\/3d4208f100317a6251846d5d4fcb6e6f\"},\"headline\":\"Socrates-Demosthenes at the educational fair\",\"datePublished\":\"2016-10-07T15:29:28+00:00\",\"dateModified\":\"2016-10-07T15:29:47+00:00\",\"mainEntityOfPage\":{\"@id\":\"https:\\\/\\\/www.socdem.org\\\/en\\\/socrates-demosthenes-at-the-educational-fair\\\/\"},\"wordCount\":119,\"publisher\":{\"@id\":\"https:\\\/\\\/www.socdem.org\\\/en\\\/#organization\"},\"image\":{\"@id\":\"https:\\\/\\\/www.socdem.org\\\/en\\\/socrates-demosthenes-at-the-educational-fair\\\/#primaryimage\"},\"thumbnailUrl\":\"https:\\\/\\\/www.socdem.org\\\/wp-content\\\/uploads\\\/2016\\\/10\\\/foire-2016.jpg\",\"articleSection\":[\"News 2\",\"News 3\",\"News 4\",\"News 5\",\"News and Activities english\",\"News demosthene\"],\"inLanguage\":\"en-US\"},{\"@type\":\"WebPage\",\"@id\":\"https:\\\/\\\/www.socdem.org\\\/en\\\/socrates-demosthenes-at-the-educational-fair\\\/\",\"url\":\"https:\\\/\\\/www.socdem.org\\\/en\\\/socrates-demosthenes-at-the-educational-fair\\\/\",\"name\":\"Socrates-Demosthenes at the educational fair - Primary School Socrates and Demosthenes\",\"isPartOf\":{\"@id\":\"https:\\\/\\\/www.socdem.org\\\/en\\\/#website\"},\"primaryImageOfPage\":{\"@id\":\"https:\\\/\\\/www.socdem.org\\\/en\\\/socrates-demosthenes-at-the-educational-fair\\\/#primaryimage\"},\"image\":{\"@id\":\"https:\\\/\\\/www.socdem.org\\\/en\\\/socrates-demosthenes-at-the-educational-fair\\\/#primaryimage\"},\"thumbnailUrl\":\"https:\\\/\\\/www.socdem.org\\\/wp-content\\\/uploads\\\/2016\\\/10\\\/foire-2016.jpg\",\"datePublished\":\"2016-10-07T15:29:28+00:00\",\"dateModified\":\"2016-10-07T15:29:47+00:00\",\"breadcrumb\":{\"@id\":\"https:\\\/\\\/www.socdem.org\\\/en\\\/socrates-demosthenes-at-the-educational-fair\\\/#breadcrumb\"},\"inLanguage\":\"en-US\",\"potentialAction\":[{\"@type\":\"ReadAction\",\"target\":[\"https:\\\/\\\/www.socdem.org\\\/en\\\/socrates-demosthenes-at-the-educational-fair\\\/\"]}]},{\"@type\":\"ImageObject\",\"inLanguage\":\"en-US\",\"@id\":\"https:\\\/\\\/www.socdem.org\\\/en\\\/socrates-demosthenes-at-the-educational-fair\\\/#primaryimage\",\"url\":\"https:\\\/\\\/www.socdem.org\\\/wp-content\\\/uploads\\\/2016\\\/10\\\/foire-2016.jpg\",\"contentUrl\":\"https:\\\/\\\/www.socdem.org\\\/wp-content\\\/uploads\\\/2016\\\/10\\\/foire-2016.jpg\",\"width\":1037,\"height\":691},{\"@type\":\"BreadcrumbList\",\"@id\":\"https:\\\/\\\/www.socdem.org\\\/en\\\/socrates-demosthenes-at-the-educational-fair\\\/#breadcrumb\",\"itemListElement\":[{\"@type\":\"ListItem\",\"position\":1,\"name\":\"Accueil\",\"item\":\"https:\\\/\\\/www.socdem.org\\\/en\\\/\"},{\"@type\":\"ListItem\",\"position\":2,\"name\":\"Socrates-Demosthenes at the educational fair\"}]},{\"@type\":\"WebSite\",\"@id\":\"https:\\\/\\\/www.socdem.org\\\/en\\\/#website\",\"url\":\"https:\\\/\\\/www.socdem.org\\\/en\\\/\",\"name\":\"\u00c9cole Socrates-D\u00e9mosth\u00e8ne\",\"description\":\"Five trilingual greek primary schools of Greater Montreal.\",\"publisher\":{\"@id\":\"https:\\\/\\\/www.socdem.org\\\/en\\\/#organization\"},\"potentialAction\":[{\"@type\":\"SearchAction\",\"target\":{\"@type\":\"EntryPoint\",\"urlTemplate\":\"https:\\\/\\\/www.socdem.org\\\/en\\\/?s={search_term_string}\"},\"query-input\":{\"@type\":\"PropertyValueSpecification\",\"valueRequired\":true,\"valueName\":\"search_term_string\"}}],\"inLanguage\":\"en-US\"},{\"@type\":\"Organization\",\"@id\":\"https:\\\/\\\/www.socdem.org\\\/en\\\/#organization\",\"name\":\"\u00c9cole Socrates-D\u00e9mosth\u00e8ne\",\"url\":\"https:\\\/\\\/www.socdem.org\\\/en\\\/\",\"logo\":{\"@type\":\"ImageObject\",\"inLanguage\":\"en-US\",\"@id\":\"https:\\\/\\\/www.socdem.org\\\/en\\\/#\\\/schema\\\/logo\\\/image\\\/\",\"url\":\"https:\\\/\\\/www.socdem.org\\\/wp-content\\\/uploads\\\/2014\\\/03\\\/SOC-DEM-LOGO-NAME.jpg\",\"contentUrl\":\"https:\\\/\\\/www.socdem.org\\\/wp-content\\\/uploads\\\/2014\\\/03\\\/SOC-DEM-LOGO-NAME.jpg\",\"width\":\"8485\",\"height\":\"4200\",\"caption\":\"\u00c9cole Socrates-D\u00e9mosth\u00e8ne\"},\"image\":{\"@id\":\"https:\\\/\\\/www.socdem.org\\\/en\\\/#\\\/schema\\\/logo\\\/image\\\/\"},\"sameAs\":[\"https:\\\/\\\/www.facebook.com\\\/TheHCGM\\\/\",\"https:\\\/\\\/www.instagram.com\\\/p\\\/BnE965PhJU7\\\/?hl=en\"]},{\"@type\":\"Person\",\"@id\":\"https:\\\/\\\/www.socdem.org\\\/en\\\/#\\\/schema\\\/person\\\/3d4208f100317a6251846d5d4fcb6e6f\",\"name\":\"avournias\",\"image\":{\"@type\":\"ImageObject\",\"inLanguage\":\"en-US\",\"@id\":\"https:\\\/\\\/secure.gravatar.com\\\/avatar\\\/e44d940614c28c716a6912b81868ef19a508fe61c65c7dbdb4825236cbaa5364?s=96&d=mm&r=g\",\"url\":\"https:\\\/\\\/secure.gravatar.com\\\/avatar\\\/e44d940614c28c716a6912b81868ef19a508fe61c65c7dbdb4825236cbaa5364?s=96&d=mm&r=g\",\"contentUrl\":\"https:\\\/\\\/secure.gravatar.com\\\/avatar\\\/e44d940614c28c716a6912b81868ef19a508fe61c65c7dbdb4825236cbaa5364?s=96&d=mm&r=g\",\"caption\":\"avournias\"},\"sameAs\":[\"http:\\\/\\\/socdem.wpengine.com\"],\"url\":\"https:\\\/\\\/www.socdem.org\\\/en\\\/author\\\/avournias\\\/\"}]}<\/script>\n<!-- \/ Yoast SEO plugin. -->","yoast_head_json":{"title":"Socrates-Demosthenes at the educational fair - Primary School Socrates and Demosthenes","robots":{"index":"index","follow":"follow","max-snippet":"max-snippet:-1","max-image-preview":"max-image-preview:large","max-video-preview":"max-video-preview:-1"},"canonical":"https:\/\/www.socdem.org\/en\/socrates-demosthenes-at-the-educational-fair\/","og_locale":"en_US","og_type":"article","og_title":"Socrates-Demosthenes at the educational fair - Primary School Socrates and Demosthenes","og_description":"The Montreal Families educational fair allows parents to meet and ask questions to the representatives of prospective schools they might choose to send their 0children. Our Socrates-Demosthenes School had a...","og_url":"https:\/\/www.socdem.org\/en\/socrates-demosthenes-at-the-educational-fair\/","og_site_name":"Primary School Socrates and Demosthenes","article_publisher":"https:\/\/www.facebook.com\/TheHCGM\/","article_published_time":"2016-10-07T15:29:28+00:00","article_modified_time":"2016-10-07T15:29:47+00:00","og_image":[{"width":1037,"height":691,"url":"https:\/\/www.socdem.org\/wp-content\/uploads\/2016\/10\/foire-2016.jpg","type":"image\/jpeg"}],"author":"avournias","twitter_card":"summary_large_image","twitter_misc":{"Written by":"avournias","Est. reading time":"1 minute"},"schema":{"@context":"https:\/\/schema.org","@graph":[{"@type":"Article","@id":"https:\/\/www.socdem.org\/en\/socrates-demosthenes-at-the-educational-fair\/#article","isPartOf":{"@id":"https:\/\/www.socdem.org\/en\/socrates-demosthenes-at-the-educational-fair\/"},"author":{"name":"avournias","@id":"https:\/\/www.socdem.org\/en\/#\/schema\/person\/3d4208f100317a6251846d5d4fcb6e6f"},"headline":"Socrates-Demosthenes at the educational fair","datePublished":"2016-10-07T15:29:28+00:00","dateModified":"2016-10-07T15:29:47+00:00","mainEntityOfPage":{"@id":"https:\/\/www.socdem.org\/en\/socrates-demosthenes-at-the-educational-fair\/"},"wordCount":119,"publisher":{"@id":"https:\/\/www.socdem.org\/en\/#organization"},"image":{"@id":"https:\/\/www.socdem.org\/en\/socrates-demosthenes-at-the-educational-fair\/#primaryimage"},"thumbnailUrl":"https:\/\/www.socdem.org\/wp-content\/uploads\/2016\/10\/foire-2016.jpg","articleSection":["News 2","News 3","News 4","News 5","News and Activities english","News demosthene"],"inLanguage":"en-US"},{"@type":"WebPage","@id":"https:\/\/www.socdem.org\/en\/socrates-demosthenes-at-the-educational-fair\/","url":"https:\/\/www.socdem.org\/en\/socrates-demosthenes-at-the-educational-fair\/","name":"Socrates-Demosthenes at the educational fair - Primary School Socrates and Demosthenes","isPartOf":{"@id":"https:\/\/www.socdem.org\/en\/#website"},"primaryImageOfPage":{"@id":"https:\/\/www.socdem.org\/en\/socrates-demosthenes-at-the-educational-fair\/#primaryimage"},"image":{"@id":"https:\/\/www.socdem.org\/en\/socrates-demosthenes-at-the-educational-fair\/#primaryimage"},"thumbnailUrl":"https:\/\/www.socdem.org\/wp-content\/uploads\/2016\/10\/foire-2016.jpg","datePublished":"2016-10-07T15:29:28+00:00","dateModified":"2016-10-07T15:29:47+00:00","breadcrumb":{"@id":"https:\/\/www.socdem.org\/en\/socrates-demosthenes-at-the-educational-fair\/#breadcrumb"},"inLanguage":"en-US","potentialAction":[{"@type":"ReadAction","target":["https:\/\/www.socdem.org\/en\/socrates-demosthenes-at-the-educational-fair\/"]}]},{"@type":"ImageObject","inLanguage":"en-US","@id":"https:\/\/www.socdem.org\/en\/socrates-demosthenes-at-the-educational-fair\/#primaryimage","url":"https:\/\/www.socdem.org\/wp-content\/uploads\/2016\/10\/foire-2016.jpg","contentUrl":"https:\/\/www.socdem.org\/wp-content\/uploads\/2016\/10\/foire-2016.jpg","width":1037,"height":691},{"@type":"BreadcrumbList","@id":"https:\/\/www.socdem.org\/en\/socrates-demosthenes-at-the-educational-fair\/#breadcrumb","itemListElement":[{"@type":"ListItem","position":1,"name":"Accueil","item":"https:\/\/www.socdem.org\/en\/"},{"@type":"ListItem","position":2,"name":"Socrates-Demosthenes at the educational fair"}]},{"@type":"WebSite","@id":"https:\/\/www.socdem.org\/en\/#website","url":"https:\/\/www.socdem.org\/en\/","name":"\u00c9cole Socrates-D\u00e9mosth\u00e8ne","description":"Five trilingual greek primary schools of Greater Montreal.","publisher":{"@id":"https:\/\/www.socdem.org\/en\/#organization"},"potentialAction":[{"@type":"SearchAction","target":{"@type":"EntryPoint","urlTemplate":"https:\/\/www.socdem.org\/en\/?s={search_term_string}"},"query-input":{"@type":"PropertyValueSpecification","valueRequired":true,"valueName":"search_term_string"}}],"inLanguage":"en-US"},{"@type":"Organization","@id":"https:\/\/www.socdem.org\/en\/#organization","name":"\u00c9cole Socrates-D\u00e9mosth\u00e8ne","url":"https:\/\/www.socdem.org\/en\/","logo":{"@type":"ImageObject","inLanguage":"en-US","@id":"https:\/\/www.socdem.org\/en\/#\/schema\/logo\/image\/","url":"https:\/\/www.socdem.org\/wp-content\/uploads\/2014\/03\/SOC-DEM-LOGO-NAME.jpg","contentUrl":"https:\/\/www.socdem.org\/wp-content\/uploads\/2014\/03\/SOC-DEM-LOGO-NAME.jpg","width":"8485","height":"4200","caption":"\u00c9cole Socrates-D\u00e9mosth\u00e8ne"},"image":{"@id":"https:\/\/www.socdem.org\/en\/#\/schema\/logo\/image\/"},"sameAs":["https:\/\/www.facebook.com\/TheHCGM\/","https:\/\/www.instagram.com\/p\/BnE965PhJU7\/?hl=en"]},{"@type":"Person","@id":"https:\/\/www.socdem.org\/en\/#\/schema\/person\/3d4208f100317a6251846d5d4fcb6e6f","name":"avournias","image":{"@type":"ImageObject","inLanguage":"en-US","@id":"https:\/\/secure.gravatar.com\/avatar\/e44d940614c28c716a6912b81868ef19a508fe61c65c7dbdb4825236cbaa5364?s=96&d=mm&r=g","url":"https:\/\/secure.gravatar.com\/avatar\/e44d940614c28c716a6912b81868ef19a508fe61c65c7dbdb4825236cbaa5364?s=96&d=mm&r=g","contentUrl":"https:\/\/secure.gravatar.com\/avatar\/e44d940614c28c716a6912b81868ef19a508fe61c65c7dbdb4825236cbaa5364?s=96&d=mm&r=g","caption":"avournias"},"sameAs":["http:\/\/socdem.wpengine.com"],"url":"https:\/\/www.socdem.org\/en\/author\/avournias\/"}]}},"_links":{"self":[{"href":"https:\/\/www.socdem.org\/en\/wp-json\/wp\/v2\/posts\/19225","targetHints":{"allow":["GET"]}}],"collection":[{"href":"https:\/\/www.socdem.org\/en\/wp-json\/wp\/v2\/posts"}],"about":[{"href":"https:\/\/www.socdem.org\/en\/wp-json\/wp\/v2\/types\/post"}],"author":[{"embeddable":true,"href":"https:\/\/www.socdem.org\/en\/wp-json\/wp\/v2\/users\/23"}],"replies":[{"embeddable":true,"href":"https:\/\/www.socdem.org\/en\/wp-json\/wp\/v2\/comments?post=19225"}],"version-history":[{"count":0,"href":"https:\/\/www.socdem.org\/en\/wp-json\/wp\/v2\/posts\/19225\/revisions"}],"wp:featuredmedia":[{"embeddable":true,"href":"https:\/\/www.socdem.org\/en\/wp-json\/wp\/v2\/media\/19223"}],"wp:attachment":[{"href":"https:\/\/www.socdem.org\/en\/wp-json\/wp\/v2\/media?parent=19225"}],"wp:term":[{"taxonomy":"category","embeddable":true,"href":"https:\/\/www.socdem.org\/en\/wp-json\/wp\/v2\/categories?post=19225"},{"taxonomy":"post_tag","embeddable":true,"href":"https:\/\/www.socdem.org\/en\/wp-json\/wp\/v2\/tags?post=19225"}],"curies":[{"name":"wp","href":"https:\/\/api.w.org\/{rel}","templated":true}]}}