{"id":21077,"date":"2017-06-26T13:30:11","date_gmt":"2017-06-26T17:30:11","guid":{"rendered":"https:\/\/www.socdem.org\/?p=21077\/"},"modified":"2017-06-26T13:30:11","modified_gmt":"2017-06-26T17:30:11","slug":"socrates-v-art-exposition","status":"publish","type":"post","link":"https:\/\/www.socdem.org\/en\/socrates-v-art-exposition\/","title":{"rendered":"Socrates V art exposition"},"content":{"rendered":"<div><\/div>\n<div><img loading=\"lazy\" decoding=\"async\" class=\"CToWUd a6T\" tabindex=\"0\" src=\"https:\/\/ci4.googleusercontent.com\/proxy\/MejbqXNfsueU0xmzwYVL7jPj_2r4c6n-pb3uwJfFd8Qt2BjaGR64WoIYGqBTD5LFqWdrea0aE3jnQOxDug7_zVnGCxAx_0A6QwYtH4UpajqffkvXPfodPxYapr7hLYlS-GaDGHp8NDd7gajERL43T3FUIxCioT3SG17phP8=s0-d-e1-ft#https:\/\/gallery.mailchimp.com\/a2a5cd6716c4aae4b0d1133b9\/images\/1837117b-a522-46fe-8940-b3c4ac1324b9.jpg\" width=\"640\" height=\"480\" \/><\/div>\n<h6>On June 1st, the Socrates V campus held a large art exposition.<\/h6>\n<div><img loading=\"lazy\" decoding=\"async\" class=\"CToWUd a6T\" tabindex=\"0\" src=\"https:\/\/ci6.googleusercontent.com\/proxy\/DuY0YSN8FKMkxy-bDt1mV1m81PLaSI9OrE9pl1zu1DGz-0Tb1A2nl6Em25YZMP50GTz35-uXYLwcG_JBNKyzJo0fV59FbM6FNRrfxYFEjR80QBjntxHrlt-9ARC89MxAMXY-u5ZUoQ20Tk19EjKFkdpMk8ZtmQI1V_ZsCQc=s0-d-e1-ft#https:\/\/gallery.mailchimp.com\/a2a5cd6716c4aae4b0d1133b9\/images\/288d02c8-5b2a-44f5-8101-6dadc852d038.jpg\" width=\"640\" height=\"480\" \/><\/div>\n<h6>Parents were invited to come and admire the works of their children, from pre-kindergarten to grade 6.<\/h6>\n<div><img loading=\"lazy\" decoding=\"async\" class=\"CToWUd a6T\" tabindex=\"0\" src=\"https:\/\/ci3.googleusercontent.com\/proxy\/d6nHlgfOOmDIjzHay9YpYR89BohOpt6R3kUQM3dglty84sZ5tVFGlB1H1caqT01OqRGwCTpZf_iGNW4JeipRMaISY4Dn1lXjxywdqsP_IydazbwCo4UO9kVsUbl7quxRHPYeoJDebZWhej4EkGJ921fy9tOPaTeOLTH7vhY=s0-d-e1-ft#https:\/\/gallery.mailchimp.com\/a2a5cd6716c4aae4b0d1133b9\/images\/1a1285db-28d1-4605-9e8b-02515711f4bc.jpg\" width=\"888\" height=\"499\" \/><\/div>\n<h6>The parents were dazzled by the beauty of the work of these artists.<br \/>\n<img loading=\"lazy\" decoding=\"async\" class=\"CToWUd a6T\" tabindex=\"0\" src=\"https:\/\/ci6.googleusercontent.com\/proxy\/Dz03JyDRs2LpGEFVLAtz21YP1Hh_IPZI8mM566jZ-ixiX8beTmwrru0N9P7m0DZTgQhV5q41PbpK-Rwq6vXH2b1vz335qZ0U4bz7glx7sEn0yz471tCaWI7Af8fRlKt4Qy1XTEYBYX0GcYfgG8QIIzRakPVWZx3-4TpwS84=s0-d-e1-ft#https:\/\/gallery.mailchimp.com\/a2a5cd6716c4aae4b0d1133b9\/images\/c662b905-2032-46c6-8916-c86b7080ce0d.jpg\" width=\"888\" height=\"381\" \/><br \/>\nThe involvement of all the staff made this event a great success.<\/h6>\n<div><img loading=\"lazy\" decoding=\"async\" class=\"CToWUd a6T\" tabindex=\"0\" src=\"https:\/\/ci6.googleusercontent.com\/proxy\/zOiSo-LD9sHP-YlhIgLCYi3BDAraIHMhkeqdlU765C3gpEi952M7yvFjme4Qdfu55e-wrK_cvLwHEsi-7B_gtI8_iHO82FJ49NRHg7aHK0u09eFLPocBdWR-SC7rd2Gq_MhrXfU0zZktwG6OlJlluBWbyatM3Z3RuLMT18Q=s0-d-e1-ft#https:\/\/gallery.mailchimp.com\/a2a5cd6716c4aae4b0d1133b9\/images\/a97056b5-70f1-4ff2-96af-289f3f04530d.jpg\" width=\"888\" height=\"499\" \/><br \/>\n<img loading=\"lazy\" decoding=\"async\" class=\"CToWUd a6T\" tabindex=\"0\" src=\"https:\/\/ci5.googleusercontent.com\/proxy\/sr9McKHr97Typ_QcGjquhY_5VNseGGz7gYAKmIIcWiAVCKAKa5G04UU90R9U4zBGUpg-tA5KHvaAVl1YL4v9DpxTn0AbAmWm6upCj5SGarikfAS_7_C0cFWowqy3l9I7hw4FNyMUPSsPaSFYiLzR8VWStNYy9uqyfvQwO3w=s0-d-e1-ft#https:\/\/gallery.mailchimp.com\/a2a5cd6716c4aae4b0d1133b9\/images\/d006c590-721d-40c2-a4ae-60420dc33fa6.jpg\" width=\"640\" height=\"480\" \/><\/div>\n<h6>Congratulations to everyone!<\/h6>\n","protected":false},"excerpt":{"rendered":"<p>On June 1st, the Socrates V campus held a large art exposition. Parents were invited to come and admire the works of their children, from pre-kindergarten to grade 6. The&#8230;<\/p>\n","protected":false},"author":23,"featured_media":21074,"comment_status":"closed","ping_status":"closed","sticky":false,"template":"","format":"standard","meta":{"_monsterinsights_skip_tracking":false,"_monsterinsights_sitenote_active":false,"_monsterinsights_sitenote_note":"","_monsterinsights_sitenote_category":0,"footnotes":""},"categories":[91,86],"tags":[],"class_list":{"0":"post-21077","1":"post","2":"type-post","3":"status-publish","4":"format-standard","5":"has-post-thumbnail","7":"category-news-5","8":"category-news-and-activities-english"},"yoast_head":"<!-- This site is optimized with the Yoast SEO plugin v27.5 - https:\/\/yoast.com\/product\/yoast-seo-wordpress\/ -->\n<title>Socrates V art exposition - Primary School Socrates and Demosthenes<\/title>\n<meta name=\"robots\" content=\"index, follow, max-snippet:-1, max-image-preview:large, max-video-preview:-1\" \/>\n<link rel=\"canonical\" href=\"https:\/\/www.socdem.org\/en\/socrates-v-art-exposition\/\" \/>\n<meta property=\"og:locale\" content=\"en_US\" \/>\n<meta property=\"og:type\" content=\"article\" \/>\n<meta property=\"og:title\" content=\"Socrates V art exposition - Primary School Socrates and Demosthenes\" \/>\n<meta property=\"og:description\" content=\"On June 1st, the Socrates V campus held a large art exposition. Parents were invited to come and admire the works of their children, from pre-kindergarten to grade 6. The...\" \/>\n<meta property=\"og:url\" content=\"https:\/\/www.socdem.org\/en\/socrates-v-art-exposition\/\" \/>\n<meta property=\"og:site_name\" content=\"Primary School Socrates and Demosthenes\" \/>\n<meta property=\"article:publisher\" content=\"https:\/\/www.facebook.com\/TheHCGM\/\" \/>\n<meta property=\"article:published_time\" content=\"2017-06-26T17:30:11+00:00\" \/>\n<meta property=\"og:image\" content=\"https:\/\/www.socdem.org\/wp-content\/uploads\/2017\/06\/v5.jpg\" \/>\n\t<meta property=\"og:image:width\" content=\"640\" \/>\n\t<meta property=\"og:image:height\" content=\"480\" \/>\n\t<meta property=\"og:image:type\" content=\"image\/jpeg\" \/>\n<meta name=\"author\" content=\"avournias\" \/>\n<meta name=\"twitter:card\" content=\"summary_large_image\" \/>\n<meta name=\"twitter:label1\" content=\"Written by\" \/>\n\t<meta name=\"twitter:data1\" content=\"avournias\" \/>\n<script type=\"application\/ld+json\" class=\"yoast-schema-graph\">{\"@context\":\"https:\\\/\\\/schema.org\",\"@graph\":[{\"@type\":\"Article\",\"@id\":\"https:\\\/\\\/www.socdem.org\\\/en\\\/socrates-v-art-exposition\\\/#article\",\"isPartOf\":{\"@id\":\"https:\\\/\\\/www.socdem.org\\\/en\\\/socrates-v-art-exposition\\\/\"},\"author\":{\"name\":\"avournias\",\"@id\":\"https:\\\/\\\/www.socdem.org\\\/en\\\/#\\\/schema\\\/person\\\/3d4208f100317a6251846d5d4fcb6e6f\"},\"headline\":\"Socrates V art exposition\",\"datePublished\":\"2017-06-26T17:30:11+00:00\",\"mainEntityOfPage\":{\"@id\":\"https:\\\/\\\/www.socdem.org\\\/en\\\/socrates-v-art-exposition\\\/\"},\"wordCount\":60,\"publisher\":{\"@id\":\"https:\\\/\\\/www.socdem.org\\\/en\\\/#organization\"},\"image\":{\"@id\":\"https:\\\/\\\/www.socdem.org\\\/en\\\/socrates-v-art-exposition\\\/#primaryimage\"},\"thumbnailUrl\":\"https:\\\/\\\/www.socdem.org\\\/wp-content\\\/uploads\\\/2017\\\/06\\\/v5.jpg\",\"articleSection\":[\"News 5\",\"News and Activities english\"],\"inLanguage\":\"en-US\"},{\"@type\":\"WebPage\",\"@id\":\"https:\\\/\\\/www.socdem.org\\\/en\\\/socrates-v-art-exposition\\\/\",\"url\":\"https:\\\/\\\/www.socdem.org\\\/en\\\/socrates-v-art-exposition\\\/\",\"name\":\"Socrates V art exposition - Primary School Socrates and Demosthenes\",\"isPartOf\":{\"@id\":\"https:\\\/\\\/www.socdem.org\\\/en\\\/#website\"},\"primaryImageOfPage\":{\"@id\":\"https:\\\/\\\/www.socdem.org\\\/en\\\/socrates-v-art-exposition\\\/#primaryimage\"},\"image\":{\"@id\":\"https:\\\/\\\/www.socdem.org\\\/en\\\/socrates-v-art-exposition\\\/#primaryimage\"},\"thumbnailUrl\":\"https:\\\/\\\/www.socdem.org\\\/wp-content\\\/uploads\\\/2017\\\/06\\\/v5.jpg\",\"datePublished\":\"2017-06-26T17:30:11+00:00\",\"breadcrumb\":{\"@id\":\"https:\\\/\\\/www.socdem.org\\\/en\\\/socrates-v-art-exposition\\\/#breadcrumb\"},\"inLanguage\":\"en-US\",\"potentialAction\":[{\"@type\":\"ReadAction\",\"target\":[\"https:\\\/\\\/www.socdem.org\\\/en\\\/socrates-v-art-exposition\\\/\"]}]},{\"@type\":\"ImageObject\",\"inLanguage\":\"en-US\",\"@id\":\"https:\\\/\\\/www.socdem.org\\\/en\\\/socrates-v-art-exposition\\\/#primaryimage\",\"url\":\"https:\\\/\\\/www.socdem.org\\\/wp-content\\\/uploads\\\/2017\\\/06\\\/v5.jpg\",\"contentUrl\":\"https:\\\/\\\/www.socdem.org\\\/wp-content\\\/uploads\\\/2017\\\/06\\\/v5.jpg\",\"width\":640,\"height\":480},{\"@type\":\"BreadcrumbList\",\"@id\":\"https:\\\/\\\/www.socdem.org\\\/en\\\/socrates-v-art-exposition\\\/#breadcrumb\",\"itemListElement\":[{\"@type\":\"ListItem\",\"position\":1,\"name\":\"Accueil\",\"item\":\"https:\\\/\\\/www.socdem.org\\\/en\\\/\"},{\"@type\":\"ListItem\",\"position\":2,\"name\":\"Socrates V art exposition\"}]},{\"@type\":\"WebSite\",\"@id\":\"https:\\\/\\\/www.socdem.org\\\/en\\\/#website\",\"url\":\"https:\\\/\\\/www.socdem.org\\\/en\\\/\",\"name\":\"\u00c9cole Socrates-D\u00e9mosth\u00e8ne\",\"description\":\"Five trilingual greek primary schools of Greater Montreal.\",\"publisher\":{\"@id\":\"https:\\\/\\\/www.socdem.org\\\/en\\\/#organization\"},\"potentialAction\":[{\"@type\":\"SearchAction\",\"target\":{\"@type\":\"EntryPoint\",\"urlTemplate\":\"https:\\\/\\\/www.socdem.org\\\/en\\\/?s={search_term_string}\"},\"query-input\":{\"@type\":\"PropertyValueSpecification\",\"valueRequired\":true,\"valueName\":\"search_term_string\"}}],\"inLanguage\":\"en-US\"},{\"@type\":\"Organization\",\"@id\":\"https:\\\/\\\/www.socdem.org\\\/en\\\/#organization\",\"name\":\"\u00c9cole Socrates-D\u00e9mosth\u00e8ne\",\"url\":\"https:\\\/\\\/www.socdem.org\\\/en\\\/\",\"logo\":{\"@type\":\"ImageObject\",\"inLanguage\":\"en-US\",\"@id\":\"https:\\\/\\\/www.socdem.org\\\/en\\\/#\\\/schema\\\/logo\\\/image\\\/\",\"url\":\"https:\\\/\\\/www.socdem.org\\\/wp-content\\\/uploads\\\/2014\\\/03\\\/SOC-DEM-LOGO-NAME.jpg\",\"contentUrl\":\"https:\\\/\\\/www.socdem.org\\\/wp-content\\\/uploads\\\/2014\\\/03\\\/SOC-DEM-LOGO-NAME.jpg\",\"width\":\"8485\",\"height\":\"4200\",\"caption\":\"\u00c9cole Socrates-D\u00e9mosth\u00e8ne\"},\"image\":{\"@id\":\"https:\\\/\\\/www.socdem.org\\\/en\\\/#\\\/schema\\\/logo\\\/image\\\/\"},\"sameAs\":[\"https:\\\/\\\/www.facebook.com\\\/TheHCGM\\\/\",\"https:\\\/\\\/www.instagram.com\\\/p\\\/BnE965PhJU7\\\/?hl=en\"]},{\"@type\":\"Person\",\"@id\":\"https:\\\/\\\/www.socdem.org\\\/en\\\/#\\\/schema\\\/person\\\/3d4208f100317a6251846d5d4fcb6e6f\",\"name\":\"avournias\",\"image\":{\"@type\":\"ImageObject\",\"inLanguage\":\"en-US\",\"@id\":\"https:\\\/\\\/secure.gravatar.com\\\/avatar\\\/e44d940614c28c716a6912b81868ef19a508fe61c65c7dbdb4825236cbaa5364?s=96&d=mm&r=g\",\"url\":\"https:\\\/\\\/secure.gravatar.com\\\/avatar\\\/e44d940614c28c716a6912b81868ef19a508fe61c65c7dbdb4825236cbaa5364?s=96&d=mm&r=g\",\"contentUrl\":\"https:\\\/\\\/secure.gravatar.com\\\/avatar\\\/e44d940614c28c716a6912b81868ef19a508fe61c65c7dbdb4825236cbaa5364?s=96&d=mm&r=g\",\"caption\":\"avournias\"},\"sameAs\":[\"http:\\\/\\\/socdem.wpengine.com\"],\"url\":\"https:\\\/\\\/www.socdem.org\\\/en\\\/author\\\/avournias\\\/\"}]}<\/script>\n<!-- \/ Yoast SEO plugin. -->","yoast_head_json":{"title":"Socrates V art exposition - Primary School Socrates and Demosthenes","robots":{"index":"index","follow":"follow","max-snippet":"max-snippet:-1","max-image-preview":"max-image-preview:large","max-video-preview":"max-video-preview:-1"},"canonical":"https:\/\/www.socdem.org\/en\/socrates-v-art-exposition\/","og_locale":"en_US","og_type":"article","og_title":"Socrates V art exposition - Primary School Socrates and Demosthenes","og_description":"On June 1st, the Socrates V campus held a large art exposition. Parents were invited to come and admire the works of their children, from pre-kindergarten to grade 6. The...","og_url":"https:\/\/www.socdem.org\/en\/socrates-v-art-exposition\/","og_site_name":"Primary School Socrates and Demosthenes","article_publisher":"https:\/\/www.facebook.com\/TheHCGM\/","article_published_time":"2017-06-26T17:30:11+00:00","og_image":[{"width":640,"height":480,"url":"https:\/\/www.socdem.org\/wp-content\/uploads\/2017\/06\/v5.jpg","type":"image\/jpeg"}],"author":"avournias","twitter_card":"summary_large_image","twitter_misc":{"Written by":"avournias"},"schema":{"@context":"https:\/\/schema.org","@graph":[{"@type":"Article","@id":"https:\/\/www.socdem.org\/en\/socrates-v-art-exposition\/#article","isPartOf":{"@id":"https:\/\/www.socdem.org\/en\/socrates-v-art-exposition\/"},"author":{"name":"avournias","@id":"https:\/\/www.socdem.org\/en\/#\/schema\/person\/3d4208f100317a6251846d5d4fcb6e6f"},"headline":"Socrates V art exposition","datePublished":"2017-06-26T17:30:11+00:00","mainEntityOfPage":{"@id":"https:\/\/www.socdem.org\/en\/socrates-v-art-exposition\/"},"wordCount":60,"publisher":{"@id":"https:\/\/www.socdem.org\/en\/#organization"},"image":{"@id":"https:\/\/www.socdem.org\/en\/socrates-v-art-exposition\/#primaryimage"},"thumbnailUrl":"https:\/\/www.socdem.org\/wp-content\/uploads\/2017\/06\/v5.jpg","articleSection":["News 5","News and Activities english"],"inLanguage":"en-US"},{"@type":"WebPage","@id":"https:\/\/www.socdem.org\/en\/socrates-v-art-exposition\/","url":"https:\/\/www.socdem.org\/en\/socrates-v-art-exposition\/","name":"Socrates V art exposition - Primary School Socrates and Demosthenes","isPartOf":{"@id":"https:\/\/www.socdem.org\/en\/#website"},"primaryImageOfPage":{"@id":"https:\/\/www.socdem.org\/en\/socrates-v-art-exposition\/#primaryimage"},"image":{"@id":"https:\/\/www.socdem.org\/en\/socrates-v-art-exposition\/#primaryimage"},"thumbnailUrl":"https:\/\/www.socdem.org\/wp-content\/uploads\/2017\/06\/v5.jpg","datePublished":"2017-06-26T17:30:11+00:00","breadcrumb":{"@id":"https:\/\/www.socdem.org\/en\/socrates-v-art-exposition\/#breadcrumb"},"inLanguage":"en-US","potentialAction":[{"@type":"ReadAction","target":["https:\/\/www.socdem.org\/en\/socrates-v-art-exposition\/"]}]},{"@type":"ImageObject","inLanguage":"en-US","@id":"https:\/\/www.socdem.org\/en\/socrates-v-art-exposition\/#primaryimage","url":"https:\/\/www.socdem.org\/wp-content\/uploads\/2017\/06\/v5.jpg","contentUrl":"https:\/\/www.socdem.org\/wp-content\/uploads\/2017\/06\/v5.jpg","width":640,"height":480},{"@type":"BreadcrumbList","@id":"https:\/\/www.socdem.org\/en\/socrates-v-art-exposition\/#breadcrumb","itemListElement":[{"@type":"ListItem","position":1,"name":"Accueil","item":"https:\/\/www.socdem.org\/en\/"},{"@type":"ListItem","position":2,"name":"Socrates V art exposition"}]},{"@type":"WebSite","@id":"https:\/\/www.socdem.org\/en\/#website","url":"https:\/\/www.socdem.org\/en\/","name":"\u00c9cole Socrates-D\u00e9mosth\u00e8ne","description":"Five trilingual greek primary schools of Greater Montreal.","publisher":{"@id":"https:\/\/www.socdem.org\/en\/#organization"},"potentialAction":[{"@type":"SearchAction","target":{"@type":"EntryPoint","urlTemplate":"https:\/\/www.socdem.org\/en\/?s={search_term_string}"},"query-input":{"@type":"PropertyValueSpecification","valueRequired":true,"valueName":"search_term_string"}}],"inLanguage":"en-US"},{"@type":"Organization","@id":"https:\/\/www.socdem.org\/en\/#organization","name":"\u00c9cole Socrates-D\u00e9mosth\u00e8ne","url":"https:\/\/www.socdem.org\/en\/","logo":{"@type":"ImageObject","inLanguage":"en-US","@id":"https:\/\/www.socdem.org\/en\/#\/schema\/logo\/image\/","url":"https:\/\/www.socdem.org\/wp-content\/uploads\/2014\/03\/SOC-DEM-LOGO-NAME.jpg","contentUrl":"https:\/\/www.socdem.org\/wp-content\/uploads\/2014\/03\/SOC-DEM-LOGO-NAME.jpg","width":"8485","height":"4200","caption":"\u00c9cole Socrates-D\u00e9mosth\u00e8ne"},"image":{"@id":"https:\/\/www.socdem.org\/en\/#\/schema\/logo\/image\/"},"sameAs":["https:\/\/www.facebook.com\/TheHCGM\/","https:\/\/www.instagram.com\/p\/BnE965PhJU7\/?hl=en"]},{"@type":"Person","@id":"https:\/\/www.socdem.org\/en\/#\/schema\/person\/3d4208f100317a6251846d5d4fcb6e6f","name":"avournias","image":{"@type":"ImageObject","inLanguage":"en-US","@id":"https:\/\/secure.gravatar.com\/avatar\/e44d940614c28c716a6912b81868ef19a508fe61c65c7dbdb4825236cbaa5364?s=96&d=mm&r=g","url":"https:\/\/secure.gravatar.com\/avatar\/e44d940614c28c716a6912b81868ef19a508fe61c65c7dbdb4825236cbaa5364?s=96&d=mm&r=g","contentUrl":"https:\/\/secure.gravatar.com\/avatar\/e44d940614c28c716a6912b81868ef19a508fe61c65c7dbdb4825236cbaa5364?s=96&d=mm&r=g","caption":"avournias"},"sameAs":["http:\/\/socdem.wpengine.com"],"url":"https:\/\/www.socdem.org\/en\/author\/avournias\/"}]}},"_links":{"self":[{"href":"https:\/\/www.socdem.org\/en\/wp-json\/wp\/v2\/posts\/21077","targetHints":{"allow":["GET"]}}],"collection":[{"href":"https:\/\/www.socdem.org\/en\/wp-json\/wp\/v2\/posts"}],"about":[{"href":"https:\/\/www.socdem.org\/en\/wp-json\/wp\/v2\/types\/post"}],"author":[{"embeddable":true,"href":"https:\/\/www.socdem.org\/en\/wp-json\/wp\/v2\/users\/23"}],"replies":[{"embeddable":true,"href":"https:\/\/www.socdem.org\/en\/wp-json\/wp\/v2\/comments?post=21077"}],"version-history":[{"count":0,"href":"https:\/\/www.socdem.org\/en\/wp-json\/wp\/v2\/posts\/21077\/revisions"}],"wp:featuredmedia":[{"embeddable":true,"href":"https:\/\/www.socdem.org\/en\/wp-json\/wp\/v2\/media\/21074"}],"wp:attachment":[{"href":"https:\/\/www.socdem.org\/en\/wp-json\/wp\/v2\/media?parent=21077"}],"wp:term":[{"taxonomy":"category","embeddable":true,"href":"https:\/\/www.socdem.org\/en\/wp-json\/wp\/v2\/categories?post=21077"},{"taxonomy":"post_tag","embeddable":true,"href":"https:\/\/www.socdem.org\/en\/wp-json\/wp\/v2\/tags?post=21077"}],"curies":[{"name":"wp","href":"https:\/\/api.w.org\/{rel}","templated":true}]}}