{"id":21369,"date":"2017-09-13T13:40:33","date_gmt":"2017-09-13T17:40:33","guid":{"rendered":"https:\/\/www.socdem.org\/?p=21369\/"},"modified":"2017-09-13T13:40:33","modified_gmt":"2017-09-13T17:40:33","slug":"a-first-educational-fair-for-socrates-demosthenes","status":"publish","type":"post","link":"https:\/\/www.socdem.org\/en\/a-first-educational-fair-for-socrates-demosthenes\/","title":{"rendered":"A first educational fair for Socrates-Demosthenes"},"content":{"rendered":"<div>\n<p><img loading=\"lazy\" decoding=\"async\" class=\"CToWUd a6T\" tabindex=\"0\" src=\"https:\/\/ci6.googleusercontent.com\/proxy\/8FauotlmQKN9rCaGWxScqSPFv4zQJm9zDNfKUxI1T-SqEDw4h3at1KJObJvAjjJinyth8vzwz0SaY3KaEL-BfDAnJobWxsXR2BzA0cE3QQ8QV7phHjyMyIbGY1luq2erFQ2X6O6NVoml6bBpfI60LJc5kP-UGnA_sgP_KN0=s0-d-e1-ft#https:\/\/gallery.mailchimp.com\/a2a5cd6716c4aae4b0d1133b9\/images\/40875209-c36f-4ac4-99f2-86254a82dbfa.jpg\" width=\"999\" height=\"666\" \/><\/p>\n<\/div>\n<h6>The Our Kids educational fair provides parents with answers to questions they have about choosing their children&#8217;s school. Socrates-Demosthenes had a superb kiosk on September 10th, at the Mount Royal Center, visited by many parents of the School, accompanied by their acquaintances. The fair attracted more than 1,000 visitors.<\/h6>\n<h6><img loading=\"lazy\" decoding=\"async\" class=\"CToWUd a6T\" tabindex=\"0\" src=\"https:\/\/ci3.googleusercontent.com\/proxy\/SHm6odEAAA4UjEYsh1HnADOqpKlQ3SydTwDaB-ulJhK8flDEkS2ejvet62gUH3MZBTTULdyrsk6aBesAx_l1q-UrpOMJNher13uagQHmQixxT17q9BxJ2UI4WuMSnXKuKSd-p2XOAS2kIF3y8rN6DFjhO7F1Ii_IZm40SdY=s0-d-e1-ft#https:\/\/gallery.mailchimp.com\/a2a5cd6716c4aae4b0d1133b9\/images\/a2e7283a-1450-4f98-a44c-33d74ff76bb7.jpg\" width=\"999\" height=\"665\" \/><\/h6>\n<h6>Our booth was led by Diane Trudel, Georgia Tsakalis, Chris Filandrianos, and General Director, Chris Adamopoulos.<\/h6>\n<h6><img loading=\"lazy\" decoding=\"async\" class=\"CToWUd a6T\" tabindex=\"0\" src=\"https:\/\/ci5.googleusercontent.com\/proxy\/NUYWWtTq31gYqJL653-2B2BegXKp1cMfEswCmginbcBh5jrQNbRlQh7MU2hkQQn19HDPweZtaW6mOpvNtgZ4I8CAQ597vdRjZtqnRNTdZVBl46oIDGkJ3QjdtXAOVGhDqh3PELjt65_ctu19o4WT405uIoV3N9LXltrHdtk=s0-d-e1-ft#https:\/\/gallery.mailchimp.com\/a2a5cd6716c4aae4b0d1133b9\/images\/ca9ea75e-9283-40e9-9006-5eabd5273e62.jpg\" width=\"1037\" height=\"691\" \/><\/h6>\n<h6>People who had never heard of our school were duly impressed by everything they saw and heard. All visitors were invited to our open house \u00a0from November 5th to 8th in all our campuses.<\/h6>\n<h6>You are invited to the second fair that we are attending on September 24 at the Holiday Inn in Pointe-Claire. This is definitely an experience to attend!<\/h6>\n<p><img loading=\"lazy\" decoding=\"async\" class=\"CToWUd a6T\" tabindex=\"0\" src=\"https:\/\/ci3.googleusercontent.com\/proxy\/XdZb91nCeXFJAlmyRT06ZG6e1qFO5ZVL_2d19oXOfDVw-YpSzmH2TbdyUmfGbVeTNUWSThDN9efl1XVa5xKNRB7QYPZDS3rMTCzVBaiibzLjziul30YuiHw4q0vfcDj8XmXnqSAN-xIsbbooXt2aiGO80kmoqcMJrxvh0iMqWXcJf1Q=s0-d-e1-ft#https:\/\/gallery.mailchimp.com\/a2a5cd6716c4aae4b0d1133b9\/_compresseds\/2984a5f1-2890-4c04-bdaa-a5436763af55.jpg\" width=\"999\" height=\"666\" \/><\/p>\n<h6>We would like to thank Les Uniformes Loft for the splendid display and Anastasios Papanicolopoulos who helped us to mount it.<\/h6>\n<h6>The Socrates-Demosthenes School<\/h6>\n<h6><\/h6>\n<div><img loading=\"lazy\" decoding=\"async\" class=\"CToWUd a6T\" tabindex=\"0\" src=\"https:\/\/ci5.googleusercontent.com\/proxy\/G1yMIdBDdoMb93Hre3NpUZyi9YTXV7VUbiyItFMf4wsILE4L5NG3mNLyflSORY7GnnYdnUVuR0a5SetHvG_NkSsnpgdBywA-ioqLP3R-DLmkq7TLtdkIAy51rpib5p2V7i7OJDADTpRBhiy3u71lMWX61FGynbqZhXMEiHU=s0-d-e1-ft#https:\/\/gallery.mailchimp.com\/a2a5cd6716c4aae4b0d1133b9\/images\/b4e1b28e-76d5-4871-9230-8e18e994cef6.jpg\" width=\"527\" height=\"999\" \/><\/div>\n","protected":false},"excerpt":{"rendered":"<p>The Our Kids educational fair provides parents with answers to questions they have about choosing their children&#8217;s school. Socrates-Demosthenes had a superb kiosk on September 10th, at the Mount Royal&#8230;<\/p>\n","protected":false},"author":23,"featured_media":21366,"comment_status":"closed","ping_status":"closed","sticky":false,"template":"","format":"standard","meta":{"_monsterinsights_skip_tracking":false,"_monsterinsights_sitenote_active":false,"_monsterinsights_sitenote_note":"","_monsterinsights_sitenote_category":0,"footnotes":""},"categories":[88,89,90,91,86,92],"tags":[],"class_list":{"0":"post-21369","1":"post","2":"type-post","3":"status-publish","4":"format-standard","5":"has-post-thumbnail","7":"category-news-2","8":"category-news-3","9":"category-news-4","10":"category-news-5","11":"category-news-and-activities-english","12":"category-news-demosthene"},"yoast_head":"<!-- This site is optimized with the Yoast SEO plugin v27.5 - https:\/\/yoast.com\/product\/yoast-seo-wordpress\/ -->\n<title>A first educational fair for Socrates-Demosthenes - Primary School Socrates and Demosthenes<\/title>\n<meta name=\"robots\" content=\"index, follow, max-snippet:-1, max-image-preview:large, max-video-preview:-1\" \/>\n<link rel=\"canonical\" href=\"https:\/\/www.socdem.org\/en\/a-first-educational-fair-for-socrates-demosthenes\/\" \/>\n<meta property=\"og:locale\" content=\"en_US\" \/>\n<meta property=\"og:type\" content=\"article\" \/>\n<meta property=\"og:title\" content=\"A first educational fair for Socrates-Demosthenes - Primary School Socrates and Demosthenes\" \/>\n<meta property=\"og:description\" content=\"The Our Kids educational fair provides parents with answers to questions they have about choosing their children&#8217;s school. Socrates-Demosthenes had a superb kiosk on September 10th, at the Mount Royal...\" \/>\n<meta property=\"og:url\" content=\"https:\/\/www.socdem.org\/en\/a-first-educational-fair-for-socrates-demosthenes\/\" \/>\n<meta property=\"og:site_name\" content=\"Primary School Socrates and Demosthenes\" \/>\n<meta property=\"article:publisher\" content=\"https:\/\/www.facebook.com\/TheHCGM\/\" \/>\n<meta property=\"article:published_time\" content=\"2017-09-13T17:40:33+00:00\" \/>\n<meta property=\"og:image\" content=\"https:\/\/www.socdem.org\/wp-content\/uploads\/2017\/09\/expo1.jpg\" \/>\n\t<meta property=\"og:image:width\" content=\"684\" \/>\n\t<meta property=\"og:image:height\" content=\"1296\" \/>\n\t<meta property=\"og:image:type\" content=\"image\/jpeg\" \/>\n<meta name=\"author\" content=\"avournias\" \/>\n<meta name=\"twitter:card\" content=\"summary_large_image\" \/>\n<meta name=\"twitter:label1\" content=\"Written by\" \/>\n\t<meta name=\"twitter:data1\" content=\"avournias\" \/>\n\t<meta name=\"twitter:label2\" content=\"Est. reading time\" \/>\n\t<meta name=\"twitter:data2\" content=\"1 minute\" \/>\n<script type=\"application\/ld+json\" class=\"yoast-schema-graph\">{\"@context\":\"https:\\\/\\\/schema.org\",\"@graph\":[{\"@type\":\"Article\",\"@id\":\"https:\\\/\\\/www.socdem.org\\\/en\\\/a-first-educational-fair-for-socrates-demosthenes\\\/#article\",\"isPartOf\":{\"@id\":\"https:\\\/\\\/www.socdem.org\\\/en\\\/a-first-educational-fair-for-socrates-demosthenes\\\/\"},\"author\":{\"name\":\"avournias\",\"@id\":\"https:\\\/\\\/www.socdem.org\\\/en\\\/#\\\/schema\\\/person\\\/3d4208f100317a6251846d5d4fcb6e6f\"},\"headline\":\"A first educational fair for Socrates-Demosthenes\",\"datePublished\":\"2017-09-13T17:40:33+00:00\",\"mainEntityOfPage\":{\"@id\":\"https:\\\/\\\/www.socdem.org\\\/en\\\/a-first-educational-fair-for-socrates-demosthenes\\\/\"},\"wordCount\":154,\"publisher\":{\"@id\":\"https:\\\/\\\/www.socdem.org\\\/en\\\/#organization\"},\"image\":{\"@id\":\"https:\\\/\\\/www.socdem.org\\\/en\\\/a-first-educational-fair-for-socrates-demosthenes\\\/#primaryimage\"},\"thumbnailUrl\":\"https:\\\/\\\/www.socdem.org\\\/wp-content\\\/uploads\\\/2017\\\/09\\\/expo1.jpg\",\"articleSection\":[\"News 2\",\"News 3\",\"News 4\",\"News 5\",\"News and Activities english\",\"News demosthene\"],\"inLanguage\":\"en-US\"},{\"@type\":\"WebPage\",\"@id\":\"https:\\\/\\\/www.socdem.org\\\/en\\\/a-first-educational-fair-for-socrates-demosthenes\\\/\",\"url\":\"https:\\\/\\\/www.socdem.org\\\/en\\\/a-first-educational-fair-for-socrates-demosthenes\\\/\",\"name\":\"A first educational fair for Socrates-Demosthenes - Primary School Socrates and Demosthenes\",\"isPartOf\":{\"@id\":\"https:\\\/\\\/www.socdem.org\\\/en\\\/#website\"},\"primaryImageOfPage\":{\"@id\":\"https:\\\/\\\/www.socdem.org\\\/en\\\/a-first-educational-fair-for-socrates-demosthenes\\\/#primaryimage\"},\"image\":{\"@id\":\"https:\\\/\\\/www.socdem.org\\\/en\\\/a-first-educational-fair-for-socrates-demosthenes\\\/#primaryimage\"},\"thumbnailUrl\":\"https:\\\/\\\/www.socdem.org\\\/wp-content\\\/uploads\\\/2017\\\/09\\\/expo1.jpg\",\"datePublished\":\"2017-09-13T17:40:33+00:00\",\"breadcrumb\":{\"@id\":\"https:\\\/\\\/www.socdem.org\\\/en\\\/a-first-educational-fair-for-socrates-demosthenes\\\/#breadcrumb\"},\"inLanguage\":\"en-US\",\"potentialAction\":[{\"@type\":\"ReadAction\",\"target\":[\"https:\\\/\\\/www.socdem.org\\\/en\\\/a-first-educational-fair-for-socrates-demosthenes\\\/\"]}]},{\"@type\":\"ImageObject\",\"inLanguage\":\"en-US\",\"@id\":\"https:\\\/\\\/www.socdem.org\\\/en\\\/a-first-educational-fair-for-socrates-demosthenes\\\/#primaryimage\",\"url\":\"https:\\\/\\\/www.socdem.org\\\/wp-content\\\/uploads\\\/2017\\\/09\\\/expo1.jpg\",\"contentUrl\":\"https:\\\/\\\/www.socdem.org\\\/wp-content\\\/uploads\\\/2017\\\/09\\\/expo1.jpg\",\"width\":684,\"height\":1296},{\"@type\":\"BreadcrumbList\",\"@id\":\"https:\\\/\\\/www.socdem.org\\\/en\\\/a-first-educational-fair-for-socrates-demosthenes\\\/#breadcrumb\",\"itemListElement\":[{\"@type\":\"ListItem\",\"position\":1,\"name\":\"Accueil\",\"item\":\"https:\\\/\\\/www.socdem.org\\\/en\\\/\"},{\"@type\":\"ListItem\",\"position\":2,\"name\":\"A first educational fair for Socrates-Demosthenes\"}]},{\"@type\":\"WebSite\",\"@id\":\"https:\\\/\\\/www.socdem.org\\\/en\\\/#website\",\"url\":\"https:\\\/\\\/www.socdem.org\\\/en\\\/\",\"name\":\"\u00c9cole Socrates-D\u00e9mosth\u00e8ne\",\"description\":\"Five trilingual greek primary schools of Greater Montreal.\",\"publisher\":{\"@id\":\"https:\\\/\\\/www.socdem.org\\\/en\\\/#organization\"},\"potentialAction\":[{\"@type\":\"SearchAction\",\"target\":{\"@type\":\"EntryPoint\",\"urlTemplate\":\"https:\\\/\\\/www.socdem.org\\\/en\\\/?s={search_term_string}\"},\"query-input\":{\"@type\":\"PropertyValueSpecification\",\"valueRequired\":true,\"valueName\":\"search_term_string\"}}],\"inLanguage\":\"en-US\"},{\"@type\":\"Organization\",\"@id\":\"https:\\\/\\\/www.socdem.org\\\/en\\\/#organization\",\"name\":\"\u00c9cole Socrates-D\u00e9mosth\u00e8ne\",\"url\":\"https:\\\/\\\/www.socdem.org\\\/en\\\/\",\"logo\":{\"@type\":\"ImageObject\",\"inLanguage\":\"en-US\",\"@id\":\"https:\\\/\\\/www.socdem.org\\\/en\\\/#\\\/schema\\\/logo\\\/image\\\/\",\"url\":\"https:\\\/\\\/www.socdem.org\\\/wp-content\\\/uploads\\\/2014\\\/03\\\/SOC-DEM-LOGO-NAME.jpg\",\"contentUrl\":\"https:\\\/\\\/www.socdem.org\\\/wp-content\\\/uploads\\\/2014\\\/03\\\/SOC-DEM-LOGO-NAME.jpg\",\"width\":\"8485\",\"height\":\"4200\",\"caption\":\"\u00c9cole Socrates-D\u00e9mosth\u00e8ne\"},\"image\":{\"@id\":\"https:\\\/\\\/www.socdem.org\\\/en\\\/#\\\/schema\\\/logo\\\/image\\\/\"},\"sameAs\":[\"https:\\\/\\\/www.facebook.com\\\/TheHCGM\\\/\",\"https:\\\/\\\/www.instagram.com\\\/p\\\/BnE965PhJU7\\\/?hl=en\"]},{\"@type\":\"Person\",\"@id\":\"https:\\\/\\\/www.socdem.org\\\/en\\\/#\\\/schema\\\/person\\\/3d4208f100317a6251846d5d4fcb6e6f\",\"name\":\"avournias\",\"image\":{\"@type\":\"ImageObject\",\"inLanguage\":\"en-US\",\"@id\":\"https:\\\/\\\/secure.gravatar.com\\\/avatar\\\/e44d940614c28c716a6912b81868ef19a508fe61c65c7dbdb4825236cbaa5364?s=96&d=mm&r=g\",\"url\":\"https:\\\/\\\/secure.gravatar.com\\\/avatar\\\/e44d940614c28c716a6912b81868ef19a508fe61c65c7dbdb4825236cbaa5364?s=96&d=mm&r=g\",\"contentUrl\":\"https:\\\/\\\/secure.gravatar.com\\\/avatar\\\/e44d940614c28c716a6912b81868ef19a508fe61c65c7dbdb4825236cbaa5364?s=96&d=mm&r=g\",\"caption\":\"avournias\"},\"sameAs\":[\"http:\\\/\\\/socdem.wpengine.com\"],\"url\":\"https:\\\/\\\/www.socdem.org\\\/en\\\/author\\\/avournias\\\/\"}]}<\/script>\n<!-- \/ Yoast SEO plugin. -->","yoast_head_json":{"title":"A first educational fair for Socrates-Demosthenes - Primary School Socrates and Demosthenes","robots":{"index":"index","follow":"follow","max-snippet":"max-snippet:-1","max-image-preview":"max-image-preview:large","max-video-preview":"max-video-preview:-1"},"canonical":"https:\/\/www.socdem.org\/en\/a-first-educational-fair-for-socrates-demosthenes\/","og_locale":"en_US","og_type":"article","og_title":"A first educational fair for Socrates-Demosthenes - Primary School Socrates and Demosthenes","og_description":"The Our Kids educational fair provides parents with answers to questions they have about choosing their children&#8217;s school. Socrates-Demosthenes had a superb kiosk on September 10th, at the Mount Royal...","og_url":"https:\/\/www.socdem.org\/en\/a-first-educational-fair-for-socrates-demosthenes\/","og_site_name":"Primary School Socrates and Demosthenes","article_publisher":"https:\/\/www.facebook.com\/TheHCGM\/","article_published_time":"2017-09-13T17:40:33+00:00","og_image":[{"width":684,"height":1296,"url":"https:\/\/www.socdem.org\/wp-content\/uploads\/2017\/09\/expo1.jpg","type":"image\/jpeg"}],"author":"avournias","twitter_card":"summary_large_image","twitter_misc":{"Written by":"avournias","Est. reading time":"1 minute"},"schema":{"@context":"https:\/\/schema.org","@graph":[{"@type":"Article","@id":"https:\/\/www.socdem.org\/en\/a-first-educational-fair-for-socrates-demosthenes\/#article","isPartOf":{"@id":"https:\/\/www.socdem.org\/en\/a-first-educational-fair-for-socrates-demosthenes\/"},"author":{"name":"avournias","@id":"https:\/\/www.socdem.org\/en\/#\/schema\/person\/3d4208f100317a6251846d5d4fcb6e6f"},"headline":"A first educational fair for Socrates-Demosthenes","datePublished":"2017-09-13T17:40:33+00:00","mainEntityOfPage":{"@id":"https:\/\/www.socdem.org\/en\/a-first-educational-fair-for-socrates-demosthenes\/"},"wordCount":154,"publisher":{"@id":"https:\/\/www.socdem.org\/en\/#organization"},"image":{"@id":"https:\/\/www.socdem.org\/en\/a-first-educational-fair-for-socrates-demosthenes\/#primaryimage"},"thumbnailUrl":"https:\/\/www.socdem.org\/wp-content\/uploads\/2017\/09\/expo1.jpg","articleSection":["News 2","News 3","News 4","News 5","News and Activities english","News demosthene"],"inLanguage":"en-US"},{"@type":"WebPage","@id":"https:\/\/www.socdem.org\/en\/a-first-educational-fair-for-socrates-demosthenes\/","url":"https:\/\/www.socdem.org\/en\/a-first-educational-fair-for-socrates-demosthenes\/","name":"A first educational fair for Socrates-Demosthenes - Primary School Socrates and Demosthenes","isPartOf":{"@id":"https:\/\/www.socdem.org\/en\/#website"},"primaryImageOfPage":{"@id":"https:\/\/www.socdem.org\/en\/a-first-educational-fair-for-socrates-demosthenes\/#primaryimage"},"image":{"@id":"https:\/\/www.socdem.org\/en\/a-first-educational-fair-for-socrates-demosthenes\/#primaryimage"},"thumbnailUrl":"https:\/\/www.socdem.org\/wp-content\/uploads\/2017\/09\/expo1.jpg","datePublished":"2017-09-13T17:40:33+00:00","breadcrumb":{"@id":"https:\/\/www.socdem.org\/en\/a-first-educational-fair-for-socrates-demosthenes\/#breadcrumb"},"inLanguage":"en-US","potentialAction":[{"@type":"ReadAction","target":["https:\/\/www.socdem.org\/en\/a-first-educational-fair-for-socrates-demosthenes\/"]}]},{"@type":"ImageObject","inLanguage":"en-US","@id":"https:\/\/www.socdem.org\/en\/a-first-educational-fair-for-socrates-demosthenes\/#primaryimage","url":"https:\/\/www.socdem.org\/wp-content\/uploads\/2017\/09\/expo1.jpg","contentUrl":"https:\/\/www.socdem.org\/wp-content\/uploads\/2017\/09\/expo1.jpg","width":684,"height":1296},{"@type":"BreadcrumbList","@id":"https:\/\/www.socdem.org\/en\/a-first-educational-fair-for-socrates-demosthenes\/#breadcrumb","itemListElement":[{"@type":"ListItem","position":1,"name":"Accueil","item":"https:\/\/www.socdem.org\/en\/"},{"@type":"ListItem","position":2,"name":"A first educational fair for Socrates-Demosthenes"}]},{"@type":"WebSite","@id":"https:\/\/www.socdem.org\/en\/#website","url":"https:\/\/www.socdem.org\/en\/","name":"\u00c9cole Socrates-D\u00e9mosth\u00e8ne","description":"Five trilingual greek primary schools of Greater Montreal.","publisher":{"@id":"https:\/\/www.socdem.org\/en\/#organization"},"potentialAction":[{"@type":"SearchAction","target":{"@type":"EntryPoint","urlTemplate":"https:\/\/www.socdem.org\/en\/?s={search_term_string}"},"query-input":{"@type":"PropertyValueSpecification","valueRequired":true,"valueName":"search_term_string"}}],"inLanguage":"en-US"},{"@type":"Organization","@id":"https:\/\/www.socdem.org\/en\/#organization","name":"\u00c9cole Socrates-D\u00e9mosth\u00e8ne","url":"https:\/\/www.socdem.org\/en\/","logo":{"@type":"ImageObject","inLanguage":"en-US","@id":"https:\/\/www.socdem.org\/en\/#\/schema\/logo\/image\/","url":"https:\/\/www.socdem.org\/wp-content\/uploads\/2014\/03\/SOC-DEM-LOGO-NAME.jpg","contentUrl":"https:\/\/www.socdem.org\/wp-content\/uploads\/2014\/03\/SOC-DEM-LOGO-NAME.jpg","width":"8485","height":"4200","caption":"\u00c9cole Socrates-D\u00e9mosth\u00e8ne"},"image":{"@id":"https:\/\/www.socdem.org\/en\/#\/schema\/logo\/image\/"},"sameAs":["https:\/\/www.facebook.com\/TheHCGM\/","https:\/\/www.instagram.com\/p\/BnE965PhJU7\/?hl=en"]},{"@type":"Person","@id":"https:\/\/www.socdem.org\/en\/#\/schema\/person\/3d4208f100317a6251846d5d4fcb6e6f","name":"avournias","image":{"@type":"ImageObject","inLanguage":"en-US","@id":"https:\/\/secure.gravatar.com\/avatar\/e44d940614c28c716a6912b81868ef19a508fe61c65c7dbdb4825236cbaa5364?s=96&d=mm&r=g","url":"https:\/\/secure.gravatar.com\/avatar\/e44d940614c28c716a6912b81868ef19a508fe61c65c7dbdb4825236cbaa5364?s=96&d=mm&r=g","contentUrl":"https:\/\/secure.gravatar.com\/avatar\/e44d940614c28c716a6912b81868ef19a508fe61c65c7dbdb4825236cbaa5364?s=96&d=mm&r=g","caption":"avournias"},"sameAs":["http:\/\/socdem.wpengine.com"],"url":"https:\/\/www.socdem.org\/en\/author\/avournias\/"}]}},"_links":{"self":[{"href":"https:\/\/www.socdem.org\/en\/wp-json\/wp\/v2\/posts\/21369","targetHints":{"allow":["GET"]}}],"collection":[{"href":"https:\/\/www.socdem.org\/en\/wp-json\/wp\/v2\/posts"}],"about":[{"href":"https:\/\/www.socdem.org\/en\/wp-json\/wp\/v2\/types\/post"}],"author":[{"embeddable":true,"href":"https:\/\/www.socdem.org\/en\/wp-json\/wp\/v2\/users\/23"}],"replies":[{"embeddable":true,"href":"https:\/\/www.socdem.org\/en\/wp-json\/wp\/v2\/comments?post=21369"}],"version-history":[{"count":0,"href":"https:\/\/www.socdem.org\/en\/wp-json\/wp\/v2\/posts\/21369\/revisions"}],"wp:featuredmedia":[{"embeddable":true,"href":"https:\/\/www.socdem.org\/en\/wp-json\/wp\/v2\/media\/21366"}],"wp:attachment":[{"href":"https:\/\/www.socdem.org\/en\/wp-json\/wp\/v2\/media?parent=21369"}],"wp:term":[{"taxonomy":"category","embeddable":true,"href":"https:\/\/www.socdem.org\/en\/wp-json\/wp\/v2\/categories?post=21369"},{"taxonomy":"post_tag","embeddable":true,"href":"https:\/\/www.socdem.org\/en\/wp-json\/wp\/v2\/tags?post=21369"}],"curies":[{"name":"wp","href":"https:\/\/api.w.org\/{rel}","templated":true}]}}