{"id":22898,"date":"2018-03-20T20:13:34","date_gmt":"2018-03-21T00:13:34","guid":{"rendered":"https:\/\/www.socdem.org\/?p=22898\/"},"modified":"2018-03-20T20:13:34","modified_gmt":"2018-03-21T00:13:34","slug":"our-students-are-irish-at-heart-during-the-parade","status":"publish","type":"post","link":"https:\/\/www.socdem.org\/en\/our-students-are-irish-at-heart-during-the-parade\/","title":{"rendered":"Our students are Irish at heart during the parade"},"content":{"rendered":"<h6><img loading=\"lazy\" decoding=\"async\" class=\"aligncenter wp-image-22878 size-large\" src=\"https:\/\/www.socdem.org\/wp-content\/uploads\/2018\/03\/unnamed-1-1024x750.jpg\" alt=\"\" width=\"980\" height=\"718\" srcset=\"https:\/\/www.socdem.org\/wp-content\/uploads\/2018\/03\/unnamed-1-1024x750.jpg 1024w, https:\/\/www.socdem.org\/wp-content\/uploads\/2018\/03\/unnamed-1-300x220.jpg 300w\" sizes=\"auto, (max-width: 980px) 100vw, 980px\" \/><\/h6>\n<h6><\/h6>\n<h6 style=\"text-align: center;\">On March 18, 2018, a delegation of 102 students from \u00c9cole Socrate-D\u00e9mosth\u00e8ne participated in the 195th edition of the St. Patrick&#8217;s Day parade in Montreal.<\/h6>\n<h6><img loading=\"lazy\" decoding=\"async\" class=\"aligncenter wp-image-22881 size-full\" src=\"https:\/\/www.socdem.org\/wp-content\/uploads\/2018\/03\/unnamed-19.jpg\" alt=\"\" width=\"480\" height=\"360\" srcset=\"https:\/\/www.socdem.org\/wp-content\/uploads\/2018\/03\/unnamed-19.jpg 480w, https:\/\/www.socdem.org\/wp-content\/uploads\/2018\/03\/unnamed-19-300x225.jpg 300w\" sizes=\"auto, (max-width: 480px) 100vw, 480px\" \/><\/h6>\n<h6>Our students proudly represented not only their School, but the Hellenic Community of Greater Montreal as a whole. The delegation consisted of flag bearers, drum corps &#8230; as well as many volunteer parents and employees of the CHGM. The weather was cold and very sunny.<img loading=\"lazy\" decoding=\"async\" class=\"wp-image-22887 size-full aligncenter\" src=\"https:\/\/www.socdem.org\/wp-content\/uploads\/2018\/03\/unnamed-2.jpg\" alt=\"\" width=\"609\" height=\"693\" srcset=\"https:\/\/www.socdem.org\/wp-content\/uploads\/2018\/03\/unnamed-2.jpg 609w, https:\/\/www.socdem.org\/wp-content\/uploads\/2018\/03\/unnamed-2-264x300.jpg 264w\" sizes=\"auto, (max-width: 609px) 100vw, 609px\" \/><\/h6>\n<h6><\/h6>\n<h6 style=\"text-align: center;\">Our delegation thrilled the crowds throughout the parade.<\/h6>\n<h6 style=\"text-align: center;\"><img loading=\"lazy\" decoding=\"async\" class=\"wp-image-22890 size-full aligncenter\" src=\"https:\/\/www.socdem.org\/wp-content\/uploads\/2018\/03\/unnamed-20.jpg\" alt=\"\" width=\"521\" height=\"885\" srcset=\"https:\/\/www.socdem.org\/wp-content\/uploads\/2018\/03\/unnamed-20.jpg 521w, https:\/\/www.socdem.org\/wp-content\/uploads\/2018\/03\/unnamed-20-177x300.jpg 177w\" sizes=\"auto, (max-width: 521px) 100vw, 521px\" \/><\/h6>\n<h6 style=\"text-align: center;\">They illustrated by their very presence the unity and collaboration between the Irish and Greek communities.<\/h6>\n<h6><\/h6>\n<h6><img loading=\"lazy\" decoding=\"async\" class=\"aligncenter wp-image-22863 size-large\" src=\"https:\/\/www.socdem.org\/wp-content\/uploads\/2018\/03\/unnamed-13-1024x1024.jpg\" alt=\"\" width=\"980\" height=\"980\" srcset=\"https:\/\/www.socdem.org\/wp-content\/uploads\/2018\/03\/unnamed-13-1024x1024.jpg 1024w, https:\/\/www.socdem.org\/wp-content\/uploads\/2018\/03\/unnamed-13-150x150.jpg 150w, https:\/\/www.socdem.org\/wp-content\/uploads\/2018\/03\/unnamed-13-300x300.jpg 300w, https:\/\/www.socdem.org\/wp-content\/uploads\/2018\/03\/unnamed-13.jpg 2000w\" sizes=\"auto, (max-width: 980px) 100vw, 980px\" \/><\/h6>\n<h6><\/h6>\n<h6>The children walked head high and played with enthusiasm and precision, encouraged by the energy of the spectators whom they undeniably attracted attention. They will remember for a long time the magical moment they marched on rue Maisonneuve with people from all over who were celebrating Ireland.<\/h6>\n<h6><img loading=\"lazy\" decoding=\"async\" class=\"aligncenter wp-image-22866 size-large\" src=\"https:\/\/www.socdem.org\/wp-content\/uploads\/2018\/03\/unnamed-14-1024x768.jpg\" alt=\"\" width=\"980\" height=\"735\" srcset=\"https:\/\/www.socdem.org\/wp-content\/uploads\/2018\/03\/unnamed-14-1024x768.jpg 1024w, https:\/\/www.socdem.org\/wp-content\/uploads\/2018\/03\/unnamed-14-300x225.jpg 300w, https:\/\/www.socdem.org\/wp-content\/uploads\/2018\/03\/unnamed-14.jpg 1411w\" sizes=\"auto, (max-width: 980px) 100vw, 980px\" \/><\/h6>\n<h6 style=\"text-align: center;\">Special thanks to Alex Fragakis and Odysseas Falagaras, drumming instructors.<\/h6>\n<h6><img loading=\"lazy\" decoding=\"async\" class=\"aligncenter wp-image-22869 size-full\" src=\"https:\/\/www.socdem.org\/wp-content\/uploads\/2018\/03\/unnamed-16.jpg\" alt=\"\" width=\"738\" height=\"588\" srcset=\"https:\/\/www.socdem.org\/wp-content\/uploads\/2018\/03\/unnamed-16.jpg 738w, https:\/\/www.socdem.org\/wp-content\/uploads\/2018\/03\/unnamed-16-300x239.jpg 300w\" sizes=\"auto, (max-width: 738px) 100vw, 738px\" \/><\/h6>\n<h6><\/h6>\n<h6 style=\"text-align: center;\">They patiently spent weeks working with the students to achieve this splendid result.<\/h6>\n<h6><img loading=\"lazy\" decoding=\"async\" class=\"aligncenter wp-image-22872 size-full\" src=\"https:\/\/www.socdem.org\/wp-content\/uploads\/2018\/03\/unnamed-17.jpg\" alt=\"\" width=\"411\" height=\"856\" srcset=\"https:\/\/www.socdem.org\/wp-content\/uploads\/2018\/03\/unnamed-17.jpg 411w, https:\/\/www.socdem.org\/wp-content\/uploads\/2018\/03\/unnamed-17-144x300.jpg 144w\" sizes=\"auto, (max-width: 411px) 100vw, 411px\" \/><\/h6>\n<h6 style=\"text-align: center;\">After a well-deserved rest, the buses brought all those people back to school.<\/h6>\n<h6><img loading=\"lazy\" decoding=\"async\" class=\"aligncenter wp-image-22875 size-large\" src=\"https:\/\/www.socdem.org\/wp-content\/uploads\/2018\/03\/unnamed-18-1024x1024.jpg\" alt=\"\" width=\"980\" height=\"980\" srcset=\"https:\/\/www.socdem.org\/wp-content\/uploads\/2018\/03\/unnamed-18-1024x1024.jpg 1024w, https:\/\/www.socdem.org\/wp-content\/uploads\/2018\/03\/unnamed-18-150x150.jpg 150w, https:\/\/www.socdem.org\/wp-content\/uploads\/2018\/03\/unnamed-18-300x300.jpg 300w, https:\/\/www.socdem.org\/wp-content\/uploads\/2018\/03\/unnamed-18.jpg 2000w\" sizes=\"auto, (max-width: 980px) 100vw, 980px\" \/>We thank all students, CHGM staff and volunteers whose determination and hard work are the reason this event went perfectly.<\/h6>\n<h6>\n\u00c9irinn go Br\u00e1ch and<br \/>\n\u0396\u03b7\u03c4\u03c9 \u03b7 \u03b5\u03bb\u03bb\u03b1\u03b4\u03b1!<\/h6>\n<h6>\nThe Socrates-Demosthenes School<\/h6>\n<h6><\/h6>\n","protected":false},"excerpt":{"rendered":"<p>On March 18, 2018, a delegation of 102 students from \u00c9cole Socrate-D\u00e9mosth\u00e8ne participated in the 195th edition of the St. Patrick&#8217;s Day parade in Montreal. Our students proudly represented not&#8230;<\/p>\n","protected":false},"author":23,"featured_media":22891,"comment_status":"closed","ping_status":"closed","sticky":false,"template":"","format":"standard","meta":{"_monsterinsights_skip_tracking":false,"_monsterinsights_sitenote_active":false,"_monsterinsights_sitenote_note":"","_monsterinsights_sitenote_category":0,"footnotes":""},"categories":[88,89,90,91,86,92],"tags":[],"class_list":{"0":"post-22898","1":"post","2":"type-post","3":"status-publish","4":"format-standard","5":"has-post-thumbnail","7":"category-news-2","8":"category-news-3","9":"category-news-4","10":"category-news-5","11":"category-news-and-activities-english","12":"category-news-demosthene"},"yoast_head":"<!-- This site is optimized with the Yoast SEO plugin v27.5 - https:\/\/yoast.com\/product\/yoast-seo-wordpress\/ -->\n<title>Our students are Irish at heart during the parade - Primary School Socrates and Demosthenes<\/title>\n<meta name=\"robots\" content=\"index, follow, max-snippet:-1, max-image-preview:large, max-video-preview:-1\" \/>\n<link rel=\"canonical\" href=\"https:\/\/www.socdem.org\/en\/our-students-are-irish-at-heart-during-the-parade\/\" \/>\n<meta property=\"og:locale\" content=\"en_US\" \/>\n<meta property=\"og:type\" content=\"article\" \/>\n<meta property=\"og:title\" content=\"Our students are Irish at heart during the parade - Primary School Socrates and Demosthenes\" \/>\n<meta property=\"og:description\" content=\"On March 18, 2018, a delegation of 102 students from \u00c9cole Socrate-D\u00e9mosth\u00e8ne participated in the 195th edition of the St. Patrick&#8217;s Day parade in Montreal. Our students proudly represented not...\" \/>\n<meta property=\"og:url\" content=\"https:\/\/www.socdem.org\/en\/our-students-are-irish-at-heart-during-the-parade\/\" \/>\n<meta property=\"og:site_name\" content=\"Primary School Socrates and Demosthenes\" \/>\n<meta property=\"article:publisher\" content=\"https:\/\/www.facebook.com\/TheHCGM\/\" \/>\n<meta property=\"article:published_time\" content=\"2018-03-21T00:13:34+00:00\" \/>\n<meta property=\"og:image\" content=\"https:\/\/www.socdem.org\/wp-content\/uploads\/2018\/03\/unnamed-20.jpg\" \/>\n\t<meta property=\"og:image:width\" content=\"521\" \/>\n\t<meta property=\"og:image:height\" content=\"885\" \/>\n\t<meta property=\"og:image:type\" content=\"image\/jpeg\" \/>\n<meta name=\"author\" content=\"avournias\" \/>\n<meta name=\"twitter:card\" content=\"summary_large_image\" \/>\n<meta name=\"twitter:label1\" content=\"Written by\" \/>\n\t<meta name=\"twitter:data1\" content=\"avournias\" \/>\n\t<meta name=\"twitter:label2\" content=\"Est. reading time\" \/>\n\t<meta name=\"twitter:data2\" content=\"1 minute\" \/>\n<script type=\"application\/ld+json\" class=\"yoast-schema-graph\">{\"@context\":\"https:\\\/\\\/schema.org\",\"@graph\":[{\"@type\":\"Article\",\"@id\":\"https:\\\/\\\/www.socdem.org\\\/en\\\/our-students-are-irish-at-heart-during-the-parade\\\/#article\",\"isPartOf\":{\"@id\":\"https:\\\/\\\/www.socdem.org\\\/en\\\/our-students-are-irish-at-heart-during-the-parade\\\/\"},\"author\":{\"name\":\"avournias\",\"@id\":\"https:\\\/\\\/www.socdem.org\\\/en\\\/#\\\/schema\\\/person\\\/3d4208f100317a6251846d5d4fcb6e6f\"},\"headline\":\"Our students are Irish at heart during the parade\",\"datePublished\":\"2018-03-21T00:13:34+00:00\",\"mainEntityOfPage\":{\"@id\":\"https:\\\/\\\/www.socdem.org\\\/en\\\/our-students-are-irish-at-heart-during-the-parade\\\/\"},\"wordCount\":212,\"publisher\":{\"@id\":\"https:\\\/\\\/www.socdem.org\\\/en\\\/#organization\"},\"image\":{\"@id\":\"https:\\\/\\\/www.socdem.org\\\/en\\\/our-students-are-irish-at-heart-during-the-parade\\\/#primaryimage\"},\"thumbnailUrl\":\"https:\\\/\\\/www.socdem.org\\\/wp-content\\\/uploads\\\/2018\\\/03\\\/unnamed-20.jpg\",\"articleSection\":[\"News 2\",\"News 3\",\"News 4\",\"News 5\",\"News and Activities english\",\"News demosthene\"],\"inLanguage\":\"en-US\"},{\"@type\":\"WebPage\",\"@id\":\"https:\\\/\\\/www.socdem.org\\\/en\\\/our-students-are-irish-at-heart-during-the-parade\\\/\",\"url\":\"https:\\\/\\\/www.socdem.org\\\/en\\\/our-students-are-irish-at-heart-during-the-parade\\\/\",\"name\":\"Our students are Irish at heart during the parade - Primary School Socrates and Demosthenes\",\"isPartOf\":{\"@id\":\"https:\\\/\\\/www.socdem.org\\\/en\\\/#website\"},\"primaryImageOfPage\":{\"@id\":\"https:\\\/\\\/www.socdem.org\\\/en\\\/our-students-are-irish-at-heart-during-the-parade\\\/#primaryimage\"},\"image\":{\"@id\":\"https:\\\/\\\/www.socdem.org\\\/en\\\/our-students-are-irish-at-heart-during-the-parade\\\/#primaryimage\"},\"thumbnailUrl\":\"https:\\\/\\\/www.socdem.org\\\/wp-content\\\/uploads\\\/2018\\\/03\\\/unnamed-20.jpg\",\"datePublished\":\"2018-03-21T00:13:34+00:00\",\"breadcrumb\":{\"@id\":\"https:\\\/\\\/www.socdem.org\\\/en\\\/our-students-are-irish-at-heart-during-the-parade\\\/#breadcrumb\"},\"inLanguage\":\"en-US\",\"potentialAction\":[{\"@type\":\"ReadAction\",\"target\":[\"https:\\\/\\\/www.socdem.org\\\/en\\\/our-students-are-irish-at-heart-during-the-parade\\\/\"]}]},{\"@type\":\"ImageObject\",\"inLanguage\":\"en-US\",\"@id\":\"https:\\\/\\\/www.socdem.org\\\/en\\\/our-students-are-irish-at-heart-during-the-parade\\\/#primaryimage\",\"url\":\"https:\\\/\\\/www.socdem.org\\\/wp-content\\\/uploads\\\/2018\\\/03\\\/unnamed-20.jpg\",\"contentUrl\":\"https:\\\/\\\/www.socdem.org\\\/wp-content\\\/uploads\\\/2018\\\/03\\\/unnamed-20.jpg\",\"width\":521,\"height\":885},{\"@type\":\"BreadcrumbList\",\"@id\":\"https:\\\/\\\/www.socdem.org\\\/en\\\/our-students-are-irish-at-heart-during-the-parade\\\/#breadcrumb\",\"itemListElement\":[{\"@type\":\"ListItem\",\"position\":1,\"name\":\"Accueil\",\"item\":\"https:\\\/\\\/www.socdem.org\\\/en\\\/\"},{\"@type\":\"ListItem\",\"position\":2,\"name\":\"Our students are Irish at heart during the parade\"}]},{\"@type\":\"WebSite\",\"@id\":\"https:\\\/\\\/www.socdem.org\\\/en\\\/#website\",\"url\":\"https:\\\/\\\/www.socdem.org\\\/en\\\/\",\"name\":\"\u00c9cole Socrates-D\u00e9mosth\u00e8ne\",\"description\":\"Five trilingual greek primary schools of Greater Montreal.\",\"publisher\":{\"@id\":\"https:\\\/\\\/www.socdem.org\\\/en\\\/#organization\"},\"potentialAction\":[{\"@type\":\"SearchAction\",\"target\":{\"@type\":\"EntryPoint\",\"urlTemplate\":\"https:\\\/\\\/www.socdem.org\\\/en\\\/?s={search_term_string}\"},\"query-input\":{\"@type\":\"PropertyValueSpecification\",\"valueRequired\":true,\"valueName\":\"search_term_string\"}}],\"inLanguage\":\"en-US\"},{\"@type\":\"Organization\",\"@id\":\"https:\\\/\\\/www.socdem.org\\\/en\\\/#organization\",\"name\":\"\u00c9cole Socrates-D\u00e9mosth\u00e8ne\",\"url\":\"https:\\\/\\\/www.socdem.org\\\/en\\\/\",\"logo\":{\"@type\":\"ImageObject\",\"inLanguage\":\"en-US\",\"@id\":\"https:\\\/\\\/www.socdem.org\\\/en\\\/#\\\/schema\\\/logo\\\/image\\\/\",\"url\":\"https:\\\/\\\/www.socdem.org\\\/wp-content\\\/uploads\\\/2014\\\/03\\\/SOC-DEM-LOGO-NAME.jpg\",\"contentUrl\":\"https:\\\/\\\/www.socdem.org\\\/wp-content\\\/uploads\\\/2014\\\/03\\\/SOC-DEM-LOGO-NAME.jpg\",\"width\":\"8485\",\"height\":\"4200\",\"caption\":\"\u00c9cole Socrates-D\u00e9mosth\u00e8ne\"},\"image\":{\"@id\":\"https:\\\/\\\/www.socdem.org\\\/en\\\/#\\\/schema\\\/logo\\\/image\\\/\"},\"sameAs\":[\"https:\\\/\\\/www.facebook.com\\\/TheHCGM\\\/\",\"https:\\\/\\\/www.instagram.com\\\/p\\\/BnE965PhJU7\\\/?hl=en\"]},{\"@type\":\"Person\",\"@id\":\"https:\\\/\\\/www.socdem.org\\\/en\\\/#\\\/schema\\\/person\\\/3d4208f100317a6251846d5d4fcb6e6f\",\"name\":\"avournias\",\"image\":{\"@type\":\"ImageObject\",\"inLanguage\":\"en-US\",\"@id\":\"https:\\\/\\\/secure.gravatar.com\\\/avatar\\\/e44d940614c28c716a6912b81868ef19a508fe61c65c7dbdb4825236cbaa5364?s=96&d=mm&r=g\",\"url\":\"https:\\\/\\\/secure.gravatar.com\\\/avatar\\\/e44d940614c28c716a6912b81868ef19a508fe61c65c7dbdb4825236cbaa5364?s=96&d=mm&r=g\",\"contentUrl\":\"https:\\\/\\\/secure.gravatar.com\\\/avatar\\\/e44d940614c28c716a6912b81868ef19a508fe61c65c7dbdb4825236cbaa5364?s=96&d=mm&r=g\",\"caption\":\"avournias\"},\"sameAs\":[\"http:\\\/\\\/socdem.wpengine.com\"],\"url\":\"https:\\\/\\\/www.socdem.org\\\/en\\\/author\\\/avournias\\\/\"}]}<\/script>\n<!-- \/ Yoast SEO plugin. -->","yoast_head_json":{"title":"Our students are Irish at heart during the parade - Primary School Socrates and Demosthenes","robots":{"index":"index","follow":"follow","max-snippet":"max-snippet:-1","max-image-preview":"max-image-preview:large","max-video-preview":"max-video-preview:-1"},"canonical":"https:\/\/www.socdem.org\/en\/our-students-are-irish-at-heart-during-the-parade\/","og_locale":"en_US","og_type":"article","og_title":"Our students are Irish at heart during the parade - Primary School Socrates and Demosthenes","og_description":"On March 18, 2018, a delegation of 102 students from \u00c9cole Socrate-D\u00e9mosth\u00e8ne participated in the 195th edition of the St. Patrick&#8217;s Day parade in Montreal. Our students proudly represented not...","og_url":"https:\/\/www.socdem.org\/en\/our-students-are-irish-at-heart-during-the-parade\/","og_site_name":"Primary School Socrates and Demosthenes","article_publisher":"https:\/\/www.facebook.com\/TheHCGM\/","article_published_time":"2018-03-21T00:13:34+00:00","og_image":[{"width":521,"height":885,"url":"https:\/\/www.socdem.org\/wp-content\/uploads\/2018\/03\/unnamed-20.jpg","type":"image\/jpeg"}],"author":"avournias","twitter_card":"summary_large_image","twitter_misc":{"Written by":"avournias","Est. reading time":"1 minute"},"schema":{"@context":"https:\/\/schema.org","@graph":[{"@type":"Article","@id":"https:\/\/www.socdem.org\/en\/our-students-are-irish-at-heart-during-the-parade\/#article","isPartOf":{"@id":"https:\/\/www.socdem.org\/en\/our-students-are-irish-at-heart-during-the-parade\/"},"author":{"name":"avournias","@id":"https:\/\/www.socdem.org\/en\/#\/schema\/person\/3d4208f100317a6251846d5d4fcb6e6f"},"headline":"Our students are Irish at heart during the parade","datePublished":"2018-03-21T00:13:34+00:00","mainEntityOfPage":{"@id":"https:\/\/www.socdem.org\/en\/our-students-are-irish-at-heart-during-the-parade\/"},"wordCount":212,"publisher":{"@id":"https:\/\/www.socdem.org\/en\/#organization"},"image":{"@id":"https:\/\/www.socdem.org\/en\/our-students-are-irish-at-heart-during-the-parade\/#primaryimage"},"thumbnailUrl":"https:\/\/www.socdem.org\/wp-content\/uploads\/2018\/03\/unnamed-20.jpg","articleSection":["News 2","News 3","News 4","News 5","News and Activities english","News demosthene"],"inLanguage":"en-US"},{"@type":"WebPage","@id":"https:\/\/www.socdem.org\/en\/our-students-are-irish-at-heart-during-the-parade\/","url":"https:\/\/www.socdem.org\/en\/our-students-are-irish-at-heart-during-the-parade\/","name":"Our students are Irish at heart during the parade - Primary School Socrates and Demosthenes","isPartOf":{"@id":"https:\/\/www.socdem.org\/en\/#website"},"primaryImageOfPage":{"@id":"https:\/\/www.socdem.org\/en\/our-students-are-irish-at-heart-during-the-parade\/#primaryimage"},"image":{"@id":"https:\/\/www.socdem.org\/en\/our-students-are-irish-at-heart-during-the-parade\/#primaryimage"},"thumbnailUrl":"https:\/\/www.socdem.org\/wp-content\/uploads\/2018\/03\/unnamed-20.jpg","datePublished":"2018-03-21T00:13:34+00:00","breadcrumb":{"@id":"https:\/\/www.socdem.org\/en\/our-students-are-irish-at-heart-during-the-parade\/#breadcrumb"},"inLanguage":"en-US","potentialAction":[{"@type":"ReadAction","target":["https:\/\/www.socdem.org\/en\/our-students-are-irish-at-heart-during-the-parade\/"]}]},{"@type":"ImageObject","inLanguage":"en-US","@id":"https:\/\/www.socdem.org\/en\/our-students-are-irish-at-heart-during-the-parade\/#primaryimage","url":"https:\/\/www.socdem.org\/wp-content\/uploads\/2018\/03\/unnamed-20.jpg","contentUrl":"https:\/\/www.socdem.org\/wp-content\/uploads\/2018\/03\/unnamed-20.jpg","width":521,"height":885},{"@type":"BreadcrumbList","@id":"https:\/\/www.socdem.org\/en\/our-students-are-irish-at-heart-during-the-parade\/#breadcrumb","itemListElement":[{"@type":"ListItem","position":1,"name":"Accueil","item":"https:\/\/www.socdem.org\/en\/"},{"@type":"ListItem","position":2,"name":"Our students are Irish at heart during the parade"}]},{"@type":"WebSite","@id":"https:\/\/www.socdem.org\/en\/#website","url":"https:\/\/www.socdem.org\/en\/","name":"\u00c9cole Socrates-D\u00e9mosth\u00e8ne","description":"Five trilingual greek primary schools of Greater Montreal.","publisher":{"@id":"https:\/\/www.socdem.org\/en\/#organization"},"potentialAction":[{"@type":"SearchAction","target":{"@type":"EntryPoint","urlTemplate":"https:\/\/www.socdem.org\/en\/?s={search_term_string}"},"query-input":{"@type":"PropertyValueSpecification","valueRequired":true,"valueName":"search_term_string"}}],"inLanguage":"en-US"},{"@type":"Organization","@id":"https:\/\/www.socdem.org\/en\/#organization","name":"\u00c9cole Socrates-D\u00e9mosth\u00e8ne","url":"https:\/\/www.socdem.org\/en\/","logo":{"@type":"ImageObject","inLanguage":"en-US","@id":"https:\/\/www.socdem.org\/en\/#\/schema\/logo\/image\/","url":"https:\/\/www.socdem.org\/wp-content\/uploads\/2014\/03\/SOC-DEM-LOGO-NAME.jpg","contentUrl":"https:\/\/www.socdem.org\/wp-content\/uploads\/2014\/03\/SOC-DEM-LOGO-NAME.jpg","width":"8485","height":"4200","caption":"\u00c9cole Socrates-D\u00e9mosth\u00e8ne"},"image":{"@id":"https:\/\/www.socdem.org\/en\/#\/schema\/logo\/image\/"},"sameAs":["https:\/\/www.facebook.com\/TheHCGM\/","https:\/\/www.instagram.com\/p\/BnE965PhJU7\/?hl=en"]},{"@type":"Person","@id":"https:\/\/www.socdem.org\/en\/#\/schema\/person\/3d4208f100317a6251846d5d4fcb6e6f","name":"avournias","image":{"@type":"ImageObject","inLanguage":"en-US","@id":"https:\/\/secure.gravatar.com\/avatar\/e44d940614c28c716a6912b81868ef19a508fe61c65c7dbdb4825236cbaa5364?s=96&d=mm&r=g","url":"https:\/\/secure.gravatar.com\/avatar\/e44d940614c28c716a6912b81868ef19a508fe61c65c7dbdb4825236cbaa5364?s=96&d=mm&r=g","contentUrl":"https:\/\/secure.gravatar.com\/avatar\/e44d940614c28c716a6912b81868ef19a508fe61c65c7dbdb4825236cbaa5364?s=96&d=mm&r=g","caption":"avournias"},"sameAs":["http:\/\/socdem.wpengine.com"],"url":"https:\/\/www.socdem.org\/en\/author\/avournias\/"}]}},"_links":{"self":[{"href":"https:\/\/www.socdem.org\/en\/wp-json\/wp\/v2\/posts\/22898","targetHints":{"allow":["GET"]}}],"collection":[{"href":"https:\/\/www.socdem.org\/en\/wp-json\/wp\/v2\/posts"}],"about":[{"href":"https:\/\/www.socdem.org\/en\/wp-json\/wp\/v2\/types\/post"}],"author":[{"embeddable":true,"href":"https:\/\/www.socdem.org\/en\/wp-json\/wp\/v2\/users\/23"}],"replies":[{"embeddable":true,"href":"https:\/\/www.socdem.org\/en\/wp-json\/wp\/v2\/comments?post=22898"}],"version-history":[{"count":0,"href":"https:\/\/www.socdem.org\/en\/wp-json\/wp\/v2\/posts\/22898\/revisions"}],"wp:featuredmedia":[{"embeddable":true,"href":"https:\/\/www.socdem.org\/en\/wp-json\/wp\/v2\/media\/22891"}],"wp:attachment":[{"href":"https:\/\/www.socdem.org\/en\/wp-json\/wp\/v2\/media?parent=22898"}],"wp:term":[{"taxonomy":"category","embeddable":true,"href":"https:\/\/www.socdem.org\/en\/wp-json\/wp\/v2\/categories?post=22898"},{"taxonomy":"post_tag","embeddable":true,"href":"https:\/\/www.socdem.org\/en\/wp-json\/wp\/v2\/tags?post=22898"}],"curies":[{"name":"wp","href":"https:\/\/api.w.org\/{rel}","templated":true}]}}