{"id":23208,"date":"2018-05-10T15:29:31","date_gmt":"2018-05-10T19:29:31","guid":{"rendered":"https:\/\/www.socdem.org\/?p=23208\/"},"modified":"2018-05-10T15:29:31","modified_gmt":"2018-05-10T19:29:31","slug":"2018-spring-carnival-at-the-demosthenes-campus","status":"publish","type":"post","link":"https:\/\/www.socdem.org\/en\/2018-spring-carnival-at-the-demosthenes-campus\/","title":{"rendered":"2018 Spring Carnival at the Demosthenes campus"},"content":{"rendered":"<h5><strong>2018 Spring Carnival at the Demosthenes campus<br \/>\n<\/strong>The sporting tradition continues!<img loading=\"lazy\" decoding=\"async\" class=\"CToWUd a6T\" tabindex=\"0\" src=\"https:\/\/ci6.googleusercontent.com\/proxy\/VsUOec5jL5ro6rYAYF2WDr48UA9Q-jKZHGpyh_9KRaCr4FG-4d0jXk_rWYWwlYSUiIagxr3NCWqGvieVuMUhbU8Jx6gVNYI-7do9K1_2R4HjSphWoLJJ_SQXpt7fNvMvuGK6TAU13MwWhWVYMJ_--NVx5I22IihhrkOCXcM=s0-d-e1-ft#https:\/\/gallery.mailchimp.com\/a2a5cd6716c4aae4b0d1133b9\/images\/5e911e73-fc83-4000-8d46-7c7b35fcb11d.png\" width=\"1048\" height=\"740\" \/><\/h5>\n<h6>On April 13, all the students from kindergarten to Grade 6 participated in the traditional spring carnival held at the Terrebonne sports complexe. On this day, students had the opportunity to participate in many lively sports workshops, skate and even play ice hockey.<img loading=\"lazy\" decoding=\"async\" class=\"CToWUd a6T\" style=\"font-size: 16px;\" tabindex=\"0\" src=\"https:\/\/ci6.googleusercontent.com\/proxy\/6tCuANb0OvtrKibfZ8CqFNIC1cO2N3S73RedthDt1e4QwqD8XfruFOZbXW9ygWBGZp0Y1_l4PkGpe7A-BD1Yo7Kq7SNG5YD-BrMLu0YHc_xsFCJOpm2OXhDUzTZe7bIew3RXPqVkeibPJWFecLQtaWu4oLKLVveiobeOFjA=s0-d-e1-ft#https:\/\/gallery.mailchimp.com\/a2a5cd6716c4aae4b0d1133b9\/images\/68a38dba-a2a4-4e39-b584-1f5d66f23dd4.jpg\" width=\"1000\" height=\"1000\" \/><\/h6>\n<h6>Accompanied by their teachers and several parents, all the children participated at the same time in three hours of physical activities. A good time was had by all that were present.<br \/>\n<img loading=\"lazy\" decoding=\"async\" class=\"CToWUd a6T\" tabindex=\"0\" src=\"https:\/\/ci5.googleusercontent.com\/proxy\/Ro4Nt91L3aPL7ytAbZ4tzJyORLl9CY2WmuC9f5jhGUYCzIhO-2R8Jm_gIcfIQNGUVgDFFaZkJBpZQlsADZDSKdmoBXXES_mRIL0Ts8kcI1u2kFSttsgNdYU9N40Eyt33Q1IJTugRaesTSGMK3JwhnVwSy5KxyCtfgA_8cNo=s0-d-e1-ft#https:\/\/gallery.mailchimp.com\/a2a5cd6716c4aae4b0d1133b9\/images\/c43a11b7-75db-4d06-9642-0a506f47e7d1.png\" width=\"888\" height=\"652\" \/><br \/>\nAt the end of the day, there was the presentation of a parent-teacher match against students on the Demosthenes campus.<br \/>\nA pre-match ceremony was held with the entrance of the students on the ice under the flags of Greece and that of our campus. The crowd, composed of parents and students, cheered loudly.<br \/>\n<img loading=\"lazy\" decoding=\"async\" class=\"CToWUd a6T\" tabindex=\"0\" src=\"https:\/\/ci6.googleusercontent.com\/proxy\/aidYPVL7zOfnqQLkrChFQzGZrxj-ANI8F6_1Gt5j5svIKxlavIFhwq-egYTqGVmHMnCEHhiof5a0Vmfdo9KKe7n_sIobLVvsSguREGKGcL5xHNHYG1zKg38Irp3sFQlll7XRUD-O5Oac1mtpqFVl_r8uIVKK0BjCNdYWxvQ=s0-d-e1-ft#https:\/\/gallery.mailchimp.com\/a2a5cd6716c4aae4b0d1133b9\/images\/991569e8-eefb-4fd8-a7fc-1703e51edfa2.png\" width=\"888\" height=\"593\" \/><br \/>\n<img loading=\"lazy\" decoding=\"async\" class=\"CToWUd a6T\" tabindex=\"0\" src=\"https:\/\/ci6.googleusercontent.com\/proxy\/nCc9Vh8CleusR7TciM_Brdu_TH38l79nPrutOPCFlSJiSNlm-S2pBF8HecLj1l8QJnxLkwSCyPUYNjzlOhctjLahPNlPA3ja_etaWVCGQkCWTFQekMAbm1oCsffTo1I8cLCdebhy_d5VtMpgdpDUBwrpNVZvwD4zExf5Rx8=s0-d-e1-ft#https:\/\/gallery.mailchimp.com\/a2a5cd6716c4aae4b0d1133b9\/images\/8a3bb4cc-2d90-4d84-8f78-3f3d279420df.png\" width=\"888\" height=\"468\" \/><br \/>\nThe grade 6 students sang the national hymns of Canada and Greece.<br \/>\n<img loading=\"lazy\" decoding=\"async\" class=\"CToWUd a6T\" tabindex=\"0\" src=\"https:\/\/ci4.googleusercontent.com\/proxy\/bihIuDQ0ZcxxqYJvGdjpWsKmDCXZu7lA__sdv9BJZ2elCL6KWBHjeBf5KRm0xS5ZOTudXZqgDPPGHzXmUxvkKFOa6ihPN2XCPg1VArjt62V044fyoKX9zSDEe2Qjz5rUaWDDPbbVPn9lXlSlcq6AQ7DB56ksZYTcmL8JmN8=s0-d-e1-ft#https:\/\/gallery.mailchimp.com\/a2a5cd6716c4aae4b0d1133b9\/images\/d4414b70-286d-45c4-bb92-81710a201efe.png\" width=\"888\" height=\"486\" \/><br \/>\nIn addition, we were fortunate to see Olympia Kalaganis, a Grade 5 student at the Demosthenes campus, perform a figure skating choreography.<\/h6>\n<h6><img loading=\"lazy\" decoding=\"async\" class=\"CToWUd a6T\" tabindex=\"0\" src=\"https:\/\/ci5.googleusercontent.com\/proxy\/em7nzfOKjC-RqTJZpZFe714ktnAvXeZ2Sq2fqzZWnuHvQkpH5-Qv3e1g4JmXkY2qrrLH2SPvkmjUHwdrwxh1UqJkp3YqrdyRxhS6UpX5uUV7mIMW0Q_3WaxuIvTs5k659uV5m_aYToMspJr4K3_xoxis3aIsykhbWGQyKVE=s0-d-e1-ft#https:\/\/gallery.mailchimp.com\/a2a5cd6716c4aae4b0d1133b9\/images\/1709e153-f52a-4a56-ab73-01a48b23dc91.png\" width=\"888\" height=\"425\" \/><\/h6>\n<h6>Just before the match, all the players, students and parents present kept a minute of silence in tribute to the Humboldt Broncos tragedy .<img loading=\"lazy\" decoding=\"async\" class=\"CToWUd a6T\" style=\"font-size: 16px;\" tabindex=\"0\" src=\"https:\/\/ci4.googleusercontent.com\/proxy\/h8UefLz45W_2Hp_gxSSkjpsaY8dyR5UZ4zYsI5DwJCV7ovypstt6VJANaaI6U1Z6DRqtEouLMg7ewx0C1joG6bwKdIbLbfqPWz010-_A2st0l2pCgf_Kbroe4Iqi7qVMyE41YfLowEpAWwv6JI7oQdRrtlcjq0J2lod5OgU=s0-d-e1-ft#https:\/\/gallery.mailchimp.com\/a2a5cd6716c4aae4b0d1133b9\/images\/d137f05c-f1fc-4621-86bb-b47a2fe3dccc.jpg\" width=\"544\" height=\"650\" \/><\/h6>\n<h6>To top it off, in a very close game, the students scored in overtime, a spectacular goal to break the tie and win 8-7 against the adults.\u00a0 There was hysteria in the arena.<br \/>\n<img loading=\"lazy\" decoding=\"async\" class=\"CToWUd a6T\" tabindex=\"0\" src=\"https:\/\/ci3.googleusercontent.com\/proxy\/AEQihUXLi6cPJhdDC0e_pGsGN1AGgx5-ZWnfGmsuFHZSlgKt1aF2p7QwdMvTE5OGZ7AqviDzkTHcE3Mt7iknfR_-czo5o2eOaN3jZCJxqfCkKlChNYemtQ3k3qSGMNZqte7FcwTcoqPoxEXBHUISCVGF5sGyF5oB4-jNwRY=s0-d-e1-ft#https:\/\/gallery.mailchimp.com\/a2a5cd6716c4aae4b0d1133b9\/images\/8ba4f7ea-8813-48d9-8ded-e7359cdc25a4.jpg\" width=\"1000\" height=\"1000\" \/><br \/>\nThank you to all the volunteers, teachers and parents who attended and made this day a success.<\/h6>\n<h6>\nThank you also to Mr. Jacques St-Louis, 6th grade teacher,\u00a0 for the beautiful photos.<\/h6>\n<h6>\nSee you next year!<\/h6>\n<p><strong>L&#8217;\u00c9cole Socrates-D\u00e9mosth\u00e8ne<\/strong><\/p>\n<p><img loading=\"lazy\" decoding=\"async\" class=\"CToWUd a6T\" tabindex=\"0\" src=\"https:\/\/ci5.googleusercontent.com\/proxy\/-C8EvqcQE8aLWLzD1yChJ-exZdB9KY5JBIF4LEYe4YyF0t34d-ieMs2D76gEXHq3ZCxZBnu6vjYpeXGlubm2-JxRbp9Ndt7uBJDWuXNkFiQMQ4OuVyCsf2y-kkoIssbXuxZtNDl5BWdnJrv0eJUQarePNpMMY5g0mSXccRs=s0-d-e1-ft#https:\/\/gallery.mailchimp.com\/a2a5cd6716c4aae4b0d1133b9\/images\/0b04de49-267e-437a-927b-8f5b94023942.png\" width=\"1154\" height=\"809\" \/><\/p>\n","protected":false},"excerpt":{"rendered":"<p>2018 Spring Carnival at the Demosthenes campus The sporting tradition continues! On April 13, all the students from kindergarten to Grade 6 participated in the traditional spring carnival held at&#8230;<\/p>\n","protected":false},"author":23,"featured_media":23203,"comment_status":"closed","ping_status":"closed","sticky":false,"template":"","format":"standard","meta":{"_monsterinsights_skip_tracking":false,"_monsterinsights_sitenote_active":false,"_monsterinsights_sitenote_note":"","_monsterinsights_sitenote_category":0,"footnotes":""},"categories":[86,92],"tags":[],"class_list":{"0":"post-23208","1":"post","2":"type-post","3":"status-publish","4":"format-standard","5":"has-post-thumbnail","7":"category-news-and-activities-english","8":"category-news-demosthene"},"yoast_head":"<!-- This site is optimized with the Yoast SEO plugin v27.5 - https:\/\/yoast.com\/product\/yoast-seo-wordpress\/ -->\n<title>2018 Spring Carnival at the Demosthenes campus - Primary School Socrates and Demosthenes<\/title>\n<meta name=\"robots\" content=\"index, follow, max-snippet:-1, max-image-preview:large, max-video-preview:-1\" \/>\n<link rel=\"canonical\" href=\"https:\/\/www.socdem.org\/en\/2018-spring-carnival-at-the-demosthenes-campus\/\" \/>\n<meta property=\"og:locale\" content=\"en_US\" \/>\n<meta property=\"og:type\" content=\"article\" \/>\n<meta property=\"og:title\" content=\"2018 Spring Carnival at the Demosthenes campus - Primary School Socrates and Demosthenes\" \/>\n<meta property=\"og:description\" content=\"2018 Spring Carnival at the Demosthenes campus The sporting tradition continues! On April 13, all the students from kindergarten to Grade 6 participated in the traditional spring carnival held at...\" \/>\n<meta property=\"og:url\" content=\"https:\/\/www.socdem.org\/en\/2018-spring-carnival-at-the-demosthenes-campus\/\" \/>\n<meta property=\"og:site_name\" content=\"Primary School Socrates and Demosthenes\" \/>\n<meta property=\"article:publisher\" content=\"https:\/\/www.facebook.com\/TheHCGM\/\" \/>\n<meta property=\"article:published_time\" content=\"2018-05-10T19:29:31+00:00\" \/>\n<meta property=\"og:image\" content=\"https:\/\/www.socdem.org\/wp-content\/uploads\/2018\/05\/carnival-dem.jpg\" \/>\n\t<meta property=\"og:image:width\" content=\"2000\" \/>\n\t<meta property=\"og:image:height\" content=\"2000\" \/>\n\t<meta property=\"og:image:type\" content=\"image\/jpeg\" \/>\n<meta name=\"author\" content=\"avournias\" \/>\n<meta name=\"twitter:card\" content=\"summary_large_image\" \/>\n<meta name=\"twitter:label1\" content=\"Written by\" \/>\n\t<meta name=\"twitter:data1\" content=\"avournias\" \/>\n\t<meta name=\"twitter:label2\" content=\"Est. reading time\" \/>\n\t<meta name=\"twitter:data2\" content=\"1 minute\" \/>\n<script type=\"application\/ld+json\" class=\"yoast-schema-graph\">{\"@context\":\"https:\\\/\\\/schema.org\",\"@graph\":[{\"@type\":\"Article\",\"@id\":\"https:\\\/\\\/www.socdem.org\\\/en\\\/2018-spring-carnival-at-the-demosthenes-campus\\\/#article\",\"isPartOf\":{\"@id\":\"https:\\\/\\\/www.socdem.org\\\/en\\\/2018-spring-carnival-at-the-demosthenes-campus\\\/\"},\"author\":{\"name\":\"avournias\",\"@id\":\"https:\\\/\\\/www.socdem.org\\\/en\\\/#\\\/schema\\\/person\\\/3d4208f100317a6251846d5d4fcb6e6f\"},\"headline\":\"2018 Spring Carnival at the Demosthenes campus\",\"datePublished\":\"2018-05-10T19:29:31+00:00\",\"mainEntityOfPage\":{\"@id\":\"https:\\\/\\\/www.socdem.org\\\/en\\\/2018-spring-carnival-at-the-demosthenes-campus\\\/\"},\"wordCount\":269,\"publisher\":{\"@id\":\"https:\\\/\\\/www.socdem.org\\\/en\\\/#organization\"},\"image\":{\"@id\":\"https:\\\/\\\/www.socdem.org\\\/en\\\/2018-spring-carnival-at-the-demosthenes-campus\\\/#primaryimage\"},\"thumbnailUrl\":\"https:\\\/\\\/www.socdem.org\\\/wp-content\\\/uploads\\\/2018\\\/05\\\/carnival-dem.jpg\",\"articleSection\":[\"News and Activities english\",\"News demosthene\"],\"inLanguage\":\"en-US\"},{\"@type\":\"WebPage\",\"@id\":\"https:\\\/\\\/www.socdem.org\\\/en\\\/2018-spring-carnival-at-the-demosthenes-campus\\\/\",\"url\":\"https:\\\/\\\/www.socdem.org\\\/en\\\/2018-spring-carnival-at-the-demosthenes-campus\\\/\",\"name\":\"2018 Spring Carnival at the Demosthenes campus - Primary School Socrates and Demosthenes\",\"isPartOf\":{\"@id\":\"https:\\\/\\\/www.socdem.org\\\/en\\\/#website\"},\"primaryImageOfPage\":{\"@id\":\"https:\\\/\\\/www.socdem.org\\\/en\\\/2018-spring-carnival-at-the-demosthenes-campus\\\/#primaryimage\"},\"image\":{\"@id\":\"https:\\\/\\\/www.socdem.org\\\/en\\\/2018-spring-carnival-at-the-demosthenes-campus\\\/#primaryimage\"},\"thumbnailUrl\":\"https:\\\/\\\/www.socdem.org\\\/wp-content\\\/uploads\\\/2018\\\/05\\\/carnival-dem.jpg\",\"datePublished\":\"2018-05-10T19:29:31+00:00\",\"breadcrumb\":{\"@id\":\"https:\\\/\\\/www.socdem.org\\\/en\\\/2018-spring-carnival-at-the-demosthenes-campus\\\/#breadcrumb\"},\"inLanguage\":\"en-US\",\"potentialAction\":[{\"@type\":\"ReadAction\",\"target\":[\"https:\\\/\\\/www.socdem.org\\\/en\\\/2018-spring-carnival-at-the-demosthenes-campus\\\/\"]}]},{\"@type\":\"ImageObject\",\"inLanguage\":\"en-US\",\"@id\":\"https:\\\/\\\/www.socdem.org\\\/en\\\/2018-spring-carnival-at-the-demosthenes-campus\\\/#primaryimage\",\"url\":\"https:\\\/\\\/www.socdem.org\\\/wp-content\\\/uploads\\\/2018\\\/05\\\/carnival-dem.jpg\",\"contentUrl\":\"https:\\\/\\\/www.socdem.org\\\/wp-content\\\/uploads\\\/2018\\\/05\\\/carnival-dem.jpg\",\"width\":2000,\"height\":2000},{\"@type\":\"BreadcrumbList\",\"@id\":\"https:\\\/\\\/www.socdem.org\\\/en\\\/2018-spring-carnival-at-the-demosthenes-campus\\\/#breadcrumb\",\"itemListElement\":[{\"@type\":\"ListItem\",\"position\":1,\"name\":\"Accueil\",\"item\":\"https:\\\/\\\/www.socdem.org\\\/en\\\/\"},{\"@type\":\"ListItem\",\"position\":2,\"name\":\"2018 Spring Carnival at the Demosthenes campus\"}]},{\"@type\":\"WebSite\",\"@id\":\"https:\\\/\\\/www.socdem.org\\\/en\\\/#website\",\"url\":\"https:\\\/\\\/www.socdem.org\\\/en\\\/\",\"name\":\"\u00c9cole Socrates-D\u00e9mosth\u00e8ne\",\"description\":\"Five trilingual greek primary schools of Greater Montreal.\",\"publisher\":{\"@id\":\"https:\\\/\\\/www.socdem.org\\\/en\\\/#organization\"},\"potentialAction\":[{\"@type\":\"SearchAction\",\"target\":{\"@type\":\"EntryPoint\",\"urlTemplate\":\"https:\\\/\\\/www.socdem.org\\\/en\\\/?s={search_term_string}\"},\"query-input\":{\"@type\":\"PropertyValueSpecification\",\"valueRequired\":true,\"valueName\":\"search_term_string\"}}],\"inLanguage\":\"en-US\"},{\"@type\":\"Organization\",\"@id\":\"https:\\\/\\\/www.socdem.org\\\/en\\\/#organization\",\"name\":\"\u00c9cole Socrates-D\u00e9mosth\u00e8ne\",\"url\":\"https:\\\/\\\/www.socdem.org\\\/en\\\/\",\"logo\":{\"@type\":\"ImageObject\",\"inLanguage\":\"en-US\",\"@id\":\"https:\\\/\\\/www.socdem.org\\\/en\\\/#\\\/schema\\\/logo\\\/image\\\/\",\"url\":\"https:\\\/\\\/www.socdem.org\\\/wp-content\\\/uploads\\\/2014\\\/03\\\/SOC-DEM-LOGO-NAME.jpg\",\"contentUrl\":\"https:\\\/\\\/www.socdem.org\\\/wp-content\\\/uploads\\\/2014\\\/03\\\/SOC-DEM-LOGO-NAME.jpg\",\"width\":\"8485\",\"height\":\"4200\",\"caption\":\"\u00c9cole Socrates-D\u00e9mosth\u00e8ne\"},\"image\":{\"@id\":\"https:\\\/\\\/www.socdem.org\\\/en\\\/#\\\/schema\\\/logo\\\/image\\\/\"},\"sameAs\":[\"https:\\\/\\\/www.facebook.com\\\/TheHCGM\\\/\",\"https:\\\/\\\/www.instagram.com\\\/p\\\/BnE965PhJU7\\\/?hl=en\"]},{\"@type\":\"Person\",\"@id\":\"https:\\\/\\\/www.socdem.org\\\/en\\\/#\\\/schema\\\/person\\\/3d4208f100317a6251846d5d4fcb6e6f\",\"name\":\"avournias\",\"image\":{\"@type\":\"ImageObject\",\"inLanguage\":\"en-US\",\"@id\":\"https:\\\/\\\/secure.gravatar.com\\\/avatar\\\/e44d940614c28c716a6912b81868ef19a508fe61c65c7dbdb4825236cbaa5364?s=96&d=mm&r=g\",\"url\":\"https:\\\/\\\/secure.gravatar.com\\\/avatar\\\/e44d940614c28c716a6912b81868ef19a508fe61c65c7dbdb4825236cbaa5364?s=96&d=mm&r=g\",\"contentUrl\":\"https:\\\/\\\/secure.gravatar.com\\\/avatar\\\/e44d940614c28c716a6912b81868ef19a508fe61c65c7dbdb4825236cbaa5364?s=96&d=mm&r=g\",\"caption\":\"avournias\"},\"sameAs\":[\"http:\\\/\\\/socdem.wpengine.com\"],\"url\":\"https:\\\/\\\/www.socdem.org\\\/en\\\/author\\\/avournias\\\/\"}]}<\/script>\n<!-- \/ Yoast SEO plugin. -->","yoast_head_json":{"title":"2018 Spring Carnival at the Demosthenes campus - Primary School Socrates and Demosthenes","robots":{"index":"index","follow":"follow","max-snippet":"max-snippet:-1","max-image-preview":"max-image-preview:large","max-video-preview":"max-video-preview:-1"},"canonical":"https:\/\/www.socdem.org\/en\/2018-spring-carnival-at-the-demosthenes-campus\/","og_locale":"en_US","og_type":"article","og_title":"2018 Spring Carnival at the Demosthenes campus - Primary School Socrates and Demosthenes","og_description":"2018 Spring Carnival at the Demosthenes campus The sporting tradition continues! On April 13, all the students from kindergarten to Grade 6 participated in the traditional spring carnival held at...","og_url":"https:\/\/www.socdem.org\/en\/2018-spring-carnival-at-the-demosthenes-campus\/","og_site_name":"Primary School Socrates and Demosthenes","article_publisher":"https:\/\/www.facebook.com\/TheHCGM\/","article_published_time":"2018-05-10T19:29:31+00:00","og_image":[{"width":2000,"height":2000,"url":"https:\/\/www.socdem.org\/wp-content\/uploads\/2018\/05\/carnival-dem.jpg","type":"image\/jpeg"}],"author":"avournias","twitter_card":"summary_large_image","twitter_misc":{"Written by":"avournias","Est. reading time":"1 minute"},"schema":{"@context":"https:\/\/schema.org","@graph":[{"@type":"Article","@id":"https:\/\/www.socdem.org\/en\/2018-spring-carnival-at-the-demosthenes-campus\/#article","isPartOf":{"@id":"https:\/\/www.socdem.org\/en\/2018-spring-carnival-at-the-demosthenes-campus\/"},"author":{"name":"avournias","@id":"https:\/\/www.socdem.org\/en\/#\/schema\/person\/3d4208f100317a6251846d5d4fcb6e6f"},"headline":"2018 Spring Carnival at the Demosthenes campus","datePublished":"2018-05-10T19:29:31+00:00","mainEntityOfPage":{"@id":"https:\/\/www.socdem.org\/en\/2018-spring-carnival-at-the-demosthenes-campus\/"},"wordCount":269,"publisher":{"@id":"https:\/\/www.socdem.org\/en\/#organization"},"image":{"@id":"https:\/\/www.socdem.org\/en\/2018-spring-carnival-at-the-demosthenes-campus\/#primaryimage"},"thumbnailUrl":"https:\/\/www.socdem.org\/wp-content\/uploads\/2018\/05\/carnival-dem.jpg","articleSection":["News and Activities english","News demosthene"],"inLanguage":"en-US"},{"@type":"WebPage","@id":"https:\/\/www.socdem.org\/en\/2018-spring-carnival-at-the-demosthenes-campus\/","url":"https:\/\/www.socdem.org\/en\/2018-spring-carnival-at-the-demosthenes-campus\/","name":"2018 Spring Carnival at the Demosthenes campus - Primary School Socrates and Demosthenes","isPartOf":{"@id":"https:\/\/www.socdem.org\/en\/#website"},"primaryImageOfPage":{"@id":"https:\/\/www.socdem.org\/en\/2018-spring-carnival-at-the-demosthenes-campus\/#primaryimage"},"image":{"@id":"https:\/\/www.socdem.org\/en\/2018-spring-carnival-at-the-demosthenes-campus\/#primaryimage"},"thumbnailUrl":"https:\/\/www.socdem.org\/wp-content\/uploads\/2018\/05\/carnival-dem.jpg","datePublished":"2018-05-10T19:29:31+00:00","breadcrumb":{"@id":"https:\/\/www.socdem.org\/en\/2018-spring-carnival-at-the-demosthenes-campus\/#breadcrumb"},"inLanguage":"en-US","potentialAction":[{"@type":"ReadAction","target":["https:\/\/www.socdem.org\/en\/2018-spring-carnival-at-the-demosthenes-campus\/"]}]},{"@type":"ImageObject","inLanguage":"en-US","@id":"https:\/\/www.socdem.org\/en\/2018-spring-carnival-at-the-demosthenes-campus\/#primaryimage","url":"https:\/\/www.socdem.org\/wp-content\/uploads\/2018\/05\/carnival-dem.jpg","contentUrl":"https:\/\/www.socdem.org\/wp-content\/uploads\/2018\/05\/carnival-dem.jpg","width":2000,"height":2000},{"@type":"BreadcrumbList","@id":"https:\/\/www.socdem.org\/en\/2018-spring-carnival-at-the-demosthenes-campus\/#breadcrumb","itemListElement":[{"@type":"ListItem","position":1,"name":"Accueil","item":"https:\/\/www.socdem.org\/en\/"},{"@type":"ListItem","position":2,"name":"2018 Spring Carnival at the Demosthenes campus"}]},{"@type":"WebSite","@id":"https:\/\/www.socdem.org\/en\/#website","url":"https:\/\/www.socdem.org\/en\/","name":"\u00c9cole Socrates-D\u00e9mosth\u00e8ne","description":"Five trilingual greek primary schools of Greater Montreal.","publisher":{"@id":"https:\/\/www.socdem.org\/en\/#organization"},"potentialAction":[{"@type":"SearchAction","target":{"@type":"EntryPoint","urlTemplate":"https:\/\/www.socdem.org\/en\/?s={search_term_string}"},"query-input":{"@type":"PropertyValueSpecification","valueRequired":true,"valueName":"search_term_string"}}],"inLanguage":"en-US"},{"@type":"Organization","@id":"https:\/\/www.socdem.org\/en\/#organization","name":"\u00c9cole Socrates-D\u00e9mosth\u00e8ne","url":"https:\/\/www.socdem.org\/en\/","logo":{"@type":"ImageObject","inLanguage":"en-US","@id":"https:\/\/www.socdem.org\/en\/#\/schema\/logo\/image\/","url":"https:\/\/www.socdem.org\/wp-content\/uploads\/2014\/03\/SOC-DEM-LOGO-NAME.jpg","contentUrl":"https:\/\/www.socdem.org\/wp-content\/uploads\/2014\/03\/SOC-DEM-LOGO-NAME.jpg","width":"8485","height":"4200","caption":"\u00c9cole Socrates-D\u00e9mosth\u00e8ne"},"image":{"@id":"https:\/\/www.socdem.org\/en\/#\/schema\/logo\/image\/"},"sameAs":["https:\/\/www.facebook.com\/TheHCGM\/","https:\/\/www.instagram.com\/p\/BnE965PhJU7\/?hl=en"]},{"@type":"Person","@id":"https:\/\/www.socdem.org\/en\/#\/schema\/person\/3d4208f100317a6251846d5d4fcb6e6f","name":"avournias","image":{"@type":"ImageObject","inLanguage":"en-US","@id":"https:\/\/secure.gravatar.com\/avatar\/e44d940614c28c716a6912b81868ef19a508fe61c65c7dbdb4825236cbaa5364?s=96&d=mm&r=g","url":"https:\/\/secure.gravatar.com\/avatar\/e44d940614c28c716a6912b81868ef19a508fe61c65c7dbdb4825236cbaa5364?s=96&d=mm&r=g","contentUrl":"https:\/\/secure.gravatar.com\/avatar\/e44d940614c28c716a6912b81868ef19a508fe61c65c7dbdb4825236cbaa5364?s=96&d=mm&r=g","caption":"avournias"},"sameAs":["http:\/\/socdem.wpengine.com"],"url":"https:\/\/www.socdem.org\/en\/author\/avournias\/"}]}},"_links":{"self":[{"href":"https:\/\/www.socdem.org\/en\/wp-json\/wp\/v2\/posts\/23208","targetHints":{"allow":["GET"]}}],"collection":[{"href":"https:\/\/www.socdem.org\/en\/wp-json\/wp\/v2\/posts"}],"about":[{"href":"https:\/\/www.socdem.org\/en\/wp-json\/wp\/v2\/types\/post"}],"author":[{"embeddable":true,"href":"https:\/\/www.socdem.org\/en\/wp-json\/wp\/v2\/users\/23"}],"replies":[{"embeddable":true,"href":"https:\/\/www.socdem.org\/en\/wp-json\/wp\/v2\/comments?post=23208"}],"version-history":[{"count":0,"href":"https:\/\/www.socdem.org\/en\/wp-json\/wp\/v2\/posts\/23208\/revisions"}],"wp:featuredmedia":[{"embeddable":true,"href":"https:\/\/www.socdem.org\/en\/wp-json\/wp\/v2\/media\/23203"}],"wp:attachment":[{"href":"https:\/\/www.socdem.org\/en\/wp-json\/wp\/v2\/media?parent=23208"}],"wp:term":[{"taxonomy":"category","embeddable":true,"href":"https:\/\/www.socdem.org\/en\/wp-json\/wp\/v2\/categories?post=23208"},{"taxonomy":"post_tag","embeddable":true,"href":"https:\/\/www.socdem.org\/en\/wp-json\/wp\/v2\/tags?post=23208"}],"curies":[{"name":"wp","href":"https:\/\/api.w.org\/{rel}","templated":true}]}}