{"id":23649,"date":"2018-07-24T15:37:05","date_gmt":"2018-07-24T19:37:05","guid":{"rendered":"https:\/\/www.socdem.org\/?p=23649\/"},"modified":"2018-08-17T14:51:43","modified_gmt":"2018-08-17T18:51:43","slug":"travel-in-greece-2018-our-students-in-the-cradle-of-civilization","status":"publish","type":"post","link":"https:\/\/www.socdem.org\/en\/travel-in-greece-2018-our-students-in-the-cradle-of-civilization\/","title":{"rendered":"TRAVEL IN GREECE 2018 Our students in the cradle of civilization"},"content":{"rendered":"<p><img loading=\"lazy\" decoding=\"async\" class=\"aligncenter wp-image-23588 size-large\" src=\"https:\/\/www.socdem.org\/wp-content\/uploads\/2018\/07\/unnamed-74-1024x768.jpg\" alt=\"\" width=\"980\" height=\"735\" srcset=\"https:\/\/www.socdem.org\/wp-content\/uploads\/2018\/07\/unnamed-74-1024x768.jpg 1024w, https:\/\/www.socdem.org\/wp-content\/uploads\/2018\/07\/unnamed-74-300x225.jpg 300w\" sizes=\"auto, (max-width: 980px) 100vw, 980px\" \/><\/p>\n<h6><\/h6>\n<p>A group of graduates from\u00a0\u00c9cole Socrates-D\u00e9mosth\u00e8ne of the Hellenic Community of Greater Montreal participated in the annual educational trip to Greece for the sixth year in a row. From June 17 to 25, they experienced unique moments, explored the land of their ancestors and enjoyed the unique beauty of Greece. Below you will find pictures of our students&#8217; extraordinary educational experience and magical memories that will last a lifetime.<br \/>\nAll of this started, of course, with a great start.<img loading=\"lazy\" decoding=\"async\" class=\"aligncenter wp-image-23591 size-large\" src=\"https:\/\/www.socdem.org\/wp-content\/uploads\/2018\/07\/unnamed-75-1024x802.jpg\" alt=\"\" width=\"980\" height=\"768\" srcset=\"https:\/\/www.socdem.org\/wp-content\/uploads\/2018\/07\/unnamed-75-1024x802.jpg 1024w, https:\/\/www.socdem.org\/wp-content\/uploads\/2018\/07\/unnamed-75-300x235.jpg 300w\" sizes=\"auto, (max-width: 980px) 100vw, 980px\" \/><\/p>\n<h6>The first leg of the trip was Monemvasia, where dedicated tour guides took our graduates to visit many of the historic sites in the area. But, first of all, we take strength with a first swim in the sea so blue and a delicious meal afterwards.<\/h6>\n<p><img loading=\"lazy\" decoding=\"async\" class=\"aligncenter wp-image-23594 size-large\" src=\"https:\/\/www.socdem.org\/wp-content\/uploads\/2018\/07\/unnamed-76-819x1024.jpg\" alt=\"\" width=\"819\" height=\"1024\" srcset=\"https:\/\/www.socdem.org\/wp-content\/uploads\/2018\/07\/unnamed-76-819x1024.jpg 819w, https:\/\/www.socdem.org\/wp-content\/uploads\/2018\/07\/unnamed-76-240x300.jpg 240w\" sizes=\"auto, (max-width: 819px) 100vw, 819px\" \/><\/p>\n<h6>Our young tourists were fascinated by the old walls and their extraordinary past, which they later expressed artistically.<\/h6>\n<p><img loading=\"lazy\" decoding=\"async\" class=\"aligncenter wp-image-23597 size-full\" src=\"https:\/\/www.socdem.org\/wp-content\/uploads\/2018\/07\/unnamed-77.jpg\" alt=\"\" width=\"584\" height=\"660\" srcset=\"https:\/\/www.socdem.org\/wp-content\/uploads\/2018\/07\/unnamed-77.jpg 584w, https:\/\/www.socdem.org\/wp-content\/uploads\/2018\/07\/unnamed-77-265x300.jpg 265w\" sizes=\"auto, (max-width: 584px) 100vw, 584px\" \/><\/p>\n<h6>The traditional photo in front of the isthmus is unavoidable.<img loading=\"lazy\" decoding=\"async\" class=\"aligncenter wp-image-23600 size-large\" src=\"https:\/\/www.socdem.org\/wp-content\/uploads\/2018\/07\/unnamed-78-1024x791.jpg\" alt=\"\" width=\"980\" height=\"757\" srcset=\"https:\/\/www.socdem.org\/wp-content\/uploads\/2018\/07\/unnamed-78-1024x791.jpg 1024w, https:\/\/www.socdem.org\/wp-content\/uploads\/2018\/07\/unnamed-78-300x232.jpg 300w\" sizes=\"auto, (max-width: 980px) 100vw, 980px\" \/><\/h6>\n<h6>Our travelers have also become sailors, and even captains, for a day.<\/h6>\n<p><img loading=\"lazy\" decoding=\"async\" class=\"aligncenter wp-image-23603 size-large\" src=\"https:\/\/www.socdem.org\/wp-content\/uploads\/2018\/07\/unnamed-79-622x1024.jpg\" alt=\"\" width=\"622\" height=\"1024\" srcset=\"https:\/\/www.socdem.org\/wp-content\/uploads\/2018\/07\/unnamed-79-622x1024.jpg 622w, https:\/\/www.socdem.org\/wp-content\/uploads\/2018\/07\/unnamed-79-182x300.jpg 182w\" sizes=\"auto, (max-width: 622px) 100vw, 622px\" \/><\/p>\n<h6>Their cruise took them to a private island where they could have a blast in the crystal clear water of a bay.<\/h6>\n<p><img loading=\"lazy\" decoding=\"async\" class=\"aligncenter wp-image-23606 size-large\" src=\"https:\/\/www.socdem.org\/wp-content\/uploads\/2018\/07\/unnamed-80-622x1024.jpg\" alt=\"\" width=\"622\" height=\"1024\" srcset=\"https:\/\/www.socdem.org\/wp-content\/uploads\/2018\/07\/unnamed-80-622x1024.jpg 622w, https:\/\/www.socdem.org\/wp-content\/uploads\/2018\/07\/unnamed-80-182x300.jpg 182w\" sizes=\"auto, (max-width: 622px) 100vw, 622px\" \/><\/p>\n<h6>There have also been hot days in Mycenae where archaeological visits &#8230;<\/h6>\n<p>&nbsp;<\/p>\n<p><img loading=\"lazy\" decoding=\"async\" class=\"aligncenter wp-image-23609 size-large\" src=\"https:\/\/www.socdem.org\/wp-content\/uploads\/2018\/07\/unnamed-81-692x1024.jpg\" alt=\"\" width=\"692\" height=\"1024\" srcset=\"https:\/\/www.socdem.org\/wp-content\/uploads\/2018\/07\/unnamed-81-692x1024.jpg 692w, https:\/\/www.socdem.org\/wp-content\/uploads\/2018\/07\/unnamed-81-203x300.jpg 203w, https:\/\/www.socdem.org\/wp-content\/uploads\/2018\/07\/unnamed-81.jpg 720w\" sizes=\"auto, (max-width: 692px) 100vw, 692px\" \/><\/p>\n<h6>&#8230; were invariably interspersed with refreshing beach moments.<img loading=\"lazy\" decoding=\"async\" class=\"aligncenter wp-image-23612 size-large\" src=\"https:\/\/www.socdem.org\/wp-content\/uploads\/2018\/07\/unnamed-82-1024x768.jpg\" alt=\"\" width=\"980\" height=\"735\" srcset=\"https:\/\/www.socdem.org\/wp-content\/uploads\/2018\/07\/unnamed-82-1024x768.jpg 1024w, https:\/\/www.socdem.org\/wp-content\/uploads\/2018\/07\/unnamed-82-300x225.jpg 300w\" sizes=\"auto, (max-width: 980px) 100vw, 980px\" \/><\/h6>\n<h6>Our travelers spent two days on the archaeological site of Olympia, where they were impressed by the Olympic spirit by participating among other things in energetic races.<img loading=\"lazy\" decoding=\"async\" class=\"aligncenter wp-image-23615 size-large\" src=\"https:\/\/www.socdem.org\/wp-content\/uploads\/2018\/07\/unnamed-83-1024x541.jpg\" alt=\"\" width=\"980\" height=\"518\" srcset=\"https:\/\/www.socdem.org\/wp-content\/uploads\/2018\/07\/unnamed-83-1024x541.jpg 1024w, https:\/\/www.socdem.org\/wp-content\/uploads\/2018\/07\/unnamed-83-300x158.jpg 300w\" sizes=\"auto, (max-width: 980px) 100vw, 980px\" \/><\/h6>\n<h6>And they were all entitled to the crown of laur Our travelers spent two days on the archaeological site of Olympia, where they were impressed by the Olympic spirit by taking part in energetic races.iers.<\/h6>\n<p><img loading=\"lazy\" decoding=\"async\" class=\"aligncenter wp-image-23618 size-large\" src=\"https:\/\/www.socdem.org\/wp-content\/uploads\/2018\/07\/unnamed-84-791x1024.jpg\" alt=\"\" width=\"791\" height=\"1024\" srcset=\"https:\/\/www.socdem.org\/wp-content\/uploads\/2018\/07\/unnamed-84-791x1024.jpg 791w, https:\/\/www.socdem.org\/wp-content\/uploads\/2018\/07\/unnamed-84-232x300.jpg 232w\" sizes=\"auto, (max-width: 791px) 100vw, 791px\" \/><\/p>\n<h6>They have, of course, visited the site of the city behind the famous Games, and its interesting museum.<\/h6>\n<p><img loading=\"lazy\" decoding=\"async\" class=\"aligncenter wp-image-23621 size-large\" src=\"https:\/\/www.socdem.org\/wp-content\/uploads\/2018\/07\/unnamed-85-663x1024.jpg\" alt=\"\" width=\"663\" height=\"1024\" srcset=\"https:\/\/www.socdem.org\/wp-content\/uploads\/2018\/07\/unnamed-85-663x1024.jpg 663w, https:\/\/www.socdem.org\/wp-content\/uploads\/2018\/07\/unnamed-85-194x300.jpg 194w\" sizes=\"auto, (max-width: 663px) 100vw, 663px\" \/><\/p>\n<h6>All these adventures could only end at the hotel pool.<img loading=\"lazy\" decoding=\"async\" class=\"aligncenter wp-image-23624 size-large\" src=\"https:\/\/www.socdem.org\/wp-content\/uploads\/2018\/07\/unnamed-86-1024x373.jpg\" alt=\"\" width=\"980\" height=\"357\" srcset=\"https:\/\/www.socdem.org\/wp-content\/uploads\/2018\/07\/unnamed-86-1024x373.jpg 1024w, https:\/\/www.socdem.org\/wp-content\/uploads\/2018\/07\/unnamed-86-300x109.jpg 300w\" sizes=\"auto, (max-width: 980px) 100vw, 980px\" \/><\/h6>\n<h6><\/h6>\n<h6>The last part of their trip took them to a hotel in Glyfada, near the beach. Students and teachers, accompanied by a Greek guide, have made various educational excursions:<br \/>\nThey visited the cave of Kastania, dating from the Jurassic era.<img loading=\"lazy\" decoding=\"async\" class=\"aligncenter wp-image-23627 size-large\" src=\"https:\/\/www.socdem.org\/wp-content\/uploads\/2018\/07\/unnamed-87-768x1024.jpg\" alt=\"\" width=\"768\" height=\"1024\" srcset=\"https:\/\/www.socdem.org\/wp-content\/uploads\/2018\/07\/unnamed-87-768x1024.jpg 768w, https:\/\/www.socdem.org\/wp-content\/uploads\/2018\/07\/unnamed-87-225x300.jpg 225w, https:\/\/www.socdem.org\/wp-content\/uploads\/2018\/07\/unnamed-87.jpg 1800w\" sizes=\"auto, (max-width: 768px) 100vw, 768px\" \/><\/h6>\n<h6>They alternately tested the incredible acoustics of the theater of Epidaurus.<br \/>\n<img loading=\"lazy\" decoding=\"async\" class=\"aligncenter wp-image-23630 size-large\" src=\"https:\/\/www.socdem.org\/wp-content\/uploads\/2018\/07\/unnamed-88-622x1024.jpg\" alt=\"\" width=\"622\" height=\"1024\" srcset=\"https:\/\/www.socdem.org\/wp-content\/uploads\/2018\/07\/unnamed-88-622x1024.jpg 622w, https:\/\/www.socdem.org\/wp-content\/uploads\/2018\/07\/unnamed-88-182x300.jpg 182w\" sizes=\"auto, (max-width: 622px) 100vw, 622px\" \/><\/h6>\n<h6>They obviously visited Athens and its phenomenal national archaeological museum.<img loading=\"lazy\" decoding=\"async\" class=\"aligncenter wp-image-23633 size-large\" src=\"https:\/\/www.socdem.org\/wp-content\/uploads\/2018\/07\/unnamed-89-622x1024.jpg\" alt=\"\" width=\"622\" height=\"1024\" srcset=\"https:\/\/www.socdem.org\/wp-content\/uploads\/2018\/07\/unnamed-89-622x1024.jpg 622w, https:\/\/www.socdem.org\/wp-content\/uploads\/2018\/07\/unnamed-89-182x300.jpg 182w\" sizes=\"auto, (max-width: 622px) 100vw, 622px\" \/><\/h6>\n<h6>Finally, with a fascinating guide, they paid tribute to the Acropolis, where it all began.<\/h6>\n<p><img loading=\"lazy\" decoding=\"async\" class=\"aligncenter wp-image-23636 size-large\" src=\"https:\/\/www.socdem.org\/wp-content\/uploads\/2018\/07\/unnamed-90-622x1024.jpg\" alt=\"\" width=\"622\" height=\"1024\" srcset=\"https:\/\/www.socdem.org\/wp-content\/uploads\/2018\/07\/unnamed-90-622x1024.jpg 622w, https:\/\/www.socdem.org\/wp-content\/uploads\/2018\/07\/unnamed-90-182x300.jpg 182w\" sizes=\"auto, (max-width: 622px) 100vw, 622px\" \/><\/p>\n<h6>During the trip, everyone happily celebrated the birthday of Elysia, Lambros and Jessica.<img loading=\"lazy\" decoding=\"async\" class=\"aligncenter wp-image-23639 size-large\" src=\"https:\/\/www.socdem.org\/wp-content\/uploads\/2018\/07\/unnamed-92-768x1024.jpg\" alt=\"\" width=\"768\" height=\"1024\" srcset=\"https:\/\/www.socdem.org\/wp-content\/uploads\/2018\/07\/unnamed-92-768x1024.jpg 768w, https:\/\/www.socdem.org\/wp-content\/uploads\/2018\/07\/unnamed-92-225x300.jpg 225w, https:\/\/www.socdem.org\/wp-content\/uploads\/2018\/07\/unnamed-92.jpg 1800w\" sizes=\"auto, (max-width: 768px) 100vw, 768px\" \/><\/h6>\n<h6>&#8220;I am extremely pleased with the success of the trip,&#8221; said Chris Adamopoulos, General Manager of the Socrates-Demosthenes School. &#8220;The kids came back from their trip really excited and with the unique experience of discovering their roots, they were able to apply what they learned at our school. This trip was a precious life lesson for them. I wish them every success in life. &#8220;<\/h6>\n<p><img loading=\"lazy\" decoding=\"async\" class=\"aligncenter wp-image-23645 size-large\" src=\"https:\/\/www.socdem.org\/wp-content\/uploads\/2018\/07\/unnamed-94-1024x1024.jpg\" alt=\"\" width=\"980\" height=\"980\" srcset=\"https:\/\/www.socdem.org\/wp-content\/uploads\/2018\/07\/unnamed-94-1024x1024.jpg 1024w, https:\/\/www.socdem.org\/wp-content\/uploads\/2018\/07\/unnamed-94-150x150.jpg 150w, https:\/\/www.socdem.org\/wp-content\/uploads\/2018\/07\/unnamed-94-300x300.jpg 300w, https:\/\/www.socdem.org\/wp-content\/uploads\/2018\/07\/unnamed-94.jpg 2000w\" sizes=\"auto, (max-width: 980px) 100vw, 980px\" \/><\/p>\n<h6 style=\"font-weight: 400;\"><\/h6>\n<p>We would like to thank Hotel Pramataris in Monemvasia, Yannis Terizakis of Proti Cruises in Marathoupoli and Mayor Panayiotis Katsivelas for speaking and giving a gift to each child. Also, Captain Yanni, who let every child drive the boat.<br \/>\nWe also thank the wonderful and very accommodating people of the Olympic Village Hotel in Olympia. They even bought the birthday cake from one of our students.<\/p>\n<p>Impossible to omit Vanessa Riverin, Voyages Objectif Terre who organized this journey with expertise and kindness.<\/p>\n<p>None of this would have worked so well without the tenacious work of Maria Roussis, the general director, who coordinated almost miraculously all the logistics and the infinite variety of challenges that ensued.<\/p>\n<p>Finally, we would like to thank our dedicated and caring teachers: Nelli Vlahandreas, Lison Thibault and Christos Filandrianos for their exceptional presence with students throughout the trip.<\/p>\n<p>See you next year!<\/p>\n<p>The Socrates-Demosthenes School<\/p>\n<p>Parents have written a lovely letter to the Director General and have given us permission to publish it here:<\/p>\n<p><em>Dear Mr. Chris,<\/em><\/p>\n<p>My husband and I want to thank you from the bottom of our hearts for providing our daughter Georgia with the amazing opportunity of travelling to Greece for her graduation trip. It truly was the most perfect way to end her elementary school chapter at Socrates Demonsthenie. I don\u2019t think that you can put a price on it.\u00a0 As soon as she reunited with my mother in Greece, she called us to thank us for this trip and told us about what a great time she had. Although she is only 12 years old, we sent her off to Greece knowing she was in the best hands. We are forever grateful to you, Mr. Chris, Madame Lison and Madame Nellie for keeping her and her classmates safe at all times and for making this trip one that she will always remember. I will certainly miss the bing on my phone in seeing pictures of what they saw today.<\/p>\n<p>Wishing you an amazing summer!<br \/>\nDenise and Tim Acheson<\/p>\n","protected":false},"excerpt":{"rendered":"<p>A group of graduates from\u00a0\u00c9cole Socrates-D\u00e9mosth\u00e8ne of the Hellenic Community of Greater Montreal participated in the annual educational trip to Greece for the sixth year in a row. From June&#8230;<\/p>\n","protected":false},"author":23,"featured_media":23592,"comment_status":"closed","ping_status":"closed","sticky":false,"template":"","format":"standard","meta":{"_monsterinsights_skip_tracking":false,"_monsterinsights_sitenote_active":false,"_monsterinsights_sitenote_note":"","_monsterinsights_sitenote_category":0,"footnotes":""},"categories":[88,89,90,91,86,92],"tags":[],"class_list":{"0":"post-23649","1":"post","2":"type-post","3":"status-publish","4":"format-standard","5":"has-post-thumbnail","7":"category-news-2","8":"category-news-3","9":"category-news-4","10":"category-news-5","11":"category-news-and-activities-english","12":"category-news-demosthene"},"yoast_head":"<!-- This site is optimized with the Yoast SEO plugin v27.5 - https:\/\/yoast.com\/product\/yoast-seo-wordpress\/ -->\n<title>TRAVEL IN GREECE 2018 Our students in the cradle of civilization - Primary School Socrates and Demosthenes<\/title>\n<meta name=\"robots\" content=\"index, follow, max-snippet:-1, max-image-preview:large, max-video-preview:-1\" \/>\n<link rel=\"canonical\" href=\"https:\/\/www.socdem.org\/en\/travel-in-greece-2018-our-students-in-the-cradle-of-civilization\/\" \/>\n<meta property=\"og:locale\" content=\"en_US\" \/>\n<meta property=\"og:type\" content=\"article\" \/>\n<meta property=\"og:title\" content=\"TRAVEL IN GREECE 2018 Our students in the cradle of civilization - Primary School Socrates and Demosthenes\" \/>\n<meta property=\"og:description\" content=\"A group of graduates from\u00a0\u00c9cole Socrates-D\u00e9mosth\u00e8ne of the Hellenic Community of Greater Montreal participated in the annual educational trip to Greece for the sixth year in a row. From June...\" \/>\n<meta property=\"og:url\" content=\"https:\/\/www.socdem.org\/en\/travel-in-greece-2018-our-students-in-the-cradle-of-civilization\/\" \/>\n<meta property=\"og:site_name\" content=\"Primary School Socrates and Demosthenes\" \/>\n<meta property=\"article:publisher\" content=\"https:\/\/www.facebook.com\/TheHCGM\/\" \/>\n<meta property=\"article:published_time\" content=\"2018-07-24T19:37:05+00:00\" \/>\n<meta property=\"article:modified_time\" content=\"2018-08-17T18:51:43+00:00\" \/>\n<meta property=\"og:image\" content=\"https:\/\/www.socdem.org\/wp-content\/uploads\/2018\/07\/unnamed-75.jpg\" \/>\n\t<meta property=\"og:image:width\" content=\"2184\" \/>\n\t<meta property=\"og:image:height\" content=\"1710\" \/>\n\t<meta property=\"og:image:type\" content=\"image\/jpeg\" \/>\n<meta name=\"author\" content=\"avournias\" \/>\n<meta name=\"twitter:card\" content=\"summary_large_image\" \/>\n<meta name=\"twitter:label1\" content=\"Written by\" \/>\n\t<meta name=\"twitter:data1\" content=\"avournias\" \/>\n\t<meta name=\"twitter:label2\" content=\"Est. reading time\" \/>\n\t<meta name=\"twitter:data2\" content=\"4 minutes\" \/>\n<script type=\"application\/ld+json\" class=\"yoast-schema-graph\">{\"@context\":\"https:\\\/\\\/schema.org\",\"@graph\":[{\"@type\":\"Article\",\"@id\":\"https:\\\/\\\/www.socdem.org\\\/en\\\/travel-in-greece-2018-our-students-in-the-cradle-of-civilization\\\/#article\",\"isPartOf\":{\"@id\":\"https:\\\/\\\/www.socdem.org\\\/en\\\/travel-in-greece-2018-our-students-in-the-cradle-of-civilization\\\/\"},\"author\":{\"name\":\"avournias\",\"@id\":\"https:\\\/\\\/www.socdem.org\\\/en\\\/#\\\/schema\\\/person\\\/3d4208f100317a6251846d5d4fcb6e6f\"},\"headline\":\"TRAVEL IN GREECE 2018 Our students in the cradle of civilization\",\"datePublished\":\"2018-07-24T19:37:05+00:00\",\"dateModified\":\"2018-08-17T18:51:43+00:00\",\"mainEntityOfPage\":{\"@id\":\"https:\\\/\\\/www.socdem.org\\\/en\\\/travel-in-greece-2018-our-students-in-the-cradle-of-civilization\\\/\"},\"wordCount\":799,\"publisher\":{\"@id\":\"https:\\\/\\\/www.socdem.org\\\/en\\\/#organization\"},\"image\":{\"@id\":\"https:\\\/\\\/www.socdem.org\\\/en\\\/travel-in-greece-2018-our-students-in-the-cradle-of-civilization\\\/#primaryimage\"},\"thumbnailUrl\":\"https:\\\/\\\/www.socdem.org\\\/wp-content\\\/uploads\\\/2018\\\/07\\\/unnamed-75.jpg\",\"articleSection\":[\"News 2\",\"News 3\",\"News 4\",\"News 5\",\"News and Activities english\",\"News demosthene\"],\"inLanguage\":\"en-US\"},{\"@type\":\"WebPage\",\"@id\":\"https:\\\/\\\/www.socdem.org\\\/en\\\/travel-in-greece-2018-our-students-in-the-cradle-of-civilization\\\/\",\"url\":\"https:\\\/\\\/www.socdem.org\\\/en\\\/travel-in-greece-2018-our-students-in-the-cradle-of-civilization\\\/\",\"name\":\"TRAVEL IN GREECE 2018 Our students in the cradle of civilization - Primary School Socrates and Demosthenes\",\"isPartOf\":{\"@id\":\"https:\\\/\\\/www.socdem.org\\\/en\\\/#website\"},\"primaryImageOfPage\":{\"@id\":\"https:\\\/\\\/www.socdem.org\\\/en\\\/travel-in-greece-2018-our-students-in-the-cradle-of-civilization\\\/#primaryimage\"},\"image\":{\"@id\":\"https:\\\/\\\/www.socdem.org\\\/en\\\/travel-in-greece-2018-our-students-in-the-cradle-of-civilization\\\/#primaryimage\"},\"thumbnailUrl\":\"https:\\\/\\\/www.socdem.org\\\/wp-content\\\/uploads\\\/2018\\\/07\\\/unnamed-75.jpg\",\"datePublished\":\"2018-07-24T19:37:05+00:00\",\"dateModified\":\"2018-08-17T18:51:43+00:00\",\"breadcrumb\":{\"@id\":\"https:\\\/\\\/www.socdem.org\\\/en\\\/travel-in-greece-2018-our-students-in-the-cradle-of-civilization\\\/#breadcrumb\"},\"inLanguage\":\"en-US\",\"potentialAction\":[{\"@type\":\"ReadAction\",\"target\":[\"https:\\\/\\\/www.socdem.org\\\/en\\\/travel-in-greece-2018-our-students-in-the-cradle-of-civilization\\\/\"]}]},{\"@type\":\"ImageObject\",\"inLanguage\":\"en-US\",\"@id\":\"https:\\\/\\\/www.socdem.org\\\/en\\\/travel-in-greece-2018-our-students-in-the-cradle-of-civilization\\\/#primaryimage\",\"url\":\"https:\\\/\\\/www.socdem.org\\\/wp-content\\\/uploads\\\/2018\\\/07\\\/unnamed-75.jpg\",\"contentUrl\":\"https:\\\/\\\/www.socdem.org\\\/wp-content\\\/uploads\\\/2018\\\/07\\\/unnamed-75.jpg\",\"width\":2184,\"height\":1710},{\"@type\":\"BreadcrumbList\",\"@id\":\"https:\\\/\\\/www.socdem.org\\\/en\\\/travel-in-greece-2018-our-students-in-the-cradle-of-civilization\\\/#breadcrumb\",\"itemListElement\":[{\"@type\":\"ListItem\",\"position\":1,\"name\":\"Accueil\",\"item\":\"https:\\\/\\\/www.socdem.org\\\/en\\\/\"},{\"@type\":\"ListItem\",\"position\":2,\"name\":\"TRAVEL IN GREECE 2018 Our students in the cradle of civilization\"}]},{\"@type\":\"WebSite\",\"@id\":\"https:\\\/\\\/www.socdem.org\\\/en\\\/#website\",\"url\":\"https:\\\/\\\/www.socdem.org\\\/en\\\/\",\"name\":\"\u00c9cole Socrates-D\u00e9mosth\u00e8ne\",\"description\":\"Five trilingual greek primary schools of Greater Montreal.\",\"publisher\":{\"@id\":\"https:\\\/\\\/www.socdem.org\\\/en\\\/#organization\"},\"potentialAction\":[{\"@type\":\"SearchAction\",\"target\":{\"@type\":\"EntryPoint\",\"urlTemplate\":\"https:\\\/\\\/www.socdem.org\\\/en\\\/?s={search_term_string}\"},\"query-input\":{\"@type\":\"PropertyValueSpecification\",\"valueRequired\":true,\"valueName\":\"search_term_string\"}}],\"inLanguage\":\"en-US\"},{\"@type\":\"Organization\",\"@id\":\"https:\\\/\\\/www.socdem.org\\\/en\\\/#organization\",\"name\":\"\u00c9cole Socrates-D\u00e9mosth\u00e8ne\",\"url\":\"https:\\\/\\\/www.socdem.org\\\/en\\\/\",\"logo\":{\"@type\":\"ImageObject\",\"inLanguage\":\"en-US\",\"@id\":\"https:\\\/\\\/www.socdem.org\\\/en\\\/#\\\/schema\\\/logo\\\/image\\\/\",\"url\":\"https:\\\/\\\/www.socdem.org\\\/wp-content\\\/uploads\\\/2014\\\/03\\\/SOC-DEM-LOGO-NAME.jpg\",\"contentUrl\":\"https:\\\/\\\/www.socdem.org\\\/wp-content\\\/uploads\\\/2014\\\/03\\\/SOC-DEM-LOGO-NAME.jpg\",\"width\":\"8485\",\"height\":\"4200\",\"caption\":\"\u00c9cole Socrates-D\u00e9mosth\u00e8ne\"},\"image\":{\"@id\":\"https:\\\/\\\/www.socdem.org\\\/en\\\/#\\\/schema\\\/logo\\\/image\\\/\"},\"sameAs\":[\"https:\\\/\\\/www.facebook.com\\\/TheHCGM\\\/\",\"https:\\\/\\\/www.instagram.com\\\/p\\\/BnE965PhJU7\\\/?hl=en\"]},{\"@type\":\"Person\",\"@id\":\"https:\\\/\\\/www.socdem.org\\\/en\\\/#\\\/schema\\\/person\\\/3d4208f100317a6251846d5d4fcb6e6f\",\"name\":\"avournias\",\"image\":{\"@type\":\"ImageObject\",\"inLanguage\":\"en-US\",\"@id\":\"https:\\\/\\\/secure.gravatar.com\\\/avatar\\\/e44d940614c28c716a6912b81868ef19a508fe61c65c7dbdb4825236cbaa5364?s=96&d=mm&r=g\",\"url\":\"https:\\\/\\\/secure.gravatar.com\\\/avatar\\\/e44d940614c28c716a6912b81868ef19a508fe61c65c7dbdb4825236cbaa5364?s=96&d=mm&r=g\",\"contentUrl\":\"https:\\\/\\\/secure.gravatar.com\\\/avatar\\\/e44d940614c28c716a6912b81868ef19a508fe61c65c7dbdb4825236cbaa5364?s=96&d=mm&r=g\",\"caption\":\"avournias\"},\"sameAs\":[\"http:\\\/\\\/socdem.wpengine.com\"],\"url\":\"https:\\\/\\\/www.socdem.org\\\/en\\\/author\\\/avournias\\\/\"}]}<\/script>\n<!-- \/ Yoast SEO plugin. -->","yoast_head_json":{"title":"TRAVEL IN GREECE 2018 Our students in the cradle of civilization - Primary School Socrates and Demosthenes","robots":{"index":"index","follow":"follow","max-snippet":"max-snippet:-1","max-image-preview":"max-image-preview:large","max-video-preview":"max-video-preview:-1"},"canonical":"https:\/\/www.socdem.org\/en\/travel-in-greece-2018-our-students-in-the-cradle-of-civilization\/","og_locale":"en_US","og_type":"article","og_title":"TRAVEL IN GREECE 2018 Our students in the cradle of civilization - Primary School Socrates and Demosthenes","og_description":"A group of graduates from\u00a0\u00c9cole Socrates-D\u00e9mosth\u00e8ne of the Hellenic Community of Greater Montreal participated in the annual educational trip to Greece for the sixth year in a row. From June...","og_url":"https:\/\/www.socdem.org\/en\/travel-in-greece-2018-our-students-in-the-cradle-of-civilization\/","og_site_name":"Primary School Socrates and Demosthenes","article_publisher":"https:\/\/www.facebook.com\/TheHCGM\/","article_published_time":"2018-07-24T19:37:05+00:00","article_modified_time":"2018-08-17T18:51:43+00:00","og_image":[{"width":2184,"height":1710,"url":"https:\/\/www.socdem.org\/wp-content\/uploads\/2018\/07\/unnamed-75.jpg","type":"image\/jpeg"}],"author":"avournias","twitter_card":"summary_large_image","twitter_misc":{"Written by":"avournias","Est. reading time":"4 minutes"},"schema":{"@context":"https:\/\/schema.org","@graph":[{"@type":"Article","@id":"https:\/\/www.socdem.org\/en\/travel-in-greece-2018-our-students-in-the-cradle-of-civilization\/#article","isPartOf":{"@id":"https:\/\/www.socdem.org\/en\/travel-in-greece-2018-our-students-in-the-cradle-of-civilization\/"},"author":{"name":"avournias","@id":"https:\/\/www.socdem.org\/en\/#\/schema\/person\/3d4208f100317a6251846d5d4fcb6e6f"},"headline":"TRAVEL IN GREECE 2018 Our students in the cradle of civilization","datePublished":"2018-07-24T19:37:05+00:00","dateModified":"2018-08-17T18:51:43+00:00","mainEntityOfPage":{"@id":"https:\/\/www.socdem.org\/en\/travel-in-greece-2018-our-students-in-the-cradle-of-civilization\/"},"wordCount":799,"publisher":{"@id":"https:\/\/www.socdem.org\/en\/#organization"},"image":{"@id":"https:\/\/www.socdem.org\/en\/travel-in-greece-2018-our-students-in-the-cradle-of-civilization\/#primaryimage"},"thumbnailUrl":"https:\/\/www.socdem.org\/wp-content\/uploads\/2018\/07\/unnamed-75.jpg","articleSection":["News 2","News 3","News 4","News 5","News and Activities english","News demosthene"],"inLanguage":"en-US"},{"@type":"WebPage","@id":"https:\/\/www.socdem.org\/en\/travel-in-greece-2018-our-students-in-the-cradle-of-civilization\/","url":"https:\/\/www.socdem.org\/en\/travel-in-greece-2018-our-students-in-the-cradle-of-civilization\/","name":"TRAVEL IN GREECE 2018 Our students in the cradle of civilization - Primary School Socrates and Demosthenes","isPartOf":{"@id":"https:\/\/www.socdem.org\/en\/#website"},"primaryImageOfPage":{"@id":"https:\/\/www.socdem.org\/en\/travel-in-greece-2018-our-students-in-the-cradle-of-civilization\/#primaryimage"},"image":{"@id":"https:\/\/www.socdem.org\/en\/travel-in-greece-2018-our-students-in-the-cradle-of-civilization\/#primaryimage"},"thumbnailUrl":"https:\/\/www.socdem.org\/wp-content\/uploads\/2018\/07\/unnamed-75.jpg","datePublished":"2018-07-24T19:37:05+00:00","dateModified":"2018-08-17T18:51:43+00:00","breadcrumb":{"@id":"https:\/\/www.socdem.org\/en\/travel-in-greece-2018-our-students-in-the-cradle-of-civilization\/#breadcrumb"},"inLanguage":"en-US","potentialAction":[{"@type":"ReadAction","target":["https:\/\/www.socdem.org\/en\/travel-in-greece-2018-our-students-in-the-cradle-of-civilization\/"]}]},{"@type":"ImageObject","inLanguage":"en-US","@id":"https:\/\/www.socdem.org\/en\/travel-in-greece-2018-our-students-in-the-cradle-of-civilization\/#primaryimage","url":"https:\/\/www.socdem.org\/wp-content\/uploads\/2018\/07\/unnamed-75.jpg","contentUrl":"https:\/\/www.socdem.org\/wp-content\/uploads\/2018\/07\/unnamed-75.jpg","width":2184,"height":1710},{"@type":"BreadcrumbList","@id":"https:\/\/www.socdem.org\/en\/travel-in-greece-2018-our-students-in-the-cradle-of-civilization\/#breadcrumb","itemListElement":[{"@type":"ListItem","position":1,"name":"Accueil","item":"https:\/\/www.socdem.org\/en\/"},{"@type":"ListItem","position":2,"name":"TRAVEL IN GREECE 2018 Our students in the cradle of civilization"}]},{"@type":"WebSite","@id":"https:\/\/www.socdem.org\/en\/#website","url":"https:\/\/www.socdem.org\/en\/","name":"\u00c9cole Socrates-D\u00e9mosth\u00e8ne","description":"Five trilingual greek primary schools of Greater Montreal.","publisher":{"@id":"https:\/\/www.socdem.org\/en\/#organization"},"potentialAction":[{"@type":"SearchAction","target":{"@type":"EntryPoint","urlTemplate":"https:\/\/www.socdem.org\/en\/?s={search_term_string}"},"query-input":{"@type":"PropertyValueSpecification","valueRequired":true,"valueName":"search_term_string"}}],"inLanguage":"en-US"},{"@type":"Organization","@id":"https:\/\/www.socdem.org\/en\/#organization","name":"\u00c9cole Socrates-D\u00e9mosth\u00e8ne","url":"https:\/\/www.socdem.org\/en\/","logo":{"@type":"ImageObject","inLanguage":"en-US","@id":"https:\/\/www.socdem.org\/en\/#\/schema\/logo\/image\/","url":"https:\/\/www.socdem.org\/wp-content\/uploads\/2014\/03\/SOC-DEM-LOGO-NAME.jpg","contentUrl":"https:\/\/www.socdem.org\/wp-content\/uploads\/2014\/03\/SOC-DEM-LOGO-NAME.jpg","width":"8485","height":"4200","caption":"\u00c9cole Socrates-D\u00e9mosth\u00e8ne"},"image":{"@id":"https:\/\/www.socdem.org\/en\/#\/schema\/logo\/image\/"},"sameAs":["https:\/\/www.facebook.com\/TheHCGM\/","https:\/\/www.instagram.com\/p\/BnE965PhJU7\/?hl=en"]},{"@type":"Person","@id":"https:\/\/www.socdem.org\/en\/#\/schema\/person\/3d4208f100317a6251846d5d4fcb6e6f","name":"avournias","image":{"@type":"ImageObject","inLanguage":"en-US","@id":"https:\/\/secure.gravatar.com\/avatar\/e44d940614c28c716a6912b81868ef19a508fe61c65c7dbdb4825236cbaa5364?s=96&d=mm&r=g","url":"https:\/\/secure.gravatar.com\/avatar\/e44d940614c28c716a6912b81868ef19a508fe61c65c7dbdb4825236cbaa5364?s=96&d=mm&r=g","contentUrl":"https:\/\/secure.gravatar.com\/avatar\/e44d940614c28c716a6912b81868ef19a508fe61c65c7dbdb4825236cbaa5364?s=96&d=mm&r=g","caption":"avournias"},"sameAs":["http:\/\/socdem.wpengine.com"],"url":"https:\/\/www.socdem.org\/en\/author\/avournias\/"}]}},"_links":{"self":[{"href":"https:\/\/www.socdem.org\/en\/wp-json\/wp\/v2\/posts\/23649","targetHints":{"allow":["GET"]}}],"collection":[{"href":"https:\/\/www.socdem.org\/en\/wp-json\/wp\/v2\/posts"}],"about":[{"href":"https:\/\/www.socdem.org\/en\/wp-json\/wp\/v2\/types\/post"}],"author":[{"embeddable":true,"href":"https:\/\/www.socdem.org\/en\/wp-json\/wp\/v2\/users\/23"}],"replies":[{"embeddable":true,"href":"https:\/\/www.socdem.org\/en\/wp-json\/wp\/v2\/comments?post=23649"}],"version-history":[{"count":0,"href":"https:\/\/www.socdem.org\/en\/wp-json\/wp\/v2\/posts\/23649\/revisions"}],"wp:featuredmedia":[{"embeddable":true,"href":"https:\/\/www.socdem.org\/en\/wp-json\/wp\/v2\/media\/23592"}],"wp:attachment":[{"href":"https:\/\/www.socdem.org\/en\/wp-json\/wp\/v2\/media?parent=23649"}],"wp:term":[{"taxonomy":"category","embeddable":true,"href":"https:\/\/www.socdem.org\/en\/wp-json\/wp\/v2\/categories?post=23649"},{"taxonomy":"post_tag","embeddable":true,"href":"https:\/\/www.socdem.org\/en\/wp-json\/wp\/v2\/tags?post=23649"}],"curies":[{"name":"wp","href":"https:\/\/api.w.org\/{rel}","templated":true}]}}