{"id":24676,"date":"2018-11-14T21:10:00","date_gmt":"2018-11-15T02:10:00","guid":{"rendered":"https:\/\/www.socdem.org\/?p=24676"},"modified":"2018-11-14T21:10:00","modified_gmt":"2018-11-15T02:10:00","slug":"the-socrates-demosthenes-school-opens-its-doors","status":"publish","type":"post","link":"https:\/\/www.socdem.org\/en\/the-socrates-demosthenes-school-opens-its-doors\/","title":{"rendered":"The Socrates-Demosthenes School opens its doors"},"content":{"rendered":"<h6>The Socrates-Demosthenes School opens its doors<\/h6>\n<h6><img loading=\"lazy\" decoding=\"async\" class=\"aligncenter wp-image-24654 size-full\" src=\"https:\/\/www.socdem.org\/wp-content\/uploads\/2018\/11\/unnamed-5.jpg\" alt=\"\" width=\"1008\" height=\"756\" srcset=\"https:\/\/www.socdem.org\/wp-content\/uploads\/2018\/11\/unnamed-5.jpg 1008w, https:\/\/www.socdem.org\/wp-content\/uploads\/2018\/11\/unnamed-5-300x225.jpg 300w\" sizes=\"auto, (max-width: 1008px) 100vw, 1008px\" \/><\/h6>\n<h6>As is the tradition, the month of November indicates open houses throughout Montreal. The Socrates-D\u00e9mosth\u00e8ne School welcomed with joy and pride many visitors who came to admire its campuses.<br \/>\nTeachers, parents, students, principals and even the Executive Director spoke enthusiastically with all those interested in our school system, school work, activities, art and dance, sports, everything that makes the Socrates-D\u00e9mosth\u00e8ne School a unique place.<\/h6>\n<h6>In D\u00e9mosth\u00e8ne:<\/h6>\n<p><img loading=\"lazy\" decoding=\"async\" class=\"aligncenter wp-image-24657 size-large\" src=\"https:\/\/www.socdem.org\/wp-content\/uploads\/2018\/11\/unnamed-6-622x1024.jpg\" alt=\"\" width=\"622\" height=\"1024\" srcset=\"https:\/\/www.socdem.org\/wp-content\/uploads\/2018\/11\/unnamed-6-622x1024.jpg 622w, https:\/\/www.socdem.org\/wp-content\/uploads\/2018\/11\/unnamed-6-182x300.jpg 182w\" sizes=\"auto, (max-width: 622px) 100vw, 622px\" \/><\/p>\n<h6>Socrates V :<\/h6>\n<p><img loading=\"lazy\" decoding=\"async\" class=\"aligncenter wp-image-24660 size-large\" src=\"https:\/\/www.socdem.org\/wp-content\/uploads\/2018\/11\/unnamed-7-1024x768.jpg\" alt=\"\" width=\"980\" height=\"735\" srcset=\"https:\/\/www.socdem.org\/wp-content\/uploads\/2018\/11\/unnamed-7-1024x768.jpg 1024w, https:\/\/www.socdem.org\/wp-content\/uploads\/2018\/11\/unnamed-7-300x225.jpg 300w\" sizes=\"auto, (max-width: 980px) 100vw, 980px\" \/><\/p>\n<h6>Socrates IV:<\/h6>\n<p>&nbsp;<\/p>\n<p><img loading=\"lazy\" decoding=\"async\" class=\"aligncenter wp-image-24663 size-large\" src=\"https:\/\/www.socdem.org\/wp-content\/uploads\/2018\/11\/unnamed-8-791x1024.jpg\" alt=\"\" width=\"791\" height=\"1024\" srcset=\"https:\/\/www.socdem.org\/wp-content\/uploads\/2018\/11\/unnamed-8-791x1024.jpg 791w, https:\/\/www.socdem.org\/wp-content\/uploads\/2018\/11\/unnamed-8-232x300.jpg 232w\" sizes=\"auto, (max-width: 791px) 100vw, 791px\" \/><\/p>\n<h6>Socrates III :<\/h6>\n<p><img loading=\"lazy\" decoding=\"async\" class=\"aligncenter wp-image-24666 size-large\" src=\"https:\/\/www.socdem.org\/wp-content\/uploads\/2018\/11\/unnamed-9-622x1024.jpg\" alt=\"\" width=\"622\" height=\"1024\" srcset=\"https:\/\/www.socdem.org\/wp-content\/uploads\/2018\/11\/unnamed-9-622x1024.jpg 622w, https:\/\/www.socdem.org\/wp-content\/uploads\/2018\/11\/unnamed-9-182x300.jpg 182w\" sizes=\"auto, (max-width: 622px) 100vw, 622px\" \/><\/p>\n<h6>Socrates II :<\/h6>\n<p><img loading=\"lazy\" decoding=\"async\" class=\"aligncenter wp-image-24669 size-large\" src=\"https:\/\/www.socdem.org\/wp-content\/uploads\/2018\/11\/unnamed-10-622x1024.jpg\" alt=\"\" width=\"622\" height=\"1024\" srcset=\"https:\/\/www.socdem.org\/wp-content\/uploads\/2018\/11\/unnamed-10-622x1024.jpg 622w, https:\/\/www.socdem.org\/wp-content\/uploads\/2018\/11\/unnamed-10-182x300.jpg 182w\" sizes=\"auto, (max-width: 622px) 100vw, 622px\" \/><\/p>\n<h6>We would like to thank everyone who has worked so hard to put this important event in place.<\/h6>\n<h6>\nThe Socrates-D\u00e9mosth\u00e8ne School<\/h6>\n<h6><\/h6>\n","protected":false},"excerpt":{"rendered":"<p>The Socrates-Demosthenes School opens its doors As is the tradition, the month of November indicates open houses throughout Montreal. The Socrates-D\u00e9mosth\u00e8ne School welcomed with joy and pride many visitors who&#8230;<\/p>\n","protected":false},"author":23,"featured_media":24667,"comment_status":"closed","ping_status":"closed","sticky":false,"template":"","format":"standard","meta":{"_monsterinsights_skip_tracking":false,"_monsterinsights_sitenote_active":false,"_monsterinsights_sitenote_note":"","_monsterinsights_sitenote_category":0,"footnotes":""},"categories":[88,89,90,91,86],"tags":[],"class_list":{"0":"post-24676","1":"post","2":"type-post","3":"status-publish","4":"format-standard","5":"has-post-thumbnail","7":"category-news-2","8":"category-news-3","9":"category-news-4","10":"category-news-5","11":"category-news-and-activities-english"},"yoast_head":"<!-- This site is optimized with the Yoast SEO plugin v27.5 - https:\/\/yoast.com\/product\/yoast-seo-wordpress\/ -->\n<title>The Socrates-Demosthenes School opens its doors - Primary School Socrates and Demosthenes<\/title>\n<meta name=\"robots\" content=\"index, follow, max-snippet:-1, max-image-preview:large, max-video-preview:-1\" \/>\n<link rel=\"canonical\" href=\"https:\/\/www.socdem.org\/en\/the-socrates-demosthenes-school-opens-its-doors\/\" \/>\n<meta property=\"og:locale\" content=\"en_US\" \/>\n<meta property=\"og:type\" content=\"article\" \/>\n<meta property=\"og:title\" content=\"The Socrates-Demosthenes School opens its doors - Primary School Socrates and Demosthenes\" \/>\n<meta property=\"og:description\" content=\"The Socrates-Demosthenes School opens its doors As is the tradition, the month of November indicates open houses throughout Montreal. The Socrates-D\u00e9mosth\u00e8ne School welcomed with joy and pride many visitors who...\" \/>\n<meta property=\"og:url\" content=\"https:\/\/www.socdem.org\/en\/the-socrates-demosthenes-school-opens-its-doors\/\" \/>\n<meta property=\"og:site_name\" content=\"Primary School Socrates and Demosthenes\" \/>\n<meta property=\"article:publisher\" content=\"https:\/\/www.facebook.com\/TheHCGM\/\" \/>\n<meta property=\"article:published_time\" content=\"2018-11-15T02:10:00+00:00\" \/>\n<meta property=\"og:image\" content=\"https:\/\/www.socdem.org\/wp-content\/uploads\/2018\/11\/unnamed-9.jpg\" \/>\n\t<meta property=\"og:image:width\" content=\"2550\" \/>\n\t<meta property=\"og:image:height\" content=\"4200\" \/>\n\t<meta property=\"og:image:type\" content=\"image\/jpeg\" \/>\n<meta name=\"author\" content=\"avournias\" \/>\n<meta name=\"twitter:card\" content=\"summary_large_image\" \/>\n<meta name=\"twitter:label1\" content=\"Written by\" \/>\n\t<meta name=\"twitter:data1\" content=\"avournias\" \/>\n\t<meta name=\"twitter:label2\" content=\"Est. reading time\" \/>\n\t<meta name=\"twitter:data2\" content=\"1 minute\" \/>\n<script type=\"application\/ld+json\" class=\"yoast-schema-graph\">{\"@context\":\"https:\\\/\\\/schema.org\",\"@graph\":[{\"@type\":\"Article\",\"@id\":\"https:\\\/\\\/www.socdem.org\\\/en\\\/the-socrates-demosthenes-school-opens-its-doors\\\/#article\",\"isPartOf\":{\"@id\":\"https:\\\/\\\/www.socdem.org\\\/en\\\/the-socrates-demosthenes-school-opens-its-doors\\\/\"},\"author\":{\"name\":\"avournias\",\"@id\":\"https:\\\/\\\/www.socdem.org\\\/en\\\/#\\\/schema\\\/person\\\/3d4208f100317a6251846d5d4fcb6e6f\"},\"headline\":\"The Socrates-Demosthenes School opens its doors\",\"datePublished\":\"2018-11-15T02:10:00+00:00\",\"mainEntityOfPage\":{\"@id\":\"https:\\\/\\\/www.socdem.org\\\/en\\\/the-socrates-demosthenes-school-opens-its-doors\\\/\"},\"wordCount\":116,\"publisher\":{\"@id\":\"https:\\\/\\\/www.socdem.org\\\/en\\\/#organization\"},\"image\":{\"@id\":\"https:\\\/\\\/www.socdem.org\\\/en\\\/the-socrates-demosthenes-school-opens-its-doors\\\/#primaryimage\"},\"thumbnailUrl\":\"https:\\\/\\\/www.socdem.org\\\/wp-content\\\/uploads\\\/2018\\\/11\\\/unnamed-9.jpg\",\"articleSection\":[\"News 2\",\"News 3\",\"News 4\",\"News 5\",\"News and Activities english\"],\"inLanguage\":\"en-US\"},{\"@type\":\"WebPage\",\"@id\":\"https:\\\/\\\/www.socdem.org\\\/en\\\/the-socrates-demosthenes-school-opens-its-doors\\\/\",\"url\":\"https:\\\/\\\/www.socdem.org\\\/en\\\/the-socrates-demosthenes-school-opens-its-doors\\\/\",\"name\":\"The Socrates-Demosthenes School opens its doors - Primary School Socrates and Demosthenes\",\"isPartOf\":{\"@id\":\"https:\\\/\\\/www.socdem.org\\\/en\\\/#website\"},\"primaryImageOfPage\":{\"@id\":\"https:\\\/\\\/www.socdem.org\\\/en\\\/the-socrates-demosthenes-school-opens-its-doors\\\/#primaryimage\"},\"image\":{\"@id\":\"https:\\\/\\\/www.socdem.org\\\/en\\\/the-socrates-demosthenes-school-opens-its-doors\\\/#primaryimage\"},\"thumbnailUrl\":\"https:\\\/\\\/www.socdem.org\\\/wp-content\\\/uploads\\\/2018\\\/11\\\/unnamed-9.jpg\",\"datePublished\":\"2018-11-15T02:10:00+00:00\",\"breadcrumb\":{\"@id\":\"https:\\\/\\\/www.socdem.org\\\/en\\\/the-socrates-demosthenes-school-opens-its-doors\\\/#breadcrumb\"},\"inLanguage\":\"en-US\",\"potentialAction\":[{\"@type\":\"ReadAction\",\"target\":[\"https:\\\/\\\/www.socdem.org\\\/en\\\/the-socrates-demosthenes-school-opens-its-doors\\\/\"]}]},{\"@type\":\"ImageObject\",\"inLanguage\":\"en-US\",\"@id\":\"https:\\\/\\\/www.socdem.org\\\/en\\\/the-socrates-demosthenes-school-opens-its-doors\\\/#primaryimage\",\"url\":\"https:\\\/\\\/www.socdem.org\\\/wp-content\\\/uploads\\\/2018\\\/11\\\/unnamed-9.jpg\",\"contentUrl\":\"https:\\\/\\\/www.socdem.org\\\/wp-content\\\/uploads\\\/2018\\\/11\\\/unnamed-9.jpg\",\"width\":2550,\"height\":4200},{\"@type\":\"BreadcrumbList\",\"@id\":\"https:\\\/\\\/www.socdem.org\\\/en\\\/the-socrates-demosthenes-school-opens-its-doors\\\/#breadcrumb\",\"itemListElement\":[{\"@type\":\"ListItem\",\"position\":1,\"name\":\"Accueil\",\"item\":\"https:\\\/\\\/www.socdem.org\\\/en\\\/\"},{\"@type\":\"ListItem\",\"position\":2,\"name\":\"The Socrates-Demosthenes School opens its doors\"}]},{\"@type\":\"WebSite\",\"@id\":\"https:\\\/\\\/www.socdem.org\\\/en\\\/#website\",\"url\":\"https:\\\/\\\/www.socdem.org\\\/en\\\/\",\"name\":\"\u00c9cole Socrates-D\u00e9mosth\u00e8ne\",\"description\":\"Five trilingual greek primary schools of Greater Montreal.\",\"publisher\":{\"@id\":\"https:\\\/\\\/www.socdem.org\\\/en\\\/#organization\"},\"potentialAction\":[{\"@type\":\"SearchAction\",\"target\":{\"@type\":\"EntryPoint\",\"urlTemplate\":\"https:\\\/\\\/www.socdem.org\\\/en\\\/?s={search_term_string}\"},\"query-input\":{\"@type\":\"PropertyValueSpecification\",\"valueRequired\":true,\"valueName\":\"search_term_string\"}}],\"inLanguage\":\"en-US\"},{\"@type\":\"Organization\",\"@id\":\"https:\\\/\\\/www.socdem.org\\\/en\\\/#organization\",\"name\":\"\u00c9cole Socrates-D\u00e9mosth\u00e8ne\",\"url\":\"https:\\\/\\\/www.socdem.org\\\/en\\\/\",\"logo\":{\"@type\":\"ImageObject\",\"inLanguage\":\"en-US\",\"@id\":\"https:\\\/\\\/www.socdem.org\\\/en\\\/#\\\/schema\\\/logo\\\/image\\\/\",\"url\":\"https:\\\/\\\/www.socdem.org\\\/wp-content\\\/uploads\\\/2014\\\/03\\\/SOC-DEM-LOGO-NAME.jpg\",\"contentUrl\":\"https:\\\/\\\/www.socdem.org\\\/wp-content\\\/uploads\\\/2014\\\/03\\\/SOC-DEM-LOGO-NAME.jpg\",\"width\":\"8485\",\"height\":\"4200\",\"caption\":\"\u00c9cole Socrates-D\u00e9mosth\u00e8ne\"},\"image\":{\"@id\":\"https:\\\/\\\/www.socdem.org\\\/en\\\/#\\\/schema\\\/logo\\\/image\\\/\"},\"sameAs\":[\"https:\\\/\\\/www.facebook.com\\\/TheHCGM\\\/\",\"https:\\\/\\\/www.instagram.com\\\/p\\\/BnE965PhJU7\\\/?hl=en\"]},{\"@type\":\"Person\",\"@id\":\"https:\\\/\\\/www.socdem.org\\\/en\\\/#\\\/schema\\\/person\\\/3d4208f100317a6251846d5d4fcb6e6f\",\"name\":\"avournias\",\"image\":{\"@type\":\"ImageObject\",\"inLanguage\":\"en-US\",\"@id\":\"https:\\\/\\\/secure.gravatar.com\\\/avatar\\\/e44d940614c28c716a6912b81868ef19a508fe61c65c7dbdb4825236cbaa5364?s=96&d=mm&r=g\",\"url\":\"https:\\\/\\\/secure.gravatar.com\\\/avatar\\\/e44d940614c28c716a6912b81868ef19a508fe61c65c7dbdb4825236cbaa5364?s=96&d=mm&r=g\",\"contentUrl\":\"https:\\\/\\\/secure.gravatar.com\\\/avatar\\\/e44d940614c28c716a6912b81868ef19a508fe61c65c7dbdb4825236cbaa5364?s=96&d=mm&r=g\",\"caption\":\"avournias\"},\"sameAs\":[\"http:\\\/\\\/socdem.wpengine.com\"],\"url\":\"https:\\\/\\\/www.socdem.org\\\/en\\\/author\\\/avournias\\\/\"}]}<\/script>\n<!-- \/ Yoast SEO plugin. -->","yoast_head_json":{"title":"The Socrates-Demosthenes School opens its doors - Primary School Socrates and Demosthenes","robots":{"index":"index","follow":"follow","max-snippet":"max-snippet:-1","max-image-preview":"max-image-preview:large","max-video-preview":"max-video-preview:-1"},"canonical":"https:\/\/www.socdem.org\/en\/the-socrates-demosthenes-school-opens-its-doors\/","og_locale":"en_US","og_type":"article","og_title":"The Socrates-Demosthenes School opens its doors - Primary School Socrates and Demosthenes","og_description":"The Socrates-Demosthenes School opens its doors As is the tradition, the month of November indicates open houses throughout Montreal. The Socrates-D\u00e9mosth\u00e8ne School welcomed with joy and pride many visitors who...","og_url":"https:\/\/www.socdem.org\/en\/the-socrates-demosthenes-school-opens-its-doors\/","og_site_name":"Primary School Socrates and Demosthenes","article_publisher":"https:\/\/www.facebook.com\/TheHCGM\/","article_published_time":"2018-11-15T02:10:00+00:00","og_image":[{"width":2550,"height":4200,"url":"https:\/\/www.socdem.org\/wp-content\/uploads\/2018\/11\/unnamed-9.jpg","type":"image\/jpeg"}],"author":"avournias","twitter_card":"summary_large_image","twitter_misc":{"Written by":"avournias","Est. reading time":"1 minute"},"schema":{"@context":"https:\/\/schema.org","@graph":[{"@type":"Article","@id":"https:\/\/www.socdem.org\/en\/the-socrates-demosthenes-school-opens-its-doors\/#article","isPartOf":{"@id":"https:\/\/www.socdem.org\/en\/the-socrates-demosthenes-school-opens-its-doors\/"},"author":{"name":"avournias","@id":"https:\/\/www.socdem.org\/en\/#\/schema\/person\/3d4208f100317a6251846d5d4fcb6e6f"},"headline":"The Socrates-Demosthenes School opens its doors","datePublished":"2018-11-15T02:10:00+00:00","mainEntityOfPage":{"@id":"https:\/\/www.socdem.org\/en\/the-socrates-demosthenes-school-opens-its-doors\/"},"wordCount":116,"publisher":{"@id":"https:\/\/www.socdem.org\/en\/#organization"},"image":{"@id":"https:\/\/www.socdem.org\/en\/the-socrates-demosthenes-school-opens-its-doors\/#primaryimage"},"thumbnailUrl":"https:\/\/www.socdem.org\/wp-content\/uploads\/2018\/11\/unnamed-9.jpg","articleSection":["News 2","News 3","News 4","News 5","News and Activities english"],"inLanguage":"en-US"},{"@type":"WebPage","@id":"https:\/\/www.socdem.org\/en\/the-socrates-demosthenes-school-opens-its-doors\/","url":"https:\/\/www.socdem.org\/en\/the-socrates-demosthenes-school-opens-its-doors\/","name":"The Socrates-Demosthenes School opens its doors - Primary School Socrates and Demosthenes","isPartOf":{"@id":"https:\/\/www.socdem.org\/en\/#website"},"primaryImageOfPage":{"@id":"https:\/\/www.socdem.org\/en\/the-socrates-demosthenes-school-opens-its-doors\/#primaryimage"},"image":{"@id":"https:\/\/www.socdem.org\/en\/the-socrates-demosthenes-school-opens-its-doors\/#primaryimage"},"thumbnailUrl":"https:\/\/www.socdem.org\/wp-content\/uploads\/2018\/11\/unnamed-9.jpg","datePublished":"2018-11-15T02:10:00+00:00","breadcrumb":{"@id":"https:\/\/www.socdem.org\/en\/the-socrates-demosthenes-school-opens-its-doors\/#breadcrumb"},"inLanguage":"en-US","potentialAction":[{"@type":"ReadAction","target":["https:\/\/www.socdem.org\/en\/the-socrates-demosthenes-school-opens-its-doors\/"]}]},{"@type":"ImageObject","inLanguage":"en-US","@id":"https:\/\/www.socdem.org\/en\/the-socrates-demosthenes-school-opens-its-doors\/#primaryimage","url":"https:\/\/www.socdem.org\/wp-content\/uploads\/2018\/11\/unnamed-9.jpg","contentUrl":"https:\/\/www.socdem.org\/wp-content\/uploads\/2018\/11\/unnamed-9.jpg","width":2550,"height":4200},{"@type":"BreadcrumbList","@id":"https:\/\/www.socdem.org\/en\/the-socrates-demosthenes-school-opens-its-doors\/#breadcrumb","itemListElement":[{"@type":"ListItem","position":1,"name":"Accueil","item":"https:\/\/www.socdem.org\/en\/"},{"@type":"ListItem","position":2,"name":"The Socrates-Demosthenes School opens its doors"}]},{"@type":"WebSite","@id":"https:\/\/www.socdem.org\/en\/#website","url":"https:\/\/www.socdem.org\/en\/","name":"\u00c9cole Socrates-D\u00e9mosth\u00e8ne","description":"Five trilingual greek primary schools of Greater Montreal.","publisher":{"@id":"https:\/\/www.socdem.org\/en\/#organization"},"potentialAction":[{"@type":"SearchAction","target":{"@type":"EntryPoint","urlTemplate":"https:\/\/www.socdem.org\/en\/?s={search_term_string}"},"query-input":{"@type":"PropertyValueSpecification","valueRequired":true,"valueName":"search_term_string"}}],"inLanguage":"en-US"},{"@type":"Organization","@id":"https:\/\/www.socdem.org\/en\/#organization","name":"\u00c9cole Socrates-D\u00e9mosth\u00e8ne","url":"https:\/\/www.socdem.org\/en\/","logo":{"@type":"ImageObject","inLanguage":"en-US","@id":"https:\/\/www.socdem.org\/en\/#\/schema\/logo\/image\/","url":"https:\/\/www.socdem.org\/wp-content\/uploads\/2014\/03\/SOC-DEM-LOGO-NAME.jpg","contentUrl":"https:\/\/www.socdem.org\/wp-content\/uploads\/2014\/03\/SOC-DEM-LOGO-NAME.jpg","width":"8485","height":"4200","caption":"\u00c9cole Socrates-D\u00e9mosth\u00e8ne"},"image":{"@id":"https:\/\/www.socdem.org\/en\/#\/schema\/logo\/image\/"},"sameAs":["https:\/\/www.facebook.com\/TheHCGM\/","https:\/\/www.instagram.com\/p\/BnE965PhJU7\/?hl=en"]},{"@type":"Person","@id":"https:\/\/www.socdem.org\/en\/#\/schema\/person\/3d4208f100317a6251846d5d4fcb6e6f","name":"avournias","image":{"@type":"ImageObject","inLanguage":"en-US","@id":"https:\/\/secure.gravatar.com\/avatar\/e44d940614c28c716a6912b81868ef19a508fe61c65c7dbdb4825236cbaa5364?s=96&d=mm&r=g","url":"https:\/\/secure.gravatar.com\/avatar\/e44d940614c28c716a6912b81868ef19a508fe61c65c7dbdb4825236cbaa5364?s=96&d=mm&r=g","contentUrl":"https:\/\/secure.gravatar.com\/avatar\/e44d940614c28c716a6912b81868ef19a508fe61c65c7dbdb4825236cbaa5364?s=96&d=mm&r=g","caption":"avournias"},"sameAs":["http:\/\/socdem.wpengine.com"],"url":"https:\/\/www.socdem.org\/en\/author\/avournias\/"}]}},"_links":{"self":[{"href":"https:\/\/www.socdem.org\/en\/wp-json\/wp\/v2\/posts\/24676","targetHints":{"allow":["GET"]}}],"collection":[{"href":"https:\/\/www.socdem.org\/en\/wp-json\/wp\/v2\/posts"}],"about":[{"href":"https:\/\/www.socdem.org\/en\/wp-json\/wp\/v2\/types\/post"}],"author":[{"embeddable":true,"href":"https:\/\/www.socdem.org\/en\/wp-json\/wp\/v2\/users\/23"}],"replies":[{"embeddable":true,"href":"https:\/\/www.socdem.org\/en\/wp-json\/wp\/v2\/comments?post=24676"}],"version-history":[{"count":0,"href":"https:\/\/www.socdem.org\/en\/wp-json\/wp\/v2\/posts\/24676\/revisions"}],"wp:featuredmedia":[{"embeddable":true,"href":"https:\/\/www.socdem.org\/en\/wp-json\/wp\/v2\/media\/24667"}],"wp:attachment":[{"href":"https:\/\/www.socdem.org\/en\/wp-json\/wp\/v2\/media?parent=24676"}],"wp:term":[{"taxonomy":"category","embeddable":true,"href":"https:\/\/www.socdem.org\/en\/wp-json\/wp\/v2\/categories?post=24676"},{"taxonomy":"post_tag","embeddable":true,"href":"https:\/\/www.socdem.org\/en\/wp-json\/wp\/v2\/tags?post=24676"}],"curies":[{"name":"wp","href":"https:\/\/api.w.org\/{rel}","templated":true}]}}