{"id":26292,"date":"2019-05-30T10:57:04","date_gmt":"2019-05-30T14:57:04","guid":{"rendered":"https:\/\/www.socdem.org\/?p=26292"},"modified":"2019-06-11T11:57:54","modified_gmt":"2019-06-11T15:57:54","slug":"hcgm-delegation-to-the-armenian-independence-parade","status":"publish","type":"post","link":"https:\/\/www.socdem.org\/en\/hcgm-delegation-to-the-armenian-independence-parade\/","title":{"rendered":"HCGM delegation to the Armenian independence parade"},"content":{"rendered":"\n<p>HCGM delegation to the Armenian independence parade<\/p>\n\n\n\n<figure class=\"wp-block-image\"><img loading=\"lazy\" decoding=\"async\" width=\"1024\" height=\"682\" src=\"https:\/\/www.socdem.org\/wp-content\/uploads\/2019\/06\/unnamed-1024x682.jpg\" alt=\"\" class=\"wp-image-26240\" srcset=\"https:\/\/www.socdem.org\/wp-content\/uploads\/2019\/06\/unnamed-1024x682.jpg 1024w, https:\/\/www.socdem.org\/wp-content\/uploads\/2019\/06\/unnamed-300x200.jpg 300w, https:\/\/www.socdem.org\/wp-content\/uploads\/2019\/06\/unnamed.jpg 1037w\" sizes=\"auto, (max-width: 1024px) 100vw, 1024px\" \/><\/figure>\n\n\n\n<h6 class=\"wp-block-heading\">Last Sunday, the Hellenic Community of Greater Montreal (CHGM) took part in the Armenian Independence Day Parade in Montreal with a delegation of students from the Socrates-Demosthenes School, their parents and the Scout troop Pavlidis.<\/h6>\n\n\n\n<figure class=\"wp-block-image\"><img loading=\"lazy\" decoding=\"async\" width=\"1024\" height=\"683\" src=\"https:\/\/www.socdem.org\/wp-content\/uploads\/2019\/06\/unnamed-10-1-1024x683.jpg\" alt=\"\" class=\"wp-image-26246\" srcset=\"https:\/\/www.socdem.org\/wp-content\/uploads\/2019\/06\/unnamed-10-1-1024x683.jpg 1024w, https:\/\/www.socdem.org\/wp-content\/uploads\/2019\/06\/unnamed-10-1-300x200.jpg 300w\" sizes=\"auto, (max-width: 1024px) 100vw, 1024px\" \/><\/figure>\n\n\n\n<h6 class=\"wp-block-heading\">Last Sunday, the Hellenic Community of Greater Montreal (CHGM) took part in the Armenian Independence Day Parade in Montreal with a delegation of students from the Socrates-Demosthenes School, their parents and the Scout troop Pavlidis.<\/h6>\n\n\n\n<figure class=\"wp-block-image\"><img loading=\"lazy\" decoding=\"async\" width=\"683\" height=\"1024\" src=\"https:\/\/www.socdem.org\/wp-content\/uploads\/2019\/06\/unnamed-23-683x1024.jpg\" alt=\"\" class=\"wp-image-26249\" srcset=\"https:\/\/www.socdem.org\/wp-content\/uploads\/2019\/06\/unnamed-23-683x1024.jpg 683w, https:\/\/www.socdem.org\/wp-content\/uploads\/2019\/06\/unnamed-23-200x300.jpg 200w, https:\/\/www.socdem.org\/wp-content\/uploads\/2019\/06\/unnamed-23.jpg 720w\" sizes=\"auto, (max-width: 683px) 100vw, 683px\" \/><\/figure>\n\n\n\n<h6 class=\"wp-block-heading\">The weather was mild, despite the clouds. Our Scout and Drum troupes proudly marched through the streets of Ahuntsic, happily representing the Hellenic community around Armenian institutions, their churches and schools.<\/h6>\n\n\n\n<figure class=\"wp-block-image\"><img loading=\"lazy\" decoding=\"async\" width=\"1024\" height=\"683\" src=\"https:\/\/www.socdem.org\/wp-content\/uploads\/2019\/06\/unnamed-40-1024x683.jpg\" alt=\"\" class=\"wp-image-26252\" srcset=\"https:\/\/www.socdem.org\/wp-content\/uploads\/2019\/06\/unnamed-40-1024x683.jpg 1024w, https:\/\/www.socdem.org\/wp-content\/uploads\/2019\/06\/unnamed-40-300x200.jpg 300w, https:\/\/www.socdem.org\/wp-content\/uploads\/2019\/06\/unnamed-40.jpg 1200w\" sizes=\"auto, (max-width: 1024px) 100vw, 1024px\" \/><\/figure>\n\n\n\n<h2 class=\"wp-block-heading\"><\/h2>\n\n\n\n<p>We thank our parents for their hard work. We congratulate our students for their impeccable participation and, of course, we express our admiration for the instructors of our drumming troupe, Alex Frangakakis and Odysseas Falagaras as well as newcomers Konstantina Vanikiotis and Maria Andreou.<\/p>\n\n\n\n<p>The Socrates-Demosthenes School<\/p>\n\n\n\n<p><\/p>\n","protected":false},"excerpt":{"rendered":"<p>HCGM delegation to the Armenian independence parade Last Sunday, the Hellenic Community of Greater Montreal (CHGM) took part in the Armenian Independence Day Parade in Montreal with a delegation of&#8230;<\/p>\n","protected":false},"author":23,"featured_media":26246,"comment_status":"closed","ping_status":"closed","sticky":false,"template":"","format":"standard","meta":{"_monsterinsights_skip_tracking":false,"_monsterinsights_sitenote_active":false,"_monsterinsights_sitenote_note":"","_monsterinsights_sitenote_category":0,"footnotes":""},"categories":[88,89,90,91,86,92],"tags":[],"class_list":{"0":"post-26292","1":"post","2":"type-post","3":"status-publish","4":"format-standard","5":"has-post-thumbnail","7":"category-news-2","8":"category-news-3","9":"category-news-4","10":"category-news-5","11":"category-news-and-activities-english","12":"category-news-demosthene"},"yoast_head":"<!-- This site is optimized with the Yoast SEO plugin v27.5 - https:\/\/yoast.com\/product\/yoast-seo-wordpress\/ -->\n<title>HCGM delegation to the Armenian independence parade - Primary School Socrates and Demosthenes<\/title>\n<meta name=\"robots\" content=\"index, follow, max-snippet:-1, max-image-preview:large, max-video-preview:-1\" \/>\n<link rel=\"canonical\" href=\"https:\/\/www.socdem.org\/en\/hcgm-delegation-to-the-armenian-independence-parade\/\" \/>\n<meta property=\"og:locale\" content=\"en_US\" \/>\n<meta property=\"og:type\" content=\"article\" \/>\n<meta property=\"og:title\" content=\"HCGM delegation to the Armenian independence parade - Primary School Socrates and Demosthenes\" \/>\n<meta property=\"og:description\" content=\"HCGM delegation to the Armenian independence parade Last Sunday, the Hellenic Community of Greater Montreal (CHGM) took part in the Armenian Independence Day Parade in Montreal with a delegation of...\" \/>\n<meta property=\"og:url\" content=\"https:\/\/www.socdem.org\/en\/hcgm-delegation-to-the-armenian-independence-parade\/\" \/>\n<meta property=\"og:site_name\" content=\"Primary School Socrates and Demosthenes\" \/>\n<meta property=\"article:publisher\" content=\"https:\/\/www.facebook.com\/TheHCGM\/\" \/>\n<meta property=\"article:published_time\" content=\"2019-05-30T14:57:04+00:00\" \/>\n<meta property=\"article:modified_time\" content=\"2019-06-11T15:57:54+00:00\" \/>\n<meta property=\"og:image\" content=\"https:\/\/www.socdem.org\/wp-content\/uploads\/2019\/06\/unnamed-10-1.jpg\" \/>\n\t<meta property=\"og:image:width\" content=\"3456\" \/>\n\t<meta property=\"og:image:height\" content=\"2304\" \/>\n\t<meta property=\"og:image:type\" content=\"image\/jpeg\" \/>\n<meta name=\"author\" content=\"avournias\" \/>\n<meta name=\"twitter:card\" content=\"summary_large_image\" \/>\n<meta name=\"twitter:label1\" content=\"Written by\" \/>\n\t<meta name=\"twitter:data1\" content=\"avournias\" \/>\n\t<meta name=\"twitter:label2\" content=\"Est. reading time\" \/>\n\t<meta name=\"twitter:data2\" content=\"1 minute\" \/>\n<script type=\"application\/ld+json\" class=\"yoast-schema-graph\">{\"@context\":\"https:\\\/\\\/schema.org\",\"@graph\":[{\"@type\":\"Article\",\"@id\":\"https:\\\/\\\/www.socdem.org\\\/en\\\/hcgm-delegation-to-the-armenian-independence-parade\\\/#article\",\"isPartOf\":{\"@id\":\"https:\\\/\\\/www.socdem.org\\\/en\\\/hcgm-delegation-to-the-armenian-independence-parade\\\/\"},\"author\":{\"name\":\"avournias\",\"@id\":\"https:\\\/\\\/www.socdem.org\\\/en\\\/#\\\/schema\\\/person\\\/3d4208f100317a6251846d5d4fcb6e6f\"},\"headline\":\"HCGM delegation to the Armenian independence parade\",\"datePublished\":\"2019-05-30T14:57:04+00:00\",\"dateModified\":\"2019-06-11T15:57:54+00:00\",\"mainEntityOfPage\":{\"@id\":\"https:\\\/\\\/www.socdem.org\\\/en\\\/hcgm-delegation-to-the-armenian-independence-parade\\\/\"},\"wordCount\":162,\"publisher\":{\"@id\":\"https:\\\/\\\/www.socdem.org\\\/en\\\/#organization\"},\"image\":{\"@id\":\"https:\\\/\\\/www.socdem.org\\\/en\\\/hcgm-delegation-to-the-armenian-independence-parade\\\/#primaryimage\"},\"thumbnailUrl\":\"https:\\\/\\\/www.socdem.org\\\/wp-content\\\/uploads\\\/2019\\\/06\\\/unnamed-10-1.jpg\",\"articleSection\":[\"News 2\",\"News 3\",\"News 4\",\"News 5\",\"News and Activities english\",\"News demosthene\"],\"inLanguage\":\"en-US\"},{\"@type\":\"WebPage\",\"@id\":\"https:\\\/\\\/www.socdem.org\\\/en\\\/hcgm-delegation-to-the-armenian-independence-parade\\\/\",\"url\":\"https:\\\/\\\/www.socdem.org\\\/en\\\/hcgm-delegation-to-the-armenian-independence-parade\\\/\",\"name\":\"HCGM delegation to the Armenian independence parade - Primary School Socrates and Demosthenes\",\"isPartOf\":{\"@id\":\"https:\\\/\\\/www.socdem.org\\\/en\\\/#website\"},\"primaryImageOfPage\":{\"@id\":\"https:\\\/\\\/www.socdem.org\\\/en\\\/hcgm-delegation-to-the-armenian-independence-parade\\\/#primaryimage\"},\"image\":{\"@id\":\"https:\\\/\\\/www.socdem.org\\\/en\\\/hcgm-delegation-to-the-armenian-independence-parade\\\/#primaryimage\"},\"thumbnailUrl\":\"https:\\\/\\\/www.socdem.org\\\/wp-content\\\/uploads\\\/2019\\\/06\\\/unnamed-10-1.jpg\",\"datePublished\":\"2019-05-30T14:57:04+00:00\",\"dateModified\":\"2019-06-11T15:57:54+00:00\",\"breadcrumb\":{\"@id\":\"https:\\\/\\\/www.socdem.org\\\/en\\\/hcgm-delegation-to-the-armenian-independence-parade\\\/#breadcrumb\"},\"inLanguage\":\"en-US\",\"potentialAction\":[{\"@type\":\"ReadAction\",\"target\":[\"https:\\\/\\\/www.socdem.org\\\/en\\\/hcgm-delegation-to-the-armenian-independence-parade\\\/\"]}]},{\"@type\":\"ImageObject\",\"inLanguage\":\"en-US\",\"@id\":\"https:\\\/\\\/www.socdem.org\\\/en\\\/hcgm-delegation-to-the-armenian-independence-parade\\\/#primaryimage\",\"url\":\"https:\\\/\\\/www.socdem.org\\\/wp-content\\\/uploads\\\/2019\\\/06\\\/unnamed-10-1.jpg\",\"contentUrl\":\"https:\\\/\\\/www.socdem.org\\\/wp-content\\\/uploads\\\/2019\\\/06\\\/unnamed-10-1.jpg\",\"width\":3456,\"height\":2304},{\"@type\":\"BreadcrumbList\",\"@id\":\"https:\\\/\\\/www.socdem.org\\\/en\\\/hcgm-delegation-to-the-armenian-independence-parade\\\/#breadcrumb\",\"itemListElement\":[{\"@type\":\"ListItem\",\"position\":1,\"name\":\"Accueil\",\"item\":\"https:\\\/\\\/www.socdem.org\\\/en\\\/\"},{\"@type\":\"ListItem\",\"position\":2,\"name\":\"HCGM delegation to the Armenian independence parade\"}]},{\"@type\":\"WebSite\",\"@id\":\"https:\\\/\\\/www.socdem.org\\\/en\\\/#website\",\"url\":\"https:\\\/\\\/www.socdem.org\\\/en\\\/\",\"name\":\"\u00c9cole Socrates-D\u00e9mosth\u00e8ne\",\"description\":\"Five trilingual greek primary schools of Greater Montreal.\",\"publisher\":{\"@id\":\"https:\\\/\\\/www.socdem.org\\\/en\\\/#organization\"},\"potentialAction\":[{\"@type\":\"SearchAction\",\"target\":{\"@type\":\"EntryPoint\",\"urlTemplate\":\"https:\\\/\\\/www.socdem.org\\\/en\\\/?s={search_term_string}\"},\"query-input\":{\"@type\":\"PropertyValueSpecification\",\"valueRequired\":true,\"valueName\":\"search_term_string\"}}],\"inLanguage\":\"en-US\"},{\"@type\":\"Organization\",\"@id\":\"https:\\\/\\\/www.socdem.org\\\/en\\\/#organization\",\"name\":\"\u00c9cole Socrates-D\u00e9mosth\u00e8ne\",\"url\":\"https:\\\/\\\/www.socdem.org\\\/en\\\/\",\"logo\":{\"@type\":\"ImageObject\",\"inLanguage\":\"en-US\",\"@id\":\"https:\\\/\\\/www.socdem.org\\\/en\\\/#\\\/schema\\\/logo\\\/image\\\/\",\"url\":\"https:\\\/\\\/www.socdem.org\\\/wp-content\\\/uploads\\\/2014\\\/03\\\/SOC-DEM-LOGO-NAME.jpg\",\"contentUrl\":\"https:\\\/\\\/www.socdem.org\\\/wp-content\\\/uploads\\\/2014\\\/03\\\/SOC-DEM-LOGO-NAME.jpg\",\"width\":\"8485\",\"height\":\"4200\",\"caption\":\"\u00c9cole Socrates-D\u00e9mosth\u00e8ne\"},\"image\":{\"@id\":\"https:\\\/\\\/www.socdem.org\\\/en\\\/#\\\/schema\\\/logo\\\/image\\\/\"},\"sameAs\":[\"https:\\\/\\\/www.facebook.com\\\/TheHCGM\\\/\",\"https:\\\/\\\/www.instagram.com\\\/p\\\/BnE965PhJU7\\\/?hl=en\"]},{\"@type\":\"Person\",\"@id\":\"https:\\\/\\\/www.socdem.org\\\/en\\\/#\\\/schema\\\/person\\\/3d4208f100317a6251846d5d4fcb6e6f\",\"name\":\"avournias\",\"image\":{\"@type\":\"ImageObject\",\"inLanguage\":\"en-US\",\"@id\":\"https:\\\/\\\/secure.gravatar.com\\\/avatar\\\/e44d940614c28c716a6912b81868ef19a508fe61c65c7dbdb4825236cbaa5364?s=96&d=mm&r=g\",\"url\":\"https:\\\/\\\/secure.gravatar.com\\\/avatar\\\/e44d940614c28c716a6912b81868ef19a508fe61c65c7dbdb4825236cbaa5364?s=96&d=mm&r=g\",\"contentUrl\":\"https:\\\/\\\/secure.gravatar.com\\\/avatar\\\/e44d940614c28c716a6912b81868ef19a508fe61c65c7dbdb4825236cbaa5364?s=96&d=mm&r=g\",\"caption\":\"avournias\"},\"sameAs\":[\"http:\\\/\\\/socdem.wpengine.com\"],\"url\":\"https:\\\/\\\/www.socdem.org\\\/en\\\/author\\\/avournias\\\/\"}]}<\/script>\n<!-- \/ Yoast SEO plugin. -->","yoast_head_json":{"title":"HCGM delegation to the Armenian independence parade - Primary School Socrates and Demosthenes","robots":{"index":"index","follow":"follow","max-snippet":"max-snippet:-1","max-image-preview":"max-image-preview:large","max-video-preview":"max-video-preview:-1"},"canonical":"https:\/\/www.socdem.org\/en\/hcgm-delegation-to-the-armenian-independence-parade\/","og_locale":"en_US","og_type":"article","og_title":"HCGM delegation to the Armenian independence parade - Primary School Socrates and Demosthenes","og_description":"HCGM delegation to the Armenian independence parade Last Sunday, the Hellenic Community of Greater Montreal (CHGM) took part in the Armenian Independence Day Parade in Montreal with a delegation of...","og_url":"https:\/\/www.socdem.org\/en\/hcgm-delegation-to-the-armenian-independence-parade\/","og_site_name":"Primary School Socrates and Demosthenes","article_publisher":"https:\/\/www.facebook.com\/TheHCGM\/","article_published_time":"2019-05-30T14:57:04+00:00","article_modified_time":"2019-06-11T15:57:54+00:00","og_image":[{"width":3456,"height":2304,"url":"https:\/\/www.socdem.org\/wp-content\/uploads\/2019\/06\/unnamed-10-1.jpg","type":"image\/jpeg"}],"author":"avournias","twitter_card":"summary_large_image","twitter_misc":{"Written by":"avournias","Est. reading time":"1 minute"},"schema":{"@context":"https:\/\/schema.org","@graph":[{"@type":"Article","@id":"https:\/\/www.socdem.org\/en\/hcgm-delegation-to-the-armenian-independence-parade\/#article","isPartOf":{"@id":"https:\/\/www.socdem.org\/en\/hcgm-delegation-to-the-armenian-independence-parade\/"},"author":{"name":"avournias","@id":"https:\/\/www.socdem.org\/en\/#\/schema\/person\/3d4208f100317a6251846d5d4fcb6e6f"},"headline":"HCGM delegation to the Armenian independence parade","datePublished":"2019-05-30T14:57:04+00:00","dateModified":"2019-06-11T15:57:54+00:00","mainEntityOfPage":{"@id":"https:\/\/www.socdem.org\/en\/hcgm-delegation-to-the-armenian-independence-parade\/"},"wordCount":162,"publisher":{"@id":"https:\/\/www.socdem.org\/en\/#organization"},"image":{"@id":"https:\/\/www.socdem.org\/en\/hcgm-delegation-to-the-armenian-independence-parade\/#primaryimage"},"thumbnailUrl":"https:\/\/www.socdem.org\/wp-content\/uploads\/2019\/06\/unnamed-10-1.jpg","articleSection":["News 2","News 3","News 4","News 5","News and Activities english","News demosthene"],"inLanguage":"en-US"},{"@type":"WebPage","@id":"https:\/\/www.socdem.org\/en\/hcgm-delegation-to-the-armenian-independence-parade\/","url":"https:\/\/www.socdem.org\/en\/hcgm-delegation-to-the-armenian-independence-parade\/","name":"HCGM delegation to the Armenian independence parade - Primary School Socrates and Demosthenes","isPartOf":{"@id":"https:\/\/www.socdem.org\/en\/#website"},"primaryImageOfPage":{"@id":"https:\/\/www.socdem.org\/en\/hcgm-delegation-to-the-armenian-independence-parade\/#primaryimage"},"image":{"@id":"https:\/\/www.socdem.org\/en\/hcgm-delegation-to-the-armenian-independence-parade\/#primaryimage"},"thumbnailUrl":"https:\/\/www.socdem.org\/wp-content\/uploads\/2019\/06\/unnamed-10-1.jpg","datePublished":"2019-05-30T14:57:04+00:00","dateModified":"2019-06-11T15:57:54+00:00","breadcrumb":{"@id":"https:\/\/www.socdem.org\/en\/hcgm-delegation-to-the-armenian-independence-parade\/#breadcrumb"},"inLanguage":"en-US","potentialAction":[{"@type":"ReadAction","target":["https:\/\/www.socdem.org\/en\/hcgm-delegation-to-the-armenian-independence-parade\/"]}]},{"@type":"ImageObject","inLanguage":"en-US","@id":"https:\/\/www.socdem.org\/en\/hcgm-delegation-to-the-armenian-independence-parade\/#primaryimage","url":"https:\/\/www.socdem.org\/wp-content\/uploads\/2019\/06\/unnamed-10-1.jpg","contentUrl":"https:\/\/www.socdem.org\/wp-content\/uploads\/2019\/06\/unnamed-10-1.jpg","width":3456,"height":2304},{"@type":"BreadcrumbList","@id":"https:\/\/www.socdem.org\/en\/hcgm-delegation-to-the-armenian-independence-parade\/#breadcrumb","itemListElement":[{"@type":"ListItem","position":1,"name":"Accueil","item":"https:\/\/www.socdem.org\/en\/"},{"@type":"ListItem","position":2,"name":"HCGM delegation to the Armenian independence parade"}]},{"@type":"WebSite","@id":"https:\/\/www.socdem.org\/en\/#website","url":"https:\/\/www.socdem.org\/en\/","name":"\u00c9cole Socrates-D\u00e9mosth\u00e8ne","description":"Five trilingual greek primary schools of Greater Montreal.","publisher":{"@id":"https:\/\/www.socdem.org\/en\/#organization"},"potentialAction":[{"@type":"SearchAction","target":{"@type":"EntryPoint","urlTemplate":"https:\/\/www.socdem.org\/en\/?s={search_term_string}"},"query-input":{"@type":"PropertyValueSpecification","valueRequired":true,"valueName":"search_term_string"}}],"inLanguage":"en-US"},{"@type":"Organization","@id":"https:\/\/www.socdem.org\/en\/#organization","name":"\u00c9cole Socrates-D\u00e9mosth\u00e8ne","url":"https:\/\/www.socdem.org\/en\/","logo":{"@type":"ImageObject","inLanguage":"en-US","@id":"https:\/\/www.socdem.org\/en\/#\/schema\/logo\/image\/","url":"https:\/\/www.socdem.org\/wp-content\/uploads\/2014\/03\/SOC-DEM-LOGO-NAME.jpg","contentUrl":"https:\/\/www.socdem.org\/wp-content\/uploads\/2014\/03\/SOC-DEM-LOGO-NAME.jpg","width":"8485","height":"4200","caption":"\u00c9cole Socrates-D\u00e9mosth\u00e8ne"},"image":{"@id":"https:\/\/www.socdem.org\/en\/#\/schema\/logo\/image\/"},"sameAs":["https:\/\/www.facebook.com\/TheHCGM\/","https:\/\/www.instagram.com\/p\/BnE965PhJU7\/?hl=en"]},{"@type":"Person","@id":"https:\/\/www.socdem.org\/en\/#\/schema\/person\/3d4208f100317a6251846d5d4fcb6e6f","name":"avournias","image":{"@type":"ImageObject","inLanguage":"en-US","@id":"https:\/\/secure.gravatar.com\/avatar\/e44d940614c28c716a6912b81868ef19a508fe61c65c7dbdb4825236cbaa5364?s=96&d=mm&r=g","url":"https:\/\/secure.gravatar.com\/avatar\/e44d940614c28c716a6912b81868ef19a508fe61c65c7dbdb4825236cbaa5364?s=96&d=mm&r=g","contentUrl":"https:\/\/secure.gravatar.com\/avatar\/e44d940614c28c716a6912b81868ef19a508fe61c65c7dbdb4825236cbaa5364?s=96&d=mm&r=g","caption":"avournias"},"sameAs":["http:\/\/socdem.wpengine.com"],"url":"https:\/\/www.socdem.org\/en\/author\/avournias\/"}]}},"_links":{"self":[{"href":"https:\/\/www.socdem.org\/en\/wp-json\/wp\/v2\/posts\/26292","targetHints":{"allow":["GET"]}}],"collection":[{"href":"https:\/\/www.socdem.org\/en\/wp-json\/wp\/v2\/posts"}],"about":[{"href":"https:\/\/www.socdem.org\/en\/wp-json\/wp\/v2\/types\/post"}],"author":[{"embeddable":true,"href":"https:\/\/www.socdem.org\/en\/wp-json\/wp\/v2\/users\/23"}],"replies":[{"embeddable":true,"href":"https:\/\/www.socdem.org\/en\/wp-json\/wp\/v2\/comments?post=26292"}],"version-history":[{"count":0,"href":"https:\/\/www.socdem.org\/en\/wp-json\/wp\/v2\/posts\/26292\/revisions"}],"wp:featuredmedia":[{"embeddable":true,"href":"https:\/\/www.socdem.org\/en\/wp-json\/wp\/v2\/media\/26246"}],"wp:attachment":[{"href":"https:\/\/www.socdem.org\/en\/wp-json\/wp\/v2\/media?parent=26292"}],"wp:term":[{"taxonomy":"category","embeddable":true,"href":"https:\/\/www.socdem.org\/en\/wp-json\/wp\/v2\/categories?post=26292"},{"taxonomy":"post_tag","embeddable":true,"href":"https:\/\/www.socdem.org\/en\/wp-json\/wp\/v2\/tags?post=26292"}],"curies":[{"name":"wp","href":"https:\/\/api.w.org\/{rel}","templated":true}]}}