{"id":26321,"date":"2019-05-30T12:34:45","date_gmt":"2019-05-30T16:34:45","guid":{"rendered":"https:\/\/www.socdem.org\/?p=26321"},"modified":"2019-06-11T12:51:18","modified_gmt":"2019-06-11T16:51:18","slug":"the-sports-festival-of-the-school-socrates-demosthenes-2019","status":"publish","type":"post","link":"https:\/\/www.socdem.org\/en\/the-sports-festival-of-the-school-socrates-demosthenes-2019\/","title":{"rendered":"The Sports Festival of the School Socrates-Demosthenes 2019"},"content":{"rendered":"\n<p>The Sports Festival of the School Socrates-Demosthenes 2019<\/p>\n\n\n\n<figure class=\"wp-block-image\"><img loading=\"lazy\" decoding=\"async\" width=\"1024\" height=\"768\" src=\"https:\/\/www.socdem.org\/wp-content\/uploads\/2019\/06\/unnamed-59-1024x768.jpg\" alt=\"\" class=\"wp-image-26303\" srcset=\"https:\/\/www.socdem.org\/wp-content\/uploads\/2019\/06\/unnamed-59-1024x768.jpg 1024w, https:\/\/www.socdem.org\/wp-content\/uploads\/2019\/06\/unnamed-59-300x225.jpg 300w, https:\/\/www.socdem.org\/wp-content\/uploads\/2019\/06\/unnamed-59.jpg 1040w\" sizes=\"auto, (max-width: 1024px) 100vw, 1024px\" \/><\/figure>\n\n\n\n<h2 class=\"wp-block-heading\"><\/h2>\n\n\n\n<p>Socrates IV<\/p>\n\n\n\n<p>On May 21, the unusually cold and gray weather for May did not stop our motivated and energetic students from \u00c9cole Socrates-D\u00e9mosth\u00e8ne and the smiling parents and teachers who cheerfully encouraged their students, to participate in the 9th edition of the sports festival of the Socrates-Demosthenes School.<br>\n&nbsp;<br>\nOnce again, \u00c9cole Socrates-D\u00e9mosth\u00e8ne has been actively involved for nearly 10 years in the National Day of Sport and Physical Activity, established by the Minist\u00e8re de l&#8217;\u00c9ducation.<\/p>\n\n\n\n<p>The Socrates-Demosthenes School demonstrates that the practice of physical activity is an important and essential part of its curriculum by offering a sports day to hundreds of students on its 5 campuses.<\/p>\n\n\n\n<figure class=\"wp-block-image\"><img loading=\"lazy\" decoding=\"async\" width=\"622\" height=\"1024\" src=\"https:\/\/www.socdem.org\/wp-content\/uploads\/2019\/06\/unnamed-60-622x1024.jpg\" alt=\"\" class=\"wp-image-26306\" srcset=\"https:\/\/www.socdem.org\/wp-content\/uploads\/2019\/06\/unnamed-60-622x1024.jpg 622w, https:\/\/www.socdem.org\/wp-content\/uploads\/2019\/06\/unnamed-60-182x300.jpg 182w, https:\/\/www.socdem.org\/wp-content\/uploads\/2019\/06\/unnamed-60.jpg 638w\" sizes=\"auto, (max-width: 622px) 100vw, 622px\" \/><\/figure>\n\n\n\n<h2 class=\"wp-block-heading\"><\/h2>\n\n\n\n<p><strong>Socrates II<\/strong><br>&nbsp;<\/p>\n\n\n\n<p>Students participated actively in 3 different disciplines: Chukball (Grade 4 students) Basketball (Grade 5 students) and Soccer (Grade 6 students). All campuses won medals on this beautiful day!<\/p>\n\n\n\n<p><\/p>\n\n\n\n<figure class=\"wp-block-image\"><img loading=\"lazy\" decoding=\"async\" width=\"1024\" height=\"768\" src=\"https:\/\/www.socdem.org\/wp-content\/uploads\/2019\/06\/unnamed-61-1024x768.jpg\" alt=\"\" class=\"wp-image-26309\" srcset=\"https:\/\/www.socdem.org\/wp-content\/uploads\/2019\/06\/unnamed-61-1024x768.jpg 1024w, https:\/\/www.socdem.org\/wp-content\/uploads\/2019\/06\/unnamed-61-300x225.jpg 300w, https:\/\/www.socdem.org\/wp-content\/uploads\/2019\/06\/unnamed-61.jpg 1200w\" sizes=\"auto, (max-width: 1024px) 100vw, 1024px\" \/><\/figure>\n\n\n\n<h2 class=\"wp-block-heading\"><\/h2>\n\n\n\n<p>Socrates V<\/p>\n\n\n\n<p><br><br>In addition, the participating students were able to have fun in a festive atmosphere accompanied by a lively music while dancing was also at the rendezvous.<\/p>\n\n\n\n<figure class=\"wp-block-image\"><img loading=\"lazy\" decoding=\"async\" width=\"622\" height=\"1024\" src=\"https:\/\/www.socdem.org\/wp-content\/uploads\/2019\/06\/unnamed-62-622x1024.jpg\" alt=\"\" class=\"wp-image-26312\" srcset=\"https:\/\/www.socdem.org\/wp-content\/uploads\/2019\/06\/unnamed-62-622x1024.jpg 622w, https:\/\/www.socdem.org\/wp-content\/uploads\/2019\/06\/unnamed-62-182x300.jpg 182w, https:\/\/www.socdem.org\/wp-content\/uploads\/2019\/06\/unnamed-62.jpg 765w\" sizes=\"auto, (max-width: 622px) 100vw, 622px\" \/><\/figure>\n\n\n\n<p>Demosthenes<br>\u00a0<br>\u00a0All the participants and spectators present were delighted and helped to make the sports festival a success in all respects.<\/p>\n\n\n\n<figure class=\"wp-block-image\"><img loading=\"lazy\" decoding=\"async\" width=\"622\" height=\"1024\" src=\"https:\/\/www.socdem.org\/wp-content\/uploads\/2019\/06\/unnamed-63-622x1024.jpg\" alt=\"\" class=\"wp-image-26318\" srcset=\"https:\/\/www.socdem.org\/wp-content\/uploads\/2019\/06\/unnamed-63-622x1024.jpg 622w, https:\/\/www.socdem.org\/wp-content\/uploads\/2019\/06\/unnamed-63-182x300.jpg 182w, https:\/\/www.socdem.org\/wp-content\/uploads\/2019\/06\/unnamed-63.jpg 638w\" sizes=\"auto, (max-width: 622px) 100vw, 622px\" \/><\/figure>\n\n\n\n<p>Socrates III<br>\n&nbsp;<\/p>\n\n\n\n<p>Congratulations to all the students who participated in the different disciplines. We would also like to thank all the teachers, parents, volunteers and referees who were present during this day and who contributed to this great success.<br>\n&nbsp;<br>\nA big thank you to our tireless teachers in physical education of all our campuses without whom this day would not be possible: \u00c9ric Bouchard (Demosthenes Campus), Marie-Elena Maglieri (Socrates Campus III and IV), Nelli Vlahandreas (Socrates Campus II) and Carla Fawaz (Campus Socrates V).<br>\n&nbsp;<br>\nThank you and see you next year!<\/p>\n\n\n\n<p>The Socrates-Demosthenes School<\/p>\n","protected":false},"excerpt":{"rendered":"<p>The Sports Festival of the School Socrates-Demosthenes 2019 Socrates IV On May 21, the unusually cold and gray weather for May did not stop our motivated and energetic students from&#8230;<\/p>\n","protected":false},"author":23,"featured_media":26303,"comment_status":"closed","ping_status":"closed","sticky":false,"template":"","format":"standard","meta":{"_monsterinsights_skip_tracking":false,"_monsterinsights_sitenote_active":false,"_monsterinsights_sitenote_note":"","_monsterinsights_sitenote_category":0,"footnotes":""},"categories":[88,89,90,91,86,92],"tags":[],"class_list":{"0":"post-26321","1":"post","2":"type-post","3":"status-publish","4":"format-standard","5":"has-post-thumbnail","7":"category-news-2","8":"category-news-3","9":"category-news-4","10":"category-news-5","11":"category-news-and-activities-english","12":"category-news-demosthene"},"yoast_head":"<!-- This site is optimized with the Yoast SEO plugin v27.5 - https:\/\/yoast.com\/product\/yoast-seo-wordpress\/ -->\n<title>The Sports Festival of the School Socrates-Demosthenes 2019 - Primary School Socrates and Demosthenes<\/title>\n<meta name=\"robots\" content=\"index, follow, max-snippet:-1, max-image-preview:large, max-video-preview:-1\" \/>\n<link rel=\"canonical\" href=\"https:\/\/www.socdem.org\/en\/the-sports-festival-of-the-school-socrates-demosthenes-2019\/\" \/>\n<meta property=\"og:locale\" content=\"en_US\" \/>\n<meta property=\"og:type\" content=\"article\" \/>\n<meta property=\"og:title\" content=\"The Sports Festival of the School Socrates-Demosthenes 2019 - Primary School Socrates and Demosthenes\" \/>\n<meta property=\"og:description\" content=\"The Sports Festival of the School Socrates-Demosthenes 2019 Socrates IV On May 21, the unusually cold and gray weather for May did not stop our motivated and energetic students from...\" \/>\n<meta property=\"og:url\" content=\"https:\/\/www.socdem.org\/en\/the-sports-festival-of-the-school-socrates-demosthenes-2019\/\" \/>\n<meta property=\"og:site_name\" content=\"Primary School Socrates and Demosthenes\" \/>\n<meta property=\"article:publisher\" content=\"https:\/\/www.facebook.com\/TheHCGM\/\" \/>\n<meta property=\"article:published_time\" content=\"2019-05-30T16:34:45+00:00\" \/>\n<meta property=\"article:modified_time\" content=\"2019-06-11T16:51:18+00:00\" \/>\n<meta property=\"og:image\" content=\"https:\/\/www.socdem.org\/wp-content\/uploads\/2019\/06\/unnamed-59.jpg\" \/>\n\t<meta property=\"og:image:width\" content=\"1040\" \/>\n\t<meta property=\"og:image:height\" content=\"780\" \/>\n\t<meta property=\"og:image:type\" content=\"image\/jpeg\" \/>\n<meta name=\"author\" content=\"avournias\" \/>\n<meta name=\"twitter:card\" content=\"summary_large_image\" \/>\n<meta name=\"twitter:label1\" content=\"Written by\" \/>\n\t<meta name=\"twitter:data1\" content=\"avournias\" \/>\n\t<meta name=\"twitter:label2\" content=\"Est. reading time\" \/>\n\t<meta name=\"twitter:data2\" content=\"1 minute\" \/>\n<script type=\"application\/ld+json\" class=\"yoast-schema-graph\">{\"@context\":\"https:\\\/\\\/schema.org\",\"@graph\":[{\"@type\":\"Article\",\"@id\":\"https:\\\/\\\/www.socdem.org\\\/en\\\/the-sports-festival-of-the-school-socrates-demosthenes-2019\\\/#article\",\"isPartOf\":{\"@id\":\"https:\\\/\\\/www.socdem.org\\\/en\\\/the-sports-festival-of-the-school-socrates-demosthenes-2019\\\/\"},\"author\":{\"name\":\"avournias\",\"@id\":\"https:\\\/\\\/www.socdem.org\\\/en\\\/#\\\/schema\\\/person\\\/3d4208f100317a6251846d5d4fcb6e6f\"},\"headline\":\"The Sports Festival of the School Socrates-Demosthenes 2019\",\"datePublished\":\"2019-05-30T16:34:45+00:00\",\"dateModified\":\"2019-06-11T16:51:18+00:00\",\"mainEntityOfPage\":{\"@id\":\"https:\\\/\\\/www.socdem.org\\\/en\\\/the-sports-festival-of-the-school-socrates-demosthenes-2019\\\/\"},\"wordCount\":299,\"publisher\":{\"@id\":\"https:\\\/\\\/www.socdem.org\\\/en\\\/#organization\"},\"image\":{\"@id\":\"https:\\\/\\\/www.socdem.org\\\/en\\\/the-sports-festival-of-the-school-socrates-demosthenes-2019\\\/#primaryimage\"},\"thumbnailUrl\":\"https:\\\/\\\/www.socdem.org\\\/wp-content\\\/uploads\\\/2019\\\/06\\\/unnamed-59.jpg\",\"articleSection\":[\"News 2\",\"News 3\",\"News 4\",\"News 5\",\"News and Activities english\",\"News demosthene\"],\"inLanguage\":\"en-US\"},{\"@type\":\"WebPage\",\"@id\":\"https:\\\/\\\/www.socdem.org\\\/en\\\/the-sports-festival-of-the-school-socrates-demosthenes-2019\\\/\",\"url\":\"https:\\\/\\\/www.socdem.org\\\/en\\\/the-sports-festival-of-the-school-socrates-demosthenes-2019\\\/\",\"name\":\"The Sports Festival of the School Socrates-Demosthenes 2019 - Primary School Socrates and Demosthenes\",\"isPartOf\":{\"@id\":\"https:\\\/\\\/www.socdem.org\\\/en\\\/#website\"},\"primaryImageOfPage\":{\"@id\":\"https:\\\/\\\/www.socdem.org\\\/en\\\/the-sports-festival-of-the-school-socrates-demosthenes-2019\\\/#primaryimage\"},\"image\":{\"@id\":\"https:\\\/\\\/www.socdem.org\\\/en\\\/the-sports-festival-of-the-school-socrates-demosthenes-2019\\\/#primaryimage\"},\"thumbnailUrl\":\"https:\\\/\\\/www.socdem.org\\\/wp-content\\\/uploads\\\/2019\\\/06\\\/unnamed-59.jpg\",\"datePublished\":\"2019-05-30T16:34:45+00:00\",\"dateModified\":\"2019-06-11T16:51:18+00:00\",\"breadcrumb\":{\"@id\":\"https:\\\/\\\/www.socdem.org\\\/en\\\/the-sports-festival-of-the-school-socrates-demosthenes-2019\\\/#breadcrumb\"},\"inLanguage\":\"en-US\",\"potentialAction\":[{\"@type\":\"ReadAction\",\"target\":[\"https:\\\/\\\/www.socdem.org\\\/en\\\/the-sports-festival-of-the-school-socrates-demosthenes-2019\\\/\"]}]},{\"@type\":\"ImageObject\",\"inLanguage\":\"en-US\",\"@id\":\"https:\\\/\\\/www.socdem.org\\\/en\\\/the-sports-festival-of-the-school-socrates-demosthenes-2019\\\/#primaryimage\",\"url\":\"https:\\\/\\\/www.socdem.org\\\/wp-content\\\/uploads\\\/2019\\\/06\\\/unnamed-59.jpg\",\"contentUrl\":\"https:\\\/\\\/www.socdem.org\\\/wp-content\\\/uploads\\\/2019\\\/06\\\/unnamed-59.jpg\",\"width\":1040,\"height\":780},{\"@type\":\"BreadcrumbList\",\"@id\":\"https:\\\/\\\/www.socdem.org\\\/en\\\/the-sports-festival-of-the-school-socrates-demosthenes-2019\\\/#breadcrumb\",\"itemListElement\":[{\"@type\":\"ListItem\",\"position\":1,\"name\":\"Accueil\",\"item\":\"https:\\\/\\\/www.socdem.org\\\/en\\\/\"},{\"@type\":\"ListItem\",\"position\":2,\"name\":\"The Sports Festival of the School Socrates-Demosthenes 2019\"}]},{\"@type\":\"WebSite\",\"@id\":\"https:\\\/\\\/www.socdem.org\\\/en\\\/#website\",\"url\":\"https:\\\/\\\/www.socdem.org\\\/en\\\/\",\"name\":\"\u00c9cole Socrates-D\u00e9mosth\u00e8ne\",\"description\":\"Five trilingual greek primary schools of Greater Montreal.\",\"publisher\":{\"@id\":\"https:\\\/\\\/www.socdem.org\\\/en\\\/#organization\"},\"potentialAction\":[{\"@type\":\"SearchAction\",\"target\":{\"@type\":\"EntryPoint\",\"urlTemplate\":\"https:\\\/\\\/www.socdem.org\\\/en\\\/?s={search_term_string}\"},\"query-input\":{\"@type\":\"PropertyValueSpecification\",\"valueRequired\":true,\"valueName\":\"search_term_string\"}}],\"inLanguage\":\"en-US\"},{\"@type\":\"Organization\",\"@id\":\"https:\\\/\\\/www.socdem.org\\\/en\\\/#organization\",\"name\":\"\u00c9cole Socrates-D\u00e9mosth\u00e8ne\",\"url\":\"https:\\\/\\\/www.socdem.org\\\/en\\\/\",\"logo\":{\"@type\":\"ImageObject\",\"inLanguage\":\"en-US\",\"@id\":\"https:\\\/\\\/www.socdem.org\\\/en\\\/#\\\/schema\\\/logo\\\/image\\\/\",\"url\":\"https:\\\/\\\/www.socdem.org\\\/wp-content\\\/uploads\\\/2014\\\/03\\\/SOC-DEM-LOGO-NAME.jpg\",\"contentUrl\":\"https:\\\/\\\/www.socdem.org\\\/wp-content\\\/uploads\\\/2014\\\/03\\\/SOC-DEM-LOGO-NAME.jpg\",\"width\":\"8485\",\"height\":\"4200\",\"caption\":\"\u00c9cole Socrates-D\u00e9mosth\u00e8ne\"},\"image\":{\"@id\":\"https:\\\/\\\/www.socdem.org\\\/en\\\/#\\\/schema\\\/logo\\\/image\\\/\"},\"sameAs\":[\"https:\\\/\\\/www.facebook.com\\\/TheHCGM\\\/\",\"https:\\\/\\\/www.instagram.com\\\/p\\\/BnE965PhJU7\\\/?hl=en\"]},{\"@type\":\"Person\",\"@id\":\"https:\\\/\\\/www.socdem.org\\\/en\\\/#\\\/schema\\\/person\\\/3d4208f100317a6251846d5d4fcb6e6f\",\"name\":\"avournias\",\"image\":{\"@type\":\"ImageObject\",\"inLanguage\":\"en-US\",\"@id\":\"https:\\\/\\\/secure.gravatar.com\\\/avatar\\\/e44d940614c28c716a6912b81868ef19a508fe61c65c7dbdb4825236cbaa5364?s=96&d=mm&r=g\",\"url\":\"https:\\\/\\\/secure.gravatar.com\\\/avatar\\\/e44d940614c28c716a6912b81868ef19a508fe61c65c7dbdb4825236cbaa5364?s=96&d=mm&r=g\",\"contentUrl\":\"https:\\\/\\\/secure.gravatar.com\\\/avatar\\\/e44d940614c28c716a6912b81868ef19a508fe61c65c7dbdb4825236cbaa5364?s=96&d=mm&r=g\",\"caption\":\"avournias\"},\"sameAs\":[\"http:\\\/\\\/socdem.wpengine.com\"],\"url\":\"https:\\\/\\\/www.socdem.org\\\/en\\\/author\\\/avournias\\\/\"}]}<\/script>\n<!-- \/ Yoast SEO plugin. -->","yoast_head_json":{"title":"The Sports Festival of the School Socrates-Demosthenes 2019 - Primary School Socrates and Demosthenes","robots":{"index":"index","follow":"follow","max-snippet":"max-snippet:-1","max-image-preview":"max-image-preview:large","max-video-preview":"max-video-preview:-1"},"canonical":"https:\/\/www.socdem.org\/en\/the-sports-festival-of-the-school-socrates-demosthenes-2019\/","og_locale":"en_US","og_type":"article","og_title":"The Sports Festival of the School Socrates-Demosthenes 2019 - Primary School Socrates and Demosthenes","og_description":"The Sports Festival of the School Socrates-Demosthenes 2019 Socrates IV On May 21, the unusually cold and gray weather for May did not stop our motivated and energetic students from...","og_url":"https:\/\/www.socdem.org\/en\/the-sports-festival-of-the-school-socrates-demosthenes-2019\/","og_site_name":"Primary School Socrates and Demosthenes","article_publisher":"https:\/\/www.facebook.com\/TheHCGM\/","article_published_time":"2019-05-30T16:34:45+00:00","article_modified_time":"2019-06-11T16:51:18+00:00","og_image":[{"width":1040,"height":780,"url":"https:\/\/www.socdem.org\/wp-content\/uploads\/2019\/06\/unnamed-59.jpg","type":"image\/jpeg"}],"author":"avournias","twitter_card":"summary_large_image","twitter_misc":{"Written by":"avournias","Est. reading time":"1 minute"},"schema":{"@context":"https:\/\/schema.org","@graph":[{"@type":"Article","@id":"https:\/\/www.socdem.org\/en\/the-sports-festival-of-the-school-socrates-demosthenes-2019\/#article","isPartOf":{"@id":"https:\/\/www.socdem.org\/en\/the-sports-festival-of-the-school-socrates-demosthenes-2019\/"},"author":{"name":"avournias","@id":"https:\/\/www.socdem.org\/en\/#\/schema\/person\/3d4208f100317a6251846d5d4fcb6e6f"},"headline":"The Sports Festival of the School Socrates-Demosthenes 2019","datePublished":"2019-05-30T16:34:45+00:00","dateModified":"2019-06-11T16:51:18+00:00","mainEntityOfPage":{"@id":"https:\/\/www.socdem.org\/en\/the-sports-festival-of-the-school-socrates-demosthenes-2019\/"},"wordCount":299,"publisher":{"@id":"https:\/\/www.socdem.org\/en\/#organization"},"image":{"@id":"https:\/\/www.socdem.org\/en\/the-sports-festival-of-the-school-socrates-demosthenes-2019\/#primaryimage"},"thumbnailUrl":"https:\/\/www.socdem.org\/wp-content\/uploads\/2019\/06\/unnamed-59.jpg","articleSection":["News 2","News 3","News 4","News 5","News and Activities english","News demosthene"],"inLanguage":"en-US"},{"@type":"WebPage","@id":"https:\/\/www.socdem.org\/en\/the-sports-festival-of-the-school-socrates-demosthenes-2019\/","url":"https:\/\/www.socdem.org\/en\/the-sports-festival-of-the-school-socrates-demosthenes-2019\/","name":"The Sports Festival of the School Socrates-Demosthenes 2019 - Primary School Socrates and Demosthenes","isPartOf":{"@id":"https:\/\/www.socdem.org\/en\/#website"},"primaryImageOfPage":{"@id":"https:\/\/www.socdem.org\/en\/the-sports-festival-of-the-school-socrates-demosthenes-2019\/#primaryimage"},"image":{"@id":"https:\/\/www.socdem.org\/en\/the-sports-festival-of-the-school-socrates-demosthenes-2019\/#primaryimage"},"thumbnailUrl":"https:\/\/www.socdem.org\/wp-content\/uploads\/2019\/06\/unnamed-59.jpg","datePublished":"2019-05-30T16:34:45+00:00","dateModified":"2019-06-11T16:51:18+00:00","breadcrumb":{"@id":"https:\/\/www.socdem.org\/en\/the-sports-festival-of-the-school-socrates-demosthenes-2019\/#breadcrumb"},"inLanguage":"en-US","potentialAction":[{"@type":"ReadAction","target":["https:\/\/www.socdem.org\/en\/the-sports-festival-of-the-school-socrates-demosthenes-2019\/"]}]},{"@type":"ImageObject","inLanguage":"en-US","@id":"https:\/\/www.socdem.org\/en\/the-sports-festival-of-the-school-socrates-demosthenes-2019\/#primaryimage","url":"https:\/\/www.socdem.org\/wp-content\/uploads\/2019\/06\/unnamed-59.jpg","contentUrl":"https:\/\/www.socdem.org\/wp-content\/uploads\/2019\/06\/unnamed-59.jpg","width":1040,"height":780},{"@type":"BreadcrumbList","@id":"https:\/\/www.socdem.org\/en\/the-sports-festival-of-the-school-socrates-demosthenes-2019\/#breadcrumb","itemListElement":[{"@type":"ListItem","position":1,"name":"Accueil","item":"https:\/\/www.socdem.org\/en\/"},{"@type":"ListItem","position":2,"name":"The Sports Festival of the School Socrates-Demosthenes 2019"}]},{"@type":"WebSite","@id":"https:\/\/www.socdem.org\/en\/#website","url":"https:\/\/www.socdem.org\/en\/","name":"\u00c9cole Socrates-D\u00e9mosth\u00e8ne","description":"Five trilingual greek primary schools of Greater Montreal.","publisher":{"@id":"https:\/\/www.socdem.org\/en\/#organization"},"potentialAction":[{"@type":"SearchAction","target":{"@type":"EntryPoint","urlTemplate":"https:\/\/www.socdem.org\/en\/?s={search_term_string}"},"query-input":{"@type":"PropertyValueSpecification","valueRequired":true,"valueName":"search_term_string"}}],"inLanguage":"en-US"},{"@type":"Organization","@id":"https:\/\/www.socdem.org\/en\/#organization","name":"\u00c9cole Socrates-D\u00e9mosth\u00e8ne","url":"https:\/\/www.socdem.org\/en\/","logo":{"@type":"ImageObject","inLanguage":"en-US","@id":"https:\/\/www.socdem.org\/en\/#\/schema\/logo\/image\/","url":"https:\/\/www.socdem.org\/wp-content\/uploads\/2014\/03\/SOC-DEM-LOGO-NAME.jpg","contentUrl":"https:\/\/www.socdem.org\/wp-content\/uploads\/2014\/03\/SOC-DEM-LOGO-NAME.jpg","width":"8485","height":"4200","caption":"\u00c9cole Socrates-D\u00e9mosth\u00e8ne"},"image":{"@id":"https:\/\/www.socdem.org\/en\/#\/schema\/logo\/image\/"},"sameAs":["https:\/\/www.facebook.com\/TheHCGM\/","https:\/\/www.instagram.com\/p\/BnE965PhJU7\/?hl=en"]},{"@type":"Person","@id":"https:\/\/www.socdem.org\/en\/#\/schema\/person\/3d4208f100317a6251846d5d4fcb6e6f","name":"avournias","image":{"@type":"ImageObject","inLanguage":"en-US","@id":"https:\/\/secure.gravatar.com\/avatar\/e44d940614c28c716a6912b81868ef19a508fe61c65c7dbdb4825236cbaa5364?s=96&d=mm&r=g","url":"https:\/\/secure.gravatar.com\/avatar\/e44d940614c28c716a6912b81868ef19a508fe61c65c7dbdb4825236cbaa5364?s=96&d=mm&r=g","contentUrl":"https:\/\/secure.gravatar.com\/avatar\/e44d940614c28c716a6912b81868ef19a508fe61c65c7dbdb4825236cbaa5364?s=96&d=mm&r=g","caption":"avournias"},"sameAs":["http:\/\/socdem.wpengine.com"],"url":"https:\/\/www.socdem.org\/en\/author\/avournias\/"}]}},"_links":{"self":[{"href":"https:\/\/www.socdem.org\/en\/wp-json\/wp\/v2\/posts\/26321","targetHints":{"allow":["GET"]}}],"collection":[{"href":"https:\/\/www.socdem.org\/en\/wp-json\/wp\/v2\/posts"}],"about":[{"href":"https:\/\/www.socdem.org\/en\/wp-json\/wp\/v2\/types\/post"}],"author":[{"embeddable":true,"href":"https:\/\/www.socdem.org\/en\/wp-json\/wp\/v2\/users\/23"}],"replies":[{"embeddable":true,"href":"https:\/\/www.socdem.org\/en\/wp-json\/wp\/v2\/comments?post=26321"}],"version-history":[{"count":0,"href":"https:\/\/www.socdem.org\/en\/wp-json\/wp\/v2\/posts\/26321\/revisions"}],"wp:featuredmedia":[{"embeddable":true,"href":"https:\/\/www.socdem.org\/en\/wp-json\/wp\/v2\/media\/26303"}],"wp:attachment":[{"href":"https:\/\/www.socdem.org\/en\/wp-json\/wp\/v2\/media?parent=26321"}],"wp:term":[{"taxonomy":"category","embeddable":true,"href":"https:\/\/www.socdem.org\/en\/wp-json\/wp\/v2\/categories?post=26321"},{"taxonomy":"post_tag","embeddable":true,"href":"https:\/\/www.socdem.org\/en\/wp-json\/wp\/v2\/tags?post=26321"}],"curies":[{"name":"wp","href":"https:\/\/api.w.org\/{rel}","templated":true}]}}