{"id":28011,"date":"2020-03-25T17:50:46","date_gmt":"2020-03-25T21:50:46","guid":{"rendered":"https:\/\/www.socdem.org\/?p=28011"},"modified":"2020-03-25T17:50:49","modified_gmt":"2020-03-25T21:50:49","slug":"flag-bearers-and-assistants-for-the-25th-of-march-celebrations","status":"publish","type":"post","link":"https:\/\/www.socdem.org\/en\/flag-bearers-and-assistants-for-the-25th-of-march-celebrations\/","title":{"rendered":"Flag bearers and assistants for the 25th of March celebrations"},"content":{"rendered":"\n<p class=\"has-normal-font-size\">March 25th is an important celebration for our community. Here are the names of the students who by their excellence proudly represent this event!<\/p>\n\n\n\n<h4 class=\"wp-block-heading\">Socrates II campus<\/h4>\n\n\n\n<p class=\"has-normal-font-size\"><strong>Flag bearers: <\/strong><\/p>\n\n\n\n<p class=\"has-normal-font-size\">Elena Kritikos (Greece)<br>Eliana Meligrigoris (Canada)<br>Chrissoula Kallianotis (Quebec)<br>Vrisiis Mavros (Socrates-Demosthenes flag)<br>George Kolokithias (HCGM flag \u2013 secondary student)<\/p>\n\n\n\n<p class=\"has-normal-font-size\"><strong>Assistants:<\/strong><\/p>\n\n\n\n<p class=\"has-normal-font-size\">1st: Anna Kivetos<br>2nd: Sophia Politis<\/p>\n\n\n\n<div class=\"wp-block-image\"><figure class=\"aligncenter size-large is-resized\"><img loading=\"lazy\" decoding=\"async\" src=\"https:\/\/www.socdem.org\/wp-content\/uploads\/2020\/03\/21.jpg\" alt=\"\" class=\"wp-image-27963\" width=\"177\" height=\"219\"\/><\/figure><\/div>\n\n\n\n<figure class=\"wp-block-gallery columns-3 is-cropped wp-block-gallery-1 is-layout-flex wp-block-gallery-is-layout-flex\"><ul class=\"blocks-gallery-grid\"><li class=\"blocks-gallery-item\"><figure><img loading=\"lazy\" decoding=\"async\" width=\"769\" height=\"960\" src=\"https:\/\/www.socdem.org\/wp-content\/uploads\/2020\/03\/22.jpg\" alt=\"\" data-id=\"27965\" data-full-url=\"https:\/\/www.socdem.org\/wp-content\/uploads\/2020\/03\/22.jpg\" data-link=\"https:\/\/www.socdem.org\/?attachment_id=27965\" class=\"wp-image-27965\" srcset=\"https:\/\/www.socdem.org\/wp-content\/uploads\/2020\/03\/22.jpg 769w, https:\/\/www.socdem.org\/wp-content\/uploads\/2020\/03\/22-240x300.jpg 240w\" sizes=\"auto, (max-width: 769px) 100vw, 769px\" \/><\/figure><\/li><li class=\"blocks-gallery-item\"><figure><img loading=\"lazy\" decoding=\"async\" width=\"768\" height=\"960\" src=\"https:\/\/www.socdem.org\/wp-content\/uploads\/2020\/03\/23.jpg\" alt=\"\" data-id=\"27968\" data-full-url=\"https:\/\/www.socdem.org\/wp-content\/uploads\/2020\/03\/23.jpg\" data-link=\"https:\/\/www.socdem.org\/?attachment_id=27968\" class=\"wp-image-27968\" srcset=\"https:\/\/www.socdem.org\/wp-content\/uploads\/2020\/03\/23.jpg 768w, https:\/\/www.socdem.org\/wp-content\/uploads\/2020\/03\/23-240x300.jpg 240w\" sizes=\"auto, (max-width: 768px) 100vw, 768px\" \/><\/figure><\/li><li class=\"blocks-gallery-item\"><figure><img loading=\"lazy\" decoding=\"async\" width=\"768\" height=\"960\" src=\"https:\/\/www.socdem.org\/wp-content\/uploads\/2020\/03\/24.jpg\" alt=\"\" data-id=\"27971\" data-full-url=\"https:\/\/www.socdem.org\/wp-content\/uploads\/2020\/03\/24.jpg\" data-link=\"https:\/\/www.socdem.org\/?attachment_id=27971\" class=\"wp-image-27971\" srcset=\"https:\/\/www.socdem.org\/wp-content\/uploads\/2020\/03\/24.jpg 768w, https:\/\/www.socdem.org\/wp-content\/uploads\/2020\/03\/24-240x300.jpg 240w\" sizes=\"auto, (max-width: 768px) 100vw, 768px\" \/><\/figure><\/li><li class=\"blocks-gallery-item\"><figure><img loading=\"lazy\" decoding=\"async\" width=\"768\" height=\"960\" src=\"https:\/\/www.socdem.org\/wp-content\/uploads\/2020\/03\/25.jpg\" alt=\"\" data-id=\"27974\" data-full-url=\"https:\/\/www.socdem.org\/wp-content\/uploads\/2020\/03\/25.jpg\" data-link=\"https:\/\/www.socdem.org\/?attachment_id=27974\" class=\"wp-image-27974\" srcset=\"https:\/\/www.socdem.org\/wp-content\/uploads\/2020\/03\/25.jpg 768w, https:\/\/www.socdem.org\/wp-content\/uploads\/2020\/03\/25-240x300.jpg 240w\" sizes=\"auto, (max-width: 768px) 100vw, 768px\" \/><\/figure><\/li><li class=\"blocks-gallery-item\"><figure><img loading=\"lazy\" decoding=\"async\" width=\"768\" height=\"960\" src=\"https:\/\/www.socdem.org\/wp-content\/uploads\/2020\/03\/26.jpg\" alt=\"\" data-id=\"27977\" data-full-url=\"https:\/\/www.socdem.org\/wp-content\/uploads\/2020\/03\/26.jpg\" data-link=\"https:\/\/www.socdem.org\/?attachment_id=27977\" class=\"wp-image-27977\" srcset=\"https:\/\/www.socdem.org\/wp-content\/uploads\/2020\/03\/26.jpg 768w, https:\/\/www.socdem.org\/wp-content\/uploads\/2020\/03\/26-240x300.jpg 240w\" sizes=\"auto, (max-width: 768px) 100vw, 768px\" \/><\/figure><\/li><li class=\"blocks-gallery-item\"><figure><img loading=\"lazy\" decoding=\"async\" width=\"768\" height=\"960\" src=\"https:\/\/www.socdem.org\/wp-content\/uploads\/2020\/03\/27.jpg\" alt=\"\" data-id=\"27980\" data-full-url=\"https:\/\/www.socdem.org\/wp-content\/uploads\/2020\/03\/27.jpg\" data-link=\"https:\/\/www.socdem.org\/?attachment_id=27980\" class=\"wp-image-27980\" srcset=\"https:\/\/www.socdem.org\/wp-content\/uploads\/2020\/03\/27.jpg 768w, https:\/\/www.socdem.org\/wp-content\/uploads\/2020\/03\/27-240x300.jpg 240w\" sizes=\"auto, (max-width: 768px) 100vw, 768px\" \/><\/figure><\/li><\/ul><\/figure>\n\n\n\n<h4 class=\"wp-block-heading\">Socrates III campus<\/h4>\n\n\n\n<figure class=\"wp-block-gallery columns-2 is-cropped wp-block-gallery-2 is-layout-flex wp-block-gallery-is-layout-flex\"><ul class=\"blocks-gallery-grid\"><li class=\"blocks-gallery-item\"><figure><img loading=\"lazy\" decoding=\"async\" width=\"768\" height=\"960\" src=\"https:\/\/www.socdem.org\/wp-content\/uploads\/2020\/03\/31.jpg\" alt=\"\" data-id=\"28024\" data-full-url=\"https:\/\/www.socdem.org\/wp-content\/uploads\/2020\/03\/31.jpg\" data-link=\"https:\/\/www.socdem.org\/en\/31-2\/\" class=\"wp-image-28024\" srcset=\"https:\/\/www.socdem.org\/wp-content\/uploads\/2020\/03\/31.jpg 768w, https:\/\/www.socdem.org\/wp-content\/uploads\/2020\/03\/31-240x300.jpg 240w\" sizes=\"auto, (max-width: 768px) 100vw, 768px\" \/><\/figure><\/li><li class=\"blocks-gallery-item\"><figure><img loading=\"lazy\" decoding=\"async\" width=\"770\" height=\"960\" src=\"https:\/\/www.socdem.org\/wp-content\/uploads\/2020\/03\/32.jpg\" alt=\"\" data-id=\"28027\" data-full-url=\"https:\/\/www.socdem.org\/wp-content\/uploads\/2020\/03\/32.jpg\" data-link=\"https:\/\/www.socdem.org\/en\/32-2\/\" class=\"wp-image-28027\" srcset=\"https:\/\/www.socdem.org\/wp-content\/uploads\/2020\/03\/32.jpg 770w, https:\/\/www.socdem.org\/wp-content\/uploads\/2020\/03\/32-241x300.jpg 241w\" sizes=\"auto, (max-width: 770px) 100vw, 770px\" \/><\/figure><\/li><\/ul><\/figure>\n\n\n\n<h4 class=\"wp-block-heading\">Socrates IV campus<\/h4>\n\n\n\n<p class=\"has-normal-font-size\">There are seven of them and they all deserve to be flag bearers or assistants. They are wonderful students, they all worked very hard and they demonstrated exemplary behavior. We are proud of them.<\/p>\n\n\n\n<p class=\"has-normal-font-size\"><strong>Flag bearers: <\/strong> <\/p>\n\n\n\n<p class=\"has-normal-font-size\">Greece: Christos Rigas<br>Canada: \u00c9liana Ziabaras<br>Quebec: Marina Kikiris <\/p>\n\n\n\n<p class=\"has-normal-font-size\"><strong>Assistants:<\/strong><\/p>\n\n\n\n<p class=\"has-normal-font-size\">1st: Arianne Tsakiris<br>2nd: Angelina Macri<br>3rd: Charlie Maria Johnson et Fotios Papadakis<\/p>\n\n\n\n<figure class=\"wp-block-gallery columns-3 is-cropped wp-block-gallery-3 is-layout-flex wp-block-gallery-is-layout-flex\"><ul class=\"blocks-gallery-grid\"><li class=\"blocks-gallery-item\"><figure><img loading=\"lazy\" decoding=\"async\" width=\"768\" height=\"960\" src=\"https:\/\/www.socdem.org\/wp-content\/uploads\/2020\/03\/41.jpg\" alt=\"\" data-id=\"27944\" data-full-url=\"https:\/\/www.socdem.org\/wp-content\/uploads\/2020\/03\/41.jpg\" data-link=\"https:\/\/www.socdem.org\/?attachment_id=27944\" class=\"wp-image-27944\" srcset=\"https:\/\/www.socdem.org\/wp-content\/uploads\/2020\/03\/41.jpg 768w, https:\/\/www.socdem.org\/wp-content\/uploads\/2020\/03\/41-240x300.jpg 240w\" sizes=\"auto, (max-width: 768px) 100vw, 768px\" \/><\/figure><\/li><li class=\"blocks-gallery-item\"><figure><img loading=\"lazy\" decoding=\"async\" width=\"768\" height=\"960\" src=\"https:\/\/www.socdem.org\/wp-content\/uploads\/2020\/03\/42.jpg\" alt=\"\" data-id=\"27947\" data-full-url=\"https:\/\/www.socdem.org\/wp-content\/uploads\/2020\/03\/42.jpg\" data-link=\"https:\/\/www.socdem.org\/?attachment_id=27947\" class=\"wp-image-27947\" srcset=\"https:\/\/www.socdem.org\/wp-content\/uploads\/2020\/03\/42.jpg 768w, https:\/\/www.socdem.org\/wp-content\/uploads\/2020\/03\/42-240x300.jpg 240w\" sizes=\"auto, (max-width: 768px) 100vw, 768px\" \/><\/figure><\/li><li class=\"blocks-gallery-item\"><figure><img loading=\"lazy\" decoding=\"async\" width=\"768\" height=\"960\" src=\"https:\/\/www.socdem.org\/wp-content\/uploads\/2020\/03\/43.jpg\" alt=\"\" data-id=\"27950\" data-full-url=\"https:\/\/www.socdem.org\/wp-content\/uploads\/2020\/03\/43.jpg\" data-link=\"https:\/\/www.socdem.org\/?attachment_id=27950\" class=\"wp-image-27950\" srcset=\"https:\/\/www.socdem.org\/wp-content\/uploads\/2020\/03\/43.jpg 768w, https:\/\/www.socdem.org\/wp-content\/uploads\/2020\/03\/43-240x300.jpg 240w\" sizes=\"auto, (max-width: 768px) 100vw, 768px\" \/><\/figure><\/li><li class=\"blocks-gallery-item\"><figure><img loading=\"lazy\" decoding=\"async\" width=\"768\" height=\"960\" src=\"https:\/\/www.socdem.org\/wp-content\/uploads\/2020\/03\/46.jpg\" alt=\"\" data-id=\"27953\" data-full-url=\"https:\/\/www.socdem.org\/wp-content\/uploads\/2020\/03\/46.jpg\" data-link=\"https:\/\/www.socdem.org\/?attachment_id=27953\" class=\"wp-image-27953\" srcset=\"https:\/\/www.socdem.org\/wp-content\/uploads\/2020\/03\/46.jpg 768w, https:\/\/www.socdem.org\/wp-content\/uploads\/2020\/03\/46-240x300.jpg 240w\" sizes=\"auto, (max-width: 768px) 100vw, 768px\" \/><\/figure><\/li><li class=\"blocks-gallery-item\"><figure><img loading=\"lazy\" decoding=\"async\" width=\"768\" height=\"960\" src=\"https:\/\/www.socdem.org\/wp-content\/uploads\/2020\/03\/47.jpg\" alt=\"\" data-id=\"27956\" data-full-url=\"https:\/\/www.socdem.org\/wp-content\/uploads\/2020\/03\/47.jpg\" data-link=\"https:\/\/www.socdem.org\/?attachment_id=27956\" class=\"wp-image-27956\" srcset=\"https:\/\/www.socdem.org\/wp-content\/uploads\/2020\/03\/47.jpg 768w, https:\/\/www.socdem.org\/wp-content\/uploads\/2020\/03\/47-240x300.jpg 240w\" sizes=\"auto, (max-width: 768px) 100vw, 768px\" \/><\/figure><\/li><li class=\"blocks-gallery-item\"><figure><img loading=\"lazy\" decoding=\"async\" width=\"768\" height=\"960\" src=\"https:\/\/www.socdem.org\/wp-content\/uploads\/2020\/03\/d5.jpg\" alt=\"\" data-id=\"27959\" data-full-url=\"https:\/\/www.socdem.org\/wp-content\/uploads\/2020\/03\/d5.jpg\" data-link=\"https:\/\/www.socdem.org\/?attachment_id=27959\" class=\"wp-image-27959\" srcset=\"https:\/\/www.socdem.org\/wp-content\/uploads\/2020\/03\/d5.jpg 768w, https:\/\/www.socdem.org\/wp-content\/uploads\/2020\/03\/d5-240x300.jpg 240w\" sizes=\"auto, (max-width: 768px) 100vw, 768px\" \/><\/figure><\/li><\/ul><\/figure>\n\n\n\n<h4 class=\"wp-block-heading\">Socrates V campus<\/h4>\n\n\n\n<p class=\"has-normal-font-size\"><strong>Flag bearers: <\/strong> <\/p>\n\n\n\n<p class=\"has-normal-font-size\">Greece: Spyridon Tsolakis<br>Canada: Anthony Buono<br>Quebec: George Theodoropoulos<\/p>\n\n\n\n<p class=\"has-normal-font-size\"><strong>Assistants:<\/strong><\/p>\n\n\n\n<p class=\"has-normal-font-size\">1st: Panayiotis Alevizos<br>2nd: Konstantinos Atsalis<br>3rd: Chrisoula Akalestos<\/p>\n\n\n\n<figure class=\"wp-block-gallery columns-3 is-cropped wp-block-gallery-4 is-layout-flex wp-block-gallery-is-layout-flex\"><ul class=\"blocks-gallery-grid\"><li class=\"blocks-gallery-item\"><figure><img loading=\"lazy\" decoding=\"async\" width=\"768\" height=\"960\" src=\"https:\/\/www.socdem.org\/wp-content\/uploads\/2020\/03\/V1.jpg\" alt=\"\" data-id=\"27927\" data-full-url=\"https:\/\/www.socdem.org\/wp-content\/uploads\/2020\/03\/V1.jpg\" data-link=\"https:\/\/www.socdem.org\/en\/v1-2-2\/\" class=\"wp-image-27927\" srcset=\"https:\/\/www.socdem.org\/wp-content\/uploads\/2020\/03\/V1.jpg 768w, https:\/\/www.socdem.org\/wp-content\/uploads\/2020\/03\/V1-240x300.jpg 240w\" sizes=\"auto, (max-width: 768px) 100vw, 768px\" \/><\/figure><\/li><li class=\"blocks-gallery-item\"><figure><img loading=\"lazy\" decoding=\"async\" width=\"960\" height=\"960\" src=\"https:\/\/www.socdem.org\/wp-content\/uploads\/2020\/03\/v2.jpg\" alt=\"\" data-id=\"27930\" data-full-url=\"https:\/\/www.socdem.org\/wp-content\/uploads\/2020\/03\/v2.jpg\" data-link=\"https:\/\/www.socdem.org\/en\/v2-2-2\/\" class=\"wp-image-27930\" srcset=\"https:\/\/www.socdem.org\/wp-content\/uploads\/2020\/03\/v2.jpg 960w, https:\/\/www.socdem.org\/wp-content\/uploads\/2020\/03\/v2-300x300.jpg 300w, https:\/\/www.socdem.org\/wp-content\/uploads\/2020\/03\/v2-150x150.jpg 150w\" sizes=\"auto, (max-width: 960px) 100vw, 960px\" \/><\/figure><\/li><li class=\"blocks-gallery-item\"><figure><img loading=\"lazy\" decoding=\"async\" width=\"960\" height=\"960\" src=\"https:\/\/www.socdem.org\/wp-content\/uploads\/2020\/03\/v3.jpg\" alt=\"\" data-id=\"27933\" data-full-url=\"https:\/\/www.socdem.org\/wp-content\/uploads\/2020\/03\/v3.jpg\" data-link=\"https:\/\/www.socdem.org\/en\/v3-2-2\/\" class=\"wp-image-27933\" srcset=\"https:\/\/www.socdem.org\/wp-content\/uploads\/2020\/03\/v3.jpg 960w, https:\/\/www.socdem.org\/wp-content\/uploads\/2020\/03\/v3-300x300.jpg 300w, https:\/\/www.socdem.org\/wp-content\/uploads\/2020\/03\/v3-150x150.jpg 150w\" sizes=\"auto, (max-width: 960px) 100vw, 960px\" \/><\/figure><\/li><li class=\"blocks-gallery-item\"><figure><img loading=\"lazy\" decoding=\"async\" width=\"960\" height=\"960\" src=\"https:\/\/www.socdem.org\/wp-content\/uploads\/2020\/03\/v5.jpg\" alt=\"\" data-id=\"27939\" data-full-url=\"https:\/\/www.socdem.org\/wp-content\/uploads\/2020\/03\/v5.jpg\" data-link=\"https:\/\/www.socdem.org\/en\/v5-3-2\/\" class=\"wp-image-27939\" srcset=\"https:\/\/www.socdem.org\/wp-content\/uploads\/2020\/03\/v5.jpg 960w, https:\/\/www.socdem.org\/wp-content\/uploads\/2020\/03\/v5-300x300.jpg 300w, https:\/\/www.socdem.org\/wp-content\/uploads\/2020\/03\/v5-150x150.jpg 150w\" sizes=\"auto, (max-width: 960px) 100vw, 960px\" \/><\/figure><\/li><li class=\"blocks-gallery-item\"><figure><img loading=\"lazy\" decoding=\"async\" width=\"960\" height=\"960\" src=\"https:\/\/www.socdem.org\/wp-content\/uploads\/2020\/03\/v6.jpg\" alt=\"\" data-id=\"27942\" data-full-url=\"https:\/\/www.socdem.org\/wp-content\/uploads\/2020\/03\/v6.jpg\" data-link=\"https:\/\/www.socdem.org\/en\/v6-2-2\/\" class=\"wp-image-27942\" srcset=\"https:\/\/www.socdem.org\/wp-content\/uploads\/2020\/03\/v6.jpg 960w, https:\/\/www.socdem.org\/wp-content\/uploads\/2020\/03\/v6-300x300.jpg 300w, https:\/\/www.socdem.org\/wp-content\/uploads\/2020\/03\/v6-150x150.jpg 150w\" sizes=\"auto, (max-width: 960px) 100vw, 960px\" \/><\/figure><\/li><li class=\"blocks-gallery-item\"><figure><img loading=\"lazy\" decoding=\"async\" width=\"960\" height=\"960\" src=\"https:\/\/www.socdem.org\/wp-content\/uploads\/2020\/03\/v7.jpg\" alt=\"\" data-id=\"28013\" data-full-url=\"https:\/\/www.socdem.org\/wp-content\/uploads\/2020\/03\/v7.jpg\" data-link=\"https:\/\/www.socdem.org\/en\/?attachment_id=28013\" class=\"wp-image-28013\" srcset=\"https:\/\/www.socdem.org\/wp-content\/uploads\/2020\/03\/v7.jpg 960w, https:\/\/www.socdem.org\/wp-content\/uploads\/2020\/03\/v7-300x300.jpg 300w, https:\/\/www.socdem.org\/wp-content\/uploads\/2020\/03\/v7-150x150.jpg 150w, https:\/\/www.socdem.org\/wp-content\/uploads\/2020\/03\/v7-266x266.jpg 266w\" sizes=\"auto, (max-width: 960px) 100vw, 960px\" \/><\/figure><\/li><\/ul><\/figure>\n\n\n\n<h4 class=\"wp-block-heading\">Demosthenes campus<\/h4>\n\n\n\n<p class=\"has-normal-font-size\"><strong>Flag bearers: <\/strong> <\/p>\n\n\n\n<p class=\"has-normal-font-size\">Greece- Theo Chaanine<br>Canada &#8211; Chrisoula Argiropoulos<br>Quebec- Alexandros Tosikyan<\/p>\n\n\n\n<p class=\"has-normal-font-size\"><strong>Assistants:<\/strong><\/p>\n\n\n\n<p class=\"has-normal-font-size\">1st: Stefania Karabatsos<br>2nd : Angelo Younan<br>3rd : Katerina Danielidis<\/p>\n\n\n\n<figure class=\"wp-block-gallery columns-3 is-cropped wp-block-gallery-5 is-layout-flex wp-block-gallery-is-layout-flex\"><ul class=\"blocks-gallery-grid\"><li class=\"blocks-gallery-item\"><figure><img loading=\"lazy\" decoding=\"async\" width=\"768\" height=\"960\" src=\"https:\/\/www.socdem.org\/wp-content\/uploads\/2020\/03\/dem1.jpg\" alt=\"\" data-id=\"27908\" data-full-url=\"https:\/\/www.socdem.org\/wp-content\/uploads\/2020\/03\/dem1.jpg\" data-link=\"https:\/\/www.socdem.org\/?attachment_id=27908\" class=\"wp-image-27908\" srcset=\"https:\/\/www.socdem.org\/wp-content\/uploads\/2020\/03\/dem1.jpg 768w, https:\/\/www.socdem.org\/wp-content\/uploads\/2020\/03\/dem1-240x300.jpg 240w\" sizes=\"auto, (max-width: 768px) 100vw, 768px\" \/><\/figure><\/li><li class=\"blocks-gallery-item\"><figure><img loading=\"lazy\" decoding=\"async\" width=\"600\" height=\"750\" src=\"https:\/\/www.socdem.org\/wp-content\/uploads\/2020\/03\/dem6-1.jpg\" alt=\"\" data-id=\"28007\" data-full-url=\"https:\/\/www.socdem.org\/wp-content\/uploads\/2020\/03\/dem6-1.jpg\" data-link=\"https:\/\/www.socdem.org\/dem6\/\" class=\"wp-image-28007\" srcset=\"https:\/\/www.socdem.org\/wp-content\/uploads\/2020\/03\/dem6-1.jpg 600w, https:\/\/www.socdem.org\/wp-content\/uploads\/2020\/03\/dem6-1-240x300.jpg 240w\" sizes=\"auto, (max-width: 600px) 100vw, 600px\" \/><\/figure><\/li><li class=\"blocks-gallery-item\"><figure><img loading=\"lazy\" decoding=\"async\" width=\"768\" height=\"960\" src=\"https:\/\/www.socdem.org\/wp-content\/uploads\/2020\/03\/dem3.jpg\" alt=\"\" data-id=\"27914\" data-full-url=\"https:\/\/www.socdem.org\/wp-content\/uploads\/2020\/03\/dem3.jpg\" data-link=\"https:\/\/www.socdem.org\/?attachment_id=27914\" class=\"wp-image-27914\" srcset=\"https:\/\/www.socdem.org\/wp-content\/uploads\/2020\/03\/dem3.jpg 768w, https:\/\/www.socdem.org\/wp-content\/uploads\/2020\/03\/dem3-240x300.jpg 240w\" sizes=\"auto, (max-width: 768px) 100vw, 768px\" \/><\/figure><\/li><li class=\"blocks-gallery-item\"><figure><img loading=\"lazy\" decoding=\"async\" width=\"768\" height=\"960\" src=\"https:\/\/www.socdem.org\/wp-content\/uploads\/2020\/03\/dem4.jpg\" alt=\"\" data-id=\"27917\" data-full-url=\"https:\/\/www.socdem.org\/wp-content\/uploads\/2020\/03\/dem4.jpg\" data-link=\"https:\/\/www.socdem.org\/?attachment_id=27917\" class=\"wp-image-27917\" srcset=\"https:\/\/www.socdem.org\/wp-content\/uploads\/2020\/03\/dem4.jpg 768w, https:\/\/www.socdem.org\/wp-content\/uploads\/2020\/03\/dem4-240x300.jpg 240w\" sizes=\"auto, (max-width: 768px) 100vw, 768px\" \/><\/figure><\/li><li class=\"blocks-gallery-item\"><figure><img loading=\"lazy\" decoding=\"async\" width=\"768\" height=\"960\" src=\"https:\/\/www.socdem.org\/wp-content\/uploads\/2020\/03\/dem5.jpg\" alt=\"\" data-id=\"27920\" data-full-url=\"https:\/\/www.socdem.org\/wp-content\/uploads\/2020\/03\/dem5.jpg\" data-link=\"https:\/\/www.socdem.org\/?attachment_id=27920\" class=\"wp-image-27920\" srcset=\"https:\/\/www.socdem.org\/wp-content\/uploads\/2020\/03\/dem5.jpg 768w, https:\/\/www.socdem.org\/wp-content\/uploads\/2020\/03\/dem5-240x300.jpg 240w\" sizes=\"auto, (max-width: 768px) 100vw, 768px\" \/><\/figure><\/li><li class=\"blocks-gallery-item\"><figure><img loading=\"lazy\" decoding=\"async\" width=\"768\" height=\"960\" src=\"https:\/\/www.socdem.org\/wp-content\/uploads\/2020\/03\/dem2.jpg\" alt=\"\" data-id=\"27911\" data-full-url=\"https:\/\/www.socdem.org\/wp-content\/uploads\/2020\/03\/dem2.jpg\" data-link=\"https:\/\/www.socdem.org\/?attachment_id=27911\" class=\"wp-image-27911\" srcset=\"https:\/\/www.socdem.org\/wp-content\/uploads\/2020\/03\/dem2.jpg 768w, https:\/\/www.socdem.org\/wp-content\/uploads\/2020\/03\/dem2-240x300.jpg 240w\" sizes=\"auto, (max-width: 768px) 100vw, 768px\" \/><\/figure><\/li><\/ul><\/figure>\n\n\n\n<p class=\"has-normal-font-size\">We are very proud of the high academic performance of our students and look forward to a bright future.<\/p>\n\n\n\n<p class=\"has-normal-font-size\"><strong>Socrates-Demosthenes School<\/strong><\/p>\n","protected":false},"excerpt":{"rendered":"<p>March 25th is an important celebration for our community. Here are the names of the students who by their excellence proudly represent this event! Socrates II campus Flag bearers: Elena&#8230;<\/p>\n","protected":false},"author":23,"featured_media":27821,"comment_status":"closed","ping_status":"closed","sticky":false,"template":"","format":"standard","meta":{"_monsterinsights_skip_tracking":false,"_monsterinsights_sitenote_active":false,"_monsterinsights_sitenote_note":"","_monsterinsights_sitenote_category":0,"footnotes":""},"categories":[88,89,90,91,86,92],"tags":[],"class_list":{"0":"post-28011","1":"post","2":"type-post","3":"status-publish","4":"format-standard","5":"has-post-thumbnail","7":"category-news-2","8":"category-news-3","9":"category-news-4","10":"category-news-5","11":"category-news-and-activities-english","12":"category-news-demosthene"},"yoast_head":"<!-- This site is optimized with the Yoast SEO plugin v27.5 - https:\/\/yoast.com\/product\/yoast-seo-wordpress\/ -->\n<title>Flag bearers and assistants for the 25th of March celebrations - Primary School Socrates and Demosthenes<\/title>\n<meta name=\"robots\" content=\"index, follow, max-snippet:-1, max-image-preview:large, max-video-preview:-1\" \/>\n<link rel=\"canonical\" href=\"https:\/\/www.socdem.org\/en\/flag-bearers-and-assistants-for-the-25th-of-march-celebrations\/\" \/>\n<meta property=\"og:locale\" content=\"en_US\" \/>\n<meta property=\"og:type\" content=\"article\" \/>\n<meta property=\"og:title\" content=\"Flag bearers and assistants for the 25th of March celebrations - Primary School Socrates and Demosthenes\" \/>\n<meta property=\"og:description\" content=\"March 25th is an important celebration for our community. Here are the names of the students who by their excellence proudly represent this event! Socrates II campus Flag bearers: Elena...\" \/>\n<meta property=\"og:url\" content=\"https:\/\/www.socdem.org\/en\/flag-bearers-and-assistants-for-the-25th-of-march-celebrations\/\" \/>\n<meta property=\"og:site_name\" content=\"Primary School Socrates and Demosthenes\" \/>\n<meta property=\"article:publisher\" content=\"https:\/\/www.facebook.com\/TheHCGM\/\" \/>\n<meta property=\"article:published_time\" content=\"2020-03-25T21:50:46+00:00\" \/>\n<meta property=\"article:modified_time\" content=\"2020-03-25T21:50:49+00:00\" \/>\n<meta property=\"og:image\" content=\"https:\/\/www.socdem.org\/wp-content\/uploads\/2013\/10\/Greece-Flag-icon-e1380903519708.png\" \/>\n\t<meta property=\"og:image:width\" content=\"52\" \/>\n\t<meta property=\"og:image:height\" content=\"52\" \/>\n\t<meta property=\"og:image:type\" content=\"image\/png\" \/>\n<meta name=\"author\" content=\"avournias\" \/>\n<meta name=\"twitter:card\" content=\"summary_large_image\" \/>\n<meta name=\"twitter:label1\" content=\"Written by\" \/>\n\t<meta name=\"twitter:data1\" content=\"avournias\" \/>\n\t<meta name=\"twitter:label2\" content=\"Est. reading time\" \/>\n\t<meta name=\"twitter:data2\" content=\"1 minute\" \/>\n<script type=\"application\/ld+json\" class=\"yoast-schema-graph\">{\"@context\":\"https:\\\/\\\/schema.org\",\"@graph\":[{\"@type\":\"Article\",\"@id\":\"https:\\\/\\\/www.socdem.org\\\/en\\\/flag-bearers-and-assistants-for-the-25th-of-march-celebrations\\\/#article\",\"isPartOf\":{\"@id\":\"https:\\\/\\\/www.socdem.org\\\/en\\\/flag-bearers-and-assistants-for-the-25th-of-march-celebrations\\\/\"},\"author\":{\"name\":\"avournias\",\"@id\":\"https:\\\/\\\/www.socdem.org\\\/en\\\/#\\\/schema\\\/person\\\/3d4208f100317a6251846d5d4fcb6e6f\"},\"headline\":\"Flag bearers and assistants for the 25th of March celebrations\",\"datePublished\":\"2020-03-25T21:50:46+00:00\",\"dateModified\":\"2020-03-25T21:50:49+00:00\",\"mainEntityOfPage\":{\"@id\":\"https:\\\/\\\/www.socdem.org\\\/en\\\/flag-bearers-and-assistants-for-the-25th-of-march-celebrations\\\/\"},\"wordCount\":193,\"publisher\":{\"@id\":\"https:\\\/\\\/www.socdem.org\\\/en\\\/#organization\"},\"image\":{\"@id\":\"https:\\\/\\\/www.socdem.org\\\/en\\\/flag-bearers-and-assistants-for-the-25th-of-march-celebrations\\\/#primaryimage\"},\"thumbnailUrl\":\"https:\\\/\\\/www.socdem.org\\\/wp-content\\\/uploads\\\/2013\\\/10\\\/Greece-Flag-icon-e1380903519708.png\",\"articleSection\":[\"News 2\",\"News 3\",\"News 4\",\"News 5\",\"News and Activities english\",\"News demosthene\"],\"inLanguage\":\"en-US\"},{\"@type\":\"WebPage\",\"@id\":\"https:\\\/\\\/www.socdem.org\\\/en\\\/flag-bearers-and-assistants-for-the-25th-of-march-celebrations\\\/\",\"url\":\"https:\\\/\\\/www.socdem.org\\\/en\\\/flag-bearers-and-assistants-for-the-25th-of-march-celebrations\\\/\",\"name\":\"Flag bearers and assistants for the 25th of March celebrations - Primary School Socrates and Demosthenes\",\"isPartOf\":{\"@id\":\"https:\\\/\\\/www.socdem.org\\\/en\\\/#website\"},\"primaryImageOfPage\":{\"@id\":\"https:\\\/\\\/www.socdem.org\\\/en\\\/flag-bearers-and-assistants-for-the-25th-of-march-celebrations\\\/#primaryimage\"},\"image\":{\"@id\":\"https:\\\/\\\/www.socdem.org\\\/en\\\/flag-bearers-and-assistants-for-the-25th-of-march-celebrations\\\/#primaryimage\"},\"thumbnailUrl\":\"https:\\\/\\\/www.socdem.org\\\/wp-content\\\/uploads\\\/2013\\\/10\\\/Greece-Flag-icon-e1380903519708.png\",\"datePublished\":\"2020-03-25T21:50:46+00:00\",\"dateModified\":\"2020-03-25T21:50:49+00:00\",\"breadcrumb\":{\"@id\":\"https:\\\/\\\/www.socdem.org\\\/en\\\/flag-bearers-and-assistants-for-the-25th-of-march-celebrations\\\/#breadcrumb\"},\"inLanguage\":\"en-US\",\"potentialAction\":[{\"@type\":\"ReadAction\",\"target\":[\"https:\\\/\\\/www.socdem.org\\\/en\\\/flag-bearers-and-assistants-for-the-25th-of-march-celebrations\\\/\"]}]},{\"@type\":\"ImageObject\",\"inLanguage\":\"en-US\",\"@id\":\"https:\\\/\\\/www.socdem.org\\\/en\\\/flag-bearers-and-assistants-for-the-25th-of-march-celebrations\\\/#primaryimage\",\"url\":\"https:\\\/\\\/www.socdem.org\\\/wp-content\\\/uploads\\\/2013\\\/10\\\/Greece-Flag-icon-e1380903519708.png\",\"contentUrl\":\"https:\\\/\\\/www.socdem.org\\\/wp-content\\\/uploads\\\/2013\\\/10\\\/Greece-Flag-icon-e1380903519708.png\",\"width\":\"52\",\"height\":\"52\"},{\"@type\":\"BreadcrumbList\",\"@id\":\"https:\\\/\\\/www.socdem.org\\\/en\\\/flag-bearers-and-assistants-for-the-25th-of-march-celebrations\\\/#breadcrumb\",\"itemListElement\":[{\"@type\":\"ListItem\",\"position\":1,\"name\":\"Accueil\",\"item\":\"https:\\\/\\\/www.socdem.org\\\/en\\\/\"},{\"@type\":\"ListItem\",\"position\":2,\"name\":\"Flag bearers and assistants for the 25th of March celebrations\"}]},{\"@type\":\"WebSite\",\"@id\":\"https:\\\/\\\/www.socdem.org\\\/en\\\/#website\",\"url\":\"https:\\\/\\\/www.socdem.org\\\/en\\\/\",\"name\":\"\u00c9cole Socrates-D\u00e9mosth\u00e8ne\",\"description\":\"Five trilingual greek primary schools of Greater Montreal.\",\"publisher\":{\"@id\":\"https:\\\/\\\/www.socdem.org\\\/en\\\/#organization\"},\"potentialAction\":[{\"@type\":\"SearchAction\",\"target\":{\"@type\":\"EntryPoint\",\"urlTemplate\":\"https:\\\/\\\/www.socdem.org\\\/en\\\/?s={search_term_string}\"},\"query-input\":{\"@type\":\"PropertyValueSpecification\",\"valueRequired\":true,\"valueName\":\"search_term_string\"}}],\"inLanguage\":\"en-US\"},{\"@type\":\"Organization\",\"@id\":\"https:\\\/\\\/www.socdem.org\\\/en\\\/#organization\",\"name\":\"\u00c9cole Socrates-D\u00e9mosth\u00e8ne\",\"url\":\"https:\\\/\\\/www.socdem.org\\\/en\\\/\",\"logo\":{\"@type\":\"ImageObject\",\"inLanguage\":\"en-US\",\"@id\":\"https:\\\/\\\/www.socdem.org\\\/en\\\/#\\\/schema\\\/logo\\\/image\\\/\",\"url\":\"https:\\\/\\\/www.socdem.org\\\/wp-content\\\/uploads\\\/2014\\\/03\\\/SOC-DEM-LOGO-NAME.jpg\",\"contentUrl\":\"https:\\\/\\\/www.socdem.org\\\/wp-content\\\/uploads\\\/2014\\\/03\\\/SOC-DEM-LOGO-NAME.jpg\",\"width\":\"8485\",\"height\":\"4200\",\"caption\":\"\u00c9cole Socrates-D\u00e9mosth\u00e8ne\"},\"image\":{\"@id\":\"https:\\\/\\\/www.socdem.org\\\/en\\\/#\\\/schema\\\/logo\\\/image\\\/\"},\"sameAs\":[\"https:\\\/\\\/www.facebook.com\\\/TheHCGM\\\/\",\"https:\\\/\\\/www.instagram.com\\\/p\\\/BnE965PhJU7\\\/?hl=en\"]},{\"@type\":\"Person\",\"@id\":\"https:\\\/\\\/www.socdem.org\\\/en\\\/#\\\/schema\\\/person\\\/3d4208f100317a6251846d5d4fcb6e6f\",\"name\":\"avournias\",\"image\":{\"@type\":\"ImageObject\",\"inLanguage\":\"en-US\",\"@id\":\"https:\\\/\\\/secure.gravatar.com\\\/avatar\\\/e44d940614c28c716a6912b81868ef19a508fe61c65c7dbdb4825236cbaa5364?s=96&d=mm&r=g\",\"url\":\"https:\\\/\\\/secure.gravatar.com\\\/avatar\\\/e44d940614c28c716a6912b81868ef19a508fe61c65c7dbdb4825236cbaa5364?s=96&d=mm&r=g\",\"contentUrl\":\"https:\\\/\\\/secure.gravatar.com\\\/avatar\\\/e44d940614c28c716a6912b81868ef19a508fe61c65c7dbdb4825236cbaa5364?s=96&d=mm&r=g\",\"caption\":\"avournias\"},\"sameAs\":[\"http:\\\/\\\/socdem.wpengine.com\"],\"url\":\"https:\\\/\\\/www.socdem.org\\\/en\\\/author\\\/avournias\\\/\"}]}<\/script>\n<!-- \/ Yoast SEO plugin. -->","yoast_head_json":{"title":"Flag bearers and assistants for the 25th of March celebrations - Primary School Socrates and Demosthenes","robots":{"index":"index","follow":"follow","max-snippet":"max-snippet:-1","max-image-preview":"max-image-preview:large","max-video-preview":"max-video-preview:-1"},"canonical":"https:\/\/www.socdem.org\/en\/flag-bearers-and-assistants-for-the-25th-of-march-celebrations\/","og_locale":"en_US","og_type":"article","og_title":"Flag bearers and assistants for the 25th of March celebrations - Primary School Socrates and Demosthenes","og_description":"March 25th is an important celebration for our community. Here are the names of the students who by their excellence proudly represent this event! Socrates II campus Flag bearers: Elena...","og_url":"https:\/\/www.socdem.org\/en\/flag-bearers-and-assistants-for-the-25th-of-march-celebrations\/","og_site_name":"Primary School Socrates and Demosthenes","article_publisher":"https:\/\/www.facebook.com\/TheHCGM\/","article_published_time":"2020-03-25T21:50:46+00:00","article_modified_time":"2020-03-25T21:50:49+00:00","og_image":[{"width":52,"height":52,"url":"https:\/\/www.socdem.org\/wp-content\/uploads\/2013\/10\/Greece-Flag-icon-e1380903519708.png","type":"image\/png"}],"author":"avournias","twitter_card":"summary_large_image","twitter_misc":{"Written by":"avournias","Est. reading time":"1 minute"},"schema":{"@context":"https:\/\/schema.org","@graph":[{"@type":"Article","@id":"https:\/\/www.socdem.org\/en\/flag-bearers-and-assistants-for-the-25th-of-march-celebrations\/#article","isPartOf":{"@id":"https:\/\/www.socdem.org\/en\/flag-bearers-and-assistants-for-the-25th-of-march-celebrations\/"},"author":{"name":"avournias","@id":"https:\/\/www.socdem.org\/en\/#\/schema\/person\/3d4208f100317a6251846d5d4fcb6e6f"},"headline":"Flag bearers and assistants for the 25th of March celebrations","datePublished":"2020-03-25T21:50:46+00:00","dateModified":"2020-03-25T21:50:49+00:00","mainEntityOfPage":{"@id":"https:\/\/www.socdem.org\/en\/flag-bearers-and-assistants-for-the-25th-of-march-celebrations\/"},"wordCount":193,"publisher":{"@id":"https:\/\/www.socdem.org\/en\/#organization"},"image":{"@id":"https:\/\/www.socdem.org\/en\/flag-bearers-and-assistants-for-the-25th-of-march-celebrations\/#primaryimage"},"thumbnailUrl":"https:\/\/www.socdem.org\/wp-content\/uploads\/2013\/10\/Greece-Flag-icon-e1380903519708.png","articleSection":["News 2","News 3","News 4","News 5","News and Activities english","News demosthene"],"inLanguage":"en-US"},{"@type":"WebPage","@id":"https:\/\/www.socdem.org\/en\/flag-bearers-and-assistants-for-the-25th-of-march-celebrations\/","url":"https:\/\/www.socdem.org\/en\/flag-bearers-and-assistants-for-the-25th-of-march-celebrations\/","name":"Flag bearers and assistants for the 25th of March celebrations - Primary School Socrates and Demosthenes","isPartOf":{"@id":"https:\/\/www.socdem.org\/en\/#website"},"primaryImageOfPage":{"@id":"https:\/\/www.socdem.org\/en\/flag-bearers-and-assistants-for-the-25th-of-march-celebrations\/#primaryimage"},"image":{"@id":"https:\/\/www.socdem.org\/en\/flag-bearers-and-assistants-for-the-25th-of-march-celebrations\/#primaryimage"},"thumbnailUrl":"https:\/\/www.socdem.org\/wp-content\/uploads\/2013\/10\/Greece-Flag-icon-e1380903519708.png","datePublished":"2020-03-25T21:50:46+00:00","dateModified":"2020-03-25T21:50:49+00:00","breadcrumb":{"@id":"https:\/\/www.socdem.org\/en\/flag-bearers-and-assistants-for-the-25th-of-march-celebrations\/#breadcrumb"},"inLanguage":"en-US","potentialAction":[{"@type":"ReadAction","target":["https:\/\/www.socdem.org\/en\/flag-bearers-and-assistants-for-the-25th-of-march-celebrations\/"]}]},{"@type":"ImageObject","inLanguage":"en-US","@id":"https:\/\/www.socdem.org\/en\/flag-bearers-and-assistants-for-the-25th-of-march-celebrations\/#primaryimage","url":"https:\/\/www.socdem.org\/wp-content\/uploads\/2013\/10\/Greece-Flag-icon-e1380903519708.png","contentUrl":"https:\/\/www.socdem.org\/wp-content\/uploads\/2013\/10\/Greece-Flag-icon-e1380903519708.png","width":"52","height":"52"},{"@type":"BreadcrumbList","@id":"https:\/\/www.socdem.org\/en\/flag-bearers-and-assistants-for-the-25th-of-march-celebrations\/#breadcrumb","itemListElement":[{"@type":"ListItem","position":1,"name":"Accueil","item":"https:\/\/www.socdem.org\/en\/"},{"@type":"ListItem","position":2,"name":"Flag bearers and assistants for the 25th of March celebrations"}]},{"@type":"WebSite","@id":"https:\/\/www.socdem.org\/en\/#website","url":"https:\/\/www.socdem.org\/en\/","name":"\u00c9cole Socrates-D\u00e9mosth\u00e8ne","description":"Five trilingual greek primary schools of Greater Montreal.","publisher":{"@id":"https:\/\/www.socdem.org\/en\/#organization"},"potentialAction":[{"@type":"SearchAction","target":{"@type":"EntryPoint","urlTemplate":"https:\/\/www.socdem.org\/en\/?s={search_term_string}"},"query-input":{"@type":"PropertyValueSpecification","valueRequired":true,"valueName":"search_term_string"}}],"inLanguage":"en-US"},{"@type":"Organization","@id":"https:\/\/www.socdem.org\/en\/#organization","name":"\u00c9cole Socrates-D\u00e9mosth\u00e8ne","url":"https:\/\/www.socdem.org\/en\/","logo":{"@type":"ImageObject","inLanguage":"en-US","@id":"https:\/\/www.socdem.org\/en\/#\/schema\/logo\/image\/","url":"https:\/\/www.socdem.org\/wp-content\/uploads\/2014\/03\/SOC-DEM-LOGO-NAME.jpg","contentUrl":"https:\/\/www.socdem.org\/wp-content\/uploads\/2014\/03\/SOC-DEM-LOGO-NAME.jpg","width":"8485","height":"4200","caption":"\u00c9cole Socrates-D\u00e9mosth\u00e8ne"},"image":{"@id":"https:\/\/www.socdem.org\/en\/#\/schema\/logo\/image\/"},"sameAs":["https:\/\/www.facebook.com\/TheHCGM\/","https:\/\/www.instagram.com\/p\/BnE965PhJU7\/?hl=en"]},{"@type":"Person","@id":"https:\/\/www.socdem.org\/en\/#\/schema\/person\/3d4208f100317a6251846d5d4fcb6e6f","name":"avournias","image":{"@type":"ImageObject","inLanguage":"en-US","@id":"https:\/\/secure.gravatar.com\/avatar\/e44d940614c28c716a6912b81868ef19a508fe61c65c7dbdb4825236cbaa5364?s=96&d=mm&r=g","url":"https:\/\/secure.gravatar.com\/avatar\/e44d940614c28c716a6912b81868ef19a508fe61c65c7dbdb4825236cbaa5364?s=96&d=mm&r=g","contentUrl":"https:\/\/secure.gravatar.com\/avatar\/e44d940614c28c716a6912b81868ef19a508fe61c65c7dbdb4825236cbaa5364?s=96&d=mm&r=g","caption":"avournias"},"sameAs":["http:\/\/socdem.wpengine.com"],"url":"https:\/\/www.socdem.org\/en\/author\/avournias\/"}]}},"_links":{"self":[{"href":"https:\/\/www.socdem.org\/en\/wp-json\/wp\/v2\/posts\/28011","targetHints":{"allow":["GET"]}}],"collection":[{"href":"https:\/\/www.socdem.org\/en\/wp-json\/wp\/v2\/posts"}],"about":[{"href":"https:\/\/www.socdem.org\/en\/wp-json\/wp\/v2\/types\/post"}],"author":[{"embeddable":true,"href":"https:\/\/www.socdem.org\/en\/wp-json\/wp\/v2\/users\/23"}],"replies":[{"embeddable":true,"href":"https:\/\/www.socdem.org\/en\/wp-json\/wp\/v2\/comments?post=28011"}],"version-history":[{"count":0,"href":"https:\/\/www.socdem.org\/en\/wp-json\/wp\/v2\/posts\/28011\/revisions"}],"wp:featuredmedia":[{"embeddable":true,"href":"https:\/\/www.socdem.org\/en\/wp-json\/wp\/v2\/media\/27821"}],"wp:attachment":[{"href":"https:\/\/www.socdem.org\/en\/wp-json\/wp\/v2\/media?parent=28011"}],"wp:term":[{"taxonomy":"category","embeddable":true,"href":"https:\/\/www.socdem.org\/en\/wp-json\/wp\/v2\/categories?post=28011"},{"taxonomy":"post_tag","embeddable":true,"href":"https:\/\/www.socdem.org\/en\/wp-json\/wp\/v2\/tags?post=28011"}],"curies":[{"name":"wp","href":"https:\/\/api.w.org\/{rel}","templated":true}]}}