{"id":28179,"date":"2020-04-30T11:24:06","date_gmt":"2020-04-30T15:24:06","guid":{"rendered":"https:\/\/www.socdem.org\/?p=28179"},"modified":"2020-04-30T11:26:43","modified_gmt":"2020-04-30T15:26:43","slug":"april-30th-2020-message-from-the-director-general-reopening-of-schools-return-to-class-continuation","status":"publish","type":"post","link":"https:\/\/www.socdem.org\/en\/april-30th-2020-message-from-the-director-general-reopening-of-schools-return-to-class-continuation\/","title":{"rendered":"April 30th, 2020, message from the Director General REOPENING OF SCHOOLS Return to Class (continuation)"},"content":{"rendered":"\n<p class=\"has-normal-font-size\">Dear Parents and Friends,<\/p>\n\n\n\n<p class=\"has-normal-font-size\">Following the Minister of Education\u2019s announcement for the gradual reopening of schools across Quebec over the next few weeks, we are very aware that there is a lot of anxiety as you consider sending your children back to class. \u00c9cole Socrates-D\u00e9mosth\u00e8ne will be welcoming back its students on May 19, 2020. Taking into account all the circumstances, this is a huge logistical undertaking and our School is already moving forward with the planning and organizing. As has been previously indicated, the return to class will be optional for preschool and elementary school-aged children.<\/p>\n\n\n\n<p class=\"has-normal-font-size\">Parents are not required to send their children back to school. Some parents may choose to keep their child at home if, for example, the child or someone else in the home has a weak immune system. Parents will be contacted by our campus administrators over the next few days to see how many children will be returning to class on May 19. To ensure the social distancing safety measure, a maximum of &nbsp;15 students will be permitted per classroom.<\/p>\n\n\n\n<p class=\"has-normal-font-size\">High school services will not be offered to our students in school until the Fall. Our high school teachers will continue working from a distance with their students until the end of the school year. The Quebec government will also continue to offer educational and learning activities online, even when the teachers return to class.<\/p>\n\n\n\n<p class=\"has-normal-font-size\">Our School is committed to providing a quality education to all children whether they will be in our buildings or whether they will remain at home. Our extraordinary educators will make every effort to continue teaching from a distance and assure all our students receive the same education. And of course for those returning to class, we will be providing the safest environment possible respecting all Sant\u00e9 publique guidelines and MEES directives.<\/p>\n\n\n\n<p class=\"has-normal-font-size\">HCGM and School personnel are leaving no&nbsp;stone unturned with respect to health protocols. Personal protective equipment has already been ordered. Protective barriers are going up. On top of the sanitizers that we had in all our campuses prior to the closure, more have been ordered. New signage is being installed, including distancing and directional markers. Staff is coordinating bathroom usage, circulation in corridors and staircases. They are also organizing recreation and lunch periods to assure safety measures are respected. Special attention will be given to arrivals and departures. And our maintenance staff will be continually disinfecting once we reopen our campuses.<\/p>\n\n\n\n<p class=\"has-normal-font-size\">In addition, Faculty is also focusing on reorganizing their educational material and methods and is once again adapting to another new reality. Scheduling is a major challenge as will evaluations. Most importantly, our educators will be concentrated on their students once they return to class. Your children\u2019s well-being is our ultimate concern.<\/p>\n\n\n\n<p class=\"has-normal-font-size\">Furthermore, there will an opportunity, by invitation, for parents to pick up their child\u2019s belongings from school. More information will be provided by your campus administrators. For now, teachers and staff will continue their distance relationship with their students and their parents.<\/p>\n\n\n\n<p class=\"has-normal-font-size\">\u00c9cole Socrates-D\u00e9mosth\u00e8ne will also be providing SEP daycare services as of May 19.\u00a0The same health and safety protocols will be respected.\u00a0Specific details\u00a0by the service de garde administrators.<\/p>\n\n\n\n<p class=\"has-normal-font-size\">Finally, our School will also have access to its bus transport system. As the Minister has announced, drivers will be protected with a barrier and personal protective equipment. The campus administration will be following up with you for this service as well.<\/p>\n\n\n\n<p class=\"has-normal-font-size\">The most important thing right now is that we need to know as precisely as possible, how many children will be returning to school. This will help us to properly organize our campus environments and allow us to better coordinate our human resources.<\/p>\n\n\n\n<p class=\"has-normal-font-size\">With our sincerest regards,<\/p>\n\n\n\n<p class=\"has-normal-font-size\">The Director General,<\/p>\n\n\n\n<p class=\"has-normal-font-size\">Chris Adamopoulos<\/p>\n\n\n\n<figure class=\"wp-block-image\"><img decoding=\"async\" src=\"https:\/\/ci4.googleusercontent.com\/proxy\/nb1pLVHA1U2C7Mt7maMusN2GZzscYt16LHA15RzGPyao86BJcIdQvnUnqmrddNKFf4Q4MxUh5iRRFk2Wt2IB0lBI24Yte-tynh_yoQ_kGr7cRqtTKrmFh1kN5omlmTCTjGmWEgyVWyeJX6ebX6l5kG5G_HMpkg=s0-d-e1-ft#https:\/\/mcusercontent.com\/a2a5cd6716c4aae4b0d1133b9\/images\/10935490-ad7f-43b7-951a-73d662e03e9a.jpg\" alt=\"\"\/><\/figure>\n","protected":false},"excerpt":{"rendered":"<p>Dear Parents and Friends, Following the Minister of Education\u2019s announcement for the gradual reopening of schools across Quebec over the next few weeks, we are very aware that there is&#8230;<\/p>\n","protected":false},"author":23,"featured_media":28037,"comment_status":"closed","ping_status":"closed","sticky":false,"template":"","format":"standard","meta":{"_monsterinsights_skip_tracking":false,"_monsterinsights_sitenote_active":false,"_monsterinsights_sitenote_note":"","_monsterinsights_sitenote_category":0,"footnotes":""},"categories":[88,89,90,91,86,92],"tags":[],"class_list":{"0":"post-28179","1":"post","2":"type-post","3":"status-publish","4":"format-standard","5":"has-post-thumbnail","7":"category-news-2","8":"category-news-3","9":"category-news-4","10":"category-news-5","11":"category-news-and-activities-english","12":"category-news-demosthene"},"yoast_head":"<!-- This site is optimized with the Yoast SEO plugin v27.5 - https:\/\/yoast.com\/product\/yoast-seo-wordpress\/ -->\n<title>April 30th, 2020, message from the Director General REOPENING OF SCHOOLS Return to Class (continuation) - Primary School Socrates and Demosthenes<\/title>\n<meta name=\"robots\" content=\"index, follow, max-snippet:-1, max-image-preview:large, max-video-preview:-1\" \/>\n<link rel=\"canonical\" href=\"https:\/\/www.socdem.org\/en\/april-30th-2020-message-from-the-director-general-reopening-of-schools-return-to-class-continuation\/\" \/>\n<meta property=\"og:locale\" content=\"en_US\" \/>\n<meta property=\"og:type\" content=\"article\" \/>\n<meta property=\"og:title\" content=\"April 30th, 2020, message from the Director General REOPENING OF SCHOOLS Return to Class (continuation) - Primary School Socrates and Demosthenes\" \/>\n<meta property=\"og:description\" content=\"Dear Parents and Friends, Following the Minister of Education\u2019s announcement for the gradual reopening of schools across Quebec over the next few weeks, we are very aware that there is...\" \/>\n<meta property=\"og:url\" content=\"https:\/\/www.socdem.org\/en\/april-30th-2020-message-from-the-director-general-reopening-of-schools-return-to-class-continuation\/\" \/>\n<meta property=\"og:site_name\" content=\"Primary School Socrates and Demosthenes\" \/>\n<meta property=\"article:publisher\" content=\"https:\/\/www.facebook.com\/TheHCGM\/\" \/>\n<meta property=\"article:published_time\" content=\"2020-04-30T15:24:06+00:00\" \/>\n<meta property=\"article:modified_time\" content=\"2020-04-30T15:26:43+00:00\" \/>\n<meta property=\"og:image\" content=\"https:\/\/www.socdem.org\/wp-content\/uploads\/2020\/03\/logo2020.png\" \/>\n\t<meta property=\"og:image:width\" content=\"701\" \/>\n\t<meta property=\"og:image:height\" content=\"341\" \/>\n\t<meta property=\"og:image:type\" content=\"image\/png\" \/>\n<meta name=\"author\" content=\"avournias\" \/>\n<meta name=\"twitter:card\" content=\"summary_large_image\" \/>\n<meta name=\"twitter:label1\" content=\"Written by\" \/>\n\t<meta name=\"twitter:data1\" content=\"avournias\" \/>\n\t<meta name=\"twitter:label2\" content=\"Est. reading time\" \/>\n\t<meta name=\"twitter:data2\" content=\"3 minutes\" \/>\n<script type=\"application\/ld+json\" class=\"yoast-schema-graph\">{\"@context\":\"https:\\\/\\\/schema.org\",\"@graph\":[{\"@type\":\"Article\",\"@id\":\"https:\\\/\\\/www.socdem.org\\\/en\\\/april-30th-2020-message-from-the-director-general-reopening-of-schools-return-to-class-continuation\\\/#article\",\"isPartOf\":{\"@id\":\"https:\\\/\\\/www.socdem.org\\\/en\\\/april-30th-2020-message-from-the-director-general-reopening-of-schools-return-to-class-continuation\\\/\"},\"author\":{\"name\":\"avournias\",\"@id\":\"https:\\\/\\\/www.socdem.org\\\/en\\\/#\\\/schema\\\/person\\\/3d4208f100317a6251846d5d4fcb6e6f\"},\"headline\":\"April 30th, 2020, message from the Director General REOPENING OF SCHOOLS Return to Class (continuation)\",\"datePublished\":\"2020-04-30T15:24:06+00:00\",\"dateModified\":\"2020-04-30T15:26:43+00:00\",\"mainEntityOfPage\":{\"@id\":\"https:\\\/\\\/www.socdem.org\\\/en\\\/april-30th-2020-message-from-the-director-general-reopening-of-schools-return-to-class-continuation\\\/\"},\"wordCount\":642,\"publisher\":{\"@id\":\"https:\\\/\\\/www.socdem.org\\\/en\\\/#organization\"},\"image\":{\"@id\":\"https:\\\/\\\/www.socdem.org\\\/en\\\/april-30th-2020-message-from-the-director-general-reopening-of-schools-return-to-class-continuation\\\/#primaryimage\"},\"thumbnailUrl\":\"https:\\\/\\\/www.socdem.org\\\/wp-content\\\/uploads\\\/2020\\\/03\\\/logo2020.png\",\"articleSection\":[\"News 2\",\"News 3\",\"News 4\",\"News 5\",\"News and Activities english\",\"News demosthene\"],\"inLanguage\":\"en-US\"},{\"@type\":\"WebPage\",\"@id\":\"https:\\\/\\\/www.socdem.org\\\/en\\\/april-30th-2020-message-from-the-director-general-reopening-of-schools-return-to-class-continuation\\\/\",\"url\":\"https:\\\/\\\/www.socdem.org\\\/en\\\/april-30th-2020-message-from-the-director-general-reopening-of-schools-return-to-class-continuation\\\/\",\"name\":\"April 30th, 2020, message from the Director General REOPENING OF SCHOOLS Return to Class (continuation) - Primary School Socrates and Demosthenes\",\"isPartOf\":{\"@id\":\"https:\\\/\\\/www.socdem.org\\\/en\\\/#website\"},\"primaryImageOfPage\":{\"@id\":\"https:\\\/\\\/www.socdem.org\\\/en\\\/april-30th-2020-message-from-the-director-general-reopening-of-schools-return-to-class-continuation\\\/#primaryimage\"},\"image\":{\"@id\":\"https:\\\/\\\/www.socdem.org\\\/en\\\/april-30th-2020-message-from-the-director-general-reopening-of-schools-return-to-class-continuation\\\/#primaryimage\"},\"thumbnailUrl\":\"https:\\\/\\\/www.socdem.org\\\/wp-content\\\/uploads\\\/2020\\\/03\\\/logo2020.png\",\"datePublished\":\"2020-04-30T15:24:06+00:00\",\"dateModified\":\"2020-04-30T15:26:43+00:00\",\"breadcrumb\":{\"@id\":\"https:\\\/\\\/www.socdem.org\\\/en\\\/april-30th-2020-message-from-the-director-general-reopening-of-schools-return-to-class-continuation\\\/#breadcrumb\"},\"inLanguage\":\"en-US\",\"potentialAction\":[{\"@type\":\"ReadAction\",\"target\":[\"https:\\\/\\\/www.socdem.org\\\/en\\\/april-30th-2020-message-from-the-director-general-reopening-of-schools-return-to-class-continuation\\\/\"]}]},{\"@type\":\"ImageObject\",\"inLanguage\":\"en-US\",\"@id\":\"https:\\\/\\\/www.socdem.org\\\/en\\\/april-30th-2020-message-from-the-director-general-reopening-of-schools-return-to-class-continuation\\\/#primaryimage\",\"url\":\"https:\\\/\\\/www.socdem.org\\\/wp-content\\\/uploads\\\/2020\\\/03\\\/logo2020.png\",\"contentUrl\":\"https:\\\/\\\/www.socdem.org\\\/wp-content\\\/uploads\\\/2020\\\/03\\\/logo2020.png\",\"width\":701,\"height\":341},{\"@type\":\"BreadcrumbList\",\"@id\":\"https:\\\/\\\/www.socdem.org\\\/en\\\/april-30th-2020-message-from-the-director-general-reopening-of-schools-return-to-class-continuation\\\/#breadcrumb\",\"itemListElement\":[{\"@type\":\"ListItem\",\"position\":1,\"name\":\"Accueil\",\"item\":\"https:\\\/\\\/www.socdem.org\\\/en\\\/\"},{\"@type\":\"ListItem\",\"position\":2,\"name\":\"April 30th, 2020, message from the Director General REOPENING OF SCHOOLS Return to Class (continuation)\"}]},{\"@type\":\"WebSite\",\"@id\":\"https:\\\/\\\/www.socdem.org\\\/en\\\/#website\",\"url\":\"https:\\\/\\\/www.socdem.org\\\/en\\\/\",\"name\":\"\u00c9cole Socrates-D\u00e9mosth\u00e8ne\",\"description\":\"Five trilingual greek primary schools of Greater Montreal.\",\"publisher\":{\"@id\":\"https:\\\/\\\/www.socdem.org\\\/en\\\/#organization\"},\"potentialAction\":[{\"@type\":\"SearchAction\",\"target\":{\"@type\":\"EntryPoint\",\"urlTemplate\":\"https:\\\/\\\/www.socdem.org\\\/en\\\/?s={search_term_string}\"},\"query-input\":{\"@type\":\"PropertyValueSpecification\",\"valueRequired\":true,\"valueName\":\"search_term_string\"}}],\"inLanguage\":\"en-US\"},{\"@type\":\"Organization\",\"@id\":\"https:\\\/\\\/www.socdem.org\\\/en\\\/#organization\",\"name\":\"\u00c9cole Socrates-D\u00e9mosth\u00e8ne\",\"url\":\"https:\\\/\\\/www.socdem.org\\\/en\\\/\",\"logo\":{\"@type\":\"ImageObject\",\"inLanguage\":\"en-US\",\"@id\":\"https:\\\/\\\/www.socdem.org\\\/en\\\/#\\\/schema\\\/logo\\\/image\\\/\",\"url\":\"https:\\\/\\\/www.socdem.org\\\/wp-content\\\/uploads\\\/2014\\\/03\\\/SOC-DEM-LOGO-NAME.jpg\",\"contentUrl\":\"https:\\\/\\\/www.socdem.org\\\/wp-content\\\/uploads\\\/2014\\\/03\\\/SOC-DEM-LOGO-NAME.jpg\",\"width\":\"8485\",\"height\":\"4200\",\"caption\":\"\u00c9cole Socrates-D\u00e9mosth\u00e8ne\"},\"image\":{\"@id\":\"https:\\\/\\\/www.socdem.org\\\/en\\\/#\\\/schema\\\/logo\\\/image\\\/\"},\"sameAs\":[\"https:\\\/\\\/www.facebook.com\\\/TheHCGM\\\/\",\"https:\\\/\\\/www.instagram.com\\\/p\\\/BnE965PhJU7\\\/?hl=en\"]},{\"@type\":\"Person\",\"@id\":\"https:\\\/\\\/www.socdem.org\\\/en\\\/#\\\/schema\\\/person\\\/3d4208f100317a6251846d5d4fcb6e6f\",\"name\":\"avournias\",\"image\":{\"@type\":\"ImageObject\",\"inLanguage\":\"en-US\",\"@id\":\"https:\\\/\\\/secure.gravatar.com\\\/avatar\\\/e44d940614c28c716a6912b81868ef19a508fe61c65c7dbdb4825236cbaa5364?s=96&d=mm&r=g\",\"url\":\"https:\\\/\\\/secure.gravatar.com\\\/avatar\\\/e44d940614c28c716a6912b81868ef19a508fe61c65c7dbdb4825236cbaa5364?s=96&d=mm&r=g\",\"contentUrl\":\"https:\\\/\\\/secure.gravatar.com\\\/avatar\\\/e44d940614c28c716a6912b81868ef19a508fe61c65c7dbdb4825236cbaa5364?s=96&d=mm&r=g\",\"caption\":\"avournias\"},\"sameAs\":[\"http:\\\/\\\/socdem.wpengine.com\"],\"url\":\"https:\\\/\\\/www.socdem.org\\\/en\\\/author\\\/avournias\\\/\"}]}<\/script>\n<!-- \/ Yoast SEO plugin. -->","yoast_head_json":{"title":"April 30th, 2020, message from the Director General REOPENING OF SCHOOLS Return to Class (continuation) - Primary School Socrates and Demosthenes","robots":{"index":"index","follow":"follow","max-snippet":"max-snippet:-1","max-image-preview":"max-image-preview:large","max-video-preview":"max-video-preview:-1"},"canonical":"https:\/\/www.socdem.org\/en\/april-30th-2020-message-from-the-director-general-reopening-of-schools-return-to-class-continuation\/","og_locale":"en_US","og_type":"article","og_title":"April 30th, 2020, message from the Director General REOPENING OF SCHOOLS Return to Class (continuation) - Primary School Socrates and Demosthenes","og_description":"Dear Parents and Friends, Following the Minister of Education\u2019s announcement for the gradual reopening of schools across Quebec over the next few weeks, we are very aware that there is...","og_url":"https:\/\/www.socdem.org\/en\/april-30th-2020-message-from-the-director-general-reopening-of-schools-return-to-class-continuation\/","og_site_name":"Primary School Socrates and Demosthenes","article_publisher":"https:\/\/www.facebook.com\/TheHCGM\/","article_published_time":"2020-04-30T15:24:06+00:00","article_modified_time":"2020-04-30T15:26:43+00:00","og_image":[{"width":701,"height":341,"url":"https:\/\/www.socdem.org\/wp-content\/uploads\/2020\/03\/logo2020.png","type":"image\/png"}],"author":"avournias","twitter_card":"summary_large_image","twitter_misc":{"Written by":"avournias","Est. reading time":"3 minutes"},"schema":{"@context":"https:\/\/schema.org","@graph":[{"@type":"Article","@id":"https:\/\/www.socdem.org\/en\/april-30th-2020-message-from-the-director-general-reopening-of-schools-return-to-class-continuation\/#article","isPartOf":{"@id":"https:\/\/www.socdem.org\/en\/april-30th-2020-message-from-the-director-general-reopening-of-schools-return-to-class-continuation\/"},"author":{"name":"avournias","@id":"https:\/\/www.socdem.org\/en\/#\/schema\/person\/3d4208f100317a6251846d5d4fcb6e6f"},"headline":"April 30th, 2020, message from the Director General REOPENING OF SCHOOLS Return to Class (continuation)","datePublished":"2020-04-30T15:24:06+00:00","dateModified":"2020-04-30T15:26:43+00:00","mainEntityOfPage":{"@id":"https:\/\/www.socdem.org\/en\/april-30th-2020-message-from-the-director-general-reopening-of-schools-return-to-class-continuation\/"},"wordCount":642,"publisher":{"@id":"https:\/\/www.socdem.org\/en\/#organization"},"image":{"@id":"https:\/\/www.socdem.org\/en\/april-30th-2020-message-from-the-director-general-reopening-of-schools-return-to-class-continuation\/#primaryimage"},"thumbnailUrl":"https:\/\/www.socdem.org\/wp-content\/uploads\/2020\/03\/logo2020.png","articleSection":["News 2","News 3","News 4","News 5","News and Activities english","News demosthene"],"inLanguage":"en-US"},{"@type":"WebPage","@id":"https:\/\/www.socdem.org\/en\/april-30th-2020-message-from-the-director-general-reopening-of-schools-return-to-class-continuation\/","url":"https:\/\/www.socdem.org\/en\/april-30th-2020-message-from-the-director-general-reopening-of-schools-return-to-class-continuation\/","name":"April 30th, 2020, message from the Director General REOPENING OF SCHOOLS Return to Class (continuation) - Primary School Socrates and Demosthenes","isPartOf":{"@id":"https:\/\/www.socdem.org\/en\/#website"},"primaryImageOfPage":{"@id":"https:\/\/www.socdem.org\/en\/april-30th-2020-message-from-the-director-general-reopening-of-schools-return-to-class-continuation\/#primaryimage"},"image":{"@id":"https:\/\/www.socdem.org\/en\/april-30th-2020-message-from-the-director-general-reopening-of-schools-return-to-class-continuation\/#primaryimage"},"thumbnailUrl":"https:\/\/www.socdem.org\/wp-content\/uploads\/2020\/03\/logo2020.png","datePublished":"2020-04-30T15:24:06+00:00","dateModified":"2020-04-30T15:26:43+00:00","breadcrumb":{"@id":"https:\/\/www.socdem.org\/en\/april-30th-2020-message-from-the-director-general-reopening-of-schools-return-to-class-continuation\/#breadcrumb"},"inLanguage":"en-US","potentialAction":[{"@type":"ReadAction","target":["https:\/\/www.socdem.org\/en\/april-30th-2020-message-from-the-director-general-reopening-of-schools-return-to-class-continuation\/"]}]},{"@type":"ImageObject","inLanguage":"en-US","@id":"https:\/\/www.socdem.org\/en\/april-30th-2020-message-from-the-director-general-reopening-of-schools-return-to-class-continuation\/#primaryimage","url":"https:\/\/www.socdem.org\/wp-content\/uploads\/2020\/03\/logo2020.png","contentUrl":"https:\/\/www.socdem.org\/wp-content\/uploads\/2020\/03\/logo2020.png","width":701,"height":341},{"@type":"BreadcrumbList","@id":"https:\/\/www.socdem.org\/en\/april-30th-2020-message-from-the-director-general-reopening-of-schools-return-to-class-continuation\/#breadcrumb","itemListElement":[{"@type":"ListItem","position":1,"name":"Accueil","item":"https:\/\/www.socdem.org\/en\/"},{"@type":"ListItem","position":2,"name":"April 30th, 2020, message from the Director General REOPENING OF SCHOOLS Return to Class (continuation)"}]},{"@type":"WebSite","@id":"https:\/\/www.socdem.org\/en\/#website","url":"https:\/\/www.socdem.org\/en\/","name":"\u00c9cole Socrates-D\u00e9mosth\u00e8ne","description":"Five trilingual greek primary schools of Greater Montreal.","publisher":{"@id":"https:\/\/www.socdem.org\/en\/#organization"},"potentialAction":[{"@type":"SearchAction","target":{"@type":"EntryPoint","urlTemplate":"https:\/\/www.socdem.org\/en\/?s={search_term_string}"},"query-input":{"@type":"PropertyValueSpecification","valueRequired":true,"valueName":"search_term_string"}}],"inLanguage":"en-US"},{"@type":"Organization","@id":"https:\/\/www.socdem.org\/en\/#organization","name":"\u00c9cole Socrates-D\u00e9mosth\u00e8ne","url":"https:\/\/www.socdem.org\/en\/","logo":{"@type":"ImageObject","inLanguage":"en-US","@id":"https:\/\/www.socdem.org\/en\/#\/schema\/logo\/image\/","url":"https:\/\/www.socdem.org\/wp-content\/uploads\/2014\/03\/SOC-DEM-LOGO-NAME.jpg","contentUrl":"https:\/\/www.socdem.org\/wp-content\/uploads\/2014\/03\/SOC-DEM-LOGO-NAME.jpg","width":"8485","height":"4200","caption":"\u00c9cole Socrates-D\u00e9mosth\u00e8ne"},"image":{"@id":"https:\/\/www.socdem.org\/en\/#\/schema\/logo\/image\/"},"sameAs":["https:\/\/www.facebook.com\/TheHCGM\/","https:\/\/www.instagram.com\/p\/BnE965PhJU7\/?hl=en"]},{"@type":"Person","@id":"https:\/\/www.socdem.org\/en\/#\/schema\/person\/3d4208f100317a6251846d5d4fcb6e6f","name":"avournias","image":{"@type":"ImageObject","inLanguage":"en-US","@id":"https:\/\/secure.gravatar.com\/avatar\/e44d940614c28c716a6912b81868ef19a508fe61c65c7dbdb4825236cbaa5364?s=96&d=mm&r=g","url":"https:\/\/secure.gravatar.com\/avatar\/e44d940614c28c716a6912b81868ef19a508fe61c65c7dbdb4825236cbaa5364?s=96&d=mm&r=g","contentUrl":"https:\/\/secure.gravatar.com\/avatar\/e44d940614c28c716a6912b81868ef19a508fe61c65c7dbdb4825236cbaa5364?s=96&d=mm&r=g","caption":"avournias"},"sameAs":["http:\/\/socdem.wpengine.com"],"url":"https:\/\/www.socdem.org\/en\/author\/avournias\/"}]}},"_links":{"self":[{"href":"https:\/\/www.socdem.org\/en\/wp-json\/wp\/v2\/posts\/28179","targetHints":{"allow":["GET"]}}],"collection":[{"href":"https:\/\/www.socdem.org\/en\/wp-json\/wp\/v2\/posts"}],"about":[{"href":"https:\/\/www.socdem.org\/en\/wp-json\/wp\/v2\/types\/post"}],"author":[{"embeddable":true,"href":"https:\/\/www.socdem.org\/en\/wp-json\/wp\/v2\/users\/23"}],"replies":[{"embeddable":true,"href":"https:\/\/www.socdem.org\/en\/wp-json\/wp\/v2\/comments?post=28179"}],"version-history":[{"count":0,"href":"https:\/\/www.socdem.org\/en\/wp-json\/wp\/v2\/posts\/28179\/revisions"}],"wp:featuredmedia":[{"embeddable":true,"href":"https:\/\/www.socdem.org\/en\/wp-json\/wp\/v2\/media\/28037"}],"wp:attachment":[{"href":"https:\/\/www.socdem.org\/en\/wp-json\/wp\/v2\/media?parent=28179"}],"wp:term":[{"taxonomy":"category","embeddable":true,"href":"https:\/\/www.socdem.org\/en\/wp-json\/wp\/v2\/categories?post=28179"},{"taxonomy":"post_tag","embeddable":true,"href":"https:\/\/www.socdem.org\/en\/wp-json\/wp\/v2\/tags?post=28179"}],"curies":[{"name":"wp","href":"https:\/\/api.w.org\/{rel}","templated":true}]}}