{"id":28230,"date":"2020-05-13T09:23:44","date_gmt":"2020-05-13T13:23:44","guid":{"rendered":"https:\/\/www.socdem.org\/?p=28230"},"modified":"2020-05-13T09:23:47","modified_gmt":"2020-05-13T13:23:47","slug":"may-12th-2020-message-from-the-director-general","status":"publish","type":"post","link":"https:\/\/www.socdem.org\/en\/may-12th-2020-message-from-the-director-general\/","title":{"rendered":"May 12th, 2020, message from the Director General"},"content":{"rendered":"\n<p class=\"has-normal-font-size\">Dear Parents and Friends,<\/p>\n\n\n\n<p class=\"has-normal-font-size\">As our School prepares for the reopening on May 25, 2020, we would like to inform you that \u00c9cole Socrates-D\u00e9mosth\u00e8ne is leaving no stone unturned to assure the safest possible environment\u00a0respecting all Sant\u00e9 publique guidelines and M\u00c9ES directives\u00a0for our students that will be returning.\u00a0To ensure the social distancing safety measure, a maximum of 15 students will be permitted per classroom.<\/p>\n\n\n\n<p class=\"has-normal-font-size\">The Hellenic Community of Greater Montreal has invested heavily in equipment and supplies in accordance with health protocols. Personal protective equipment\u00a0(PPE)\u00a0has arrived\u00a0for staff. Protective barriers have gone up. On top of the sanitizers\u00a0and disinfectants\u00a0that we had in all our campuses prior to the closure, more have been received. New signage is being installed, including distancing and directional markers. Staff is coordinating bathroom usage, circulation in corridors and staircases. They are also organizing recreation and lunch periods to assure safety measures are respected. Special attention will be given to arrivals and departures. And our maintenance staff will be continually disinfecting once we reopen our campuses.<\/p>\n\n\n\n<p class=\"has-normal-font-size\">The Assembly Room (informally known as the Mikri Vouli), at the Head Office of the HCGM has been transformed in a storage area for all supplies and equipment prior to separating and shipping them to the campuses.\u00a0Note the photos above.<\/p>\n\n\n\n<p class=\"has-normal-font-size\">At the same time we are re-organizing and upgrading our technical equipment in all our campuses to permit our educators to better reach and work with our students that will remain home, including our high school students. Every student in our School, whether in class or at home is a priority for all of us.<\/p>\n\n\n\n<p class=\"has-normal-font-size\">We would like to thank our teachers, support staff and principals for their wonderful work and dedication during this crisis and take this opportunity to also thank the incredible individuals working behind the scenes including the HCGM essential service staff and the Board Of Directors for their precious support.<\/p>\n\n\n\n<p class=\"has-normal-font-size\">Finally, we would like to draw your attention to the two documents of importance below for your review.<\/p>\n\n\n\n<p class=\"has-normal-font-size\">Together, we will get through this!<\/p>\n\n\n\n<p><\/p>\n\n\n\n<hr class=\"wp-block-separator\"\/>\n\n\n\n<figure class=\"wp-block-image\"><img decoding=\"async\" src=\"https:\/\/ci4.googleusercontent.com\/proxy\/Bz1Cjx8-NNRr2Ppoq5jKPLwyp_TgmKssIUCkyvxdermoRVL1XPa3d-6-Mhj6culI505miqWwx9oiyvVewfGLLMi_vW8onJTRBKB1B0oMJ2Qju46J8alzRy7IvjnA0jhkh8QskfFlZ2x1mvSHahi-06S5Ef968A=s0-d-e1-ft#https:\/\/mcusercontent.com\/a2a5cd6716c4aae4b0d1133b9\/images\/ffa4f9d1-2b8c-4547-bb5c-79225020ce4a.jpg\" alt=\"\"\/><\/figure>\n\n\n\n<p class=\"has-normal-font-size\">The Director General,<\/p>\n\n\n\n<p class=\"has-normal-font-size\">Chris Adamopoulos<br><br><img loading=\"lazy\" decoding=\"async\" height=\"199\" src=\"https:\/\/ci4.googleusercontent.com\/proxy\/nb1pLVHA1U2C7Mt7maMusN2GZzscYt16LHA15RzGPyao86BJcIdQvnUnqmrddNKFf4Q4MxUh5iRRFk2Wt2IB0lBI24Yte-tynh_yoQ_kGr7cRqtTKrmFh1kN5omlmTCTjGmWEgyVWyeJX6ebX6l5kG5G_HMpkg=s0-d-e1-ft#https:\/\/mcusercontent.com\/a2a5cd6716c4aae4b0d1133b9\/images\/10935490-ad7f-43b7-951a-73d662e03e9a.jpg\" width=\"268\"><\/p>\n\n\n\n<hr class=\"wp-block-separator\"\/>\n\n\n\n<p><img loading=\"lazy\" decoding=\"async\" height=\"1000\" src=\"https:\/\/ci3.googleusercontent.com\/proxy\/NCTyB_3I4PyOuPZFfTeTw03SESIGh5M3mS1cRoJX8zd8bOY1IoNcSGWfmXP2yrjutXo0w1lKsNaT99CnYC1NQvga_Rem0wnGL7USuU30u_HbLm_PyAk7XgrgiVY0bFe-uMnCnAapEbGCEgv_brUE7HRztX6Bhw=s0-d-e1-ft#https:\/\/mcusercontent.com\/a2a5cd6716c4aae4b0d1133b9\/images\/7bc0e04d-57b9-4b12-a6f3-88eae6bf258b.jpg\" width=\"706\"><\/p>\n\n\n\n<p><img loading=\"lazy\" decoding=\"async\" height=\"1000\" src=\"https:\/\/ci4.googleusercontent.com\/proxy\/mxxIWsFYKL16-8I-lQroSToj7T_izgCoGKNUmLBE4Ic7sQ_DekRLfbq5WMP5tHP82JEA0QQOoWVER4JLQA2KtwKGozYXDrlQ4gpYzlzfRDN7BFlWcGfCnsRHxbLizdOcZ4GMKU2-M5qmXPFQimoasiYkp4g6kA=s0-d-e1-ft#https:\/\/mcusercontent.com\/a2a5cd6716c4aae4b0d1133b9\/images\/872a9e21-089a-4e5f-a5ea-28974b59937e.jpg\" width=\"706\"><\/p>\n\n\n\n<hr class=\"wp-block-separator\"\/>\n\n\n\n<figure class=\"wp-block-image\"><img decoding=\"async\" src=\"https:\/\/ci4.googleusercontent.com\/proxy\/9BOmNtXwUBVz8VzE3uI2f8Ah6C3knY7hWyxcSM3eCwTLtqkL_wSc9c9JEjdZPakktMj-6Qj5asxdLaxfuMB9TQahYrgiysDMMyCga7Mk4gnMaOIQk_vSc34v08mXm_9wiBUUy4AvZjKDaq3fipgV0uZ8XO8LDg=s0-d-e1-ft#https:\/\/mcusercontent.com\/a2a5cd6716c4aae4b0d1133b9\/images\/3815cf65-bb60-44c0-8a29-566ee6518f80.jpg\" alt=\"\"\/><\/figure>\n\n\n\n<figure class=\"wp-block-image\"><img decoding=\"async\" src=\"https:\/\/ci4.googleusercontent.com\/proxy\/cKvD0c6YzzODcka88gnFohzL-mya7AARZwi2sEJQZlAup-d4Xg9I08uM_sZghF-yykeDvbShUCCgKL50gaUAZLzVQaCReCroa0qN7YldqNsMqADbY-Nf8cKhIrM0qCRAxINoMYy6eCD7PBRNyzVoeLuRzrycdw=s0-d-e1-ft#https:\/\/mcusercontent.com\/a2a5cd6716c4aae4b0d1133b9\/images\/43d7c5f3-79f3-4280-8da3-e2637aa23954.jpg\" alt=\"\"\/><\/figure>\n\n\n\n<p><img loading=\"lazy\" decoding=\"async\" height=\"1210\" src=\"https:\/\/ci6.googleusercontent.com\/proxy\/_Pj1CEbt4PELVlC7m6CIJ5iN0LtBLLc2G4z1z1ZA0Vu-e7faHV8P817zsoSwsGOGRh5z3MOnDqgfQtNetpWPLXr3Gmmxb1teKnNfeF5S6Eb6zKjwqGN2OEB_MwBTsbbidQq32Psfdl8brYlF2uS6qu-7_Si_fw=s0-d-e1-ft#https:\/\/mcusercontent.com\/a2a5cd6716c4aae4b0d1133b9\/images\/d273c4dd-82bd-4b68-a712-427b29d93707.jpg\" width=\"929\"><br><img loading=\"lazy\" decoding=\"async\" height=\"1210\" src=\"https:\/\/ci3.googleusercontent.com\/proxy\/PRzT8lJgQUmmqPJLeJTmUsEzgGXLP044QIEWLnpqRwh-sKUSx8ioPojIRnIfgMrdD-5K2_ZiY8SWFycPAXhlf1JCGpqA5QQKHx15Q2BVroM84AJ2HmPdHdbRiqVAx93V7Y7DGevQ9tBUVxoZr9tejZKRhXTlrw=s0-d-e1-ft#https:\/\/mcusercontent.com\/a2a5cd6716c4aae4b0d1133b9\/images\/d1ffdaeb-a1ca-4be8-a5c8-56fd46236d1a.jpg\" width=\"929\"><img loading=\"lazy\" decoding=\"async\" height=\"1210\" src=\"https:\/\/ci6.googleusercontent.com\/proxy\/AtS_154OFNT-8TY_gy9rPSkpg3o1_dVrUuZYoaQLz30pfYs36ZkKiMbhm8Uku55qQU_hfL0NOZ_21pdIVr9RM77t5ghZUCKLyyBdQge8vXzU8inb543bztbhM3nlrLjHXQQlBTXb-joZLYcE55fOOPcXgFFikA=s0-d-e1-ft#https:\/\/mcusercontent.com\/a2a5cd6716c4aae4b0d1133b9\/images\/8747ba49-dc65-41c6-b36f-712b24cfebc6.jpg\" width=\"929\"><br><img loading=\"lazy\" decoding=\"async\" height=\"1210\" src=\"https:\/\/ci4.googleusercontent.com\/proxy\/zUuS2gzpBVIQ7IQaNh_Q1KbES6QjG1DT8n4F0WrWSmlpCLNaSKVy06MArpzjWp6uTCw1JgXiBuIuGq3m3mYuOAJKh_oz7NH_Lj0y5OpSvwLxjmXg0pKhCeCCjba8M0HCR9xKpUGw7QA3tiSaJx243cYzgHVp5Q=s0-d-e1-ft#https:\/\/mcusercontent.com\/a2a5cd6716c4aae4b0d1133b9\/images\/7179719a-7045-4e43-8c6e-e53fd60b7f8c.jpg\" width=\"929\"><br><img loading=\"lazy\" decoding=\"async\" height=\"1210\" src=\"https:\/\/ci4.googleusercontent.com\/proxy\/H9aoU2Ld9ePPH3_x5a8irQrYqf4arzsSNJdI1bYFnLKu1HL4dP7NyB2h4rcUTmDBakUAQyF2FWjYEKXiIdjAyXzCPVDD8EVw8OIl54je7DuZTgdewwf2HCMcGWtb6cOiMRdk_e_Heov2QT4kTdsiWpFI7my5FA=s0-d-e1-ft#https:\/\/mcusercontent.com\/a2a5cd6716c4aae4b0d1133b9\/images\/a3d5de20-facb-40bf-8c6d-1e838c5ef1ef.jpg\" width=\"929\"><br><img loading=\"lazy\" decoding=\"async\" height=\"1210\" src=\"https:\/\/ci3.googleusercontent.com\/proxy\/cGMZrPIfDv2bw8wpuB0oq4AY1zUZvzu4zY9aKkp9XRRfKo4KZON6GevjcEimypxySXHyPpWayxKXHziII-x_XCeBIGTfMDyEw5YrR-LBbOMNkUBzaimc9tH9XN7fSP6ohUqlUUy7zn2C_61Qfe3GAyQzM_pDXg=s0-d-e1-ft#https:\/\/mcusercontent.com\/a2a5cd6716c4aae4b0d1133b9\/images\/c0277f98-cb44-4b04-a1f3-28a8c534a8d4.jpg\" width=\"929\"><br><img loading=\"lazy\" decoding=\"async\" height=\"1210\" src=\"https:\/\/ci6.googleusercontent.com\/proxy\/U57NRzF3MZ61Zls1xVPt6uTbSAGLH8hjNbSsq0QhTwJno1tbLTAx_hytQwEocQqtTZRmFAb34NL9R7fwOXw-q0AF3MegnPhnv-uXtkiAPEQMS_r2sLkcrIsPoUpNmFZ_SOqgFpH3EDMZ-YMdhckI_3gawXKz7A=s0-d-e1-ft#https:\/\/mcusercontent.com\/a2a5cd6716c4aae4b0d1133b9\/images\/b193156f-57b6-4953-8a3e-193b6a665062.jpg\" width=\"929\"><br><img loading=\"lazy\" decoding=\"async\" height=\"1210\" src=\"https:\/\/ci5.googleusercontent.com\/proxy\/7qmZiFhsVXdx1xPWdrnZKDWs1X4kap_HZCrdIJv_4zGyVKNews8wR2zeO5H1uCNWOBnrhxM0lIdmWzzK56y-bf06kJ4HzA_lakrug4ZKXYEA4ATKSYXbDYhjX6voQ4ZbhHY5rYiPi2IQj8j-ZoK1QAI469J_Lg=s0-d-e1-ft#https:\/\/mcusercontent.com\/a2a5cd6716c4aae4b0d1133b9\/images\/3dcf1b95-ce17-40f1-9ea9-8c130e91e938.jpg\" width=\"929\"><br><img loading=\"lazy\" decoding=\"async\" height=\"1210\" src=\"https:\/\/ci6.googleusercontent.com\/proxy\/O37mJaxfqQDfnIButuwW4BSJWEfNyOtnej7PNF-GGPNcfhlEOdRXJjbIVhkv973fqSJdBjeKwqrCfWEwO17YHbkzzy6xhplq1OcutssVVXmjRuA9HGVfL4Ieoi6lgOL1ENI0b4zL0PS15cvx6cIuVB1w2xbgwg=s0-d-e1-ft#https:\/\/mcusercontent.com\/a2a5cd6716c4aae4b0d1133b9\/images\/68e1644a-2933-4e42-983d-a127dff5f80e.jpg\" width=\"929\"><br><img loading=\"lazy\" decoding=\"async\" height=\"1210\" src=\"https:\/\/ci3.googleusercontent.com\/proxy\/8qIxzVhv6RCzIXxJCnhQ1deEAWywKSqhYkZG5eIcdbQyDK41H8fK2QIfZFjCharHEb6Av_3z2k5aJL6zmZbCKE-yX5cPqk9MPJfYRDsFFvousO_W_Y1N9lRhnfgsyhYYOHxVR7xcMQoeIl4NSWDgSkdR5qGn2A=s0-d-e1-ft#https:\/\/mcusercontent.com\/a2a5cd6716c4aae4b0d1133b9\/images\/de345683-3bc2-457f-a897-6caa34a63a22.jpg\" width=\"929\"><\/p>\n","protected":false},"excerpt":{"rendered":"<p>Dear Parents and Friends, As our School prepares for the reopening on May 25, 2020, we would like to inform you that \u00c9cole Socrates-D\u00e9mosth\u00e8ne is leaving no stone unturned to&#8230;<\/p>\n","protected":false},"author":23,"featured_media":28227,"comment_status":"closed","ping_status":"closed","sticky":false,"template":"","format":"standard","meta":{"_monsterinsights_skip_tracking":false,"_monsterinsights_sitenote_active":false,"_monsterinsights_sitenote_note":"","_monsterinsights_sitenote_category":0,"footnotes":""},"categories":[88,89,90,91,86,92],"tags":[],"class_list":{"0":"post-28230","1":"post","2":"type-post","3":"status-publish","4":"format-standard","5":"has-post-thumbnail","7":"category-news-2","8":"category-news-3","9":"category-news-4","10":"category-news-5","11":"category-news-and-activities-english","12":"category-news-demosthene"},"yoast_head":"<!-- This site is optimized with the Yoast SEO plugin v27.5 - https:\/\/yoast.com\/product\/yoast-seo-wordpress\/ -->\n<title>May 12th, 2020, message from the Director General - Primary School Socrates and Demosthenes<\/title>\n<meta name=\"robots\" content=\"index, follow, max-snippet:-1, max-image-preview:large, max-video-preview:-1\" \/>\n<link rel=\"canonical\" href=\"https:\/\/www.socdem.org\/en\/may-12th-2020-message-from-the-director-general\/\" \/>\n<meta property=\"og:locale\" content=\"en_US\" \/>\n<meta property=\"og:type\" content=\"article\" \/>\n<meta property=\"og:title\" content=\"May 12th, 2020, message from the Director General - Primary School Socrates and Demosthenes\" \/>\n<meta property=\"og:description\" content=\"Dear Parents and Friends, As our School prepares for the reopening on May 25, 2020, we would like to inform you that \u00c9cole Socrates-D\u00e9mosth\u00e8ne is leaving no stone unturned to...\" \/>\n<meta property=\"og:url\" content=\"https:\/\/www.socdem.org\/en\/may-12th-2020-message-from-the-director-general\/\" \/>\n<meta property=\"og:site_name\" content=\"Primary School Socrates and Demosthenes\" \/>\n<meta property=\"article:publisher\" content=\"https:\/\/www.facebook.com\/TheHCGM\/\" \/>\n<meta property=\"article:published_time\" content=\"2020-05-13T13:23:44+00:00\" \/>\n<meta property=\"article:modified_time\" content=\"2020-05-13T13:23:47+00:00\" \/>\n<meta property=\"og:image\" content=\"https:\/\/www.socdem.org\/wp-content\/uploads\/2020\/05\/supplies.jpg\" \/>\n\t<meta property=\"og:image:width\" content=\"2000\" \/>\n\t<meta property=\"og:image:height\" content=\"2000\" \/>\n\t<meta property=\"og:image:type\" content=\"image\/jpeg\" \/>\n<meta name=\"author\" content=\"avournias\" \/>\n<meta name=\"twitter:card\" content=\"summary_large_image\" \/>\n<meta name=\"twitter:label1\" content=\"Written by\" \/>\n\t<meta name=\"twitter:data1\" content=\"avournias\" \/>\n\t<meta name=\"twitter:label2\" content=\"Est. reading time\" \/>\n\t<meta name=\"twitter:data2\" content=\"2 minutes\" \/>\n<script type=\"application\/ld+json\" class=\"yoast-schema-graph\">{\"@context\":\"https:\\\/\\\/schema.org\",\"@graph\":[{\"@type\":\"Article\",\"@id\":\"https:\\\/\\\/www.socdem.org\\\/en\\\/may-12th-2020-message-from-the-director-general\\\/#article\",\"isPartOf\":{\"@id\":\"https:\\\/\\\/www.socdem.org\\\/en\\\/may-12th-2020-message-from-the-director-general\\\/\"},\"author\":{\"name\":\"avournias\",\"@id\":\"https:\\\/\\\/www.socdem.org\\\/en\\\/#\\\/schema\\\/person\\\/3d4208f100317a6251846d5d4fcb6e6f\"},\"headline\":\"May 12th, 2020, message from the Director General\",\"datePublished\":\"2020-05-13T13:23:44+00:00\",\"dateModified\":\"2020-05-13T13:23:47+00:00\",\"mainEntityOfPage\":{\"@id\":\"https:\\\/\\\/www.socdem.org\\\/en\\\/may-12th-2020-message-from-the-director-general\\\/\"},\"wordCount\":357,\"publisher\":{\"@id\":\"https:\\\/\\\/www.socdem.org\\\/en\\\/#organization\"},\"image\":{\"@id\":\"https:\\\/\\\/www.socdem.org\\\/en\\\/may-12th-2020-message-from-the-director-general\\\/#primaryimage\"},\"thumbnailUrl\":\"https:\\\/\\\/www.socdem.org\\\/wp-content\\\/uploads\\\/2020\\\/05\\\/supplies.jpg\",\"articleSection\":[\"News 2\",\"News 3\",\"News 4\",\"News 5\",\"News and Activities english\",\"News demosthene\"],\"inLanguage\":\"en-US\"},{\"@type\":\"WebPage\",\"@id\":\"https:\\\/\\\/www.socdem.org\\\/en\\\/may-12th-2020-message-from-the-director-general\\\/\",\"url\":\"https:\\\/\\\/www.socdem.org\\\/en\\\/may-12th-2020-message-from-the-director-general\\\/\",\"name\":\"May 12th, 2020, message from the Director General - Primary School Socrates and Demosthenes\",\"isPartOf\":{\"@id\":\"https:\\\/\\\/www.socdem.org\\\/en\\\/#website\"},\"primaryImageOfPage\":{\"@id\":\"https:\\\/\\\/www.socdem.org\\\/en\\\/may-12th-2020-message-from-the-director-general\\\/#primaryimage\"},\"image\":{\"@id\":\"https:\\\/\\\/www.socdem.org\\\/en\\\/may-12th-2020-message-from-the-director-general\\\/#primaryimage\"},\"thumbnailUrl\":\"https:\\\/\\\/www.socdem.org\\\/wp-content\\\/uploads\\\/2020\\\/05\\\/supplies.jpg\",\"datePublished\":\"2020-05-13T13:23:44+00:00\",\"dateModified\":\"2020-05-13T13:23:47+00:00\",\"breadcrumb\":{\"@id\":\"https:\\\/\\\/www.socdem.org\\\/en\\\/may-12th-2020-message-from-the-director-general\\\/#breadcrumb\"},\"inLanguage\":\"en-US\",\"potentialAction\":[{\"@type\":\"ReadAction\",\"target\":[\"https:\\\/\\\/www.socdem.org\\\/en\\\/may-12th-2020-message-from-the-director-general\\\/\"]}]},{\"@type\":\"ImageObject\",\"inLanguage\":\"en-US\",\"@id\":\"https:\\\/\\\/www.socdem.org\\\/en\\\/may-12th-2020-message-from-the-director-general\\\/#primaryimage\",\"url\":\"https:\\\/\\\/www.socdem.org\\\/wp-content\\\/uploads\\\/2020\\\/05\\\/supplies.jpg\",\"contentUrl\":\"https:\\\/\\\/www.socdem.org\\\/wp-content\\\/uploads\\\/2020\\\/05\\\/supplies.jpg\",\"width\":2000,\"height\":2000},{\"@type\":\"BreadcrumbList\",\"@id\":\"https:\\\/\\\/www.socdem.org\\\/en\\\/may-12th-2020-message-from-the-director-general\\\/#breadcrumb\",\"itemListElement\":[{\"@type\":\"ListItem\",\"position\":1,\"name\":\"Accueil\",\"item\":\"https:\\\/\\\/www.socdem.org\\\/en\\\/\"},{\"@type\":\"ListItem\",\"position\":2,\"name\":\"May 12th, 2020, message from the Director General\"}]},{\"@type\":\"WebSite\",\"@id\":\"https:\\\/\\\/www.socdem.org\\\/en\\\/#website\",\"url\":\"https:\\\/\\\/www.socdem.org\\\/en\\\/\",\"name\":\"\u00c9cole Socrates-D\u00e9mosth\u00e8ne\",\"description\":\"Five trilingual greek primary schools of Greater Montreal.\",\"publisher\":{\"@id\":\"https:\\\/\\\/www.socdem.org\\\/en\\\/#organization\"},\"potentialAction\":[{\"@type\":\"SearchAction\",\"target\":{\"@type\":\"EntryPoint\",\"urlTemplate\":\"https:\\\/\\\/www.socdem.org\\\/en\\\/?s={search_term_string}\"},\"query-input\":{\"@type\":\"PropertyValueSpecification\",\"valueRequired\":true,\"valueName\":\"search_term_string\"}}],\"inLanguage\":\"en-US\"},{\"@type\":\"Organization\",\"@id\":\"https:\\\/\\\/www.socdem.org\\\/en\\\/#organization\",\"name\":\"\u00c9cole Socrates-D\u00e9mosth\u00e8ne\",\"url\":\"https:\\\/\\\/www.socdem.org\\\/en\\\/\",\"logo\":{\"@type\":\"ImageObject\",\"inLanguage\":\"en-US\",\"@id\":\"https:\\\/\\\/www.socdem.org\\\/en\\\/#\\\/schema\\\/logo\\\/image\\\/\",\"url\":\"https:\\\/\\\/www.socdem.org\\\/wp-content\\\/uploads\\\/2014\\\/03\\\/SOC-DEM-LOGO-NAME.jpg\",\"contentUrl\":\"https:\\\/\\\/www.socdem.org\\\/wp-content\\\/uploads\\\/2014\\\/03\\\/SOC-DEM-LOGO-NAME.jpg\",\"width\":\"8485\",\"height\":\"4200\",\"caption\":\"\u00c9cole Socrates-D\u00e9mosth\u00e8ne\"},\"image\":{\"@id\":\"https:\\\/\\\/www.socdem.org\\\/en\\\/#\\\/schema\\\/logo\\\/image\\\/\"},\"sameAs\":[\"https:\\\/\\\/www.facebook.com\\\/TheHCGM\\\/\",\"https:\\\/\\\/www.instagram.com\\\/p\\\/BnE965PhJU7\\\/?hl=en\"]},{\"@type\":\"Person\",\"@id\":\"https:\\\/\\\/www.socdem.org\\\/en\\\/#\\\/schema\\\/person\\\/3d4208f100317a6251846d5d4fcb6e6f\",\"name\":\"avournias\",\"image\":{\"@type\":\"ImageObject\",\"inLanguage\":\"en-US\",\"@id\":\"https:\\\/\\\/secure.gravatar.com\\\/avatar\\\/e44d940614c28c716a6912b81868ef19a508fe61c65c7dbdb4825236cbaa5364?s=96&d=mm&r=g\",\"url\":\"https:\\\/\\\/secure.gravatar.com\\\/avatar\\\/e44d940614c28c716a6912b81868ef19a508fe61c65c7dbdb4825236cbaa5364?s=96&d=mm&r=g\",\"contentUrl\":\"https:\\\/\\\/secure.gravatar.com\\\/avatar\\\/e44d940614c28c716a6912b81868ef19a508fe61c65c7dbdb4825236cbaa5364?s=96&d=mm&r=g\",\"caption\":\"avournias\"},\"sameAs\":[\"http:\\\/\\\/socdem.wpengine.com\"],\"url\":\"https:\\\/\\\/www.socdem.org\\\/en\\\/author\\\/avournias\\\/\"}]}<\/script>\n<!-- \/ Yoast SEO plugin. -->","yoast_head_json":{"title":"May 12th, 2020, message from the Director General - Primary School Socrates and Demosthenes","robots":{"index":"index","follow":"follow","max-snippet":"max-snippet:-1","max-image-preview":"max-image-preview:large","max-video-preview":"max-video-preview:-1"},"canonical":"https:\/\/www.socdem.org\/en\/may-12th-2020-message-from-the-director-general\/","og_locale":"en_US","og_type":"article","og_title":"May 12th, 2020, message from the Director General - Primary School Socrates and Demosthenes","og_description":"Dear Parents and Friends, As our School prepares for the reopening on May 25, 2020, we would like to inform you that \u00c9cole Socrates-D\u00e9mosth\u00e8ne is leaving no stone unturned to...","og_url":"https:\/\/www.socdem.org\/en\/may-12th-2020-message-from-the-director-general\/","og_site_name":"Primary School Socrates and Demosthenes","article_publisher":"https:\/\/www.facebook.com\/TheHCGM\/","article_published_time":"2020-05-13T13:23:44+00:00","article_modified_time":"2020-05-13T13:23:47+00:00","og_image":[{"width":2000,"height":2000,"url":"https:\/\/www.socdem.org\/wp-content\/uploads\/2020\/05\/supplies.jpg","type":"image\/jpeg"}],"author":"avournias","twitter_card":"summary_large_image","twitter_misc":{"Written by":"avournias","Est. reading time":"2 minutes"},"schema":{"@context":"https:\/\/schema.org","@graph":[{"@type":"Article","@id":"https:\/\/www.socdem.org\/en\/may-12th-2020-message-from-the-director-general\/#article","isPartOf":{"@id":"https:\/\/www.socdem.org\/en\/may-12th-2020-message-from-the-director-general\/"},"author":{"name":"avournias","@id":"https:\/\/www.socdem.org\/en\/#\/schema\/person\/3d4208f100317a6251846d5d4fcb6e6f"},"headline":"May 12th, 2020, message from the Director General","datePublished":"2020-05-13T13:23:44+00:00","dateModified":"2020-05-13T13:23:47+00:00","mainEntityOfPage":{"@id":"https:\/\/www.socdem.org\/en\/may-12th-2020-message-from-the-director-general\/"},"wordCount":357,"publisher":{"@id":"https:\/\/www.socdem.org\/en\/#organization"},"image":{"@id":"https:\/\/www.socdem.org\/en\/may-12th-2020-message-from-the-director-general\/#primaryimage"},"thumbnailUrl":"https:\/\/www.socdem.org\/wp-content\/uploads\/2020\/05\/supplies.jpg","articleSection":["News 2","News 3","News 4","News 5","News and Activities english","News demosthene"],"inLanguage":"en-US"},{"@type":"WebPage","@id":"https:\/\/www.socdem.org\/en\/may-12th-2020-message-from-the-director-general\/","url":"https:\/\/www.socdem.org\/en\/may-12th-2020-message-from-the-director-general\/","name":"May 12th, 2020, message from the Director General - Primary School Socrates and Demosthenes","isPartOf":{"@id":"https:\/\/www.socdem.org\/en\/#website"},"primaryImageOfPage":{"@id":"https:\/\/www.socdem.org\/en\/may-12th-2020-message-from-the-director-general\/#primaryimage"},"image":{"@id":"https:\/\/www.socdem.org\/en\/may-12th-2020-message-from-the-director-general\/#primaryimage"},"thumbnailUrl":"https:\/\/www.socdem.org\/wp-content\/uploads\/2020\/05\/supplies.jpg","datePublished":"2020-05-13T13:23:44+00:00","dateModified":"2020-05-13T13:23:47+00:00","breadcrumb":{"@id":"https:\/\/www.socdem.org\/en\/may-12th-2020-message-from-the-director-general\/#breadcrumb"},"inLanguage":"en-US","potentialAction":[{"@type":"ReadAction","target":["https:\/\/www.socdem.org\/en\/may-12th-2020-message-from-the-director-general\/"]}]},{"@type":"ImageObject","inLanguage":"en-US","@id":"https:\/\/www.socdem.org\/en\/may-12th-2020-message-from-the-director-general\/#primaryimage","url":"https:\/\/www.socdem.org\/wp-content\/uploads\/2020\/05\/supplies.jpg","contentUrl":"https:\/\/www.socdem.org\/wp-content\/uploads\/2020\/05\/supplies.jpg","width":2000,"height":2000},{"@type":"BreadcrumbList","@id":"https:\/\/www.socdem.org\/en\/may-12th-2020-message-from-the-director-general\/#breadcrumb","itemListElement":[{"@type":"ListItem","position":1,"name":"Accueil","item":"https:\/\/www.socdem.org\/en\/"},{"@type":"ListItem","position":2,"name":"May 12th, 2020, message from the Director General"}]},{"@type":"WebSite","@id":"https:\/\/www.socdem.org\/en\/#website","url":"https:\/\/www.socdem.org\/en\/","name":"\u00c9cole Socrates-D\u00e9mosth\u00e8ne","description":"Five trilingual greek primary schools of Greater Montreal.","publisher":{"@id":"https:\/\/www.socdem.org\/en\/#organization"},"potentialAction":[{"@type":"SearchAction","target":{"@type":"EntryPoint","urlTemplate":"https:\/\/www.socdem.org\/en\/?s={search_term_string}"},"query-input":{"@type":"PropertyValueSpecification","valueRequired":true,"valueName":"search_term_string"}}],"inLanguage":"en-US"},{"@type":"Organization","@id":"https:\/\/www.socdem.org\/en\/#organization","name":"\u00c9cole Socrates-D\u00e9mosth\u00e8ne","url":"https:\/\/www.socdem.org\/en\/","logo":{"@type":"ImageObject","inLanguage":"en-US","@id":"https:\/\/www.socdem.org\/en\/#\/schema\/logo\/image\/","url":"https:\/\/www.socdem.org\/wp-content\/uploads\/2014\/03\/SOC-DEM-LOGO-NAME.jpg","contentUrl":"https:\/\/www.socdem.org\/wp-content\/uploads\/2014\/03\/SOC-DEM-LOGO-NAME.jpg","width":"8485","height":"4200","caption":"\u00c9cole Socrates-D\u00e9mosth\u00e8ne"},"image":{"@id":"https:\/\/www.socdem.org\/en\/#\/schema\/logo\/image\/"},"sameAs":["https:\/\/www.facebook.com\/TheHCGM\/","https:\/\/www.instagram.com\/p\/BnE965PhJU7\/?hl=en"]},{"@type":"Person","@id":"https:\/\/www.socdem.org\/en\/#\/schema\/person\/3d4208f100317a6251846d5d4fcb6e6f","name":"avournias","image":{"@type":"ImageObject","inLanguage":"en-US","@id":"https:\/\/secure.gravatar.com\/avatar\/e44d940614c28c716a6912b81868ef19a508fe61c65c7dbdb4825236cbaa5364?s=96&d=mm&r=g","url":"https:\/\/secure.gravatar.com\/avatar\/e44d940614c28c716a6912b81868ef19a508fe61c65c7dbdb4825236cbaa5364?s=96&d=mm&r=g","contentUrl":"https:\/\/secure.gravatar.com\/avatar\/e44d940614c28c716a6912b81868ef19a508fe61c65c7dbdb4825236cbaa5364?s=96&d=mm&r=g","caption":"avournias"},"sameAs":["http:\/\/socdem.wpengine.com"],"url":"https:\/\/www.socdem.org\/en\/author\/avournias\/"}]}},"_links":{"self":[{"href":"https:\/\/www.socdem.org\/en\/wp-json\/wp\/v2\/posts\/28230","targetHints":{"allow":["GET"]}}],"collection":[{"href":"https:\/\/www.socdem.org\/en\/wp-json\/wp\/v2\/posts"}],"about":[{"href":"https:\/\/www.socdem.org\/en\/wp-json\/wp\/v2\/types\/post"}],"author":[{"embeddable":true,"href":"https:\/\/www.socdem.org\/en\/wp-json\/wp\/v2\/users\/23"}],"replies":[{"embeddable":true,"href":"https:\/\/www.socdem.org\/en\/wp-json\/wp\/v2\/comments?post=28230"}],"version-history":[{"count":0,"href":"https:\/\/www.socdem.org\/en\/wp-json\/wp\/v2\/posts\/28230\/revisions"}],"wp:featuredmedia":[{"embeddable":true,"href":"https:\/\/www.socdem.org\/en\/wp-json\/wp\/v2\/media\/28227"}],"wp:attachment":[{"href":"https:\/\/www.socdem.org\/en\/wp-json\/wp\/v2\/media?parent=28230"}],"wp:term":[{"taxonomy":"category","embeddable":true,"href":"https:\/\/www.socdem.org\/en\/wp-json\/wp\/v2\/categories?post=28230"},{"taxonomy":"post_tag","embeddable":true,"href":"https:\/\/www.socdem.org\/en\/wp-json\/wp\/v2\/tags?post=28230"}],"curies":[{"name":"wp","href":"https:\/\/api.w.org\/{rel}","templated":true}]}}