{"id":28239,"date":"2020-05-15T11:44:36","date_gmt":"2020-05-15T15:44:36","guid":{"rendered":"https:\/\/www.socdem.org\/?p=28239"},"modified":"2020-05-15T11:44:39","modified_gmt":"2020-05-15T15:44:39","slug":"14th-of-may-2020-message-from-the-director-general","status":"publish","type":"post","link":"https:\/\/www.socdem.org\/en\/14th-of-may-2020-message-from-the-director-general\/","title":{"rendered":"14th of May, 2020, message from the Director General"},"content":{"rendered":"\n<p class=\"has-normal-font-size\">Dear parents and students,<\/p>\n\n\n\n<p class=\"has-normal-font-size\">During his press briefing this afternoon, Prime Minister Fran\u00e7ois Legault announced that as the pandemic situation remains serious in the greater Montreal region, the Government of Quebec has decided not to reopen primary schools, and this, until the next school year.<\/p>\n\n\n\n<p class=\"has-normal-font-size\">More detailed information to follow.<\/p>\n\n\n\n<p class=\"has-normal-font-size\">The Director General,<\/p>\n\n\n\n<p class=\"has-normal-font-size\">Chris Adamopoulos<br><br><img loading=\"lazy\" decoding=\"async\" height=\"199\" width=\"268\" src=\"https:\/\/ci4.googleusercontent.com\/proxy\/nb1pLVHA1U2C7Mt7maMusN2GZzscYt16LHA15RzGPyao86BJcIdQvnUnqmrddNKFf4Q4MxUh5iRRFk2Wt2IB0lBI24Yte-tynh_yoQ_kGr7cRqtTKrmFh1kN5omlmTCTjGmWEgyVWyeJX6ebX6l5kG5G_HMpkg=s0-d-e1-ft#https:\/\/mcusercontent.com\/a2a5cd6716c4aae4b0d1133b9\/images\/10935490-ad7f-43b7-951a-73d662e03e9a.jpg\"><\/p>\n","protected":false},"excerpt":{"rendered":"<p>Dear parents and students, During his press briefing this afternoon, Prime Minister Fran\u00e7ois Legault announced that as the pandemic situation remains serious in the greater Montreal region, the Government of&#8230;<\/p>\n","protected":false},"author":23,"featured_media":28037,"comment_status":"closed","ping_status":"closed","sticky":false,"template":"","format":"standard","meta":{"_monsterinsights_skip_tracking":false,"_monsterinsights_sitenote_active":false,"_monsterinsights_sitenote_note":"","_monsterinsights_sitenote_category":0,"footnotes":""},"categories":[88,89,90,91,86,92],"tags":[],"class_list":{"0":"post-28239","1":"post","2":"type-post","3":"status-publish","4":"format-standard","5":"has-post-thumbnail","7":"category-news-2","8":"category-news-3","9":"category-news-4","10":"category-news-5","11":"category-news-and-activities-english","12":"category-news-demosthene"},"yoast_head":"<!-- This site is optimized with the Yoast SEO plugin v27.5 - https:\/\/yoast.com\/product\/yoast-seo-wordpress\/ -->\n<title>14th of May, 2020, message from the Director General - Primary School Socrates and Demosthenes<\/title>\n<meta name=\"robots\" content=\"index, follow, max-snippet:-1, max-image-preview:large, max-video-preview:-1\" \/>\n<link rel=\"canonical\" href=\"https:\/\/www.socdem.org\/en\/14th-of-may-2020-message-from-the-director-general\/\" \/>\n<meta property=\"og:locale\" content=\"en_US\" \/>\n<meta property=\"og:type\" content=\"article\" \/>\n<meta property=\"og:title\" content=\"14th of May, 2020, message from the Director General - Primary School Socrates and Demosthenes\" \/>\n<meta property=\"og:description\" content=\"Dear parents and students, During his press briefing this afternoon, Prime Minister Fran\u00e7ois Legault announced that as the pandemic situation remains serious in the greater Montreal region, the Government of...\" \/>\n<meta property=\"og:url\" content=\"https:\/\/www.socdem.org\/en\/14th-of-may-2020-message-from-the-director-general\/\" \/>\n<meta property=\"og:site_name\" content=\"Primary School Socrates and Demosthenes\" \/>\n<meta property=\"article:publisher\" content=\"https:\/\/www.facebook.com\/TheHCGM\/\" \/>\n<meta property=\"article:published_time\" content=\"2020-05-15T15:44:36+00:00\" \/>\n<meta property=\"article:modified_time\" content=\"2020-05-15T15:44:39+00:00\" \/>\n<meta property=\"og:image\" content=\"https:\/\/www.socdem.org\/wp-content\/uploads\/2020\/03\/logo2020.png\" \/>\n\t<meta property=\"og:image:width\" content=\"701\" \/>\n\t<meta property=\"og:image:height\" content=\"341\" \/>\n\t<meta property=\"og:image:type\" content=\"image\/png\" \/>\n<meta name=\"author\" content=\"avournias\" \/>\n<meta name=\"twitter:card\" content=\"summary_large_image\" \/>\n<meta name=\"twitter:label1\" content=\"Written by\" \/>\n\t<meta name=\"twitter:data1\" content=\"avournias\" \/>\n<script type=\"application\/ld+json\" class=\"yoast-schema-graph\">{\"@context\":\"https:\\\/\\\/schema.org\",\"@graph\":[{\"@type\":\"Article\",\"@id\":\"https:\\\/\\\/www.socdem.org\\\/en\\\/14th-of-may-2020-message-from-the-director-general\\\/#article\",\"isPartOf\":{\"@id\":\"https:\\\/\\\/www.socdem.org\\\/en\\\/14th-of-may-2020-message-from-the-director-general\\\/\"},\"author\":{\"name\":\"avournias\",\"@id\":\"https:\\\/\\\/www.socdem.org\\\/en\\\/#\\\/schema\\\/person\\\/3d4208f100317a6251846d5d4fcb6e6f\"},\"headline\":\"14th of May, 2020, message from the Director General\",\"datePublished\":\"2020-05-15T15:44:36+00:00\",\"dateModified\":\"2020-05-15T15:44:39+00:00\",\"mainEntityOfPage\":{\"@id\":\"https:\\\/\\\/www.socdem.org\\\/en\\\/14th-of-may-2020-message-from-the-director-general\\\/\"},\"wordCount\":64,\"publisher\":{\"@id\":\"https:\\\/\\\/www.socdem.org\\\/en\\\/#organization\"},\"image\":{\"@id\":\"https:\\\/\\\/www.socdem.org\\\/en\\\/14th-of-may-2020-message-from-the-director-general\\\/#primaryimage\"},\"thumbnailUrl\":\"https:\\\/\\\/www.socdem.org\\\/wp-content\\\/uploads\\\/2020\\\/03\\\/logo2020.png\",\"articleSection\":[\"News 2\",\"News 3\",\"News 4\",\"News 5\",\"News and Activities english\",\"News demosthene\"],\"inLanguage\":\"en-US\"},{\"@type\":\"WebPage\",\"@id\":\"https:\\\/\\\/www.socdem.org\\\/en\\\/14th-of-may-2020-message-from-the-director-general\\\/\",\"url\":\"https:\\\/\\\/www.socdem.org\\\/en\\\/14th-of-may-2020-message-from-the-director-general\\\/\",\"name\":\"14th of May, 2020, message from the Director General - Primary School Socrates and Demosthenes\",\"isPartOf\":{\"@id\":\"https:\\\/\\\/www.socdem.org\\\/en\\\/#website\"},\"primaryImageOfPage\":{\"@id\":\"https:\\\/\\\/www.socdem.org\\\/en\\\/14th-of-may-2020-message-from-the-director-general\\\/#primaryimage\"},\"image\":{\"@id\":\"https:\\\/\\\/www.socdem.org\\\/en\\\/14th-of-may-2020-message-from-the-director-general\\\/#primaryimage\"},\"thumbnailUrl\":\"https:\\\/\\\/www.socdem.org\\\/wp-content\\\/uploads\\\/2020\\\/03\\\/logo2020.png\",\"datePublished\":\"2020-05-15T15:44:36+00:00\",\"dateModified\":\"2020-05-15T15:44:39+00:00\",\"breadcrumb\":{\"@id\":\"https:\\\/\\\/www.socdem.org\\\/en\\\/14th-of-may-2020-message-from-the-director-general\\\/#breadcrumb\"},\"inLanguage\":\"en-US\",\"potentialAction\":[{\"@type\":\"ReadAction\",\"target\":[\"https:\\\/\\\/www.socdem.org\\\/en\\\/14th-of-may-2020-message-from-the-director-general\\\/\"]}]},{\"@type\":\"ImageObject\",\"inLanguage\":\"en-US\",\"@id\":\"https:\\\/\\\/www.socdem.org\\\/en\\\/14th-of-may-2020-message-from-the-director-general\\\/#primaryimage\",\"url\":\"https:\\\/\\\/www.socdem.org\\\/wp-content\\\/uploads\\\/2020\\\/03\\\/logo2020.png\",\"contentUrl\":\"https:\\\/\\\/www.socdem.org\\\/wp-content\\\/uploads\\\/2020\\\/03\\\/logo2020.png\",\"width\":701,\"height\":341},{\"@type\":\"BreadcrumbList\",\"@id\":\"https:\\\/\\\/www.socdem.org\\\/en\\\/14th-of-may-2020-message-from-the-director-general\\\/#breadcrumb\",\"itemListElement\":[{\"@type\":\"ListItem\",\"position\":1,\"name\":\"Accueil\",\"item\":\"https:\\\/\\\/www.socdem.org\\\/en\\\/\"},{\"@type\":\"ListItem\",\"position\":2,\"name\":\"14th of May, 2020, message from the Director General\"}]},{\"@type\":\"WebSite\",\"@id\":\"https:\\\/\\\/www.socdem.org\\\/en\\\/#website\",\"url\":\"https:\\\/\\\/www.socdem.org\\\/en\\\/\",\"name\":\"\u00c9cole Socrates-D\u00e9mosth\u00e8ne\",\"description\":\"Five trilingual greek primary schools of Greater Montreal.\",\"publisher\":{\"@id\":\"https:\\\/\\\/www.socdem.org\\\/en\\\/#organization\"},\"potentialAction\":[{\"@type\":\"SearchAction\",\"target\":{\"@type\":\"EntryPoint\",\"urlTemplate\":\"https:\\\/\\\/www.socdem.org\\\/en\\\/?s={search_term_string}\"},\"query-input\":{\"@type\":\"PropertyValueSpecification\",\"valueRequired\":true,\"valueName\":\"search_term_string\"}}],\"inLanguage\":\"en-US\"},{\"@type\":\"Organization\",\"@id\":\"https:\\\/\\\/www.socdem.org\\\/en\\\/#organization\",\"name\":\"\u00c9cole Socrates-D\u00e9mosth\u00e8ne\",\"url\":\"https:\\\/\\\/www.socdem.org\\\/en\\\/\",\"logo\":{\"@type\":\"ImageObject\",\"inLanguage\":\"en-US\",\"@id\":\"https:\\\/\\\/www.socdem.org\\\/en\\\/#\\\/schema\\\/logo\\\/image\\\/\",\"url\":\"https:\\\/\\\/www.socdem.org\\\/wp-content\\\/uploads\\\/2014\\\/03\\\/SOC-DEM-LOGO-NAME.jpg\",\"contentUrl\":\"https:\\\/\\\/www.socdem.org\\\/wp-content\\\/uploads\\\/2014\\\/03\\\/SOC-DEM-LOGO-NAME.jpg\",\"width\":\"8485\",\"height\":\"4200\",\"caption\":\"\u00c9cole Socrates-D\u00e9mosth\u00e8ne\"},\"image\":{\"@id\":\"https:\\\/\\\/www.socdem.org\\\/en\\\/#\\\/schema\\\/logo\\\/image\\\/\"},\"sameAs\":[\"https:\\\/\\\/www.facebook.com\\\/TheHCGM\\\/\",\"https:\\\/\\\/www.instagram.com\\\/p\\\/BnE965PhJU7\\\/?hl=en\"]},{\"@type\":\"Person\",\"@id\":\"https:\\\/\\\/www.socdem.org\\\/en\\\/#\\\/schema\\\/person\\\/3d4208f100317a6251846d5d4fcb6e6f\",\"name\":\"avournias\",\"image\":{\"@type\":\"ImageObject\",\"inLanguage\":\"en-US\",\"@id\":\"https:\\\/\\\/secure.gravatar.com\\\/avatar\\\/e44d940614c28c716a6912b81868ef19a508fe61c65c7dbdb4825236cbaa5364?s=96&d=mm&r=g\",\"url\":\"https:\\\/\\\/secure.gravatar.com\\\/avatar\\\/e44d940614c28c716a6912b81868ef19a508fe61c65c7dbdb4825236cbaa5364?s=96&d=mm&r=g\",\"contentUrl\":\"https:\\\/\\\/secure.gravatar.com\\\/avatar\\\/e44d940614c28c716a6912b81868ef19a508fe61c65c7dbdb4825236cbaa5364?s=96&d=mm&r=g\",\"caption\":\"avournias\"},\"sameAs\":[\"http:\\\/\\\/socdem.wpengine.com\"],\"url\":\"https:\\\/\\\/www.socdem.org\\\/en\\\/author\\\/avournias\\\/\"}]}<\/script>\n<!-- \/ Yoast SEO plugin. -->","yoast_head_json":{"title":"14th of May, 2020, message from the Director General - Primary School Socrates and Demosthenes","robots":{"index":"index","follow":"follow","max-snippet":"max-snippet:-1","max-image-preview":"max-image-preview:large","max-video-preview":"max-video-preview:-1"},"canonical":"https:\/\/www.socdem.org\/en\/14th-of-may-2020-message-from-the-director-general\/","og_locale":"en_US","og_type":"article","og_title":"14th of May, 2020, message from the Director General - Primary School Socrates and Demosthenes","og_description":"Dear parents and students, During his press briefing this afternoon, Prime Minister Fran\u00e7ois Legault announced that as the pandemic situation remains serious in the greater Montreal region, the Government of...","og_url":"https:\/\/www.socdem.org\/en\/14th-of-may-2020-message-from-the-director-general\/","og_site_name":"Primary School Socrates and Demosthenes","article_publisher":"https:\/\/www.facebook.com\/TheHCGM\/","article_published_time":"2020-05-15T15:44:36+00:00","article_modified_time":"2020-05-15T15:44:39+00:00","og_image":[{"width":701,"height":341,"url":"https:\/\/www.socdem.org\/wp-content\/uploads\/2020\/03\/logo2020.png","type":"image\/png"}],"author":"avournias","twitter_card":"summary_large_image","twitter_misc":{"Written by":"avournias"},"schema":{"@context":"https:\/\/schema.org","@graph":[{"@type":"Article","@id":"https:\/\/www.socdem.org\/en\/14th-of-may-2020-message-from-the-director-general\/#article","isPartOf":{"@id":"https:\/\/www.socdem.org\/en\/14th-of-may-2020-message-from-the-director-general\/"},"author":{"name":"avournias","@id":"https:\/\/www.socdem.org\/en\/#\/schema\/person\/3d4208f100317a6251846d5d4fcb6e6f"},"headline":"14th of May, 2020, message from the Director General","datePublished":"2020-05-15T15:44:36+00:00","dateModified":"2020-05-15T15:44:39+00:00","mainEntityOfPage":{"@id":"https:\/\/www.socdem.org\/en\/14th-of-may-2020-message-from-the-director-general\/"},"wordCount":64,"publisher":{"@id":"https:\/\/www.socdem.org\/en\/#organization"},"image":{"@id":"https:\/\/www.socdem.org\/en\/14th-of-may-2020-message-from-the-director-general\/#primaryimage"},"thumbnailUrl":"https:\/\/www.socdem.org\/wp-content\/uploads\/2020\/03\/logo2020.png","articleSection":["News 2","News 3","News 4","News 5","News and Activities english","News demosthene"],"inLanguage":"en-US"},{"@type":"WebPage","@id":"https:\/\/www.socdem.org\/en\/14th-of-may-2020-message-from-the-director-general\/","url":"https:\/\/www.socdem.org\/en\/14th-of-may-2020-message-from-the-director-general\/","name":"14th of May, 2020, message from the Director General - Primary School Socrates and Demosthenes","isPartOf":{"@id":"https:\/\/www.socdem.org\/en\/#website"},"primaryImageOfPage":{"@id":"https:\/\/www.socdem.org\/en\/14th-of-may-2020-message-from-the-director-general\/#primaryimage"},"image":{"@id":"https:\/\/www.socdem.org\/en\/14th-of-may-2020-message-from-the-director-general\/#primaryimage"},"thumbnailUrl":"https:\/\/www.socdem.org\/wp-content\/uploads\/2020\/03\/logo2020.png","datePublished":"2020-05-15T15:44:36+00:00","dateModified":"2020-05-15T15:44:39+00:00","breadcrumb":{"@id":"https:\/\/www.socdem.org\/en\/14th-of-may-2020-message-from-the-director-general\/#breadcrumb"},"inLanguage":"en-US","potentialAction":[{"@type":"ReadAction","target":["https:\/\/www.socdem.org\/en\/14th-of-may-2020-message-from-the-director-general\/"]}]},{"@type":"ImageObject","inLanguage":"en-US","@id":"https:\/\/www.socdem.org\/en\/14th-of-may-2020-message-from-the-director-general\/#primaryimage","url":"https:\/\/www.socdem.org\/wp-content\/uploads\/2020\/03\/logo2020.png","contentUrl":"https:\/\/www.socdem.org\/wp-content\/uploads\/2020\/03\/logo2020.png","width":701,"height":341},{"@type":"BreadcrumbList","@id":"https:\/\/www.socdem.org\/en\/14th-of-may-2020-message-from-the-director-general\/#breadcrumb","itemListElement":[{"@type":"ListItem","position":1,"name":"Accueil","item":"https:\/\/www.socdem.org\/en\/"},{"@type":"ListItem","position":2,"name":"14th of May, 2020, message from the Director General"}]},{"@type":"WebSite","@id":"https:\/\/www.socdem.org\/en\/#website","url":"https:\/\/www.socdem.org\/en\/","name":"\u00c9cole Socrates-D\u00e9mosth\u00e8ne","description":"Five trilingual greek primary schools of Greater Montreal.","publisher":{"@id":"https:\/\/www.socdem.org\/en\/#organization"},"potentialAction":[{"@type":"SearchAction","target":{"@type":"EntryPoint","urlTemplate":"https:\/\/www.socdem.org\/en\/?s={search_term_string}"},"query-input":{"@type":"PropertyValueSpecification","valueRequired":true,"valueName":"search_term_string"}}],"inLanguage":"en-US"},{"@type":"Organization","@id":"https:\/\/www.socdem.org\/en\/#organization","name":"\u00c9cole Socrates-D\u00e9mosth\u00e8ne","url":"https:\/\/www.socdem.org\/en\/","logo":{"@type":"ImageObject","inLanguage":"en-US","@id":"https:\/\/www.socdem.org\/en\/#\/schema\/logo\/image\/","url":"https:\/\/www.socdem.org\/wp-content\/uploads\/2014\/03\/SOC-DEM-LOGO-NAME.jpg","contentUrl":"https:\/\/www.socdem.org\/wp-content\/uploads\/2014\/03\/SOC-DEM-LOGO-NAME.jpg","width":"8485","height":"4200","caption":"\u00c9cole Socrates-D\u00e9mosth\u00e8ne"},"image":{"@id":"https:\/\/www.socdem.org\/en\/#\/schema\/logo\/image\/"},"sameAs":["https:\/\/www.facebook.com\/TheHCGM\/","https:\/\/www.instagram.com\/p\/BnE965PhJU7\/?hl=en"]},{"@type":"Person","@id":"https:\/\/www.socdem.org\/en\/#\/schema\/person\/3d4208f100317a6251846d5d4fcb6e6f","name":"avournias","image":{"@type":"ImageObject","inLanguage":"en-US","@id":"https:\/\/secure.gravatar.com\/avatar\/e44d940614c28c716a6912b81868ef19a508fe61c65c7dbdb4825236cbaa5364?s=96&d=mm&r=g","url":"https:\/\/secure.gravatar.com\/avatar\/e44d940614c28c716a6912b81868ef19a508fe61c65c7dbdb4825236cbaa5364?s=96&d=mm&r=g","contentUrl":"https:\/\/secure.gravatar.com\/avatar\/e44d940614c28c716a6912b81868ef19a508fe61c65c7dbdb4825236cbaa5364?s=96&d=mm&r=g","caption":"avournias"},"sameAs":["http:\/\/socdem.wpengine.com"],"url":"https:\/\/www.socdem.org\/en\/author\/avournias\/"}]}},"_links":{"self":[{"href":"https:\/\/www.socdem.org\/en\/wp-json\/wp\/v2\/posts\/28239","targetHints":{"allow":["GET"]}}],"collection":[{"href":"https:\/\/www.socdem.org\/en\/wp-json\/wp\/v2\/posts"}],"about":[{"href":"https:\/\/www.socdem.org\/en\/wp-json\/wp\/v2\/types\/post"}],"author":[{"embeddable":true,"href":"https:\/\/www.socdem.org\/en\/wp-json\/wp\/v2\/users\/23"}],"replies":[{"embeddable":true,"href":"https:\/\/www.socdem.org\/en\/wp-json\/wp\/v2\/comments?post=28239"}],"version-history":[{"count":0,"href":"https:\/\/www.socdem.org\/en\/wp-json\/wp\/v2\/posts\/28239\/revisions"}],"wp:featuredmedia":[{"embeddable":true,"href":"https:\/\/www.socdem.org\/en\/wp-json\/wp\/v2\/media\/28037"}],"wp:attachment":[{"href":"https:\/\/www.socdem.org\/en\/wp-json\/wp\/v2\/media?parent=28239"}],"wp:term":[{"taxonomy":"category","embeddable":true,"href":"https:\/\/www.socdem.org\/en\/wp-json\/wp\/v2\/categories?post=28239"},{"taxonomy":"post_tag","embeddable":true,"href":"https:\/\/www.socdem.org\/en\/wp-json\/wp\/v2\/tags?post=28239"}],"curies":[{"name":"wp","href":"https:\/\/api.w.org\/{rel}","templated":true}]}}