{"id":28337,"date":"2020-06-03T16:47:17","date_gmt":"2020-06-03T20:47:17","guid":{"rendered":"https:\/\/www.socdem.org\/?p=28337"},"modified":"2020-06-13T15:23:39","modified_gmt":"2020-06-13T19:23:39","slug":"socrates-demosthenes-is-accepting-registrations-for-the-2020-2021-school-year","status":"publish","type":"post","link":"https:\/\/www.socdem.org\/en\/socrates-demosthenes-is-accepting-registrations-for-the-2020-2021-school-year\/","title":{"rendered":"Socrates-Demosthenes is accepting registrations for the 2020-2021 school year"},"content":{"rendered":"\n<p class=\"has-normal-font-size\">Since the confinement started, \u00c9cole Socrates-D\u00e9mosth\u00e8ne has not stopped offering exceptional education services to its students from a distance, using every electronic format available.<\/p>\n\n\n\n<div class=\"wp-block-group\"><div class=\"wp-block-group__inner-container is-layout-flow wp-block-group-is-layout-flow\">\n<figure class=\"wp-block-gallery columns-3 is-cropped wp-block-gallery-1 is-layout-flex wp-block-gallery-is-layout-flex\"><ul class=\"blocks-gallery-grid\"><li class=\"blocks-gallery-item\"><figure><img loading=\"lazy\" decoding=\"async\" width=\"480\" height=\"360\" src=\"https:\/\/www.socdem.org\/wp-content\/uploads\/2020\/06\/zoom-class.jpg\" alt=\"\" data-id=\"28333\" data-full-url=\"https:\/\/www.socdem.org\/wp-content\/uploads\/2020\/06\/zoom-class.jpg\" data-link=\"https:\/\/www.socdem.org\/zoom-class\/\" class=\"wp-image-28333\" srcset=\"https:\/\/www.socdem.org\/wp-content\/uploads\/2020\/06\/zoom-class.jpg 480w, https:\/\/www.socdem.org\/wp-content\/uploads\/2020\/06\/zoom-class-300x225.jpg 300w\" sizes=\"auto, (max-width: 480px) 100vw, 480px\" \/><\/figure><\/li><li class=\"blocks-gallery-item\"><figure><img loading=\"lazy\" decoding=\"async\" width=\"1024\" height=\"739\" src=\"https:\/\/www.socdem.org\/wp-content\/uploads\/2020\/06\/photo-Alex-et-Lara-1-1024x739.jpg\" alt=\"\" data-id=\"28330\" data-full-url=\"https:\/\/www.socdem.org\/wp-content\/uploads\/2020\/06\/photo-Alex-et-Lara-1.jpg\" data-link=\"https:\/\/www.socdem.org\/photo-alex-et-lara-1\/\" class=\"wp-image-28330\" srcset=\"https:\/\/www.socdem.org\/wp-content\/uploads\/2020\/06\/photo-Alex-et-Lara-1-1024x739.jpg 1024w, https:\/\/www.socdem.org\/wp-content\/uploads\/2020\/06\/photo-Alex-et-Lara-1-300x216.jpg 300w, https:\/\/www.socdem.org\/wp-content\/uploads\/2020\/06\/photo-Alex-et-Lara-1-1536x1108.jpg 1536w, https:\/\/www.socdem.org\/wp-content\/uploads\/2020\/06\/photo-Alex-et-Lara-1.jpg 1864w\" sizes=\"auto, (max-width: 1024px) 100vw, 1024px\" \/><\/figure><\/li><li class=\"blocks-gallery-item\"><figure><img loading=\"lazy\" decoding=\"async\" width=\"768\" height=\"1024\" src=\"https:\/\/www.socdem.org\/wp-content\/uploads\/2020\/06\/IMG_3073-768x1024.jpg\" alt=\"\" data-id=\"28324\" data-full-url=\"https:\/\/www.socdem.org\/wp-content\/uploads\/2020\/06\/IMG_3073-scaled.jpg\" data-link=\"https:\/\/www.socdem.org\/img_3073\/\" class=\"wp-image-28324\" srcset=\"https:\/\/www.socdem.org\/wp-content\/uploads\/2020\/06\/IMG_3073-768x1024.jpg 768w, https:\/\/www.socdem.org\/wp-content\/uploads\/2020\/06\/IMG_3073-225x300.jpg 225w, https:\/\/www.socdem.org\/wp-content\/uploads\/2020\/06\/IMG_3073-1152x1536.jpg 1152w, https:\/\/www.socdem.org\/wp-content\/uploads\/2020\/06\/IMG_3073-1536x2048.jpg 1536w, https:\/\/www.socdem.org\/wp-content\/uploads\/2020\/06\/IMG_3073-scaled.jpg 1920w\" sizes=\"auto, (max-width: 768px) 100vw, 768px\" \/><\/figure><\/li><li class=\"blocks-gallery-item\"><figure><img loading=\"lazy\" decoding=\"async\" width=\"1024\" height=\"914\" src=\"https:\/\/www.socdem.org\/wp-content\/uploads\/2020\/06\/Franki-working-out-1024x914.jpg\" alt=\"\" data-id=\"28321\" data-full-url=\"https:\/\/www.socdem.org\/wp-content\/uploads\/2020\/06\/Franki-working-out-scaled.jpg\" data-link=\"https:\/\/www.socdem.org\/franki-working-out\/\" class=\"wp-image-28321\" srcset=\"https:\/\/www.socdem.org\/wp-content\/uploads\/2020\/06\/Franki-working-out-1024x914.jpg 1024w, https:\/\/www.socdem.org\/wp-content\/uploads\/2020\/06\/Franki-working-out-300x268.jpg 300w, https:\/\/www.socdem.org\/wp-content\/uploads\/2020\/06\/Franki-working-out-1536x1370.jpg 1536w, https:\/\/www.socdem.org\/wp-content\/uploads\/2020\/06\/Franki-working-out-2048x1827.jpg 2048w\" sizes=\"auto, (max-width: 1024px) 100vw, 1024px\" \/><\/figure><\/li><\/ul><\/figure>\n<\/div><\/div>\n\n\n\n<p class=\"has-normal-font-size\">As we approach the last month of school, those efforts to teach and communicate have only intensified. Despite the unprecedented crisis, our students have flourished academically in a remarkable way.<\/p>\n\n\n\n<p class=\"has-normal-font-size\">We would like to\u00a0thank\u00a0our principals, teachers\u00a0and\u00a0support staff for their dedication.\u00a0Most importantly, we want to acknowledge the efforts our incredible students are making during this crisis and we want to thank all our parents for entrusting \u00c9cole Socrates-D\u00e9mosth\u00e8ne for your children\u2019s education.<\/p>\n\n\n\n<figure class=\"wp-block-gallery columns-3 is-cropped wp-block-gallery-2 is-layout-flex wp-block-gallery-is-layout-flex\"><ul class=\"blocks-gallery-grid\"><li class=\"blocks-gallery-item\"><figure><img loading=\"lazy\" decoding=\"async\" width=\"1024\" height=\"694\" src=\"https:\/\/www.socdem.org\/wp-content\/uploads\/2020\/06\/laclasse2.0-1024x694.jpeg\" alt=\"\" data-id=\"28327\" data-full-url=\"https:\/\/www.socdem.org\/wp-content\/uploads\/2020\/06\/laclasse2.0.jpeg\" data-link=\"https:\/\/www.socdem.org\/laclasse2-0\/\" class=\"wp-image-28327\" srcset=\"https:\/\/www.socdem.org\/wp-content\/uploads\/2020\/06\/laclasse2.0-1024x694.jpeg 1024w, https:\/\/www.socdem.org\/wp-content\/uploads\/2020\/06\/laclasse2.0-300x203.jpeg 300w, https:\/\/www.socdem.org\/wp-content\/uploads\/2020\/06\/laclasse2.0.jpeg 1525w\" sizes=\"auto, (max-width: 1024px) 100vw, 1024px\" \/><\/figure><\/li><li class=\"blocks-gallery-item\"><figure><img loading=\"lazy\" decoding=\"async\" width=\"769\" height=\"1024\" src=\"https:\/\/www.socdem.org\/wp-content\/uploads\/2020\/06\/D\u00c9M-769x1024.jpg\" alt=\"\" data-id=\"28318\" data-full-url=\"https:\/\/www.socdem.org\/wp-content\/uploads\/2020\/06\/D\u00c9M-scaled.jpg\" data-link=\"https:\/\/www.socdem.org\/dem-8\/\" class=\"wp-image-28318\" srcset=\"https:\/\/www.socdem.org\/wp-content\/uploads\/2020\/06\/D\u00c9M-769x1024.jpg 769w, https:\/\/www.socdem.org\/wp-content\/uploads\/2020\/06\/D\u00c9M-225x300.jpg 225w, https:\/\/www.socdem.org\/wp-content\/uploads\/2020\/06\/D\u00c9M-1154x1536.jpg 1154w, https:\/\/www.socdem.org\/wp-content\/uploads\/2020\/06\/D\u00c9M-1539x2048.jpg 1539w, https:\/\/www.socdem.org\/wp-content\/uploads\/2020\/06\/D\u00c9M-scaled.jpg 1923w\" sizes=\"auto, (max-width: 769px) 100vw, 769px\" \/><\/figure><\/li><li class=\"blocks-gallery-item\"><figure><img loading=\"lazy\" decoding=\"async\" width=\"768\" height=\"1024\" src=\"https:\/\/www.socdem.org\/wp-content\/uploads\/2020\/06\/Christopher-Scali-768x1024.jpg\" alt=\"\" data-id=\"28315\" data-full-url=\"https:\/\/www.socdem.org\/wp-content\/uploads\/2020\/06\/Christopher-Scali-scaled.jpg\" data-link=\"https:\/\/www.socdem.org\/christopher-scali\/\" class=\"wp-image-28315\" srcset=\"https:\/\/www.socdem.org\/wp-content\/uploads\/2020\/06\/Christopher-Scali-768x1024.jpg 768w, https:\/\/www.socdem.org\/wp-content\/uploads\/2020\/06\/Christopher-Scali-225x300.jpg 225w, https:\/\/www.socdem.org\/wp-content\/uploads\/2020\/06\/Christopher-Scali-1152x1536.jpg 1152w, https:\/\/www.socdem.org\/wp-content\/uploads\/2020\/06\/Christopher-Scali-1536x2048.jpg 1536w, https:\/\/www.socdem.org\/wp-content\/uploads\/2020\/06\/Christopher-Scali-scaled.jpg 1920w\" sizes=\"auto, (max-width: 768px) 100vw, 768px\" \/><\/figure><\/li><li class=\"blocks-gallery-item\"><figure><img loading=\"lazy\" decoding=\"async\" width=\"1024\" height=\"388\" src=\"https:\/\/www.socdem.org\/wp-content\/uploads\/2020\/06\/58430A9A-2643-4574-808A-AE84A9114350-1024x388.jpg\" alt=\"\" data-id=\"28306\" data-full-url=\"https:\/\/www.socdem.org\/wp-content\/uploads\/2020\/06\/58430A9A-2643-4574-808A-AE84A9114350.jpg\" data-link=\"https:\/\/www.socdem.org\/58430a9a-2643-4574-808a-ae84a9114350\/\" class=\"wp-image-28306\" srcset=\"https:\/\/www.socdem.org\/wp-content\/uploads\/2020\/06\/58430A9A-2643-4574-808A-AE84A9114350-1024x388.jpg 1024w, https:\/\/www.socdem.org\/wp-content\/uploads\/2020\/06\/58430A9A-2643-4574-808A-AE84A9114350-300x114.jpg 300w, https:\/\/www.socdem.org\/wp-content\/uploads\/2020\/06\/58430A9A-2643-4574-808A-AE84A9114350-1536x581.jpg 1536w, https:\/\/www.socdem.org\/wp-content\/uploads\/2020\/06\/58430A9A-2643-4574-808A-AE84A9114350.jpg 2016w\" sizes=\"auto, (max-width: 1024px) 100vw, 1024px\" \/><\/figure><\/li><\/ul><\/figure>\n\n\n\n<p class=\"has-normal-font-size\">For new families interested in registering their children in our prestigious educational institution, we invite you to contact the campus of your choice. Our administrative staff is present on location and ready to orientate you and answer all your questions on the benefits of attending \u00c9cole Socrates-D\u00e9mosth\u00e8ne.<\/p>\n\n\n\n<figure class=\"wp-block-gallery columns-3 is-cropped wp-block-gallery-3 is-layout-flex wp-block-gallery-is-layout-flex\"><ul class=\"blocks-gallery-grid\"><li class=\"blocks-gallery-item\"><figure><img loading=\"lazy\" decoding=\"async\" width=\"768\" height=\"1024\" src=\"https:\/\/www.socdem.org\/wp-content\/uploads\/2020\/06\/C781A1BC-D203-4C04-A26A-23A0B22530CE-768x1024.jpeg\" alt=\"\" data-id=\"28309\" data-full-url=\"https:\/\/www.socdem.org\/wp-content\/uploads\/2020\/06\/C781A1BC-D203-4C04-A26A-23A0B22530CE-scaled.jpeg\" data-link=\"https:\/\/www.socdem.org\/c781a1bc-d203-4c04-a26a-23a0b22530ce\/\" class=\"wp-image-28309\" srcset=\"https:\/\/www.socdem.org\/wp-content\/uploads\/2020\/06\/C781A1BC-D203-4C04-A26A-23A0B22530CE-768x1024.jpeg 768w, https:\/\/www.socdem.org\/wp-content\/uploads\/2020\/06\/C781A1BC-D203-4C04-A26A-23A0B22530CE-225x300.jpeg 225w, https:\/\/www.socdem.org\/wp-content\/uploads\/2020\/06\/C781A1BC-D203-4C04-A26A-23A0B22530CE-1152x1536.jpeg 1152w, https:\/\/www.socdem.org\/wp-content\/uploads\/2020\/06\/C781A1BC-D203-4C04-A26A-23A0B22530CE-1536x2048.jpeg 1536w, https:\/\/www.socdem.org\/wp-content\/uploads\/2020\/06\/C781A1BC-D203-4C04-A26A-23A0B22530CE-scaled.jpeg 1920w\" sizes=\"auto, (max-width: 768px) 100vw, 768px\" \/><\/figure><\/li><li class=\"blocks-gallery-item\"><figure><img loading=\"lazy\" decoding=\"async\" width=\"768\" height=\"1024\" src=\"https:\/\/www.socdem.org\/wp-content\/uploads\/2020\/06\/926F8759-C1FF-46C0-9612-45E4195E1BAA-768x1024.jpg\" alt=\"\" data-id=\"28303\" data-full-url=\"https:\/\/www.socdem.org\/wp-content\/uploads\/2020\/06\/926F8759-C1FF-46C0-9612-45E4195E1BAA.jpg\" data-link=\"https:\/\/www.socdem.org\/926f8759-c1ff-46c0-9612-45e4195e1baa\/\" class=\"wp-image-28303\" srcset=\"https:\/\/www.socdem.org\/wp-content\/uploads\/2020\/06\/926F8759-C1FF-46C0-9612-45E4195E1BAA-768x1024.jpg 768w, https:\/\/www.socdem.org\/wp-content\/uploads\/2020\/06\/926F8759-C1FF-46C0-9612-45E4195E1BAA-225x300.jpg 225w, https:\/\/www.socdem.org\/wp-content\/uploads\/2020\/06\/926F8759-C1FF-46C0-9612-45E4195E1BAA-1152x1536.jpg 1152w, https:\/\/www.socdem.org\/wp-content\/uploads\/2020\/06\/926F8759-C1FF-46C0-9612-45E4195E1BAA.jpg 1200w\" sizes=\"auto, (max-width: 768px) 100vw, 768px\" \/><\/figure><\/li><li class=\"blocks-gallery-item\"><figure><img loading=\"lazy\" decoding=\"async\" width=\"1024\" height=\"1024\" src=\"https:\/\/www.socdem.org\/wp-content\/uploads\/2020\/06\/3-fresoeurs-1024x1024.jpg\" alt=\"\" data-id=\"28297\" data-full-url=\"https:\/\/www.socdem.org\/wp-content\/uploads\/2020\/06\/3-fresoeurs-scaled.jpg\" data-link=\"https:\/\/www.socdem.org\/3-fresoeurs\/\" class=\"wp-image-28297\" srcset=\"https:\/\/www.socdem.org\/wp-content\/uploads\/2020\/06\/3-fresoeurs-1024x1024.jpg 1024w, https:\/\/www.socdem.org\/wp-content\/uploads\/2020\/06\/3-fresoeurs-300x300.jpg 300w, https:\/\/www.socdem.org\/wp-content\/uploads\/2020\/06\/3-fresoeurs-150x150.jpg 150w, https:\/\/www.socdem.org\/wp-content\/uploads\/2020\/06\/3-fresoeurs-1536x1536.jpg 1536w, https:\/\/www.socdem.org\/wp-content\/uploads\/2020\/06\/3-fresoeurs-2048x2048.jpg 2048w\" sizes=\"auto, (max-width: 1024px) 100vw, 1024px\" \/><figcaption class=\"blocks-gallery-item__caption\">?<\/figcaption><\/figure><\/li><li class=\"blocks-gallery-item\"><figure><img loading=\"lazy\" decoding=\"async\" width=\"750\" height=\"568\" src=\"https:\/\/www.socdem.org\/wp-content\/uploads\/2020\/06\/646F1E74-3204-4BE4-BF0F-94BC374707F5.jpg\" alt=\"\" data-id=\"28300\" data-full-url=\"https:\/\/www.socdem.org\/wp-content\/uploads\/2020\/06\/646F1E74-3204-4BE4-BF0F-94BC374707F5.jpg\" data-link=\"https:\/\/www.socdem.org\/646f1e74-3204-4be4-bf0f-94bc374707f5\/\" class=\"wp-image-28300\" srcset=\"https:\/\/www.socdem.org\/wp-content\/uploads\/2020\/06\/646F1E74-3204-4BE4-BF0F-94BC374707F5.jpg 750w, https:\/\/www.socdem.org\/wp-content\/uploads\/2020\/06\/646F1E74-3204-4BE4-BF0F-94BC374707F5-300x227.jpg 300w\" sizes=\"auto, (max-width: 750px) 100vw, 750px\" \/><\/figure><\/li><\/ul><\/figure>\n\n\n\n<p class=\"has-normal-font-size\">The foundation of all the services our School offers is the unparalleled quality of education and socio-pedagogical supervision we provide.<\/p>\n\n\n\n<p class=\"has-normal-font-size\">For more information, visit our website at <a href=\"https:\/\/www.socdem.org\">www.socdem.org<\/a> or leave a message at 514-738-2421 ext. 125.<\/p>\n\n\n\n<figure class=\"wp-block-image size-large\"><img loading=\"lazy\" decoding=\"async\" width=\"1024\" height=\"768\" src=\"https:\/\/www.socdem.org\/wp-content\/uploads\/2020\/06\/C7444B84-1261-43D9-9DB5-5E04B40644C4-1024x768.jpeg\" alt=\"\" class=\"wp-image-28312\" srcset=\"https:\/\/www.socdem.org\/wp-content\/uploads\/2020\/06\/C7444B84-1261-43D9-9DB5-5E04B40644C4-1024x768.jpeg 1024w, https:\/\/www.socdem.org\/wp-content\/uploads\/2020\/06\/C7444B84-1261-43D9-9DB5-5E04B40644C4-300x225.jpeg 300w, https:\/\/www.socdem.org\/wp-content\/uploads\/2020\/06\/C7444B84-1261-43D9-9DB5-5E04B40644C4-1536x1152.jpeg 1536w, https:\/\/www.socdem.org\/wp-content\/uploads\/2020\/06\/C7444B84-1261-43D9-9DB5-5E04B40644C4-2048x1536.jpeg 2048w\" sizes=\"auto, (max-width: 1024px) 100vw, 1024px\" \/><\/figure>\n","protected":false},"excerpt":{"rendered":"<p>Since the confinement started, \u00c9cole Socrates-D\u00e9mosth\u00e8ne has not stopped offering exceptional education services to its students from a distance, using every electronic format available. As we approach the last month&#8230;<\/p>\n","protected":false},"author":23,"featured_media":28313,"comment_status":"closed","ping_status":"closed","sticky":false,"template":"","format":"standard","meta":{"_monsterinsights_skip_tracking":false,"_monsterinsights_sitenote_active":false,"_monsterinsights_sitenote_note":"","_monsterinsights_sitenote_category":0,"footnotes":""},"categories":[88,89,90,91,86,92],"tags":[],"class_list":{"0":"post-28337","1":"post","2":"type-post","3":"status-publish","4":"format-standard","5":"has-post-thumbnail","7":"category-news-2","8":"category-news-3","9":"category-news-4","10":"category-news-5","11":"category-news-and-activities-english","12":"category-news-demosthene"},"yoast_head":"<!-- This site is optimized with the Yoast SEO plugin v27.5 - https:\/\/yoast.com\/product\/yoast-seo-wordpress\/ -->\n<title>Socrates-Demosthenes is accepting registrations for the 2020-2021 school year - Primary School Socrates and Demosthenes<\/title>\n<meta name=\"robots\" content=\"index, follow, max-snippet:-1, max-image-preview:large, max-video-preview:-1\" \/>\n<link rel=\"canonical\" href=\"https:\/\/www.socdem.org\/en\/socrates-demosthenes-is-accepting-registrations-for-the-2020-2021-school-year\/\" \/>\n<meta property=\"og:locale\" content=\"en_US\" \/>\n<meta property=\"og:type\" content=\"article\" \/>\n<meta property=\"og:title\" content=\"Socrates-Demosthenes is accepting registrations for the 2020-2021 school year - Primary School Socrates and Demosthenes\" \/>\n<meta property=\"og:description\" content=\"Since the confinement started, \u00c9cole Socrates-D\u00e9mosth\u00e8ne has not stopped offering exceptional education services to its students from a distance, using every electronic format available. As we approach the last month...\" \/>\n<meta property=\"og:url\" content=\"https:\/\/www.socdem.org\/en\/socrates-demosthenes-is-accepting-registrations-for-the-2020-2021-school-year\/\" \/>\n<meta property=\"og:site_name\" content=\"Primary School Socrates and Demosthenes\" \/>\n<meta property=\"article:publisher\" content=\"https:\/\/www.facebook.com\/TheHCGM\/\" \/>\n<meta property=\"article:published_time\" content=\"2020-06-03T20:47:17+00:00\" \/>\n<meta property=\"article:modified_time\" content=\"2020-06-13T19:23:39+00:00\" \/>\n<meta property=\"og:image\" content=\"https:\/\/www.socdem.org\/wp-content\/uploads\/2020\/06\/C7444B84-1261-43D9-9DB5-5E04B40644C4.jpeg\" \/>\n\t<meta property=\"og:image:width\" content=\"2560\" \/>\n\t<meta property=\"og:image:height\" content=\"1920\" \/>\n\t<meta property=\"og:image:type\" content=\"image\/jpeg\" \/>\n<meta name=\"author\" content=\"avournias\" \/>\n<meta name=\"twitter:card\" content=\"summary_large_image\" \/>\n<meta name=\"twitter:label1\" content=\"Written by\" \/>\n\t<meta name=\"twitter:data1\" content=\"avournias\" \/>\n\t<meta name=\"twitter:label2\" content=\"Est. reading time\" \/>\n\t<meta name=\"twitter:data2\" content=\"1 minute\" \/>\n<script type=\"application\/ld+json\" class=\"yoast-schema-graph\">{\"@context\":\"https:\\\/\\\/schema.org\",\"@graph\":[{\"@type\":\"Article\",\"@id\":\"https:\\\/\\\/www.socdem.org\\\/en\\\/socrates-demosthenes-is-accepting-registrations-for-the-2020-2021-school-year\\\/#article\",\"isPartOf\":{\"@id\":\"https:\\\/\\\/www.socdem.org\\\/en\\\/socrates-demosthenes-is-accepting-registrations-for-the-2020-2021-school-year\\\/\"},\"author\":{\"name\":\"avournias\",\"@id\":\"https:\\\/\\\/www.socdem.org\\\/en\\\/#\\\/schema\\\/person\\\/3d4208f100317a6251846d5d4fcb6e6f\"},\"headline\":\"Socrates-Demosthenes is accepting registrations for the 2020-2021 school year\",\"datePublished\":\"2020-06-03T20:47:17+00:00\",\"dateModified\":\"2020-06-13T19:23:39+00:00\",\"mainEntityOfPage\":{\"@id\":\"https:\\\/\\\/www.socdem.org\\\/en\\\/socrates-demosthenes-is-accepting-registrations-for-the-2020-2021-school-year\\\/\"},\"wordCount\":201,\"publisher\":{\"@id\":\"https:\\\/\\\/www.socdem.org\\\/en\\\/#organization\"},\"image\":{\"@id\":\"https:\\\/\\\/www.socdem.org\\\/en\\\/socrates-demosthenes-is-accepting-registrations-for-the-2020-2021-school-year\\\/#primaryimage\"},\"thumbnailUrl\":\"https:\\\/\\\/www.socdem.org\\\/wp-content\\\/uploads\\\/2020\\\/06\\\/C7444B84-1261-43D9-9DB5-5E04B40644C4.jpeg\",\"articleSection\":[\"News 2\",\"News 3\",\"News 4\",\"News 5\",\"News and Activities english\",\"News demosthene\"],\"inLanguage\":\"en-US\"},{\"@type\":\"WebPage\",\"@id\":\"https:\\\/\\\/www.socdem.org\\\/en\\\/socrates-demosthenes-is-accepting-registrations-for-the-2020-2021-school-year\\\/\",\"url\":\"https:\\\/\\\/www.socdem.org\\\/en\\\/socrates-demosthenes-is-accepting-registrations-for-the-2020-2021-school-year\\\/\",\"name\":\"Socrates-Demosthenes is accepting registrations for the 2020-2021 school year - Primary School Socrates and Demosthenes\",\"isPartOf\":{\"@id\":\"https:\\\/\\\/www.socdem.org\\\/en\\\/#website\"},\"primaryImageOfPage\":{\"@id\":\"https:\\\/\\\/www.socdem.org\\\/en\\\/socrates-demosthenes-is-accepting-registrations-for-the-2020-2021-school-year\\\/#primaryimage\"},\"image\":{\"@id\":\"https:\\\/\\\/www.socdem.org\\\/en\\\/socrates-demosthenes-is-accepting-registrations-for-the-2020-2021-school-year\\\/#primaryimage\"},\"thumbnailUrl\":\"https:\\\/\\\/www.socdem.org\\\/wp-content\\\/uploads\\\/2020\\\/06\\\/C7444B84-1261-43D9-9DB5-5E04B40644C4.jpeg\",\"datePublished\":\"2020-06-03T20:47:17+00:00\",\"dateModified\":\"2020-06-13T19:23:39+00:00\",\"breadcrumb\":{\"@id\":\"https:\\\/\\\/www.socdem.org\\\/en\\\/socrates-demosthenes-is-accepting-registrations-for-the-2020-2021-school-year\\\/#breadcrumb\"},\"inLanguage\":\"en-US\",\"potentialAction\":[{\"@type\":\"ReadAction\",\"target\":[\"https:\\\/\\\/www.socdem.org\\\/en\\\/socrates-demosthenes-is-accepting-registrations-for-the-2020-2021-school-year\\\/\"]}]},{\"@type\":\"ImageObject\",\"inLanguage\":\"en-US\",\"@id\":\"https:\\\/\\\/www.socdem.org\\\/en\\\/socrates-demosthenes-is-accepting-registrations-for-the-2020-2021-school-year\\\/#primaryimage\",\"url\":\"https:\\\/\\\/www.socdem.org\\\/wp-content\\\/uploads\\\/2020\\\/06\\\/C7444B84-1261-43D9-9DB5-5E04B40644C4.jpeg\",\"contentUrl\":\"https:\\\/\\\/www.socdem.org\\\/wp-content\\\/uploads\\\/2020\\\/06\\\/C7444B84-1261-43D9-9DB5-5E04B40644C4.jpeg\",\"width\":2560,\"height\":1920},{\"@type\":\"BreadcrumbList\",\"@id\":\"https:\\\/\\\/www.socdem.org\\\/en\\\/socrates-demosthenes-is-accepting-registrations-for-the-2020-2021-school-year\\\/#breadcrumb\",\"itemListElement\":[{\"@type\":\"ListItem\",\"position\":1,\"name\":\"Accueil\",\"item\":\"https:\\\/\\\/www.socdem.org\\\/en\\\/\"},{\"@type\":\"ListItem\",\"position\":2,\"name\":\"Socrates-Demosthenes is accepting registrations for the 2020-2021 school year\"}]},{\"@type\":\"WebSite\",\"@id\":\"https:\\\/\\\/www.socdem.org\\\/en\\\/#website\",\"url\":\"https:\\\/\\\/www.socdem.org\\\/en\\\/\",\"name\":\"\u00c9cole Socrates-D\u00e9mosth\u00e8ne\",\"description\":\"Five trilingual greek primary schools of Greater Montreal.\",\"publisher\":{\"@id\":\"https:\\\/\\\/www.socdem.org\\\/en\\\/#organization\"},\"potentialAction\":[{\"@type\":\"SearchAction\",\"target\":{\"@type\":\"EntryPoint\",\"urlTemplate\":\"https:\\\/\\\/www.socdem.org\\\/en\\\/?s={search_term_string}\"},\"query-input\":{\"@type\":\"PropertyValueSpecification\",\"valueRequired\":true,\"valueName\":\"search_term_string\"}}],\"inLanguage\":\"en-US\"},{\"@type\":\"Organization\",\"@id\":\"https:\\\/\\\/www.socdem.org\\\/en\\\/#organization\",\"name\":\"\u00c9cole Socrates-D\u00e9mosth\u00e8ne\",\"url\":\"https:\\\/\\\/www.socdem.org\\\/en\\\/\",\"logo\":{\"@type\":\"ImageObject\",\"inLanguage\":\"en-US\",\"@id\":\"https:\\\/\\\/www.socdem.org\\\/en\\\/#\\\/schema\\\/logo\\\/image\\\/\",\"url\":\"https:\\\/\\\/www.socdem.org\\\/wp-content\\\/uploads\\\/2014\\\/03\\\/SOC-DEM-LOGO-NAME.jpg\",\"contentUrl\":\"https:\\\/\\\/www.socdem.org\\\/wp-content\\\/uploads\\\/2014\\\/03\\\/SOC-DEM-LOGO-NAME.jpg\",\"width\":\"8485\",\"height\":\"4200\",\"caption\":\"\u00c9cole Socrates-D\u00e9mosth\u00e8ne\"},\"image\":{\"@id\":\"https:\\\/\\\/www.socdem.org\\\/en\\\/#\\\/schema\\\/logo\\\/image\\\/\"},\"sameAs\":[\"https:\\\/\\\/www.facebook.com\\\/TheHCGM\\\/\",\"https:\\\/\\\/www.instagram.com\\\/p\\\/BnE965PhJU7\\\/?hl=en\"]},{\"@type\":\"Person\",\"@id\":\"https:\\\/\\\/www.socdem.org\\\/en\\\/#\\\/schema\\\/person\\\/3d4208f100317a6251846d5d4fcb6e6f\",\"name\":\"avournias\",\"image\":{\"@type\":\"ImageObject\",\"inLanguage\":\"en-US\",\"@id\":\"https:\\\/\\\/secure.gravatar.com\\\/avatar\\\/e44d940614c28c716a6912b81868ef19a508fe61c65c7dbdb4825236cbaa5364?s=96&d=mm&r=g\",\"url\":\"https:\\\/\\\/secure.gravatar.com\\\/avatar\\\/e44d940614c28c716a6912b81868ef19a508fe61c65c7dbdb4825236cbaa5364?s=96&d=mm&r=g\",\"contentUrl\":\"https:\\\/\\\/secure.gravatar.com\\\/avatar\\\/e44d940614c28c716a6912b81868ef19a508fe61c65c7dbdb4825236cbaa5364?s=96&d=mm&r=g\",\"caption\":\"avournias\"},\"sameAs\":[\"http:\\\/\\\/socdem.wpengine.com\"],\"url\":\"https:\\\/\\\/www.socdem.org\\\/en\\\/author\\\/avournias\\\/\"}]}<\/script>\n<!-- \/ Yoast SEO plugin. -->","yoast_head_json":{"title":"Socrates-Demosthenes is accepting registrations for the 2020-2021 school year - Primary School Socrates and Demosthenes","robots":{"index":"index","follow":"follow","max-snippet":"max-snippet:-1","max-image-preview":"max-image-preview:large","max-video-preview":"max-video-preview:-1"},"canonical":"https:\/\/www.socdem.org\/en\/socrates-demosthenes-is-accepting-registrations-for-the-2020-2021-school-year\/","og_locale":"en_US","og_type":"article","og_title":"Socrates-Demosthenes is accepting registrations for the 2020-2021 school year - Primary School Socrates and Demosthenes","og_description":"Since the confinement started, \u00c9cole Socrates-D\u00e9mosth\u00e8ne has not stopped offering exceptional education services to its students from a distance, using every electronic format available. As we approach the last month...","og_url":"https:\/\/www.socdem.org\/en\/socrates-demosthenes-is-accepting-registrations-for-the-2020-2021-school-year\/","og_site_name":"Primary School Socrates and Demosthenes","article_publisher":"https:\/\/www.facebook.com\/TheHCGM\/","article_published_time":"2020-06-03T20:47:17+00:00","article_modified_time":"2020-06-13T19:23:39+00:00","og_image":[{"width":2560,"height":1920,"url":"https:\/\/www.socdem.org\/wp-content\/uploads\/2020\/06\/C7444B84-1261-43D9-9DB5-5E04B40644C4.jpeg","type":"image\/jpeg"}],"author":"avournias","twitter_card":"summary_large_image","twitter_misc":{"Written by":"avournias","Est. reading time":"1 minute"},"schema":{"@context":"https:\/\/schema.org","@graph":[{"@type":"Article","@id":"https:\/\/www.socdem.org\/en\/socrates-demosthenes-is-accepting-registrations-for-the-2020-2021-school-year\/#article","isPartOf":{"@id":"https:\/\/www.socdem.org\/en\/socrates-demosthenes-is-accepting-registrations-for-the-2020-2021-school-year\/"},"author":{"name":"avournias","@id":"https:\/\/www.socdem.org\/en\/#\/schema\/person\/3d4208f100317a6251846d5d4fcb6e6f"},"headline":"Socrates-Demosthenes is accepting registrations for the 2020-2021 school year","datePublished":"2020-06-03T20:47:17+00:00","dateModified":"2020-06-13T19:23:39+00:00","mainEntityOfPage":{"@id":"https:\/\/www.socdem.org\/en\/socrates-demosthenes-is-accepting-registrations-for-the-2020-2021-school-year\/"},"wordCount":201,"publisher":{"@id":"https:\/\/www.socdem.org\/en\/#organization"},"image":{"@id":"https:\/\/www.socdem.org\/en\/socrates-demosthenes-is-accepting-registrations-for-the-2020-2021-school-year\/#primaryimage"},"thumbnailUrl":"https:\/\/www.socdem.org\/wp-content\/uploads\/2020\/06\/C7444B84-1261-43D9-9DB5-5E04B40644C4.jpeg","articleSection":["News 2","News 3","News 4","News 5","News and Activities english","News demosthene"],"inLanguage":"en-US"},{"@type":"WebPage","@id":"https:\/\/www.socdem.org\/en\/socrates-demosthenes-is-accepting-registrations-for-the-2020-2021-school-year\/","url":"https:\/\/www.socdem.org\/en\/socrates-demosthenes-is-accepting-registrations-for-the-2020-2021-school-year\/","name":"Socrates-Demosthenes is accepting registrations for the 2020-2021 school year - Primary School Socrates and Demosthenes","isPartOf":{"@id":"https:\/\/www.socdem.org\/en\/#website"},"primaryImageOfPage":{"@id":"https:\/\/www.socdem.org\/en\/socrates-demosthenes-is-accepting-registrations-for-the-2020-2021-school-year\/#primaryimage"},"image":{"@id":"https:\/\/www.socdem.org\/en\/socrates-demosthenes-is-accepting-registrations-for-the-2020-2021-school-year\/#primaryimage"},"thumbnailUrl":"https:\/\/www.socdem.org\/wp-content\/uploads\/2020\/06\/C7444B84-1261-43D9-9DB5-5E04B40644C4.jpeg","datePublished":"2020-06-03T20:47:17+00:00","dateModified":"2020-06-13T19:23:39+00:00","breadcrumb":{"@id":"https:\/\/www.socdem.org\/en\/socrates-demosthenes-is-accepting-registrations-for-the-2020-2021-school-year\/#breadcrumb"},"inLanguage":"en-US","potentialAction":[{"@type":"ReadAction","target":["https:\/\/www.socdem.org\/en\/socrates-demosthenes-is-accepting-registrations-for-the-2020-2021-school-year\/"]}]},{"@type":"ImageObject","inLanguage":"en-US","@id":"https:\/\/www.socdem.org\/en\/socrates-demosthenes-is-accepting-registrations-for-the-2020-2021-school-year\/#primaryimage","url":"https:\/\/www.socdem.org\/wp-content\/uploads\/2020\/06\/C7444B84-1261-43D9-9DB5-5E04B40644C4.jpeg","contentUrl":"https:\/\/www.socdem.org\/wp-content\/uploads\/2020\/06\/C7444B84-1261-43D9-9DB5-5E04B40644C4.jpeg","width":2560,"height":1920},{"@type":"BreadcrumbList","@id":"https:\/\/www.socdem.org\/en\/socrates-demosthenes-is-accepting-registrations-for-the-2020-2021-school-year\/#breadcrumb","itemListElement":[{"@type":"ListItem","position":1,"name":"Accueil","item":"https:\/\/www.socdem.org\/en\/"},{"@type":"ListItem","position":2,"name":"Socrates-Demosthenes is accepting registrations for the 2020-2021 school year"}]},{"@type":"WebSite","@id":"https:\/\/www.socdem.org\/en\/#website","url":"https:\/\/www.socdem.org\/en\/","name":"\u00c9cole Socrates-D\u00e9mosth\u00e8ne","description":"Five trilingual greek primary schools of Greater Montreal.","publisher":{"@id":"https:\/\/www.socdem.org\/en\/#organization"},"potentialAction":[{"@type":"SearchAction","target":{"@type":"EntryPoint","urlTemplate":"https:\/\/www.socdem.org\/en\/?s={search_term_string}"},"query-input":{"@type":"PropertyValueSpecification","valueRequired":true,"valueName":"search_term_string"}}],"inLanguage":"en-US"},{"@type":"Organization","@id":"https:\/\/www.socdem.org\/en\/#organization","name":"\u00c9cole Socrates-D\u00e9mosth\u00e8ne","url":"https:\/\/www.socdem.org\/en\/","logo":{"@type":"ImageObject","inLanguage":"en-US","@id":"https:\/\/www.socdem.org\/en\/#\/schema\/logo\/image\/","url":"https:\/\/www.socdem.org\/wp-content\/uploads\/2014\/03\/SOC-DEM-LOGO-NAME.jpg","contentUrl":"https:\/\/www.socdem.org\/wp-content\/uploads\/2014\/03\/SOC-DEM-LOGO-NAME.jpg","width":"8485","height":"4200","caption":"\u00c9cole Socrates-D\u00e9mosth\u00e8ne"},"image":{"@id":"https:\/\/www.socdem.org\/en\/#\/schema\/logo\/image\/"},"sameAs":["https:\/\/www.facebook.com\/TheHCGM\/","https:\/\/www.instagram.com\/p\/BnE965PhJU7\/?hl=en"]},{"@type":"Person","@id":"https:\/\/www.socdem.org\/en\/#\/schema\/person\/3d4208f100317a6251846d5d4fcb6e6f","name":"avournias","image":{"@type":"ImageObject","inLanguage":"en-US","@id":"https:\/\/secure.gravatar.com\/avatar\/e44d940614c28c716a6912b81868ef19a508fe61c65c7dbdb4825236cbaa5364?s=96&d=mm&r=g","url":"https:\/\/secure.gravatar.com\/avatar\/e44d940614c28c716a6912b81868ef19a508fe61c65c7dbdb4825236cbaa5364?s=96&d=mm&r=g","contentUrl":"https:\/\/secure.gravatar.com\/avatar\/e44d940614c28c716a6912b81868ef19a508fe61c65c7dbdb4825236cbaa5364?s=96&d=mm&r=g","caption":"avournias"},"sameAs":["http:\/\/socdem.wpengine.com"],"url":"https:\/\/www.socdem.org\/en\/author\/avournias\/"}]}},"_links":{"self":[{"href":"https:\/\/www.socdem.org\/en\/wp-json\/wp\/v2\/posts\/28337","targetHints":{"allow":["GET"]}}],"collection":[{"href":"https:\/\/www.socdem.org\/en\/wp-json\/wp\/v2\/posts"}],"about":[{"href":"https:\/\/www.socdem.org\/en\/wp-json\/wp\/v2\/types\/post"}],"author":[{"embeddable":true,"href":"https:\/\/www.socdem.org\/en\/wp-json\/wp\/v2\/users\/23"}],"replies":[{"embeddable":true,"href":"https:\/\/www.socdem.org\/en\/wp-json\/wp\/v2\/comments?post=28337"}],"version-history":[{"count":0,"href":"https:\/\/www.socdem.org\/en\/wp-json\/wp\/v2\/posts\/28337\/revisions"}],"wp:featuredmedia":[{"embeddable":true,"href":"https:\/\/www.socdem.org\/en\/wp-json\/wp\/v2\/media\/28313"}],"wp:attachment":[{"href":"https:\/\/www.socdem.org\/en\/wp-json\/wp\/v2\/media?parent=28337"}],"wp:term":[{"taxonomy":"category","embeddable":true,"href":"https:\/\/www.socdem.org\/en\/wp-json\/wp\/v2\/categories?post=28337"},{"taxonomy":"post_tag","embeddable":true,"href":"https:\/\/www.socdem.org\/en\/wp-json\/wp\/v2\/tags?post=28337"}],"curies":[{"name":"wp","href":"https:\/\/api.w.org\/{rel}","templated":true}]}}