{"id":28572,"date":"2020-06-24T18:59:30","date_gmt":"2020-06-24T22:59:30","guid":{"rendered":"https:\/\/www.socdem.org\/?p=28572"},"modified":"2020-06-24T18:59:31","modified_gmt":"2020-06-24T22:59:31","slug":"photos-from-the-socrates-iv-campus-graduation","status":"publish","type":"post","link":"https:\/\/www.socdem.org\/en\/photos-from-the-socrates-iv-campus-graduation\/","title":{"rendered":"Photos from the Socrates IV Campus Graduation"},"content":{"rendered":"\n<p class=\"has-normal-font-size\">At Socrates IV, we gathered our seven graduates in the gymnasium of our school on Tuesday, June 23rd, for their graduation. It is with great joy, excitement, and emotion that they met again and that they received their awards and diplomas. We are extremely proud of their journey and their success.<\/p>\n\n\n\n<figure class=\"wp-block-gallery columns-3 is-cropped wp-block-gallery-1 is-layout-flex wp-block-gallery-is-layout-flex\"><ul class=\"blocks-gallery-grid\"><li class=\"blocks-gallery-item\"><figure><img loading=\"lazy\" decoding=\"async\" width=\"750\" height=\"1000\" src=\"https:\/\/www.socdem.org\/wp-content\/uploads\/2020\/06\/5AC79434-C705-4FB1-8EC0-B4949746ADA1.jpg\" alt=\"\" data-id=\"28535\" data-full-url=\"https:\/\/www.socdem.org\/wp-content\/uploads\/2020\/06\/5AC79434-C705-4FB1-8EC0-B4949746ADA1.jpg\" data-link=\"https:\/\/www.socdem.org\/?attachment_id=28535\" class=\"wp-image-28535\" srcset=\"https:\/\/www.socdem.org\/wp-content\/uploads\/2020\/06\/5AC79434-C705-4FB1-8EC0-B4949746ADA1.jpg 750w, https:\/\/www.socdem.org\/wp-content\/uploads\/2020\/06\/5AC79434-C705-4FB1-8EC0-B4949746ADA1-225x300.jpg 225w\" sizes=\"auto, (max-width: 750px) 100vw, 750px\" \/><\/figure><\/li><li class=\"blocks-gallery-item\"><figure><img loading=\"lazy\" decoding=\"async\" width=\"750\" height=\"1000\" src=\"https:\/\/www.socdem.org\/wp-content\/uploads\/2020\/06\/7D72CC77-D465-44DB-A607-924D0DBDA591.jpg\" alt=\"\" data-id=\"28538\" data-full-url=\"https:\/\/www.socdem.org\/wp-content\/uploads\/2020\/06\/7D72CC77-D465-44DB-A607-924D0DBDA591.jpg\" data-link=\"https:\/\/www.socdem.org\/?attachment_id=28538\" class=\"wp-image-28538\" srcset=\"https:\/\/www.socdem.org\/wp-content\/uploads\/2020\/06\/7D72CC77-D465-44DB-A607-924D0DBDA591.jpg 750w, https:\/\/www.socdem.org\/wp-content\/uploads\/2020\/06\/7D72CC77-D465-44DB-A607-924D0DBDA591-225x300.jpg 225w\" sizes=\"auto, (max-width: 750px) 100vw, 750px\" \/><\/figure><\/li><li class=\"blocks-gallery-item\"><figure><img loading=\"lazy\" decoding=\"async\" width=\"1024\" height=\"683\" src=\"https:\/\/www.socdem.org\/wp-content\/uploads\/2020\/06\/8D1E5D2A-34F1-494C-8465-9AAA2B462A2C-1024x683.jpg\" alt=\"\" data-id=\"28541\" data-full-url=\"https:\/\/www.socdem.org\/wp-content\/uploads\/2020\/06\/8D1E5D2A-34F1-494C-8465-9AAA2B462A2C.jpg\" data-link=\"https:\/\/www.socdem.org\/?attachment_id=28541\" class=\"wp-image-28541\" srcset=\"https:\/\/www.socdem.org\/wp-content\/uploads\/2020\/06\/8D1E5D2A-34F1-494C-8465-9AAA2B462A2C-1024x683.jpg 1024w, https:\/\/www.socdem.org\/wp-content\/uploads\/2020\/06\/8D1E5D2A-34F1-494C-8465-9AAA2B462A2C-300x200.jpg 300w, https:\/\/www.socdem.org\/wp-content\/uploads\/2020\/06\/8D1E5D2A-34F1-494C-8465-9AAA2B462A2C.jpg 1500w\" sizes=\"auto, (max-width: 1024px) 100vw, 1024px\" \/><\/figure><\/li><li class=\"blocks-gallery-item\"><figure><img loading=\"lazy\" decoding=\"async\" width=\"750\" height=\"1000\" src=\"https:\/\/www.socdem.org\/wp-content\/uploads\/2020\/06\/11DC6F25-20A4-4B47-9942-41799C38D0D3.jpg\" alt=\"\" data-id=\"28544\" data-full-url=\"https:\/\/www.socdem.org\/wp-content\/uploads\/2020\/06\/11DC6F25-20A4-4B47-9942-41799C38D0D3.jpg\" data-link=\"https:\/\/www.socdem.org\/?attachment_id=28544\" class=\"wp-image-28544\" srcset=\"https:\/\/www.socdem.org\/wp-content\/uploads\/2020\/06\/11DC6F25-20A4-4B47-9942-41799C38D0D3.jpg 750w, https:\/\/www.socdem.org\/wp-content\/uploads\/2020\/06\/11DC6F25-20A4-4B47-9942-41799C38D0D3-225x300.jpg 225w\" sizes=\"auto, (max-width: 750px) 100vw, 750px\" \/><\/figure><\/li><li class=\"blocks-gallery-item\"><figure><img loading=\"lazy\" decoding=\"async\" width=\"667\" height=\"1000\" src=\"https:\/\/www.socdem.org\/wp-content\/uploads\/2020\/06\/60DBE4D6-66E0-4512-850E-597BF873954E.jpg\" alt=\"\" data-id=\"28547\" data-full-url=\"https:\/\/www.socdem.org\/wp-content\/uploads\/2020\/06\/60DBE4D6-66E0-4512-850E-597BF873954E.jpg\" data-link=\"https:\/\/www.socdem.org\/?attachment_id=28547\" class=\"wp-image-28547\" srcset=\"https:\/\/www.socdem.org\/wp-content\/uploads\/2020\/06\/60DBE4D6-66E0-4512-850E-597BF873954E.jpg 667w, https:\/\/www.socdem.org\/wp-content\/uploads\/2020\/06\/60DBE4D6-66E0-4512-850E-597BF873954E-200x300.jpg 200w\" sizes=\"auto, (max-width: 667px) 100vw, 667px\" \/><\/figure><\/li><li class=\"blocks-gallery-item\"><figure><img loading=\"lazy\" decoding=\"async\" width=\"750\" height=\"1000\" src=\"https:\/\/www.socdem.org\/wp-content\/uploads\/2020\/06\/388C628E-E9DD-4864-B0C8-BCE43005EB9B.jpg\" alt=\"\" data-id=\"28550\" data-full-url=\"https:\/\/www.socdem.org\/wp-content\/uploads\/2020\/06\/388C628E-E9DD-4864-B0C8-BCE43005EB9B.jpg\" data-link=\"https:\/\/www.socdem.org\/?attachment_id=28550\" class=\"wp-image-28550\" srcset=\"https:\/\/www.socdem.org\/wp-content\/uploads\/2020\/06\/388C628E-E9DD-4864-B0C8-BCE43005EB9B.jpg 750w, https:\/\/www.socdem.org\/wp-content\/uploads\/2020\/06\/388C628E-E9DD-4864-B0C8-BCE43005EB9B-225x300.jpg 225w\" sizes=\"auto, (max-width: 750px) 100vw, 750px\" \/><\/figure><\/li><li class=\"blocks-gallery-item\"><figure><img loading=\"lazy\" decoding=\"async\" width=\"750\" height=\"1000\" src=\"https:\/\/www.socdem.org\/wp-content\/uploads\/2020\/06\/699F8275-6841-4C6B-96DC-D78AA745CC6C.jpg\" alt=\"\" data-id=\"28553\" data-full-url=\"https:\/\/www.socdem.org\/wp-content\/uploads\/2020\/06\/699F8275-6841-4C6B-96DC-D78AA745CC6C.jpg\" data-link=\"https:\/\/www.socdem.org\/?attachment_id=28553\" class=\"wp-image-28553\" srcset=\"https:\/\/www.socdem.org\/wp-content\/uploads\/2020\/06\/699F8275-6841-4C6B-96DC-D78AA745CC6C.jpg 750w, https:\/\/www.socdem.org\/wp-content\/uploads\/2020\/06\/699F8275-6841-4C6B-96DC-D78AA745CC6C-225x300.jpg 225w\" sizes=\"auto, (max-width: 750px) 100vw, 750px\" \/><\/figure><\/li><li class=\"blocks-gallery-item\"><figure><img loading=\"lazy\" decoding=\"async\" width=\"750\" height=\"1000\" src=\"https:\/\/www.socdem.org\/wp-content\/uploads\/2020\/06\/AAFABB3B-C953-40CF-B627-9E9E84B4F57A.jpg\" alt=\"\" data-id=\"28556\" data-full-url=\"https:\/\/www.socdem.org\/wp-content\/uploads\/2020\/06\/AAFABB3B-C953-40CF-B627-9E9E84B4F57A.jpg\" data-link=\"https:\/\/www.socdem.org\/?attachment_id=28556\" class=\"wp-image-28556\" srcset=\"https:\/\/www.socdem.org\/wp-content\/uploads\/2020\/06\/AAFABB3B-C953-40CF-B627-9E9E84B4F57A.jpg 750w, https:\/\/www.socdem.org\/wp-content\/uploads\/2020\/06\/AAFABB3B-C953-40CF-B627-9E9E84B4F57A-225x300.jpg 225w\" sizes=\"auto, (max-width: 750px) 100vw, 750px\" \/><\/figure><\/li><li class=\"blocks-gallery-item\"><figure><img loading=\"lazy\" decoding=\"async\" width=\"750\" height=\"1000\" src=\"https:\/\/www.socdem.org\/wp-content\/uploads\/2020\/06\/CBD5B498-7816-4B6C-BFAD-AFC802B508AF.jpg\" alt=\"\" data-id=\"28559\" data-full-url=\"https:\/\/www.socdem.org\/wp-content\/uploads\/2020\/06\/CBD5B498-7816-4B6C-BFAD-AFC802B508AF.jpg\" data-link=\"https:\/\/www.socdem.org\/?attachment_id=28559\" class=\"wp-image-28559\" srcset=\"https:\/\/www.socdem.org\/wp-content\/uploads\/2020\/06\/CBD5B498-7816-4B6C-BFAD-AFC802B508AF.jpg 750w, https:\/\/www.socdem.org\/wp-content\/uploads\/2020\/06\/CBD5B498-7816-4B6C-BFAD-AFC802B508AF-225x300.jpg 225w\" sizes=\"auto, (max-width: 750px) 100vw, 750px\" \/><\/figure><\/li><li class=\"blocks-gallery-item\"><figure><img loading=\"lazy\" decoding=\"async\" width=\"750\" height=\"1000\" src=\"https:\/\/www.socdem.org\/wp-content\/uploads\/2020\/06\/D79A3DF5-F258-4117-A35A-F8229445DBB1.jpg\" alt=\"\" data-id=\"28562\" data-full-url=\"https:\/\/www.socdem.org\/wp-content\/uploads\/2020\/06\/D79A3DF5-F258-4117-A35A-F8229445DBB1.jpg\" data-link=\"https:\/\/www.socdem.org\/?attachment_id=28562\" class=\"wp-image-28562\" srcset=\"https:\/\/www.socdem.org\/wp-content\/uploads\/2020\/06\/D79A3DF5-F258-4117-A35A-F8229445DBB1.jpg 750w, https:\/\/www.socdem.org\/wp-content\/uploads\/2020\/06\/D79A3DF5-F258-4117-A35A-F8229445DBB1-225x300.jpg 225w\" sizes=\"auto, (max-width: 750px) 100vw, 750px\" \/><\/figure><\/li><li class=\"blocks-gallery-item\"><figure><img loading=\"lazy\" decoding=\"async\" width=\"667\" height=\"1000\" src=\"https:\/\/www.socdem.org\/wp-content\/uploads\/2020\/06\/DF3B235F-C1DC-4139-AB36-EBF06E907E4B.jpg\" alt=\"\" data-id=\"28565\" data-full-url=\"https:\/\/www.socdem.org\/wp-content\/uploads\/2020\/06\/DF3B235F-C1DC-4139-AB36-EBF06E907E4B.jpg\" data-link=\"https:\/\/www.socdem.org\/?attachment_id=28565\" class=\"wp-image-28565\" srcset=\"https:\/\/www.socdem.org\/wp-content\/uploads\/2020\/06\/DF3B235F-C1DC-4139-AB36-EBF06E907E4B.jpg 667w, https:\/\/www.socdem.org\/wp-content\/uploads\/2020\/06\/DF3B235F-C1DC-4139-AB36-EBF06E907E4B-200x300.jpg 200w\" sizes=\"auto, (max-width: 667px) 100vw, 667px\" \/><\/figure><\/li><li class=\"blocks-gallery-item\"><figure><img loading=\"lazy\" decoding=\"async\" width=\"746\" height=\"960\" src=\"https:\/\/www.socdem.org\/wp-content\/uploads\/2020\/06\/F4776694-7C0D-453C-954C-2668538FD572.jpg\" alt=\"\" data-id=\"28568\" data-full-url=\"https:\/\/www.socdem.org\/wp-content\/uploads\/2020\/06\/F4776694-7C0D-453C-954C-2668538FD572.jpg\" data-link=\"https:\/\/www.socdem.org\/?attachment_id=28568\" class=\"wp-image-28568\" srcset=\"https:\/\/www.socdem.org\/wp-content\/uploads\/2020\/06\/F4776694-7C0D-453C-954C-2668538FD572.jpg 746w, https:\/\/www.socdem.org\/wp-content\/uploads\/2020\/06\/F4776694-7C0D-453C-954C-2668538FD572-233x300.jpg 233w\" sizes=\"auto, (max-width: 746px) 100vw, 746px\" \/><\/figure><\/li><\/ul><\/figure>\n","protected":false},"excerpt":{"rendered":"<p>At Socrates IV, we gathered our seven graduates in the gymnasium of our school on Tuesday, June 23rd, for their graduation. It is with great joy, excitement, and emotion that&#8230;<\/p>\n","protected":false},"author":23,"featured_media":28569,"comment_status":"closed","ping_status":"closed","sticky":false,"template":"","format":"standard","meta":{"_monsterinsights_skip_tracking":false,"_monsterinsights_sitenote_active":false,"_monsterinsights_sitenote_note":"","_monsterinsights_sitenote_category":0,"footnotes":""},"categories":[90,86],"tags":[],"class_list":{"0":"post-28572","1":"post","2":"type-post","3":"status-publish","4":"format-standard","5":"has-post-thumbnail","7":"category-news-4","8":"category-news-and-activities-english"},"yoast_head":"<!-- This site is optimized with the Yoast SEO plugin v27.5 - https:\/\/yoast.com\/product\/yoast-seo-wordpress\/ -->\n<title>Photos from the Socrates IV Campus Graduation - Primary School Socrates and Demosthenes<\/title>\n<meta name=\"robots\" content=\"index, follow, max-snippet:-1, max-image-preview:large, max-video-preview:-1\" \/>\n<link rel=\"canonical\" href=\"https:\/\/www.socdem.org\/en\/photos-from-the-socrates-iv-campus-graduation\/\" \/>\n<meta property=\"og:locale\" content=\"en_US\" \/>\n<meta property=\"og:type\" content=\"article\" \/>\n<meta property=\"og:title\" content=\"Photos from the Socrates IV Campus Graduation - Primary School Socrates and Demosthenes\" \/>\n<meta property=\"og:description\" content=\"At Socrates IV, we gathered our seven graduates in the gymnasium of our school on Tuesday, June 23rd, for their graduation. It is with great joy, excitement, and emotion that...\" \/>\n<meta property=\"og:url\" content=\"https:\/\/www.socdem.org\/en\/photos-from-the-socrates-iv-campus-graduation\/\" \/>\n<meta property=\"og:site_name\" content=\"Primary School Socrates and Demosthenes\" \/>\n<meta property=\"article:publisher\" content=\"https:\/\/www.facebook.com\/TheHCGM\/\" \/>\n<meta property=\"article:published_time\" content=\"2020-06-24T22:59:30+00:00\" \/>\n<meta property=\"article:modified_time\" content=\"2020-06-24T22:59:31+00:00\" \/>\n<meta property=\"og:image\" content=\"https:\/\/www.socdem.org\/wp-content\/uploads\/2020\/06\/F4776694-7C0D-453C-954C-2668538FD572.jpg\" \/>\n\t<meta property=\"og:image:width\" content=\"746\" \/>\n\t<meta property=\"og:image:height\" content=\"960\" \/>\n\t<meta property=\"og:image:type\" content=\"image\/jpeg\" \/>\n<meta name=\"author\" content=\"avournias\" \/>\n<meta name=\"twitter:card\" content=\"summary_large_image\" \/>\n<meta name=\"twitter:label1\" content=\"Written by\" \/>\n\t<meta name=\"twitter:data1\" content=\"avournias\" \/>\n<script type=\"application\/ld+json\" class=\"yoast-schema-graph\">{\"@context\":\"https:\\\/\\\/schema.org\",\"@graph\":[{\"@type\":\"Article\",\"@id\":\"https:\\\/\\\/www.socdem.org\\\/en\\\/photos-from-the-socrates-iv-campus-graduation\\\/#article\",\"isPartOf\":{\"@id\":\"https:\\\/\\\/www.socdem.org\\\/en\\\/photos-from-the-socrates-iv-campus-graduation\\\/\"},\"author\":{\"name\":\"avournias\",\"@id\":\"https:\\\/\\\/www.socdem.org\\\/en\\\/#\\\/schema\\\/person\\\/3d4208f100317a6251846d5d4fcb6e6f\"},\"headline\":\"Photos from the Socrates IV Campus Graduation\",\"datePublished\":\"2020-06-24T22:59:30+00:00\",\"dateModified\":\"2020-06-24T22:59:31+00:00\",\"mainEntityOfPage\":{\"@id\":\"https:\\\/\\\/www.socdem.org\\\/en\\\/photos-from-the-socrates-iv-campus-graduation\\\/\"},\"wordCount\":58,\"publisher\":{\"@id\":\"https:\\\/\\\/www.socdem.org\\\/en\\\/#organization\"},\"image\":{\"@id\":\"https:\\\/\\\/www.socdem.org\\\/en\\\/photos-from-the-socrates-iv-campus-graduation\\\/#primaryimage\"},\"thumbnailUrl\":\"https:\\\/\\\/www.socdem.org\\\/wp-content\\\/uploads\\\/2020\\\/06\\\/F4776694-7C0D-453C-954C-2668538FD572.jpg\",\"articleSection\":[\"News 4\",\"News and Activities english\"],\"inLanguage\":\"en-US\"},{\"@type\":\"WebPage\",\"@id\":\"https:\\\/\\\/www.socdem.org\\\/en\\\/photos-from-the-socrates-iv-campus-graduation\\\/\",\"url\":\"https:\\\/\\\/www.socdem.org\\\/en\\\/photos-from-the-socrates-iv-campus-graduation\\\/\",\"name\":\"Photos from the Socrates IV Campus Graduation - Primary School Socrates and Demosthenes\",\"isPartOf\":{\"@id\":\"https:\\\/\\\/www.socdem.org\\\/en\\\/#website\"},\"primaryImageOfPage\":{\"@id\":\"https:\\\/\\\/www.socdem.org\\\/en\\\/photos-from-the-socrates-iv-campus-graduation\\\/#primaryimage\"},\"image\":{\"@id\":\"https:\\\/\\\/www.socdem.org\\\/en\\\/photos-from-the-socrates-iv-campus-graduation\\\/#primaryimage\"},\"thumbnailUrl\":\"https:\\\/\\\/www.socdem.org\\\/wp-content\\\/uploads\\\/2020\\\/06\\\/F4776694-7C0D-453C-954C-2668538FD572.jpg\",\"datePublished\":\"2020-06-24T22:59:30+00:00\",\"dateModified\":\"2020-06-24T22:59:31+00:00\",\"breadcrumb\":{\"@id\":\"https:\\\/\\\/www.socdem.org\\\/en\\\/photos-from-the-socrates-iv-campus-graduation\\\/#breadcrumb\"},\"inLanguage\":\"en-US\",\"potentialAction\":[{\"@type\":\"ReadAction\",\"target\":[\"https:\\\/\\\/www.socdem.org\\\/en\\\/photos-from-the-socrates-iv-campus-graduation\\\/\"]}]},{\"@type\":\"ImageObject\",\"inLanguage\":\"en-US\",\"@id\":\"https:\\\/\\\/www.socdem.org\\\/en\\\/photos-from-the-socrates-iv-campus-graduation\\\/#primaryimage\",\"url\":\"https:\\\/\\\/www.socdem.org\\\/wp-content\\\/uploads\\\/2020\\\/06\\\/F4776694-7C0D-453C-954C-2668538FD572.jpg\",\"contentUrl\":\"https:\\\/\\\/www.socdem.org\\\/wp-content\\\/uploads\\\/2020\\\/06\\\/F4776694-7C0D-453C-954C-2668538FD572.jpg\",\"width\":746,\"height\":960},{\"@type\":\"BreadcrumbList\",\"@id\":\"https:\\\/\\\/www.socdem.org\\\/en\\\/photos-from-the-socrates-iv-campus-graduation\\\/#breadcrumb\",\"itemListElement\":[{\"@type\":\"ListItem\",\"position\":1,\"name\":\"Accueil\",\"item\":\"https:\\\/\\\/www.socdem.org\\\/en\\\/\"},{\"@type\":\"ListItem\",\"position\":2,\"name\":\"Photos from the Socrates IV Campus Graduation\"}]},{\"@type\":\"WebSite\",\"@id\":\"https:\\\/\\\/www.socdem.org\\\/en\\\/#website\",\"url\":\"https:\\\/\\\/www.socdem.org\\\/en\\\/\",\"name\":\"\u00c9cole Socrates-D\u00e9mosth\u00e8ne\",\"description\":\"Five trilingual greek primary schools of Greater Montreal.\",\"publisher\":{\"@id\":\"https:\\\/\\\/www.socdem.org\\\/en\\\/#organization\"},\"potentialAction\":[{\"@type\":\"SearchAction\",\"target\":{\"@type\":\"EntryPoint\",\"urlTemplate\":\"https:\\\/\\\/www.socdem.org\\\/en\\\/?s={search_term_string}\"},\"query-input\":{\"@type\":\"PropertyValueSpecification\",\"valueRequired\":true,\"valueName\":\"search_term_string\"}}],\"inLanguage\":\"en-US\"},{\"@type\":\"Organization\",\"@id\":\"https:\\\/\\\/www.socdem.org\\\/en\\\/#organization\",\"name\":\"\u00c9cole Socrates-D\u00e9mosth\u00e8ne\",\"url\":\"https:\\\/\\\/www.socdem.org\\\/en\\\/\",\"logo\":{\"@type\":\"ImageObject\",\"inLanguage\":\"en-US\",\"@id\":\"https:\\\/\\\/www.socdem.org\\\/en\\\/#\\\/schema\\\/logo\\\/image\\\/\",\"url\":\"https:\\\/\\\/www.socdem.org\\\/wp-content\\\/uploads\\\/2014\\\/03\\\/SOC-DEM-LOGO-NAME.jpg\",\"contentUrl\":\"https:\\\/\\\/www.socdem.org\\\/wp-content\\\/uploads\\\/2014\\\/03\\\/SOC-DEM-LOGO-NAME.jpg\",\"width\":\"8485\",\"height\":\"4200\",\"caption\":\"\u00c9cole Socrates-D\u00e9mosth\u00e8ne\"},\"image\":{\"@id\":\"https:\\\/\\\/www.socdem.org\\\/en\\\/#\\\/schema\\\/logo\\\/image\\\/\"},\"sameAs\":[\"https:\\\/\\\/www.facebook.com\\\/TheHCGM\\\/\",\"https:\\\/\\\/www.instagram.com\\\/p\\\/BnE965PhJU7\\\/?hl=en\"]},{\"@type\":\"Person\",\"@id\":\"https:\\\/\\\/www.socdem.org\\\/en\\\/#\\\/schema\\\/person\\\/3d4208f100317a6251846d5d4fcb6e6f\",\"name\":\"avournias\",\"image\":{\"@type\":\"ImageObject\",\"inLanguage\":\"en-US\",\"@id\":\"https:\\\/\\\/secure.gravatar.com\\\/avatar\\\/e44d940614c28c716a6912b81868ef19a508fe61c65c7dbdb4825236cbaa5364?s=96&d=mm&r=g\",\"url\":\"https:\\\/\\\/secure.gravatar.com\\\/avatar\\\/e44d940614c28c716a6912b81868ef19a508fe61c65c7dbdb4825236cbaa5364?s=96&d=mm&r=g\",\"contentUrl\":\"https:\\\/\\\/secure.gravatar.com\\\/avatar\\\/e44d940614c28c716a6912b81868ef19a508fe61c65c7dbdb4825236cbaa5364?s=96&d=mm&r=g\",\"caption\":\"avournias\"},\"sameAs\":[\"http:\\\/\\\/socdem.wpengine.com\"],\"url\":\"https:\\\/\\\/www.socdem.org\\\/en\\\/author\\\/avournias\\\/\"}]}<\/script>\n<!-- \/ Yoast SEO plugin. -->","yoast_head_json":{"title":"Photos from the Socrates IV Campus Graduation - Primary School Socrates and Demosthenes","robots":{"index":"index","follow":"follow","max-snippet":"max-snippet:-1","max-image-preview":"max-image-preview:large","max-video-preview":"max-video-preview:-1"},"canonical":"https:\/\/www.socdem.org\/en\/photos-from-the-socrates-iv-campus-graduation\/","og_locale":"en_US","og_type":"article","og_title":"Photos from the Socrates IV Campus Graduation - Primary School Socrates and Demosthenes","og_description":"At Socrates IV, we gathered our seven graduates in the gymnasium of our school on Tuesday, June 23rd, for their graduation. It is with great joy, excitement, and emotion that...","og_url":"https:\/\/www.socdem.org\/en\/photos-from-the-socrates-iv-campus-graduation\/","og_site_name":"Primary School Socrates and Demosthenes","article_publisher":"https:\/\/www.facebook.com\/TheHCGM\/","article_published_time":"2020-06-24T22:59:30+00:00","article_modified_time":"2020-06-24T22:59:31+00:00","og_image":[{"width":746,"height":960,"url":"https:\/\/www.socdem.org\/wp-content\/uploads\/2020\/06\/F4776694-7C0D-453C-954C-2668538FD572.jpg","type":"image\/jpeg"}],"author":"avournias","twitter_card":"summary_large_image","twitter_misc":{"Written by":"avournias"},"schema":{"@context":"https:\/\/schema.org","@graph":[{"@type":"Article","@id":"https:\/\/www.socdem.org\/en\/photos-from-the-socrates-iv-campus-graduation\/#article","isPartOf":{"@id":"https:\/\/www.socdem.org\/en\/photos-from-the-socrates-iv-campus-graduation\/"},"author":{"name":"avournias","@id":"https:\/\/www.socdem.org\/en\/#\/schema\/person\/3d4208f100317a6251846d5d4fcb6e6f"},"headline":"Photos from the Socrates IV Campus Graduation","datePublished":"2020-06-24T22:59:30+00:00","dateModified":"2020-06-24T22:59:31+00:00","mainEntityOfPage":{"@id":"https:\/\/www.socdem.org\/en\/photos-from-the-socrates-iv-campus-graduation\/"},"wordCount":58,"publisher":{"@id":"https:\/\/www.socdem.org\/en\/#organization"},"image":{"@id":"https:\/\/www.socdem.org\/en\/photos-from-the-socrates-iv-campus-graduation\/#primaryimage"},"thumbnailUrl":"https:\/\/www.socdem.org\/wp-content\/uploads\/2020\/06\/F4776694-7C0D-453C-954C-2668538FD572.jpg","articleSection":["News 4","News and Activities english"],"inLanguage":"en-US"},{"@type":"WebPage","@id":"https:\/\/www.socdem.org\/en\/photos-from-the-socrates-iv-campus-graduation\/","url":"https:\/\/www.socdem.org\/en\/photos-from-the-socrates-iv-campus-graduation\/","name":"Photos from the Socrates IV Campus Graduation - Primary School Socrates and Demosthenes","isPartOf":{"@id":"https:\/\/www.socdem.org\/en\/#website"},"primaryImageOfPage":{"@id":"https:\/\/www.socdem.org\/en\/photos-from-the-socrates-iv-campus-graduation\/#primaryimage"},"image":{"@id":"https:\/\/www.socdem.org\/en\/photos-from-the-socrates-iv-campus-graduation\/#primaryimage"},"thumbnailUrl":"https:\/\/www.socdem.org\/wp-content\/uploads\/2020\/06\/F4776694-7C0D-453C-954C-2668538FD572.jpg","datePublished":"2020-06-24T22:59:30+00:00","dateModified":"2020-06-24T22:59:31+00:00","breadcrumb":{"@id":"https:\/\/www.socdem.org\/en\/photos-from-the-socrates-iv-campus-graduation\/#breadcrumb"},"inLanguage":"en-US","potentialAction":[{"@type":"ReadAction","target":["https:\/\/www.socdem.org\/en\/photos-from-the-socrates-iv-campus-graduation\/"]}]},{"@type":"ImageObject","inLanguage":"en-US","@id":"https:\/\/www.socdem.org\/en\/photos-from-the-socrates-iv-campus-graduation\/#primaryimage","url":"https:\/\/www.socdem.org\/wp-content\/uploads\/2020\/06\/F4776694-7C0D-453C-954C-2668538FD572.jpg","contentUrl":"https:\/\/www.socdem.org\/wp-content\/uploads\/2020\/06\/F4776694-7C0D-453C-954C-2668538FD572.jpg","width":746,"height":960},{"@type":"BreadcrumbList","@id":"https:\/\/www.socdem.org\/en\/photos-from-the-socrates-iv-campus-graduation\/#breadcrumb","itemListElement":[{"@type":"ListItem","position":1,"name":"Accueil","item":"https:\/\/www.socdem.org\/en\/"},{"@type":"ListItem","position":2,"name":"Photos from the Socrates IV Campus Graduation"}]},{"@type":"WebSite","@id":"https:\/\/www.socdem.org\/en\/#website","url":"https:\/\/www.socdem.org\/en\/","name":"\u00c9cole Socrates-D\u00e9mosth\u00e8ne","description":"Five trilingual greek primary schools of Greater Montreal.","publisher":{"@id":"https:\/\/www.socdem.org\/en\/#organization"},"potentialAction":[{"@type":"SearchAction","target":{"@type":"EntryPoint","urlTemplate":"https:\/\/www.socdem.org\/en\/?s={search_term_string}"},"query-input":{"@type":"PropertyValueSpecification","valueRequired":true,"valueName":"search_term_string"}}],"inLanguage":"en-US"},{"@type":"Organization","@id":"https:\/\/www.socdem.org\/en\/#organization","name":"\u00c9cole Socrates-D\u00e9mosth\u00e8ne","url":"https:\/\/www.socdem.org\/en\/","logo":{"@type":"ImageObject","inLanguage":"en-US","@id":"https:\/\/www.socdem.org\/en\/#\/schema\/logo\/image\/","url":"https:\/\/www.socdem.org\/wp-content\/uploads\/2014\/03\/SOC-DEM-LOGO-NAME.jpg","contentUrl":"https:\/\/www.socdem.org\/wp-content\/uploads\/2014\/03\/SOC-DEM-LOGO-NAME.jpg","width":"8485","height":"4200","caption":"\u00c9cole Socrates-D\u00e9mosth\u00e8ne"},"image":{"@id":"https:\/\/www.socdem.org\/en\/#\/schema\/logo\/image\/"},"sameAs":["https:\/\/www.facebook.com\/TheHCGM\/","https:\/\/www.instagram.com\/p\/BnE965PhJU7\/?hl=en"]},{"@type":"Person","@id":"https:\/\/www.socdem.org\/en\/#\/schema\/person\/3d4208f100317a6251846d5d4fcb6e6f","name":"avournias","image":{"@type":"ImageObject","inLanguage":"en-US","@id":"https:\/\/secure.gravatar.com\/avatar\/e44d940614c28c716a6912b81868ef19a508fe61c65c7dbdb4825236cbaa5364?s=96&d=mm&r=g","url":"https:\/\/secure.gravatar.com\/avatar\/e44d940614c28c716a6912b81868ef19a508fe61c65c7dbdb4825236cbaa5364?s=96&d=mm&r=g","contentUrl":"https:\/\/secure.gravatar.com\/avatar\/e44d940614c28c716a6912b81868ef19a508fe61c65c7dbdb4825236cbaa5364?s=96&d=mm&r=g","caption":"avournias"},"sameAs":["http:\/\/socdem.wpengine.com"],"url":"https:\/\/www.socdem.org\/en\/author\/avournias\/"}]}},"_links":{"self":[{"href":"https:\/\/www.socdem.org\/en\/wp-json\/wp\/v2\/posts\/28572","targetHints":{"allow":["GET"]}}],"collection":[{"href":"https:\/\/www.socdem.org\/en\/wp-json\/wp\/v2\/posts"}],"about":[{"href":"https:\/\/www.socdem.org\/en\/wp-json\/wp\/v2\/types\/post"}],"author":[{"embeddable":true,"href":"https:\/\/www.socdem.org\/en\/wp-json\/wp\/v2\/users\/23"}],"replies":[{"embeddable":true,"href":"https:\/\/www.socdem.org\/en\/wp-json\/wp\/v2\/comments?post=28572"}],"version-history":[{"count":0,"href":"https:\/\/www.socdem.org\/en\/wp-json\/wp\/v2\/posts\/28572\/revisions"}],"wp:featuredmedia":[{"embeddable":true,"href":"https:\/\/www.socdem.org\/en\/wp-json\/wp\/v2\/media\/28569"}],"wp:attachment":[{"href":"https:\/\/www.socdem.org\/en\/wp-json\/wp\/v2\/media?parent=28572"}],"wp:term":[{"taxonomy":"category","embeddable":true,"href":"https:\/\/www.socdem.org\/en\/wp-json\/wp\/v2\/categories?post=28572"},{"taxonomy":"post_tag","embeddable":true,"href":"https:\/\/www.socdem.org\/en\/wp-json\/wp\/v2\/tags?post=28572"}],"curies":[{"name":"wp","href":"https:\/\/api.w.org\/{rel}","templated":true}]}}