{"id":30694,"date":"2021-04-07T15:33:51","date_gmt":"2021-04-07T19:33:51","guid":{"rendered":"https:\/\/www.socdem.org\/?p=30694"},"modified":"2021-04-07T15:33:54","modified_gmt":"2021-04-07T19:33:54","slug":"world-childrens-book-day-at-socrates-iii","status":"publish","type":"post","link":"https:\/\/www.socdem.org\/en\/world-childrens-book-day-at-socrates-iii\/","title":{"rendered":"World Children&#8217;s Book Day at Socrates III"},"content":{"rendered":"\n<p>International Children&#8217;s Book Day is celebrated every year on April 2nd, which marks the birthday of Hans Christian Andersen. This great Danish author has created plays, novels and poems, but he is best known for his fairy tales, such as &#8220;The Little Mermaid&#8221;, &#8220;The Ugly Duckling&#8221; and &#8220;The Emperor&#8217;s New Clothes. &#8220;.<\/p>\n\n\n\n<p>The little ones at Socrates III campus really enjoyed celebrating this day. They performed their favorite fairy tales, such as \u201cThe Lion and the Mouse\u201d and \u201cThe 3 Little Pigs\u201d.<\/p>\n\n\n\n<p>Our students created their own fairy tales; The Cat and the Dog Are Friends, The Tiger and the Monkey Go to School, The Ladybug and the Bee Make Spring&#8230;<\/p>\n\n\n\n<p>They had a wonderful day, celebrating their beloved books and fairy tales.<\/p>\n\n\n\n<figure class=\"wp-block-image is-style-default\"><img decoding=\"async\" src=\"https:\/\/ci3.googleusercontent.com\/proxy\/oUBDM52G7P3q1uEyV9iR9HqhoA-0rZSShQEYbmxd5FZydGj4ggYZUXEsHf_5sQ0FNfq0SUePm0IQvrQFT8JxKDsCDaiINlwjWrWDY_-_P-bR02jigYil8Ayf9JMykhJwgkVGEVqyUMv8-xiqiFUKaUhNml9spXOHROih_Q=s0-d-e1-ft#https:\/\/mcusercontent.com\/a2a5cd6716c4aae4b0d1133b9\/_compresseds\/90e5fc74-2f33-4598-95d5-8e2fbce80cba.jpg\" alt=\"\"\/><\/figure>\n","protected":false},"excerpt":{"rendered":"<p>International Children&#8217;s Book Day is celebrated every year on April 2nd, which marks the birthday of Hans Christian Andersen. This great Danish author has created plays, novels and poems, but&#8230;<\/p>\n","protected":false},"author":23,"featured_media":30691,"comment_status":"closed","ping_status":"closed","sticky":false,"template":"","format":"standard","meta":{"_monsterinsights_skip_tracking":false,"_monsterinsights_sitenote_active":false,"_monsterinsights_sitenote_note":"","_monsterinsights_sitenote_category":0,"footnotes":""},"categories":[89,86],"tags":[],"class_list":{"0":"post-30694","1":"post","2":"type-post","3":"status-publish","4":"format-standard","5":"has-post-thumbnail","7":"category-news-3","8":"category-news-and-activities-english"},"yoast_head":"<!-- This site is optimized with the Yoast SEO plugin v27.5 - https:\/\/yoast.com\/product\/yoast-seo-wordpress\/ -->\n<title>World Children&#039;s Book Day at Socrates III - Primary School Socrates and Demosthenes<\/title>\n<meta name=\"robots\" content=\"index, follow, max-snippet:-1, max-image-preview:large, max-video-preview:-1\" \/>\n<link rel=\"canonical\" href=\"https:\/\/www.socdem.org\/en\/world-childrens-book-day-at-socrates-iii\/\" \/>\n<meta property=\"og:locale\" content=\"en_US\" \/>\n<meta property=\"og:type\" content=\"article\" \/>\n<meta property=\"og:title\" content=\"World Children&#039;s Book Day at Socrates III - Primary School Socrates and Demosthenes\" \/>\n<meta property=\"og:description\" content=\"International Children&#8217;s Book Day is celebrated every year on April 2nd, which marks the birthday of Hans Christian Andersen. This great Danish author has created plays, novels and poems, but...\" \/>\n<meta property=\"og:url\" content=\"https:\/\/www.socdem.org\/en\/world-childrens-book-day-at-socrates-iii\/\" \/>\n<meta property=\"og:site_name\" content=\"Primary School Socrates and Demosthenes\" \/>\n<meta property=\"article:publisher\" content=\"https:\/\/www.facebook.com\/TheHCGM\/\" \/>\n<meta property=\"article:published_time\" content=\"2021-04-07T19:33:51+00:00\" \/>\n<meta property=\"article:modified_time\" content=\"2021-04-07T19:33:54+00:00\" \/>\n<meta property=\"og:image\" content=\"https:\/\/www.socdem.org\/wp-content\/uploads\/2021\/04\/livre.png\" \/>\n\t<meta property=\"og:image:width\" content=\"418\" \/>\n\t<meta property=\"og:image:height\" content=\"370\" \/>\n\t<meta property=\"og:image:type\" content=\"image\/png\" \/>\n<meta name=\"author\" content=\"avournias\" \/>\n<meta name=\"twitter:card\" content=\"summary_large_image\" \/>\n<meta name=\"twitter:label1\" content=\"Written by\" \/>\n\t<meta name=\"twitter:data1\" content=\"avournias\" \/>\n\t<meta name=\"twitter:label2\" content=\"Est. reading time\" \/>\n\t<meta name=\"twitter:data2\" content=\"1 minute\" \/>\n<script type=\"application\/ld+json\" class=\"yoast-schema-graph\">{\"@context\":\"https:\\\/\\\/schema.org\",\"@graph\":[{\"@type\":\"Article\",\"@id\":\"https:\\\/\\\/www.socdem.org\\\/en\\\/world-childrens-book-day-at-socrates-iii\\\/#article\",\"isPartOf\":{\"@id\":\"https:\\\/\\\/www.socdem.org\\\/en\\\/world-childrens-book-day-at-socrates-iii\\\/\"},\"author\":{\"name\":\"avournias\",\"@id\":\"https:\\\/\\\/www.socdem.org\\\/en\\\/#\\\/schema\\\/person\\\/3d4208f100317a6251846d5d4fcb6e6f\"},\"headline\":\"World Children&#8217;s Book Day at Socrates III\",\"datePublished\":\"2021-04-07T19:33:51+00:00\",\"dateModified\":\"2021-04-07T19:33:54+00:00\",\"mainEntityOfPage\":{\"@id\":\"https:\\\/\\\/www.socdem.org\\\/en\\\/world-childrens-book-day-at-socrates-iii\\\/\"},\"wordCount\":128,\"publisher\":{\"@id\":\"https:\\\/\\\/www.socdem.org\\\/en\\\/#organization\"},\"image\":{\"@id\":\"https:\\\/\\\/www.socdem.org\\\/en\\\/world-childrens-book-day-at-socrates-iii\\\/#primaryimage\"},\"thumbnailUrl\":\"https:\\\/\\\/www.socdem.org\\\/wp-content\\\/uploads\\\/2021\\\/04\\\/livre.png\",\"articleSection\":[\"News 3\",\"News and Activities english\"],\"inLanguage\":\"en-US\"},{\"@type\":\"WebPage\",\"@id\":\"https:\\\/\\\/www.socdem.org\\\/en\\\/world-childrens-book-day-at-socrates-iii\\\/\",\"url\":\"https:\\\/\\\/www.socdem.org\\\/en\\\/world-childrens-book-day-at-socrates-iii\\\/\",\"name\":\"World Children's Book Day at Socrates III - Primary School Socrates and Demosthenes\",\"isPartOf\":{\"@id\":\"https:\\\/\\\/www.socdem.org\\\/en\\\/#website\"},\"primaryImageOfPage\":{\"@id\":\"https:\\\/\\\/www.socdem.org\\\/en\\\/world-childrens-book-day-at-socrates-iii\\\/#primaryimage\"},\"image\":{\"@id\":\"https:\\\/\\\/www.socdem.org\\\/en\\\/world-childrens-book-day-at-socrates-iii\\\/#primaryimage\"},\"thumbnailUrl\":\"https:\\\/\\\/www.socdem.org\\\/wp-content\\\/uploads\\\/2021\\\/04\\\/livre.png\",\"datePublished\":\"2021-04-07T19:33:51+00:00\",\"dateModified\":\"2021-04-07T19:33:54+00:00\",\"breadcrumb\":{\"@id\":\"https:\\\/\\\/www.socdem.org\\\/en\\\/world-childrens-book-day-at-socrates-iii\\\/#breadcrumb\"},\"inLanguage\":\"en-US\",\"potentialAction\":[{\"@type\":\"ReadAction\",\"target\":[\"https:\\\/\\\/www.socdem.org\\\/en\\\/world-childrens-book-day-at-socrates-iii\\\/\"]}]},{\"@type\":\"ImageObject\",\"inLanguage\":\"en-US\",\"@id\":\"https:\\\/\\\/www.socdem.org\\\/en\\\/world-childrens-book-day-at-socrates-iii\\\/#primaryimage\",\"url\":\"https:\\\/\\\/www.socdem.org\\\/wp-content\\\/uploads\\\/2021\\\/04\\\/livre.png\",\"contentUrl\":\"https:\\\/\\\/www.socdem.org\\\/wp-content\\\/uploads\\\/2021\\\/04\\\/livre.png\",\"width\":418,\"height\":370},{\"@type\":\"BreadcrumbList\",\"@id\":\"https:\\\/\\\/www.socdem.org\\\/en\\\/world-childrens-book-day-at-socrates-iii\\\/#breadcrumb\",\"itemListElement\":[{\"@type\":\"ListItem\",\"position\":1,\"name\":\"Accueil\",\"item\":\"https:\\\/\\\/www.socdem.org\\\/en\\\/\"},{\"@type\":\"ListItem\",\"position\":2,\"name\":\"World Children&#8217;s Book Day at Socrates III\"}]},{\"@type\":\"WebSite\",\"@id\":\"https:\\\/\\\/www.socdem.org\\\/en\\\/#website\",\"url\":\"https:\\\/\\\/www.socdem.org\\\/en\\\/\",\"name\":\"\u00c9cole Socrates-D\u00e9mosth\u00e8ne\",\"description\":\"Five trilingual greek primary schools of Greater Montreal.\",\"publisher\":{\"@id\":\"https:\\\/\\\/www.socdem.org\\\/en\\\/#organization\"},\"potentialAction\":[{\"@type\":\"SearchAction\",\"target\":{\"@type\":\"EntryPoint\",\"urlTemplate\":\"https:\\\/\\\/www.socdem.org\\\/en\\\/?s={search_term_string}\"},\"query-input\":{\"@type\":\"PropertyValueSpecification\",\"valueRequired\":true,\"valueName\":\"search_term_string\"}}],\"inLanguage\":\"en-US\"},{\"@type\":\"Organization\",\"@id\":\"https:\\\/\\\/www.socdem.org\\\/en\\\/#organization\",\"name\":\"\u00c9cole Socrates-D\u00e9mosth\u00e8ne\",\"url\":\"https:\\\/\\\/www.socdem.org\\\/en\\\/\",\"logo\":{\"@type\":\"ImageObject\",\"inLanguage\":\"en-US\",\"@id\":\"https:\\\/\\\/www.socdem.org\\\/en\\\/#\\\/schema\\\/logo\\\/image\\\/\",\"url\":\"https:\\\/\\\/www.socdem.org\\\/wp-content\\\/uploads\\\/2014\\\/03\\\/SOC-DEM-LOGO-NAME.jpg\",\"contentUrl\":\"https:\\\/\\\/www.socdem.org\\\/wp-content\\\/uploads\\\/2014\\\/03\\\/SOC-DEM-LOGO-NAME.jpg\",\"width\":\"8485\",\"height\":\"4200\",\"caption\":\"\u00c9cole Socrates-D\u00e9mosth\u00e8ne\"},\"image\":{\"@id\":\"https:\\\/\\\/www.socdem.org\\\/en\\\/#\\\/schema\\\/logo\\\/image\\\/\"},\"sameAs\":[\"https:\\\/\\\/www.facebook.com\\\/TheHCGM\\\/\",\"https:\\\/\\\/www.instagram.com\\\/p\\\/BnE965PhJU7\\\/?hl=en\"]},{\"@type\":\"Person\",\"@id\":\"https:\\\/\\\/www.socdem.org\\\/en\\\/#\\\/schema\\\/person\\\/3d4208f100317a6251846d5d4fcb6e6f\",\"name\":\"avournias\",\"image\":{\"@type\":\"ImageObject\",\"inLanguage\":\"en-US\",\"@id\":\"https:\\\/\\\/secure.gravatar.com\\\/avatar\\\/e44d940614c28c716a6912b81868ef19a508fe61c65c7dbdb4825236cbaa5364?s=96&d=mm&r=g\",\"url\":\"https:\\\/\\\/secure.gravatar.com\\\/avatar\\\/e44d940614c28c716a6912b81868ef19a508fe61c65c7dbdb4825236cbaa5364?s=96&d=mm&r=g\",\"contentUrl\":\"https:\\\/\\\/secure.gravatar.com\\\/avatar\\\/e44d940614c28c716a6912b81868ef19a508fe61c65c7dbdb4825236cbaa5364?s=96&d=mm&r=g\",\"caption\":\"avournias\"},\"sameAs\":[\"http:\\\/\\\/socdem.wpengine.com\"],\"url\":\"https:\\\/\\\/www.socdem.org\\\/en\\\/author\\\/avournias\\\/\"}]}<\/script>\n<!-- \/ Yoast SEO plugin. -->","yoast_head_json":{"title":"World Children's Book Day at Socrates III - Primary School Socrates and Demosthenes","robots":{"index":"index","follow":"follow","max-snippet":"max-snippet:-1","max-image-preview":"max-image-preview:large","max-video-preview":"max-video-preview:-1"},"canonical":"https:\/\/www.socdem.org\/en\/world-childrens-book-day-at-socrates-iii\/","og_locale":"en_US","og_type":"article","og_title":"World Children's Book Day at Socrates III - Primary School Socrates and Demosthenes","og_description":"International Children&#8217;s Book Day is celebrated every year on April 2nd, which marks the birthday of Hans Christian Andersen. This great Danish author has created plays, novels and poems, but...","og_url":"https:\/\/www.socdem.org\/en\/world-childrens-book-day-at-socrates-iii\/","og_site_name":"Primary School Socrates and Demosthenes","article_publisher":"https:\/\/www.facebook.com\/TheHCGM\/","article_published_time":"2021-04-07T19:33:51+00:00","article_modified_time":"2021-04-07T19:33:54+00:00","og_image":[{"width":418,"height":370,"url":"https:\/\/www.socdem.org\/wp-content\/uploads\/2021\/04\/livre.png","type":"image\/png"}],"author":"avournias","twitter_card":"summary_large_image","twitter_misc":{"Written by":"avournias","Est. reading time":"1 minute"},"schema":{"@context":"https:\/\/schema.org","@graph":[{"@type":"Article","@id":"https:\/\/www.socdem.org\/en\/world-childrens-book-day-at-socrates-iii\/#article","isPartOf":{"@id":"https:\/\/www.socdem.org\/en\/world-childrens-book-day-at-socrates-iii\/"},"author":{"name":"avournias","@id":"https:\/\/www.socdem.org\/en\/#\/schema\/person\/3d4208f100317a6251846d5d4fcb6e6f"},"headline":"World Children&#8217;s Book Day at Socrates III","datePublished":"2021-04-07T19:33:51+00:00","dateModified":"2021-04-07T19:33:54+00:00","mainEntityOfPage":{"@id":"https:\/\/www.socdem.org\/en\/world-childrens-book-day-at-socrates-iii\/"},"wordCount":128,"publisher":{"@id":"https:\/\/www.socdem.org\/en\/#organization"},"image":{"@id":"https:\/\/www.socdem.org\/en\/world-childrens-book-day-at-socrates-iii\/#primaryimage"},"thumbnailUrl":"https:\/\/www.socdem.org\/wp-content\/uploads\/2021\/04\/livre.png","articleSection":["News 3","News and Activities english"],"inLanguage":"en-US"},{"@type":"WebPage","@id":"https:\/\/www.socdem.org\/en\/world-childrens-book-day-at-socrates-iii\/","url":"https:\/\/www.socdem.org\/en\/world-childrens-book-day-at-socrates-iii\/","name":"World Children's Book Day at Socrates III - Primary School Socrates and Demosthenes","isPartOf":{"@id":"https:\/\/www.socdem.org\/en\/#website"},"primaryImageOfPage":{"@id":"https:\/\/www.socdem.org\/en\/world-childrens-book-day-at-socrates-iii\/#primaryimage"},"image":{"@id":"https:\/\/www.socdem.org\/en\/world-childrens-book-day-at-socrates-iii\/#primaryimage"},"thumbnailUrl":"https:\/\/www.socdem.org\/wp-content\/uploads\/2021\/04\/livre.png","datePublished":"2021-04-07T19:33:51+00:00","dateModified":"2021-04-07T19:33:54+00:00","breadcrumb":{"@id":"https:\/\/www.socdem.org\/en\/world-childrens-book-day-at-socrates-iii\/#breadcrumb"},"inLanguage":"en-US","potentialAction":[{"@type":"ReadAction","target":["https:\/\/www.socdem.org\/en\/world-childrens-book-day-at-socrates-iii\/"]}]},{"@type":"ImageObject","inLanguage":"en-US","@id":"https:\/\/www.socdem.org\/en\/world-childrens-book-day-at-socrates-iii\/#primaryimage","url":"https:\/\/www.socdem.org\/wp-content\/uploads\/2021\/04\/livre.png","contentUrl":"https:\/\/www.socdem.org\/wp-content\/uploads\/2021\/04\/livre.png","width":418,"height":370},{"@type":"BreadcrumbList","@id":"https:\/\/www.socdem.org\/en\/world-childrens-book-day-at-socrates-iii\/#breadcrumb","itemListElement":[{"@type":"ListItem","position":1,"name":"Accueil","item":"https:\/\/www.socdem.org\/en\/"},{"@type":"ListItem","position":2,"name":"World Children&#8217;s Book Day at Socrates III"}]},{"@type":"WebSite","@id":"https:\/\/www.socdem.org\/en\/#website","url":"https:\/\/www.socdem.org\/en\/","name":"\u00c9cole Socrates-D\u00e9mosth\u00e8ne","description":"Five trilingual greek primary schools of Greater Montreal.","publisher":{"@id":"https:\/\/www.socdem.org\/en\/#organization"},"potentialAction":[{"@type":"SearchAction","target":{"@type":"EntryPoint","urlTemplate":"https:\/\/www.socdem.org\/en\/?s={search_term_string}"},"query-input":{"@type":"PropertyValueSpecification","valueRequired":true,"valueName":"search_term_string"}}],"inLanguage":"en-US"},{"@type":"Organization","@id":"https:\/\/www.socdem.org\/en\/#organization","name":"\u00c9cole Socrates-D\u00e9mosth\u00e8ne","url":"https:\/\/www.socdem.org\/en\/","logo":{"@type":"ImageObject","inLanguage":"en-US","@id":"https:\/\/www.socdem.org\/en\/#\/schema\/logo\/image\/","url":"https:\/\/www.socdem.org\/wp-content\/uploads\/2014\/03\/SOC-DEM-LOGO-NAME.jpg","contentUrl":"https:\/\/www.socdem.org\/wp-content\/uploads\/2014\/03\/SOC-DEM-LOGO-NAME.jpg","width":"8485","height":"4200","caption":"\u00c9cole Socrates-D\u00e9mosth\u00e8ne"},"image":{"@id":"https:\/\/www.socdem.org\/en\/#\/schema\/logo\/image\/"},"sameAs":["https:\/\/www.facebook.com\/TheHCGM\/","https:\/\/www.instagram.com\/p\/BnE965PhJU7\/?hl=en"]},{"@type":"Person","@id":"https:\/\/www.socdem.org\/en\/#\/schema\/person\/3d4208f100317a6251846d5d4fcb6e6f","name":"avournias","image":{"@type":"ImageObject","inLanguage":"en-US","@id":"https:\/\/secure.gravatar.com\/avatar\/e44d940614c28c716a6912b81868ef19a508fe61c65c7dbdb4825236cbaa5364?s=96&d=mm&r=g","url":"https:\/\/secure.gravatar.com\/avatar\/e44d940614c28c716a6912b81868ef19a508fe61c65c7dbdb4825236cbaa5364?s=96&d=mm&r=g","contentUrl":"https:\/\/secure.gravatar.com\/avatar\/e44d940614c28c716a6912b81868ef19a508fe61c65c7dbdb4825236cbaa5364?s=96&d=mm&r=g","caption":"avournias"},"sameAs":["http:\/\/socdem.wpengine.com"],"url":"https:\/\/www.socdem.org\/en\/author\/avournias\/"}]}},"_links":{"self":[{"href":"https:\/\/www.socdem.org\/en\/wp-json\/wp\/v2\/posts\/30694","targetHints":{"allow":["GET"]}}],"collection":[{"href":"https:\/\/www.socdem.org\/en\/wp-json\/wp\/v2\/posts"}],"about":[{"href":"https:\/\/www.socdem.org\/en\/wp-json\/wp\/v2\/types\/post"}],"author":[{"embeddable":true,"href":"https:\/\/www.socdem.org\/en\/wp-json\/wp\/v2\/users\/23"}],"replies":[{"embeddable":true,"href":"https:\/\/www.socdem.org\/en\/wp-json\/wp\/v2\/comments?post=30694"}],"version-history":[{"count":2,"href":"https:\/\/www.socdem.org\/en\/wp-json\/wp\/v2\/posts\/30694\/revisions"}],"predecessor-version":[{"id":30696,"href":"https:\/\/www.socdem.org\/en\/wp-json\/wp\/v2\/posts\/30694\/revisions\/30696"}],"wp:featuredmedia":[{"embeddable":true,"href":"https:\/\/www.socdem.org\/en\/wp-json\/wp\/v2\/media\/30691"}],"wp:attachment":[{"href":"https:\/\/www.socdem.org\/en\/wp-json\/wp\/v2\/media?parent=30694"}],"wp:term":[{"taxonomy":"category","embeddable":true,"href":"https:\/\/www.socdem.org\/en\/wp-json\/wp\/v2\/categories?post=30694"},{"taxonomy":"post_tag","embeddable":true,"href":"https:\/\/www.socdem.org\/en\/wp-json\/wp\/v2\/tags?post=30694"}],"curies":[{"name":"wp","href":"https:\/\/api.w.org\/{rel}","templated":true}]}}