{"id":32105,"date":"2022-04-05T07:34:38","date_gmt":"2022-04-05T11:34:38","guid":{"rendered":"https:\/\/www.socdem.org\/?p=32105"},"modified":"2022-04-05T07:34:38","modified_gmt":"2022-04-05T11:34:38","slug":"the-daycare-service-of-the-socrates-demosthenes-school-celebrates-march-25th","status":"publish","type":"post","link":"https:\/\/www.socdem.org\/en\/the-daycare-service-of-the-socrates-demosthenes-school-celebrates-march-25th\/","title":{"rendered":"The daycare service of the Socrates-Demosthenes School celebrates March 25th!"},"content":{"rendered":"<p>Last March 25th, Greek Independence Day, was a pedagogical day at the Socrates-Demosthenes School.<br \/>\nAt the daycare services (SEP), each campus was able to show its creativity to celebrate this memorable day.<\/p>\n<p>Several activities related to the March 25th holiday have been organized for this purpose, culinary activities such as the preparation of carrot burgers (keftedakia), painting, the making of Greek flags, coloring on the theme of peace, etc.<\/p>\n<p>In addition, for each pedagogical day, the daycare service remains open to welcome pupils and offers specially themed fun activities.<\/p>\n<p>Here are some photos to illustrate the day:<\/p>\n<p><img loading=\"lazy\" decoding=\"async\" class=\"CToWUd a6T\" tabindex=\"0\" src=\"https:\/\/ci6.googleusercontent.com\/proxy\/lXCH6k9rP51-LXWcKXNsFBXyjMVTRSaNFgSNzSCIJtu_re7oq-ItXhwpkqOpSC7X_twnYDWotBr7iia2VkQUETXG-r6-z_8wTDFG7MrAx0i-j14cBdu0kSPKJMbqP20HqLmATlRIKwn3YLZSe978_y6C0Lthbr20PeVlyQ=s0-d-e1-ft#https:\/\/mcusercontent.com\/a2a5cd6716c4aae4b0d1133b9\/_compresseds\/dbf7a6e7-e526-7f90-9d6a-9515c716565a.jpg\" width=\"1066\" height=\"800\" \/><br \/>\n<img loading=\"lazy\" decoding=\"async\" class=\"CToWUd a6T\" tabindex=\"0\" src=\"https:\/\/ci3.googleusercontent.com\/proxy\/kwvL06NLM1epWQhConU-Gse4VeC0i186LzoAsp8icK2gooHZfv9qH9qgUOYQkjWdZ3fBDdYWjqs8YAoo6_ui5rg1d_V3rxsJlgu1iO2kiDlGtpvAItissKDT1bWeoWhslvB7Nrv1pcN4CV1XJv3v8zBo4uqp4LXQUa_nBw=s0-d-e1-ft#https:\/\/mcusercontent.com\/a2a5cd6716c4aae4b0d1133b9\/_compresseds\/f24d7b46-08fd-5cf9-11ae-2a14736091bf.jpg\" width=\"1066\" height=\"800\" \/><br \/>\n<img loading=\"lazy\" decoding=\"async\" class=\"CToWUd a6T\" tabindex=\"0\" src=\"https:\/\/ci4.googleusercontent.com\/proxy\/WbTibp7XDCwqlQ50vcvplqzK3U1k_1iqxxqBj5FBUjO1MLmsY1mfqVOsXBOV5_qdLMWmO_VDqXk1x0ptuXld5Y11teClqdMtDEfh2aYzMm7_G-qvZE0SN2-DgFaQciNe_11jCeTF-i50hUEAGp3uX2nJASvzig=s0-d-e1-ft#https:\/\/mcusercontent.com\/a2a5cd6716c4aae4b0d1133b9\/images\/101f7b0f-df8c-a4a7-68c4-bf2b29a7cfa6.jpg\" width=\"1066\" height=\"800\" \/><br \/>\n<img loading=\"lazy\" decoding=\"async\" class=\"CToWUd a6T\" tabindex=\"0\" src=\"https:\/\/ci4.googleusercontent.com\/proxy\/-SHRwLAPGjWgVDUTfEA-Iw1T-GZ0D2PH-p4kJoNTLaB8XKCDrIiXnkURKrHfeS2LM3PvVx3uMcrQ6rApiWEYNEvDQ9YS_fqAzZiuUD-MmEgFNr80wg4C51GzXNWsA4zgX3cGIPK7X5wdWPXggLIeS37iSW7eX9I_67QFFg=s0-d-e1-ft#https:\/\/mcusercontent.com\/a2a5cd6716c4aae4b0d1133b9\/_compresseds\/d746d7c6-120e-e30b-e67c-77a217fc5e11.jpg\" width=\"1066\" height=\"800\" \/><\/p>\n","protected":false},"excerpt":{"rendered":"<p>Last March 25th, Greek Independence Day, was a pedagogical day at the Socrates-Demosthenes School. At the daycare services (SEP), each campus was able to show its creativity to celebrate this&#8230;<\/p>\n","protected":false},"author":23,"featured_media":32102,"comment_status":"closed","ping_status":"closed","sticky":false,"template":"","format":"standard","meta":{"_monsterinsights_skip_tracking":false,"_monsterinsights_sitenote_active":false,"_monsterinsights_sitenote_note":"","_monsterinsights_sitenote_category":0,"footnotes":""},"categories":[88,89,90,91,86,92],"tags":[],"class_list":{"0":"post-32105","1":"post","2":"type-post","3":"status-publish","4":"format-standard","5":"has-post-thumbnail","7":"category-news-2","8":"category-news-3","9":"category-news-4","10":"category-news-5","11":"category-news-and-activities-english","12":"category-news-demosthene"},"yoast_head":"<!-- This site is optimized with the Yoast SEO plugin v27.5 - https:\/\/yoast.com\/product\/yoast-seo-wordpress\/ -->\n<title>The daycare service of the Socrates-Demosthenes School celebrates March 25th! - Primary School Socrates and Demosthenes<\/title>\n<meta name=\"robots\" content=\"index, follow, max-snippet:-1, max-image-preview:large, max-video-preview:-1\" \/>\n<link rel=\"canonical\" href=\"https:\/\/www.socdem.org\/en\/the-daycare-service-of-the-socrates-demosthenes-school-celebrates-march-25th\/\" \/>\n<meta property=\"og:locale\" content=\"en_US\" \/>\n<meta property=\"og:type\" content=\"article\" \/>\n<meta property=\"og:title\" content=\"The daycare service of the Socrates-Demosthenes School celebrates March 25th! - Primary School Socrates and Demosthenes\" \/>\n<meta property=\"og:description\" content=\"Last March 25th, Greek Independence Day, was a pedagogical day at the Socrates-Demosthenes School. At the daycare services (SEP), each campus was able to show its creativity to celebrate this...\" \/>\n<meta property=\"og:url\" content=\"https:\/\/www.socdem.org\/en\/the-daycare-service-of-the-socrates-demosthenes-school-celebrates-march-25th\/\" \/>\n<meta property=\"og:site_name\" content=\"Primary School Socrates and Demosthenes\" \/>\n<meta property=\"article:publisher\" content=\"https:\/\/www.facebook.com\/TheHCGM\/\" \/>\n<meta property=\"article:published_time\" content=\"2022-04-05T11:34:38+00:00\" \/>\n<meta property=\"og:image\" content=\"https:\/\/www.socdem.org\/wp-content\/uploads\/2022\/04\/sdg-25-mars.jpg\" \/>\n\t<meta property=\"og:image:width\" content=\"2400\" \/>\n\t<meta property=\"og:image:height\" content=\"1800\" \/>\n\t<meta property=\"og:image:type\" content=\"image\/jpeg\" \/>\n<meta name=\"author\" content=\"avournias\" \/>\n<meta name=\"twitter:card\" content=\"summary_large_image\" \/>\n<meta name=\"twitter:label1\" content=\"Written by\" \/>\n\t<meta name=\"twitter:data1\" content=\"avournias\" \/>\n\t<meta name=\"twitter:label2\" content=\"Est. reading time\" \/>\n\t<meta name=\"twitter:data2\" content=\"2 minutes\" \/>\n<script type=\"application\/ld+json\" class=\"yoast-schema-graph\">{\"@context\":\"https:\\\/\\\/schema.org\",\"@graph\":[{\"@type\":\"Article\",\"@id\":\"https:\\\/\\\/www.socdem.org\\\/en\\\/the-daycare-service-of-the-socrates-demosthenes-school-celebrates-march-25th\\\/#article\",\"isPartOf\":{\"@id\":\"https:\\\/\\\/www.socdem.org\\\/en\\\/the-daycare-service-of-the-socrates-demosthenes-school-celebrates-march-25th\\\/\"},\"author\":{\"name\":\"avournias\",\"@id\":\"https:\\\/\\\/www.socdem.org\\\/en\\\/#\\\/schema\\\/person\\\/3d4208f100317a6251846d5d4fcb6e6f\"},\"headline\":\"The daycare service of the Socrates-Demosthenes School celebrates March 25th!\",\"datePublished\":\"2022-04-05T11:34:38+00:00\",\"mainEntityOfPage\":{\"@id\":\"https:\\\/\\\/www.socdem.org\\\/en\\\/the-daycare-service-of-the-socrates-demosthenes-school-celebrates-march-25th\\\/\"},\"wordCount\":107,\"publisher\":{\"@id\":\"https:\\\/\\\/www.socdem.org\\\/en\\\/#organization\"},\"image\":{\"@id\":\"https:\\\/\\\/www.socdem.org\\\/en\\\/the-daycare-service-of-the-socrates-demosthenes-school-celebrates-march-25th\\\/#primaryimage\"},\"thumbnailUrl\":\"https:\\\/\\\/www.socdem.org\\\/wp-content\\\/uploads\\\/2022\\\/04\\\/sdg-25-mars.jpg\",\"articleSection\":[\"News 2\",\"News 3\",\"News 4\",\"News 5\",\"News and Activities english\",\"News demosthene\"],\"inLanguage\":\"en-US\"},{\"@type\":\"WebPage\",\"@id\":\"https:\\\/\\\/www.socdem.org\\\/en\\\/the-daycare-service-of-the-socrates-demosthenes-school-celebrates-march-25th\\\/\",\"url\":\"https:\\\/\\\/www.socdem.org\\\/en\\\/the-daycare-service-of-the-socrates-demosthenes-school-celebrates-march-25th\\\/\",\"name\":\"The daycare service of the Socrates-Demosthenes School celebrates March 25th! - Primary School Socrates and Demosthenes\",\"isPartOf\":{\"@id\":\"https:\\\/\\\/www.socdem.org\\\/en\\\/#website\"},\"primaryImageOfPage\":{\"@id\":\"https:\\\/\\\/www.socdem.org\\\/en\\\/the-daycare-service-of-the-socrates-demosthenes-school-celebrates-march-25th\\\/#primaryimage\"},\"image\":{\"@id\":\"https:\\\/\\\/www.socdem.org\\\/en\\\/the-daycare-service-of-the-socrates-demosthenes-school-celebrates-march-25th\\\/#primaryimage\"},\"thumbnailUrl\":\"https:\\\/\\\/www.socdem.org\\\/wp-content\\\/uploads\\\/2022\\\/04\\\/sdg-25-mars.jpg\",\"datePublished\":\"2022-04-05T11:34:38+00:00\",\"breadcrumb\":{\"@id\":\"https:\\\/\\\/www.socdem.org\\\/en\\\/the-daycare-service-of-the-socrates-demosthenes-school-celebrates-march-25th\\\/#breadcrumb\"},\"inLanguage\":\"en-US\",\"potentialAction\":[{\"@type\":\"ReadAction\",\"target\":[\"https:\\\/\\\/www.socdem.org\\\/en\\\/the-daycare-service-of-the-socrates-demosthenes-school-celebrates-march-25th\\\/\"]}]},{\"@type\":\"ImageObject\",\"inLanguage\":\"en-US\",\"@id\":\"https:\\\/\\\/www.socdem.org\\\/en\\\/the-daycare-service-of-the-socrates-demosthenes-school-celebrates-march-25th\\\/#primaryimage\",\"url\":\"https:\\\/\\\/www.socdem.org\\\/wp-content\\\/uploads\\\/2022\\\/04\\\/sdg-25-mars.jpg\",\"contentUrl\":\"https:\\\/\\\/www.socdem.org\\\/wp-content\\\/uploads\\\/2022\\\/04\\\/sdg-25-mars.jpg\",\"width\":2400,\"height\":1800,\"caption\":\"Made using TurboCollage from www.TurboCollage.com\"},{\"@type\":\"BreadcrumbList\",\"@id\":\"https:\\\/\\\/www.socdem.org\\\/en\\\/the-daycare-service-of-the-socrates-demosthenes-school-celebrates-march-25th\\\/#breadcrumb\",\"itemListElement\":[{\"@type\":\"ListItem\",\"position\":1,\"name\":\"Accueil\",\"item\":\"https:\\\/\\\/www.socdem.org\\\/en\\\/\"},{\"@type\":\"ListItem\",\"position\":2,\"name\":\"The daycare service of the Socrates-Demosthenes School celebrates March 25th!\"}]},{\"@type\":\"WebSite\",\"@id\":\"https:\\\/\\\/www.socdem.org\\\/en\\\/#website\",\"url\":\"https:\\\/\\\/www.socdem.org\\\/en\\\/\",\"name\":\"\u00c9cole Socrates-D\u00e9mosth\u00e8ne\",\"description\":\"Five trilingual greek primary schools of Greater Montreal.\",\"publisher\":{\"@id\":\"https:\\\/\\\/www.socdem.org\\\/en\\\/#organization\"},\"potentialAction\":[{\"@type\":\"SearchAction\",\"target\":{\"@type\":\"EntryPoint\",\"urlTemplate\":\"https:\\\/\\\/www.socdem.org\\\/en\\\/?s={search_term_string}\"},\"query-input\":{\"@type\":\"PropertyValueSpecification\",\"valueRequired\":true,\"valueName\":\"search_term_string\"}}],\"inLanguage\":\"en-US\"},{\"@type\":\"Organization\",\"@id\":\"https:\\\/\\\/www.socdem.org\\\/en\\\/#organization\",\"name\":\"\u00c9cole Socrates-D\u00e9mosth\u00e8ne\",\"url\":\"https:\\\/\\\/www.socdem.org\\\/en\\\/\",\"logo\":{\"@type\":\"ImageObject\",\"inLanguage\":\"en-US\",\"@id\":\"https:\\\/\\\/www.socdem.org\\\/en\\\/#\\\/schema\\\/logo\\\/image\\\/\",\"url\":\"https:\\\/\\\/www.socdem.org\\\/wp-content\\\/uploads\\\/2014\\\/03\\\/SOC-DEM-LOGO-NAME.jpg\",\"contentUrl\":\"https:\\\/\\\/www.socdem.org\\\/wp-content\\\/uploads\\\/2014\\\/03\\\/SOC-DEM-LOGO-NAME.jpg\",\"width\":\"8485\",\"height\":\"4200\",\"caption\":\"\u00c9cole Socrates-D\u00e9mosth\u00e8ne\"},\"image\":{\"@id\":\"https:\\\/\\\/www.socdem.org\\\/en\\\/#\\\/schema\\\/logo\\\/image\\\/\"},\"sameAs\":[\"https:\\\/\\\/www.facebook.com\\\/TheHCGM\\\/\",\"https:\\\/\\\/www.instagram.com\\\/p\\\/BnE965PhJU7\\\/?hl=en\"]},{\"@type\":\"Person\",\"@id\":\"https:\\\/\\\/www.socdem.org\\\/en\\\/#\\\/schema\\\/person\\\/3d4208f100317a6251846d5d4fcb6e6f\",\"name\":\"avournias\",\"image\":{\"@type\":\"ImageObject\",\"inLanguage\":\"en-US\",\"@id\":\"https:\\\/\\\/secure.gravatar.com\\\/avatar\\\/e44d940614c28c716a6912b81868ef19a508fe61c65c7dbdb4825236cbaa5364?s=96&d=mm&r=g\",\"url\":\"https:\\\/\\\/secure.gravatar.com\\\/avatar\\\/e44d940614c28c716a6912b81868ef19a508fe61c65c7dbdb4825236cbaa5364?s=96&d=mm&r=g\",\"contentUrl\":\"https:\\\/\\\/secure.gravatar.com\\\/avatar\\\/e44d940614c28c716a6912b81868ef19a508fe61c65c7dbdb4825236cbaa5364?s=96&d=mm&r=g\",\"caption\":\"avournias\"},\"sameAs\":[\"http:\\\/\\\/socdem.wpengine.com\"],\"url\":\"https:\\\/\\\/www.socdem.org\\\/en\\\/author\\\/avournias\\\/\"}]}<\/script>\n<!-- \/ Yoast SEO plugin. -->","yoast_head_json":{"title":"The daycare service of the Socrates-Demosthenes School celebrates March 25th! - Primary School Socrates and Demosthenes","robots":{"index":"index","follow":"follow","max-snippet":"max-snippet:-1","max-image-preview":"max-image-preview:large","max-video-preview":"max-video-preview:-1"},"canonical":"https:\/\/www.socdem.org\/en\/the-daycare-service-of-the-socrates-demosthenes-school-celebrates-march-25th\/","og_locale":"en_US","og_type":"article","og_title":"The daycare service of the Socrates-Demosthenes School celebrates March 25th! - Primary School Socrates and Demosthenes","og_description":"Last March 25th, Greek Independence Day, was a pedagogical day at the Socrates-Demosthenes School. At the daycare services (SEP), each campus was able to show its creativity to celebrate this...","og_url":"https:\/\/www.socdem.org\/en\/the-daycare-service-of-the-socrates-demosthenes-school-celebrates-march-25th\/","og_site_name":"Primary School Socrates and Demosthenes","article_publisher":"https:\/\/www.facebook.com\/TheHCGM\/","article_published_time":"2022-04-05T11:34:38+00:00","og_image":[{"width":2400,"height":1800,"url":"https:\/\/www.socdem.org\/wp-content\/uploads\/2022\/04\/sdg-25-mars.jpg","type":"image\/jpeg"}],"author":"avournias","twitter_card":"summary_large_image","twitter_misc":{"Written by":"avournias","Est. reading time":"2 minutes"},"schema":{"@context":"https:\/\/schema.org","@graph":[{"@type":"Article","@id":"https:\/\/www.socdem.org\/en\/the-daycare-service-of-the-socrates-demosthenes-school-celebrates-march-25th\/#article","isPartOf":{"@id":"https:\/\/www.socdem.org\/en\/the-daycare-service-of-the-socrates-demosthenes-school-celebrates-march-25th\/"},"author":{"name":"avournias","@id":"https:\/\/www.socdem.org\/en\/#\/schema\/person\/3d4208f100317a6251846d5d4fcb6e6f"},"headline":"The daycare service of the Socrates-Demosthenes School celebrates March 25th!","datePublished":"2022-04-05T11:34:38+00:00","mainEntityOfPage":{"@id":"https:\/\/www.socdem.org\/en\/the-daycare-service-of-the-socrates-demosthenes-school-celebrates-march-25th\/"},"wordCount":107,"publisher":{"@id":"https:\/\/www.socdem.org\/en\/#organization"},"image":{"@id":"https:\/\/www.socdem.org\/en\/the-daycare-service-of-the-socrates-demosthenes-school-celebrates-march-25th\/#primaryimage"},"thumbnailUrl":"https:\/\/www.socdem.org\/wp-content\/uploads\/2022\/04\/sdg-25-mars.jpg","articleSection":["News 2","News 3","News 4","News 5","News and Activities english","News demosthene"],"inLanguage":"en-US"},{"@type":"WebPage","@id":"https:\/\/www.socdem.org\/en\/the-daycare-service-of-the-socrates-demosthenes-school-celebrates-march-25th\/","url":"https:\/\/www.socdem.org\/en\/the-daycare-service-of-the-socrates-demosthenes-school-celebrates-march-25th\/","name":"The daycare service of the Socrates-Demosthenes School celebrates March 25th! - Primary School Socrates and Demosthenes","isPartOf":{"@id":"https:\/\/www.socdem.org\/en\/#website"},"primaryImageOfPage":{"@id":"https:\/\/www.socdem.org\/en\/the-daycare-service-of-the-socrates-demosthenes-school-celebrates-march-25th\/#primaryimage"},"image":{"@id":"https:\/\/www.socdem.org\/en\/the-daycare-service-of-the-socrates-demosthenes-school-celebrates-march-25th\/#primaryimage"},"thumbnailUrl":"https:\/\/www.socdem.org\/wp-content\/uploads\/2022\/04\/sdg-25-mars.jpg","datePublished":"2022-04-05T11:34:38+00:00","breadcrumb":{"@id":"https:\/\/www.socdem.org\/en\/the-daycare-service-of-the-socrates-demosthenes-school-celebrates-march-25th\/#breadcrumb"},"inLanguage":"en-US","potentialAction":[{"@type":"ReadAction","target":["https:\/\/www.socdem.org\/en\/the-daycare-service-of-the-socrates-demosthenes-school-celebrates-march-25th\/"]}]},{"@type":"ImageObject","inLanguage":"en-US","@id":"https:\/\/www.socdem.org\/en\/the-daycare-service-of-the-socrates-demosthenes-school-celebrates-march-25th\/#primaryimage","url":"https:\/\/www.socdem.org\/wp-content\/uploads\/2022\/04\/sdg-25-mars.jpg","contentUrl":"https:\/\/www.socdem.org\/wp-content\/uploads\/2022\/04\/sdg-25-mars.jpg","width":2400,"height":1800,"caption":"Made using TurboCollage from www.TurboCollage.com"},{"@type":"BreadcrumbList","@id":"https:\/\/www.socdem.org\/en\/the-daycare-service-of-the-socrates-demosthenes-school-celebrates-march-25th\/#breadcrumb","itemListElement":[{"@type":"ListItem","position":1,"name":"Accueil","item":"https:\/\/www.socdem.org\/en\/"},{"@type":"ListItem","position":2,"name":"The daycare service of the Socrates-Demosthenes School celebrates March 25th!"}]},{"@type":"WebSite","@id":"https:\/\/www.socdem.org\/en\/#website","url":"https:\/\/www.socdem.org\/en\/","name":"\u00c9cole Socrates-D\u00e9mosth\u00e8ne","description":"Five trilingual greek primary schools of Greater Montreal.","publisher":{"@id":"https:\/\/www.socdem.org\/en\/#organization"},"potentialAction":[{"@type":"SearchAction","target":{"@type":"EntryPoint","urlTemplate":"https:\/\/www.socdem.org\/en\/?s={search_term_string}"},"query-input":{"@type":"PropertyValueSpecification","valueRequired":true,"valueName":"search_term_string"}}],"inLanguage":"en-US"},{"@type":"Organization","@id":"https:\/\/www.socdem.org\/en\/#organization","name":"\u00c9cole Socrates-D\u00e9mosth\u00e8ne","url":"https:\/\/www.socdem.org\/en\/","logo":{"@type":"ImageObject","inLanguage":"en-US","@id":"https:\/\/www.socdem.org\/en\/#\/schema\/logo\/image\/","url":"https:\/\/www.socdem.org\/wp-content\/uploads\/2014\/03\/SOC-DEM-LOGO-NAME.jpg","contentUrl":"https:\/\/www.socdem.org\/wp-content\/uploads\/2014\/03\/SOC-DEM-LOGO-NAME.jpg","width":"8485","height":"4200","caption":"\u00c9cole Socrates-D\u00e9mosth\u00e8ne"},"image":{"@id":"https:\/\/www.socdem.org\/en\/#\/schema\/logo\/image\/"},"sameAs":["https:\/\/www.facebook.com\/TheHCGM\/","https:\/\/www.instagram.com\/p\/BnE965PhJU7\/?hl=en"]},{"@type":"Person","@id":"https:\/\/www.socdem.org\/en\/#\/schema\/person\/3d4208f100317a6251846d5d4fcb6e6f","name":"avournias","image":{"@type":"ImageObject","inLanguage":"en-US","@id":"https:\/\/secure.gravatar.com\/avatar\/e44d940614c28c716a6912b81868ef19a508fe61c65c7dbdb4825236cbaa5364?s=96&d=mm&r=g","url":"https:\/\/secure.gravatar.com\/avatar\/e44d940614c28c716a6912b81868ef19a508fe61c65c7dbdb4825236cbaa5364?s=96&d=mm&r=g","contentUrl":"https:\/\/secure.gravatar.com\/avatar\/e44d940614c28c716a6912b81868ef19a508fe61c65c7dbdb4825236cbaa5364?s=96&d=mm&r=g","caption":"avournias"},"sameAs":["http:\/\/socdem.wpengine.com"],"url":"https:\/\/www.socdem.org\/en\/author\/avournias\/"}]}},"_links":{"self":[{"href":"https:\/\/www.socdem.org\/en\/wp-json\/wp\/v2\/posts\/32105","targetHints":{"allow":["GET"]}}],"collection":[{"href":"https:\/\/www.socdem.org\/en\/wp-json\/wp\/v2\/posts"}],"about":[{"href":"https:\/\/www.socdem.org\/en\/wp-json\/wp\/v2\/types\/post"}],"author":[{"embeddable":true,"href":"https:\/\/www.socdem.org\/en\/wp-json\/wp\/v2\/users\/23"}],"replies":[{"embeddable":true,"href":"https:\/\/www.socdem.org\/en\/wp-json\/wp\/v2\/comments?post=32105"}],"version-history":[{"count":2,"href":"https:\/\/www.socdem.org\/en\/wp-json\/wp\/v2\/posts\/32105\/revisions"}],"predecessor-version":[{"id":32107,"href":"https:\/\/www.socdem.org\/en\/wp-json\/wp\/v2\/posts\/32105\/revisions\/32107"}],"wp:featuredmedia":[{"embeddable":true,"href":"https:\/\/www.socdem.org\/en\/wp-json\/wp\/v2\/media\/32102"}],"wp:attachment":[{"href":"https:\/\/www.socdem.org\/en\/wp-json\/wp\/v2\/media?parent=32105"}],"wp:term":[{"taxonomy":"category","embeddable":true,"href":"https:\/\/www.socdem.org\/en\/wp-json\/wp\/v2\/categories?post=32105"},{"taxonomy":"post_tag","embeddable":true,"href":"https:\/\/www.socdem.org\/en\/wp-json\/wp\/v2\/tags?post=32105"}],"curies":[{"name":"wp","href":"https:\/\/api.w.org\/{rel}","templated":true}]}}