{"id":32554,"date":"2022-09-13T16:03:31","date_gmt":"2022-09-13T20:03:31","guid":{"rendered":"https:\/\/www.socdem.org\/?p=32554"},"modified":"2022-09-13T16:03:31","modified_gmt":"2022-09-13T20:03:31","slug":"the-first-day-of-school-at-socrates-demosthenes","status":"publish","type":"post","link":"https:\/\/www.socdem.org\/en\/the-first-day-of-school-at-socrates-demosthenes\/","title":{"rendered":"The first day of school at Socrates-Demosthenes"},"content":{"rendered":"<p>The whole team at Socrates-Demosthenes School was happy to welcome the students last Tuesday for the 2022-2023 school year!<\/p>\n<p><img loading=\"lazy\" decoding=\"async\" class=\"CToWUd a6T\" tabindex=\"0\" src=\"https:\/\/ci3.googleusercontent.com\/proxy\/Y92FPL6ySrrfHby3ZR_UGb3oSgE44pXjz5dwLrGiL3V7FD-5sRuZwepyRqqrm-D5wNelJEa1dSuByGg6z3jz2QOQeXnRQhXvG-gqn1K5DLl4bXLsr2dRH80PUYNe9oYsgU6oWcOpZbTOXtWX6GCZO72OyrExU3OCQeA0YA=s0-d-e1-ft#https:\/\/mcusercontent.com\/a2a5cd6716c4aae4b0d1133b9\/_compresseds\/2afa855d-b1bf-e953-e2c8-dd815a186269.jpg\" width=\"1066\" height=\"800\" data-bit=\"iit\" \/><br \/>\nThe start of the school year was marked by smiles and happy reunions.<\/p>\n<p><img decoding=\"async\" src=\"https:\/\/ci4.googleusercontent.com\/proxy\/34VAfZOvQppVlSKbY9eyBYdOpUSqJKb3ULZXAXHnJAjgzrPL7IxOIHaGWR4wvWcrz-jdh5J3mHDlNuenabhb43FxLEjNSuFf7w8Hh8oUZ5yMLXoLJp_ddG6F77C2XNwb_Y7E-SloI9ax_BTLG0JRe_60uVKBHfqFke3tfg=s0-d-e1-ft#https:\/\/mcusercontent.com\/a2a5cd6716c4aae4b0d1133b9\/_compresseds\/1e091357-5c66-677b-f08d-e9361973c0dd.jpg\" \/><\/p>\n<p>Each of the campuses celebrated in its own way:<\/p>\n<p>We were treated to several themes depending on the campus, &#8220;1980s style&#8221; with good music, &#8220;Rockstars&#8221;, with appropriate attire, &#8220;party style&#8221; with colorful balloon arches and dancing, &#8220;buffet &#8211; tasting&#8221; as a student treat.<\/p>\n<p><img loading=\"lazy\" decoding=\"async\" class=\"CToWUd a6T\" tabindex=\"0\" src=\"https:\/\/ci6.googleusercontent.com\/proxy\/sx3Kep4SlO3lq4ZaWbRjUx4RXZnBaquMjElDEB6KDUUCyHjQStOZ0SJsxQla9xIKhUb6OkfJvxpT23HO1Vg_t629Mio6FgqQtp9VLStnSOgd3km_4cGUmwXrDnTCOhE5DRVHzvL3aP_75vqE6G6hTUPBenKg6kn3TaEkcQ=s0-d-e1-ft#https:\/\/mcusercontent.com\/a2a5cd6716c4aae4b0d1133b9\/_compresseds\/83ff2cba-eea8-e3e1-a9b3-3e9f44f6483a.jpg\" width=\"1066\" height=\"800\" data-bit=\"iit\" \/><\/p>\n<p>This beautiful and joyful day marks the beginning of a year filled with happiness, health, learning, discoveries and success!<\/p>\n<p>To discover all the photos of this day,<strong>\u00a0<a href=\"https:\/\/hcgm.us5.list-manage.com\/track\/click?u=a2a5cd6716c4aae4b0d1133b9&amp;id=19f8244d9f&amp;e=bfcadc5477\" target=\"_blank\" rel=\"noopener\" data-saferedirecturl=\"https:\/\/www.google.com\/url?q=https:\/\/hcgm.us5.list-manage.com\/track\/click?u%3Da2a5cd6716c4aae4b0d1133b9%26id%3D19f8244d9f%26e%3Dbfcadc5477&amp;source=gmail&amp;ust=1663181889526000&amp;usg=AOvVaw2XioEi3-5ixGykLmoZDgAR\">CLICK HERE<\/a>.<\/strong><\/p>\n","protected":false},"excerpt":{"rendered":"<p>The whole team at Socrates-Demosthenes School was happy to welcome the students last Tuesday for the 2022-2023 school year! The start of the school year was marked by smiles and&#8230;<\/p>\n","protected":false},"author":23,"featured_media":32551,"comment_status":"closed","ping_status":"closed","sticky":false,"template":"","format":"standard","meta":{"_monsterinsights_skip_tracking":false,"_monsterinsights_sitenote_active":false,"_monsterinsights_sitenote_note":"","_monsterinsights_sitenote_category":0,"footnotes":""},"categories":[88,89,90,91,86,92],"tags":[],"class_list":{"0":"post-32554","1":"post","2":"type-post","3":"status-publish","4":"format-standard","5":"has-post-thumbnail","7":"category-news-2","8":"category-news-3","9":"category-news-4","10":"category-news-5","11":"category-news-and-activities-english","12":"category-news-demosthene"},"yoast_head":"<!-- This site is optimized with the Yoast SEO plugin v27.5 - https:\/\/yoast.com\/product\/yoast-seo-wordpress\/ -->\n<title>The first day of school at Socrates-Demosthenes - Primary School Socrates and Demosthenes<\/title>\n<meta name=\"robots\" content=\"index, follow, max-snippet:-1, max-image-preview:large, max-video-preview:-1\" \/>\n<link rel=\"canonical\" href=\"https:\/\/www.socdem.org\/en\/the-first-day-of-school-at-socrates-demosthenes\/\" \/>\n<meta property=\"og:locale\" content=\"en_US\" \/>\n<meta property=\"og:type\" content=\"article\" \/>\n<meta property=\"og:title\" content=\"The first day of school at Socrates-Demosthenes - Primary School Socrates and Demosthenes\" \/>\n<meta property=\"og:description\" content=\"The whole team at Socrates-Demosthenes School was happy to welcome the students last Tuesday for the 2022-2023 school year! The start of the school year was marked by smiles and...\" \/>\n<meta property=\"og:url\" content=\"https:\/\/www.socdem.org\/en\/the-first-day-of-school-at-socrates-demosthenes\/\" \/>\n<meta property=\"og:site_name\" content=\"Primary School Socrates and Demosthenes\" \/>\n<meta property=\"article:publisher\" content=\"https:\/\/www.facebook.com\/TheHCGM\/\" \/>\n<meta property=\"article:published_time\" content=\"2022-09-13T20:03:31+00:00\" \/>\n<meta property=\"og:image\" content=\"https:\/\/www.socdem.org\/wp-content\/uploads\/2022\/09\/Rentree2022.jpg\" \/>\n\t<meta property=\"og:image:width\" content=\"1000\" \/>\n\t<meta property=\"og:image:height\" content=\"500\" \/>\n\t<meta property=\"og:image:type\" content=\"image\/jpeg\" \/>\n<meta name=\"author\" content=\"avournias\" \/>\n<meta name=\"twitter:card\" content=\"summary_large_image\" \/>\n<meta name=\"twitter:label1\" content=\"Written by\" \/>\n\t<meta name=\"twitter:data1\" content=\"avournias\" \/>\n\t<meta name=\"twitter:label2\" content=\"Est. reading time\" \/>\n\t<meta name=\"twitter:data2\" content=\"2 minutes\" \/>\n<script type=\"application\/ld+json\" class=\"yoast-schema-graph\">{\"@context\":\"https:\\\/\\\/schema.org\",\"@graph\":[{\"@type\":\"Article\",\"@id\":\"https:\\\/\\\/www.socdem.org\\\/en\\\/the-first-day-of-school-at-socrates-demosthenes\\\/#article\",\"isPartOf\":{\"@id\":\"https:\\\/\\\/www.socdem.org\\\/en\\\/the-first-day-of-school-at-socrates-demosthenes\\\/\"},\"author\":{\"name\":\"avournias\",\"@id\":\"https:\\\/\\\/www.socdem.org\\\/en\\\/#\\\/schema\\\/person\\\/3d4208f100317a6251846d5d4fcb6e6f\"},\"headline\":\"The first day of school at Socrates-Demosthenes\",\"datePublished\":\"2022-09-13T20:03:31+00:00\",\"mainEntityOfPage\":{\"@id\":\"https:\\\/\\\/www.socdem.org\\\/en\\\/the-first-day-of-school-at-socrates-demosthenes\\\/\"},\"wordCount\":111,\"publisher\":{\"@id\":\"https:\\\/\\\/www.socdem.org\\\/en\\\/#organization\"},\"image\":{\"@id\":\"https:\\\/\\\/www.socdem.org\\\/en\\\/the-first-day-of-school-at-socrates-demosthenes\\\/#primaryimage\"},\"thumbnailUrl\":\"https:\\\/\\\/www.socdem.org\\\/wp-content\\\/uploads\\\/2022\\\/09\\\/Rentree2022.jpg\",\"articleSection\":[\"News 2\",\"News 3\",\"News 4\",\"News 5\",\"News and Activities english\",\"News demosthene\"],\"inLanguage\":\"en-US\"},{\"@type\":\"WebPage\",\"@id\":\"https:\\\/\\\/www.socdem.org\\\/en\\\/the-first-day-of-school-at-socrates-demosthenes\\\/\",\"url\":\"https:\\\/\\\/www.socdem.org\\\/en\\\/the-first-day-of-school-at-socrates-demosthenes\\\/\",\"name\":\"The first day of school at Socrates-Demosthenes - Primary School Socrates and Demosthenes\",\"isPartOf\":{\"@id\":\"https:\\\/\\\/www.socdem.org\\\/en\\\/#website\"},\"primaryImageOfPage\":{\"@id\":\"https:\\\/\\\/www.socdem.org\\\/en\\\/the-first-day-of-school-at-socrates-demosthenes\\\/#primaryimage\"},\"image\":{\"@id\":\"https:\\\/\\\/www.socdem.org\\\/en\\\/the-first-day-of-school-at-socrates-demosthenes\\\/#primaryimage\"},\"thumbnailUrl\":\"https:\\\/\\\/www.socdem.org\\\/wp-content\\\/uploads\\\/2022\\\/09\\\/Rentree2022.jpg\",\"datePublished\":\"2022-09-13T20:03:31+00:00\",\"breadcrumb\":{\"@id\":\"https:\\\/\\\/www.socdem.org\\\/en\\\/the-first-day-of-school-at-socrates-demosthenes\\\/#breadcrumb\"},\"inLanguage\":\"en-US\",\"potentialAction\":[{\"@type\":\"ReadAction\",\"target\":[\"https:\\\/\\\/www.socdem.org\\\/en\\\/the-first-day-of-school-at-socrates-demosthenes\\\/\"]}]},{\"@type\":\"ImageObject\",\"inLanguage\":\"en-US\",\"@id\":\"https:\\\/\\\/www.socdem.org\\\/en\\\/the-first-day-of-school-at-socrates-demosthenes\\\/#primaryimage\",\"url\":\"https:\\\/\\\/www.socdem.org\\\/wp-content\\\/uploads\\\/2022\\\/09\\\/Rentree2022.jpg\",\"contentUrl\":\"https:\\\/\\\/www.socdem.org\\\/wp-content\\\/uploads\\\/2022\\\/09\\\/Rentree2022.jpg\",\"width\":1000,\"height\":500},{\"@type\":\"BreadcrumbList\",\"@id\":\"https:\\\/\\\/www.socdem.org\\\/en\\\/the-first-day-of-school-at-socrates-demosthenes\\\/#breadcrumb\",\"itemListElement\":[{\"@type\":\"ListItem\",\"position\":1,\"name\":\"Accueil\",\"item\":\"https:\\\/\\\/www.socdem.org\\\/en\\\/\"},{\"@type\":\"ListItem\",\"position\":2,\"name\":\"The first day of school at Socrates-Demosthenes\"}]},{\"@type\":\"WebSite\",\"@id\":\"https:\\\/\\\/www.socdem.org\\\/en\\\/#website\",\"url\":\"https:\\\/\\\/www.socdem.org\\\/en\\\/\",\"name\":\"\u00c9cole Socrates-D\u00e9mosth\u00e8ne\",\"description\":\"Five trilingual greek primary schools of Greater Montreal.\",\"publisher\":{\"@id\":\"https:\\\/\\\/www.socdem.org\\\/en\\\/#organization\"},\"potentialAction\":[{\"@type\":\"SearchAction\",\"target\":{\"@type\":\"EntryPoint\",\"urlTemplate\":\"https:\\\/\\\/www.socdem.org\\\/en\\\/?s={search_term_string}\"},\"query-input\":{\"@type\":\"PropertyValueSpecification\",\"valueRequired\":true,\"valueName\":\"search_term_string\"}}],\"inLanguage\":\"en-US\"},{\"@type\":\"Organization\",\"@id\":\"https:\\\/\\\/www.socdem.org\\\/en\\\/#organization\",\"name\":\"\u00c9cole Socrates-D\u00e9mosth\u00e8ne\",\"url\":\"https:\\\/\\\/www.socdem.org\\\/en\\\/\",\"logo\":{\"@type\":\"ImageObject\",\"inLanguage\":\"en-US\",\"@id\":\"https:\\\/\\\/www.socdem.org\\\/en\\\/#\\\/schema\\\/logo\\\/image\\\/\",\"url\":\"https:\\\/\\\/www.socdem.org\\\/wp-content\\\/uploads\\\/2014\\\/03\\\/SOC-DEM-LOGO-NAME.jpg\",\"contentUrl\":\"https:\\\/\\\/www.socdem.org\\\/wp-content\\\/uploads\\\/2014\\\/03\\\/SOC-DEM-LOGO-NAME.jpg\",\"width\":\"8485\",\"height\":\"4200\",\"caption\":\"\u00c9cole Socrates-D\u00e9mosth\u00e8ne\"},\"image\":{\"@id\":\"https:\\\/\\\/www.socdem.org\\\/en\\\/#\\\/schema\\\/logo\\\/image\\\/\"},\"sameAs\":[\"https:\\\/\\\/www.facebook.com\\\/TheHCGM\\\/\",\"https:\\\/\\\/www.instagram.com\\\/p\\\/BnE965PhJU7\\\/?hl=en\"]},{\"@type\":\"Person\",\"@id\":\"https:\\\/\\\/www.socdem.org\\\/en\\\/#\\\/schema\\\/person\\\/3d4208f100317a6251846d5d4fcb6e6f\",\"name\":\"avournias\",\"image\":{\"@type\":\"ImageObject\",\"inLanguage\":\"en-US\",\"@id\":\"https:\\\/\\\/secure.gravatar.com\\\/avatar\\\/e44d940614c28c716a6912b81868ef19a508fe61c65c7dbdb4825236cbaa5364?s=96&d=mm&r=g\",\"url\":\"https:\\\/\\\/secure.gravatar.com\\\/avatar\\\/e44d940614c28c716a6912b81868ef19a508fe61c65c7dbdb4825236cbaa5364?s=96&d=mm&r=g\",\"contentUrl\":\"https:\\\/\\\/secure.gravatar.com\\\/avatar\\\/e44d940614c28c716a6912b81868ef19a508fe61c65c7dbdb4825236cbaa5364?s=96&d=mm&r=g\",\"caption\":\"avournias\"},\"sameAs\":[\"http:\\\/\\\/socdem.wpengine.com\"],\"url\":\"https:\\\/\\\/www.socdem.org\\\/en\\\/author\\\/avournias\\\/\"}]}<\/script>\n<!-- \/ Yoast SEO plugin. -->","yoast_head_json":{"title":"The first day of school at Socrates-Demosthenes - Primary School Socrates and Demosthenes","robots":{"index":"index","follow":"follow","max-snippet":"max-snippet:-1","max-image-preview":"max-image-preview:large","max-video-preview":"max-video-preview:-1"},"canonical":"https:\/\/www.socdem.org\/en\/the-first-day-of-school-at-socrates-demosthenes\/","og_locale":"en_US","og_type":"article","og_title":"The first day of school at Socrates-Demosthenes - Primary School Socrates and Demosthenes","og_description":"The whole team at Socrates-Demosthenes School was happy to welcome the students last Tuesday for the 2022-2023 school year! The start of the school year was marked by smiles and...","og_url":"https:\/\/www.socdem.org\/en\/the-first-day-of-school-at-socrates-demosthenes\/","og_site_name":"Primary School Socrates and Demosthenes","article_publisher":"https:\/\/www.facebook.com\/TheHCGM\/","article_published_time":"2022-09-13T20:03:31+00:00","og_image":[{"width":1000,"height":500,"url":"https:\/\/www.socdem.org\/wp-content\/uploads\/2022\/09\/Rentree2022.jpg","type":"image\/jpeg"}],"author":"avournias","twitter_card":"summary_large_image","twitter_misc":{"Written by":"avournias","Est. reading time":"2 minutes"},"schema":{"@context":"https:\/\/schema.org","@graph":[{"@type":"Article","@id":"https:\/\/www.socdem.org\/en\/the-first-day-of-school-at-socrates-demosthenes\/#article","isPartOf":{"@id":"https:\/\/www.socdem.org\/en\/the-first-day-of-school-at-socrates-demosthenes\/"},"author":{"name":"avournias","@id":"https:\/\/www.socdem.org\/en\/#\/schema\/person\/3d4208f100317a6251846d5d4fcb6e6f"},"headline":"The first day of school at Socrates-Demosthenes","datePublished":"2022-09-13T20:03:31+00:00","mainEntityOfPage":{"@id":"https:\/\/www.socdem.org\/en\/the-first-day-of-school-at-socrates-demosthenes\/"},"wordCount":111,"publisher":{"@id":"https:\/\/www.socdem.org\/en\/#organization"},"image":{"@id":"https:\/\/www.socdem.org\/en\/the-first-day-of-school-at-socrates-demosthenes\/#primaryimage"},"thumbnailUrl":"https:\/\/www.socdem.org\/wp-content\/uploads\/2022\/09\/Rentree2022.jpg","articleSection":["News 2","News 3","News 4","News 5","News and Activities english","News demosthene"],"inLanguage":"en-US"},{"@type":"WebPage","@id":"https:\/\/www.socdem.org\/en\/the-first-day-of-school-at-socrates-demosthenes\/","url":"https:\/\/www.socdem.org\/en\/the-first-day-of-school-at-socrates-demosthenes\/","name":"The first day of school at Socrates-Demosthenes - Primary School Socrates and Demosthenes","isPartOf":{"@id":"https:\/\/www.socdem.org\/en\/#website"},"primaryImageOfPage":{"@id":"https:\/\/www.socdem.org\/en\/the-first-day-of-school-at-socrates-demosthenes\/#primaryimage"},"image":{"@id":"https:\/\/www.socdem.org\/en\/the-first-day-of-school-at-socrates-demosthenes\/#primaryimage"},"thumbnailUrl":"https:\/\/www.socdem.org\/wp-content\/uploads\/2022\/09\/Rentree2022.jpg","datePublished":"2022-09-13T20:03:31+00:00","breadcrumb":{"@id":"https:\/\/www.socdem.org\/en\/the-first-day-of-school-at-socrates-demosthenes\/#breadcrumb"},"inLanguage":"en-US","potentialAction":[{"@type":"ReadAction","target":["https:\/\/www.socdem.org\/en\/the-first-day-of-school-at-socrates-demosthenes\/"]}]},{"@type":"ImageObject","inLanguage":"en-US","@id":"https:\/\/www.socdem.org\/en\/the-first-day-of-school-at-socrates-demosthenes\/#primaryimage","url":"https:\/\/www.socdem.org\/wp-content\/uploads\/2022\/09\/Rentree2022.jpg","contentUrl":"https:\/\/www.socdem.org\/wp-content\/uploads\/2022\/09\/Rentree2022.jpg","width":1000,"height":500},{"@type":"BreadcrumbList","@id":"https:\/\/www.socdem.org\/en\/the-first-day-of-school-at-socrates-demosthenes\/#breadcrumb","itemListElement":[{"@type":"ListItem","position":1,"name":"Accueil","item":"https:\/\/www.socdem.org\/en\/"},{"@type":"ListItem","position":2,"name":"The first day of school at Socrates-Demosthenes"}]},{"@type":"WebSite","@id":"https:\/\/www.socdem.org\/en\/#website","url":"https:\/\/www.socdem.org\/en\/","name":"\u00c9cole Socrates-D\u00e9mosth\u00e8ne","description":"Five trilingual greek primary schools of Greater Montreal.","publisher":{"@id":"https:\/\/www.socdem.org\/en\/#organization"},"potentialAction":[{"@type":"SearchAction","target":{"@type":"EntryPoint","urlTemplate":"https:\/\/www.socdem.org\/en\/?s={search_term_string}"},"query-input":{"@type":"PropertyValueSpecification","valueRequired":true,"valueName":"search_term_string"}}],"inLanguage":"en-US"},{"@type":"Organization","@id":"https:\/\/www.socdem.org\/en\/#organization","name":"\u00c9cole Socrates-D\u00e9mosth\u00e8ne","url":"https:\/\/www.socdem.org\/en\/","logo":{"@type":"ImageObject","inLanguage":"en-US","@id":"https:\/\/www.socdem.org\/en\/#\/schema\/logo\/image\/","url":"https:\/\/www.socdem.org\/wp-content\/uploads\/2014\/03\/SOC-DEM-LOGO-NAME.jpg","contentUrl":"https:\/\/www.socdem.org\/wp-content\/uploads\/2014\/03\/SOC-DEM-LOGO-NAME.jpg","width":"8485","height":"4200","caption":"\u00c9cole Socrates-D\u00e9mosth\u00e8ne"},"image":{"@id":"https:\/\/www.socdem.org\/en\/#\/schema\/logo\/image\/"},"sameAs":["https:\/\/www.facebook.com\/TheHCGM\/","https:\/\/www.instagram.com\/p\/BnE965PhJU7\/?hl=en"]},{"@type":"Person","@id":"https:\/\/www.socdem.org\/en\/#\/schema\/person\/3d4208f100317a6251846d5d4fcb6e6f","name":"avournias","image":{"@type":"ImageObject","inLanguage":"en-US","@id":"https:\/\/secure.gravatar.com\/avatar\/e44d940614c28c716a6912b81868ef19a508fe61c65c7dbdb4825236cbaa5364?s=96&d=mm&r=g","url":"https:\/\/secure.gravatar.com\/avatar\/e44d940614c28c716a6912b81868ef19a508fe61c65c7dbdb4825236cbaa5364?s=96&d=mm&r=g","contentUrl":"https:\/\/secure.gravatar.com\/avatar\/e44d940614c28c716a6912b81868ef19a508fe61c65c7dbdb4825236cbaa5364?s=96&d=mm&r=g","caption":"avournias"},"sameAs":["http:\/\/socdem.wpengine.com"],"url":"https:\/\/www.socdem.org\/en\/author\/avournias\/"}]}},"_links":{"self":[{"href":"https:\/\/www.socdem.org\/en\/wp-json\/wp\/v2\/posts\/32554","targetHints":{"allow":["GET"]}}],"collection":[{"href":"https:\/\/www.socdem.org\/en\/wp-json\/wp\/v2\/posts"}],"about":[{"href":"https:\/\/www.socdem.org\/en\/wp-json\/wp\/v2\/types\/post"}],"author":[{"embeddable":true,"href":"https:\/\/www.socdem.org\/en\/wp-json\/wp\/v2\/users\/23"}],"replies":[{"embeddable":true,"href":"https:\/\/www.socdem.org\/en\/wp-json\/wp\/v2\/comments?post=32554"}],"version-history":[{"count":2,"href":"https:\/\/www.socdem.org\/en\/wp-json\/wp\/v2\/posts\/32554\/revisions"}],"predecessor-version":[{"id":32556,"href":"https:\/\/www.socdem.org\/en\/wp-json\/wp\/v2\/posts\/32554\/revisions\/32556"}],"wp:featuredmedia":[{"embeddable":true,"href":"https:\/\/www.socdem.org\/en\/wp-json\/wp\/v2\/media\/32551"}],"wp:attachment":[{"href":"https:\/\/www.socdem.org\/en\/wp-json\/wp\/v2\/media?parent=32554"}],"wp:term":[{"taxonomy":"category","embeddable":true,"href":"https:\/\/www.socdem.org\/en\/wp-json\/wp\/v2\/categories?post=32554"},{"taxonomy":"post_tag","embeddable":true,"href":"https:\/\/www.socdem.org\/en\/wp-json\/wp\/v2\/tags?post=32554"}],"curies":[{"name":"wp","href":"https:\/\/api.w.org\/{rel}","templated":true}]}}