{"id":35349,"date":"2023-11-01T14:42:55","date_gmt":"2023-11-01T18:42:55","guid":{"rendered":"https:\/\/www.socdem.org\/entrevue-mois-de-novembre-christos-filandrianos-directeur-du-campus-socrates-iii-roxboro-de-lecole-socrates-demosthene\/"},"modified":"2023-11-01T15:01:09","modified_gmt":"2023-11-01T19:01:09","slug":"entrevue-mois-de-novembre-christos-filandrianos-directeur-du-campus-socrates-iii-roxboro-de-lecole-socrates-demosthene","status":"publish","type":"post","link":"https:\/\/www.socdem.org\/en\/entrevue-mois-de-novembre-christos-filandrianos-directeur-du-campus-socrates-iii-roxboro-de-lecole-socrates-demosthene\/","title":{"rendered":"Entrevue mois de novembre &#8211; Christos Filandrianos, directeur du campus Socrates III &#8211; Roxboro de l\u2019\u00c9cole Socrates-D\u00e9mosth\u00e8ne"},"content":{"rendered":"[vc_row type=&#8221;in_container&#8221; full_screen_row_position=&#8221;middle&#8221; column_margin=&#8221;default&#8221; column_direction=&#8221;default&#8221; column_direction_tablet=&#8221;default&#8221; column_direction_phone=&#8221;default&#8221; scene_position=&#8221;center&#8221; text_color=&#8221;dark&#8221; text_align=&#8221;left&#8221; row_border_radius=&#8221;none&#8221; row_border_radius_applies=&#8221;bg&#8221; overlay_strength=&#8221;0.3&#8243; gradient_direction=&#8221;left_to_right&#8221; shape_divider_position=&#8221;bottom&#8221; bg_image_animation=&#8221;none&#8221;][vc_column column_padding=&#8221;no-extra-padding&#8221; column_padding_tablet=&#8221;inherit&#8221; column_padding_phone=&#8221;inherit&#8221; column_padding_position=&#8221;all&#8221; background_color_opacity=&#8221;1&#8243; background_hover_color_opacity=&#8221;1&#8243; column_shadow=&#8221;none&#8221; column_border_radius=&#8221;none&#8221; column_link_target=&#8221;_self&#8221; gradient_direction=&#8221;left_to_right&#8221; overlay_strength=&#8221;0.3&#8243; width=&#8221;2\/3&#8243; tablet_width_inherit=&#8221;default&#8221; tablet_text_alignment=&#8221;default&#8221; phone_text_alignment=&#8221;default&#8221; column_border_width=&#8221;none&#8221; column_border_style=&#8221;solid&#8221; bg_image_animation=&#8221;none&#8221;][vc_column_text]\n<h2><span style=\"font-weight: 400;\">La direction g\u00e9n\u00e9rale de l\u2019\u00c9cole Socrates-D\u00e9mosth\u00e8ne en ce mois de novembre a rencontr\u00e9 M. Christos Filandrianos,<\/span> <span style=\"font-weight: 400;\">directeur du campus Socrates III<\/span> <span style=\"font-weight: 400;\">afin d\u2019en savoir plus sur son parcours, l\u2019organisation de ses activit\u00e9s et ses d\u00e9fis, etc.<\/span><\/h2>\n<h3><span style=\"font-weight: 400;\">Nous vous invitons \u00e0 lire ci-dessous cette entrevue.<\/span><\/h3>\n[\/vc_column_text][\/vc_column][vc_column column_padding=&#8221;no-extra-padding&#8221; column_padding_tablet=&#8221;inherit&#8221; column_padding_phone=&#8221;inherit&#8221; column_padding_position=&#8221;all&#8221; background_color_opacity=&#8221;1&#8243; background_hover_color_opacity=&#8221;1&#8243; column_shadow=&#8221;none&#8221; column_border_radius=&#8221;none&#8221; column_link_target=&#8221;_self&#8221; gradient_direction=&#8221;left_to_right&#8221; overlay_strength=&#8221;0.3&#8243; width=&#8221;1\/3&#8243; tablet_width_inherit=&#8221;default&#8221; tablet_text_alignment=&#8221;default&#8221; phone_text_alignment=&#8221;default&#8221; column_border_width=&#8221;none&#8221; column_border_style=&#8221;solid&#8221; bg_image_animation=&#8221;none&#8221;][image_with_animation image_url=&#8221;35362&#8243; animation=&#8221;Fade In&#8221; hover_animation=&#8221;none&#8221; alignment=&#8221;&#8221; border_radius=&#8221;none&#8221; box_shadow=&#8221;none&#8221; image_loading=&#8221;default&#8221; max_width=&#8221;100%&#8221; max_width_mobile=&#8221;default&#8221;][\/vc_column][\/vc_row][vc_row type=&#8221;in_container&#8221; full_screen_row_position=&#8221;middle&#8221; column_margin=&#8221;default&#8221; column_direction=&#8221;default&#8221; column_direction_tablet=&#8221;default&#8221; column_direction_phone=&#8221;default&#8221; scene_position=&#8221;center&#8221; text_color=&#8221;dark&#8221; text_align=&#8221;left&#8221; row_border_radius=&#8221;none&#8221; row_border_radius_applies=&#8221;bg&#8221; overlay_strength=&#8221;0.3&#8243; gradient_direction=&#8221;left_to_right&#8221; shape_divider_position=&#8221;bottom&#8221; bg_image_animation=&#8221;none&#8221;][vc_column column_padding=&#8221;no-extra-padding&#8221; column_padding_tablet=&#8221;inherit&#8221; column_padding_phone=&#8221;inherit&#8221; column_padding_position=&#8221;all&#8221; background_color_opacity=&#8221;1&#8243; background_hover_color_opacity=&#8221;1&#8243; column_shadow=&#8221;none&#8221; column_border_radius=&#8221;none&#8221; column_link_target=&#8221;_self&#8221; gradient_direction=&#8221;left_to_right&#8221; overlay_strength=&#8221;0.3&#8243; width=&#8221;1\/1&#8243; tablet_width_inherit=&#8221;default&#8221; tablet_text_alignment=&#8221;default&#8221; phone_text_alignment=&#8221;default&#8221; column_border_width=&#8221;none&#8221; column_border_style=&#8221;solid&#8221; bg_image_animation=&#8221;none&#8221;][vc_column_text]<b>Pouvez-vous vous pr\u00e9senter ?<\/b><\/p>\n<p><span style=\"font-weight: 400;\">Je m\u2019appelle Christos Filandrianos et je suis le directeur du campus Socrates III \u00e0 Roxboro depuis les dix derni\u00e8res ann\u00e9es. Je suis aussi un finissant de l\u2019\u00c9cole Socrates-D\u00e9mosth\u00e8ne.<\/span><\/p>\n<p>&nbsp;<\/p>\n<p><b>Vous \u00eates enseignant et directeur d\u2019\u00e9cole depuis plusieurs ann\u00e9es, pouvez-vous nous parler de votre exp\u00e9rience en tant qu&#8217;enseignant et directeur d\u2019\u00e9cole ?<\/b><\/p>\n<p><span style=\"font-weight: 400;\">Ma carri\u00e8re au sein de notre \u00e9cole a d\u00e9but\u00e9 en 1997. J\u2019ai occup\u00e9 le poste de\u00a0 technicien au service de garde et j\u2019ai vite commenc\u00e9 \u00e0 faire de la suppl\u00e9ance. Gr\u00e2ce \u00e0 mes connaissances du fran\u00e7ais, du grec et de l\u2019anglais, j\u2019ai pu travailler avec les \u00e9l\u00e8ves de tous les niveaux et dans toutes les langues enseign\u00e9es. Nous croyons que ce sont les enfants qui apprennent \u00e0 l\u2019\u00e9cole, mais l\u2019inverse est aussi vrai. J\u2019ai tellement appris ces 26 derni\u00e8res ann\u00e9es au sein de notre institution \u00e9ducative bien aim\u00e9e. Les \u00e9l\u00e8ves changent au fil des ans et nous aussi nous avons l\u2019obligation de progresser et de changer avec eux. Le monde continue \u00e0 \u00e9voluer. En 1997, la technologie jouait un r\u00f4le minime dans l\u2019\u00e9ducation. Aujourd\u2019hui, il est difficile de s\u2019en passer. Finalement, je crois qu\u2019il est important de non seulement se concentrer sur les mati\u00e8res scolaires, mais il faut aussi encourager les jeunes \u00e0 s\u2019impliquer dans les sports et les arts.\u00a0<\/span><\/p>\n<p>&nbsp;<\/p>\n<p><b>Pouvez-vous d\u00e9crire votre vision de l&#8217;\u00e9ducation et comment elle se refl\u00e8te dans le fonctionnement de votre campus ?<\/b><\/p>\n<p><span style=\"font-weight: 400;\">Les objectifs sont les m\u00eames depuis que j\u2019\u00e9tais un jeune \u00e9l\u00e8ve qui fr\u00e9quentait l\u2019\u00e9cole Socrates II dans les ann\u00e9es 1980. Nous voulons que nos finissants aient une base forte dans les trois langues enseign\u00e9es \u00e0 l\u2019\u00e9cole: le fran\u00e7ais, le grec et l\u2019anglais. De plus, nous tenons \u00e0 continuer les traditions et les coutumes du pays de nos anc\u00eatres, la Gr\u00e8ce.\u00a0<\/span><\/p>\n<p><span style=\"font-weight: 400;\">Finalement, notre mission est de bien outiller nos jeunes apprenants pour affronter les d\u00e9fis qui les attendent dans l\u2019avenir.\u00a0<\/span><\/p>\n<p>&nbsp;<\/p>\n<p><b>Quelles strat\u00e9gies mettez-vous en place pour favoriser la collaboration entre les enseignants\u00a0 et les parents pour le bien-\u00eatre des \u00e9l\u00e8ves ?<\/b><\/p>\n<p><span style=\"font-weight: 400;\">Je crois que c\u2019est primordial d&#8217;avoir une communication ouverte et honn\u00eate entre les parents et les enseignants. Nous avons un but en commun, le bien-\u00eatre des enfants. Une de nos forces, c&#8217;est le fait que les parents ont un acc\u00e8s facile et rapide aux enseignants et \u00e0 la direction d\u2019\u00e9cole. L\u2019utilisation des outils comme le portail et l\u2019Internet facilite de plus en plus la communication entre l\u2019\u00e9cole et la maison. Cependant, il ne faut pas oublier que le contact humain ne peut pas \u00eatre remplac\u00e9. Pour bien conna\u00eetre les parents et pour bien collaborer, il faut aussi se c\u00f4toyer en personne.\u00a0<\/span><\/p>\n<p>&nbsp;<\/p>\n<p><b>Comment g\u00e9rez-vous les \u00e9ventuelles situations de conflit entre les \u00e9l\u00e8ves, les parents ou le personnel enseignant, et quel r\u00f4le joue le directeur dans ces situations ?<\/b><\/p>\n<p><span style=\"font-weight: 400;\">Il y aura toujours des conflits dans la vie comme \u00e0 l\u2019\u00e9cole. Premi\u00e8rement, il faut savoir que tout conflit peut se r\u00e9soudre pacifiquement. Encore une fois, c\u2019est en communiquant avec toutes les parties concern\u00e9es que nous pourrons trouver une solution efficace. Je veux aussi souligner que nous travaillons avec des ENFANTS de diff\u00e9rents niveaux et que chaque situation est diff\u00e9rente et demande une intervention adapt\u00e9e. Finalement, je souligne que peu importe le conflit, sans respect, il n\u2019y aura pas de r\u00e9solution.\u00a0<\/span><\/p>\n<p>&nbsp;<\/p>\n<p><b>Comment votre campus promeut-il les activit\u00e9s qui valorisent la culture grecque et ses traditions ?<\/b><\/p>\n<p><span style=\"font-weight: 400;\">Nous faisons plusieurs activit\u00e9s \u00e0 l\u2019\u00e9cole pour promouvoir la culture et les traditions grecques. Il y a les c\u00e9l\u00e9brations des f\u00eates nationales grecques: le 28 octobre 1940 et la f\u00eate de l\u2019ind\u00e9pendance grecque de 1821.\u00a0<\/span><\/p>\n<p><span style=\"font-weight: 400;\">Nous aimons aussi c\u00e9l\u00e9brer le 1er mai (Protomagia). Nous suivons la tradition grecque o\u00f9 nous fabriquons des couronnes de fleurs pour les accrocher aux portes des classes. Les parents b\u00e9n\u00e9voles viennent tr\u00e8s t\u00f4t \u00e0 l\u2019\u00e9cole pour pr\u00e9parer la f\u00eate qui est ouverte \u00e0 tous: \u00e9l\u00e8ves, enseignants, parents, grands-parents et amis. Mets grecs (agneau, gourounopoula\u2026), musique, esprit festif sont tous\u00a0 au rendez-vous au campus Socrates III le 1er mai.\u00a0<\/span><\/p>\n<p><span style=\"font-weight: 400;\">Aussi, nous encourageons nos jeunes \u00e0 participer aux cours de danses grecques qui sont obligatoires pour les \u00e9l\u00e8ves de la 4e \u00e0 la 6e ann\u00e9e et qui sont aussi offerts \u00e0 tous nos \u00e9l\u00e8ves\u00a0 les vendredis apr\u00e8s-midis par le Loografiko Ergastiri de la Communaut\u00e9 hell\u00e9nique du Grand Montr\u00e9al.\u00a0<\/span><\/p>\n<p><span style=\"font-weight: 400;\">Par ailleurs, notre comit\u00e9 de parents organise aussi sa plus grande soir\u00e9e de l\u2019ann\u00e9e, notre bal Apokries. Une grande f\u00eate qui accueille plus de 500 personnes annuellement juste avant le car\u00eame de P\u00e2ques.<\/span><\/p>\n<p><span style=\"font-weight: 400;\">\u00c9videmment, ce sont nos enseignantes du programme grec qui jour apr\u00e8s jour mettent l\u2019emphase sur l\u2019importance d\u2019apprendre non seulement le grec, mais sur la fiert\u00e9 de leurs racines grecques.\u00a0<\/span><\/p>\n<p><span style=\"font-weight: 400;\">Les f\u00eates religieuses sont aussi soulign\u00e9es \u00e0 l\u2019\u00e9cole. L\u2019\u00e9cole c\u00e9l\u00e8bre No\u00ebl et \u00e0 P\u00e2ques \u00e0 l\u2019\u00e9glise.\u00a0\u00a0<\/span><\/p>\n<p><span style=\"font-weight: 400;\">De plus, nous faisons des projets sp\u00e9ciaux pour souligner la Journ\u00e9e internationale de la langue grecque qui a lieu le 9 f\u00e9vrier.<\/span><\/p>\n<p>&nbsp;<\/p>\n<p><b>Quels sont les d\u00e9fis sp\u00e9cifiques auxquels vous \u00eates confront\u00e9 en tant que directeur d\u2019\u00e9cole, et comment faites-vous pour les relever ?<\/b><\/p>\n<p><span style=\"font-weight: 400;\">Trouver des moyens pour assurer la r\u00e9ussite scolaire de tous les \u00e9l\u00e8ves et s\u2019ajuster aux changements dans le monde de l\u2019\u00e9ducation.\u00a0<\/span><\/p>\n<p><span style=\"font-weight: 400;\">C\u2019est avec la formation continue et avec l\u2019ajustement de nos pratiques d\u2019enseignement que nous pourrons relever ces d\u00e9fis.\u00a0<\/span><\/p>\n<p>&nbsp;<\/p>\n<p><b>Y a-t-il quelque chose que vous aimeriez partager avec la communaut\u00e9 de parents de l\u2019\u00c9cole Socrates-D\u00e9mosth\u00e8ne ?<\/b><\/p>\n<p><span style=\"font-weight: 400;\">\u00a0L\u2019apprentissage de plusieurs langues est le meilleur cadeau que vous pouvez offrir \u00e0 vos enfants.\u00a0\u00a0<\/span><\/p>\n<p>&nbsp;<\/p>\n<p><b>Merci Christos\u00a0 Filandrianos pour cette entrevue !<\/b>[\/vc_column_text][\/vc_column][\/vc_row]\n","protected":false},"excerpt":{"rendered":"<p>[vc_row type=&#8221;in_container&#8221; full_screen_row_position=&#8221;middle&#8221; column_margin=&#8221;default&#8221; column_direction=&#8221;default&#8221; column_direction_tablet=&#8221;default&#8221; column_direction_phone=&#8221;default&#8221; scene_position=&#8221;center&#8221; text_color=&#8221;dark&#8221; text_align=&#8221;left&#8221; row_border_radius=&#8221;none&#8221; row_border_radius_applies=&#8221;bg&#8221; overlay_strength=&#8221;0.3&#8243; gradient_direction=&#8221;left_to_right&#8221; shape_divider_position=&#8221;bottom&#8221; bg_image_animation=&#8221;none&#8221;][vc_column column_padding=&#8221;no-extra-padding&#8221; column_padding_tablet=&#8221;inherit&#8221; column_padding_phone=&#8221;inherit&#8221; column_padding_position=&#8221;all&#8221; background_color_opacity=&#8221;1&#8243; background_hover_color_opacity=&#8221;1&#8243; column_shadow=&#8221;none&#8221; column_border_radius=&#8221;none&#8221; column_link_target=&#8221;_self&#8221; gradient_direction=&#8221;left_to_right&#8221; overlay_strength=&#8221;0.3&#8243; width=&#8221;2\/3&#8243; tablet_width_inherit=&#8221;default&#8221; tablet_text_alignment=&#8221;default&#8221;&#8230;<\/p>\n","protected":false},"author":35,"featured_media":35357,"comment_status":"closed","ping_status":"closed","sticky":false,"template":"","format":"standard","meta":{"_monsterinsights_skip_tracking":false,"_monsterinsights_sitenote_active":false,"_monsterinsights_sitenote_note":"","_monsterinsights_sitenote_category":0,"footnotes":""},"categories":[88,89,90,91,86,92],"tags":[],"class_list":{"0":"post-35349","1":"post","2":"type-post","3":"status-publish","4":"format-standard","5":"has-post-thumbnail","7":"category-news-2","8":"category-news-3","9":"category-news-4","10":"category-news-5","11":"category-news-and-activities-english","12":"category-news-demosthene"},"yoast_head":"<!-- This site is optimized with the Yoast SEO plugin v27.5 - https:\/\/yoast.com\/product\/yoast-seo-wordpress\/ -->\n<title>Entrevue mois de novembre - Christos Filandrianos, directeur du campus Socrates III - Roxboro de l\u2019\u00c9cole Socrates-D\u00e9mosth\u00e8ne - Primary School Socrates and Demosthenes<\/title>\n<meta name=\"robots\" content=\"index, follow, max-snippet:-1, max-image-preview:large, max-video-preview:-1\" \/>\n<link rel=\"canonical\" href=\"https:\/\/www.socdem.org\/en\/entrevue-mois-de-novembre-christos-filandrianos-directeur-du-campus-socrates-iii-roxboro-de-lecole-socrates-demosthene\/\" \/>\n<meta property=\"og:locale\" content=\"en_US\" \/>\n<meta property=\"og:type\" content=\"article\" \/>\n<meta property=\"og:title\" content=\"Entrevue mois de novembre - Christos Filandrianos, directeur du campus Socrates III - Roxboro de l\u2019\u00c9cole Socrates-D\u00e9mosth\u00e8ne - Primary School Socrates and Demosthenes\" \/>\n<meta property=\"og:description\" content=\"[vc_row type=&#8221;in_container&#8221; full_screen_row_position=&#8221;middle&#8221; column_margin=&#8221;default&#8221; column_direction=&#8221;default&#8221; column_direction_tablet=&#8221;default&#8221; column_direction_phone=&#8221;default&#8221; scene_position=&#8221;center&#8221; text_color=&#8221;dark&#8221; text_align=&#8221;left&#8221; row_border_radius=&#8221;none&#8221; row_border_radius_applies=&#8221;bg&#8221; overlay_strength=&#8221;0.3&#8243; gradient_direction=&#8221;left_to_right&#8221; shape_divider_position=&#8221;bottom&#8221; bg_image_animation=&#8221;none&#8221;][vc_column column_padding=&#8221;no-extra-padding&#8221; column_padding_tablet=&#8221;inherit&#8221; column_padding_phone=&#8221;inherit&#8221; column_padding_position=&#8221;all&#8221; background_color_opacity=&#8221;1&#8243; background_hover_color_opacity=&#8221;1&#8243; column_shadow=&#8221;none&#8221; column_border_radius=&#8221;none&#8221; column_link_target=&#8221;_self&#8221; gradient_direction=&#8221;left_to_right&#8221; overlay_strength=&#8221;0.3&#8243; width=&#8221;2\/3&#8243; tablet_width_inherit=&#8221;default&#8221; tablet_text_alignment=&#8221;default&#8221;...\" \/>\n<meta property=\"og:url\" content=\"https:\/\/www.socdem.org\/en\/entrevue-mois-de-novembre-christos-filandrianos-directeur-du-campus-socrates-iii-roxboro-de-lecole-socrates-demosthene\/\" \/>\n<meta property=\"og:site_name\" content=\"Primary School Socrates and Demosthenes\" \/>\n<meta property=\"article:publisher\" content=\"https:\/\/www.facebook.com\/TheHCGM\/\" \/>\n<meta property=\"article:published_time\" content=\"2023-11-01T18:42:55+00:00\" \/>\n<meta property=\"article:modified_time\" content=\"2023-11-01T19:01:09+00:00\" \/>\n<meta property=\"og:image\" content=\"https:\/\/www.socdem.org\/wp-content\/uploads\/2023\/11\/IMG_34431.jpg\" \/>\n\t<meta property=\"og:image:width\" content=\"1536\" \/>\n\t<meta property=\"og:image:height\" content=\"2048\" \/>\n\t<meta property=\"og:image:type\" content=\"image\/jpeg\" \/>\n<meta name=\"author\" content=\"Socrates-Demosthenes School\" \/>\n<meta name=\"twitter:card\" content=\"summary_large_image\" \/>\n<meta name=\"twitter:label1\" content=\"Written by\" \/>\n\t<meta name=\"twitter:data1\" content=\"Socrates-Demosthenes School\" \/>\n\t<meta name=\"twitter:label2\" content=\"Est. reading time\" \/>\n\t<meta name=\"twitter:data2\" content=\"5 minutes\" \/>\n<script type=\"application\/ld+json\" class=\"yoast-schema-graph\">{\"@context\":\"https:\\\/\\\/schema.org\",\"@graph\":[{\"@type\":\"Article\",\"@id\":\"https:\\\/\\\/www.socdem.org\\\/en\\\/entrevue-mois-de-novembre-christos-filandrianos-directeur-du-campus-socrates-iii-roxboro-de-lecole-socrates-demosthene\\\/#article\",\"isPartOf\":{\"@id\":\"https:\\\/\\\/www.socdem.org\\\/en\\\/entrevue-mois-de-novembre-christos-filandrianos-directeur-du-campus-socrates-iii-roxboro-de-lecole-socrates-demosthene\\\/\"},\"author\":{\"name\":\"Socrates-Demosthenes School\",\"@id\":\"https:\\\/\\\/www.socdem.org\\\/en\\\/#\\\/schema\\\/person\\\/c8c5cb63ab912088b0d2a568e17e0af0\"},\"headline\":\"Entrevue mois de novembre &#8211; Christos Filandrianos, directeur du campus Socrates III &#8211; Roxboro de l\u2019\u00c9cole Socrates-D\u00e9mosth\u00e8ne\",\"datePublished\":\"2023-11-01T18:42:55+00:00\",\"dateModified\":\"2023-11-01T19:01:09+00:00\",\"mainEntityOfPage\":{\"@id\":\"https:\\\/\\\/www.socdem.org\\\/en\\\/entrevue-mois-de-novembre-christos-filandrianos-directeur-du-campus-socrates-iii-roxboro-de-lecole-socrates-demosthene\\\/\"},\"wordCount\":1453,\"publisher\":{\"@id\":\"https:\\\/\\\/www.socdem.org\\\/en\\\/#organization\"},\"image\":{\"@id\":\"https:\\\/\\\/www.socdem.org\\\/en\\\/entrevue-mois-de-novembre-christos-filandrianos-directeur-du-campus-socrates-iii-roxboro-de-lecole-socrates-demosthene\\\/#primaryimage\"},\"thumbnailUrl\":\"https:\\\/\\\/www.socdem.org\\\/wp-content\\\/uploads\\\/2023\\\/11\\\/IMG_34431.jpg\",\"articleSection\":[\"News 2\",\"News 3\",\"News 4\",\"News 5\",\"News and Activities english\",\"News demosthene\"],\"inLanguage\":\"en-US\"},{\"@type\":\"WebPage\",\"@id\":\"https:\\\/\\\/www.socdem.org\\\/en\\\/entrevue-mois-de-novembre-christos-filandrianos-directeur-du-campus-socrates-iii-roxboro-de-lecole-socrates-demosthene\\\/\",\"url\":\"https:\\\/\\\/www.socdem.org\\\/en\\\/entrevue-mois-de-novembre-christos-filandrianos-directeur-du-campus-socrates-iii-roxboro-de-lecole-socrates-demosthene\\\/\",\"name\":\"Entrevue mois de novembre - Christos Filandrianos, directeur du campus Socrates III - Roxboro de l\u2019\u00c9cole Socrates-D\u00e9mosth\u00e8ne - Primary School Socrates and Demosthenes\",\"isPartOf\":{\"@id\":\"https:\\\/\\\/www.socdem.org\\\/en\\\/#website\"},\"primaryImageOfPage\":{\"@id\":\"https:\\\/\\\/www.socdem.org\\\/en\\\/entrevue-mois-de-novembre-christos-filandrianos-directeur-du-campus-socrates-iii-roxboro-de-lecole-socrates-demosthene\\\/#primaryimage\"},\"image\":{\"@id\":\"https:\\\/\\\/www.socdem.org\\\/en\\\/entrevue-mois-de-novembre-christos-filandrianos-directeur-du-campus-socrates-iii-roxboro-de-lecole-socrates-demosthene\\\/#primaryimage\"},\"thumbnailUrl\":\"https:\\\/\\\/www.socdem.org\\\/wp-content\\\/uploads\\\/2023\\\/11\\\/IMG_34431.jpg\",\"datePublished\":\"2023-11-01T18:42:55+00:00\",\"dateModified\":\"2023-11-01T19:01:09+00:00\",\"breadcrumb\":{\"@id\":\"https:\\\/\\\/www.socdem.org\\\/en\\\/entrevue-mois-de-novembre-christos-filandrianos-directeur-du-campus-socrates-iii-roxboro-de-lecole-socrates-demosthene\\\/#breadcrumb\"},\"inLanguage\":\"en-US\",\"potentialAction\":[{\"@type\":\"ReadAction\",\"target\":[\"https:\\\/\\\/www.socdem.org\\\/en\\\/entrevue-mois-de-novembre-christos-filandrianos-directeur-du-campus-socrates-iii-roxboro-de-lecole-socrates-demosthene\\\/\"]}]},{\"@type\":\"ImageObject\",\"inLanguage\":\"en-US\",\"@id\":\"https:\\\/\\\/www.socdem.org\\\/en\\\/entrevue-mois-de-novembre-christos-filandrianos-directeur-du-campus-socrates-iii-roxboro-de-lecole-socrates-demosthene\\\/#primaryimage\",\"url\":\"https:\\\/\\\/www.socdem.org\\\/wp-content\\\/uploads\\\/2023\\\/11\\\/IMG_34431.jpg\",\"contentUrl\":\"https:\\\/\\\/www.socdem.org\\\/wp-content\\\/uploads\\\/2023\\\/11\\\/IMG_34431.jpg\",\"width\":1536,\"height\":2048},{\"@type\":\"BreadcrumbList\",\"@id\":\"https:\\\/\\\/www.socdem.org\\\/en\\\/entrevue-mois-de-novembre-christos-filandrianos-directeur-du-campus-socrates-iii-roxboro-de-lecole-socrates-demosthene\\\/#breadcrumb\",\"itemListElement\":[{\"@type\":\"ListItem\",\"position\":1,\"name\":\"Accueil\",\"item\":\"https:\\\/\\\/www.socdem.org\\\/en\\\/\"},{\"@type\":\"ListItem\",\"position\":2,\"name\":\"Entrevue mois de novembre &#8211; Christos Filandrianos, directeur du campus Socrates III &#8211; Roxboro de l\u2019\u00c9cole Socrates-D\u00e9mosth\u00e8ne\"}]},{\"@type\":\"WebSite\",\"@id\":\"https:\\\/\\\/www.socdem.org\\\/en\\\/#website\",\"url\":\"https:\\\/\\\/www.socdem.org\\\/en\\\/\",\"name\":\"\u00c9cole Socrates-D\u00e9mosth\u00e8ne\",\"description\":\"Five trilingual greek primary schools of Greater Montreal.\",\"publisher\":{\"@id\":\"https:\\\/\\\/www.socdem.org\\\/en\\\/#organization\"},\"potentialAction\":[{\"@type\":\"SearchAction\",\"target\":{\"@type\":\"EntryPoint\",\"urlTemplate\":\"https:\\\/\\\/www.socdem.org\\\/en\\\/?s={search_term_string}\"},\"query-input\":{\"@type\":\"PropertyValueSpecification\",\"valueRequired\":true,\"valueName\":\"search_term_string\"}}],\"inLanguage\":\"en-US\"},{\"@type\":\"Organization\",\"@id\":\"https:\\\/\\\/www.socdem.org\\\/en\\\/#organization\",\"name\":\"\u00c9cole Socrates-D\u00e9mosth\u00e8ne\",\"url\":\"https:\\\/\\\/www.socdem.org\\\/en\\\/\",\"logo\":{\"@type\":\"ImageObject\",\"inLanguage\":\"en-US\",\"@id\":\"https:\\\/\\\/www.socdem.org\\\/en\\\/#\\\/schema\\\/logo\\\/image\\\/\",\"url\":\"https:\\\/\\\/www.socdem.org\\\/wp-content\\\/uploads\\\/2014\\\/03\\\/SOC-DEM-LOGO-NAME.jpg\",\"contentUrl\":\"https:\\\/\\\/www.socdem.org\\\/wp-content\\\/uploads\\\/2014\\\/03\\\/SOC-DEM-LOGO-NAME.jpg\",\"width\":\"8485\",\"height\":\"4200\",\"caption\":\"\u00c9cole Socrates-D\u00e9mosth\u00e8ne\"},\"image\":{\"@id\":\"https:\\\/\\\/www.socdem.org\\\/en\\\/#\\\/schema\\\/logo\\\/image\\\/\"},\"sameAs\":[\"https:\\\/\\\/www.facebook.com\\\/TheHCGM\\\/\",\"https:\\\/\\\/www.instagram.com\\\/p\\\/BnE965PhJU7\\\/?hl=en\"]},{\"@type\":\"Person\",\"@id\":\"https:\\\/\\\/www.socdem.org\\\/en\\\/#\\\/schema\\\/person\\\/c8c5cb63ab912088b0d2a568e17e0af0\",\"name\":\"Socrates-Demosthenes School\",\"image\":{\"@type\":\"ImageObject\",\"inLanguage\":\"en-US\",\"@id\":\"https:\\\/\\\/secure.gravatar.com\\\/avatar\\\/1a27f30d02006e9fb076599a6486443881ffdd9cbdfd270e895401c4027cd91b?s=96&d=mm&r=g\",\"url\":\"https:\\\/\\\/secure.gravatar.com\\\/avatar\\\/1a27f30d02006e9fb076599a6486443881ffdd9cbdfd270e895401c4027cd91b?s=96&d=mm&r=g\",\"contentUrl\":\"https:\\\/\\\/secure.gravatar.com\\\/avatar\\\/1a27f30d02006e9fb076599a6486443881ffdd9cbdfd270e895401c4027cd91b?s=96&d=mm&r=g\",\"caption\":\"Socrates-Demosthenes School\"},\"sameAs\":[\"http:\\\/\\\/socdem.org\"],\"url\":\"https:\\\/\\\/www.socdem.org\\\/en\\\/author\\\/afiorani\\\/\"}]}<\/script>\n<!-- \/ Yoast SEO plugin. -->","yoast_head_json":{"title":"Entrevue mois de novembre - Christos Filandrianos, directeur du campus Socrates III - Roxboro de l\u2019\u00c9cole Socrates-D\u00e9mosth\u00e8ne - Primary School Socrates and Demosthenes","robots":{"index":"index","follow":"follow","max-snippet":"max-snippet:-1","max-image-preview":"max-image-preview:large","max-video-preview":"max-video-preview:-1"},"canonical":"https:\/\/www.socdem.org\/en\/entrevue-mois-de-novembre-christos-filandrianos-directeur-du-campus-socrates-iii-roxboro-de-lecole-socrates-demosthene\/","og_locale":"en_US","og_type":"article","og_title":"Entrevue mois de novembre - Christos Filandrianos, directeur du campus Socrates III - Roxboro de l\u2019\u00c9cole Socrates-D\u00e9mosth\u00e8ne - Primary School Socrates and Demosthenes","og_description":"[vc_row type=&#8221;in_container&#8221; full_screen_row_position=&#8221;middle&#8221; column_margin=&#8221;default&#8221; column_direction=&#8221;default&#8221; column_direction_tablet=&#8221;default&#8221; column_direction_phone=&#8221;default&#8221; scene_position=&#8221;center&#8221; text_color=&#8221;dark&#8221; text_align=&#8221;left&#8221; row_border_radius=&#8221;none&#8221; row_border_radius_applies=&#8221;bg&#8221; overlay_strength=&#8221;0.3&#8243; gradient_direction=&#8221;left_to_right&#8221; shape_divider_position=&#8221;bottom&#8221; bg_image_animation=&#8221;none&#8221;][vc_column column_padding=&#8221;no-extra-padding&#8221; column_padding_tablet=&#8221;inherit&#8221; column_padding_phone=&#8221;inherit&#8221; column_padding_position=&#8221;all&#8221; background_color_opacity=&#8221;1&#8243; background_hover_color_opacity=&#8221;1&#8243; column_shadow=&#8221;none&#8221; column_border_radius=&#8221;none&#8221; column_link_target=&#8221;_self&#8221; gradient_direction=&#8221;left_to_right&#8221; overlay_strength=&#8221;0.3&#8243; width=&#8221;2\/3&#8243; tablet_width_inherit=&#8221;default&#8221; tablet_text_alignment=&#8221;default&#8221;...","og_url":"https:\/\/www.socdem.org\/en\/entrevue-mois-de-novembre-christos-filandrianos-directeur-du-campus-socrates-iii-roxboro-de-lecole-socrates-demosthene\/","og_site_name":"Primary School Socrates and Demosthenes","article_publisher":"https:\/\/www.facebook.com\/TheHCGM\/","article_published_time":"2023-11-01T18:42:55+00:00","article_modified_time":"2023-11-01T19:01:09+00:00","og_image":[{"width":1536,"height":2048,"url":"https:\/\/www.socdem.org\/wp-content\/uploads\/2023\/11\/IMG_34431.jpg","type":"image\/jpeg"}],"author":"Socrates-Demosthenes School","twitter_card":"summary_large_image","twitter_misc":{"Written by":"Socrates-Demosthenes School","Est. reading time":"5 minutes"},"schema":{"@context":"https:\/\/schema.org","@graph":[{"@type":"Article","@id":"https:\/\/www.socdem.org\/en\/entrevue-mois-de-novembre-christos-filandrianos-directeur-du-campus-socrates-iii-roxboro-de-lecole-socrates-demosthene\/#article","isPartOf":{"@id":"https:\/\/www.socdem.org\/en\/entrevue-mois-de-novembre-christos-filandrianos-directeur-du-campus-socrates-iii-roxboro-de-lecole-socrates-demosthene\/"},"author":{"name":"Socrates-Demosthenes School","@id":"https:\/\/www.socdem.org\/en\/#\/schema\/person\/c8c5cb63ab912088b0d2a568e17e0af0"},"headline":"Entrevue mois de novembre &#8211; Christos Filandrianos, directeur du campus Socrates III &#8211; Roxboro de l\u2019\u00c9cole Socrates-D\u00e9mosth\u00e8ne","datePublished":"2023-11-01T18:42:55+00:00","dateModified":"2023-11-01T19:01:09+00:00","mainEntityOfPage":{"@id":"https:\/\/www.socdem.org\/en\/entrevue-mois-de-novembre-christos-filandrianos-directeur-du-campus-socrates-iii-roxboro-de-lecole-socrates-demosthene\/"},"wordCount":1453,"publisher":{"@id":"https:\/\/www.socdem.org\/en\/#organization"},"image":{"@id":"https:\/\/www.socdem.org\/en\/entrevue-mois-de-novembre-christos-filandrianos-directeur-du-campus-socrates-iii-roxboro-de-lecole-socrates-demosthene\/#primaryimage"},"thumbnailUrl":"https:\/\/www.socdem.org\/wp-content\/uploads\/2023\/11\/IMG_34431.jpg","articleSection":["News 2","News 3","News 4","News 5","News and Activities english","News demosthene"],"inLanguage":"en-US"},{"@type":"WebPage","@id":"https:\/\/www.socdem.org\/en\/entrevue-mois-de-novembre-christos-filandrianos-directeur-du-campus-socrates-iii-roxboro-de-lecole-socrates-demosthene\/","url":"https:\/\/www.socdem.org\/en\/entrevue-mois-de-novembre-christos-filandrianos-directeur-du-campus-socrates-iii-roxboro-de-lecole-socrates-demosthene\/","name":"Entrevue mois de novembre - Christos Filandrianos, directeur du campus Socrates III - Roxboro de l\u2019\u00c9cole Socrates-D\u00e9mosth\u00e8ne - Primary School Socrates and Demosthenes","isPartOf":{"@id":"https:\/\/www.socdem.org\/en\/#website"},"primaryImageOfPage":{"@id":"https:\/\/www.socdem.org\/en\/entrevue-mois-de-novembre-christos-filandrianos-directeur-du-campus-socrates-iii-roxboro-de-lecole-socrates-demosthene\/#primaryimage"},"image":{"@id":"https:\/\/www.socdem.org\/en\/entrevue-mois-de-novembre-christos-filandrianos-directeur-du-campus-socrates-iii-roxboro-de-lecole-socrates-demosthene\/#primaryimage"},"thumbnailUrl":"https:\/\/www.socdem.org\/wp-content\/uploads\/2023\/11\/IMG_34431.jpg","datePublished":"2023-11-01T18:42:55+00:00","dateModified":"2023-11-01T19:01:09+00:00","breadcrumb":{"@id":"https:\/\/www.socdem.org\/en\/entrevue-mois-de-novembre-christos-filandrianos-directeur-du-campus-socrates-iii-roxboro-de-lecole-socrates-demosthene\/#breadcrumb"},"inLanguage":"en-US","potentialAction":[{"@type":"ReadAction","target":["https:\/\/www.socdem.org\/en\/entrevue-mois-de-novembre-christos-filandrianos-directeur-du-campus-socrates-iii-roxboro-de-lecole-socrates-demosthene\/"]}]},{"@type":"ImageObject","inLanguage":"en-US","@id":"https:\/\/www.socdem.org\/en\/entrevue-mois-de-novembre-christos-filandrianos-directeur-du-campus-socrates-iii-roxboro-de-lecole-socrates-demosthene\/#primaryimage","url":"https:\/\/www.socdem.org\/wp-content\/uploads\/2023\/11\/IMG_34431.jpg","contentUrl":"https:\/\/www.socdem.org\/wp-content\/uploads\/2023\/11\/IMG_34431.jpg","width":1536,"height":2048},{"@type":"BreadcrumbList","@id":"https:\/\/www.socdem.org\/en\/entrevue-mois-de-novembre-christos-filandrianos-directeur-du-campus-socrates-iii-roxboro-de-lecole-socrates-demosthene\/#breadcrumb","itemListElement":[{"@type":"ListItem","position":1,"name":"Accueil","item":"https:\/\/www.socdem.org\/en\/"},{"@type":"ListItem","position":2,"name":"Entrevue mois de novembre &#8211; Christos Filandrianos, directeur du campus Socrates III &#8211; Roxboro de l\u2019\u00c9cole Socrates-D\u00e9mosth\u00e8ne"}]},{"@type":"WebSite","@id":"https:\/\/www.socdem.org\/en\/#website","url":"https:\/\/www.socdem.org\/en\/","name":"\u00c9cole Socrates-D\u00e9mosth\u00e8ne","description":"Five trilingual greek primary schools of Greater Montreal.","publisher":{"@id":"https:\/\/www.socdem.org\/en\/#organization"},"potentialAction":[{"@type":"SearchAction","target":{"@type":"EntryPoint","urlTemplate":"https:\/\/www.socdem.org\/en\/?s={search_term_string}"},"query-input":{"@type":"PropertyValueSpecification","valueRequired":true,"valueName":"search_term_string"}}],"inLanguage":"en-US"},{"@type":"Organization","@id":"https:\/\/www.socdem.org\/en\/#organization","name":"\u00c9cole Socrates-D\u00e9mosth\u00e8ne","url":"https:\/\/www.socdem.org\/en\/","logo":{"@type":"ImageObject","inLanguage":"en-US","@id":"https:\/\/www.socdem.org\/en\/#\/schema\/logo\/image\/","url":"https:\/\/www.socdem.org\/wp-content\/uploads\/2014\/03\/SOC-DEM-LOGO-NAME.jpg","contentUrl":"https:\/\/www.socdem.org\/wp-content\/uploads\/2014\/03\/SOC-DEM-LOGO-NAME.jpg","width":"8485","height":"4200","caption":"\u00c9cole Socrates-D\u00e9mosth\u00e8ne"},"image":{"@id":"https:\/\/www.socdem.org\/en\/#\/schema\/logo\/image\/"},"sameAs":["https:\/\/www.facebook.com\/TheHCGM\/","https:\/\/www.instagram.com\/p\/BnE965PhJU7\/?hl=en"]},{"@type":"Person","@id":"https:\/\/www.socdem.org\/en\/#\/schema\/person\/c8c5cb63ab912088b0d2a568e17e0af0","name":"Socrates-Demosthenes School","image":{"@type":"ImageObject","inLanguage":"en-US","@id":"https:\/\/secure.gravatar.com\/avatar\/1a27f30d02006e9fb076599a6486443881ffdd9cbdfd270e895401c4027cd91b?s=96&d=mm&r=g","url":"https:\/\/secure.gravatar.com\/avatar\/1a27f30d02006e9fb076599a6486443881ffdd9cbdfd270e895401c4027cd91b?s=96&d=mm&r=g","contentUrl":"https:\/\/secure.gravatar.com\/avatar\/1a27f30d02006e9fb076599a6486443881ffdd9cbdfd270e895401c4027cd91b?s=96&d=mm&r=g","caption":"Socrates-Demosthenes School"},"sameAs":["http:\/\/socdem.org"],"url":"https:\/\/www.socdem.org\/en\/author\/afiorani\/"}]}},"_links":{"self":[{"href":"https:\/\/www.socdem.org\/en\/wp-json\/wp\/v2\/posts\/35349","targetHints":{"allow":["GET"]}}],"collection":[{"href":"https:\/\/www.socdem.org\/en\/wp-json\/wp\/v2\/posts"}],"about":[{"href":"https:\/\/www.socdem.org\/en\/wp-json\/wp\/v2\/types\/post"}],"author":[{"embeddable":true,"href":"https:\/\/www.socdem.org\/en\/wp-json\/wp\/v2\/users\/35"}],"replies":[{"embeddable":true,"href":"https:\/\/www.socdem.org\/en\/wp-json\/wp\/v2\/comments?post=35349"}],"version-history":[{"count":5,"href":"https:\/\/www.socdem.org\/en\/wp-json\/wp\/v2\/posts\/35349\/revisions"}],"predecessor-version":[{"id":35374,"href":"https:\/\/www.socdem.org\/en\/wp-json\/wp\/v2\/posts\/35349\/revisions\/35374"}],"wp:featuredmedia":[{"embeddable":true,"href":"https:\/\/www.socdem.org\/en\/wp-json\/wp\/v2\/media\/35357"}],"wp:attachment":[{"href":"https:\/\/www.socdem.org\/en\/wp-json\/wp\/v2\/media?parent=35349"}],"wp:term":[{"taxonomy":"category","embeddable":true,"href":"https:\/\/www.socdem.org\/en\/wp-json\/wp\/v2\/categories?post=35349"},{"taxonomy":"post_tag","embeddable":true,"href":"https:\/\/www.socdem.org\/en\/wp-json\/wp\/v2\/tags?post=35349"}],"curies":[{"name":"wp","href":"https:\/\/api.w.org\/{rel}","templated":true}]}}