{"id":35676,"date":"2024-01-12T11:56:21","date_gmt":"2024-01-12T16:56:21","guid":{"rendered":"https:\/\/www.socdem.org\/%f0%9f%aa%a9%f0%9f%8e%b5-danse-annuelle-socrates-v-%f0%9f%92%83%f0%9f%95%ba\/"},"modified":"2024-01-12T11:58:36","modified_gmt":"2024-01-12T16:58:36","slug":"%f0%9f%aa%a9%f0%9f%8e%b5-danse-annuelle-socrates-v-%f0%9f%92%83%f0%9f%95%ba","status":"publish","type":"post","link":"https:\/\/www.socdem.org\/en\/%f0%9f%aa%a9%f0%9f%8e%b5-danse-annuelle-socrates-v-%f0%9f%92%83%f0%9f%95%ba\/","title":{"rendered":"&#x1faa9;&#x1f3b5; Annual Dance &#8211; Socrates V &#x1f483;&#x1f57a;"},"content":{"rendered":"<div class=\"xdj266r x11i5rnm xat24cr x1mh8g0r x1vvkbs x126k92a\"><\/div>\n<div class=\"x11i5rnm xat24cr x1mh8g0r x1vvkbs xtlvy1s x126k92a\">\n<div dir=\"auto\"><span class=\"x3nfvp2 x1j61x8r x1fcty0u xdj266r xhhsvwb xat24cr xgzva0m xxymvpz xlup9mm x1kky2od\"><img loading=\"lazy\" decoding=\"async\" class=\"xz74otr\" src=\"https:\/\/static.xx.fbcdn.net\/images\/emoji.php\/v9\/t8c\/1\/16\/1f389.png\" alt=\"&#x1f389;\" width=\"16\" height=\"16\" \/><\/span>Save the date! <span class=\"x3nfvp2 x1j61x8r x1fcty0u xdj266r xhhsvwb xat24cr xgzva0m xxymvpz xlup9mm x1kky2od\"><img loading=\"lazy\" decoding=\"async\" class=\"xz74otr\" src=\"https:\/\/static.xx.fbcdn.net\/images\/emoji.php\/v9\/t8c\/1\/16\/1f389.png\" alt=\"&#x1f389;\" width=\"16\" height=\"16\" \/><\/span><\/div>\n<\/div>\n<div class=\"x11i5rnm xat24cr x1mh8g0r x1vvkbs xtlvy1s x126k92a\">\n<div dir=\"auto\">\n<p>We are delighted to invite you to the annual Socrates V dance presented by the Parents Committee!<\/p>\n<p><span class=\"x3nfvp2 x1j61x8r x1fcty0u xdj266r xhhsvwb xat24cr xgzva0m xxymvpz xlup9mm x1kky2od\"><img loading=\"lazy\" decoding=\"async\" class=\"xz74otr\" src=\"https:\/\/static.xx.fbcdn.net\/images\/emoji.php\/v9\/t7e\/1\/16\/1f4c5.png\" alt=\"&#x1f4c5;\" width=\"16\" height=\"16\" \/><\/span> Date: March 15, 2024<br \/>\n<span class=\"x3nfvp2 x1j61x8r x1fcty0u xdj266r xhhsvwb xat24cr xgzva0m xxymvpz xlup9mm x1kky2od\"><img loading=\"lazy\" decoding=\"async\" class=\"xz74otr\" src=\"https:\/\/static.xx.fbcdn.net\/images\/emoji.php\/v9\/t2d\/1\/16\/1f4cd.png\" alt=\"&#x1f4cd;\" width=\"16\" height=\"16\" \/><\/span>Venue: Palace Congress Center<\/p>\n<p>Join us for a memorable evening filled with music, dance, and unforgettable moments! Invite your friends and family to share in this festive occasion.<\/p>\n<p>Stay tuned for more details to come. We look forward to celebrating with you!<\/p>\n<p><img loading=\"lazy\" decoding=\"async\" class=\"alignnone wp-image-35672\" src=\"https:\/\/www.socdem.org\/wp-content\/uploads\/2024\/01\/419019322_777199334434494_6939410934375406836_n-240x300.jpg\" alt=\"\" width=\"567\" height=\"709\" srcset=\"https:\/\/www.socdem.org\/wp-content\/uploads\/2024\/01\/419019322_777199334434494_6939410934375406836_n-240x300.jpg 240w, https:\/\/www.socdem.org\/wp-content\/uploads\/2024\/01\/419019322_777199334434494_6939410934375406836_n-820x1024.jpg 820w, https:\/\/www.socdem.org\/wp-content\/uploads\/2024\/01\/419019322_777199334434494_6939410934375406836_n-1229x1536.jpg 1229w, https:\/\/www.socdem.org\/wp-content\/uploads\/2024\/01\/419019322_777199334434494_6939410934375406836_n.jpg 1583w\" sizes=\"auto, (max-width: 567px) 100vw, 567px\" \/><\/div>\n<\/div>\n","protected":false},"excerpt":{"rendered":"<p>Save the date! We are delighted to invite you to the annual Socrates V dance presented by the Parents Committee! Date: March 15, 2024 Venue: Palace Congress Center Join us&#8230;<\/p>\n","protected":false},"author":35,"featured_media":35673,"comment_status":"closed","ping_status":"closed","sticky":false,"template":"","format":"standard","meta":{"_monsterinsights_skip_tracking":false,"_monsterinsights_sitenote_active":false,"_monsterinsights_sitenote_note":"","_monsterinsights_sitenote_category":0,"footnotes":""},"categories":[91,86],"tags":[],"class_list":{"0":"post-35676","1":"post","2":"type-post","3":"status-publish","4":"format-standard","5":"has-post-thumbnail","7":"category-news-5","8":"category-news-and-activities-english"},"yoast_head":"<!-- This site is optimized with the Yoast SEO plugin v27.5 - https:\/\/yoast.com\/product\/yoast-seo-wordpress\/ -->\n<title>&#x1faa9;&#x1f3b5; Annual Dance - Socrates V &#x1f483;&#x1f57a; - Primary School Socrates and Demosthenes<\/title>\n<meta name=\"robots\" content=\"index, follow, max-snippet:-1, max-image-preview:large, max-video-preview:-1\" \/>\n<link rel=\"canonical\" href=\"https:\/\/www.socdem.org\/en\/\ud83e\udea9\ud83c\udfb5-danse-annuelle-socrates-v-\ud83d\udc83\ud83d\udd7a\/\" \/>\n<meta property=\"og:locale\" content=\"en_US\" \/>\n<meta property=\"og:type\" content=\"article\" \/>\n<meta property=\"og:title\" content=\"&#x1faa9;&#x1f3b5; Annual Dance - Socrates V &#x1f483;&#x1f57a; - Primary School Socrates and Demosthenes\" \/>\n<meta property=\"og:description\" content=\"Save the date! We are delighted to invite you to the annual Socrates V dance presented by the Parents Committee! Date: March 15, 2024 Venue: Palace Congress Center Join us...\" \/>\n<meta property=\"og:url\" content=\"https:\/\/www.socdem.org\/en\/\ud83e\udea9\ud83c\udfb5-danse-annuelle-socrates-v-\ud83d\udc83\ud83d\udd7a\/\" \/>\n<meta property=\"og:site_name\" content=\"Primary School Socrates and Demosthenes\" \/>\n<meta property=\"article:publisher\" content=\"https:\/\/www.facebook.com\/TheHCGM\/\" \/>\n<meta property=\"article:published_time\" content=\"2024-01-12T16:56:21+00:00\" \/>\n<meta property=\"article:modified_time\" content=\"2024-01-12T16:58:36+00:00\" \/>\n<meta property=\"og:image\" content=\"https:\/\/www.socdem.org\/wp-content\/uploads\/2024\/01\/419019322_777199334434494_6939410934375406836_n.jpg\" \/>\n\t<meta property=\"og:image:width\" content=\"1583\" \/>\n\t<meta property=\"og:image:height\" content=\"1978\" \/>\n\t<meta property=\"og:image:type\" content=\"image\/jpeg\" \/>\n<meta name=\"author\" content=\"Socrates-Demosthenes School\" \/>\n<meta name=\"twitter:card\" content=\"summary_large_image\" \/>\n<meta name=\"twitter:label1\" content=\"Written by\" \/>\n\t<meta name=\"twitter:data1\" content=\"Socrates-Demosthenes School\" \/>\n\t<meta name=\"twitter:label2\" content=\"Est. reading time\" \/>\n\t<meta name=\"twitter:data2\" content=\"2 minutes\" \/>\n<script type=\"application\/ld+json\" class=\"yoast-schema-graph\">{\"@context\":\"https:\\\/\\\/schema.org\",\"@graph\":[{\"@type\":\"Article\",\"@id\":\"https:\\\/\\\/www.socdem.org\\\/en\\\/%f0%9f%aa%a9%f0%9f%8e%b5-danse-annuelle-socrates-v-%f0%9f%92%83%f0%9f%95%ba\\\/#article\",\"isPartOf\":{\"@id\":\"https:\\\/\\\/www.socdem.org\\\/en\\\/%f0%9f%aa%a9%f0%9f%8e%b5-danse-annuelle-socrates-v-%f0%9f%92%83%f0%9f%95%ba\\\/\"},\"author\":{\"name\":\"Socrates-Demosthenes School\",\"@id\":\"https:\\\/\\\/www.socdem.org\\\/en\\\/#\\\/schema\\\/person\\\/c8c5cb63ab912088b0d2a568e17e0af0\"},\"headline\":\"&#x1faa9;&#x1f3b5; Annual Dance &#8211; Socrates V &#x1f483;&#x1f57a;\",\"datePublished\":\"2024-01-12T16:56:21+00:00\",\"dateModified\":\"2024-01-12T16:58:36+00:00\",\"mainEntityOfPage\":{\"@id\":\"https:\\\/\\\/www.socdem.org\\\/en\\\/%f0%9f%aa%a9%f0%9f%8e%b5-danse-annuelle-socrates-v-%f0%9f%92%83%f0%9f%95%ba\\\/\"},\"wordCount\":79,\"publisher\":{\"@id\":\"https:\\\/\\\/www.socdem.org\\\/en\\\/#organization\"},\"image\":{\"@id\":\"https:\\\/\\\/www.socdem.org\\\/en\\\/%f0%9f%aa%a9%f0%9f%8e%b5-danse-annuelle-socrates-v-%f0%9f%92%83%f0%9f%95%ba\\\/#primaryimage\"},\"thumbnailUrl\":\"https:\\\/\\\/www.socdem.org\\\/wp-content\\\/uploads\\\/2024\\\/01\\\/419019322_777199334434494_6939410934375406836_n.jpg\",\"articleSection\":[\"News 5\",\"News and Activities english\"],\"inLanguage\":\"en-US\"},{\"@type\":\"WebPage\",\"@id\":\"https:\\\/\\\/www.socdem.org\\\/en\\\/%f0%9f%aa%a9%f0%9f%8e%b5-danse-annuelle-socrates-v-%f0%9f%92%83%f0%9f%95%ba\\\/\",\"url\":\"https:\\\/\\\/www.socdem.org\\\/en\\\/%f0%9f%aa%a9%f0%9f%8e%b5-danse-annuelle-socrates-v-%f0%9f%92%83%f0%9f%95%ba\\\/\",\"name\":\"&#x1faa9;&#x1f3b5; Annual Dance - Socrates V &#x1f483;&#x1f57a; - Primary School Socrates and Demosthenes\",\"isPartOf\":{\"@id\":\"https:\\\/\\\/www.socdem.org\\\/en\\\/#website\"},\"primaryImageOfPage\":{\"@id\":\"https:\\\/\\\/www.socdem.org\\\/en\\\/%f0%9f%aa%a9%f0%9f%8e%b5-danse-annuelle-socrates-v-%f0%9f%92%83%f0%9f%95%ba\\\/#primaryimage\"},\"image\":{\"@id\":\"https:\\\/\\\/www.socdem.org\\\/en\\\/%f0%9f%aa%a9%f0%9f%8e%b5-danse-annuelle-socrates-v-%f0%9f%92%83%f0%9f%95%ba\\\/#primaryimage\"},\"thumbnailUrl\":\"https:\\\/\\\/www.socdem.org\\\/wp-content\\\/uploads\\\/2024\\\/01\\\/419019322_777199334434494_6939410934375406836_n.jpg\",\"datePublished\":\"2024-01-12T16:56:21+00:00\",\"dateModified\":\"2024-01-12T16:58:36+00:00\",\"breadcrumb\":{\"@id\":\"https:\\\/\\\/www.socdem.org\\\/en\\\/%f0%9f%aa%a9%f0%9f%8e%b5-danse-annuelle-socrates-v-%f0%9f%92%83%f0%9f%95%ba\\\/#breadcrumb\"},\"inLanguage\":\"en-US\",\"potentialAction\":[{\"@type\":\"ReadAction\",\"target\":[\"https:\\\/\\\/www.socdem.org\\\/en\\\/%f0%9f%aa%a9%f0%9f%8e%b5-danse-annuelle-socrates-v-%f0%9f%92%83%f0%9f%95%ba\\\/\"]}]},{\"@type\":\"ImageObject\",\"inLanguage\":\"en-US\",\"@id\":\"https:\\\/\\\/www.socdem.org\\\/en\\\/%f0%9f%aa%a9%f0%9f%8e%b5-danse-annuelle-socrates-v-%f0%9f%92%83%f0%9f%95%ba\\\/#primaryimage\",\"url\":\"https:\\\/\\\/www.socdem.org\\\/wp-content\\\/uploads\\\/2024\\\/01\\\/419019322_777199334434494_6939410934375406836_n.jpg\",\"contentUrl\":\"https:\\\/\\\/www.socdem.org\\\/wp-content\\\/uploads\\\/2024\\\/01\\\/419019322_777199334434494_6939410934375406836_n.jpg\",\"width\":1583,\"height\":1978},{\"@type\":\"BreadcrumbList\",\"@id\":\"https:\\\/\\\/www.socdem.org\\\/en\\\/%f0%9f%aa%a9%f0%9f%8e%b5-danse-annuelle-socrates-v-%f0%9f%92%83%f0%9f%95%ba\\\/#breadcrumb\",\"itemListElement\":[{\"@type\":\"ListItem\",\"position\":1,\"name\":\"Accueil\",\"item\":\"https:\\\/\\\/www.socdem.org\\\/en\\\/\"},{\"@type\":\"ListItem\",\"position\":2,\"name\":\"&#x1faa9;&#x1f3b5; Annual Dance &#8211; Socrates V &#x1f483;&#x1f57a;\"}]},{\"@type\":\"WebSite\",\"@id\":\"https:\\\/\\\/www.socdem.org\\\/en\\\/#website\",\"url\":\"https:\\\/\\\/www.socdem.org\\\/en\\\/\",\"name\":\"\u00c9cole Socrates-D\u00e9mosth\u00e8ne\",\"description\":\"Five trilingual greek primary schools of Greater Montreal.\",\"publisher\":{\"@id\":\"https:\\\/\\\/www.socdem.org\\\/en\\\/#organization\"},\"potentialAction\":[{\"@type\":\"SearchAction\",\"target\":{\"@type\":\"EntryPoint\",\"urlTemplate\":\"https:\\\/\\\/www.socdem.org\\\/en\\\/?s={search_term_string}\"},\"query-input\":{\"@type\":\"PropertyValueSpecification\",\"valueRequired\":true,\"valueName\":\"search_term_string\"}}],\"inLanguage\":\"en-US\"},{\"@type\":\"Organization\",\"@id\":\"https:\\\/\\\/www.socdem.org\\\/en\\\/#organization\",\"name\":\"\u00c9cole Socrates-D\u00e9mosth\u00e8ne\",\"url\":\"https:\\\/\\\/www.socdem.org\\\/en\\\/\",\"logo\":{\"@type\":\"ImageObject\",\"inLanguage\":\"en-US\",\"@id\":\"https:\\\/\\\/www.socdem.org\\\/en\\\/#\\\/schema\\\/logo\\\/image\\\/\",\"url\":\"https:\\\/\\\/www.socdem.org\\\/wp-content\\\/uploads\\\/2014\\\/03\\\/SOC-DEM-LOGO-NAME.jpg\",\"contentUrl\":\"https:\\\/\\\/www.socdem.org\\\/wp-content\\\/uploads\\\/2014\\\/03\\\/SOC-DEM-LOGO-NAME.jpg\",\"width\":\"8485\",\"height\":\"4200\",\"caption\":\"\u00c9cole Socrates-D\u00e9mosth\u00e8ne\"},\"image\":{\"@id\":\"https:\\\/\\\/www.socdem.org\\\/en\\\/#\\\/schema\\\/logo\\\/image\\\/\"},\"sameAs\":[\"https:\\\/\\\/www.facebook.com\\\/TheHCGM\\\/\",\"https:\\\/\\\/www.instagram.com\\\/p\\\/BnE965PhJU7\\\/?hl=en\"]},{\"@type\":\"Person\",\"@id\":\"https:\\\/\\\/www.socdem.org\\\/en\\\/#\\\/schema\\\/person\\\/c8c5cb63ab912088b0d2a568e17e0af0\",\"name\":\"Socrates-Demosthenes School\",\"image\":{\"@type\":\"ImageObject\",\"inLanguage\":\"en-US\",\"@id\":\"https:\\\/\\\/secure.gravatar.com\\\/avatar\\\/1a27f30d02006e9fb076599a6486443881ffdd9cbdfd270e895401c4027cd91b?s=96&d=mm&r=g\",\"url\":\"https:\\\/\\\/secure.gravatar.com\\\/avatar\\\/1a27f30d02006e9fb076599a6486443881ffdd9cbdfd270e895401c4027cd91b?s=96&d=mm&r=g\",\"contentUrl\":\"https:\\\/\\\/secure.gravatar.com\\\/avatar\\\/1a27f30d02006e9fb076599a6486443881ffdd9cbdfd270e895401c4027cd91b?s=96&d=mm&r=g\",\"caption\":\"Socrates-Demosthenes School\"},\"sameAs\":[\"http:\\\/\\\/socdem.org\"],\"url\":\"https:\\\/\\\/www.socdem.org\\\/en\\\/author\\\/afiorani\\\/\"}]}<\/script>\n<!-- \/ Yoast SEO plugin. -->","yoast_head_json":{"title":"&#x1faa9;&#x1f3b5; Annual Dance - Socrates V &#x1f483;&#x1f57a; - Primary School Socrates and Demosthenes","robots":{"index":"index","follow":"follow","max-snippet":"max-snippet:-1","max-image-preview":"max-image-preview:large","max-video-preview":"max-video-preview:-1"},"canonical":"https:\/\/www.socdem.org\/en\/\ud83e\udea9\ud83c\udfb5-danse-annuelle-socrates-v-\ud83d\udc83\ud83d\udd7a\/","og_locale":"en_US","og_type":"article","og_title":"&#x1faa9;&#x1f3b5; Annual Dance - Socrates V &#x1f483;&#x1f57a; - Primary School Socrates and Demosthenes","og_description":"Save the date! We are delighted to invite you to the annual Socrates V dance presented by the Parents Committee! Date: March 15, 2024 Venue: Palace Congress Center Join us...","og_url":"https:\/\/www.socdem.org\/en\/\ud83e\udea9\ud83c\udfb5-danse-annuelle-socrates-v-\ud83d\udc83\ud83d\udd7a\/","og_site_name":"Primary School Socrates and Demosthenes","article_publisher":"https:\/\/www.facebook.com\/TheHCGM\/","article_published_time":"2024-01-12T16:56:21+00:00","article_modified_time":"2024-01-12T16:58:36+00:00","og_image":[{"width":1583,"height":1978,"url":"https:\/\/www.socdem.org\/wp-content\/uploads\/2024\/01\/419019322_777199334434494_6939410934375406836_n.jpg","type":"image\/jpeg"}],"author":"Socrates-Demosthenes School","twitter_card":"summary_large_image","twitter_misc":{"Written by":"Socrates-Demosthenes School","Est. reading time":"2 minutes"},"schema":{"@context":"https:\/\/schema.org","@graph":[{"@type":"Article","@id":"https:\/\/www.socdem.org\/en\/%f0%9f%aa%a9%f0%9f%8e%b5-danse-annuelle-socrates-v-%f0%9f%92%83%f0%9f%95%ba\/#article","isPartOf":{"@id":"https:\/\/www.socdem.org\/en\/%f0%9f%aa%a9%f0%9f%8e%b5-danse-annuelle-socrates-v-%f0%9f%92%83%f0%9f%95%ba\/"},"author":{"name":"Socrates-Demosthenes School","@id":"https:\/\/www.socdem.org\/en\/#\/schema\/person\/c8c5cb63ab912088b0d2a568e17e0af0"},"headline":"&#x1faa9;&#x1f3b5; Annual Dance &#8211; Socrates V &#x1f483;&#x1f57a;","datePublished":"2024-01-12T16:56:21+00:00","dateModified":"2024-01-12T16:58:36+00:00","mainEntityOfPage":{"@id":"https:\/\/www.socdem.org\/en\/%f0%9f%aa%a9%f0%9f%8e%b5-danse-annuelle-socrates-v-%f0%9f%92%83%f0%9f%95%ba\/"},"wordCount":79,"publisher":{"@id":"https:\/\/www.socdem.org\/en\/#organization"},"image":{"@id":"https:\/\/www.socdem.org\/en\/%f0%9f%aa%a9%f0%9f%8e%b5-danse-annuelle-socrates-v-%f0%9f%92%83%f0%9f%95%ba\/#primaryimage"},"thumbnailUrl":"https:\/\/www.socdem.org\/wp-content\/uploads\/2024\/01\/419019322_777199334434494_6939410934375406836_n.jpg","articleSection":["News 5","News and Activities english"],"inLanguage":"en-US"},{"@type":"WebPage","@id":"https:\/\/www.socdem.org\/en\/%f0%9f%aa%a9%f0%9f%8e%b5-danse-annuelle-socrates-v-%f0%9f%92%83%f0%9f%95%ba\/","url":"https:\/\/www.socdem.org\/en\/%f0%9f%aa%a9%f0%9f%8e%b5-danse-annuelle-socrates-v-%f0%9f%92%83%f0%9f%95%ba\/","name":"&#x1faa9;&#x1f3b5; Annual Dance - Socrates V &#x1f483;&#x1f57a; - Primary School Socrates and Demosthenes","isPartOf":{"@id":"https:\/\/www.socdem.org\/en\/#website"},"primaryImageOfPage":{"@id":"https:\/\/www.socdem.org\/en\/%f0%9f%aa%a9%f0%9f%8e%b5-danse-annuelle-socrates-v-%f0%9f%92%83%f0%9f%95%ba\/#primaryimage"},"image":{"@id":"https:\/\/www.socdem.org\/en\/%f0%9f%aa%a9%f0%9f%8e%b5-danse-annuelle-socrates-v-%f0%9f%92%83%f0%9f%95%ba\/#primaryimage"},"thumbnailUrl":"https:\/\/www.socdem.org\/wp-content\/uploads\/2024\/01\/419019322_777199334434494_6939410934375406836_n.jpg","datePublished":"2024-01-12T16:56:21+00:00","dateModified":"2024-01-12T16:58:36+00:00","breadcrumb":{"@id":"https:\/\/www.socdem.org\/en\/%f0%9f%aa%a9%f0%9f%8e%b5-danse-annuelle-socrates-v-%f0%9f%92%83%f0%9f%95%ba\/#breadcrumb"},"inLanguage":"en-US","potentialAction":[{"@type":"ReadAction","target":["https:\/\/www.socdem.org\/en\/%f0%9f%aa%a9%f0%9f%8e%b5-danse-annuelle-socrates-v-%f0%9f%92%83%f0%9f%95%ba\/"]}]},{"@type":"ImageObject","inLanguage":"en-US","@id":"https:\/\/www.socdem.org\/en\/%f0%9f%aa%a9%f0%9f%8e%b5-danse-annuelle-socrates-v-%f0%9f%92%83%f0%9f%95%ba\/#primaryimage","url":"https:\/\/www.socdem.org\/wp-content\/uploads\/2024\/01\/419019322_777199334434494_6939410934375406836_n.jpg","contentUrl":"https:\/\/www.socdem.org\/wp-content\/uploads\/2024\/01\/419019322_777199334434494_6939410934375406836_n.jpg","width":1583,"height":1978},{"@type":"BreadcrumbList","@id":"https:\/\/www.socdem.org\/en\/%f0%9f%aa%a9%f0%9f%8e%b5-danse-annuelle-socrates-v-%f0%9f%92%83%f0%9f%95%ba\/#breadcrumb","itemListElement":[{"@type":"ListItem","position":1,"name":"Accueil","item":"https:\/\/www.socdem.org\/en\/"},{"@type":"ListItem","position":2,"name":"&#x1faa9;&#x1f3b5; Annual Dance &#8211; Socrates V &#x1f483;&#x1f57a;"}]},{"@type":"WebSite","@id":"https:\/\/www.socdem.org\/en\/#website","url":"https:\/\/www.socdem.org\/en\/","name":"\u00c9cole Socrates-D\u00e9mosth\u00e8ne","description":"Five trilingual greek primary schools of Greater Montreal.","publisher":{"@id":"https:\/\/www.socdem.org\/en\/#organization"},"potentialAction":[{"@type":"SearchAction","target":{"@type":"EntryPoint","urlTemplate":"https:\/\/www.socdem.org\/en\/?s={search_term_string}"},"query-input":{"@type":"PropertyValueSpecification","valueRequired":true,"valueName":"search_term_string"}}],"inLanguage":"en-US"},{"@type":"Organization","@id":"https:\/\/www.socdem.org\/en\/#organization","name":"\u00c9cole Socrates-D\u00e9mosth\u00e8ne","url":"https:\/\/www.socdem.org\/en\/","logo":{"@type":"ImageObject","inLanguage":"en-US","@id":"https:\/\/www.socdem.org\/en\/#\/schema\/logo\/image\/","url":"https:\/\/www.socdem.org\/wp-content\/uploads\/2014\/03\/SOC-DEM-LOGO-NAME.jpg","contentUrl":"https:\/\/www.socdem.org\/wp-content\/uploads\/2014\/03\/SOC-DEM-LOGO-NAME.jpg","width":"8485","height":"4200","caption":"\u00c9cole Socrates-D\u00e9mosth\u00e8ne"},"image":{"@id":"https:\/\/www.socdem.org\/en\/#\/schema\/logo\/image\/"},"sameAs":["https:\/\/www.facebook.com\/TheHCGM\/","https:\/\/www.instagram.com\/p\/BnE965PhJU7\/?hl=en"]},{"@type":"Person","@id":"https:\/\/www.socdem.org\/en\/#\/schema\/person\/c8c5cb63ab912088b0d2a568e17e0af0","name":"Socrates-Demosthenes School","image":{"@type":"ImageObject","inLanguage":"en-US","@id":"https:\/\/secure.gravatar.com\/avatar\/1a27f30d02006e9fb076599a6486443881ffdd9cbdfd270e895401c4027cd91b?s=96&d=mm&r=g","url":"https:\/\/secure.gravatar.com\/avatar\/1a27f30d02006e9fb076599a6486443881ffdd9cbdfd270e895401c4027cd91b?s=96&d=mm&r=g","contentUrl":"https:\/\/secure.gravatar.com\/avatar\/1a27f30d02006e9fb076599a6486443881ffdd9cbdfd270e895401c4027cd91b?s=96&d=mm&r=g","caption":"Socrates-Demosthenes School"},"sameAs":["http:\/\/socdem.org"],"url":"https:\/\/www.socdem.org\/en\/author\/afiorani\/"}]}},"_links":{"self":[{"href":"https:\/\/www.socdem.org\/en\/wp-json\/wp\/v2\/posts\/35676","targetHints":{"allow":["GET"]}}],"collection":[{"href":"https:\/\/www.socdem.org\/en\/wp-json\/wp\/v2\/posts"}],"about":[{"href":"https:\/\/www.socdem.org\/en\/wp-json\/wp\/v2\/types\/post"}],"author":[{"embeddable":true,"href":"https:\/\/www.socdem.org\/en\/wp-json\/wp\/v2\/users\/35"}],"replies":[{"embeddable":true,"href":"https:\/\/www.socdem.org\/en\/wp-json\/wp\/v2\/comments?post=35676"}],"version-history":[{"count":2,"href":"https:\/\/www.socdem.org\/en\/wp-json\/wp\/v2\/posts\/35676\/revisions"}],"predecessor-version":[{"id":35680,"href":"https:\/\/www.socdem.org\/en\/wp-json\/wp\/v2\/posts\/35676\/revisions\/35680"}],"wp:featuredmedia":[{"embeddable":true,"href":"https:\/\/www.socdem.org\/en\/wp-json\/wp\/v2\/media\/35673"}],"wp:attachment":[{"href":"https:\/\/www.socdem.org\/en\/wp-json\/wp\/v2\/media?parent=35676"}],"wp:term":[{"taxonomy":"category","embeddable":true,"href":"https:\/\/www.socdem.org\/en\/wp-json\/wp\/v2\/categories?post=35676"},{"taxonomy":"post_tag","embeddable":true,"href":"https:\/\/www.socdem.org\/en\/wp-json\/wp\/v2\/tags?post=35676"}],"curies":[{"name":"wp","href":"https:\/\/api.w.org\/{rel}","templated":true}]}}