{"id":35681,"date":"2024-01-12T12:00:50","date_gmt":"2024-01-12T17:00:50","guid":{"rendered":"https:\/\/www.socdem.org\/?p=35681"},"modified":"2024-01-12T12:04:13","modified_gmt":"2024-01-12T17:04:13","slug":"%e2%9d%84%ef%b8%8f-en-cas-de-fermeture-decole-%e2%9d%84%ef%b8%8f","status":"publish","type":"post","link":"https:\/\/www.socdem.org\/en\/%e2%9d%84%ef%b8%8f-en-cas-de-fermeture-decole-%e2%9d%84%ef%b8%8f\/","title":{"rendered":"&#x2744;&#xfe0f; In the event of a school closure &#x2744;&#xfe0f;"},"content":{"rendered":"<p>Dear parents,<\/p>\n<p>In this winter season, your safety and that of our precious students are our top priority. In the event of extreme weather conditions, such as a snowstorm, we want to inform you about our school closure procedure.<\/p>\n<p>If the decision to close the school is made, we will communicate by no later than 6 a.m. through the information sources listed below.<\/p>\n<p>If you do not receive any communication, then the campuses remain open!<\/p>\n<p>Information sources:<\/p>\n<ul>\n<li>School&#8217;s Pluriportal School website: <a href=\"http:\/\/www.socdem.org\/\" target=\"_new\" rel=\"noopener\">www.socdem.org<\/a><\/li>\n<li>CHGM&#8217;s Facebook: <a href=\"http:\/\/www.facebook.com\/thehcgm\" target=\"_new\" rel=\"noopener\">www.facebook.com\/thehcgm<\/a><\/li>\n<li>Mass email (MailChimp)<\/li>\n<\/ul>\n<p>You can also tune in to the following radio stations:<\/p>\n<ul>\n<li>Radio Canada 95.1<\/li>\n<li><a href=\"http:\/\/www.radio-canada.ca\/tempete\" target=\"_new\" rel=\"noopener\">www.radio-canada.ca\/tempete<\/a><\/li>\n<li>TVA Nouvelles<\/li>\n<li>CJAD 800 AM<\/li>\n<li><a href=\"http:\/\/www.cjad.com\/\" target=\"_new\" rel=\"noopener\">www.cjad.com<\/a><\/li>\n<li>92.5 The Beat<\/li>\n<li>98.5 FM Montreal<\/li>\n<li>96.9 CKOI<\/li>\n<li>105.7 Rythme<\/li>\n<li>730AM Radio Circulation<\/li>\n<\/ul>\n<p><strong>L\u2019\u00c9cole Socrates-D\u00e9mosth\u00e8ne<\/strong><\/p>\n<p><img loading=\"lazy\" decoding=\"async\" class=\"alignnone wp-image-35682\" src=\"https:\/\/www.socdem.org\/wp-content\/uploads\/2024\/01\/unnamed-300x169.png\" alt=\"\" width=\"632\" height=\"356\" srcset=\"https:\/\/www.socdem.org\/wp-content\/uploads\/2024\/01\/unnamed-300x169.png 300w, https:\/\/www.socdem.org\/wp-content\/uploads\/2024\/01\/unnamed-1024x576.png 1024w, https:\/\/www.socdem.org\/wp-content\/uploads\/2024\/01\/unnamed-1536x864.png 1536w, https:\/\/www.socdem.org\/wp-content\/uploads\/2024\/01\/unnamed-2048x1152.png 2048w\" sizes=\"auto, (max-width: 632px) 100vw, 632px\" \/><\/p>\n","protected":false},"excerpt":{"rendered":"<p>Dear parents, In this winter season, your safety and that of our precious students are our top priority. In the event of extreme weather conditions, such as a snowstorm, we&#8230;<\/p>\n","protected":false},"author":35,"featured_media":35682,"comment_status":"closed","ping_status":"closed","sticky":false,"template":"","format":"standard","meta":{"_monsterinsights_skip_tracking":false,"_monsterinsights_sitenote_active":false,"_monsterinsights_sitenote_note":"","_monsterinsights_sitenote_category":0,"footnotes":""},"categories":[88,89,90,91,86,92],"tags":[],"class_list":{"0":"post-35681","1":"post","2":"type-post","3":"status-publish","4":"format-standard","5":"has-post-thumbnail","7":"category-news-2","8":"category-news-3","9":"category-news-4","10":"category-news-5","11":"category-news-and-activities-english","12":"category-news-demosthene"},"yoast_head":"<!-- This site is optimized with the Yoast SEO plugin v27.5 - https:\/\/yoast.com\/product\/yoast-seo-wordpress\/ -->\n<title>&#x2744;&#xfe0f; In the event of a school closure &#x2744;&#xfe0f; - Primary School Socrates and Demosthenes<\/title>\n<meta name=\"robots\" content=\"index, follow, max-snippet:-1, max-image-preview:large, max-video-preview:-1\" \/>\n<link rel=\"canonical\" href=\"https:\/\/www.socdem.org\/en\/\u2744\ufe0f-en-cas-de-fermeture-decole-\u2744\ufe0f\/\" \/>\n<meta property=\"og:locale\" content=\"en_US\" \/>\n<meta property=\"og:type\" content=\"article\" \/>\n<meta property=\"og:title\" content=\"&#x2744;&#xfe0f; In the event of a school closure &#x2744;&#xfe0f; - Primary School Socrates and Demosthenes\" \/>\n<meta property=\"og:description\" content=\"Dear parents, In this winter season, your safety and that of our precious students are our top priority. In the event of extreme weather conditions, such as a snowstorm, we...\" \/>\n<meta property=\"og:url\" content=\"https:\/\/www.socdem.org\/en\/\u2744\ufe0f-en-cas-de-fermeture-decole-\u2744\ufe0f\/\" \/>\n<meta property=\"og:site_name\" content=\"Primary School Socrates and Demosthenes\" \/>\n<meta property=\"article:publisher\" content=\"https:\/\/www.facebook.com\/TheHCGM\/\" \/>\n<meta property=\"article:published_time\" content=\"2024-01-12T17:00:50+00:00\" \/>\n<meta property=\"article:modified_time\" content=\"2024-01-12T17:04:13+00:00\" \/>\n<meta property=\"og:image\" content=\"https:\/\/www.socdem.org\/wp-content\/uploads\/2024\/01\/unnamed-1024x576.png\" \/>\n\t<meta property=\"og:image:width\" content=\"1024\" \/>\n\t<meta property=\"og:image:height\" content=\"576\" \/>\n\t<meta property=\"og:image:type\" content=\"image\/png\" \/>\n<meta name=\"author\" content=\"Socrates-Demosthenes School\" \/>\n<meta name=\"twitter:card\" content=\"summary_large_image\" \/>\n<meta name=\"twitter:label1\" content=\"Written by\" \/>\n\t<meta name=\"twitter:data1\" content=\"Socrates-Demosthenes School\" \/>\n\t<meta name=\"twitter:label2\" content=\"Est. reading time\" \/>\n\t<meta name=\"twitter:data2\" content=\"1 minute\" \/>\n<script type=\"application\/ld+json\" class=\"yoast-schema-graph\">{\"@context\":\"https:\\\/\\\/schema.org\",\"@graph\":[{\"@type\":\"Article\",\"@id\":\"https:\\\/\\\/www.socdem.org\\\/en\\\/%e2%9d%84%ef%b8%8f-en-cas-de-fermeture-decole-%e2%9d%84%ef%b8%8f\\\/#article\",\"isPartOf\":{\"@id\":\"https:\\\/\\\/www.socdem.org\\\/en\\\/%e2%9d%84%ef%b8%8f-en-cas-de-fermeture-decole-%e2%9d%84%ef%b8%8f\\\/\"},\"author\":{\"name\":\"Socrates-Demosthenes School\",\"@id\":\"https:\\\/\\\/www.socdem.org\\\/en\\\/#\\\/schema\\\/person\\\/c8c5cb63ab912088b0d2a568e17e0af0\"},\"headline\":\"&#x2744;&#xfe0f; In the event of a school closure &#x2744;&#xfe0f;\",\"datePublished\":\"2024-01-12T17:00:50+00:00\",\"dateModified\":\"2024-01-12T17:04:13+00:00\",\"mainEntityOfPage\":{\"@id\":\"https:\\\/\\\/www.socdem.org\\\/en\\\/%e2%9d%84%ef%b8%8f-en-cas-de-fermeture-decole-%e2%9d%84%ef%b8%8f\\\/\"},\"wordCount\":143,\"publisher\":{\"@id\":\"https:\\\/\\\/www.socdem.org\\\/en\\\/#organization\"},\"image\":{\"@id\":\"https:\\\/\\\/www.socdem.org\\\/en\\\/%e2%9d%84%ef%b8%8f-en-cas-de-fermeture-decole-%e2%9d%84%ef%b8%8f\\\/#primaryimage\"},\"thumbnailUrl\":\"https:\\\/\\\/www.socdem.org\\\/wp-content\\\/uploads\\\/2024\\\/01\\\/unnamed.png\",\"articleSection\":[\"News 2\",\"News 3\",\"News 4\",\"News 5\",\"News and Activities english\",\"News demosthene\"],\"inLanguage\":\"en-US\"},{\"@type\":\"WebPage\",\"@id\":\"https:\\\/\\\/www.socdem.org\\\/en\\\/%e2%9d%84%ef%b8%8f-en-cas-de-fermeture-decole-%e2%9d%84%ef%b8%8f\\\/\",\"url\":\"https:\\\/\\\/www.socdem.org\\\/en\\\/%e2%9d%84%ef%b8%8f-en-cas-de-fermeture-decole-%e2%9d%84%ef%b8%8f\\\/\",\"name\":\"&#x2744;&#xfe0f; In the event of a school closure &#x2744;&#xfe0f; - Primary School Socrates and Demosthenes\",\"isPartOf\":{\"@id\":\"https:\\\/\\\/www.socdem.org\\\/en\\\/#website\"},\"primaryImageOfPage\":{\"@id\":\"https:\\\/\\\/www.socdem.org\\\/en\\\/%e2%9d%84%ef%b8%8f-en-cas-de-fermeture-decole-%e2%9d%84%ef%b8%8f\\\/#primaryimage\"},\"image\":{\"@id\":\"https:\\\/\\\/www.socdem.org\\\/en\\\/%e2%9d%84%ef%b8%8f-en-cas-de-fermeture-decole-%e2%9d%84%ef%b8%8f\\\/#primaryimage\"},\"thumbnailUrl\":\"https:\\\/\\\/www.socdem.org\\\/wp-content\\\/uploads\\\/2024\\\/01\\\/unnamed.png\",\"datePublished\":\"2024-01-12T17:00:50+00:00\",\"dateModified\":\"2024-01-12T17:04:13+00:00\",\"breadcrumb\":{\"@id\":\"https:\\\/\\\/www.socdem.org\\\/en\\\/%e2%9d%84%ef%b8%8f-en-cas-de-fermeture-decole-%e2%9d%84%ef%b8%8f\\\/#breadcrumb\"},\"inLanguage\":\"en-US\",\"potentialAction\":[{\"@type\":\"ReadAction\",\"target\":[\"https:\\\/\\\/www.socdem.org\\\/en\\\/%e2%9d%84%ef%b8%8f-en-cas-de-fermeture-decole-%e2%9d%84%ef%b8%8f\\\/\"]}]},{\"@type\":\"ImageObject\",\"inLanguage\":\"en-US\",\"@id\":\"https:\\\/\\\/www.socdem.org\\\/en\\\/%e2%9d%84%ef%b8%8f-en-cas-de-fermeture-decole-%e2%9d%84%ef%b8%8f\\\/#primaryimage\",\"url\":\"https:\\\/\\\/www.socdem.org\\\/wp-content\\\/uploads\\\/2024\\\/01\\\/unnamed.png\",\"contentUrl\":\"https:\\\/\\\/www.socdem.org\\\/wp-content\\\/uploads\\\/2024\\\/01\\\/unnamed.png\",\"width\":2160,\"height\":1215},{\"@type\":\"BreadcrumbList\",\"@id\":\"https:\\\/\\\/www.socdem.org\\\/en\\\/%e2%9d%84%ef%b8%8f-en-cas-de-fermeture-decole-%e2%9d%84%ef%b8%8f\\\/#breadcrumb\",\"itemListElement\":[{\"@type\":\"ListItem\",\"position\":1,\"name\":\"Accueil\",\"item\":\"https:\\\/\\\/www.socdem.org\\\/en\\\/\"},{\"@type\":\"ListItem\",\"position\":2,\"name\":\"&#x2744;&#xfe0f; In the event of a school closure &#x2744;&#xfe0f;\"}]},{\"@type\":\"WebSite\",\"@id\":\"https:\\\/\\\/www.socdem.org\\\/en\\\/#website\",\"url\":\"https:\\\/\\\/www.socdem.org\\\/en\\\/\",\"name\":\"\u00c9cole Socrates-D\u00e9mosth\u00e8ne\",\"description\":\"Five trilingual greek primary schools of Greater Montreal.\",\"publisher\":{\"@id\":\"https:\\\/\\\/www.socdem.org\\\/en\\\/#organization\"},\"potentialAction\":[{\"@type\":\"SearchAction\",\"target\":{\"@type\":\"EntryPoint\",\"urlTemplate\":\"https:\\\/\\\/www.socdem.org\\\/en\\\/?s={search_term_string}\"},\"query-input\":{\"@type\":\"PropertyValueSpecification\",\"valueRequired\":true,\"valueName\":\"search_term_string\"}}],\"inLanguage\":\"en-US\"},{\"@type\":\"Organization\",\"@id\":\"https:\\\/\\\/www.socdem.org\\\/en\\\/#organization\",\"name\":\"\u00c9cole Socrates-D\u00e9mosth\u00e8ne\",\"url\":\"https:\\\/\\\/www.socdem.org\\\/en\\\/\",\"logo\":{\"@type\":\"ImageObject\",\"inLanguage\":\"en-US\",\"@id\":\"https:\\\/\\\/www.socdem.org\\\/en\\\/#\\\/schema\\\/logo\\\/image\\\/\",\"url\":\"https:\\\/\\\/www.socdem.org\\\/wp-content\\\/uploads\\\/2014\\\/03\\\/SOC-DEM-LOGO-NAME.jpg\",\"contentUrl\":\"https:\\\/\\\/www.socdem.org\\\/wp-content\\\/uploads\\\/2014\\\/03\\\/SOC-DEM-LOGO-NAME.jpg\",\"width\":\"8485\",\"height\":\"4200\",\"caption\":\"\u00c9cole Socrates-D\u00e9mosth\u00e8ne\"},\"image\":{\"@id\":\"https:\\\/\\\/www.socdem.org\\\/en\\\/#\\\/schema\\\/logo\\\/image\\\/\"},\"sameAs\":[\"https:\\\/\\\/www.facebook.com\\\/TheHCGM\\\/\",\"https:\\\/\\\/www.instagram.com\\\/p\\\/BnE965PhJU7\\\/?hl=en\"]},{\"@type\":\"Person\",\"@id\":\"https:\\\/\\\/www.socdem.org\\\/en\\\/#\\\/schema\\\/person\\\/c8c5cb63ab912088b0d2a568e17e0af0\",\"name\":\"Socrates-Demosthenes School\",\"image\":{\"@type\":\"ImageObject\",\"inLanguage\":\"en-US\",\"@id\":\"https:\\\/\\\/secure.gravatar.com\\\/avatar\\\/1a27f30d02006e9fb076599a6486443881ffdd9cbdfd270e895401c4027cd91b?s=96&d=mm&r=g\",\"url\":\"https:\\\/\\\/secure.gravatar.com\\\/avatar\\\/1a27f30d02006e9fb076599a6486443881ffdd9cbdfd270e895401c4027cd91b?s=96&d=mm&r=g\",\"contentUrl\":\"https:\\\/\\\/secure.gravatar.com\\\/avatar\\\/1a27f30d02006e9fb076599a6486443881ffdd9cbdfd270e895401c4027cd91b?s=96&d=mm&r=g\",\"caption\":\"Socrates-Demosthenes School\"},\"sameAs\":[\"http:\\\/\\\/socdem.org\"],\"url\":\"https:\\\/\\\/www.socdem.org\\\/en\\\/author\\\/afiorani\\\/\"}]}<\/script>\n<!-- \/ Yoast SEO plugin. -->","yoast_head_json":{"title":"&#x2744;&#xfe0f; In the event of a school closure &#x2744;&#xfe0f; - Primary School Socrates and Demosthenes","robots":{"index":"index","follow":"follow","max-snippet":"max-snippet:-1","max-image-preview":"max-image-preview:large","max-video-preview":"max-video-preview:-1"},"canonical":"https:\/\/www.socdem.org\/en\/\u2744\ufe0f-en-cas-de-fermeture-decole-\u2744\ufe0f\/","og_locale":"en_US","og_type":"article","og_title":"&#x2744;&#xfe0f; In the event of a school closure &#x2744;&#xfe0f; - Primary School Socrates and Demosthenes","og_description":"Dear parents, In this winter season, your safety and that of our precious students are our top priority. In the event of extreme weather conditions, such as a snowstorm, we...","og_url":"https:\/\/www.socdem.org\/en\/\u2744\ufe0f-en-cas-de-fermeture-decole-\u2744\ufe0f\/","og_site_name":"Primary School Socrates and Demosthenes","article_publisher":"https:\/\/www.facebook.com\/TheHCGM\/","article_published_time":"2024-01-12T17:00:50+00:00","article_modified_time":"2024-01-12T17:04:13+00:00","og_image":[{"width":1024,"height":576,"url":"https:\/\/www.socdem.org\/wp-content\/uploads\/2024\/01\/unnamed-1024x576.png","type":"image\/png"}],"author":"Socrates-Demosthenes School","twitter_card":"summary_large_image","twitter_misc":{"Written by":"Socrates-Demosthenes School","Est. reading time":"1 minute"},"schema":{"@context":"https:\/\/schema.org","@graph":[{"@type":"Article","@id":"https:\/\/www.socdem.org\/en\/%e2%9d%84%ef%b8%8f-en-cas-de-fermeture-decole-%e2%9d%84%ef%b8%8f\/#article","isPartOf":{"@id":"https:\/\/www.socdem.org\/en\/%e2%9d%84%ef%b8%8f-en-cas-de-fermeture-decole-%e2%9d%84%ef%b8%8f\/"},"author":{"name":"Socrates-Demosthenes School","@id":"https:\/\/www.socdem.org\/en\/#\/schema\/person\/c8c5cb63ab912088b0d2a568e17e0af0"},"headline":"&#x2744;&#xfe0f; In the event of a school closure &#x2744;&#xfe0f;","datePublished":"2024-01-12T17:00:50+00:00","dateModified":"2024-01-12T17:04:13+00:00","mainEntityOfPage":{"@id":"https:\/\/www.socdem.org\/en\/%e2%9d%84%ef%b8%8f-en-cas-de-fermeture-decole-%e2%9d%84%ef%b8%8f\/"},"wordCount":143,"publisher":{"@id":"https:\/\/www.socdem.org\/en\/#organization"},"image":{"@id":"https:\/\/www.socdem.org\/en\/%e2%9d%84%ef%b8%8f-en-cas-de-fermeture-decole-%e2%9d%84%ef%b8%8f\/#primaryimage"},"thumbnailUrl":"https:\/\/www.socdem.org\/wp-content\/uploads\/2024\/01\/unnamed.png","articleSection":["News 2","News 3","News 4","News 5","News and Activities english","News demosthene"],"inLanguage":"en-US"},{"@type":"WebPage","@id":"https:\/\/www.socdem.org\/en\/%e2%9d%84%ef%b8%8f-en-cas-de-fermeture-decole-%e2%9d%84%ef%b8%8f\/","url":"https:\/\/www.socdem.org\/en\/%e2%9d%84%ef%b8%8f-en-cas-de-fermeture-decole-%e2%9d%84%ef%b8%8f\/","name":"&#x2744;&#xfe0f; In the event of a school closure &#x2744;&#xfe0f; - Primary School Socrates and Demosthenes","isPartOf":{"@id":"https:\/\/www.socdem.org\/en\/#website"},"primaryImageOfPage":{"@id":"https:\/\/www.socdem.org\/en\/%e2%9d%84%ef%b8%8f-en-cas-de-fermeture-decole-%e2%9d%84%ef%b8%8f\/#primaryimage"},"image":{"@id":"https:\/\/www.socdem.org\/en\/%e2%9d%84%ef%b8%8f-en-cas-de-fermeture-decole-%e2%9d%84%ef%b8%8f\/#primaryimage"},"thumbnailUrl":"https:\/\/www.socdem.org\/wp-content\/uploads\/2024\/01\/unnamed.png","datePublished":"2024-01-12T17:00:50+00:00","dateModified":"2024-01-12T17:04:13+00:00","breadcrumb":{"@id":"https:\/\/www.socdem.org\/en\/%e2%9d%84%ef%b8%8f-en-cas-de-fermeture-decole-%e2%9d%84%ef%b8%8f\/#breadcrumb"},"inLanguage":"en-US","potentialAction":[{"@type":"ReadAction","target":["https:\/\/www.socdem.org\/en\/%e2%9d%84%ef%b8%8f-en-cas-de-fermeture-decole-%e2%9d%84%ef%b8%8f\/"]}]},{"@type":"ImageObject","inLanguage":"en-US","@id":"https:\/\/www.socdem.org\/en\/%e2%9d%84%ef%b8%8f-en-cas-de-fermeture-decole-%e2%9d%84%ef%b8%8f\/#primaryimage","url":"https:\/\/www.socdem.org\/wp-content\/uploads\/2024\/01\/unnamed.png","contentUrl":"https:\/\/www.socdem.org\/wp-content\/uploads\/2024\/01\/unnamed.png","width":2160,"height":1215},{"@type":"BreadcrumbList","@id":"https:\/\/www.socdem.org\/en\/%e2%9d%84%ef%b8%8f-en-cas-de-fermeture-decole-%e2%9d%84%ef%b8%8f\/#breadcrumb","itemListElement":[{"@type":"ListItem","position":1,"name":"Accueil","item":"https:\/\/www.socdem.org\/en\/"},{"@type":"ListItem","position":2,"name":"&#x2744;&#xfe0f; In the event of a school closure &#x2744;&#xfe0f;"}]},{"@type":"WebSite","@id":"https:\/\/www.socdem.org\/en\/#website","url":"https:\/\/www.socdem.org\/en\/","name":"\u00c9cole Socrates-D\u00e9mosth\u00e8ne","description":"Five trilingual greek primary schools of Greater Montreal.","publisher":{"@id":"https:\/\/www.socdem.org\/en\/#organization"},"potentialAction":[{"@type":"SearchAction","target":{"@type":"EntryPoint","urlTemplate":"https:\/\/www.socdem.org\/en\/?s={search_term_string}"},"query-input":{"@type":"PropertyValueSpecification","valueRequired":true,"valueName":"search_term_string"}}],"inLanguage":"en-US"},{"@type":"Organization","@id":"https:\/\/www.socdem.org\/en\/#organization","name":"\u00c9cole Socrates-D\u00e9mosth\u00e8ne","url":"https:\/\/www.socdem.org\/en\/","logo":{"@type":"ImageObject","inLanguage":"en-US","@id":"https:\/\/www.socdem.org\/en\/#\/schema\/logo\/image\/","url":"https:\/\/www.socdem.org\/wp-content\/uploads\/2014\/03\/SOC-DEM-LOGO-NAME.jpg","contentUrl":"https:\/\/www.socdem.org\/wp-content\/uploads\/2014\/03\/SOC-DEM-LOGO-NAME.jpg","width":"8485","height":"4200","caption":"\u00c9cole Socrates-D\u00e9mosth\u00e8ne"},"image":{"@id":"https:\/\/www.socdem.org\/en\/#\/schema\/logo\/image\/"},"sameAs":["https:\/\/www.facebook.com\/TheHCGM\/","https:\/\/www.instagram.com\/p\/BnE965PhJU7\/?hl=en"]},{"@type":"Person","@id":"https:\/\/www.socdem.org\/en\/#\/schema\/person\/c8c5cb63ab912088b0d2a568e17e0af0","name":"Socrates-Demosthenes School","image":{"@type":"ImageObject","inLanguage":"en-US","@id":"https:\/\/secure.gravatar.com\/avatar\/1a27f30d02006e9fb076599a6486443881ffdd9cbdfd270e895401c4027cd91b?s=96&d=mm&r=g","url":"https:\/\/secure.gravatar.com\/avatar\/1a27f30d02006e9fb076599a6486443881ffdd9cbdfd270e895401c4027cd91b?s=96&d=mm&r=g","contentUrl":"https:\/\/secure.gravatar.com\/avatar\/1a27f30d02006e9fb076599a6486443881ffdd9cbdfd270e895401c4027cd91b?s=96&d=mm&r=g","caption":"Socrates-Demosthenes School"},"sameAs":["http:\/\/socdem.org"],"url":"https:\/\/www.socdem.org\/en\/author\/afiorani\/"}]}},"_links":{"self":[{"href":"https:\/\/www.socdem.org\/en\/wp-json\/wp\/v2\/posts\/35681","targetHints":{"allow":["GET"]}}],"collection":[{"href":"https:\/\/www.socdem.org\/en\/wp-json\/wp\/v2\/posts"}],"about":[{"href":"https:\/\/www.socdem.org\/en\/wp-json\/wp\/v2\/types\/post"}],"author":[{"embeddable":true,"href":"https:\/\/www.socdem.org\/en\/wp-json\/wp\/v2\/users\/35"}],"replies":[{"embeddable":true,"href":"https:\/\/www.socdem.org\/en\/wp-json\/wp\/v2\/comments?post=35681"}],"version-history":[{"count":3,"href":"https:\/\/www.socdem.org\/en\/wp-json\/wp\/v2\/posts\/35681\/revisions"}],"predecessor-version":[{"id":35691,"href":"https:\/\/www.socdem.org\/en\/wp-json\/wp\/v2\/posts\/35681\/revisions\/35691"}],"wp:featuredmedia":[{"embeddable":true,"href":"https:\/\/www.socdem.org\/en\/wp-json\/wp\/v2\/media\/35682"}],"wp:attachment":[{"href":"https:\/\/www.socdem.org\/en\/wp-json\/wp\/v2\/media?parent=35681"}],"wp:term":[{"taxonomy":"category","embeddable":true,"href":"https:\/\/www.socdem.org\/en\/wp-json\/wp\/v2\/categories?post=35681"},{"taxonomy":"post_tag","embeddable":true,"href":"https:\/\/www.socdem.org\/en\/wp-json\/wp\/v2\/tags?post=35681"}],"curies":[{"name":"wp","href":"https:\/\/api.w.org\/{rel}","templated":true}]}}