{"id":39435,"date":"2025-04-22T12:12:16","date_gmt":"2025-04-22T16:12:16","guid":{"rendered":"https:\/\/www.socdem.org\/%f0%9f%9a%b2inscrivez-vos-enfants-au-cours-de-velo-dete-et-soutenez-notre-ecole-%e2%98%80%ef%b8%8f\/"},"modified":"2025-04-22T12:13:56","modified_gmt":"2025-04-22T16:13:56","slug":"%f0%9f%9a%b2inscrivez-vos-enfants-au-cours-de-velo-dete-et-soutenez-notre-ecole-%e2%98%80%ef%b8%8f","status":"publish","type":"post","link":"https:\/\/www.socdem.org\/en\/%f0%9f%9a%b2inscrivez-vos-enfants-au-cours-de-velo-dete-et-soutenez-notre-ecole-%e2%98%80%ef%b8%8f\/","title":{"rendered":"&#x1f6b2;Register your children for the summer biking course and support our school!&#x2600;&#xfe0f;"},"content":{"rendered":"[vc_row type=&#8221;in_container&#8221; full_screen_row_position=&#8221;middle&#8221; column_margin=&#8221;default&#8221; column_direction=&#8221;default&#8221; column_direction_tablet=&#8221;default&#8221; column_direction_phone=&#8221;default&#8221; scene_position=&#8221;center&#8221; text_color=&#8221;dark&#8221; text_align=&#8221;left&#8221; row_border_radius=&#8221;none&#8221; row_border_radius_applies=&#8221;bg&#8221; overlay_strength=&#8221;0.3&#8243; gradient_direction=&#8221;left_to_right&#8221; shape_divider_position=&#8221;bottom&#8221; bg_image_animation=&#8221;none&#8221;][vc_column column_padding=&#8221;no-extra-padding&#8221; column_padding_tablet=&#8221;inherit&#8221; column_padding_phone=&#8221;inherit&#8221; column_padding_position=&#8221;all&#8221; background_color_opacity=&#8221;1&#8243; background_hover_color_opacity=&#8221;1&#8243; column_shadow=&#8221;none&#8221; column_border_radius=&#8221;none&#8221; column_link_target=&#8221;_self&#8221; gradient_direction=&#8221;left_to_right&#8221; overlay_strength=&#8221;0.3&#8243; width=&#8221;1\/1&#8243; tablet_width_inherit=&#8221;default&#8221; tablet_text_alignment=&#8221;default&#8221; phone_text_alignment=&#8221;default&#8221; column_border_width=&#8221;none&#8221; column_border_style=&#8221;solid&#8221; bg_image_animation=&#8221;none&#8221;][vc_column_text]\n<div class=\"xdj266r x11i5rnm xat24cr x1mh8g0r x1vvkbs x126k92a\">\n<div dir=\"auto\">\n<div class=\"xdj266r x11i5rnm xat24cr x1mh8g0r x1vvkbs x126k92a\">\n<div dir=\"auto\">\n<p class=\"\" data-start=\"81\" data-end=\"339\">We\u2019re excited to offer a summer opportunity for your children: <strong data-start=\"144\" data-end=\"179\">Pedalheads summer bike courses!<\/strong> Whether they\u2019re learning to ride for the first time or looking to improve their skills, these classes are the perfect way to combine physical activity and fun.<\/p>\n<p class=\"\" data-start=\"341\" data-end=\"527\">And the best part\u2014it\u2019s a win-win! You save <strong data-start=\"384\" data-end=\"391\">$25<\/strong> on registration with a promo code specific to each campus, and <strong data-start=\"455\" data-end=\"462\">$25<\/strong> goes back to our school to support our projects and initiatives.<\/p>\n<p class=\"\" data-start=\"529\" data-end=\"550\"><strong>Here are the details:<br \/>\n&#x1f6b2; <\/strong><strong data-start=\"553\" data-end=\"576\">Saint-Hubert Campus<\/strong>: Promo code <strong data-start=\"589\" data-end=\"606\">SAINTHUBERT25<\/strong> \u2013 June 23 to July 25, 2025<br \/>\n<strong data-start=\"638\" data-end=\"654\">&#x1f6b2; Laval Campus<\/strong>: Promo code <strong data-start=\"667\" data-end=\"678\">LAVAL25<\/strong> \u2013 June 23 to August 9, 2025<br \/>\n<strong data-start=\"711\" data-end=\"742\">&#x1f6b2; Montreal Campus (Outremont)<\/strong>: Promo code <strong data-start=\"755\" data-end=\"770\">OUTREMONT25<\/strong> \u2013 June 23 to July 25, 2025<\/p>\n<p class=\"\" data-start=\"801\" data-end=\"990\">These offers are valid until <strong data-start=\"830\" data-end=\"847\">June 30, 2025<\/strong>, for all Pedalheads bike programs in Quebec. Take advantage of this great opportunity to sign your children up and give them an active summer!<\/p>\n<p class=\"\" data-start=\"992\" data-end=\"1088\"><strong data-start=\"992\" data-end=\"1037\">Register today on the Pedalheads website:<\/strong><br data-start=\"1037\" data-end=\"1040\" \/><a class=\"\" href=\"https:\/\/pedalheads.com\" target=\"_new\" rel=\"noopener\" data-start=\"1040\" data-end=\"1088\">https:\/\/pedalheads.com<\/a><\/p>\n<p class=\"\" data-start=\"1090\" data-end=\"1221\">Don\u2019t miss this chance to learn, grow, and have fun\u2014while supporting our school.<br data-start=\"1170\" data-end=\"1173\" \/><strong data-start=\"1173\" data-end=\"1221\" data-is-last-node=\"\">$25 for your school and $25 for your family!<\/strong><\/p>\n<\/div>\n<\/div>\n<\/div>\n<\/div>\n[\/vc_column_text][\/vc_column][\/vc_row][vc_row type=&#8221;full_width_background&#8221; full_screen_row_position=&#8221;middle&#8221; column_margin=&#8221;default&#8221; column_direction=&#8221;default&#8221; column_direction_tablet=&#8221;default&#8221; column_direction_phone=&#8221;default&#8221; scene_position=&#8221;center&#8221; bottom_padding=&#8221;8%&#8221; text_color=&#8221;dark&#8221; text_align=&#8221;left&#8221; row_border_radius=&#8221;none&#8221; row_border_radius_applies=&#8221;bg&#8221; overlay_strength=&#8221;0.3&#8243; gradient_direction=&#8221;left_to_right&#8221; shape_divider_position=&#8221;bottom&#8221; bg_image_animation=&#8221;none&#8221; shape_type=&#8221;&#8221;][vc_column column_padding=&#8221;no-extra-padding&#8221; column_padding_tablet=&#8221;inherit&#8221; column_padding_phone=&#8221;inherit&#8221; column_padding_position=&#8221;all&#8221; background_color_opacity=&#8221;1&#8243; background_hover_color_opacity=&#8221;1&#8243; column_shadow=&#8221;none&#8221; column_border_radius=&#8221;none&#8221; column_link_target=&#8221;_self&#8221; gradient_direction=&#8221;left_to_right&#8221; overlay_strength=&#8221;0.3&#8243; width=&#8221;1\/1&#8243; tablet_width_inherit=&#8221;default&#8221; tablet_text_alignment=&#8221;default&#8221; phone_text_alignment=&#8221;default&#8221; column_border_width=&#8221;none&#8221; column_border_style=&#8221;solid&#8221; bg_image_animation=&#8221;none&#8221;][vc_gallery type=&#8221;flickity_static_height_style&#8221; images=&#8221;39431,39428,39425&#8243; flickity_spacing=&#8221;10px&#8221; flickity_controls=&#8221;touch_total&#8221; flickity_overflow=&#8221;visible&#8221; flickity_wrap_around=&#8221;no-wrap&#8221; flickity_box_shadow=&#8221;none&#8221; image_loading=&#8221;lazy-load&#8221; onclick=&#8221;link_no&#8221; flickity_img_height=&#8221;500&#8243;][\/vc_column][\/vc_row]\n","protected":false},"excerpt":{"rendered":"<p>[vc_row type=&#8221;in_container&#8221; full_screen_row_position=&#8221;middle&#8221; column_margin=&#8221;default&#8221; column_direction=&#8221;default&#8221; column_direction_tablet=&#8221;default&#8221; column_direction_phone=&#8221;default&#8221; scene_position=&#8221;center&#8221; text_color=&#8221;dark&#8221; text_align=&#8221;left&#8221; row_border_radius=&#8221;none&#8221; row_border_radius_applies=&#8221;bg&#8221; overlay_strength=&#8221;0.3&#8243; gradient_direction=&#8221;left_to_right&#8221; shape_divider_position=&#8221;bottom&#8221; bg_image_animation=&#8221;none&#8221;][vc_column column_padding=&#8221;no-extra-padding&#8221; column_padding_tablet=&#8221;inherit&#8221; column_padding_phone=&#8221;inherit&#8221; column_padding_position=&#8221;all&#8221; background_color_opacity=&#8221;1&#8243; background_hover_color_opacity=&#8221;1&#8243; column_shadow=&#8221;none&#8221; column_border_radius=&#8221;none&#8221; column_link_target=&#8221;_self&#8221; gradient_direction=&#8221;left_to_right&#8221; overlay_strength=&#8221;0.3&#8243; width=&#8221;1\/1&#8243; tablet_width_inherit=&#8221;default&#8221; tablet_text_alignment=&#8221;default&#8221;&#8230;<\/p>\n","protected":false},"author":35,"featured_media":39426,"comment_status":"closed","ping_status":"closed","sticky":false,"template":"","format":"standard","meta":{"_monsterinsights_skip_tracking":false,"_monsterinsights_sitenote_active":false,"_monsterinsights_sitenote_note":"","_monsterinsights_sitenote_category":0,"footnotes":""},"categories":[88,89,90,91,86,92],"tags":[],"class_list":{"0":"post-39435","1":"post","2":"type-post","3":"status-publish","4":"format-standard","5":"has-post-thumbnail","7":"category-news-2","8":"category-news-3","9":"category-news-4","10":"category-news-5","11":"category-news-and-activities-english","12":"category-news-demosthene"},"yoast_head":"<!-- This site is optimized with the Yoast SEO plugin v27.5 - https:\/\/yoast.com\/product\/yoast-seo-wordpress\/ -->\n<title>&#x1f6b2;Register your children for the summer biking course and support our school!&#x2600;&#xfe0f; - Primary School Socrates and Demosthenes<\/title>\n<meta name=\"robots\" content=\"index, follow, max-snippet:-1, max-image-preview:large, max-video-preview:-1\" \/>\n<link rel=\"canonical\" href=\"https:\/\/www.socdem.org\/en\/\ud83d\udeb2inscrivez-vos-enfants-au-cours-de-velo-dete-et-soutenez-notre-ecole-\u2600\ufe0f\/\" \/>\n<meta property=\"og:locale\" content=\"en_US\" \/>\n<meta property=\"og:type\" content=\"article\" \/>\n<meta property=\"og:title\" content=\"&#x1f6b2;Register your children for the summer biking course and support our school!&#x2600;&#xfe0f; - Primary School Socrates and Demosthenes\" \/>\n<meta property=\"og:description\" content=\"[vc_row type=&#8221;in_container&#8221; full_screen_row_position=&#8221;middle&#8221; column_margin=&#8221;default&#8221; column_direction=&#8221;default&#8221; column_direction_tablet=&#8221;default&#8221; column_direction_phone=&#8221;default&#8221; scene_position=&#8221;center&#8221; text_color=&#8221;dark&#8221; text_align=&#8221;left&#8221; row_border_radius=&#8221;none&#8221; row_border_radius_applies=&#8221;bg&#8221; overlay_strength=&#8221;0.3&#8243; gradient_direction=&#8221;left_to_right&#8221; shape_divider_position=&#8221;bottom&#8221; bg_image_animation=&#8221;none&#8221;][vc_column column_padding=&#8221;no-extra-padding&#8221; column_padding_tablet=&#8221;inherit&#8221; column_padding_phone=&#8221;inherit&#8221; column_padding_position=&#8221;all&#8221; background_color_opacity=&#8221;1&#8243; background_hover_color_opacity=&#8221;1&#8243; column_shadow=&#8221;none&#8221; column_border_radius=&#8221;none&#8221; column_link_target=&#8221;_self&#8221; gradient_direction=&#8221;left_to_right&#8221; overlay_strength=&#8221;0.3&#8243; width=&#8221;1\/1&#8243; tablet_width_inherit=&#8221;default&#8221; tablet_text_alignment=&#8221;default&#8221;...\" \/>\n<meta property=\"og:url\" content=\"https:\/\/www.socdem.org\/en\/\ud83d\udeb2inscrivez-vos-enfants-au-cours-de-velo-dete-et-soutenez-notre-ecole-\u2600\ufe0f\/\" \/>\n<meta property=\"og:site_name\" content=\"Primary School Socrates and Demosthenes\" \/>\n<meta property=\"article:publisher\" content=\"https:\/\/www.facebook.com\/TheHCGM\/\" \/>\n<meta property=\"article:published_time\" content=\"2025-04-22T16:12:16+00:00\" \/>\n<meta property=\"article:modified_time\" content=\"2025-04-22T16:13:56+00:00\" \/>\n<meta property=\"og:image\" content=\"https:\/\/www.socdem.org\/wp-content\/uploads\/2025\/04\/2525Bike_SAINTHUBERT-1024x683.png\" \/>\n\t<meta property=\"og:image:width\" content=\"1024\" \/>\n\t<meta property=\"og:image:height\" content=\"683\" \/>\n\t<meta property=\"og:image:type\" content=\"image\/png\" \/>\n<meta name=\"author\" content=\"Socrates-Demosthenes School\" \/>\n<meta name=\"twitter:card\" content=\"summary_large_image\" \/>\n<meta name=\"twitter:label1\" content=\"Written by\" \/>\n\t<meta name=\"twitter:data1\" content=\"Socrates-Demosthenes School\" \/>\n\t<meta name=\"twitter:label2\" content=\"Est. reading time\" \/>\n\t<meta name=\"twitter:data2\" content=\"2 minutes\" \/>\n<script type=\"application\/ld+json\" class=\"yoast-schema-graph\">{\"@context\":\"https:\\\/\\\/schema.org\",\"@graph\":[{\"@type\":\"Article\",\"@id\":\"https:\\\/\\\/www.socdem.org\\\/en\\\/%f0%9f%9a%b2inscrivez-vos-enfants-au-cours-de-velo-dete-et-soutenez-notre-ecole-%e2%98%80%ef%b8%8f\\\/#article\",\"isPartOf\":{\"@id\":\"https:\\\/\\\/www.socdem.org\\\/en\\\/%f0%9f%9a%b2inscrivez-vos-enfants-au-cours-de-velo-dete-et-soutenez-notre-ecole-%e2%98%80%ef%b8%8f\\\/\"},\"author\":{\"name\":\"Socrates-Demosthenes School\",\"@id\":\"https:\\\/\\\/www.socdem.org\\\/en\\\/#\\\/schema\\\/person\\\/c8c5cb63ab912088b0d2a568e17e0af0\"},\"headline\":\"&#x1f6b2;Register your children for the summer biking course and support our school!&#x2600;&#xfe0f;\",\"datePublished\":\"2025-04-22T16:12:16+00:00\",\"dateModified\":\"2025-04-22T16:13:56+00:00\",\"mainEntityOfPage\":{\"@id\":\"https:\\\/\\\/www.socdem.org\\\/en\\\/%f0%9f%9a%b2inscrivez-vos-enfants-au-cours-de-velo-dete-et-soutenez-notre-ecole-%e2%98%80%ef%b8%8f\\\/\"},\"wordCount\":494,\"publisher\":{\"@id\":\"https:\\\/\\\/www.socdem.org\\\/en\\\/#organization\"},\"image\":{\"@id\":\"https:\\\/\\\/www.socdem.org\\\/en\\\/%f0%9f%9a%b2inscrivez-vos-enfants-au-cours-de-velo-dete-et-soutenez-notre-ecole-%e2%98%80%ef%b8%8f\\\/#primaryimage\"},\"thumbnailUrl\":\"https:\\\/\\\/www.socdem.org\\\/wp-content\\\/uploads\\\/2025\\\/04\\\/2525Bike_SAINTHUBERT.png\",\"articleSection\":[\"News 2\",\"News 3\",\"News 4\",\"News 5\",\"News and Activities english\",\"News demosthene\"],\"inLanguage\":\"en-US\"},{\"@type\":\"WebPage\",\"@id\":\"https:\\\/\\\/www.socdem.org\\\/en\\\/%f0%9f%9a%b2inscrivez-vos-enfants-au-cours-de-velo-dete-et-soutenez-notre-ecole-%e2%98%80%ef%b8%8f\\\/\",\"url\":\"https:\\\/\\\/www.socdem.org\\\/en\\\/%f0%9f%9a%b2inscrivez-vos-enfants-au-cours-de-velo-dete-et-soutenez-notre-ecole-%e2%98%80%ef%b8%8f\\\/\",\"name\":\"&#x1f6b2;Register your children for the summer biking course and support our school!&#x2600;&#xfe0f; - Primary School Socrates and Demosthenes\",\"isPartOf\":{\"@id\":\"https:\\\/\\\/www.socdem.org\\\/en\\\/#website\"},\"primaryImageOfPage\":{\"@id\":\"https:\\\/\\\/www.socdem.org\\\/en\\\/%f0%9f%9a%b2inscrivez-vos-enfants-au-cours-de-velo-dete-et-soutenez-notre-ecole-%e2%98%80%ef%b8%8f\\\/#primaryimage\"},\"image\":{\"@id\":\"https:\\\/\\\/www.socdem.org\\\/en\\\/%f0%9f%9a%b2inscrivez-vos-enfants-au-cours-de-velo-dete-et-soutenez-notre-ecole-%e2%98%80%ef%b8%8f\\\/#primaryimage\"},\"thumbnailUrl\":\"https:\\\/\\\/www.socdem.org\\\/wp-content\\\/uploads\\\/2025\\\/04\\\/2525Bike_SAINTHUBERT.png\",\"datePublished\":\"2025-04-22T16:12:16+00:00\",\"dateModified\":\"2025-04-22T16:13:56+00:00\",\"breadcrumb\":{\"@id\":\"https:\\\/\\\/www.socdem.org\\\/en\\\/%f0%9f%9a%b2inscrivez-vos-enfants-au-cours-de-velo-dete-et-soutenez-notre-ecole-%e2%98%80%ef%b8%8f\\\/#breadcrumb\"},\"inLanguage\":\"en-US\",\"potentialAction\":[{\"@type\":\"ReadAction\",\"target\":[\"https:\\\/\\\/www.socdem.org\\\/en\\\/%f0%9f%9a%b2inscrivez-vos-enfants-au-cours-de-velo-dete-et-soutenez-notre-ecole-%e2%98%80%ef%b8%8f\\\/\"]}]},{\"@type\":\"ImageObject\",\"inLanguage\":\"en-US\",\"@id\":\"https:\\\/\\\/www.socdem.org\\\/en\\\/%f0%9f%9a%b2inscrivez-vos-enfants-au-cours-de-velo-dete-et-soutenez-notre-ecole-%e2%98%80%ef%b8%8f\\\/#primaryimage\",\"url\":\"https:\\\/\\\/www.socdem.org\\\/wp-content\\\/uploads\\\/2025\\\/04\\\/2525Bike_SAINTHUBERT.png\",\"contentUrl\":\"https:\\\/\\\/www.socdem.org\\\/wp-content\\\/uploads\\\/2025\\\/04\\\/2525Bike_SAINTHUBERT.png\",\"width\":1800,\"height\":1200},{\"@type\":\"BreadcrumbList\",\"@id\":\"https:\\\/\\\/www.socdem.org\\\/en\\\/%f0%9f%9a%b2inscrivez-vos-enfants-au-cours-de-velo-dete-et-soutenez-notre-ecole-%e2%98%80%ef%b8%8f\\\/#breadcrumb\",\"itemListElement\":[{\"@type\":\"ListItem\",\"position\":1,\"name\":\"Accueil\",\"item\":\"https:\\\/\\\/www.socdem.org\\\/en\\\/\"},{\"@type\":\"ListItem\",\"position\":2,\"name\":\"&#x1f6b2;Register your children for the summer biking course and support our school!&#x2600;&#xfe0f;\"}]},{\"@type\":\"WebSite\",\"@id\":\"https:\\\/\\\/www.socdem.org\\\/en\\\/#website\",\"url\":\"https:\\\/\\\/www.socdem.org\\\/en\\\/\",\"name\":\"\u00c9cole Socrates-D\u00e9mosth\u00e8ne\",\"description\":\"Five trilingual greek primary schools of Greater Montreal.\",\"publisher\":{\"@id\":\"https:\\\/\\\/www.socdem.org\\\/en\\\/#organization\"},\"potentialAction\":[{\"@type\":\"SearchAction\",\"target\":{\"@type\":\"EntryPoint\",\"urlTemplate\":\"https:\\\/\\\/www.socdem.org\\\/en\\\/?s={search_term_string}\"},\"query-input\":{\"@type\":\"PropertyValueSpecification\",\"valueRequired\":true,\"valueName\":\"search_term_string\"}}],\"inLanguage\":\"en-US\"},{\"@type\":\"Organization\",\"@id\":\"https:\\\/\\\/www.socdem.org\\\/en\\\/#organization\",\"name\":\"\u00c9cole Socrates-D\u00e9mosth\u00e8ne\",\"url\":\"https:\\\/\\\/www.socdem.org\\\/en\\\/\",\"logo\":{\"@type\":\"ImageObject\",\"inLanguage\":\"en-US\",\"@id\":\"https:\\\/\\\/www.socdem.org\\\/en\\\/#\\\/schema\\\/logo\\\/image\\\/\",\"url\":\"https:\\\/\\\/www.socdem.org\\\/wp-content\\\/uploads\\\/2014\\\/03\\\/SOC-DEM-LOGO-NAME.jpg\",\"contentUrl\":\"https:\\\/\\\/www.socdem.org\\\/wp-content\\\/uploads\\\/2014\\\/03\\\/SOC-DEM-LOGO-NAME.jpg\",\"width\":\"8485\",\"height\":\"4200\",\"caption\":\"\u00c9cole Socrates-D\u00e9mosth\u00e8ne\"},\"image\":{\"@id\":\"https:\\\/\\\/www.socdem.org\\\/en\\\/#\\\/schema\\\/logo\\\/image\\\/\"},\"sameAs\":[\"https:\\\/\\\/www.facebook.com\\\/TheHCGM\\\/\",\"https:\\\/\\\/www.instagram.com\\\/p\\\/BnE965PhJU7\\\/?hl=en\"]},{\"@type\":\"Person\",\"@id\":\"https:\\\/\\\/www.socdem.org\\\/en\\\/#\\\/schema\\\/person\\\/c8c5cb63ab912088b0d2a568e17e0af0\",\"name\":\"Socrates-Demosthenes School\",\"image\":{\"@type\":\"ImageObject\",\"inLanguage\":\"en-US\",\"@id\":\"https:\\\/\\\/secure.gravatar.com\\\/avatar\\\/1a27f30d02006e9fb076599a6486443881ffdd9cbdfd270e895401c4027cd91b?s=96&d=mm&r=g\",\"url\":\"https:\\\/\\\/secure.gravatar.com\\\/avatar\\\/1a27f30d02006e9fb076599a6486443881ffdd9cbdfd270e895401c4027cd91b?s=96&d=mm&r=g\",\"contentUrl\":\"https:\\\/\\\/secure.gravatar.com\\\/avatar\\\/1a27f30d02006e9fb076599a6486443881ffdd9cbdfd270e895401c4027cd91b?s=96&d=mm&r=g\",\"caption\":\"Socrates-Demosthenes School\"},\"sameAs\":[\"http:\\\/\\\/socdem.org\"],\"url\":\"https:\\\/\\\/www.socdem.org\\\/en\\\/author\\\/afiorani\\\/\"}]}<\/script>\n<!-- \/ Yoast SEO plugin. -->","yoast_head_json":{"title":"&#x1f6b2;Register your children for the summer biking course and support our school!&#x2600;&#xfe0f; - Primary School Socrates and Demosthenes","robots":{"index":"index","follow":"follow","max-snippet":"max-snippet:-1","max-image-preview":"max-image-preview:large","max-video-preview":"max-video-preview:-1"},"canonical":"https:\/\/www.socdem.org\/en\/\ud83d\udeb2inscrivez-vos-enfants-au-cours-de-velo-dete-et-soutenez-notre-ecole-\u2600\ufe0f\/","og_locale":"en_US","og_type":"article","og_title":"&#x1f6b2;Register your children for the summer biking course and support our school!&#x2600;&#xfe0f; - Primary School Socrates and Demosthenes","og_description":"[vc_row type=&#8221;in_container&#8221; full_screen_row_position=&#8221;middle&#8221; column_margin=&#8221;default&#8221; column_direction=&#8221;default&#8221; column_direction_tablet=&#8221;default&#8221; column_direction_phone=&#8221;default&#8221; scene_position=&#8221;center&#8221; text_color=&#8221;dark&#8221; text_align=&#8221;left&#8221; row_border_radius=&#8221;none&#8221; row_border_radius_applies=&#8221;bg&#8221; overlay_strength=&#8221;0.3&#8243; gradient_direction=&#8221;left_to_right&#8221; shape_divider_position=&#8221;bottom&#8221; bg_image_animation=&#8221;none&#8221;][vc_column column_padding=&#8221;no-extra-padding&#8221; column_padding_tablet=&#8221;inherit&#8221; column_padding_phone=&#8221;inherit&#8221; column_padding_position=&#8221;all&#8221; background_color_opacity=&#8221;1&#8243; background_hover_color_opacity=&#8221;1&#8243; column_shadow=&#8221;none&#8221; column_border_radius=&#8221;none&#8221; column_link_target=&#8221;_self&#8221; gradient_direction=&#8221;left_to_right&#8221; overlay_strength=&#8221;0.3&#8243; width=&#8221;1\/1&#8243; tablet_width_inherit=&#8221;default&#8221; tablet_text_alignment=&#8221;default&#8221;...","og_url":"https:\/\/www.socdem.org\/en\/\ud83d\udeb2inscrivez-vos-enfants-au-cours-de-velo-dete-et-soutenez-notre-ecole-\u2600\ufe0f\/","og_site_name":"Primary School Socrates and Demosthenes","article_publisher":"https:\/\/www.facebook.com\/TheHCGM\/","article_published_time":"2025-04-22T16:12:16+00:00","article_modified_time":"2025-04-22T16:13:56+00:00","og_image":[{"width":1024,"height":683,"url":"https:\/\/www.socdem.org\/wp-content\/uploads\/2025\/04\/2525Bike_SAINTHUBERT-1024x683.png","type":"image\/png"}],"author":"Socrates-Demosthenes School","twitter_card":"summary_large_image","twitter_misc":{"Written by":"Socrates-Demosthenes School","Est. reading time":"2 minutes"},"schema":{"@context":"https:\/\/schema.org","@graph":[{"@type":"Article","@id":"https:\/\/www.socdem.org\/en\/%f0%9f%9a%b2inscrivez-vos-enfants-au-cours-de-velo-dete-et-soutenez-notre-ecole-%e2%98%80%ef%b8%8f\/#article","isPartOf":{"@id":"https:\/\/www.socdem.org\/en\/%f0%9f%9a%b2inscrivez-vos-enfants-au-cours-de-velo-dete-et-soutenez-notre-ecole-%e2%98%80%ef%b8%8f\/"},"author":{"name":"Socrates-Demosthenes School","@id":"https:\/\/www.socdem.org\/en\/#\/schema\/person\/c8c5cb63ab912088b0d2a568e17e0af0"},"headline":"&#x1f6b2;Register your children for the summer biking course and support our school!&#x2600;&#xfe0f;","datePublished":"2025-04-22T16:12:16+00:00","dateModified":"2025-04-22T16:13:56+00:00","mainEntityOfPage":{"@id":"https:\/\/www.socdem.org\/en\/%f0%9f%9a%b2inscrivez-vos-enfants-au-cours-de-velo-dete-et-soutenez-notre-ecole-%e2%98%80%ef%b8%8f\/"},"wordCount":494,"publisher":{"@id":"https:\/\/www.socdem.org\/en\/#organization"},"image":{"@id":"https:\/\/www.socdem.org\/en\/%f0%9f%9a%b2inscrivez-vos-enfants-au-cours-de-velo-dete-et-soutenez-notre-ecole-%e2%98%80%ef%b8%8f\/#primaryimage"},"thumbnailUrl":"https:\/\/www.socdem.org\/wp-content\/uploads\/2025\/04\/2525Bike_SAINTHUBERT.png","articleSection":["News 2","News 3","News 4","News 5","News and Activities english","News demosthene"],"inLanguage":"en-US"},{"@type":"WebPage","@id":"https:\/\/www.socdem.org\/en\/%f0%9f%9a%b2inscrivez-vos-enfants-au-cours-de-velo-dete-et-soutenez-notre-ecole-%e2%98%80%ef%b8%8f\/","url":"https:\/\/www.socdem.org\/en\/%f0%9f%9a%b2inscrivez-vos-enfants-au-cours-de-velo-dete-et-soutenez-notre-ecole-%e2%98%80%ef%b8%8f\/","name":"&#x1f6b2;Register your children for the summer biking course and support our school!&#x2600;&#xfe0f; - Primary School Socrates and Demosthenes","isPartOf":{"@id":"https:\/\/www.socdem.org\/en\/#website"},"primaryImageOfPage":{"@id":"https:\/\/www.socdem.org\/en\/%f0%9f%9a%b2inscrivez-vos-enfants-au-cours-de-velo-dete-et-soutenez-notre-ecole-%e2%98%80%ef%b8%8f\/#primaryimage"},"image":{"@id":"https:\/\/www.socdem.org\/en\/%f0%9f%9a%b2inscrivez-vos-enfants-au-cours-de-velo-dete-et-soutenez-notre-ecole-%e2%98%80%ef%b8%8f\/#primaryimage"},"thumbnailUrl":"https:\/\/www.socdem.org\/wp-content\/uploads\/2025\/04\/2525Bike_SAINTHUBERT.png","datePublished":"2025-04-22T16:12:16+00:00","dateModified":"2025-04-22T16:13:56+00:00","breadcrumb":{"@id":"https:\/\/www.socdem.org\/en\/%f0%9f%9a%b2inscrivez-vos-enfants-au-cours-de-velo-dete-et-soutenez-notre-ecole-%e2%98%80%ef%b8%8f\/#breadcrumb"},"inLanguage":"en-US","potentialAction":[{"@type":"ReadAction","target":["https:\/\/www.socdem.org\/en\/%f0%9f%9a%b2inscrivez-vos-enfants-au-cours-de-velo-dete-et-soutenez-notre-ecole-%e2%98%80%ef%b8%8f\/"]}]},{"@type":"ImageObject","inLanguage":"en-US","@id":"https:\/\/www.socdem.org\/en\/%f0%9f%9a%b2inscrivez-vos-enfants-au-cours-de-velo-dete-et-soutenez-notre-ecole-%e2%98%80%ef%b8%8f\/#primaryimage","url":"https:\/\/www.socdem.org\/wp-content\/uploads\/2025\/04\/2525Bike_SAINTHUBERT.png","contentUrl":"https:\/\/www.socdem.org\/wp-content\/uploads\/2025\/04\/2525Bike_SAINTHUBERT.png","width":1800,"height":1200},{"@type":"BreadcrumbList","@id":"https:\/\/www.socdem.org\/en\/%f0%9f%9a%b2inscrivez-vos-enfants-au-cours-de-velo-dete-et-soutenez-notre-ecole-%e2%98%80%ef%b8%8f\/#breadcrumb","itemListElement":[{"@type":"ListItem","position":1,"name":"Accueil","item":"https:\/\/www.socdem.org\/en\/"},{"@type":"ListItem","position":2,"name":"&#x1f6b2;Register your children for the summer biking course and support our school!&#x2600;&#xfe0f;"}]},{"@type":"WebSite","@id":"https:\/\/www.socdem.org\/en\/#website","url":"https:\/\/www.socdem.org\/en\/","name":"\u00c9cole Socrates-D\u00e9mosth\u00e8ne","description":"Five trilingual greek primary schools of Greater Montreal.","publisher":{"@id":"https:\/\/www.socdem.org\/en\/#organization"},"potentialAction":[{"@type":"SearchAction","target":{"@type":"EntryPoint","urlTemplate":"https:\/\/www.socdem.org\/en\/?s={search_term_string}"},"query-input":{"@type":"PropertyValueSpecification","valueRequired":true,"valueName":"search_term_string"}}],"inLanguage":"en-US"},{"@type":"Organization","@id":"https:\/\/www.socdem.org\/en\/#organization","name":"\u00c9cole Socrates-D\u00e9mosth\u00e8ne","url":"https:\/\/www.socdem.org\/en\/","logo":{"@type":"ImageObject","inLanguage":"en-US","@id":"https:\/\/www.socdem.org\/en\/#\/schema\/logo\/image\/","url":"https:\/\/www.socdem.org\/wp-content\/uploads\/2014\/03\/SOC-DEM-LOGO-NAME.jpg","contentUrl":"https:\/\/www.socdem.org\/wp-content\/uploads\/2014\/03\/SOC-DEM-LOGO-NAME.jpg","width":"8485","height":"4200","caption":"\u00c9cole Socrates-D\u00e9mosth\u00e8ne"},"image":{"@id":"https:\/\/www.socdem.org\/en\/#\/schema\/logo\/image\/"},"sameAs":["https:\/\/www.facebook.com\/TheHCGM\/","https:\/\/www.instagram.com\/p\/BnE965PhJU7\/?hl=en"]},{"@type":"Person","@id":"https:\/\/www.socdem.org\/en\/#\/schema\/person\/c8c5cb63ab912088b0d2a568e17e0af0","name":"Socrates-Demosthenes School","image":{"@type":"ImageObject","inLanguage":"en-US","@id":"https:\/\/secure.gravatar.com\/avatar\/1a27f30d02006e9fb076599a6486443881ffdd9cbdfd270e895401c4027cd91b?s=96&d=mm&r=g","url":"https:\/\/secure.gravatar.com\/avatar\/1a27f30d02006e9fb076599a6486443881ffdd9cbdfd270e895401c4027cd91b?s=96&d=mm&r=g","contentUrl":"https:\/\/secure.gravatar.com\/avatar\/1a27f30d02006e9fb076599a6486443881ffdd9cbdfd270e895401c4027cd91b?s=96&d=mm&r=g","caption":"Socrates-Demosthenes School"},"sameAs":["http:\/\/socdem.org"],"url":"https:\/\/www.socdem.org\/en\/author\/afiorani\/"}]}},"_links":{"self":[{"href":"https:\/\/www.socdem.org\/en\/wp-json\/wp\/v2\/posts\/39435","targetHints":{"allow":["GET"]}}],"collection":[{"href":"https:\/\/www.socdem.org\/en\/wp-json\/wp\/v2\/posts"}],"about":[{"href":"https:\/\/www.socdem.org\/en\/wp-json\/wp\/v2\/types\/post"}],"author":[{"embeddable":true,"href":"https:\/\/www.socdem.org\/en\/wp-json\/wp\/v2\/users\/35"}],"replies":[{"embeddable":true,"href":"https:\/\/www.socdem.org\/en\/wp-json\/wp\/v2\/comments?post=39435"}],"version-history":[{"count":2,"href":"https:\/\/www.socdem.org\/en\/wp-json\/wp\/v2\/posts\/39435\/revisions"}],"predecessor-version":[{"id":39439,"href":"https:\/\/www.socdem.org\/en\/wp-json\/wp\/v2\/posts\/39435\/revisions\/39439"}],"wp:featuredmedia":[{"embeddable":true,"href":"https:\/\/www.socdem.org\/en\/wp-json\/wp\/v2\/media\/39426"}],"wp:attachment":[{"href":"https:\/\/www.socdem.org\/en\/wp-json\/wp\/v2\/media?parent=39435"}],"wp:term":[{"taxonomy":"category","embeddable":true,"href":"https:\/\/www.socdem.org\/en\/wp-json\/wp\/v2\/categories?post=39435"},{"taxonomy":"post_tag","embeddable":true,"href":"https:\/\/www.socdem.org\/en\/wp-json\/wp\/v2\/tags?post=39435"}],"curies":[{"name":"wp","href":"https:\/\/api.w.org\/{rel}","templated":true}]}}