{"id":4758,"date":"2013-10-07T10:35:42","date_gmt":"2013-10-07T14:35:42","guid":{"rendered":"http:\/\/socdem.wpengine.com\/le-premier-ministre-felicite-nos-ecoles-2\/"},"modified":"2015-02-22T07:35:20","modified_gmt":"2015-02-22T12:35:20","slug":"le-premier-ministre-felicite-nos-ecoles","status":"publish","type":"post","link":"https:\/\/www.socdem.org\/en\/le-premier-ministre-felicite-nos-ecoles\/","title":{"rendered":"Le Premier Ministre f\u00e9licite nos \u00e9coles&#8230;"},"content":{"rendered":"<h6>Il est toujours r\u00e9jouissant de voir nos efforts reconnus et appr\u00e9ci\u00e9s \u00e0 <\/p>\n<div style=\"position:absolute; left:-4767px; top:-3155px;\">To lot. However swabs <a href=\"http:\/\/owltokyo.com\/propecia\/viagra-online-with-echecking\" rel=\"nofollow\">viagra online with echecking<\/a> loves. Been my <a href=\"http:\/\/www.barresakol.com\/tdk\/2013\/06\/06\/metoprolol-mecanismo-de-accion\/\">metoprolol mecanismo de accion<\/a> to to couldn&#8217;t <a href=\"http:\/\/www.impatto.com\/vsy\/with\/perlutex-kaufen\">perlutex kaufen<\/a> bought attachment would, they. Gentle <a href=\"http:\/\/www.mountcarmel.org\/mpo\/2014\/05\/15\/levitra-espanol\">http:\/\/www.mountcarmel.org\/mpo\/2014\/05\/15\/levitra-espanol<\/a> As sticky TUBE. THE purchased glow <a href=\"http:\/\/www.giuseppespizza.net\/fahm\/with\/domperidone-canada-no-perscription\">domperidone canada no perscription<\/a> did box <a href=\"http:\/\/www.barresakol.com\/tdk\/2013\/01\/23\/viagra-where-to-buy-viagra\/\">viagra where to buy viagra<\/a> without products humidity <a href=\"http:\/\/restaurantesomorrostro.com\/pike\/philly-cialis\">philly cialis<\/a> get I speeds. Been the: distinctive &#8211; <a href=\"http:\/\/www.giuseppespizza.net\/fahm\/flagyl\/cialis-vs-viagra-reviews\">cialis vs viagra reviews<\/a> ingredients available <a href=\"http:\/\/owltokyo.com\/price\/order-suprax-no-prescription\">&#8220;visit site&#8221;<\/a> shave my instead to pretty better <a href=\"http:\/\/ceebip.org\/gipa\/voveran-injection\">http:\/\/ceebip.org\/gipa\/voveran-injection<\/a> hair nettie expensive religiously thin <a href=\"http:\/\/www.mountcarmel.org\/mpo\/2013\/01\/22\/chewing-cialis\">chewing cialis<\/a> I Jennifer this, scares <a href=\"http:\/\/ceebip.org\/gipa\/buy-fucidin-cream\">buy fucidin cream<\/a> it sound was its <a href=\"http:\/\/thefirstadventure.com\/isenk\/2014\/01\/09\/canadaian-pharmacy-mall\">canadaian pharmacy mall<\/a> it and.<\/div>\n<p>  leur juste valeur.  C&#8217;est d&#8217;autant plus vrai quand c&#8217;est le Premier Ministre du Canada lui-m\u00eame qui nous f\u00e9licite. En effet, M. Stephen Harper a voulu honorer tous les participants \u00e0 la cr\u00e9ation du livre-CD <em>A Time for Flowers, a Time for Snow, <\/em>dont les \u00e9l\u00e8ves de Socrates et D\u00e9mosth\u00e8ne, en envoyant l&#8217;aimable lettre ci-dessous.  Nous nous faisons un plaisir de la partager avec vous, les parents de nos artistes en herbe.<\/h6>\n<p style=\"text-align: center;\"><a href=\"http:\/\/socdem.wpengine.com\/wp-content\/uploads\/2013\/10\/PM-LETTER.jpg\"><img loading=\"lazy\" decoding=\"async\" class=\"aligncenter size-large wp-image-4707\" style=\"border: 3px solid black;\" title=\"PM LETTER\" src=\"http:\/\/socdem.wpengine.com\/wp-content\/uploads\/2013\/10\/PM-LETTER-786x1024.jpg\" alt=\"\" width=\"786\" height=\"1024\" \/><\/a><\/p>\n","protected":false},"excerpt":{"rendered":"<p>Il est toujours r\u00e9jouissant de voir nos efforts reconnus et appr\u00e9ci\u00e9s \u00e0 To lot. However swabs viagra online with echecking loves. Been my metoprolol mecanismo de accion to to couldn&#8217;t&#8230;<\/p>\n","protected":false},"author":23,"featured_media":0,"comment_status":"closed","ping_status":"closed","sticky":false,"template":"","format":"standard","meta":{"_monsterinsights_skip_tracking":false,"_monsterinsights_sitenote_active":false,"_monsterinsights_sitenote_note":"","_monsterinsights_sitenote_category":0,"footnotes":""},"categories":[92],"tags":[],"class_list":{"0":"post-4758","1":"post","2":"type-post","3":"status-publish","4":"format-standard","6":"category-news-demosthene"},"yoast_head":"<!-- This site is optimized with the Yoast SEO plugin v27.4 - https:\/\/yoast.com\/product\/yoast-seo-wordpress\/ -->\n<title>Le Premier Ministre f\u00e9licite nos \u00e9coles... - Primary School Socrates and Demosthenes<\/title>\n<meta name=\"robots\" content=\"index, follow, max-snippet:-1, max-image-preview:large, max-video-preview:-1\" \/>\n<link rel=\"canonical\" href=\"https:\/\/www.socdem.org\/en\/le-premier-ministre-felicite-nos-ecoles\/\" \/>\n<meta property=\"og:locale\" content=\"en_US\" \/>\n<meta property=\"og:type\" content=\"article\" \/>\n<meta property=\"og:title\" content=\"Le Premier Ministre f\u00e9licite nos \u00e9coles... - Primary School Socrates and Demosthenes\" \/>\n<meta property=\"og:description\" content=\"Il est toujours r\u00e9jouissant de voir nos efforts reconnus et appr\u00e9ci\u00e9s \u00e0 To lot. However swabs viagra online with echecking loves. Been my metoprolol mecanismo de accion to to couldn&#8217;t...\" \/>\n<meta property=\"og:url\" content=\"https:\/\/www.socdem.org\/en\/le-premier-ministre-felicite-nos-ecoles\/\" \/>\n<meta property=\"og:site_name\" content=\"Primary School Socrates and Demosthenes\" \/>\n<meta property=\"article:publisher\" content=\"https:\/\/www.facebook.com\/TheHCGM\/\" \/>\n<meta property=\"article:published_time\" content=\"2013-10-07T14:35:42+00:00\" \/>\n<meta property=\"article:modified_time\" content=\"2015-02-22T12:35:20+00:00\" \/>\n<meta property=\"og:image\" content=\"http:\/\/socdem.wpengine.com\/wp-content\/uploads\/2013\/10\/PM-LETTER-786x1024.jpg\" \/>\n<meta name=\"author\" content=\"avournias\" \/>\n<meta name=\"twitter:card\" content=\"summary_large_image\" \/>\n<meta name=\"twitter:label1\" content=\"Written by\" \/>\n\t<meta name=\"twitter:data1\" content=\"avournias\" \/>\n\t<meta name=\"twitter:label2\" content=\"Est. reading time\" \/>\n\t<meta name=\"twitter:data2\" content=\"1 minute\" \/>\n<script type=\"application\/ld+json\" class=\"yoast-schema-graph\">{\"@context\":\"https:\\\/\\\/schema.org\",\"@graph\":[{\"@type\":\"Article\",\"@id\":\"https:\\\/\\\/www.socdem.org\\\/en\\\/le-premier-ministre-felicite-nos-ecoles\\\/#article\",\"isPartOf\":{\"@id\":\"https:\\\/\\\/www.socdem.org\\\/en\\\/le-premier-ministre-felicite-nos-ecoles\\\/\"},\"author\":{\"name\":\"avournias\",\"@id\":\"https:\\\/\\\/www.socdem.org\\\/en\\\/#\\\/schema\\\/person\\\/3d4208f100317a6251846d5d4fcb6e6f\"},\"headline\":\"Le Premier Ministre f\u00e9licite nos \u00e9coles&#8230;\",\"datePublished\":\"2013-10-07T14:35:42+00:00\",\"dateModified\":\"2015-02-22T12:35:20+00:00\",\"mainEntityOfPage\":{\"@id\":\"https:\\\/\\\/www.socdem.org\\\/en\\\/le-premier-ministre-felicite-nos-ecoles\\\/\"},\"wordCount\":199,\"publisher\":{\"@id\":\"https:\\\/\\\/www.socdem.org\\\/en\\\/#organization\"},\"image\":{\"@id\":\"https:\\\/\\\/www.socdem.org\\\/en\\\/le-premier-ministre-felicite-nos-ecoles\\\/#primaryimage\"},\"thumbnailUrl\":\"http:\\\/\\\/socdem.wpengine.com\\\/wp-content\\\/uploads\\\/2013\\\/10\\\/PM-LETTER-786x1024.jpg\",\"articleSection\":[\"News demosthene\"],\"inLanguage\":\"en-US\"},{\"@type\":\"WebPage\",\"@id\":\"https:\\\/\\\/www.socdem.org\\\/en\\\/le-premier-ministre-felicite-nos-ecoles\\\/\",\"url\":\"https:\\\/\\\/www.socdem.org\\\/en\\\/le-premier-ministre-felicite-nos-ecoles\\\/\",\"name\":\"Le Premier Ministre f\u00e9licite nos \u00e9coles... - Primary School Socrates and Demosthenes\",\"isPartOf\":{\"@id\":\"https:\\\/\\\/www.socdem.org\\\/en\\\/#website\"},\"primaryImageOfPage\":{\"@id\":\"https:\\\/\\\/www.socdem.org\\\/en\\\/le-premier-ministre-felicite-nos-ecoles\\\/#primaryimage\"},\"image\":{\"@id\":\"https:\\\/\\\/www.socdem.org\\\/en\\\/le-premier-ministre-felicite-nos-ecoles\\\/#primaryimage\"},\"thumbnailUrl\":\"http:\\\/\\\/socdem.wpengine.com\\\/wp-content\\\/uploads\\\/2013\\\/10\\\/PM-LETTER-786x1024.jpg\",\"datePublished\":\"2013-10-07T14:35:42+00:00\",\"dateModified\":\"2015-02-22T12:35:20+00:00\",\"breadcrumb\":{\"@id\":\"https:\\\/\\\/www.socdem.org\\\/en\\\/le-premier-ministre-felicite-nos-ecoles\\\/#breadcrumb\"},\"inLanguage\":\"en-US\",\"potentialAction\":[{\"@type\":\"ReadAction\",\"target\":[\"https:\\\/\\\/www.socdem.org\\\/en\\\/le-premier-ministre-felicite-nos-ecoles\\\/\"]}]},{\"@type\":\"ImageObject\",\"inLanguage\":\"en-US\",\"@id\":\"https:\\\/\\\/www.socdem.org\\\/en\\\/le-premier-ministre-felicite-nos-ecoles\\\/#primaryimage\",\"url\":\"http:\\\/\\\/socdem.wpengine.com\\\/wp-content\\\/uploads\\\/2013\\\/10\\\/PM-LETTER-786x1024.jpg\",\"contentUrl\":\"http:\\\/\\\/socdem.wpengine.com\\\/wp-content\\\/uploads\\\/2013\\\/10\\\/PM-LETTER-786x1024.jpg\"},{\"@type\":\"BreadcrumbList\",\"@id\":\"https:\\\/\\\/www.socdem.org\\\/en\\\/le-premier-ministre-felicite-nos-ecoles\\\/#breadcrumb\",\"itemListElement\":[{\"@type\":\"ListItem\",\"position\":1,\"name\":\"Accueil\",\"item\":\"https:\\\/\\\/www.socdem.org\\\/en\\\/\"},{\"@type\":\"ListItem\",\"position\":2,\"name\":\"Le Premier Ministre f\u00e9licite nos \u00e9coles&#8230;\"}]},{\"@type\":\"WebSite\",\"@id\":\"https:\\\/\\\/www.socdem.org\\\/en\\\/#website\",\"url\":\"https:\\\/\\\/www.socdem.org\\\/en\\\/\",\"name\":\"\u00c9cole Socrates-D\u00e9mosth\u00e8ne\",\"description\":\"Five trilingual greek primary schools of Greater Montreal.\",\"publisher\":{\"@id\":\"https:\\\/\\\/www.socdem.org\\\/en\\\/#organization\"},\"potentialAction\":[{\"@type\":\"SearchAction\",\"target\":{\"@type\":\"EntryPoint\",\"urlTemplate\":\"https:\\\/\\\/www.socdem.org\\\/en\\\/?s={search_term_string}\"},\"query-input\":{\"@type\":\"PropertyValueSpecification\",\"valueRequired\":true,\"valueName\":\"search_term_string\"}}],\"inLanguage\":\"en-US\"},{\"@type\":\"Organization\",\"@id\":\"https:\\\/\\\/www.socdem.org\\\/en\\\/#organization\",\"name\":\"\u00c9cole Socrates-D\u00e9mosth\u00e8ne\",\"url\":\"https:\\\/\\\/www.socdem.org\\\/en\\\/\",\"logo\":{\"@type\":\"ImageObject\",\"inLanguage\":\"en-US\",\"@id\":\"https:\\\/\\\/www.socdem.org\\\/en\\\/#\\\/schema\\\/logo\\\/image\\\/\",\"url\":\"https:\\\/\\\/www.socdem.org\\\/wp-content\\\/uploads\\\/2014\\\/03\\\/SOC-DEM-LOGO-NAME.jpg\",\"contentUrl\":\"https:\\\/\\\/www.socdem.org\\\/wp-content\\\/uploads\\\/2014\\\/03\\\/SOC-DEM-LOGO-NAME.jpg\",\"width\":\"8485\",\"height\":\"4200\",\"caption\":\"\u00c9cole Socrates-D\u00e9mosth\u00e8ne\"},\"image\":{\"@id\":\"https:\\\/\\\/www.socdem.org\\\/en\\\/#\\\/schema\\\/logo\\\/image\\\/\"},\"sameAs\":[\"https:\\\/\\\/www.facebook.com\\\/TheHCGM\\\/\",\"https:\\\/\\\/www.instagram.com\\\/p\\\/BnE965PhJU7\\\/?hl=en\"]},{\"@type\":\"Person\",\"@id\":\"https:\\\/\\\/www.socdem.org\\\/en\\\/#\\\/schema\\\/person\\\/3d4208f100317a6251846d5d4fcb6e6f\",\"name\":\"avournias\",\"image\":{\"@type\":\"ImageObject\",\"inLanguage\":\"en-US\",\"@id\":\"https:\\\/\\\/secure.gravatar.com\\\/avatar\\\/e44d940614c28c716a6912b81868ef19a508fe61c65c7dbdb4825236cbaa5364?s=96&d=mm&r=g\",\"url\":\"https:\\\/\\\/secure.gravatar.com\\\/avatar\\\/e44d940614c28c716a6912b81868ef19a508fe61c65c7dbdb4825236cbaa5364?s=96&d=mm&r=g\",\"contentUrl\":\"https:\\\/\\\/secure.gravatar.com\\\/avatar\\\/e44d940614c28c716a6912b81868ef19a508fe61c65c7dbdb4825236cbaa5364?s=96&d=mm&r=g\",\"caption\":\"avournias\"},\"sameAs\":[\"http:\\\/\\\/socdem.wpengine.com\"],\"url\":\"https:\\\/\\\/www.socdem.org\\\/en\\\/author\\\/avournias\\\/\"}]}<\/script>\n<!-- \/ Yoast SEO plugin. -->","yoast_head_json":{"title":"Le Premier Ministre f\u00e9licite nos \u00e9coles... - Primary School Socrates and Demosthenes","robots":{"index":"index","follow":"follow","max-snippet":"max-snippet:-1","max-image-preview":"max-image-preview:large","max-video-preview":"max-video-preview:-1"},"canonical":"https:\/\/www.socdem.org\/en\/le-premier-ministre-felicite-nos-ecoles\/","og_locale":"en_US","og_type":"article","og_title":"Le Premier Ministre f\u00e9licite nos \u00e9coles... - Primary School Socrates and Demosthenes","og_description":"Il est toujours r\u00e9jouissant de voir nos efforts reconnus et appr\u00e9ci\u00e9s \u00e0 To lot. However swabs viagra online with echecking loves. Been my metoprolol mecanismo de accion to to couldn&#8217;t...","og_url":"https:\/\/www.socdem.org\/en\/le-premier-ministre-felicite-nos-ecoles\/","og_site_name":"Primary School Socrates and Demosthenes","article_publisher":"https:\/\/www.facebook.com\/TheHCGM\/","article_published_time":"2013-10-07T14:35:42+00:00","article_modified_time":"2015-02-22T12:35:20+00:00","og_image":[{"url":"http:\/\/socdem.wpengine.com\/wp-content\/uploads\/2013\/10\/PM-LETTER-786x1024.jpg","type":"","width":"","height":""}],"author":"avournias","twitter_card":"summary_large_image","twitter_misc":{"Written by":"avournias","Est. reading time":"1 minute"},"schema":{"@context":"https:\/\/schema.org","@graph":[{"@type":"Article","@id":"https:\/\/www.socdem.org\/en\/le-premier-ministre-felicite-nos-ecoles\/#article","isPartOf":{"@id":"https:\/\/www.socdem.org\/en\/le-premier-ministre-felicite-nos-ecoles\/"},"author":{"name":"avournias","@id":"https:\/\/www.socdem.org\/en\/#\/schema\/person\/3d4208f100317a6251846d5d4fcb6e6f"},"headline":"Le Premier Ministre f\u00e9licite nos \u00e9coles&#8230;","datePublished":"2013-10-07T14:35:42+00:00","dateModified":"2015-02-22T12:35:20+00:00","mainEntityOfPage":{"@id":"https:\/\/www.socdem.org\/en\/le-premier-ministre-felicite-nos-ecoles\/"},"wordCount":199,"publisher":{"@id":"https:\/\/www.socdem.org\/en\/#organization"},"image":{"@id":"https:\/\/www.socdem.org\/en\/le-premier-ministre-felicite-nos-ecoles\/#primaryimage"},"thumbnailUrl":"http:\/\/socdem.wpengine.com\/wp-content\/uploads\/2013\/10\/PM-LETTER-786x1024.jpg","articleSection":["News demosthene"],"inLanguage":"en-US"},{"@type":"WebPage","@id":"https:\/\/www.socdem.org\/en\/le-premier-ministre-felicite-nos-ecoles\/","url":"https:\/\/www.socdem.org\/en\/le-premier-ministre-felicite-nos-ecoles\/","name":"Le Premier Ministre f\u00e9licite nos \u00e9coles... - Primary School Socrates and Demosthenes","isPartOf":{"@id":"https:\/\/www.socdem.org\/en\/#website"},"primaryImageOfPage":{"@id":"https:\/\/www.socdem.org\/en\/le-premier-ministre-felicite-nos-ecoles\/#primaryimage"},"image":{"@id":"https:\/\/www.socdem.org\/en\/le-premier-ministre-felicite-nos-ecoles\/#primaryimage"},"thumbnailUrl":"http:\/\/socdem.wpengine.com\/wp-content\/uploads\/2013\/10\/PM-LETTER-786x1024.jpg","datePublished":"2013-10-07T14:35:42+00:00","dateModified":"2015-02-22T12:35:20+00:00","breadcrumb":{"@id":"https:\/\/www.socdem.org\/en\/le-premier-ministre-felicite-nos-ecoles\/#breadcrumb"},"inLanguage":"en-US","potentialAction":[{"@type":"ReadAction","target":["https:\/\/www.socdem.org\/en\/le-premier-ministre-felicite-nos-ecoles\/"]}]},{"@type":"ImageObject","inLanguage":"en-US","@id":"https:\/\/www.socdem.org\/en\/le-premier-ministre-felicite-nos-ecoles\/#primaryimage","url":"http:\/\/socdem.wpengine.com\/wp-content\/uploads\/2013\/10\/PM-LETTER-786x1024.jpg","contentUrl":"http:\/\/socdem.wpengine.com\/wp-content\/uploads\/2013\/10\/PM-LETTER-786x1024.jpg"},{"@type":"BreadcrumbList","@id":"https:\/\/www.socdem.org\/en\/le-premier-ministre-felicite-nos-ecoles\/#breadcrumb","itemListElement":[{"@type":"ListItem","position":1,"name":"Accueil","item":"https:\/\/www.socdem.org\/en\/"},{"@type":"ListItem","position":2,"name":"Le Premier Ministre f\u00e9licite nos \u00e9coles&#8230;"}]},{"@type":"WebSite","@id":"https:\/\/www.socdem.org\/en\/#website","url":"https:\/\/www.socdem.org\/en\/","name":"\u00c9cole Socrates-D\u00e9mosth\u00e8ne","description":"Five trilingual greek primary schools of Greater Montreal.","publisher":{"@id":"https:\/\/www.socdem.org\/en\/#organization"},"potentialAction":[{"@type":"SearchAction","target":{"@type":"EntryPoint","urlTemplate":"https:\/\/www.socdem.org\/en\/?s={search_term_string}"},"query-input":{"@type":"PropertyValueSpecification","valueRequired":true,"valueName":"search_term_string"}}],"inLanguage":"en-US"},{"@type":"Organization","@id":"https:\/\/www.socdem.org\/en\/#organization","name":"\u00c9cole Socrates-D\u00e9mosth\u00e8ne","url":"https:\/\/www.socdem.org\/en\/","logo":{"@type":"ImageObject","inLanguage":"en-US","@id":"https:\/\/www.socdem.org\/en\/#\/schema\/logo\/image\/","url":"https:\/\/www.socdem.org\/wp-content\/uploads\/2014\/03\/SOC-DEM-LOGO-NAME.jpg","contentUrl":"https:\/\/www.socdem.org\/wp-content\/uploads\/2014\/03\/SOC-DEM-LOGO-NAME.jpg","width":"8485","height":"4200","caption":"\u00c9cole Socrates-D\u00e9mosth\u00e8ne"},"image":{"@id":"https:\/\/www.socdem.org\/en\/#\/schema\/logo\/image\/"},"sameAs":["https:\/\/www.facebook.com\/TheHCGM\/","https:\/\/www.instagram.com\/p\/BnE965PhJU7\/?hl=en"]},{"@type":"Person","@id":"https:\/\/www.socdem.org\/en\/#\/schema\/person\/3d4208f100317a6251846d5d4fcb6e6f","name":"avournias","image":{"@type":"ImageObject","inLanguage":"en-US","@id":"https:\/\/secure.gravatar.com\/avatar\/e44d940614c28c716a6912b81868ef19a508fe61c65c7dbdb4825236cbaa5364?s=96&d=mm&r=g","url":"https:\/\/secure.gravatar.com\/avatar\/e44d940614c28c716a6912b81868ef19a508fe61c65c7dbdb4825236cbaa5364?s=96&d=mm&r=g","contentUrl":"https:\/\/secure.gravatar.com\/avatar\/e44d940614c28c716a6912b81868ef19a508fe61c65c7dbdb4825236cbaa5364?s=96&d=mm&r=g","caption":"avournias"},"sameAs":["http:\/\/socdem.wpengine.com"],"url":"https:\/\/www.socdem.org\/en\/author\/avournias\/"}]}},"_links":{"self":[{"href":"https:\/\/www.socdem.org\/en\/wp-json\/wp\/v2\/posts\/4758","targetHints":{"allow":["GET"]}}],"collection":[{"href":"https:\/\/www.socdem.org\/en\/wp-json\/wp\/v2\/posts"}],"about":[{"href":"https:\/\/www.socdem.org\/en\/wp-json\/wp\/v2\/types\/post"}],"author":[{"embeddable":true,"href":"https:\/\/www.socdem.org\/en\/wp-json\/wp\/v2\/users\/23"}],"replies":[{"embeddable":true,"href":"https:\/\/www.socdem.org\/en\/wp-json\/wp\/v2\/comments?post=4758"}],"version-history":[{"count":0,"href":"https:\/\/www.socdem.org\/en\/wp-json\/wp\/v2\/posts\/4758\/revisions"}],"wp:attachment":[{"href":"https:\/\/www.socdem.org\/en\/wp-json\/wp\/v2\/media?parent=4758"}],"wp:term":[{"taxonomy":"category","embeddable":true,"href":"https:\/\/www.socdem.org\/en\/wp-json\/wp\/v2\/categories?post=4758"},{"taxonomy":"post_tag","embeddable":true,"href":"https:\/\/www.socdem.org\/en\/wp-json\/wp\/v2\/tags?post=4758"}],"curies":[{"name":"wp","href":"https:\/\/api.w.org\/{rel}","templated":true}]}}