{"id":8777,"date":"2013-11-15T11:21:35","date_gmt":"2013-11-15T16:21:35","guid":{"rendered":"http:\/\/socdem.wpengine.com\/tournoi-de-volleyball-des-eleves-de-6e-annee-de-demosthene-2\/"},"modified":"2013-11-15T11:46:13","modified_gmt":"2013-11-15T16:46:13","slug":"tournoi-de-volleyball-des-eleves-de-6e-annee-de-demosthene","status":"publish","type":"post","link":"https:\/\/www.socdem.org\/en\/tournoi-de-volleyball-des-eleves-de-6e-annee-de-demosthene\/","title":{"rendered":"Tournoi de Volleyball des \u00e9l\u00e8ves de 6e ann\u00e9e de D\u00e9mosth\u00e8ne"},"content":{"rendered":"<h6>Mardi le 12 novembre avait lieu un tournoi de volleyball pour les \u00e9l\u00e8ves de 6e ann\u00e9e, au Coll\u00e8ge Montmorency de Laval. Ce tournoi regroupait plusieurs \u00e9coles de la r\u00e9gion de Laval, ainsi que nous, D\u00e9mosth\u00e8ne. Nos \u00e9l\u00e8ves se sont d\u00e9marqu\u00e9s en offrant une performance sensationnelle qui a donn\u00e9 lieu \u00e0 des matchs excitants. Cette performance nous a d&#8217;ailleurs permis de remporter plusieurs victoires. Ceci a donn\u00e9 un avant go\u00fbt aux \u00e9l\u00e8ves de D\u00e9mosth\u00e8ne du tournoi provincial qui se tiendra dans la ville de Qu\u00e9bec, en avril prochain. \u00c0 suivre&#8230; D&#8217;ici ce temps, ils continueront de travailler avec M. \u00c9ric, professeur d&#8217;\u00e9ducation physique, pour pratiquer les techniques afin de devenir les futurs champions du Qu\u00e9bec!<\/h6>\n<p style=\"text-align: center;\"><a href=\"http:\/\/socdem.wpengine.com\/wp-content\/uploads\/2013\/11\/volley.jpg\"><img loading=\"lazy\" decoding=\"async\" class=\"size-medium wp-image-8775 aligncenter\" title=\"volley\" src=\"http:\/\/socdem.wpengine.com\/wp-content\/uploads\/2013\/11\/volley-300x225.jpg\" alt=\"\" width=\"300\" height=\"225\" srcset=\"https:\/\/www.socdem.org\/wp-content\/uploads\/2013\/11\/volley-300x225.jpg 300w, https:\/\/www.socdem.org\/wp-content\/uploads\/2013\/11\/volley-80x60.jpg 80w, https:\/\/www.socdem.org\/wp-content\/uploads\/2013\/11\/volley.jpg 1024w\" sizes=\"auto, (max-width: 300px) 100vw, 300px\" \/><\/a><\/p>\n","protected":false},"excerpt":{"rendered":"<p>Mardi le 12 novembre avait lieu un tournoi de volleyball pour les \u00e9l\u00e8ves de 6e ann\u00e9e, au Coll\u00e8ge Montmorency de Laval. Ce tournoi regroupait plusieurs \u00e9coles de la r\u00e9gion de&#8230;<\/p>\n","protected":false},"author":23,"featured_media":8784,"comment_status":"closed","ping_status":"closed","sticky":false,"template":"","format":"standard","meta":{"_monsterinsights_skip_tracking":false,"_monsterinsights_sitenote_active":false,"_monsterinsights_sitenote_note":"","_monsterinsights_sitenote_category":0,"footnotes":""},"categories":[1],"tags":[],"class_list":{"0":"post-8777","1":"post","2":"type-post","3":"status-publish","4":"format-standard","5":"has-post-thumbnail","7":"category-uncategorized"},"yoast_head":"<!-- This site is optimized with the Yoast SEO plugin v27.5 - https:\/\/yoast.com\/product\/yoast-seo-wordpress\/ -->\n<title>Tournoi de Volleyball des \u00e9l\u00e8ves de 6e ann\u00e9e de D\u00e9mosth\u00e8ne - Primary School Socrates and Demosthenes<\/title>\n<meta name=\"robots\" content=\"index, follow, max-snippet:-1, max-image-preview:large, max-video-preview:-1\" \/>\n<link rel=\"canonical\" href=\"https:\/\/www.socdem.org\/en\/tournoi-de-volleyball-des-eleves-de-6e-annee-de-demosthene\/\" \/>\n<meta property=\"og:locale\" content=\"en_US\" \/>\n<meta property=\"og:type\" content=\"article\" \/>\n<meta property=\"og:title\" content=\"Tournoi de Volleyball des \u00e9l\u00e8ves de 6e ann\u00e9e de D\u00e9mosth\u00e8ne - Primary School Socrates and Demosthenes\" \/>\n<meta property=\"og:description\" content=\"Mardi le 12 novembre avait lieu un tournoi de volleyball pour les \u00e9l\u00e8ves de 6e ann\u00e9e, au Coll\u00e8ge Montmorency de Laval. Ce tournoi regroupait plusieurs \u00e9coles de la r\u00e9gion de...\" \/>\n<meta property=\"og:url\" content=\"https:\/\/www.socdem.org\/en\/tournoi-de-volleyball-des-eleves-de-6e-annee-de-demosthene\/\" \/>\n<meta property=\"og:site_name\" content=\"Primary School Socrates and Demosthenes\" \/>\n<meta property=\"article:publisher\" content=\"https:\/\/www.facebook.com\/TheHCGM\/\" \/>\n<meta property=\"article:published_time\" content=\"2013-11-15T16:21:35+00:00\" \/>\n<meta property=\"article:modified_time\" content=\"2013-11-15T16:46:13+00:00\" \/>\n<meta property=\"og:image\" content=\"https:\/\/www.socdem.org\/wp-content\/uploads\/2013\/11\/volley-feat1.gif\" \/>\n\t<meta property=\"og:image:width\" content=\"450\" \/>\n\t<meta property=\"og:image:height\" content=\"450\" \/>\n\t<meta property=\"og:image:type\" content=\"image\/gif\" \/>\n<meta name=\"author\" content=\"avournias\" \/>\n<meta name=\"twitter:card\" content=\"summary_large_image\" \/>\n<meta name=\"twitter:label1\" content=\"Written by\" \/>\n\t<meta name=\"twitter:data1\" content=\"avournias\" \/>\n\t<meta name=\"twitter:label2\" content=\"Est. reading time\" \/>\n\t<meta name=\"twitter:data2\" content=\"1 minute\" \/>\n<script type=\"application\/ld+json\" class=\"yoast-schema-graph\">{\"@context\":\"https:\\\/\\\/schema.org\",\"@graph\":[{\"@type\":\"Article\",\"@id\":\"https:\\\/\\\/www.socdem.org\\\/en\\\/tournoi-de-volleyball-des-eleves-de-6e-annee-de-demosthene\\\/#article\",\"isPartOf\":{\"@id\":\"https:\\\/\\\/www.socdem.org\\\/en\\\/tournoi-de-volleyball-des-eleves-de-6e-annee-de-demosthene\\\/\"},\"author\":{\"name\":\"avournias\",\"@id\":\"https:\\\/\\\/www.socdem.org\\\/en\\\/#\\\/schema\\\/person\\\/3d4208f100317a6251846d5d4fcb6e6f\"},\"headline\":\"Tournoi de Volleyball des \u00e9l\u00e8ves de 6e ann\u00e9e de D\u00e9mosth\u00e8ne\",\"datePublished\":\"2013-11-15T16:21:35+00:00\",\"dateModified\":\"2013-11-15T16:46:13+00:00\",\"mainEntityOfPage\":{\"@id\":\"https:\\\/\\\/www.socdem.org\\\/en\\\/tournoi-de-volleyball-des-eleves-de-6e-annee-de-demosthene\\\/\"},\"wordCount\":141,\"publisher\":{\"@id\":\"https:\\\/\\\/www.socdem.org\\\/en\\\/#organization\"},\"image\":{\"@id\":\"https:\\\/\\\/www.socdem.org\\\/en\\\/tournoi-de-volleyball-des-eleves-de-6e-annee-de-demosthene\\\/#primaryimage\"},\"thumbnailUrl\":\"https:\\\/\\\/www.socdem.org\\\/wp-content\\\/uploads\\\/2013\\\/11\\\/volley-feat1.gif\",\"inLanguage\":\"en-US\"},{\"@type\":\"WebPage\",\"@id\":\"https:\\\/\\\/www.socdem.org\\\/en\\\/tournoi-de-volleyball-des-eleves-de-6e-annee-de-demosthene\\\/\",\"url\":\"https:\\\/\\\/www.socdem.org\\\/en\\\/tournoi-de-volleyball-des-eleves-de-6e-annee-de-demosthene\\\/\",\"name\":\"Tournoi de Volleyball des \u00e9l\u00e8ves de 6e ann\u00e9e de D\u00e9mosth\u00e8ne - Primary School Socrates and Demosthenes\",\"isPartOf\":{\"@id\":\"https:\\\/\\\/www.socdem.org\\\/en\\\/#website\"},\"primaryImageOfPage\":{\"@id\":\"https:\\\/\\\/www.socdem.org\\\/en\\\/tournoi-de-volleyball-des-eleves-de-6e-annee-de-demosthene\\\/#primaryimage\"},\"image\":{\"@id\":\"https:\\\/\\\/www.socdem.org\\\/en\\\/tournoi-de-volleyball-des-eleves-de-6e-annee-de-demosthene\\\/#primaryimage\"},\"thumbnailUrl\":\"https:\\\/\\\/www.socdem.org\\\/wp-content\\\/uploads\\\/2013\\\/11\\\/volley-feat1.gif\",\"datePublished\":\"2013-11-15T16:21:35+00:00\",\"dateModified\":\"2013-11-15T16:46:13+00:00\",\"breadcrumb\":{\"@id\":\"https:\\\/\\\/www.socdem.org\\\/en\\\/tournoi-de-volleyball-des-eleves-de-6e-annee-de-demosthene\\\/#breadcrumb\"},\"inLanguage\":\"en-US\",\"potentialAction\":[{\"@type\":\"ReadAction\",\"target\":[\"https:\\\/\\\/www.socdem.org\\\/en\\\/tournoi-de-volleyball-des-eleves-de-6e-annee-de-demosthene\\\/\"]}]},{\"@type\":\"ImageObject\",\"inLanguage\":\"en-US\",\"@id\":\"https:\\\/\\\/www.socdem.org\\\/en\\\/tournoi-de-volleyball-des-eleves-de-6e-annee-de-demosthene\\\/#primaryimage\",\"url\":\"https:\\\/\\\/www.socdem.org\\\/wp-content\\\/uploads\\\/2013\\\/11\\\/volley-feat1.gif\",\"contentUrl\":\"https:\\\/\\\/www.socdem.org\\\/wp-content\\\/uploads\\\/2013\\\/11\\\/volley-feat1.gif\",\"width\":\"450\",\"height\":\"450\"},{\"@type\":\"BreadcrumbList\",\"@id\":\"https:\\\/\\\/www.socdem.org\\\/en\\\/tournoi-de-volleyball-des-eleves-de-6e-annee-de-demosthene\\\/#breadcrumb\",\"itemListElement\":[{\"@type\":\"ListItem\",\"position\":1,\"name\":\"Accueil\",\"item\":\"https:\\\/\\\/www.socdem.org\\\/en\\\/\"},{\"@type\":\"ListItem\",\"position\":2,\"name\":\"Tournoi de Volleyball des \u00e9l\u00e8ves de 6e ann\u00e9e de D\u00e9mosth\u00e8ne\"}]},{\"@type\":\"WebSite\",\"@id\":\"https:\\\/\\\/www.socdem.org\\\/en\\\/#website\",\"url\":\"https:\\\/\\\/www.socdem.org\\\/en\\\/\",\"name\":\"\u00c9cole Socrates-D\u00e9mosth\u00e8ne\",\"description\":\"Five trilingual greek primary schools of Greater Montreal.\",\"publisher\":{\"@id\":\"https:\\\/\\\/www.socdem.org\\\/en\\\/#organization\"},\"potentialAction\":[{\"@type\":\"SearchAction\",\"target\":{\"@type\":\"EntryPoint\",\"urlTemplate\":\"https:\\\/\\\/www.socdem.org\\\/en\\\/?s={search_term_string}\"},\"query-input\":{\"@type\":\"PropertyValueSpecification\",\"valueRequired\":true,\"valueName\":\"search_term_string\"}}],\"inLanguage\":\"en-US\"},{\"@type\":\"Organization\",\"@id\":\"https:\\\/\\\/www.socdem.org\\\/en\\\/#organization\",\"name\":\"\u00c9cole Socrates-D\u00e9mosth\u00e8ne\",\"url\":\"https:\\\/\\\/www.socdem.org\\\/en\\\/\",\"logo\":{\"@type\":\"ImageObject\",\"inLanguage\":\"en-US\",\"@id\":\"https:\\\/\\\/www.socdem.org\\\/en\\\/#\\\/schema\\\/logo\\\/image\\\/\",\"url\":\"https:\\\/\\\/www.socdem.org\\\/wp-content\\\/uploads\\\/2014\\\/03\\\/SOC-DEM-LOGO-NAME.jpg\",\"contentUrl\":\"https:\\\/\\\/www.socdem.org\\\/wp-content\\\/uploads\\\/2014\\\/03\\\/SOC-DEM-LOGO-NAME.jpg\",\"width\":\"8485\",\"height\":\"4200\",\"caption\":\"\u00c9cole Socrates-D\u00e9mosth\u00e8ne\"},\"image\":{\"@id\":\"https:\\\/\\\/www.socdem.org\\\/en\\\/#\\\/schema\\\/logo\\\/image\\\/\"},\"sameAs\":[\"https:\\\/\\\/www.facebook.com\\\/TheHCGM\\\/\",\"https:\\\/\\\/www.instagram.com\\\/p\\\/BnE965PhJU7\\\/?hl=en\"]},{\"@type\":\"Person\",\"@id\":\"https:\\\/\\\/www.socdem.org\\\/en\\\/#\\\/schema\\\/person\\\/3d4208f100317a6251846d5d4fcb6e6f\",\"name\":\"avournias\",\"image\":{\"@type\":\"ImageObject\",\"inLanguage\":\"en-US\",\"@id\":\"https:\\\/\\\/secure.gravatar.com\\\/avatar\\\/e44d940614c28c716a6912b81868ef19a508fe61c65c7dbdb4825236cbaa5364?s=96&d=mm&r=g\",\"url\":\"https:\\\/\\\/secure.gravatar.com\\\/avatar\\\/e44d940614c28c716a6912b81868ef19a508fe61c65c7dbdb4825236cbaa5364?s=96&d=mm&r=g\",\"contentUrl\":\"https:\\\/\\\/secure.gravatar.com\\\/avatar\\\/e44d940614c28c716a6912b81868ef19a508fe61c65c7dbdb4825236cbaa5364?s=96&d=mm&r=g\",\"caption\":\"avournias\"},\"sameAs\":[\"http:\\\/\\\/socdem.wpengine.com\"],\"url\":\"https:\\\/\\\/www.socdem.org\\\/en\\\/author\\\/avournias\\\/\"}]}<\/script>\n<!-- \/ Yoast SEO plugin. -->","yoast_head_json":{"title":"Tournoi de Volleyball des \u00e9l\u00e8ves de 6e ann\u00e9e de D\u00e9mosth\u00e8ne - Primary School Socrates and Demosthenes","robots":{"index":"index","follow":"follow","max-snippet":"max-snippet:-1","max-image-preview":"max-image-preview:large","max-video-preview":"max-video-preview:-1"},"canonical":"https:\/\/www.socdem.org\/en\/tournoi-de-volleyball-des-eleves-de-6e-annee-de-demosthene\/","og_locale":"en_US","og_type":"article","og_title":"Tournoi de Volleyball des \u00e9l\u00e8ves de 6e ann\u00e9e de D\u00e9mosth\u00e8ne - Primary School Socrates and Demosthenes","og_description":"Mardi le 12 novembre avait lieu un tournoi de volleyball pour les \u00e9l\u00e8ves de 6e ann\u00e9e, au Coll\u00e8ge Montmorency de Laval. Ce tournoi regroupait plusieurs \u00e9coles de la r\u00e9gion de...","og_url":"https:\/\/www.socdem.org\/en\/tournoi-de-volleyball-des-eleves-de-6e-annee-de-demosthene\/","og_site_name":"Primary School Socrates and Demosthenes","article_publisher":"https:\/\/www.facebook.com\/TheHCGM\/","article_published_time":"2013-11-15T16:21:35+00:00","article_modified_time":"2013-11-15T16:46:13+00:00","og_image":[{"width":450,"height":450,"url":"https:\/\/www.socdem.org\/wp-content\/uploads\/2013\/11\/volley-feat1.gif","type":"image\/gif"}],"author":"avournias","twitter_card":"summary_large_image","twitter_misc":{"Written by":"avournias","Est. reading time":"1 minute"},"schema":{"@context":"https:\/\/schema.org","@graph":[{"@type":"Article","@id":"https:\/\/www.socdem.org\/en\/tournoi-de-volleyball-des-eleves-de-6e-annee-de-demosthene\/#article","isPartOf":{"@id":"https:\/\/www.socdem.org\/en\/tournoi-de-volleyball-des-eleves-de-6e-annee-de-demosthene\/"},"author":{"name":"avournias","@id":"https:\/\/www.socdem.org\/en\/#\/schema\/person\/3d4208f100317a6251846d5d4fcb6e6f"},"headline":"Tournoi de Volleyball des \u00e9l\u00e8ves de 6e ann\u00e9e de D\u00e9mosth\u00e8ne","datePublished":"2013-11-15T16:21:35+00:00","dateModified":"2013-11-15T16:46:13+00:00","mainEntityOfPage":{"@id":"https:\/\/www.socdem.org\/en\/tournoi-de-volleyball-des-eleves-de-6e-annee-de-demosthene\/"},"wordCount":141,"publisher":{"@id":"https:\/\/www.socdem.org\/en\/#organization"},"image":{"@id":"https:\/\/www.socdem.org\/en\/tournoi-de-volleyball-des-eleves-de-6e-annee-de-demosthene\/#primaryimage"},"thumbnailUrl":"https:\/\/www.socdem.org\/wp-content\/uploads\/2013\/11\/volley-feat1.gif","inLanguage":"en-US"},{"@type":"WebPage","@id":"https:\/\/www.socdem.org\/en\/tournoi-de-volleyball-des-eleves-de-6e-annee-de-demosthene\/","url":"https:\/\/www.socdem.org\/en\/tournoi-de-volleyball-des-eleves-de-6e-annee-de-demosthene\/","name":"Tournoi de Volleyball des \u00e9l\u00e8ves de 6e ann\u00e9e de D\u00e9mosth\u00e8ne - Primary School Socrates and Demosthenes","isPartOf":{"@id":"https:\/\/www.socdem.org\/en\/#website"},"primaryImageOfPage":{"@id":"https:\/\/www.socdem.org\/en\/tournoi-de-volleyball-des-eleves-de-6e-annee-de-demosthene\/#primaryimage"},"image":{"@id":"https:\/\/www.socdem.org\/en\/tournoi-de-volleyball-des-eleves-de-6e-annee-de-demosthene\/#primaryimage"},"thumbnailUrl":"https:\/\/www.socdem.org\/wp-content\/uploads\/2013\/11\/volley-feat1.gif","datePublished":"2013-11-15T16:21:35+00:00","dateModified":"2013-11-15T16:46:13+00:00","breadcrumb":{"@id":"https:\/\/www.socdem.org\/en\/tournoi-de-volleyball-des-eleves-de-6e-annee-de-demosthene\/#breadcrumb"},"inLanguage":"en-US","potentialAction":[{"@type":"ReadAction","target":["https:\/\/www.socdem.org\/en\/tournoi-de-volleyball-des-eleves-de-6e-annee-de-demosthene\/"]}]},{"@type":"ImageObject","inLanguage":"en-US","@id":"https:\/\/www.socdem.org\/en\/tournoi-de-volleyball-des-eleves-de-6e-annee-de-demosthene\/#primaryimage","url":"https:\/\/www.socdem.org\/wp-content\/uploads\/2013\/11\/volley-feat1.gif","contentUrl":"https:\/\/www.socdem.org\/wp-content\/uploads\/2013\/11\/volley-feat1.gif","width":"450","height":"450"},{"@type":"BreadcrumbList","@id":"https:\/\/www.socdem.org\/en\/tournoi-de-volleyball-des-eleves-de-6e-annee-de-demosthene\/#breadcrumb","itemListElement":[{"@type":"ListItem","position":1,"name":"Accueil","item":"https:\/\/www.socdem.org\/en\/"},{"@type":"ListItem","position":2,"name":"Tournoi de Volleyball des \u00e9l\u00e8ves de 6e ann\u00e9e de D\u00e9mosth\u00e8ne"}]},{"@type":"WebSite","@id":"https:\/\/www.socdem.org\/en\/#website","url":"https:\/\/www.socdem.org\/en\/","name":"\u00c9cole Socrates-D\u00e9mosth\u00e8ne","description":"Five trilingual greek primary schools of Greater Montreal.","publisher":{"@id":"https:\/\/www.socdem.org\/en\/#organization"},"potentialAction":[{"@type":"SearchAction","target":{"@type":"EntryPoint","urlTemplate":"https:\/\/www.socdem.org\/en\/?s={search_term_string}"},"query-input":{"@type":"PropertyValueSpecification","valueRequired":true,"valueName":"search_term_string"}}],"inLanguage":"en-US"},{"@type":"Organization","@id":"https:\/\/www.socdem.org\/en\/#organization","name":"\u00c9cole Socrates-D\u00e9mosth\u00e8ne","url":"https:\/\/www.socdem.org\/en\/","logo":{"@type":"ImageObject","inLanguage":"en-US","@id":"https:\/\/www.socdem.org\/en\/#\/schema\/logo\/image\/","url":"https:\/\/www.socdem.org\/wp-content\/uploads\/2014\/03\/SOC-DEM-LOGO-NAME.jpg","contentUrl":"https:\/\/www.socdem.org\/wp-content\/uploads\/2014\/03\/SOC-DEM-LOGO-NAME.jpg","width":"8485","height":"4200","caption":"\u00c9cole Socrates-D\u00e9mosth\u00e8ne"},"image":{"@id":"https:\/\/www.socdem.org\/en\/#\/schema\/logo\/image\/"},"sameAs":["https:\/\/www.facebook.com\/TheHCGM\/","https:\/\/www.instagram.com\/p\/BnE965PhJU7\/?hl=en"]},{"@type":"Person","@id":"https:\/\/www.socdem.org\/en\/#\/schema\/person\/3d4208f100317a6251846d5d4fcb6e6f","name":"avournias","image":{"@type":"ImageObject","inLanguage":"en-US","@id":"https:\/\/secure.gravatar.com\/avatar\/e44d940614c28c716a6912b81868ef19a508fe61c65c7dbdb4825236cbaa5364?s=96&d=mm&r=g","url":"https:\/\/secure.gravatar.com\/avatar\/e44d940614c28c716a6912b81868ef19a508fe61c65c7dbdb4825236cbaa5364?s=96&d=mm&r=g","contentUrl":"https:\/\/secure.gravatar.com\/avatar\/e44d940614c28c716a6912b81868ef19a508fe61c65c7dbdb4825236cbaa5364?s=96&d=mm&r=g","caption":"avournias"},"sameAs":["http:\/\/socdem.wpengine.com"],"url":"https:\/\/www.socdem.org\/en\/author\/avournias\/"}]}},"_links":{"self":[{"href":"https:\/\/www.socdem.org\/en\/wp-json\/wp\/v2\/posts\/8777","targetHints":{"allow":["GET"]}}],"collection":[{"href":"https:\/\/www.socdem.org\/en\/wp-json\/wp\/v2\/posts"}],"about":[{"href":"https:\/\/www.socdem.org\/en\/wp-json\/wp\/v2\/types\/post"}],"author":[{"embeddable":true,"href":"https:\/\/www.socdem.org\/en\/wp-json\/wp\/v2\/users\/23"}],"replies":[{"embeddable":true,"href":"https:\/\/www.socdem.org\/en\/wp-json\/wp\/v2\/comments?post=8777"}],"version-history":[{"count":0,"href":"https:\/\/www.socdem.org\/en\/wp-json\/wp\/v2\/posts\/8777\/revisions"}],"wp:featuredmedia":[{"embeddable":true,"href":"https:\/\/www.socdem.org\/en\/wp-json\/wp\/v2\/media\/8784"}],"wp:attachment":[{"href":"https:\/\/www.socdem.org\/en\/wp-json\/wp\/v2\/media?parent=8777"}],"wp:term":[{"taxonomy":"category","embeddable":true,"href":"https:\/\/www.socdem.org\/en\/wp-json\/wp\/v2\/categories?post=8777"},{"taxonomy":"post_tag","embeddable":true,"href":"https:\/\/www.socdem.org\/en\/wp-json\/wp\/v2\/tags?post=8777"}],"curies":[{"name":"wp","href":"https:\/\/api.w.org\/{rel}","templated":true}]}}