{"id":9740,"date":"2013-11-21T15:08:51","date_gmt":"2013-11-21T20:08:51","guid":{"rendered":"http:\/\/socdem.wpengine.com\/en-cas-de-tempete-de-neige-2\/"},"modified":"2013-11-28T10:56:12","modified_gmt":"2013-11-28T15:56:12","slug":"en-cas-de-tempete-de-neige-2","status":"publish","type":"post","link":"https:\/\/www.socdem.org\/en\/en-cas-de-tempete-de-neige-2\/","title":{"rendered":"En cas de temp\u00eate de neige"},"content":{"rendered":"<address><em><strong>\u00a0<\/strong><\/em><strong style=\"font-size: 12px;\">\u00a0<\/strong><\/address>\n<h6>Afin de savoir si les campus de l\u2019\u00c9cole Socrates et D\u00e9mosth\u00e8ne seront ferm\u00e9s en cas de temp\u00eate, veuillez\u00a0 \u00e9couter les stations de radio et consulter les sites Web et Facebook ci-dessous.\u00a0 L\u2019\u00c9cole va aussi envoyer un courriel massif\u00a0 \u00e0 ceux qui sont sur nos listes.<\/h6>\n<h6>Merci de votre collaboratio<\/h6>\n<h6>\u03a3\u03b5 \u03c0\u03b5\u03c1\u03af\u03c0\u03c4\u03c9\u03c3\u03b7 \u03c7\u03b9\u03bf\u03bd\u03bf\u03b8\u03cd\u03b5\u03bb\u03bb\u03b1\u03c2, \u03c0\u03b1\u03c1\u03b1\u03ba\u03b1\u03bb\u03bf\u03cd\u03bc\u03b5 \u03bd\u2019\u03b1\u03ba\u03bf\u03cd\u03c4\u03b5 \u03c4\u03bf\u03c5\u03c2 \u03c0\u03b1\u03c1\u03b1\u03ba\u03ac\u03c4\u03c9 \u03c1\u03b1\u03b4\u03b9\u03bf\u03c6\u03c9\u03bd\u03b9\u03ba\u03bf\u03cd\u03c2 \u03c3\u03c4\u03b1\u03b8\u03bc\u03bf\u03cd\u03c2\u00a0 \u03ae \u03bd\u03b1 \u03b5\u03c0\u03b9\u03c3\u03ba\u03b5\u03c6\u03c4\u03b5\u03af\u03c4\u03b5 \u03c4\u03b7\u03bd \u03b9\u03c3\u03c4\u03b9\u03bf\u03c3\u03b5\u03bb\u03af\u03b4\u03b1 \u03c4\u03bf\u03c5 \u03c3\u03c7\u03bf\u03bb\u03b5\u03af\u03bf\u03c5 \u03ae \u03c4\u03b7 \u03c3\u03b5\u03bb\u03af\u03b4\u03b1 Facebook \u03b3\u03b9\u03b1 \u03bd\u03b1 \u03bc\u03ac\u03b8\u03b5\u03c4\u03b5 \u03b1\u03bd \u03c4\u03b1 \u03c0\u03b1\u03c1\u03b1\u03c1\u03c4\u03ae\u03bc\u03b1\u03c4\u03b1 \u03c4\u03bf\u03c5 \u03a3\u03c7\u03bf\u03bb\u03b5\u03af\u03bf\u03c5 \u03a3\u03c9\u03ba\u03c1\u03ac\u03c4\u03b7\u03c2 \u03b8\u03b1 \u03b5\u03af\u03bd\u03b1\u03b9 \u03ba\u03bb\u03b5\u03b9\u03c3\u03c4\u03ac.\u00a0 \u03a4\u03bf \u03c3\u03c7\u03bf\u03bb\u03b5\u03af\u03bf \u03b8\u03b1 \u03c3\u03c4\u03b5\u03af\u03bb\u03b5\u03b9 \u03b5\u03c0\u03af\u03c3\u03b7\u03c2 \u03bc\u03b9\u03b1 \u03bc\u03b1\u03b6\u03b9\u03ba\u03ae \u03b1\u03c0\u03bf\u03c3\u03c4\u03bf\u03bb\u03ae e-mail \u03c3\u03b5 \u03cc\u03c3\u03bf\u03c5\u03c2 \u03b5\u03af\u03bd\u03b1\u03b9 \u03c3\u03c4\u03bf\u03c5\u03c2 \u03ba\u03b1\u03c4\u03b1\u03bb\u03cc\u03b3\u03bf\u03c5\u03c2 \u03bc\u03b1\u03c2.<\/h6>\n<h6>\u0395\u03c5\u03c7\u03b1\u03c1\u03b9\u03c3\u03c4\u03bf\u03cd\u03bc\u03b5 \u03b3\u03b9\u03b1 \u03c4\u03b7 \u03c3\u03c5\u03bd\u03b5\u03c1\u03b3\u03b1\u03c3\u03af\u03b1 \u03c3\u03b1\u03c2.<\/h6>\n<h6 align=\"center\">Site Web de l\u2019\u00e9cole :\u00a0www.socdem.org<\/h6>\n<h6 align=\"center\"><\/h6>\n<h6 align=\"center\">Facebook de la CHGM:\u00a0www.facebook.com\/thehcgm<\/h6>\n<h6 align=\"center\"><\/h6>\n<h6 align=\"center\">Radio Canada 95,1<\/h6>\n<h6 align=\"center\">www.radio-canada.ca\/tempete<\/h6>\n<h6 align=\"center\"><\/h6>\n<h6 align=\"center\">97,7 CHOM<\/h6>\n<h6 align=\"center\">CJAD 800 AM<\/h6>\n<h6 align=\"center\">92,5 The Beat<\/h6>\n<h6 align=\"center\">98,5 FM Montr\u00e9al<\/h6>\n<h6 align=\"center\">96,9 CKOI<\/h6>\n<h6 align=\"center\">105,1 MIKE-FM<\/h6>\n<h6 align=\"center\">730AM\u00a0 Radio Circulation<\/h6>\n","protected":false},"excerpt":{"rendered":"<p>\u00a0\u00a0 Afin de savoir si les campus de l\u2019\u00c9cole Socrates et D\u00e9mosth\u00e8ne seront ferm\u00e9s en cas de temp\u00eate, veuillez\u00a0 \u00e9couter les stations de radio et consulter les sites Web et&#8230;<\/p>\n","protected":false},"author":23,"featured_media":9845,"comment_status":"closed","ping_status":"closed","sticky":false,"template":"","format":"standard","meta":{"_monsterinsights_skip_tracking":false,"_monsterinsights_sitenote_active":false,"_monsterinsights_sitenote_note":"","_monsterinsights_sitenote_category":0,"footnotes":""},"categories":[1],"tags":[],"class_list":{"0":"post-9740","1":"post","2":"type-post","3":"status-publish","4":"format-standard","5":"has-post-thumbnail","7":"category-uncategorized"},"yoast_head":"<!-- This site is optimized with the Yoast SEO plugin v27.5 - https:\/\/yoast.com\/product\/yoast-seo-wordpress\/ -->\n<title>En cas de temp\u00eate de neige - Primary School Socrates and Demosthenes<\/title>\n<meta name=\"robots\" content=\"index, follow, max-snippet:-1, max-image-preview:large, max-video-preview:-1\" \/>\n<link rel=\"canonical\" href=\"https:\/\/www.socdem.org\/en\/en-cas-de-tempete-de-neige-2\/\" \/>\n<meta property=\"og:locale\" content=\"en_US\" \/>\n<meta property=\"og:type\" content=\"article\" \/>\n<meta property=\"og:title\" content=\"En cas de temp\u00eate de neige - Primary School Socrates and Demosthenes\" \/>\n<meta property=\"og:description\" content=\"\u00a0\u00a0 Afin de savoir si les campus de l\u2019\u00c9cole Socrates et D\u00e9mosth\u00e8ne seront ferm\u00e9s en cas de temp\u00eate, veuillez\u00a0 \u00e9couter les stations de radio et consulter les sites Web et...\" \/>\n<meta property=\"og:url\" content=\"https:\/\/www.socdem.org\/en\/en-cas-de-tempete-de-neige-2\/\" \/>\n<meta property=\"og:site_name\" content=\"Primary School Socrates and Demosthenes\" \/>\n<meta property=\"article:publisher\" content=\"https:\/\/www.facebook.com\/TheHCGM\/\" \/>\n<meta property=\"article:published_time\" content=\"2013-11-21T20:08:51+00:00\" \/>\n<meta property=\"article:modified_time\" content=\"2013-11-28T15:56:12+00:00\" \/>\n<meta property=\"og:image\" content=\"https:\/\/www.socdem.org\/wp-content\/uploads\/2013\/11\/Snow.gif\" \/>\n\t<meta property=\"og:image:width\" content=\"640\" \/>\n\t<meta property=\"og:image:height\" content=\"480\" \/>\n\t<meta property=\"og:image:type\" content=\"image\/gif\" \/>\n<meta name=\"author\" content=\"avournias\" \/>\n<meta name=\"twitter:card\" content=\"summary_large_image\" \/>\n<meta name=\"twitter:label1\" content=\"Written by\" \/>\n\t<meta name=\"twitter:data1\" content=\"avournias\" \/>\n<script type=\"application\/ld+json\" class=\"yoast-schema-graph\">{\"@context\":\"https:\\\/\\\/schema.org\",\"@graph\":[{\"@type\":\"Article\",\"@id\":\"https:\\\/\\\/www.socdem.org\\\/en\\\/en-cas-de-tempete-de-neige-2\\\/#article\",\"isPartOf\":{\"@id\":\"https:\\\/\\\/www.socdem.org\\\/en\\\/en-cas-de-tempete-de-neige-2\\\/\"},\"author\":{\"name\":\"avournias\",\"@id\":\"https:\\\/\\\/www.socdem.org\\\/en\\\/#\\\/schema\\\/person\\\/3d4208f100317a6251846d5d4fcb6e6f\"},\"headline\":\"En cas de temp\u00eate de neige\",\"datePublished\":\"2013-11-21T20:08:51+00:00\",\"dateModified\":\"2013-11-28T15:56:12+00:00\",\"mainEntityOfPage\":{\"@id\":\"https:\\\/\\\/www.socdem.org\\\/en\\\/en-cas-de-tempete-de-neige-2\\\/\"},\"wordCount\":98,\"publisher\":{\"@id\":\"https:\\\/\\\/www.socdem.org\\\/en\\\/#organization\"},\"image\":{\"@id\":\"https:\\\/\\\/www.socdem.org\\\/en\\\/en-cas-de-tempete-de-neige-2\\\/#primaryimage\"},\"thumbnailUrl\":\"https:\\\/\\\/www.socdem.org\\\/wp-content\\\/uploads\\\/2013\\\/11\\\/Snow.gif\",\"inLanguage\":\"en-US\"},{\"@type\":\"WebPage\",\"@id\":\"https:\\\/\\\/www.socdem.org\\\/en\\\/en-cas-de-tempete-de-neige-2\\\/\",\"url\":\"https:\\\/\\\/www.socdem.org\\\/en\\\/en-cas-de-tempete-de-neige-2\\\/\",\"name\":\"En cas de temp\u00eate de neige - Primary School Socrates and Demosthenes\",\"isPartOf\":{\"@id\":\"https:\\\/\\\/www.socdem.org\\\/en\\\/#website\"},\"primaryImageOfPage\":{\"@id\":\"https:\\\/\\\/www.socdem.org\\\/en\\\/en-cas-de-tempete-de-neige-2\\\/#primaryimage\"},\"image\":{\"@id\":\"https:\\\/\\\/www.socdem.org\\\/en\\\/en-cas-de-tempete-de-neige-2\\\/#primaryimage\"},\"thumbnailUrl\":\"https:\\\/\\\/www.socdem.org\\\/wp-content\\\/uploads\\\/2013\\\/11\\\/Snow.gif\",\"datePublished\":\"2013-11-21T20:08:51+00:00\",\"dateModified\":\"2013-11-28T15:56:12+00:00\",\"breadcrumb\":{\"@id\":\"https:\\\/\\\/www.socdem.org\\\/en\\\/en-cas-de-tempete-de-neige-2\\\/#breadcrumb\"},\"inLanguage\":\"en-US\",\"potentialAction\":[{\"@type\":\"ReadAction\",\"target\":[\"https:\\\/\\\/www.socdem.org\\\/en\\\/en-cas-de-tempete-de-neige-2\\\/\"]}]},{\"@type\":\"ImageObject\",\"inLanguage\":\"en-US\",\"@id\":\"https:\\\/\\\/www.socdem.org\\\/en\\\/en-cas-de-tempete-de-neige-2\\\/#primaryimage\",\"url\":\"https:\\\/\\\/www.socdem.org\\\/wp-content\\\/uploads\\\/2013\\\/11\\\/Snow.gif\",\"contentUrl\":\"https:\\\/\\\/www.socdem.org\\\/wp-content\\\/uploads\\\/2013\\\/11\\\/Snow.gif\",\"width\":\"640\",\"height\":\"480\"},{\"@type\":\"BreadcrumbList\",\"@id\":\"https:\\\/\\\/www.socdem.org\\\/en\\\/en-cas-de-tempete-de-neige-2\\\/#breadcrumb\",\"itemListElement\":[{\"@type\":\"ListItem\",\"position\":1,\"name\":\"Accueil\",\"item\":\"https:\\\/\\\/www.socdem.org\\\/en\\\/\"},{\"@type\":\"ListItem\",\"position\":2,\"name\":\"En cas de temp\u00eate de neige\"}]},{\"@type\":\"WebSite\",\"@id\":\"https:\\\/\\\/www.socdem.org\\\/en\\\/#website\",\"url\":\"https:\\\/\\\/www.socdem.org\\\/en\\\/\",\"name\":\"\u00c9cole Socrates-D\u00e9mosth\u00e8ne\",\"description\":\"Five trilingual greek primary schools of Greater Montreal.\",\"publisher\":{\"@id\":\"https:\\\/\\\/www.socdem.org\\\/en\\\/#organization\"},\"potentialAction\":[{\"@type\":\"SearchAction\",\"target\":{\"@type\":\"EntryPoint\",\"urlTemplate\":\"https:\\\/\\\/www.socdem.org\\\/en\\\/?s={search_term_string}\"},\"query-input\":{\"@type\":\"PropertyValueSpecification\",\"valueRequired\":true,\"valueName\":\"search_term_string\"}}],\"inLanguage\":\"en-US\"},{\"@type\":\"Organization\",\"@id\":\"https:\\\/\\\/www.socdem.org\\\/en\\\/#organization\",\"name\":\"\u00c9cole Socrates-D\u00e9mosth\u00e8ne\",\"url\":\"https:\\\/\\\/www.socdem.org\\\/en\\\/\",\"logo\":{\"@type\":\"ImageObject\",\"inLanguage\":\"en-US\",\"@id\":\"https:\\\/\\\/www.socdem.org\\\/en\\\/#\\\/schema\\\/logo\\\/image\\\/\",\"url\":\"https:\\\/\\\/www.socdem.org\\\/wp-content\\\/uploads\\\/2014\\\/03\\\/SOC-DEM-LOGO-NAME.jpg\",\"contentUrl\":\"https:\\\/\\\/www.socdem.org\\\/wp-content\\\/uploads\\\/2014\\\/03\\\/SOC-DEM-LOGO-NAME.jpg\",\"width\":\"8485\",\"height\":\"4200\",\"caption\":\"\u00c9cole Socrates-D\u00e9mosth\u00e8ne\"},\"image\":{\"@id\":\"https:\\\/\\\/www.socdem.org\\\/en\\\/#\\\/schema\\\/logo\\\/image\\\/\"},\"sameAs\":[\"https:\\\/\\\/www.facebook.com\\\/TheHCGM\\\/\",\"https:\\\/\\\/www.instagram.com\\\/p\\\/BnE965PhJU7\\\/?hl=en\"]},{\"@type\":\"Person\",\"@id\":\"https:\\\/\\\/www.socdem.org\\\/en\\\/#\\\/schema\\\/person\\\/3d4208f100317a6251846d5d4fcb6e6f\",\"name\":\"avournias\",\"image\":{\"@type\":\"ImageObject\",\"inLanguage\":\"en-US\",\"@id\":\"https:\\\/\\\/secure.gravatar.com\\\/avatar\\\/e44d940614c28c716a6912b81868ef19a508fe61c65c7dbdb4825236cbaa5364?s=96&d=mm&r=g\",\"url\":\"https:\\\/\\\/secure.gravatar.com\\\/avatar\\\/e44d940614c28c716a6912b81868ef19a508fe61c65c7dbdb4825236cbaa5364?s=96&d=mm&r=g\",\"contentUrl\":\"https:\\\/\\\/secure.gravatar.com\\\/avatar\\\/e44d940614c28c716a6912b81868ef19a508fe61c65c7dbdb4825236cbaa5364?s=96&d=mm&r=g\",\"caption\":\"avournias\"},\"sameAs\":[\"http:\\\/\\\/socdem.wpengine.com\"],\"url\":\"https:\\\/\\\/www.socdem.org\\\/en\\\/author\\\/avournias\\\/\"}]}<\/script>\n<!-- \/ Yoast SEO plugin. -->","yoast_head_json":{"title":"En cas de temp\u00eate de neige - Primary School Socrates and Demosthenes","robots":{"index":"index","follow":"follow","max-snippet":"max-snippet:-1","max-image-preview":"max-image-preview:large","max-video-preview":"max-video-preview:-1"},"canonical":"https:\/\/www.socdem.org\/en\/en-cas-de-tempete-de-neige-2\/","og_locale":"en_US","og_type":"article","og_title":"En cas de temp\u00eate de neige - Primary School Socrates and Demosthenes","og_description":"\u00a0\u00a0 Afin de savoir si les campus de l\u2019\u00c9cole Socrates et D\u00e9mosth\u00e8ne seront ferm\u00e9s en cas de temp\u00eate, veuillez\u00a0 \u00e9couter les stations de radio et consulter les sites Web et...","og_url":"https:\/\/www.socdem.org\/en\/en-cas-de-tempete-de-neige-2\/","og_site_name":"Primary School Socrates and Demosthenes","article_publisher":"https:\/\/www.facebook.com\/TheHCGM\/","article_published_time":"2013-11-21T20:08:51+00:00","article_modified_time":"2013-11-28T15:56:12+00:00","og_image":[{"width":640,"height":480,"url":"https:\/\/www.socdem.org\/wp-content\/uploads\/2013\/11\/Snow.gif","type":"image\/gif"}],"author":"avournias","twitter_card":"summary_large_image","twitter_misc":{"Written by":"avournias"},"schema":{"@context":"https:\/\/schema.org","@graph":[{"@type":"Article","@id":"https:\/\/www.socdem.org\/en\/en-cas-de-tempete-de-neige-2\/#article","isPartOf":{"@id":"https:\/\/www.socdem.org\/en\/en-cas-de-tempete-de-neige-2\/"},"author":{"name":"avournias","@id":"https:\/\/www.socdem.org\/en\/#\/schema\/person\/3d4208f100317a6251846d5d4fcb6e6f"},"headline":"En cas de temp\u00eate de neige","datePublished":"2013-11-21T20:08:51+00:00","dateModified":"2013-11-28T15:56:12+00:00","mainEntityOfPage":{"@id":"https:\/\/www.socdem.org\/en\/en-cas-de-tempete-de-neige-2\/"},"wordCount":98,"publisher":{"@id":"https:\/\/www.socdem.org\/en\/#organization"},"image":{"@id":"https:\/\/www.socdem.org\/en\/en-cas-de-tempete-de-neige-2\/#primaryimage"},"thumbnailUrl":"https:\/\/www.socdem.org\/wp-content\/uploads\/2013\/11\/Snow.gif","inLanguage":"en-US"},{"@type":"WebPage","@id":"https:\/\/www.socdem.org\/en\/en-cas-de-tempete-de-neige-2\/","url":"https:\/\/www.socdem.org\/en\/en-cas-de-tempete-de-neige-2\/","name":"En cas de temp\u00eate de neige - Primary School Socrates and Demosthenes","isPartOf":{"@id":"https:\/\/www.socdem.org\/en\/#website"},"primaryImageOfPage":{"@id":"https:\/\/www.socdem.org\/en\/en-cas-de-tempete-de-neige-2\/#primaryimage"},"image":{"@id":"https:\/\/www.socdem.org\/en\/en-cas-de-tempete-de-neige-2\/#primaryimage"},"thumbnailUrl":"https:\/\/www.socdem.org\/wp-content\/uploads\/2013\/11\/Snow.gif","datePublished":"2013-11-21T20:08:51+00:00","dateModified":"2013-11-28T15:56:12+00:00","breadcrumb":{"@id":"https:\/\/www.socdem.org\/en\/en-cas-de-tempete-de-neige-2\/#breadcrumb"},"inLanguage":"en-US","potentialAction":[{"@type":"ReadAction","target":["https:\/\/www.socdem.org\/en\/en-cas-de-tempete-de-neige-2\/"]}]},{"@type":"ImageObject","inLanguage":"en-US","@id":"https:\/\/www.socdem.org\/en\/en-cas-de-tempete-de-neige-2\/#primaryimage","url":"https:\/\/www.socdem.org\/wp-content\/uploads\/2013\/11\/Snow.gif","contentUrl":"https:\/\/www.socdem.org\/wp-content\/uploads\/2013\/11\/Snow.gif","width":"640","height":"480"},{"@type":"BreadcrumbList","@id":"https:\/\/www.socdem.org\/en\/en-cas-de-tempete-de-neige-2\/#breadcrumb","itemListElement":[{"@type":"ListItem","position":1,"name":"Accueil","item":"https:\/\/www.socdem.org\/en\/"},{"@type":"ListItem","position":2,"name":"En cas de temp\u00eate de neige"}]},{"@type":"WebSite","@id":"https:\/\/www.socdem.org\/en\/#website","url":"https:\/\/www.socdem.org\/en\/","name":"\u00c9cole Socrates-D\u00e9mosth\u00e8ne","description":"Five trilingual greek primary schools of Greater Montreal.","publisher":{"@id":"https:\/\/www.socdem.org\/en\/#organization"},"potentialAction":[{"@type":"SearchAction","target":{"@type":"EntryPoint","urlTemplate":"https:\/\/www.socdem.org\/en\/?s={search_term_string}"},"query-input":{"@type":"PropertyValueSpecification","valueRequired":true,"valueName":"search_term_string"}}],"inLanguage":"en-US"},{"@type":"Organization","@id":"https:\/\/www.socdem.org\/en\/#organization","name":"\u00c9cole Socrates-D\u00e9mosth\u00e8ne","url":"https:\/\/www.socdem.org\/en\/","logo":{"@type":"ImageObject","inLanguage":"en-US","@id":"https:\/\/www.socdem.org\/en\/#\/schema\/logo\/image\/","url":"https:\/\/www.socdem.org\/wp-content\/uploads\/2014\/03\/SOC-DEM-LOGO-NAME.jpg","contentUrl":"https:\/\/www.socdem.org\/wp-content\/uploads\/2014\/03\/SOC-DEM-LOGO-NAME.jpg","width":"8485","height":"4200","caption":"\u00c9cole Socrates-D\u00e9mosth\u00e8ne"},"image":{"@id":"https:\/\/www.socdem.org\/en\/#\/schema\/logo\/image\/"},"sameAs":["https:\/\/www.facebook.com\/TheHCGM\/","https:\/\/www.instagram.com\/p\/BnE965PhJU7\/?hl=en"]},{"@type":"Person","@id":"https:\/\/www.socdem.org\/en\/#\/schema\/person\/3d4208f100317a6251846d5d4fcb6e6f","name":"avournias","image":{"@type":"ImageObject","inLanguage":"en-US","@id":"https:\/\/secure.gravatar.com\/avatar\/e44d940614c28c716a6912b81868ef19a508fe61c65c7dbdb4825236cbaa5364?s=96&d=mm&r=g","url":"https:\/\/secure.gravatar.com\/avatar\/e44d940614c28c716a6912b81868ef19a508fe61c65c7dbdb4825236cbaa5364?s=96&d=mm&r=g","contentUrl":"https:\/\/secure.gravatar.com\/avatar\/e44d940614c28c716a6912b81868ef19a508fe61c65c7dbdb4825236cbaa5364?s=96&d=mm&r=g","caption":"avournias"},"sameAs":["http:\/\/socdem.wpengine.com"],"url":"https:\/\/www.socdem.org\/en\/author\/avournias\/"}]}},"_links":{"self":[{"href":"https:\/\/www.socdem.org\/en\/wp-json\/wp\/v2\/posts\/9740","targetHints":{"allow":["GET"]}}],"collection":[{"href":"https:\/\/www.socdem.org\/en\/wp-json\/wp\/v2\/posts"}],"about":[{"href":"https:\/\/www.socdem.org\/en\/wp-json\/wp\/v2\/types\/post"}],"author":[{"embeddable":true,"href":"https:\/\/www.socdem.org\/en\/wp-json\/wp\/v2\/users\/23"}],"replies":[{"embeddable":true,"href":"https:\/\/www.socdem.org\/en\/wp-json\/wp\/v2\/comments?post=9740"}],"version-history":[{"count":0,"href":"https:\/\/www.socdem.org\/en\/wp-json\/wp\/v2\/posts\/9740\/revisions"}],"wp:featuredmedia":[{"embeddable":true,"href":"https:\/\/www.socdem.org\/en\/wp-json\/wp\/v2\/media\/9845"}],"wp:attachment":[{"href":"https:\/\/www.socdem.org\/en\/wp-json\/wp\/v2\/media?parent=9740"}],"wp:term":[{"taxonomy":"category","embeddable":true,"href":"https:\/\/www.socdem.org\/en\/wp-json\/wp\/v2\/categories?post=9740"},{"taxonomy":"post_tag","embeddable":true,"href":"https:\/\/www.socdem.org\/en\/wp-json\/wp\/v2\/tags?post=9740"}],"curies":[{"name":"wp","href":"https:\/\/api.w.org\/{rel}","templated":true}]}}